{"id":72162,"date":"2026-01-19T09:53:48","date_gmt":"2026-01-19T08:53:48","guid":{"rendered":"https:\/\/www.zigzagonearth.com\/resa-mallorca-2026-nytt\/"},"modified":"2026-01-19T10:10:47","modified_gmt":"2026-01-19T09:10:47","slug":"resa-mallorca-2026-nytt","status":"publish","type":"post","link":"https:\/\/www.zigzagonearth.com\/sv\/resa-mallorca-2026-nytt\/","title":{"rendered":"Resa runt p\u00e5 Mallorca 2026: vad \u00e4r nytt?"},"content":{"rendered":"\n<p>Funderar du p\u00e5 eller planerar du en resa till Mallorca 2026? Jag har sammanst\u00e4llt en sammanfattning av allt som f\u00f6r\u00e4ndras och allt du beh\u00f6ver veta om det h\u00e4r \u00e5ret: tillg\u00e4nglighet, \u00f6ppningar, st\u00e4ngningar, turism i allm\u00e4nhet, nya hotell och mycket mer. <\/p>\n\n<p>H\u00e4r \u00e4r allt som f\u00f6r\u00e4ndras f\u00f6r din resa till Mallorca \u00e5r 2026.<\/p>\n\n<figure class=\"wp-block-image size-full\"><img decoding=\"async\" src=\"https:\/\/www.zigzagonearth.com\/wp-content\/uploads\/2026\/01\/Resa-Mallorca-2026-nytt.jpg\" alt=\"Resor Mallorca 2026 vad nytt\" class=\"wp-image-72146\" title=\"Voyager Majorque 2026 nouveau\"\/><\/figure>\n\n<p class=\"has-text-align-right\" style=\"font-size:16px\">\/\/ P\u00e5 den h\u00e4r sidan finns inget sponsrat inneh\u00e5ll. Bara n\u00e5gra affiliatel\u00e4nkar.<br\/>\/\/ Om du anv\u00e4nder dem f\u00e5r jag en provision utan extra kostnad f\u00f6r dig<a href=\"https:\/\/www.zigzagonearth.com\/sv\/sekretessvillkor-anvandning-sekretess\/\" target=\"_blank\" rel=\"noreferrer noopener\">(l\u00e4s mer).<\/a> <\/p>\n\n<h2 class=\"wp-block-heading\">Vad du beh\u00f6ver veta om Mallorca \u00e5r 2026<\/h2>\n\n<p>\u00c5r 2026 \u00e4r <a href=\"https:\/\/www.zigzagonearth.com\/sv\/basta-sevardheter-mallorca\/\" target=\"_blank\" rel=\"noreferrer noopener\">Mallorca<\/a> inte l\u00e4ngre riktigt samma destination som den var 2019 eller ens 2022. \u00d6n \u00e4r tydligt p\u00e5 v\u00e4g mot en mer h\u00e5llbar modell, samtidigt som den forts\u00e4tter att uppgradera sina hotell. <\/p>\n\n<p>Om du bara vill veta det viktigaste, h\u00e4r \u00e4r vad som verkligen har f\u00f6r\u00e4ndrats f\u00f6r din resa:<\/p>\n\n<ul class=\"wp-block-list\">\n<li>Nya lyxhotell och resorts har \u00f6ppnat eller planeras f\u00f6r 2025-2026.<\/li>\n\n\n\n<li>Mallorca satsar mycket h\u00e5rdare p\u00e5 att positionera sig som en h\u00e5llbar destination: Observatorium f\u00f6r h\u00e5llbar turism, turistskatt som \u00e5terinvesteras i konkreta projekt, Mallorca Pledge-initiativet som lanseras 2025.<\/li>\n\n\n\n<li>Flygtrafiken till Balearerna n\u00e5r rekordniv\u00e5er i b\u00f6rjan av 2026, med fler tillg\u00e4ngliga flygningar och platser.<\/li>\n\n\n\n<li>Fr\u00e5gan om maneter b\u00f6rjar bli ett verkligt bekymmer f\u00f6r simmare, med allt vanligare<\/li>\n\n\n\n<li>Kollektivtrafiken mellan st\u00e4derna (TIB) \u00e4r b\u00e4ttre strukturerad och mer framtr\u00e4dande<\/li>\n\n\n\n<li>Inga st\u00f6rre f\u00f6r\u00e4ndringar eller st\u00e4ngningar av attraktioner<\/li>\n\n\n\n<li>Tilltr\u00e4de till Cap Formentor \u00e5r 2026: Tilltr\u00e4desbegr\u00e4nsningar g\u00e4ller fr\u00e5n 15 maj till 15 oktober. Observera att du inte kan anv\u00e4nda hela v\u00e4gen under denna period. <\/li>\n<\/ul>\n\n<figure class=\"wp-block-image\"><img decoding=\"async\" src=\"https:\/\/photos.smugmug.com\/Travel\/Mallorca\/Sa-Calobra\/i-cN8Mw4S\/1\/7f82461c\/L\/beach_Sa_Calobra_Mallorca-0783-L.jpg\" alt=\"Sa Calobra\" title=\"Sa Calobra\"\/><\/figure>\n\n<div style=\"margin-top:8%;margin-bottom:8%\" class=\"wp-block-genesis-blocks-gb-container box gb-block-container\"><div class=\"gb-container-inside\"><div class=\"gb-container-content\">\n<p class=\"box_titre_une\">Innan mina tips + foton, h\u00e4r \u00e4r <u>mina favoriter<\/u> f\u00f6r Mallorca:<\/p>\n\n\n\n<div class=\"wp-block-columns box_colonne_cc is-layout-flex wp-container-core-columns-is-layout-9d6595d7 wp-block-columns-is-layout-flex\">\n<div class=\"wp-block-column box_picto_c is-layout-flow wp-block-column-is-layout-flow\" style=\"flex-basis:5%\">\n<figure class=\"wp-block-image size-full is-resized box_picto\"><img loading=\"lazy\" decoding=\"async\" src=\"http:\/\/www.zigzagonearth.com\/wp-content\/uploads\/2023\/08\/&#x1F697;.png\" alt=\"\" class=\"wp-image-16341\" style=\"width:30px;height:31px\" width=\"30\" height=\"31\"\/><\/figure>\n<\/div>\n\n\n\n<div class=\"wp-block-column is-layout-flow wp-block-column-is-layout-flow\" style=\"flex-basis:95%\">\n<p class=\"box_lien_g\">Min favoritplattform f\u00f6r att hyra bil p\u00e5 Mallorca: <a href=\"https:\/\/www.discovercars.com\/se\/spain-balearic-islands\/mallorca?a_aid=zigzag&amp;chan=ZZ_Mallorca\" target=\"_blank\" rel=\"noreferrer noopener sponsored nofollow\">DiscoverCars<\/a><\/p>\n<\/div>\n<\/div>\n\n\n\n<div class=\"wp-block-columns box_colonne_cc is-layout-flex wp-container-core-columns-is-layout-9d6595d7 wp-block-columns-is-layout-flex\">\n<div class=\"wp-block-column box_picto_c is-layout-flow wp-block-column-is-layout-flow\" style=\"flex-basis:5%\">\n<figure class=\"wp-block-image size-full is-resized box_picto\"><img loading=\"lazy\" decoding=\"async\" src=\"http:\/\/www.zigzagonearth.com\/wp-content\/uploads\/2023\/08\/&#x1F6E5;&#xFE0F;&#xFE0F;.png\" alt=\"\" class=\"wp-image-16340\" style=\"width:30px;height:31px\" width=\"30\" height=\"31\"\/><\/figure>\n<\/div>\n\n\n\n<div class=\"wp-block-column is-layout-flow wp-block-column-is-layout-flow\" style=\"flex-basis:90%\">\n<p>Den omistliga b\u00e5tturen: <a href=\"https:\/\/www.getyourguide.se\/mallorca-l47\/mallorca-sunrise-coast-dolphins-cruise-t288850\/?partner_id=R3GYW4V&amp;cmp=ZZ_Mallorca_une\" target=\"_blank\" rel=\"noreferrer noopener sponsored nofollow\">delfinsafari fr\u00e5n Alcudia<\/a><\/p>\n<\/div>\n<\/div>\n\n\n\n<div class=\"wp-block-columns box_colonne_cc is-layout-flex wp-container-core-columns-is-layout-9d6595d7 wp-block-columns-is-layout-flex\">\n<div class=\"wp-block-column box_picto_c is-layout-flow wp-block-column-is-layout-flow\" style=\"flex-basis:5%\">\n<figure class=\"wp-block-image size-full is-resized box_picto\"><img loading=\"lazy\" decoding=\"async\" src=\"http:\/\/www.zigzagonearth.com\/wp-content\/uploads\/2023\/08\/&#x1F68C;.png\" alt=\"\" class=\"wp-image-16339\" style=\"width:30px;height:31px\" width=\"30\" height=\"31\"\/><\/figure>\n<\/div>\n\n\n\n<div class=\"wp-block-column is-layout-flow wp-block-column-is-layout-flow\" style=\"flex-basis:90%\">\n<p>Min favoritutflykt fr\u00e5n Palma: <a href=\"https:\/\/www.getyourguide.se\/mallorca-l47\/mallorca-tramuntana-tour-with-historic-railway-ride-t62634\/?partner_id=R3GYW4V&amp;cmp=ZZ_Mallorca_une\" target=\"_blank\" rel=\"noreferrer noopener sponsored nofollow\">Port de Soller och Valldemossa<\/a><\/p>\n<\/div>\n<\/div>\n\n\n\n<div class=\"wp-block-columns box_colonne_cc box_colonne_dernier_cc is-layout-flex wp-container-core-columns-is-layout-9d6595d7 wp-block-columns-is-layout-flex\">\n<div class=\"wp-block-column box_picto_x box_picto_c is-layout-flow wp-block-column-is-layout-flow\" style=\"flex-basis:5%\">\n<figure class=\"wp-block-image size-full is-resized box_picto\"><img loading=\"lazy\" decoding=\"async\" src=\"http:\/\/www.zigzagonearth.com\/wp-content\/uploads\/2023\/08\/&#x1F3E0;.png\" alt=\"\" class=\"wp-image-16338\" style=\"width:30px;height:31px\" width=\"30\" height=\"31\"\/><\/figure>\n<\/div>\n\n\n\n<div class=\"wp-block-column is-layout-flow wp-block-column-is-layout-flow\" style=\"flex-basis:95%\">\n<p>Mina favoritst\u00e4llen att bo p\u00e5:<\/p>\n\n\n\n<ul class=\"wp-block-list\">\n<li>Palma de Mallorca: <a href=\"https:\/\/www.booking.com\/searchresults.en.html?city=-395224&amp;nflt=review_score%253D90&amp;aid=1164282&amp;no_rooms=1&amp;group_adults=2&amp;label=mallorca\" target=\"_blank\" rel=\"noreferrer noopener sponsored nofollow\">se b\u00e4st rankade hotell<\/a> &#8211; t.ex. <a class=\"\" href=\"https:\/\/www.booking.com\/hotel\/es\/art-palma.en.html?aid=1164282&amp;no_rooms=1&amp;group_adults=2&amp;label=_amcid-FrQAZQblirbxlpiJxpEME\" target=\"_blank\" rel=\"noreferrer noopener\"><\/a><a href=\"https:\/\/www.booking.com\/hotel\/es\/posada-terra-santa.en.html?aid=1164282&amp;label=mallorca\" target=\"_blank\" rel=\"noreferrer noopener sponsored nofollow\">Hotel Posada Terra Santa<\/a><\/li>\n\n\n\n<li>Port d&#8217;Alcudia: <a href=\"https:\/\/www.booking.com\/searchresults.en.html?city=-381100&amp;nflt=review_score%253D90&amp;aid=1164282&amp;no_rooms=1&amp;group_adults=2&amp;label=mallorca\" target=\"_blank\" rel=\"noreferrer noopener sponsored nofollow\">se b\u00e4st rankade hotell<\/a> &#8211; t.ex. <a href=\"https:\/\/www.booking.com\/hotel\/es\/bonavida-apartments-alcudia.en-gb.html?aid=1164282&amp;label=mallorca\" target=\"_blank\" rel=\"noreferrer noopener sponsored nofollow\">Bonavida l\u00e4genheter<\/a><\/li>\n\n\n\n<li>Cala d&#8217;or: <a href=\"https:\/\/www.booking.com\/searchresults.en.html?city=900039122&amp;nflt=review_score%253D90&amp;aid=1164282&amp;no_rooms=1&amp;group_adults=2&amp;label=mallorca\" target=\"_blank\" rel=\"noreferrer noopener sponsored nofollow\">se b\u00e4st rankade hotell<\/a> &#8211; t.ex. <a href=\"https:\/\/www.booking.com\/hotel\/es\/casa-ceiba-maria.en.html?aid=1164282&amp;no_rooms=1&amp;group_adults=2&amp;label=mallorca\" target=\"_blank\" rel=\"noreferrer noopener sponsored nofollow\">Casa Ceiba Maria<\/a><\/li>\n\n\n\n<li>I en Finca i hj\u00e4rtat av \u00f6n &#8211; jag f\u00f6resl\u00e5r <a href=\"https:\/\/www.booking.com\/hotel\/es\/finca-cas-sant.en.html?aid=1164282&amp;label=mallorca\" target=\"_blank\" rel=\"noreferrer noopener sponsored nofollow\">Finca Cas Sant<\/a><\/li>\n<\/ul>\n<\/div>\n<\/div>\n<\/div><\/div><\/div>\n\n<h2 class=\"wp-block-heading\" id=\"t-1768389654495\">Sev\u00e4rdheter: Nya till\u00e4gg, \u00e5ter\u00f6ppningar, st\u00e4ngningar och renoveringar<\/h2>\n\n<h3 class=\"wp-block-heading\">Omfattande renovering<\/h3>\n\n<p>En klassiker som inte g\u00e5r att missa! <strong>S\u00f3llert\u00e5get<\/strong> har g\u00e5tt sedan 1912 och erbjuder en nostalgisk upplevelse mellan Palma och S\u00f3ller genom apelsinlundarna. Det \u00e4r mycket mer \u00e4n bara transport: det \u00e4r ett h\u00e4rligt stopp p\u00e5 din Mallorcanresa. Den st\u00e4lldes in i november 2025 f\u00f6r f\u00f6rb\u00e4ttringar. Men den kommer att \u00e5terupptas den 1 februari. Den kommer d\u00e4rf\u00f6r att vara i drift under turists\u00e4songen     <\/p>\n\n<h3 class=\"wp-block-heading\">Nedl\u00e4ggningar\/\u00f6ppningar<\/h3>\n\n<p>Alla \u00f6ns attraktioner \u00e4r \u00f6ppna enligt sina vanliga m\u00e5nader och tider.<\/p>\n\n<p>Inga st\u00f6rre f\u00f6r\u00e4ndringar.<\/p>\n\n<p>Du hittar massor av id\u00e9er i mina artiklar:<\/p>\n\n<p><a href=\"https:\/\/www.zigzagonearth.com\/sv\/basta-sevardheter-mallorca\/\" target=\"_blank\" rel=\"noreferrer noopener\">Saker att g\u00f6ra p\u00e5 Mallorca: 35 id\u00e9er<\/a><br\/><a href=\"https:\/\/www.zigzagonearth.com\/sv\/basta-grottor-mallorca\/\" target=\"_blank\" rel=\"noreferrer noopener\">De 7 vackraste grottorna p\u00e5 Mallorca<\/a><br\/><a href=\"https:\/\/www.zigzagonearth.com\/sv\/talayot-mallorca-ruiner\/\" target=\"_blank\" rel=\"noreferrer noopener\">15 talayoter och andra arkeologiska platser p\u00e5 Mallorca<\/a><br\/><a href=\"https:\/\/www.zigzagonearth.com\/sv\/basta-byar-mallorca-stader\/\" target=\"_blank\" rel=\"noreferrer noopener\">De 21 vackraste byarna och st\u00e4derna p\u00e5 Mallorca<\/a><\/p>\n\n<figure class=\"wp-block-image\"><img decoding=\"async\" src=\"https:\/\/photos.smugmug.com\/Travel\/Mallorca\/Port-de-Soller\/i-fb9xPk9\/3\/595dd19b\/L\/Port_de_Soller_Mallorca-074051-L.jpg\" alt=\"T&#xE5;g Soller\" title=\"Train de Soller\"\/><\/figure>\n\n<h3 class=\"wp-block-heading\">Begr\u00e4nsningar vid Cap Formentor<\/h3>\n\n<p>Datum f\u00f6r tilltr\u00e4desbegr\u00e4nsningar till <a href=\"https:\/\/zigzagvoyages.fr\/cap-formentor-majorque\/\" target=\"_blank\" rel=\"noreferrer noopener nofollow\">Cap Formentor<\/a> har publicerats.<br\/>V\u00e4gen kommer att vara avst\u00e4ngd fr\u00e5n 15 maj till 15 oktober.<br\/>Under denna period, mellan kl. 10.00 och 22.00, kommer du inte att kunna forts\u00e4tta med bil p\u00e5 den sista delen av v\u00e4gen MA 2210.<\/p>\n\n<p>Vid Mirador de ES COLOMER finns en stor parkeringsplats, och det \u00e4r m\u00f6jligt att ta sig till Faro de Formentor till fots, med cykel eller med kollektivtrafik.<br\/>Utanf\u00f6r dessa tider kan du ta dig dit med bil.<\/p>\n\n<figure class=\"wp-block-image\"><img decoding=\"async\" src=\"https:\/\/photos.smugmug.com\/Travel\/Mallorca\/Es-Colomer\/i-4XGHhfz\/1\/750682e2\/L\/Mirador_Colomer_Formentor_Mallorca-052889-L.jpg\" alt=\"Formentor\" title=\"Formentor\"\/><\/figure>\n\n<div style=\"margin-top:8%;margin-bottom:8%\" class=\"wp-block-genesis-blocks-gb-container box gb-block-container\"><div class=\"gb-container-inside\"><div class=\"gb-container-content\">\n<h5 class=\"wp-block-heading box_titre_activite\">Var ska man bo p\u00e5 Mallorca?<\/h5>\n\n\n\n<div class=\"wp-block-columns box_colonne inverse is-layout-flex wp-container-core-columns-is-layout-9d6595d7 wp-block-columns-is-layout-flex\">\n<div class=\"wp-block-column colonne is-layout-flow wp-block-column-is-layout-flow\" style=\"flex-basis:75%\">\n<p class=\"box_intro\">Mina favoriter:<\/p>\n\n\n\n<ul class=\"box_liste wp-block-list\">\n<li>Val av restauranger + huvudstad: <a href=\"https:\/\/www.booking.com\/searchresults.en.html?city=-395224&amp;nflt=review_score%253D90&amp;aid=1164282&amp;no_rooms=1&amp;group_adults=2&amp;label=mallorca\" target=\"_blank\" rel=\"noreferrer noopener\">se b\u00e4st rankade alternativ i Palma<\/a><\/li>\n\n\n\n<li>Strand + praktiskt l\u00e4ge f\u00f6r att utforska: <a href=\"https:\/\/www.booking.com\/searchresults.en.html?city=-381100&amp;nflt=review_score%253D90&amp;aid=1164282&amp;no_rooms=1&amp;group_adults=2&amp;label=mallorca\" target=\"_blank\" rel=\"noreferrer noopener\">se de mest uppskattade alternativen i Port d&#8217;Alcudia<\/a><\/li>\n\n\n\n<li>Partyomr\u00e5de &#8211; <a href=\"https:\/\/www.booking.com\/searchresults.en.html?city=-380228&amp;nflt=review_score%253D90&amp;aid=1164282&amp;no_rooms=1&amp;group_adults=2&amp;label=mallorca\" target=\"_blank\" rel=\"noreferrer noopener\">se b\u00e4st rankade alternativ i S&#8217;Arenal<\/a><\/li>\n\n\n\n<li>Lugnt i bergen &#8211; <a href=\"https:\/\/www.booking.com\/searchresults.en.html?city=-406234&amp;nflt=review_score%253D90&amp;aid=1164282&amp;no_rooms=1&amp;group_adults=2&amp;label=mallorca\" target=\"_blank\" rel=\"noreferrer noopener\">se de b\u00e4st rankade alternativen i Valldemossa<\/a><\/li>\n\n\n\n<li>Lugn, charmig plats vid havet &#8211; <a href=\"https:\/\/www.booking.com\/searchresults.en.html?city=900039215&amp;nflt=review_score%253D90&amp;aid=1164282&amp;no_rooms=1&amp;group_adults=2&amp;label=mallorca\" target=\"_blank\" rel=\"noreferrer noopener\">se b\u00e4st rankade alternativ i Canyamel<\/a><\/li>\n\n\n\n<li>Tillg\u00e5ng till de b\u00e4sta calas &#8211; <a href=\"https:\/\/www.booking.com\/searchresults.en.html?city=900039122&amp;nflt=review_score%253D90&amp;aid=1164282&amp;no_rooms=1&amp;group_adults=2&amp;label=mallorca\" target=\"_blank\" rel=\"noreferrer noopener\">se b\u00e4st rankade alternativ i Cala d&#8217;or<\/a><\/li>\n\n\n\n<li>Familjer &#8211; <a href=\"https:\/\/www.booking.com\/searchresults.en.html?city=-374964&amp;nflt=review_score%253D90&amp;aid=1164282&amp;no_rooms=1&amp;group_adults=2&amp;label=mallorca\" target=\"_blank\" rel=\"noreferrer noopener\">se de b\u00e4st rankade alternativen i Cala Millor<\/a> eller i <a href=\"https:\/\/www.booking.com\/searchresults.en.html?city=900039294&amp;nflt=review_score%253D90&amp;aid=1164282&amp;no_rooms=1&amp;group_adults=2&amp;label=mallorca\" target=\"_blank\" rel=\"noreferrer noopener\">Colonia Sant Jordi<\/a><\/li>\n<\/ul>\n\n\n\n<div class=\"wp-block-buttons box_bouton box_colonne_bouton_ebook box_barre_boutons is-content-justification-left is-layout-flex wp-container-core-buttons-is-layout-fdcfc74e wp-block-buttons-is-layout-flex\">\n<div class=\"wp-block-button box_bouton\"><a class=\"wp-block-button__link wp-element-button\" href=\"https:\/\/www.zigzagonearth.com\/where-to-stay-mallorca-best-areas\/\" target=\"_blank\" rel=\"noreferrer noopener\">Se v\u00e5r artikel om var du kan bo  <span class=\"box_bouton_image\"><img decoding=\"async\" style=\"width: 14px; height:14px;  \" src=\"https:\/\/www.zigzagonearth.com\/wp-content\/uploads\/2023\/08\/fleche.png\" alt=\"\"\/><\/span><span class=\"box_bouton_image\"><\/span><\/a><\/div>\n<\/div>\n<\/div>\n\n\n\n<div class=\"wp-block-column is-vertically-aligned-top colonne box_activite_img is-layout-flow wp-block-column-is-layout-flow\" style=\"flex-basis:25%\"><div class=\"wp-block-image\">\n<figure class=\"aligncenter size-large\"><img decoding=\"async\" src=\"https:\/\/photos.smugmug.com\/Travel\/Mallorca\/Hotels\/i-dgbp8xw\/1\/7e887566\/L\/PA147529-L.jpg\" alt=\"Finca p&#xE5; Mallorca\"\/><\/figure>\n<\/div><\/div>\n<\/div>\n<\/div><\/div><\/div>\n\n<h2 class=\"wp-block-heading\" id=\"t-1768389654503\">Str\u00e4nder, vikar och marin milj\u00f6<\/h2>\n\n<p>Detta \u00e4r f\u00f6rmodligen den mest m\u00e4rkbara f\u00f6r\u00e4ndringen av din strandupplevelse.<\/p>\n\n<p>Under 2024-2025 \u00f6kade antalet observationer av maneter markant l\u00e4ngs den spanska kusten, s\u00e4rskilt den s\u00e5 kallade &#8221;stekt \u00e4gg&#8221;-maneten (Cotylorhiza tuberculata) och den portugisiska krigsmaneten, och antalet l\u00e4karbes\u00f6k p\u00e5 grund av stick \u00f6kade.<\/p>\n\n<p>Denna trend, som \u00e4r kopplad till stigande havstemperaturer, \u00f6verfiske och f\u00f6r\u00e4ndringar i ekosystemet, v\u00e4nde inte 2026. Tv\u00e4rtom kommunicerar myndigheterna mer om \u00e4mnet, och vissa str\u00e4nder har s\u00e4rskilda skyltar. <\/p>\n\n<p>F\u00f6r dig, \u00e5r 2026, \u00e4r det nya att det inte l\u00e4ngre r\u00e4cker att titta p\u00e5 f\u00e4rgen p\u00e5 flaggan: Jag rekommenderar att du tar f\u00f6r vana att kontrollera verktyg som MedusApp, som listar manetobservationer i realtid, innan du v\u00e4ljer din strand f\u00f6r dagen.<\/p>\n\n<p>Se v\u00e5r artikel om <a href=\"https:\/\/www.zigzagonearth.com\/sv\/basta-stranderna-mallorca\/\" target=\"_blank\" rel=\"noreferrer noopener\">de vackraste str\u00e4nderna p\u00e5 Mallorca.<\/a><\/p>\n\n<figure class=\"wp-block-image\"><img decoding=\"async\" src=\"https:\/\/photos.smugmug.com\/Travel\/Mallorca\/Calo-del-Moro-S-Almonia\/i-sNzBSv2\/2\/a4db59bc\/L\/Calo_Del_Moro_Mallorca-189283-L.jpg\" alt=\" Calo des Moro \" title=\" Calo des Moro \"\/><\/figure>\n\n<h2 class=\"wp-block-heading\" id=\"t-1768389654501\">Resa till Mallorca \u00e5r 2026<\/h2>\n\n<p>Son Sant Joan Airport har alltid varit stor, men det som kommer att f\u00f6r\u00e4ndras 2026 \u00e4r trafikniv\u00e5n.<\/p>\n\n<p>I b\u00f6rjan av 2026 slog den spanska flygplatsoperat\u00f6ren rekord med mer \u00e4n 10.900 kommersiella flygningar under en enda helg i hela sitt n\u00e4tverk, en prestation som \u00e5terspeglar \u00f6kningen av f\u00f6rbindelser till nav som Mallorca.<\/p>\n\n<p>F\u00f6r dig inneb\u00e4r det konkret fler avg\u00e5ngar, fler platser och \u00f6kat tryck p\u00e5 &#8221;intressanta&#8221; tidtabeller (helger, skollov), vilket inneb\u00e4r att du m\u00e5ste boka dina biljetter \u00e4nnu tidigare \u00e4n tidigare.<\/p>\n\n<p><strong>Det \u00e4r dags att boka!<\/strong><\/p>\n\n<p><a href=\"https:\/\/skyscanner.pxf.io\/dONaXy\" target=\"_blank\" rel=\"noreferrer noopener sponsored nofollow\"><strong>J\u00e4mf\u00f6r allt: flygbolag, priser, tidtabeller och tillg\u00e4nglighet.<\/strong><\/a><\/p>\n\n<figure class=\"wp-block-image\"><img decoding=\"async\" src=\"https:\/\/photos.smugmug.com\/Travel\/Mallorca\/16b-Mallorca-Airport\/i-VBXC7Vp\/0\/226412d4\/L\/Mallorca_Airport-1332-L.jpg\" alt=\"Flygplan &#xF6;ver Mallorca\" title=\"Flygplan p&#xE5; v&#xE4;g till MAJORQUE\"\/><\/figure>\n\n<h2 class=\"wp-block-heading\" id=\"t-1768389654502\">Att ta sig runt p\u00e5 Mallorca<\/h2>\n\n<h3 class=\"wp-block-heading\">Buss<\/h3>\n\n<p>N\u00e4r det g\u00e4ller lokala transporter ser jag en verklig f\u00f6rb\u00e4ttring j\u00e4mf\u00f6rt med tiden f\u00f6re COVID: <strong>TIB-n\u00e4tverket<\/strong> har omstrukturerats och marknadsf\u00f6rts, med interurbana knutpunkter, mer anv\u00e4ndarv\u00e4nliga rutter och tydligare kommunikation, \u00e4ven f\u00f6r bes\u00f6kare som inte talar spanska.<\/p>\n\n<p>\u00c5r 2026 kommer det att vara mycket mer realistiskt att f\u00f6rest\u00e4lla sig en resa d\u00e4r du kombinerar intercitybussar, n\u00e5gra privata hyrbilar\/taxiresor och eventuellt lite promenader, d\u00e4r en bil verkade n\u00e4stan n\u00f6dv\u00e4ndig f\u00f6r n\u00e5gra \u00e5r sedan.<\/p>\n\n<h3 class=\"wp-block-heading\">Hyrbil och bilk\u00f6rning p\u00e5 Mallorca<\/h3>\n\n<p>Inga st\u00f6rre f\u00f6r\u00e4ndringar har identifierats f\u00f6r 2026 n\u00e4r det g\u00e4ller v\u00e4gar eller trafikregler. V\u00e4ginfrastrukturen f\u00f6rblir stabil, \u00e4ven om \u00f6kad turismrelaterad trafik skapar tr\u00e4ngsel under rusningstid, s\u00e4rskilt n\u00e4r man l\u00e4mnar Funchal f\u00f6r vandringsomr\u00e5den. <\/p>\n\n<p>Jag tycker \u00e4nd\u00e5 att det \u00e4r v\u00e4rt att hyra en bil f\u00f6r att utforska hela \u00f6n!<\/p>\n\n<p>Se min artikel om <a href=\"https:\/\/www.zigzagonearth.com\/sv\/korning-mallorca-tips\/\" target=\"_blank\" rel=\"noreferrer noopener\">att k\u00f6ra p\u00e5 Mallorca<\/a>.<br\/>Och jag har uppdaterat min artikel om att <a href=\"https:\/\/www.zigzagonearth.com\/sv\/hur-hyr-bil-mallorca-tips\/\" target=\"_blank\" rel=\"noreferrer noopener\">hyra en bil p\u00e5 Mallorca 2026<\/a>, med mina byr\u00e5rekommendationer.<\/p>\n\n<h3 class=\"wp-block-heading\">Uber och Bolt<\/h3>\n\n<p>Dessa tj\u00e4nster har varit i drift p\u00e5 Mallorca sedan januari 2025 och t\u00e4cker Palma och sydkusten, inklusive flygplatsen. Jag uppskattar verkligen bekv\u00e4mligheten med att kunna boka direkt via appen f\u00f6r enstaka resor i <\/p>\n\n<figure class=\"wp-block-image\"><img decoding=\"async\" src=\"https:\/\/photos.smugmug.com\/Travel\/Mallorca\/5f-Embalse-Cuber-Gorg-Blau\/i-jmGTx5z\/1\/2a8fa0d0\/L\/Gorg_Blau_Mallorca-084718-L.jpg\" alt=\"min hyrbil p&#xE5; Mallorca\" title=\"ma voiture de location &#xE0; Majorque\"\/><\/figure>\n\n<div style=\"margin-top:8%;margin-bottom:8%\" class=\"wp-block-genesis-blocks-gb-container box gb-block-container\"><div class=\"gb-container-inside\"><div class=\"gb-container-content\">\n<div class=\"wp-block-columns box_colonne is-layout-flex wp-container-core-columns-is-layout-9d6595d7 wp-block-columns-is-layout-flex\">\n<div class=\"wp-block-column colonne is-layout-flow wp-block-column-is-layout-flow\" style=\"flex-basis:66.6%\">\n<h5 class=\"wp-block-heading box_titre\">Beh\u00f6ver du hyra bil p\u00e5 Mallorca?<\/h5>\n\n\n\n<p class=\"box_intro\">Mina tips:<\/p>\n\n\n\n<ul class=\"box_liste wp-block-list\" style=\"font-size:16px\">\n<li>J\u00e4mf\u00f6r priser p\u00e5 min favoritplattform: <a href=\"https:\/\/www.discovercars.com\/se\/spain-balearic-islands\/mallorca?a_aid=zigzag&amp;chan=ZZ_Mallorca\" target=\"_blank\" rel=\"noreferrer noopener sponsored nofollow\">\n  <span style=\"text-decoration: underline;\">Discovercars.com<\/span>\n<\/a> &#8211; en av de b\u00e4st rankade j\u00e4mf\u00f6relsesajterna!<\/li>\n\n\n\n<li>V\u00e4lj inte en f\u00f6r stor bil, eftersom vissa v\u00e4gar \u00e4r mycket smala<\/li>\n\n\n\n<li>T\u00e4nk p\u00e5 deras full t\u00e4ckning alternativ &#8211; det f\u00f6r sinnesfrid!  <\/li>\n\n\n\n<li><span style=\"text-decoration: underline;\">Boka tidigt<\/span> f\u00f6r att ha ett stort urval av fordon!<\/li>\n<\/ul>\n\n\n\n<div class=\"wp-block-columns box_barre_boutons is-layout-flex wp-container-core-columns-is-layout-9d6595d7 wp-block-columns-is-layout-flex\">\n<div class=\"wp-block-column is-vertically-aligned-center box_col_conseil is-layout-flow wp-block-column-is-layout-flow\">\n<p class=\"box_lien\"><a href=\"https:\/\/www.zigzagonearth.com\/renting-car-mallorca-tips\/\" target=\"_blank\" rel=\"noreferrer noopener\">Se alla mina tips<\/a><\/p>\n<\/div>\n\n\n\n<div class=\"wp-block-column box_col_bouton is-layout-flow wp-block-column-is-layout-flow\">\n<div class=\"wp-block-buttons box_bouton is-content-justification-left is-layout-flex wp-container-core-buttons-is-layout-fdcfc74e wp-block-buttons-is-layout-flex\">\n<div class=\"wp-block-button box_bouton\"><a class=\"wp-block-button__link wp-element-button\" href=\"https:\/\/www.discovercars.com\/se\/spain-balearic-islands\/mallorca?a_aid=zigzag&amp;amp;chan=ZZ_Mallorca\" target=\"_blank\" rel=\"noreferrer noopener\">Se tillg\u00e4ngliga bilar  <span class=\"box_bouton_image\"><img decoding=\"async\" style=\"width: 14px; height:14px;  \" src=\"https:\/\/www.zigzagonearth.com\/wp-content\/uploads\/2023\/08\/fleche.png\" alt=\"\"\/><\/span><\/a><\/div>\n<\/div>\n<\/div>\n<\/div>\n<\/div>\n\n\n\n<div class=\"wp-block-column colonne box_cafe_img is-layout-flow wp-block-column-is-layout-flow\" style=\"flex-basis:33.33%\"><div class=\"wp-block-image\">\n<figure class=\"aligncenter size-large is-resized\"><img loading=\"lazy\" decoding=\"async\" src=\"https:\/\/www.zigzagonearth.com\/wp-content\/uploads\/2023\/08\/003world-travel-car-01-1024x1024.webp\" alt=\"\" class=\"wp-image-16227\" style=\"width:288px;height:288px\" width=\"288\" height=\"288\" srcset=\"https:\/\/www.zigzagonearth.com\/wp-content\/uploads\/2023\/08\/003world-travel-car-01-1024x1024.webp 1024w, https:\/\/www.zigzagonearth.com\/wp-content\/uploads\/2023\/08\/003world-travel-car-01-300x300.webp 300w, https:\/\/www.zigzagonearth.com\/wp-content\/uploads\/2023\/08\/003world-travel-car-01-150x150.webp 150w, https:\/\/www.zigzagonearth.com\/wp-content\/uploads\/2023\/08\/003world-travel-car-01-768x768.webp 768w, https:\/\/www.zigzagonearth.com\/wp-content\/uploads\/2023\/08\/003world-travel-car-01-1536x1536.webp 1536w, https:\/\/www.zigzagonearth.com\/wp-content\/uploads\/2023\/08\/003world-travel-car-01-2048x2048.webp 2048w, https:\/\/www.zigzagonearth.com\/wp-content\/uploads\/2023\/08\/003world-travel-car-01-100x100.webp 100w, https:\/\/www.zigzagonearth.com\/wp-content\/uploads\/2023\/08\/003world-travel-car-01-600x600.webp 600w\" sizes=\"auto, (max-width: 288px) 100vw, 288px\" \/><\/figure>\n<\/div><\/div>\n<\/div>\n<\/div><\/div><\/div>\n\n<h2 class=\"wp-block-heading\" id=\"t-1768389654497\">Nya hotell och ompositionering av erbjudandet<\/h2>\n\n<p>Detta \u00e4r f\u00f6rmodligen den mest synliga f\u00f6r\u00e4ndringen om man, som jag, f\u00f6ljer hotellbranschen p\u00e5 n\u00e4ra h\u00e5ll.<\/p>\n\n<p>\u00c5r 2025 st\u00e4rkte Ilunion sin n\u00e4rvaro p\u00e5 Mallorca genom att \u00f6ppna ett stort hotell i Palmanova (Calvi\u00e0): cirka 256 rum p\u00e5 16 000 m\u00b2, med flera pooler, spa, restauranger och framf\u00f6r allt h\u00e5llbarhetscertifieringar som BREEAM och Biosphere, som inte l\u00e4ngre bara \u00e4r ett marknadsf\u00f6ringsknep utan en standard som lyfts fram.  <a href=\"https:\/\/www.booking.com\/hotel\/es\/torrenova.html?aid=1164282\" target=\"_blank\" rel=\"noreferrer noopener sponsored nofollow\">Se bilder och tillg\u00e4nglighet<\/a><\/p>\n\n<p>The Four Seasons Formentor \u00f6ppnade sina d\u00f6rrar 2025 &#8211; <a href=\"https:\/\/www.booking.com\/hotel\/es\/four-seasons-resort-mallorca-at-formentor.html?aid=1164282\" target=\"_blank\" rel=\"noreferrer noopener sponsored nofollow\">Se foton och tillg\u00e4nglighet<\/a><\/p>\n\n<p>Det nya boutiquehotellet Cas Catal\u00e0 i Sineu \u00f6ppnade sina d\u00f6rrar med stor charm &#8211; <a href=\"https:\/\/www.booking.com\/hotel\/es\/cas-catala-sineu.html?aid=1164282\" target=\"_blank\" rel=\"noreferrer noopener sponsored nofollow\">Se bilder och tillg\u00e4nglighet<\/a><\/p>\n\n<p>F\u00f6r 2026 har flera avancerade projekt bekr\u00e4ftats p\u00e5 \u00f6n: lyxiga boutiquehotell och resorter som backas upp av internationella varum\u00e4rken (inklusive en resort under varum\u00e4rket Destination by Hyatt p\u00e5 Mallorca), vilket tydligt visar p\u00e5 en exklusiv trend och ett f\u00f6rnyat intresse f\u00f6r \u00f6n fr\u00e5n stora koncerner.<\/p>\n\n<p>Samtidigt har stora akt\u00f6rer som RIU Hotels &amp; Resorts \u00e5tagit sig att uppn\u00e5 m\u00e5let om 100% lokalt producerad f\u00f6rnybar el f\u00f6r sina anl\u00e4ggningar p\u00e5 Balearerna under perioden 2025-2027, med hj\u00e4lp av Mallorcas teknikpark.<\/p>\n\n<p>F\u00f6r fler id\u00e9er, se mina artiklar:<\/p>\n\n<p><a href=\"https:\/\/www.zigzagonearth.com\/sv\/var-ska-bo-mallorca-basta-omraden\/\" target=\"_blank\" rel=\"noreferrer noopener\">Vart ska man \u00e5ka p\u00e5 Mallorca (och var ska man bo)?<\/a><br\/><a href=\"https:\/\/www.zigzagonearth.com\/sv\/var-ska-bo-palma-mallorca-basta-hotellen\/\" target=\"_blank\" rel=\"noreferrer noopener\">Var man ska bo i Palma de Mallorca: stadsdelar och hotell<\/a><\/p>\n\n<figure class=\"wp-block-image\"><img decoding=\"async\" src=\"https:\/\/photos.smugmug.com\/Travel\/Mallorca\/Colonia-de-Sant-Jordi\/i-skSpFm3\/3\/af44067b\/L\/Colonia_de_Sant_Jordi_Mallorca-189362-L.jpg\" alt=\"Colonia Sant Jordi \" title=\"Colonia Sant Jordi \"\/><\/figure>\n\n<h2 class=\"wp-block-heading\" id=\"t-1768389654504\">Turismens situation p\u00e5 Mallorca \u00e5r 2026<\/h2>\n\n<h3 class=\"wp-block-heading\">Antal bes\u00f6kare<\/h3>\n\n<p>\u00c5r 2024 v\u00e4lkomnade Mallorca 13,4 miljoner turister.<\/p>\n\n<p>Under 2025 \u00f6kar turismen p\u00e5 Mallorca n\u00e5got, men detta verkar vara mer relaterat till att &#8221;bes\u00f6ka v\u00e4nner och familj&#8221;.<\/p>\n\n<h3 class=\"wp-block-heading\">H\u00e5llbar turism<\/h3>\n\n<p>P\u00e5 senare \u00e5r har Mallorca gjort en tydlig omst\u00e4llning till h\u00e5llbar turism.<\/p>\n\n<p>Observatoriet f\u00f6r h\u00e5llbar turism \u00f6vervakar turismens inverkan och informerar om den offentliga politiken, och mer \u00e4n 100 miljoner euro fr\u00e5n turistskatten har redan investerats i projekt f\u00f6r att \u00e5terst\u00e4lla stigar och skydda naturomr\u00e5den och kulturarv, vars effekter syns p\u00e5 marken idag.<\/p>\n\n<p>\u00c5r 2026 kommer du att se fler f\u00f6rklarande skyltar, f\u00f6rbjudna omr\u00e5den, meddelanden om vatten, avfall och respekt f\u00f6r markerade leder \u00e4n du skulle ha sett under ett bes\u00f6k f\u00f6re 2020.<\/p>\n\n<p>\u00c5r 2025 lanserade myndigheterna Mallorca Pledge, en moralisk pakt som erbj\u00f6ds bes\u00f6kare: res som om du var hemma, begr\u00e4nsa din p\u00e5verkan, st\u00f6dja lokala f\u00f6retag och respektera milj\u00f6regler.<a class=\"\" href=\"https:\/\/www.reis.no\/fr\/2025\/07\/mallorca-barekraftig-reisemaal-mallorca-pledge\/\" target=\"_blank\" rel=\"noreferrer noopener\"><\/a><\/p>\n\n<figure class=\"wp-block-image\"><img decoding=\"async\" src=\"https:\/\/photos.smugmug.com\/Travel\/Mallorca\/Albercutx-Tower\/i-CPzgbzJ\/1\/0a6bc2a2\/L\/Albercutx_Tower_Formentor_Mallorca-053080-L.jpg\" alt=\"Kap Formentor\" title=\"Kap Formentor\"\/><\/figure>\n\n<h2 class=\"wp-block-heading\" id=\"t-1768389654500\">Evenemang \u00e5r 2026:  <\/h2>\n\n<p>Det finns stora evenemang varje \u00e5r, men vissa h\u00e4ndelser under 2026 kan tydligt p\u00e5verka ditt val av datum f\u00f6r din vistelse.<\/p>\n\n<p>12-14 juni &#8211; <strong>Mallorca Live Festival<\/strong> \u00e5terv\u00e4nder 2026 som en av \u00f6ns stora musikaliska h\u00f6jdpunkter, med ett elektro- och popprogram som riktar sig till en internationell publik och v\u00e4lk\u00e4nda huvudartister.<\/p>\n\n<p>Annars har du:<br\/>&#8211; Sant Sebastia-festivalen i januari<br\/>&#8211; Sa Rua-karnevalen i februari med S&#8217;Arenal-karnevalsparaden den 14 februari.<br\/>&#8211; Den 1 mars \u00e4r Balearernas dag<\/p>\n\n<hr class=\"wp-block-separator has-alpha-channel-opacity\"\/>\n\n<div style=\"margin-top:8%;margin-bottom:8%\" class=\"wp-block-genesis-blocks-gb-container box gb-block-container\"><div class=\"gb-container-inside\"><div class=\"gb-container-content\">\n<p><strong>Planera din resa till Mallorca:<\/strong><\/p>\n\n\n\n<div class=\"wp-block-columns box_colonne_cc is-layout-flex wp-container-core-columns-is-layout-9d6595d7 wp-block-columns-is-layout-flex\">\n<div class=\"wp-block-column box_picto_c is-layout-flow wp-block-column-is-layout-flow\" style=\"flex-basis:5%\">\n<figure class=\"wp-block-image size-full is-resized box_picto\"><img loading=\"lazy\" decoding=\"async\" src=\"http:\/\/www.zigzagonearth.com\/wp-content\/uploads\/2023\/08\/&#x1F697;.png\" alt=\"\" class=\"wp-image-16341\" style=\"width:30px;height:31px\" width=\"30\" height=\"31\"\/><\/figure>\n<\/div>\n\n\n\n<div class=\"wp-block-column is-layout-flow wp-block-column-is-layout-flow\" style=\"flex-basis:95%\">\n<ul class=\"wp-block-list\">\n<li>Mina resplaner : <a class=\"\" href=\"https:\/\/www.zigzagonearth.com\/2-3-days-mallorca-weekend\/\" target=\"_blank\" rel=\"noreferrer noopener\">3 dagar &#8211; helg<\/a>, <a class=\"\" href=\"https:\/\/www.zigzagonearth.com\/4-days-mallorca-itinerary\/\" target=\"_blank\" rel=\"noreferrer noopener\">4<\/a> dagar, <a class=\"\" href=\"https:\/\/www.zigzagonearth.com\/5-days-mallorca-itinerary\/\" target=\"_blank\" rel=\"noreferrer noopener\">5 dagar<\/a>, <a class=\"\" href=\"https:\/\/www.zigzagonearth.com\/one-week-madeira-7-day-itinerary\/\" target=\"_blank\" rel=\"noreferrer noopener\">1 vecka<\/a>, <a href=\"https:\/\/www.zigzagonearth.com\/10-days-mallorca-2-weeks-itinerary\/\" target=\"_blank\" rel=\"noreferrer noopener\">10<\/a> dagar<\/li>\n\n\n\n<li><a class=\"\" href=\"https:\/\/www.zigzagonearth.com\/renting-car-mallorca-tips\/\" target=\"_blank\" rel=\"noreferrer noopener\">36 tips f\u00f6r att hyra bil p\u00e5 Mallorca<\/a><\/li>\n\n\n\n<li><a class=\"\" href=\"https:\/\/www.zigzagonearth.com\/driving-mallorca-tips\/\" target=\"_blank\" rel=\"noreferrer noopener\">Guide till bilk\u00f6rning p\u00e5 Mallorca<\/a><\/li>\n\n\n\n<li><a class=\"\" href=\"https:\/\/www.zigzagonearth.com\/where-to-stay-mallorca-best-areas\/\" target=\"_blank\" rel=\"noreferrer noopener\">Var man kan bo p\u00e5 Mallorca<\/a><\/li>\n\n\n\n<li><a href=\"https:\/\/www.zigzagonearth.com\/where-stay-palma-mallorca-best-hotels\/\" target=\"_blank\" class=\"\" rel=\"noreferrer noopener\">Var man kan bo i Palma de Mallorca<\/a><\/li>\n\n\n\n<li><a class=\"\" href=\"https:\/\/zigzagonearth.com\/best-things-do-mallorca\/\" target=\"_blank\" rel=\"noreferrer noopener\">B\u00e4sta sakerna att g\u00f6ra p\u00e5 Mallorca<\/a><\/li>\n<\/ul>\n<\/div>\n<\/div>\n<\/div><\/div><\/div>\n\n<div style=\"margin-top:8%;margin-bottom:8%\" class=\"wp-block-genesis-blocks-gb-container box_ebook gb-block-container\"><div class=\"gb-container-inside\"><div class=\"gb-container-content\">\n<h5 class=\"wp-block-heading box_titre_ebook\">Planera din dr\u00f6mresa till <strong>Mallorca<\/strong> med hj\u00e4lp av min guide (endast p\u00e5 engelska):<\/h5>\n\n\n\n<div class=\"wp-block-columns box_colonnes_ebook is-layout-flex wp-container-core-columns-is-layout-9d6595d7 wp-block-columns-is-layout-flex\">\n<div class=\"wp-block-column is-layout-flow wp-block-column-is-layout-flow\">\n<figure class=\"wp-block-image size-large img_ebook\"><a href=\"https:\/\/www.zigzagonearth.com\/photograph-mallorca-travel-guide\/\"><img decoding=\"async\" src=\"https:\/\/www.zigzagonearth.com\/wp-content\/uploads\/2021\/11\/Travel-Guide-Mallorca-ebook-cover-S2.jpg\" alt=\"eBook Reseguide Mallorca\"\/><\/a><\/figure>\n<\/div>\n\n\n\n<div class=\"wp-block-column is-layout-flow wp-block-column-is-layout-flow\">\n<ul class=\"box_liste wp-block-list\" style=\"font-size:16px\">\n<li>8 kartor f\u00f6r att enkelt planera din resv\u00e4g<\/li>\n\n\n\n<li>140+ f\u00f6rvalda platser<\/li>\n\n\n\n<li>GPS + tips f\u00f6r att f\u00e5 ut mesta m\u00f6jliga av din tid<\/li>\n\n\n\n<li>Tips f\u00f6r planering<\/li>\n\n\n\n<li>270+ originalbilder som hj\u00e4lper dig att v\u00e4lja<\/li>\n<\/ul>\n\n\n\n<div class=\"wp-block-buttons box_colonne_bouton_ebook is-content-justification-left is-layout-flex wp-container-core-buttons-is-layout-fdcfc74e wp-block-buttons-is-layout-flex\">\n<div class=\"wp-block-button box_bouton box_bouton_ebook\"><a class=\"wp-block-button__link wp-element-button\" href=\"https:\/\/www.zigzagonearth.com\/photograph-mallorca-travel-guide\/\" target=\"_blank\" rel=\"noreferrer noopener\">Uppt\u00e4ck det! (endast p\u00e5 engelska)<span class=\"box_bouton_image\"><\/span><\/a><\/div>\n<\/div>\n<\/div>\n<\/div>\n<\/div><\/div><\/div>\n","protected":false},"excerpt":{"rendered":"<p>Funderar du p\u00e5 eller planerar du en resa till Mallorca 2026? Jag har sammanst\u00e4llt en sammanfattning av allt som f\u00f6r\u00e4ndras och allt du beh\u00f6ver veta om det h\u00e4r \u00e5ret: tillg\u00e4nglighet, \u00f6ppningar, st\u00e4ngningar, turism i allm\u00e4nhet, nya hotell och mycket mer. H\u00e4r \u00e4r allt som f\u00f6r\u00e4ndras f\u00f6r din resa till Mallorca \u00e5r 2026. Vad du beh\u00f6ver [&hellip;]<\/p>\n","protected":false},"author":1,"featured_media":72151,"comment_status":"closed","ping_status":"closed","sticky":false,"template":"","format":"standard","meta":{"_genesis_hide_title":false,"_genesis_hide_breadcrumbs":false,"_genesis_hide_singular_image":false,"_genesis_hide_footer_widgets":false,"_genesis_custom_body_class":"","_genesis_custom_post_class":"","_genesis_layout":"full-width-content","footnotes":"","tve_updated_post":"","tve_custom_css":"","tve_user_custom_css":"","tve_globals":{},"tcb2_ready":0,"tcb_editor_enabled":0,"tve_landing_page":"","_tve_header":"","_tve_footer":""},"categories":[881],"tags":[],"class_list":{"0":"post-72162","1":"post","2":"type-post","3":"status-publish","4":"format-standard","5":"has-post-thumbnail","7":"category-mallorca-sv","8":"entry"},"yoast_head":"<!-- This site is optimized with the Yoast SEO plugin v27.5 - https:\/\/yoast.com\/product\/yoast-seo-wordpress\/ -->\n<title>Resa runt p\u00e5 Mallorca 2026: vad \u00e4r nytt?<\/title>\n<meta name=\"description\" content=\"Allt du beh\u00f6ver veta f\u00f6r att resa till Mallorca 2026: nya utvecklingar, \u00f6ppningar, st\u00e4ngningar, \u00e4ndrade f\u00f6rh\u00e5llanden etc.\" \/>\n<meta name=\"robots\" content=\"index, follow, max-snippet:-1, max-image-preview:large, max-video-preview:-1\" \/>\n<link rel=\"canonical\" href=\"https:\/\/www.zigzagonearth.com\/sv\/resa-mallorca-2026-nytt\/\" \/>\n<meta property=\"og:locale\" content=\"sv_SE\" \/>\n<meta property=\"og:type\" content=\"article\" \/>\n<meta property=\"og:title\" content=\"Resa runt p\u00e5 Mallorca 2026: vad \u00e4r nytt?\" \/>\n<meta property=\"og:description\" content=\"Allt du beh\u00f6ver veta f\u00f6r att resa till Mallorca 2026: nya utvecklingar, \u00f6ppningar, st\u00e4ngningar, \u00e4ndrade f\u00f6rh\u00e5llanden etc.\" \/>\n<meta property=\"og:url\" content=\"https:\/\/www.zigzagonearth.com\/sv\/resa-mallorca-2026-nytt\/\" \/>\n<meta property=\"og:site_name\" content=\"ZigZagonEarth\" \/>\n<meta property=\"article:publisher\" content=\"https:\/\/www.facebook.com\/zigzagonearth\" \/>\n<meta property=\"article:author\" content=\"https:\/\/www.facebook.com\/zigzagonearth\" \/>\n<meta property=\"article:published_time\" content=\"2026-01-19T08:53:48+00:00\" \/>\n<meta property=\"article:modified_time\" content=\"2026-01-19T09:10:47+00:00\" \/>\n<meta property=\"og:image\" content=\"https:\/\/www.zigzagonearth.com\/wp-content\/uploads\/2026\/01\/Resa-Mallorca-2026-nytt.jpg\" \/>\n\t<meta property=\"og:image:width\" content=\"800\" \/>\n\t<meta property=\"og:image:height\" content=\"600\" \/>\n\t<meta property=\"og:image:type\" content=\"image\/jpeg\" \/>\n<meta name=\"author\" content=\"Claire\" \/>\n<meta name=\"twitter:card\" content=\"summary_large_image\" \/>\n<meta name=\"twitter:creator\" content=\"@ZigZagOnEarth\" \/>\n<meta name=\"twitter:site\" content=\"@ZigZagOnEarth\" \/>\n<meta name=\"twitter:label1\" content=\"Skriven av\" \/>\n\t<meta name=\"twitter:data1\" content=\"Claire\" \/>\n\t<meta name=\"twitter:label2\" content=\"Ber\u00e4knad l\u00e4stid\" \/>\n\t<meta name=\"twitter:data2\" content=\"7 minuter\" \/>\n<script type=\"application\/ld+json\" class=\"yoast-schema-graph\">{\"@context\":\"https:\\\/\\\/schema.org\",\"@graph\":[{\"@type\":\"Article\",\"@id\":\"https:\\\/\\\/www.zigzagonearth.com\\\/sv\\\/resa-mallorca-2026-nytt\\\/#article\",\"isPartOf\":{\"@id\":\"https:\\\/\\\/www.zigzagonearth.com\\\/sv\\\/resa-mallorca-2026-nytt\\\/\"},\"author\":{\"name\":\"Claire\",\"@id\":\"https:\\\/\\\/www.zigzagonearth.com\\\/sv\\\/#\\\/schema\\\/person\\\/0498142e0cb256f21659d85ef6bca599\"},\"headline\":\"Resa runt p\u00e5 Mallorca 2026: vad \u00e4r nytt?\",\"datePublished\":\"2026-01-19T08:53:48+00:00\",\"dateModified\":\"2026-01-19T09:10:47+00:00\",\"mainEntityOfPage\":{\"@id\":\"https:\\\/\\\/www.zigzagonearth.com\\\/sv\\\/resa-mallorca-2026-nytt\\\/\"},\"wordCount\":1472,\"image\":{\"@id\":\"https:\\\/\\\/www.zigzagonearth.com\\\/sv\\\/resa-mallorca-2026-nytt\\\/#primaryimage\"},\"thumbnailUrl\":\"https:\\\/\\\/www.zigzagonearth.com\\\/wp-content\\\/uploads\\\/2026\\\/01\\\/Resa-Mallorca-2026-nytt.jpg\",\"articleSection\":[\"Mallorca\"],\"inLanguage\":\"sv-SE\"},{\"@type\":\"WebPage\",\"@id\":\"https:\\\/\\\/www.zigzagonearth.com\\\/sv\\\/resa-mallorca-2026-nytt\\\/\",\"url\":\"https:\\\/\\\/www.zigzagonearth.com\\\/sv\\\/resa-mallorca-2026-nytt\\\/\",\"name\":\"Resa runt p\u00e5 Mallorca 2026: vad \u00e4r nytt?\",\"isPartOf\":{\"@id\":\"https:\\\/\\\/www.zigzagonearth.com\\\/sv\\\/#website\"},\"primaryImageOfPage\":{\"@id\":\"https:\\\/\\\/www.zigzagonearth.com\\\/sv\\\/resa-mallorca-2026-nytt\\\/#primaryimage\"},\"image\":{\"@id\":\"https:\\\/\\\/www.zigzagonearth.com\\\/sv\\\/resa-mallorca-2026-nytt\\\/#primaryimage\"},\"thumbnailUrl\":\"https:\\\/\\\/www.zigzagonearth.com\\\/wp-content\\\/uploads\\\/2026\\\/01\\\/Resa-Mallorca-2026-nytt.jpg\",\"datePublished\":\"2026-01-19T08:53:48+00:00\",\"dateModified\":\"2026-01-19T09:10:47+00:00\",\"author\":{\"@id\":\"https:\\\/\\\/www.zigzagonearth.com\\\/sv\\\/#\\\/schema\\\/person\\\/0498142e0cb256f21659d85ef6bca599\"},\"description\":\"Allt du beh\u00f6ver veta f\u00f6r att resa till Mallorca 2026: nya utvecklingar, \u00f6ppningar, st\u00e4ngningar, \u00e4ndrade f\u00f6rh\u00e5llanden etc.\",\"breadcrumb\":{\"@id\":\"https:\\\/\\\/www.zigzagonearth.com\\\/sv\\\/resa-mallorca-2026-nytt\\\/#breadcrumb\"},\"inLanguage\":\"sv-SE\",\"potentialAction\":[{\"@type\":\"ReadAction\",\"target\":[\"https:\\\/\\\/www.zigzagonearth.com\\\/sv\\\/resa-mallorca-2026-nytt\\\/\"]}]},{\"@type\":\"ImageObject\",\"inLanguage\":\"sv-SE\",\"@id\":\"https:\\\/\\\/www.zigzagonearth.com\\\/sv\\\/resa-mallorca-2026-nytt\\\/#primaryimage\",\"url\":\"https:\\\/\\\/www.zigzagonearth.com\\\/wp-content\\\/uploads\\\/2026\\\/01\\\/Resa-Mallorca-2026-nytt.jpg\",\"contentUrl\":\"https:\\\/\\\/www.zigzagonearth.com\\\/wp-content\\\/uploads\\\/2026\\\/01\\\/Resa-Mallorca-2026-nytt.jpg\",\"width\":800,\"height\":600,\"caption\":\"Resa Mallorca 2026 nytt\"},{\"@type\":\"BreadcrumbList\",\"@id\":\"https:\\\/\\\/www.zigzagonearth.com\\\/sv\\\/resa-mallorca-2026-nytt\\\/#breadcrumb\",\"itemListElement\":[{\"@type\":\"ListItem\",\"position\":1,\"name\":\"Home\",\"item\":\"https:\\\/\\\/www.zigzagonearth.com\\\/sv\\\/\"},{\"@type\":\"ListItem\",\"position\":2,\"name\":\"Resa runt p\u00e5 Mallorca 2026: vad \u00e4r nytt?\"}]},{\"@type\":\"WebSite\",\"@id\":\"https:\\\/\\\/www.zigzagonearth.com\\\/sv\\\/#website\",\"url\":\"https:\\\/\\\/www.zigzagonearth.com\\\/sv\\\/\",\"name\":\"ZigZagonEarth\",\"description\":\"Plan unforgettable road trips!\",\"potentialAction\":[{\"@type\":\"SearchAction\",\"target\":{\"@type\":\"EntryPoint\",\"urlTemplate\":\"https:\\\/\\\/www.zigzagonearth.com\\\/sv\\\/?s={search_term_string}\"},\"query-input\":{\"@type\":\"PropertyValueSpecification\",\"valueRequired\":true,\"valueName\":\"search_term_string\"}}],\"inLanguage\":\"sv-SE\"},{\"@type\":\"Person\",\"@id\":\"https:\\\/\\\/www.zigzagonearth.com\\\/sv\\\/#\\\/schema\\\/person\\\/0498142e0cb256f21659d85ef6bca599\",\"name\":\"Claire\",\"image\":{\"@type\":\"ImageObject\",\"inLanguage\":\"sv-SE\",\"@id\":\"https:\\\/\\\/secure.gravatar.com\\\/avatar\\\/7a2d4fe6757ab43d35e1680834ada7bf24e3ceccf01b37a8d65bfb7e69ce6271?s=96&d=blank&r=g\",\"url\":\"https:\\\/\\\/secure.gravatar.com\\\/avatar\\\/7a2d4fe6757ab43d35e1680834ada7bf24e3ceccf01b37a8d65bfb7e69ce6271?s=96&d=blank&r=g\",\"contentUrl\":\"https:\\\/\\\/secure.gravatar.com\\\/avatar\\\/7a2d4fe6757ab43d35e1680834ada7bf24e3ceccf01b37a8d65bfb7e69ce6271?s=96&d=blank&r=g\",\"caption\":\"Claire\"},\"description\":\"Claire is the ultimate Travel Planning Geek - She can spend hours, weeks, months... researching for a trip. She created ZigZag On Earth to help people plan their own travels and make the most of their time.\",\"sameAs\":[\"https:\\\/\\\/www.facebook.com\\\/zigzagonearth\"]}]}<\/script>\n<!-- \/ Yoast SEO plugin. -->","yoast_head_json":{"title":"Resa runt p\u00e5 Mallorca 2026: vad \u00e4r nytt?","description":"Allt du beh\u00f6ver veta f\u00f6r att resa till Mallorca 2026: nya utvecklingar, \u00f6ppningar, st\u00e4ngningar, \u00e4ndrade f\u00f6rh\u00e5llanden etc.","robots":{"index":"index","follow":"follow","max-snippet":"max-snippet:-1","max-image-preview":"max-image-preview:large","max-video-preview":"max-video-preview:-1"},"canonical":"https:\/\/www.zigzagonearth.com\/sv\/resa-mallorca-2026-nytt\/","og_locale":"sv_SE","og_type":"article","og_title":"Resa runt p\u00e5 Mallorca 2026: vad \u00e4r nytt?","og_description":"Allt du beh\u00f6ver veta f\u00f6r att resa till Mallorca 2026: nya utvecklingar, \u00f6ppningar, st\u00e4ngningar, \u00e4ndrade f\u00f6rh\u00e5llanden etc.","og_url":"https:\/\/www.zigzagonearth.com\/sv\/resa-mallorca-2026-nytt\/","og_site_name":"ZigZagonEarth","article_publisher":"https:\/\/www.facebook.com\/zigzagonearth","article_author":"https:\/\/www.facebook.com\/zigzagonearth","article_published_time":"2026-01-19T08:53:48+00:00","article_modified_time":"2026-01-19T09:10:47+00:00","og_image":[{"width":800,"height":600,"url":"https:\/\/www.zigzagonearth.com\/wp-content\/uploads\/2026\/01\/Resa-Mallorca-2026-nytt.jpg","type":"image\/jpeg"}],"author":"Claire","twitter_card":"summary_large_image","twitter_creator":"@ZigZagOnEarth","twitter_site":"@ZigZagOnEarth","twitter_misc":{"Skriven av":"Claire","Ber\u00e4knad l\u00e4stid":"7 minuter"},"schema":{"@context":"https:\/\/schema.org","@graph":[{"@type":"Article","@id":"https:\/\/www.zigzagonearth.com\/sv\/resa-mallorca-2026-nytt\/#article","isPartOf":{"@id":"https:\/\/www.zigzagonearth.com\/sv\/resa-mallorca-2026-nytt\/"},"author":{"name":"Claire","@id":"https:\/\/www.zigzagonearth.com\/sv\/#\/schema\/person\/0498142e0cb256f21659d85ef6bca599"},"headline":"Resa runt p\u00e5 Mallorca 2026: vad \u00e4r nytt?","datePublished":"2026-01-19T08:53:48+00:00","dateModified":"2026-01-19T09:10:47+00:00","mainEntityOfPage":{"@id":"https:\/\/www.zigzagonearth.com\/sv\/resa-mallorca-2026-nytt\/"},"wordCount":1472,"image":{"@id":"https:\/\/www.zigzagonearth.com\/sv\/resa-mallorca-2026-nytt\/#primaryimage"},"thumbnailUrl":"https:\/\/www.zigzagonearth.com\/wp-content\/uploads\/2026\/01\/Resa-Mallorca-2026-nytt.jpg","articleSection":["Mallorca"],"inLanguage":"sv-SE"},{"@type":"WebPage","@id":"https:\/\/www.zigzagonearth.com\/sv\/resa-mallorca-2026-nytt\/","url":"https:\/\/www.zigzagonearth.com\/sv\/resa-mallorca-2026-nytt\/","name":"Resa runt p\u00e5 Mallorca 2026: vad \u00e4r nytt?","isPartOf":{"@id":"https:\/\/www.zigzagonearth.com\/sv\/#website"},"primaryImageOfPage":{"@id":"https:\/\/www.zigzagonearth.com\/sv\/resa-mallorca-2026-nytt\/#primaryimage"},"image":{"@id":"https:\/\/www.zigzagonearth.com\/sv\/resa-mallorca-2026-nytt\/#primaryimage"},"thumbnailUrl":"https:\/\/www.zigzagonearth.com\/wp-content\/uploads\/2026\/01\/Resa-Mallorca-2026-nytt.jpg","datePublished":"2026-01-19T08:53:48+00:00","dateModified":"2026-01-19T09:10:47+00:00","author":{"@id":"https:\/\/www.zigzagonearth.com\/sv\/#\/schema\/person\/0498142e0cb256f21659d85ef6bca599"},"description":"Allt du beh\u00f6ver veta f\u00f6r att resa till Mallorca 2026: nya utvecklingar, \u00f6ppningar, st\u00e4ngningar, \u00e4ndrade f\u00f6rh\u00e5llanden etc.","breadcrumb":{"@id":"https:\/\/www.zigzagonearth.com\/sv\/resa-mallorca-2026-nytt\/#breadcrumb"},"inLanguage":"sv-SE","potentialAction":[{"@type":"ReadAction","target":["https:\/\/www.zigzagonearth.com\/sv\/resa-mallorca-2026-nytt\/"]}]},{"@type":"ImageObject","inLanguage":"sv-SE","@id":"https:\/\/www.zigzagonearth.com\/sv\/resa-mallorca-2026-nytt\/#primaryimage","url":"https:\/\/www.zigzagonearth.com\/wp-content\/uploads\/2026\/01\/Resa-Mallorca-2026-nytt.jpg","contentUrl":"https:\/\/www.zigzagonearth.com\/wp-content\/uploads\/2026\/01\/Resa-Mallorca-2026-nytt.jpg","width":800,"height":600,"caption":"Resa Mallorca 2026 nytt"},{"@type":"BreadcrumbList","@id":"https:\/\/www.zigzagonearth.com\/sv\/resa-mallorca-2026-nytt\/#breadcrumb","itemListElement":[{"@type":"ListItem","position":1,"name":"Home","item":"https:\/\/www.zigzagonearth.com\/sv\/"},{"@type":"ListItem","position":2,"name":"Resa runt p\u00e5 Mallorca 2026: vad \u00e4r nytt?"}]},{"@type":"WebSite","@id":"https:\/\/www.zigzagonearth.com\/sv\/#website","url":"https:\/\/www.zigzagonearth.com\/sv\/","name":"ZigZagonEarth","description":"Plan unforgettable road trips!","potentialAction":[{"@type":"SearchAction","target":{"@type":"EntryPoint","urlTemplate":"https:\/\/www.zigzagonearth.com\/sv\/?s={search_term_string}"},"query-input":{"@type":"PropertyValueSpecification","valueRequired":true,"valueName":"search_term_string"}}],"inLanguage":"sv-SE"},{"@type":"Person","@id":"https:\/\/www.zigzagonearth.com\/sv\/#\/schema\/person\/0498142e0cb256f21659d85ef6bca599","name":"Claire","image":{"@type":"ImageObject","inLanguage":"sv-SE","@id":"https:\/\/secure.gravatar.com\/avatar\/7a2d4fe6757ab43d35e1680834ada7bf24e3ceccf01b37a8d65bfb7e69ce6271?s=96&d=blank&r=g","url":"https:\/\/secure.gravatar.com\/avatar\/7a2d4fe6757ab43d35e1680834ada7bf24e3ceccf01b37a8d65bfb7e69ce6271?s=96&d=blank&r=g","contentUrl":"https:\/\/secure.gravatar.com\/avatar\/7a2d4fe6757ab43d35e1680834ada7bf24e3ceccf01b37a8d65bfb7e69ce6271?s=96&d=blank&r=g","caption":"Claire"},"description":"Claire is the ultimate Travel Planning Geek - She can spend hours, weeks, months... researching for a trip. She created ZigZag On Earth to help people plan their own travels and make the most of their time.","sameAs":["https:\/\/www.facebook.com\/zigzagonearth"]}]}},"featured_image_src":"https:\/\/www.zigzagonearth.com\/wp-content\/uploads\/2026\/01\/Resa-Mallorca-2026-nytt-600x400.jpg","featured_image_src_square":"https:\/\/www.zigzagonearth.com\/wp-content\/uploads\/2026\/01\/Resa-Mallorca-2026-nytt-600x600.jpg","author_info":{"display_name":"Claire","author_link":"https:\/\/www.zigzagonearth.com\/sv\/author\/zzoe\/"},"_links":{"self":[{"href":"https:\/\/www.zigzagonearth.com\/sv\/wp-json\/wp\/v2\/posts\/72162","targetHints":{"allow":["GET"]}}],"collection":[{"href":"https:\/\/www.zigzagonearth.com\/sv\/wp-json\/wp\/v2\/posts"}],"about":[{"href":"https:\/\/www.zigzagonearth.com\/sv\/wp-json\/wp\/v2\/types\/post"}],"author":[{"embeddable":true,"href":"https:\/\/www.zigzagonearth.com\/sv\/wp-json\/wp\/v2\/users\/1"}],"replies":[{"embeddable":true,"href":"https:\/\/www.zigzagonearth.com\/sv\/wp-json\/wp\/v2\/comments?post=72162"}],"version-history":[{"count":0,"href":"https:\/\/www.zigzagonearth.com\/sv\/wp-json\/wp\/v2\/posts\/72162\/revisions"}],"wp:featuredmedia":[{"embeddable":true,"href":"https:\/\/www.zigzagonearth.com\/sv\/wp-json\/wp\/v2\/media\/72151"}],"wp:attachment":[{"href":"https:\/\/www.zigzagonearth.com\/sv\/wp-json\/wp\/v2\/media?parent=72162"}],"wp:term":[{"taxonomy":"category","embeddable":true,"href":"https:\/\/www.zigzagonearth.com\/sv\/wp-json\/wp\/v2\/categories?post=72162"},{"taxonomy":"post_tag","embeddable":true,"href":"https:\/\/www.zigzagonearth.com\/sv\/wp-json\/wp\/v2\/tags?post=72162"}],"curies":[{"name":"wp","href":"https:\/\/api.w.org\/{rel}","templated":true}]}}