{"id":72117,"date":"2026-01-10T12:02:41","date_gmt":"2026-01-10T11:02:41","guid":{"rendered":"https:\/\/www.zigzagonearth.com\/vafor-besoka-island-september\/"},"modified":"2026-01-10T12:09:09","modified_gmt":"2026-01-10T11:09:09","slug":"varfor-besoka-island-september","status":"publish","type":"post","link":"https:\/\/www.zigzagonearth.com\/sv\/varfor-besoka-island-september\/","title":{"rendered":"Varf\u00f6r bes\u00f6ka Island i september (recension + foton)"},"content":{"rendered":"\n<p>September \u00e4r en av mina favoritperioder f\u00f6r att bes\u00f6ka Island.<br\/>\u00d6verg\u00e5ngen mellan sommar och h\u00f6st ger en perfekt balans: turistattraktionerna \u00e4r fortfarande tillg\u00e4ngliga utan sommarens folkmassor, dagarna \u00e4r fortfarande tillr\u00e4ckligt ljusa f\u00f6r att utforska och n\u00e4tterna \u00e4r precis tillr\u00e4ckligt l\u00e5nga f\u00f6r att f\u00e5 de f\u00f6rsta glimtarna av norrskenet.<\/p>\n\n<p>Jag \u00e4lskade denna speciella atmosf\u00e4r, med Islands naturlandskap prytt i flammande h\u00f6stf\u00e4rger.<\/p>\n\n<p>H\u00e4r \u00e4r alla mina sk\u00e4l till att v\u00e4lja den h\u00e4r m\u00e5naden f\u00f6r att uppt\u00e4cka detta imponerande land.<\/p>\n\n<p>F\u00f6r fler alternativ, se min artikel: <a href=\"https:\/\/www.zigzagonearth.com\/sv\/basta-tiden-besoka-island\/\" target=\"_blank\" rel=\"noreferrer noopener\">N\u00e4r ska man \u00e5ka till Island<\/a>.<\/p>\n\n<figure class=\"wp-block-image size-full\"><img decoding=\"async\" src=\"https:\/\/www.zigzagonearth.com\/wp-content\/uploads\/2026\/01\/Island-i-september.jpg\" alt=\"Island i september\" class=\"wp-image-72107\" title=\"Islande i september\"\/><\/figure>\n\n<p class=\"has-text-align-right\" style=\"font-size:16px\">\/\/ P\u00e5 den h\u00e4r sidan finns inget sponsrat inneh\u00e5ll. Bara n\u00e5gra affiliatel\u00e4nkar.<br\/>\/\/ Om du anv\u00e4nder dem f\u00e5r jag en provision utan extra kostnad f\u00f6r dig<a href=\"https:\/\/www.zigzagonearth.com\/sv\/sekretessvillkor-anvandning-sekretess\/\" target=\"_blank\" rel=\"noreferrer noopener\">(l\u00e4s mer).<\/a> <\/p>\n\n<h2 class=\"wp-block-heading\" id=\"t-1768039832920\">1. Idealiskt antal turister<\/h2>\n\n<p>H\u00f6gsommars\u00e4songen slutar officiellt i slutet av augusti p\u00e5 Island. Fr\u00e5n b\u00f6rjan av september sjunker antalet bes\u00f6kare betydligt. Jag nj\u00f6t s\u00e4rskilt av denna minskning av antalet bes\u00f6kare p\u00e5 platser som m\u00e5ste ses, till exempel Gullfoss vattenfall och Thingvellir nationalpark. Du kan ta dina bilder utan att v\u00e4nta i timmar och njuta av landskapet i en mer autentisk och fridfull atmosf\u00e4r.   <\/p>\n\n<p>Boendepriserna blir ocks\u00e5 mer \u00f6verkomliga \u00e4n i juli och augusti, utan att sjunka till de l\u00e5ga vinterpriserna. Det \u00e4r den perfekta tiden f\u00f6r att f\u00e5 ut det mesta av din budget samtidigt som du njuter av trevliga bes\u00f6ksf\u00f6rh\u00e5llanden. <\/p>\n\n<figure class=\"wp-block-image\"><img decoding=\"async\" src=\"https:\/\/photos.smugmug.com\/Travel\/Iceland\/Iceland-ebook\/Ebook-large\/i-s6HHk4J\/1\/L\/Godafoss%20l-L.jpg\" alt=\"f&#xE5; personer i september\" title=\"lite av v&#xE4;rlden i september\"\/><\/figure>\n\n<h2 class=\"wp-block-heading\" id=\"t-1768039832921\">2. V\u00e4garna \u00e4r farbara<\/h2>\n\n<p>Till skillnad fr\u00e5n vinterm\u00e5naderna, d\u00e5 vissa v\u00e4gar och platser st\u00e4ngs, kan man i september fortfarande ta sig runt i hela landet. Ringv\u00e4g 1 \u00e4r fortfarande farbar utan speciell vinterutrustning och utan sv\u00e5righeter. <\/p>\n\n<p>V\u00e4garna i Highlands (oasfalterade F-v\u00e4gar) b\u00f6rjar st\u00e4ngas gradvis fr\u00e5n mitten av september beroende p\u00e5 v\u00e4derf\u00f6rh\u00e5llandena, men du kan fortfarande anv\u00e4nda dem i b\u00f6rjan av september.<\/p>\n\n<p>En perfekt tid att \u00e5ka p\u00e5 en <a href=\"https:\/\/www.zigzagonearth.com\/sv\/plan-island-road-trip\/\" target=\"_blank\" rel=\"noreferrer noopener\">roadtrip!<\/a><\/p>\n\n<figure class=\"wp-block-image size-large\"><img decoding=\"async\" src=\"https:\/\/photos.smugmug.com\/Travel\/Iceland\/Iceland-ebook\/Ebook-large\/i-v6PmpPW\/1\/L\/F208%20l-L.jpg\" alt=\"F208 i september\"\/><figcaption class=\"wp-element-caption\">F208 i september<\/figcaption><\/figure>\n\n<div style=\"margin-top:8%;margin-bottom:8%\" class=\"wp-block-genesis-blocks-gb-container box gb-block-container\"><div class=\"gb-container-inside\"><div class=\"gb-container-content\">\n<div class=\"wp-block-columns box_colonne is-layout-flex wp-container-core-columns-is-layout-9d6595d7 wp-block-columns-is-layout-flex\">\n<div class=\"wp-block-column colonne is-layout-flow wp-block-column-is-layout-flow\" style=\"flex-basis:66.6%\">\n<h5 class=\"wp-block-heading box_titre\">Beh\u00f6ver du hyra bil p\u00e5 Island?<\/h5>\n\n\n\n<p class=\"box_intro\">Mina tips:<\/p>\n\n\n\n<ul class=\"box_liste wp-block-list\" style=\"font-size:16px\">\n<li>J\u00e4mf\u00f6r priser p\u00e5 min favoritplattform: <a href=\"https:\/\/www.discovercars.com\/se\/iceland?a_aid=zigzag&amp;chan=ZZOE&amp;data2=iceland\" target=\"_blank\" rel=\"noreferrer noopener sponsored nofollow\">\n  <span style=\"text-decoration: underline;\">Discovercars.com<\/span>\n<\/a> &#8211; en av de b\u00e4st rankade j\u00e4mf\u00f6relsesajterna!<\/li>\n\n\n\n<li>F\u00f6redrar en <strong>kompakt bil<\/strong> f\u00f6r de smala gatorna i byarna<\/li>\n\n\n\n<li>T\u00e4nk p\u00e5 deras full t\u00e4ckning alternativ &#8211; det f\u00f6r sinnesfrid!  <\/li>\n\n\n\n<li><span style=\"text-decoration: underline;\">Boka tidigt<\/span> f\u00f6r att ha ett stort urval av fordon!<\/li>\n<\/ul>\n\n\n\n<div class=\"wp-block-columns box_barre_boutons is-layout-flex wp-container-core-columns-is-layout-9d6595d7 wp-block-columns-is-layout-flex\">\n<div class=\"wp-block-column is-vertically-aligned-center box_col_conseil is-layout-flow wp-block-column-is-layout-flow\">\n<p class=\"box_lien\"><a href=\"https:\/\/www.zigzagonearth.com\/how-to-rent-a-car-in-iceland-tips\/\" target=\"_blank\" rel=\"noreferrer noopener\">Se alla mina tips<\/a><\/p>\n<\/div>\n\n\n\n<div class=\"wp-block-column box_col_bouton is-layout-flow wp-block-column-is-layout-flow\">\n<div class=\"wp-block-buttons box_bouton is-content-justification-left is-layout-flex wp-container-core-buttons-is-layout-fdcfc74e wp-block-buttons-is-layout-flex\">\n<div class=\"wp-block-button box_bouton\"><a class=\"wp-block-button__link wp-element-button\" href=\"https:\/\/www.discovercars.com\/se\/iceland?a_aid=zigzag&amp;amp;chan=ZZOE&amp;amp;data2=iceland\" target=\"_blank\" rel=\"noreferrer noopener\">Se tillg\u00e4ngliga bilar  <span class=\"box_bouton_image\"><img decoding=\"async\" style=\"width: 14px; height:14px;  \" src=\"https:\/\/www.zigzagonearth.com\/wp-content\/uploads\/2023\/08\/fleche.png\" alt=\"\"\/><\/span><\/a><\/div>\n<\/div>\n<\/div>\n<\/div>\n<\/div>\n\n\n\n<div class=\"wp-block-column colonne box_cafe_img is-layout-flow wp-block-column-is-layout-flow\" style=\"flex-basis:33.33%\"><div class=\"wp-block-image\">\n<figure class=\"aligncenter size-large is-resized\"><img loading=\"lazy\" decoding=\"async\" src=\"https:\/\/www.zigzagonearth.com\/wp-content\/uploads\/2023\/08\/003world-travel-car-01-1024x1024.webp\" alt=\"\" class=\"wp-image-16227\" style=\"width:288px;height:288px\" width=\"288\" height=\"288\" srcset=\"https:\/\/www.zigzagonearth.com\/wp-content\/uploads\/2023\/08\/003world-travel-car-01-1024x1024.webp 1024w, https:\/\/www.zigzagonearth.com\/wp-content\/uploads\/2023\/08\/003world-travel-car-01-300x300.webp 300w, https:\/\/www.zigzagonearth.com\/wp-content\/uploads\/2023\/08\/003world-travel-car-01-150x150.webp 150w, https:\/\/www.zigzagonearth.com\/wp-content\/uploads\/2023\/08\/003world-travel-car-01-768x768.webp 768w, https:\/\/www.zigzagonearth.com\/wp-content\/uploads\/2023\/08\/003world-travel-car-01-1536x1536.webp 1536w, https:\/\/www.zigzagonearth.com\/wp-content\/uploads\/2023\/08\/003world-travel-car-01-2048x2048.webp 2048w, https:\/\/www.zigzagonearth.com\/wp-content\/uploads\/2023\/08\/003world-travel-car-01-100x100.webp 100w, https:\/\/www.zigzagonearth.com\/wp-content\/uploads\/2023\/08\/003world-travel-car-01-600x600.webp 600w\" sizes=\"auto, (max-width: 288px) 100vw, 288px\" \/><\/figure>\n<\/div><\/div>\n<\/div>\n<\/div><\/div><\/div>\n\n<h2 class=\"wp-block-heading\" id=\"t-1768039832922\">3. Perfekt balans mellan ljus och<\/h2>\n\n<p>September erbjuder en anm\u00e4rkningsv\u00e4rd kompromiss n\u00e4r det g\u00e4ller ljuset. Dagarna varar fortfarande mellan 13 och 15 timmar i b\u00f6rjan av m\u00e5naden, vilket ger dig gott om tid att utforska naturomr\u00e5den, k\u00f6ra l\u00e4ngs den cirkul\u00e4ra v\u00e4gen och njuta av vandring. <\/p>\n\n<p>Till skillnad fr\u00e5n sommaren, d\u00e5 solen n\u00e4stan aldrig g\u00e5r ner, hittar du en dag-natt-rytm som g\u00f6r det l\u00e4ttare att sova.<\/p>\n\n<figure class=\"wp-block-image\"><img decoding=\"async\" src=\"https:\/\/photos.smugmug.com\/Travel\/Iceland\/Best-of-improved\/i-RKCnz6g\/1\/L\/Vesturhorn%20l-L.jpg\" alt=\"Vestrahorn i september\" title=\"VEstrahorn i september\"\/><\/figure>\n\n<p>Detta nattliga m\u00f6rker har en stor f\u00f6rdel: det g\u00f6r att du kan observera norrskenet. Fr\u00e5n mitten av september och fram\u00e5t blir n\u00e4tterna tillr\u00e4ckligt m\u00f6rka f\u00f6r att man ska kunna se dessa spektakul\u00e4ra ljusfenomen. Det inneb\u00e4r att du kan kombinera f\u00f6rdelarna med l\u00e5nga dagar f\u00f6r sightseeing med n\u00e4tter som \u00e4r idealiska f\u00f6r att se norrsken. Det \u00e4r om\u00f6jligt att njuta av detta i juni och juli, d\u00e5 midnattssolen h\u00e5ller himlen permanent upplyst.   <\/p>\n\n<figure class=\"wp-block-image size-large\"><img decoding=\"async\" src=\"https:\/\/photos.smugmug.com\/Travel\/Iceland\/Iceland-ebook\/Ebook-others\/i-nBvWd6t\/1\/a1910d68\/L\/auroras-L.jpg\" alt=\"Norrsken i september p&#xE5; Island vid Thormorsk\"\/><figcaption class=\"wp-element-caption\">Norrsken i september p\u00e5 Island vid Thormorsk<\/figcaption><\/figure>\n\n<div style=\"margin-top:8%;margin-bottom:8%\" class=\"wp-block-genesis-blocks-gb-container box gb-block-container\"><div class=\"gb-container-inside\"><div class=\"gb-container-content\">\n<h5 class=\"wp-block-heading box_titre_activite\">Var ska man bo p\u00e5 Island?<\/h5>\n\n\n\n<div class=\"wp-block-columns box_colonne inverse is-layout-flex wp-container-core-columns-is-layout-9d6595d7 wp-block-columns-is-layout-flex\">\n<div class=\"wp-block-column colonne is-layout-flow wp-block-column-is-layout-flow\" style=\"flex-basis:75%\">\n<p class=\"box_intro\">Mina favoriter:<\/p>\n\n\n\n<ul class=\"box_liste wp-block-list\">\n<li><strong>Reykjavik<\/strong>, huvudstad:<strong> <\/strong><a href=\"https:\/\/www.booking.com\/searchresults.en.html?city=-2651804&amp;nflt=review_score%253D90%253Breview_score%253D80&amp;aid=1164282&amp;no_rooms=1&amp;group_adults=2&amp;label=iceland\" target=\"_blank\" rel=\"noreferrer noopener sponsored nofollow\">se b\u00e4st rankade boenden<\/a> &#8211; eller <a class=\"\" href=\"https:\/\/www.zigzagonearth.com\/where-stay-reykjavik-hotels-areas\/\" target=\"_blank\" rel=\"noreferrer noopener\">min artikel om var man kan bo<\/a><\/li>\n\n\n\n<li><strong>Selfoss<\/strong>, mellan Gyllene Cirkeln och Sydkusten: <a href=\"https:\/\/www.booking.com\/searchresults.en.html?city=-2652363&amp;nflt=review_score%253D90%253Breview_score%253D80&amp;aid=1164282&amp;no_rooms=1&amp;group_adults=2&amp;label=iceland\" target=\"_blank\" rel=\"noreferrer noopener sponsored nofollow\">se b\u00e4st rankade boenden<\/a><\/li>\n\n\n\n<li><strong>Vik, <\/strong>n\u00e4ra vattenfall och glaci\u00e4rer: <a href=\"https:\/\/www.booking.com\/searchresults.en.html?city=-2655902&amp;nflt=review_score%253D90%253Breview_score%253D80&amp;aid=1164282&amp;no_rooms=1&amp;group_adults=2&amp;label=iceland\" target=\"_blank\" rel=\"noreferrer noopener sponsored nofollow\">se b\u00e4st rankade boenden<\/a><\/li>\n\n\n\n<li><strong>H\u00f6fn<\/strong>, porten till de \u00f6stra fjordarna: <a href=\"https:\/\/www.booking.com\/searchresults.en.html?city=-2646664&amp;nflt=review_score%253D90%253Breview_score%253D80&amp;aid=1164282&amp;no_rooms=1&amp;group_adults=2&amp;label=iceland\" target=\"_blank\" rel=\"noreferrer noopener sponsored nofollow\">se b\u00e4st rankade boenden<\/a><\/li>\n\n\n\n<li><strong>Egilsstadir<\/strong>, mellan fjordarna och norra Island: <a href=\"https:\/\/www.booking.com\/searchresults.en.html?city=900039648&amp;nflt=review_score%253D90%253Breview_score%253D80&amp;aid=1164282&amp;no_rooms=1&amp;group_adults=box&amp;label=iceland\" target=\"_blank\" rel=\"noreferrer noopener sponsored nofollow\">se b\u00e4st rankade boenden<\/a><\/li>\n\n\n\n<li><strong>Reykjahlid<\/strong>, f\u00f6r underverken vid sj\u00f6n Myvatn: <a href=\"https:\/\/www.booking.com\/searchresults.en.html?city=-2651762&amp;nflt=review_score%253D90%253Breview_score%253D80&amp;aid=1164282&amp;no_rooms=1&amp;group_adults=2&amp;label=iceland\" target=\"_blank\" rel=\"noreferrer noopener sponsored nofollow\">se b\u00e4st rankade boenden<\/a><\/li>\n\n\n\n<li><strong>Akureyri<\/strong>, huvudstad i norr: <a href=\"https:\/\/www.booking.com\/searchresults.en.html?city=-2641271&amp;nflt=review_score%253D90%253Breview_score%253D80&amp;aid=1164282&amp;no_rooms=1&amp;group_adults=2&amp;label=iceland\" target=\"_blank\" rel=\"noreferrer noopener sponsored nofollow\">se b\u00e4st rankade boenden<\/a><\/li>\n\n\n\n<li><strong>Grundarfjordur<\/strong>, p\u00e5 Snaefellsneshalv\u00f6n: <a href=\"https:\/\/www.booking.com\/searchresults.en.html?city=900040112&amp;nflt=review_score%253D90%253Breview_score%253D80&amp;aid=1164282&amp;no_rooms=1&amp;group_adults=2&amp;label=iceland\" target=\"_blank\" rel=\"noreferrer noopener sponsored nofollow\">se b\u00e4st rankade boenden<\/a><\/li>\n<\/ul>\n\n\n\n<div class=\"wp-block-buttons box_bouton box_colonne_bouton_ebook box_barre_boutons is-content-justification-left is-layout-flex wp-container-core-buttons-is-layout-fdcfc74e wp-block-buttons-is-layout-flex\">\n<div class=\"wp-block-button box_bouton\"><a class=\"wp-block-button__link wp-element-button\" href=\"https:\/\/www.zigzagonearth.com\/where-to-stay-iceland-accommodations\/\" target=\"_blank\" rel=\"noreferrer noopener\">Se v\u00e5r artikel om var du kan bo  <span class=\"box_bouton_image\"><img decoding=\"async\" style=\"width: 14px; height:14px;  \" src=\"https:\/\/www.zigzagonearth.com\/wp-content\/uploads\/2023\/08\/fleche.png\" alt=\"\"\/><\/span><span class=\"box_bouton_image\"><\/span><\/a><\/div>\n<\/div>\n<\/div>\n\n\n\n<div class=\"wp-block-column is-vertically-aligned-top colonne box_activite_img is-layout-flow wp-block-column-is-layout-flow\" style=\"flex-basis:25%\"><div class=\"wp-block-image\">\n<figure class=\"aligncenter size-large\"><img decoding=\"async\" src=\"https:\/\/photos.smugmug.com\/Travel\/Iceland-Hiver\/Accommodations\/i-8djJ37g\/2\/79aa2b8c\/L\/Vik_Accommodation_Iceland-3648-L.jpg\" alt=\"Hotell p&#xE5; Island\"\/><\/figure>\n<\/div><\/div>\n<\/div>\n<\/div><\/div><\/div>\n\n<h2 class=\"wp-block-heading\" id=\"t-1768039832923\">4. Landskap som flammar upp av f\u00e4rg<\/h2>\n\n<p>Islands naturlandskap genomg\u00e5r en dramatisk f\u00f6rvandling i september. Den l\u00e5gt liggande vegetationen som t\u00e4cker kullarna f\u00e5r fantastiska oranger\u00f6da nyanser. De moss- och lavkl\u00e4dda hedarna blir koppar- och ockragula. Denna h\u00f6stliga palett kontrasterar vackert med den djupa gr\u00f6nskan p\u00e5 de fortfarande bevattnade \u00e4ngarna och den st\u00e4ndigt n\u00e4rvarande vulkaniska svarta.   <\/p>\n\n<figure class=\"wp-block-image\"><img decoding=\"async\" src=\"https:\/\/photos.smugmug.com\/Travel\/Iceland\/Skutustadir\/i-C8bBZ7b\/2\/493b1e11\/L\/Myvatn_pseudocraters_Skutustadir_Iceland-1689-L.jpg\" alt=\"pseudokrater island\" title=\"pseudokratere islande\"\/><\/figure>\n\n<p>Jag tyckte s\u00e4rskilt mycket om att fotografera dessa f\u00e4rgstarka landskap i det l\u00e5ga septemberljuset. Solens vinkel skapar enast\u00e5ende gyllene nyanser, s\u00e4rskilt i slutet av dagen. Fotografer kommer s\u00e4rskilt att uppskatta det mjuka ljuset och de m\u00e4ttade f\u00e4rgerna.  <\/p>\n\n<p>Det finns dock f\u00e5 tr\u00e4d p\u00e5 Island, s\u00e5 det finns inte riktigt n\u00e5gra f\u00e4rgglada l\u00f6vverk. Bara p\u00e5 n\u00e5gra f\u00e5 st\u00e4llen. <\/p>\n\n<figure class=\"wp-block-image\"><img decoding=\"async\" src=\"https:\/\/photos.smugmug.com\/Travel\/Iceland\/Iceland-ebook\/Ebook-large\/i-kKjxRWQ\/1\/L\/glanni%20l-L.jpg\" alt=\"H&#xF6;stf&#xE4;rger p&#xE5; Island\" title=\"f&#xE4;rg automnale en Islande\"\/><\/figure>\n\n<h2 class=\"wp-block-heading\" id=\"t-1768039832929\">5. Alla anl\u00e4ggningar f\u00f6rblir \u00f6ppna<\/h2>\n\n<p>Alla restauranger, museer, turistattraktioner och aktivitetsleverant\u00f6rer fungerar som vanligt. Du kommer inte att uppleva n\u00e5gra s\u00e4songsbetonade begr\u00e4nsningar, till skillnad fr\u00e5n i oktober och november d\u00e5 m\u00e5nga anl\u00e4ggningar minskar sina \u00f6ppettider eller st\u00e4nger tillf\u00e4lligt. <\/p>\n\n<figure class=\"wp-block-image size-large\"><img decoding=\"async\" src=\"https:\/\/photos.smugmug.com\/Travel\/Iceland\/Iceland-ebook\/Ebook-large\/i-djGRFPV\/1\/L\/blue%20lagoon%20l-L.jpg\" alt=\"Bl&#xE5; lagunen i september\"\/><figcaption class=\"wp-element-caption\">Bl\u00e5 lagunen i september<\/figcaption><\/figure>\n\n<h2 class=\"wp-block-heading\" id=\"t-1768039832924\">V\u00e4dret i september<\/h2>\n\n<p>L\u00e5t oss vara \u00e4rliga: det isl\u00e4ndska v\u00e4dret \u00e4r of\u00f6ruts\u00e4gbart varje m\u00e5nad, \u00e4ven i september. Du m\u00e5ste vara beredd p\u00e5 alla f\u00f6rh\u00e5llanden. Temperaturerna varierar i allm\u00e4nhet mellan 5\u00b0C och 12\u00b0C. I s\u00f6der och Reykjavik \u00e4r det i allm\u00e4nhet mildare \u00e4n i norr.   <\/p>\n\n<p>Det regnar fortfarande ofta men inte lika mycket som p\u00e5 vintern. R\u00e4kna med i genomsnitt 10 till 15 dagar med regn per m\u00e5nad. Vinden kan bl\u00e5sa kraftigt, s\u00e4rskilt p\u00e5 sydkusten och i \u00f6ppna omr\u00e5den. Se till att packa flera lager kl\u00e4der, en vattent\u00e4t vindjacka av god kvalitet och rej\u00e4la vattent\u00e4ta vandringsk\u00e4ngor.   <\/p>\n\n<p>Stormar \u00e4r fortfarande m\u00f6jliga men mindre v\u00e5ldsamma \u00e4n mitt i vintern. Kontrollera den dagliga v\u00e4derprognosen p\u00e5 vedur.is och anpassa din resplan d\u00e4refter. <\/p>\n\n<figure class=\"wp-block-image\"><img decoding=\"async\" src=\"https:\/\/photos.smugmug.com\/Travel\/Iceland\/Iceland-ebook\/Ebook-large\/i-3NRNz6X\/1\/L\/jokulsalron%20beach%20l3-L.jpg\" alt=\"Soligt v&#xE4;der i september\" title=\"M&#xE9;t&#xE9;o ensool&#xE9;ill&#xE9;e i september\"\/><\/figure>\n\n<h2 class=\"wp-block-heading\" id=\"t-1768039832927\">Saker att g\u00f6ra p\u00e5 Island i september<\/h2>\n\n<p>Precis som under alla andra sommarm\u00e5nader har du massor att v\u00e4lja p\u00e5 n\u00e4r det g\u00e4ller aktiviteter:<\/p>\n\n<ul class=\"wp-block-list\">\n<li>K\u00f6r runt Route 1<\/li>\n\n\n\n<li>Beundra vattenfallen<\/li>\n\n\n\n<li>Utforska lavaf\u00e4lten<\/li>\n\n\n\n<li>Bes\u00f6k de glaciala lagunerna: Jokulsarlon, Fjallsarlon och Diamond Beach med sina isberg<\/li>\n\n\n\n<li>Beundra de svarta sandstr\u00e4nderna<\/li>\n\n\n\n<li>Jakt p\u00e5 norrskenet<\/li>\n\n\n\n<li>G\u00e5 ner i lavagrottor<\/li>\n\n\n\n<li>G\u00e5 p\u00e5 glaci\u00e4rer<\/li>\n\n\n\n<li>&#8230;<\/li>\n<\/ul>\n\n<p>Se mina resv\u00e4gsrekommendationer: <a href=\"https:\/\/www.zigzagonearth.com\/sv\/island-resvag-5-dagar\/\" target=\"_blank\" rel=\"noreferrer noopener\">5 dagar<\/a>, <a href=\"https:\/\/www.zigzagonearth.com\/sv\/en-vecka-island-resvag-7-dagar\/\" target=\"_blank\" rel=\"noreferrer noopener\">1 vecka<\/a>, <a href=\"https:\/\/www.zigzagonearth.com\/sv\/10-dagars-resa-island\/\" target=\"_blank\" rel=\"noreferrer noopener\">10 dagar<\/a>, <a href=\"https:\/\/www.zigzagonearth.com\/sv\/14-dagars-island-resa\/\" target=\"_blank\" rel=\"noreferrer noopener\">2 veckor<\/a>.<\/p>\n\n<figure class=\"wp-block-image\"><img decoding=\"async\" src=\"https:\/\/photos.smugmug.com\/Travel\/Iceland\/Best-of-improved\/i-m4JXjNz\/1\/L\/P1010771-L.jpg\" alt=\"Seljalandsfoss\" title=\"Seljalandsfoss\"\/><\/figure>\n\n<h2 class=\"wp-block-heading\" id=\"t-1768039832928\">Vad du inte kan se p\u00e5 Island i september<\/h2>\n\n<p>F\u00f6rh\u00e5llandena \u00e4ndras dramatiskt fr\u00e5n s\u00e4song till s\u00e4song p\u00e5 Island.<\/p>\n\n<p>S\u00e5 f\u00f6r att undvika besvikelse, var medveten om att du inte kommer att se:<\/p>\n\n<ul class=\"wp-block-list\">\n<li>Lupinblommor (maj, juni)<\/li>\n\n\n\n<li>Midnattssolen (juni)<\/li>\n\n\n\n<li>Isgrottor (vinter)<\/li>\n\n\n\n<li>Frysta vattenfall (vinter)<\/li>\n\n\n\n<li>Lunnef\u00e5glar (sommar)<\/li>\n<\/ul>\n\n<p>Det \u00e4r okej, det \u00e4r en bra urs\u00e4kt f\u00f6r att komma tillbaka!<\/p>\n\n<h2 class=\"wp-block-heading\">Evenemang i september<\/h2>\n\n<p>I september arrangeras flera intressanta kulturevenemang. Reykjaviks internationella filmfestival \u00e4ger vanligtvis rum i slutet av september\/b\u00f6rjan av oktober och erbjuder ett program med oberoende filmer och dokument\u00e4rer av h\u00f6g kvalitet. <\/p>\n\n<p>R\u00e9ttir, den traditionella samlingen av f\u00e5r, \u00e4r den st\u00f6rsta h\u00e4ndelsen p\u00e5 landsbygden i september. B\u00f6nderna samlar sina hjordar som har kommit ner fr\u00e5n bergen under vintern. Dessa festliga sammankomster \u00e4r ett utm\u00e4rkt tillf\u00e4lle att uppt\u00e4cka isl\u00e4ndska jordbrukstraditioner.  <\/p>\n\n<figure class=\"wp-block-image size-large\"><img decoding=\"async\" src=\"https:\/\/photos.smugmug.com\/Travel\/Iceland\/Iceland-ebook\/Ebook-others\/i-mCjRLX7\/1\/L\/road%20trip-L.jpg\" alt=\"F&#xE5;r p&#xE5; Island\"\/><\/figure>\n\n<h2 class=\"wp-block-heading\">Praktiska tips f\u00f6r september<\/h2>\n\n<p><strong>Boka ditt boende<\/strong>: \u00c4ven om antalet bes\u00f6kare har minskat rekommenderar jag att du bokar ditt boende i f\u00f6rv\u00e4g, s\u00e4rskilt i popul\u00e4ra omr\u00e5den som Reykjavik, Vik eller M\u00fdvatn-sj\u00f6regionen. Anl\u00e4ggningar av god kvalitet fylls snabbt upp. <\/p>\n\n<p><strong>Hyrbil<\/strong>: Ett standardfordon \u00e4r mer \u00e4n tillr\u00e4ckligt f\u00f6r Ring Road i september. 4&#215;4 \u00e4r endast n\u00f6dv\u00e4ndigt f\u00f6r F-v\u00e4garna i Highlands, som gradvis st\u00e4ngs under m\u00e5naden. <\/p>\n\n<p><strong>Norrsken<\/strong>: Ladda ner Aurora Forecast-appen, som visar solaktivitet och siktprognoser. V\u00e4lj omr\u00e5den l\u00e5ngt fr\u00e5n st\u00e4derna och v\u00e4nta p\u00e5 klart v\u00e4der. T\u00e5lamod \u00e4r din b\u00e4sta v\u00e4n.  <\/p>\n\n<hr class=\"wp-block-separator has-alpha-channel-opacity\"\/>\n\n<div class=\"wp-block-genesis-blocks-gb-container gb-block-container\"><div class=\"gb-container-inside\"><div class=\"gb-container-content\">\n<p><strong>Planera din resa till Island i sommar:<\/strong><\/p>\n\n\n\n<ul class=\"wp-block-list\">\n<li>Mina resplaner : <a class=\"\" href=\"https:\/\/www.zigzagonearth.com\/iceland-itinerary-5-days\/\" target=\"_blank\" rel=\"noreferrer noopener\">5 dagar<\/a>, <a class=\"\" href=\"https:\/\/www.zigzagonearth.com\/one-week-iceland-itinerary-7-days\/\" target=\"_blank\" rel=\"noreferrer noopener\">1 vecka<\/a>, <a href=\"https:\/\/www.zigzagonearth.com\/10-day-itinerary-iceland\/\" target=\"_blank\" rel=\"noreferrer noopener\">10 dagar<\/a>, <a href=\"https:\/\/www.zigzagonearth.com\/14-days-iceland-itinerary\/\" target=\"_blank\" rel=\"noreferrer noopener\">2<\/a> veckor<\/li>\n\n\n\n<li><a href=\"https:\/\/www.zigzagonearth.com\/where-to-stay-iceland-accommodations\/\" target=\"_blank\" rel=\"noreferrer noopener\">Var man kan bo p\u00e5 Island<\/a><\/li>\n\n\n\n<li><a href=\"https:\/\/www.zigzagonearth.com\/where-stay-reykjavik-hotels-areas\/\" target=\"_blank\" rel=\"noreferrer noopener\">Var man kan bo i Reykjavik: b\u00e4sta hotellen<\/a><\/li>\n\n\n\n<li><a href=\"https:\/\/www.zigzagonearth.com\/how-to-rent-a-car-in-iceland\/\" target=\"_blank\" rel=\"noreferrer noopener\">36 tips f\u00f6r att hyra bil p\u00e5 Island<\/a><\/li>\n\n\n\n<li><a class=\"\" href=\"https:\/\/www.zigzagonearth.com\/driving-in-iceland\/\" target=\"_blank\" rel=\"noreferrer noopener\">Guide till bilk\u00f6rning p\u00e5 Island<\/a><\/li>\n\n\n\n<li><a href=\"https:\/\/www.zigzagonearth.com\/plan-iceland-road-trip\/\" target=\"_blank\" rel=\"noreferrer noopener\">Hur man planerar en bilresa p\u00e5 Island<\/a><\/li>\n<\/ul>\n<\/div><\/div><\/div>\n\n<div style=\"margin-top:8%;margin-bottom:8%\" class=\"wp-block-genesis-blocks-gb-container box_ebook gb-block-container\"><div class=\"gb-container-inside\"><div class=\"gb-container-content\">\n<h5 class=\"wp-block-heading box_titre_ebook\">Planera din <u>dr\u00f6mresa<\/u> till Island med hj\u00e4lp av min guide (endast p\u00e5 engelska):<\/h5>\n\n\n\n<div class=\"wp-block-columns box_colonnes_ebook is-layout-flex wp-container-core-columns-is-layout-9d6595d7 wp-block-columns-is-layout-flex\">\n<div class=\"wp-block-column is-layout-flow wp-block-column-is-layout-flow\">\n<figure class=\"wp-block-image size-large img_ebook\"><a href=\"https:\/\/www.zigzagonearth.com\/planning-travel-guide-iceland\/\" target=\"_blank\" rel=\"noreferrer noopener\"><img decoding=\"async\" src=\"https:\/\/www.zigzagonearth.com\/wp-content\/uploads\/2022\/01\/Iceland-road-trip-travel-guide-cover-small.jpg\" alt=\"Lilla fastlandet Portugal Algarve ebok omslag\"\/><\/a><\/figure>\n<\/div>\n\n\n\n<div class=\"wp-block-column is-layout-flow wp-block-column-is-layout-flow\">\n<ul class=\"box_liste wp-block-list\" style=\"font-size:16px\">\n<li>8 kartor f\u00f6r att enkelt planera din resv\u00e4g<\/li>\n\n\n\n<li>100+ f\u00f6rvalda platser<\/li>\n\n\n\n<li>GPS-koordinater direkt till parkeringsplatserna<\/li>\n\n\n\n<li>Tips f\u00f6r att f\u00e5 ut det mesta av din tid<\/li>\n\n\n\n<li>130+ originalbilder som hj\u00e4lper dig att v\u00e4lja<\/li>\n<\/ul>\n\n\n\n<div class=\"wp-block-buttons box_colonne_bouton_ebook is-content-justification-left is-layout-flex wp-container-core-buttons-is-layout-fdcfc74e wp-block-buttons-is-layout-flex\">\n<div class=\"wp-block-button box_bouton box_bouton_ebook\"><a class=\"wp-block-button__link wp-element-button\" href=\"https:\/\/www.zigzagonearth.com\/planning-travel-guide-iceland\/\" target=\"_blank\" rel=\"noreferrer noopener\">Uppt\u00e4ck det! (endast p\u00e5 engelska)<span class=\"box_bouton_image\"><\/span><\/a><\/div>\n<\/div>\n<\/div>\n<\/div>\n<\/div><\/div><\/div>\n","protected":false},"excerpt":{"rendered":"<p>September \u00e4r en av mina favoritperioder f\u00f6r att bes\u00f6ka Island.\u00d6verg\u00e5ngen mellan sommar och h\u00f6st ger en perfekt balans: turistattraktionerna \u00e4r fortfarande tillg\u00e4ngliga utan sommarens folkmassor, dagarna \u00e4r fortfarande tillr\u00e4ckligt ljusa f\u00f6r att utforska och n\u00e4tterna \u00e4r precis tillr\u00e4ckligt l\u00e5nga f\u00f6r att f\u00e5 de f\u00f6rsta glimtarna av norrskenet. Jag \u00e4lskade denna speciella atmosf\u00e4r, med Islands naturlandskap [&hellip;]<\/p>\n","protected":false},"author":1,"featured_media":72112,"comment_status":"closed","ping_status":"closed","sticky":false,"template":"","format":"standard","meta":{"_genesis_hide_title":false,"_genesis_hide_breadcrumbs":false,"_genesis_hide_singular_image":false,"_genesis_hide_footer_widgets":false,"_genesis_custom_body_class":"","_genesis_custom_post_class":"","_genesis_layout":"full-width-content","footnotes":""},"categories":[710],"tags":[],"class_list":{"0":"post-72117","1":"post","2":"type-post","3":"status-publish","4":"format-standard","5":"has-post-thumbnail","7":"category-island-sv","8":"entry"},"yoast_head":"<!-- This site is optimized with the Yoast SEO plugin v27.2 - https:\/\/yoast.com\/product\/yoast-seo-wordpress\/ -->\n<title>Varf\u00f6r bes\u00f6ka Island i september (recension + foton)<\/title>\n<meta name=\"description\" content=\"Alla anledningar till varf\u00f6r jag rekommenderar att bes\u00f6ka Island i september: v\u00e4der, folkmassor, f\u00e4rger, f\u00f6rh\u00e5llanden, norrsken...\" \/>\n<meta name=\"robots\" content=\"index, follow, max-snippet:-1, max-image-preview:large, max-video-preview:-1\" \/>\n<link rel=\"canonical\" href=\"https:\/\/www.zigzagonearth.com\/sv\/varfor-besoka-island-september\/\" \/>\n<meta property=\"og:locale\" content=\"sv_SE\" \/>\n<meta property=\"og:type\" content=\"article\" \/>\n<meta property=\"og:title\" content=\"Varf\u00f6r bes\u00f6ka Island i september (recension + foton)\" \/>\n<meta property=\"og:description\" content=\"Alla anledningar till varf\u00f6r jag rekommenderar att bes\u00f6ka Island i september: v\u00e4der, folkmassor, f\u00e4rger, f\u00f6rh\u00e5llanden, norrsken...\" \/>\n<meta property=\"og:url\" content=\"https:\/\/www.zigzagonearth.com\/sv\/varfor-besoka-island-september\/\" \/>\n<meta property=\"og:site_name\" content=\"ZigZagonEarth\" \/>\n<meta property=\"article:publisher\" content=\"https:\/\/www.facebook.com\/zigzagonearth\" \/>\n<meta property=\"article:author\" content=\"https:\/\/www.facebook.com\/zigzagonearth\" \/>\n<meta property=\"article:published_time\" content=\"2026-01-10T11:02:41+00:00\" \/>\n<meta property=\"article:modified_time\" content=\"2026-01-10T11:09:09+00:00\" \/>\n<meta property=\"og:image\" content=\"https:\/\/www.zigzagonearth.com\/wp-content\/uploads\/2026\/01\/Island-i-september.jpg\" \/>\n\t<meta property=\"og:image:width\" content=\"800\" \/>\n\t<meta property=\"og:image:height\" content=\"441\" \/>\n\t<meta property=\"og:image:type\" content=\"image\/jpeg\" \/>\n<meta name=\"author\" content=\"Claire\" \/>\n<meta name=\"twitter:card\" content=\"summary_large_image\" \/>\n<meta name=\"twitter:creator\" content=\"@ZigZagOnEarth\" \/>\n<meta name=\"twitter:site\" content=\"@ZigZagOnEarth\" \/>\n<meta name=\"twitter:label1\" content=\"Skriven av\" \/>\n\t<meta name=\"twitter:data1\" content=\"Claire\" \/>\n\t<meta name=\"twitter:label2\" content=\"Ber\u00e4knad l\u00e4stid\" \/>\n\t<meta name=\"twitter:data2\" content=\"6 minuter\" \/>\n<script type=\"application\/ld+json\" class=\"yoast-schema-graph\">{\"@context\":\"https:\/\/schema.org\",\"@graph\":[{\"@type\":\"Article\",\"@id\":\"https:\/\/www.zigzagonearth.com\/sv\/varfor-besoka-island-september\/#article\",\"isPartOf\":{\"@id\":\"https:\/\/www.zigzagonearth.com\/sv\/varfor-besoka-island-september\/\"},\"author\":{\"name\":\"Claire\",\"@id\":\"https:\/\/www.zigzagonearth.com\/sv\/#\/schema\/person\/0498142e0cb256f21659d85ef6bca599\"},\"headline\":\"Varf\u00f6r bes\u00f6ka Island i september (recension + foton)\",\"datePublished\":\"2026-01-10T11:02:41+00:00\",\"dateModified\":\"2026-01-10T11:09:09+00:00\",\"mainEntityOfPage\":{\"@id\":\"https:\/\/www.zigzagonearth.com\/sv\/varfor-besoka-island-september\/\"},\"wordCount\":1170,\"image\":{\"@id\":\"https:\/\/www.zigzagonearth.com\/sv\/varfor-besoka-island-september\/#primaryimage\"},\"thumbnailUrl\":\"https:\/\/www.zigzagonearth.com\/wp-content\/uploads\/2026\/01\/Island-i-september.jpg\",\"articleSection\":[\"ISLAND\"],\"inLanguage\":\"sv-SE\"},{\"@type\":\"WebPage\",\"@id\":\"https:\/\/www.zigzagonearth.com\/sv\/varfor-besoka-island-september\/\",\"url\":\"https:\/\/www.zigzagonearth.com\/sv\/varfor-besoka-island-september\/\",\"name\":\"Varf\u00f6r bes\u00f6ka Island i september (recension + foton)\",\"isPartOf\":{\"@id\":\"https:\/\/www.zigzagonearth.com\/sv\/#website\"},\"primaryImageOfPage\":{\"@id\":\"https:\/\/www.zigzagonearth.com\/sv\/varfor-besoka-island-september\/#primaryimage\"},\"image\":{\"@id\":\"https:\/\/www.zigzagonearth.com\/sv\/varfor-besoka-island-september\/#primaryimage\"},\"thumbnailUrl\":\"https:\/\/www.zigzagonearth.com\/wp-content\/uploads\/2026\/01\/Island-i-september.jpg\",\"datePublished\":\"2026-01-10T11:02:41+00:00\",\"dateModified\":\"2026-01-10T11:09:09+00:00\",\"author\":{\"@id\":\"https:\/\/www.zigzagonearth.com\/sv\/#\/schema\/person\/0498142e0cb256f21659d85ef6bca599\"},\"description\":\"Alla anledningar till varf\u00f6r jag rekommenderar att bes\u00f6ka Island i september: v\u00e4der, folkmassor, f\u00e4rger, f\u00f6rh\u00e5llanden, norrsken...\",\"breadcrumb\":{\"@id\":\"https:\/\/www.zigzagonearth.com\/sv\/varfor-besoka-island-september\/#breadcrumb\"},\"inLanguage\":\"sv-SE\",\"potentialAction\":[{\"@type\":\"ReadAction\",\"target\":[\"https:\/\/www.zigzagonearth.com\/sv\/varfor-besoka-island-september\/\"]}]},{\"@type\":\"ImageObject\",\"inLanguage\":\"sv-SE\",\"@id\":\"https:\/\/www.zigzagonearth.com\/sv\/varfor-besoka-island-september\/#primaryimage\",\"url\":\"https:\/\/www.zigzagonearth.com\/wp-content\/uploads\/2026\/01\/Island-i-september.jpg\",\"contentUrl\":\"https:\/\/www.zigzagonearth.com\/wp-content\/uploads\/2026\/01\/Island-i-september.jpg\",\"width\":800,\"height\":441,\"caption\":\"Island i september\"},{\"@type\":\"BreadcrumbList\",\"@id\":\"https:\/\/www.zigzagonearth.com\/sv\/varfor-besoka-island-september\/#breadcrumb\",\"itemListElement\":[{\"@type\":\"ListItem\",\"position\":1,\"name\":\"Home\",\"item\":\"https:\/\/www.zigzagonearth.com\/sv\/\"},{\"@type\":\"ListItem\",\"position\":2,\"name\":\"Varf\u00f6r bes\u00f6ka Island i september (recension + foton)\"}]},{\"@type\":\"WebSite\",\"@id\":\"https:\/\/www.zigzagonearth.com\/sv\/#website\",\"url\":\"https:\/\/www.zigzagonearth.com\/sv\/\",\"name\":\"ZigZagonEarth\",\"description\":\"Plan unforgettable road trips!\",\"potentialAction\":[{\"@type\":\"SearchAction\",\"target\":{\"@type\":\"EntryPoint\",\"urlTemplate\":\"https:\/\/www.zigzagonearth.com\/sv\/?s={search_term_string}\"},\"query-input\":{\"@type\":\"PropertyValueSpecification\",\"valueRequired\":true,\"valueName\":\"search_term_string\"}}],\"inLanguage\":\"sv-SE\"},{\"@type\":\"Person\",\"@id\":\"https:\/\/www.zigzagonearth.com\/sv\/#\/schema\/person\/0498142e0cb256f21659d85ef6bca599\",\"name\":\"Claire\",\"image\":{\"@type\":\"ImageObject\",\"inLanguage\":\"sv-SE\",\"@id\":\"https:\/\/secure.gravatar.com\/avatar\/7a2d4fe6757ab43d35e1680834ada7bf24e3ceccf01b37a8d65bfb7e69ce6271?s=96&d=blank&r=g\",\"url\":\"https:\/\/secure.gravatar.com\/avatar\/7a2d4fe6757ab43d35e1680834ada7bf24e3ceccf01b37a8d65bfb7e69ce6271?s=96&d=blank&r=g\",\"contentUrl\":\"https:\/\/secure.gravatar.com\/avatar\/7a2d4fe6757ab43d35e1680834ada7bf24e3ceccf01b37a8d65bfb7e69ce6271?s=96&d=blank&r=g\",\"caption\":\"Claire\"},\"description\":\"Claire is the ultimate Travel Planning Geek - She can spend hours, weeks, months... researching for a trip. She created ZigZag On Earth to help people plan their own travels and make the most of their time.\",\"sameAs\":[\"https:\/\/www.facebook.com\/zigzagonearth\"]}]}<\/script>\n<!-- \/ Yoast SEO plugin. -->","yoast_head_json":{"title":"Varf\u00f6r bes\u00f6ka Island i september (recension + foton)","description":"Alla anledningar till varf\u00f6r jag rekommenderar att bes\u00f6ka Island i september: v\u00e4der, folkmassor, f\u00e4rger, f\u00f6rh\u00e5llanden, norrsken...","robots":{"index":"index","follow":"follow","max-snippet":"max-snippet:-1","max-image-preview":"max-image-preview:large","max-video-preview":"max-video-preview:-1"},"canonical":"https:\/\/www.zigzagonearth.com\/sv\/varfor-besoka-island-september\/","og_locale":"sv_SE","og_type":"article","og_title":"Varf\u00f6r bes\u00f6ka Island i september (recension + foton)","og_description":"Alla anledningar till varf\u00f6r jag rekommenderar att bes\u00f6ka Island i september: v\u00e4der, folkmassor, f\u00e4rger, f\u00f6rh\u00e5llanden, norrsken...","og_url":"https:\/\/www.zigzagonearth.com\/sv\/varfor-besoka-island-september\/","og_site_name":"ZigZagonEarth","article_publisher":"https:\/\/www.facebook.com\/zigzagonearth","article_author":"https:\/\/www.facebook.com\/zigzagonearth","article_published_time":"2026-01-10T11:02:41+00:00","article_modified_time":"2026-01-10T11:09:09+00:00","og_image":[{"width":800,"height":441,"url":"https:\/\/www.zigzagonearth.com\/wp-content\/uploads\/2026\/01\/Island-i-september.jpg","type":"image\/jpeg"}],"author":"Claire","twitter_card":"summary_large_image","twitter_creator":"@ZigZagOnEarth","twitter_site":"@ZigZagOnEarth","twitter_misc":{"Skriven av":"Claire","Ber\u00e4knad l\u00e4stid":"6 minuter"},"schema":{"@context":"https:\/\/schema.org","@graph":[{"@type":"Article","@id":"https:\/\/www.zigzagonearth.com\/sv\/varfor-besoka-island-september\/#article","isPartOf":{"@id":"https:\/\/www.zigzagonearth.com\/sv\/varfor-besoka-island-september\/"},"author":{"name":"Claire","@id":"https:\/\/www.zigzagonearth.com\/sv\/#\/schema\/person\/0498142e0cb256f21659d85ef6bca599"},"headline":"Varf\u00f6r bes\u00f6ka Island i september (recension + foton)","datePublished":"2026-01-10T11:02:41+00:00","dateModified":"2026-01-10T11:09:09+00:00","mainEntityOfPage":{"@id":"https:\/\/www.zigzagonearth.com\/sv\/varfor-besoka-island-september\/"},"wordCount":1170,"image":{"@id":"https:\/\/www.zigzagonearth.com\/sv\/varfor-besoka-island-september\/#primaryimage"},"thumbnailUrl":"https:\/\/www.zigzagonearth.com\/wp-content\/uploads\/2026\/01\/Island-i-september.jpg","articleSection":["ISLAND"],"inLanguage":"sv-SE"},{"@type":"WebPage","@id":"https:\/\/www.zigzagonearth.com\/sv\/varfor-besoka-island-september\/","url":"https:\/\/www.zigzagonearth.com\/sv\/varfor-besoka-island-september\/","name":"Varf\u00f6r bes\u00f6ka Island i september (recension + foton)","isPartOf":{"@id":"https:\/\/www.zigzagonearth.com\/sv\/#website"},"primaryImageOfPage":{"@id":"https:\/\/www.zigzagonearth.com\/sv\/varfor-besoka-island-september\/#primaryimage"},"image":{"@id":"https:\/\/www.zigzagonearth.com\/sv\/varfor-besoka-island-september\/#primaryimage"},"thumbnailUrl":"https:\/\/www.zigzagonearth.com\/wp-content\/uploads\/2026\/01\/Island-i-september.jpg","datePublished":"2026-01-10T11:02:41+00:00","dateModified":"2026-01-10T11:09:09+00:00","author":{"@id":"https:\/\/www.zigzagonearth.com\/sv\/#\/schema\/person\/0498142e0cb256f21659d85ef6bca599"},"description":"Alla anledningar till varf\u00f6r jag rekommenderar att bes\u00f6ka Island i september: v\u00e4der, folkmassor, f\u00e4rger, f\u00f6rh\u00e5llanden, norrsken...","breadcrumb":{"@id":"https:\/\/www.zigzagonearth.com\/sv\/varfor-besoka-island-september\/#breadcrumb"},"inLanguage":"sv-SE","potentialAction":[{"@type":"ReadAction","target":["https:\/\/www.zigzagonearth.com\/sv\/varfor-besoka-island-september\/"]}]},{"@type":"ImageObject","inLanguage":"sv-SE","@id":"https:\/\/www.zigzagonearth.com\/sv\/varfor-besoka-island-september\/#primaryimage","url":"https:\/\/www.zigzagonearth.com\/wp-content\/uploads\/2026\/01\/Island-i-september.jpg","contentUrl":"https:\/\/www.zigzagonearth.com\/wp-content\/uploads\/2026\/01\/Island-i-september.jpg","width":800,"height":441,"caption":"Island i september"},{"@type":"BreadcrumbList","@id":"https:\/\/www.zigzagonearth.com\/sv\/varfor-besoka-island-september\/#breadcrumb","itemListElement":[{"@type":"ListItem","position":1,"name":"Home","item":"https:\/\/www.zigzagonearth.com\/sv\/"},{"@type":"ListItem","position":2,"name":"Varf\u00f6r bes\u00f6ka Island i september (recension + foton)"}]},{"@type":"WebSite","@id":"https:\/\/www.zigzagonearth.com\/sv\/#website","url":"https:\/\/www.zigzagonearth.com\/sv\/","name":"ZigZagonEarth","description":"Plan unforgettable road trips!","potentialAction":[{"@type":"SearchAction","target":{"@type":"EntryPoint","urlTemplate":"https:\/\/www.zigzagonearth.com\/sv\/?s={search_term_string}"},"query-input":{"@type":"PropertyValueSpecification","valueRequired":true,"valueName":"search_term_string"}}],"inLanguage":"sv-SE"},{"@type":"Person","@id":"https:\/\/www.zigzagonearth.com\/sv\/#\/schema\/person\/0498142e0cb256f21659d85ef6bca599","name":"Claire","image":{"@type":"ImageObject","inLanguage":"sv-SE","@id":"https:\/\/secure.gravatar.com\/avatar\/7a2d4fe6757ab43d35e1680834ada7bf24e3ceccf01b37a8d65bfb7e69ce6271?s=96&d=blank&r=g","url":"https:\/\/secure.gravatar.com\/avatar\/7a2d4fe6757ab43d35e1680834ada7bf24e3ceccf01b37a8d65bfb7e69ce6271?s=96&d=blank&r=g","contentUrl":"https:\/\/secure.gravatar.com\/avatar\/7a2d4fe6757ab43d35e1680834ada7bf24e3ceccf01b37a8d65bfb7e69ce6271?s=96&d=blank&r=g","caption":"Claire"},"description":"Claire is the ultimate Travel Planning Geek - She can spend hours, weeks, months... researching for a trip. She created ZigZag On Earth to help people plan their own travels and make the most of their time.","sameAs":["https:\/\/www.facebook.com\/zigzagonearth"]}]}},"featured_image_src":"https:\/\/www.zigzagonearth.com\/wp-content\/uploads\/2026\/01\/Island-i-september-600x400.jpg","featured_image_src_square":"https:\/\/www.zigzagonearth.com\/wp-content\/uploads\/2026\/01\/Island-i-september-600x441.jpg","author_info":{"display_name":"Claire","author_link":"https:\/\/www.zigzagonearth.com\/sv\/author\/zzoe\/"},"_links":{"self":[{"href":"https:\/\/www.zigzagonearth.com\/sv\/wp-json\/wp\/v2\/posts\/72117","targetHints":{"allow":["GET"]}}],"collection":[{"href":"https:\/\/www.zigzagonearth.com\/sv\/wp-json\/wp\/v2\/posts"}],"about":[{"href":"https:\/\/www.zigzagonearth.com\/sv\/wp-json\/wp\/v2\/types\/post"}],"author":[{"embeddable":true,"href":"https:\/\/www.zigzagonearth.com\/sv\/wp-json\/wp\/v2\/users\/1"}],"replies":[{"embeddable":true,"href":"https:\/\/www.zigzagonearth.com\/sv\/wp-json\/wp\/v2\/comments?post=72117"}],"version-history":[{"count":0,"href":"https:\/\/www.zigzagonearth.com\/sv\/wp-json\/wp\/v2\/posts\/72117\/revisions"}],"wp:featuredmedia":[{"embeddable":true,"href":"https:\/\/www.zigzagonearth.com\/sv\/wp-json\/wp\/v2\/media\/72112"}],"wp:attachment":[{"href":"https:\/\/www.zigzagonearth.com\/sv\/wp-json\/wp\/v2\/media?parent=72117"}],"wp:term":[{"taxonomy":"category","embeddable":true,"href":"https:\/\/www.zigzagonearth.com\/sv\/wp-json\/wp\/v2\/categories?post=72117"},{"taxonomy":"post_tag","embeddable":true,"href":"https:\/\/www.zigzagonearth.com\/sv\/wp-json\/wp\/v2\/tags?post=72117"}],"curies":[{"name":"wp","href":"https:\/\/api.w.org\/{rel}","templated":true}]}}