{"id":70258,"date":"2017-02-01T10:29:50","date_gmt":"2017-02-01T09:29:50","guid":{"rendered":"https:\/\/www.zigzagonearth.com\/praia-de-albandeira-strand-algarve\/"},"modified":"2023-11-13T15:51:34","modified_gmt":"2023-11-13T14:51:34","slug":"praia-de-albandeira-strand-algarve","status":"publish","type":"post","link":"https:\/\/www.zigzagonearth.com\/sv\/praia-de-albandeira-strand-algarve\/","title":{"rendered":"Praia de Albandeira (strand i Algarve) &#8211; Tips + Bilder"},"content":{"rendered":"\n<p class=\"has-text-align-left\"><strong>Praia de Albandeira \u00e4r en liten dubbelstrand som \u00e4r v\u00e4rd ett bes\u00f6k i Algarve, Portugal.<\/strong><br\/><strong>Vid h\u00f6gvatten sl\u00e5r v\u00e5gorna in och virvlar runt i vikarna. En fantastisk show!<\/strong><br\/><strong>Dessutom kan du g\u00e5 p\u00e5 klipporna f\u00f6r att beundra b\u00e5gen: Arco de Albandeira.<\/strong><br\/><strong>Nedan f\u00f6ljer min guide som hj\u00e4lper dig att planera din vistelse i Albandeira strand med karta, tips och bilder.<\/strong><\/p>\n\n<div style=\"margin-top:8%;margin-bottom:8%\" class=\"wp-block-genesis-blocks-gb-container box gb-block-container\"><div class=\"gb-container-inside\"><div class=\"gb-container-content\">\n<p class=\"box_titre_une\">Innan mina tips + bilder, h\u00e4r \u00e4r <u>mina favoriter<\/u> f\u00f6r Portugal:<\/p>\n\n\n\n<div class=\"wp-block-columns box_colonne_cc is-layout-flex wp-container-core-columns-is-layout-9d6595d7 wp-block-columns-is-layout-flex\">\n<div class=\"wp-block-column box_picto_c is-layout-flow wp-block-column-is-layout-flow\" style=\"flex-basis:5%\">\n<figure class=\"wp-block-image size-full is-resized box_picto\"><img loading=\"lazy\" decoding=\"async\" src=\"http:\/\/www.zigzagonearth.com\/wp-content\/uploads\/2023\/08\/&#x1F697;.png\" alt=\"\" class=\"wp-image-16341\" style=\"width:30px;height:31px\" width=\"30\" height=\"31\"\/><\/figure>\n<\/div>\n\n\n\n<div class=\"wp-block-column is-layout-flow wp-block-column-is-layout-flow\" style=\"flex-basis:95%\">\n<p class=\"box_lien_g\">Min favoritplattform f\u00f6r att hyra bil i Portugal: <a href=\"https:\/\/www.discovercars.com\/se\/portugal?a_aid=zigzag&amp;chan=ZZOE&amp;data2=portugal\" target=\"_blank\" rel=\"noreferrer noopener sponsored nofollow\">DiscoverCars<\/a><\/p>\n<\/div>\n<\/div>\n\n\n\n<div class=\"wp-block-columns box_colonne_cc is-layout-flex wp-container-core-columns-is-layout-9d6595d7 wp-block-columns-is-layout-flex\">\n<div class=\"wp-block-column box_picto_c is-layout-flow wp-block-column-is-layout-flow\" style=\"flex-basis:5%\">\n<figure class=\"wp-block-image size-full is-resized box_picto\"><img loading=\"lazy\" decoding=\"async\" src=\"http:\/\/www.zigzagonearth.com\/wp-content\/uploads\/2023\/08\/&#x1F6E5;&#xFE0F;&#xFE0F;.png\" alt=\"\" class=\"wp-image-16340\" style=\"width:30px;height:31px\" width=\"30\" height=\"31\"\/><\/figure>\n<\/div>\n\n\n\n<div class=\"wp-block-column is-layout-flow wp-block-column-is-layout-flow\" style=\"flex-basis:90%\">\n<p>En b\u00e5ttur som inte f\u00e5r missas: <a href=\"https:\/\/www.getyourguide.se\/algarve-l66\/portimao-speedboat-ride-and-sea-cave-tour-t397931\/?partner_id=R3GYW4V&amp;cmp=ZZ_Portugal\" target=\"_blank\" rel=\"noreferrer noopener sponsored nofollow\">Benagils havsgrotta fr\u00e5n Portimao<\/a><\/p>\n<\/div>\n<\/div>\n\n\n\n<div class=\"wp-block-columns box_colonne_cc is-layout-flex wp-container-core-columns-is-layout-9d6595d7 wp-block-columns-is-layout-flex\">\n<div class=\"wp-block-column box_picto_c is-layout-flow wp-block-column-is-layout-flow\" style=\"flex-basis:5%\">\n<figure class=\"wp-block-image size-full is-resized box_picto\"><img loading=\"lazy\" decoding=\"async\" src=\"http:\/\/www.zigzagonearth.com\/wp-content\/uploads\/2023\/08\/&#x1F68C;.png\" alt=\"\" class=\"wp-image-16339\" style=\"width:30px;height:31px\" width=\"30\" height=\"31\"\/><\/figure>\n<\/div>\n\n\n\n<div class=\"wp-block-column is-layout-flow wp-block-column-is-layout-flow\" style=\"flex-basis:90%\">\n<p>Min favoritutflykt fr\u00e5n Lissabon: <a href=\"https:\/\/www.getyourguide.se\/lisbon-l42\/lisbon-pena-palace-sintra-cabo-da-roca-cascais-daytrip-t387617\/?partner_id=R3GYW4V&amp;cmp=ZZ_Portugal\" target=\"_blank\" rel=\"noreferrer noopener sponsored nofollow\">Sintra Pena-palatset och Cabo da Roca<\/a><\/p>\n<\/div>\n<\/div>\n\n\n\n<div class=\"wp-block-columns box_colonne_cc box_colonne_dernier_cc is-layout-flex wp-container-core-columns-is-layout-9d6595d7 wp-block-columns-is-layout-flex\">\n<div class=\"wp-block-column box_picto_x box_picto_c is-layout-flow wp-block-column-is-layout-flow\" style=\"flex-basis:5%\">\n<figure class=\"wp-block-image size-full is-resized box_picto\"><img loading=\"lazy\" decoding=\"async\" src=\"http:\/\/www.zigzagonearth.com\/wp-content\/uploads\/2023\/08\/&#x1F3E0;.png\" alt=\"\" class=\"wp-image-16338\" style=\"width:30px;height:31px\" width=\"30\" height=\"31\"\/><\/figure>\n<\/div>\n\n\n\n<div class=\"wp-block-column is-layout-flow wp-block-column-is-layout-flow\" style=\"flex-basis:95%\">\n<p>Mina favoritst\u00e4llen att bo p\u00e5:<\/p>\n\n\n\n<ul class=\"wp-block-list\">\n<li>Lissabon: <a href=\"https:\/\/www.booking.com\/searchresults.en.html?city=-2167973&amp;nflt=review_score%253D90%253Breview_score%253D80&amp;aid=1164282&amp;no_rooms=1&amp;group_adults=2&amp;label=portugal\" target=\"_blank\" rel=\"noreferrer noopener sponsored nofollow\">se b\u00e4st rankade hotell<\/a> &#8211; t.ex. <a href=\"https:\/\/www.booking.com\/hotel\/pt\/santiago-de-alfama-boutique.html?aid=1164282&amp;no_rooms=1&amp;group_adults=1&amp;label=portugal\" target=\"_blank\" rel=\"noreferrer noopener sponsored nofollow\">Santiago de Alfama boutique hotel<\/a><\/li>\n\n\n\n<li>Porto: <a href=\"https:\/\/www.booking.com\/searchresults.en.html?city=-2173088&amp;nflt=review_score%253D90%253Breview_score%253D80&amp;aid=1164282&amp;no_rooms=1&amp;group_adults=2&amp;label=portugal\" target=\"_blank\" rel=\"noreferrer noopener sponsored nofollow\">se b\u00e4st rankade hotell<\/a> &#8211; t.ex. <a href=\"https:\/\/www.booking.com\/hotel\/pt\/descobertas-boutique-porto.html?aid=1164282&amp;no_rooms=1&amp;group_adults=1&amp;label=portugal\" target=\"_blank\" rel=\"noreferrer noopener sponsored nofollow\">Descobertas Boutique Hotel<\/a><\/li>\n\n\n\n<li>Lagos: <a href=\"https:\/\/www.booking.com\/searchresults.en.html?city=-2167534&amp;nflt=review_score%253D90%253Breview_score%253D80&amp;aid=1164282&amp;no_rooms=1&amp;group_adults=2&amp;label=portugal\" target=\"_blank\" rel=\"noreferrer noopener sponsored nofollow\">se b\u00e4st rankade hotell<\/a> &#8211; t.ex. <a href=\"https:\/\/www.booking.com\/hotel\/pt\/uma-casa-a-beira-sol.html?aid=1164282&amp;no_rooms=1&amp;group_adults=1&amp;label=portugal\" target=\"_blank\" rel=\"noreferrer noopener sponsored nofollow\">Uma Cas A Beira Sol<\/a><\/li>\n<\/ul>\n<\/div>\n<\/div>\n<\/div><\/div><\/div>\n\n<div class=\"wp-block-columns is-layout-flex wp-container-core-columns-is-layout-9d6595d7 wp-block-columns-is-layout-flex\">\n<div class=\"wp-block-column is-layout-flow wp-block-column-is-layout-flow\"><div class=\"wp-block-image\">\n<figure class=\"aligncenter size-large is-resized\"><img decoding=\"async\" src=\"https:\/\/www.zigzagonearth.com\/wp-content\/uploads\/2023\/09\/Albandeira-strand-Algarve-Portugal-1.jpg\" alt=\"Pin Praia de Albandeira strand Algarve Portugal Resor (1)\" class=\"wp-image-10648\" style=\"width:300px;height:undefinedpx\"\/><\/figure>\n<\/div><\/div>\n\n\n\n<div class=\"wp-block-column is-layout-flow wp-block-column-is-layout-flow\"><\/div>\n<\/div>\n\n<h2 class=\"wp-block-heading\" id=\"tab-con-2\"><strong>Varf\u00f6r bes\u00f6ka Albandeira strand i Algarve?<\/strong><\/h2>\n\n<p>Praia de Albandeira \u00e4r en liten vik som \u00e4r delad i tv\u00e5 av klippformationer, vilket skapar tv\u00e5 olika str\u00e4nder vid h\u00f6gvatten.<br\/>Om du vill sola b\u00f6r du \u00e5ka dit vid l\u00e5gvatten.  <br\/>Men om du, som jag, f\u00f6redrar action och vacker natur rekommenderar jag ett bes\u00f6k vid h\u00f6gvatten n\u00e4r v\u00e5gorna sl\u00e5r in mot klippformationerna!<\/p>\n\n<figure class=\"wp-block-image size-large\"><img decoding=\"async\" src=\"https:\/\/photos.smugmug.com\/Travel\/Portugal\/16c-Praia-Da-Albandeira-Beach\/i-LW5VnTD\/0\/L\/Praia_Da_Albandeira_Beach_IMG_0218-L.jpg\" alt=\"Praia de Albandeira, Algarve\"\/><figcaption class=\"wp-element-caption\"><strong>Praia de Albandeira, Algarve<\/strong><\/figcaption><\/figure>\n\n<h3 class=\"wp-block-heading\"><strong>Video<\/strong><\/h3>\n\n<p>Nedan f\u00f6ljer en kort video som visar hur vackra de brusande v\u00e5gorna \u00e4r p\u00e5 Praia de Albandeira och dess granne Praia da Estaquinha och den i havet uthuggna b\u00e5gen: Arco de Albandeira.<\/p>\n\n<figure class=\"wp-block-embed is-type-video is-provider-youtube wp-block-embed-youtube wp-embed-aspect-16-9 wp-has-aspect-ratio\"><div class=\"wp-block-embed__wrapper\">\n<iframe loading=\"lazy\" title=\"Praia de Albandeira beach Algarve Portugal\" width=\"500\" height=\"281\" src=\"https:\/\/www.youtube.com\/embed\/p10cs8nt9II?feature=oembed\" frameborder=\"0\" allow=\"accelerometer; autoplay; clipboard-write; encrypted-media; gyroscope; picture-in-picture; web-share\" referrerpolicy=\"strict-origin-when-cross-origin\" allowfullscreen><\/iframe>\n<\/div><\/figure>\n\n<p>Fler bilder efter planeringstipsen.<\/p>\n\n<h2 class=\"wp-block-heading\" id=\"tab-con-3\"><strong>Planeringstips &amp; Karta &#8211; Praia de Albandeira, Algarve, Portugal<\/strong><\/h2>\n\n<h3 class=\"wp-block-heading\"><strong>Var ligger Praia de Albandeira i Algarve? &#8211; Karta och l\u00e4ge<\/strong><\/h3>\n\n<ul class=\"wp-block-list\">\n<li>P\u00e5 Algarvekusten &#8211; kolla in <a style=\"outline: none;\" href=\"https:\/\/www.zigzagonearth.com\/algarve-things-to-do-best-beaches\/\" target=\"_blank\" rel=\"noopener\">min artikel om de b\u00e4sta sakerna att g\u00f6ra i<\/a> Algarve<\/li>\n\n\n\n<li>Mellan Portimao och Albufeira<\/li>\n\n\n\n<li>Portimao till Albandeira =30min<\/li>\n\n\n\n<li>Albufeira till Albandeira = 30 min<\/li>\n\n\n\n<li>10 min \u00f6ster om <a style=\"outline: none;\" href=\"https:\/\/www.zigzagonearth.com\/sv\/boat-trip-algarve-caves-benagil-sea-cave-3\/\" target=\"_blank\" rel=\"noopener\">den ber\u00f6mda Benagil-grottan<\/a><\/li>\n\n\n\n<li>Inte l\u00e5ngt fr\u00e5n den ber\u00f6mda <a style=\"outline: none;\" href=\"https:\/\/www.zigzagonearth.com\/praia-da-marinha-beach-algarve\/\" target=\"_blank\" rel=\"noopener\">stranden Praia da Marinha<\/a><\/li>\n\n\n\n<li>Nedan finns en karta som hj\u00e4lper dig att orientera dig:<\/li>\n<\/ul>\n\n<figure class=\"wp-block-image size-large\"><img decoding=\"async\" src=\"https:\/\/www.zigzagonearth.com\/wp-content\/uploads\/2022\/01\/Map-Praia-de-Albandeira-Beach-Algarve-Portugal.jpg\" alt=\"Karta - Praia de Albandeira i Algarve\"\/><figcaption class=\"wp-element-caption\"><strong>Karta &#8211; Praia de Albandeira i Algarve<\/strong><\/figcaption><\/figure>\n\n<p>Denna plats med dess GPS-koordinater och planeringsinformation ing\u00e5r i mina e-b\u00f6cker f\u00f6r att hj\u00e4lpa dig att <a style=\"outline: none;\" href=\"https:\/\/www.zigzagonearth.com\/road-trip-portugal-itinerary\/\" target=\"_blank\" rel=\"noopener\">enkelt planera din Portugal-resa<\/a>:<\/p>\n\n<div style=\"margin-top:8%;margin-bottom:8%\" class=\"wp-block-genesis-blocks-gb-container box_ebook gb-block-container\"><div class=\"gb-container-inside\"><div class=\"gb-container-content\">\n<h5 class=\"wp-block-heading box_titre_ebook\">Planera din dr\u00f6mresa till Portugal med mina guider! (endast p\u00e5 engelska)<\/h5>\n\n\n\n<div class=\"wp-block-columns box_colonnes_ebook box_colonnes_ebook_x2 is-layout-flex wp-container-core-columns-is-layout-9d6595d7 wp-block-columns-is-layout-flex\">\n<div class=\"wp-block-column is-layout-flow wp-block-column-is-layout-flow\" style=\"flex-basis:325px\"><div class=\"wp-block-image img_ebook\">\n<figure class=\"aligncenter size-large is-resized\"><a href=\"https:\/\/www.zigzagonearth.com\/ebook-road-trip-guide-portugal\/\" target=\"_blank\" rel=\"noreferrer noopener\"><img loading=\"lazy\" decoding=\"async\" src=\"http:\/\/www.zigzagonearth.com\/wp-content\/uploads\/2017\/06\/Small-Mainland-Portugal-Algarve-ebook-cover.jpg\" alt=\"\" style=\"width:250px;height:187px\" width=\"250\" height=\"187\"\/><\/a><\/figure>\n<\/div>\n\n\n<ul class=\"box_liste wp-block-list\">\n<li>13 kartor som \u00e4r l\u00e4tta att planera<\/li>\n\n\n\n<li>120+ f\u00f6rvalda platser<\/li>\n\n\n\n<li>GPS-koordinater  <\/li>\n\n\n\n<li>Anv\u00e4ndbara tips f\u00f6r planering<\/li>\n\n\n\n<li>200+ stora bilder  <\/li>\n<\/ul>\n\n\n\n<div class=\"wp-block-buttons box_colonne_bouton_ebook is-content-justification-left is-layout-flex wp-container-core-buttons-is-layout-fdcfc74e wp-block-buttons-is-layout-flex\">\n<div class=\"wp-block-button box_bouton box_bouton_ebook box_bouton_ebook_x2\"><a class=\"wp-block-button__link wp-element-button\" href=\"https:\/\/www.zigzagonearth.com\/ebook-road-trip-guide-portugal\/\" target=\"_blank\" rel=\"noreferrer noopener\">Uppt\u00e4ck det (endast p\u00e5 engelska)<span class=\"box_bouton_image\"><\/span><\/a><\/div>\n<\/div>\n<\/div>\n\n\n\n<div class=\"wp-block-column is-layout-flow wp-block-column-is-layout-flow\" style=\"flex-basis:325px\"><div class=\"wp-block-image img_ebook\">\n<figure class=\"aligncenter size-large is-resized\"><a href=\"https:\/\/www.zigzagonearth.com\/ebook-lisbon-sintra-algarve\/\" target=\"_blank\" rel=\"noreferrer noopener\"><img loading=\"lazy\" decoding=\"async\" src=\"http:\/\/www.zigzagonearth.com\/wp-content\/uploads\/2017\/06\/Small-Lisbon-Sintra-Algarve-ebook-cover-3.jpg\" alt=\"\" style=\"width:250px;height:187px\" width=\"250\" height=\"187\"\/><\/a><\/figure>\n<\/div>\n\n\n<ul class=\"box_liste wp-block-list\" style=\"font-size:16px\">\n<li>8 kartor som \u00e4r l\u00e4tta att planera<\/li>\n\n\n\n<li>65+ utvalda platser<\/li>\n\n\n\n<li>GPS-koordinater  <\/li>\n\n\n\n<li>Anv\u00e4ndbara tips f\u00f6r planering<\/li>\n\n\n\n<li>110+ stora foton  <\/li>\n<\/ul>\n\n\n\n<div class=\"wp-block-buttons box_colonne_bouton_ebook is-content-justification-left is-layout-flex wp-container-core-buttons-is-layout-fdcfc74e wp-block-buttons-is-layout-flex\">\n<div class=\"wp-block-button box_bouton box_bouton_ebook box_bouton_ebook_x2\"><a class=\"wp-block-button__link wp-element-button\" href=\"https:\/\/www.zigzagonearth.com\/ebook-lisbon-sintra-algarve\/\" target=\"_blank\" rel=\"noreferrer noopener\">Uppt\u00e4ck det (endast p\u00e5 engelska)<span class=\"box_bouton_image\"><\/span><\/a><\/div>\n<\/div>\n<\/div>\n<\/div>\n<\/div><\/div><\/div>\n\n<h3 class=\"wp-block-heading\"><strong>Hur tar man sig till Albandeira strand? Tillg\u00e5ng<\/strong><\/h3>\n\n<ul class=\"wp-block-list\">\n<li>Du beh\u00f6ver en bil f\u00f6r att komma till Albandeira-stranden<\/li>\n\n\n\n<li>De sista 2 km \u00e4r en enkelsp\u00e5rig v\u00e4g med passager  <\/li>\n\n\n\n<li>Och de sista 200 metrarna \u00e4r p\u00e5 en grusv\u00e4g<\/li>\n\n\n\n<li>Stor parkeringsplats<\/li>\n<\/ul>\n\n<figure class=\"wp-block-image size-large\"><img decoding=\"async\" src=\"https:\/\/photos.smugmug.com\/Travel\/Portugal\/16c-Praia-Da-Albandeira-Beach\/i-kDDZJS2\/0\/S\/Praia_Da_Albandeira_Beach_Portugal_IMG_5321-S.jpg\" alt=\"V&#xE4;g till Albandeira\"\/><figcaption class=\"wp-element-caption\"><strong>V\u00e4g till Albandeira<\/strong><\/figcaption><\/figure>\n\n<div style=\"margin-top:8%;margin-bottom:8%\" class=\"wp-block-genesis-blocks-gb-container box gb-block-container\"><div class=\"gb-container-inside\"><div class=\"gb-container-content\">\n<div class=\"wp-block-columns box_colonne is-layout-flex wp-container-core-columns-is-layout-9d6595d7 wp-block-columns-is-layout-flex\">\n<div class=\"wp-block-column colonne is-layout-flow wp-block-column-is-layout-flow\" style=\"flex-basis:66.6%\">\n<h5 class=\"wp-block-heading box_titre\"><strong>Beh\u00f6ver du hyra bil i <\/strong>Portugal<strong>?<\/strong><\/h5>\n\n\n\n<p class=\"box_intro\">Mina tips:<\/p>\n\n\n\n<ul class=\"box_liste wp-block-list\" style=\"font-size:16px\">\n<li>J\u00e4mf\u00f6r priser p\u00e5 min favoritplattform: <a href=\"https:\/\/www.discovercars.com\/se\/portugal?a_aid=zigzag&amp;chan=ZZOE&amp;data2=portugal\" target=\"_blank\" rel=\"noreferrer noopener sponsored nofollow\">\n  <span style=\"text-decoration: underline;\">Discovercars.com<\/span>\n<\/a> &#8211; en av de b\u00e4st rankade j\u00e4mf\u00f6relsesajterna!<\/li>\n\n\n\n<li>F\u00f6redrar en <strong>kompakt bil<\/strong> f\u00f6r de smala gatorna i byarna<\/li>\n\n\n\n<li>T\u00e4nk p\u00e5 deras full t\u00e4ckning alternativ &#8211; det f\u00f6r sinnesfrid!  <\/li>\n\n\n\n<li><span style=\"text-decoration: underline;\">Boka tidigt<\/span> f\u00f6r att ha ett stort urval av fordon!<\/li>\n<\/ul>\n\n\n\n<div class=\"wp-block-columns box_barre_boutons is-layout-flex wp-container-core-columns-is-layout-9d6595d7 wp-block-columns-is-layout-flex\">\n<div class=\"wp-block-column is-vertically-aligned-center box_col_conseil is-layout-flow wp-block-column-is-layout-flow\">\n<p class=\"box_lien\"><a href=\"https:\/\/www.zigzagonearth.com\/renting-car-portugal-tips\/\" target=\"_blank\" rel=\"noreferrer noopener\">Se alla mina tips<\/a><\/p>\n<\/div>\n\n\n\n<div class=\"wp-block-column box_col_bouton is-layout-flow wp-block-column-is-layout-flow\">\n<div class=\"wp-block-buttons box_bouton is-content-justification-left is-layout-flex wp-container-core-buttons-is-layout-fdcfc74e wp-block-buttons-is-layout-flex\">\n<div class=\"wp-block-button box_bouton\"><a class=\"wp-block-button__link wp-element-button\" href=\"https:\/\/www.discovercars.com\/se\/portugal?a_aid=zigzag&amp;amp;chan=ZZOE&amp;amp;data2=portugal\" target=\"_blank\" rel=\"noreferrer noopener\">Se tillg\u00e4ngliga bilar  <span class=\"box_bouton_image\"><img decoding=\"async\" style=\"width: 14px; height:14px;  \" src=\"https:\/\/www.zigzagonearth.com\/wp-content\/uploads\/2023\/08\/fleche.png\" alt=\"\"\/><\/span><\/a><\/div>\n<\/div>\n<\/div>\n<\/div>\n<\/div>\n\n\n\n<div class=\"wp-block-column colonne box_cafe_img is-layout-flow wp-block-column-is-layout-flow\" style=\"flex-basis:33.33%\"><div class=\"wp-block-image\">\n<figure class=\"aligncenter size-large is-resized\"><img loading=\"lazy\" decoding=\"async\" src=\"https:\/\/www.zigzagonearth.com\/wp-content\/uploads\/2023\/08\/003world-travel-car-01-1024x1024.webp\" alt=\"\" class=\"wp-image-16227\" style=\"width:288px;height:288px\" width=\"288\" height=\"288\" srcset=\"https:\/\/www.zigzagonearth.com\/wp-content\/uploads\/2023\/08\/003world-travel-car-01-1024x1024.webp 1024w, https:\/\/www.zigzagonearth.com\/wp-content\/uploads\/2023\/08\/003world-travel-car-01-300x300.webp 300w, https:\/\/www.zigzagonearth.com\/wp-content\/uploads\/2023\/08\/003world-travel-car-01-150x150.webp 150w, https:\/\/www.zigzagonearth.com\/wp-content\/uploads\/2023\/08\/003world-travel-car-01-768x768.webp 768w, https:\/\/www.zigzagonearth.com\/wp-content\/uploads\/2023\/08\/003world-travel-car-01-1536x1536.webp 1536w, https:\/\/www.zigzagonearth.com\/wp-content\/uploads\/2023\/08\/003world-travel-car-01-2048x2048.webp 2048w, https:\/\/www.zigzagonearth.com\/wp-content\/uploads\/2023\/08\/003world-travel-car-01-100x100.webp 100w, https:\/\/www.zigzagonearth.com\/wp-content\/uploads\/2023\/08\/003world-travel-car-01-600x600.webp 600w\" sizes=\"auto, (max-width: 288px) 100vw, 288px\" \/><\/figure>\n<\/div><\/div>\n<\/div>\n<\/div><\/div><\/div>\n\n<h3 class=\"wp-block-heading\"><strong>Bes\u00f6k tips<\/strong><\/h3>\n\n<ul class=\"wp-block-list\">\n<li>Enkel tillg\u00e5ng till stranden fr\u00e5n parkeringen<\/li>\n\n\n\n<li>Bar p\u00e5 stranden<\/li>\n\n\n\n<li>F\u00f6r restauranger m\u00e5ste du k\u00f6ra en bit f\u00f6r att n\u00e5 dem<\/li>\n\n\n\n<li>Inte bra f\u00f6r solbad vid h\u00f6gvatten eftersom sandomr\u00e5det f\u00f6rsvinner, men b\u00e4ttre f\u00f6r fotografering  <\/li>\n\n\n\n<li>Inga badvakter p\u00e5 vintern och virvlande v\u00e5gor<\/li>\n\n\n\n<li>Inte turistigt men litet s\u00e5 det blir tr\u00e5ngt ocks\u00e5<\/li>\n<\/ul>\n\n<figure class=\"wp-block-image size-large\"><img decoding=\"async\" src=\"https:\/\/photos.smugmug.com\/Travel\/Portugal\/16c-Praia-Da-Albandeira-Beach\/i-K4DDSDC\/0\/S\/Praia_Da_Albandeira_Beach_Portugal_IMG_5362-S.jpg\" alt=\"Parkeringsplats vid Albandeira-stranden\"\/><figcaption class=\"wp-element-caption\"><strong>Parkeringsplats vid Albandeira-stranden<\/strong><\/figcaption><\/figure>\n\n<h3 class=\"wp-block-heading\"><strong>Var kan jag bo n\u00e4ra Albandeira strand?<\/strong><\/h3>\n\n<ul class=\"wp-block-list\">\n<li>N\u00e4rmaste hotell \u00e4r Vila Alba Resort med pool, tr\u00e4dg\u00e5rdar och havsutsikt &#8211; <a style=\"outline: none;\" href=\"https:\/\/www.booking.com\/hotel\/pt\/suites-alba-resort-spa.en.html?aid=1164282&amp;no_rooms=1&amp;group_adults=2&amp;label=albandeira\" target=\"_blank\" rel=\"nofollow noopener\">kolla in bilder och tillg\u00e4nglighet<\/a><\/li>\n\n\n\n<li>eller <a style=\"outline: none;\" href=\"https:\/\/www.booking.com\/searchresults.fr.html?city=-2161833&amp;nflt=review_score%253D90%253Breview_score%253D80&amp;aid=1222027&amp;no_rooms=1&amp;group_adults=2&amp;label=praia-de-albandeira-beach-algarve_amcid-YNJYYrgNoNYFiAzUreFxm\" target=\"_blank\" rel=\"nofollow noopener\">kolla in de b\u00e4st rankade boendena i omr\u00e5det<\/a><\/li>\n<\/ul>\n\n<div style=\"margin-top:8%;margin-bottom:8%\" class=\"wp-block-genesis-blocks-gb-container box gb-block-container\"><div class=\"gb-container-inside\"><div class=\"gb-container-content\">\n<h5 class=\"wp-block-heading box_titre_activite\">Var ska man bo i Algarve?<\/h5>\n\n\n\n<div class=\"wp-block-columns box_colonne inverse is-layout-flex wp-container-core-columns-is-layout-9d6595d7 wp-block-columns-is-layout-flex\">\n<div class=\"wp-block-column colonne is-layout-flow wp-block-column-is-layout-flow\" style=\"flex-basis:75%\">\n<p class=\"box_intro\">Mina favoriter:<\/p>\n\n\n\n<ul class=\"box_liste wp-block-list\">\n<li>Lagos, f\u00f6r charmen : <a href=\"https:\/\/www.booking.com\/searchresults.en.html?city=-2167534&amp;nflt=review_score%253D90%253Breview_score%253D80&amp;aid=1164282&amp;no_rooms=1&amp;group_adults=2&amp;label=portugal\" target=\"_blank\" rel=\"noreferrer noopener sponsored nofollow\">se b\u00e4st rankade boenden<\/a><\/li>\n\n\n\n<li>Portimao, centralt att utforska &#8211; <a href=\"https:\/\/www.booking.com\/searchresults.en.html?city=-2173080&amp;nflt=review_score%253D90%253Breview_score%253D80&amp;aid=1164282&amp;no_rooms=1&amp;group_adults=2&amp;label=portugal\" target=\"_blank\" rel=\"noreferrer noopener sponsored nofollow\">se b\u00e4st rankade boenden<\/a><\/li>\n\n\n\n<li>Albufeira utan bil &#8211; <a href=\"https:\/\/www.booking.com\/searchresults.en.html?city=-2157420&amp;nflt=review_score%253D90%253Breview_score%253D80&amp;aid=1164282&amp;no_rooms=1&amp;group_adults=2&amp;label=portugal\" target=\"_blank\" rel=\"noreferrer noopener sponsored nofollow\">se b\u00e4st rankade boenden<\/a><\/li>\n\n\n\n<li>Alvor med barn &#8211; <a href=\"https:\/\/www.booking.com\/searchresults.en.html?city=900051062&amp;nflt=review_score%253D90%253Breview_score%253D80&amp;aid=1164282&amp;no_rooms=1&amp;group_adults=2&amp;label=portugal\" target=\"_blank\" rel=\"noreferrer noopener sponsored nofollow\">se b\u00e4st rankade boenden<\/a><\/li>\n\n\n\n<li>Tavira, f\u00f6r den \u00f6stra sidan &#8211; <a href=\"https:\/\/www.booking.com\/searchresults.en.html?city=-2177325&amp;nflt=review_score%253D90%253Breview_score%253D80&amp;aid=1164282&amp;no_rooms=1&amp;group_adults=2&amp;label=portugal\" target=\"_blank\" rel=\"noreferrer noopener sponsored nofollow\">se b\u00e4st rankade boenden<\/a><\/li>\n<\/ul>\n\n\n\n<div class=\"wp-block-buttons box_bouton box_colonne_bouton_ebook box_barre_boutons is-content-justification-left is-layout-flex wp-container-core-buttons-is-layout-fdcfc74e wp-block-buttons-is-layout-flex\">\n<div class=\"wp-block-button box_bouton\"><a class=\"wp-block-button__link wp-element-button\" href=\"https:\/\/www.zigzagonearth.com\/where-to-stay-algarve-best-places\/\" target=\"_blank\" rel=\"noreferrer noopener\">Se v\u00e5r artikel om var du kan bo  <span class=\"box_bouton_image\"><img decoding=\"async\" style=\"width: 14px; height:14px;  \" src=\"https:\/\/www.zigzagonearth.com\/wp-content\/uploads\/2023\/08\/fleche.png\" alt=\"\"\/><\/span><span class=\"box_bouton_image\"><\/span><\/a><\/div>\n<\/div>\n<\/div>\n\n\n\n<div class=\"wp-block-column is-vertically-aligned-top colonne box_activite_img is-layout-flow wp-block-column-is-layout-flow\" style=\"flex-basis:25%\"><div class=\"wp-block-image\">\n<figure class=\"aligncenter size-large\"><img decoding=\"async\" src=\"https:\/\/photos.smugmug.com\/Travel\/Portugal\/17e-Algarve-other\/i-xPxzCmZ\/1\/dad6fe1e\/L\/algarve_IMG_0304-L.jpg\" alt=\"Solnedg&#xE5;ng i Algarve\"\/><\/figure>\n<\/div><\/div>\n<\/div>\n<\/div><\/div><\/div>\n\n<h2 class=\"wp-block-heading\" id=\"tab-con-4\"><strong>Tillfart till Albandeira Cove  <\/strong><\/h2>\n\n<p>Det \u00e4r l\u00e4tt att ta sig fr\u00e5n parkeringen med en konstgjord stig och trappor, som du kan se p\u00e5 bilden nedan.<br\/>Den g\u00e5r ner till de sm\u00e5 str\u00e4nderna p\u00e5 vardera sidan av udden n\u00e4r du har passerat restaurangen.<br\/>Observera att stranden inte \u00e4r s\u00e5 stor, s\u00e5 det blir snabbt fullt eftersom den \u00e4r popul\u00e4r bland lokalbefolkningen.<\/p>\n\n<figure class=\"wp-block-image size-large\"><img decoding=\"async\" src=\"https:\/\/photos.smugmug.com\/Travel\/Portugal\/16c-Praia-Da-Albandeira-Beach\/i-tHmtVLv\/0\/L\/Praia_Da_Albandeira_Beach_Portugal_IMG_5363-L.jpg\" alt=\"Tillg&#xE5;ng till Albandeira-stranden  \"\/><figcaption class=\"wp-element-caption\"><strong>Tillg\u00e5ng till Albandeira-stranden  <\/strong><\/figcaption><\/figure>\n\n<h2 class=\"wp-block-heading\" id=\"t-1608629771397\"><strong>Str\u00e4nder med gyllene sand<\/strong><\/h2>\n\n<p>Nedan \u00e4r den v\u00e4nstra sidan av stranden med det st\u00f6rsta sandomr\u00e5det.  <br\/>Du m\u00e5ste vara f\u00f6rsiktig eftersom v\u00e5gorna kan vara mycket kraftiga och komma upp ganska snabbt!<\/p>\n\n<p>Sanden \u00e4r fin och gyllene.<\/p>\n\n<p>N\u00e4r omr\u00e5det \u00e4r lugnt och vid l\u00e5gvatten \u00e4r det popul\u00e4rt f\u00f6r snorkling och dykning.<br\/>P\u00e5 sommaren \u00e4r havet i allm\u00e4nhet lugnt eftersom viken \u00e4r skyddad, men kontrollera alltid f\u00f6rh\u00e5llandena innan du ger dig ut f\u00f6r att simma!<\/p>\n\n<figure class=\"wp-block-image\"><img decoding=\"async\" src=\"\/\/photos.smugmug.com\/Travel\/Portugal\/16c-Praia-Da-Albandeira-Beach\/i-K7sFD6J\/0\/L\/Praia_Da_Albandeira_Beach_Portugal_IMG_5333-L.jpg\" alt=\"Praia de Albandeira Algarve 3\" title=\"Praia de Albandeira Algarve 3\"\/><\/figure>\n\n<p>Detta \u00e4r den mindre viken p\u00e5 andra sidan klippformationen:<\/p>\n\n<figure class=\"wp-block-image\"><img decoding=\"async\" src=\"\/\/photos.smugmug.com\/Travel\/Portugal\/16c-Praia-Da-Albandeira-Beach\/i-c8XzxvJ\/0\/L\/Praia_Da_Albandeira_Beach_Portugal_IMG_5356-L.jpg\" alt=\"Praia de Albandeira Algarve 4\" title=\"Praia de Albandeira Algarve 4\"\/><\/figure>\n\n<p>Detta \u00e4r inte den b\u00e4sta stranden f\u00f6r solbad.  <br\/>\u00c4ven vid l\u00e5gvatten \u00e4r sandomr\u00e5det inte s\u00e5 stort j\u00e4mf\u00f6rt med andra str\u00e4nder i Algarve. Den \u00e4r ca 80 m l\u00e5ng och inte bred.<\/p>\n\n<p>Men om du \u00e4lskar vackra klippor \u00e4r det h\u00e4r r\u00e4tt st\u00e4lle. Och om du har m\u00f6jlighet, bes\u00f6k stranden Praia de Albandeira <strong>\n  <span style=\"text-decoration: underline;\">vid h\u00f6gvatten<\/span>\n<\/strong> f\u00f6r att beundra v\u00e5gorna som sl\u00e5r in mot klippformationerna i mitten och exploderar i luften.<\/p>\n\n<p>Vattnet skapar ocks\u00e5 vackra virvlar i vikarna, \u00f6ver sanden.<\/p>\n\n<p>En ganska lycklig plats f\u00f6r fotografer (s\u00e4rskilt med b\u00e5gen, se senare i artikeln).<\/p>\n\n<figure class=\"wp-block-image\"><img decoding=\"async\" src=\"\/\/photos.smugmug.com\/Travel\/Portugal\/16c-Praia-Da-Albandeira-Beach\/i-VW6jNX5\/0\/L\/Praia_Da_Albandeira_Beach_Portugal_IMG_5347-L.jpg\" alt=\"Praia da Albandeira Portugal 2\" title=\"Praia da Albandeira Portugal 2\"\/><\/figure>\n\n<figure class=\"wp-block-image\"><img decoding=\"async\" src=\"\/\/photos.smugmug.com\/Travel\/Portugal\/16c-Praia-Da-Albandeira-Beach\/i-zZ6BFCn\/0\/L\/Praia_Da_Albandeira_Beach_Portugal_IMG_5348-L.jpg\" alt=\"Praia da Albandeira Portugal 3\" title=\"Praia da Albandeira Portugal 3\"\/><\/figure>\n\n<h2 class=\"wp-block-heading\" id=\"tab-con-1\"><strong>Vandringar p\u00e5 Albandeiras klippor<\/strong><\/h2>\n\n<h3 class=\"wp-block-heading\"><strong>Vy fr\u00e5n den v\u00e4nstra klippan<\/strong><\/h3>\n\n<p>Man kan inte ha en l\u00e5ng promenad p\u00e5 stranden&#8230; Men du kan utforska de omgivande klipporna. Det \u00e4r l\u00e4tt att ta sig fram, men var f\u00f6rsiktig s\u00e5 att du inte kommer f\u00f6r n\u00e4ra kanten!<br\/>Nedan visas vyerna fr\u00e5n den \u00f6stra sidan av stranden. Du kan se parkeringen, restaurangen och trappan som g\u00e5r ner till stranden.<\/p>\n\n<figure class=\"wp-block-image\"><img decoding=\"async\" src=\"\/\/photos.smugmug.com\/Travel\/Portugal\/16c-Praia-Da-Albandeira-Beach\/i-wnhTChk\/0\/L\/Praia_Da_Albandeira_Beach_Portugal_IMG_5359-L.jpg\" alt=\"Albandeira Strand Algarve Foto 1\" title=\"Albandeira Strand Algarve Foto 1\"\/><\/figure>\n\n<figure class=\"wp-block-image\"><img decoding=\"async\" src=\"\/\/photos.smugmug.com\/Travel\/Portugal\/16c-Praia-Da-Albandeira-Beach\/i-z9c8rmN\/0\/L\/Praia_Da_Albandeira_Beach_Portugal_IMG_5360-L.jpg\" alt=\"Albandeira Strand Algarve Foto 2\" title=\"Albandeira Strand Algarve Foto 2\"\/><\/figure>\n\n<h3 class=\"wp-block-heading\" id=\"tab-con-7\"><strong>Vy fr\u00e5n den h\u00f6gra klippan<\/strong><\/h3>\n\n<p>Men det b\u00e4sta \u00e4r att g\u00e5 p\u00e5 den v\u00e4stra sidan av stranden. F\u00f6rst f\u00e5r du vacker utsikt \u00f6ver de mellersta klipporna och vikarna.<br\/>Ser du hur havet skapar en grotta?<\/p>\n\n<figure class=\"wp-block-image\"><img decoding=\"async\" src=\"\/\/photos.smugmug.com\/Travel\/Portugal\/16c-Praia-Da-Albandeira-Beach\/i-CCSGB5Z\/0\/L\/Praia_Da_Albandeira_Beach_Portugal_IMG_5365-L.jpg\" alt=\"Albandeira Strand Algarve 1\" title=\"Albandeira Strand Algarve 1\"\/><\/figure>\n\n<figure class=\"wp-block-image\"><img decoding=\"async\" src=\"\/\/photos.smugmug.com\/Travel\/Portugal\/16c-Praia-Da-Albandeira-Beach\/i-Z8S2PHR\/0\/L\/Praia_Da_Albandeira_Beach_Portugal_IMG_5369-L.jpg\" alt=\"Albandeira Strand Algarve 2\" title=\"Albandeira Strand Algarve 2\"\/><\/figure>\n\n<p>Det \u00e4r s\u00e5 avkopplande att se v\u00e5gorna sl\u00e5 mot klipporna och vattnet spridas \u00f6verallt.<\/p>\n\n<figure class=\"wp-block-image\"><img decoding=\"async\" src=\"\/\/photos.smugmug.com\/Travel\/Portugal\/16c-Praia-Da-Albandeira-Beach\/i-mLXwbKB\/0\/L\/Praia_Da_Albandeira_Beach_Portugal_IMG_5370-L.jpg\" alt=\"Albandeira Strand Algarve 3\" title=\"Albandeira Strand Algarve 3\"\/><\/figure>\n\n<div style=\"margin-top:8%;margin-bottom:8%\" class=\"wp-block-genesis-blocks-gb-container box gb-block-container\"><div class=\"gb-container-inside\"><div class=\"gb-container-content\">\n<div class=\"wp-block-columns box_colonne is-layout-flex wp-container-core-columns-is-layout-9d6595d7 wp-block-columns-is-layout-flex\">\n<div class=\"wp-block-column colonne is-layout-flow wp-block-column-is-layout-flow\" style=\"flex-basis:66.6%\">\n<h5 class=\"wp-block-heading box_titre\"><strong>Beh\u00f6ver du hyra bil i <\/strong>Portugal<strong>?<\/strong><\/h5>\n\n\n\n<p class=\"box_intro\">Mina tips:<\/p>\n\n\n\n<ul class=\"box_liste wp-block-list\" style=\"font-size:16px\">\n<li>J\u00e4mf\u00f6r priser p\u00e5 min favoritplattform: <a href=\"https:\/\/www.discovercars.com\/se\/portugal?a_aid=zigzag&amp;chan=ZZOE&amp;data2=portugal\" target=\"_blank\" rel=\"noreferrer noopener sponsored nofollow\">\n  <span style=\"text-decoration: underline;\">Discovercars.com<\/span>\n<\/a> &#8211; en av de b\u00e4st rankade j\u00e4mf\u00f6relsesajterna!<\/li>\n\n\n\n<li>F\u00f6redrar en <strong>kompakt bil<\/strong> f\u00f6r de smala gatorna i byarna<\/li>\n\n\n\n<li>T\u00e4nk p\u00e5 deras full t\u00e4ckning alternativ &#8211; det f\u00f6r sinnesfrid!  <\/li>\n\n\n\n<li><span style=\"text-decoration: underline;\">Boka tidigt<\/span> f\u00f6r att ha ett stort urval av fordon!<\/li>\n<\/ul>\n\n\n\n<div class=\"wp-block-columns box_barre_boutons is-layout-flex wp-container-core-columns-is-layout-9d6595d7 wp-block-columns-is-layout-flex\">\n<div class=\"wp-block-column is-vertically-aligned-center box_col_conseil is-layout-flow wp-block-column-is-layout-flow\">\n<p class=\"box_lien\"><a href=\"https:\/\/www.zigzagonearth.com\/renting-car-portugal-tips\/\" target=\"_blank\" rel=\"noreferrer noopener\">Se alla mina tips<\/a><\/p>\n<\/div>\n\n\n\n<div class=\"wp-block-column box_col_bouton is-layout-flow wp-block-column-is-layout-flow\">\n<div class=\"wp-block-buttons box_bouton is-content-justification-left is-layout-flex wp-container-core-buttons-is-layout-fdcfc74e wp-block-buttons-is-layout-flex\">\n<div class=\"wp-block-button box_bouton\"><a class=\"wp-block-button__link wp-element-button\" href=\"https:\/\/www.discovercars.com\/se\/portugal?a_aid=zigzag&amp;amp;chan=ZZOE&amp;amp;data2=portugal\" target=\"_blank\" rel=\"noreferrer noopener\">Se tillg\u00e4ngliga bilar  <span class=\"box_bouton_image\"><img decoding=\"async\" style=\"width: 14px; height:14px;  \" src=\"https:\/\/www.zigzagonearth.com\/wp-content\/uploads\/2023\/08\/fleche.png\" alt=\"\"\/><\/span><\/a><\/div>\n<\/div>\n<\/div>\n<\/div>\n<\/div>\n\n\n\n<div class=\"wp-block-column colonne box_cafe_img is-layout-flow wp-block-column-is-layout-flow\" style=\"flex-basis:33.33%\"><div class=\"wp-block-image\">\n<figure class=\"aligncenter size-large is-resized\"><img loading=\"lazy\" decoding=\"async\" src=\"https:\/\/www.zigzagonearth.com\/wp-content\/uploads\/2023\/08\/003world-travel-car-01-1024x1024.webp\" alt=\"\" class=\"wp-image-16227\" style=\"width:288px;height:288px\" width=\"288\" height=\"288\" srcset=\"https:\/\/www.zigzagonearth.com\/wp-content\/uploads\/2023\/08\/003world-travel-car-01-1024x1024.webp 1024w, https:\/\/www.zigzagonearth.com\/wp-content\/uploads\/2023\/08\/003world-travel-car-01-300x300.webp 300w, https:\/\/www.zigzagonearth.com\/wp-content\/uploads\/2023\/08\/003world-travel-car-01-150x150.webp 150w, https:\/\/www.zigzagonearth.com\/wp-content\/uploads\/2023\/08\/003world-travel-car-01-768x768.webp 768w, https:\/\/www.zigzagonearth.com\/wp-content\/uploads\/2023\/08\/003world-travel-car-01-1536x1536.webp 1536w, https:\/\/www.zigzagonearth.com\/wp-content\/uploads\/2023\/08\/003world-travel-car-01-2048x2048.webp 2048w, https:\/\/www.zigzagonearth.com\/wp-content\/uploads\/2023\/08\/003world-travel-car-01-100x100.webp 100w, https:\/\/www.zigzagonearth.com\/wp-content\/uploads\/2023\/08\/003world-travel-car-01-600x600.webp 600w\" sizes=\"auto, (max-width: 288px) 100vw, 288px\" \/><\/figure>\n<\/div><\/div>\n<\/div>\n<\/div><\/div><\/div>\n\n<h2 class=\"wp-block-heading\" id=\"tab-con-5\"><strong>Arch: Arco de Albandeira och stranden Praia da Estaquinha<\/strong><\/h2>\n\n<p>Och fr\u00e5n samma klippa som ovan, v\u00e4nd dig bara om och titta p\u00e5 n\u00e4sta omr\u00e5de som skulpterats av havet.<\/p>\n\n<p>Strax v\u00e4ster om Praia da Albandeira finns en annan liten vik som heter Praia da Estaquinha.  <br\/>Missa inte att g\u00e5 p\u00e5 klippan mellan dem f\u00f6r att uppt\u00e4cka den vackra havsutskurna b\u00e5gen, Arco de Albandeira.<\/p>\n\n<p>Om du \u00e4r en bra simmare kan du simma under den n\u00e4r f\u00f6rh\u00e5llandena \u00e4r s\u00e4kra!<\/p>\n\n<figure class=\"wp-block-image size-large\"><img decoding=\"async\" src=\"https:\/\/photos.smugmug.com\/Travel\/Portugal\/16c-Praia-Da-Albandeira-Beach\/i-dNKD4b8\/0\/L\/Praia_Da_Albandeira_Beach_Portugal_IMG_5377-L.jpg\" alt=\"Arco de Albandeira\"\/><figcaption class=\"wp-element-caption\"><strong>Arco de Albandeira<\/strong><\/figcaption><\/figure>\n\n<figure class=\"wp-block-image\"><img decoding=\"async\" src=\"\/\/photos.smugmug.com\/Travel\/Portugal\/16c-Praia-Da-Albandeira-Beach\/i-qPQcmwM\/0\/L\/Praia_Da_Albandeira_Beach_IMG_0222-L.jpg\" alt=\"Praia da Estaquinha Strand Algarve Portugal 2\" title=\"Praia da Estaquinha Strand Algarve Portugal 2\"\/><\/figure>\n\n<h3 class=\"wp-block-heading\"><strong>Praia da Estaquinha &amp; tunnel<\/strong><\/h3>\n\n<p>I n\u00e4sta vik finns en annan strand: Praia da Estaquinha.<br\/>Det kan n\u00e5s genom \u00e5tkomst:<\/p>\n\n<ul class=\"wp-block-list\">\n<li>genom en tunnel fr\u00e5n Praia de Albandeira (men var f\u00f6rsiktig med tidvattnet &#8211; bes\u00f6k endast vid l\u00e5gvatten)  <\/li>\n\n\n\n<li>eller genom att simma runt udden (men var f\u00f6rsiktig med simf\u00f6rh\u00e5llandena)<\/li>\n<\/ul>\n\n<p>Precis som Praia de Albandeira strand f\u00f6rsvinner Praia da Estaquinha vid h\u00f6gvatten n\u00e4r v\u00e5gorna sl\u00e5r in mot klipporna.<br\/>Vid l\u00e5gvatten kan man ta sig dit via en liten tunnel fr\u00e5n Albandeira-stranden eller simma runt klipporna.<\/p>\n\n<figure class=\"wp-block-image size-large\"><img decoding=\"async\" src=\"https:\/\/photos.smugmug.com\/Travel\/Portugal\/16c-Praia-Da-Albandeira-Beach\/i-6qZH4Qh\/0\/L\/Praia_Da_Albandeira_Beach_Portugal_IMG_5381-L.jpg\" alt=\"Praia da Estaquinha\"\/><figcaption class=\"wp-element-caption\"><strong>Praia da Estaquinha<\/strong><\/figcaption><\/figure>\n\n<p><strong><strong>Vill du se mer av Algarve och Portugal?<\/strong><\/strong><\/p>\n\n<ul class=\"wp-block-list\">\n<li>30 vackraste landskapen i Portugal &#8211; <a style=\"outline: none;\" href=\"https:\/\/www.zigzagonearth.com\/what-to-do-portugal-photos\/\" target=\"_blank\" rel=\"noopener\">l\u00e4s artikel<\/a><\/li>\n\n\n\n<li>B\u00e4sta sev\u00e4rdheter i Portugal &#8211; <a style=\"outline: none;\" href=\"https:\/\/www.zigzagonearth.com\/top-portugal-attractions\/\" target=\"_blank\" rel=\"noopener\">l\u00e4s artikel<\/a><\/li>\n\n\n\n<li>De b\u00e4sta str\u00e4nderna i Portugal &#8211; <a style=\"outline: none;\" href=\"https:\/\/www.zigzagonearth.com\/best-portugal-beaches-photos\/\" target=\"_blank\" rel=\"noopener\">l\u00e4s artikeln<\/a><\/li>\n\n\n\n<li>De b\u00e4sta sakerna att g\u00f6ra i Algarve-regionen &#8211; <a style=\"outline: none;\" href=\"https:\/\/www.zigzagonearth.com\/algarve-things-to-do-best-beaches\/\" target=\"_blank\" rel=\"noopener\">l\u00e4s artikeln<\/a><\/li>\n\n\n\n<li>Benagil grotta och Algarve b\u00e5tturer &#8211; <a style=\"outline: none;\" href=\"https:\/\/www.zigzagonearth.com\/ponta-da-piedade-portugal-algarve\/\" target=\"_blank\" rel=\"noopener\">l\u00e4s artikel<\/a><\/li>\n\n\n\n<li>Den magnifika Ponta da Piedade &#8211; <a style=\"outline: none;\" href=\"https:\/\/www.zigzagonearth.com\/ponta-da-piedade-portugal-algarve\/\" target=\"_blank\" rel=\"noopener\">l\u00e4s artikeln<\/a><\/li>\n\n\n\n<li>Den ber\u00f6mda stranden Marinha &#8211; <a style=\"outline: none;\" href=\"https:\/\/www.zigzagonearth.com\/praia-da-marinha-beach-algarve\/\" target=\"_blank\" rel=\"noopener\">l\u00e4s artikeln<\/a><\/li>\n\n\n\n<li>Den unika stranden Tres Irmaos &#8211; <a style=\"outline: none;\" href=\"https:\/\/www.zigzagonearth.com\/praia-dos-tres-irmaos-beach-algarve\/\" target=\"_blank\" rel=\"noopener\">l\u00e4s artikeln<\/a><\/li>\n\n\n\n<li>De magnifika orangef\u00e4rgade klipporna vid Praia da Falesia &#8211; <a style=\"outline: none;\" href=\"https:\/\/www.zigzagonearth.com\/praia-da-falesia-algarve-portugal\/\" target=\"_blank\" rel=\"noopener\">l\u00e4s artikeln<\/a><\/li>\n<\/ul>\n\n<p><strong>Planerar du en resa till Portugal?<\/strong><\/p>\n\n<p>Kolla in min reseguide f\u00f6r att f\u00e5 hj\u00e4lp med planeringen:<\/p>\n\n<div style=\"margin-top:8%;margin-bottom:8%\" class=\"wp-block-genesis-blocks-gb-container box_ebook gb-block-container\"><div class=\"gb-container-inside\"><div class=\"gb-container-content\">\n<h5 class=\"wp-block-heading box_titre_ebook\">Planera din <u>dr\u00f6mresa<\/u> i Portugal med hj\u00e4lp av min guide (endast p\u00e5 engelska):<\/h5>\n\n\n\n<div class=\"wp-block-columns box_colonnes_ebook is-layout-flex wp-container-core-columns-is-layout-9d6595d7 wp-block-columns-is-layout-flex\">\n<div class=\"wp-block-column is-layout-flow wp-block-column-is-layout-flow\">\n<figure class=\"wp-block-image size-medium img_ebook\"><a href=\"https:\/\/www.zigzagonearth.com\/ebook-road-trip-guide-portugal\/\" target=\"_blank\" rel=\"noreferrer noopener\"><img loading=\"lazy\" decoding=\"async\" width=\"300\" height=\"225\" src=\"http:\/\/www.zigzagonearth.com\/wp-content\/uploads\/2017\/06\/Small-Mainland-Portugal-Algarve-ebook-cover-300x225.jpg\" alt=\"Lilla fastlandet Portugal Algarve ebok omslag\" class=\"wp-image-10900\" srcset=\"https:\/\/www.zigzagonearth.com\/wp-content\/uploads\/2017\/06\/Small-Mainland-Portugal-Algarve-ebook-cover-300x225.jpg 300w, https:\/\/www.zigzagonearth.com\/wp-content\/uploads\/2017\/06\/Small-Mainland-Portugal-Algarve-ebook-cover-768x576.jpg 768w, https:\/\/www.zigzagonearth.com\/wp-content\/uploads\/2017\/06\/Small-Mainland-Portugal-Algarve-ebook-cover-1024x768.jpg 1024w\" sizes=\"auto, (max-width: 300px) 100vw, 300px\" \/><\/a><\/figure>\n<\/div>\n\n\n\n<div class=\"wp-block-column is-layout-flow wp-block-column-is-layout-flow\">\n<ul class=\"box_liste wp-block-list\" style=\"font-size:16px\">\n<li>13 kartor f\u00f6r att enkelt planera din resv\u00e4g<\/li>\n\n\n\n<li>120+ f\u00f6rvalda platser<\/li>\n\n\n\n<li>GPS-koordinater direkt till parkeringsplatserna<\/li>\n\n\n\n<li>Tips f\u00f6r att f\u00e5 ut det mesta av din tid<\/li>\n\n\n\n<li>200+ originalbilder som hj\u00e4lper dig att v\u00e4lja<\/li>\n<\/ul>\n\n\n\n<div class=\"wp-block-buttons box_colonne_bouton_ebook is-content-justification-left is-layout-flex wp-container-core-buttons-is-layout-fdcfc74e wp-block-buttons-is-layout-flex\">\n<div class=\"wp-block-button box_bouton box_bouton_ebook\"><a class=\"wp-block-button__link wp-element-button\" href=\"https:\/\/www.zigzagonearth.com\/ebook-road-trip-guide-portugal\/\" target=\"_blank\" rel=\"noreferrer noopener\">Uppt\u00e4ck det! (endast p\u00e5 engelska)<span class=\"box_bouton_image\"><\/span><\/a><\/div>\n<\/div>\n<\/div>\n<\/div>\n<\/div><\/div><\/div>\n\n<p class=\"has-text-align-left\"><strong>Och h\u00e5ll koll p\u00e5 din egen resa!<\/strong><\/p>\n\n<figure class=\"wp-block-image\"><a href=\"https:\/\/www.amazon.com\/dp\/B09PVYJYDH?&amp;linkCode=ll1&amp;tag=zigzagus-20&amp;linkId=bd02c2b315144f4d3ec47f5b8edabbb0&amp;language=en_US&amp;ref_=as_li_ss_tl\" target=\"_blank\" rel=\"nofollow noopener\"><img decoding=\"async\" src=\"\/\/www.zigzagonearth.com\/wp-content\/uploads\/2022\/01\/Portugal-Travel-journal.png\" alt=\"Portugal Resedagbok\" title=\"Portugal Resedagbok\"\/><\/a><\/figure>\n\n<p><strong>TIDIGARE:  <\/strong><\/p>\n\n<p><a href=\"https:\/\/www.zigzagonearth.com\/sv\/boat-trip-algarve-caves-benagil-sea-cave-3\/\" target=\"_blank\" rel=\"noreferrer noopener\"><strong>B\u00c5TTURER ALGARVES GROTTOR<\/strong><\/a><\/p>\n\n<p><strong>N\u00c4STA: <\/strong><\/p>\n\n<p><a href=\"https:\/\/www.zigzagonearth.com\/praia-dos-arrifes-beach-algarve-portugal\/\" target=\"_blank\" rel=\"noreferrer noopener\"><strong>PRAIA DOS ARRIFES STRAND<\/strong><\/a><\/p>\n\n<figure class=\"wp-block-image is-resized\"><a href=\"https:\/\/www.zigzagonearth.com\/portugal-travel-guide\/\"><img decoding=\"async\" src=\"\/\/www.zigzagonearth.com\/wp-content\/uploads\/2016\/12\/Portugal-Travel-Guide-Portugal-destinations-1.jpg\" alt=\"Reseguide till Portugal - Resm&#xE5;l i Portugal\" style=\"width:200px;height:undefinedpx\" title=\"Reseguide till Portugal - Resm&#xE5;l i Portugal\"\/><\/a><\/figure>\n\n<p class=\"has-text-align-left\"><strong>Inspirerad? Dela den p\u00e5 din favoritplattform!<\/strong><\/p>\n","protected":false},"excerpt":{"rendered":"<p>Praia de Albandeira \u00e4r en liten dubbelstrand som \u00e4r v\u00e4rd ett bes\u00f6k i Algarve, Portugal.Vid h\u00f6gvatten sl\u00e5r v\u00e5gorna in och virvlar runt i vikarna. En fantastisk show!Dessutom kan du g\u00e5 p\u00e5 klipporna f\u00f6r att beundra b\u00e5gen: Arco de Albandeira.Nedan f\u00f6ljer min guide som hj\u00e4lper dig att planera din vistelse i Albandeira strand med karta, tips [&hellip;]<\/p>\n","protected":false},"author":1,"featured_media":0,"comment_status":"closed","ping_status":"closed","sticky":false,"template":"","format":"standard","meta":{"_genesis_hide_title":false,"_genesis_hide_breadcrumbs":false,"_genesis_hide_singular_image":false,"_genesis_hide_footer_widgets":false,"_genesis_custom_body_class":"","_genesis_custom_post_class":"","_genesis_layout":"full-width-content","footnotes":""},"categories":[894],"tags":[],"class_list":{"0":"post-70258","1":"post","2":"type-post","3":"status-publish","4":"format-standard","6":"category-portugal-sv","7":"entry"},"yoast_head":"<!-- This site is optimized with the Yoast SEO plugin v27.2 - https:\/\/yoast.com\/product\/yoast-seo-wordpress\/ -->\n<title>Praia de Albandeira (strand i Algarve) - Tips + Bilder<\/title>\n<meta name=\"description\" content=\"Bes\u00f6k den fantastiska stranden Praia de Albandeira i Algarve (Portugal) d\u00e4r turkost vatten virvlar in i viken - karta + tips + foton\" \/>\n<meta name=\"robots\" content=\"index, follow, max-snippet:-1, max-image-preview:large, max-video-preview:-1\" \/>\n<link rel=\"canonical\" href=\"https:\/\/www.zigzagonearth.com\/sv\/praia-de-albandeira-strand-algarve\/\" \/>\n<meta property=\"og:locale\" content=\"sv_SE\" \/>\n<meta property=\"og:type\" content=\"article\" \/>\n<meta property=\"og:title\" content=\"Praia de Albandeira (strand i Algarve) - Tips + Bilder\" \/>\n<meta property=\"og:description\" content=\"Bes\u00f6k den fantastiska stranden Praia de Albandeira i Algarve (Portugal) d\u00e4r turkost vatten virvlar in i viken - karta + tips + foton\" \/>\n<meta property=\"og:url\" content=\"https:\/\/www.zigzagonearth.com\/sv\/praia-de-albandeira-strand-algarve\/\" \/>\n<meta property=\"og:site_name\" content=\"ZigZagonEarth\" \/>\n<meta property=\"article:publisher\" content=\"https:\/\/www.facebook.com\/zigzagonearth\" \/>\n<meta property=\"article:author\" content=\"https:\/\/www.facebook.com\/zigzagonearth\" \/>\n<meta property=\"article:published_time\" content=\"2017-02-01T09:29:50+00:00\" \/>\n<meta property=\"article:modified_time\" content=\"2023-11-13T14:51:34+00:00\" \/>\n<meta property=\"og:image\" content=\"https:\/\/www.zigzagonearth.com\/wp-content\/uploads\/2017\/02\/FB-Praia-de-Albandeira-beach-Algarve-Portugal-Travel-1.jpg\" \/>\n<meta name=\"author\" content=\"Claire\" \/>\n<meta name=\"twitter:card\" content=\"summary_large_image\" \/>\n<meta name=\"twitter:creator\" content=\"@ZigZagOnEarth\" \/>\n<meta name=\"twitter:site\" content=\"@ZigZagOnEarth\" \/>\n<meta name=\"twitter:label1\" content=\"Skriven av\" \/>\n\t<meta name=\"twitter:data1\" content=\"Claire\" \/>\n\t<meta name=\"twitter:label2\" content=\"Ber\u00e4knad l\u00e4stid\" \/>\n\t<meta name=\"twitter:data2\" content=\"6 minuter\" \/>\n<script type=\"application\/ld+json\" class=\"yoast-schema-graph\">{\"@context\":\"https:\/\/schema.org\",\"@graph\":[{\"@type\":\"Article\",\"@id\":\"https:\/\/www.zigzagonearth.com\/sv\/praia-de-albandeira-strand-algarve\/#article\",\"isPartOf\":{\"@id\":\"https:\/\/www.zigzagonearth.com\/sv\/praia-de-albandeira-strand-algarve\/\"},\"author\":{\"name\":\"Claire\",\"@id\":\"https:\/\/www.zigzagonearth.com\/sv\/#\/schema\/person\/0498142e0cb256f21659d85ef6bca599\"},\"headline\":\"Praia de Albandeira (strand i Algarve) &#8211; Tips + Bilder\",\"datePublished\":\"2017-02-01T09:29:50+00:00\",\"dateModified\":\"2023-11-13T14:51:34+00:00\",\"mainEntityOfPage\":{\"@id\":\"https:\/\/www.zigzagonearth.com\/sv\/praia-de-albandeira-strand-algarve\/\"},\"wordCount\":1209,\"image\":{\"@id\":\"https:\/\/www.zigzagonearth.com\/sv\/praia-de-albandeira-strand-algarve\/#primaryimage\"},\"thumbnailUrl\":\"https:\/\/www.zigzagonearth.com\/wp-content\/uploads\/2023\/09\/Albandeira-strand-Algarve-Portugal-1.jpg\",\"articleSection\":[\"Portugal\"],\"inLanguage\":\"sv-SE\"},{\"@type\":\"WebPage\",\"@id\":\"https:\/\/www.zigzagonearth.com\/sv\/praia-de-albandeira-strand-algarve\/\",\"url\":\"https:\/\/www.zigzagonearth.com\/sv\/praia-de-albandeira-strand-algarve\/\",\"name\":\"Praia de Albandeira (strand i Algarve) - Tips + Bilder\",\"isPartOf\":{\"@id\":\"https:\/\/www.zigzagonearth.com\/sv\/#website\"},\"primaryImageOfPage\":{\"@id\":\"https:\/\/www.zigzagonearth.com\/sv\/praia-de-albandeira-strand-algarve\/#primaryimage\"},\"image\":{\"@id\":\"https:\/\/www.zigzagonearth.com\/sv\/praia-de-albandeira-strand-algarve\/#primaryimage\"},\"thumbnailUrl\":\"https:\/\/www.zigzagonearth.com\/wp-content\/uploads\/2023\/09\/Albandeira-strand-Algarve-Portugal-1.jpg\",\"datePublished\":\"2017-02-01T09:29:50+00:00\",\"dateModified\":\"2023-11-13T14:51:34+00:00\",\"author\":{\"@id\":\"https:\/\/www.zigzagonearth.com\/sv\/#\/schema\/person\/0498142e0cb256f21659d85ef6bca599\"},\"description\":\"Bes\u00f6k den fantastiska stranden Praia de Albandeira i Algarve (Portugal) d\u00e4r turkost vatten virvlar in i viken - karta + tips + foton\",\"breadcrumb\":{\"@id\":\"https:\/\/www.zigzagonearth.com\/sv\/praia-de-albandeira-strand-algarve\/#breadcrumb\"},\"inLanguage\":\"sv-SE\",\"potentialAction\":[{\"@type\":\"ReadAction\",\"target\":[\"https:\/\/www.zigzagonearth.com\/sv\/praia-de-albandeira-strand-algarve\/\"]}]},{\"@type\":\"ImageObject\",\"inLanguage\":\"sv-SE\",\"@id\":\"https:\/\/www.zigzagonearth.com\/sv\/praia-de-albandeira-strand-algarve\/#primaryimage\",\"url\":\"https:\/\/www.zigzagonearth.com\/wp-content\/uploads\/2023\/09\/Albandeira-strand-Algarve-Portugal-1.jpg\",\"contentUrl\":\"https:\/\/www.zigzagonearth.com\/wp-content\/uploads\/2023\/09\/Albandeira-strand-Algarve-Portugal-1.jpg\"},{\"@type\":\"BreadcrumbList\",\"@id\":\"https:\/\/www.zigzagonearth.com\/sv\/praia-de-albandeira-strand-algarve\/#breadcrumb\",\"itemListElement\":[{\"@type\":\"ListItem\",\"position\":1,\"name\":\"Home\",\"item\":\"https:\/\/www.zigzagonearth.com\/sv\/\"},{\"@type\":\"ListItem\",\"position\":2,\"name\":\"Praia de Albandeira (strand i Algarve) &#8211; Tips + Bilder\"}]},{\"@type\":\"WebSite\",\"@id\":\"https:\/\/www.zigzagonearth.com\/sv\/#website\",\"url\":\"https:\/\/www.zigzagonearth.com\/sv\/\",\"name\":\"ZigZagonEarth\",\"description\":\"Plan unforgettable road trips!\",\"potentialAction\":[{\"@type\":\"SearchAction\",\"target\":{\"@type\":\"EntryPoint\",\"urlTemplate\":\"https:\/\/www.zigzagonearth.com\/sv\/?s={search_term_string}\"},\"query-input\":{\"@type\":\"PropertyValueSpecification\",\"valueRequired\":true,\"valueName\":\"search_term_string\"}}],\"inLanguage\":\"sv-SE\"},{\"@type\":\"Person\",\"@id\":\"https:\/\/www.zigzagonearth.com\/sv\/#\/schema\/person\/0498142e0cb256f21659d85ef6bca599\",\"name\":\"Claire\",\"image\":{\"@type\":\"ImageObject\",\"inLanguage\":\"sv-SE\",\"@id\":\"https:\/\/secure.gravatar.com\/avatar\/7a2d4fe6757ab43d35e1680834ada7bf24e3ceccf01b37a8d65bfb7e69ce6271?s=96&d=blank&r=g\",\"url\":\"https:\/\/secure.gravatar.com\/avatar\/7a2d4fe6757ab43d35e1680834ada7bf24e3ceccf01b37a8d65bfb7e69ce6271?s=96&d=blank&r=g\",\"contentUrl\":\"https:\/\/secure.gravatar.com\/avatar\/7a2d4fe6757ab43d35e1680834ada7bf24e3ceccf01b37a8d65bfb7e69ce6271?s=96&d=blank&r=g\",\"caption\":\"Claire\"},\"description\":\"Claire is the ultimate Travel Planning Geek - She can spend hours, weeks, months... researching for a trip. She created ZigZag On Earth to help people plan their own travels and make the most of their time.\",\"sameAs\":[\"https:\/\/www.facebook.com\/zigzagonearth\"]}]}<\/script>\n<!-- \/ Yoast SEO plugin. -->","yoast_head_json":{"title":"Praia de Albandeira (strand i Algarve) - Tips + Bilder","description":"Bes\u00f6k den fantastiska stranden Praia de Albandeira i Algarve (Portugal) d\u00e4r turkost vatten virvlar in i viken - karta + tips + foton","robots":{"index":"index","follow":"follow","max-snippet":"max-snippet:-1","max-image-preview":"max-image-preview:large","max-video-preview":"max-video-preview:-1"},"canonical":"https:\/\/www.zigzagonearth.com\/sv\/praia-de-albandeira-strand-algarve\/","og_locale":"sv_SE","og_type":"article","og_title":"Praia de Albandeira (strand i Algarve) - Tips + Bilder","og_description":"Bes\u00f6k den fantastiska stranden Praia de Albandeira i Algarve (Portugal) d\u00e4r turkost vatten virvlar in i viken - karta + tips + foton","og_url":"https:\/\/www.zigzagonearth.com\/sv\/praia-de-albandeira-strand-algarve\/","og_site_name":"ZigZagonEarth","article_publisher":"https:\/\/www.facebook.com\/zigzagonearth","article_author":"https:\/\/www.facebook.com\/zigzagonearth","article_published_time":"2017-02-01T09:29:50+00:00","article_modified_time":"2023-11-13T14:51:34+00:00","og_image":[{"url":"https:\/\/www.zigzagonearth.com\/wp-content\/uploads\/2017\/02\/FB-Praia-de-Albandeira-beach-Algarve-Portugal-Travel-1.jpg","type":"","width":"","height":""}],"author":"Claire","twitter_card":"summary_large_image","twitter_creator":"@ZigZagOnEarth","twitter_site":"@ZigZagOnEarth","twitter_misc":{"Skriven av":"Claire","Ber\u00e4knad l\u00e4stid":"6 minuter"},"schema":{"@context":"https:\/\/schema.org","@graph":[{"@type":"Article","@id":"https:\/\/www.zigzagonearth.com\/sv\/praia-de-albandeira-strand-algarve\/#article","isPartOf":{"@id":"https:\/\/www.zigzagonearth.com\/sv\/praia-de-albandeira-strand-algarve\/"},"author":{"name":"Claire","@id":"https:\/\/www.zigzagonearth.com\/sv\/#\/schema\/person\/0498142e0cb256f21659d85ef6bca599"},"headline":"Praia de Albandeira (strand i Algarve) &#8211; Tips + Bilder","datePublished":"2017-02-01T09:29:50+00:00","dateModified":"2023-11-13T14:51:34+00:00","mainEntityOfPage":{"@id":"https:\/\/www.zigzagonearth.com\/sv\/praia-de-albandeira-strand-algarve\/"},"wordCount":1209,"image":{"@id":"https:\/\/www.zigzagonearth.com\/sv\/praia-de-albandeira-strand-algarve\/#primaryimage"},"thumbnailUrl":"https:\/\/www.zigzagonearth.com\/wp-content\/uploads\/2023\/09\/Albandeira-strand-Algarve-Portugal-1.jpg","articleSection":["Portugal"],"inLanguage":"sv-SE"},{"@type":"WebPage","@id":"https:\/\/www.zigzagonearth.com\/sv\/praia-de-albandeira-strand-algarve\/","url":"https:\/\/www.zigzagonearth.com\/sv\/praia-de-albandeira-strand-algarve\/","name":"Praia de Albandeira (strand i Algarve) - Tips + Bilder","isPartOf":{"@id":"https:\/\/www.zigzagonearth.com\/sv\/#website"},"primaryImageOfPage":{"@id":"https:\/\/www.zigzagonearth.com\/sv\/praia-de-albandeira-strand-algarve\/#primaryimage"},"image":{"@id":"https:\/\/www.zigzagonearth.com\/sv\/praia-de-albandeira-strand-algarve\/#primaryimage"},"thumbnailUrl":"https:\/\/www.zigzagonearth.com\/wp-content\/uploads\/2023\/09\/Albandeira-strand-Algarve-Portugal-1.jpg","datePublished":"2017-02-01T09:29:50+00:00","dateModified":"2023-11-13T14:51:34+00:00","author":{"@id":"https:\/\/www.zigzagonearth.com\/sv\/#\/schema\/person\/0498142e0cb256f21659d85ef6bca599"},"description":"Bes\u00f6k den fantastiska stranden Praia de Albandeira i Algarve (Portugal) d\u00e4r turkost vatten virvlar in i viken - karta + tips + foton","breadcrumb":{"@id":"https:\/\/www.zigzagonearth.com\/sv\/praia-de-albandeira-strand-algarve\/#breadcrumb"},"inLanguage":"sv-SE","potentialAction":[{"@type":"ReadAction","target":["https:\/\/www.zigzagonearth.com\/sv\/praia-de-albandeira-strand-algarve\/"]}]},{"@type":"ImageObject","inLanguage":"sv-SE","@id":"https:\/\/www.zigzagonearth.com\/sv\/praia-de-albandeira-strand-algarve\/#primaryimage","url":"https:\/\/www.zigzagonearth.com\/wp-content\/uploads\/2023\/09\/Albandeira-strand-Algarve-Portugal-1.jpg","contentUrl":"https:\/\/www.zigzagonearth.com\/wp-content\/uploads\/2023\/09\/Albandeira-strand-Algarve-Portugal-1.jpg"},{"@type":"BreadcrumbList","@id":"https:\/\/www.zigzagonearth.com\/sv\/praia-de-albandeira-strand-algarve\/#breadcrumb","itemListElement":[{"@type":"ListItem","position":1,"name":"Home","item":"https:\/\/www.zigzagonearth.com\/sv\/"},{"@type":"ListItem","position":2,"name":"Praia de Albandeira (strand i Algarve) &#8211; Tips + Bilder"}]},{"@type":"WebSite","@id":"https:\/\/www.zigzagonearth.com\/sv\/#website","url":"https:\/\/www.zigzagonearth.com\/sv\/","name":"ZigZagonEarth","description":"Plan unforgettable road trips!","potentialAction":[{"@type":"SearchAction","target":{"@type":"EntryPoint","urlTemplate":"https:\/\/www.zigzagonearth.com\/sv\/?s={search_term_string}"},"query-input":{"@type":"PropertyValueSpecification","valueRequired":true,"valueName":"search_term_string"}}],"inLanguage":"sv-SE"},{"@type":"Person","@id":"https:\/\/www.zigzagonearth.com\/sv\/#\/schema\/person\/0498142e0cb256f21659d85ef6bca599","name":"Claire","image":{"@type":"ImageObject","inLanguage":"sv-SE","@id":"https:\/\/secure.gravatar.com\/avatar\/7a2d4fe6757ab43d35e1680834ada7bf24e3ceccf01b37a8d65bfb7e69ce6271?s=96&d=blank&r=g","url":"https:\/\/secure.gravatar.com\/avatar\/7a2d4fe6757ab43d35e1680834ada7bf24e3ceccf01b37a8d65bfb7e69ce6271?s=96&d=blank&r=g","contentUrl":"https:\/\/secure.gravatar.com\/avatar\/7a2d4fe6757ab43d35e1680834ada7bf24e3ceccf01b37a8d65bfb7e69ce6271?s=96&d=blank&r=g","caption":"Claire"},"description":"Claire is the ultimate Travel Planning Geek - She can spend hours, weeks, months... researching for a trip. She created ZigZag On Earth to help people plan their own travels and make the most of their time.","sameAs":["https:\/\/www.facebook.com\/zigzagonearth"]}]}},"featured_image_src":null,"featured_image_src_square":null,"author_info":{"display_name":"Claire","author_link":"https:\/\/www.zigzagonearth.com\/sv\/author\/zzoe\/"},"_links":{"self":[{"href":"https:\/\/www.zigzagonearth.com\/sv\/wp-json\/wp\/v2\/posts\/70258","targetHints":{"allow":["GET"]}}],"collection":[{"href":"https:\/\/www.zigzagonearth.com\/sv\/wp-json\/wp\/v2\/posts"}],"about":[{"href":"https:\/\/www.zigzagonearth.com\/sv\/wp-json\/wp\/v2\/types\/post"}],"author":[{"embeddable":true,"href":"https:\/\/www.zigzagonearth.com\/sv\/wp-json\/wp\/v2\/users\/1"}],"replies":[{"embeddable":true,"href":"https:\/\/www.zigzagonearth.com\/sv\/wp-json\/wp\/v2\/comments?post=70258"}],"version-history":[{"count":0,"href":"https:\/\/www.zigzagonearth.com\/sv\/wp-json\/wp\/v2\/posts\/70258\/revisions"}],"wp:attachment":[{"href":"https:\/\/www.zigzagonearth.com\/sv\/wp-json\/wp\/v2\/media?parent=70258"}],"wp:term":[{"taxonomy":"category","embeddable":true,"href":"https:\/\/www.zigzagonearth.com\/sv\/wp-json\/wp\/v2\/categories?post=70258"},{"taxonomy":"post_tag","embeddable":true,"href":"https:\/\/www.zigzagonearth.com\/sv\/wp-json\/wp\/v2\/tags?post=70258"}],"curies":[{"name":"wp","href":"https:\/\/api.w.org\/{rel}","templated":true}]}}