{"id":70160,"date":"2022-07-15T11:52:26","date_gmt":"2022-07-15T09:52:26","guid":{"rendered":"https:\/\/www.zigzagonearth.com\/basta-sevardheter-palma-mallorca\/"},"modified":"2023-11-13T10:51:16","modified_gmt":"2023-11-13T09:51:16","slug":"basta-sevardheter-palma-mallorca","status":"publish","type":"post","link":"https:\/\/www.zigzagonearth.com\/sv\/basta-sevardheter-palma-mallorca\/","title":{"rendered":"40 b\u00e4sta sev\u00e4rdheter i Palma de Mallorca"},"content":{"rendered":"\n<p><strong>Palma de Mallorca \u00e4r en fascinerande stad: livlig och historisk. Det finns mycket att uppleva!<\/strong><br\/><strong>Nedan f\u00f6ljer min guide med 40 av de b\u00e4sta sev\u00e4rdheter i Palma de Mallorca:<\/strong><\/p>\n\n<ul class=\"wp-block-list\">\n<li><strong>Huvudattraktioner,<\/strong><\/li>\n\n\n\n<li><strong>arkitektur,<\/strong><\/li>\n\n\n\n<li><strong>museer,<\/strong><\/li>\n\n\n\n<li><strong>str\u00e4nder,<\/strong><\/li>\n\n\n\n<li><strong>Dagsutflykter<\/strong><\/li>\n\n\n\n<li><strong>&#8230;<\/strong><\/li>\n<\/ul>\n\n<p><strong>Allt du beh\u00f6ver veta f\u00f6r att f\u00e5 ut mesta m\u00f6jliga av din tid d\u00e4r!<\/strong><\/p>\n\n<div style=\"margin-top:8%;margin-bottom:8%\" class=\"wp-block-genesis-blocks-gb-container box gb-block-container\"><div class=\"gb-container-inside\"><div class=\"gb-container-content\">\n<p class=\"box_titre_une\">Innan mina tips + foton, h\u00e4r \u00e4r <u>mina favoriter<\/u> f\u00f6r Mallorca:<\/p>\n\n\n\n<div class=\"wp-block-columns box_colonne_cc is-layout-flex wp-container-core-columns-is-layout-9d6595d7 wp-block-columns-is-layout-flex\">\n<div class=\"wp-block-column box_picto_c is-layout-flow wp-block-column-is-layout-flow\" style=\"flex-basis:5%\">\n<figure class=\"wp-block-image size-full is-resized box_picto\"><img loading=\"lazy\" decoding=\"async\" src=\"http:\/\/www.zigzagonearth.com\/wp-content\/uploads\/2023\/08\/&#x1F697;.png\" alt=\"\" class=\"wp-image-16341\" style=\"width:30px;height:31px\" width=\"30\" height=\"31\"\/><\/figure>\n<\/div>\n\n\n\n<div class=\"wp-block-column is-layout-flow wp-block-column-is-layout-flow\" style=\"flex-basis:95%\">\n<p class=\"box_lien_g\">Min favoritplattform f\u00f6r att hyra bil p\u00e5 Mallorca: <a href=\"https:\/\/www.discovercars.com\/se\/spain-balearic-islands\/mallorca?a_aid=zigzag&amp;chan=ZZ_Mallorca\" target=\"_blank\" rel=\"noreferrer noopener sponsored nofollow\">DiscoverCars<\/a><\/p>\n<\/div>\n<\/div>\n\n\n\n<div class=\"wp-block-columns box_colonne_cc is-layout-flex wp-container-core-columns-is-layout-9d6595d7 wp-block-columns-is-layout-flex\">\n<div class=\"wp-block-column box_picto_c is-layout-flow wp-block-column-is-layout-flow\" style=\"flex-basis:5%\">\n<figure class=\"wp-block-image size-full is-resized box_picto\"><img loading=\"lazy\" decoding=\"async\" src=\"http:\/\/www.zigzagonearth.com\/wp-content\/uploads\/2023\/08\/&#x1F6E5;&#xFE0F;&#xFE0F;.png\" alt=\"\" class=\"wp-image-16340\" style=\"width:30px;height:31px\" width=\"30\" height=\"31\"\/><\/figure>\n<\/div>\n\n\n\n<div class=\"wp-block-column is-layout-flow wp-block-column-is-layout-flow\" style=\"flex-basis:90%\">\n<p>Den omistliga b\u00e5tturen: <a href=\"https:\/\/www.getyourguide.se\/mallorca-l47\/mallorca-sunrise-coast-dolphins-cruise-t288850\/?partner_id=R3GYW4V&amp;cmp=ZZ_Mallorca_une\" target=\"_blank\" rel=\"noreferrer noopener sponsored nofollow\">delfinsafari fr\u00e5n Alcudia<\/a><\/p>\n<\/div>\n<\/div>\n\n\n\n<div class=\"wp-block-columns box_colonne_cc is-layout-flex wp-container-core-columns-is-layout-9d6595d7 wp-block-columns-is-layout-flex\">\n<div class=\"wp-block-column box_picto_c is-layout-flow wp-block-column-is-layout-flow\" style=\"flex-basis:5%\">\n<figure class=\"wp-block-image size-full is-resized box_picto\"><img loading=\"lazy\" decoding=\"async\" src=\"http:\/\/www.zigzagonearth.com\/wp-content\/uploads\/2023\/08\/&#x1F68C;.png\" alt=\"\" class=\"wp-image-16339\" style=\"width:30px;height:31px\" width=\"30\" height=\"31\"\/><\/figure>\n<\/div>\n\n\n\n<div class=\"wp-block-column is-layout-flow wp-block-column-is-layout-flow\" style=\"flex-basis:90%\">\n<p>Min favoritutflykt fr\u00e5n Palma: <a href=\"https:\/\/www.getyourguide.se\/mallorca-l47\/mallorca-tramuntana-tour-with-historic-railway-ride-t62634\/?partner_id=R3GYW4V&amp;cmp=ZZ_Mallorca_une\" target=\"_blank\" rel=\"noreferrer noopener sponsored nofollow\">Port de Soller och Valldemossa<\/a><\/p>\n<\/div>\n<\/div>\n\n\n\n<div class=\"wp-block-columns box_colonne_cc box_colonne_dernier_cc is-layout-flex wp-container-core-columns-is-layout-9d6595d7 wp-block-columns-is-layout-flex\">\n<div class=\"wp-block-column box_picto_x box_picto_c is-layout-flow wp-block-column-is-layout-flow\" style=\"flex-basis:5%\">\n<figure class=\"wp-block-image size-full is-resized box_picto\"><img loading=\"lazy\" decoding=\"async\" src=\"http:\/\/www.zigzagonearth.com\/wp-content\/uploads\/2023\/08\/&#x1F3E0;.png\" alt=\"\" class=\"wp-image-16338\" style=\"width:30px;height:31px\" width=\"30\" height=\"31\"\/><\/figure>\n<\/div>\n\n\n\n<div class=\"wp-block-column is-layout-flow wp-block-column-is-layout-flow\" style=\"flex-basis:95%\">\n<p>Mina favoritst\u00e4llen att bo p\u00e5:<\/p>\n\n\n\n<ul class=\"wp-block-list\">\n<li>Palma de Mallorca: <a href=\"https:\/\/www.booking.com\/searchresults.en.html?city=-395224&amp;nflt=review_score%253D90&amp;aid=1164282&amp;no_rooms=1&amp;group_adults=2&amp;label=mallorca\" target=\"_blank\" rel=\"noreferrer noopener sponsored nofollow\">se b\u00e4st rankade hotell<\/a> &#8211; t.ex. <a class=\"\" href=\"https:\/\/www.booking.com\/hotel\/es\/art-palma.en.html?aid=1164282&amp;no_rooms=1&amp;group_adults=2&amp;label=_amcid-FrQAZQblirbxlpiJxpEME\" target=\"_blank\" rel=\"noreferrer noopener\"><\/a><a href=\"https:\/\/www.booking.com\/hotel\/es\/posada-terra-santa.en.html?aid=1164282&amp;label=mallorca\" target=\"_blank\" rel=\"noreferrer noopener sponsored nofollow\">Hotel Posada Terra Santa<\/a><\/li>\n\n\n\n<li>Port d&#8217;Alcudia: <a href=\"https:\/\/www.booking.com\/searchresults.en.html?city=-381100&amp;nflt=review_score%253D90&amp;aid=1164282&amp;no_rooms=1&amp;group_adults=2&amp;label=mallorca\" target=\"_blank\" rel=\"noreferrer noopener sponsored nofollow\">se b\u00e4st rankade hotell<\/a> &#8211; t.ex. <a href=\"https:\/\/www.booking.com\/hotel\/es\/bonavida-apartments-alcudia.en-gb.html?aid=1164282&amp;label=mallorca\" target=\"_blank\" rel=\"noreferrer noopener sponsored nofollow\">Bonavida l\u00e4genheter<\/a><\/li>\n\n\n\n<li>Cala d&#8217;or: <a href=\"https:\/\/www.booking.com\/searchresults.en.html?city=900039122&amp;nflt=review_score%253D90&amp;aid=1164282&amp;no_rooms=1&amp;group_adults=2&amp;label=mallorca\" target=\"_blank\" rel=\"noreferrer noopener sponsored nofollow\">se b\u00e4st rankade hotell<\/a> &#8211; t.ex. <a href=\"https:\/\/www.booking.com\/hotel\/es\/casa-ceiba-maria.en.html?aid=1164282&amp;no_rooms=1&amp;group_adults=2&amp;label=mallorca\" target=\"_blank\" rel=\"noreferrer noopener sponsored nofollow\">Casa Ceiba Maria<\/a><\/li>\n\n\n\n<li>I en Finca i hj\u00e4rtat av \u00f6n &#8211; jag f\u00f6resl\u00e5r <a href=\"https:\/\/www.booking.com\/hotel\/es\/finca-cas-sant.en.html?aid=1164282&amp;label=mallorca\" target=\"_blank\" rel=\"noreferrer noopener sponsored nofollow\">Finca Cas Sant<\/a><\/li>\n<\/ul>\n<\/div>\n<\/div>\n<\/div><\/div><\/div>\n\n<div class=\"wp-block-columns is-layout-flex wp-container-core-columns-is-layout-9d6595d7 wp-block-columns-is-layout-flex\">\n<div class=\"wp-block-column is-layout-flow wp-block-column-is-layout-flow\"><div class=\"wp-block-image\">\n<figure class=\"aligncenter size-large is-resized\"><img decoding=\"async\" src=\"https:\/\/www.zigzagonearth.com\/wp-content\/uploads\/2023\/09\/Sevardheter-Palma-de-Mallorca-att-gora.jpg\" alt=\"b&#xE4;sta sev&#xE4;rdheter i Palma de Mallorca Pin\" style=\"width:300px;height:undefinedpx\"\/><\/figure>\n<\/div><\/div>\n\n\n\n<div class=\"wp-block-column is-layout-flow wp-block-column-is-layout-flow\"><\/div>\n<\/div>\n\n<h2 class=\"wp-block-heading\" id=\"tab-con-10\"><strong>Varf\u00f6r bes\u00f6ka? B\u00e4sta sev\u00e4rdheter i <\/strong><strong>Palma de Mallorca<\/strong><\/h2>\n\n<h3 class=\"wp-block-heading\"><strong>\u00c4r Palma De Mallorca v\u00e4rt att bes\u00f6ka?<\/strong><\/h3>\n\n<p>Palma de Mallorca \u00e4r definitivt v\u00e4rt ett bes\u00f6k.<br\/>Det \u00e4r den st\u00f6rsta staden p\u00e5 Mallorca.<br\/>Palma de Mallorca har ett rikt utbud av turistattraktioner som katedraler, palats, museer och god mat!<\/p>\n\n<figure class=\"wp-block-image\"><img decoding=\"async\" src=\"https:\/\/photos.smugmug.com\/Travel\/Mallorca\/Palma-Cathedral\/i-7BtxFnm\/3\/3a082b31\/L\/cathedral_Palma_Mallorca-178677-L.jpg\" alt=\"Palma De Mallorca v&#xE4;rt att bes&#xF6;ka\" title=\"Palma De Mallorca v&#xE4;rt att bes&#xF6;ka\"\/><\/figure>\n\n<h3 class=\"wp-block-heading\"><strong>Vad \u00e4r Palma de Mallorca k\u00e4nt f\u00f6r?<\/strong><\/h3>\n\n<p>Palma de Mallorca \u00e4r k\u00e4nt f\u00f6r sin<\/p>\n\n<ul class=\"wp-block-list\" type=\"disc\">\n<li>fantastisk kustlinje,<\/li>\n\n\n\n<li>Spansk arkitektur (s\u00e4rskilt katedralen),<\/li>\n\n\n\n<li>m\u00e5nga museer,<\/li>\n\n\n\n<li>uts\u00f6kt mat<\/li>\n\n\n\n<li>&#8230;<\/li>\n<\/ul>\n\n<h3 class=\"wp-block-heading\"><strong>Topp 5 sev\u00e4rdheter i Palma de Mallorca<\/strong><\/h3>\n\n<p>Jag kommer att presentera de 40 b\u00e4sta sev\u00e4rdheter i Palma de Mallorca mer i detalj senare i den h\u00e4r artikeln. <br\/>H\u00e4r \u00e4r en kort lista \u00f6ver de 5 b\u00e4sta sev\u00e4rdheter i Palma de Mallorca:<\/p>\n\n<ol class=\"wp-block-list\" type=\"1\" start=\"1\">\n<li>Bes\u00f6k katedralen La Seu &#8211; Palmas h\u00f6jdpunkt &#8211; <a href=\"https:\/\/www.getyourguide.se\/mallorca-l47\/mallorca-cathedral-diocese-museum-skip-the-line-ticket-t104426\/?partner_id=R3GYW4V&amp;deeplink_id=8673f10f-fd71-53b3-81c9-896897ee9c1f&amp;cmp=ZZ_Mallorca\" target=\"_blank\" rel=\"noreferrer noopener sponsored nofollow\">med skip-the-line-biljett<\/a><\/li>\n\n\n\n<li>\u00c4t tapas &#8211; Palma st\u00e5tar med fantastisk mat &#8211; att \u00e4ta tapas n\u00e4r du \u00e4r i Palma \u00e4r ett m\u00e5ste!<\/li>\n\n\n\n<li>Bes\u00f6k slottet Bellver &#8211; beundra sk\u00f6nheten i detta slott p\u00e5 en kulle och f\u00e5 den b\u00e4sta utsikten \u00f6ver Palma<\/li>\n\n\n\n<li>Bes\u00f6k det majest\u00e4tiska kungliga palatset<\/li>\n\n\n\n<li>G\u00e5 vilse i staden, promenera genom smala gator och uppt\u00e4ck arkitektoniska p\u00e4rlor<\/li>\n<\/ol>\n\n<figure class=\"wp-block-image size-large\"><img decoding=\"async\" src=\"https:\/\/photos.smugmug.com\/Travel\/Mallorca\/Palma-Castell-de-Bellver\/i-cTT9ZW4\/3\/fd89c2aa\/L\/Castell_Bellver_Palma_Mallorca-178523-L.jpg\" alt=\"Utsikt &#xF6;ver Palma de Mallorca fr&#xE5;n Bellver\"\/><figcaption class=\"wp-element-caption\"><strong>Utsikt \u00f6ver Palma de Mallorca fr\u00e5n Bellver<\/strong><\/figcaption><\/figure>\n\n<h3 class=\"wp-block-heading\"><strong>Topp 3 dagsturer fr\u00e5n Palma de Mallorca<\/strong><\/h3>\n\n<ol class=\"wp-block-list\" type=\"1\" start=\"1\">\n<li>Cape Formentor och de majest\u00e4tiska klipporna<\/li>\n\n\n\n<li>Port de Soller och Tramuntanabergen<\/li>\n\n\n\n<li>En av de stora underjordiska grottorna<\/li>\n<\/ol>\n\n<h3 class=\"wp-block-heading\"><strong>Om namnet<\/strong><\/h3>\n\n<p>Staden &#8221;Palma de Mallorca&#8221; har tidigare varit k\u00e4nd under olika namn<\/p>\n\n<ul class=\"wp-block-list\" type=\"disc\">\n<li>\u00c5r 123 f.Kr. kallade romarna staden f\u00f6r Palma (fr\u00e5n ordet Palmeria).<\/li>\n\n\n\n<li>Fr\u00e5n 1200-talet kallade morerna staden f\u00f6r &#8221;Medina Mayurca&#8221;.<\/li>\n\n\n\n<li>Jaime Jag d\u00f6pte om den till &#8221;Ciutat de Mallorca<\/li>\n\n\n\n<li>Fr\u00e5n 1700-talet \u00e5tergick staden till sitt ursprungliga namn &#8221;Palma<\/li>\n\n\n\n<li>Efter uppkomsten av Spanien som nation &#8211; har varit k\u00e4nd som &#8221;Palma de Mallorca&#8221;. Men lokalbefolkningen kallar den helt enkelt &#8221;Palma&#8221;.<\/li>\n<\/ul>\n\n<h2 class=\"wp-block-heading\" id=\"tab-con-1\"><strong>Planeringstips och karta &#8211; Palma de Mallorca<\/strong><\/h2>\n\n<h3 class=\"wp-block-heading\"><strong>Var ligger Palma? Karta  <\/strong><\/h3>\n\n<ul class=\"wp-block-list\">\n<li>Palma de Mallorca ligger i provinsen Balearerna sydost om det spanska fastlandet.<\/li>\n\n\n\n<li>Palma de Mallorca ligger sydv\u00e4st om Mallorca<\/li>\n\n\n\n<li>vid den nordv\u00e4stra \u00e4nden av Palmabukten<\/li>\n\n\n\n<li>Alcudia till Palma de Mallorca = 1 timmes bilresa<\/li>\n\n\n\n<li>Cala d&#8217;or till Palma de Mallorca = 1h10 bilresa<\/li>\n\n\n\n<li>Nedan finns en karta som hj\u00e4lper dig att orientera dig:<\/li>\n<\/ul>\n\n<figure class=\"wp-block-image size-large\"><img decoding=\"async\" src=\"https:\/\/www.zigzagonearth.com\/wp-content\/uploads\/2022\/07\/Palma-de-Mallorca-Map.png\" alt=\"Palma de Mallorca Karta\"\/><figcaption class=\"wp-element-caption\"><strong>Palma de Mallorca Karta<\/strong><\/figcaption><\/figure>\n\n<p>Alla mina favoritplatser finns med i min e-bok med reseguider som hj\u00e4lper dig att <a style=\"outline: none;\" href=\"https:\/\/www.zigzagonearth.com\/sv\/madeira-restips-guide\/\" target=\"_blank\" rel=\"noopener\">enkelt planera din resa till Madeira<\/a>:<\/p>\n\n<div style=\"margin-top:8%;margin-bottom:8%\" class=\"wp-block-genesis-blocks-gb-container box_ebook gb-block-container\"><div class=\"gb-container-inside\"><div class=\"gb-container-content\">\n<h5 class=\"wp-block-heading box_titre_ebook\">Planera din dr\u00f6mresa till <strong>Mallorca<\/strong> med hj\u00e4lp av min guide (endast p\u00e5 engelska):<\/h5>\n\n\n\n<div class=\"wp-block-columns box_colonnes_ebook is-layout-flex wp-container-core-columns-is-layout-9d6595d7 wp-block-columns-is-layout-flex\">\n<div class=\"wp-block-column is-layout-flow wp-block-column-is-layout-flow\">\n<figure class=\"wp-block-image size-large img_ebook\"><a href=\"https:\/\/www.zigzagonearth.com\/photograph-mallorca-travel-guide\/\"><img decoding=\"async\" src=\"https:\/\/www.zigzagonearth.com\/wp-content\/uploads\/2021\/11\/Travel-Guide-Mallorca-ebook-cover-S2.jpg\" alt=\"eBook Reseguide Mallorca\"\/><\/a><\/figure>\n<\/div>\n\n\n\n<div class=\"wp-block-column is-layout-flow wp-block-column-is-layout-flow\">\n<ul class=\"box_liste wp-block-list\" style=\"font-size:16px\">\n<li>8 kartor f\u00f6r att enkelt planera din resv\u00e4g<\/li>\n\n\n\n<li>140+ f\u00f6rvalda platser<\/li>\n\n\n\n<li>GPS + tips f\u00f6r att f\u00e5 ut mesta m\u00f6jliga av din tid<\/li>\n\n\n\n<li>Tips f\u00f6r planering<\/li>\n\n\n\n<li>270+ originalbilder som hj\u00e4lper dig att v\u00e4lja<\/li>\n<\/ul>\n\n\n\n<div class=\"wp-block-buttons box_colonne_bouton_ebook is-content-justification-left is-layout-flex wp-container-core-buttons-is-layout-fdcfc74e wp-block-buttons-is-layout-flex\">\n<div class=\"wp-block-button box_bouton box_bouton_ebook\"><a class=\"wp-block-button__link wp-element-button\" href=\"https:\/\/www.zigzagonearth.com\/photograph-mallorca-travel-guide\/\" target=\"_blank\" rel=\"noreferrer noopener\">Uppt\u00e4ck det! (endast p\u00e5 engelska)<span class=\"box_bouton_image\"><\/span><\/a><\/div>\n<\/div>\n<\/div>\n<\/div>\n<\/div><\/div><\/div>\n\n<h3 class=\"wp-block-heading\"><strong>Hur man tar sig till Palma<\/strong><\/h3>\n\n<p><strong>Med bil\/taxi:  <\/strong><\/p>\n\n<ul class=\"wp-block-list\">\n<li>Du kan ta en bil fr\u00e5n Palma city airport till Palma. Flygplatsen ligger p\u00e5 ett avst\u00e5nd av 10 km eller ca 15 minuter fr\u00e5n Palma.<\/li>\n\n\n\n<li>Alternativt kan du <a href=\"https:\/\/www.getyourguide.se\/s\/?q=Palma%20de%20mallorca%20transfer%20airport&amp;searchSource=7&amp;partner_id=R3GYW4V&amp;deeplink_id=c6fb240e-2ef1-5ca8-a025-b4bdfc52bd5a&amp;cmp=ZZ_Mallorca\" target=\"_blank\" rel=\"noreferrer noopener sponsored nofollow\">f\u00f6rboka en taxi eller transfer till staden fr\u00e5n flygplatsen <span style=\"text-decoration: underline;\">h\u00e4r<\/span><\/a>.<\/li>\n<\/ul>\n\n<p><strong>Med f\u00e4rja:<\/strong><\/p>\n\n<ul class=\"wp-block-list\" type=\"disc\">\n<li>Du kan ta en f\u00e4rja fr\u00e5n det spanska fastlandet eller n\u00e5gon annan stad p\u00e5 Balearerna.<\/li>\n\n\n\n<li>F\u00e4rjor fr\u00e5n fastlandet tar ca 4-6 timmar. N\u00e4rmaste hamn \u00e4r Denia.<\/li>\n\n\n\n<li>F\u00e4rjor g\u00e5r ocks\u00e5 regelbundet fr\u00e5n andra \u00f6ar som Ibiza och Formentera.<\/li>\n<\/ul>\n\n<p><strong>Med bil:  <\/strong><\/p>\n\n<p>Eftersom Mallorca \u00e4r en \u00f6 kan du bara ta dig till Palma med bil om du bor i andra delar av Mallorca.<\/p>\n\n<div style=\"margin-top:8%;margin-bottom:8%\" class=\"wp-block-genesis-blocks-gb-container box gb-block-container\"><div class=\"gb-container-inside\"><div class=\"gb-container-content\">\n<div class=\"wp-block-columns box_colonne is-layout-flex wp-container-core-columns-is-layout-9d6595d7 wp-block-columns-is-layout-flex\">\n<div class=\"wp-block-column colonne is-layout-flow wp-block-column-is-layout-flow\" style=\"flex-basis:66.6%\">\n<h5 class=\"wp-block-heading box_titre\">Beh\u00f6ver du hyra bil p\u00e5 Mallorca?<\/h5>\n\n\n\n<p class=\"box_intro\">Mina tips:<\/p>\n\n\n\n<ul class=\"box_liste wp-block-list\" style=\"font-size:16px\">\n<li>J\u00e4mf\u00f6r priser p\u00e5 min favoritplattform: <a href=\"https:\/\/www.discovercars.com\/se\/spain-balearic-islands\/mallorca?a_aid=zigzag&amp;chan=ZZ_Mallorca\" target=\"_blank\" rel=\"noreferrer noopener sponsored nofollow\">\n  <span style=\"text-decoration: underline;\">Discovercars.com<\/span>\n<\/a> &#8211; en av de b\u00e4st rankade j\u00e4mf\u00f6relsesajterna!<\/li>\n\n\n\n<li>V\u00e4lj inte en f\u00f6r stor bil, eftersom vissa v\u00e4gar \u00e4r mycket smala<\/li>\n\n\n\n<li>T\u00e4nk p\u00e5 deras full t\u00e4ckning alternativ &#8211; det f\u00f6r sinnesfrid!  <\/li>\n\n\n\n<li><span style=\"text-decoration: underline;\">Boka tidigt<\/span> f\u00f6r att ha ett stort urval av fordon!<\/li>\n<\/ul>\n\n\n\n<div class=\"wp-block-columns box_barre_boutons is-layout-flex wp-container-core-columns-is-layout-9d6595d7 wp-block-columns-is-layout-flex\">\n<div class=\"wp-block-column is-vertically-aligned-center box_col_conseil is-layout-flow wp-block-column-is-layout-flow\">\n<p class=\"box_lien\"><a href=\"https:\/\/www.zigzagonearth.com\/renting-car-mallorca-tips\/\" target=\"_blank\" rel=\"noreferrer noopener\">Se alla mina tips<\/a><\/p>\n<\/div>\n\n\n\n<div class=\"wp-block-column box_col_bouton is-layout-flow wp-block-column-is-layout-flow\">\n<div class=\"wp-block-buttons box_bouton is-content-justification-left is-layout-flex wp-container-core-buttons-is-layout-fdcfc74e wp-block-buttons-is-layout-flex\">\n<div class=\"wp-block-button box_bouton\"><a class=\"wp-block-button__link wp-element-button\" href=\"https:\/\/www.discovercars.com\/se\/spain-balearic-islands\/mallorca?a_aid=zigzag&amp;amp;chan=ZZ_Mallorca\" target=\"_blank\" rel=\"noreferrer noopener\">Se tillg\u00e4ngliga bilar  <span class=\"box_bouton_image\"><img decoding=\"async\" style=\"width: 14px; height:14px;  \" src=\"https:\/\/www.zigzagonearth.com\/wp-content\/uploads\/2023\/08\/fleche.png\" alt=\"\"\/><\/span><\/a><\/div>\n<\/div>\n<\/div>\n<\/div>\n<\/div>\n\n\n\n<div class=\"wp-block-column colonne box_cafe_img is-layout-flow wp-block-column-is-layout-flow\" style=\"flex-basis:33.33%\"><div class=\"wp-block-image\">\n<figure class=\"aligncenter size-large is-resized\"><img loading=\"lazy\" decoding=\"async\" src=\"https:\/\/www.zigzagonearth.com\/wp-content\/uploads\/2023\/08\/003world-travel-car-01-1024x1024.webp\" alt=\"\" class=\"wp-image-16227\" style=\"width:288px;height:288px\" width=\"288\" height=\"288\" srcset=\"https:\/\/www.zigzagonearth.com\/wp-content\/uploads\/2023\/08\/003world-travel-car-01-1024x1024.webp 1024w, https:\/\/www.zigzagonearth.com\/wp-content\/uploads\/2023\/08\/003world-travel-car-01-300x300.webp 300w, https:\/\/www.zigzagonearth.com\/wp-content\/uploads\/2023\/08\/003world-travel-car-01-150x150.webp 150w, https:\/\/www.zigzagonearth.com\/wp-content\/uploads\/2023\/08\/003world-travel-car-01-768x768.webp 768w, https:\/\/www.zigzagonearth.com\/wp-content\/uploads\/2023\/08\/003world-travel-car-01-1536x1536.webp 1536w, https:\/\/www.zigzagonearth.com\/wp-content\/uploads\/2023\/08\/003world-travel-car-01-2048x2048.webp 2048w, https:\/\/www.zigzagonearth.com\/wp-content\/uploads\/2023\/08\/003world-travel-car-01-100x100.webp 100w, https:\/\/www.zigzagonearth.com\/wp-content\/uploads\/2023\/08\/003world-travel-car-01-600x600.webp 600w\" sizes=\"auto, (max-width: 288px) 100vw, 288px\" \/><\/figure>\n<\/div><\/div>\n<\/div>\n<\/div><\/div><\/div>\n\n<h3 class=\"wp-block-heading\"><strong>Parkering i Palma<\/strong><\/h3>\n\n<p>Parkering \u00e4r ett stort problem i Palma.<br\/>Det finns ingen gratis parkering i centrum.<\/p>\n\n<p>Du kan hitta gatuparkering och underjordiska parkeringsplatser (spanska ord: Aparcament \/ Parquing).<\/p>\n\n<p>Jag rekommenderar att du \u00e5ker direkt till en av dessa parkeringsplatser f\u00f6r att spara tid.<br\/>\u00c4ven om du m\u00e5ste betala \u00e4r min favorit Parc de la Mar (tunnelbana)<\/p>\n\n<p>Om p\u00e5 gatan, betala och visa eller anv\u00e4nd en betalningsapplikation<\/p>\n\n<p>Andra platser n\u00e4ra centrum d\u00e4r du kan parkera \u00e4r<!-- [if !supportLineBreakNewLine]--><\/p>\n\n<ul class=\"wp-block-list\" type=\"disc\">\n<li>L\u00e4genhet Parc del mar<\/li>\n\n\n\n<li>Parquing del Carrer del Mol<\/li>\n\n\n\n<li>Aparcament de la Pla\u00e7a Major<\/li>\n\n\n\n<li>Aparcament Marques de la Senia<\/li>\n\n\n\n<li>Saba Aparcamientos<\/li>\n<\/ul>\n\n<figure class=\"wp-block-image size-large\"><img decoding=\"async\" src=\"https:\/\/photos.smugmug.com\/Travel\/Mallorca\/Palma-de-Mallorca\/i-9gpdt6b\/4\/124ec58d\/L\/Palma_Mallorca-179020-L.jpg\" alt=\"Parkeringsplats Parc de la Mar - Palma\"\/><figcaption class=\"wp-element-caption\"><strong>Parkeringsplats Parc de la Mar &#8211; Palma<\/strong><\/figcaption><\/figure>\n\n<h3 class=\"wp-block-heading\"><strong>B\u00e4sta tiden att bes\u00f6ka Palma<\/strong><\/h3>\n\n<p>Den b\u00e4sta tiden att bes\u00f6ka Palma f\u00f6r turistaktiviteter, \u00e4ventyr och strandh\u00e4ng (en bit fr\u00e5n stadens centrum) \u00e4r mellan april och maj samt september och oktober n\u00e4r v\u00e4dret \u00e4r varmt men inte f\u00f6r hett.<\/p>\n\n<p>Men Palma under vinterm\u00e5naderna \u00e4r ocks\u00e5 en bra id\u00e9. Staden \u00e4r mycket varmare \u00e4n de norra delarna av Europa och perfekt f\u00f6r en lugn tillflyktsort.<\/p>\n\n<p>Undvik m\u00e5ndagar n\u00e4r det g\u00e4ller tid p\u00e5 veckan. De flesta andra turistattraktioner \u00e4r st\u00e4ngda p\u00e5 m\u00e5ndagar.<\/p>\n\n<h3 class=\"wp-block-heading\"><strong>Att ta sig runt<\/strong><\/h3>\n\n<ul class=\"wp-block-list\">\n<li>Palma har smala gator och n\u00e4stan ingen parkering. D\u00e4rf\u00f6r \u00e4r det b\u00e4st att promenera runt i Palma \u00e4ven om staden k\u00e4nns lite utspridd.<\/li>\n\n\n\n<li>Alternativt kan du <a href=\"https:\/\/www.getyourguide.se\/mallorca-l47\/palma-de-mallorca-hop-on-hop-off-bus-tour-24h-ticket-t3455\/?partner_id=R3GYW4V&amp;deeplink_id=98cc6bf7-b3de-5572-ba7a-ff2dea67d520&amp;cmp=_amcid-ZlbppqqbbsZxYNzsOMIbx&amp;cmp=ZZ_Mallorca\" target=\"_blank\" rel=\"noreferrer noopener sponsored nofollow\">ta en hop and hop off-busstur som den h\u00e4r<\/a>.<\/li>\n<\/ul>\n\n<figure class=\"wp-block-image\"><img decoding=\"async\" src=\"https:\/\/photos.smugmug.com\/Travel\/Mallorca\/Palma-de-Mallorca\/i-555gFVH\/3\/57177bfc\/L\/hopon_bus_Palma_Mallorca-178652-L.jpg\" alt=\"Palma de Mallorca hop on hop off-buss\" title=\"Palma de Mallorca hop on hop off-buss\"\/><\/figure>\n\n<h3 class=\"wp-block-heading\"><strong>Hur l\u00e5ng tid tar bes\u00f6ket?<\/strong><\/h3>\n\n<ul class=\"wp-block-list\" type=\"disc\">\n<li>Du kan enkelt bes\u00f6ka alla Palmas h\u00f6jdpunkter p\u00e5 en dag.<\/li>\n\n\n\n<li>Om du vill utforska Palma p\u00e5 djupet b\u00f6r du tillbringa minst 2 dagar h\u00e4r.<\/li>\n\n\n\n<li>Du kan ocks\u00e5 anv\u00e4nda Palma som bas f\u00f6r att utforska resten av \u00f6n.<\/li>\n\n\n\n<li>Se mina resplaner f\u00f6r 1 dag, 2 dagar och en vecka i Palma l\u00e4ngre ner i artikeln<\/li>\n<\/ul>\n\n<h3 class=\"wp-block-heading\"><strong>Tips f\u00f6r bes\u00f6k  <\/strong><\/h3>\n\n<ul class=\"wp-block-list\" type=\"disc\">\n<li>Anv\u00e4nd platta skor eftersom g\u00e5gatorna \u00e4r gamla och smala.<\/li>\n\n\n\n<li>Palma \u00e4r m\u00e5ttlig att g\u00e5 runt. Var beredd p\u00e5 att g\u00e5 upp f\u00f6r n\u00e5gra trappor l\u00e4ngs v\u00e4gen.<\/li>\n\n\n\n<li>Det finns gott om restauranger \u00f6ver hela Palma som kommer att tilltala mat\u00e4lskare<\/li>\n\n\n\n<li>Katedralen och Mercat d&#8217;Olivar (huvudmarknaden) \u00e4r st\u00e4ngda p\u00e5 s\u00f6ndagar.<\/li>\n\n\n\n<li>De flesta andra turistattraktioner \u00e4r st\u00e4ngda p\u00e5 m\u00e5ndagar.<\/li>\n\n\n\n<li>Undvik att bo i stadsk\u00e4rnan om du vill ha en strandsemester.<\/li>\n<\/ul>\n\n<figure class=\"wp-block-image\"><img decoding=\"async\" src=\"https:\/\/photos.smugmug.com\/Travel\/Mallorca\/Palma-de-Mallorca\/i-CDnLp9c\/3\/b8add0c9\/L\/Palma_Mallorca-178751-L.jpg\" alt=\"Trappor i Palma de Mallorca\" title=\"Trappor i Palma de Mallorca\"\/><\/figure>\n\n<h2 class=\"wp-block-heading\" id=\"t-1657874776998\"><strong>Var man kan bo i Palma de Mallorca<\/strong><\/h2>\n\n<h3 class=\"wp-block-heading\"><strong>B\u00e4sta omr\u00e5dena att bo i Palma<\/strong><\/h3>\n\n<p>Det finns 3 huvudsakliga omr\u00e5den att bo i Palma de Mallorca:<\/p>\n\n<ul class=\"wp-block-list\">\n<li>Det gamla historiska centrumet &#8211; enkel tillg\u00e5ng till alla attraktioner och restauranger<\/li>\n\n\n\n<li>Marina omr\u00e5det &#8211; vackra vyer, inte l\u00e5ngt fr\u00e5n attraktioner<\/li>\n\n\n\n<li>L\u00e4ngs s&#8217;Arenal-stranden &#8211; snabb tillg\u00e5ng till stranden, lite l\u00e4ngre f\u00f6r att komma till stadens attraktioner<\/li>\n<\/ul>\n\n<figure class=\"wp-block-image size-large\"><img decoding=\"async\" src=\"https:\/\/photos.smugmug.com\/Travel\/Mallorca\/Palma-de-Mallorca\/i-nN426qL\/3\/6c10c00d\/L\/Palma_Mallorca-178664-L.jpg\" alt=\"Strandpromenad i Palma de Mallorca\"\/><figcaption class=\"wp-element-caption\"><strong>Strandpromenad i Palma de Mallorca<\/strong><\/figcaption><\/figure>\n\n<h3 class=\"wp-block-heading\"><strong>B\u00e4sta hotellen i Palma de Mallorca<\/strong><\/h3>\n\n<ul class=\"wp-block-list\">\n<li><strong>LYX &#8211; <\/strong>Hotel Can Cera ligger i ett palats fr\u00e5n 1600-talet. Och de har gjort ett fantastiskt jobb med att bevara byggnadens charm och karakt\u00e4r. En s\u00e5dan unik plats att bo p\u00e5 &#8211; <a href=\"https:\/\/www.booking.com\/hotel\/es\/can-cera.en-gb.html?aid=1164282&amp;label=ZZ_Mallorca\" target=\"_blank\" rel=\"noreferrer noopener sponsored nofollow\">se bilder och tillg\u00e4nglighet &#8211; och boka!<\/a><\/li>\n\n\n\n<li><strong>BOUTIQUE HOTEL &#8211; <\/strong>Boutique Hotel Posada Terra Santa ligger i en herrg\u00e5rd fr\u00e5n 1500-talet. Jag \u00e4lskar b\u00e5garna i restaurangomr\u00e5det, takterrassen och inomhusspaet &#8211; <a href=\"https:\/\/www.booking.com\/hotel\/es\/posada-terra-santa.en-gb.html?aid=1164282&amp;label=ZZ_Mallorca\" target=\"_blank\" rel=\"noreferrer noopener sponsored nofollow\">Se bilder och tillg\u00e4nglighet &#8211; och boka<\/a>!<\/li>\n\n\n\n<li><strong>UTHYRNINGSHUS &#8211;<\/strong> Catany Casa Familiar i gamla stan <strong>\n  <a href=\"https:\/\/www.booking.com\/hotel\/es\/catany.en.html?aid=1164282&amp;no_rooms=1&amp;group_adults=2&amp;label=ZZ_Mallorca\" target=\"_blank\" rel=\"noreferrer noopener sponsored nofollow\">kolla in bilder och tillg\u00e4nglighet<\/a>\n<\/strong><\/li>\n\n\n\n<li><strong>Uthyrningsl\u00e4genhet &#8211; <\/strong>Spot Apartment med balkar och mallorkinsk stil &#8211; <a href=\"https:\/\/www.booking.com\/hotel\/es\/spot-apartment.en.html?aid=1164282&amp;no_rooms=1&amp;group_adults=2&amp;label=ZZ_Mallorca\" target=\"_blank\" rel=\"noreferrer noopener sponsored nofollow\">kolla in bilder och tillg\u00e4nglighet<\/a><\/li>\n\n\n\n<li>Vandrarhem <strong>&#8211;<\/strong> The Boc Palma Hostel i Palma de Mallorca &#8211; <a href=\"https:\/\/www.booking.com\/hotel\/es\/hostel-fleming.en.html?aid=1164282&amp;no_rooms=1&amp;group_adults=2&amp;label=ZZ_Mallorca\" target=\"_blank\" rel=\"noreferrer noopener sponsored nofollow\">kolla in foton och tillg\u00e4nglighet<\/a><\/li>\n\n\n\n<li>eller <a href=\"https:\/\/www.booking.com\/searchresults.en.html?city=-395224&amp;nflt=review_score%253D90&amp;aid=1164282&amp;no_rooms=1&amp;group_adults=2&amp;label=ZZ_Mallorca\" target=\"_blank\" rel=\"noreferrer noopener sponsored nofollow\">se b\u00e4sta boende i Palma de Mallorca<\/a><\/li>\n<\/ul>\n\n<div style=\"margin-top:8%;margin-bottom:8%\" class=\"wp-block-genesis-blocks-gb-container box gb-block-container\"><div class=\"gb-container-inside\"><div class=\"gb-container-content\">\n<h5 class=\"wp-block-heading box_titre_activite\">Var ska man bo p\u00e5 Mallorca?<\/h5>\n\n\n\n<div class=\"wp-block-columns box_colonne inverse is-layout-flex wp-container-core-columns-is-layout-9d6595d7 wp-block-columns-is-layout-flex\">\n<div class=\"wp-block-column colonne is-layout-flow wp-block-column-is-layout-flow\" style=\"flex-basis:75%\">\n<p class=\"box_intro\">Mina favoriter:<\/p>\n\n\n\n<ul class=\"box_liste wp-block-list\">\n<li>Val av restauranger + huvudstad: <a href=\"https:\/\/www.booking.com\/searchresults.en.html?city=-395224&amp;nflt=review_score%253D90&amp;aid=1164282&amp;no_rooms=1&amp;group_adults=2&amp;label=mallorca\" target=\"_blank\" rel=\"noreferrer noopener\">se b\u00e4st rankade alternativ i Palma<\/a><\/li>\n\n\n\n<li>Strand + praktiskt l\u00e4ge f\u00f6r att utforska: <a href=\"https:\/\/www.booking.com\/searchresults.en.html?city=-381100&amp;nflt=review_score%253D90&amp;aid=1164282&amp;no_rooms=1&amp;group_adults=2&amp;label=mallorca\" target=\"_blank\" rel=\"noreferrer noopener\">se de mest uppskattade alternativen i Port d&#8217;Alcudia<\/a><\/li>\n\n\n\n<li>Partyomr\u00e5de &#8211; <a href=\"https:\/\/www.booking.com\/searchresults.en.html?city=-380228&amp;nflt=review_score%253D90&amp;aid=1164282&amp;no_rooms=1&amp;group_adults=2&amp;label=mallorca\" target=\"_blank\" rel=\"noreferrer noopener\">se b\u00e4st rankade alternativ i S&#8217;Arenal<\/a><\/li>\n\n\n\n<li>Lugnt i bergen &#8211; <a href=\"https:\/\/www.booking.com\/searchresults.en.html?city=-406234&amp;nflt=review_score%253D90&amp;aid=1164282&amp;no_rooms=1&amp;group_adults=2&amp;label=mallorca\" target=\"_blank\" rel=\"noreferrer noopener\">se de b\u00e4st rankade alternativen i Valldemossa<\/a><\/li>\n\n\n\n<li>Lugn, charmig plats vid havet &#8211; <a href=\"https:\/\/www.booking.com\/searchresults.en.html?city=900039215&amp;nflt=review_score%253D90&amp;aid=1164282&amp;no_rooms=1&amp;group_adults=2&amp;label=mallorca\" target=\"_blank\" rel=\"noreferrer noopener\">se b\u00e4st rankade alternativ i Canyamel<\/a><\/li>\n\n\n\n<li>Tillg\u00e5ng till de b\u00e4sta calas &#8211; <a href=\"https:\/\/www.booking.com\/searchresults.en.html?city=900039122&amp;nflt=review_score%253D90&amp;aid=1164282&amp;no_rooms=1&amp;group_adults=2&amp;label=mallorca\" target=\"_blank\" rel=\"noreferrer noopener\">se b\u00e4st rankade alternativ i Cala d&#8217;or<\/a><\/li>\n\n\n\n<li>Familjer &#8211; <a href=\"https:\/\/www.booking.com\/searchresults.en.html?city=-374964&amp;nflt=review_score%253D90&amp;aid=1164282&amp;no_rooms=1&amp;group_adults=2&amp;label=mallorca\" target=\"_blank\" rel=\"noreferrer noopener\">se de b\u00e4st rankade alternativen i Cala Millor<\/a> eller i <a href=\"https:\/\/www.booking.com\/searchresults.en.html?city=900039294&amp;nflt=review_score%253D90&amp;aid=1164282&amp;no_rooms=1&amp;group_adults=2&amp;label=mallorca\" target=\"_blank\" rel=\"noreferrer noopener\">Colonia Sant Jordi<\/a><\/li>\n<\/ul>\n\n\n\n<div class=\"wp-block-buttons box_bouton box_colonne_bouton_ebook box_barre_boutons is-content-justification-left is-layout-flex wp-container-core-buttons-is-layout-fdcfc74e wp-block-buttons-is-layout-flex\">\n<div class=\"wp-block-button box_bouton\"><a class=\"wp-block-button__link wp-element-button\" href=\"https:\/\/www.zigzagonearth.com\/where-to-stay-mallorca-best-areas\/\" target=\"_blank\" rel=\"noreferrer noopener\">Se v\u00e5r artikel om var du kan bo  <span class=\"box_bouton_image\"><img decoding=\"async\" style=\"width: 14px; height:14px;  \" src=\"https:\/\/www.zigzagonearth.com\/wp-content\/uploads\/2023\/08\/fleche.png\" alt=\"\"\/><\/span><span class=\"box_bouton_image\"><\/span><\/a><\/div>\n<\/div>\n<\/div>\n\n\n\n<div class=\"wp-block-column is-vertically-aligned-top colonne box_activite_img is-layout-flow wp-block-column-is-layout-flow\" style=\"flex-basis:25%\"><div class=\"wp-block-image\">\n<figure class=\"aligncenter size-large\"><img decoding=\"async\" src=\"https:\/\/photos.smugmug.com\/Travel\/Mallorca\/Hotels\/i-dgbp8xw\/1\/7e887566\/L\/PA147529-L.jpg\" alt=\"Finca p&#xE5; Mallorca\"\/><\/figure>\n<\/div><\/div>\n<\/div>\n<\/div><\/div><\/div>\n\n<h2 class=\"wp-block-heading\" id=\"t-1657711161066\"><strong>#1 till 7 &#8211; De viktigaste turistomr\u00e5dena i Palma<u><\/u><\/strong><\/h2>\n\n<p>De flesta av Palmas fr\u00e4msta turistattraktioner ligger i ett litet omr\u00e5de vid vattnet.  <br\/>Du kan enkelt promenera fr\u00e5n en plats till en annan<\/p>\n\n<h3 class=\"wp-block-heading\"><strong>#1 &#8211; Koppla av runt lagunen Parc de la Mar<\/strong><\/h3>\n\n<p>En av de mest livliga platserna i Palma \u00e4r lagunen Parc de la Mar.<br\/>Det ligger framf\u00f6r katedralen, med perfekt utsikt \u00f6ver den \u00f6ver vattnet.<br\/>H\u00e4r finns en konstgjord sj\u00f6 med en vacker font\u00e4n.<br\/>Du hittar ocks\u00e5 intressanta moderna skulpturer i parken.<br\/>Det \u00e4r en utm\u00e4rkt plats att koppla av, promenera runt och njuta av utsikten \u00f6ver Medelhavet.<\/p>\n\n<figure class=\"wp-block-image\"><img decoding=\"async\" src=\"https:\/\/photos.smugmug.com\/Travel\/Mallorca\/Palma-Cathedral\/i-grZ9Jq8\/3\/f4ea2a09\/L\/cathedral_Palma_Mallorca-178695-L.jpg\" alt=\"Lagunen Parc de la Mar\" title=\"Lagunen Parc de la Mar\"\/><\/figure>\n\n<h3 class=\"wp-block-heading\"><strong>#2 &#8211; G\u00e5 runt hela katedralen<\/strong><\/h3>\n\n<p>Fr\u00e5n Palmas katedral (La Seu) har man utsikt \u00f6ver Medelhavet och Parc de la Mar.<br\/>Den majest\u00e4tiska gotiska byggnaden \u00e4r imponerande och g\u00f6r den till stadens h\u00f6jdpunkt. Det \u00e4r en av de h\u00f6gsta katedralerna i v\u00e4rlden.<br\/>Katedralen byggdes p\u00e5 platsen f\u00f6r en mosk\u00e9.<br\/>Den b\u00f6rjade byggas 1229 under Jaime I av Aragoniens styre. Det tog \u00f6ver 400 \u00e5r att uppf\u00f6ra byggnaden.<br\/>Det \u00e4r gratis att g\u00e5 runt i katedralen.<\/p>\n\n<figure class=\"wp-block-image\"><img decoding=\"async\" src=\"https:\/\/photos.smugmug.com\/Travel\/Mallorca\/Palma-Cathedral\/i-FNpMm6X\/3\/17746c6b\/L\/Cathedral_Palma_Mallorca-178818-L.jpg\" alt=\"Palmas katedral (La Seu)\" title=\"Palmas katedral (La Seu)\"\/><\/figure>\n\n<h3 class=\"wp-block-heading\"><strong>#3 &#8211; Bes\u00f6k katedralen och klostret<\/strong><\/h3>\n\n<p>Bes\u00f6k sedan katedralen och klostret.<br\/>Katedralens interi\u00f6r \u00e4r lika vacker som dess exteri\u00f6r.<br\/>Den kallas ljuskatedralen p\u00e5 grund av sina f\u00e4rgade glasf\u00f6nster. S\u00e4rskilt rosettf\u00f6nstret fyller upp interi\u00f6ren med f\u00e4rgade nyanser av morgonljuset.<br\/>Du kan \u00e4ven l\u00e4gga till ett bes\u00f6k p\u00e5 terrassen till din rundtur i katedralen. Fr\u00e5n terrassen har man en fantastisk panoramautsikt. Barn under 8 \u00e5r f\u00e5r inte vistas p\u00e5 terrassen.<\/p>\n\n<ul class=\"wp-block-list\">\n<li><strong>\u00d6ppettider:<\/strong> M\u00e5ndag till fredag fr\u00e5n kl. 10:00 till kl. 17:15, l\u00f6rdagar fr\u00e5n kl. 10:00 till kl. 14:15<\/li>\n\n\n\n<li><strong>Pris:<\/strong> 7 euro (utan terrass)<\/li>\n\n\n\n<li><strong>Officiell webbplats <\/strong><a style=\"outline: none;\" href=\"https:\/\/catedraldemallorca.org\/\" target=\"_blank\" rel=\"nofollow noopener\">h\u00e4r<\/a><\/li>\n\n\n\n<li>Spara tid <a href=\"https:\/\/www.getyourguide.se\/mallorca-l47\/mallorca-cathedral-diocese-museum-skip-the-line-ticket-t104426\/?partner_id=R3GYW4V&amp;deeplink_id=8673f10f-fd71-53b3-81c9-896897ee9c1f&amp;cmp=ZZ_Mallorca\" target=\"_blank\" rel=\"noreferrer noopener sponsored nofollow\">genom att k\u00f6pa en skip-the-line-biljett<\/a> <\/li>\n<\/ul>\n\n<h3 class=\"wp-block-heading\"><strong>#4 &#8211; Bes\u00f6k det kungliga palatset<\/strong><\/h3>\n\n<p>Bredvid katedralen ligger ett annat av Palmas symboliska monument: det kungliga palatset Almudaina.<br\/>Palatset som har status som en Alcazar byggdes under den moriska tiden och rekonstruerades senare av James II p\u00e5 1300-talet.<br\/>Idag anv\u00e4nds det ocks\u00e5 som ett av kungafamiljens officiella residens.<br\/>Kapellet inne i palatset \u00e4r vackert. Du kan ocks\u00e5 bes\u00f6ka terrassen f\u00f6r utsikt \u00f6ver Palma de Mallorcas kustlinje.<\/p>\n\n<ul class=\"wp-block-list\">\n<li><strong>\u00d6ppettider<\/strong>: Tisdag till s\u00f6ndag: kl. 10.00-19.00 (april till september), kl. 10.00-18.00 (oktober till mars)<\/li>\n\n\n\n<li>M\u00e5ndag st\u00e4ngt<\/li>\n\n\n\n<li><strong>Pris:<\/strong> 7 euro<\/li>\n\n\n\n<li>Fri <strong>entr\u00e9<\/strong>: Onsdag och s\u00f6ndag (kl. 15.00-19.00 i upp till 60 minuter f\u00f6re st\u00e4ngning)<\/li>\n\n\n\n<li><a href=\"https:\/\/www.getyourguide.se\/majorque-l47\/palma-de-majorque-billet-d-entree-au-palais-de-la-almudaina-t408302\/?partner_id=R3GYW4V&amp;deeplink_id=f07186ee-d124-529b-bc63-9adb793fb262&amp;cmp=ZZ_Mallorca\" target=\"_blank\" rel=\"noreferrer noopener sponsored nofollow\">Spara tid, k\u00f6p din biljett<\/a><\/li>\n<\/ul>\n\n<figure class=\"wp-block-image\"><img decoding=\"async\" src=\"https:\/\/photos.smugmug.com\/Travel\/Mallorca\/Palma-Royal-Palace-Palau-Reial-Almudaina\/i-Qq97gtc\/3\/8cc2f93f\/L\/Royal_Palace_Palma_Mallorca-178847-L.jpg\" alt=\"Det kungliga palatset i Almudaina\" title=\"Det kungliga palatset i Almudaina\"\/><\/figure>\n\n<h3 class=\"wp-block-heading\"><strong>#5 &#8211; De arabiska baden<\/strong><\/h3>\n\n<p>De arabiska baden \u00e4r de enda resterna av den arabiska staden Medina Mayurqa.<br\/>Badet byggdes fr\u00e5n resterna av de tidigare byggnaderna p\u00e5 platsen som g\u00e5r tillbaka till de romerska, muslimska och bysantinska perioderna.<br\/>Den arabiska stilen med kolonner, valv och d\u00f6rr\u00f6ppningar \u00e4r unik j\u00e4mf\u00f6rt med andra monument i Palma.<br\/>Det finns ocks\u00e5 en liten tr\u00e4dg\u00e5rd n\u00e4ra badet som \u00e4r h\u00e4rlig att koppla av i.<br\/>Du kan ocks\u00e5 titta p\u00e5 en liten video f\u00f6r att bekanta dig med de arabiska badens historia.<\/p>\n\n<ul class=\"wp-block-list\">\n<li>\u00d6ppettider: 10:00 till 18:30<\/li>\n\n\n\n<li>Pris: 3 euro<\/li>\n<\/ul>\n\n<figure class=\"wp-block-image\"><img decoding=\"async\" src=\"https:\/\/photos.smugmug.com\/Travel\/Mallorca\/Palma-Arab-Baths\/i-wfmSqMF\/3\/9013e54c\/L\/Arab_Baths_Palma_Mallorca-178956-L.jpg\" alt=\"Palma Arabiska bad\" title=\"Palma Arabiska bad\"\/><\/figure>\n\n<h3 class=\"wp-block-heading\"><strong>#6 &#8211; G\u00e5 runt murar och grindar (Ses Voltes)<\/strong><\/h3>\n\n<p>P\u00e5 andra sidan vattnet kan du se den gamla stadens murar och de m\u00e5nga portarna.<br\/>Se till att du bes\u00f6ker dessa f\u00f6r vackra vyer.<br\/>Beundra sk\u00f6nheten i de bef\u00e4sta murarna och de m\u00e5nga portarna.<br\/>Tillg\u00e5ngen till detta \u00e4r gratis.<\/p>\n\n<figure class=\"wp-block-image\"><img decoding=\"async\" src=\"https:\/\/photos.smugmug.com\/Travel\/Mallorca\/Palma-de-Mallorca\/i-t8rRntV\/3\/2289fce4\/L\/Palma_Mallorca-178925-L.jpg\" alt=\"Ses Voltes\" title=\"Ses Voltes\"\/><\/figure>\n\n<h3 class=\"wp-block-heading\"><strong>#7 &#8211; Beundra Llotja de Palma<\/strong><\/h3>\n\n<p>Llotja de Palma \u00e4r en byggnad fr\u00e5n 1400-talet. Under antiken anv\u00e4ndes den som marknadsplats och \u00e4ven som centrum f\u00f6r att hantera den livliga hamnen i Palma.<br\/>Idag st\u00e5r den som en tom byggnad med vackra pelare och valv.<br\/>Det \u00e4r en utm\u00e4rkt plats f\u00f6r Instagrammable-klick. Akustiken i den tomma byggnaden kan \u00f6verf\u00f6ra din r\u00f6st till gatorna. F\u00f6rs\u00f6k sjunga n\u00e4r du \u00e4r h\u00e4r!<br\/>Bes\u00f6k under dagen f\u00f6r b\u00e4ttre utsikt och imponerande bilder.<\/p>\n\n<ul class=\"wp-block-list\">\n<li><strong>\u00d6ppettider:<\/strong> 10:30 till 13:30 och 17:30 till 23:00. (kl. 16.00-18.00 endast mellan november och mars)<\/li>\n\n\n\n<li>Intr\u00e4det \u00e4r gratis.<\/li>\n<\/ul>\n\n<figure class=\"wp-block-image\"><img decoding=\"async\" src=\"https:\/\/photos.smugmug.com\/Travel\/Mallorca\/Llotja-de-Palma\/i-bpKRRgF\/3\/8f627f12\/L\/Llotja_Palma_Mallorca-178705-L.jpg\" alt=\"Llotja de Palma\" title=\"Llotja de Palma\"\/><\/figure>\n\n<h2 class=\"wp-block-heading\" id=\"t-1657711161067\"><strong>#8 to 12 &#8211; Promenad Resten av stadens centrum (mindre historisk del)<\/strong><\/h2>\n\n<h3 class=\"wp-block-heading\"><strong>#8 &#8211; M\u00e4nniskor tittar p\u00e5 Pla\u00e7a Major<\/strong><\/h3>\n\n<p>Placa Major \u00e4r ett typiskt livligt spanskt torg i hj\u00e4rtat av Palma.<br\/>H\u00e4r finns butiker, restauranger och vacker arkitektur \u00f6verallt.<br\/>Om du bara vill insupa st\u00e4mningen i staden kan du sitta p\u00e5 ett kaf\u00e9 eller en restaurang och titta p\u00e5 folk i lugn och ro. P\u00e5 det hela taget \u00e4r det ett underbart s\u00e4tt att tillbringa en eftermiddag i Palma!<\/p>\n\n<figure class=\"wp-block-image\"><img decoding=\"async\" src=\"https:\/\/photos.smugmug.com\/Travel\/Mallorca\/Palma-de-Mallorca\/i-cvphHBQ\/3\/c8bf0875\/L\/Placa_Major_Palma_Mallorca-178760-L.jpg\" alt=\"Stora torget\" title=\"Stora torget\"\/><\/figure>\n\n<h3 class=\"wp-block-heading\"><strong>#9 &#8211; Handla p\u00e5 Mercat de l&#8217;Olivar<\/strong><\/h3>\n\n<p>Detta \u00e4r den st\u00f6rsta marknaden i Palma. Det \u00e4r en inomhusmarknad som ligger i en historisk hall.<br\/>Platsen \u00e4r full av lokalbefolkning och turister.<br\/>H\u00e4r hittar du det b\u00e4sta utbudet av k\u00f6tt och fisk. De f\u00e4rska gr\u00f6nsakerna och frukterna \u00e4r ocks\u00e5 en fr\u00f6jd f\u00f6r \u00f6gat.<br\/>H\u00e4r kan du \u00e4ta en billig frukost, ta en snabb drink, \u00e4ta tapas eller utforska den livliga spanska marknaden.<\/p>\n\n<ul class=\"wp-block-list\">\n<li><strong>\u00d6ppettider<\/strong>: 7:00 till 14:30 (s\u00f6ndag st\u00e4ngt)<\/li>\n<\/ul>\n\n<h3 class=\"wp-block-heading\"><strong>#10 &#8211; Uppt\u00e4ck art deco-byggnader<\/strong><\/h3>\n\n<p>Palma har ett \u00f6verraskande stort antal byggnader i art deco- eller jugendstil.<br\/>Stanna till och beundra s\u00e5 m\u00e5nga du kan p\u00e5 din promenad genom staden.<br\/>De flesta av dem ligger i den moderna delen av staden.<br\/>N\u00e5gra Art Deco byggnader som \u00e4r v\u00e4rda att kolla in \u00e4r Can Roca, Can Forteza, Can Coll, Gran Hotel.<\/p>\n\n<figure class=\"wp-block-image\"><img decoding=\"async\" src=\"https:\/\/photos.smugmug.com\/Travel\/Mallorca\/Palma-de-Mallorca\/i-jkh9hSN\/3\/ee8c4802\/L\/Palma_Mallorca-178749-L.jpg\" alt=\"Art Deco byggnader\" title=\"Art Deco byggnader\"\/><\/figure>\n\n<h3 class=\"wp-block-heading\"><strong>#11 &#8211; Hitta unika tr\u00e4d<\/strong><\/h3>\n\n<p>Palma har en hel del riktigt unika tr\u00e4d.<br\/>Det som \u00e4r mest unikt och definitivt v\u00e4rt att ta bilder av \u00e4r det gamla olivtr\u00e4det som klassas som ett unikt tr\u00e4d &#8211; det finns p\u00e5 39\u00b034&#8217;10.5&#8243;N 2\u00b039&#8217;00.1&#8243;E<\/p>\n\n<figure class=\"wp-block-image\"><img decoding=\"async\" src=\"https:\/\/photos.smugmug.com\/Travel\/Mallorca\/Palma-de-Mallorca\/i-XCVs2VD\/3\/305c7efa\/L\/Palma_Mallorca-178784-L.jpg\" alt=\"Unikt tr&#xE4;d i Palma\" title=\"Unikt tr&#xE4;d i Palma\"\/><\/figure>\n\n<h3 class=\"wp-block-heading\"><strong>#12 &#8211; Hitta dolda uteplatser<\/strong><\/h3>\n\n<p>Den gamla stadsdelen i Palma \u00e4r full av vackra gamla hus.<br\/>N\u00e4r du promenerar runt i gamla stan ska du l\u00e4gga m\u00e4rke till de charmiga uteplatserna som husen \u00e4r byggda runt.<\/p>\n\n<figure class=\"wp-block-image\"><img decoding=\"async\" src=\"https:\/\/photos.smugmug.com\/Travel\/Mallorca\/Palma-Arab-Baths\/i-PWQ9Fjg\/3\/9652793c\/L\/Palma_Mallorca-178938-L.jpg\" alt=\"Uteplats i gamla stan\" title=\"Uteplats i gamla stan\"\/><\/figure>\n\n<h3 class=\"wp-block-heading\"><strong>#13 &#8211; Cueva de Genova<\/strong><\/h3>\n\n<p>Cuevas de Genova uppt\u00e4cktes 1906 och \u00e4r en av de m\u00e5nga grottor som finns \u00f6ver hela Mallorca. Grottan \u00e4r dock inte den b\u00e4sta p\u00e5 Mallorca.<br\/>Det finns b\u00e4ttre grottor p\u00e5 Mallorca som du kan bes\u00f6ka p\u00e5 dagsutflykter fr\u00e5n Palma (mer information senare i artikeln).<br\/>Men om du bara stannar i Palma \u00e4r Cueva de Genova v\u00e4rt ett bes\u00f6k.<br\/>Du m\u00e5ste g\u00e5 uppf\u00f6r n\u00e5gra trappor f\u00f6r att utforska omr\u00e5det.<br\/>Personer med klaustrofobi b\u00f6r undvika grottan eftersom det \u00e4r en av de minsta och smalaste grottorna p\u00e5 Mallorca.<\/p>\n\n<ul class=\"wp-block-list\">\n<li>11:00 till 16:30<\/li>\n\n\n\n<li>Utforska i din egen takt, utan guide &#8211; det tar cirka 15 minuter<\/li>\n\n\n\n<li>Kolla in den senaste informationen p\u00e5 den <a style=\"outline: none;\" href=\"http:\/\/cuevasdegenova.com\/\" target=\"_blank\" rel=\"nofollow noopener\">officiella webbplatsen<\/a><\/li>\n<\/ul>\n\n<figure class=\"wp-block-image\"><img decoding=\"async\" src=\"https:\/\/photos.smugmug.com\/Travel\/Mallorca\/3h-Cuevas-de-Genova\/i-kNZF5jw\/3\/83874cdb\/L\/Cuevas_de_Genova_Mallorca-063680-L.jpg\" alt=\"Cueva de Genova\" title=\"Cueva de Genova\"\/><\/figure>\n\n<h2 class=\"wp-block-heading\" id=\"t-1657711161068\"><strong>#14 &#8211; Castell de Bellver<\/strong><\/h2>\n\n<p>Castell de Bellver \u00e4r ett spektakul\u00e4rt slott p\u00e5 en kulle. Den ligger utanf\u00f6r Palmas stadsk\u00e4rna i v\u00e4ster.<br\/>Den \u00e4r popul\u00e4r bland turister p\u00e5 grund av sin s\u00e4llsynta cirkelform.<br\/>Det byggdes p\u00e5 1300-talet f\u00f6r kung James II av Mallorca. Under senare \u00e5r anv\u00e4ndes det som f\u00e4ngelse.<br\/>Sedan slutet av 1900-talet inrymmer det ett museum.<br\/>Det \u00e4r ett m\u00e5ste att bes\u00f6ka f\u00f6r sin 360-graders utsikt och spektakul\u00e4ra arkitektoniska detaljer.<\/p>\n\n<ul class=\"wp-block-list\">\n<li><strong>\u00d6ppettider:<\/strong> 10.00-19.00 (april till september), 10.00-18.00 (november till mars), s\u00f6ndagar endast till kl. 15.00<\/li>\n\n\n\n<li><strong>Pris: <\/strong>4 euro, gratis p\u00e5 s\u00f6ndagar<\/li>\n\n\n\n<li><strong>Officiell webbplats <a href=\"https:\/\/castelldebellver.palma.cat\/\" target=\"_blank\" rel=\"nofollow noopener\">\n  <strong>h\u00e4r<\/strong>\n<\/a><\/strong><\/li>\n<\/ul>\n\n<figure class=\"wp-block-image\"><img decoding=\"async\" src=\"https:\/\/photos.smugmug.com\/Travel\/Mallorca\/Palma-Castell-de-Bellver\/i-pQDHzMT\/3\/10a4559c\/L\/Castell_Bellver_Palma_Mallorca-178616-L.jpg\" alt=\"Castell de Bellver\" title=\"Castell de Bellver\"\/><\/figure>\n\n<figure class=\"wp-block-image\"><img decoding=\"async\" src=\"https:\/\/photos.smugmug.com\/Travel\/Mallorca\/Palma-Castell-de-Bellver\/i-V56pqW3\/3\/367411eb\/L\/Castell_Bellver_Palma_Mallorca-178538-L.jpg\" alt=\"Castell de Bellver 2\" title=\"Castell de Bellver 2\"\/><\/figure>\n\n<h2 class=\"wp-block-heading\" id=\"t-1657711161069\"><strong>#15 till 19 &#8211; B\u00e4sta upplevelserna i Palma<\/strong><\/h2>\n\n<h3 class=\"wp-block-heading\"><strong>#15 &#8211; \u00c4t tapas<\/strong><\/h3>\n\n<p>Som tidigare n\u00e4mnts erbjuder Palma sina turister n\u00e5gra av de b\u00e4sta spanska matalternativen.<\/p>\n\n<p>En av de mest givande och roliga upplevelserna i Palma \u00e4r att g\u00e5 p\u00e5 en tapasprovningstur som<\/p>\n\n<ul class=\"wp-block-list\" type=\"disc\">\n<li>introducerar dig till Mallorcas kulinariska l\u00e4ckerheter,<\/li>\n\n\n\n<li>tar dig till v\u00e4lk\u00e4nda tapasbarer och<\/li>\n\n\n\n<li>bjuder in till provsmakning av lokalt vin<\/li>\n<\/ul>\n\n<p><a href=\"https:\/\/www.getyourguide.se\/mallorca-l47\/palma-tour-with-wine-and-tapas-tasting-t210609\/?partner_id=R3GYW4V&amp;deeplink_id=25ee2713-1d3d-5153-be16-ebff4cbd6667&amp;cmp=ZZ_Mallorca\" target=\"_blank\" rel=\"noreferrer noopener sponsored nofollow\">Ett exempel p\u00e5 en bra tapasprovningstur hittar du h\u00e4r.<\/a><\/p>\n\n<p>Och en bra tapasrestaurang \u00e4r Ombu.<\/p>\n\n<figure class=\"wp-block-image size-large\"><img decoding=\"async\" src=\"https:\/\/photos.smugmug.com\/Travel\/Mallorca\/Palma-de-Mallorca\/i-7JVsJrG\/3\/83f20260\/L\/Palma_Mallorca-1234-L.jpg\" alt=\"Ombu tapas\"\/><figcaption class=\"wp-element-caption\"><strong>Ombu tapas<\/strong><\/figcaption><\/figure>\n\n<h3 class=\"wp-block-heading\"><strong>#16 &#8211; B\u00e5ttur<\/strong><\/h3>\n\n<p>F\u00e5 ut det mesta av Medelhavskusten n\u00e4ra Palma genom att boka en b\u00e5ttur.<\/p>\n\n<p>t.ex.<\/p>\n\n<ul class=\"wp-block-list\">\n<li>En lyxig katamarantur med buff\u00e9m\u00e5ltider &#8211; <a href=\"https:\/\/www.getyourguide.se\/mallorca-l47\/palma-de-mallorca-luxury-catamaran-tour-with-buffet-meal-t396956\/?partner_id=R3GYW4V&amp;deeplink_id=8962ee04-baa7-5ab1-a6d3-ea65e95fdcf2&amp;cmp=ZZ_Mallorca\" target=\"_blank\" rel=\"noreferrer noopener sponsored nofollow\">se information och tillg\u00e4nglighet<\/a><\/li>\n\n\n\n<li>Eller en tur med snorkling &#8211; <a href=\"https:\/\/www.getyourguide.se\/mallorca-l47\/palma-de-mallorca-all-inclusive-boat-experience-t391616\/?partner_id=R3GYW4V&amp;cmp=ZZ_Mallorca\" target=\"_blank\" rel=\"noreferrer noopener sponsored nofollow\">se detaljer och tillg\u00e4nglighet<\/a><\/li>\n\n\n\n<li>Eller en p\u00e5 en Speed boat &#8211; <a href=\"https:\/\/www.getyourguide.se\/mallorca-l47\/palma-bay-2-hour-speedboat-adventure-t385338\/?partner_id=R3GYW4V&amp;deeplink_id=483bdb0a-09a2-556f-8b5e-30ce7e4ecadb&amp;cmp=ZZ_Mallorca\" target=\"_blank\" rel=\"noreferrer noopener sponsored nofollow\">se detaljer och tillg\u00e4nglighet<\/a><\/li>\n<\/ul>\n\n<figure class=\"wp-block-image\"><img decoding=\"async\" src=\"https:\/\/photos.smugmug.com\/Travel\/Mallorca\/Palma-de-Mallorca\/i-kbqdjsg\/3\/e1ca58f2\/L\/Palma_Mallorca-178662-L.jpg\" alt=\"B&#xE5;tturer i Palma\" title=\"B&#xE5;tturer i Palma\"\/><\/figure>\n\n<h3 class=\"wp-block-heading\"><strong>#17 &#8211; Parasailing<\/strong><\/h3>\n\n<p>Om du inte har tid med en fullfj\u00e4drad b\u00e5ttur som tar minst 4-5 timmar, kan du ge dig ut p\u00e5 en 1-timmes parasailing-tur.<br\/>En typisk tur ger dig 10 minuters parasailingtid. Sv\u00e4va upp till 50 meters h\u00f6jd och beundra Palmabukten.<\/p>\n\n<p>Den h\u00e4r \u00e4r en rolig parasailing-tur &#8211; <a href=\"https:\/\/www.getyourguide.se\/mallorca-l47\/palma-bay-parasailing-experience-t385337\/?partner_id=R3GYW4V&amp;deeplink_id=8a9f8863-c051-56d6-ac53-cef72518b73e&amp;cmp=ZZ_Mallorca\" target=\"_blank\" rel=\"noreferrer noopener sponsored nofollow\">se detaljer och tillg\u00e4nglighet<\/a><\/p>\n\n<figure class=\"wp-block-image\"><img decoding=\"async\" src=\"https:\/\/photos.smugmug.com\/Travel\/Mallorca\/Port-de-Alcudia\/i-XKB7bzQ\/3\/9d348e28\/L\/Alcudia_beach_Mallorca-126777-L.jpg\" alt=\"Parasailing p&#xE5; Mallorca\" title=\"Parasailing p&#xE5; Mallorca\"\/><\/figure>\n\n<h3 class=\"wp-block-heading\"><strong>#18 &#8211; Akvariet i Palma<\/strong><\/h3>\n\n<p>Palma Aquarium \u00e4r ett vackert akvarium d\u00e4r man kan l\u00e4ra sig mer om Medelhavets marina arter.<br\/>H\u00e4r kan du se hajar, delta i dykaktiviteter, se 4D-teater eller till och med vara med om en matningssession.<\/p>\n\n<ul class=\"wp-block-list\">\n<li><strong>Officiell webbplats<\/strong> <a href=\"http:\/\/%20https:\/\/palmaaquarium.com\/en\/\" target=\"_blank\" rel=\"nofollow noopener\">h\u00e4r<\/a><\/li>\n\n\n\n<li><strong><a href=\"https:\/\/www.getyourguide.se\/mallorca-l47\/palma-aquarium-entrance-ticket-t73335\/?partner_id=R3GYW4V&amp;deeplink_id=e5ff070c-a693-5cba-b98d-812367ca9c85&amp;cmp=ZZ_Mallorca\">K\u00f6p intr\u00e4desbiljett i din egen valuta h\u00e4r<\/a><\/strong><\/li>\n<\/ul>\n\n<figure class=\"wp-block-image\"><img decoding=\"async\" src=\"https:\/\/photos.smugmug.com\/Travel\/Mallorca\/16a-S-Arenal-beach\/i-5QVRxRJ\/1\/edbaadf4\/L\/Mallorca_Aquarium_Palma-199588-L.jpg\" alt=\"Akvariet i Palma\" title=\"Akvariet i Palma\"\/><\/figure>\n\n<h3 class=\"wp-block-heading\"><strong>#19 &#8211; Matlagningskurs<\/strong><\/h3>\n\n<p>Att delta i en matlagningskurs \u00e4r ett roligt s\u00e4tt att tillbringa tid i Palma.<br\/>L\u00e4r dig laga traditionella spanska r\u00e4tter som paella, tortillas och mycket mer av en lokal kock.<\/p>\n\n<p>Jag rekommenderar denna matlagningskurs &#8211; <a href=\"https:\/\/www.getyourguide.se\/mallorca-l47\/palma-de-mallorca-spanish-cooking-experience-t364970\/?partner_id=R3GYW4V&amp;deeplink_id=89c8bf7a-9cf7-5859-a274-0f622825cc86&amp;cmp=ZZ_Mallorca\" target=\"_blank\" rel=\"noreferrer noopener sponsored nofollow\">se detaljer och tillg\u00e4nglighet<\/a><\/p>\n\n<h2 class=\"wp-block-heading\" id=\"t-1657711161070\"><strong>#20 till 27 &#8211; Museer<\/strong><\/h2>\n\n<h3 class=\"wp-block-heading\"><strong>#20 &#8211; Castillo Museu de San Carlos<\/strong><\/h3>\n\n<p>Detta museum ligger i ett fort fr\u00e5n 1600-talet. H\u00e4r visas ett brett utbud av vapen och milit\u00e4ra artefakter.<br\/>Den ligger v\u00e4ster om centrala Palma.<\/p>\n\n<ul class=\"wp-block-list\">\n<li><strong>\u00d6ppettider:<\/strong> Tisdag till s\u00f6ndag kl. 10.00-14.00 (m\u00e5ndag st\u00e4ngt)<\/li>\n\n\n\n<li><strong>Pris:<\/strong> Gratis<\/li>\n\n\n\n<li><strong>Webbplats <a style=\"outline: none;\" href=\"http:\/\/www.castillomuseosancarlos.com\" target=\"_blank\" rel=\"nofollow noopener\">\n  <strong>h\u00e4r<\/strong>\n<\/a><\/strong><\/li>\n<\/ul>\n\n<figure class=\"wp-block-image\"><img decoding=\"async\" src=\"https:\/\/photos.smugmug.com\/Travel\/Mallorca\/Palma-de-Mallorca\/i-NFPFwsv\/3\/38ec41ef\/L\/Military_Museum_Palma_Mallorca-178501-L.jpg\" alt=\"Castillo Museu de San Carlos\" title=\"Castillo Museu de San Carlos\"\/><\/figure>\n\n<h3 class=\"wp-block-heading\"><strong>#21 &#8211; Musea Diocese (Museum f\u00f6r helig konst)<\/strong><\/h3>\n\n<p>Detta museum ligger i ett biskopspalats fr\u00e5n 1200-talet.<br\/>Det \u00e4r ett religi\u00f6st museum som visar helig kristen konst fr\u00e5n b\u00f6rjan av 1200-talet och fram\u00e5t.<br\/>Hotellet ligger i den gamla stadsk\u00e4rnan i Palma.<\/p>\n\n<ul class=\"wp-block-list\">\n<li><strong>\u00d6ppettider<\/strong>: 10.00 till 14.00 (helger st\u00e4ngt)<\/li>\n\n\n\n<li><strong>Pris<\/strong>: 4 euro eller 8 euro.<\/li>\n\n\n\n<li><strong>Webbplats <a href=\"https:\/\/www.museuartsacredemallorca.org\" target=\"_blank\" rel=\"nofollow noopener\">\n  <strong>h\u00e4r<\/strong>\n<\/a><\/strong><\/li>\n<\/ul>\n\n<figure class=\"wp-block-image\"><img decoding=\"async\" src=\"https:\/\/photos.smugmug.com\/Travel\/Mallorca\/Palma-de-Mallorca\/i-xPW5S5x\/3\/28bf0790\/L\/Museum_Diocesa_Palma_Mallorca-178930-L.jpg\" alt=\"Musea Diocese\" title=\"Musea Diocese\"\/><\/figure>\n\n<h3 class=\"wp-block-heading\"><strong>#22 &#8211; Fundacio Bartolome Mars<\/strong><\/h3>\n\n<p>Detta \u00e4r ett vackert konstmuseum. H\u00e4r finns fem konstsamlingar, bland annat moderna och samtida skulpturer, bibliografi, manuskript och en samling sj\u00f6kort.<br\/>Det ligger i det gamla centrumet.<\/p>\n\n<ul class=\"wp-block-list\">\n<li><strong>\u00d6ppettider:<\/strong> 10.00-18.30 (april till oktober) 10.00-17.00 (november till mars) Helger st\u00e4ngt<\/li>\n\n\n\n<li><strong>Pris:<\/strong> 4,5 euro<\/li>\n\n\n\n<li><strong>Webbplats <a href=\"https:\/\/www.fundacionbmarch.es\/en\/home\/\" target=\"_blank\" rel=\"noreferrer noopener nofollow\">\n  <strong>h\u00e4r<\/strong>\n<\/a><\/strong><\/li>\n<\/ul>\n\n<figure class=\"wp-block-image\"><img decoding=\"async\" src=\"https:\/\/photos.smugmug.com\/Travel\/Mallorca\/Palma-de-Mallorca\/i-hzfcMbZ\/3\/37f895b5\/L\/Palau_March_Palma_Mallorca-178807-L.jpg\" alt=\"Fundacio Bartolome mars\" title=\"Fundacio Bartolome mars\"\/><\/figure>\n\n<h3 class=\"wp-block-heading\"><strong>#23 &#8211; Museu Maritim<\/strong><\/h3>\n\n<p>Sj\u00f6fartsmuseet \u00e4r ett litet museum som ligger i ett kloster.<br\/>Det ligger i den gamla stadsk\u00e4rnan.<\/p>\n\n<ul class=\"wp-block-list\">\n<li><strong>\u00d6ppettider:<\/strong> Fredag till s\u00f6ndag 10.00 till 14.00<\/li>\n\n\n\n<li><strong>Webbplats <a href=\"https:\/\/museumaritim.conselldemallorca.cat\/\" target=\"_blank\" rel=\"nofollow noopener\">\n  <strong>h\u00e4r<\/strong>\n<\/a><\/strong><\/li>\n<\/ul>\n\n<figure class=\"wp-block-image\"><img decoding=\"async\" src=\"https:\/\/photos.smugmug.com\/Travel\/Mallorca\/Palma-de-Mallorca\/i-QVtjTbJ\/3\/9f942f3c\/L\/Palma_Mallorca-179011-L.jpg\" alt=\"Museu Maritim\" title=\"Museu Maritim\"\/><\/figure>\n\n<h3 class=\"wp-block-heading\"><strong>#24 &#8211; <\/strong><strong>Museet p\u00e5 Mallorca<\/strong><\/h3>\n\n<p>Mallorcas museum ligger i en herrg\u00e5rd fr\u00e5n 1500-talet. Den har en huvudbyggnad och tv\u00e5 mindre tillh\u00f6rande byggnader.<br\/>H\u00e4r visas arkeologiska och konstn\u00e4rliga utst\u00e4llningar.<br\/>Den ligger i den gamla stadsk\u00e4rnan i Palma<\/p>\n\n<ul class=\"wp-block-list\">\n<li>Webbplats <a style=\"outline: none;\" href=\"https:\/\/www.caib.es\/sites\/museudemallorca\/\" target=\"_blank\" rel=\"nofollow noopener\">h\u00e4r<\/a><\/li>\n<\/ul>\n\n<figure class=\"wp-block-image\"><img decoding=\"async\" src=\"https:\/\/photos.smugmug.com\/Travel\/Mallorca\/Palma-Arab-Baths\/i-4Ccwc7F\/3\/fa776afd\/L\/Palma_Mallorca-1258-L.jpg\" alt=\"Museet p&#xE5; Mallorca\" title=\"Museet p&#xE5; Mallorca\"\/><\/figure>\n\n<h3 class=\"wp-block-heading\"><strong>#25 &#8211; Fundacio Miro Mallorca<\/strong><\/h3>\n\n<p>Detta \u00e4r ett kulturcenter som hyllar Juan Mir\u00f3s arbete. Den \u00e4r bel\u00e4gen i en konstatelj\u00e9.<br\/>Den ligger p\u00e5 Carrer de Saridakis, ca 20 minuters bilresa \u00e5t sydv\u00e4st fr\u00e5n den gamla stadsk\u00e4rnan.<\/p>\n\n<ul class=\"wp-block-list\">\n<li><strong>\u00d6ppettider:<\/strong> Tisdag till l\u00f6rdag: 10.00 till 19.00 (sommar) och 10.00 till 18.00 (vinter), s\u00f6ndag 10.00 till 15.00, m\u00e5ndag st\u00e4ngt.<\/li>\n\n\n\n<li><strong>Pris: <\/strong>7 euro<\/li>\n\n\n\n<li><strong>Webbplats <a href=\"https:\/\/miromallorca.com\/\" target=\"_blank\" rel=\"nofollow noopener\">\n  <strong>h\u00e4r<\/strong>\n<\/a><\/strong><\/li>\n<\/ul>\n\n<h3 class=\"wp-block-heading\"><strong>#26 &#8211; Museu Fondaction Juan March<\/strong><\/h3>\n\n<p>Det \u00e4r ett vackert museum f\u00f6r modern konst som visar verk av Picasso, Gris, Dali, Miro och n\u00e5gra andra beg\u00e5vade konstn\u00e4rer.<br\/>Den ligger i omr\u00e5det Plaza Major i Palma.<\/p>\n\n<ul class=\"wp-block-list\">\n<li><strong>\u00d6ppettider:<\/strong> M\u00e5ndag till fredag kl. 10.00-18.30, l\u00f6rdag kl. 10.30-14.00, s\u00f6ndag st\u00e4ngt<\/li>\n\n\n\n<li><strong>Pris:<\/strong> Gratis<\/li>\n\n\n\n<li><strong>Webbplats <a href=\"https:\/\/www.march.es\/es\/palma\" target=\"_blank\" rel=\"nofollow noopener\">\n  <strong>h\u00e4r<\/strong>\n<\/a><\/strong><\/li>\n<\/ul>\n\n<h3 class=\"wp-block-heading\"><strong>#27 &#8211; es Baluard Museu<\/strong><\/h3>\n\n<p>Museet es Baluard \u00e4r en av de st\u00f6rsta utst\u00e4llningslokalerna f\u00f6r modern konst.<br\/>Den \u00e4r bel\u00e4gen i hamnomr\u00e5det.<\/p>\n\n<ul class=\"wp-block-list\">\n<li><strong>\u00d6ppettider:<\/strong> Tisdag till l\u00f6rdag kl. 10.00-20.00 och s\u00f6ndag kl. 10.00-15.00 (m\u00e5ndag st\u00e4ngd)<\/li>\n\n\n\n<li><strong>Pris:<\/strong> 6 euro<\/li>\n\n\n\n<li><strong>Webbplats <a style=\"outline: none;\" href=\"https:\/\/www.esbaluard.org\" target=\"_blank\" rel=\"nofollow noopener\">\n  <strong>h\u00e4r<\/strong>\n<\/a><\/strong><\/li>\n<\/ul>\n\n<h2 class=\"wp-block-heading\" id=\"t-1657711161071\"><strong>#28 till 31 &#8211; B\u00e4sta dagsutflykterna fr\u00e5n Palma de Mallorca<\/strong><\/h2>\n\n<p>Med Palma som bas kan du ge dig ut p\u00e5 olika typer av dagsutflykter. V\u00e4lj n\u00e5gra utifr\u00e5n din smak!<\/p>\n\n<h3 class=\"wp-block-heading\"><strong>#28 &#8211; Port de Soller &amp; Se Calobra<\/strong><\/h3>\n\n<p>Port de Soller ligger ca 45 minuter fr\u00e5n Palma och Se Calobra ligger 30 minuter l\u00e4ngre upp p\u00e5 samma rutt.<br\/>Du kan bes\u00f6ka b\u00e5da dessa platser med buss, sp\u00e5rvagn eller till och med b\u00e5t.<br\/>Port de Soller \u00e4r en kustby med en pittoresk strandpromenad. H\u00e4r finns ocks\u00e5 en historisk sp\u00e5rvagn.<br\/>H\u00e4rifr\u00e5n kan du ta en natursk\u00f6n b\u00e5ttur till <a style=\"outline: none;\" href=\"https:\/\/www.zigzagonearth.com\/sv\/sa-calobra-mallorca\/\" target=\"_blank\" rel=\"noopener\">Sa Calobra<\/a>.<\/p>\n\n<p><a href=\"https:\/\/www.getyourguide.se\/mallorca-l47\/mallorca-scenic-island-tour-from-the-south-t163878\/?partner_id=R3GYW4V&amp;deeplink_id=adfeb02f-9b27-5057-8b48-826941607a48&amp;cmp=ZZ_Mallorca\" target=\"_blank\" rel=\"noreferrer noopener sponsored nofollow\">Kontrollera program och tillg\u00e4nglighet<\/a><\/p>\n\n<figure class=\"wp-block-image size-large\"><img decoding=\"async\" src=\"https:\/\/photos.smugmug.com\/Travel\/Mallorca\/Port-de-Soller\/i-MJ8Xq22\/3\/4cc61f4c\/L\/Port_de_Soller_Mallorca-074050-L.jpg\" alt=\"Sp&#xE5;rvagn - Port de Soller\"\/><figcaption class=\"wp-element-caption\"><strong>Sp\u00e5rvagn &#8211; Port de Soller<\/strong><\/figcaption><\/figure>\n\n<h3 class=\"wp-block-heading\"><strong>#29 &#8211; Underjordiska grottor<\/strong><\/h3>\n\n<p>N\u00e5gra av de b\u00e4sta grottorna i Spanien finns p\u00e5 Mallorca<a href=\"https:\/\/www.zigzagonearth.com\/sv\/basta-grottor-mallorca\/\" target=\"_blank\" rel=\"noreferrer noopener\">(se min lista<\/a>).<br\/>Arta \u00e4r min favorit, men Drach och Hams \u00e4r de mest popul\u00e4ra.<br\/>Det finns m\u00e5nga halvdags- eller heldagsturer till grottor som i f\u00f6rsta hand tar dig till Drach.<br\/>Inne i Drach hittar du h\u00e4pnadsv\u00e4ckande stalagmiter och stalaktiter. H\u00e4r kan du ocks\u00e5 njuta av lite musik.<\/p>\n\n<p>Denna tur nedan erbjuder m\u00f6jligheten att kombinera Drach och Hams grottor : <a href=\"https:\/\/www.getyourguide.se\/mallorca-l47\/manacor-caves-of-drach-optional-east-mallorca-tour-t163881\/?partner_id=R3GYW4V&amp;deeplink_id=bf180dcd-e221-5f37-9cd7-50a4070d18fd&amp;cmp=ZZ_Mallorca\" target=\"_blank\" rel=\"noreferrer noopener sponsored nofollow\">Kolla in program och tillg\u00e4nglighet<\/a><\/p>\n\n<figure class=\"wp-block-image\"><img decoding=\"async\" src=\"https:\/\/photos.smugmug.com\/Travel\/Mallorca\/Drach-Cave\/i-P2dFHRb\/1\/f460d75d\/L\/Drach_Cave_Mallorca-136933-L.jpg\" alt=\"Cueva de Drach\" title=\"Cueva de Drach\"\/><\/figure>\n\n<h3 class=\"wp-block-heading\"><strong>#30 &#8211; Alcudia och Formentor<\/strong><\/h3>\n\n<p>Alcudia och <a style=\"outline: none;\" href=\"https:\/\/www.zigzagonearth.com\/sv\/cap-formentor-mallorca\/\" target=\"_blank\" rel=\"noopener\">Formentor<\/a> erbjuder en natursk\u00f6n tillflyktsort fr\u00e5n Palma.<br\/>Alcudia och Pollen\u00e7a \u00e4r vackra medeltida st\u00e4der.<br\/>\u00c5 andra sidan har Formentor en underbar strand.<br\/>\u00c4ven om dagsutflykten \u00e4r ganska avslappnad, erbjuder den vackra rutten, de charmiga gamla st\u00e4derna och strandtiden ett utm\u00e4rkt turistv\u00e4rde.<\/p>\n\n<p><a href=\"https:\/\/www.getyourguide.se\/mallorca-l47\/tour-of-formentor-market-beach-and-alcudia-town-t182873\/?partner_id=R3GYW4V&amp;deeplink_id=af67be04-5aa6-59ca-8809-e76b8a24dd65&amp;cmp=ZZ_Mallorca\" target=\"_blank\" rel=\"noreferrer noopener sponsored nofollow\">Kontrollera program och tillg\u00e4nglighet<\/a><\/p>\n\n<figure class=\"wp-block-image\"><img decoding=\"async\" src=\"https:\/\/photos.smugmug.com\/Travel\/Mallorca\/Es-Colomer\/i-jksp6QT\/3\/010ba33f\/L\/Mirador_Colomer_Formentor_Mallorca-052890-L.jpg\" alt=\"Formentor\" title=\"Formentor\"\/><\/figure>\n\n<h3 class=\"wp-block-heading\"><strong>#31 &#8211; Dagsutflykt fr\u00e5n Palma de Mallorca med barn &#8211; Katmendu Park<\/strong><\/h3>\n\n<p>Katmendu Park \u00e4r en utm\u00e4rkt tillflyktsort f\u00f6r dem som reser med barn.<br\/>Det ligger i semesterorten Magaluf.<br\/>Parken \u00e4r \u00f6ppen \u00e4ven efter solnedg\u00e5ngen. Du kan k\u00f6pa en kv\u00e4llsbiljett eller ett Sundown-pass.<br\/>Sammantaget \u00e4r det en utm\u00e4rkt kv\u00e4llsutflykt med barn.<\/p>\n\n<div style=\"margin-top:8%;margin-bottom:8%\" class=\"wp-block-genesis-blocks-gb-container box gb-block-container\"><div class=\"gb-container-inside\"><div class=\"gb-container-content\">\n<p><strong>Planera din resa till Mallorca:<\/strong><\/p>\n\n\n\n<div class=\"wp-block-columns box_colonne_cc is-layout-flex wp-container-core-columns-is-layout-9d6595d7 wp-block-columns-is-layout-flex\">\n<div class=\"wp-block-column box_picto_c is-layout-flow wp-block-column-is-layout-flow\" style=\"flex-basis:5%\">\n<figure class=\"wp-block-image size-full is-resized box_picto\"><img loading=\"lazy\" decoding=\"async\" src=\"http:\/\/www.zigzagonearth.com\/wp-content\/uploads\/2023\/08\/&#x1F697;.png\" alt=\"\" class=\"wp-image-16341\" style=\"width:30px;height:31px\" width=\"30\" height=\"31\"\/><\/figure>\n<\/div>\n\n\n\n<div class=\"wp-block-column is-layout-flow wp-block-column-is-layout-flow\" style=\"flex-basis:95%\">\n<ul class=\"wp-block-list\">\n<li>Mina resplaner : <a class=\"\" href=\"https:\/\/www.zigzagonearth.com\/2-3-days-mallorca-weekend\/\" target=\"_blank\" rel=\"noreferrer noopener\">3 dagar &#8211; helg<\/a>, <a class=\"\" href=\"https:\/\/www.zigzagonearth.com\/4-days-mallorca-itinerary\/\" target=\"_blank\" rel=\"noreferrer noopener\">4<\/a> dagar, <a class=\"\" href=\"https:\/\/www.zigzagonearth.com\/5-days-mallorca-itinerary\/\" target=\"_blank\" rel=\"noreferrer noopener\">5 dagar<\/a>, <a class=\"\" href=\"https:\/\/www.zigzagonearth.com\/one-week-madeira-7-day-itinerary\/\" target=\"_blank\" rel=\"noreferrer noopener\">1 vecka<\/a>, <a href=\"https:\/\/www.zigzagonearth.com\/10-days-mallorca-2-weeks-itinerary\/\" target=\"_blank\" rel=\"noreferrer noopener\">10<\/a> dagar<\/li>\n\n\n\n<li><a class=\"\" href=\"https:\/\/www.zigzagonearth.com\/renting-car-mallorca-tips\/\" target=\"_blank\" rel=\"noreferrer noopener\">36 tips f\u00f6r att hyra bil p\u00e5 Mallorca<\/a><\/li>\n\n\n\n<li><a class=\"\" href=\"https:\/\/www.zigzagonearth.com\/driving-mallorca-tips\/\" target=\"_blank\" rel=\"noreferrer noopener\">Guide till bilk\u00f6rning p\u00e5 Mallorca<\/a><\/li>\n\n\n\n<li><a class=\"\" href=\"https:\/\/www.zigzagonearth.com\/where-to-stay-mallorca-best-areas\/\" target=\"_blank\" rel=\"noreferrer noopener\">Var man kan bo p\u00e5 Mallorca<\/a><\/li>\n\n\n\n<li><a href=\"https:\/\/www.zigzagonearth.com\/where-stay-palma-mallorca-best-hotels\/\" target=\"_blank\" class=\"\" rel=\"noreferrer noopener\">Var man kan bo i Palma de Mallorca<\/a><\/li>\n\n\n\n<li><a class=\"\" href=\"https:\/\/zigzagonearth.com\/best-things-do-mallorca\/\" target=\"_blank\" rel=\"noreferrer noopener\">B\u00e4sta sakerna att g\u00f6ra p\u00e5 Mallorca<\/a><\/li>\n<\/ul>\n<\/div>\n<\/div>\n<\/div><\/div><\/div>\n\n<h2 class=\"wp-block-heading\" id=\"t-1657711161072\"><strong>#32 till 35 &#8211; Str\u00e4nder i Palma de Mallorca<\/strong><\/h2>\n\n<p>Palma de Mallorca har inte den b\u00e4sta stranden p\u00e5 \u00f6n<a style=\"outline: none;\" href=\"https:\/\/www.zigzagonearth.com\/sv\/basta-stranderna-mallorca\/\" target=\"_blank\" rel=\"noopener\">(se min lista \u00f6ver de b\u00e4sta str\u00e4nderna<\/a>).<br\/>F\u00f6r att bes\u00f6ka de b\u00e4sta str\u00e4nderna p\u00e5 Mallorca m\u00e5ste du <a href=\"https:\/\/www.discovercars.com\/spain-balearic-islands\/mallorca?a_aid=zigzag&amp;chan=ZZOE&amp;data2=Mallorca\" target=\"_blank\" rel=\"noreferrer noopener sponsored nofollow\">hyra en bil<\/a>.<\/p>\n\n<p>Om du bor i Palma de Mallorca kan du snabbt ta dig till str\u00e4nderna runt omkring:<\/p>\n\n<h3 class=\"wp-block-heading\"><strong>#32 &#8211; Platja de Can Pere Antoni<\/strong><\/h3>\n\n<p>Platja de Can Pere Antoni ligger mitt i stan.<br\/>Det \u00e4r den strand som ligger n\u00e4rmast stadens centrum. Du kan koppla av p\u00e5 stranden eller ta en promenad p\u00e5 strandpromenaden som str\u00e4cker sig \u00f6ver hela strandens l\u00e4ngd.<\/p>\n\n<h3 class=\"wp-block-heading\"><strong>#33 &#8211; S&#8217;Arenal<\/strong><\/h3>\n\n<p>S&#8217;Arenal \u00e4r en l\u00e5ng sandstrand s\u00f6der om Palma.<br\/>Stranden har en tropisk atmosf\u00e4r tack vare palmerna l\u00e4ngs strandlinjen.<br\/>Det finns m\u00e5nga restauranger l\u00e4ngs strandpromenaden och det \u00e4r en perfekt strand n\u00e4ra Palma f\u00f6r en avslappnad sommareftermiddag.<\/p>\n\n<figure class=\"wp-block-image size-large\"><img decoding=\"async\" src=\"https:\/\/photos.smugmug.com\/Travel\/Mallorca\/16a-S-Arenal-beach\/i-NNkqsFP\/1\/c1f9805a\/L\/Sarenal_Beach_Palma-199599-L.jpg\" alt=\"S'Arenal strand\"\/><figcaption class=\"wp-element-caption\"><strong>S&#8217;Arenal strand<\/strong><\/figcaption><\/figure>\n\n<h3 class=\"wp-block-heading\"><strong>#34 &#8211; Platja de Cala Major<\/strong><\/h3>\n\n<p>Denna lilla vik ligger v\u00e4ster om Palma.<br\/>Det kan bli ganska tr\u00e5ngt p\u00e5 somrarna. Solstolar fylls ocks\u00e5 ganska snabbt.<br\/>G\u00e5 dit tidigt p\u00e5 dagen f\u00f6r en trevlig upplevelse.<\/p>\n\n<h3 class=\"wp-block-heading\"><strong>#35 &#8211; Hyr en bil f\u00f6r att bes\u00f6ka de vackraste str\u00e4nderna<\/strong><\/h3>\n\n<p>Som jag n\u00e4mnde tidigare, om du vill bes\u00f6ka de mest natursk\u00f6na str\u00e4nderna p\u00e5 Mallorca, m\u00e5ste du hyra en bil.<br\/>De flesta str\u00e4nderna ligger s\u00f6der eller sydost om Palma de Mallorca.<\/p>\n\n<p>K\u00f6rtider fr\u00e5n Palma de Mallorca<\/p>\n\n<ul class=\"wp-block-list\">\n<li><a style=\"outline: none;\" href=\"https:\/\/www.zigzagonearth.com\/sv\/calo-des-moro-mallorca-strand\/\" target=\"_blank\" rel=\"noopener\">Calo des Moro<\/a> = 1 timme<\/li>\n\n\n\n<li><a style=\"outline: none;\" href=\"https:\/\/www.zigzagonearth.com\/sv\/naturparken-mondrago-mallorca\/\" target=\"_blank\" rel=\"noopener\">Mondrago Naturpark<\/a> = 1 timme 10 min<\/li>\n\n\n\n<li><a href=\"https:\/\/www.zigzagonearth.com\/sv\/cala-pi-beltran-mallorca\/\" target=\"_blank\" rel=\"noopener\">Cala Pi<\/a> = 50 minuter<\/li>\n\n\n\n<li>Colonia Sant Jordi = 55 minuter<\/li>\n\n\n\n<li>Es Trenc (ber\u00f6md men jag tycker inte att den \u00e4r fantastisk) = 55 minuter<\/li>\n<\/ul>\n\n<div style=\"margin-top:8%;margin-bottom:8%\" class=\"wp-block-genesis-blocks-gb-container box gb-block-container\"><div class=\"gb-container-inside\"><div class=\"gb-container-content\">\n<div class=\"wp-block-columns box_colonne is-layout-flex wp-container-core-columns-is-layout-9d6595d7 wp-block-columns-is-layout-flex\">\n<div class=\"wp-block-column colonne is-layout-flow wp-block-column-is-layout-flow\" style=\"flex-basis:66.6%\">\n<h5 class=\"wp-block-heading box_titre\">Beh\u00f6ver du hyra bil p\u00e5 Mallorca?<\/h5>\n\n\n\n<p class=\"box_intro\">Mina tips:<\/p>\n\n\n\n<ul class=\"box_liste wp-block-list\" style=\"font-size:16px\">\n<li>J\u00e4mf\u00f6r priser p\u00e5 min favoritplattform: <a href=\"https:\/\/www.discovercars.com\/se\/spain-balearic-islands\/mallorca?a_aid=zigzag&amp;chan=ZZ_Mallorca\" target=\"_blank\" rel=\"noreferrer noopener sponsored nofollow\">\n  <span style=\"text-decoration: underline;\">Discovercars.com<\/span>\n<\/a> &#8211; en av de b\u00e4st rankade j\u00e4mf\u00f6relsesajterna!<\/li>\n\n\n\n<li>V\u00e4lj inte en f\u00f6r stor bil, eftersom vissa v\u00e4gar \u00e4r mycket smala<\/li>\n\n\n\n<li>T\u00e4nk p\u00e5 deras full t\u00e4ckning alternativ &#8211; det f\u00f6r sinnesfrid!  <\/li>\n\n\n\n<li><span style=\"text-decoration: underline;\">Boka tidigt<\/span> f\u00f6r att ha ett stort urval av fordon!<\/li>\n<\/ul>\n\n\n\n<div class=\"wp-block-columns box_barre_boutons is-layout-flex wp-container-core-columns-is-layout-9d6595d7 wp-block-columns-is-layout-flex\">\n<div class=\"wp-block-column is-vertically-aligned-center box_col_conseil is-layout-flow wp-block-column-is-layout-flow\">\n<p class=\"box_lien\"><a href=\"https:\/\/www.zigzagonearth.com\/renting-car-mallorca-tips\/\" target=\"_blank\" rel=\"noreferrer noopener\">Se alla mina tips<\/a><\/p>\n<\/div>\n\n\n\n<div class=\"wp-block-column box_col_bouton is-layout-flow wp-block-column-is-layout-flow\">\n<div class=\"wp-block-buttons box_bouton is-content-justification-left is-layout-flex wp-container-core-buttons-is-layout-fdcfc74e wp-block-buttons-is-layout-flex\">\n<div class=\"wp-block-button box_bouton\"><a class=\"wp-block-button__link wp-element-button\" href=\"https:\/\/www.discovercars.com\/se\/spain-balearic-islands\/mallorca?a_aid=zigzag&amp;amp;chan=ZZ_Mallorca\" target=\"_blank\" rel=\"noreferrer noopener\">Se tillg\u00e4ngliga bilar  <span class=\"box_bouton_image\"><img decoding=\"async\" style=\"width: 14px; height:14px;  \" src=\"https:\/\/www.zigzagonearth.com\/wp-content\/uploads\/2023\/08\/fleche.png\" alt=\"\"\/><\/span><\/a><\/div>\n<\/div>\n<\/div>\n<\/div>\n<\/div>\n\n\n\n<div class=\"wp-block-column colonne box_cafe_img is-layout-flow wp-block-column-is-layout-flow\" style=\"flex-basis:33.33%\"><div class=\"wp-block-image\">\n<figure class=\"aligncenter size-large is-resized\"><img loading=\"lazy\" decoding=\"async\" src=\"https:\/\/www.zigzagonearth.com\/wp-content\/uploads\/2023\/08\/003world-travel-car-01-1024x1024.webp\" alt=\"\" class=\"wp-image-16227\" style=\"width:288px;height:288px\" width=\"288\" height=\"288\" srcset=\"https:\/\/www.zigzagonearth.com\/wp-content\/uploads\/2023\/08\/003world-travel-car-01-1024x1024.webp 1024w, https:\/\/www.zigzagonearth.com\/wp-content\/uploads\/2023\/08\/003world-travel-car-01-300x300.webp 300w, https:\/\/www.zigzagonearth.com\/wp-content\/uploads\/2023\/08\/003world-travel-car-01-150x150.webp 150w, https:\/\/www.zigzagonearth.com\/wp-content\/uploads\/2023\/08\/003world-travel-car-01-768x768.webp 768w, https:\/\/www.zigzagonearth.com\/wp-content\/uploads\/2023\/08\/003world-travel-car-01-1536x1536.webp 1536w, https:\/\/www.zigzagonearth.com\/wp-content\/uploads\/2023\/08\/003world-travel-car-01-2048x2048.webp 2048w, https:\/\/www.zigzagonearth.com\/wp-content\/uploads\/2023\/08\/003world-travel-car-01-100x100.webp 100w, https:\/\/www.zigzagonearth.com\/wp-content\/uploads\/2023\/08\/003world-travel-car-01-600x600.webp 600w\" sizes=\"auto, (max-width: 288px) 100vw, 288px\" \/><\/figure>\n<\/div><\/div>\n<\/div>\n<\/div><\/div><\/div>\n\n<h2 class=\"wp-block-heading\" id=\"t-1657742720258\"><strong>#36 till 40 &#8211; B\u00e4sta sev\u00e4rdheter i Palma de Mallorca p\u00e5 natten<\/strong><\/h2>\n\n<h3 class=\"wp-block-heading\"><strong>#36 &#8211; Kryssning vid solnedg\u00e5ngen<\/strong><\/h3>\n\n<p>Om du vill ta de b\u00e4sta bilderna av solnedg\u00e5ngen, beundra bergskedjan Tramuntana och g\u00f6ra allt detta samtidigt som du lyssnar p\u00e5 musik och festar hela v\u00e4gen, hoppa p\u00e5 en solnedg\u00e5ngskryssning.<\/p>\n\n<p>Den h\u00e4r \u00e4r min favorit &#8211; <a href=\"https:\/\/www.getyourguide.se\/mallorca-l47\/palma-de-mallorca-sunset-boat-tour-with-dj-and-dance-floor-t412033\/?partner_id=R3GYW4V&amp;deeplink_id=f4835e74-83be-5d31-9f03-2f8669f4941e&amp;cmp=ZZ_Mallorca\" target=\"_blank\" rel=\"noreferrer noopener sponsored nofollow\">kolla in program och tillg\u00e4nglighet<\/a> <\/p>\n\n<p>(Turen kanske inte \u00e4r l\u00e4mplig f\u00f6r personer som reser med barn)<\/p>\n\n<h3 class=\"wp-block-heading\"><strong>#37 &#8211; Nattmarknaden La Ljotja<\/strong><\/h3>\n\n<p>Nattmarknaden La Ljotja ligger i stadsdelen Llotja i Palma.<br\/>Omr\u00e5det \u00e4r vackert upplyst nattetid och sjuder av liv och r\u00f6relse.<br\/>H\u00e4r finns olika st\u00e5nd som s\u00e4ljer unikt hantverk. Det \u00e4r ett bra st\u00e4lle att k\u00f6pa unika souvenirer som v\u00e4skor, smycken etc.<br\/>Du kan ocks\u00e5 tillbringa lite tid p\u00e5 restaurangerna, kaf\u00e9erna och tapasbarerna i de n\u00e4rliggande gr\u00e4nderna och insupa den livliga atmosf\u00e4ren.<\/p>\n\n<ul class=\"wp-block-list\">\n<li><strong>Plats:<\/strong> Pla\u00e7a de la Llotja, 07012 Palma, Balearerna, Spanien<\/li>\n\n\n\n<li><strong>\u00d6ppettider:<\/strong> Tisdag till s\u00f6ndag fr\u00e5n 5:30 till 11:00<\/li>\n<\/ul>\n\n<h3 class=\"wp-block-heading\"><strong>#38 &#8211; Ta en drink<\/strong><\/h3>\n\n<p>Om du inte vill bes\u00f6ka n\u00e5gon s\u00e4rskild plats p\u00e5 kv\u00e4llen, eller g\u00e5 p\u00e5 en rundtur eller shoppa, kan du helt enkelt g\u00e5 ut och ta en drink.<br\/>Palma de Mallorca har en bra barscen.<br\/>Det finns m\u00e5nga barer som Bar Abaco med surrealistisk inredning.<\/p>\n\n<h3 class=\"wp-block-heading\"><strong>#39 &#8211; Njut av nattlivet<\/strong><\/h3>\n\n<p>Det pulserande nattlivet i Palma \u00e4r v\u00e4rt att uppleva oavsett vilken typ av semester du \u00e4r p\u00e5.<br\/>Palma de Mallorca har gott om nattklubbar, men de mest k\u00e4nda nattklubbarna ligger en kort bit fr\u00e5n centrum:<\/p>\n\n<ul class=\"wp-block-list\" type=\"disc\">\n<li>Bierk\u00f6nig Dance &amp; Night Club, S&#8217;Arenal: k\u00e4nd f\u00f6r sitt hantverks\u00f6l<\/li>\n\n\n\n<li>BCM Mallorca, Magaluf: st\u00f6rsta klubben p\u00e5 Mallorca<\/li>\n<\/ul>\n\n<h3 class=\"wp-block-heading\"><strong>#40 &#8211; Astronomiskt observatorium<\/strong><\/h3>\n\n<p>Det astronomiska observatoriet ligger ca 40 minuter fr\u00e5n Palma i n\u00e4rheten av Costitx.<br\/>Den \u00e4r endast \u00f6ppen p\u00e5 fredagar och s\u00f6ndagar och om du r\u00e5kar befinna dig i Palma under dessa dagar \u00e4r den definitivt v\u00e4rd ett bes\u00f6k.<br\/>En g\u00e5ng vid observatoriet,<\/p>\n\n<ul class=\"wp-block-list\" type=\"disc\">\n<li>Delta i f\u00f6rel\u00e4sningar<\/li>\n\n\n\n<li>Titta p\u00e5 film i planetariet<\/li>\n\n\n\n<li>Titta n\u00e4rmare p\u00e5 planeterna fr\u00e5n teleskopen<\/li>\n\n\n\n<li>Titta bara p\u00e5 stj\u00e4rnorna och m\u00e5narna<\/li>\n<\/ul>\n\n<p><strong>Plats: <\/strong><a href=\"https:\/\/www.google.com\/maps\/search\/Cam%C3%AD+de+Son+Bernat,+9,+07144+Costitx,+Balearic+Islands,+Spain?entry=gmail&amp;source=g\" target=\"_blank\" rel=\"noreferrer noopener\">Cam\u00ed de Son Bernat, 9, 07144 Costitx, Balearerna, Spanien<\/a><\/p>\n\n<p><strong>\u00d6ppettider:<\/strong> Fredagar och l\u00f6rdagar kl. 20.00 (Boka biljetter i f\u00f6rv\u00e4g f\u00f6r att undvika besvikelse)<\/p>\n\n<h2 class=\"wp-block-heading\" id=\"t-1657742720259\"><strong>Resv\u00e4gar till Palma de Mallorca<\/strong><\/h2>\n\n<h3 class=\"wp-block-heading\"><strong>1 dag i Palma de Mallorca &#8211; resv\u00e4g<\/strong><\/h3>\n\n<p>Om du bara har en dag p\u00e5 Mallorca, undvik m\u00e5ndagar eftersom de flesta attraktioner \u00e4r st\u00e4ngda.<br\/>Och fokusera p\u00e5 det gamla centret:<\/p>\n\n<ul class=\"wp-block-list\">\n<li>Njut av morgonljuset runt lagunen<\/li>\n\n\n\n<li>Bes\u00f6k katedralen p\u00e5 morgonen f\u00f6r att undvika tr\u00e4ngsel &#8211; k\u00f6p en <a href=\"https:\/\/www.getyourguide.se\/mallorca-l47\/mallorca-cathedral-diocese-museum-skip-the-line-ticket-t104426\/?partner_id=R3GYW4V&amp;deeplink_id=8673f10f-fd71-53b3-81c9-896897ee9c1f&amp;cmp=ZZ_Mallorca\" target=\"_blank\" rel=\"noreferrer noopener sponsored nofollow\">skip-the-line-biljett <\/a> <\/li>\n\n\n\n<li>G\u00e5 runt i Kungliga palatset &#8211; bes\u00f6k om du \u00e4r intresserad<\/li>\n\n\n\n<li>G\u00e5 till Ltjota de Palma och promenera genom staden<\/li>\n\n\n\n<li>Bes\u00f6k de arabiska baden<\/li>\n\n\n\n<li>\u00c4t tapas<\/li>\n<\/ul>\n\n<h3 class=\"wp-block-heading\"><strong>2 dagar i Palma de Mallorca<\/strong><\/h3>\n\n<p><strong>Dag 1<\/strong><\/p>\n\n<ul class=\"wp-block-list\">\n<li>Njut av morgonljuset runt lagunen<\/li>\n\n\n\n<li>Bes\u00f6k katedralen p\u00e5 morgonen f\u00f6r att undvika tr\u00e4ngsel &#8211; k\u00f6p en <a href=\"https:\/\/www.getyourguide.se\/mallorca-l47\/mallorca-cathedral-diocese-museum-skip-the-line-ticket-t104426\/?partner_id=R3GYW4V&amp;deeplink_id=8673f10f-fd71-53b3-81c9-896897ee9c1f&amp;cmp=ZZ_Mallorca\" target=\"_blank\" rel=\"noreferrer noopener sponsored nofollow\">skip-the-line-biljett <\/a> <\/li>\n\n\n\n<li>G\u00e5 runt i Kungliga palatset &#8211; bes\u00f6k om du \u00e4r intresserad<\/li>\n\n\n\n<li>G\u00e5 till Ltjota de Palma och promenera genom staden<\/li>\n\n\n\n<li>Bes\u00f6k de arabiska baden<\/li>\n\n\n\n<li>\u00c4t tapas<\/li>\n<\/ul>\n\n<p><strong>Dag 2<\/strong><\/p>\n\n<ul class=\"wp-block-list\">\n<li>F\u00f6rmiddag p\u00e5 Castell de Bellver &#8211; njut av arkitekturen, bes\u00f6k de olika niv\u00e5erna och rummen och kl\u00e4ttra upp till toppen f\u00f6r att njuta av utsikten<\/li>\n\n\n\n<li>Eftermiddagen antingen p\u00e5 stranden i S&#8217;Arenal eller p\u00e5 n\u00e5gon av de vattenaktiviteter eller museer som anges ovan<\/li>\n<\/ul>\n\n<div style=\"margin-top:8%;margin-bottom:8%\" class=\"wp-block-genesis-blocks-gb-container box gb-block-container\"><div class=\"gb-container-inside\"><div class=\"gb-container-content\">\n<h5 class=\"wp-block-heading box_titre_activite\">Var ska man bo p\u00e5 Mallorca?<\/h5>\n\n\n\n<div class=\"wp-block-columns box_colonne inverse is-layout-flex wp-container-core-columns-is-layout-9d6595d7 wp-block-columns-is-layout-flex\">\n<div class=\"wp-block-column colonne is-layout-flow wp-block-column-is-layout-flow\" style=\"flex-basis:75%\">\n<p class=\"box_intro\">Mina favoriter:<\/p>\n\n\n\n<ul class=\"box_liste wp-block-list\">\n<li>Val av restauranger + huvudstad: <a href=\"https:\/\/www.booking.com\/searchresults.en.html?city=-395224&amp;nflt=review_score%253D90&amp;aid=1164282&amp;no_rooms=1&amp;group_adults=2&amp;label=mallorca\" target=\"_blank\" rel=\"noreferrer noopener\">se b\u00e4st rankade alternativ i Palma<\/a><\/li>\n\n\n\n<li>Strand + praktiskt l\u00e4ge f\u00f6r att utforska: <a href=\"https:\/\/www.booking.com\/searchresults.en.html?city=-381100&amp;nflt=review_score%253D90&amp;aid=1164282&amp;no_rooms=1&amp;group_adults=2&amp;label=mallorca\" target=\"_blank\" rel=\"noreferrer noopener\">se de mest uppskattade alternativen i Port d&#8217;Alcudia<\/a><\/li>\n\n\n\n<li>Partyomr\u00e5de &#8211; <a href=\"https:\/\/www.booking.com\/searchresults.en.html?city=-380228&amp;nflt=review_score%253D90&amp;aid=1164282&amp;no_rooms=1&amp;group_adults=2&amp;label=mallorca\" target=\"_blank\" rel=\"noreferrer noopener\">se b\u00e4st rankade alternativ i S&#8217;Arenal<\/a><\/li>\n\n\n\n<li>Lugnt i bergen &#8211; <a href=\"https:\/\/www.booking.com\/searchresults.en.html?city=-406234&amp;nflt=review_score%253D90&amp;aid=1164282&amp;no_rooms=1&amp;group_adults=2&amp;label=mallorca\" target=\"_blank\" rel=\"noreferrer noopener\">se de b\u00e4st rankade alternativen i Valldemossa<\/a><\/li>\n\n\n\n<li>Lugn, charmig plats vid havet &#8211; <a href=\"https:\/\/www.booking.com\/searchresults.en.html?city=900039215&amp;nflt=review_score%253D90&amp;aid=1164282&amp;no_rooms=1&amp;group_adults=2&amp;label=mallorca\" target=\"_blank\" rel=\"noreferrer noopener\">se b\u00e4st rankade alternativ i Canyamel<\/a><\/li>\n\n\n\n<li>Tillg\u00e5ng till de b\u00e4sta calas &#8211; <a href=\"https:\/\/www.booking.com\/searchresults.en.html?city=900039122&amp;nflt=review_score%253D90&amp;aid=1164282&amp;no_rooms=1&amp;group_adults=2&amp;label=mallorca\" target=\"_blank\" rel=\"noreferrer noopener\">se b\u00e4st rankade alternativ i Cala d&#8217;or<\/a><\/li>\n\n\n\n<li>Familjer &#8211; <a href=\"https:\/\/www.booking.com\/searchresults.en.html?city=-374964&amp;nflt=review_score%253D90&amp;aid=1164282&amp;no_rooms=1&amp;group_adults=2&amp;label=mallorca\" target=\"_blank\" rel=\"noreferrer noopener\">se de b\u00e4st rankade alternativen i Cala Millor<\/a> eller i <a href=\"https:\/\/www.booking.com\/searchresults.en.html?city=900039294&amp;nflt=review_score%253D90&amp;aid=1164282&amp;no_rooms=1&amp;group_adults=2&amp;label=mallorca\" target=\"_blank\" rel=\"noreferrer noopener\">Colonia Sant Jordi<\/a><\/li>\n<\/ul>\n\n\n\n<div class=\"wp-block-buttons box_bouton box_colonne_bouton_ebook box_barre_boutons is-content-justification-left is-layout-flex wp-container-core-buttons-is-layout-fdcfc74e wp-block-buttons-is-layout-flex\">\n<div class=\"wp-block-button box_bouton\"><a class=\"wp-block-button__link wp-element-button\" href=\"https:\/\/www.zigzagonearth.com\/where-to-stay-mallorca-best-areas\/\" target=\"_blank\" rel=\"noreferrer noopener\">Se v\u00e5r artikel om var du kan bo  <span class=\"box_bouton_image\"><img decoding=\"async\" style=\"width: 14px; height:14px;  \" src=\"https:\/\/www.zigzagonearth.com\/wp-content\/uploads\/2023\/08\/fleche.png\" alt=\"\"\/><\/span><span class=\"box_bouton_image\"><\/span><\/a><\/div>\n<\/div>\n<\/div>\n\n\n\n<div class=\"wp-block-column is-vertically-aligned-top colonne box_activite_img is-layout-flow wp-block-column-is-layout-flow\" style=\"flex-basis:25%\"><div class=\"wp-block-image\">\n<figure class=\"aligncenter size-large\"><img decoding=\"async\" src=\"https:\/\/photos.smugmug.com\/Travel\/Mallorca\/Hotels\/i-dgbp8xw\/1\/7e887566\/L\/PA147529-L.jpg\" alt=\"Finca p&#xE5; Mallorca\"\/><\/figure>\n<\/div><\/div>\n<\/div>\n<\/div><\/div><\/div>\n\n<h3 class=\"wp-block-heading\"><strong>3 dagar i Palma de Mallorca<\/strong><\/h3>\n\n<p><strong>Dag 1<\/strong><\/p>\n\n<ul class=\"wp-block-list\">\n<li>Njut av morgonljuset runt lagunen<\/li>\n\n\n\n<li>Bes\u00f6k katedralen p\u00e5 morgonen f\u00f6r att undvika tr\u00e4ngsel &#8211; k\u00f6p en <a href=\"https:\/\/www.getyourguide.se\/mallorca-l47\/mallorca-cathedral-diocese-museum-skip-the-line-ticket-t104426\/?partner_id=R3GYW4V&amp;deeplink_id=8673f10f-fd71-53b3-81c9-896897ee9c1f&amp;cmp=ZZ_Mallorca\" target=\"_blank\" rel=\"noreferrer noopener sponsored nofollow\">skip-the-line-biljett <\/a> <\/li>\n\n\n\n<li>G\u00e5 runt i Kungliga palatset &#8211; bes\u00f6k om du \u00e4r intresserad<\/li>\n\n\n\n<li>G\u00e5 till Ltjota de Palma och promenera genom staden<\/li>\n\n\n\n<li>Bes\u00f6k de arabiska baden<\/li>\n\n\n\n<li>\u00c4t tapas<\/li>\n<\/ul>\n\n<p><strong>Dag 2 <\/strong><\/p>\n\n<ul class=\"wp-block-list\">\n<li>V\u00e4lj en av de fantastiska dagsutflykterna p\u00e5 \u00f6n, s\u00e4rskilt Port de Soller i Tramunatuna-bergen<a href=\"https:\/\/www.getyourguide.se\/mallorca-l47\/mallorca-scenic-island-tour-from-the-south-t163878\/?partner_id=R3GYW4V&amp;deeplink_id=adfeb02f-9b27-5057-8b48-826941607a48&amp;cmp=ZZ_Mallorca\" target=\"_blank\" rel=\"noreferrer noopener sponsored nofollow\">(kolla program och tillg\u00e4nglighet<\/a>) eller Alcudia Formentor<a href=\"https:\/\/www.getyourguide.se\/mallorca-l47\/tour-of-formentor-market-beach-and-alcudia-town-t182873\/?partner_id=R3GYW4V&amp;deeplink_id=af67be04-5aa6-59ca-8809-e76b8a24dd65&amp;cmp=ZZ_Mallorca\" target=\"_blank\" rel=\"noreferrer noopener sponsored nofollow\">(kolla program och tillg\u00e4nglighet<\/a>)<\/li>\n<\/ul>\n\n<p><strong>Dag 3<\/strong><\/p>\n\n<ul class=\"wp-block-list\">\n<li>F\u00f6rmiddag p\u00e5 Castell de Bellver &#8211; njut av arkitekturen, bes\u00f6k de olika niv\u00e5erna och rummen och kl\u00e4ttra upp till toppen f\u00f6r att njuta av utsikten<\/li>\n\n\n\n<li>Eftermiddagen antingen p\u00e5 stranden i S&#8217;Arenal eller p\u00e5 n\u00e5gon av de vattenaktiviteter eller museer som anges ovan<\/li>\n<\/ul>\n\n<h3 class=\"wp-block-heading\"><strong>1 vecka i Palma de Mallorca<\/strong><\/h3>\n\n<p>Om du har en vecka p\u00e5 Mallorca \u00e4r alternativen o\u00e4ndliga.<br\/>Kolla in <a style=\"outline: none;\" href=\"https:\/\/www.zigzagonearth.com\/sv\/en-vecka-mallorca-resplan\/\" target=\"_blank\" rel=\"noopener\">min artikel med mina b\u00e4sta f\u00f6rslag p\u00e5 resv\u00e4gar<\/a> beroende p\u00e5 vad du letar efter.<\/p>\n\n<figure class=\"wp-block-image\"><a href=\"https:\/\/www.zigzagonearth.com\/sv\/en-vecka-mallorca-resplan\/\" target=\"_blank\" rel=\"noopener\"><img decoding=\"async\" src=\"\/\/www.zigzagonearth.com\/wp-content\/uploads\/2022\/06\/One-week-mallorca-itinerary-7-days.jpg\" alt=\"En vecka mallorca resv&#xE4;g 7 dagar\" title=\"En vecka mallorca resv&#xE4;g 7 dagar\"\/><\/a><\/figure>\n\n<h2 class=\"wp-block-heading\" id=\"t-1657742720260\"><strong>Vanliga fr\u00e5gor<\/strong><\/h2>\n\n<h3 class=\"wp-block-heading\"><strong>\u00c4r Palma de Mallorca s\u00e4kert?<\/strong><\/h3>\n\n<p>Palma de Mallorca \u00e4r s\u00e4kert och har en mycket l\u00e5g brottsfrekvens.  <br\/>Men se upp f\u00f6r ficktjuvar i popul\u00e4ra turistomr\u00e5den som katedralen och iaktta allm\u00e4n f\u00f6rsiktighet vid resor.<\/p>\n\n<h3 class=\"wp-block-heading\"><strong>\u00c4r Palma de Mallorca promenadv\u00e4nligt?<\/strong><\/h3>\n\n<p>Palma de Mallorca \u00e4r promenadv\u00e4nlig om man \u00e4r beredd att g\u00e5 uppf\u00f6r en del trappor l\u00e4ngs turiststr\u00e5ken.<\/p>\n\n<h3 class=\"wp-block-heading\"><strong>Palma de Mallorca vs Alcudia?  <\/strong><strong>Var ska vi bo?<\/strong><\/h3>\n\n<p>B\u00e5de Palma och Alcudia kan vara en bra utg\u00e5ngspunkt f\u00f6r att utforska \u00f6n.  <\/p>\n\n<ul class=\"wp-block-list\">\n<li>I Alcudia f\u00e5r du tillg\u00e5ng till stranden ut\u00f6ver det ganska centrala l\u00e4get.<\/li>\n\n\n\n<li>Men Palma \u00e4r mycket st\u00f6rre och huvudstaden p\u00e5 Mallorca har massor av gratis sev\u00e4rdheter. Du kan strosa l\u00e4ngs gatorna, njuta av den vackra arkitekturen och bes\u00f6ka den livliga stadsdelen Llotja.<\/li>\n<\/ul>\n\n<p>Fler tips hittar du i <a style=\"outline: none;\" href=\"https:\/\/www.zigzagonearth.com\/sv\/var-ska-bo-mallorca-basta-omraden\/\" target=\"_blank\" rel=\"noopener\">min artikel om de b\u00e4sta st\u00e4llena att bo p\u00e5 Mallorca h\u00e4r<\/a>.<\/p>\n\n<h3 class=\"wp-block-heading\"><strong>\u00c4r Palma och Palma de Mallorca samma sak?<\/strong><\/h3>\n\n<p>Palma och Palma de Mallorca \u00e4r samma sak. Stadens fullst\u00e4ndiga namn \u00e4r Palma de Mallorca, men den kallas ofta bara f\u00f6r Palma.<\/p>\n\n<h3 class=\"wp-block-heading\"><strong>\u00c4r Palma en festplats?<\/strong><\/h3>\n\n<p>Palma de Mallorca kan vara en festplats. Faktum \u00e4r att m\u00e5nga ungdomar och backpackers uppskattar Palmas pulserande nattliv. Det finns flera omr\u00e5den i denna stora stad som har ett utm\u00e4rkt utbud av restauranger, barer och livemusik.<\/p>\n\n<p><strong><strong>Vill du se mer av Mallorca?<\/strong><\/strong><\/p>\n\n<ul class=\"wp-block-list\">\n<li>40 vackraste landskapen p\u00e5 Mallorca (med bilder) &#8211; <a style=\"outline: none;\" href=\"https:\/\/www.zigzagonearth.com\/sv\/basta-landskap-mallorca-foton\/\" target=\"_blank\" rel=\"noopener\">L\u00e4s artikeln<\/a><\/li>\n\n\n\n<li>Mallorcas 7 b\u00e4sta grottor &#8211; <a style=\"outline: none;\" href=\"https:\/\/www.zigzagonearth.com\/sv\/basta-grottor-mallorca\/\" target=\"_blank\" rel=\"noopener\">l\u00e4s artikeln<\/a><\/li>\n\n\n\n<li>10 b\u00e4sta calas p\u00e5 Mallorca (vikar) &#8211; <a style=\"outline: none;\" href=\"https:\/\/www.zigzagonearth.com\/sv\/basta-calas-mallorca-vikar\/\" target=\"_blank\" rel=\"noopener\">l\u00e4s artikel<\/a><\/li>\n\n\n\n<li>12 dolda p\u00e4rlor p\u00e5 Mallorca, utanf\u00f6r allfarv\u00e4garna &#8211; <a style=\"outline: none;\" href=\"https:\/\/www.zigzagonearth.com\/sv\/mallorca-gomda-parlor-hemliga-platser\/\" target=\"_blank\" rel=\"noopener\">l\u00e4s artikeln<\/a><\/li>\n\n\n\n<li>21 vackraste vyerna p\u00e5 Mallorca &#8211; <a style=\"outline: none;\" href=\"https:\/\/www.zigzagonearth.com\/sv\/basta-utsikterna-mallorca-utsiktspunkter\/\" target=\"_blank\" rel=\"noopener\">l\u00e4s artikeln<\/a><\/li>\n\n\n\n<li>Restips f\u00f6r Mallorca &#8211; <a style=\"outline: none;\" href=\"https:\/\/www.zigzagonearth.com\/sv\/mallorca-road-trip-reseguide\/\" target=\"_blank\" rel=\"noopener\">l\u00e4s artikeln<\/a><\/li>\n\n\n\n<li>K\u00f6rning p\u00e5 Mallorca &#8211; <a style=\"outline: none;\" href=\"https:\/\/www.zigzagonearth.com\/sv\/korning-mallorca-tips\/\" target=\"_blank\" rel=\"noopener\">l\u00e4s artikeln<\/a><\/li>\n\n\n\n<li>21 vackraste st\u00e4der och byar p\u00e5 Mallorca &#8211; <a href=\"https:\/\/www.zigzagonearth.com\/sv\/basta-byar-mallorca-stader\/\" target=\"_blank\" rel=\"noopener\">l\u00e4s artikeln<\/a><\/li>\n\n\n\n<li>Den unika Sa Calobra &#8211; v\u00e4g, strand, tips &#8211; <a href=\"https:\/\/www.zigzagonearth.com\/sv\/sa-calobra-mallorca\/\" target=\"_blank\" rel=\"noopener\">l\u00e4s artikel<\/a><\/li>\n\n\n\n<li>Cap de Formentor (v\u00e4g, strand, fyr&#8230;) &#8211; <a href=\"https:\/\/www.zigzagonearth.com\/sv\/cap-formentor-mallorca\/\" target=\"_blank\" rel=\"noopener\">l\u00e4s artikel<\/a><\/li>\n<\/ul>\n\n<p><strong>Planerar du en resa till Mallorca?<\/strong><\/p>\n\n<p>Kolla in min reseguide f\u00f6r att f\u00e5 hj\u00e4lp med planeringen:<\/p>\n\n<div style=\"margin-top:8%;margin-bottom:8%\" class=\"wp-block-genesis-blocks-gb-container box_ebook gb-block-container\"><div class=\"gb-container-inside\"><div class=\"gb-container-content\">\n<h5 class=\"wp-block-heading box_titre_ebook\">Planera din dr\u00f6mresa till <strong>Mallorca<\/strong> med hj\u00e4lp av min guide (endast p\u00e5 engelska):<\/h5>\n\n\n\n<div class=\"wp-block-columns box_colonnes_ebook is-layout-flex wp-container-core-columns-is-layout-9d6595d7 wp-block-columns-is-layout-flex\">\n<div class=\"wp-block-column is-layout-flow wp-block-column-is-layout-flow\">\n<figure class=\"wp-block-image size-large img_ebook\"><a href=\"https:\/\/www.zigzagonearth.com\/photograph-mallorca-travel-guide\/\"><img decoding=\"async\" src=\"https:\/\/www.zigzagonearth.com\/wp-content\/uploads\/2021\/11\/Travel-Guide-Mallorca-ebook-cover-S2.jpg\" alt=\"eBook Reseguide Mallorca\"\/><\/a><\/figure>\n<\/div>\n\n\n\n<div class=\"wp-block-column is-layout-flow wp-block-column-is-layout-flow\">\n<ul class=\"box_liste wp-block-list\" style=\"font-size:16px\">\n<li>8 kartor f\u00f6r att enkelt planera din resv\u00e4g<\/li>\n\n\n\n<li>140+ f\u00f6rvalda platser<\/li>\n\n\n\n<li>GPS + tips f\u00f6r att f\u00e5 ut mesta m\u00f6jliga av din tid<\/li>\n\n\n\n<li>Tips f\u00f6r planering<\/li>\n\n\n\n<li>270+ originalbilder som hj\u00e4lper dig att v\u00e4lja<\/li>\n<\/ul>\n\n\n\n<div class=\"wp-block-buttons box_colonne_bouton_ebook is-content-justification-left is-layout-flex wp-container-core-buttons-is-layout-fdcfc74e wp-block-buttons-is-layout-flex\">\n<div class=\"wp-block-button box_bouton box_bouton_ebook\"><a class=\"wp-block-button__link wp-element-button\" href=\"https:\/\/www.zigzagonearth.com\/photograph-mallorca-travel-guide\/\" target=\"_blank\" rel=\"noreferrer noopener\">Uppt\u00e4ck det! (endast p\u00e5 engelska)<span class=\"box_bouton_image\"><\/span><\/a><\/div>\n<\/div>\n<\/div>\n<\/div>\n<\/div><\/div><\/div>\n\n<p class=\"has-text-align-left\"><strong>Och h\u00e5ll koll p\u00e5 din egen resa!<\/strong><\/p>\n\n<figure class=\"wp-block-image\"><a href=\"https:\/\/www.amazon.com\/dp\/B09LY2SHWZ?&amp;linkCode=ll1&amp;tag=zigzagus-20&amp;linkId=83ab24501f03e2883ec6fa1a8d9655b8&amp;language=en_US&amp;ref_=as_li_ss_tl\" target=\"_blank\" rel=\"nofollow noopener\"><img decoding=\"async\" src=\"\/\/www.zigzagonearth.com\/wp-content\/uploads\/2021\/11\/Mallorca-travel-Journal.jpg\" alt=\"Mallorca resedagbok\" title=\"Mallorca resedagbok\"\/><\/a><\/figure>\n\n<p><strong>TIDIGARE:  <\/strong><\/p>\n\n<p class=\"has-text-align-left\"><a href=\"https:\/\/www.zigzagonearth.com\/sv\/cala-pi-beltran-mallorca\/\" target=\"_blank\" rel=\"noopener\"><strong>Vandring Cala Pi (Mallorca) och Cala Beltran<\/strong><\/a><\/p>\n\n<p><strong>N\u00c4STA: <\/strong><\/p>\n\n<p class=\"has-text-align-left\"><strong><strong><a style=\"outline: none;\" href=\"https:\/\/www.zigzagonearth.com\/sv\/var-ska-bo-palma-mallorca-basta-hotellen\/\" target=\"_blank\" rel=\"noopener\">Var man kan bo i Palma de Mallorca &#8211; b\u00e4sta omr\u00e5dena + hotell<\/a><\/strong><\/strong><\/p>\n\n<figure class=\"wp-block-image\"><a href=\"https:\/\/www.zigzagonearth.com\/mallorca-travel-guide-tips\/\" target=\"_blank\" rel=\"nofollow noopener\"><img decoding=\"async\" src=\"\/\/www.zigzagonearth.com\/wp-content\/uploads\/2021\/11\/Mallorca-Travel-Guide.jpg\" alt=\"Reseguide Mallorca\" title=\"Reseguide Mallorca\"\/><\/a><\/figure>\n\n<p class=\"has-text-align-left\"><strong>Inspirerad? Dela den p\u00e5 din favoritplattform!<\/strong><\/p>\n","protected":false},"excerpt":{"rendered":"<p>Palma de Mallorca \u00e4r en fascinerande stad: livlig och historisk. Det finns mycket att uppleva!Nedan f\u00f6ljer min guide med 40 av de b\u00e4sta sev\u00e4rdheter i Palma de Mallorca: Allt du beh\u00f6ver veta f\u00f6r att f\u00e5 ut mesta m\u00f6jliga av din tid d\u00e4r! Varf\u00f6r bes\u00f6ka? B\u00e4sta sev\u00e4rdheter i Palma de Mallorca \u00c4r Palma De Mallorca v\u00e4rt [&hellip;]<\/p>\n","protected":false},"author":1,"featured_media":64125,"comment_status":"closed","ping_status":"closed","sticky":false,"template":"","format":"standard","meta":{"_genesis_hide_title":false,"_genesis_hide_breadcrumbs":false,"_genesis_hide_singular_image":false,"_genesis_hide_footer_widgets":false,"_genesis_custom_body_class":"","_genesis_custom_post_class":"","_genesis_layout":"full-width-content","footnotes":""},"categories":[881],"tags":[],"class_list":{"0":"post-70160","1":"post","2":"type-post","3":"status-publish","4":"format-standard","5":"has-post-thumbnail","7":"category-mallorca-sv","8":"entry"},"yoast_head":"<!-- This site is optimized with the Yoast SEO plugin v27.2 - https:\/\/yoast.com\/product\/yoast-seo-wordpress\/ -->\n<title>40 b\u00e4sta sev\u00e4rdheter i Palma de Mallorca<\/title>\n<meta name=\"description\" content=\"Uppt\u00e4ck allt det b\u00e4sta som finns att g\u00f6ra i Palma de Mallorca - sev\u00e4rdheter, museum, bes\u00f6k... och tips som hj\u00e4lper dig att planera din resv\u00e4g\" \/>\n<meta name=\"robots\" content=\"index, follow, max-snippet:-1, max-image-preview:large, max-video-preview:-1\" \/>\n<link rel=\"canonical\" href=\"https:\/\/www.zigzagonearth.com\/sv\/basta-sevardheter-palma-mallorca\/\" \/>\n<meta property=\"og:locale\" content=\"sv_SE\" \/>\n<meta property=\"og:type\" content=\"article\" \/>\n<meta property=\"og:title\" content=\"40 b\u00e4sta sev\u00e4rdheter i Palma de Mallorca\" \/>\n<meta property=\"og:description\" content=\"Uppt\u00e4ck allt det b\u00e4sta som finns att g\u00f6ra i Palma de Mallorca - sev\u00e4rdheter, museum, bes\u00f6k... och tips som hj\u00e4lper dig att planera din resv\u00e4g\" \/>\n<meta property=\"og:url\" content=\"https:\/\/www.zigzagonearth.com\/sv\/basta-sevardheter-palma-mallorca\/\" \/>\n<meta property=\"og:site_name\" content=\"ZigZagonEarth\" \/>\n<meta property=\"article:publisher\" content=\"https:\/\/www.facebook.com\/zigzagonearth\" \/>\n<meta property=\"article:author\" content=\"https:\/\/www.facebook.com\/zigzagonearth\" \/>\n<meta property=\"article:published_time\" content=\"2022-07-15T09:52:26+00:00\" \/>\n<meta property=\"article:modified_time\" content=\"2023-11-13T09:51:16+00:00\" \/>\n<meta property=\"og:image\" content=\"http:\/\/www.zigzagonearth.com\/wp-content\/uploads\/2022\/07\/FB-best-things-to-do-in-Palma-de-Mallorca-1024x536.jpg\" \/>\n<meta name=\"author\" content=\"Claire\" \/>\n<meta name=\"twitter:card\" content=\"summary_large_image\" \/>\n<meta name=\"twitter:creator\" content=\"@ZigZagOnEarth\" \/>\n<meta name=\"twitter:site\" content=\"@ZigZagOnEarth\" \/>\n<meta name=\"twitter:label1\" content=\"Skriven av\" \/>\n\t<meta name=\"twitter:data1\" content=\"Claire\" \/>\n\t<meta name=\"twitter:label2\" content=\"Ber\u00e4knad l\u00e4stid\" \/>\n\t<meta name=\"twitter:data2\" content=\"24 minuter\" \/>\n<script type=\"application\/ld+json\" class=\"yoast-schema-graph\">{\"@context\":\"https:\/\/schema.org\",\"@graph\":[{\"@type\":\"Article\",\"@id\":\"https:\/\/www.zigzagonearth.com\/sv\/basta-sevardheter-palma-mallorca\/#article\",\"isPartOf\":{\"@id\":\"https:\/\/www.zigzagonearth.com\/sv\/basta-sevardheter-palma-mallorca\/\"},\"author\":{\"name\":\"Claire\",\"@id\":\"https:\/\/www.zigzagonearth.com\/sv\/#\/schema\/person\/0498142e0cb256f21659d85ef6bca599\"},\"headline\":\"40 b\u00e4sta sev\u00e4rdheter i Palma de Mallorca\",\"datePublished\":\"2022-07-15T09:52:26+00:00\",\"dateModified\":\"2023-11-13T09:51:16+00:00\",\"mainEntityOfPage\":{\"@id\":\"https:\/\/www.zigzagonearth.com\/sv\/basta-sevardheter-palma-mallorca\/\"},\"wordCount\":4898,\"image\":{\"@id\":\"https:\/\/www.zigzagonearth.com\/sv\/basta-sevardheter-palma-mallorca\/#primaryimage\"},\"thumbnailUrl\":\"https:\/\/www.zigzagonearth.com\/wp-content\/uploads\/2022\/07\/best-things-to-do-in-Palma-de-Mallorca.jpg\",\"articleSection\":[\"Mallorca\"],\"inLanguage\":\"sv-SE\"},{\"@type\":\"WebPage\",\"@id\":\"https:\/\/www.zigzagonearth.com\/sv\/basta-sevardheter-palma-mallorca\/\",\"url\":\"https:\/\/www.zigzagonearth.com\/sv\/basta-sevardheter-palma-mallorca\/\",\"name\":\"40 b\u00e4sta sev\u00e4rdheter i Palma de Mallorca\",\"isPartOf\":{\"@id\":\"https:\/\/www.zigzagonearth.com\/sv\/#website\"},\"primaryImageOfPage\":{\"@id\":\"https:\/\/www.zigzagonearth.com\/sv\/basta-sevardheter-palma-mallorca\/#primaryimage\"},\"image\":{\"@id\":\"https:\/\/www.zigzagonearth.com\/sv\/basta-sevardheter-palma-mallorca\/#primaryimage\"},\"thumbnailUrl\":\"https:\/\/www.zigzagonearth.com\/wp-content\/uploads\/2022\/07\/best-things-to-do-in-Palma-de-Mallorca.jpg\",\"datePublished\":\"2022-07-15T09:52:26+00:00\",\"dateModified\":\"2023-11-13T09:51:16+00:00\",\"author\":{\"@id\":\"https:\/\/www.zigzagonearth.com\/sv\/#\/schema\/person\/0498142e0cb256f21659d85ef6bca599\"},\"description\":\"Uppt\u00e4ck allt det b\u00e4sta som finns att g\u00f6ra i Palma de Mallorca - sev\u00e4rdheter, museum, bes\u00f6k... och tips som hj\u00e4lper dig att planera din resv\u00e4g\",\"breadcrumb\":{\"@id\":\"https:\/\/www.zigzagonearth.com\/sv\/basta-sevardheter-palma-mallorca\/#breadcrumb\"},\"inLanguage\":\"sv-SE\",\"potentialAction\":[{\"@type\":\"ReadAction\",\"target\":[\"https:\/\/www.zigzagonearth.com\/sv\/basta-sevardheter-palma-mallorca\/\"]}]},{\"@type\":\"ImageObject\",\"inLanguage\":\"sv-SE\",\"@id\":\"https:\/\/www.zigzagonearth.com\/sv\/basta-sevardheter-palma-mallorca\/#primaryimage\",\"url\":\"https:\/\/www.zigzagonearth.com\/wp-content\/uploads\/2022\/07\/best-things-to-do-in-Palma-de-Mallorca.jpg\",\"contentUrl\":\"https:\/\/www.zigzagonearth.com\/wp-content\/uploads\/2022\/07\/best-things-to-do-in-Palma-de-Mallorca.jpg\",\"width\":250,\"height\":250},{\"@type\":\"BreadcrumbList\",\"@id\":\"https:\/\/www.zigzagonearth.com\/sv\/basta-sevardheter-palma-mallorca\/#breadcrumb\",\"itemListElement\":[{\"@type\":\"ListItem\",\"position\":1,\"name\":\"Home\",\"item\":\"https:\/\/www.zigzagonearth.com\/sv\/\"},{\"@type\":\"ListItem\",\"position\":2,\"name\":\"40 b\u00e4sta sev\u00e4rdheter i Palma de Mallorca\"}]},{\"@type\":\"WebSite\",\"@id\":\"https:\/\/www.zigzagonearth.com\/sv\/#website\",\"url\":\"https:\/\/www.zigzagonearth.com\/sv\/\",\"name\":\"ZigZagonEarth\",\"description\":\"Plan unforgettable road trips!\",\"potentialAction\":[{\"@type\":\"SearchAction\",\"target\":{\"@type\":\"EntryPoint\",\"urlTemplate\":\"https:\/\/www.zigzagonearth.com\/sv\/?s={search_term_string}\"},\"query-input\":{\"@type\":\"PropertyValueSpecification\",\"valueRequired\":true,\"valueName\":\"search_term_string\"}}],\"inLanguage\":\"sv-SE\"},{\"@type\":\"Person\",\"@id\":\"https:\/\/www.zigzagonearth.com\/sv\/#\/schema\/person\/0498142e0cb256f21659d85ef6bca599\",\"name\":\"Claire\",\"image\":{\"@type\":\"ImageObject\",\"inLanguage\":\"sv-SE\",\"@id\":\"https:\/\/secure.gravatar.com\/avatar\/7a2d4fe6757ab43d35e1680834ada7bf24e3ceccf01b37a8d65bfb7e69ce6271?s=96&d=blank&r=g\",\"url\":\"https:\/\/secure.gravatar.com\/avatar\/7a2d4fe6757ab43d35e1680834ada7bf24e3ceccf01b37a8d65bfb7e69ce6271?s=96&d=blank&r=g\",\"contentUrl\":\"https:\/\/secure.gravatar.com\/avatar\/7a2d4fe6757ab43d35e1680834ada7bf24e3ceccf01b37a8d65bfb7e69ce6271?s=96&d=blank&r=g\",\"caption\":\"Claire\"},\"description\":\"Claire is the ultimate Travel Planning Geek - She can spend hours, weeks, months... researching for a trip. She created ZigZag On Earth to help people plan their own travels and make the most of their time.\",\"sameAs\":[\"https:\/\/www.facebook.com\/zigzagonearth\"]}]}<\/script>\n<!-- \/ Yoast SEO plugin. -->","yoast_head_json":{"title":"40 b\u00e4sta sev\u00e4rdheter i Palma de Mallorca","description":"Uppt\u00e4ck allt det b\u00e4sta som finns att g\u00f6ra i Palma de Mallorca - sev\u00e4rdheter, museum, bes\u00f6k... och tips som hj\u00e4lper dig att planera din resv\u00e4g","robots":{"index":"index","follow":"follow","max-snippet":"max-snippet:-1","max-image-preview":"max-image-preview:large","max-video-preview":"max-video-preview:-1"},"canonical":"https:\/\/www.zigzagonearth.com\/sv\/basta-sevardheter-palma-mallorca\/","og_locale":"sv_SE","og_type":"article","og_title":"40 b\u00e4sta sev\u00e4rdheter i Palma de Mallorca","og_description":"Uppt\u00e4ck allt det b\u00e4sta som finns att g\u00f6ra i Palma de Mallorca - sev\u00e4rdheter, museum, bes\u00f6k... och tips som hj\u00e4lper dig att planera din resv\u00e4g","og_url":"https:\/\/www.zigzagonearth.com\/sv\/basta-sevardheter-palma-mallorca\/","og_site_name":"ZigZagonEarth","article_publisher":"https:\/\/www.facebook.com\/zigzagonearth","article_author":"https:\/\/www.facebook.com\/zigzagonearth","article_published_time":"2022-07-15T09:52:26+00:00","article_modified_time":"2023-11-13T09:51:16+00:00","og_image":[{"url":"http:\/\/www.zigzagonearth.com\/wp-content\/uploads\/2022\/07\/FB-best-things-to-do-in-Palma-de-Mallorca-1024x536.jpg","type":"","width":"","height":""}],"author":"Claire","twitter_card":"summary_large_image","twitter_creator":"@ZigZagOnEarth","twitter_site":"@ZigZagOnEarth","twitter_misc":{"Skriven av":"Claire","Ber\u00e4knad l\u00e4stid":"24 minuter"},"schema":{"@context":"https:\/\/schema.org","@graph":[{"@type":"Article","@id":"https:\/\/www.zigzagonearth.com\/sv\/basta-sevardheter-palma-mallorca\/#article","isPartOf":{"@id":"https:\/\/www.zigzagonearth.com\/sv\/basta-sevardheter-palma-mallorca\/"},"author":{"name":"Claire","@id":"https:\/\/www.zigzagonearth.com\/sv\/#\/schema\/person\/0498142e0cb256f21659d85ef6bca599"},"headline":"40 b\u00e4sta sev\u00e4rdheter i Palma de Mallorca","datePublished":"2022-07-15T09:52:26+00:00","dateModified":"2023-11-13T09:51:16+00:00","mainEntityOfPage":{"@id":"https:\/\/www.zigzagonearth.com\/sv\/basta-sevardheter-palma-mallorca\/"},"wordCount":4898,"image":{"@id":"https:\/\/www.zigzagonearth.com\/sv\/basta-sevardheter-palma-mallorca\/#primaryimage"},"thumbnailUrl":"https:\/\/www.zigzagonearth.com\/wp-content\/uploads\/2022\/07\/best-things-to-do-in-Palma-de-Mallorca.jpg","articleSection":["Mallorca"],"inLanguage":"sv-SE"},{"@type":"WebPage","@id":"https:\/\/www.zigzagonearth.com\/sv\/basta-sevardheter-palma-mallorca\/","url":"https:\/\/www.zigzagonearth.com\/sv\/basta-sevardheter-palma-mallorca\/","name":"40 b\u00e4sta sev\u00e4rdheter i Palma de Mallorca","isPartOf":{"@id":"https:\/\/www.zigzagonearth.com\/sv\/#website"},"primaryImageOfPage":{"@id":"https:\/\/www.zigzagonearth.com\/sv\/basta-sevardheter-palma-mallorca\/#primaryimage"},"image":{"@id":"https:\/\/www.zigzagonearth.com\/sv\/basta-sevardheter-palma-mallorca\/#primaryimage"},"thumbnailUrl":"https:\/\/www.zigzagonearth.com\/wp-content\/uploads\/2022\/07\/best-things-to-do-in-Palma-de-Mallorca.jpg","datePublished":"2022-07-15T09:52:26+00:00","dateModified":"2023-11-13T09:51:16+00:00","author":{"@id":"https:\/\/www.zigzagonearth.com\/sv\/#\/schema\/person\/0498142e0cb256f21659d85ef6bca599"},"description":"Uppt\u00e4ck allt det b\u00e4sta som finns att g\u00f6ra i Palma de Mallorca - sev\u00e4rdheter, museum, bes\u00f6k... och tips som hj\u00e4lper dig att planera din resv\u00e4g","breadcrumb":{"@id":"https:\/\/www.zigzagonearth.com\/sv\/basta-sevardheter-palma-mallorca\/#breadcrumb"},"inLanguage":"sv-SE","potentialAction":[{"@type":"ReadAction","target":["https:\/\/www.zigzagonearth.com\/sv\/basta-sevardheter-palma-mallorca\/"]}]},{"@type":"ImageObject","inLanguage":"sv-SE","@id":"https:\/\/www.zigzagonearth.com\/sv\/basta-sevardheter-palma-mallorca\/#primaryimage","url":"https:\/\/www.zigzagonearth.com\/wp-content\/uploads\/2022\/07\/best-things-to-do-in-Palma-de-Mallorca.jpg","contentUrl":"https:\/\/www.zigzagonearth.com\/wp-content\/uploads\/2022\/07\/best-things-to-do-in-Palma-de-Mallorca.jpg","width":250,"height":250},{"@type":"BreadcrumbList","@id":"https:\/\/www.zigzagonearth.com\/sv\/basta-sevardheter-palma-mallorca\/#breadcrumb","itemListElement":[{"@type":"ListItem","position":1,"name":"Home","item":"https:\/\/www.zigzagonearth.com\/sv\/"},{"@type":"ListItem","position":2,"name":"40 b\u00e4sta sev\u00e4rdheter i Palma de Mallorca"}]},{"@type":"WebSite","@id":"https:\/\/www.zigzagonearth.com\/sv\/#website","url":"https:\/\/www.zigzagonearth.com\/sv\/","name":"ZigZagonEarth","description":"Plan unforgettable road trips!","potentialAction":[{"@type":"SearchAction","target":{"@type":"EntryPoint","urlTemplate":"https:\/\/www.zigzagonearth.com\/sv\/?s={search_term_string}"},"query-input":{"@type":"PropertyValueSpecification","valueRequired":true,"valueName":"search_term_string"}}],"inLanguage":"sv-SE"},{"@type":"Person","@id":"https:\/\/www.zigzagonearth.com\/sv\/#\/schema\/person\/0498142e0cb256f21659d85ef6bca599","name":"Claire","image":{"@type":"ImageObject","inLanguage":"sv-SE","@id":"https:\/\/secure.gravatar.com\/avatar\/7a2d4fe6757ab43d35e1680834ada7bf24e3ceccf01b37a8d65bfb7e69ce6271?s=96&d=blank&r=g","url":"https:\/\/secure.gravatar.com\/avatar\/7a2d4fe6757ab43d35e1680834ada7bf24e3ceccf01b37a8d65bfb7e69ce6271?s=96&d=blank&r=g","contentUrl":"https:\/\/secure.gravatar.com\/avatar\/7a2d4fe6757ab43d35e1680834ada7bf24e3ceccf01b37a8d65bfb7e69ce6271?s=96&d=blank&r=g","caption":"Claire"},"description":"Claire is the ultimate Travel Planning Geek - She can spend hours, weeks, months... researching for a trip. She created ZigZag On Earth to help people plan their own travels and make the most of their time.","sameAs":["https:\/\/www.facebook.com\/zigzagonearth"]}]}},"featured_image_src":"https:\/\/www.zigzagonearth.com\/wp-content\/uploads\/2022\/07\/best-things-to-do-in-Palma-de-Mallorca.jpg","featured_image_src_square":"https:\/\/www.zigzagonearth.com\/wp-content\/uploads\/2022\/07\/best-things-to-do-in-Palma-de-Mallorca.jpg","author_info":{"display_name":"Claire","author_link":"https:\/\/www.zigzagonearth.com\/sv\/author\/zzoe\/"},"_links":{"self":[{"href":"https:\/\/www.zigzagonearth.com\/sv\/wp-json\/wp\/v2\/posts\/70160","targetHints":{"allow":["GET"]}}],"collection":[{"href":"https:\/\/www.zigzagonearth.com\/sv\/wp-json\/wp\/v2\/posts"}],"about":[{"href":"https:\/\/www.zigzagonearth.com\/sv\/wp-json\/wp\/v2\/types\/post"}],"author":[{"embeddable":true,"href":"https:\/\/www.zigzagonearth.com\/sv\/wp-json\/wp\/v2\/users\/1"}],"replies":[{"embeddable":true,"href":"https:\/\/www.zigzagonearth.com\/sv\/wp-json\/wp\/v2\/comments?post=70160"}],"version-history":[{"count":0,"href":"https:\/\/www.zigzagonearth.com\/sv\/wp-json\/wp\/v2\/posts\/70160\/revisions"}],"wp:featuredmedia":[{"embeddable":true,"href":"https:\/\/www.zigzagonearth.com\/sv\/wp-json\/wp\/v2\/media\/64125"}],"wp:attachment":[{"href":"https:\/\/www.zigzagonearth.com\/sv\/wp-json\/wp\/v2\/media?parent=70160"}],"wp:term":[{"taxonomy":"category","embeddable":true,"href":"https:\/\/www.zigzagonearth.com\/sv\/wp-json\/wp\/v2\/categories?post=70160"},{"taxonomy":"post_tag","embeddable":true,"href":"https:\/\/www.zigzagonearth.com\/sv\/wp-json\/wp\/v2\/tags?post=70160"}],"curies":[{"name":"wp","href":"https:\/\/api.w.org\/{rel}","templated":true}]}}