{"id":70154,"date":"2022-07-17T10:21:56","date_gmt":"2022-07-17T08:21:56","guid":{"rendered":"https:\/\/www.zigzagonearth.com\/basta-sevardheter-port-de-soller-mallorca\/"},"modified":"2023-11-13T10:34:55","modified_gmt":"2023-11-13T09:34:55","slug":"basta-sevardheter-port-de-soller-mallorca","status":"publish","type":"post","link":"https:\/\/www.zigzagonearth.com\/sv\/basta-sevardheter-port-de-soller-mallorca\/","title":{"rendered":"27 b\u00e4sta sev\u00e4rdheter i Port de Soller (Mallorca)"},"content":{"rendered":"\n<p><strong>Port de Soller \u00e4r en av de vackraste st\u00e4derna p\u00e5 Mallorca.<\/strong><br\/><strong>Du kan stanna d\u00e4r under din semester eller bara bes\u00f6ka oss \u00f6ver dagen.<\/strong><br\/><strong>I b\u00e5da fallen kan du titta p\u00e5 min lista \u00f6ver de b\u00e4sta sev\u00e4rdheter i Port de Soller: strand, promenad, by, utflykt, utsiktspunkt&#8230;<\/strong><\/p>\n\n<div style=\"margin-top:8%;margin-bottom:8%\" class=\"wp-block-genesis-blocks-gb-container box gb-block-container\"><div class=\"gb-container-inside\"><div class=\"gb-container-content\">\n<p class=\"box_titre_une\">Innan mina tips + foton, h\u00e4r \u00e4r <u>mina favoriter<\/u> f\u00f6r Mallorca:<\/p>\n\n\n\n<div class=\"wp-block-columns box_colonne_cc is-layout-flex wp-container-core-columns-is-layout-9d6595d7 wp-block-columns-is-layout-flex\">\n<div class=\"wp-block-column box_picto_c is-layout-flow wp-block-column-is-layout-flow\" style=\"flex-basis:5%\">\n<figure class=\"wp-block-image size-full is-resized box_picto\"><img loading=\"lazy\" decoding=\"async\" src=\"http:\/\/www.zigzagonearth.com\/wp-content\/uploads\/2023\/08\/&#x1F697;.png\" alt=\"\" class=\"wp-image-16341\" style=\"width:30px;height:31px\" width=\"30\" height=\"31\"\/><\/figure>\n<\/div>\n\n\n\n<div class=\"wp-block-column is-layout-flow wp-block-column-is-layout-flow\" style=\"flex-basis:95%\">\n<p class=\"box_lien_g\">Min favoritplattform f\u00f6r att hyra bil p\u00e5 Mallorca: <a href=\"https:\/\/www.discovercars.com\/se\/spain-balearic-islands\/mallorca?a_aid=zigzag&amp;chan=ZZ_Mallorca\" target=\"_blank\" rel=\"noreferrer noopener sponsored nofollow\">DiscoverCars<\/a><\/p>\n<\/div>\n<\/div>\n\n\n\n<div class=\"wp-block-columns box_colonne_cc is-layout-flex wp-container-core-columns-is-layout-9d6595d7 wp-block-columns-is-layout-flex\">\n<div class=\"wp-block-column box_picto_c is-layout-flow wp-block-column-is-layout-flow\" style=\"flex-basis:5%\">\n<figure class=\"wp-block-image size-full is-resized box_picto\"><img loading=\"lazy\" decoding=\"async\" src=\"http:\/\/www.zigzagonearth.com\/wp-content\/uploads\/2023\/08\/&#x1F6E5;&#xFE0F;&#xFE0F;.png\" alt=\"\" class=\"wp-image-16340\" style=\"width:30px;height:31px\" width=\"30\" height=\"31\"\/><\/figure>\n<\/div>\n\n\n\n<div class=\"wp-block-column is-layout-flow wp-block-column-is-layout-flow\" style=\"flex-basis:90%\">\n<p>Den omistliga b\u00e5tturen: <a href=\"https:\/\/www.getyourguide.se\/mallorca-l47\/mallorca-sunrise-coast-dolphins-cruise-t288850\/?partner_id=R3GYW4V&amp;cmp=ZZ_Mallorca_une\" target=\"_blank\" rel=\"noreferrer noopener sponsored nofollow\">delfinsafari fr\u00e5n Alcudia<\/a><\/p>\n<\/div>\n<\/div>\n\n\n\n<div class=\"wp-block-columns box_colonne_cc is-layout-flex wp-container-core-columns-is-layout-9d6595d7 wp-block-columns-is-layout-flex\">\n<div class=\"wp-block-column box_picto_c is-layout-flow wp-block-column-is-layout-flow\" style=\"flex-basis:5%\">\n<figure class=\"wp-block-image size-full is-resized box_picto\"><img loading=\"lazy\" decoding=\"async\" src=\"http:\/\/www.zigzagonearth.com\/wp-content\/uploads\/2023\/08\/&#x1F68C;.png\" alt=\"\" class=\"wp-image-16339\" style=\"width:30px;height:31px\" width=\"30\" height=\"31\"\/><\/figure>\n<\/div>\n\n\n\n<div class=\"wp-block-column is-layout-flow wp-block-column-is-layout-flow\" style=\"flex-basis:90%\">\n<p>Min favoritutflykt fr\u00e5n Palma: <a href=\"https:\/\/www.getyourguide.se\/mallorca-l47\/mallorca-tramuntana-tour-with-historic-railway-ride-t62634\/?partner_id=R3GYW4V&amp;cmp=ZZ_Mallorca_une\" target=\"_blank\" rel=\"noreferrer noopener sponsored nofollow\">Port de Soller och Valldemossa<\/a><\/p>\n<\/div>\n<\/div>\n\n\n\n<div class=\"wp-block-columns box_colonne_cc box_colonne_dernier_cc is-layout-flex wp-container-core-columns-is-layout-9d6595d7 wp-block-columns-is-layout-flex\">\n<div class=\"wp-block-column box_picto_x box_picto_c is-layout-flow wp-block-column-is-layout-flow\" style=\"flex-basis:5%\">\n<figure class=\"wp-block-image size-full is-resized box_picto\"><img loading=\"lazy\" decoding=\"async\" src=\"http:\/\/www.zigzagonearth.com\/wp-content\/uploads\/2023\/08\/&#x1F3E0;.png\" alt=\"\" class=\"wp-image-16338\" style=\"width:30px;height:31px\" width=\"30\" height=\"31\"\/><\/figure>\n<\/div>\n\n\n\n<div class=\"wp-block-column is-layout-flow wp-block-column-is-layout-flow\" style=\"flex-basis:95%\">\n<p>Mina favoritst\u00e4llen att bo p\u00e5:<\/p>\n\n\n\n<ul class=\"wp-block-list\">\n<li>Palma de Mallorca: <a href=\"https:\/\/www.booking.com\/searchresults.en.html?city=-395224&amp;nflt=review_score%253D90&amp;aid=1164282&amp;no_rooms=1&amp;group_adults=2&amp;label=mallorca\" target=\"_blank\" rel=\"noreferrer noopener sponsored nofollow\">se b\u00e4st rankade hotell<\/a> &#8211; t.ex. <a class=\"\" href=\"https:\/\/www.booking.com\/hotel\/es\/art-palma.en.html?aid=1164282&amp;no_rooms=1&amp;group_adults=2&amp;label=_amcid-FrQAZQblirbxlpiJxpEME\" target=\"_blank\" rel=\"noreferrer noopener\"><\/a><a href=\"https:\/\/www.booking.com\/hotel\/es\/posada-terra-santa.en.html?aid=1164282&amp;label=mallorca\" target=\"_blank\" rel=\"noreferrer noopener sponsored nofollow\">Hotel Posada Terra Santa<\/a><\/li>\n\n\n\n<li>Port d&#8217;Alcudia: <a href=\"https:\/\/www.booking.com\/searchresults.en.html?city=-381100&amp;nflt=review_score%253D90&amp;aid=1164282&amp;no_rooms=1&amp;group_adults=2&amp;label=mallorca\" target=\"_blank\" rel=\"noreferrer noopener sponsored nofollow\">se b\u00e4st rankade hotell<\/a> &#8211; t.ex. <a href=\"https:\/\/www.booking.com\/hotel\/es\/bonavida-apartments-alcudia.en-gb.html?aid=1164282&amp;label=mallorca\" target=\"_blank\" rel=\"noreferrer noopener sponsored nofollow\">Bonavida l\u00e4genheter<\/a><\/li>\n\n\n\n<li>Cala d&#8217;or: <a href=\"https:\/\/www.booking.com\/searchresults.en.html?city=900039122&amp;nflt=review_score%253D90&amp;aid=1164282&amp;no_rooms=1&amp;group_adults=2&amp;label=mallorca\" target=\"_blank\" rel=\"noreferrer noopener sponsored nofollow\">se b\u00e4st rankade hotell<\/a> &#8211; t.ex. <a href=\"https:\/\/www.booking.com\/hotel\/es\/casa-ceiba-maria.en.html?aid=1164282&amp;no_rooms=1&amp;group_adults=2&amp;label=mallorca\" target=\"_blank\" rel=\"noreferrer noopener sponsored nofollow\">Casa Ceiba Maria<\/a><\/li>\n\n\n\n<li>I en Finca i hj\u00e4rtat av \u00f6n &#8211; jag f\u00f6resl\u00e5r <a href=\"https:\/\/www.booking.com\/hotel\/es\/finca-cas-sant.en.html?aid=1164282&amp;label=mallorca\" target=\"_blank\" rel=\"noreferrer noopener sponsored nofollow\">Finca Cas Sant<\/a><\/li>\n<\/ul>\n<\/div>\n<\/div>\n<\/div><\/div><\/div>\n\n<div class=\"wp-block-columns is-layout-flex wp-container-core-columns-is-layout-9d6595d7 wp-block-columns-is-layout-flex\">\n<div class=\"wp-block-column is-layout-flow wp-block-column-is-layout-flow\"><div class=\"wp-block-image\">\n<figure class=\"aligncenter size-large is-resized\"><img decoding=\"async\" src=\"https:\/\/www.zigzagonearth.com\/wp-content\/uploads\/2023\/09\/Sevardheter-Port-de-Soller-Mallorca-att-gora.jpg\" alt=\"b&#xE4;sta sev&#xE4;rdheter Port de Soller Mallorca Pin\" style=\"width:300px;height:undefinedpx\"\/><\/figure>\n<\/div><\/div>\n\n\n\n<div class=\"wp-block-column is-layout-flow wp-block-column-is-layout-flow\"><\/div>\n<\/div>\n\n<h2 class=\"wp-block-heading\" id=\"tab-con-10\"><strong>Varf\u00f6r bes\u00f6ka? B\u00e4sta sev\u00e4rdheter i Port de Soller<\/strong><\/h2>\n\n<h3 class=\"wp-block-heading\"><strong>\u00c4r Port de Soller v\u00e4rt att bes\u00f6ka?<\/strong><\/h3>\n\n<p>Ja, Port de Soller \u00e4r v\u00e4rt ett bes\u00f6k. H\u00e4r finns en perfekt kombination av vacker kust och historiskt arv.  <br\/>Den har en or\u00f6rd, n\u00e4stan sluten vik som omges av de h\u00f6ga bergen i Tramuntana.  <br\/>En \u00f6ver 100 \u00e5r gammal historisk sp\u00e5rvagn g\u00e5r ocks\u00e5 genom staden och f\u00f6rbinder den med Soller.<br\/>Innan tunneln var staden verkligen isolerad och dess charm bevarades d\u00e4rf\u00f6r i viss m\u00e5n fr\u00e5n \u00f6verexploateringen.<\/p>\n\n<figure class=\"wp-block-image\"><img decoding=\"async\" src=\"https:\/\/photos.smugmug.com\/Travel\/Mallorca\/Port-de-Soller\/i-MJ8Xq22\/3\/4cc61f4c\/L\/Port_de_Soller_Mallorca-074050-L.jpg\" alt=\"Port de Soller v&#xE4;rt att bes&#xF6;ka\" title=\"Port de Soller v&#xE4;rt att bes&#xF6;ka\"\/><\/figure>\n\n<h3 class=\"wp-block-heading\"><strong>Vad \u00e4r Port de Soller k\u00e4nt f\u00f6r?<\/strong><\/h3>\n\n<p>Port de Soller \u00e4r k\u00e4nt f\u00f6r:<\/p>\n\n<ul class=\"wp-block-list\" type=\"disc\">\n<li>dess historiska sp\u00e5rvagn<\/li>\n\n\n\n<li>dess magnifika vik med den natursk\u00f6na bakgrunden av bergskedjan Tramuntana<\/li>\n\n\n\n<li>Restauranger och kaf\u00e9er vid havet<\/li>\n<\/ul>\n\n<h3 class=\"wp-block-heading\"><strong>Topp 5 sev\u00e4rdheter i Port de Soller<\/strong><\/h3>\n\n<p>Jag kommer att presentera de 27 b\u00e4sta sev\u00e4rdheter i Port de Soller mer detaljerat senare i den h\u00e4r artikeln.<br\/>H\u00e4r \u00e4r en snabb lista \u00f6ver de 5 b\u00e4sta sev\u00e4rdheter:<\/p>\n\n<ol class=\"wp-block-list\">\n<li>Strosa runt p\u00e5 strandpromenaden<\/li>\n\n\n\n<li>Njut av lunch med utsikt<\/li>\n\n\n\n<li>G\u00e5 upp till fyren Far de Cap Gros och beundra den speciella utsikten \u00f6ver Tramuntana-bergen<\/li>\n\n\n\n<li>Ta den historiska tr\u00e4sp\u00e5rvagnen till Soller<\/li>\n\n\n\n<li>K\u00f6r den korta str\u00e4ckan uppf\u00f6r bergen till byn Fornatlutx<\/li>\n<\/ol>\n\n<figure class=\"wp-block-image\"><img decoding=\"async\" src=\"\/\/www.zigzagonearth.com\/wp-content\/uploads\/2022\/07\/Top-things-to-do-in-Port-de-Soller-Mallorca.jpg\" alt=\"B&#xE4;sta sev&#xE4;rdheter i Port de Soller Mallorca\" title=\"B&#xE4;sta sev&#xE4;rdheter i Port de Soller Mallorca\"\/><\/figure>\n\n<h3 class=\"wp-block-heading\"><strong>Soller vs Port de Soller<\/strong><\/h3>\n\n<p>Soller \u00e4r en stad i inlandet. Den har en historisk gammal stadscharm.  <br\/>Port de Soller \u00e4r d\u00e4remot ett hamnomr\u00e5de vid havet som \u00e4r mer modernt och turistigt.<\/p>\n\n<p>Avst\u00e5ndet mellan de tv\u00e5 \u00e4r bara cirka 5 kilometer.  <\/p>\n\n<h3 class=\"wp-block-heading\"><strong>Om namnet<\/strong><\/h3>\n\n<p>Port de Soller betyder bokstavligen hamnen i staden Soller.  <br\/>Port de Soller \u00e4r precis som sitt namn den viktigaste hamnen i Soller-regionen p\u00e5 Mallorca.<\/p>\n\n<h2 class=\"wp-block-heading\" id=\"tab-con-1\"><strong>Planeringstips och karta &#8211; Port de Soller, Mallorca<\/strong><\/h2>\n\n<h3 class=\"wp-block-heading\" id=\"t-1657978657467\"><strong>Var ligger Port de Soller? Karta  <\/strong><\/h3>\n\n<ul class=\"wp-block-list\">\n<li>Port de Soller ligger p\u00e5 nordv\u00e4stra sidan av \u00f6n Mallorca, ca 5 km fr\u00e5n Soller.<\/li>\n\n\n\n<li>Tramuntanabergen skiljer Mallorca fr\u00e5n resten av \u00f6n.<\/li>\n\n\n\n<li><a href=\"https:\/\/www.zigzagonearth.com\/best-things-do-palma-mallorca\/\" target=\"_blank\" rel=\"noopener\">Palma de Mallorca<\/a> till Port de Soller = 40 min bilresa<\/li>\n\n\n\n<li><a style=\"outline: none;\" href=\"https:\/\/www.zigzagonearth.com\/best-things-to-do-alcudia-mallorca\/\" target=\"_blank\" rel=\"noopener\">Alcudia<\/a> till Port de Soller = 1 timmes bilresa<\/li>\n\n\n\n<li>Cala d&#8217;or till Port de Soller = 1h30 bilresa<\/li>\n\n\n\n<li>Nedan finns en karta som hj\u00e4lper dig att orientera dig:<\/li>\n<\/ul>\n\n<figure class=\"wp-block-image size-large\"><img decoding=\"async\" src=\"https:\/\/www.zigzagonearth.com\/wp-content\/uploads\/2022\/07\/Where-is-Port-de-Soller-in-Mallorca-map.jpg\" alt=\"Var ligger Port de Soller p&#xE5; Mallorca - karta\"\/><figcaption class=\"wp-element-caption\"><strong>Var ligger Port de Soller p\u00e5 Mallorca &#8211; karta<\/strong><\/figcaption><\/figure>\n\n<p>Alla mina favoritplatser finns med (med GPS-koordinater, kartor och tips) i min reseguide-e-bok som hj\u00e4lper dig att <a style=\"outline: none;\" href=\"https:\/\/www.zigzagonearth.com\/sv\/mallorca-road-trip-reseguide\/\" target=\"_blank\" rel=\"noopener\">enkelt planera din bilresa till Mallorca<\/a>:<\/p>\n\n<div style=\"margin-top:8%;margin-bottom:8%\" class=\"wp-block-genesis-blocks-gb-container box_ebook gb-block-container\"><div class=\"gb-container-inside\"><div class=\"gb-container-content\">\n<h5 class=\"wp-block-heading box_titre_ebook\">Planera din dr\u00f6mresa till <strong>Mallorca<\/strong> med hj\u00e4lp av min guide (endast p\u00e5 engelska):<\/h5>\n\n\n\n<div class=\"wp-block-columns box_colonnes_ebook is-layout-flex wp-container-core-columns-is-layout-9d6595d7 wp-block-columns-is-layout-flex\">\n<div class=\"wp-block-column is-layout-flow wp-block-column-is-layout-flow\">\n<figure class=\"wp-block-image size-large img_ebook\"><a href=\"https:\/\/www.zigzagonearth.com\/photograph-mallorca-travel-guide\/\"><img decoding=\"async\" src=\"https:\/\/www.zigzagonearth.com\/wp-content\/uploads\/2021\/11\/Travel-Guide-Mallorca-ebook-cover-S2.jpg\" alt=\"eBook Reseguide Mallorca\"\/><\/a><\/figure>\n<\/div>\n\n\n\n<div class=\"wp-block-column is-layout-flow wp-block-column-is-layout-flow\">\n<ul class=\"box_liste wp-block-list\" style=\"font-size:16px\">\n<li>8 kartor f\u00f6r att enkelt planera din resv\u00e4g<\/li>\n\n\n\n<li>140+ f\u00f6rvalda platser<\/li>\n\n\n\n<li>GPS + tips f\u00f6r att f\u00e5 ut mesta m\u00f6jliga av din tid<\/li>\n\n\n\n<li>Tips f\u00f6r planering<\/li>\n\n\n\n<li>270+ originalbilder som hj\u00e4lper dig att v\u00e4lja<\/li>\n<\/ul>\n\n\n\n<div class=\"wp-block-buttons box_colonne_bouton_ebook is-content-justification-left is-layout-flex wp-container-core-buttons-is-layout-fdcfc74e wp-block-buttons-is-layout-flex\">\n<div class=\"wp-block-button box_bouton box_bouton_ebook\"><a class=\"wp-block-button__link wp-element-button\" href=\"https:\/\/www.zigzagonearth.com\/photograph-mallorca-travel-guide\/\" target=\"_blank\" rel=\"noreferrer noopener\">Uppt\u00e4ck det! (endast p\u00e5 engelska)<span class=\"box_bouton_image\"><\/span><\/a><\/div>\n<\/div>\n<\/div>\n<\/div>\n<\/div><\/div><\/div>\n\n<h3 class=\"wp-block-heading\" id=\"t-1657978657468\"><strong>Hur man tar sig till Port de Soller<\/strong><\/h3>\n\n<p><strong>Med bil<\/strong><\/p>\n\n<ul class=\"wp-block-list\">\n<li>Port de Soller \u00e4r l\u00e4tt att n\u00e5 med bil.<\/li>\n\n\n\n<li>Fr\u00e5n Palma tar det ca 40 minuter att n\u00e5 Port de Soller<\/li>\n\n\n\n<li>Ta tunnelv\u00e4gen genom Soller.  <\/li>\n<\/ul>\n\n<p><strong>Med t\u00e5g<\/strong><\/p>\n\n<ul class=\"wp-block-list\">\n<li>Det g\u00e5r flera t\u00e5g dagligen mellan Palma och Soller. T\u00e5get tar ca 30 minuter.<\/li>\n\n\n\n<li>T\u00e5get mellan Palma och Soller \u00e4r ett historiskt t\u00e5g med fantastisk utsikt \u00f6ver bergen.<\/li>\n\n\n\n<li>Fr\u00e5n Soller tar du den historiska sp\u00e5rvagnen till Port de Soller. Sp\u00e5rvagnen tar 20 minuter.<\/li>\n<\/ul>\n\n<p><strong>Med organiserad rundtur<\/strong><\/p>\n\n<ul class=\"wp-block-list\">\n<li>De flesta organiserade turer \u00e4r dagsutflykter fr\u00e5n Palma.<\/li>\n\n\n\n<li>En typisk rundtur tar dig till Soller, Port de Soller och Sa Calobra. Vissa dagsturer inkluderar \u00e4ven Valldemossa.  <\/li>\n\n\n\n<li>Dagsturer som \u00e4ven inkluderar b\u00e5tturer till Sa Calobra Cove finns tillg\u00e4ngliga.<\/li>\n\n\n\n<li><a href=\"https:\/\/www.getyourguide.se\/mallorca-l47\/mallorca-scenic-island-tour-from-the-south-t163878\/?partner_id=R3GYW4V&amp;deeplink_id=b495cdd6-499a-59cc-acda-1a4f5193a595&amp;cmp=ZZ_Mallorca\" target=\"_blank\" rel=\"noreferrer noopener sponsored nofollow\">Kolla in programmet f\u00f6r denna resa<\/a> <\/li>\n<\/ul>\n\n<div style=\"margin-top:8%;margin-bottom:8%\" class=\"wp-block-genesis-blocks-gb-container box gb-block-container\"><div class=\"gb-container-inside\"><div class=\"gb-container-content\">\n<div class=\"wp-block-columns box_colonne is-layout-flex wp-container-core-columns-is-layout-9d6595d7 wp-block-columns-is-layout-flex\">\n<div class=\"wp-block-column colonne is-layout-flow wp-block-column-is-layout-flow\" style=\"flex-basis:66.6%\">\n<h5 class=\"wp-block-heading box_titre\">Beh\u00f6ver du hyra bil p\u00e5 Mallorca?<\/h5>\n\n\n\n<p class=\"box_intro\">Mina tips:<\/p>\n\n\n\n<ul class=\"box_liste wp-block-list\" style=\"font-size:16px\">\n<li>J\u00e4mf\u00f6r priser p\u00e5 min favoritplattform: <a href=\"https:\/\/www.discovercars.com\/se\/spain-balearic-islands\/mallorca?a_aid=zigzag&amp;chan=ZZ_Mallorca\" target=\"_blank\" rel=\"noreferrer noopener sponsored nofollow\">\n  <span style=\"text-decoration: underline;\">Discovercars.com<\/span>\n<\/a> &#8211; en av de b\u00e4st rankade j\u00e4mf\u00f6relsesajterna!<\/li>\n\n\n\n<li>V\u00e4lj inte en f\u00f6r stor bil, eftersom vissa v\u00e4gar \u00e4r mycket smala<\/li>\n\n\n\n<li>T\u00e4nk p\u00e5 deras full t\u00e4ckning alternativ &#8211; det f\u00f6r sinnesfrid!  <\/li>\n\n\n\n<li><span style=\"text-decoration: underline;\">Boka tidigt<\/span> f\u00f6r att ha ett stort urval av fordon!<\/li>\n<\/ul>\n\n\n\n<div class=\"wp-block-columns box_barre_boutons is-layout-flex wp-container-core-columns-is-layout-9d6595d7 wp-block-columns-is-layout-flex\">\n<div class=\"wp-block-column is-vertically-aligned-center box_col_conseil is-layout-flow wp-block-column-is-layout-flow\">\n<p class=\"box_lien\"><a href=\"https:\/\/www.zigzagonearth.com\/renting-car-mallorca-tips\/\" target=\"_blank\" rel=\"noreferrer noopener\">Se alla mina tips<\/a><\/p>\n<\/div>\n\n\n\n<div class=\"wp-block-column box_col_bouton is-layout-flow wp-block-column-is-layout-flow\">\n<div class=\"wp-block-buttons box_bouton is-content-justification-left is-layout-flex wp-container-core-buttons-is-layout-fdcfc74e wp-block-buttons-is-layout-flex\">\n<div class=\"wp-block-button box_bouton\"><a class=\"wp-block-button__link wp-element-button\" href=\"https:\/\/www.discovercars.com\/se\/spain-balearic-islands\/mallorca?a_aid=zigzag&amp;amp;chan=ZZ_Mallorca\" target=\"_blank\" rel=\"noreferrer noopener\">Se tillg\u00e4ngliga bilar  <span class=\"box_bouton_image\"><img decoding=\"async\" style=\"width: 14px; height:14px;  \" src=\"https:\/\/www.zigzagonearth.com\/wp-content\/uploads\/2023\/08\/fleche.png\" alt=\"\"\/><\/span><\/a><\/div>\n<\/div>\n<\/div>\n<\/div>\n<\/div>\n\n\n\n<div class=\"wp-block-column colonne box_cafe_img is-layout-flow wp-block-column-is-layout-flow\" style=\"flex-basis:33.33%\"><div class=\"wp-block-image\">\n<figure class=\"aligncenter size-large is-resized\"><img loading=\"lazy\" decoding=\"async\" src=\"https:\/\/www.zigzagonearth.com\/wp-content\/uploads\/2023\/08\/003world-travel-car-01-1024x1024.webp\" alt=\"\" class=\"wp-image-16227\" style=\"width:288px;height:288px\" width=\"288\" height=\"288\" srcset=\"https:\/\/www.zigzagonearth.com\/wp-content\/uploads\/2023\/08\/003world-travel-car-01-1024x1024.webp 1024w, https:\/\/www.zigzagonearth.com\/wp-content\/uploads\/2023\/08\/003world-travel-car-01-300x300.webp 300w, https:\/\/www.zigzagonearth.com\/wp-content\/uploads\/2023\/08\/003world-travel-car-01-150x150.webp 150w, https:\/\/www.zigzagonearth.com\/wp-content\/uploads\/2023\/08\/003world-travel-car-01-768x768.webp 768w, https:\/\/www.zigzagonearth.com\/wp-content\/uploads\/2023\/08\/003world-travel-car-01-1536x1536.webp 1536w, https:\/\/www.zigzagonearth.com\/wp-content\/uploads\/2023\/08\/003world-travel-car-01-2048x2048.webp 2048w, https:\/\/www.zigzagonearth.com\/wp-content\/uploads\/2023\/08\/003world-travel-car-01-100x100.webp 100w, https:\/\/www.zigzagonearth.com\/wp-content\/uploads\/2023\/08\/003world-travel-car-01-600x600.webp 600w\" sizes=\"auto, (max-width: 288px) 100vw, 288px\" \/><\/figure>\n<\/div><\/div>\n<\/div>\n<\/div><\/div><\/div>\n\n<figure class=\"wp-block-image\"><img decoding=\"async\" src=\"https:\/\/photos.smugmug.com\/Travel\/Mallorca\/Port-de-Soller\/i-X5jddwp\/3\/8c310516\/L\/Port_de_Soller_Mallorca-074046-L.jpg\" alt=\"Tunnel till Port de Soller\" title=\"Tunnel till Port de Soller\"\/><\/figure>\n\n<h3 class=\"wp-block-heading\"><strong>Parkering i Port de Soller<\/strong><\/h3>\n\n<ul class=\"wp-block-list\">\n<li>Det \u00e4r sv\u00e5rt att hitta n\u00e5gonstans att parkera i Port de Soller.<\/li>\n\n\n\n<li>Det finns flera stora parkeringsplatser, men de \u00e4r fulla vid middagstid.<\/li>\n\n\n\n<li>N\u00e5gra av de st\u00f6rsta parkeringsplatserna \u00e4r: Puerto de Soller parkering, Parkering Lepanto, Parkering Marina.  <\/li>\n\n\n\n<li>Gatuparkering finns ofta p\u00e5 den stora v\u00e4gen som g\u00e5r fr\u00e5n Soller till Port de Soller.  <\/li>\n\n\n\n<li>Bl\u00e5 parkeringsplatser p\u00e5 gatan \u00e4r reglerade. Du kan bara parkera under en begr\u00e4nsad tidsperiod.<\/li>\n<\/ul>\n\n<h3 class=\"wp-block-heading\"><strong>Tips f\u00f6r bes\u00f6k  <\/strong><\/h3>\n\n<ul class=\"wp-block-list\">\n<li>Port de Soller \u00e4r en platt strandstad. Det \u00e4r l\u00e4tt att promenera runt i staden.<\/li>\n\n\n\n<li>Staden blir mycket tr\u00e5ng eftersom m\u00e5nga m\u00e4nniskor bor d\u00e4r. Dessutom kommer m\u00e5nga dagsturister p\u00e5 bes\u00f6k.  <\/li>\n\n\n\n<li>Om du reser med bil b\u00f6r du komma till staden i god tid f\u00f6r att kunna parkera.<\/li>\n\n\n\n<li>De flesta av utsiktsplatserna ligger en bit utanf\u00f6r staden och det \u00e4r lite av en kl\u00e4ttring att ta sig upp till dem.<\/li>\n<\/ul>\n\n<h2 class=\"wp-block-heading\" id=\"t-1657978657470\"><strong>Var man kan bo i Port de Soller<\/strong><\/h2>\n\n<h3 class=\"wp-block-heading\"><strong>B\u00e4sta omr\u00e5dena att bo i Port de Soller<\/strong><\/h3>\n\n<p>Du har 3 huvudsakliga omr\u00e5den att bo p\u00e5 i Port de Soller<\/p>\n\n<ul class=\"wp-block-list\">\n<li>Naturligtvis runt hela strandpromenaden &#8211; d\u00e4r du har utsikt \u00f6ver bergen och havet<\/li>\n\n\n\n<li>Soller stad, lite in\u00e5t landet med billigare boende<\/li>\n\n\n\n<li>Norr om hamnen &#8211; med en kulle att bestiga<\/li>\n<\/ul>\n\n<figure class=\"wp-block-image\"><img decoding=\"async\" src=\"https:\/\/photos.smugmug.com\/Travel\/Mallorca\/Port-de-Soller\/i-ccWJbqN\/3\/129731ba\/L\/Port_de_Soller_Mallorca-0723-L.jpg\" alt=\"Vy fr&#xE5;n hotell\" title=\"Vy fr&#xE5;n hotell\"\/><\/figure>\n\n<h3 class=\"wp-block-heading\"><strong>Hotell och boende i Port de Soller<\/strong><\/h3>\n\n<ul class=\"wp-block-list\">\n<li><strong>Lyx &#8211; <\/strong>Jumeirah Port Soller Hotel &amp; Spa<br\/><strong><a href=\"https:\/\/www.booking.com\/hotel\/es\/jumeirah-port-soller.en.html?aid=1164282&amp;no_rooms=1&amp;group_adults=2&amp;label=ZZ_Mallorca\" target=\"_blank\" rel=\"noreferrer noopener sponsored nofollow\">kolla in bilder och tillg\u00e4nglighet<\/a><\/strong><\/li>\n\n\n\n<li><strong>Hotell<\/strong> &#8211; Hotel Esplendidto vid stranden<br\/><strong><a href=\"https:\/\/www.booking.com\/hotel\/es\/esplendido-port-de-soller.en.html?aid=1164282&amp;no_rooms=1&amp;group_adults=2&amp;label=ZZ_Mallorca\" target=\"_blank\" rel=\"noreferrer noopener sponsored nofollow\">Kolla in bilder och tillg\u00e4nglighet<\/a><\/strong><\/li>\n\n\n\n<li><strong>Villa &#8211;<\/strong> Can Tamany med fantastisk utsikt  <br\/><strong><a href=\"https:\/\/www.booking.com\/hotel\/es\/can-tamany.en.html?aid=1164282&amp;no_rooms=1&amp;group_adults=2&amp;label=ZZ_Mallorca\" target=\"_blank\" rel=\"noreferrer noopener sponsored nofollow\">Kolla in bilder och tillg\u00e4nglighet<\/a><\/strong><\/li>\n\n\n\n<li><strong>Hyra l\u00e4genhet &#8211;<\/strong> Hartmut Friedrich l\u00e4genhet<br\/><strong><a href=\"https:\/\/www.booking.com\/hotel\/es\/apartment-pto-soller-mallorca.en.html?aid=1164282&amp;no_rooms=1&amp;group_adults=2&amp;label=ZZ_Mallorca\" target=\"_blank\" rel=\"noreferrer noopener sponsored nofollow\">kolla in bilder och tillg\u00e4nglighet<\/a><\/strong><\/li>\n\n\n\n<li><strong>L\u00e4genheter &#8211; <\/strong>Lili L\u00e4genheter med havsutsikt och terrasser<br\/><a href=\"https:\/\/www.booking.com\/hotel\/es\/lili-apartments.en.html?aid=1164282&amp;no_rooms=1&amp;group_adults=2&amp;label=ZZ_Mallorca\" target=\"_blank\" rel=\"noreferrer noopener sponsored nofollow\">kolla in bilder och tillg\u00e4nglighet<\/a><\/li>\n\n\n\n<li><strong>Ber\u00f6md<\/strong> &#8211; Bikini\u00f6n och bergshotell<br\/><a href=\"https:\/\/www.booking.com\/hotel\/es\/portosoller.en.html?aid=1164282&amp;no_rooms=1&amp;group_adults=2&amp;label=ZZ_Mallorca\" target=\"_blank\" rel=\"noreferrer noopener sponsored nofollow\">se bilder och tillg\u00e4nglighet<\/a><\/li>\n\n\n\n<li>eller <a href=\"https:\/\/www.booking.com\/searchresults.en.html?city=-381048&amp;nflt=review_score%253D90&amp;aid=1164282&amp;no_rooms=1&amp;group_adults=2&amp;label=ZZ_Mallorca\" target=\"_blank\" rel=\"noreferrer noopener sponsored nofollow\">se b\u00e4sta boende i Port de Soller<\/a><\/li>\n<\/ul>\n\n<div style=\"margin-top:8%;margin-bottom:8%\" class=\"wp-block-genesis-blocks-gb-container box gb-block-container\"><div class=\"gb-container-inside\"><div class=\"gb-container-content\">\n<h5 class=\"wp-block-heading box_titre_activite\">Var ska man bo p\u00e5 Mallorca?<\/h5>\n\n\n\n<div class=\"wp-block-columns box_colonne inverse is-layout-flex wp-container-core-columns-is-layout-9d6595d7 wp-block-columns-is-layout-flex\">\n<div class=\"wp-block-column colonne is-layout-flow wp-block-column-is-layout-flow\" style=\"flex-basis:75%\">\n<p class=\"box_intro\">Mina favoriter:<\/p>\n\n\n\n<ul class=\"box_liste wp-block-list\">\n<li>Val av restauranger + huvudstad: <a href=\"https:\/\/www.booking.com\/searchresults.en.html?city=-395224&amp;nflt=review_score%253D90&amp;aid=1164282&amp;no_rooms=1&amp;group_adults=2&amp;label=mallorca\" target=\"_blank\" rel=\"noreferrer noopener\">se b\u00e4st rankade alternativ i Palma<\/a><\/li>\n\n\n\n<li>Strand + praktiskt l\u00e4ge f\u00f6r att utforska: <a href=\"https:\/\/www.booking.com\/searchresults.en.html?city=-381100&amp;nflt=review_score%253D90&amp;aid=1164282&amp;no_rooms=1&amp;group_adults=2&amp;label=mallorca\" target=\"_blank\" rel=\"noreferrer noopener\">se de mest uppskattade alternativen i Port d&#8217;Alcudia<\/a><\/li>\n\n\n\n<li>Partyomr\u00e5de &#8211; <a href=\"https:\/\/www.booking.com\/searchresults.en.html?city=-380228&amp;nflt=review_score%253D90&amp;aid=1164282&amp;no_rooms=1&amp;group_adults=2&amp;label=mallorca\" target=\"_blank\" rel=\"noreferrer noopener\">se b\u00e4st rankade alternativ i S&#8217;Arenal<\/a><\/li>\n\n\n\n<li>Lugnt i bergen &#8211; <a href=\"https:\/\/www.booking.com\/searchresults.en.html?city=-406234&amp;nflt=review_score%253D90&amp;aid=1164282&amp;no_rooms=1&amp;group_adults=2&amp;label=mallorca\" target=\"_blank\" rel=\"noreferrer noopener\">se de b\u00e4st rankade alternativen i Valldemossa<\/a><\/li>\n\n\n\n<li>Lugn, charmig plats vid havet &#8211; <a href=\"https:\/\/www.booking.com\/searchresults.en.html?city=900039215&amp;nflt=review_score%253D90&amp;aid=1164282&amp;no_rooms=1&amp;group_adults=2&amp;label=mallorca\" target=\"_blank\" rel=\"noreferrer noopener\">se b\u00e4st rankade alternativ i Canyamel<\/a><\/li>\n\n\n\n<li>Tillg\u00e5ng till de b\u00e4sta calas &#8211; <a href=\"https:\/\/www.booking.com\/searchresults.en.html?city=900039122&amp;nflt=review_score%253D90&amp;aid=1164282&amp;no_rooms=1&amp;group_adults=2&amp;label=mallorca\" target=\"_blank\" rel=\"noreferrer noopener\">se b\u00e4st rankade alternativ i Cala d&#8217;or<\/a><\/li>\n\n\n\n<li>Familjer &#8211; <a href=\"https:\/\/www.booking.com\/searchresults.en.html?city=-374964&amp;nflt=review_score%253D90&amp;aid=1164282&amp;no_rooms=1&amp;group_adults=2&amp;label=mallorca\" target=\"_blank\" rel=\"noreferrer noopener\">se de b\u00e4st rankade alternativen i Cala Millor<\/a> eller i <a href=\"https:\/\/www.booking.com\/searchresults.en.html?city=900039294&amp;nflt=review_score%253D90&amp;aid=1164282&amp;no_rooms=1&amp;group_adults=2&amp;label=mallorca\" target=\"_blank\" rel=\"noreferrer noopener\">Colonia Sant Jordi<\/a><\/li>\n<\/ul>\n\n\n\n<div class=\"wp-block-buttons box_bouton box_colonne_bouton_ebook box_barre_boutons is-content-justification-left is-layout-flex wp-container-core-buttons-is-layout-fdcfc74e wp-block-buttons-is-layout-flex\">\n<div class=\"wp-block-button box_bouton\"><a class=\"wp-block-button__link wp-element-button\" href=\"https:\/\/www.zigzagonearth.com\/where-to-stay-mallorca-best-areas\/\" target=\"_blank\" rel=\"noreferrer noopener\">Se v\u00e5r artikel om var du kan bo  <span class=\"box_bouton_image\"><img decoding=\"async\" style=\"width: 14px; height:14px;  \" src=\"https:\/\/www.zigzagonearth.com\/wp-content\/uploads\/2023\/08\/fleche.png\" alt=\"\"\/><\/span><span class=\"box_bouton_image\"><\/span><\/a><\/div>\n<\/div>\n<\/div>\n\n\n\n<div class=\"wp-block-column is-vertically-aligned-top colonne box_activite_img is-layout-flow wp-block-column-is-layout-flow\" style=\"flex-basis:25%\"><div class=\"wp-block-image\">\n<figure class=\"aligncenter size-large\"><img decoding=\"async\" src=\"https:\/\/photos.smugmug.com\/Travel\/Mallorca\/Hotels\/i-dgbp8xw\/1\/7e887566\/L\/PA147529-L.jpg\" alt=\"Finca p&#xE5; Mallorca\"\/><\/figure>\n<\/div><\/div>\n<\/div>\n<\/div><\/div><\/div>\n\n<h2 class=\"wp-block-heading\" id=\"tab-con-2\"><strong>#1 till 10 &#8211; H\u00f6jdpunkter i Port de Soller och Soller<\/strong><\/h2>\n\n<h3 class=\"wp-block-heading\"><strong>#1 &#8211; Promenera runt p\u00e5 str\u00e4nderna och i hamnen<\/strong><\/h3>\n\n<p>Port de Soller \u00e4r en naturhamn som ligger isolerad vid foten av Tramuntanabergen och \u00e4r mycket pittoresk.<br\/>Innan tunneln var omr\u00e5det verkligen isolerat, s\u00e5 det var i viss m\u00e5n skyddat fr\u00e5n \u00f6verexploatering.<br\/>Bukten \u00e4r kantad av sandstr\u00e4nder.<br\/>Du kan enkelt promenera runt hela bukten med fantastiska vyer i alla riktningar.<br\/>Men hela strandpromenaden \u00e4r nu bara turistomr\u00e5de med restauranger, barer och souvenirbutiker.<\/p>\n\n<figure class=\"wp-block-image\"><img decoding=\"async\" src=\"https:\/\/photos.smugmug.com\/Travel\/Mallorca\/Port-de-Soller\/i-d44GgGv\/3\/060f52bc\/L\/Port_de_Soller_Mallorca-074056-L.jpg\" alt=\"Port se Soller strandpromenad\" title=\"Port se Soller strandpromenad\"\/><\/figure>\n\n<h3 class=\"wp-block-heading\"><strong>#2 &#8211; Beundra utsikten fr\u00e5n hamnen<\/strong><\/h3>\n\n<p>\u00c5k hela v\u00e4gen till hamnen och njut av de vackra vyerna l\u00e4ngs v\u00e4gen.  <br\/>Det \u00e4r ocks\u00e5 en utm\u00e4rkt plats f\u00f6r att se staden och Tramuntanabergen i bakgrunden med sina toppar.<\/p>\n\n<figure class=\"wp-block-image\"><img decoding=\"async\" src=\"https:\/\/photos.smugmug.com\/Travel\/Mallorca\/Port-de-Soller\/i-gHxTbgW\/3\/3b00af5b\/L\/Port_de_Soller_Mallorca-0722-L.jpg\" alt=\"Port de Soller\" title=\"Port de Soller\"\/><\/figure>\n\n<h3 class=\"wp-block-heading\"><strong>#3 &#8211; Ta den historiska sp\u00e5rvagnen eller se den k\u00f6ra f\u00f6rbi<\/strong><\/h3>\n\n<p>Den historiska sp\u00e5rvagnen \u00e4r en av de viktigaste och mest popul\u00e4ra sev\u00e4rdheterna i Soller.<br\/>Den historiska sp\u00e5rvagnen \u00e4r en av de \u00e4ldsta sp\u00e5rvagnarna i v\u00e4rlden. Det b\u00f6rjade 1912.<br\/>Den anv\u00e4nds fortfarande av lokalbefolkningen och turister f\u00f6r att pendla fr\u00e5n Soller till Port de Soller.  <\/p>\n\n<p>Den totala restiden \u00e4r ca 20 minuter och rutten tar dig genom<\/p>\n\n<ul class=\"wp-block-list\">\n<li>Soller&#8217;s historiska stadsk\u00e4rna<\/li>\n\n\n\n<li>Dess bergiga landomr\u00e5den<\/li>\n\n\n\n<li>Strandstaden<\/li>\n<\/ul>\n\n<p>Det \u00e4r ganska tr\u00e5ngt under dagen.<br\/>Om du inte kan \u00e5ka p\u00e5 den p\u00e5 grund av folkmassan \u00e4r det b\u00e4st att titta p\u00e5 n\u00e4r den k\u00f6r f\u00f6rbi.<\/p>\n\n<p>Kolla <a href=\"https:\/\/trendesoller.com\/eng\/timetable\" target=\"_blank\" rel=\"noreferrer noopener nofollow\">tidtabellen f\u00f6r t\u00e5g och vagnar h\u00e4r<\/a><\/p>\n\n<figure class=\"wp-block-image\"><img decoding=\"async\" src=\"https:\/\/photos.smugmug.com\/Travel\/Mallorca\/Port-de-Soller\/i-fb9xPk9\/3\/595dd19b\/L\/Port_de_Soller_Mallorca-074051-L.jpg\" alt=\"Sp&#xE5;rvagn Soller\" title=\"Sp&#xE5;rvagn Soller\"\/><\/figure>\n\n<h3 class=\"wp-block-heading\"><strong>#4 &#8211; \u00c4t glass<\/strong><\/h3>\n\n<p>L\u00e4ngs bukten hittar du massor av bra glassst\u00e4llen.<br\/>Det \u00e4r det perfekta s\u00e4ttet att sl\u00e5 v\u00e4rmen (p\u00e5 somrarna) och njuta av utsikten \u00f6ver strandstaden.  <\/p>\n\n<p>(Kan inte fatta att jag gl\u00f6mde att ta en bild)<\/p>\n\n<h3 class=\"wp-block-heading\"><strong>#5 &#8211; \u00c4t lunch<\/strong><\/h3>\n\n<p>Port de Soller \u00e4r ett utm\u00e4rkt st\u00e4lle f\u00f6r lunch.  <br\/>M\u00e5nga organiserade turer stannar ocks\u00e5 h\u00e4r f\u00f6r lunch.  <br\/>H\u00e4r finns ett stort utbud av restauranger, de flesta med fantastisk utsikt \u00f6ver havet.<br\/>Det finns ocks\u00e5 l\u00e4ckra restauranger p\u00e5 de charmiga gatorna i Soller.<\/p>\n\n<p>Topprankade restauranger inkluderar:<\/p>\n\n<ul class=\"wp-block-list\">\n<li>Restaurang Kingfisher (utm\u00e4rkt utsikt)<\/li>\n\n\n\n<li>Restaurante Agapanto Flor del Amor<\/li>\n\n\n\n<li>Bon VI<\/li>\n\n\n\n<li>Restaurante Luna 36<\/li>\n<\/ul>\n\n<figure class=\"wp-block-image\"><img decoding=\"async\" src=\"https:\/\/photos.smugmug.com\/Travel\/Mallorca\/Soller\/i-JBt3nv5\/3\/7b409f29\/L\/Soller_Mallorca-074121-L.jpg\" alt=\"Restaurang i Soller\" title=\"Restaurang i Soller\"\/><\/figure>\n\n<h3 class=\"wp-block-heading\"><strong>#6 &#8211; Bes\u00f6k Sant Bartomeu, Soller-kyrkan och Soller centrum<\/strong><\/h3>\n\n<p>Soller \u00e4r fullt av kullerstensgator och gr\u00e4nder.  <br\/>I centrum ligger Plaza de la Constitucion med den mest ikoniska kyrkan p\u00e5 \u00f6n: Sant Bartomeu.<\/p>\n\n<p>Beundra den imponerande fasaden p\u00e5 Sant Bartomeu-kyrkan.<\/p>\n\n<p>Den ursprungliga kyrkan byggdes p\u00e5 1200-talet och ing\u00e5ngen var fr\u00e5n sidan.  <br\/>Kyrkan, som den ser ut idag, ritades av Joan Rubi\u00f3.  <br\/>Fasaden med den gr\u00e5 Soller-kalkstenen \u00e4r unik och s\u00e4rskilt attraktiv.<br\/>Den nuvarande kyrkans utformning \u00e4r en blandning av romansk gotisk stil och Art Nouveau.<\/p>\n\n<figure class=\"wp-block-image\"><img decoding=\"async\" src=\"https:\/\/photos.smugmug.com\/Travel\/Mallorca\/Soller\/i-mHWtmQC\/3\/a1b54a6b\/L\/Soller_Mallorca-074110-L.jpg\" alt=\"Sant Bartomeu\" title=\"Sant Bartomeu\"\/><\/figure>\n\n<h3 class=\"wp-block-heading\"><strong>#7 &#8211; Far de Cap Gros<\/strong><\/h3>\n\n<p>Njut av den fantastiska utsikten \u00f6ver Port de Soller med Tramuntanabergen i bakgrunden.<br\/>Du kan se fyren l\u00e4ngs hela v\u00e4gen. Men tilltr\u00e4de till fyren \u00e4r f\u00f6rbjudet (ta en bild genom porten). <br\/>Det b\u00e4sta med rutten \u00e4r utsikten, som \u00e4r \u00e4nnu mer spektakul\u00e4r vid solnedg\u00e5ngen.<\/p>\n\n<p>F\u00f6r att komma hit tar man en 2 km l\u00e5ng smal v\u00e4g fr\u00e5n West Port de Soller. Det finns f\u00e5 parkeringsplatser l\u00e4ngs v\u00e4gen. <br\/>Men det \u00e4r b\u00e4st att g\u00e5 l\u00e4ngs v\u00e4gen fr\u00e5n Playa d&#8217;en Repic. Es Far de Cap Gros \u00e4r ocks\u00e5 ett stopp p\u00e5 vandringslederna till Refugi de Muleta.<br\/>Det finns inga kaf\u00e9er eller restauranger l\u00e4ngs v\u00e4gen.  <\/p>\n\n<figure class=\"wp-block-image size-large\"><img decoding=\"async\" src=\"https:\/\/photos.smugmug.com\/Travel\/Mallorca\/Port-de-Soller\/i-NMRPZkm\/3\/36c4fc7a\/L\/Far_des_Cap_Gros_Mallorca-0727-L.jpg\" alt=\"Utsikt fr&#xE5;n Far de Cap Gros\"\/><figcaption class=\"wp-element-caption\"><strong>Utsikt fr\u00e5n Far de Cap Gros<\/strong><\/figcaption><\/figure>\n\n<h3 class=\"wp-block-heading\"><strong>#8 &#8211; Museu de la Mar<\/strong><\/h3>\n\n<p>Detta museum \u00e4r bel\u00e4get i ett gammalt kapell &#8211; St. Catherine of Alexandria.  <br\/>Det \u00e4r ett litet sj\u00f6fartsmuseum. Du kan f\u00f6rst\u00e5 betydelsen av och historien bakom Mallorcas fiske och handel.<br\/>De audiovisuella rummen f\u00f6rh\u00f6jer bes\u00f6karnas upplevelse.<br\/>Det \u00e4r ocks\u00e5 en utm\u00e4rkt plats f\u00f6r att njuta av utsikten \u00f6ver bukten.<br\/><strong>\u00d6ppettider: <\/strong><br\/>Onsdag till l\u00f6rdag: 10.00-14.00, 17.00-20.00 och s\u00f6ndag 10.00-14.00 (sommar)<br\/>Torsdag till l\u00f6rdag: 10.00-15.00, s\u00f6ndag 10.00-14.00 (vinter)<\/p>\n\n<h3 class=\"wp-block-heading\"><strong>#9 &#8211; Titta p\u00e5 solnedg\u00e5ngen<\/strong><\/h3>\n\n<p>Port de Soller \u00e4r v\u00e4nd mot v\u00e4ster.<br\/>Under sommarm\u00e5naderna g\u00e5r solen ner mitt i viken.<br\/>D\u00e4rf\u00f6r anses det vara en av de mest romantiska platserna p\u00e5 Mallorca.  <\/p>\n\n<h3 class=\"wp-block-heading\"><strong>#10 &#8211; Can Prunera<\/strong><\/h3>\n\n<p>Can Prunera \u00e4r ett museum f\u00f6r samtida konst i Soller.<br\/>Det \u00e4r inrymt i en herrg\u00e5rd i jugendstil. Sj\u00e4lva byggnaden har en arkitektur som \u00e4r v\u00e4rd att beundra.<br\/>Museet \u00e4r numera st\u00e4ngt, men i byggnaden visas fortfarande intressanta konstutst\u00e4llningar.<br\/>Det \u00e4r ett utm\u00e4rkt st\u00e4lle f\u00f6r konst\u00e4lskare att tillbringa en timme p\u00e5 n\u00e4r de \u00e4r i stan.  <\/p>\n\n<ul class=\"wp-block-list\">\n<li><a style=\"outline: none;\" href=\"https:\/\/canprunera.com\/en\/\" target=\"_blank\" rel=\"nofollow noopener\">Webbplats h\u00e4r<\/a><\/li>\n<\/ul>\n\n<h2 class=\"wp-block-heading\" id=\"tab-con-3\"><strong>#11 &amp; 12 &#8211; Port de Soller str\u00e4nder<\/strong><\/h2>\n\n<h3 class=\"wp-block-heading\"><strong>#11 &#8211; Platja de Soller<\/strong><\/h3>\n\n<figure class=\"wp-block-image\"><img decoding=\"async\" src=\"https:\/\/photos.smugmug.com\/Travel\/Mallorca\/Port-de-Soller\/i-zhdjXKf\/3\/bfe8e745\/L\/Port_de_Soller_Mallorca-074053-L.jpg\" alt=\"Platja de Soller\" title=\"Platja de Soller\"\/><\/figure>\n\n<p>Detta \u00e4r den st\u00f6rsta stranden i Port de Soller.  <br\/>Det ligger l\u00e4ngs en turistt\u00e4t strandpromenad full av restauranger, barer och kaf\u00e9er.<br\/>Det \u00e4r en l\u00e5ng sandstrand som \u00e4r perfekt f\u00f6r lata promenader.<br\/>H\u00e4r finns gott om parasoller och solstolar.<br\/>Vattnet \u00e4r lugnt och bra f\u00f6r en simtur.<\/p>\n\n<h3 class=\"wp-block-heading\"><strong>#12 &#8211; Platja den Repic<\/strong><\/h3>\n\n<figure class=\"wp-block-image size-large\"><img decoding=\"async\" src=\"https:\/\/photos.smugmug.com\/Travel\/Mallorca\/Port-de-Soller\/i-kBx9Cts\/3\/7b7a2bac\/L\/Port_de_Soller_Mallorca-074070-L.jpg\" alt=\"Utsikt fr&#xE5;n Platja den Repic\"\/><figcaption class=\"wp-element-caption\"><strong>Utsikt fr\u00e5n Platja den Repic<\/strong><\/figcaption><\/figure>\n\n<p>Denna strand ligger s\u00f6der om Sollerbukten.  <br\/>Det \u00e4r en familjev\u00e4nlig strand med mestadels sand och n\u00e5gra sm\u00e5stenar.  <br\/>Utsikten \u00f6ver de omgivande bergen bidrar till dess charm.<br\/>\u00c4ven h\u00e4r hittar du en strandpromenad full av restauranger och kaf\u00e9er.<\/p>\n\n<h2 class=\"wp-block-heading\" id=\"tab-con-4\"><strong>#13 till 16 &#8211; b\u00e4sta attraktionerna n\u00e4ra Soller<\/strong><\/h2>\n\n<h3 class=\"wp-block-heading\"><strong>#13 &#8211; Fornalutx<\/strong><\/h3>\n\n<figure class=\"wp-block-image\"><img decoding=\"async\" src=\"https:\/\/photos.smugmug.com\/Travel\/Mallorca\/Fornalutx\/i-TD8Xrsd\/3\/81bdf002\/L\/Fornalutx_Mallorca-084785-L.jpg\" alt=\"Fornalutx\" title=\"Fornalutx\"\/><\/figure>\n\n<p>Fornalutx \u00e4r en av de vackraste bevarade byarna i Serra de Tramuntana och en av de vackraste byarna i Spanien.<br\/>Den ligger ovanf\u00f6r Soller och \u00e4r inb\u00e4ddad i bergen med utsikt \u00f6ver Puig Major, den h\u00f6gsta toppen p\u00e5 Mallorca.<br\/>Stenhusen, de smala gr\u00e4nderna som g\u00e5r uppf\u00f6r backar och trappor \u00e4r fulla av charm.<\/p>\n\n<p>Fri tillg\u00e5ng &#8211; planera 1 timme f\u00f6r att utforska<br\/>Det finns bara ett par sm\u00e5 parkeringsplatser, s\u00e5 det \u00e4r sv\u00e5rt att parkera.<\/p>\n\n<p>Saker att se:  <\/p>\n\n<ul class=\"wp-block-list\">\n<li>De m\u00e5nga stenhusen som \u00e4r v\u00e4l underh\u00e5llna<\/li>\n\n\n\n<li>Utsikten fr\u00e5n Puig Major (1447 m)<\/li>\n\n\n\n<li>Kyrkan Nativitat de la Mare de Deu (byggd 1230 till 1639)<\/li>\n\n\n\n<li>Can Carbona fr\u00e5n 1500-talet med sitt defensiva fyrkantiga torn fr\u00e5n 1600-talet.<\/li>\n\n\n\n<li>De m\u00e5nga charmiga gr\u00e4nderna<\/li>\n<\/ul>\n\n<h3 class=\"wp-block-heading\"><strong>#14 &#8211;<\/strong><strong>Mirador ses Barques<\/strong><\/h3>\n\n<figure class=\"wp-block-image\"><img decoding=\"async\" src=\"https:\/\/photos.smugmug.com\/Travel\/Mallorca\/Mirador-Ses-Barques\/i-F4spXSn\/3\/8e0a783e\/L\/Mirador_Ses_Barques_Mallorca-084760-L.jpg\" alt=\"Mirador ses Barques\" title=\"Mirador ses Barques\"\/><\/figure>\n\n<p>Mirador ses Barques \u00e4r en annan ber\u00f6md utsiktsplats n\u00e4ra Port de Soller.  <br\/>Fr\u00e5n denna utsiktspunkt kan man se Port de Soller, dess vik och de omgivande kullarna.<br\/>Platsen kan n\u00e5s med bil. Det \u00e4r cirka 15 minuter fr\u00e5n Platja de Soller.  <br\/>Det finns en liten parkeringsplats i n\u00e4rheten. Men var beredd p\u00e5 att g\u00e5 uppf\u00f6r n\u00e5gra trappor f\u00f6r att n\u00e5 utsiktsplatsen.<br\/>F\u00f6r att f\u00e5 ut det mesta av den vackra naturen i Soller, vandra upp till denna plats. Fr\u00e5n staden \u00e4r den totala rundstr\u00e4ckan p\u00e5 leden ca 10 km.  <br\/>Vandringen \u00e4r n\u00e5got brant. Anv\u00e4nd bra vandringsskor.  <\/p>\n\n<h3 class=\"wp-block-heading\"><strong>#15 &#8211; Promenad till Torre Picada<\/strong><\/h3>\n\n<p>Detta historiska vakttorn ligger l\u00e4ngre norrut fr\u00e5n Port de Soller.  <br\/>Tornet \u00e4r en 45 minuters promenad enkel v\u00e4g med n\u00e5gra f\u00e5 delar av brant kl\u00e4ttring.  <br\/>Det historiska tornet byggdes p\u00e5 1600-talet f\u00f6r att skydda regionen fr\u00e5n attacker.<br\/>Den fortsatte att anv\u00e4ndas fram till 1800-talet.<br\/>\u00c4ven om du inte kan g\u00e5 in i tornet, bes\u00f6k denna historiska plats f\u00f6r den fantastiska utsikten fr\u00e5n toppen.  <\/p>\n\n<h3 class=\"wp-block-heading\"><strong>#16 &#8211; Byn Deia<\/strong><\/h3>\n\n<figure class=\"wp-block-image\"><img decoding=\"async\" src=\"https:\/\/photos.smugmug.com\/Travel\/Mallorca\/Deia-and-cala\/i-zL6wbmT\/3\/93f2a01b\/L\/Deia_Mallorca-073996-L.jpg\" alt=\"Deia\" title=\"Deia\"\/><\/figure>\n\n<p>Deia \u00e4r en charmig by i Tramuntana som har lockat till sig m\u00e5nga konstn\u00e4rer.<br\/>P\u00e5 ena sidan har du havsutsikt och p\u00e5 den andra utsikt \u00f6ver bergen.<br\/>Typiska stenhus byggda p\u00e5 en kulle och l\u00e4ngs en ravin. Den har varit bebodd sedan f\u00f6rhistorisk tid. Redan p\u00e5 800-talet kallades byn f\u00f6r &#8221;ad Daia&#8221;, dvs. &#8221;byn&#8221;.<br\/>Port de Soller ligger bara 20 minuter bort med bil.<br\/>Endast ett f\u00e5tal sm\u00e5 parkeringsplatser l\u00e4ngs huvudv\u00e4gen, om\u00f6jligt att parkera vid lunchtid<\/p>\n\n<p>Sev\u00e4rdheter:<\/p>\n\n<ul class=\"wp-block-list\">\n<li>Ta dig tid att utforska de sm\u00e5 gr\u00e4nderna upp och ner f\u00f6r kullen.<\/li>\n\n\n\n<li>De sm\u00e5 stenbroarna  <\/li>\n\n\n\n<li>Det gamla tv\u00e4ttomr\u00e5det, vattenreservatet och k\u00e4llan<\/li>\n\n\n\n<li>Mirador des Canons h\u00f6gst upp  <\/li>\n\n\n\n<li>Sant Joan Baptista-kyrkan fr\u00e5n 1497 &#8211; med klocktornet inuti ett gammalt f\u00f6rsvarstorn<\/li>\n<\/ul>\n\n<h2 class=\"wp-block-heading\" id=\"tab-con-5\"><strong>#17 till 21 &#8211; b\u00e4sta utflykterna fr\u00e5n Port de Soller<\/strong><\/h2>\n\n<h3 class=\"wp-block-heading\"><strong>#17 &#8211; Sa Calobra med b\u00e5t eller v\u00e4g<\/strong><\/h3>\n\n<figure class=\"wp-block-image\"><img decoding=\"async\" src=\"https:\/\/photos.smugmug.com\/Travel\/Mallorca\/Sa-Calobra\/i-cN8Mw4S\/1\/7f82461c\/L\/beach_Sa_Calobra_Mallorca-0783-L.jpg\" alt=\"Sa Calobra\" title=\"Sa Calobra\"\/><\/figure>\n\n<p>Sa Calobra \u00e4r den mest unika stranden p\u00e5 Mallorca, en av de mest natursk\u00f6na.<br\/>Ingen rolig vit sandstrand men en imponerande dal med mynningen av Torrent de Pareis.<br\/>En kort, underbar promenad l\u00e4ngs klipporna och genom tunnlar leder dig till denna dolda strand med sm\u00e5sten.<br\/>Dessutom \u00e4r bilf\u00e4rden nedf\u00f6r Tramuntana-bergen en av de b\u00e4sta p\u00e5 \u00f6n med h\u00e5rn\u00e5lskurvor och en fantastisk utsikt fr\u00e5n bergspasset.<br\/><a style=\"outline: none;\" href=\"https:\/\/www.zigzagonearth.com\/sv\/sa-calobra-mallorca\/\" target=\"_blank\" rel=\"noopener\">Se mer information och bilder<\/a>.<\/p>\n\n<ul class=\"wp-block-list\">\n<li>Port de Soller till Sa Calobra = 1 timmes bilresa<\/li>\n\n\n\n<li>Om du inte vill k\u00f6ra bokar du b\u00e5ttur fr\u00e5n Soller hamn &#8211; <a href=\"https:\/\/www.getyourguide.se\/mallorca-l47\/from-soller-boat-trip-to-sa-calobra-and-torrent-de-pareis-t404400\/?partner_id=R3GYW4V&amp;deeplink_id=3461b858-4732-5df3-b9f2-5fa7a8fff658&amp;cmp=ZZ_Mallorca\" target=\"_blank\" rel=\"noreferrer noopener sponsored nofollow\">kolla program och tillg\u00e4nglighet<\/a><\/li>\n<\/ul>\n\n<h3 class=\"wp-block-heading\"><strong>#18 &#8211; Son Marroig<\/strong><\/h3>\n\n<figure class=\"wp-block-image\"><img decoding=\"async\" src=\"https:\/\/photos.smugmug.com\/Travel\/Mallorca\/Sa-Foradada-Son-Marroig\/i-xpNwCbG\/3\/d0a5c7fc\/L\/Son_Marroig_Mallorca-073965-L.jpg\" alt=\"Son Marroig\" title=\"Son Marroig\"\/><\/figure>\n\n<p>Mellan Valldemossa och Deia ligger egendomen Son Marroig med en otrolig utsikt \u00f6ver den karga kusten.<br\/>Den \u00e4ldsta delen av egendomen \u00e4r fr\u00e5n 15- och 16-talet. Och det har uppdaterats p\u00e5 1800-talet av den \u00f6sterrikiska \u00e4rkehertigen Ludwig Salvator.<br\/>Det har blivit k\u00e4nt som den mest romantiska platsen p\u00e5 \u00f6n med den vita marmorpaviljongen med utsikt \u00f6ver klipporna och tr\u00e4dg\u00e5rdarna.<\/p>\n\n<ul class=\"wp-block-list\">\n<li>30 minuters bilresa fr\u00e5n Port de Soller<\/li>\n\n\n\n<li>Pris: 4 euro  <\/li>\n\n\n\n<li>Plan 1h f\u00f6r hus och tr\u00e4dg\u00e5rd<\/li>\n\n\n\n<li>\u00d6ppettider: M\u00e5n till l\u00f6r 9:30 till 14:00 &amp; 15:30 till 16:30 &#8211; St\u00e4ngt s\u00f6n  <\/li>\n\n\n\n<li><a style=\"outline: none;\" href=\"https:\/\/sonmarroig.com\/\" target=\"_blank\" rel=\"nofollow noopener\">Webbplats h\u00e4r<\/a><\/li>\n<\/ul>\n\n<h3 class=\"wp-block-heading\"><strong>#19 &#8211; Monestir de Miramar<\/strong><\/h3>\n\n<figure class=\"wp-block-image\"><img decoding=\"async\" src=\"https:\/\/photos.smugmug.com\/Travel\/Mallorca\/Monestir-de-Miramar\/i-9g7BB6H\/3\/2be7b74f\/L\/Monestir_de_Miramar_Mallorca-073933-L.jpg\" alt=\"Monestir de Miramar\" title=\"Monestir de Miramar\"\/><\/figure>\n\n<p>Klostret, som ligger mellan hav och berg, har bebotts av olika religi\u00f6sa ordnar sedan medeltiden.<br\/>\u00c5r 1872 k\u00f6ptes det av den \u00f6sterrikiske \u00e4rkehertigen Ludwig Salvator som bj\u00f6d in konstn\u00e4rer, intellektuella och kungligheter att bo d\u00e4r.<br\/>Byggnaden, kyrkan, tr\u00e4dg\u00e5rden och parken \u00e4r pittoreska och fridfulla.<\/p>\n\n<ul class=\"wp-block-list\">\n<li>35 minuters bilresa fr\u00e5n Port de Soller<\/li>\n\n\n\n<li>Plan 1 till 2 timmar (om du utforskar hela parken)<\/li>\n\n\n\n<li>\u00d6ppettider: M\u00e5n till l\u00f6r: 10:00 till 17:45 (sommar och kanske h\u00f6st)<\/li>\n\n\n\n<li>Pris: 3 euro<\/li>\n\n\n\n<li><a href=\"http:\/\/www.monestirdemiramar.es\/\" target=\"_blank\" rel=\"nofollow noopener\">Webbplats h\u00e4r<\/a><\/li>\n<\/ul>\n\n<h3 class=\"wp-block-heading\"><strong>#20 &#8211; Valdemossa<\/strong><\/h3>\n\n<figure class=\"wp-block-image\"><img decoding=\"async\" src=\"https:\/\/photos.smugmug.com\/Travel\/Mallorca\/Valldemossa\/i-PKHRP9B\/3\/78e59f7d\/L\/Valdemossa_Mallorca-073755-L.jpg\" alt=\"Valdemossa\" title=\"Valdemossa\"\/><\/figure>\n\n<p>Bergsbyn Valldemossa blev k\u00e4nd 1839 n\u00e4r George Sand och Frederic Chopin bodde h\u00e4r under en vinter.<br\/>Byn ligger p\u00e5 400 meters h\u00f6jd och \u00e4r full av charmiga gator med gamla stenhus. Lokalbefolkningen dekorerar med massor av v\u00e4xtlighet som framh\u00e4ver karakt\u00e4ren.<\/p>\n\n<ul class=\"wp-block-list\">\n<li>45 minuters bilresa fr\u00e5n Port de Soller<\/li>\n\n\n\n<li>Parkera mot avgift (endast kontanter) &#8211; det kan vara sv\u00e5rt att parkera mitt p\u00e5 dagen<\/li>\n\n\n\n<li>Planera en halv dag<\/li>\n<\/ul>\n\n<p>Saker att se och g\u00f6ra:<\/p>\n\n<ul class=\"wp-block-list\">\n<li>Stora torget och tr\u00e4dg\u00e5rden bakom kung Juan Carlos<\/li>\n\n\n\n<li>Det kungliga charterhuset (kartusiankloster) &#8211; ursprung 1399 och kung Sanchos palats &#8211; <a style=\"outline: none;\" href=\"https:\/\/www.cartoixadevalldemossa.com\/en\/\" target=\"_blank\" rel=\"nofollow noopener\">webbplats<\/a> <\/li>\n\n\n\n<li>Chopin Museum &#8211; <a style=\"outline: none;\" href=\"http:\/\/www.celdadechopin.es\/\" target=\"_blank\" rel=\"nofollow noopener\">webbplats<\/a> <\/li>\n\n\n\n<li>Utforska gr\u00e4nderna i byn f\u00f6r att hitta n\u00e5gra vackra p\u00e4rlor<\/li>\n\n\n\n<li>Observera &#8211; \u00f6ppettider till\u00e4mpas inte alltid som skrivet<\/li>\n<\/ul>\n\n<h3 class=\"wp-block-heading\"><strong>#21 &#8211; Lluc-helgedomen<\/strong><\/h3>\n\n<figure class=\"wp-block-image\"><img decoding=\"async\" src=\"https:\/\/photos.smugmug.com\/Travel\/Mallorca\/5i-Lluc-Sanctuary\/i-ffjCG4C\/3\/b25e309b\/L\/Lluc_Sanctuary_Mallorca-084838-L.jpg\" alt=\"Helgedomen Lluc\" title=\"Helgedomen Lluc\"\/><\/figure>\n\n<p>Kloster och pilgrimsplats i Tramuntana-bergen.<br\/>Pilgrimer har bes\u00f6kt platsen sedan 1200-talet d\u00e5 en herdepojke uppt\u00e4ckte en tr\u00e4staty av Jungfrun (&#8221;La Moreneta&#8221;). Den \u00e4r nu \u00f6vers\u00e5llad med \u00e4delstenar.<br\/>Numera har klostret f\u00f6rvandlats till ett hotell. Men platsen \u00e4r k\u00e4nd f\u00f6r sin andliga energi.<\/p>\n\n<ul class=\"wp-block-list\">\n<li>1 timmes bilresa fr\u00e5n Soller hamn<\/li>\n\n\n\n<li>Bes\u00f6ket \u00e4r gratis &#8211; Parkeringsplats mot avgift (6 euro \/ dag)<\/li>\n\n\n\n<li><a href=\"https:\/\/www.lluc.net\/en\/\" target=\"_blank\" rel=\"nofollow noopener\">Webbplats h\u00e4r<\/a><\/li>\n<\/ul>\n\n<h3 class=\"wp-block-heading\"><strong>Och naturligtvis, ytterligare s\u00e4tt, kan du bes\u00f6ka<\/strong><\/h3>\n\n<ul class=\"wp-block-list\">\n<li><a href=\"https:\/\/www.zigzagonearth.com\/sv\/cala-portaler-vells-mallorca\/\" target=\"_blank\" rel=\"noopener\">Palma de Mallorca<\/a>, huvudstaden och dess ber\u00f6mda katedral<\/li>\n\n\n\n<li><a href=\"https:\/\/www.zigzagonearth.com\/best-things-to-do-alcudia-mallorca\/\" target=\"_blank\" rel=\"noopener\">Alcudia<\/a>, dess medeltida bef\u00e4sta stad och l\u00e5nga strand<\/li>\n\n\n\n<li><a style=\"outline: none;\" href=\"https:\/\/www.zigzagonearth.com\/sv\/cap-formentor-mallorca\/\" target=\"_blank\" rel=\"noopener\">Formentor<\/a> och dess imponerande klippor<\/li>\n\n\n\n<li>&#8230;<\/li>\n<\/ul>\n\n<div style=\"margin-top:8%;margin-bottom:8%\" class=\"wp-block-genesis-blocks-gb-container box gb-block-container\"><div class=\"gb-container-inside\"><div class=\"gb-container-content\">\n<p><strong>Planera din resa till Mallorca:<\/strong><\/p>\n\n\n\n<div class=\"wp-block-columns box_colonne_cc is-layout-flex wp-container-core-columns-is-layout-9d6595d7 wp-block-columns-is-layout-flex\">\n<div class=\"wp-block-column box_picto_c is-layout-flow wp-block-column-is-layout-flow\" style=\"flex-basis:5%\">\n<figure class=\"wp-block-image size-full is-resized box_picto\"><img loading=\"lazy\" decoding=\"async\" src=\"http:\/\/www.zigzagonearth.com\/wp-content\/uploads\/2023\/08\/&#x1F697;.png\" alt=\"\" class=\"wp-image-16341\" style=\"width:30px;height:31px\" width=\"30\" height=\"31\"\/><\/figure>\n<\/div>\n\n\n\n<div class=\"wp-block-column is-layout-flow wp-block-column-is-layout-flow\" style=\"flex-basis:95%\">\n<ul class=\"wp-block-list\">\n<li>Mina resplaner : <a class=\"\" href=\"https:\/\/www.zigzagonearth.com\/2-3-days-mallorca-weekend\/\" target=\"_blank\" rel=\"noreferrer noopener\">3 dagar &#8211; helg<\/a>, <a class=\"\" href=\"https:\/\/www.zigzagonearth.com\/4-days-mallorca-itinerary\/\" target=\"_blank\" rel=\"noreferrer noopener\">4<\/a> dagar, <a class=\"\" href=\"https:\/\/www.zigzagonearth.com\/5-days-mallorca-itinerary\/\" target=\"_blank\" rel=\"noreferrer noopener\">5 dagar<\/a>, <a class=\"\" href=\"https:\/\/www.zigzagonearth.com\/one-week-madeira-7-day-itinerary\/\" target=\"_blank\" rel=\"noreferrer noopener\">1 vecka<\/a>, <a href=\"https:\/\/www.zigzagonearth.com\/10-days-mallorca-2-weeks-itinerary\/\" target=\"_blank\" rel=\"noreferrer noopener\">10<\/a> dagar<\/li>\n\n\n\n<li><a class=\"\" href=\"https:\/\/www.zigzagonearth.com\/renting-car-mallorca-tips\/\" target=\"_blank\" rel=\"noreferrer noopener\">36 tips f\u00f6r att hyra bil p\u00e5 Mallorca<\/a><\/li>\n\n\n\n<li><a class=\"\" href=\"https:\/\/www.zigzagonearth.com\/driving-mallorca-tips\/\" target=\"_blank\" rel=\"noreferrer noopener\">Guide till bilk\u00f6rning p\u00e5 Mallorca<\/a><\/li>\n\n\n\n<li><a class=\"\" href=\"https:\/\/www.zigzagonearth.com\/where-to-stay-mallorca-best-areas\/\" target=\"_blank\" rel=\"noreferrer noopener\">Var man kan bo p\u00e5 Mallorca<\/a><\/li>\n\n\n\n<li><a href=\"https:\/\/www.zigzagonearth.com\/where-stay-palma-mallorca-best-hotels\/\" target=\"_blank\" class=\"\" rel=\"noreferrer noopener\">Var man kan bo i Palma de Mallorca<\/a><\/li>\n\n\n\n<li><a class=\"\" href=\"https:\/\/zigzagonearth.com\/best-things-do-mallorca\/\" target=\"_blank\" rel=\"noreferrer noopener\">B\u00e4sta sakerna att g\u00f6ra p\u00e5 Mallorca<\/a><\/li>\n<\/ul>\n<\/div>\n<\/div>\n<\/div><\/div><\/div>\n\n<h2 class=\"wp-block-heading\" id=\"tab-con-6\"><strong>#22 till 27 &#8211; Aktiviteter att njuta av i n\u00e4rheten<\/strong><\/h2>\n\n<h3 class=\"wp-block-heading\"><strong>#22 &#8211; Cykling<\/strong><\/h3>\n\n<p>De b\u00e4sta cykelv\u00e4garna p\u00e5 Mallorca finns i Tramuntana-bergen.<br\/>S\u00e5 du \u00e4r precis i mitten &#8211; men alla turer b\u00f6rjar med n\u00e5gon brant stigning.<br\/>Du kan ta rundresor genom Sa Calobra, Cala Deia och andra natursk\u00f6na platser p\u00e5 Mallorca.<\/p>\n\n<figure class=\"wp-block-image\"><img decoding=\"async\" src=\"https:\/\/photos.smugmug.com\/Travel\/Mallorca\/Driving\/i-SqwQf23\/1\/b5ff3939\/L\/driving_Mallorca-084908-L.jpg\" alt=\"Cykling p&#xE5; Mallorca\" title=\"Cykling p&#xE5; Mallorca\"\/><\/figure>\n\n<h3 class=\"wp-block-heading\"><strong>#23 &#8211; Vandring<\/strong><\/h3>\n\n<p>Det finns m\u00e5nga vandringsleder som g\u00e5r genom Serra de Tramuntana till olika platser runt Port de Soller.  <\/p>\n\n<p>En popul\u00e4r rutt \u00e4r GR221. Den kallas ocks\u00e5 f\u00f6r terrassv\u00e4gen med torra stenar.  <br\/>P\u00e5 den h\u00e4r rutten passerar du m\u00e5nga bergsbyar och utsiktsplatser som Far de Cap Gros.  <br\/>Rutten g\u00e5r p\u00e5 gamla smala stigar som g\u00f6r vandringen \u00e4nnu mer sp\u00e4nnande.  <\/p>\n\n<h3 class=\"wp-block-heading\"><strong>#24 &#8211; Paddel f\u00f6r st\u00e5ende<\/strong><\/h3>\n\n<p>Ett bra s\u00e4tt att njuta av Medelhavets vatten \u00e4r att prova p\u00e5 stand-up paddle.<br\/>Det finns m\u00e5nga alternativ av Stand-up paddel f\u00f6r b\u00e5de paddling nyb\u00f6rjare och erfarna paddlare.<br\/>Du kan titta p\u00e5 en vacker solnedg\u00e5ng fr\u00e5n din paddelbr\u00e4da, ta en SUP-klass eller till och med prova SUP-yoga.  <\/p>\n\n<h3 class=\"wp-block-heading\"><strong>#25 &#8211; Dykning<\/strong><\/h3>\n\n<p>Det finns m\u00e5nga lokala dykcenter som erbjuder dyklektioner och dykturer.  <br\/>Det klara vattnet l\u00e4ngs Serra de Tramuntana erbjuder utm\u00e4rkt sikt.<br\/>Du kan se unika klippformationer under vattnet i Serra samt n\u00e5gra vackra bl\u00e4ckfiskar och bl\u00e4ckfiskar.<br\/>Vissa f\u00f6retag arrangerar \u00e4ven nattdykning.  <\/p>\n\n<figure class=\"wp-block-image\"><img decoding=\"async\" src=\"https:\/\/photos.smugmug.com\/Travel\/Mallorca\/Port-de-Soller\/i-bM9jZdK\/3\/acffc757\/L\/Port_de_Soller_Mallorca-074055-L.jpg\" alt=\"Vatten i Port de Soller\" title=\"Vatten i Port de Soller\"\/><\/figure>\n\n<h3 class=\"wp-block-heading\"><strong>#26 &#8211; Barer i Port de Soller<\/strong><\/h3>\n\n<p>Det finns m\u00e5nga trevliga barer l\u00e4ngs bukten och n\u00e4ra till alla de viktigaste str\u00e4nderna i Port de Soller.<br\/>I barerna kan du prova en cocktail och se v\u00e4rlden passera revy. Men de \u00e4r inte lika h\u00f6gljudda som barerna i Palma.<br\/>N\u00e5gra av de h\u00f6gst rankade barerna i Port de Soller \u00e4r<\/p>\n\n<ul class=\"wp-block-list\">\n<li>Minibar<\/li>\n\n\n\n<li>Albatros<\/li>\n\n\n\n<li>Sa Talaia Pool Bar  <\/li>\n<\/ul>\n\n<h3 class=\"wp-block-heading\"><strong>#27 &#8211; Njut av en av h\u00e4ndelserna<\/strong><\/h3>\n\n<p>Flera evenemang \u00e4ger rum i Port de Soller under hela \u00e5ret. Detta kan f\u00f6rl\u00e4nga din vistelse:<\/p>\n\n<ul class=\"wp-block-list\">\n<li>Klassisk musikfestival i Port de Soller p\u00e5 h\u00f6sten<\/li>\n\n\n\n<li>Festa de Nostra Senyora de la Vict\u00f2ria i maj<\/li>\n\n\n\n<li>Soller&#8217;s skyddshelgon, Saint Bartholomeu den 24 augusti<\/li>\n\n\n\n<li>&#8230;<\/li>\n<\/ul>\n\n<h2 class=\"wp-block-heading\" id=\"tab-con-7\"><strong>Vanliga fr\u00e5gor<\/strong><\/h2>\n\n<h3 class=\"wp-block-heading\"><strong>Hur \u00e4r nattlivet i Port de Soller?<\/strong><\/h3>\n\n<p>Det finns gott om barer och pubar i Port de Soller, men stadens nattliv \u00e4r inte lika h\u00f6gljutt och st\u00f6kigt som i andra mallorkinska st\u00e4der som Palma.  <br\/>Du kan bes\u00f6ka en bar f\u00f6r en avslappnad pratstund med v\u00e4nner eller en romantisk stund med din partner. Men alternativen f\u00f6r disco eller karaoke \u00e4r begr\u00e4nsade<\/p>\n\n<h3 class=\"wp-block-heading\"><strong>\u00c4r Port de Soller dyrt?<\/strong><\/h3>\n\n<p>Port de Soller har restauranger och hotell i alla prisklasser. Men under \u00e5rens lopp har det vuxit till ett popul\u00e4rt turistcentrum.<\/p>\n\n<p>S\u00e5 priserna p\u00e5 hotell, mat och dryck h\u00e4r kommer att ligga i den h\u00f6gre \u00e4nden j\u00e4mf\u00f6rt med andra mallorkinska destinationer.  <\/p>\n\n<h3 class=\"wp-block-heading\"><strong>\u00c4r Port de Soller s\u00e4kert?<\/strong><\/h3>\n\n<p>Port de Soller \u00e4r s\u00e4kert.  <br\/>Som i alla turistomr\u00e5den b\u00f6r man se upp f\u00f6r ficktjuvar, s\u00e4rskilt i folkt\u00e4ta omr\u00e5den.  <br\/>Men i \u00f6vrigt \u00e4r staden s\u00e4ker f\u00f6r alla typer av turister.<\/p>\n\n<h3 class=\"wp-block-heading\"><strong>\u00c4r Port de Soller promenadv\u00e4nligt?<\/strong><\/h3>\n\n<p>Mycket. Du kan promenera runt hela hamnomr\u00e5det.<br\/>Men n\u00e4r du v\u00e4l har kommit undan kan det vara en brant uppf\u00f6rsbacke.<\/p>\n\n<h3 class=\"wp-block-heading\"><strong>\u00c4r Soller och Port de Soller samma sak?<\/strong><\/h3>\n\n<p>Nej. Soller \u00e4r en liten stad i inlandet som ligger ca 15 minuter fr\u00e5n Port de Soller.  <br\/>Port de Soller \u00e4r en hamn och den viktigaste hamnen i regionen Soller.  <\/p>\n\n<p><strong><strong>Vill du se mer av Mallorca?<\/strong><\/strong><\/p>\n\n<ul class=\"wp-block-list\">\n<li>40 vackraste landskapen p\u00e5 Mallorca (med bilder) &#8211; <a style=\"outline: none;\" href=\"https:\/\/www.zigzagonearth.com\/sv\/basta-landskap-mallorca-foton\/\" target=\"_blank\" rel=\"noopener\">L\u00e4s artikeln<\/a><\/li>\n\n\n\n<li>Mallorcas 7 b\u00e4sta grottor &#8211; <a style=\"outline: none;\" href=\"https:\/\/www.zigzagonearth.com\/sv\/basta-grottor-mallorca\/\" target=\"_blank\" rel=\"noopener\">l\u00e4s artikeln<\/a><\/li>\n\n\n\n<li>10 b\u00e4sta calas p\u00e5 Mallorca (vikar) &#8211; <a style=\"outline: none;\" href=\"https:\/\/www.zigzagonearth.com\/sv\/basta-calas-mallorca-vikar\/\" target=\"_blank\" rel=\"noopener\">l\u00e4s artikel<\/a><\/li>\n\n\n\n<li>12 dolda p\u00e4rlor p\u00e5 Mallorca, utanf\u00f6r allfarv\u00e4garna &#8211; <a style=\"outline: none;\" href=\"https:\/\/www.zigzagonearth.com\/sv\/mallorca-gomda-parlor-hemliga-platser\/\" target=\"_blank\" rel=\"noopener\">l\u00e4s artikeln<\/a><\/li>\n\n\n\n<li>21 vackraste vyerna p\u00e5 Mallorca &#8211; <a style=\"outline: none;\" href=\"https:\/\/www.zigzagonearth.com\/sv\/basta-utsikterna-mallorca-utsiktspunkter\/\" target=\"_blank\" rel=\"noopener\">l\u00e4s artikeln<\/a><\/li>\n\n\n\n<li>Restips f\u00f6r Mallorca &#8211; <a style=\"outline: none;\" href=\"https:\/\/www.zigzagonearth.com\/sv\/mallorca-road-trip-reseguide\/\" target=\"_blank\" rel=\"noopener\">l\u00e4s artikeln<\/a><\/li>\n\n\n\n<li>K\u00f6rning p\u00e5 Mallorca &#8211; <a style=\"outline: none;\" href=\"https:\/\/www.zigzagonearth.com\/sv\/korning-mallorca-tips\/\" target=\"_blank\" rel=\"noopener\">l\u00e4s artikeln<\/a><\/li>\n\n\n\n<li>21 vackraste st\u00e4der och byar p\u00e5 Mallorca &#8211; <a href=\"https:\/\/www.zigzagonearth.com\/sv\/basta-byar-mallorca-stader\/\" target=\"_blank\" rel=\"noopener\">l\u00e4s artikeln<\/a><\/li>\n<\/ul>\n\n<p><strong>Planerar du en resa till Mallorca?<\/strong><\/p>\n\n<p>Kolla in min reseguide f\u00f6r att f\u00e5 hj\u00e4lp med planeringen:<\/p>\n\n<div style=\"margin-top:8%;margin-bottom:8%\" class=\"wp-block-genesis-blocks-gb-container box_ebook gb-block-container\"><div class=\"gb-container-inside\"><div class=\"gb-container-content\">\n<h5 class=\"wp-block-heading box_titre_ebook\">Planera din dr\u00f6mresa till <strong>Mallorca<\/strong> med hj\u00e4lp av min guide (endast p\u00e5 engelska):<\/h5>\n\n\n\n<div class=\"wp-block-columns box_colonnes_ebook is-layout-flex wp-container-core-columns-is-layout-9d6595d7 wp-block-columns-is-layout-flex\">\n<div class=\"wp-block-column is-layout-flow wp-block-column-is-layout-flow\">\n<figure class=\"wp-block-image size-large img_ebook\"><a href=\"https:\/\/www.zigzagonearth.com\/photograph-mallorca-travel-guide\/\"><img decoding=\"async\" src=\"https:\/\/www.zigzagonearth.com\/wp-content\/uploads\/2021\/11\/Travel-Guide-Mallorca-ebook-cover-S2.jpg\" alt=\"eBook Reseguide Mallorca\"\/><\/a><\/figure>\n<\/div>\n\n\n\n<div class=\"wp-block-column is-layout-flow wp-block-column-is-layout-flow\">\n<ul class=\"box_liste wp-block-list\" style=\"font-size:16px\">\n<li>8 kartor f\u00f6r att enkelt planera din resv\u00e4g<\/li>\n\n\n\n<li>140+ f\u00f6rvalda platser<\/li>\n\n\n\n<li>GPS + tips f\u00f6r att f\u00e5 ut mesta m\u00f6jliga av din tid<\/li>\n\n\n\n<li>Tips f\u00f6r planering<\/li>\n\n\n\n<li>270+ originalbilder som hj\u00e4lper dig att v\u00e4lja<\/li>\n<\/ul>\n\n\n\n<div class=\"wp-block-buttons box_colonne_bouton_ebook is-content-justification-left is-layout-flex wp-container-core-buttons-is-layout-fdcfc74e wp-block-buttons-is-layout-flex\">\n<div class=\"wp-block-button box_bouton box_bouton_ebook\"><a class=\"wp-block-button__link wp-element-button\" href=\"https:\/\/www.zigzagonearth.com\/photograph-mallorca-travel-guide\/\" target=\"_blank\" rel=\"noreferrer noopener\">Uppt\u00e4ck det! (endast p\u00e5 engelska)<span class=\"box_bouton_image\"><\/span><\/a><\/div>\n<\/div>\n<\/div>\n<\/div>\n<\/div><\/div><\/div>\n\n<p class=\"has-text-align-left\"><strong>Och h\u00e5ll koll p\u00e5 din egen resa!<\/strong><\/p>\n\n<figure class=\"wp-block-image\"><a href=\"https:\/\/www.amazon.com\/dp\/B09LY2SHWZ?&amp;linkCode=ll1&amp;tag=zigzagus-20&amp;linkId=83ab24501f03e2883ec6fa1a8d9655b8&amp;language=en_US&amp;ref_=as_li_ss_tl\" target=\"_blank\" rel=\"nofollow noopener\"><img decoding=\"async\" src=\"\/\/www.zigzagonearth.com\/wp-content\/uploads\/2021\/11\/Mallorca-travel-Journal.jpg\" alt=\"Mallorca resedagbok\" title=\"Mallorca resedagbok\"\/><\/a><\/figure>\n\n<p><strong>TIDIGARE:  <\/strong><\/p>\n\n<p class=\"has-text-align-left\"><strong><a href=\"https:\/\/www.zigzagonearth.com\/sv\/sa-calobra-mallorca\/\" target=\"_blank\" rel=\"noopener\">Sa Calobra &#8211; v\u00e4g, strand, tips<\/a><\/strong><\/p>\n\n<p><strong>N\u00c4STA: <\/strong><\/p>\n\n<p class=\"has-text-align-left\"><strong><strong><a href=\"https:\/\/www.zigzagonearth.com\/sv\/cap-formentor-mallorca\/\" target=\"_blank\" rel=\"noopener\">Cap de Formentor (v\u00e4g, strand, fyr&#8230;)<\/a><\/strong><\/strong><\/p>\n\n<figure class=\"wp-block-image\"><a href=\"https:\/\/www.zigzagonearth.com\/mallorca-travel-guide-tips\/\" target=\"_blank\" rel=\"nofollow noopener\"><img decoding=\"async\" src=\"\/\/www.zigzagonearth.com\/wp-content\/uploads\/2021\/11\/Mallorca-Travel-Guide.jpg\" alt=\"Reseguide Mallorca\" title=\"Reseguide Mallorca\"\/><\/a><\/figure>\n\n<p class=\"has-text-align-left\"><strong>Inspirerad? Dela den p\u00e5 din favoritplattform!<\/strong><\/p>\n","protected":false},"excerpt":{"rendered":"<p>Port de Soller \u00e4r en av de vackraste st\u00e4derna p\u00e5 Mallorca.Du kan stanna d\u00e4r under din semester eller bara bes\u00f6ka oss \u00f6ver dagen.I b\u00e5da fallen kan du titta p\u00e5 min lista \u00f6ver de b\u00e4sta sev\u00e4rdheter i Port de Soller: strand, promenad, by, utflykt, utsiktspunkt&#8230; Varf\u00f6r bes\u00f6ka? B\u00e4sta sev\u00e4rdheter i Port de Soller \u00c4r Port de [&hellip;]<\/p>\n","protected":false},"author":1,"featured_media":0,"comment_status":"closed","ping_status":"closed","sticky":false,"template":"","format":"standard","meta":{"_genesis_hide_title":false,"_genesis_hide_breadcrumbs":false,"_genesis_hide_singular_image":false,"_genesis_hide_footer_widgets":false,"_genesis_custom_body_class":"","_genesis_custom_post_class":"","_genesis_layout":"full-width-content","footnotes":""},"categories":[881],"tags":[],"class_list":{"0":"post-70154","1":"post","2":"type-post","3":"status-publish","4":"format-standard","6":"category-mallorca-sv","7":"entry"},"yoast_head":"<!-- This site is optimized with the Yoast SEO plugin v27.2 - https:\/\/yoast.com\/product\/yoast-seo-wordpress\/ -->\n<title>27 b\u00e4sta sev\u00e4rdheter i Port de Soller (Mallorca)<\/title>\n<meta name=\"description\" content=\"Komplett guide f\u00f6r att bes\u00f6ka Port de Soller i Mallorca - b\u00e4sta sev\u00e4rdheter, attraktioner, str\u00e4nder, hur man kommer dit, var man kan bo...\" \/>\n<meta name=\"robots\" content=\"index, follow, max-snippet:-1, max-image-preview:large, max-video-preview:-1\" \/>\n<link rel=\"canonical\" href=\"https:\/\/www.zigzagonearth.com\/sv\/basta-sevardheter-port-de-soller-mallorca\/\" \/>\n<meta property=\"og:locale\" content=\"sv_SE\" \/>\n<meta property=\"og:type\" content=\"article\" \/>\n<meta property=\"og:title\" content=\"27 b\u00e4sta sev\u00e4rdheter i Port de Soller (Mallorca)\" \/>\n<meta property=\"og:description\" content=\"Komplett guide f\u00f6r att bes\u00f6ka Port de Soller i Mallorca - b\u00e4sta sev\u00e4rdheter, attraktioner, str\u00e4nder, hur man kommer dit, var man kan bo...\" \/>\n<meta property=\"og:url\" content=\"https:\/\/www.zigzagonearth.com\/sv\/basta-sevardheter-port-de-soller-mallorca\/\" \/>\n<meta property=\"og:site_name\" content=\"ZigZagonEarth\" \/>\n<meta property=\"article:publisher\" content=\"https:\/\/www.facebook.com\/zigzagonearth\" \/>\n<meta property=\"article:author\" content=\"https:\/\/www.facebook.com\/zigzagonearth\" \/>\n<meta property=\"article:published_time\" content=\"2022-07-17T08:21:56+00:00\" \/>\n<meta property=\"article:modified_time\" content=\"2023-11-13T09:34:55+00:00\" \/>\n<meta property=\"og:image\" content=\"https:\/\/www.zigzagonearth.com\/wp-content\/uploads\/2022\/07\/best-things-to-do-Port-de-Soller-Mallorca-Pin.jpg\" \/>\n<meta name=\"author\" content=\"Claire\" \/>\n<meta name=\"twitter:card\" content=\"summary_large_image\" \/>\n<meta name=\"twitter:creator\" content=\"@ZigZagOnEarth\" \/>\n<meta name=\"twitter:site\" content=\"@ZigZagOnEarth\" \/>\n<meta name=\"twitter:label1\" content=\"Skriven av\" \/>\n\t<meta name=\"twitter:data1\" content=\"Claire\" \/>\n\t<meta name=\"twitter:label2\" content=\"Ber\u00e4knad l\u00e4stid\" \/>\n\t<meta name=\"twitter:data2\" content=\"18 minuter\" \/>\n<script type=\"application\/ld+json\" class=\"yoast-schema-graph\">{\"@context\":\"https:\/\/schema.org\",\"@graph\":[{\"@type\":\"Article\",\"@id\":\"https:\/\/www.zigzagonearth.com\/sv\/basta-sevardheter-port-de-soller-mallorca\/#article\",\"isPartOf\":{\"@id\":\"https:\/\/www.zigzagonearth.com\/sv\/basta-sevardheter-port-de-soller-mallorca\/\"},\"author\":{\"name\":\"Claire\",\"@id\":\"https:\/\/www.zigzagonearth.com\/sv\/#\/schema\/person\/0498142e0cb256f21659d85ef6bca599\"},\"headline\":\"27 b\u00e4sta sev\u00e4rdheter i Port de Soller (Mallorca)\",\"datePublished\":\"2022-07-17T08:21:56+00:00\",\"dateModified\":\"2023-11-13T09:34:55+00:00\",\"mainEntityOfPage\":{\"@id\":\"https:\/\/www.zigzagonearth.com\/sv\/basta-sevardheter-port-de-soller-mallorca\/\"},\"wordCount\":3552,\"image\":{\"@id\":\"https:\/\/www.zigzagonearth.com\/sv\/basta-sevardheter-port-de-soller-mallorca\/#primaryimage\"},\"thumbnailUrl\":\"https:\/\/www.zigzagonearth.com\/wp-content\/uploads\/2023\/09\/Sevardheter-Port-de-Soller-Mallorca-att-gora.jpg\",\"articleSection\":[\"Mallorca\"],\"inLanguage\":\"sv-SE\"},{\"@type\":\"WebPage\",\"@id\":\"https:\/\/www.zigzagonearth.com\/sv\/basta-sevardheter-port-de-soller-mallorca\/\",\"url\":\"https:\/\/www.zigzagonearth.com\/sv\/basta-sevardheter-port-de-soller-mallorca\/\",\"name\":\"27 b\u00e4sta sev\u00e4rdheter i Port de Soller (Mallorca)\",\"isPartOf\":{\"@id\":\"https:\/\/www.zigzagonearth.com\/sv\/#website\"},\"primaryImageOfPage\":{\"@id\":\"https:\/\/www.zigzagonearth.com\/sv\/basta-sevardheter-port-de-soller-mallorca\/#primaryimage\"},\"image\":{\"@id\":\"https:\/\/www.zigzagonearth.com\/sv\/basta-sevardheter-port-de-soller-mallorca\/#primaryimage\"},\"thumbnailUrl\":\"https:\/\/www.zigzagonearth.com\/wp-content\/uploads\/2023\/09\/Sevardheter-Port-de-Soller-Mallorca-att-gora.jpg\",\"datePublished\":\"2022-07-17T08:21:56+00:00\",\"dateModified\":\"2023-11-13T09:34:55+00:00\",\"author\":{\"@id\":\"https:\/\/www.zigzagonearth.com\/sv\/#\/schema\/person\/0498142e0cb256f21659d85ef6bca599\"},\"description\":\"Komplett guide f\u00f6r att bes\u00f6ka Port de Soller i Mallorca - b\u00e4sta sev\u00e4rdheter, attraktioner, str\u00e4nder, hur man kommer dit, var man kan bo...\",\"breadcrumb\":{\"@id\":\"https:\/\/www.zigzagonearth.com\/sv\/basta-sevardheter-port-de-soller-mallorca\/#breadcrumb\"},\"inLanguage\":\"sv-SE\",\"potentialAction\":[{\"@type\":\"ReadAction\",\"target\":[\"https:\/\/www.zigzagonearth.com\/sv\/basta-sevardheter-port-de-soller-mallorca\/\"]}]},{\"@type\":\"ImageObject\",\"inLanguage\":\"sv-SE\",\"@id\":\"https:\/\/www.zigzagonearth.com\/sv\/basta-sevardheter-port-de-soller-mallorca\/#primaryimage\",\"url\":\"https:\/\/www.zigzagonearth.com\/wp-content\/uploads\/2023\/09\/Sevardheter-Port-de-Soller-Mallorca-att-gora.jpg\",\"contentUrl\":\"https:\/\/www.zigzagonearth.com\/wp-content\/uploads\/2023\/09\/Sevardheter-Port-de-Soller-Mallorca-att-gora.jpg\"},{\"@type\":\"BreadcrumbList\",\"@id\":\"https:\/\/www.zigzagonearth.com\/sv\/basta-sevardheter-port-de-soller-mallorca\/#breadcrumb\",\"itemListElement\":[{\"@type\":\"ListItem\",\"position\":1,\"name\":\"Home\",\"item\":\"https:\/\/www.zigzagonearth.com\/sv\/\"},{\"@type\":\"ListItem\",\"position\":2,\"name\":\"27 b\u00e4sta sev\u00e4rdheter i Port de Soller (Mallorca)\"}]},{\"@type\":\"WebSite\",\"@id\":\"https:\/\/www.zigzagonearth.com\/sv\/#website\",\"url\":\"https:\/\/www.zigzagonearth.com\/sv\/\",\"name\":\"ZigZagonEarth\",\"description\":\"Plan unforgettable road trips!\",\"potentialAction\":[{\"@type\":\"SearchAction\",\"target\":{\"@type\":\"EntryPoint\",\"urlTemplate\":\"https:\/\/www.zigzagonearth.com\/sv\/?s={search_term_string}\"},\"query-input\":{\"@type\":\"PropertyValueSpecification\",\"valueRequired\":true,\"valueName\":\"search_term_string\"}}],\"inLanguage\":\"sv-SE\"},{\"@type\":\"Person\",\"@id\":\"https:\/\/www.zigzagonearth.com\/sv\/#\/schema\/person\/0498142e0cb256f21659d85ef6bca599\",\"name\":\"Claire\",\"image\":{\"@type\":\"ImageObject\",\"inLanguage\":\"sv-SE\",\"@id\":\"https:\/\/secure.gravatar.com\/avatar\/7a2d4fe6757ab43d35e1680834ada7bf24e3ceccf01b37a8d65bfb7e69ce6271?s=96&d=blank&r=g\",\"url\":\"https:\/\/secure.gravatar.com\/avatar\/7a2d4fe6757ab43d35e1680834ada7bf24e3ceccf01b37a8d65bfb7e69ce6271?s=96&d=blank&r=g\",\"contentUrl\":\"https:\/\/secure.gravatar.com\/avatar\/7a2d4fe6757ab43d35e1680834ada7bf24e3ceccf01b37a8d65bfb7e69ce6271?s=96&d=blank&r=g\",\"caption\":\"Claire\"},\"description\":\"Claire is the ultimate Travel Planning Geek - She can spend hours, weeks, months... researching for a trip. She created ZigZag On Earth to help people plan their own travels and make the most of their time.\",\"sameAs\":[\"https:\/\/www.facebook.com\/zigzagonearth\"]}]}<\/script>\n<!-- \/ Yoast SEO plugin. -->","yoast_head_json":{"title":"27 b\u00e4sta sev\u00e4rdheter i Port de Soller (Mallorca)","description":"Komplett guide f\u00f6r att bes\u00f6ka Port de Soller i Mallorca - b\u00e4sta sev\u00e4rdheter, attraktioner, str\u00e4nder, hur man kommer dit, var man kan bo...","robots":{"index":"index","follow":"follow","max-snippet":"max-snippet:-1","max-image-preview":"max-image-preview:large","max-video-preview":"max-video-preview:-1"},"canonical":"https:\/\/www.zigzagonearth.com\/sv\/basta-sevardheter-port-de-soller-mallorca\/","og_locale":"sv_SE","og_type":"article","og_title":"27 b\u00e4sta sev\u00e4rdheter i Port de Soller (Mallorca)","og_description":"Komplett guide f\u00f6r att bes\u00f6ka Port de Soller i Mallorca - b\u00e4sta sev\u00e4rdheter, attraktioner, str\u00e4nder, hur man kommer dit, var man kan bo...","og_url":"https:\/\/www.zigzagonearth.com\/sv\/basta-sevardheter-port-de-soller-mallorca\/","og_site_name":"ZigZagonEarth","article_publisher":"https:\/\/www.facebook.com\/zigzagonearth","article_author":"https:\/\/www.facebook.com\/zigzagonearth","article_published_time":"2022-07-17T08:21:56+00:00","article_modified_time":"2023-11-13T09:34:55+00:00","og_image":[{"url":"https:\/\/www.zigzagonearth.com\/wp-content\/uploads\/2022\/07\/best-things-to-do-Port-de-Soller-Mallorca-Pin.jpg","type":"","width":"","height":""}],"author":"Claire","twitter_card":"summary_large_image","twitter_creator":"@ZigZagOnEarth","twitter_site":"@ZigZagOnEarth","twitter_misc":{"Skriven av":"Claire","Ber\u00e4knad l\u00e4stid":"18 minuter"},"schema":{"@context":"https:\/\/schema.org","@graph":[{"@type":"Article","@id":"https:\/\/www.zigzagonearth.com\/sv\/basta-sevardheter-port-de-soller-mallorca\/#article","isPartOf":{"@id":"https:\/\/www.zigzagonearth.com\/sv\/basta-sevardheter-port-de-soller-mallorca\/"},"author":{"name":"Claire","@id":"https:\/\/www.zigzagonearth.com\/sv\/#\/schema\/person\/0498142e0cb256f21659d85ef6bca599"},"headline":"27 b\u00e4sta sev\u00e4rdheter i Port de Soller (Mallorca)","datePublished":"2022-07-17T08:21:56+00:00","dateModified":"2023-11-13T09:34:55+00:00","mainEntityOfPage":{"@id":"https:\/\/www.zigzagonearth.com\/sv\/basta-sevardheter-port-de-soller-mallorca\/"},"wordCount":3552,"image":{"@id":"https:\/\/www.zigzagonearth.com\/sv\/basta-sevardheter-port-de-soller-mallorca\/#primaryimage"},"thumbnailUrl":"https:\/\/www.zigzagonearth.com\/wp-content\/uploads\/2023\/09\/Sevardheter-Port-de-Soller-Mallorca-att-gora.jpg","articleSection":["Mallorca"],"inLanguage":"sv-SE"},{"@type":"WebPage","@id":"https:\/\/www.zigzagonearth.com\/sv\/basta-sevardheter-port-de-soller-mallorca\/","url":"https:\/\/www.zigzagonearth.com\/sv\/basta-sevardheter-port-de-soller-mallorca\/","name":"27 b\u00e4sta sev\u00e4rdheter i Port de Soller (Mallorca)","isPartOf":{"@id":"https:\/\/www.zigzagonearth.com\/sv\/#website"},"primaryImageOfPage":{"@id":"https:\/\/www.zigzagonearth.com\/sv\/basta-sevardheter-port-de-soller-mallorca\/#primaryimage"},"image":{"@id":"https:\/\/www.zigzagonearth.com\/sv\/basta-sevardheter-port-de-soller-mallorca\/#primaryimage"},"thumbnailUrl":"https:\/\/www.zigzagonearth.com\/wp-content\/uploads\/2023\/09\/Sevardheter-Port-de-Soller-Mallorca-att-gora.jpg","datePublished":"2022-07-17T08:21:56+00:00","dateModified":"2023-11-13T09:34:55+00:00","author":{"@id":"https:\/\/www.zigzagonearth.com\/sv\/#\/schema\/person\/0498142e0cb256f21659d85ef6bca599"},"description":"Komplett guide f\u00f6r att bes\u00f6ka Port de Soller i Mallorca - b\u00e4sta sev\u00e4rdheter, attraktioner, str\u00e4nder, hur man kommer dit, var man kan bo...","breadcrumb":{"@id":"https:\/\/www.zigzagonearth.com\/sv\/basta-sevardheter-port-de-soller-mallorca\/#breadcrumb"},"inLanguage":"sv-SE","potentialAction":[{"@type":"ReadAction","target":["https:\/\/www.zigzagonearth.com\/sv\/basta-sevardheter-port-de-soller-mallorca\/"]}]},{"@type":"ImageObject","inLanguage":"sv-SE","@id":"https:\/\/www.zigzagonearth.com\/sv\/basta-sevardheter-port-de-soller-mallorca\/#primaryimage","url":"https:\/\/www.zigzagonearth.com\/wp-content\/uploads\/2023\/09\/Sevardheter-Port-de-Soller-Mallorca-att-gora.jpg","contentUrl":"https:\/\/www.zigzagonearth.com\/wp-content\/uploads\/2023\/09\/Sevardheter-Port-de-Soller-Mallorca-att-gora.jpg"},{"@type":"BreadcrumbList","@id":"https:\/\/www.zigzagonearth.com\/sv\/basta-sevardheter-port-de-soller-mallorca\/#breadcrumb","itemListElement":[{"@type":"ListItem","position":1,"name":"Home","item":"https:\/\/www.zigzagonearth.com\/sv\/"},{"@type":"ListItem","position":2,"name":"27 b\u00e4sta sev\u00e4rdheter i Port de Soller (Mallorca)"}]},{"@type":"WebSite","@id":"https:\/\/www.zigzagonearth.com\/sv\/#website","url":"https:\/\/www.zigzagonearth.com\/sv\/","name":"ZigZagonEarth","description":"Plan unforgettable road trips!","potentialAction":[{"@type":"SearchAction","target":{"@type":"EntryPoint","urlTemplate":"https:\/\/www.zigzagonearth.com\/sv\/?s={search_term_string}"},"query-input":{"@type":"PropertyValueSpecification","valueRequired":true,"valueName":"search_term_string"}}],"inLanguage":"sv-SE"},{"@type":"Person","@id":"https:\/\/www.zigzagonearth.com\/sv\/#\/schema\/person\/0498142e0cb256f21659d85ef6bca599","name":"Claire","image":{"@type":"ImageObject","inLanguage":"sv-SE","@id":"https:\/\/secure.gravatar.com\/avatar\/7a2d4fe6757ab43d35e1680834ada7bf24e3ceccf01b37a8d65bfb7e69ce6271?s=96&d=blank&r=g","url":"https:\/\/secure.gravatar.com\/avatar\/7a2d4fe6757ab43d35e1680834ada7bf24e3ceccf01b37a8d65bfb7e69ce6271?s=96&d=blank&r=g","contentUrl":"https:\/\/secure.gravatar.com\/avatar\/7a2d4fe6757ab43d35e1680834ada7bf24e3ceccf01b37a8d65bfb7e69ce6271?s=96&d=blank&r=g","caption":"Claire"},"description":"Claire is the ultimate Travel Planning Geek - She can spend hours, weeks, months... researching for a trip. She created ZigZag On Earth to help people plan their own travels and make the most of their time.","sameAs":["https:\/\/www.facebook.com\/zigzagonearth"]}]}},"featured_image_src":null,"featured_image_src_square":null,"author_info":{"display_name":"Claire","author_link":"https:\/\/www.zigzagonearth.com\/sv\/author\/zzoe\/"},"_links":{"self":[{"href":"https:\/\/www.zigzagonearth.com\/sv\/wp-json\/wp\/v2\/posts\/70154","targetHints":{"allow":["GET"]}}],"collection":[{"href":"https:\/\/www.zigzagonearth.com\/sv\/wp-json\/wp\/v2\/posts"}],"about":[{"href":"https:\/\/www.zigzagonearth.com\/sv\/wp-json\/wp\/v2\/types\/post"}],"author":[{"embeddable":true,"href":"https:\/\/www.zigzagonearth.com\/sv\/wp-json\/wp\/v2\/users\/1"}],"replies":[{"embeddable":true,"href":"https:\/\/www.zigzagonearth.com\/sv\/wp-json\/wp\/v2\/comments?post=70154"}],"version-history":[{"count":0,"href":"https:\/\/www.zigzagonearth.com\/sv\/wp-json\/wp\/v2\/posts\/70154\/revisions"}],"wp:attachment":[{"href":"https:\/\/www.zigzagonearth.com\/sv\/wp-json\/wp\/v2\/media?parent=70154"}],"wp:term":[{"taxonomy":"category","embeddable":true,"href":"https:\/\/www.zigzagonearth.com\/sv\/wp-json\/wp\/v2\/categories?post=70154"},{"taxonomy":"post_tag","embeddable":true,"href":"https:\/\/www.zigzagonearth.com\/sv\/wp-json\/wp\/v2\/tags?post=70154"}],"curies":[{"name":"wp","href":"https:\/\/api.w.org\/{rel}","templated":true}]}}