{"id":69782,"date":"2022-03-27T10:37:18","date_gmt":"2022-03-27T08:37:18","guid":{"rendered":"https:\/\/www.zigzagonearth.com\/cala-portaler-vells-mallorca\/"},"modified":"2023-11-04T18:33:14","modified_gmt":"2023-11-04T17:33:14","slug":"cala-portaler-vells-mallorca","status":"publish","type":"post","link":"https:\/\/www.zigzagonearth.com\/sv\/cala-portaler-vells-mallorca\/","title":{"rendered":"Cala Portals Vells (Mallorca): str\u00e4nder + grotta"},"content":{"rendered":"\n<p><strong>Uppt\u00e4ck den unika Cala Portals Vells p\u00e5 Mallorca: sandstr\u00e4nder och en fascinerande grotta som \u00e4r rolig att utforska.<\/strong><br\/><strong>Nedan f\u00f6ljer min guide som hj\u00e4lper dig att planera ditt bes\u00f6k med karta, tips och bilder.<\/strong><\/p>\n\n<div style=\"margin-top:8%;margin-bottom:8%\" class=\"wp-block-genesis-blocks-gb-container box gb-block-container\"><div class=\"gb-container-inside\"><div class=\"gb-container-content\">\n<p class=\"box_titre_une\">Innan mina tips + foton, h\u00e4r \u00e4r <u>mina favoriter<\/u> f\u00f6r Mallorca:<\/p>\n\n\n\n<div class=\"wp-block-columns box_colonne_cc is-layout-flex wp-container-core-columns-is-layout-9d6595d7 wp-block-columns-is-layout-flex\">\n<div class=\"wp-block-column box_picto_c is-layout-flow wp-block-column-is-layout-flow\" style=\"flex-basis:5%\">\n<figure class=\"wp-block-image size-full is-resized box_picto\"><img loading=\"lazy\" decoding=\"async\" src=\"http:\/\/www.zigzagonearth.com\/wp-content\/uploads\/2023\/08\/&#x1F697;.png\" alt=\"\" class=\"wp-image-16341\" style=\"width:30px;height:31px\" width=\"30\" height=\"31\"\/><\/figure>\n<\/div>\n\n\n\n<div class=\"wp-block-column is-layout-flow wp-block-column-is-layout-flow\" style=\"flex-basis:95%\">\n<p class=\"box_lien_g\">Min favoritplattform f\u00f6r att hyra bil p\u00e5 Mallorca: <a href=\"https:\/\/www.discovercars.com\/se\/spain-balearic-islands\/mallorca?a_aid=zigzag&amp;chan=ZZ_Mallorca\" target=\"_blank\" rel=\"noreferrer noopener sponsored nofollow\">DiscoverCars<\/a><\/p>\n<\/div>\n<\/div>\n\n\n\n<div class=\"wp-block-columns box_colonne_cc is-layout-flex wp-container-core-columns-is-layout-9d6595d7 wp-block-columns-is-layout-flex\">\n<div class=\"wp-block-column box_picto_c is-layout-flow wp-block-column-is-layout-flow\" style=\"flex-basis:5%\">\n<figure class=\"wp-block-image size-full is-resized box_picto\"><img loading=\"lazy\" decoding=\"async\" src=\"http:\/\/www.zigzagonearth.com\/wp-content\/uploads\/2023\/08\/&#x1F6E5;&#xFE0F;&#xFE0F;.png\" alt=\"\" class=\"wp-image-16340\" style=\"width:30px;height:31px\" width=\"30\" height=\"31\"\/><\/figure>\n<\/div>\n\n\n\n<div class=\"wp-block-column is-layout-flow wp-block-column-is-layout-flow\" style=\"flex-basis:90%\">\n<p>Den omistliga b\u00e5tturen: <a href=\"https:\/\/www.getyourguide.se\/mallorca-l47\/mallorca-sunrise-coast-dolphins-cruise-t288850\/?partner_id=R3GYW4V&amp;cmp=ZZ_Mallorca_une\" target=\"_blank\" rel=\"noreferrer noopener sponsored nofollow\">delfinsafari fr\u00e5n Alcudia<\/a><\/p>\n<\/div>\n<\/div>\n\n\n\n<div class=\"wp-block-columns box_colonne_cc is-layout-flex wp-container-core-columns-is-layout-9d6595d7 wp-block-columns-is-layout-flex\">\n<div class=\"wp-block-column box_picto_c is-layout-flow wp-block-column-is-layout-flow\" style=\"flex-basis:5%\">\n<figure class=\"wp-block-image size-full is-resized box_picto\"><img loading=\"lazy\" decoding=\"async\" src=\"http:\/\/www.zigzagonearth.com\/wp-content\/uploads\/2023\/08\/&#x1F68C;.png\" alt=\"\" class=\"wp-image-16339\" style=\"width:30px;height:31px\" width=\"30\" height=\"31\"\/><\/figure>\n<\/div>\n\n\n\n<div class=\"wp-block-column is-layout-flow wp-block-column-is-layout-flow\" style=\"flex-basis:90%\">\n<p>Min favoritutflykt fr\u00e5n Palma: <a href=\"https:\/\/www.getyourguide.se\/mallorca-l47\/mallorca-tramuntana-tour-with-historic-railway-ride-t62634\/?partner_id=R3GYW4V&amp;cmp=ZZ_Mallorca_une\" target=\"_blank\" rel=\"noreferrer noopener sponsored nofollow\">Port de Soller och Valldemossa<\/a><\/p>\n<\/div>\n<\/div>\n\n\n\n<div class=\"wp-block-columns box_colonne_cc box_colonne_dernier_cc is-layout-flex wp-container-core-columns-is-layout-9d6595d7 wp-block-columns-is-layout-flex\">\n<div class=\"wp-block-column box_picto_x box_picto_c is-layout-flow wp-block-column-is-layout-flow\" style=\"flex-basis:5%\">\n<figure class=\"wp-block-image size-full is-resized box_picto\"><img loading=\"lazy\" decoding=\"async\" src=\"http:\/\/www.zigzagonearth.com\/wp-content\/uploads\/2023\/08\/&#x1F3E0;.png\" alt=\"\" class=\"wp-image-16338\" style=\"width:30px;height:31px\" width=\"30\" height=\"31\"\/><\/figure>\n<\/div>\n\n\n\n<div class=\"wp-block-column is-layout-flow wp-block-column-is-layout-flow\" style=\"flex-basis:95%\">\n<p>Mina favoritst\u00e4llen att bo p\u00e5:<\/p>\n\n\n\n<ul class=\"wp-block-list\">\n<li>Palma de Mallorca: <a href=\"https:\/\/www.booking.com\/searchresults.en.html?city=-395224&amp;nflt=review_score%253D90&amp;aid=1164282&amp;no_rooms=1&amp;group_adults=2&amp;label=mallorca\" target=\"_blank\" rel=\"noreferrer noopener sponsored nofollow\">se b\u00e4st rankade hotell<\/a> &#8211; t.ex. <a class=\"\" href=\"https:\/\/www.booking.com\/hotel\/es\/art-palma.en.html?aid=1164282&amp;no_rooms=1&amp;group_adults=2&amp;label=_amcid-FrQAZQblirbxlpiJxpEME\" target=\"_blank\" rel=\"noreferrer noopener\"><\/a><a href=\"https:\/\/www.booking.com\/hotel\/es\/posada-terra-santa.en.html?aid=1164282&amp;label=mallorca\" target=\"_blank\" rel=\"noreferrer noopener sponsored nofollow\">Hotel Posada Terra Santa<\/a><\/li>\n\n\n\n<li>Port d&#8217;Alcudia: <a href=\"https:\/\/www.booking.com\/searchresults.en.html?city=-381100&amp;nflt=review_score%253D90&amp;aid=1164282&amp;no_rooms=1&amp;group_adults=2&amp;label=mallorca\" target=\"_blank\" rel=\"noreferrer noopener sponsored nofollow\">se b\u00e4st rankade hotell<\/a> &#8211; t.ex. <a href=\"https:\/\/www.booking.com\/hotel\/es\/bonavida-apartments-alcudia.en-gb.html?aid=1164282&amp;label=mallorca\" target=\"_blank\" rel=\"noreferrer noopener sponsored nofollow\">Bonavida l\u00e4genheter<\/a><\/li>\n\n\n\n<li>Cala d&#8217;or: <a href=\"https:\/\/www.booking.com\/searchresults.en.html?city=900039122&amp;nflt=review_score%253D90&amp;aid=1164282&amp;no_rooms=1&amp;group_adults=2&amp;label=mallorca\" target=\"_blank\" rel=\"noreferrer noopener sponsored nofollow\">se b\u00e4st rankade hotell<\/a> &#8211; t.ex. <a href=\"https:\/\/www.booking.com\/hotel\/es\/casa-ceiba-maria.en.html?aid=1164282&amp;no_rooms=1&amp;group_adults=2&amp;label=mallorca\" target=\"_blank\" rel=\"noreferrer noopener sponsored nofollow\">Casa Ceiba Maria<\/a><\/li>\n\n\n\n<li>I en Finca i hj\u00e4rtat av \u00f6n &#8211; jag f\u00f6resl\u00e5r <a href=\"https:\/\/www.booking.com\/hotel\/es\/finca-cas-sant.en.html?aid=1164282&amp;label=mallorca\" target=\"_blank\" rel=\"noreferrer noopener sponsored nofollow\">Finca Cas Sant<\/a><\/li>\n<\/ul>\n<\/div>\n<\/div>\n<\/div><\/div><\/div>\n\n<div class=\"wp-block-columns is-layout-flex wp-container-core-columns-is-layout-9d6595d7 wp-block-columns-is-layout-flex\">\n<div class=\"wp-block-column is-layout-flow wp-block-column-is-layout-flow\"><div class=\"wp-block-image\">\n<figure class=\"aligncenter size-full is-resized\"><img decoding=\"async\" src=\"https:\/\/www.zigzagonearth.com\/wp-content\/uploads\/2023\/09\/Portals-Vells-grottor-Mallorca.jpg\" alt=\"Cala Portals Vells grottor Mallorca Pin (1)\" class=\"wp-image-15475\" style=\"width:300px;height:450px\"\/><\/figure>\n<\/div><\/div>\n\n\n\n<div class=\"wp-block-column is-layout-flow wp-block-column-is-layout-flow\"><\/div>\n<\/div>\n\n<h2 class=\"wp-block-heading\" id=\"tab-con-10\"><strong>Varf\u00f6r bes\u00f6ka Portals Vells p\u00e5 Mallorca?<\/strong><\/h2>\n\n<h3 class=\"wp-block-heading\"><strong>\u00c4r Portals Vells v\u00e4rt ett bes\u00f6k?<\/strong><\/h3>\n\n<p>Str\u00e4nderna \u00e4r fina, men inte lika speciella som andra str\u00e4nder <a href=\"https:\/\/www.zigzagonearth.com\/sv\/basta-stranderna-mallorca\/\" target=\"_blank\" rel=\"noopener\">p\u00e5 Mallorca<\/a>.<br\/>Grottorna \u00e4r dock n\u00e5got alldeles extra. Det h\u00e4r \u00e4r inget toppresm\u00e5l, men om du har tid \u00e4r det h\u00e4r en rolig plats att utforska.<\/p>\n\n<h3 class=\"wp-block-heading\"><strong>Str\u00e4nder och grottor<\/strong><\/h3>\n\n<p>Portals Vells-bukten \u00e4r typisk f\u00f6r Mallorca, \u00e4ven om det inte finns n\u00e5gra stora hotell h\u00e4r.<br\/>Det \u00e4r inte en enda stor vik. H\u00e4r finns flera mindre vikar med sandstr\u00e4nder.<br\/>Klipporna \u00e4r t\u00e4ckta av vackra tr\u00e4d.<\/p>\n\n<figure class=\"wp-block-image size-large\"><img decoding=\"async\" src=\"https:\/\/photos.smugmug.com\/Travel\/Mallorca\/Portals-Vells\/i-WpwpnNF\/3\/5fa1804c\/L\/Cala_Portals_Vells_Mallorca-063591-L.jpg\" alt=\"Cala de Portals Vells strand\"\/><figcaption class=\"wp-element-caption\"><strong>Cala de Portals Vells strand<\/strong><\/figcaption><\/figure>\n\n<p>Det som g\u00f6r denna vik unik j\u00e4mf\u00f6rt med andra \u00e4r f\u00f6rekomsten av en grotta.<br\/>Inte en underjordisk kartgrotta, utan en gammal stenbrottsgrotta som \u00e4r ganska stor (80m x 60m) som kallas &#8221; La Cova de La Mare de Deu &#8221;.<br\/>Det \u00e4r h\u00e4rifr\u00e5n stenarna till Palmas katedral kommer.<br\/>Och den kan n\u00e5s och utforskas via en kort vandring.<\/p>\n\n<figure class=\"wp-block-image size-large\"><img decoding=\"async\" src=\"https:\/\/photos.smugmug.com\/Travel\/Mallorca\/Portals-Vells\/i-5HgKWRM\/3\/2c58ef2f\/L\/Cala_Portals_Vells_Mallorca-063644-L.jpg\" alt=\"Portaler Vells Cave\"\/><figcaption class=\"wp-element-caption\"><strong>Portaler Vells Cave<\/strong><\/figcaption><\/figure>\n\n<h3 class=\"wp-block-heading\"><strong>Om namnet<\/strong><\/h3>\n\n<p>Portal Vells betyder &#8221;gamla portaler&#8221;. Det syftar naturligtvis p\u00e5 de 3 gigantiska \u00f6ppningarna till grottan.<\/p>\n\n<p>Fler bilder efter planeringstipsen.<\/p>\n\n<h2 class=\"wp-block-heading\" id=\"tab-con-1\"><strong>Planeringstips och karta &#8211; Cala Portals Vells, Mallorca<\/strong><\/h2>\n\n<h3 class=\"wp-block-heading\"><strong>Var ligger Portals Vells? Karta  <\/strong><\/h3>\n\n<ul class=\"wp-block-list\">\n<li>V\u00e4ster om Palma de Mallorca<\/li>\n\n\n\n<li><a href=\"https:\/\/www.zigzagonearth.com\/sv\/cala-portaler-vells-mallorca\/\" target=\"_blank\" rel=\"noopener\">Palma de Mallorca<\/a> till Portals Vells = 30 min bilresa<\/li>\n\n\n\n<li>Andratx till Portals Vells = 25 min bilresa<\/li>\n\n\n\n<li>Nedan finns en karta som hj\u00e4lper dig att orientera dig:<\/li>\n<\/ul>\n\n<figure class=\"wp-block-image size-large\"><img decoding=\"async\" src=\"https:\/\/www.zigzagonearth.com\/wp-content\/uploads\/2022\/03\/Caves-beaches-Portals-vells-Mallorca-Map.jpg\" alt=\"Cala Portals Vells p&#xE5; Mallorca - Karta\"\/><figcaption class=\"wp-element-caption\"><strong>Cala Portals Vells p\u00e5 Mallorca &#8211; Karta<\/strong><\/figcaption><\/figure>\n\n<p>Alla mina favoritplatser finns med (med GPS-koordinater, kartor och tips) i min reseguide-e-bok som hj\u00e4lper dig att <a href=\"https:\/\/www.zigzagonearth.com\/road-trip-mallorca-travel-guide\/\" target=\"_blank\" rel=\"noopener\">enkelt planera din bilresa till Mallorca<\/a>:<\/p>\n\n<div style=\"margin-top:8%;margin-bottom:8%\" class=\"wp-block-genesis-blocks-gb-container box_ebook gb-block-container\"><div class=\"gb-container-inside\"><div class=\"gb-container-content\">\n<h5 class=\"wp-block-heading box_titre_ebook\">Planera din dr\u00f6mresa till <strong>Mallorca<\/strong> med hj\u00e4lp av min guide (endast p\u00e5 engelska):<\/h5>\n\n\n\n<div class=\"wp-block-columns box_colonnes_ebook is-layout-flex wp-container-core-columns-is-layout-9d6595d7 wp-block-columns-is-layout-flex\">\n<div class=\"wp-block-column is-layout-flow wp-block-column-is-layout-flow\">\n<figure class=\"wp-block-image size-large img_ebook\"><a href=\"https:\/\/www.zigzagonearth.com\/photograph-mallorca-travel-guide\/\"><img decoding=\"async\" src=\"https:\/\/www.zigzagonearth.com\/wp-content\/uploads\/2021\/11\/Travel-Guide-Mallorca-ebook-cover-S2.jpg\" alt=\"eBook Reseguide Mallorca\"\/><\/a><\/figure>\n<\/div>\n\n\n\n<div class=\"wp-block-column is-layout-flow wp-block-column-is-layout-flow\">\n<ul class=\"box_liste wp-block-list\" style=\"font-size:16px\">\n<li>8 kartor f\u00f6r att enkelt planera din resv\u00e4g<\/li>\n\n\n\n<li>140+ f\u00f6rvalda platser<\/li>\n\n\n\n<li>GPS + tips f\u00f6r att f\u00e5 ut mesta m\u00f6jliga av din tid<\/li>\n\n\n\n<li>Tips f\u00f6r planering<\/li>\n\n\n\n<li>270+ originalbilder som hj\u00e4lper dig att v\u00e4lja<\/li>\n<\/ul>\n\n\n\n<div class=\"wp-block-buttons box_colonne_bouton_ebook is-content-justification-left is-layout-flex wp-container-core-buttons-is-layout-fdcfc74e wp-block-buttons-is-layout-flex\">\n<div class=\"wp-block-button box_bouton box_bouton_ebook\"><a class=\"wp-block-button__link wp-element-button\" href=\"https:\/\/www.zigzagonearth.com\/photograph-mallorca-travel-guide\/\" target=\"_blank\" rel=\"noreferrer noopener\">Uppt\u00e4ck det! (endast p\u00e5 engelska)<span class=\"box_bouton_image\"><\/span><\/a><\/div>\n<\/div>\n<\/div>\n<\/div>\n<\/div><\/div><\/div>\n\n<h3 class=\"wp-block-heading\"><strong>Hur man tar sig till Cala Portals Vells<\/strong><\/h3>\n\n<ul class=\"wp-block-list\">\n<li>Ingen tillg\u00e5ng till kollektivtrafik, inga organiserade turer, du beh\u00f6ver en bil.<\/li>\n\n\n\n<li>L\u00e4tt att k\u00f6ra fr\u00e5n Palma de Mallorca. De sista 2 kilometrarna g\u00e5r p\u00e5 en smalare v\u00e4g.<\/li>\n\n\n\n<li>Den ing\u00e5r i min Winter road trip guide som hj\u00e4lper dig att planera din resv\u00e4g:<\/li>\n<\/ul>\n\n<figure class=\"wp-block-image size-large\"><img decoding=\"async\" src=\"https:\/\/photos.smugmug.com\/Travel\/Mallorca\/Portals-Vells\/i-4RCz3pN\/3\/8b0a3f3c\/L\/Cala_Portals_Vells_Mallorca-063577-L.jpg\" alt=\"V&#xE4;g till Platja de Portals Vells\"\/><figcaption class=\"wp-element-caption\"><strong>V\u00e4g till Platja de Portals Vells<\/strong><\/figcaption><\/figure>\n\n<div style=\"margin-top:8%;margin-bottom:8%\" class=\"wp-block-genesis-blocks-gb-container box gb-block-container\"><div class=\"gb-container-inside\"><div class=\"gb-container-content\">\n<div class=\"wp-block-columns box_colonne is-layout-flex wp-container-core-columns-is-layout-9d6595d7 wp-block-columns-is-layout-flex\">\n<div class=\"wp-block-column colonne is-layout-flow wp-block-column-is-layout-flow\" style=\"flex-basis:66.6%\">\n<h5 class=\"wp-block-heading box_titre\">Beh\u00f6ver du hyra bil p\u00e5 Mallorca?<\/h5>\n\n\n\n<p class=\"box_intro\">Mina tips:<\/p>\n\n\n\n<ul class=\"box_liste wp-block-list\" style=\"font-size:16px\">\n<li>J\u00e4mf\u00f6r priser p\u00e5 min favoritplattform: <a href=\"https:\/\/www.discovercars.com\/se\/spain-balearic-islands\/mallorca?a_aid=zigzag&amp;chan=ZZ_Mallorca\" target=\"_blank\" rel=\"noreferrer noopener sponsored nofollow\">\n  <span style=\"text-decoration: underline;\">Discovercars.com<\/span>\n<\/a> &#8211; en av de b\u00e4st rankade j\u00e4mf\u00f6relsesajterna!<\/li>\n\n\n\n<li>V\u00e4lj inte en f\u00f6r stor bil, eftersom vissa v\u00e4gar \u00e4r mycket smala<\/li>\n\n\n\n<li>T\u00e4nk p\u00e5 deras full t\u00e4ckning alternativ &#8211; det f\u00f6r sinnesfrid!  <\/li>\n\n\n\n<li><span style=\"text-decoration: underline;\">Boka tidigt<\/span> f\u00f6r att ha ett stort urval av fordon!<\/li>\n<\/ul>\n\n\n\n<div class=\"wp-block-columns box_barre_boutons is-layout-flex wp-container-core-columns-is-layout-9d6595d7 wp-block-columns-is-layout-flex\">\n<div class=\"wp-block-column is-vertically-aligned-center box_col_conseil is-layout-flow wp-block-column-is-layout-flow\">\n<p class=\"box_lien\"><a href=\"https:\/\/www.zigzagonearth.com\/renting-car-mallorca-tips\/\" target=\"_blank\" rel=\"noreferrer noopener\">Se alla mina tips<\/a><\/p>\n<\/div>\n\n\n\n<div class=\"wp-block-column box_col_bouton is-layout-flow wp-block-column-is-layout-flow\">\n<div class=\"wp-block-buttons box_bouton is-content-justification-left is-layout-flex wp-container-core-buttons-is-layout-fdcfc74e wp-block-buttons-is-layout-flex\">\n<div class=\"wp-block-button box_bouton\"><a class=\"wp-block-button__link wp-element-button\" href=\"https:\/\/www.discovercars.com\/se\/spain-balearic-islands\/mallorca?a_aid=zigzag&amp;amp;chan=ZZ_Mallorca\" target=\"_blank\" rel=\"noreferrer noopener\">Se tillg\u00e4ngliga bilar  <span class=\"box_bouton_image\"><img decoding=\"async\" style=\"width: 14px; height:14px;  \" src=\"https:\/\/www.zigzagonearth.com\/wp-content\/uploads\/2023\/08\/fleche.png\" alt=\"\"\/><\/span><\/a><\/div>\n<\/div>\n<\/div>\n<\/div>\n<\/div>\n\n\n\n<div class=\"wp-block-column colonne box_cafe_img is-layout-flow wp-block-column-is-layout-flow\" style=\"flex-basis:33.33%\"><div class=\"wp-block-image\">\n<figure class=\"aligncenter size-large is-resized\"><img loading=\"lazy\" decoding=\"async\" src=\"https:\/\/www.zigzagonearth.com\/wp-content\/uploads\/2023\/08\/003world-travel-car-01-1024x1024.webp\" alt=\"\" class=\"wp-image-16227\" style=\"width:288px;height:288px\" width=\"288\" height=\"288\" srcset=\"https:\/\/www.zigzagonearth.com\/wp-content\/uploads\/2023\/08\/003world-travel-car-01-1024x1024.webp 1024w, https:\/\/www.zigzagonearth.com\/wp-content\/uploads\/2023\/08\/003world-travel-car-01-300x300.webp 300w, https:\/\/www.zigzagonearth.com\/wp-content\/uploads\/2023\/08\/003world-travel-car-01-150x150.webp 150w, https:\/\/www.zigzagonearth.com\/wp-content\/uploads\/2023\/08\/003world-travel-car-01-768x768.webp 768w, https:\/\/www.zigzagonearth.com\/wp-content\/uploads\/2023\/08\/003world-travel-car-01-1536x1536.webp 1536w, https:\/\/www.zigzagonearth.com\/wp-content\/uploads\/2023\/08\/003world-travel-car-01-2048x2048.webp 2048w, https:\/\/www.zigzagonearth.com\/wp-content\/uploads\/2023\/08\/003world-travel-car-01-100x100.webp 100w, https:\/\/www.zigzagonearth.com\/wp-content\/uploads\/2023\/08\/003world-travel-car-01-600x600.webp 600w\" sizes=\"auto, (max-width: 288px) 100vw, 288px\" \/><\/figure>\n<\/div><\/div>\n<\/div>\n<\/div><\/div><\/div>\n\n<h3 class=\"wp-block-heading\"><strong>Parkering<\/strong><\/h3>\n\n<ul class=\"wp-block-list\">\n<li>2 parkeringsplatser f\u00f6r de olika str\u00e4nderna<\/li>\n\n\n\n<li>F\u00f6r att komma till grottan, v\u00e4lj parkeringen Platja de Portals Vells<\/li>\n\n\n\n<li>De kan alla fyllas upp under dagen p\u00e5 sommaren, s\u00e5 bes\u00f6k inte sent.  <\/li>\n\n\n\n<li>Tystare under l\u00e5gs\u00e4song<\/li>\n<\/ul>\n\n<figure class=\"wp-block-image size-large\"><img decoding=\"async\" src=\"https:\/\/photos.smugmug.com\/Travel\/Mallorca\/Portals-Vells\/i-QQr3Ftd\/3\/0ae7cff9\/L\/Cala_Portals_Vells_Mallorca-063579-L.jpg\" alt=\"Parkering vid Portals Vells strand\"\/><figcaption class=\"wp-element-caption\"><strong>Parkering vid Portals Vells strand<\/strong><\/figcaption><\/figure>\n\n<h3 class=\"wp-block-heading\"><strong>Restauranger<\/strong><\/h3>\n\n<ul class=\"wp-block-list\">\n<li>P\u00e5 huvudstranden, Platja de Portal Vells, hittar du restaurangen Es Repos &#8211; \u00f6ppen under h\u00f6gs\u00e4songen<\/li>\n\n\n\n<li>Liten snackbar p\u00e5 Playa del Rei och Playa del Mago endast under sommaren<\/li>\n<\/ul>\n\n<h3 class=\"wp-block-heading\"><strong>Tips f\u00f6r bes\u00f6k  <\/strong><\/h3>\n\n<ul class=\"wp-block-list\">\n<li>Enkel tillg\u00e5ng till str\u00e4nderna<\/li>\n\n\n\n<li>Du kan promenera mellan str\u00e4nderna<\/li>\n\n\n\n<li>Grunt vatten, bra f\u00f6r barn<\/li>\n\n\n\n<li>Ingen vattensport men bra f\u00f6r snorkling<\/li>\n\n\n\n<li>Kort vandring f\u00f6r att bes\u00f6ka grottan (under 10 min enkel v\u00e4g)<\/li>\n\n\n\n<li>Liten by, inga hotell<\/li>\n\n\n\n<li>n\u00e4rliggande stad \u00e4r Sol de Mallorca<\/li>\n\n\n\n<li>I viken finns ocks\u00e5 en liten marina med bra skydd mot v\u00e5gorna<\/li>\n<\/ul>\n\n<div style=\"margin-top:8%;margin-bottom:8%\" class=\"wp-block-genesis-blocks-gb-container box gb-block-container\"><div class=\"gb-container-inside\"><div class=\"gb-container-content\">\n<h5 class=\"wp-block-heading box_titre_activite\">Var ska man bo p\u00e5 Mallorca?<\/h5>\n\n\n\n<div class=\"wp-block-columns box_colonne inverse is-layout-flex wp-container-core-columns-is-layout-9d6595d7 wp-block-columns-is-layout-flex\">\n<div class=\"wp-block-column colonne is-layout-flow wp-block-column-is-layout-flow\" style=\"flex-basis:75%\">\n<p class=\"box_intro\">Mina favoriter:<\/p>\n\n\n\n<ul class=\"box_liste wp-block-list\">\n<li>Val av restauranger + huvudstad: <a href=\"https:\/\/www.booking.com\/searchresults.en.html?city=-395224&amp;nflt=review_score%253D90&amp;aid=1164282&amp;no_rooms=1&amp;group_adults=2&amp;label=mallorca\" target=\"_blank\" rel=\"noreferrer noopener\">se b\u00e4st rankade alternativ i Palma<\/a><\/li>\n\n\n\n<li>Strand + praktiskt l\u00e4ge f\u00f6r att utforska: <a href=\"https:\/\/www.booking.com\/searchresults.en.html?city=-381100&amp;nflt=review_score%253D90&amp;aid=1164282&amp;no_rooms=1&amp;group_adults=2&amp;label=mallorca\" target=\"_blank\" rel=\"noreferrer noopener\">se de mest uppskattade alternativen i Port d&#8217;Alcudia<\/a><\/li>\n\n\n\n<li>Partyomr\u00e5de &#8211; <a href=\"https:\/\/www.booking.com\/searchresults.en.html?city=-380228&amp;nflt=review_score%253D90&amp;aid=1164282&amp;no_rooms=1&amp;group_adults=2&amp;label=mallorca\" target=\"_blank\" rel=\"noreferrer noopener\">se b\u00e4st rankade alternativ i S&#8217;Arenal<\/a><\/li>\n\n\n\n<li>Lugnt i bergen &#8211; <a href=\"https:\/\/www.booking.com\/searchresults.en.html?city=-406234&amp;nflt=review_score%253D90&amp;aid=1164282&amp;no_rooms=1&amp;group_adults=2&amp;label=mallorca\" target=\"_blank\" rel=\"noreferrer noopener\">se de b\u00e4st rankade alternativen i Valldemossa<\/a><\/li>\n\n\n\n<li>Lugn, charmig plats vid havet &#8211; <a href=\"https:\/\/www.booking.com\/searchresults.en.html?city=900039215&amp;nflt=review_score%253D90&amp;aid=1164282&amp;no_rooms=1&amp;group_adults=2&amp;label=mallorca\" target=\"_blank\" rel=\"noreferrer noopener\">se b\u00e4st rankade alternativ i Canyamel<\/a><\/li>\n\n\n\n<li>Tillg\u00e5ng till de b\u00e4sta calas &#8211; <a href=\"https:\/\/www.booking.com\/searchresults.en.html?city=900039122&amp;nflt=review_score%253D90&amp;aid=1164282&amp;no_rooms=1&amp;group_adults=2&amp;label=mallorca\" target=\"_blank\" rel=\"noreferrer noopener\">se b\u00e4st rankade alternativ i Cala d&#8217;or<\/a><\/li>\n\n\n\n<li>Familjer &#8211; <a href=\"https:\/\/www.booking.com\/searchresults.en.html?city=-374964&amp;nflt=review_score%253D90&amp;aid=1164282&amp;no_rooms=1&amp;group_adults=2&amp;label=mallorca\" target=\"_blank\" rel=\"noreferrer noopener\">se de b\u00e4st rankade alternativen i Cala Millor<\/a> eller i <a href=\"https:\/\/www.booking.com\/searchresults.en.html?city=900039294&amp;nflt=review_score%253D90&amp;aid=1164282&amp;no_rooms=1&amp;group_adults=2&amp;label=mallorca\" target=\"_blank\" rel=\"noreferrer noopener\">Colonia Sant Jordi<\/a><\/li>\n<\/ul>\n\n\n\n<div class=\"wp-block-buttons box_bouton box_colonne_bouton_ebook box_barre_boutons is-content-justification-left is-layout-flex wp-container-core-buttons-is-layout-fdcfc74e wp-block-buttons-is-layout-flex\">\n<div class=\"wp-block-button box_bouton\"><a class=\"wp-block-button__link wp-element-button\" href=\"https:\/\/www.zigzagonearth.com\/where-to-stay-mallorca-best-areas\/\" target=\"_blank\" rel=\"noreferrer noopener\">Se v\u00e5r artikel om var du kan bo  <span class=\"box_bouton_image\"><img decoding=\"async\" style=\"width: 14px; height:14px;  \" src=\"https:\/\/www.zigzagonearth.com\/wp-content\/uploads\/2023\/08\/fleche.png\" alt=\"\"\/><\/span><span class=\"box_bouton_image\"><\/span><\/a><\/div>\n<\/div>\n<\/div>\n\n\n\n<div class=\"wp-block-column is-vertically-aligned-top colonne box_activite_img is-layout-flow wp-block-column-is-layout-flow\" style=\"flex-basis:25%\"><div class=\"wp-block-image\">\n<figure class=\"aligncenter size-large\"><img decoding=\"async\" src=\"https:\/\/photos.smugmug.com\/Travel\/Mallorca\/Hotels\/i-dgbp8xw\/1\/7e887566\/L\/PA147529-L.jpg\" alt=\"Finca p&#xE5; Mallorca\"\/><\/figure>\n<\/div><\/div>\n<\/div>\n<\/div><\/div><\/div>\n\n<h2 class=\"wp-block-heading\" id=\"tab-con-2\"><strong>4 Portals Vells str\u00e4nder<\/strong><\/h2>\n\n<p>Viken Portals Vells har 4 str\u00e4nder, alla \u00e4r sandstr\u00e4nder.<\/p>\n\n<h3 class=\"wp-block-heading\"><strong>Platja de Portals Vells<\/strong><\/h3>\n\n<figure class=\"wp-block-image\"><img decoding=\"async\" src=\"https:\/\/photos.smugmug.com\/Travel\/Mallorca\/Portals-Vells\/i-6L4pnwC\/3\/5ba2bcec\/L\/Cala_Portals_Vells_Mallorca-063584-L.jpg\" alt=\"Platja de Portals Vells\" title=\"Platja de Portals Vells\"\/><\/figure>\n\n<p>Detta \u00e4r den viktigaste stranden i viken, den st\u00f6rsta.<br\/>Det \u00e4r h\u00e4r du kan hitta en restaurang.<br\/>Under s\u00e4song finns solstolar och parasoller att hyra.<br\/>Detta \u00e4r den b\u00e4sta stranden f\u00f6r att komma \u00e5t grottorna.<\/p>\n\n<figure class=\"wp-block-image\"><img decoding=\"async\" src=\"https:\/\/photos.smugmug.com\/Travel\/Mallorca\/Portals-Vells\/i-ChFQxrV\/3\/24b4156e\/L\/Cala_Portals_Vells_Mallorca-063585-L.jpg\" alt=\"Platja de Portals Vells strand restaurang\" title=\"Platja de Portals Vells strand restaurang\"\/><\/figure>\n\n<h3 class=\"wp-block-heading\"><strong>Plattform f\u00f6r Portals Vells<\/strong><\/h3>\n\n<figure class=\"wp-block-image\"><img decoding=\"async\" src=\"https:\/\/photos.smugmug.com\/Travel\/Mallorca\/Portals-Vells\/i-zZ9LBQD\/3\/1163e1e0\/L\/Cala_Portals_Vells_Mallorca-0677-L.jpg\" alt=\"Plattform f&#xF6;r Portals Vells\" title=\"Plattform f&#xF6;r Portals Vells\"\/><\/figure>\n\n<p>Om du g\u00e5r 2 minuter till h\u00f6ger fr\u00e5n huvudstranden hittar du en annan mindre sandstrand.  <br\/>Den h\u00e4r \u00e4r mer charmig enligt min mening, med utsikt \u00f6ver klipporna. Bra plats f\u00f6r snorkling.<\/p>\n\n<figure class=\"wp-block-image\"><img decoding=\"async\" src=\"https:\/\/photos.smugmug.com\/Travel\/Mallorca\/Portals-Vells\/i-nS9NNVJ\/3\/398cf022\/L\/Cala_Portals_Vells_Mallorca-063600-L.jpg\" alt=\"Platgeta de Portals Vells 2\" title=\"Platgeta de Portals Vells 2\"\/><\/figure>\n\n<h3 class=\"wp-block-heading\"><strong>Platja del Mago<\/strong><\/h3>\n\n<p>Fr\u00e5n den andra parkeringen, g\u00e5 till h\u00f6ger f\u00f6r att komma till denna strand.<br\/>Det \u00e4r norr om huvudstranden, du kan hitta Platja del Mago.<br\/>Denna strand \u00e4r smalare och \u00e4r en nudistplats.<\/p>\n\n<h3 class=\"wp-block-heading\"><strong>Platja del Rei<\/strong><\/h3>\n\n<p>Fr\u00e5n samma parkeringsplats, om du g\u00e5r \u00e5t v\u00e4nster, kommer du till Platja del Rei.<br\/>Detta \u00e4r en annan liten sandstrand omgiven av tr\u00e4d och stenar.<\/p>\n\n<h2 class=\"wp-block-heading\" id=\"tab-con-3\"><strong>Klippvandring till grottan i Portals Vells<\/strong><\/h2>\n\n<h3 class=\"wp-block-heading\"><strong>\u00c4r Portals Vells grotta sv\u00e5rtillg\u00e4nglig?<\/strong><\/h3>\n\n<p>Portals Vells grotta \u00e4r inte sv\u00e5rtillg\u00e4nglig.<br\/>Fr\u00e5n huvudstranden \u00e4r det en kort vandring p\u00e5 under 10 minuter till ing\u00e5ngen.<br\/>Goda promenadskor rekommenderas.<\/p>\n\n<h3 class=\"wp-block-heading\"><strong>Vandring till Portals Vells grotta<\/strong><\/h3>\n\n<p>G\u00e5 till h\u00f6ger fr\u00e5n huvudstranden.<br\/>Du kommer att hitta trappor som leder till en liten byggnad.<br\/>V\u00e4gen n\u00e5r sedan n\u00e4sta lilla strand.<\/p>\n\n<figure class=\"wp-block-image\"><img decoding=\"async\" src=\"https:\/\/photos.smugmug.com\/Travel\/Mallorca\/Portals-Vells\/i-WHwtqQ3\/3\/95b83535\/L\/Cala_Portals_Vells_Mallorca-063590-L.jpg\" alt=\"Vandring till grottorna i Portals Vells\" title=\"Vandring till grottorna i Portals Vells\"\/><\/figure>\n\n<p>Fr\u00e5n den mindre stranden g\u00e5r du uppf\u00f6r klipporna.<br\/>Stigen \u00e4r inte s\u00e5 l\u00e4tt att hitta, g\u00e5 upp till tr\u00e4dniv\u00e5n f\u00f6r att hitta den.<\/p>\n\n<figure class=\"wp-block-image\"><img decoding=\"async\" src=\"https:\/\/photos.smugmug.com\/Travel\/Mallorca\/Portals-Vells\/i-PM4Z9RD\/3\/c9ce10f5\/L\/Cala_Portals_Vells_Mallorca-063601-L.jpg\" alt=\"Vandring till grottorna i Portals Vells 2\" title=\"Vandring till grottorna i Portals Vells 2\"\/><\/figure>\n\n<p><span style=\"width: 100%;\"><\/span><\/p>\n\n<p>Sedan \u00e4r det en ganska platt promenad runt stenar och tr\u00e4d.<br\/>Detta \u00e4r mycket trevligt.<\/p>\n\n<figure class=\"wp-block-image\"><img decoding=\"async\" src=\"https:\/\/photos.smugmug.com\/Travel\/Mallorca\/Portals-Vells\/i-W449xbt\/3\/7446d866\/L\/Cala_Portals_Vells_Mallorca-063603-L.jpg\" alt=\"Vandring till grottorna i Portals Vells 3\" title=\"Vandring till grottorna i Portals Vells 3\"\/><\/figure>\n\n<p>Stigen ser smal ut p\u00e5 bilden men den var inte d\u00e5lig.<br\/>Jag led inte av yrsel.<\/p>\n\n<figure class=\"wp-block-image\"><img decoding=\"async\" src=\"https:\/\/photos.smugmug.com\/Travel\/Mallorca\/Portals-Vells\/i-L6pgCTs\/3\/91b41478\/L\/Cala_Portals_Vells_Mallorca-063612-L.jpg\" alt=\"Vandring till grottorna i Portals Vells 4\" title=\"Vandring till grottorna i Portals Vells 4\"\/><\/figure>\n\n<p>Och utsikten fr\u00e5n stigen var vacker!<\/p>\n\n<figure class=\"wp-block-image\"><img decoding=\"async\" src=\"https:\/\/photos.smugmug.com\/Travel\/Mallorca\/Portals-Vells\/i-fs5PT3H\/3\/b3d2f8f6\/L\/Cala_Portals_Vells_Mallorca-063613-L.jpg\" alt=\"Vandring till grottorna i Portals Vells 5\" title=\"Vandring till grottorna i Portals Vells 5\"\/><\/figure>\n\n<p><span style=\"width: 100%;\"><\/span><\/p>\n\n<h2 class=\"wp-block-heading\" id=\"t-1646398924029\"><strong>Inne i grottan &#8211; skulpturerna<\/strong><\/h2>\n\n<h3 class=\"wp-block-heading\"><strong>Historia och legend<\/strong><\/h3>\n\n<p>I motsats till de andra <a style=\"outline: none;\" href=\"https:\/\/www.zigzagonearth.com\/sv\/basta-grottor-mallorca\/\" target=\"_blank\" rel=\"noopener\">ber\u00f6mda grottorna p\u00e5 Mallorca<\/a> \u00e4r detta inte en underjordisk karstgrotta.<br\/>Det var ett stenbrott.<br\/>Stenblocken som togs fram under 1300- och 1400-talen anv\u00e4ndes f\u00f6r att bygga katedralen i Palma de Mallorca.<\/p>\n\n<p>Inuti kan du hitta snidade altare som f\u00f6rknippas med en legend om fiskare som s\u00e4ger:  <\/p>\n\n<p>Under 1400-talet hamnade en genuesisk sj\u00f6man och hans bes\u00e4ttning i en fruktansv\u00e4rd storm i Palmabukten.  <br\/>De blev r\u00e4dda och lovade att om de blev r\u00e4ddade skulle de bygga en hedersplats f\u00f6r Jungfru Maria-statyn p\u00e5 sitt skepp, d\u00e4r de skulle n\u00e5 land.<br\/>Vinden drev fartyget in i Portals Vells-bukten, d\u00e4r de uppt\u00e4ckte grottan och fann skydd.<br\/>De best\u00e4mde sig f\u00f6r att placera statyn av sin madonna d\u00e4r, h\u00f6gg ut ett altare i berget och dekorerade v\u00e4ggarna med inskriptioner och religi\u00f6sa teckningar.<\/p>\n\n<p>P\u00e5 1700-talet flyttades statyn till kyrkan i Calvia.<\/p>\n\n<h3 class=\"wp-block-heading\"><strong>De gigantiska ing\u00e5ngsh\u00e5len<\/strong><\/h3>\n\n<figure class=\"wp-block-image\"><img decoding=\"async\" src=\"https:\/\/photos.smugmug.com\/Travel\/Mallorca\/Portals-Vells\/i-s9MWSXj\/3\/e131ac89\/L\/Cala_Portals_Vells_caves_Mallorca-0679-L.jpg\" alt=\"Portaler Vells Cave - ing&#xE5;ng 1\" title=\"Portaler Vells Cave - ing&#xE5;ng 1\"\/><\/figure>\n\n<p>Det finns 3 stora ing\u00e5ngsh\u00e5l till grottan.<br\/>Vissa av stora stenar som har fallit ner och begr\u00e4nsar tilltr\u00e4det.<br\/>Utsikten \u00f6ver bukten fr\u00e5n dessa h\u00e5l \u00e4r fantastisk.<\/p>\n\n<figure class=\"wp-block-image\"><img decoding=\"async\" src=\"https:\/\/photos.smugmug.com\/Travel\/Mallorca\/Portals-Vells\/i-zTfGBKQ\/3\/c3a67aed\/L\/Cala_Portals_Vells_caves_Mallorca-063619-L.jpg\" alt=\"Portals Vells Cave - ing&#xE5;ng 2\" title=\"Portals Vells Cave - ing&#xE5;ng 2\"\/><\/figure>\n\n<figure class=\"wp-block-image\"><img decoding=\"async\" src=\"https:\/\/photos.smugmug.com\/Travel\/Mallorca\/Portals-Vells\/i-bSkWSQS\/3\/1ec73e8d\/L\/Cala_Portals_Vells_caves_Mallorca-063628-L.jpg\" alt=\"Portaler Vells grotta - h&#xE5;l 1\" title=\"Portaler Vells grotta - h&#xE5;l 1\"\/><\/figure>\n\n<h3 class=\"wp-block-heading\"><strong>Det snidade altaret<\/strong><\/h3>\n\n<p>Inne i byggnaden kan du beundra altaret och de m\u00e5nga sniderierna.<br\/>Kolla in symbolerna och detaljarbetet.<\/p>\n\n<figure class=\"wp-block-image\"><img decoding=\"async\" src=\"https:\/\/photos.smugmug.com\/Travel\/Mallorca\/Portals-Vells\/i-DhP2Nz7\/3\/0c111141\/L\/Cala_Portals_Vells_caves_Mallorca-063615-L.jpg\" alt=\"Portals Vells grotta - altare\" title=\"Portals Vells grotta - altare\"\/><\/figure>\n\n<h3 class=\"wp-block-heading\"><strong>En djup grotta<\/strong><\/h3>\n\n<p>Och du kan utforska djupare in i berget.<br\/>Grottan \u00e4r 80 m (262 ft) l\u00e5ng och 60 m (197 ft) bred.<br\/>Titta i taket f\u00f6r att se de rektangul\u00e4ra formerna p\u00e5 sakerna, eftersom de extraherade block f\u00f6r att bygga katedralen.<\/p>\n\n<figure class=\"wp-block-image\"><img decoding=\"async\" src=\"https:\/\/photos.smugmug.com\/Travel\/Mallorca\/Portals-Vells\/i-BCdST6G\/3\/fafd0983\/L\/Cala_Portals_Vells_caves_Mallorca-063618-L.jpg\" alt=\"Portaler Vells Cave - storlek\" title=\"Portaler Vells Cave - storlek\"\/><\/figure>\n\n<figure class=\"wp-block-image\"><img decoding=\"async\" src=\"https:\/\/photos.smugmug.com\/Travel\/Mallorca\/Portals-Vells\/i-B6bMbwQ\/3\/26b80b25\/L\/Cala_Portals_Vells_caves_Mallorca-063620-L.jpg\" alt=\"Portals Vells grotta - utforskning\" title=\"Portals Vells grotta - utforskning\"\/><\/figure>\n\n<figure class=\"wp-block-image\"><img decoding=\"async\" src=\"https:\/\/photos.smugmug.com\/Travel\/Mallorca\/Portals-Vells\/i-Z3FkQ5n\/3\/979fd6df\/L\/Cala_Portals_Vells_caves_Mallorca-063621-L.jpg\" alt=\"Portals Vells grotta - stenbrott\" title=\"Portals Vells grotta - stenbrott\"\/><\/figure>\n\n<h3 class=\"wp-block-heading\"><strong>Vy \u00f6ver tornet<\/strong><\/h3>\n\n<p>Fr\u00e5n grottans framsida tittar du mot mynningen av viken.<br\/>H\u00e4r ser du ett av de m\u00e5nga vakttornen som finns p\u00e5 Mallorca.<\/p>\n\n<figure class=\"wp-block-image\"><img decoding=\"async\" src=\"https:\/\/photos.smugmug.com\/Travel\/Mallorca\/Portals-Vells\/i-KxzpVdh\/3\/320d69fa\/L\/Cala_Portals_Vells_caves_Mallorca-063623-L.jpg\" alt=\"Portaler Vells Cave - torn\" title=\"Portaler Vells Cave - torn\"\/><\/figure>\n\n<div style=\"margin-top:8%;margin-bottom:8%\" class=\"wp-block-genesis-blocks-gb-container box gb-block-container\"><div class=\"gb-container-inside\"><div class=\"gb-container-content\">\n<p><strong>Planera din resa till Mallorca:<\/strong><\/p>\n\n\n\n<div class=\"wp-block-columns box_colonne_cc is-layout-flex wp-container-core-columns-is-layout-9d6595d7 wp-block-columns-is-layout-flex\">\n<div class=\"wp-block-column box_picto_c is-layout-flow wp-block-column-is-layout-flow\" style=\"flex-basis:5%\">\n<figure class=\"wp-block-image size-full is-resized box_picto\"><img loading=\"lazy\" decoding=\"async\" src=\"http:\/\/www.zigzagonearth.com\/wp-content\/uploads\/2023\/08\/&#x1F697;.png\" alt=\"\" class=\"wp-image-16341\" style=\"width:30px;height:31px\" width=\"30\" height=\"31\"\/><\/figure>\n<\/div>\n\n\n\n<div class=\"wp-block-column is-layout-flow wp-block-column-is-layout-flow\" style=\"flex-basis:95%\">\n<ul class=\"wp-block-list\">\n<li>Mina resplaner : <a class=\"\" href=\"https:\/\/www.zigzagonearth.com\/2-3-days-mallorca-weekend\/\" target=\"_blank\" rel=\"noreferrer noopener\">3 dagar &#8211; helg<\/a>, <a class=\"\" href=\"https:\/\/www.zigzagonearth.com\/4-days-mallorca-itinerary\/\" target=\"_blank\" rel=\"noreferrer noopener\">4<\/a> dagar, <a class=\"\" href=\"https:\/\/www.zigzagonearth.com\/5-days-mallorca-itinerary\/\" target=\"_blank\" rel=\"noreferrer noopener\">5 dagar<\/a>, <a class=\"\" href=\"https:\/\/www.zigzagonearth.com\/one-week-madeira-7-day-itinerary\/\" target=\"_blank\" rel=\"noreferrer noopener\">1 vecka<\/a>, <a href=\"https:\/\/www.zigzagonearth.com\/10-days-mallorca-2-weeks-itinerary\/\" target=\"_blank\" rel=\"noreferrer noopener\">10<\/a> dagar<\/li>\n\n\n\n<li><a class=\"\" href=\"https:\/\/www.zigzagonearth.com\/renting-car-mallorca-tips\/\" target=\"_blank\" rel=\"noreferrer noopener\">36 tips f\u00f6r att hyra bil p\u00e5 Mallorca<\/a><\/li>\n\n\n\n<li><a class=\"\" href=\"https:\/\/www.zigzagonearth.com\/driving-mallorca-tips\/\" target=\"_blank\" rel=\"noreferrer noopener\">Guide till bilk\u00f6rning p\u00e5 Mallorca<\/a><\/li>\n\n\n\n<li><a class=\"\" href=\"https:\/\/www.zigzagonearth.com\/where-to-stay-mallorca-best-areas\/\" target=\"_blank\" rel=\"noreferrer noopener\">Var man kan bo p\u00e5 Mallorca<\/a><\/li>\n\n\n\n<li><a href=\"https:\/\/www.zigzagonearth.com\/where-stay-palma-mallorca-best-hotels\/\" target=\"_blank\" class=\"\" rel=\"noreferrer noopener\">Var man kan bo i Palma de Mallorca<\/a><\/li>\n\n\n\n<li><a class=\"\" href=\"https:\/\/zigzagonearth.com\/best-things-do-mallorca\/\" target=\"_blank\" rel=\"noreferrer noopener\">B\u00e4sta sakerna att g\u00f6ra p\u00e5 Mallorca<\/a><\/li>\n<\/ul>\n<\/div>\n<\/div>\n<\/div><\/div><\/div>\n\n<h2 class=\"wp-block-heading\" id=\"tab-con-4\"><strong>F\u00f6rstenad sanddyn<\/strong><\/h2>\n\n<p>Tillbaka p\u00e5 huvudstranden hittar du ocks\u00e5 en vandringsled till v\u00e4nster (norr).<br\/>Detta \u00e4r en enkel stig bredvid restaurangen.<br\/>Bes\u00f6k inte bara grottan utan g\u00e5 \u00e4ven den h\u00e4r v\u00e4gen.<\/p>\n\n<figure class=\"wp-block-image\"><img decoding=\"async\" src=\"https:\/\/photos.smugmug.com\/Travel\/Mallorca\/Portals-Vells\/i-gzw4Tn8\/3\/f3c767d8\/L\/Cala_Portals_Vells_Mallorca-063638-L.jpg\" alt=\"tilltr&#xE4;de Petrifierad sanddyn\" title=\"tilltr&#xE4;de Petrifierad sanddyn\"\/><\/figure>\n\n<p>Och du kommer till ett fascinerande omr\u00e5de med en f\u00f6rstenad sanddyn som elementen har format.<\/p>\n\n<figure class=\"wp-block-image\"><img decoding=\"async\" src=\"https:\/\/photos.smugmug.com\/Travel\/Mallorca\/Portals-Vells\/i-2WMQkZn\/3\/52eb50b2\/L\/Cala_Portals_Vells_Mallorca-063641-L.jpg\" alt=\"Portaler Vells access F&#xF6;rstenad dyn\" title=\"Portaler Vells access F&#xF6;rstenad dyn\"\/><\/figure>\n\n<p>Detta \u00e4r en trevlig plats att sitta en stund och njuta av utsikten.<\/p>\n\n<figure class=\"wp-block-image\"><img decoding=\"async\" src=\"https:\/\/photos.smugmug.com\/Travel\/Mallorca\/Portals-Vells\/i-cx6kC98\/3\/1a533205\/L\/Cala_Portals_Vells_Mallorca-063643-L.jpg\" alt=\"Utsikt fr&#xE5;n Portals Vells access F&#xF6;rstenad dyn\" title=\"Utsikt fr&#xE5;n Portals Vells access F&#xF6;rstenad dyn\"\/><\/figure>\n\n<p>H\u00e4rifr\u00e5n ser man tydligt ing\u00e5ngarna till grottorna i Portals Vells p\u00e5 andra sidan bukten.<\/p>\n\n<figure class=\"wp-block-image\"><img decoding=\"async\" src=\"https:\/\/photos.smugmug.com\/Travel\/Mallorca\/Portals-Vells\/i-5HgKWRM\/3\/2c58ef2f\/L\/Cala_Portals_Vells_Mallorca-063644-L.jpg\" alt=\"Portaler Vells grottor p&#xE5; avst&#xE5;nd\" title=\"Portaler Vells grottor p&#xE5; avst&#xE5;nd\"\/><\/figure>\n\n<p><strong><strong>Vill du se mer av Mallorca?<\/strong><\/strong><\/p>\n\n<ul class=\"wp-block-list\">\n<li>40 vackraste landskapen p\u00e5 Mallorca (med bilder) &#8211; <a style=\"outline: none;\" href=\"https:\/\/www.zigzagonearth.com\/sv\/basta-landskap-mallorca-foton\/\" target=\"_blank\" rel=\"noopener\">L\u00e4s artikeln<\/a><\/li>\n\n\n\n<li>Mallorcas 7 b\u00e4sta grottor &#8211; <a style=\"outline: none;\" href=\"https:\/\/www.zigzagonearth.com\/sv\/basta-grottor-mallorca\/\" target=\"_blank\" rel=\"noopener\">l\u00e4s artikeln<\/a><\/li>\n\n\n\n<li>10 b\u00e4sta calas p\u00e5 Mallorca (vikar) &#8211; <a style=\"outline: none;\" href=\"https:\/\/www.zigzagonearth.com\/sv\/basta-calas-mallorca-vikar\/\" target=\"_blank\" rel=\"noopener\">l\u00e4s artikel<\/a><\/li>\n\n\n\n<li>12 dolda p\u00e4rlor p\u00e5 Mallorca, utanf\u00f6r allfarv\u00e4garna &#8211; <a style=\"outline: none;\" href=\"https:\/\/www.zigzagonearth.com\/secret-places-mallorca-hidden-gems\/\" target=\"_blank\" rel=\"noopener\">l\u00e4s artikeln<\/a><\/li>\n\n\n\n<li>21 vackraste vyerna p\u00e5 Mallorca &#8211; <a style=\"outline: none;\" href=\"https:\/\/www.zigzagonearth.com\/sv\/basta-utsikterna-mallorca-utsiktspunkter\/\" target=\"_blank\" rel=\"noopener\">l\u00e4s artikeln<\/a><\/li>\n\n\n\n<li>Restips f\u00f6r Mallorca &#8211; <a href=\"https:\/\/www.zigzagonearth.com\/road-trip-mallorca-travel-guide\/\" target=\"_blank\" rel=\"noopener\">l\u00e4s artikeln<\/a><\/li>\n\n\n\n<li>K\u00f6rning p\u00e5 Mallorca &#8211; <a style=\"outline: none;\" href=\"https:\/\/www.zigzagonearth.com\/sv\/korning-mallorca-tips\/\" target=\"_blank\" rel=\"noopener\">l\u00e4s artikeln<\/a><\/li>\n\n\n\n<li>21 vackraste st\u00e4der och byar p\u00e5 Mallorca &#8211; <a href=\"https:\/\/www.zigzagonearth.com\/sv\/basta-byar-mallorca-stader\/\" target=\"_blank\" rel=\"noopener\">l\u00e4s artikeln<\/a><\/li>\n<\/ul>\n\n<p><strong>Planerar du en resa till Mallorca?<\/strong><\/p>\n\n<p>Kolla in min reseguide f\u00f6r att f\u00e5 hj\u00e4lp med planeringen:<\/p>\n\n<div style=\"margin-top:8%;margin-bottom:8%\" class=\"wp-block-genesis-blocks-gb-container box_ebook gb-block-container\"><div class=\"gb-container-inside\"><div class=\"gb-container-content\">\n<h5 class=\"wp-block-heading box_titre_ebook\">Planera din dr\u00f6mresa till <strong>Mallorca<\/strong> med hj\u00e4lp av min guide (endast p\u00e5 engelska):<\/h5>\n\n\n\n<div class=\"wp-block-columns box_colonnes_ebook is-layout-flex wp-container-core-columns-is-layout-9d6595d7 wp-block-columns-is-layout-flex\">\n<div class=\"wp-block-column is-layout-flow wp-block-column-is-layout-flow\">\n<figure class=\"wp-block-image size-large img_ebook\"><a href=\"https:\/\/www.zigzagonearth.com\/photograph-mallorca-travel-guide\/\"><img decoding=\"async\" src=\"https:\/\/www.zigzagonearth.com\/wp-content\/uploads\/2021\/11\/Travel-Guide-Mallorca-ebook-cover-S2.jpg\" alt=\"eBook Reseguide Mallorca\"\/><\/a><\/figure>\n<\/div>\n\n\n\n<div class=\"wp-block-column is-layout-flow wp-block-column-is-layout-flow\">\n<ul class=\"box_liste wp-block-list\" style=\"font-size:16px\">\n<li>8 kartor f\u00f6r att enkelt planera din resv\u00e4g<\/li>\n\n\n\n<li>140+ f\u00f6rvalda platser<\/li>\n\n\n\n<li>GPS + tips f\u00f6r att f\u00e5 ut mesta m\u00f6jliga av din tid<\/li>\n\n\n\n<li>Tips f\u00f6r planering<\/li>\n\n\n\n<li>270+ originalbilder som hj\u00e4lper dig att v\u00e4lja<\/li>\n<\/ul>\n\n\n\n<div class=\"wp-block-buttons box_colonne_bouton_ebook is-content-justification-left is-layout-flex wp-container-core-buttons-is-layout-fdcfc74e wp-block-buttons-is-layout-flex\">\n<div class=\"wp-block-button box_bouton box_bouton_ebook\"><a class=\"wp-block-button__link wp-element-button\" href=\"https:\/\/www.zigzagonearth.com\/photograph-mallorca-travel-guide\/\" target=\"_blank\" rel=\"noreferrer noopener\">Uppt\u00e4ck det! (endast p\u00e5 engelska)<span class=\"box_bouton_image\"><\/span><\/a><\/div>\n<\/div>\n<\/div>\n<\/div>\n<\/div><\/div><\/div>\n\n<p class=\"has-text-align-left\"><strong>Och h\u00e5ll koll p\u00e5 din egen resa!<\/strong><\/p>\n\n<figure class=\"wp-block-image\"><a href=\"https:\/\/www.amazon.com\/dp\/B09LY2SHWZ?&amp;linkCode=ll1&amp;tag=zigzagus-20&amp;linkId=83ab24501f03e2883ec6fa1a8d9655b8&amp;language=en_US&amp;ref_=as_li_ss_tl\" target=\"_blank\" rel=\"nofollow noopener\"><img decoding=\"async\" src=\"\/\/www.zigzagonearth.com\/wp-content\/uploads\/2021\/11\/Mallorca-travel-Journal.jpg\" alt=\"Mallorca resedagbok\" title=\"Mallorca resedagbok\"\/><\/a><\/figure>\n\n<p><strong>TIDIGARE:  <\/strong><\/p>\n\n<p class=\"has-text-align-left\"><strong><a href=\"https:\/\/www.zigzagonearth.com\/sv\/naturparken-mondrago-mallorca\/\" target=\"_blank\" rel=\"noopener\">Naturparken Mondrago<\/a><\/strong><\/p>\n\n<p><strong>N\u00c4STA: <\/strong><\/p>\n\n<p class=\"has-text-align-left\"><strong><strong><a style=\"outline: none;\" href=\"https:\/\/www.zigzagonearth.com\/sv\/cala-pi-beltran-mallorca\/\" target=\"_blank\" rel=\"noopener\">Vandring Cala Pi (Mallorca) och Cala Beltran<\/a><\/strong><\/strong><\/p>\n\n<figure class=\"wp-block-image\"><a href=\"https:\/\/www.zigzagonearth.com\/mallorca-travel-guide-tips\/\" target=\"_blank\" rel=\"nofollow noopener\"><img decoding=\"async\" src=\"\/\/www.zigzagonearth.com\/wp-content\/uploads\/2021\/11\/Mallorca-Travel-Guide.jpg\" alt=\"Reseguide Mallorca\" title=\"Reseguide Mallorca\"\/><\/a><\/figure>\n\n<p class=\"has-text-align-left\"><strong>Inspirerad? Dela den p\u00e5 din favoritplattform!<\/strong><\/p>\n","protected":false},"excerpt":{"rendered":"<p>Uppt\u00e4ck den unika Cala Portals Vells p\u00e5 Mallorca: sandstr\u00e4nder och en fascinerande grotta som \u00e4r rolig att utforska.Nedan f\u00f6ljer min guide som hj\u00e4lper dig att planera ditt bes\u00f6k med karta, tips och bilder. Varf\u00f6r bes\u00f6ka Portals Vells p\u00e5 Mallorca? \u00c4r Portals Vells v\u00e4rt ett bes\u00f6k? Str\u00e4nderna \u00e4r fina, men inte lika speciella som andra str\u00e4nder [&hellip;]<\/p>\n","protected":false},"author":1,"featured_media":62964,"comment_status":"closed","ping_status":"closed","sticky":false,"template":"","format":"standard","meta":{"_genesis_hide_title":false,"_genesis_hide_breadcrumbs":false,"_genesis_hide_singular_image":false,"_genesis_hide_footer_widgets":false,"_genesis_custom_body_class":"","_genesis_custom_post_class":"","_genesis_layout":"full-width-content","footnotes":""},"categories":[881],"tags":[],"class_list":{"0":"post-69782","1":"post","2":"type-post","3":"status-publish","4":"format-standard","5":"has-post-thumbnail","7":"category-mallorca-sv","8":"entry"},"yoast_head":"<!-- This site is optimized with the Yoast SEO plugin v27.2 - https:\/\/yoast.com\/product\/yoast-seo-wordpress\/ -->\n<title>Cala Portals Vells (Mallorca): str\u00e4nder + grotta<\/title>\n<meta name=\"description\" content=\"Uppt\u00e4ck Cala Portals Vells p\u00e5 Mallorca (Spanien) - Portals Vells str\u00e4nder och Portals Vells grotta - tillg\u00e5ng, promenad, tips, Karta\" \/>\n<meta name=\"robots\" content=\"index, follow, max-snippet:-1, max-image-preview:large, max-video-preview:-1\" \/>\n<link rel=\"canonical\" href=\"https:\/\/www.zigzagonearth.com\/sv\/cala-portaler-vells-mallorca\/\" \/>\n<meta property=\"og:locale\" content=\"sv_SE\" \/>\n<meta property=\"og:type\" content=\"article\" \/>\n<meta property=\"og:title\" content=\"Cala Portals Vells (Mallorca): str\u00e4nder + grotta\" \/>\n<meta property=\"og:description\" content=\"Uppt\u00e4ck Cala Portals Vells p\u00e5 Mallorca (Spanien) - Portals Vells str\u00e4nder och Portals Vells grotta - tillg\u00e5ng, promenad, tips, Karta\" \/>\n<meta property=\"og:url\" content=\"https:\/\/www.zigzagonearth.com\/sv\/cala-portaler-vells-mallorca\/\" \/>\n<meta property=\"og:site_name\" content=\"ZigZagonEarth\" \/>\n<meta property=\"article:publisher\" content=\"https:\/\/www.facebook.com\/zigzagonearth\" \/>\n<meta property=\"article:author\" content=\"https:\/\/www.facebook.com\/zigzagonearth\" \/>\n<meta property=\"article:published_time\" content=\"2022-03-27T08:37:18+00:00\" \/>\n<meta property=\"article:modified_time\" content=\"2023-11-04T17:33:14+00:00\" \/>\n<meta property=\"og:image\" content=\"http:\/\/www.zigzagonearth.com\/wp-content\/uploads\/2022\/03\/FB-Cala-Portals-Vells-caves-Mallorca.jpg\" \/>\n<meta name=\"author\" content=\"Claire\" \/>\n<meta name=\"twitter:card\" content=\"summary_large_image\" \/>\n<meta name=\"twitter:creator\" content=\"@ZigZagOnEarth\" \/>\n<meta name=\"twitter:site\" content=\"@ZigZagOnEarth\" \/>\n<meta name=\"twitter:label1\" content=\"Skriven av\" \/>\n\t<meta name=\"twitter:data1\" content=\"Claire\" \/>\n\t<meta name=\"twitter:label2\" content=\"Ber\u00e4knad l\u00e4stid\" \/>\n\t<meta name=\"twitter:data2\" content=\"7 minuter\" \/>\n<script type=\"application\/ld+json\" class=\"yoast-schema-graph\">{\"@context\":\"https:\/\/schema.org\",\"@graph\":[{\"@type\":\"Article\",\"@id\":\"https:\/\/www.zigzagonearth.com\/sv\/cala-portaler-vells-mallorca\/#article\",\"isPartOf\":{\"@id\":\"https:\/\/www.zigzagonearth.com\/sv\/cala-portaler-vells-mallorca\/\"},\"author\":{\"name\":\"Claire\",\"@id\":\"https:\/\/www.zigzagonearth.com\/sv\/#\/schema\/person\/0498142e0cb256f21659d85ef6bca599\"},\"headline\":\"Cala Portals Vells (Mallorca): str\u00e4nder + grotta\",\"datePublished\":\"2022-03-27T08:37:18+00:00\",\"dateModified\":\"2023-11-04T17:33:14+00:00\",\"mainEntityOfPage\":{\"@id\":\"https:\/\/www.zigzagonearth.com\/sv\/cala-portaler-vells-mallorca\/\"},\"wordCount\":1334,\"image\":{\"@id\":\"https:\/\/www.zigzagonearth.com\/sv\/cala-portaler-vells-mallorca\/#primaryimage\"},\"thumbnailUrl\":\"https:\/\/www.zigzagonearth.com\/wp-content\/uploads\/2022\/03\/Cala-Portals-Vells-caves-Mallorca.jpg\",\"articleSection\":[\"Mallorca\"],\"inLanguage\":\"sv-SE\"},{\"@type\":\"WebPage\",\"@id\":\"https:\/\/www.zigzagonearth.com\/sv\/cala-portaler-vells-mallorca\/\",\"url\":\"https:\/\/www.zigzagonearth.com\/sv\/cala-portaler-vells-mallorca\/\",\"name\":\"Cala Portals Vells (Mallorca): str\u00e4nder + grotta\",\"isPartOf\":{\"@id\":\"https:\/\/www.zigzagonearth.com\/sv\/#website\"},\"primaryImageOfPage\":{\"@id\":\"https:\/\/www.zigzagonearth.com\/sv\/cala-portaler-vells-mallorca\/#primaryimage\"},\"image\":{\"@id\":\"https:\/\/www.zigzagonearth.com\/sv\/cala-portaler-vells-mallorca\/#primaryimage\"},\"thumbnailUrl\":\"https:\/\/www.zigzagonearth.com\/wp-content\/uploads\/2022\/03\/Cala-Portals-Vells-caves-Mallorca.jpg\",\"datePublished\":\"2022-03-27T08:37:18+00:00\",\"dateModified\":\"2023-11-04T17:33:14+00:00\",\"author\":{\"@id\":\"https:\/\/www.zigzagonearth.com\/sv\/#\/schema\/person\/0498142e0cb256f21659d85ef6bca599\"},\"description\":\"Uppt\u00e4ck Cala Portals Vells p\u00e5 Mallorca (Spanien) - Portals Vells str\u00e4nder och Portals Vells grotta - tillg\u00e5ng, promenad, tips, Karta\",\"breadcrumb\":{\"@id\":\"https:\/\/www.zigzagonearth.com\/sv\/cala-portaler-vells-mallorca\/#breadcrumb\"},\"inLanguage\":\"sv-SE\",\"potentialAction\":[{\"@type\":\"ReadAction\",\"target\":[\"https:\/\/www.zigzagonearth.com\/sv\/cala-portaler-vells-mallorca\/\"]}]},{\"@type\":\"ImageObject\",\"inLanguage\":\"sv-SE\",\"@id\":\"https:\/\/www.zigzagonearth.com\/sv\/cala-portaler-vells-mallorca\/#primaryimage\",\"url\":\"https:\/\/www.zigzagonearth.com\/wp-content\/uploads\/2022\/03\/Cala-Portals-Vells-caves-Mallorca.jpg\",\"contentUrl\":\"https:\/\/www.zigzagonearth.com\/wp-content\/uploads\/2022\/03\/Cala-Portals-Vells-caves-Mallorca.jpg\",\"width\":250,\"height\":250},{\"@type\":\"BreadcrumbList\",\"@id\":\"https:\/\/www.zigzagonearth.com\/sv\/cala-portaler-vells-mallorca\/#breadcrumb\",\"itemListElement\":[{\"@type\":\"ListItem\",\"position\":1,\"name\":\"Home\",\"item\":\"https:\/\/www.zigzagonearth.com\/sv\/\"},{\"@type\":\"ListItem\",\"position\":2,\"name\":\"Cala Portals Vells (Mallorca): str\u00e4nder + grotta\"}]},{\"@type\":\"WebSite\",\"@id\":\"https:\/\/www.zigzagonearth.com\/sv\/#website\",\"url\":\"https:\/\/www.zigzagonearth.com\/sv\/\",\"name\":\"ZigZagonEarth\",\"description\":\"Plan unforgettable road trips!\",\"potentialAction\":[{\"@type\":\"SearchAction\",\"target\":{\"@type\":\"EntryPoint\",\"urlTemplate\":\"https:\/\/www.zigzagonearth.com\/sv\/?s={search_term_string}\"},\"query-input\":{\"@type\":\"PropertyValueSpecification\",\"valueRequired\":true,\"valueName\":\"search_term_string\"}}],\"inLanguage\":\"sv-SE\"},{\"@type\":\"Person\",\"@id\":\"https:\/\/www.zigzagonearth.com\/sv\/#\/schema\/person\/0498142e0cb256f21659d85ef6bca599\",\"name\":\"Claire\",\"image\":{\"@type\":\"ImageObject\",\"inLanguage\":\"sv-SE\",\"@id\":\"https:\/\/secure.gravatar.com\/avatar\/7a2d4fe6757ab43d35e1680834ada7bf24e3ceccf01b37a8d65bfb7e69ce6271?s=96&d=blank&r=g\",\"url\":\"https:\/\/secure.gravatar.com\/avatar\/7a2d4fe6757ab43d35e1680834ada7bf24e3ceccf01b37a8d65bfb7e69ce6271?s=96&d=blank&r=g\",\"contentUrl\":\"https:\/\/secure.gravatar.com\/avatar\/7a2d4fe6757ab43d35e1680834ada7bf24e3ceccf01b37a8d65bfb7e69ce6271?s=96&d=blank&r=g\",\"caption\":\"Claire\"},\"description\":\"Claire is the ultimate Travel Planning Geek - She can spend hours, weeks, months... researching for a trip. She created ZigZag On Earth to help people plan their own travels and make the most of their time.\",\"sameAs\":[\"https:\/\/www.facebook.com\/zigzagonearth\"]}]}<\/script>\n<!-- \/ Yoast SEO plugin. -->","yoast_head_json":{"title":"Cala Portals Vells (Mallorca): str\u00e4nder + grotta","description":"Uppt\u00e4ck Cala Portals Vells p\u00e5 Mallorca (Spanien) - Portals Vells str\u00e4nder och Portals Vells grotta - tillg\u00e5ng, promenad, tips, Karta","robots":{"index":"index","follow":"follow","max-snippet":"max-snippet:-1","max-image-preview":"max-image-preview:large","max-video-preview":"max-video-preview:-1"},"canonical":"https:\/\/www.zigzagonearth.com\/sv\/cala-portaler-vells-mallorca\/","og_locale":"sv_SE","og_type":"article","og_title":"Cala Portals Vells (Mallorca): str\u00e4nder + grotta","og_description":"Uppt\u00e4ck Cala Portals Vells p\u00e5 Mallorca (Spanien) - Portals Vells str\u00e4nder och Portals Vells grotta - tillg\u00e5ng, promenad, tips, Karta","og_url":"https:\/\/www.zigzagonearth.com\/sv\/cala-portaler-vells-mallorca\/","og_site_name":"ZigZagonEarth","article_publisher":"https:\/\/www.facebook.com\/zigzagonearth","article_author":"https:\/\/www.facebook.com\/zigzagonearth","article_published_time":"2022-03-27T08:37:18+00:00","article_modified_time":"2023-11-04T17:33:14+00:00","og_image":[{"url":"http:\/\/www.zigzagonearth.com\/wp-content\/uploads\/2022\/03\/FB-Cala-Portals-Vells-caves-Mallorca.jpg","type":"","width":"","height":""}],"author":"Claire","twitter_card":"summary_large_image","twitter_creator":"@ZigZagOnEarth","twitter_site":"@ZigZagOnEarth","twitter_misc":{"Skriven av":"Claire","Ber\u00e4knad l\u00e4stid":"7 minuter"},"schema":{"@context":"https:\/\/schema.org","@graph":[{"@type":"Article","@id":"https:\/\/www.zigzagonearth.com\/sv\/cala-portaler-vells-mallorca\/#article","isPartOf":{"@id":"https:\/\/www.zigzagonearth.com\/sv\/cala-portaler-vells-mallorca\/"},"author":{"name":"Claire","@id":"https:\/\/www.zigzagonearth.com\/sv\/#\/schema\/person\/0498142e0cb256f21659d85ef6bca599"},"headline":"Cala Portals Vells (Mallorca): str\u00e4nder + grotta","datePublished":"2022-03-27T08:37:18+00:00","dateModified":"2023-11-04T17:33:14+00:00","mainEntityOfPage":{"@id":"https:\/\/www.zigzagonearth.com\/sv\/cala-portaler-vells-mallorca\/"},"wordCount":1334,"image":{"@id":"https:\/\/www.zigzagonearth.com\/sv\/cala-portaler-vells-mallorca\/#primaryimage"},"thumbnailUrl":"https:\/\/www.zigzagonearth.com\/wp-content\/uploads\/2022\/03\/Cala-Portals-Vells-caves-Mallorca.jpg","articleSection":["Mallorca"],"inLanguage":"sv-SE"},{"@type":"WebPage","@id":"https:\/\/www.zigzagonearth.com\/sv\/cala-portaler-vells-mallorca\/","url":"https:\/\/www.zigzagonearth.com\/sv\/cala-portaler-vells-mallorca\/","name":"Cala Portals Vells (Mallorca): str\u00e4nder + grotta","isPartOf":{"@id":"https:\/\/www.zigzagonearth.com\/sv\/#website"},"primaryImageOfPage":{"@id":"https:\/\/www.zigzagonearth.com\/sv\/cala-portaler-vells-mallorca\/#primaryimage"},"image":{"@id":"https:\/\/www.zigzagonearth.com\/sv\/cala-portaler-vells-mallorca\/#primaryimage"},"thumbnailUrl":"https:\/\/www.zigzagonearth.com\/wp-content\/uploads\/2022\/03\/Cala-Portals-Vells-caves-Mallorca.jpg","datePublished":"2022-03-27T08:37:18+00:00","dateModified":"2023-11-04T17:33:14+00:00","author":{"@id":"https:\/\/www.zigzagonearth.com\/sv\/#\/schema\/person\/0498142e0cb256f21659d85ef6bca599"},"description":"Uppt\u00e4ck Cala Portals Vells p\u00e5 Mallorca (Spanien) - Portals Vells str\u00e4nder och Portals Vells grotta - tillg\u00e5ng, promenad, tips, Karta","breadcrumb":{"@id":"https:\/\/www.zigzagonearth.com\/sv\/cala-portaler-vells-mallorca\/#breadcrumb"},"inLanguage":"sv-SE","potentialAction":[{"@type":"ReadAction","target":["https:\/\/www.zigzagonearth.com\/sv\/cala-portaler-vells-mallorca\/"]}]},{"@type":"ImageObject","inLanguage":"sv-SE","@id":"https:\/\/www.zigzagonearth.com\/sv\/cala-portaler-vells-mallorca\/#primaryimage","url":"https:\/\/www.zigzagonearth.com\/wp-content\/uploads\/2022\/03\/Cala-Portals-Vells-caves-Mallorca.jpg","contentUrl":"https:\/\/www.zigzagonearth.com\/wp-content\/uploads\/2022\/03\/Cala-Portals-Vells-caves-Mallorca.jpg","width":250,"height":250},{"@type":"BreadcrumbList","@id":"https:\/\/www.zigzagonearth.com\/sv\/cala-portaler-vells-mallorca\/#breadcrumb","itemListElement":[{"@type":"ListItem","position":1,"name":"Home","item":"https:\/\/www.zigzagonearth.com\/sv\/"},{"@type":"ListItem","position":2,"name":"Cala Portals Vells (Mallorca): str\u00e4nder + grotta"}]},{"@type":"WebSite","@id":"https:\/\/www.zigzagonearth.com\/sv\/#website","url":"https:\/\/www.zigzagonearth.com\/sv\/","name":"ZigZagonEarth","description":"Plan unforgettable road trips!","potentialAction":[{"@type":"SearchAction","target":{"@type":"EntryPoint","urlTemplate":"https:\/\/www.zigzagonearth.com\/sv\/?s={search_term_string}"},"query-input":{"@type":"PropertyValueSpecification","valueRequired":true,"valueName":"search_term_string"}}],"inLanguage":"sv-SE"},{"@type":"Person","@id":"https:\/\/www.zigzagonearth.com\/sv\/#\/schema\/person\/0498142e0cb256f21659d85ef6bca599","name":"Claire","image":{"@type":"ImageObject","inLanguage":"sv-SE","@id":"https:\/\/secure.gravatar.com\/avatar\/7a2d4fe6757ab43d35e1680834ada7bf24e3ceccf01b37a8d65bfb7e69ce6271?s=96&d=blank&r=g","url":"https:\/\/secure.gravatar.com\/avatar\/7a2d4fe6757ab43d35e1680834ada7bf24e3ceccf01b37a8d65bfb7e69ce6271?s=96&d=blank&r=g","contentUrl":"https:\/\/secure.gravatar.com\/avatar\/7a2d4fe6757ab43d35e1680834ada7bf24e3ceccf01b37a8d65bfb7e69ce6271?s=96&d=blank&r=g","caption":"Claire"},"description":"Claire is the ultimate Travel Planning Geek - She can spend hours, weeks, months... researching for a trip. She created ZigZag On Earth to help people plan their own travels and make the most of their time.","sameAs":["https:\/\/www.facebook.com\/zigzagonearth"]}]}},"featured_image_src":"https:\/\/www.zigzagonearth.com\/wp-content\/uploads\/2022\/03\/Cala-Portals-Vells-caves-Mallorca.jpg","featured_image_src_square":"https:\/\/www.zigzagonearth.com\/wp-content\/uploads\/2022\/03\/Cala-Portals-Vells-caves-Mallorca.jpg","author_info":{"display_name":"Claire","author_link":"https:\/\/www.zigzagonearth.com\/sv\/author\/zzoe\/"},"_links":{"self":[{"href":"https:\/\/www.zigzagonearth.com\/sv\/wp-json\/wp\/v2\/posts\/69782","targetHints":{"allow":["GET"]}}],"collection":[{"href":"https:\/\/www.zigzagonearth.com\/sv\/wp-json\/wp\/v2\/posts"}],"about":[{"href":"https:\/\/www.zigzagonearth.com\/sv\/wp-json\/wp\/v2\/types\/post"}],"author":[{"embeddable":true,"href":"https:\/\/www.zigzagonearth.com\/sv\/wp-json\/wp\/v2\/users\/1"}],"replies":[{"embeddable":true,"href":"https:\/\/www.zigzagonearth.com\/sv\/wp-json\/wp\/v2\/comments?post=69782"}],"version-history":[{"count":0,"href":"https:\/\/www.zigzagonearth.com\/sv\/wp-json\/wp\/v2\/posts\/69782\/revisions"}],"wp:featuredmedia":[{"embeddable":true,"href":"https:\/\/www.zigzagonearth.com\/sv\/wp-json\/wp\/v2\/media\/62964"}],"wp:attachment":[{"href":"https:\/\/www.zigzagonearth.com\/sv\/wp-json\/wp\/v2\/media?parent=69782"}],"wp:term":[{"taxonomy":"category","embeddable":true,"href":"https:\/\/www.zigzagonearth.com\/sv\/wp-json\/wp\/v2\/categories?post=69782"},{"taxonomy":"post_tag","embeddable":true,"href":"https:\/\/www.zigzagonearth.com\/sv\/wp-json\/wp\/v2\/tags?post=69782"}],"curies":[{"name":"wp","href":"https:\/\/api.w.org\/{rel}","templated":true}]}}