{"id":69755,"date":"2023-02-20T10:01:33","date_gmt":"2023-02-20T09:01:33","guid":{"rendered":"https:\/\/www.zigzagonearth.com\/5-dagar-mallorca-resplan\/"},"modified":"2023-11-04T01:05:11","modified_gmt":"2023-11-04T00:05:11","slug":"5-dagar-mallorca-resplan","status":"publish","type":"post","link":"https:\/\/www.zigzagonearth.com\/sv\/5-dagar-mallorca-resplan\/","title":{"rendered":"5 dagar p\u00e5 Mallorca: 5 EPIC-resplaner (med foton!)"},"content":{"rendered":"\n<p><strong>Undrar du vad du kan se p\u00e5 5 dagar p\u00e5 Mallorca?<\/strong><br\/><strong>Jag har skapat 5 Mallorca-resplaner f\u00f6r 5 dagar, att v\u00e4lja, beroende p\u00e5 dina intressen:<\/strong><\/p>\n\n<ul class=\"wp-block-list\">\n<li><strong>En roadtrip med lite av <span style=\"text-decoration: underline;\">varje<\/span> (strand, historia, berg, st\u00e4der&#8230;)<\/strong><\/li>\n\n\n\n<li><strong>En <span style=\"text-decoration: underline;\">strandfokuserad<\/span> resv\u00e4g f\u00f6r att se de vackraste vikarna<\/strong><\/li>\n\n\n\n<li><strong>Dagsutflykter fr\u00e5n Palma de Mallorca, om du <span style=\"text-decoration: underline;\">inte vill k\u00f6ra bil<\/span><\/strong><\/li>\n\n\n\n<li><strong>Ett alternativ <span style=\"text-decoration: underline;\">utanf\u00f6r allfarv\u00e4garna<\/span>, om du vill undvika folkmassorna eller redan har bes\u00f6kt omr\u00e5det<\/strong><\/li>\n\n\n\n<li><strong>En<span style=\"text-decoration: underline;\">sport- och \u00e4ventyrsvecka<\/span> med de b\u00e4sta aktiviteterna p\u00e5 Mallorca<\/strong><\/li>\n<\/ul>\n\n<p><strong>Din resa kommer att bli episk!<\/strong><\/p>\n\n<div style=\"margin-top:8%;margin-bottom:8%\" class=\"wp-block-genesis-blocks-gb-container box gb-block-container\"><div class=\"gb-container-inside\"><div class=\"gb-container-content\">\n<p class=\"box_titre_une\">Innan mina tips + foton, h\u00e4r \u00e4r <u>mina favoriter<\/u> f\u00f6r Mallorca:<\/p>\n\n\n\n<div class=\"wp-block-columns box_colonne_cc is-layout-flex wp-container-core-columns-is-layout-9d6595d7 wp-block-columns-is-layout-flex\">\n<div class=\"wp-block-column box_picto_c is-layout-flow wp-block-column-is-layout-flow\" style=\"flex-basis:5%\">\n<figure class=\"wp-block-image size-full is-resized box_picto\"><img loading=\"lazy\" decoding=\"async\" src=\"http:\/\/www.zigzagonearth.com\/wp-content\/uploads\/2023\/08\/&#x1F697;.png\" alt=\"\" class=\"wp-image-16341\" style=\"width:30px;height:31px\" width=\"30\" height=\"31\"\/><\/figure>\n<\/div>\n\n\n\n<div class=\"wp-block-column is-layout-flow wp-block-column-is-layout-flow\" style=\"flex-basis:95%\">\n<p class=\"box_lien_g\">Min favoritplattform f\u00f6r att hyra bil p\u00e5 Mallorca: <a href=\"https:\/\/www.discovercars.com\/se\/spain-balearic-islands\/mallorca?a_aid=zigzag&amp;chan=ZZ_Mallorca\" target=\"_blank\" rel=\"noreferrer noopener sponsored nofollow\">DiscoverCars<\/a><\/p>\n<\/div>\n<\/div>\n\n\n\n<div class=\"wp-block-columns box_colonne_cc is-layout-flex wp-container-core-columns-is-layout-9d6595d7 wp-block-columns-is-layout-flex\">\n<div class=\"wp-block-column box_picto_c is-layout-flow wp-block-column-is-layout-flow\" style=\"flex-basis:5%\">\n<figure class=\"wp-block-image size-full is-resized box_picto\"><img loading=\"lazy\" decoding=\"async\" src=\"http:\/\/www.zigzagonearth.com\/wp-content\/uploads\/2023\/08\/&#x1F6E5;&#xFE0F;&#xFE0F;.png\" alt=\"\" class=\"wp-image-16340\" style=\"width:30px;height:31px\" width=\"30\" height=\"31\"\/><\/figure>\n<\/div>\n\n\n\n<div class=\"wp-block-column is-layout-flow wp-block-column-is-layout-flow\" style=\"flex-basis:90%\">\n<p>Den omistliga b\u00e5tturen: <a href=\"https:\/\/www.getyourguide.se\/mallorca-l47\/mallorca-sunrise-coast-dolphins-cruise-t288850\/?partner_id=R3GYW4V&amp;cmp=ZZ_Mallorca_une\" target=\"_blank\" rel=\"noreferrer noopener sponsored nofollow\">delfinsafari fr\u00e5n Alcudia<\/a><\/p>\n<\/div>\n<\/div>\n\n\n\n<div class=\"wp-block-columns box_colonne_cc is-layout-flex wp-container-core-columns-is-layout-9d6595d7 wp-block-columns-is-layout-flex\">\n<div class=\"wp-block-column box_picto_c is-layout-flow wp-block-column-is-layout-flow\" style=\"flex-basis:5%\">\n<figure class=\"wp-block-image size-full is-resized box_picto\"><img loading=\"lazy\" decoding=\"async\" src=\"http:\/\/www.zigzagonearth.com\/wp-content\/uploads\/2023\/08\/&#x1F68C;.png\" alt=\"\" class=\"wp-image-16339\" style=\"width:30px;height:31px\" width=\"30\" height=\"31\"\/><\/figure>\n<\/div>\n\n\n\n<div class=\"wp-block-column is-layout-flow wp-block-column-is-layout-flow\" style=\"flex-basis:90%\">\n<p>Min favoritutflykt fr\u00e5n Palma: <a href=\"https:\/\/www.getyourguide.se\/mallorca-l47\/mallorca-tramuntana-tour-with-historic-railway-ride-t62634\/?partner_id=R3GYW4V&amp;cmp=ZZ_Mallorca_une\" target=\"_blank\" rel=\"noreferrer noopener sponsored nofollow\">Port de Soller och Valldemossa<\/a><\/p>\n<\/div>\n<\/div>\n\n\n\n<div class=\"wp-block-columns box_colonne_cc box_colonne_dernier_cc is-layout-flex wp-container-core-columns-is-layout-9d6595d7 wp-block-columns-is-layout-flex\">\n<div class=\"wp-block-column box_picto_x box_picto_c is-layout-flow wp-block-column-is-layout-flow\" style=\"flex-basis:5%\">\n<figure class=\"wp-block-image size-full is-resized box_picto\"><img loading=\"lazy\" decoding=\"async\" src=\"http:\/\/www.zigzagonearth.com\/wp-content\/uploads\/2023\/08\/&#x1F3E0;.png\" alt=\"\" class=\"wp-image-16338\" style=\"width:30px;height:31px\" width=\"30\" height=\"31\"\/><\/figure>\n<\/div>\n\n\n\n<div class=\"wp-block-column is-layout-flow wp-block-column-is-layout-flow\" style=\"flex-basis:95%\">\n<p>Mina favoritst\u00e4llen att bo p\u00e5:<\/p>\n\n\n\n<ul class=\"wp-block-list\">\n<li>Palma de Mallorca: <a href=\"https:\/\/www.booking.com\/searchresults.en.html?city=-395224&amp;nflt=review_score%253D90&amp;aid=1164282&amp;no_rooms=1&amp;group_adults=2&amp;label=mallorca\" target=\"_blank\" rel=\"noreferrer noopener sponsored nofollow\">se b\u00e4st rankade hotell<\/a> &#8211; t.ex. <a class=\"\" href=\"https:\/\/www.booking.com\/hotel\/es\/art-palma.en.html?aid=1164282&amp;no_rooms=1&amp;group_adults=2&amp;label=_amcid-FrQAZQblirbxlpiJxpEME\" target=\"_blank\" rel=\"noreferrer noopener\"><\/a><a href=\"https:\/\/www.booking.com\/hotel\/es\/posada-terra-santa.en.html?aid=1164282&amp;label=mallorca\" target=\"_blank\" rel=\"noreferrer noopener sponsored nofollow\">Hotel Posada Terra Santa<\/a><\/li>\n\n\n\n<li>Port d&#8217;Alcudia: <a href=\"https:\/\/www.booking.com\/searchresults.en.html?city=-381100&amp;nflt=review_score%253D90&amp;aid=1164282&amp;no_rooms=1&amp;group_adults=2&amp;label=mallorca\" target=\"_blank\" rel=\"noreferrer noopener sponsored nofollow\">se b\u00e4st rankade hotell<\/a> &#8211; t.ex. <a href=\"https:\/\/www.booking.com\/hotel\/es\/bonavida-apartments-alcudia.en-gb.html?aid=1164282&amp;label=mallorca\" target=\"_blank\" rel=\"noreferrer noopener sponsored nofollow\">Bonavida l\u00e4genheter<\/a><\/li>\n\n\n\n<li>Cala d&#8217;or: <a href=\"https:\/\/www.booking.com\/searchresults.en.html?city=900039122&amp;nflt=review_score%253D90&amp;aid=1164282&amp;no_rooms=1&amp;group_adults=2&amp;label=mallorca\" target=\"_blank\" rel=\"noreferrer noopener sponsored nofollow\">se b\u00e4st rankade hotell<\/a> &#8211; t.ex. <a href=\"https:\/\/www.booking.com\/hotel\/es\/casa-ceiba-maria.en.html?aid=1164282&amp;no_rooms=1&amp;group_adults=2&amp;label=mallorca\" target=\"_blank\" rel=\"noreferrer noopener sponsored nofollow\">Casa Ceiba Maria<\/a><\/li>\n\n\n\n<li>I en Finca i hj\u00e4rtat av \u00f6n &#8211; jag f\u00f6resl\u00e5r <a href=\"https:\/\/www.booking.com\/hotel\/es\/finca-cas-sant.en.html?aid=1164282&amp;label=mallorca\" target=\"_blank\" rel=\"noreferrer noopener sponsored nofollow\">Finca Cas Sant<\/a><\/li>\n<\/ul>\n<\/div>\n<\/div>\n<\/div><\/div><\/div>\n\n<div class=\"wp-block-columns is-layout-flex wp-container-core-columns-is-layout-9d6595d7 wp-block-columns-is-layout-flex\">\n<div class=\"wp-block-column is-layout-flow wp-block-column-is-layout-flow\"><div class=\"wp-block-image\">\n<figure class=\"aligncenter size-full is-resized\"><img decoding=\"async\" src=\"https:\/\/www.zigzagonearth.com\/wp-content\/uploads\/2023\/09\/Resplan-5-dagar-Mallorca.jpg\" alt=\"5 dagar p&#xE5; Mallorca resplan Pin\" class=\"wp-image-16075\" style=\"width:300px;height:undefinedpx\"\/><\/figure>\n<\/div><\/div>\n\n\n\n<div class=\"wp-block-column is-layout-flow wp-block-column-is-layout-flow\"><\/div>\n<\/div>\n\n<h2 class=\"wp-block-heading\" id=\"tab-con-10\"><strong>Bes\u00f6k Mallorca p\u00e5 5 dagar: viktigt att veta<\/strong><\/h2>\n\n<h3 class=\"wp-block-heading\"><strong>Hur tillbringar man 5 dagar p\u00e5 Mallorca?  <\/strong><\/h3>\n\n<p>Det beror p\u00e5 vad du \u00e4r intresserad av. Det finns m\u00e5nga fantastiska platser och aktiviteter.<br\/>Du kan tillbringa hela tiden med att koppla av p\u00e5 stranden och njuta av restaurangerna. Men det skulle vara synd eftersom \u00f6n \u00e4r s\u00e5 vacker!<br\/>I den h\u00e4r artikeln rekommenderar jag 5 typer av resv\u00e4gar, beroende p\u00e5 dina f\u00f6rv\u00e4ntningar: landskap, strand, \u00e4ventyr, ingen k\u00f6rning&#8230;<\/p>\n\n<p>Men innan jag delar med mig av resplanerna kommer <span style=\"text-decoration: underline;\">h\u00e4r n\u00e5gra viktiga tips att<\/span> t\u00e4nka p\u00e5.<\/p>\n\n<figure class=\"wp-block-image size-large\"><img decoding=\"async\" src=\"https:\/\/photos.smugmug.com\/Travel\/Mallorca\/Itinerary\/i-WTBFJKm\/0\/e9537c4c\/L\/Visiting-Mallorca-%205-days-bestthings-to-do%20-L.jpg\" alt=\"B&#xE4;sta sakerna att g&#xF6;ra p&#xE5; Mallorca p&#xE5; 5 dagar\"\/><figcaption class=\"wp-element-caption\"><strong>B\u00e4sta sakerna att g\u00f6ra p\u00e5 Mallorca p\u00e5 5 dagar<\/strong><\/figcaption><\/figure>\n\n<h3 class=\"wp-block-heading\"><strong>R\u00e4cker det med 5 dagar p\u00e5 Mallorca?  <\/strong><\/h3>\n\n<p>\u00d6n \u00e4r st\u00f6rre \u00e4n man kan f\u00f6rest\u00e4lla sig. Och det finns mycket att g\u00f6ra och bes\u00f6ka.<br\/>Jag tror att den b\u00e4sta l\u00e4ngden f\u00f6r din Mallorcaresa f\u00f6r att njuta av lite av allt som den har att erbjuda \u00e4r 2 veckor.<br\/>Med 5 dagar m\u00e5ste du g\u00f6ra specifika val f\u00f6r att antingen:<\/p>\n\n<ul class=\"wp-block-list\">\n<li><span style=\"text-decoration: underline;\">V\u00e4lj en av allt<\/span> (en cala, en by, en grotta, ett slott&#8230;)<\/li>\n\n\n\n<li>eller <span style=\"text-decoration: underline;\">v\u00e4lja ett omr\u00e5de p\u00e5 \u00f6n<\/span> och besluta att komma tillbaka en annan g\u00e5ng f\u00f6r att t\u00e4cka resten<\/li>\n<\/ul>\n\n<p>Fyll inte f\u00f6r mycket i din resplan. Du kanske vill stanna till vid utsiktsplatser, ta sidov\u00e4gar f\u00f6r att utforska dolda omr\u00e5den eller bara stanna l\u00e4ngre i en by eller vid en strand eftersom det \u00e4r s\u00e5 spektakul\u00e4rt. Se d\u00e4rf\u00f6r till att vara rimlig i din planering.<\/p>\n\n<p>Nedan finns en karta med de viktigaste k\u00f6rtiderna f\u00f6r att ge dig perspektiv:<\/p>\n\n<figure class=\"wp-block-image size-large\"><img decoding=\"async\" src=\"https:\/\/www.zigzagonearth.com\/wp-content\/uploads\/2021\/12\/Map-Mallorca-driving-times.jpg\" alt=\"K&#xF6;rtider p&#xE5; Mallorca\"\/><figcaption class=\"wp-element-caption\"><strong>K\u00f6rtider p\u00e5 Mallorca<\/strong><\/figcaption><\/figure>\n\n<h3 class=\"wp-block-heading\"><strong>Hur man tar sig till Mallorca<\/strong><\/h3>\n\n<p>Mallorca har en mycket stor flygplats. Det finns m\u00e5nga flyg fr\u00e5n de flesta europeiska l\u00e4nder.  <a style=\"outline: none;\" href=\"https:\/\/skyscanner.pxf.io\/c\/2838839\/1027991\/13416?associateid=AFF_TRA_19354_00001&amp;subId3=one-week-mallorca-itin_amcid-xJ7UJUYsel76sbEZrUlAm\" target=\"_blank\" rel=\"nofollow noopener\">J\u00e4mf\u00f6r flygpriser p\u00e5 Skyscanner<\/a><\/p>\n\n<p>Men du kan ocks\u00e5 anl\u00e4nda med f\u00e4rja fr\u00e5n Barcelona eller Valencia (cirka 8 timmars \u00f6verfart) &#8211; <a style=\"outline: none;\" href=\"https:\/\/www.directferries.com\/?dfpid=1915&amp;affid=0&amp;rurl=\" target=\"_blank\" rel=\"nofollow noopener\">kolla in f\u00e4rjealternativ<\/a><\/p>\n\n<h3 class=\"wp-block-heading\"><strong>Hur man tar sig runt<\/strong><\/h3>\n\n<p>Det \u00e4r m\u00f6jligt att utforska vissa omr\u00e5den utan bil: Det finns <a href=\"https:\/\/www.getyourguide.se\/s\/?q=Mallorca&amp;searchSource=2&amp;partner_id=R3GYW4V&amp;deeplink_id=b6715136-3273-5359-b293-b677819ff16b&amp;cmp=ZZ_Mallorca_itinerary\" target=\"_blank\" rel=\"noreferrer noopener sponsored nofollow\">guidade turer<\/a> som kan ta dig till de mest k\u00e4nda platserna: grottor, klippor.  <br\/>Men Mallorca \u00e4r s\u00e5 mycket mer \u00e4n s\u00e5!<br\/>Det finns s\u00e5 m\u00e5nga utsiktsplatser, fantastiska v\u00e4gar och dolda p\u00e4rlor att uppt\u00e4cka&#8230;<br\/>Jag tror verkligen att hyra en bil \u00e4r det b\u00e4sta s\u00e4ttet att uppt\u00e4cka \u00f6n.<\/p>\n\n<ul class=\"wp-block-list\">\n<li>J\u00e4mf\u00f6r priser p\u00e5 min favoritplattform: <a href=\"https:\/\/www.discovercars.com\/se\/spain-balearic-islands\/mallorca?a_aid=zigzag&amp;chan=ZZOE&amp;data2=Mallorca\" target=\"_blank\" rel=\"noreferrer noopener sponsored nofollow\">Discovercars.com<\/a> &#8211; en av de b\u00e4st rankade j\u00e4mf\u00f6relsesajterna!<\/li>\n\n\n\n<li>V\u00e4lj bil och f\u00f6retag (v\u00e4lj g\u00e4rna en mindre bil f\u00f6r de smala v\u00e4garna)<\/li>\n\n\n\n<li>\u00d6verv\u00e4g deras alternativ med full t\u00e4ckning (jag rekommenderar det p\u00e5 grund av de smala v\u00e4garna)<\/li>\n\n\n\n<li><a href=\"https:\/\/www.discovercars.com\/se\/spain-balearic-islands\/mallorca?a_aid=zigzag&amp;chan=ZZOE&amp;data2=Mallorca\" target=\"_blank\" rel=\"noreferrer noopener sponsored nofollow\">Boka tidigt<\/a> &#8211; det finns begr\u00e4nsat utbud eftersom det \u00e4r en \u00f6. S\u00e4rskilt under sommaren b\u00f6r du se till att du kan f\u00e5 en bil om du bokar dina flyg i sista minuten.<\/li>\n<\/ul>\n\n<p>Se mina <a style=\"outline: none;\" href=\"https:\/\/www.zigzagonearth.com\/renting-car-mallorca-tips\/\" target=\"_blank\" rel=\"noopener\">36 tips om att hyra en bil p\u00e5 Mallorca<\/a><br\/>Och se <a style=\"outline: none;\" href=\"https:\/\/www.zigzagonearth.com\/sv\/korning-mallorca-tips\/\" target=\"_blank\" rel=\"nofollow noopener\">mina tips om att k\u00f6ra i<\/a><a href=\"https:\/\/www.zigzagonearth.com\/sv\/korning-mallorca-tips\/\" target=\"_blank\" rel=\"noreferrer noopener\"> <\/a><a style=\"outline: none;\" href=\"https:\/\/www.zigzagonearth.com\/sv\/korning-mallorca-tips\/\" target=\"_blank\" rel=\"nofollow noopener\">Mallorca.<\/a><\/p>\n\n<figure class=\"wp-block-image size-large\"><img decoding=\"async\" src=\"https:\/\/photos.smugmug.com\/Travel\/Mallorca\/Driving\/i-SqwQf23\/1\/b5ff3939\/L\/driving_Mallorca-084908-L.jpg\" alt=\"K&#xF6;rning p&#xE5; Mallorca\"\/><figcaption class=\"wp-element-caption\"><strong>K\u00f6rning p\u00e5 Mallorca<\/strong><\/figcaption><\/figure>\n\n<h3 class=\"wp-block-heading\"><strong>Var du kan bo &#8211; b\u00e4sta sidan av Mallorca<\/strong><\/h3>\n\n<p>Det finns inga absolut b\u00e4sta st\u00e4llen att bo p\u00e5 Mallorca. Det beror p\u00e5 vad du letar efter.<br\/>Nedan f\u00f6ljer n\u00e5gra av mina rekommendationer, n\u00e4r du bara har 5 dagar, s\u00e5 att du inte \u00e4r f\u00f6r l\u00e5ngt borta fr\u00e5n attraktionerna<\/p>\n\n<ul class=\"wp-block-list\">\n<li>F\u00f6r ett urval av restauranger och en huvudstad &#8211; <a href=\"https:\/\/www.booking.com\/searchresults.en.html?city=-395224&amp;nflt=review_score%253D90&amp;aid=1164282&amp;no_rooms=1&amp;group_adults=2&amp;label=ZZ_Mallorca_itinerary\" target=\"_blank\" rel=\"noreferrer noopener sponsored nofollow\">se b\u00e4st rankade boenden i Palma<\/a><\/li>\n\n\n\n<li>F\u00f6r strand + praktiskt l\u00e4ge f\u00f6r att utforska &#8211; <a href=\"https:\/\/www.booking.com\/searchresults.en.html?city=-381100&amp;nflt=review_score%253D90&amp;aid=1164282&amp;no_rooms=1&amp;group_adults=2&amp;label=ZZ_Mallorca_itinerary\" target=\"_blank\" rel=\"noreferrer noopener sponsored nofollow\">se b\u00e4st rankade boenden i Port d&#8217;Alcudia<\/a><\/li>\n\n\n\n<li>F\u00f6r ett festomr\u00e5de &#8211; <a href=\"https:\/\/www.booking.com\/searchresults.en.html?city=-380228&amp;nflt=review_score%253D90&amp;aid=1164282&amp;no_rooms=1&amp;group_adults=2&amp;label=ZZ_Mallorca_itinerary\" target=\"_blank\" rel=\"noreferrer noopener sponsored nofollow\">se b\u00e4st rankade boenden i S&#8217;Arenal<\/a> (inte l\u00e5ngt fr\u00e5n Palma de Mallorca)<\/li>\n\n\n\n<li>F\u00f6r tillg\u00e5ng till de b\u00e4sta calas &#8211; <a href=\"https:\/\/www.booking.com\/searchresults.en.html?city=900039122&amp;nflt=review_score%253D90&amp;aid=1164282&amp;no_rooms=1&amp;group_adults=2&amp;label=ZZ_Mallorca_itinerary\" target=\"_blank\" rel=\"noreferrer noopener sponsored nofollow\">se b\u00e4st rankade boenden i Cala d&#8217;or<\/a><\/li>\n\n\n\n<li>F\u00f6r familjer &#8211; <a href=\"https:\/\/www.booking.com\/searchresults.en.html?city=-374964&amp;nflt=review_score%253D90&amp;aid=1164282&amp;no_rooms=1&amp;group_adults=2&amp;label=ZZ_Mallorca_itinerary\" target=\"_blank\" rel=\"noreferrer noopener sponsored nofollow\">se b\u00e4st rankade boenden i Cala Millor<\/a> eller i <a href=\"https:\/\/www.booking.com\/searchresults.en.html?city=900039294&amp;nflt=review_score%253D90&amp;aid=1164282&amp;no_rooms=1&amp;group_adults=2&amp;label=ZZ_Mallorca_itinerary\" target=\"_blank\" rel=\"noreferrer noopener sponsored nofollow\">Colonia Sant Jordi<\/a><\/li>\n<\/ul>\n\n<p><a style=\"outline: none;\" href=\"https:\/\/www.zigzagonearth.com\/where-to-stay-mallorca-best-areas\/\" target=\"_blank\" rel=\"noopener\">Fler tips i min artikel om var man kan bo p\u00e5 Mallorca<\/a>.<\/p>\n\n<figure class=\"wp-block-image size-large\"><img decoding=\"async\" src=\"https:\/\/photos.smugmug.com\/Travel\/Mallorca\/Sunrise-Sunset\/i-RdtWGR5\/0\/9c071e9d\/L\/Sunrise_Mallorca-084198-L.jpg\" alt=\"Soluppg&#xE5;ng i Port d'Alcudia\"\/><figcaption class=\"wp-element-caption\"><strong>Soluppg\u00e5ng i Port d&#8217;Alcudia<\/strong><\/figcaption><\/figure>\n\n<h2 class=\"wp-block-heading\" id=\"tab-con-2\"><strong>Alternativ 1 &#8211; 5 dagars rundresa p\u00e5 Mallorca &#8211; road trip &amp; variation<\/strong><\/h2>\n\n<h3 class=\"wp-block-heading\"><strong>Inledning<\/strong><\/h3>\n\n<p>Denna resv\u00e4g \u00e4r f\u00f6r f\u00f6rstag\u00e5ngsresen\u00e4ren som vill se lite av allt som \u00f6n har att erbjuda:<br\/>str\u00e4nder, calas, medeltida st\u00e4der, charmiga byar, arkeologiska utgr\u00e4vningar, grottor, klippor, berg&#8230;<\/p>\n\n<p>Jag har inte tagit med n\u00e5gra av de mest k\u00e4nda platserna, eftersom jag tycker att de \u00e4r \u00f6verskattade och f\u00f6r tr\u00e5nga. Jag har valt alternativ \u00e5t dig.<\/p>\n\n<p>F\u00f6r denna typ av resv\u00e4g \u00e4r det viktigt att hyra en bil!J\u00e4mf\u00f6r priser p\u00e5 min favoritplattform:<br\/><a href=\"https:\/\/www.discovercars.com\/se\/spain-balearic-islands\/mallorca?a_aid=zigzag&amp;chan=ZZOE&amp;data2=Mallorca\" target=\"_blank\" rel=\"noreferrer noopener sponsored nofollow\">Discovercars.com<\/a> &#8211; en av de b\u00e4st rankade j\u00e4mf\u00f6relsesajterna!<\/p>\n\n<figure class=\"wp-block-image size-large\"><img decoding=\"async\" src=\"https:\/\/www.zigzagonearth.com\/wp-content\/uploads\/2023\/02\/Map-Mallorca-5-day-itinerary-best-of.jpeg\" alt=\"Karta - Mallorca 5 dagars rundresa &quot;b&#xE4;st av&quot;\"\/><figcaption class=\"wp-element-caption\"><strong>Karta &#8211; Mallorca 5 dagars rundresa &#8221;b\u00e4st av&#8221;<\/strong><\/figcaption><\/figure>\n\n<h3 class=\"wp-block-heading\"><strong>Sammanfattning<\/strong><\/h3>\n\n<ul class=\"wp-block-list\">\n<li>Dag 1 &#8211; Cape Formentor-omr\u00e5det (klippor)<\/li>\n\n\n\n<li>Dag 2 &#8211; Omr\u00e5det kring Alcudia<\/li>\n\n\n\n<li>Dag 3 &#8211; Sa Calobra och Port de Soller (berg)<\/li>\n\n\n\n<li>Dag 4 &#8211; Naturparken Calo des Moro och Mondrago (natur, vikar&#8230;)<\/li>\n\n\n\n<li>Dag 5 &#8211; Palma de Mallorca<\/li>\n<\/ul>\n\n<p>Jag har f\u00f6rs\u00f6kt att alternera dagar med lite strandtid och andra dagar med bara utforskning.<br\/>Dagarna kan v\u00e4xlas beroende p\u00e5 v\u00e4der och f\u00f6rh\u00e5llanden. Undvik Palma de Mallorca p\u00e5 s\u00f6ndagar och m\u00e5ndagar (d\u00e5 alla monument \u00e4r \u00f6ppna).<\/p>\n\n<p>F\u00f6r denna resv\u00e4g d\u00e4r du k\u00f6r till varje h\u00f6rn av \u00f6n \u00e4r de b\u00e4sta st\u00e4llena att bo p\u00e5 n\u00e4ra den stora snabba v\u00e4gen:<\/p>\n\n<ul class=\"wp-block-list\">\n<li>Palma de Mallorca &#8211; <a href=\"https:\/\/www.booking.com\/searchresults.en.html?city=-395224&amp;nflt=review_score%253D90&amp;aid=1164282&amp;no_rooms=1&amp;group_adults=2&amp;label=ZZ_Mallorca_itinerary\" target=\"_blank\" rel=\"noreferrer noopener sponsored nofollow\">se b\u00e4st rankade boenden i Palma<\/a><\/li>\n\n\n\n<li>Alcudia eller Port de Alcudia &#8211; <a href=\"https:\/\/www.booking.com\/searchresults.en.html?city=-381100&amp;nflt=review_score%253D90&amp;aid=1164282&amp;no_rooms=1&amp;group_adults=2&amp;label=ZZ_Mallorca_itinerary\" target=\"_blank\" rel=\"noreferrer noopener sponsored nofollow\">se b\u00e4st rankade boende i Port d&#8217;Alcudia<\/a><\/li>\n<\/ul>\n\n<h3 class=\"wp-block-heading\"><strong>Dag 1 &#8211; Kap Formentor &amp; Pollen\u00e7a<\/strong><\/h3>\n\n<ul class=\"wp-block-list\">\n<li>Stopp 1 &#8211; Mirador es Colomer f\u00f6r att uppt\u00e4cka de magnifika klipporna<\/li>\n\n\n\n<li>Stopp 2 &#8211; Albertcrutx-tornet f\u00f6r att se hela udden<\/li>\n\n\n\n<li>Stopp 3 &#8211; K\u00f6r till Formentor-fyren (om den \u00e4r \u00f6ppen f\u00f6r bil &#8211; under sommarm\u00e5naderna \u00e4r den st\u00e4ngd och du m\u00e5ste ta en buss fr\u00e5n Formentor-stranden.<\/li>\n\n\n\n<li>Stopp 4 &#8211; Formentor-stranden, som anses vara en av de vackraste p\u00e5 \u00f6n<\/li>\n\n\n\n<li>Stopp 5 &#8211; om du inte tillbringar eftermiddagen p\u00e5 Formentor-stranden kan du bege dig in\u00e5t landet f\u00f6r att bes\u00f6ka Pollen\u00e7as historiska centrum med dess enorma trappa till Calvari<\/li>\n<\/ul>\n\n<p>L\u00e4s mer i <a style=\"outline: none;\" href=\"https:\/\/www.zigzagonearth.com\/sv\/cap-formentor-mallorca\/\" target=\"_blank\" rel=\"noopener\">min artikel om vad du kan g\u00f6ra p\u00e5 Cape Formentor<\/a>.<\/p>\n\n<p>Se upp! detta \u00e4r ett mycket mycket popul\u00e4rt omr\u00e5de. Det finns inte m\u00e5nga parkeringsplatser (f\u00f6rutom runt stranden), och inte mycket utrymme f\u00f6r att v\u00e4nda.<br\/>Det \u00e4r b\u00e4ttre att bes\u00f6ka oss s\u00e5 tidigt som m\u00f6jligt.<\/p>\n\n<figure class=\"wp-block-image size-large\"><img decoding=\"async\" src=\"https:\/\/photos.smugmug.com\/Travel\/Mallorca\/Es-Colomer\/i-4XGHhfz\/1\/750682e2\/L\/Mirador_Colomer_Formentor_Mallorca-052889-L.jpg\" alt=\"Kap Formentor\"\/><figcaption class=\"wp-element-caption\"><strong>Kap Formentor<\/strong><\/figcaption><\/figure>\n\n<figure class=\"wp-block-image size-large\"><img decoding=\"async\" src=\"https:\/\/photos.smugmug.com\/Travel\/Mallorca\/Platja-Formentor-beach\/i-HXcTQtk\/2\/3b4b019e\/L\/Formentor_playa_Mallorca-0986-L.jpg\" alt=\"Formentor strand\"\/><figcaption class=\"wp-element-caption\"><strong>Formentor strand<\/strong><\/figcaption><\/figure>\n\n<figure class=\"wp-block-image size-large\"><img decoding=\"async\" src=\"https:\/\/photos.smugmug.com\/Travel\/Mallorca\/Pollenca\/i-N6QjHx3\/3\/6d0f4daa\/L\/Staircase_Calvari_Pollenca_Mallorca-053283-L.jpg\" alt=\"Pollen&#xE7;a\"\/><figcaption class=\"wp-element-caption\"><strong>Pollen\u00e7a<\/strong><\/figcaption><\/figure>\n\n<h3 class=\"wp-block-heading\"><strong>Dag 2 &#8211; Alcudias gamla stadsk\u00e4rna och Alcudias strand<\/strong><\/h3>\n\n<ul class=\"wp-block-list\">\n<li>Stopp 1 &#8211; Alcudia gamla stad &#8211; njut av de medeltida murarna, de romerska ruinerna, kyrkan&#8230; bara strosa runt och p\u00e5 murarna<\/li>\n\n\n\n<li>Stopp 2 &#8211; Alcudia strand &#8211; ta en l\u00e5ng promenad p\u00e5 sandstranden, roa dig med n\u00e5gon av vattenaktiviteterna eller bara koppla av p\u00e5 stranden<\/li>\n\n\n\n<li>Stopp 3 &#8211; om du inte vill tillbringa f\u00f6r mycket tid p\u00e5 stranden kan du \u00e5ka lite in\u00e5t landet och bes\u00f6ka Campanet-grottorna<\/li>\n<\/ul>\n\n<p>L\u00e4s mer i <a style=\"outline: none;\" href=\"https:\/\/www.zigzagonearth.com\/best-things-to-do-alcudia-mallorca\/\" target=\"_blank\" rel=\"noopener\">min artikel om vad som \u00e4r b\u00e4st att g\u00f6ra i Alcudia<\/a>.<br\/>Alcudia har n\u00e5gra bra restauranger. Jag rekommenderar att du \u00e4ter lunch inne i den gamla medeltida staden.<\/p>\n\n<figure class=\"wp-block-image size-large\"><img decoding=\"async\" src=\"https:\/\/photos.smugmug.com\/Travel\/Mallorca\/Alcudia\/i-8P8FGsH\/3\/457bbccd\/L\/Porta_sant_Sebastia_Alcudia_Mallorca-095070-L.jpg\" alt=\"Alcudia gamla stad\"\/><figcaption class=\"wp-element-caption\"><strong>Alcudia gamla stad<\/strong><\/figcaption><\/figure>\n\n<figure class=\"wp-block-image size-large\"><img decoding=\"async\" src=\"https:\/\/photos.smugmug.com\/Travel\/Mallorca\/Alcudia\/i-nrGfgBJ\/3\/c40f61fb\/L\/Alcudia_Mallorca-095119-L.jpg\" alt=\"Alcudias medeltida mur\"\/><figcaption class=\"wp-element-caption\"><strong>Alcudias medeltida mur<\/strong><\/figcaption><\/figure>\n\n<figure class=\"wp-block-image size-large\"><img decoding=\"async\" src=\"https:\/\/photos.smugmug.com\/Travel\/Mallorca\/Port-de-Alcudia\/i-qcdVXvf\/1\/a1d7e4b2\/L\/Alcudia_beach_Mallorca-126765-L.jpg\" alt=\"Alcudia strand\"\/><figcaption class=\"wp-element-caption\"><strong>Alcudia strand<\/strong><\/figcaption><\/figure>\n\n<h3 class=\"wp-block-heading\"><strong>Dag 3 &#8211; Sa Calobra och Port de Soller<\/strong><\/h3>\n\n<ul class=\"wp-block-list\">\n<li>Stopp 1 &#8211; K\u00f6r den fantastiska v\u00e4gen till Sa Calobra &#8211; stanna till vid Col dels Reis f\u00f6r att se den konstgjorda v\u00e4gen med sina sn\u00f6ren<\/li>\n\n\n\n<li>Stopp 2 &#8211; Njut av den korta promenaden till Calobra och den fantastiska dolda stranden<\/li>\n\n\n\n<li>Stopp 3 &#8211; Promenad runt bukten Port de Soller, avnjut lunch<\/li>\n\n\n\n<li>Stopp 4 &#8211; K\u00f6r antingen till fyren (Far de Cap Gros) eller upp till den traditionella byn Fornalutx<\/li>\n<\/ul>\n\n<p>Sa Calobra \u00e4r mycket popul\u00e4rt och det finns begr\u00e4nsat med parkeringsplatser.<br\/>Bes\u00f6k s\u00e5 tidigt som m\u00f6jligt.<\/p>\n\n<p>L\u00e4s mer i <a style=\"outline: none;\" href=\"https:\/\/www.zigzagonearth.com\/sa-calobra-mallorca\/\" target=\"_blank\" rel=\"noopener\">min artikel om Sa Calobra<\/a> och <a href=\"https:\/\/www.zigzagonearth.com\/best-things-port-de-soller-mallorca\/\" target=\"_blank\" rel=\"noopener\">min artikel om Port de Soller<\/a><\/p>\n\n<figure class=\"wp-block-image size-large\"><img decoding=\"async\" src=\"https:\/\/photos.smugmug.com\/Travel\/Mallorca\/Coll-del-Reis-Sa-Calobra-Road\/i-TFX7677\/1\/b7aea545\/L\/Coll_del_Reis_Sa_Calobra_Road_Mallorca-084325-L.jpg\" alt=\"Col dels Reis\"\/><figcaption class=\"wp-element-caption\"><strong>Col dels Reis<\/strong><\/figcaption><\/figure>\n\n<figure class=\"wp-block-image size-large\"><img decoding=\"async\" src=\"https:\/\/photos.smugmug.com\/Travel\/Mallorca\/Sa-Calobra\/i-cN8Mw4S\/1\/7f82461c\/L\/beach_Sa_Calobra_Mallorca-0783-L.jpg\" alt=\"Sa Calobra\"\/><figcaption class=\"wp-element-caption\"><strong>Sa Calobra<\/strong><\/figcaption><\/figure>\n\n<figure class=\"wp-block-image size-large\"><img decoding=\"async\" src=\"https:\/\/photos.smugmug.com\/Travel\/Mallorca\/Port-de-Soller\/i-fb9xPk9\/3\/595dd19b\/L\/Port_de_Soller_Mallorca-074051-L.jpg\" alt=\"Port de Soller\"\/><figcaption class=\"wp-element-caption\"><strong>Port de Soller<\/strong><\/figcaption><\/figure>\n\n<figure class=\"wp-block-image size-large\"><img decoding=\"async\" src=\"https:\/\/photos.smugmug.com\/Travel\/Mallorca\/Fornalutx\/i-JRDXH5x\/3\/fcfa1a14\/L\/Fornalutx_Mallorca-084786-L.jpg\" alt=\"Fornalutx\"\/><figcaption class=\"wp-element-caption\"><strong>Fornalutx<\/strong><\/figcaption><\/figure>\n\n<h3 class=\"wp-block-heading\"><strong>Dag 4 &#8211; Calo des Moro och naturparken Mondrago<\/strong><\/h3>\n\n<ul class=\"wp-block-list\">\n<li>Stopp 1 &#8211; Calo des Moro (kom s\u00e5 tidigt som m\u00f6jligt, eftersom det \u00e4r mycket, mycket popul\u00e4rt &#8211; l\u00e4s min artikel f\u00f6r alla mina tips)<\/li>\n\n\n\n<li>Stopp 2 &#8211; Naturparken Mondrago &#8211; vandringsled p\u00e5 udden<\/li>\n\n\n\n<li>Stopp 3 &#8211; Cala Mondrago eller Cala S&#8217;Amorador strand<\/li>\n<\/ul>\n\n<p>L\u00e4s mer i mina artiklar om <a style=\"outline: none;\" href=\"https:\/\/www.zigzagonearth.com\/sv\/calo-des-moro-mallorca-strand\/\" target=\"_blank\" rel=\"noopener\">Calo des Moro<\/a> och <a style=\"outline: none;\" href=\"https:\/\/www.zigzagonearth.com\/mondrago-natural-park-mallorca\/\" target=\"_blank\" rel=\"noopener\">Mondrago naturpark<\/a>.<\/p>\n\n<figure class=\"wp-block-image size-large\"><img decoding=\"async\" src=\"https:\/\/photos.smugmug.com\/Travel\/Mallorca\/Calo-del-Moro-S-Almonia\/i-sNzBSv2\/1\/000a540b\/L\/Calo_Del_Moro_Mallorca-189283-L.jpg\" alt=\"Calo des Moro\"\/><figcaption class=\"wp-element-caption\"><strong>Calo des Moro<\/strong><\/figcaption><\/figure>\n\n<figure class=\"wp-block-image size-large\"><img decoding=\"async\" src=\"https:\/\/photos.smugmug.com\/Travel\/Mallorca\/12b-Mondrago-Natural-Park\/i-shw6QH5\/1\/3be4a7aa\/L\/Cala_Mondrago_Nature_Park_Mallorca-157756-L.jpg\" alt=\"Naturparken Mondrago\"\/><figcaption class=\"wp-element-caption\"><strong>Naturparken Mondrago<\/strong><\/figcaption><\/figure>\n\n<h3 class=\"wp-block-heading\"><strong>Dag 5 &#8211; Palma de Mallorca<\/strong><\/h3>\n\n<ul class=\"wp-block-list\">\n<li>Stopp 1 &#8211; Katedralen i Palma de Mallorca &#8211; <a href=\"https:\/\/www.getyourguide.se\/mallorca-l47\/mallorca-cathedral-diocese-museum-skip-the-line-ticket-t104426\/?partner_id=R3GYW4V&amp;deeplink_id=8673f10f-fd71-53b3-81c9-896897ee9c1f&amp;cmp=ZZ_Mallorca_itinerary\" target=\"_blank\" rel=\"noreferrer noopener sponsored nofollow\">k\u00f6p en skip-the-line-biljett<\/a><\/li>\n\n\n\n<li>Stopp 2 &#8211; Promenera runt i stadsk\u00e4rnan och njut av den varierade arkitekturen<\/li>\n\n\n\n<li>Stopp 3 &#8211; \u00e5k s\u00f6derut och bes\u00f6k det imponerande runda slottet (Castell de Bellver) &#8211; njut av 360\u00b0-utsikten<\/li>\n<\/ul>\n\n<p><a style=\"outline: none;\" href=\"https:\/\/www.zigzagonearth.com\/best-things-do-palma-mallorca\/\" target=\"_blank\" rel=\"noopener\">Se de b\u00e4sta sakerna att g\u00f6ra<\/a>.<\/p>\n\n<figure class=\"wp-block-image size-large\"><img decoding=\"async\" src=\"https:\/\/photos.smugmug.com\/Travel\/Mallorca\/Palma-Cathedral\/i-XXPXssR\/3\/b4d2a768\/L\/cathedral_Palma_Mallorca-178682-L.jpg\" alt=\"Palmas katedral\"\/><figcaption class=\"wp-element-caption\"><strong>Palmas katedral<\/strong><\/figcaption><\/figure>\n\n<figure class=\"wp-block-image size-large\"><img decoding=\"async\" src=\"https:\/\/photos.smugmug.com\/Travel\/Mallorca\/Palma-Castell-de-Bellver\/i-V3MSSV8\/1\/d505d96b\/L\/Castell_Bellver_Palma_Mallorca-178621-L.jpg\" alt=\"Castell de Bellver\"\/><figcaption class=\"wp-element-caption\"><strong>Castell de Bellver<\/strong><\/figcaption><\/figure>\n\n<div style=\"margin-top:8%;margin-bottom:8%\" class=\"wp-block-genesis-blocks-gb-container box gb-block-container\"><div class=\"gb-container-inside\"><div class=\"gb-container-content\">\n<div class=\"wp-block-columns box_colonne is-layout-flex wp-container-core-columns-is-layout-9d6595d7 wp-block-columns-is-layout-flex\">\n<div class=\"wp-block-column colonne is-layout-flow wp-block-column-is-layout-flow\" style=\"flex-basis:66.6%\">\n<h5 class=\"wp-block-heading box_titre\">Beh\u00f6ver du hyra bil p\u00e5 Mallorca?<\/h5>\n\n\n\n<p class=\"box_intro\">Mina tips:<\/p>\n\n\n\n<ul class=\"box_liste wp-block-list\" style=\"font-size:16px\">\n<li>J\u00e4mf\u00f6r priser p\u00e5 min favoritplattform: <a href=\"https:\/\/www.discovercars.com\/se\/spain-balearic-islands\/mallorca?a_aid=zigzag&amp;chan=ZZ_Mallorca\" target=\"_blank\" rel=\"noreferrer noopener sponsored nofollow\">\n  <span style=\"text-decoration: underline;\">Discovercars.com<\/span>\n<\/a> &#8211; en av de b\u00e4st rankade j\u00e4mf\u00f6relsesajterna!<\/li>\n\n\n\n<li>V\u00e4lj inte en f\u00f6r stor bil, eftersom vissa v\u00e4gar \u00e4r mycket smala<\/li>\n\n\n\n<li>T\u00e4nk p\u00e5 deras full t\u00e4ckning alternativ &#8211; det f\u00f6r sinnesfrid!  <\/li>\n\n\n\n<li><span style=\"text-decoration: underline;\">Boka tidigt<\/span> f\u00f6r att ha ett stort urval av fordon!<\/li>\n<\/ul>\n\n\n\n<div class=\"wp-block-columns box_barre_boutons is-layout-flex wp-container-core-columns-is-layout-9d6595d7 wp-block-columns-is-layout-flex\">\n<div class=\"wp-block-column is-vertically-aligned-center box_col_conseil is-layout-flow wp-block-column-is-layout-flow\">\n<p class=\"box_lien\"><a href=\"https:\/\/www.zigzagonearth.com\/renting-car-mallorca-tips\/\" target=\"_blank\" rel=\"noreferrer noopener\">Se alla mina tips<\/a><\/p>\n<\/div>\n\n\n\n<div class=\"wp-block-column box_col_bouton is-layout-flow wp-block-column-is-layout-flow\">\n<div class=\"wp-block-buttons box_bouton is-content-justification-left is-layout-flex wp-container-core-buttons-is-layout-fdcfc74e wp-block-buttons-is-layout-flex\">\n<div class=\"wp-block-button box_bouton\"><a class=\"wp-block-button__link wp-element-button\" href=\"https:\/\/www.discovercars.com\/se\/spain-balearic-islands\/mallorca?a_aid=zigzag&amp;amp;chan=ZZ_Mallorca\" target=\"_blank\" rel=\"noreferrer noopener\">Se tillg\u00e4ngliga bilar  <span class=\"box_bouton_image\"><img decoding=\"async\" style=\"width: 14px; height:14px;  \" src=\"https:\/\/www.zigzagonearth.com\/wp-content\/uploads\/2023\/08\/fleche.png\" alt=\"\"\/><\/span><\/a><\/div>\n<\/div>\n<\/div>\n<\/div>\n<\/div>\n\n\n\n<div class=\"wp-block-column colonne box_cafe_img is-layout-flow wp-block-column-is-layout-flow\" style=\"flex-basis:33.33%\"><div class=\"wp-block-image\">\n<figure class=\"aligncenter size-large is-resized\"><img loading=\"lazy\" decoding=\"async\" src=\"https:\/\/www.zigzagonearth.com\/wp-content\/uploads\/2023\/08\/003world-travel-car-01-1024x1024.webp\" alt=\"\" class=\"wp-image-16227\" style=\"width:288px;height:288px\" width=\"288\" height=\"288\" srcset=\"https:\/\/www.zigzagonearth.com\/wp-content\/uploads\/2023\/08\/003world-travel-car-01-1024x1024.webp 1024w, https:\/\/www.zigzagonearth.com\/wp-content\/uploads\/2023\/08\/003world-travel-car-01-300x300.webp 300w, https:\/\/www.zigzagonearth.com\/wp-content\/uploads\/2023\/08\/003world-travel-car-01-150x150.webp 150w, https:\/\/www.zigzagonearth.com\/wp-content\/uploads\/2023\/08\/003world-travel-car-01-768x768.webp 768w, https:\/\/www.zigzagonearth.com\/wp-content\/uploads\/2023\/08\/003world-travel-car-01-1536x1536.webp 1536w, https:\/\/www.zigzagonearth.com\/wp-content\/uploads\/2023\/08\/003world-travel-car-01-2048x2048.webp 2048w, https:\/\/www.zigzagonearth.com\/wp-content\/uploads\/2023\/08\/003world-travel-car-01-100x100.webp 100w, https:\/\/www.zigzagonearth.com\/wp-content\/uploads\/2023\/08\/003world-travel-car-01-600x600.webp 600w\" sizes=\"auto, (max-width: 288px) 100vw, 288px\" \/><\/figure>\n<\/div><\/div>\n<\/div>\n<\/div><\/div><\/div>\n\n<h2 class=\"wp-block-heading\" id=\"t-1655543715583\"><strong>Alternativ 2 &#8211; Mallorca p\u00e5 5 dagar &#8211; b\u00e4sta strandresan<\/strong><\/h2>\n\n<h3 class=\"wp-block-heading\"><strong>Inledning<\/strong><\/h3>\n\n<p>Denna 5-dagarsresa till Mallorca \u00e4r f\u00f6r dig som \u00e4lskar att uppt\u00e4cka de vackraste str\u00e4nderna och tillbringa tid med att koppla av d\u00e4r.<br\/>Den inneh\u00e5ller mitt urval av de vackraste calas och str\u00e4nderna.  <br\/>Dessutom har jag lagt till n\u00e5gra bes\u00f6k som kan kombineras med dessa str\u00e4nder, om du inte vill tillbringa hela dagen d\u00e4r.<\/p>\n\n<p>F\u00f6r den h\u00e4r typen av resor \u00e4r det viktigt att hyra en bil!<br\/>J\u00e4mf\u00f6r priser p\u00e5 min favoritplattform: <a href=\"https:\/\/www.discovercars.com\/se\/spain-balearic-islands\/mallorca?a_aid=zigzag&amp;chan=ZZOE&amp;data2=Mallorca\" target=\"_blank\" rel=\"noreferrer noopener sponsored nofollow\">Discovercars.com<\/a> &#8211; en av de b\u00e4st rankade j\u00e4mf\u00f6relsesajterna!<\/p>\n\n<figure class=\"wp-block-image size-large\"><img decoding=\"async\" src=\"https:\/\/photos.smugmug.com\/Travel\/Mallorca\/Port-de-Alcudia\/i-qcdVXvf\/3\/71fda90b\/L\/Alcudia_beach_Mallorca-126765-L.jpg\" alt=\"Alcudia strand\"\/><figcaption class=\"wp-element-caption\"><strong>Alcudia strand<\/strong><\/figcaption><\/figure>\n\n<h3 class=\"wp-block-heading\"><strong>Sammanfattning<\/strong><\/h3>\n\n<ul class=\"wp-block-list\">\n<li>Dag 1 &#8211; Formentor-stranden<\/li>\n\n\n\n<li>Dag 2 &#8211; Cala Pi &amp; Cala Beltran<\/li>\n\n\n\n<li>Dag 3 &#8211; Naturparken Mondrago<\/li>\n\n\n\n<li>Dag 4 &#8211; Calo des Moro<\/li>\n\n\n\n<li>Dag 5 &#8211; Cala Mesquida<\/li>\n<\/ul>\n\n<p>F\u00f6r denna resv\u00e4g vill du bo p\u00e5 en plats med en vacker strand som du ocks\u00e5 tycker om, om du vill \u00e4ndra en dag till en resfri dag:<\/p>\n\n<ul class=\"wp-block-list\">\n<li>Colonia de Sant Jordi &#8211; <a href=\"https:\/\/www.booking.com\/searchresults.en.html?city=900039294&amp;nflt=review_score%253D90&amp;aid=1164282&amp;no_rooms=1&amp;group_adults=2&amp;label=ZZ_Mallorca_itinerary\" target=\"_blank\" rel=\"noreferrer noopener sponsored nofollow\">se b\u00e4st rankade boenden<\/a><\/li>\n\n\n\n<li>Cala Millor &#8211; <a href=\"https:\/\/www.booking.com\/searchresults.en.html?city=-374964&amp;nflt=review_score%253D90&amp;aid=1164282&amp;no_rooms=1&amp;group_adults=2&amp;label=ZZ_Mallorca_itinerary\" target=\"_blank\" rel=\"noreferrer noopener sponsored nofollow\">se b\u00e4st rankade boenden<\/a> <\/li>\n\n\n\n<li>Alcudia eller Port de Alcudia &#8211; <a href=\"https:\/\/www.booking.com\/searchresults.en.html?city=-381100&amp;nflt=review_score%253D90&amp;aid=1164282&amp;no_rooms=1&amp;group_adults=2&amp;label=ZZ_Mallorca_itinerary\" target=\"_blank\" rel=\"noreferrer noopener sponsored nofollow\">se b\u00e4st rankade boenden<\/a><\/li>\n<\/ul>\n\n<figure class=\"wp-block-image size-large\"><img decoding=\"async\" src=\"https:\/\/photos.smugmug.com\/Travel\/Mallorca\/Colonia-de-Sant-Jordi\/i-bRFCF97\/3\/5e7ba89d\/L\/beach_Colonia_de_Sant_Jordi_Mallorca-189411-L.jpg\" alt=\"Colonia de Sant Jordi strand\"\/><figcaption class=\"wp-element-caption\"><strong>Colonia de Sant Jordi strand<\/strong><\/figcaption><\/figure>\n\n<h3 class=\"wp-block-heading\"><strong>Dag 1 &#8211; Formentor strand<\/strong><\/h3>\n\n<p>De flesta publikationer v\u00e4ljer Platja de Formentor som den vackraste stranden p\u00e5 Mallorca. <br\/>Formentors strand \u00e4r l\u00e5ng och sandig, med grunt turkost vatten. Och den har m\u00e5nga faciliteter. <br\/>Fr\u00e5n den halvcirkelformade bukten har man vacker utsikt \u00f6ver bergen som \u00e4r t\u00e4ckta av pinjetr\u00e4d.<\/p>\n\n<p>Och du kan kombinera med ett bes\u00f6k p\u00e5 Formentorhalv\u00f6n och dess imponerande klippor (eller \u00e5tminstone stanna till vid Mirador Es Colomer p\u00e5 v\u00e4gen).<br\/><a href=\"https:\/\/www.zigzagonearth.com\/sv\/cap-formentor-mallorca\/\" target=\"_blank\" rel=\"noopener\">L\u00e4s mer om halv\u00f6n Formentor<\/a><\/p>\n\n<figure class=\"wp-block-image size-large\"><img decoding=\"async\" src=\"https:\/\/photos.smugmug.com\/Travel\/Mallorca\/Platja-Formentor-beach\/i-vN3T3zv\/3\/daa3a872\/L\/Platja_Formentor_beach_Mallorca-053028-L.jpg\" alt=\"Platja de Formentor\"\/><figcaption class=\"wp-element-caption\"><strong>Platja de Formentor<\/strong><\/figcaption><\/figure>\n\n<h3 class=\"wp-block-heading\"><strong>Dag 2 &#8211; Cala Pi &amp; Cala Beltran<\/strong><\/h3>\n\n<p>Bes\u00f6k den smala viken Cala Pi.<br\/>Detta \u00e4r en utm\u00e4rkt plats f\u00f6r dem som tycker om att simma.<br\/>G\u00e5 nedf\u00f6r 146 trappsteg till en platt sandstrand och kristallklart vatten.<\/p>\n\n<p>Och om du vill ha lite \u00e4ventyr kan du vandra till n\u00e4sta vattendrag som heter Cala Beltran. Det \u00e4r en vacker promenad med utsikt n\u00e4stan hela v\u00e4gen.<br\/>Och du kan kombinera med ett bes\u00f6k i n\u00e4rliggande Capocorp Vell, en av de viktigaste arkeologiska platserna p\u00e5 \u00f6n.<\/p>\n\n<p>L\u00e4s mer i <a href=\"https:\/\/www.zigzagonearth.com\/sv\/cala-pi-beltran-mallorca\/\" target=\"_blank\" rel=\"noopener\">min artikel om Cala Pi<\/a>.<\/p>\n\n<figure class=\"wp-block-image\"><img decoding=\"async\" src=\"https:\/\/photos.smugmug.com\/Travel\/Mallorca\/13b-Cala-Pi\/i-5c4TMcg\/2\/4139d5aa\/L\/Cala_Pi_Mallorca-168145-L.jpg\" alt=\"Cala Pi strand\" title=\"Cala Pi strand\"\/><\/figure>\n\n<h3 class=\"wp-block-heading\"><strong>Dag 3 &#8211; Naturparken Mondrago<\/strong><\/h3>\n\n<p>Naturparken Mondrago \u00e4r k\u00e4nd f\u00f6r sina vita sandstr\u00e4nder, sitt turkosa vatten och sin skyddade natur.<br\/>Flera vandringsleder g\u00f6r det m\u00f6jligt f\u00f6r bes\u00f6karna att hitta l\u00e5nga och sm\u00e5 str\u00e4nder, medan de beundrar utsikten \u00f6ver klipporna. Min favoritpromenad \u00e4r #2, runt udden.<br\/>Det \u00e4r popul\u00e4rt men jag tycker att det fortfarande \u00e4r en frisk fl\u00e4kt eftersom det bara \u00e4r omgivet av natur.<br\/>Den st\u00f6rsta stranden \u00e4r Cala de Mondrago. Denna \u00e4r lite bredare \u00e4n de flesta i denna artikel.<br\/>Den andra stora stranden \u00e4r Cala s&#8217;Amarador.<br\/>Vattnet \u00e4r kristallklart.<br\/><a style=\"outline: none;\" href=\"https:\/\/www.zigzagonearth.com\/mondrago-natural-park-mallorca\/\" target=\"_blank\" rel=\"noopener\">L\u00e4s mer<\/a><\/p>\n\n<figure class=\"wp-block-image size-large\"><img decoding=\"async\" src=\"https:\/\/photos.smugmug.com\/Travel\/Mallorca\/12b-Mondrago-Natural-Park\/i-dh5Z4ts\/2\/06dfdfda\/L\/Cala_Mondrago_Nature_Park_Mallorca-157755-L.jpg\" alt=\"Naturparken Mondrago\"\/><figcaption class=\"wp-element-caption\"><strong>Naturparken Mondrago<\/strong><\/figcaption><\/figure>\n\n<h3 class=\"wp-block-heading\"><strong>Dag 4 &#8211; Calo des Moro<\/strong><\/h3>\n\n<p>Calo des Moro \u00e4r en fantastisk p\u00e4rla. Det \u00e4r definitivt v\u00e4rt anstr\u00e4ngningen att n\u00e5 dit.<br\/>Stranden \u00e4r faktiskt mycket liten, men viken \u00e4r fascinerande och det \u00e4r d\u00e4rf\u00f6r den ofta listas som en av de vackraste str\u00e4nderna p\u00e5 Mallorca.<br\/>Den unika milj\u00f6n erbjuder turkost vatten och snorklingsm\u00f6jligheter l\u00e4ngs klipporna.<br\/>Dessutom g\u00f6r den lilla udden att den inte blir f\u00f6r bred och inte f\u00f6r smal.<\/p>\n\n<p><a style=\"outline: none;\" href=\"https:\/\/www.zigzagonearth.com\/sv\/calo-des-moro-mallorca-strand\/\" target=\"_blank\" rel=\"noopener\">Se alla mina tips om att bes\u00f6ka Calo des Moro.<\/a><\/p>\n\n<figure class=\"wp-block-image size-large\"><img decoding=\"async\" src=\"https:\/\/photos.smugmug.com\/Travel\/Mallorca\/Calo-del-Moro-S-Almonia\/i-LQzcF4c\/3\/d6fb8007\/L\/Calo_Del_Moro_Mallorca-189263-L.jpg\" alt=\"Calo des Moro\"\/><figcaption class=\"wp-element-caption\"><strong>Calo des Moro<\/strong><\/figcaption><\/figure>\n\n<h3 class=\"wp-block-heading\"><strong>Dag 5 &#8211; Cala Mesquida<\/strong><\/h3>\n\n<p>Cala Mesquida \u00e4r den mest k\u00e4nda stranden i omr\u00e5det kring Arta och Capedepera.<br\/>Det \u00e4r en l\u00e5ng str\u00e4cka med fin sand (350 m) och sanddyner p\u00e5 baksidan.<br\/>Det \u00e4r en helt annan upplevelse \u00e4n de andra calorna p\u00e5 \u00f6n.<br\/>H\u00e4r kan vinden vara stark och skapa p\u00e5landsv\u00e5gor.<br\/>En semesterort har vuxit fram runt den, men st\u00f6r dig inte n\u00e4r du v\u00e4l \u00e4r p\u00e5 stranden, l\u00e4ngst ner p\u00e5 klipporna.<\/p>\n\n<p>Du kan kombinera med ett bes\u00f6k i Arta-grottorna (min favorit) eller slottet i Capdepera.<\/p>\n\n<figure class=\"wp-block-image size-large\"><img decoding=\"async\" src=\"https:\/\/photos.smugmug.com\/Travel\/Mallorca\/Cala-Mesquida\/i-2qLcWcf\/3\/f2400cec\/L\/Cala_Mesquida_Mallorca-116124-L.jpg\" alt=\"Cala Mesquida\"\/><figcaption class=\"wp-element-caption\"><strong>Cala Mesquida<\/strong><\/figcaption><\/figure>\n\n<h2 class=\"wp-block-heading\" id=\"tab-con-3\"><strong>Alternativ 3 &#8211; 5 dagar i Palma de Mallorca &#8211; dagsutflykter, ingen bil<\/strong><\/h2>\n\n<h3 class=\"wp-block-heading\"><strong>Sammanfattning<\/strong><\/h3>\n\n<p>Detta 5-dagarsalternativ \u00e4r f\u00f6r dem som inte vill hyra bil, men \u00e4nd\u00e5 se en stor variation av vad \u00f6n har att erbjuda.<\/p>\n\n<ul class=\"wp-block-list\">\n<li>Dag 1 &#8211; Palma de Mallorca huvudsakliga turistomr\u00e5de<\/li>\n\n\n\n<li>Dag 2 &#8211; Port de Soller och Sa Calobra<\/li>\n\n\n\n<li>Dag 3 &#8211; Underjordiska grottor<\/li>\n\n\n\n<li>Dag 4 &#8211; Palma de Mallorca, resten av staden<\/li>\n\n\n\n<li>Dag 5 &#8211; Cape Formentor (klippor, strand)<\/li>\n<\/ul>\n\n<p>Dagarna kan bytas beroende p\u00e5 tillg\u00e4nglighet.  <br\/>Undvik Palma de Mallorca p\u00e5 s\u00f6ndagar och m\u00e5ndagar (d\u00e5 alla monument \u00e4r \u00f6ppna).<\/p>\n\n<p>F\u00f6r den h\u00e4r resplanen \u00e4r det b\u00e4ttre att stanna i Palma de Mallorca f\u00f6r det st\u00f6rsta urvalet av dagsutflykter &#8211; <a href=\"https:\/\/www.booking.com\/searchresults.en.html?city=-395224&amp;nflt=review_score%253D90&amp;aid=1164282&amp;no_rooms=1&amp;group_adults=2&amp;label=ZZ_Mallorca_itinerary\" target=\"_blank\" rel=\"noreferrer noopener sponsored nofollow\">se b\u00e4st rankade boenden<\/a><\/p>\n\n<h3 class=\"wp-block-heading\"><strong>Dag 1 &#8211; Palma de Mallorca<\/strong><\/h3>\n\n<ul class=\"wp-block-list\">\n<li>Stopp 1 &#8211; Bes\u00f6k katedralen i Palma de Mallorca &#8211; k\u00f6p en <a href=\"https:\/\/www.getyourguide.se\/mallorca-l47\/mallorca-cathedral-diocese-museum-skip-the-line-ticket-t104426\/?partner_id=R3GYW4V&amp;deeplink_id=8673f10f-fd71-53b3-81c9-896897ee9c1f&amp;cmp=ZZ_Mallorca_itinerary\" target=\"_blank\" rel=\"noreferrer noopener sponsored nofollow\">skip-the-line-biljett<\/a><\/li>\n\n\n\n<li>Stopp 2 &#8211; Bes\u00f6k palatset Alumdeina<\/li>\n\n\n\n<li>Utforska katedralomr\u00e5dena med sina vackra byggnader<\/li>\n\n\n\n<li>G\u00e5 vilse p\u00e5 sidogatorna och uppt\u00e4ck staden p\u00e5 riktigt.<\/li>\n<\/ul>\n\n<p>Du kan boka en guidad tur eller segway-tur eller cykeltur &#8211; <a href=\"https:\/\/www.getyourguide.se\/s\/?q=Palma+de+Mallorca+city&amp;searchSource=7&amp;partner_id=R3GYW4V&amp;cmp=ZZ_Mallorca_itinerary\" target=\"_blank\" rel=\"noreferrer noopener sponsored nofollow\">se alternativ<\/a><\/p>\n\n<p><a href=\"https:\/\/www.zigzagonearth.com\/best-things-do-palma-mallorca\/\" target=\"_blank\" rel=\"noopener\">Kolla in min artikel med de b\u00e4sta sakerna att g\u00f6ra i Palma<\/a>.<\/p>\n\n<figure class=\"wp-block-image\"><img decoding=\"async\" src=\"https:\/\/photos.smugmug.com\/Travel\/Mallorca\/Palma-Cathedral\/i-XXPXssR\/3\/b4d2a768\/L\/cathedral_Palma_Mallorca-178682-L.jpg\" alt=\"Turistcentrum i Palma de Mallorca\" title=\"Turistcentrum i Palma de Mallorca\"\/><\/figure>\n\n<h3 class=\"wp-block-heading\"><strong>Dag 2 &#8211; Port de Soller &amp; Se Calobra<\/strong><\/h3>\n\n<p>Ta en \u00e4ventyrsresa till norra kusten med buss, sp\u00e5rvagn och b\u00e5t.<br\/>\u00c5k till Port de Soller, d\u00e4r du kan njuta av den livliga strandpromenaden och den historiska sp\u00e5rvagnen.<br\/>Sedan hoppar du p\u00e5 en b\u00e5t f\u00f6r att bes\u00f6ka Sa Calobra-omr\u00e5det.<\/p>\n\n<p><a href=\"https:\/\/www.getyourguide.se\/mallorca-l47\/mallorca-scenic-island-tour-from-the-south-t163878\/?partner_id=R3GYW4V&amp;deeplink_id=b495cdd6-499a-59cc-acda-1a4f5193a595&amp;cmp=ZZ_Mallorca_itinerary\" target=\"_blank\" rel=\"noreferrer noopener sponsored nofollow\">Kontrollera program och tillg\u00e4nglighet<\/a><\/p>\n\n<figure class=\"wp-block-image\"><img decoding=\"async\" src=\"https:\/\/photos.smugmug.com\/Travel\/Mallorca\/Port-de-Soller\/i-fb9xPk9\/3\/595dd19b\/L\/Port_de_Soller_Mallorca-074051-L.jpg\" alt=\"Port de Soller\" title=\"Port de Soller\"\/><\/figure>\n\n<h3 class=\"wp-block-heading\"><strong>Dag 3 &#8211; Grottor<\/strong><\/h3>\n\n<p>P\u00e5 Mallorca finns m\u00e5nga fascinerande grottor<a style=\"outline: none;\" href=\"https:\/\/www.zigzagonearth.com\/sv\/basta-grottor-mallorca\/\" target=\"_blank\" rel=\"nofollow noopener\">(se<\/a><a href=\"https:\/\/www.zigzagonearth.com\/sv\/basta-grottor-mallorca\/\" target=\"_blank\" rel=\"noreferrer noopener\"> <\/a><a style=\"outline: none;\" href=\"https:\/\/www.zigzagonearth.com\/sv\/basta-grottor-mallorca\/\" target=\"_blank\" rel=\"nofollow noopener\">min lista<\/a>).<br\/>De mest k\u00e4nda \u00e4r Drach och Hams. Min favorit \u00e4r Arta.<br\/>Du kan hitta dagsutflykter till den mest ber\u00f6mda grottan f\u00f6r att g\u00e5 under jorden, uppskatta formationerna och lyssna p\u00e5 musik.<br\/>Du ska bara veta att bes\u00f6ken p\u00e5 Drach g\u00f6rs av stora grupper.<\/p>\n\n<p>Denna tur nedan erbjuder m\u00f6jligheten att kombinera Drach- och Hams-grottorna.<\/p>\n\n<p><a href=\"https:\/\/www.getyourguide.se\/mallorca-l47\/manacor-caves-of-drach-optional-east-mallorca-tour-t163881\/?partner_id=R3GYW4V&amp;deeplink_id=72984e39-5cd8-519c-abde-d18cd95f166a&amp;cmp=ZZ_Mallorca_itinerary\" target=\"_blank\" rel=\"noreferrer noopener sponsored nofollow\">Kontrollera program och tillg\u00e4nglighet<\/a><\/p>\n\n<figure class=\"wp-block-image size-large\"><img decoding=\"async\" src=\"https:\/\/photos.smugmug.com\/Travel\/Mallorca\/Drach-Cave\/i-QbnwZ7z\/3\/93d802cc\/L\/Drach_Cave_Mallorca-136903-L.jpg\" alt=\"Drach grotta\"\/><figcaption class=\"wp-element-caption\"><strong>Drach grotta<\/strong><\/figcaption><\/figure>\n\n<h3 class=\"wp-block-heading\"><strong>Dag 4 &#8211; Palma de Mallorca<\/strong><\/h3>\n\n<p>P\u00e5 dag 1 har du utforskat det turistiska centrumet i Palma.<br\/>Idag kan du g\u00e5 l\u00e4ngre ut.<\/p>\n\n<ul class=\"wp-block-list\">\n<li>Missa inte det imponerande runda slottet (Castell de Bellver).<\/li>\n\n\n\n<li>L\u00e4r dig mer om konst p\u00e5 Miro Foundation<\/li>\n\n\n\n<li>&#8230; och mycket mer!<\/li>\n<\/ul>\n\n<p>G\u00f6r din uppt\u00e4cktsf\u00e4rd enklare med hop-on-hop-off-bussen &#8211; boka <a href=\"https:\/\/www.getyourguide.se\/mallorca-l47\/palma-de-mallorca-hop-on-hop-off-bus-tour-24h-ticket-t3455\/?partner_id=R3GYW4V&amp;deeplink_id=98cc6bf7-b3de-5572-ba7a-ff2dea67d520&amp;cmp=ZZ_Mallorca\" target=\"_blank\" rel=\"noreferrer noopener sponsored nofollow\">biljetter<\/a><\/p>\n\n<figure class=\"wp-block-image size-large\"><img decoding=\"async\" src=\"https:\/\/photos.smugmug.com\/Travel\/Mallorca\/Palma-Castell-de-Bellver\/i-V3MSSV8\/1\/d505d96b\/L\/Castell_Bellver_Palma_Mallorca-178621-L.jpg\" alt=\"Castell de Bellver\"\/><figcaption class=\"wp-element-caption\"><strong>Castell de Bellver<\/strong><\/figcaption><\/figure>\n\n<p><strong>Alternativ<\/strong><\/p>\n\n<p>Och \u00e4lskar du det spanska k\u00f6ket?<br\/>Njut av din sista dag och f\u00f6rdjupa dig i den.<\/p>\n\n<p>2 alternativ:<\/p>\n\n<ul class=\"wp-block-list\">\n<li>Delta i en spansk matlagningskurs &#8211; <a href=\"https:\/\/www.getyourguide.se\/mallorca-l47\/palma-de-mallorca-spanish-cooking-experience-t364970\/?partner_id=R3GYW4V&amp;deeplink_id=89c8bf7a-9cf7-5859-a274-0f622825cc86&amp;cmp=ZZ_Mallorca_itinerary\" target=\"_blank\" rel=\"noreferrer noopener sponsored nofollow\">l\u00e4s mer och se tillg\u00e4nglighet<\/a><\/li>\n\n\n\n<li>F\u00f6lj med p\u00e5 en vin- och tapasprovning &#8211; <a href=\"https:\/\/www.getyourguide.se\/mallorca-l47\/palma-tour-with-wine-and-tapas-tasting-t210609\/?partner_id=R3GYW4V&amp;deeplink_id=25ee2713-1d3d-5153-be16-ebff4cbd6667&amp;cmp=ZZ_Mallorca_itinerary\">l\u00e4s mer och se tillg\u00e4nglighet<\/a><\/li>\n<\/ul>\n\n<p><strong>Alternativ<\/strong><\/p>\n\n<p>V\u00e4lj mellan en av de m\u00e5nga b\u00e5tturerna f\u00f6r att f\u00e5 ett annat perspektiv p\u00e5 \u00f6n.<br\/>Njut av en avkopplande segling.<br\/>Observera att n\u00e5gra av de b\u00e4sta utsikterna \u00e4r en b\u00e5ttur runt Formentor. B\u00e5tarna avg\u00e5r fr\u00e5n Port de Alcudia. Det finns inte alltid n\u00e5gon upph\u00e4mtning fr\u00e5n Palma de Mallorca. Du m\u00e5ste ta bussen eller en taxi (ca 80-90 euro).<br\/>S\u00e5 att g\u00f6ra en b\u00e5ttur fr\u00e5n Palma \u00e4r ett mycket billigare alternativ.<\/p>\n\n<p><a href=\"https:\/\/www.getyourguide.se\/s\/?q=Palma+de+Mallorca+boat&amp;searchSource=7&amp;partner_id=R3GYW4V&amp;deeplink_id=0faacba9-2c8a-5efc-a934-24b2ac349ea0&amp;cmp=ZZ_Mallorca_itinerary\" target=\"_blank\" rel=\"noreferrer noopener sponsored nofollow\">Se alternativen<\/a><\/p>\n\n<figure class=\"wp-block-image\"><img decoding=\"async\" src=\"https:\/\/photos.smugmug.com\/Travel\/Mallorca\/Food\/i-FMpvBTJ\/0\/00555d23\/L\/town_Alcudia_Mallorca-0844-L.jpg\" alt=\"Tapas p&#xE5; Mallorca\" title=\"Tapas p&#xE5; Mallorca\"\/><\/figure>\n\n<h3 class=\"wp-block-heading\"><strong>Dag 5 &#8211; Alcudia och Formentor<\/strong><\/h3>\n\n<p>Historia och landskap.<br\/>Njut av ett av de vackraste omr\u00e5dena p\u00e5 Mallorca.<br\/>Bes\u00f6k de medeltida st\u00e4derna Alcudia och Pollen\u00e7a innan du ger dig ut p\u00e5 Formentorhalv\u00f6n.<br\/>Du kommer att kunna se mycket!<br\/>T\u00e4nk dock p\u00e5 att du i Formentor mest kommer att se stranden och utsikten fr\u00e5n v\u00e4gen. Inga andra stopp planerade.<\/p>\n\n<p><a href=\"https:\/\/www.getyourguide.se\/mallorca-l47\/tour-of-formentor-market-beach-and-alcudia-town-t182873\/?partner_id=R3GYW4V&amp;deeplink_id=96f052db-e89f-5b66-89f6-2e2af8c1a849&amp;cmp=ZZ_Mallorca_itinerary\" target=\"_blank\" rel=\"noreferrer noopener sponsored nofollow\">Kontrollera program och tillg\u00e4nglighet<\/a><\/p>\n\n<figure class=\"wp-block-image size-large\"><img decoding=\"async\" src=\"https:\/\/photos.smugmug.com\/Travel\/Mallorca\/Alcudia\/i-hmKr55W\/3\/a41e8b96\/L\/town_Alcudia_Mallorca-095075-L.jpg\" alt=\"Charmig gata i Alcudia\"\/><figcaption class=\"wp-element-caption\"><strong>Charmig gata i Alcudia<\/strong><\/figcaption><\/figure>\n\n<figure class=\"wp-block-image size-large\"><img decoding=\"async\" src=\"https:\/\/photos.smugmug.com\/Travel\/Mallorca\/Es-Colomer\/i-4XGHhfz\/1\/750682e2\/L\/Mirador_Colomer_Formentor_Mallorca-052889-L.jpg\" alt=\"Formentors klippor\"\/><figcaption class=\"wp-element-caption\"><strong>Formentors klippor<\/strong><\/figcaption><\/figure>\n\n<h2 class=\"wp-block-heading\" id=\"t-1655543715584\"><strong>Alternativ 4 &#8211; 5 dagar p\u00e5 Mallorca utanf\u00f6r allfarv\u00e4garna<\/strong><\/h2>\n\n<h3 class=\"wp-block-heading\"><strong>Inledning<\/strong><\/h3>\n\n<p>Mallorca \u00e4r ett mycket popul\u00e4rt turistm\u00e5l. Det kan vara mycket tr\u00e5ngt.<br\/>3 alternativ f\u00f6r att komma bort fr\u00e5n folkmassorna:<\/p>\n\n<ul class=\"wp-block-list\">\n<li>B\u00f6rja dagen vid soluppg\u00e5ngen<\/li>\n\n\n\n<li>Resor utanf\u00f6r s\u00e4songen<\/li>\n\n\n\n<li>Bes\u00f6k mindre turistiga platser<\/li>\n<\/ul>\n\n<p>F\u00f6r den h\u00e4r typen av resor \u00e4r det viktigt att hyra en bil!<br\/>J\u00e4mf\u00f6r priser p\u00e5 min favoritplattform: <a href=\"https:\/\/www.discovercars.com\/se\/spain-balearic-islands\/mallorca?a_aid=zigzag&amp;chan=ZZOE&amp;data2=Mallorca\" target=\"_blank\" rel=\"noreferrer noopener sponsored nofollow\">Discovercars.com<\/a> &#8211; en av de b\u00e4st rankade j\u00e4mf\u00f6relsesajterna!<\/p>\n\n<h3 class=\"wp-block-heading\"><strong>Sammanfattning<\/strong><\/h3>\n\n<ul class=\"wp-block-list\">\n<li>Dag 1 &#8211; Centrala Mallorca<\/li>\n\n\n\n<li>Dag 2 &#8211; S&#8217;Estalella, Cala Pi, Cala Beltran<\/li>\n\n\n\n<li>Dag 3 &#8211; \u00d6ster om Alcudia<\/li>\n\n\n\n<li>Dag 4 &#8211; Capdepera-omr\u00e5det<\/li>\n\n\n\n<li>Dag 5 &#8211; Palma de Mallorca<\/li>\n<\/ul>\n\n<p>F\u00f6r denna resv\u00e4g d\u00e4r du k\u00f6r till varje h\u00f6rn av \u00f6n \u00e4r de b\u00e4sta st\u00e4llena att bo p\u00e5 n\u00e4ra den stora snabba v\u00e4gen:<\/p>\n\n<ul class=\"wp-block-list\">\n<li>Palma de Mallorca &#8211; <a href=\"https:\/\/www.booking.com\/searchresults.en.html?city=-395224&amp;nflt=review_score%253D90&amp;aid=1164282&amp;no_rooms=1&amp;group_adults=2&amp;label=ZZ_Mallorca_itinerary\" target=\"_blank\" rel=\"noreferrer noopener sponsored nofollow\">se b\u00e4st rankade boenden i Palma<\/a><\/li>\n\n\n\n<li>Alcudia eller Port de Alcudia &#8211; <a href=\"https:\/\/www.booking.com\/searchresults.en.html?city=-381100&amp;nflt=review_score%253D90&amp;aid=1164282&amp;no_rooms=1&amp;group_adults=2&amp;label=ZZ_Mallorca_itinerary\" target=\"_blank\" rel=\"noreferrer noopener sponsored nofollow\">se b\u00e4st rankade boende i Port d&#8217;Alcudia<\/a><\/li>\n\n\n\n<li>Eller s\u00e5 kan du hitta ett boende utanf\u00f6r allfarv\u00e4garna mitt p\u00e5 \u00f6n!<\/li>\n<\/ul>\n\n<h3 class=\"wp-block-heading\"><strong>Dag 1 &#8211; Centrala Mallorca<\/strong><\/h3>\n\n<p>Utforska centrala Mallorca.<br\/>Alla rusar till de vackra str\u00e4nderna och bergen. Men \u00e4ven den centrala landsbygden har mycket charm.<br\/>N\u00e5gra av mina favoritplatser att bes\u00f6ka inkluderar:<\/p>\n\n<ul class=\"wp-block-list\">\n<li>Stopp 1 &#8211; den lilla staden Sineu, i hj\u00e4rtat av Mallorca<\/li>\n\n\n\n<li>Stopp 2 &#8211; museu Etnologic Calderers med g\u00e5rd, casa och museum &#8211; f\u00f6r att l\u00e4ra sig om livet p\u00e5 \u00f6n<\/li>\n\n\n\n<li>Stopp 3 &#8211; Campanet-grottorna &#8211; \u00f6n har m\u00e5nga ber\u00f6mda grottor. Dessa f\u00e5r knappt n\u00e5gra bes\u00f6kare j\u00e4mf\u00f6rt med de stora. \u00c4nd\u00e5 har de n\u00e5gra av de vackraste formationerna.<\/li>\n<\/ul>\n\n<figure class=\"wp-block-image size-large\"><img decoding=\"async\" src=\"https:\/\/photos.smugmug.com\/Travel\/Mallorca\/Sineu\/i-tKKp2cN\/3\/321d61b6\/L\/church_Sineu_Mallorca-042592-L.jpg\" alt=\"Sineu\"\/><figcaption class=\"wp-element-caption\"><strong>Sineu<\/strong><\/figcaption><\/figure>\n\n<figure class=\"wp-block-image size-large\"><img decoding=\"async\" src=\"https:\/\/photos.smugmug.com\/Travel\/Mallorca\/Museu-Etnologic-Calderers\/i-WhsjXMM\/3\/2ad73073\/L\/Museu_Etnologic_Calderers_Mallorca-042508-L.jpg\" alt=\"museu Etnologic Calderers\"\/><figcaption class=\"wp-element-caption\"><strong>museu Etnologic Calderers<\/strong><\/figcaption><\/figure>\n\n<figure class=\"wp-block-image size-large\"><img decoding=\"async\" src=\"https:\/\/photos.smugmug.com\/Travel\/Mallorca\/Campanet-Caves\/i-kmz4J3h\/1\/598e92e9\/L\/Campanet_Caves_Mallorca-053183-L.jpg\" alt=\"Campanet-grottorna\"\/><figcaption class=\"wp-element-caption\"><strong>Campanet-grottorna<\/strong><\/figcaption><\/figure>\n\n<h3 class=\"wp-block-heading\"><strong>Dag 2 &#8211; S&#8217;Estalella, Cala Pi, Cala Beltran<\/strong><\/h3>\n\n<p>Cala Pi kan ha ganska m\u00e5nga bes\u00f6kare, men \u00e4nd\u00e5 mycket f\u00e4rre \u00e4n de calor som ligger n\u00e4rmast semesterorterna.<br\/>Dessutom \u00e4r vandringen till Cala Beltran fantastisk och utan folkmassor.<br\/>L\u00e4s mer i <a style=\"outline: none;\" href=\"https:\/\/www.zigzagonearth.com\/sv\/cala-pi-beltran-mallorca\/\" target=\"_blank\" rel=\"noopener\">min artikel om Cala Pi och Beltran<\/a>.<\/p>\n\n<p>Sedan rekommenderar jag att du tar en promenad till S&#8217;Estallelas fyr och torn.<br\/>Det mesta \u00e4r promenader p\u00e5 en l\u00e4tt, platt stig. D\u00e4rf\u00f6r tycker jag att det \u00e4r v\u00e4rt besv\u00e4ret (1h30 tur och retur).<br\/>Vandringen g\u00e5r runt en udde med havsgrottor, klippformationer, en liten fyr och ett historiskt torn.<br\/>F\u00f6rsvarstornet \u00e4r fr\u00e5n 1577 (restaurerat 1984). Den \u00e4r cylindrisk upptill och konisk nedtill. Dess h\u00f6jd \u00e4r 9,2 m (30 ft).<br\/>Det b\u00e4sta \u00e4r blandningen av natur och byggnader.<\/p>\n\n<figure class=\"wp-block-image size-large\"><img decoding=\"async\" src=\"https:\/\/photos.smugmug.com\/Travel\/Mallorca\/Cala-Beltran\/i-4DvNj8L\/3\/5c2e5e73\/L\/Cala_Beltran_Mallorca-168214-L.jpg\" alt=\"Cala Beltran\"\/><figcaption class=\"wp-element-caption\"><strong>Cala Beltran<\/strong><\/figcaption><\/figure>\n\n<figure class=\"wp-block-image size-large\"><img decoding=\"async\" src=\"https:\/\/photos.smugmug.com\/Travel\/Mallorca\/Torre-de-s-Estalella\/i-9h56S4v\/1\/42026bb6\/L\/Torre_Estalella_Mallorca-168085-L.jpg\" alt=\"S'Estalella-tornet\"\/><figcaption class=\"wp-element-caption\"><strong>S&#8217;Estalella-tornet<\/strong><\/figcaption><\/figure>\n\n<h3 class=\"wp-block-heading\"><strong>Dag 3 &#8211; \u00d6ster om Alcudia<\/strong><\/h3>\n\n<p>N\u00e4r alla \u00e5ker till Alcudia, Port de Alcudia och Playa del Muro ska man \u00e5ka \u00f6sterut.<br\/>Du kan hitta mycket lugnare omr\u00e5den med intressanta platser och vyer som t.ex:<\/p>\n\n<ul class=\"wp-block-list\">\n<li>Son Real &#8211; med nekropolen vid havet och maritima torn med en fascinerande historia (f\u00f6r att tr\u00e4na ub\u00e5tar).  <\/li>\n\n\n\n<li>De sm\u00e5 sanddynerna vid Playa Son Serra<\/li>\n\n\n\n<li>Den mycket fridfulla kusten vid Betlem<\/li>\n<\/ul>\n\n<figure class=\"wp-block-image size-large\"><img decoding=\"async\" src=\"https:\/\/photos.smugmug.com\/Travel\/Mallorca\/Son-Real\/i-P44BGfR\/3\/adcee173\/L\/necropolis_Son_Real_Mallorca-095245-L.jpg\" alt=\"Nekropolis i Son Real\"\/><figcaption class=\"wp-element-caption\"><strong>Nekropolis i Son Real<\/strong><\/figcaption><\/figure>\n\n<figure class=\"wp-block-image size-large\"><img decoding=\"async\" src=\"https:\/\/photos.smugmug.com\/Travel\/Mallorca\/Son-Real\/i-hq6Dkr5\/1\/9623309e\/L\/Torre_Vigilancia_Maritima_Son_Real_Mallorca-095292-L.jpg\" alt=\"Sj&#xF6;fartstorn vid Son Real\"\/><figcaption class=\"wp-element-caption\"><strong>Sj\u00f6fartstorn vid Son Real<\/strong><\/figcaption><\/figure>\n\n<figure class=\"wp-block-image size-large\"><img decoding=\"async\" src=\"https:\/\/photos.smugmug.com\/Travel\/Mallorca\/Betlem-area\/i-8zX7sFf\/1\/356b90fd\/L\/Cala_Fonda_Mallorca-115853-L.jpg\" alt=\"Betlem kust\"\/><figcaption class=\"wp-element-caption\"><strong>Betlem kust<\/strong><\/figcaption><\/figure>\n\n<h3 class=\"wp-block-heading\"><strong>Dag 4 &#8211; Arta &#8211; Capdepera-omr\u00e5det<\/strong><\/h3>\n\n<p>Utforska omr\u00e5det kring Capdepera.<br\/>Det \u00e4r fortfarande mycket folk h\u00e4r, men eftersom det ligger p\u00e5 andra sidan Palma de Mallorca kan det bli lite lugnare.<br\/>\u00d6verv\u00e4g att bes\u00f6ka:<\/p>\n\n<ul class=\"wp-block-list\">\n<li>Arta-grottorna &#8211; jag tycker att den h\u00e4r grottan \u00e4r mycket b\u00e4ttre \u00e4n de mer k\u00e4nda p\u00e5 \u00f6n, och det \u00e4r mindre tr\u00e5ngt<\/li>\n\n\n\n<li>Capdeperas slott, med utsikt \u00f6ver staden och regionen<\/li>\n\n\n\n<li>Capdeperas fyr och ha kul p\u00e5 de klippiga uddarna<\/li>\n\n\n\n<li>Den arkeologiska utgr\u00e4vningen Ses Paisses i Arta<\/li>\n<\/ul>\n\n<p>L\u00e4s mer i <a style=\"outline: none;\" href=\"https:\/\/www.zigzagonearth.com\/mallorca-capdepera-castle-things-do\/\" target=\"_blank\" rel=\"noopener\">min artikel om b\u00e4sta sakerna att g\u00f6ra i Capdepera<\/a>.<\/p>\n\n<figure class=\"wp-block-image size-large\"><img decoding=\"async\" src=\"https:\/\/photos.smugmug.com\/Travel\/Mallorca\/Faro-Capdepera\/i-N9DFjRH\/3\/152ef9a5\/L\/Faro_Capdepera_Mallorca-116182-L.jpg\" alt=\"Capdepera fyr\"\/><figcaption class=\"wp-element-caption\"><strong>Capdepera fyr<\/strong><\/figcaption><\/figure>\n\n<figure class=\"wp-block-image size-large\"><img decoding=\"async\" src=\"https:\/\/photos.smugmug.com\/Travel\/Mallorca\/Ses-Paisses\/i-QMRvDxx\/1\/2d888de1\/L\/Ses_Paisses_Mallorca-116264-L.jpg\" alt=\"Ses Paisses arkeologiska utgr&#xE4;vning\"\/><figcaption class=\"wp-element-caption\"><strong>Ses Paisses arkeologiska utgr\u00e4vning<\/strong><\/figcaption><\/figure>\n\n<h3 class=\"wp-block-heading\"><strong>Dag 5 &#8211; Palma de Mallorca utanf\u00f6r allfarv\u00e4garna<\/strong><\/h3>\n\n<p>Det \u00e4r inte l\u00e4tt att g\u00e5 utanf\u00f6r allfarv\u00e4garna i en storstad.<br\/>Men det finns fortfarande ett f\u00e5tal platser d\u00e4r du inte kommer att omges av hundratals turister, t.ex:<\/p>\n\n<ul class=\"wp-block-list\">\n<li>De historiska arabiska baden<\/li>\n\n\n\n<li>Pla\u00e7a de ses Columnes<\/li>\n\n\n\n<li>Jardi del Bisbe<\/li>\n\n\n\n<li>och om du g\u00e5r vilse genom att ta sidogator&#8230;<\/li>\n<\/ul>\n\n<figure class=\"wp-block-image\"><img decoding=\"async\" src=\"https:\/\/photos.smugmug.com\/Travel\/Mallorca\/Palma-Arab-Baths\/i-wfmSqMF\/3\/9013e54c\/L\/Arab_Baths_Palma_Mallorca-178956-L.jpg\" alt=\"Palma de Mallorca Arabiska bad\" title=\"Palma de Mallorca Arabiska bad\"\/><\/figure>\n\n<p>Vill du ha fler id\u00e9er utanf\u00f6r allfarv\u00e4garna?<\/p>\n\n<div style=\"margin-top:8%;margin-bottom:8%\" class=\"wp-block-genesis-blocks-gb-container box_ebook gb-block-container\"><div class=\"gb-container-inside\"><div class=\"gb-container-content\">\n<h5 class=\"wp-block-heading box_titre_ebook\">Planera din dr\u00f6mresa till <strong>Mallorca<\/strong> med hj\u00e4lp av min guide (endast p\u00e5 engelska):<\/h5>\n\n\n\n<div class=\"wp-block-columns box_colonnes_ebook is-layout-flex wp-container-core-columns-is-layout-9d6595d7 wp-block-columns-is-layout-flex\">\n<div class=\"wp-block-column is-layout-flow wp-block-column-is-layout-flow\">\n<figure class=\"wp-block-image size-large img_ebook\"><a href=\"https:\/\/www.zigzagonearth.com\/photograph-mallorca-travel-guide\/\"><img decoding=\"async\" src=\"https:\/\/www.zigzagonearth.com\/wp-content\/uploads\/2021\/11\/Travel-Guide-Mallorca-ebook-cover-S2.jpg\" alt=\"eBook Reseguide Mallorca\"\/><\/a><\/figure>\n<\/div>\n\n\n\n<div class=\"wp-block-column is-layout-flow wp-block-column-is-layout-flow\">\n<ul class=\"box_liste wp-block-list\" style=\"font-size:16px\">\n<li>8 kartor f\u00f6r att enkelt planera din resv\u00e4g<\/li>\n\n\n\n<li>140+ f\u00f6rvalda platser<\/li>\n\n\n\n<li>GPS + tips f\u00f6r att f\u00e5 ut mesta m\u00f6jliga av din tid<\/li>\n\n\n\n<li>Tips f\u00f6r planering<\/li>\n\n\n\n<li>270+ originalbilder som hj\u00e4lper dig att v\u00e4lja<\/li>\n<\/ul>\n\n\n\n<div class=\"wp-block-buttons box_colonne_bouton_ebook is-content-justification-left is-layout-flex wp-container-core-buttons-is-layout-fdcfc74e wp-block-buttons-is-layout-flex\">\n<div class=\"wp-block-button box_bouton box_bouton_ebook\"><a class=\"wp-block-button__link wp-element-button\" href=\"https:\/\/www.zigzagonearth.com\/photograph-mallorca-travel-guide\/\" target=\"_blank\" rel=\"noreferrer noopener\">Uppt\u00e4ck det! (endast p\u00e5 engelska)<span class=\"box_bouton_image\"><\/span><\/a><\/div>\n<\/div>\n<\/div>\n<\/div>\n<\/div><\/div><\/div>\n\n<h2 class=\"wp-block-heading\" id=\"t-1655543715585\"><strong>Alternativ 5 &#8211; sport och \u00e4ventyr: <\/strong><strong>5-dagars resv\u00e4g p\u00e5 Mallorca<\/strong><\/h2>\n\n<h3 class=\"wp-block-heading\"><strong>Inledning<\/strong><\/h3>\n\n<p>Vill du vara aktiv och f\u00e5 n\u00e5gra adrenalinkickar under din vecka p\u00e5 Mallorca?<br\/>D\u00e5 \u00e4r detta resplanen f\u00f6r dig.<\/p>\n\n<h3 class=\"wp-block-heading\"><strong>Sammanfattning<\/strong><\/h3>\n\n<ul class=\"wp-block-list\">\n<li>Dag 1 &#8211; Quad och snorkling<\/li>\n\n\n\n<li>Dag 2 &#8211; Vandring i Torrent de Pareis<\/li>\n\n\n\n<li>Dag 3 &#8211; Coasteering \/ klipphoppning<\/li>\n\n\n\n<li>Dag 4 &#8211; Kajakpaddling<\/li>\n\n\n\n<li>Dag 5 &#8211; Havsgrottor, k\u00f6rning eller terr\u00e4ngk\u00f6rning<\/li>\n<\/ul>\n\n<p>F\u00f6r denna typ av resv\u00e4g kan biluthyrning g\u00f6ra ditt liv enklare!<br\/>J\u00e4mf\u00f6r priser p\u00e5 min favoritplattform: <a href=\"https:\/\/www.discovercars.com\/se\/spain-balearic-islands\/mallorca?a_aid=zigzag&amp;chan=ZZOE&amp;data2=Mallorca\" target=\"_blank\" rel=\"noreferrer noopener sponsored nofollow\">Discovercars.com<\/a> &#8211; en av de b\u00e4st rankade j\u00e4mf\u00f6relsesajterna!<\/p>\n\n<h3 class=\"wp-block-heading\"><strong>Dag 1 &#8211; En blandning av land och hav<\/strong><\/h3>\n\n<p>Njut av en komplett \u00e4ventyrsdag med<\/p>\n\n<ul class=\"wp-block-list\">\n<li>Fyrhjuling<\/li>\n\n\n\n<li>Hoppning fr\u00e5n klippor<\/li>\n\n\n\n<li>Snorkling<\/li>\n<\/ul>\n\n<p><a href=\"https:\/\/www.getyourguide.se\/mallorca-l47\/mallorca-quad-bike-tour-with-snorkeling-and-swimming-t75869\/?partner_id=R3GYW4V&amp;deeplink_id=6b2bfa70-c624-593f-bbf3-5644227741cb&amp;cmp=ZZ_Mallorca_itinerary\" target=\"_blank\" rel=\"noreferrer noopener sponsored nofollow\">Kolla in programmet och tillg\u00e4ngligheten<\/a><\/p>\n\n<figure class=\"wp-block-image\"><img decoding=\"async\" src=\"https:\/\/photos.smugmug.com\/Travel\/Mallorca\/9b-Formentor-boat-tour\/i-JctgZm7\/3\/94c6ee6a\/L\/Formentor_boat_tour_Mallorca-126538-L.jpg\" alt=\"Snorkling p&#xE5; Mallorca\" title=\"Snorkling p&#xE5; Mallorca\"\/><\/figure>\n\n<h3 class=\"wp-block-heading\"><strong>Dag 2 &#8211; Vandring i Torrent de Pareis<\/strong><\/h3>\n\n<p>En av de mest k\u00e4nda vandringarna p\u00e5 Mallorca \u00e4r vandringen nedf\u00f6r (eller uppf\u00f6r) Torrent de Pareis till Sa Calobra<\/p>\n\n<ul class=\"wp-block-list\">\n<li>Det \u00e4r en flodb\u00e4dd och den kan endast vandras under de torra m\u00e5naderna (vilket inneb\u00e4r de varmaste m\u00e5naderna)<\/li>\n\n\n\n<li>Kontrollera alltid v\u00e4derprognosen eftersom omr\u00e5det kan drabbas av st\u00f6rtfloder<\/li>\n\n\n\n<li>Du kan b\u00f6rja vandringen p\u00e5 toppen, vid Caf\u00e9 Escorca (p\u00e5 Ma-10) och g\u00e5 ner<\/li>\n\n\n\n<li>Eller s\u00e5 kan du b\u00f6rja l\u00e4ngst ner och vandra upp<\/li>\n\n\n\n<li>Det \u00e4r en sv\u00e5r vandring med stora stenblock, tr\u00e5nga passager, svindelframkallande omr\u00e5den och branta partier<\/li>\n\n\n\n<li>Rep kr\u00e4vs p\u00e5 denna vandring<\/li>\n\n\n\n<li>Du kan boka en guidad vandring f\u00f6r att vara s\u00e4krare &#8211; <a href=\"https:\/\/www.viator.com\/sv-SE\/tours\/Mallorca\/Torrent-de-Pareis\/d955-119365P8?pid=P00074304&amp;mcid=42383&amp;medium=link&amp;medium_version=selector&amp;campaign=ZZ\" target=\"_blank\" rel=\"noreferrer noopener sponsored nofollow\">se alternativ<\/a><\/li>\n<\/ul>\n\n<figure class=\"wp-block-image size-large\"><img decoding=\"async\" src=\"https:\/\/photos.smugmug.com\/Travel\/Mallorca\/Sa-Calobra\/i-S5LDFfn\/1\/d765fee1\/L\/Torrent_de_Pareis_Sa_Calobra_Mallorca-0775-L.jpg\" alt=\"Mynning av Torrent de Pareis\"\/><figcaption class=\"wp-element-caption\"><strong>Mynning av Torrent de Pareis<\/strong><\/figcaption><\/figure>\n\n<h3 class=\"wp-block-heading\"><strong>Dag 3 &#8211; Coasteering<\/strong><\/h3>\n\n<p>En av de mest k\u00e4nda aktiviteterna p\u00e5 Mallorca \u00e4r coastering och cliff jumping.<br\/>H\u00e4r kombineras fantastiska vyer, vattenaktiviteter och en rej\u00e4l adrenalinkick.<\/p>\n\n<p><a href=\"https:\/\/www.getyourguide.se\/mallorca-l47\/half-day-cliff-jumping-experience-mallorca-t32248\/?partner_id=R3GYW4V&amp;deeplink_id=b4400392-19b9-5c9b-b50d-2c2423f5bbb9&amp;cmp=ZZ_Mallorca_itinerary\" target=\"_blank\" rel=\"noreferrer noopener sponsored nofollow\">Kolla in denna coasteering-tur  <\/a><\/p>\n\n<p><a href=\"https:\/\/www.getyourguide.se\/mallorca-l47\/mallorca-half-day-cliff-jumping-experience-t55495\/?partner_id=R3GYW4V&amp;deeplink_id=c0a72ab9-0138-5cb4-a67f-b21404e480f3&amp;cmp=ZZ_Mallorca_itinerary\" target=\"_blank\" rel=\"noreferrer noopener sponsored nofollow\">Kolla in den h\u00e4r turen med klipphoppning.<\/a><\/p>\n\n<h3 class=\"wp-block-heading\"><strong>Dag 4 &#8211; Kajakpaddling<\/strong><\/h3>\n\n<p>Ett av de b\u00e4sta s\u00e4tten att njuta av landskapet \u00e4r enligt min mening att hyra en kajak eller en paddelbr\u00e4da.<br\/>Att glida fram p\u00e5 vattnet samtidigt som man tittar p\u00e5 landskapet \u00e4r fascinerande.<\/p>\n\n<p><a href=\"https:\/\/www.getyourguide.se\/s\/?q=Mallorca+kayak&amp;searchSource=7&amp;partner_id=R3GYW4V&amp;deeplink_id=edb61706-b70a-5b61-b22a-ba72711c1440&amp;cmp=ZZ_Mallorca_itinerary\" target=\"_blank\" rel=\"noreferrer noopener sponsored nofollow\">Kolla in alla kajakturer p\u00e5 Mallorca<\/a><\/p>\n\n<p><a href=\"https:\/\/www.getyourguide.se\/mallorca-l47\/stand-up-paddle-boarding-on-the-bay-of-palma-t137843\/?partner_id=R3GYW4V&amp;deeplink_id=06ce86bd-f696-533c-9556-7d0289591dab&amp;cmp=ZZ_Mallorca_itinerary\" target=\"_blank\" rel=\"noreferrer noopener sponsored nofollow\">Kolla in denna upplevelse med paddelbr\u00e4da<\/a><\/p>\n\n<p>Annars kan du ocks\u00e5 hitta n\u00e5gra hyresl\u00e4genheter p\u00e5 m\u00e5nga str\u00e4nder som Formentor, Mondrago &#8230;<\/p>\n\n<figure class=\"wp-block-image size-large\"><img decoding=\"async\" src=\"https:\/\/photos.smugmug.com\/Travel\/Mallorca\/9c-Formentor-boat-after-beach\/i-rjRNDWX\/3\/e8a44695\/L\/boat_Formentor_Mallorca-126592-L.jpg\" alt=\"Kajakpaddling i Formentor\"\/><figcaption class=\"wp-element-caption\"><strong>Kajakpaddling i Formentor<\/strong><\/figcaption><\/figure>\n\n<h3 class=\"wp-block-heading\"><strong>Dag 5 &#8211; Grottforskning, k\u00f6rning eller terr\u00e4ngk\u00f6rning<\/strong><\/h3>\n\n<p>\u00c4r du mer land eller vatten?<\/p>\n\n<p>Njut av en annan typ av vatten\u00e4ventyr genom att g\u00f6ra en grottvandring! En unik upplevelse som du aldrig kommer att gl\u00f6mma.<br\/><a href=\"https:\/\/www.getyourguide.se\/mallorca-l47\/mallorca-sea-caving-t84282\/?partner_id=R3GYW4V&amp;deeplink_id=9656feba-de4e-551a-aba8-8f130fbd505e&amp;cmp=ZZ_Mallorca_itinerary\" target=\"_blank\" rel=\"noreferrer noopener sponsored nofollow\">L\u00e4s mer<\/a><\/p>\n\n<p>Eller k\u00f6r mer klassiskt:<\/p>\n\n<ul class=\"wp-block-list\">\n<li>Introduktion till k\u00f6rning &#8211; <a href=\"https:\/\/www.getyourguide.se\/palma-de-mallorca-l1260\/introduction-to-diving-course-t164763\/?partner_id=R3GYW4V&amp;deeplink_id=8df450e0-d373-59fa-a44f-1bb8de57a929&amp;cmp=ZZ_Mallorca_itinerary\" target=\"_blank\" rel=\"noreferrer noopener sponsored nofollow\">se detaljer<\/a><\/li>\n\n\n\n<li>K\u00f6rning i terr\u00e4ng &#8211; <a href=\"https:\/\/www.getyourguide.se\/balearic-islands-l625\/mallorca-offon-road-buggy-tour-to-llucmajor-and-randa-t415710\/?partner_id=R3GYW4V&amp;deeplink_id=c384b3bf-d646-5425-9e89-f27c08e30319&amp;cmp=ZZ_Mallorca_itinerary\" target=\"_blank\" rel=\"noreferrer noopener sponsored nofollow\">se detaljer<\/a><\/li>\n<\/ul>\n\n<figure class=\"wp-block-image\"><img decoding=\"async\" src=\"https:\/\/photos.smugmug.com\/Travel\/Mallorca\/9b-Formentor-boat-tour\/i-GTSfqRP\/3\/9b2be723\/L\/Formentor_boat_tour_Mallorca-126459-L.jpg\" alt=\"K&#xF6;rning p&#xE5; Mallorca\" title=\"K&#xF6;rning p&#xE5; Mallorca\"\/><\/figure>\n\n<div style=\"margin-top:8%;margin-bottom:8%\" class=\"wp-block-genesis-blocks-gb-container box gb-block-container\"><div class=\"gb-container-inside\"><div class=\"gb-container-content\">\n<p><strong>Planera din resa till Mallorca:<\/strong><\/p>\n\n\n\n<div class=\"wp-block-columns box_colonne_cc is-layout-flex wp-container-core-columns-is-layout-9d6595d7 wp-block-columns-is-layout-flex\">\n<div class=\"wp-block-column box_picto_c is-layout-flow wp-block-column-is-layout-flow\" style=\"flex-basis:5%\">\n<figure class=\"wp-block-image size-full is-resized box_picto\"><img loading=\"lazy\" decoding=\"async\" src=\"http:\/\/www.zigzagonearth.com\/wp-content\/uploads\/2023\/08\/&#x1F697;.png\" alt=\"\" class=\"wp-image-16341\" style=\"width:30px;height:31px\" width=\"30\" height=\"31\"\/><\/figure>\n<\/div>\n\n\n\n<div class=\"wp-block-column is-layout-flow wp-block-column-is-layout-flow\" style=\"flex-basis:95%\">\n<ul class=\"wp-block-list\">\n<li>Mina resplaner : <a class=\"\" href=\"https:\/\/www.zigzagonearth.com\/2-3-days-mallorca-weekend\/\" target=\"_blank\" rel=\"noreferrer noopener\">3 dagar &#8211; helg<\/a>, <a class=\"\" href=\"https:\/\/www.zigzagonearth.com\/4-days-mallorca-itinerary\/\" target=\"_blank\" rel=\"noreferrer noopener\">4<\/a> dagar, <a class=\"\" href=\"https:\/\/www.zigzagonearth.com\/5-days-mallorca-itinerary\/\" target=\"_blank\" rel=\"noreferrer noopener\">5 dagar<\/a>, <a class=\"\" href=\"https:\/\/www.zigzagonearth.com\/one-week-madeira-7-day-itinerary\/\" target=\"_blank\" rel=\"noreferrer noopener\">1 vecka<\/a>, <a href=\"https:\/\/www.zigzagonearth.com\/10-days-mallorca-2-weeks-itinerary\/\" target=\"_blank\" rel=\"noreferrer noopener\">10<\/a> dagar<\/li>\n\n\n\n<li><a class=\"\" href=\"https:\/\/www.zigzagonearth.com\/renting-car-mallorca-tips\/\" target=\"_blank\" rel=\"noreferrer noopener\">36 tips f\u00f6r att hyra bil p\u00e5 Mallorca<\/a><\/li>\n\n\n\n<li><a class=\"\" href=\"https:\/\/www.zigzagonearth.com\/driving-mallorca-tips\/\" target=\"_blank\" rel=\"noreferrer noopener\">Guide till bilk\u00f6rning p\u00e5 Mallorca<\/a><\/li>\n\n\n\n<li><a class=\"\" href=\"https:\/\/www.zigzagonearth.com\/where-to-stay-mallorca-best-areas\/\" target=\"_blank\" rel=\"noreferrer noopener\">Var man kan bo p\u00e5 Mallorca<\/a><\/li>\n\n\n\n<li><a href=\"https:\/\/www.zigzagonearth.com\/where-stay-palma-mallorca-best-hotels\/\" target=\"_blank\" class=\"\" rel=\"noreferrer noopener\">Var man kan bo i Palma de Mallorca<\/a><\/li>\n\n\n\n<li><a class=\"\" href=\"https:\/\/zigzagonearth.com\/best-things-do-mallorca\/\" target=\"_blank\" rel=\"noreferrer noopener\">B\u00e4sta sakerna att g\u00f6ra p\u00e5 Mallorca<\/a><\/li>\n<\/ul>\n<\/div>\n<\/div>\n<\/div><\/div><\/div>\n\n<h2 class=\"wp-block-heading\" id=\"t-1655794748373\"><strong>Vanliga fr\u00e5gor<\/strong><\/h2>\n\n<h3 class=\"wp-block-heading\"><strong>Hur mycket kostar 5 dagar p\u00e5 Mallorca? &#8211; Kostnad<\/strong><\/h3>\n\n<p>Det kan variera mycket beroende p\u00e5 vilken typ av boende du v\u00e4ljer, vilken bil du hyr, vilka aktiviteter du v\u00e4ljer och vilken \u00e5rstid det \u00e4r&#8230;<\/p>\n\n<p>R\u00e4kna med ett genomsnitt p\u00e5 900 till 1100 euro f\u00f6r ett par.<br\/>Men under l\u00e5gs\u00e4song, med billiga boenden, bussresor och endast gratisaktiviteter kan du tillbringa 5 dagar f\u00f6r mindre \u00e4n 500 euro.<\/p>\n\n<h3 class=\"wp-block-heading\"><strong>Rundresa p\u00e5 Mallorca med buss p\u00e5 5 dagar<\/strong><\/h3>\n\n<p>Det finns ett bra n\u00e4tverk av bussar runt \u00f6n. Men det kommer i h\u00f6g grad att begr\u00e4nsa vad du kan se och hur l\u00e4nge.<br\/>Kolla in bussn\u00e4tverket p\u00e5 <a style=\"outline: none;\" href=\"https:\/\/www.tib.org\/en\/web\/ctm\/cerca-teva-linia\" target=\"_blank\" rel=\"nofollow noopener\">denna officiella webbplats<\/a>.<\/p>\n\n<p>F\u00f6r den h\u00e4r resplanen \u00e4r det b\u00e4ttre att stanna i Palma de Mallorca f\u00f6r det st\u00f6rsta urvalet av busslinjer &#8211; <a href=\"https:\/\/www.booking.com\/searchresults.en.html?city=-395224&amp;nflt=review_score%253D90&amp;aid=1164282&amp;no_rooms=1&amp;group_adults=2&amp;label=ZZ_Mallorca_itinerary\" target=\"_blank\" rel=\"noreferrer noopener sponsored nofollow\">se b\u00e4st rankade boenden<\/a><\/p>\n\n<p>Fr\u00e5n Palma de Mallorca kan du \u00e5ka till:<\/p>\n\n<ul class=\"wp-block-list\">\n<li>Alcudia<\/li>\n\n\n\n<li>Port de Soler<\/li>\n\n\n\n<li>Port d&#8217;Andratx<\/li>\n\n\n\n<li>Cala Pi (endast p\u00e5 sommaren)<\/li>\n\n\n\n<li>Manacor<\/li>\n\n\n\n<li>Cala Millor<\/li>\n\n\n\n<li>Sineu<\/li>\n\n\n\n<li>&#8230;<\/li>\n<\/ul>\n\n<h3 class=\"wp-block-heading\"><strong>B\u00e4sta tiden att bes\u00f6ka Mallorca<\/strong><\/h3>\n\n<p>Reses\u00e4songen p\u00e5 Mallorca \u00e4r ganska l\u00e5ng med behagliga temperaturer.  <br\/>Du kan till och med njuta av vintern p\u00e5 Mallorca om du inte har n\u00e5got emot lite kyla (temperaturer mellan 12 och 15\u00b0C).<br\/>Den har charm oavsett \u00e5rstid&#8230;  <br\/>Den b\u00e4sta tidpunkten beror p\u00e5 vad du letar efter:<\/p>\n\n<ul class=\"wp-block-list\">\n<li><strong>Folkmassor &#8211;<\/strong><br\/>Mallorca \u00e4r ett mycket popul\u00e4rt resm\u00e5l.<br\/>Under sommarm\u00e5naderna \u00e4r det full fart p\u00e5 str\u00e4nderna och attraktionerna.<br\/>\u00c4ven oktober \u00e4r en hektisk m\u00e5nad. Inte galen men upptagen.<br\/>D\u00e4rf\u00f6r \u00e4r det lugnare under axelm\u00e5naderna (april\/maj och oktober).<br\/>Men om du vill ha det lugnt ska du bes\u00f6ka oss p\u00e5 vintern &#8211; d\u00e5 kan du ha v\u00e4garna n\u00e4stan f\u00f6r dig sj\u00e4lv!<\/li>\n\n\n\n<li><strong>V\u00e4der<\/strong><br\/>Temperaturerna blir riktigt heta p\u00e5 sommaren, \u00e4r mycket behagliga under axelm\u00e5naderna och kyliga p\u00e5 vintern.<\/li>\n\n\n\n<li><strong>Simning<\/strong><br\/>Sommaren \u00e4r den b\u00e4sta tiden att simma i varma vatten.<\/li>\n\n\n\n<li><strong>Vandring\/cykling<\/strong><br\/>Men om du planerar en vandrings- eller cykeltur ska du undvika sommaren eftersom du kan sm\u00e4lta p\u00e5 grund av temperaturerna.<\/li>\n<\/ul>\n\n<p><strong><strong>Vill du se mer av Mallorca?<\/strong><\/strong><\/p>\n\n<ul class=\"wp-block-list\">\n<li>40 vackraste landskapen p\u00e5 Mallorca (med bilder) &#8211; <a style=\"outline: none;\" href=\"https:\/\/www.zigzagonearth.com\/sv\/basta-landskap-mallorca-foton\/\" target=\"_blank\" rel=\"noopener\">L\u00e4s artikeln<\/a><\/li>\n\n\n\n<li>Mallorcas 7 b\u00e4sta grottor &#8211; <a style=\"outline: none;\" href=\"https:\/\/www.zigzagonearth.com\/sv\/basta-grottor-mallorca\/\" target=\"_blank\" rel=\"noopener\">l\u00e4s artikeln<\/a><\/li>\n\n\n\n<li>10 b\u00e4sta calas p\u00e5 Mallorca (vikar) &#8211; <a style=\"outline: none;\" href=\"https:\/\/www.zigzagonearth.com\/sv\/basta-calas-mallorca-vikar\/\" target=\"_blank\" rel=\"noopener\">l\u00e4s artikel<\/a><\/li>\n\n\n\n<li>12 dolda p\u00e4rlor p\u00e5 Mallorca, utanf\u00f6r allfarv\u00e4garna &#8211; <a style=\"outline: none;\" href=\"https:\/\/www.zigzagonearth.com\/secret-places-mallorca-hidden-gems\/\" target=\"_blank\" rel=\"noopener\">l\u00e4s artikeln<\/a><\/li>\n\n\n\n<li>21 vackraste vyerna p\u00e5 Mallorca &#8211; <a style=\"outline: none;\" href=\"https:\/\/www.zigzagonearth.com\/sv\/basta-utsikterna-mallorca-utsiktspunkter\/\" target=\"_blank\" rel=\"noopener\">l\u00e4s artikeln<\/a><\/li>\n\n\n\n<li>Restips f\u00f6r Mallorca &#8211; <a style=\"outline: none;\" href=\"https:\/\/www.zigzagonearth.com\/road-trip-mallorca-travel-guide\/\" target=\"_blank\" rel=\"noopener\">l\u00e4s artikeln<\/a><\/li>\n\n\n\n<li>21 vackraste st\u00e4der och byar p\u00e5 Mallorca &#8211; <a style=\"outline: none;\" href=\"https:\/\/www.zigzagonearth.com\/sv\/basta-byar-mallorca-stader\/\" target=\"_blank\" rel=\"noopener\">l\u00e4s artikeln<\/a><\/li>\n<\/ul>\n\n<p class=\"has-text-align-left\"><strong>Och h\u00e5ll koll p\u00e5 din egen resa!<\/strong><\/p>\n\n<figure class=\"wp-block-image\"><a href=\"https:\/\/www.amazon.com\/dp\/B09LY2SHWZ?&amp;linkCode=ll1&amp;tag=zigzagus-20&amp;linkId=83ab24501f03e2883ec6fa1a8d9655b8&amp;language=en_US&amp;ref_=as_li_ss_tl\" target=\"_blank\" rel=\"nofollow noopener\"><img decoding=\"async\" src=\"\/\/www.zigzagonearth.com\/wp-content\/uploads\/2021\/11\/Mallorca-travel-Journal.jpg\" alt=\"Mallorca resedagbok\" title=\"Mallorca resedagbok\"\/><\/a><\/figure>\n\n<p><strong>TIDIGARE:  <\/strong><\/p>\n\n<p class=\"has-text-align-left\"><strong><a href=\"https:\/\/www.zigzagonearth.com\/sv\/4-dagar-mallorca-resvag\/\" target=\"_blank\" rel=\"noopener\">4 dagar p\u00e5 Mallorca resv\u00e4gar<\/a><\/strong><\/p>\n\n<p><strong>N\u00c4STA: <\/strong><\/p>\n\n<p class=\"has-text-align-left\"><strong><strong><a style=\"outline: none;\" href=\"https:\/\/www.zigzagonearth.com\/one-week-mallorca-itinerary\/\" target=\"_blank\" rel=\"noopener\">En vecka p\u00e5 Mallorca &#8211; f\u00f6rslag p\u00e5 resv\u00e4gar<\/a><\/strong><\/strong><\/p>\n\n<figure class=\"wp-block-image\"><a href=\"https:\/\/www.zigzagonearth.com\/mallorca-travel-guide-tips\/\" target=\"_blank\" rel=\"nofollow noopener\"><img decoding=\"async\" src=\"\/\/www.zigzagonearth.com\/wp-content\/uploads\/2021\/11\/Mallorca-Travel-Guide.jpg\" alt=\"Reseguide Mallorca\" title=\"Reseguide Mallorca\"\/><\/a><\/figure>\n\n<p class=\"has-text-align-left\"><strong>Inspirerad? Dela den p\u00e5 din favoritplattform!<\/strong><\/p>\n","protected":false},"excerpt":{"rendered":"<p>Undrar du vad du kan se p\u00e5 5 dagar p\u00e5 Mallorca?Jag har skapat 5 Mallorca-resplaner f\u00f6r 5 dagar, att v\u00e4lja, beroende p\u00e5 dina intressen: Din resa kommer att bli episk! Bes\u00f6k Mallorca p\u00e5 5 dagar: viktigt att veta Hur tillbringar man 5 dagar p\u00e5 Mallorca? Det beror p\u00e5 vad du \u00e4r intresserad av. Det finns [&hellip;]<\/p>\n","protected":false},"author":1,"featured_media":65627,"comment_status":"closed","ping_status":"closed","sticky":false,"template":"","format":"standard","meta":{"_genesis_hide_title":false,"_genesis_hide_breadcrumbs":false,"_genesis_hide_singular_image":false,"_genesis_hide_footer_widgets":false,"_genesis_custom_body_class":"","_genesis_custom_post_class":"","_genesis_layout":"full-width-content","footnotes":""},"categories":[881],"tags":[],"class_list":{"0":"post-69755","1":"post","2":"type-post","3":"status-publish","4":"format-standard","5":"has-post-thumbnail","7":"category-mallorca-sv","8":"entry"},"yoast_head":"<!-- This site is optimized with the Yoast SEO plugin v27.2 - https:\/\/yoast.com\/product\/yoast-seo-wordpress\/ -->\n<title>5 dagar p\u00e5 Mallorca: 5 EPIC-resplaner (med foton!)<\/title>\n<meta name=\"description\" content=\"Uppt\u00e4ck 5 f\u00f6rslag p\u00e5 resv\u00e4gar till Mallorca f\u00f6r en vecka p\u00e5 Mallorca - f\u00f6r \u00e4ventyr, strand, vandring eller omv\u00e4xling...\" \/>\n<meta name=\"robots\" content=\"index, follow, max-snippet:-1, max-image-preview:large, max-video-preview:-1\" \/>\n<link rel=\"canonical\" href=\"https:\/\/www.zigzagonearth.com\/sv\/5-dagar-mallorca-resplan\/\" \/>\n<meta property=\"og:locale\" content=\"sv_SE\" \/>\n<meta property=\"og:type\" content=\"article\" \/>\n<meta property=\"og:title\" content=\"5 dagar p\u00e5 Mallorca: 5 EPIC-resplaner (med foton!)\" \/>\n<meta property=\"og:description\" content=\"Uppt\u00e4ck 5 f\u00f6rslag p\u00e5 resv\u00e4gar till Mallorca f\u00f6r en vecka p\u00e5 Mallorca - f\u00f6r \u00e4ventyr, strand, vandring eller omv\u00e4xling...\" \/>\n<meta property=\"og:url\" content=\"https:\/\/www.zigzagonearth.com\/sv\/5-dagar-mallorca-resplan\/\" \/>\n<meta property=\"og:site_name\" content=\"ZigZagonEarth\" \/>\n<meta property=\"article:publisher\" content=\"https:\/\/www.facebook.com\/zigzagonearth\" \/>\n<meta property=\"article:author\" content=\"https:\/\/www.facebook.com\/zigzagonearth\" \/>\n<meta property=\"article:published_time\" content=\"2023-02-20T09:01:33+00:00\" \/>\n<meta property=\"article:modified_time\" content=\"2023-11-04T00:05:11+00:00\" \/>\n<meta property=\"og:image\" content=\"http:\/\/www.zigzagonearth.com\/wp-content\/uploads\/2022\/06\/FB-One-week-mallorca-itinerary-7-days-1024x536.jpg\" \/>\n<meta name=\"author\" content=\"Claire\" \/>\n<meta name=\"twitter:card\" content=\"summary_large_image\" \/>\n<meta name=\"twitter:creator\" content=\"@ZigZagOnEarth\" \/>\n<meta name=\"twitter:site\" content=\"@ZigZagOnEarth\" \/>\n<meta name=\"twitter:label1\" content=\"Skriven av\" \/>\n\t<meta name=\"twitter:data1\" content=\"Claire\" \/>\n\t<meta name=\"twitter:label2\" content=\"Ber\u00e4knad l\u00e4stid\" \/>\n\t<meta name=\"twitter:data2\" content=\"22 minuter\" \/>\n<script type=\"application\/ld+json\" class=\"yoast-schema-graph\">{\"@context\":\"https:\/\/schema.org\",\"@graph\":[{\"@type\":\"Article\",\"@id\":\"https:\/\/www.zigzagonearth.com\/sv\/5-dagar-mallorca-resplan\/#article\",\"isPartOf\":{\"@id\":\"https:\/\/www.zigzagonearth.com\/sv\/5-dagar-mallorca-resplan\/\"},\"author\":{\"name\":\"Claire\",\"@id\":\"https:\/\/www.zigzagonearth.com\/sv\/#\/schema\/person\/0498142e0cb256f21659d85ef6bca599\"},\"headline\":\"5 dagar p\u00e5 Mallorca: 5 EPIC-resplaner (med foton!)\",\"datePublished\":\"2023-02-20T09:01:33+00:00\",\"dateModified\":\"2023-11-04T00:05:11+00:00\",\"mainEntityOfPage\":{\"@id\":\"https:\/\/www.zigzagonearth.com\/sv\/5-dagar-mallorca-resplan\/\"},\"wordCount\":4466,\"image\":{\"@id\":\"https:\/\/www.zigzagonearth.com\/sv\/5-dagar-mallorca-resplan\/#primaryimage\"},\"thumbnailUrl\":\"https:\/\/www.zigzagonearth.com\/wp-content\/uploads\/2023\/02\/5-days-in-Mallorca-itinerary.jpg\",\"articleSection\":[\"Mallorca\"],\"inLanguage\":\"sv-SE\"},{\"@type\":\"WebPage\",\"@id\":\"https:\/\/www.zigzagonearth.com\/sv\/5-dagar-mallorca-resplan\/\",\"url\":\"https:\/\/www.zigzagonearth.com\/sv\/5-dagar-mallorca-resplan\/\",\"name\":\"5 dagar p\u00e5 Mallorca: 5 EPIC-resplaner (med foton!)\",\"isPartOf\":{\"@id\":\"https:\/\/www.zigzagonearth.com\/sv\/#website\"},\"primaryImageOfPage\":{\"@id\":\"https:\/\/www.zigzagonearth.com\/sv\/5-dagar-mallorca-resplan\/#primaryimage\"},\"image\":{\"@id\":\"https:\/\/www.zigzagonearth.com\/sv\/5-dagar-mallorca-resplan\/#primaryimage\"},\"thumbnailUrl\":\"https:\/\/www.zigzagonearth.com\/wp-content\/uploads\/2023\/02\/5-days-in-Mallorca-itinerary.jpg\",\"datePublished\":\"2023-02-20T09:01:33+00:00\",\"dateModified\":\"2023-11-04T00:05:11+00:00\",\"author\":{\"@id\":\"https:\/\/www.zigzagonearth.com\/sv\/#\/schema\/person\/0498142e0cb256f21659d85ef6bca599\"},\"description\":\"Uppt\u00e4ck 5 f\u00f6rslag p\u00e5 resv\u00e4gar till Mallorca f\u00f6r en vecka p\u00e5 Mallorca - f\u00f6r \u00e4ventyr, strand, vandring eller omv\u00e4xling...\",\"breadcrumb\":{\"@id\":\"https:\/\/www.zigzagonearth.com\/sv\/5-dagar-mallorca-resplan\/#breadcrumb\"},\"inLanguage\":\"sv-SE\",\"potentialAction\":[{\"@type\":\"ReadAction\",\"target\":[\"https:\/\/www.zigzagonearth.com\/sv\/5-dagar-mallorca-resplan\/\"]}]},{\"@type\":\"ImageObject\",\"inLanguage\":\"sv-SE\",\"@id\":\"https:\/\/www.zigzagonearth.com\/sv\/5-dagar-mallorca-resplan\/#primaryimage\",\"url\":\"https:\/\/www.zigzagonearth.com\/wp-content\/uploads\/2023\/02\/5-days-in-Mallorca-itinerary.jpg\",\"contentUrl\":\"https:\/\/www.zigzagonearth.com\/wp-content\/uploads\/2023\/02\/5-days-in-Mallorca-itinerary.jpg\",\"width\":500,\"height\":500},{\"@type\":\"BreadcrumbList\",\"@id\":\"https:\/\/www.zigzagonearth.com\/sv\/5-dagar-mallorca-resplan\/#breadcrumb\",\"itemListElement\":[{\"@type\":\"ListItem\",\"position\":1,\"name\":\"Home\",\"item\":\"https:\/\/www.zigzagonearth.com\/sv\/\"},{\"@type\":\"ListItem\",\"position\":2,\"name\":\"5 dagar p\u00e5 Mallorca: 5 EPIC-resplaner (med foton!)\"}]},{\"@type\":\"WebSite\",\"@id\":\"https:\/\/www.zigzagonearth.com\/sv\/#website\",\"url\":\"https:\/\/www.zigzagonearth.com\/sv\/\",\"name\":\"ZigZagonEarth\",\"description\":\"Plan unforgettable road trips!\",\"potentialAction\":[{\"@type\":\"SearchAction\",\"target\":{\"@type\":\"EntryPoint\",\"urlTemplate\":\"https:\/\/www.zigzagonearth.com\/sv\/?s={search_term_string}\"},\"query-input\":{\"@type\":\"PropertyValueSpecification\",\"valueRequired\":true,\"valueName\":\"search_term_string\"}}],\"inLanguage\":\"sv-SE\"},{\"@type\":\"Person\",\"@id\":\"https:\/\/www.zigzagonearth.com\/sv\/#\/schema\/person\/0498142e0cb256f21659d85ef6bca599\",\"name\":\"Claire\",\"image\":{\"@type\":\"ImageObject\",\"inLanguage\":\"sv-SE\",\"@id\":\"https:\/\/secure.gravatar.com\/avatar\/7a2d4fe6757ab43d35e1680834ada7bf24e3ceccf01b37a8d65bfb7e69ce6271?s=96&d=blank&r=g\",\"url\":\"https:\/\/secure.gravatar.com\/avatar\/7a2d4fe6757ab43d35e1680834ada7bf24e3ceccf01b37a8d65bfb7e69ce6271?s=96&d=blank&r=g\",\"contentUrl\":\"https:\/\/secure.gravatar.com\/avatar\/7a2d4fe6757ab43d35e1680834ada7bf24e3ceccf01b37a8d65bfb7e69ce6271?s=96&d=blank&r=g\",\"caption\":\"Claire\"},\"description\":\"Claire is the ultimate Travel Planning Geek - She can spend hours, weeks, months... researching for a trip. She created ZigZag On Earth to help people plan their own travels and make the most of their time.\",\"sameAs\":[\"https:\/\/www.facebook.com\/zigzagonearth\"]}]}<\/script>\n<!-- \/ Yoast SEO plugin. -->","yoast_head_json":{"title":"5 dagar p\u00e5 Mallorca: 5 EPIC-resplaner (med foton!)","description":"Uppt\u00e4ck 5 f\u00f6rslag p\u00e5 resv\u00e4gar till Mallorca f\u00f6r en vecka p\u00e5 Mallorca - f\u00f6r \u00e4ventyr, strand, vandring eller omv\u00e4xling...","robots":{"index":"index","follow":"follow","max-snippet":"max-snippet:-1","max-image-preview":"max-image-preview:large","max-video-preview":"max-video-preview:-1"},"canonical":"https:\/\/www.zigzagonearth.com\/sv\/5-dagar-mallorca-resplan\/","og_locale":"sv_SE","og_type":"article","og_title":"5 dagar p\u00e5 Mallorca: 5 EPIC-resplaner (med foton!)","og_description":"Uppt\u00e4ck 5 f\u00f6rslag p\u00e5 resv\u00e4gar till Mallorca f\u00f6r en vecka p\u00e5 Mallorca - f\u00f6r \u00e4ventyr, strand, vandring eller omv\u00e4xling...","og_url":"https:\/\/www.zigzagonearth.com\/sv\/5-dagar-mallorca-resplan\/","og_site_name":"ZigZagonEarth","article_publisher":"https:\/\/www.facebook.com\/zigzagonearth","article_author":"https:\/\/www.facebook.com\/zigzagonearth","article_published_time":"2023-02-20T09:01:33+00:00","article_modified_time":"2023-11-04T00:05:11+00:00","og_image":[{"url":"http:\/\/www.zigzagonearth.com\/wp-content\/uploads\/2022\/06\/FB-One-week-mallorca-itinerary-7-days-1024x536.jpg","type":"","width":"","height":""}],"author":"Claire","twitter_card":"summary_large_image","twitter_creator":"@ZigZagOnEarth","twitter_site":"@ZigZagOnEarth","twitter_misc":{"Skriven av":"Claire","Ber\u00e4knad l\u00e4stid":"22 minuter"},"schema":{"@context":"https:\/\/schema.org","@graph":[{"@type":"Article","@id":"https:\/\/www.zigzagonearth.com\/sv\/5-dagar-mallorca-resplan\/#article","isPartOf":{"@id":"https:\/\/www.zigzagonearth.com\/sv\/5-dagar-mallorca-resplan\/"},"author":{"name":"Claire","@id":"https:\/\/www.zigzagonearth.com\/sv\/#\/schema\/person\/0498142e0cb256f21659d85ef6bca599"},"headline":"5 dagar p\u00e5 Mallorca: 5 EPIC-resplaner (med foton!)","datePublished":"2023-02-20T09:01:33+00:00","dateModified":"2023-11-04T00:05:11+00:00","mainEntityOfPage":{"@id":"https:\/\/www.zigzagonearth.com\/sv\/5-dagar-mallorca-resplan\/"},"wordCount":4466,"image":{"@id":"https:\/\/www.zigzagonearth.com\/sv\/5-dagar-mallorca-resplan\/#primaryimage"},"thumbnailUrl":"https:\/\/www.zigzagonearth.com\/wp-content\/uploads\/2023\/02\/5-days-in-Mallorca-itinerary.jpg","articleSection":["Mallorca"],"inLanguage":"sv-SE"},{"@type":"WebPage","@id":"https:\/\/www.zigzagonearth.com\/sv\/5-dagar-mallorca-resplan\/","url":"https:\/\/www.zigzagonearth.com\/sv\/5-dagar-mallorca-resplan\/","name":"5 dagar p\u00e5 Mallorca: 5 EPIC-resplaner (med foton!)","isPartOf":{"@id":"https:\/\/www.zigzagonearth.com\/sv\/#website"},"primaryImageOfPage":{"@id":"https:\/\/www.zigzagonearth.com\/sv\/5-dagar-mallorca-resplan\/#primaryimage"},"image":{"@id":"https:\/\/www.zigzagonearth.com\/sv\/5-dagar-mallorca-resplan\/#primaryimage"},"thumbnailUrl":"https:\/\/www.zigzagonearth.com\/wp-content\/uploads\/2023\/02\/5-days-in-Mallorca-itinerary.jpg","datePublished":"2023-02-20T09:01:33+00:00","dateModified":"2023-11-04T00:05:11+00:00","author":{"@id":"https:\/\/www.zigzagonearth.com\/sv\/#\/schema\/person\/0498142e0cb256f21659d85ef6bca599"},"description":"Uppt\u00e4ck 5 f\u00f6rslag p\u00e5 resv\u00e4gar till Mallorca f\u00f6r en vecka p\u00e5 Mallorca - f\u00f6r \u00e4ventyr, strand, vandring eller omv\u00e4xling...","breadcrumb":{"@id":"https:\/\/www.zigzagonearth.com\/sv\/5-dagar-mallorca-resplan\/#breadcrumb"},"inLanguage":"sv-SE","potentialAction":[{"@type":"ReadAction","target":["https:\/\/www.zigzagonearth.com\/sv\/5-dagar-mallorca-resplan\/"]}]},{"@type":"ImageObject","inLanguage":"sv-SE","@id":"https:\/\/www.zigzagonearth.com\/sv\/5-dagar-mallorca-resplan\/#primaryimage","url":"https:\/\/www.zigzagonearth.com\/wp-content\/uploads\/2023\/02\/5-days-in-Mallorca-itinerary.jpg","contentUrl":"https:\/\/www.zigzagonearth.com\/wp-content\/uploads\/2023\/02\/5-days-in-Mallorca-itinerary.jpg","width":500,"height":500},{"@type":"BreadcrumbList","@id":"https:\/\/www.zigzagonearth.com\/sv\/5-dagar-mallorca-resplan\/#breadcrumb","itemListElement":[{"@type":"ListItem","position":1,"name":"Home","item":"https:\/\/www.zigzagonearth.com\/sv\/"},{"@type":"ListItem","position":2,"name":"5 dagar p\u00e5 Mallorca: 5 EPIC-resplaner (med foton!)"}]},{"@type":"WebSite","@id":"https:\/\/www.zigzagonearth.com\/sv\/#website","url":"https:\/\/www.zigzagonearth.com\/sv\/","name":"ZigZagonEarth","description":"Plan unforgettable road trips!","potentialAction":[{"@type":"SearchAction","target":{"@type":"EntryPoint","urlTemplate":"https:\/\/www.zigzagonearth.com\/sv\/?s={search_term_string}"},"query-input":{"@type":"PropertyValueSpecification","valueRequired":true,"valueName":"search_term_string"}}],"inLanguage":"sv-SE"},{"@type":"Person","@id":"https:\/\/www.zigzagonearth.com\/sv\/#\/schema\/person\/0498142e0cb256f21659d85ef6bca599","name":"Claire","image":{"@type":"ImageObject","inLanguage":"sv-SE","@id":"https:\/\/secure.gravatar.com\/avatar\/7a2d4fe6757ab43d35e1680834ada7bf24e3ceccf01b37a8d65bfb7e69ce6271?s=96&d=blank&r=g","url":"https:\/\/secure.gravatar.com\/avatar\/7a2d4fe6757ab43d35e1680834ada7bf24e3ceccf01b37a8d65bfb7e69ce6271?s=96&d=blank&r=g","contentUrl":"https:\/\/secure.gravatar.com\/avatar\/7a2d4fe6757ab43d35e1680834ada7bf24e3ceccf01b37a8d65bfb7e69ce6271?s=96&d=blank&r=g","caption":"Claire"},"description":"Claire is the ultimate Travel Planning Geek - She can spend hours, weeks, months... researching for a trip. She created ZigZag On Earth to help people plan their own travels and make the most of their time.","sameAs":["https:\/\/www.facebook.com\/zigzagonearth"]}]}},"featured_image_src":"https:\/\/www.zigzagonearth.com\/wp-content\/uploads\/2023\/02\/5-days-in-Mallorca-itinerary.jpg","featured_image_src_square":"https:\/\/www.zigzagonearth.com\/wp-content\/uploads\/2023\/02\/5-days-in-Mallorca-itinerary.jpg","author_info":{"display_name":"Claire","author_link":"https:\/\/www.zigzagonearth.com\/sv\/author\/zzoe\/"},"_links":{"self":[{"href":"https:\/\/www.zigzagonearth.com\/sv\/wp-json\/wp\/v2\/posts\/69755","targetHints":{"allow":["GET"]}}],"collection":[{"href":"https:\/\/www.zigzagonearth.com\/sv\/wp-json\/wp\/v2\/posts"}],"about":[{"href":"https:\/\/www.zigzagonearth.com\/sv\/wp-json\/wp\/v2\/types\/post"}],"author":[{"embeddable":true,"href":"https:\/\/www.zigzagonearth.com\/sv\/wp-json\/wp\/v2\/users\/1"}],"replies":[{"embeddable":true,"href":"https:\/\/www.zigzagonearth.com\/sv\/wp-json\/wp\/v2\/comments?post=69755"}],"version-history":[{"count":0,"href":"https:\/\/www.zigzagonearth.com\/sv\/wp-json\/wp\/v2\/posts\/69755\/revisions"}],"wp:featuredmedia":[{"embeddable":true,"href":"https:\/\/www.zigzagonearth.com\/sv\/wp-json\/wp\/v2\/media\/65627"}],"wp:attachment":[{"href":"https:\/\/www.zigzagonearth.com\/sv\/wp-json\/wp\/v2\/media?parent=69755"}],"wp:term":[{"taxonomy":"category","embeddable":true,"href":"https:\/\/www.zigzagonearth.com\/sv\/wp-json\/wp\/v2\/categories?post=69755"},{"taxonomy":"post_tag","embeddable":true,"href":"https:\/\/www.zigzagonearth.com\/sv\/wp-json\/wp\/v2\/tags?post=69755"}],"curies":[{"name":"wp","href":"https:\/\/api.w.org\/{rel}","templated":true}]}}