{"id":69738,"date":"2022-03-30T10:07:32","date_gmt":"2022-03-30T08:07:32","guid":{"rendered":"https:\/\/www.zigzagonearth.com\/cap-formentor-mallorca\/"},"modified":"2023-11-03T17:55:27","modified_gmt":"2023-11-03T16:55:27","slug":"cap-formentor-mallorca","status":"publish","type":"post","link":"https:\/\/www.zigzagonearth.com\/sv\/cap-formentor-mallorca\/","title":{"rendered":"Cap de Formentor (Mallorca): v\u00e4g, str\u00e4nder, fyr &#8230;"},"content":{"rendered":"\n<p><strong>Cap de Formentor \u00e4r en av de mest imponerande platserna att bes\u00f6ka p\u00e5 Mallorca.<\/strong><br\/><strong>Nedan f\u00f6ljer min kompletta guide som hj\u00e4lper dig att planera ditt bes\u00f6k med karta, tips och bilder:<\/strong><\/p>\n\n<ul class=\"wp-block-list\">\n<li><strong>V\u00e4gen till Cape Formentor och dess b\u00e4sta utsiktsplatser,<\/strong><\/li>\n\n\n\n<li><strong>Formentors str\u00e4nder och calas,<\/strong><\/li>\n\n\n\n<li><strong>Fyren,<\/strong><\/li>\n\n\n\n<li><strong>B\u00e5tutflykterna,<\/strong><\/li>\n\n\n\n<li><strong>&#8230;<\/strong><\/li>\n<\/ul>\n\n<div style=\"margin-top:8%;margin-bottom:8%\" class=\"wp-block-genesis-blocks-gb-container box gb-block-container\"><div class=\"gb-container-inside\"><div class=\"gb-container-content\">\n<p class=\"box_titre_une\">Innan mina tips + foton, h\u00e4r \u00e4r <u>mina favoriter<\/u> f\u00f6r Mallorca:<\/p>\n\n\n\n<div class=\"wp-block-columns box_colonne_cc is-layout-flex wp-container-core-columns-is-layout-9d6595d7 wp-block-columns-is-layout-flex\">\n<div class=\"wp-block-column box_picto_c is-layout-flow wp-block-column-is-layout-flow\" style=\"flex-basis:5%\">\n<figure class=\"wp-block-image size-full is-resized box_picto\"><img loading=\"lazy\" decoding=\"async\" src=\"http:\/\/www.zigzagonearth.com\/wp-content\/uploads\/2023\/08\/&#x1F697;.png\" alt=\"\" class=\"wp-image-16341\" style=\"width:30px;height:31px\" width=\"30\" height=\"31\"\/><\/figure>\n<\/div>\n\n\n\n<div class=\"wp-block-column is-layout-flow wp-block-column-is-layout-flow\" style=\"flex-basis:95%\">\n<p class=\"box_lien_g\">Min favoritplattform f\u00f6r att hyra bil p\u00e5 Mallorca: <a href=\"https:\/\/www.discovercars.com\/se\/spain-balearic-islands\/mallorca?a_aid=zigzag&amp;chan=ZZ_Mallorca\" target=\"_blank\" rel=\"noreferrer noopener sponsored nofollow\">DiscoverCars<\/a><\/p>\n<\/div>\n<\/div>\n\n\n\n<div class=\"wp-block-columns box_colonne_cc is-layout-flex wp-container-core-columns-is-layout-9d6595d7 wp-block-columns-is-layout-flex\">\n<div class=\"wp-block-column box_picto_c is-layout-flow wp-block-column-is-layout-flow\" style=\"flex-basis:5%\">\n<figure class=\"wp-block-image size-full is-resized box_picto\"><img loading=\"lazy\" decoding=\"async\" src=\"http:\/\/www.zigzagonearth.com\/wp-content\/uploads\/2023\/08\/&#x1F6E5;&#xFE0F;&#xFE0F;.png\" alt=\"\" class=\"wp-image-16340\" style=\"width:30px;height:31px\" width=\"30\" height=\"31\"\/><\/figure>\n<\/div>\n\n\n\n<div class=\"wp-block-column is-layout-flow wp-block-column-is-layout-flow\" style=\"flex-basis:90%\">\n<p>Den omistliga b\u00e5tturen: <a href=\"https:\/\/www.getyourguide.se\/mallorca-l47\/mallorca-sunrise-coast-dolphins-cruise-t288850\/?partner_id=R3GYW4V&amp;cmp=ZZ_Mallorca_une\" target=\"_blank\" rel=\"noreferrer noopener sponsored nofollow\">delfinsafari fr\u00e5n Alcudia<\/a><\/p>\n<\/div>\n<\/div>\n\n\n\n<div class=\"wp-block-columns box_colonne_cc is-layout-flex wp-container-core-columns-is-layout-9d6595d7 wp-block-columns-is-layout-flex\">\n<div class=\"wp-block-column box_picto_c is-layout-flow wp-block-column-is-layout-flow\" style=\"flex-basis:5%\">\n<figure class=\"wp-block-image size-full is-resized box_picto\"><img loading=\"lazy\" decoding=\"async\" src=\"http:\/\/www.zigzagonearth.com\/wp-content\/uploads\/2023\/08\/&#x1F68C;.png\" alt=\"\" class=\"wp-image-16339\" style=\"width:30px;height:31px\" width=\"30\" height=\"31\"\/><\/figure>\n<\/div>\n\n\n\n<div class=\"wp-block-column is-layout-flow wp-block-column-is-layout-flow\" style=\"flex-basis:90%\">\n<p>Min favoritutflykt fr\u00e5n Palma: <a href=\"https:\/\/www.getyourguide.se\/mallorca-l47\/mallorca-tramuntana-tour-with-historic-railway-ride-t62634\/?partner_id=R3GYW4V&amp;cmp=ZZ_Mallorca_une\" target=\"_blank\" rel=\"noreferrer noopener sponsored nofollow\">Port de Soller och Valldemossa<\/a><\/p>\n<\/div>\n<\/div>\n\n\n\n<div class=\"wp-block-columns box_colonne_cc box_colonne_dernier_cc is-layout-flex wp-container-core-columns-is-layout-9d6595d7 wp-block-columns-is-layout-flex\">\n<div class=\"wp-block-column box_picto_x box_picto_c is-layout-flow wp-block-column-is-layout-flow\" style=\"flex-basis:5%\">\n<figure class=\"wp-block-image size-full is-resized box_picto\"><img loading=\"lazy\" decoding=\"async\" src=\"http:\/\/www.zigzagonearth.com\/wp-content\/uploads\/2023\/08\/&#x1F3E0;.png\" alt=\"\" class=\"wp-image-16338\" style=\"width:30px;height:31px\" width=\"30\" height=\"31\"\/><\/figure>\n<\/div>\n\n\n\n<div class=\"wp-block-column is-layout-flow wp-block-column-is-layout-flow\" style=\"flex-basis:95%\">\n<p>Mina favoritst\u00e4llen att bo p\u00e5:<\/p>\n\n\n\n<ul class=\"wp-block-list\">\n<li>Palma de Mallorca: <a href=\"https:\/\/www.booking.com\/searchresults.en.html?city=-395224&amp;nflt=review_score%253D90&amp;aid=1164282&amp;no_rooms=1&amp;group_adults=2&amp;label=mallorca\" target=\"_blank\" rel=\"noreferrer noopener sponsored nofollow\">se b\u00e4st rankade hotell<\/a> &#8211; t.ex. <a class=\"\" href=\"https:\/\/www.booking.com\/hotel\/es\/art-palma.en.html?aid=1164282&amp;no_rooms=1&amp;group_adults=2&amp;label=_amcid-FrQAZQblirbxlpiJxpEME\" target=\"_blank\" rel=\"noreferrer noopener\"><\/a><a href=\"https:\/\/www.booking.com\/hotel\/es\/posada-terra-santa.en.html?aid=1164282&amp;label=mallorca\" target=\"_blank\" rel=\"noreferrer noopener sponsored nofollow\">Hotel Posada Terra Santa<\/a><\/li>\n\n\n\n<li>Port d&#8217;Alcudia: <a href=\"https:\/\/www.booking.com\/searchresults.en.html?city=-381100&amp;nflt=review_score%253D90&amp;aid=1164282&amp;no_rooms=1&amp;group_adults=2&amp;label=mallorca\" target=\"_blank\" rel=\"noreferrer noopener sponsored nofollow\">se b\u00e4st rankade hotell<\/a> &#8211; t.ex. <a href=\"https:\/\/www.booking.com\/hotel\/es\/bonavida-apartments-alcudia.en-gb.html?aid=1164282&amp;label=mallorca\" target=\"_blank\" rel=\"noreferrer noopener sponsored nofollow\">Bonavida l\u00e4genheter<\/a><\/li>\n\n\n\n<li>Cala d&#8217;or: <a href=\"https:\/\/www.booking.com\/searchresults.en.html?city=900039122&amp;nflt=review_score%253D90&amp;aid=1164282&amp;no_rooms=1&amp;group_adults=2&amp;label=mallorca\" target=\"_blank\" rel=\"noreferrer noopener sponsored nofollow\">se b\u00e4st rankade hotell<\/a> &#8211; t.ex. <a href=\"https:\/\/www.booking.com\/hotel\/es\/casa-ceiba-maria.en.html?aid=1164282&amp;no_rooms=1&amp;group_adults=2&amp;label=mallorca\" target=\"_blank\" rel=\"noreferrer noopener sponsored nofollow\">Casa Ceiba Maria<\/a><\/li>\n\n\n\n<li>I en Finca i hj\u00e4rtat av \u00f6n &#8211; jag f\u00f6resl\u00e5r <a href=\"https:\/\/www.booking.com\/hotel\/es\/finca-cas-sant.en.html?aid=1164282&amp;label=mallorca\" target=\"_blank\" rel=\"noreferrer noopener sponsored nofollow\">Finca Cas Sant<\/a><\/li>\n<\/ul>\n<\/div>\n<\/div>\n<\/div><\/div><\/div>\n\n<div class=\"wp-block-columns is-layout-flex wp-container-core-columns-is-layout-9d6595d7 wp-block-columns-is-layout-flex\">\n<div class=\"wp-block-column is-layout-flow wp-block-column-is-layout-flow\"><div class=\"wp-block-image\">\n<figure class=\"aligncenter size-full is-resized\"><img decoding=\"async\" src=\"https:\/\/www.zigzagonearth.com\/wp-content\/uploads\/2023\/09\/Hojdpunkter-Cap-de-Formentor-Mallorca.jpg\" alt=\"Cap de Formentor Mallorca v&#xE4;g strand fyr Pin\" class=\"wp-image-15469\" style=\"width:300px;height:undefinedpx\"\/><\/figure>\n<\/div><\/div>\n\n\n\n<div class=\"wp-block-column is-layout-flow wp-block-column-is-layout-flow\"><\/div>\n<\/div>\n\n<h2 class=\"wp-block-heading\" id=\"tab-con-10\"><strong>Varf\u00f6r bes\u00f6ka Formentorhalv\u00f6n p\u00e5 Mallorca?<\/strong><\/h2>\n\n<h3 class=\"wp-block-heading\"><strong>Vad \u00e4r Cap de Formentor?<\/strong><\/h3>\n\n<p>Cap de Formentor \u00e4r den nordligaste punkten p\u00e5 Mallorca.<br\/>Namnet anv\u00e4nds ofta f\u00f6r att beskriva hela halv\u00f6n med dess utsiktsplatser, fyrar, klippor och str\u00e4nder.<br\/>Den \u00e4r k\u00e4nd f\u00f6r sina h\u00f6ga vertikala klippor som faller ner i havet, vissa n\u00e5r 384 m (1260 fot) \u00f6ver havsniv\u00e5n.<\/p>\n\n<h3 class=\"wp-block-heading\"><strong>\u00c4r Cap de Formentor v\u00e4rt ett bes\u00f6k?<\/strong><\/h3>\n\n<p>Ja, Cap de Formentor \u00e4r v\u00e4rt ett bes\u00f6k, liksom hela halv\u00f6n.<br\/>Det vilda omr\u00e5det bjuder p\u00e5 imponerande vyer med h\u00e4pnadsv\u00e4ckande klippor och dr\u00f6mlika str\u00e4nder. Gl\u00f6m inte bort det p\u00e5 <a href=\"https:\/\/www.zigzagonearth.com\/one-week-mallorca-itinerary\/\" target=\"_blank\" rel=\"noopener\">din resplan<\/a>!<br\/>Men f\u00f6r att du ska kunna njuta av upplevelsen fullt ut finns det n\u00e5gra saker du b\u00f6r k\u00e4nna till. Se mina planeringstips l\u00e4ngre fram i artikeln.<\/p>\n\n<figure class=\"wp-block-image size-large\"><img decoding=\"async\" src=\"https:\/\/photos.smugmug.com\/Travel\/Mallorca\/Es-Colomer\/i-tF8nxD4\/3\/336daa4a\/L\/Mirador_Colomer_Formentor_Mallorca-052877-L.jpg\" alt=\"Klippor p&#xE5; v&#xE4;g till Cap de Formentor\"\/><figcaption class=\"wp-element-caption\"><strong>Klippor p\u00e5 v\u00e4g till Cap de Formentor<\/strong><\/figcaption><\/figure>\n\n<h3 class=\"wp-block-heading\"><strong>5 b\u00e4sta saker att g\u00f6ra p\u00e5 Formentor Cape<\/strong><\/h3>\n\n<p>Om din tid \u00e4r begr\u00e4nsad \u00e4r detta min topp 5 \u00f6ver de b\u00e4sta sakerna att g\u00f6ra p\u00e5 Formentor:<\/p>\n\n<ol class=\"wp-block-list\">\n<li>Njut av utsikten p\u00e5 Es Colomer<\/li>\n\n\n\n<li>G\u00e5 utanf\u00f6r allfarv\u00e4garna och njut av 380\u00b0 panoramautsikt fr\u00e5n Albercutx-tornet<\/li>\n\n\n\n<li>K\u00f6r huvudv\u00e4gen genom halv\u00f6n till fyren (eller ta bussen p\u00e5 sommaren)<\/li>\n\n\n\n<li>Strosa i den fina sanden p\u00e5 Playa de Formentor<\/li>\n\n\n\n<li>Ta en b\u00e5ttur f\u00f6r att se klipporna fr\u00e5n vattnet &#8211; <a href=\"https:\/\/www.getyourguide.se\/s?q=formentor&amp;searchSource=8&amp;partner_id=R3GYW4V&amp;cmp=ZZ_Mallorca\" target=\"_blank\" rel=\"noreferrer noopener sponsored nofollow\">se alternativ och boka<\/a><\/li>\n<\/ol>\n\n<figure class=\"wp-block-image size-large\"><img decoding=\"async\" src=\"https:\/\/photos.smugmug.com\/Travel\/Mallorca\/Albercutx-Tower\/i-2dLf9pm\/3\/ac1f4dbb\/XL\/Albercutx_Tower_Formentor_Mallorca-0583-XL.jpg\" alt=\"Utsikt &#xF6;ver halv&#xF6;n Formentor\"\/><figcaption class=\"wp-element-caption\"><strong>Utsikt \u00f6ver halv\u00f6n Formentor<\/strong><\/figcaption><\/figure>\n\n<h3 class=\"wp-block-heading\"><strong>Formentorhalv\u00f6n &#8211; fakta och siffror<\/strong><\/h3>\n\n<ul class=\"wp-block-list\">\n<li>3 till 12 km breda<\/li>\n\n\n\n<li>H\u00f6gsta punkten \u00e4r Puig Fumat p\u00e5 384 m (1260 ft)<\/li>\n\n\n\n<li>Formentor betyder &#8221;vete&#8221;. Men det finns ingen f\u00f6rklaring till det.<\/li>\n\n\n\n<li>Ett annat namn f\u00f6r det \u00e4r vindarnas m\u00f6tespunkt.  <\/li>\n\n\n\n<li>Formentor-fyren \u00f6ppnades 1863<\/li>\n\n\n\n<li>Den 17,5 km l\u00e5nga v\u00e4gen (Ma-2210) fr\u00e5n Port de Pollen\u00e7a till udden byggdes 1925<\/li>\n\n\n\n<li>Det \u00e4r en av de mest bes\u00f6kta platserna p\u00e5 Mallorca<\/li>\n<\/ul>\n\n<p>Fler bilder efter planeringstipsen.<\/p>\n\n<h2 class=\"wp-block-heading\" id=\"tab-con-1\"><strong>Planeringstips &amp; Karta &#8211; Cap de Formentor, Mallorca<\/strong><\/h2>\n\n<h3 class=\"wp-block-heading\"><strong>Var ligger Cape Formentor? Karta  <\/strong><\/h3>\n\n<ul class=\"wp-block-list\">\n<li>Nordv\u00e4st om Mallorca<\/li>\n\n\n\n<li>Port de Pollen\u00e7a till Cape Formentor (v\u00e4gs \u00e4nde) = 30 min bilresa<\/li>\n\n\n\n<li><a style=\"outline: none;\" href=\"https:\/\/www.zigzagonearth.com\/best-things-to-do-alcudia-mallorca\/\" target=\"_blank\" rel=\"noopener\">Port d&#8217;Alcudia<\/a> till Cape Formentor (v\u00e4gs \u00e4nde) = 50 min k\u00f6rning<\/li>\n\n\n\n<li><a href=\"https:\/\/www.zigzagonearth.com\/cala-portals-vells-mallorca\/\" target=\"_blank\" rel=\"noopener\">Palma de Mallorca<\/a> till Cape Formentor (v\u00e4gs \u00e4nde) = 1h30 bilresa<\/li>\n\n\n\n<li>Nedan finns en karta som hj\u00e4lper dig att orientera dig:<\/li>\n<\/ul>\n\n<figure class=\"wp-block-image size-large\"><img decoding=\"async\" src=\"https:\/\/www.zigzagonearth.com\/wp-content\/uploads\/2022\/03\/Cape-Formentor-Peninsula-Mallorca-Map-.jpg\" alt=\"Kap Formentor-halv&#xF6;n p&#xE5; Mallorca - Karta\"\/><figcaption class=\"wp-element-caption\"><strong>Kap Formentor-halv\u00f6n p\u00e5 Mallorca &#8211; Karta<\/strong><\/figcaption><\/figure>\n\n<p>Alla mina favoritplatser finns med (med GPS-koordinater, kartor och tips) i min reseguide-e-bok som hj\u00e4lper dig att <a style=\"outline: none;\" href=\"https:\/\/www.zigzagonearth.com\/road-trip-mallorca-travel-guide\/\" target=\"_blank\" rel=\"noopener\">enkelt planera din bilresa till Mallorca<\/a>:<\/p>\n\n<div style=\"margin-top:8%;margin-bottom:8%\" class=\"wp-block-genesis-blocks-gb-container box_ebook gb-block-container\"><div class=\"gb-container-inside\"><div class=\"gb-container-content\">\n<h5 class=\"wp-block-heading box_titre_ebook\">Planera din dr\u00f6mresa till <strong>Mallorca<\/strong> med hj\u00e4lp av min guide (endast p\u00e5 engelska):<\/h5>\n\n\n\n<div class=\"wp-block-columns box_colonnes_ebook is-layout-flex wp-container-core-columns-is-layout-9d6595d7 wp-block-columns-is-layout-flex\">\n<div class=\"wp-block-column is-layout-flow wp-block-column-is-layout-flow\">\n<figure class=\"wp-block-image size-large img_ebook\"><a href=\"https:\/\/www.zigzagonearth.com\/photograph-mallorca-travel-guide\/\"><img decoding=\"async\" src=\"https:\/\/www.zigzagonearth.com\/wp-content\/uploads\/2021\/11\/Travel-Guide-Mallorca-ebook-cover-S2.jpg\" alt=\"eBook Reseguide Mallorca\"\/><\/a><\/figure>\n<\/div>\n\n\n\n<div class=\"wp-block-column is-layout-flow wp-block-column-is-layout-flow\">\n<ul class=\"box_liste wp-block-list\" style=\"font-size:16px\">\n<li>8 kartor f\u00f6r att enkelt planera din resv\u00e4g<\/li>\n\n\n\n<li>140+ f\u00f6rvalda platser<\/li>\n\n\n\n<li>GPS + tips f\u00f6r att f\u00e5 ut mesta m\u00f6jliga av din tid<\/li>\n\n\n\n<li>Tips f\u00f6r planering<\/li>\n\n\n\n<li>270+ originalbilder som hj\u00e4lper dig att v\u00e4lja<\/li>\n<\/ul>\n\n\n\n<div class=\"wp-block-buttons box_colonne_bouton_ebook is-content-justification-left is-layout-flex wp-container-core-buttons-is-layout-fdcfc74e wp-block-buttons-is-layout-flex\">\n<div class=\"wp-block-button box_bouton box_bouton_ebook\"><a class=\"wp-block-button__link wp-element-button\" href=\"https:\/\/www.zigzagonearth.com\/photograph-mallorca-travel-guide\/\" target=\"_blank\" rel=\"noreferrer noopener\">Uppt\u00e4ck det! (endast p\u00e5 engelska)<span class=\"box_bouton_image\"><\/span><\/a><\/div>\n<\/div>\n<\/div>\n<\/div>\n<\/div><\/div><\/div>\n\n<h3 class=\"wp-block-heading\"><strong>B\u00e4sta tid <\/strong><\/h3>\n\n<ul class=\"wp-block-list\">\n<li>Om du vill bes\u00f6ka omr\u00e5det med bil b\u00f6r du undvika sommarperioden eftersom v\u00e4gen d\u00e5 \u00e4r avst\u00e4ngd.<\/li>\n\n\n\n<li>Men jag kan inte garantera att den kommer att vara helt \u00f6ppen alla dagar p\u00e5 \u00e5ret<\/li>\n\n\n\n<li>Bes\u00f6k s\u00e5 tidigt som m\u00f6jligt f\u00f6r att undvika tr\u00e4ngsel och kunna parkera enkelt<\/li>\n\n\n\n<li>Soluppg\u00e5ngen \u00e4r vacker fr\u00e5n fyren<\/li>\n<\/ul>\n\n<figure class=\"wp-block-image size-large\"><img decoding=\"async\" src=\"https:\/\/photos.smugmug.com\/Travel\/Mallorca\/Formentor-drive\/i-b3Bfc8N\/3\/030bdd86\/L\/drive_Formentor_Mallorca-053119-L.jpg\" alt=\"Parkering vid Es Colomer, sen morgon i oktober\"\/><figcaption class=\"wp-element-caption\"><strong>Parkering vid Es Colomer, sen morgon i oktober<\/strong><\/figcaption><\/figure>\n\n<h3 class=\"wp-block-heading\"><strong>Tips f\u00f6r bes\u00f6k  <\/strong><\/h3>\n\n<ul class=\"wp-block-list\">\n<li>Planera en halv dag f\u00f6r att njuta av vad halv\u00f6n har att erbjuda, en dag om du vill tillbringa tid p\u00e5 n\u00e5gon av str\u00e4nderna<\/li>\n\n\n\n<li>Ta med varmare kl\u00e4der f\u00f6r fyren, du kan ha starka vindar<\/li>\n\n\n\n<li>Inte m\u00e5nga alternativ att \u00e4ta: mellanm\u00e5l p\u00e5 Es Colomer, cafeteria p\u00e5 stranden och vid fyren &#8211; f\u00f6r fler alternativ, g\u00e5 till Port de Pollen\u00e7a i b\u00f6rjan av v\u00e4gen<\/li>\n\n\n\n<li>Port de Pollen\u00e7a \u00e4r ett bra st\u00e4lle att bo p\u00e5, lugnt och med en l\u00e5ng sandstrand<\/li>\n<\/ul>\n\n<div style=\"margin-top:8%;margin-bottom:8%\" class=\"wp-block-genesis-blocks-gb-container box gb-block-container\"><div class=\"gb-container-inside\"><div class=\"gb-container-content\">\n<h5 class=\"wp-block-heading box_titre_activite\">Var ska man bo p\u00e5 Mallorca?<\/h5>\n\n\n\n<div class=\"wp-block-columns box_colonne inverse is-layout-flex wp-container-core-columns-is-layout-9d6595d7 wp-block-columns-is-layout-flex\">\n<div class=\"wp-block-column colonne is-layout-flow wp-block-column-is-layout-flow\" style=\"flex-basis:75%\">\n<p class=\"box_intro\">Mina favoriter:<\/p>\n\n\n\n<ul class=\"box_liste wp-block-list\">\n<li>Val av restauranger + huvudstad: <a href=\"https:\/\/www.booking.com\/searchresults.en.html?city=-395224&amp;nflt=review_score%253D90&amp;aid=1164282&amp;no_rooms=1&amp;group_adults=2&amp;label=mallorca\" target=\"_blank\" rel=\"noreferrer noopener\">se b\u00e4st rankade alternativ i Palma<\/a><\/li>\n\n\n\n<li>Strand + praktiskt l\u00e4ge f\u00f6r att utforska: <a href=\"https:\/\/www.booking.com\/searchresults.en.html?city=-381100&amp;nflt=review_score%253D90&amp;aid=1164282&amp;no_rooms=1&amp;group_adults=2&amp;label=mallorca\" target=\"_blank\" rel=\"noreferrer noopener\">se de mest uppskattade alternativen i Port d&#8217;Alcudia<\/a><\/li>\n\n\n\n<li>Partyomr\u00e5de &#8211; <a href=\"https:\/\/www.booking.com\/searchresults.en.html?city=-380228&amp;nflt=review_score%253D90&amp;aid=1164282&amp;no_rooms=1&amp;group_adults=2&amp;label=mallorca\" target=\"_blank\" rel=\"noreferrer noopener\">se b\u00e4st rankade alternativ i S&#8217;Arenal<\/a><\/li>\n\n\n\n<li>Lugnt i bergen &#8211; <a href=\"https:\/\/www.booking.com\/searchresults.en.html?city=-406234&amp;nflt=review_score%253D90&amp;aid=1164282&amp;no_rooms=1&amp;group_adults=2&amp;label=mallorca\" target=\"_blank\" rel=\"noreferrer noopener\">se de b\u00e4st rankade alternativen i Valldemossa<\/a><\/li>\n\n\n\n<li>Lugn, charmig plats vid havet &#8211; <a href=\"https:\/\/www.booking.com\/searchresults.en.html?city=900039215&amp;nflt=review_score%253D90&amp;aid=1164282&amp;no_rooms=1&amp;group_adults=2&amp;label=mallorca\" target=\"_blank\" rel=\"noreferrer noopener\">se b\u00e4st rankade alternativ i Canyamel<\/a><\/li>\n\n\n\n<li>Tillg\u00e5ng till de b\u00e4sta calas &#8211; <a href=\"https:\/\/www.booking.com\/searchresults.en.html?city=900039122&amp;nflt=review_score%253D90&amp;aid=1164282&amp;no_rooms=1&amp;group_adults=2&amp;label=mallorca\" target=\"_blank\" rel=\"noreferrer noopener\">se b\u00e4st rankade alternativ i Cala d&#8217;or<\/a><\/li>\n\n\n\n<li>Familjer &#8211; <a href=\"https:\/\/www.booking.com\/searchresults.en.html?city=-374964&amp;nflt=review_score%253D90&amp;aid=1164282&amp;no_rooms=1&amp;group_adults=2&amp;label=mallorca\" target=\"_blank\" rel=\"noreferrer noopener\">se de b\u00e4st rankade alternativen i Cala Millor<\/a> eller i <a href=\"https:\/\/www.booking.com\/searchresults.en.html?city=900039294&amp;nflt=review_score%253D90&amp;aid=1164282&amp;no_rooms=1&amp;group_adults=2&amp;label=mallorca\" target=\"_blank\" rel=\"noreferrer noopener\">Colonia Sant Jordi<\/a><\/li>\n<\/ul>\n\n\n\n<div class=\"wp-block-buttons box_bouton box_colonne_bouton_ebook box_barre_boutons is-content-justification-left is-layout-flex wp-container-core-buttons-is-layout-fdcfc74e wp-block-buttons-is-layout-flex\">\n<div class=\"wp-block-button box_bouton\"><a class=\"wp-block-button__link wp-element-button\" href=\"https:\/\/www.zigzagonearth.com\/where-to-stay-mallorca-best-areas\/\" target=\"_blank\" rel=\"noreferrer noopener\">Se v\u00e5r artikel om var du kan bo  <span class=\"box_bouton_image\"><img decoding=\"async\" style=\"width: 14px; height:14px;  \" src=\"https:\/\/www.zigzagonearth.com\/wp-content\/uploads\/2023\/08\/fleche.png\" alt=\"\"\/><\/span><span class=\"box_bouton_image\"><\/span><\/a><\/div>\n<\/div>\n<\/div>\n\n\n\n<div class=\"wp-block-column is-vertically-aligned-top colonne box_activite_img is-layout-flow wp-block-column-is-layout-flow\" style=\"flex-basis:25%\"><div class=\"wp-block-image\">\n<figure class=\"aligncenter size-large\"><img decoding=\"async\" src=\"https:\/\/photos.smugmug.com\/Travel\/Mallorca\/Hotels\/i-dgbp8xw\/1\/7e887566\/L\/PA147529-L.jpg\" alt=\"Finca p&#xE5; Mallorca\"\/><\/figure>\n<\/div><\/div>\n<\/div>\n<\/div><\/div><\/div>\n\n<h2 class=\"wp-block-heading\" id=\"t-1648543925042\"><strong>Hur man tar sig till Cap de Formentor &#8211; v\u00e4g Ma-2210<\/strong><\/h2>\n\n<p>\u00c5r 1925 konstruerades och byggdes v\u00e4gen till Cape Formentor (Ma-2210) av italienaren Antonio Parietti, som ocks\u00e5 skapade <a href=\"https:\/\/www.zigzagonearth.com\/sa-calobra-mallorca\/\" target=\"_blank\" rel=\"noopener\">den ber\u00f6mda Sa Calobra-v\u00e4gen<\/a>).<br\/>Det finns flera s\u00e4tt f\u00f6r dig att utforska Formentor. Jag ska ber\u00e4tta mer om var och en av dem.<\/p>\n\n<ul class=\"wp-block-list\">\n<li>Alternativ 1 &#8211; med hyrbil<\/li>\n\n\n\n<li>Alternativ 2 &#8211; med allm\u00e4nna kommunikationer<\/li>\n\n\n\n<li>Alternativ 3 &#8211; med cykel<\/li>\n\n\n\n<li>Alternativ 4 &#8211; med organiserade turer<\/li>\n\n\n\n<li>Alternativ 5 &#8211; med b\u00e5t<\/li>\n<\/ul>\n\n<h3 class=\"wp-block-heading\"><strong>Bes\u00f6k Cap de Formentor med bil<\/strong><\/h3>\n\n<p><strong>Proffs<\/strong><\/p>\n\n<ul class=\"wp-block-list\">\n<li>Du kan \u00e5ka vart som helst som \u00e4r \u00f6ppet<\/li>\n\n\n\n<li>Du kan stanna vid alla platser som intresserar dig<\/li>\n\n\n\n<li>Du kan ta sidov\u00e4gen till Albercutx-tornet<\/li>\n<\/ul>\n\n<p><strong>Cons<\/strong><\/p>\n\n<ul class=\"wp-block-list\">\n<li>Parkeringsplatserna n\u00e4ra str\u00e4nderna blir snabbt fulla p\u00e5 sommaren<\/li>\n\n\n\n<li>Parkeringsplatserna n\u00e4ra utsiktsplatserna \u00e4r sm\u00e5 &#8211; sv\u00e5rt att parkera under dagen, \u00e4ven under l\u00e5gs\u00e4song.<\/li>\n<\/ul>\n\n<figure class=\"wp-block-image size-large\"><img decoding=\"async\" src=\"https:\/\/photos.smugmug.com\/Travel\/Mallorca\/Formentor-drive\/i-VHnFgtn\/3\/8b508d5f\/L\/drive_Formentor_Mallorca-052914-L.jpg\" alt=\"Kap Formentor med bil\"\/><figcaption class=\"wp-element-caption\"><strong>Kap Formentor med bil<\/strong><\/figcaption><\/figure>\n\n<p><strong>Bra att veta<\/strong><\/p>\n\n<ul class=\"wp-block-list\">\n<li>Det finns avsnitt av v\u00e4garna som \u00e4r smala<\/li>\n\n\n\n<li>Det finns m\u00e5nga cyklister p\u00e5 v\u00e4gen, var f\u00f6rsiktig<\/li>\n\n\n\n<li>Efter Formentor strand vet man aldrig om man kommer att kunna ta sig hela v\u00e4gen till Cape. De st\u00e4nger ofta av en del av v\u00e4gen, vid grinden f\u00e5r du informationen (se exempel i bilden nedan, v\u00e4gen \u00e4r avst\u00e4ngd vid 7 km och fr\u00e5n den grinden \u00e4r det 11 km)<\/li>\n\n\n\n<li>Fr\u00e5n juni till september (datum varierar varje \u00e5r &#8211; minst 15 juni till 15 september och minst fr\u00e5n 10:00 till 19:00) \u00e4r v\u00e4gen fr\u00e5n Formentor-stranden st\u00e4ngd f\u00f6r privatbilar. Du m\u00e5ste parkera och ta en buss &#8211; f\u00f6rs\u00f6k inte fuska med systemet, det finns ett system som k\u00e4nner igen registreringsskyltar.<\/li>\n\n\n\n<li>Personer med r\u00f6relsehinder kan f\u00e5 ett tillst\u00e5nd f\u00f6r att fortfarande kunna anv\u00e4nda v\u00e4gen &#8211; kontakta formentor@dgt.es.<\/li>\n<\/ul>\n\n<p><strong>Beh\u00f6ver du hyra bil p\u00e5 Mallorca? <\/strong><strong>Mina tips:<\/strong><\/p>\n\n<ul class=\"wp-block-list\">\n<li>J\u00e4mf\u00f6r priser p\u00e5 min favoritplattform: <a href=\"https:\/\/www.discovercars.com\/se\/spain-balearic-islands\/mallorca?a_aid=zigzag&amp;chan=ZZOE&amp;data2=Mallorca\" target=\"_blank\" rel=\"noreferrer noopener sponsored nofollow\">Discovercars.com<\/a> &#8211; en av de b\u00e4st rankade j\u00e4mf\u00f6relsesajterna!<\/li>\n\n\n\n<li>V\u00e4lj bil och f\u00f6retag (v\u00e4lj g\u00e4rna en mindre bil f\u00f6r de smala v\u00e4garna)<\/li>\n\n\n\n<li>\u00d6verv\u00e4g deras alternativ med full t\u00e4ckning (jag rekommenderar det p\u00e5 grund av de smala v\u00e4garna)<\/li>\n\n\n\n<li><a href=\"https:\/\/www.discovercars.com\/se\/spain-balearic-islands\/mallorca?a_aid=zigzag&amp;chan=ZZOE&amp;data2=Mallorca\" target=\"_blank\" rel=\"noreferrer noopener sponsored nofollow\">Boka tidigt<\/a> f\u00f6r att ha ett stort urval av fordon!<\/li>\n<\/ul>\n\n<div style=\"margin-top:8%;margin-bottom:8%\" class=\"wp-block-genesis-blocks-gb-container box gb-block-container\"><div class=\"gb-container-inside\"><div class=\"gb-container-content\">\n<div class=\"wp-block-columns box_colonne is-layout-flex wp-container-core-columns-is-layout-9d6595d7 wp-block-columns-is-layout-flex\">\n<div class=\"wp-block-column colonne is-layout-flow wp-block-column-is-layout-flow\" style=\"flex-basis:66.6%\">\n<h5 class=\"wp-block-heading box_titre\">Beh\u00f6ver du hyra bil p\u00e5 Mallorca?<\/h5>\n\n\n\n<p class=\"box_intro\">Mina tips:<\/p>\n\n\n\n<ul class=\"box_liste wp-block-list\" style=\"font-size:16px\">\n<li>J\u00e4mf\u00f6r priser p\u00e5 min favoritplattform: <a href=\"https:\/\/www.discovercars.com\/se\/spain-balearic-islands\/mallorca?a_aid=zigzag&amp;chan=ZZ_Mallorca\" target=\"_blank\" rel=\"noreferrer noopener sponsored nofollow\">\n  <span style=\"text-decoration: underline;\">Discovercars.com<\/span>\n<\/a> &#8211; en av de b\u00e4st rankade j\u00e4mf\u00f6relsesajterna!<\/li>\n\n\n\n<li>V\u00e4lj inte en f\u00f6r stor bil, eftersom vissa v\u00e4gar \u00e4r mycket smala<\/li>\n\n\n\n<li>T\u00e4nk p\u00e5 deras full t\u00e4ckning alternativ &#8211; det f\u00f6r sinnesfrid!  <\/li>\n\n\n\n<li><span style=\"text-decoration: underline;\">Boka tidigt<\/span> f\u00f6r att ha ett stort urval av fordon!<\/li>\n<\/ul>\n\n\n\n<div class=\"wp-block-columns box_barre_boutons is-layout-flex wp-container-core-columns-is-layout-9d6595d7 wp-block-columns-is-layout-flex\">\n<div class=\"wp-block-column is-vertically-aligned-center box_col_conseil is-layout-flow wp-block-column-is-layout-flow\">\n<p class=\"box_lien\"><a href=\"https:\/\/www.zigzagonearth.com\/renting-car-mallorca-tips\/\" target=\"_blank\" rel=\"noreferrer noopener\">Se alla mina tips<\/a><\/p>\n<\/div>\n\n\n\n<div class=\"wp-block-column box_col_bouton is-layout-flow wp-block-column-is-layout-flow\">\n<div class=\"wp-block-buttons box_bouton is-content-justification-left is-layout-flex wp-container-core-buttons-is-layout-fdcfc74e wp-block-buttons-is-layout-flex\">\n<div class=\"wp-block-button box_bouton\"><a class=\"wp-block-button__link wp-element-button\" href=\"https:\/\/www.discovercars.com\/se\/spain-balearic-islands\/mallorca?a_aid=zigzag&amp;amp;chan=ZZ_Mallorca\" target=\"_blank\" rel=\"noreferrer noopener\">Se tillg\u00e4ngliga bilar  <span class=\"box_bouton_image\"><img decoding=\"async\" style=\"width: 14px; height:14px;  \" src=\"https:\/\/www.zigzagonearth.com\/wp-content\/uploads\/2023\/08\/fleche.png\" alt=\"\"\/><\/span><\/a><\/div>\n<\/div>\n<\/div>\n<\/div>\n<\/div>\n\n\n\n<div class=\"wp-block-column colonne box_cafe_img is-layout-flow wp-block-column-is-layout-flow\" style=\"flex-basis:33.33%\"><div class=\"wp-block-image\">\n<figure class=\"aligncenter size-large is-resized\"><img loading=\"lazy\" decoding=\"async\" src=\"https:\/\/www.zigzagonearth.com\/wp-content\/uploads\/2023\/08\/003world-travel-car-01-1024x1024.webp\" alt=\"\" class=\"wp-image-16227\" style=\"width:288px;height:288px\" width=\"288\" height=\"288\" srcset=\"https:\/\/www.zigzagonearth.com\/wp-content\/uploads\/2023\/08\/003world-travel-car-01-1024x1024.webp 1024w, https:\/\/www.zigzagonearth.com\/wp-content\/uploads\/2023\/08\/003world-travel-car-01-300x300.webp 300w, https:\/\/www.zigzagonearth.com\/wp-content\/uploads\/2023\/08\/003world-travel-car-01-150x150.webp 150w, https:\/\/www.zigzagonearth.com\/wp-content\/uploads\/2023\/08\/003world-travel-car-01-768x768.webp 768w, https:\/\/www.zigzagonearth.com\/wp-content\/uploads\/2023\/08\/003world-travel-car-01-1536x1536.webp 1536w, https:\/\/www.zigzagonearth.com\/wp-content\/uploads\/2023\/08\/003world-travel-car-01-2048x2048.webp 2048w, https:\/\/www.zigzagonearth.com\/wp-content\/uploads\/2023\/08\/003world-travel-car-01-100x100.webp 100w, https:\/\/www.zigzagonearth.com\/wp-content\/uploads\/2023\/08\/003world-travel-car-01-600x600.webp 600w\" sizes=\"auto, (max-width: 288px) 100vw, 288px\" \/><\/figure>\n<\/div><\/div>\n<\/div>\n<\/div><\/div><\/div>\n\n<h3 class=\"wp-block-heading\"><strong>Bes\u00f6ka Cap de Formentor med buss<\/strong><\/h3>\n\n<p><strong>Proffs<\/strong><\/p>\n\n<ul class=\"wp-block-list\">\n<li>Inga parkeringsproblem<\/li>\n\n\n\n<li>L\u00e5g kostnad<\/li>\n<\/ul>\n\n<p><strong>Cons<\/strong><\/p>\n\n<ul class=\"wp-block-list\">\n<li>Begr\u00e4nsade h\u00e5llplatser<\/li>\n\n\n\n<li>Begr\u00e4nsad tid n\u00e4r du kan bes\u00f6ka<\/li>\n<\/ul>\n\n<p><strong>Bra att veta<\/strong><\/p>\n\n<ul class=\"wp-block-list\">\n<li>H\u00e4r \u00e4r l\u00e4nken till <a style=\"outline: none;\" href=\"https:\/\/www.tib.org\/en\/web\/ctm\" target=\"_blank\" rel=\"nofollow noopener\">bussn\u00e4tverkets webbplats<\/a><\/li>\n\n\n\n<li>Flera busslinjer tar dig till Port de Pollen\u00e7a<\/li>\n\n\n\n<li>Och sedan under sommaren (\u00e5tminstone 15 juni till 15 september) finns det skyttlar hela v\u00e4gen till fyren (333 stannar vid stranden 334 g\u00e5r till udden &#8211; siffrorna kan \u00e4ndras). 334 k\u00f6r normalt varje timme med start kl. 9.15 &#8211; datum och tidtabell kan \u00e4ndras varje \u00e5r<\/li>\n<\/ul>\n\n<figure class=\"wp-block-image size-large\"><img decoding=\"async\" src=\"https:\/\/photos.smugmug.com\/Travel\/Mallorca\/Cala-Figuera-1\/i-Z5KvwDf\/3\/a7546e3a\/L\/Cala_Murta_Formentor_Mallorca-053007-L.jpg\" alt=\"Bussh&#xE5;llplats p&#xE5; Formentorhalv&#xF6;n\"\/><figcaption class=\"wp-element-caption\"><strong>Bussh\u00e5llplats p\u00e5 Formentorhalv\u00f6n<\/strong><\/figcaption><\/figure>\n\n<h3 class=\"wp-block-heading\"><strong>Cykling Cap de Formentor<\/strong><\/h3>\n\n<p><strong>Proffs<\/strong><\/p>\n\n<ul class=\"wp-block-list\">\n<li>Tillfarten \u00e4r aldrig st\u00e4ngd f\u00f6r cyklar<\/li>\n\n\n\n<li>Du kan enkelt stanna till f\u00f6r utsikten<\/li>\n\n\n\n<li>P\u00e5 sommaren \u00e4r den andra delen av v\u00e4gen st\u00e4ngd f\u00f6r privatbilar och du kan b\u00e4ttre njuta av resan<\/li>\n<\/ul>\n\n<p><strong>Cons<\/strong><\/p>\n\n<ul class=\"wp-block-list\">\n<li>\u00c5tminstone den f\u00f6rsta delen av v\u00e4gen delas med bilar p\u00e5 smala v\u00e4gar<\/li>\n\n\n\n<li>Den \u00e4r inte platt! Det g\u00e5r upp och ner med h\u00e5rt solljus &#8211; endast f\u00f6r v\u00e4ltr\u00e4nade f\u00f6rare.<\/li>\n<\/ul>\n\n<p><strong>Bra att veta<\/strong><\/p>\n\n<ul class=\"wp-block-list\">\n<li>fr\u00e5n Port de Pollen\u00e7a 17 km i vardera riktningen &#8211; 960 m i h\u00f6jdskillnad<\/li>\n\n\n\n<li>Ta med rikligt med vatten<\/li>\n\n\n\n<li>B\u00e4r f\u00e4rgglada kl\u00e4der s\u00e5 att bilarna ser dig bra<\/li>\n\n\n\n<li>Stanna inte mitt p\u00e5 v\u00e4gen!<\/li>\n<\/ul>\n\n<figure class=\"wp-block-image size-large\"><img decoding=\"async\" src=\"https:\/\/photos.smugmug.com\/Travel\/Mallorca\/Formentor-drive\/i-FMg54z5\/3\/dca07d6d\/L\/drive_Formentor_Mallorca-052911-L.jpg\" alt=\"Cykling i Formentor\"\/><figcaption class=\"wp-element-caption\"><strong>Cykling i Formentor<\/strong><\/figcaption><\/figure>\n\n<h3 class=\"wp-block-heading\"><strong>Bes\u00f6ka Cap de Formentor med organiserade turer<\/strong><\/h3>\n\n<p><strong>Proffs<\/strong><\/p>\n\n<ul class=\"wp-block-list\">\n<li>Allt \u00e4r organiserat f\u00f6r dig<\/li>\n<\/ul>\n\n<p><strong>Cons<\/strong><\/p>\n\n<ul class=\"wp-block-list\">\n<li>du kan inte v\u00e4lja var du ska stanna och hur l\u00e4nge<\/li>\n\n\n\n<li>de turer jag har hittat stannar vid Formentor-stranden men g\u00e5r inte hela v\u00e4gen till fyren<\/li>\n<\/ul>\n\n<p><strong>Bra att veta<\/strong><\/p>\n\n<ul class=\"wp-block-list\">\n<li>Utflykter inkluderar utsiktspunkten Es Colomer, Formentor-stranden och b\u00e5ttur tillbaka till Port de Pollen\u00e7a. Dessa turer inkluderar n\u00e5gra fantastiska vyer, men vet att det inte g\u00e5r hela v\u00e4gen till fyren.<\/li>\n\n\n\n<li><a href=\"https:\/\/www.getyourguide.se\/s?q=Formentor%20bus&amp;searchSource=8&amp;partner_id=R3GYW4V&amp;deeplink_id=02ffcd66-d1de-520a-a2d4-a13ed70b9e51&amp;cmp=ZZ_Mallorca\" target=\"_blank\" rel=\"noreferrer noopener sponsored nofollow\">Se detaljer om resan<\/a><\/li>\n<\/ul>\n\n<h3 class=\"wp-block-heading\"><strong>Med b\u00e5t<\/strong><\/h3>\n\n<p>Du kan ocks\u00e5 uppt\u00e4cka udden och halv\u00f6n med b\u00e5t.<br\/>De flesta turer inkluderar ett stopp vid Formentor strand. <br\/>Den mindre snabbg\u00e5ende b\u00e5ten kan g\u00e5 hela v\u00e4gen till udden s\u00e5 att du kan se klipporna och fyren underifr\u00e5n.<br\/>Se fullst\u00e4ndigt avsnitt om detta i slutet av denna artikel.<br\/>Eller <a href=\"https:\/\/www.getyourguide.se\/s?q=formentor&amp;searchSource=8&amp;partner_id=R3GYW4V&amp;deeplink_id=fac458c4-580e-5dc6-b0a2-c7430d2e66af&amp;cmp=ZZ_Mallorca\" target=\"_blank\" rel=\"noreferrer noopener sponsored nofollow\">se alternativ f\u00f6r b\u00e5tturer<\/a> eller kolla den <a href=\"https:\/\/www.getyourguide.se\/mallorca-l47\/mallorca-formentor-beach-lighthouse-cruise-t288840\/?partner_id=R3GYW4V&amp;deeplink_id=3e37c6ad-e8b3-5096-b149-6aee267e44c3&amp;cmp=ZZ_Mallorca\" target=\"_blank\" rel=\"noreferrer noopener sponsored nofollow\">som g\u00e5r hela v\u00e4gen till<\/a> udden.<\/p>\n\n<h2 class=\"wp-block-heading\" id=\"tab-con-2\"><strong>B\u00e4sta utsiktsplatserna l\u00e4ngs Formentorv\u00e4gen &#8211; med bil eller cykel<\/strong><\/h2>\n\n<h3 class=\"wp-block-heading\"><strong>Mirador Es Colomer<\/strong><\/h3>\n\n<p>Den f\u00f6rsta utsiktspunkten p\u00e5 halv\u00f6n \u00e4r den mest ber\u00f6mda och mest fotograferade: Es Colomer.<br\/>Du kan missa det.<br\/>Det finns en liten parkeringsplats med en food\/bar truck.<\/p>\n\n<p>D\u00e4rifr\u00e5n kan du g\u00e5 uppf\u00f6r trapporna och n\u00e5 flera utsiktsplattformar med utsikt mot \u00f6ster och v\u00e4ster. Det tar bara n\u00e5gra minuter.<br\/>Men om du inte kan g\u00e5 v\u00e4gen kan du \u00e4nd\u00e5 se en del av den fr\u00e5n sidan av v\u00e4gen.<\/p>\n\n<figure class=\"wp-block-image\"><img decoding=\"async\" src=\"https:\/\/photos.smugmug.com\/Travel\/Mallorca\/Es-Colomer\/i-xtFB37H\/3\/9d0eedcc\/L\/Mirador_Colomer_Formentor_Mallorca-052873-L.jpg\" alt=\"Mirador Es Colomer - trappa\" title=\"Mirador Es Colomer - trappa\"\/><\/figure>\n\n<p>Den mest k\u00e4nda vyn \u00e4r den sista. Den vetter mot \u00f6ster.<br\/>S\u00e5 f\u00f6r soluppg\u00e5ng \u00e4r solen framf\u00f6r dig.<br\/>Utsikten inkluderar:<\/p>\n\n<ul class=\"wp-block-list\">\n<li>Punta Nau i f\u00f6rgrunden<\/li>\n\n\n\n<li>Cuina del Moro, viken<\/li>\n\n\n\n<li>Den lilla \u00f6n Es Colomer (duv\u00f6n) d\u00e4r duvorna h\u00e4ckar p\u00e5 klipporna<\/li>\n<\/ul>\n\n<p>Planera in minst 15 minuter f\u00f6r att njuta av denna plats.<\/p>\n\n<figure class=\"wp-block-image\"><img decoding=\"async\" src=\"https:\/\/photos.smugmug.com\/Travel\/Mallorca\/Es-Colomer\/i-jksp6QT\/3\/010ba33f\/L\/Mirador_Colomer_Formentor_Mallorca-052890-L.jpg\" alt=\"Mirador Es Colomer - utsikt\" title=\"Mirador Es Colomer - utsikt\"\/><\/figure>\n\n<p>Om du inte kan g\u00e5 upp till utsiktspunkten, f\u00f6rbi parkeringen, finns det en kurva i klipporna och du kan f\u00e5 en fin utsikt \u00f6ver \u00f6n ocks\u00e5.<\/p>\n\n<figure class=\"wp-block-image\"><img decoding=\"async\" src=\"https:\/\/photos.smugmug.com\/Travel\/Mallorca\/Es-Colomer\/i-g439g4d\/3\/47606d87\/L\/colomer_Formentor_Mallorca-053039-L.jpg\" alt=\"Mirador Es Colomer - vy 2\" title=\"Mirador Es Colomer - vy 2\"\/><\/figure>\n\n<h3 class=\"wp-block-heading\"><strong>Albercutx-tornet<\/strong><\/h3>\n\n<p>Fr\u00e5n Es Colomer g\u00e5r en sidov\u00e4g till Albercutx-tornet. Det h\u00e4r \u00e4r en av mina favoritplatser p\u00e5 halv\u00f6n.<br\/>Du hittar ett helt avsnitt om detta l\u00e4ngre ner i artikeln.<\/p>\n\n<h3 class=\"wp-block-heading\"><strong>Sm\u00e5 utrymmen vid sidan av v\u00e4gen<\/strong><\/h3>\n\n<p>N\u00e4r du k\u00f6r mot fyren \u00e4r v\u00e4gen smal och det finns inte m\u00e5nga st\u00e4llen att stanna p\u00e5.<br\/>Men det finns n\u00e5gra omr\u00e5den d\u00e4r ett par bilar kan parkera. Om det \u00e4r gratis kan du stanna till och kl\u00e4ttra upp p\u00e5 n\u00e5gra klippor f\u00f6r att f\u00e5 en vacker utsikt \u00f6ver fyren och udden.<\/p>\n\n<p>Men var f\u00f6rsiktig n\u00e4r det bl\u00e5ser!<\/p>\n\n<figure class=\"wp-block-image\"><img decoding=\"async\" src=\"https:\/\/photos.smugmug.com\/Travel\/Mallorca\/Formentor-drive\/i-Gvd7JWr\/3\/52509ef8\/L\/lighthouse_Formentor_Mallorca-052927-L.jpg\" alt=\"Vy fr&#xE5;n sidan av Cap de Formentor\" title=\"Vy fr&#xE5;n sidan av Cap de Formentor\"\/><\/figure>\n\n<h3 class=\"wp-block-heading\"><strong>Utsikt \u00f6ver Cala Figuera<\/strong><\/h3>\n\n<p>N\u00e4ra tunneln under El Fumat-toppen har man ocks\u00e5 en fantastisk utsikt \u00f6ver Cala Figuera, en av Formentors dolda str\u00e4nder.<\/p>\n\n<figure class=\"wp-block-image\"><img decoding=\"async\" src=\"https:\/\/photos.smugmug.com\/Travel\/Mallorca\/Formentor-drive\/i-SbnhNp8\/3\/74b65cfe\/L\/drive_Formentor_Mallorca-052941-L.jpg\" alt=\"Utsikt &#xF6;ver Cala Figuera\" title=\"Utsikt &#xF6;ver Cala Figuera\"\/><\/figure>\n\n<h3 class=\"wp-block-heading\"><strong>Utsikt \u00f6ver Pollen\u00e7abukten<\/strong><\/h3>\n\n<p>Och n\u00e4r du k\u00f6r tillbaka fr\u00e5n halv\u00f6n kan du ocks\u00e5 njuta av en fantastisk utsikt \u00f6ver Pollen\u00e7abukten med staden Port de Pollen\u00e7a.<\/p>\n\n<figure class=\"wp-block-image\"><img decoding=\"async\" src=\"https:\/\/photos.smugmug.com\/Travel\/Mallorca\/Formentor-drive\/i-jQtGJrR\/3\/b3251d72\/L\/drive_Formentor_Mallorca-053120-L.jpg\" alt=\"Utsikt &#xF6;ver Pollen&#xE7;abukten\" title=\"Utsikt &#xF6;ver Pollen&#xE7;abukten\"\/><\/figure>\n\n<h2 class=\"wp-block-heading\" id=\"tab-con-3\"><strong>Playa de Formentor &#8211; strand<\/strong><\/h2>\n\n<p>En av de mest k\u00e4nda platserna p\u00e5 halv\u00f6n \u00e4r Formentor-stranden.<br\/>Den \u00e4r k\u00e4nd som Playa de Formentor (p\u00e5 spanska) eller Platja de Formentor (p\u00e5 katalanska).<br\/>Och denna strand anses vara en av de <a style=\"outline: none;\" href=\"https:\/\/www.zigzagonearth.com\/sv\/basta-stranderna-mallorca\/\" target=\"_blank\" rel=\"noopener\">vackraste p\u00e5 Mallorca<\/a>.<\/p>\n\n<p><em>Urs\u00e4kta n\u00e5gra av bilderna, jag hade vatten p\u00e5 linsen och ins\u00e5g inte det.<\/em><\/p>\n\n<figure class=\"wp-block-image size-large\"><img decoding=\"async\" src=\"https:\/\/photos.smugmug.com\/Travel\/Mallorca\/Platja-Formentor-beach\/i-hsPg9LG\/3\/deb17530\/L\/Platja_Formentor_beach_Mallorca-053017-L.jpg\" alt=\"Playa de Formentor - den ber&#xF6;mda stranden\"\/><figcaption class=\"wp-element-caption\"><strong>Playa de Formentor &#8211; den ber\u00f6mda stranden<\/strong><\/figcaption><\/figure>\n\n<p>Det \u00e4r en l\u00e5ng strand med mestadels sand och genomskinligt vatten.<br\/>Det \u00e4r omgivet av mindre berg och massor av gr\u00f6nska.<\/p>\n\n<figure class=\"wp-block-image\"><img decoding=\"async\" src=\"https:\/\/photos.smugmug.com\/Travel\/Mallorca\/Platja-Formentor-beach\/i-qGg2n98\/3\/e452c3bb\/L\/Platja_Formentor_beach_Mallorca-053023-L.jpg\" alt=\"Transparent vatten vid Formentor-stranden\" title=\"Transparent vatten vid Formentor-stranden\"\/><\/figure>\n\n<figure class=\"wp-block-image\"><img decoding=\"async\" src=\"https:\/\/photos.smugmug.com\/Travel\/Mallorca\/Platja-Formentor-beach\/i-Nx2sjd8\/4\/aad4bce9\/L\/Formentor_playa_Mallorca-126574-L.jpg\" alt=\"Playa de Formentor landskap\" title=\"Playa de Formentor landskap\"\/><\/figure>\n\n<h3 class=\"wp-block-heading\"><strong>Parkering<\/strong><\/h3>\n\n<ul class=\"wp-block-list\">\n<li>Det finns flera parkeringsplatser n\u00e4ra stranden.  <\/li>\n\n\n\n<li>De \u00e4r alla gated f\u00f6r dig att ta en biljett och betala vid utresa<\/li>\n\n\n\n<li>Priset beror p\u00e5 hur n\u00e4ra stranden du befinner dig<\/li>\n\n\n\n<li>Avgift per minut, upp till 20 euro per dag<\/li>\n<\/ul>\n\n<figure class=\"wp-block-image\"><img decoding=\"async\" src=\"https:\/\/photos.smugmug.com\/Travel\/Mallorca\/Platja-Formentor-beach\/i-DvnqV6s\/3\/732d55c6\/L\/Platja_Formentor_beach_Mallorca-053013-L.jpg\" alt=\"Playa de Formentor parkering\" title=\"Playa de Formentor parkering\"\/><\/figure>\n\n<h3 class=\"wp-block-heading\"><strong>Faciliteter<\/strong><\/h3>\n\n<ul class=\"wp-block-list\">\n<li>Omr\u00e5dena har livr\u00e4ddare i tj\u00e4nst<\/li>\n\n\n\n<li>Massor av tr\u00e4d d\u00e4r du kan hitta lite skugga<\/li>\n\n\n\n<li>Solstolar och parasoller f\u00f6r uthyrning<\/li>\n\n\n\n<li>Privat avdelning med duschar och toaletter<\/li>\n\n\n\n<li>Offentliga toaletter mitt p\u00e5 stranden n\u00e4ra restaurangen<\/li>\n\n\n\n<li>Pedalb\u00e5t, kajak och mer f\u00f6r uthyrning.<\/li>\n\n\n\n<li>Restaurang mitt p\u00e5 stranden med sallader och snabbmat &#8211; normalt \u00f6ppen fr\u00e5n kl. 11.00 till 15.00<\/li>\n<\/ul>\n\n<figure class=\"wp-block-image\"><img decoding=\"async\" src=\"https:\/\/photos.smugmug.com\/Travel\/Mallorca\/Platja-Formentor-beach\/i-QW2PvVH\/3\/13162998\/L\/Platja_Formentor_beach_Mallorca-053019-L.jpg\" alt=\"Playa de Formentor sand\" title=\"Playa de Formentor sand\"\/><\/figure>\n\n<figure class=\"wp-block-image size-large\"><img decoding=\"async\" src=\"https:\/\/photos.smugmug.com\/Travel\/Mallorca\/Platja-Formentor-beach\/i-94hCFTj\/4\/2d9da113\/L\/Formentor_playa_Mallorca-126575-L.jpg\" alt=\"Formentor strand restaurang\"\/><figcaption class=\"wp-element-caption\"><strong>Formentor strand restaurang<\/strong><\/figcaption><\/figure>\n\n<h2 class=\"wp-block-heading\" id=\"tab-con-4\"><strong>Formentor Calas<\/strong><\/h2>\n\n<p>Formentor \u00e4r ocks\u00e5 hem f\u00f6r vackra dolda vikar.<br\/>De 2 mest k\u00e4nda \u00e4r Cala Figuera (inte att f\u00f6rv\u00e4xla med en by i andra \u00e4nden av \u00f6n) och Cala Murta (inte att f\u00f6rv\u00e4xla med Cala Murta PC).<br\/>Det finns en bussh\u00e5llplats f\u00f6r b\u00e5da calas, s\u00e5 du kan bes\u00f6ka \u00e4ven utan bil. G\u00e5 s\u00f6derut f\u00f6r Murta och norrut f\u00f6r Figuera.<br\/>Obs &#8211; det fanns tidigare en tydlig parkeringsplats, men den st\u00e4ngdes. Det finns en liten bit plats l\u00e4ngs v\u00e4gen, men ingen tydlig information om var det \u00e4r till\u00e5tet att parkera.<\/p>\n\n<h3 class=\"wp-block-heading\"><strong>Cala Figuera<\/strong><\/h3>\n\n<p>Detta \u00e4r en av de <a style=\"outline: none;\" href=\"https:\/\/www.zigzagonearth.com\/sv\/basta-calas-mallorca-vikar\/\" target=\"_blank\" rel=\"noopener\">vackraste vikarna p\u00e5 Mallorca<\/a>.<br\/>Man kommer dit via en liten vandringsled &#8211; 15-25 minuter att g\u00e5 ner, beroende p\u00e5 hur bekv\u00e4m man \u00e4r.<br\/>Vandringen \u00e4r kort men ganska brant. Undvik om det har regnat.<br\/>Anv\u00e4nd bra promenadskor. Inga flip-flops.<br\/>Bra plats f\u00f6r snorkling. Inga faciliteter. Ingen sand.<br\/>Vilda getter och \u00e5snor. N\u00e4rma dig inte.<\/p>\n\n<figure class=\"wp-block-image size-large\"><img decoding=\"async\" src=\"https:\/\/photos.smugmug.com\/Travel\/Mallorca\/Cala-Figuera-1\/i-Z8C3tpW\/3\/7a10ccff\/L\/Cala_Figuera_Formentor_Mallorca-052975-L.jpg\" alt=\"Vandring till Cala Figuera\"\/><figcaption class=\"wp-element-caption\"><strong>Vandring till Cala Figuera<\/strong><\/figcaption><\/figure>\n\n<figure class=\"wp-block-image size-large\"><img decoding=\"async\" src=\"https:\/\/photos.smugmug.com\/Travel\/Mallorca\/Cala-Figuera-1\/i-46gRT8M\/3\/fe26c634\/L\/Cala_Figuera_Formentor_Mallorca-0573-L.jpg\" alt=\"Cala Figuera\"\/><figcaption class=\"wp-element-caption\"><strong>Cala Figuera<\/strong><\/figcaption><\/figure>\n\n<h3 class=\"wp-block-heading\"><strong>Cala Murta<\/strong><\/h3>\n\n<p>P\u00e5 andra sidan v\u00e4gen kan du g\u00e5 ner till Cala Murta.  <br\/>G\u00e5ngv\u00e4gen \u00e4r enklare.<br\/>L\u00e4mna inte sp\u00e5ret, det \u00e4r privat egendom.<br\/>15-25 minuter ner till stranden och samma tid tillbaka.<br\/>Inga faciliteter. Ingen sand.<br\/>Utm\u00e4rkt f\u00f6r snorkling.<br\/>Vilda getter och \u00e5snor. N\u00e4rma dig inte.<\/p>\n\n<figure class=\"wp-block-image\"><img decoding=\"async\" src=\"https:\/\/photos.smugmug.com\/Travel\/Mallorca\/Extra\/i-5bzXXm4\/2\/56ff409c\/L\/Cala_Murta_DP_428006160-L.jpg\" alt=\"Cala Murta\" title=\"Cala Murta\"\/><\/figure>\n\n<figure class=\"wp-block-image size-large is-resized\"><img decoding=\"async\" src=\"https:\/\/photos.smugmug.com\/Travel\/Mallorca\/9c-Formentor-boat-after-beach\/i-BL2nnGw\/3\/f064dcd8\/L\/boat_Formentor_Mallorca-126750-L.jpg\" alt=\"Cala Murta fr&#xE5;n b&#xE5;t\" style=\"width:842px;height:632px\"\/><figcaption class=\"wp-element-caption\"><strong>Cala Murta fr\u00e5n b\u00e5t<\/strong><\/figcaption><\/figure>\n\n<div style=\"margin-top:8%;margin-bottom:8%\" class=\"wp-block-genesis-blocks-gb-container box gb-block-container\"><div class=\"gb-container-inside\"><div class=\"gb-container-content\">\n<p><strong>Planera din resa till Mallorca:<\/strong><\/p>\n\n\n\n<div class=\"wp-block-columns box_colonne_cc is-layout-flex wp-container-core-columns-is-layout-9d6595d7 wp-block-columns-is-layout-flex\">\n<div class=\"wp-block-column box_picto_c is-layout-flow wp-block-column-is-layout-flow\" style=\"flex-basis:5%\">\n<figure class=\"wp-block-image size-full is-resized box_picto\"><img loading=\"lazy\" decoding=\"async\" src=\"http:\/\/www.zigzagonearth.com\/wp-content\/uploads\/2023\/08\/&#x1F697;.png\" alt=\"\" class=\"wp-image-16341\" style=\"width:30px;height:31px\" width=\"30\" height=\"31\"\/><\/figure>\n<\/div>\n\n\n\n<div class=\"wp-block-column is-layout-flow wp-block-column-is-layout-flow\" style=\"flex-basis:95%\">\n<ul class=\"wp-block-list\">\n<li>Mina resplaner : <a class=\"\" href=\"https:\/\/www.zigzagonearth.com\/2-3-days-mallorca-weekend\/\" target=\"_blank\" rel=\"noreferrer noopener\">3 dagar &#8211; helg<\/a>, <a class=\"\" href=\"https:\/\/www.zigzagonearth.com\/4-days-mallorca-itinerary\/\" target=\"_blank\" rel=\"noreferrer noopener\">4<\/a> dagar, <a class=\"\" href=\"https:\/\/www.zigzagonearth.com\/5-days-mallorca-itinerary\/\" target=\"_blank\" rel=\"noreferrer noopener\">5 dagar<\/a>, <a class=\"\" href=\"https:\/\/www.zigzagonearth.com\/one-week-madeira-7-day-itinerary\/\" target=\"_blank\" rel=\"noreferrer noopener\">1 vecka<\/a>, <a href=\"https:\/\/www.zigzagonearth.com\/10-days-mallorca-2-weeks-itinerary\/\" target=\"_blank\" rel=\"noreferrer noopener\">10<\/a> dagar<\/li>\n\n\n\n<li><a class=\"\" href=\"https:\/\/www.zigzagonearth.com\/renting-car-mallorca-tips\/\" target=\"_blank\" rel=\"noreferrer noopener\">36 tips f\u00f6r att hyra bil p\u00e5 Mallorca<\/a><\/li>\n\n\n\n<li><a class=\"\" href=\"https:\/\/www.zigzagonearth.com\/driving-mallorca-tips\/\" target=\"_blank\" rel=\"noreferrer noopener\">Guide till bilk\u00f6rning p\u00e5 Mallorca<\/a><\/li>\n\n\n\n<li><a class=\"\" href=\"https:\/\/www.zigzagonearth.com\/where-to-stay-mallorca-best-areas\/\" target=\"_blank\" rel=\"noreferrer noopener\">Var man kan bo p\u00e5 Mallorca<\/a><\/li>\n\n\n\n<li><a href=\"https:\/\/www.zigzagonearth.com\/where-stay-palma-mallorca-best-hotels\/\" target=\"_blank\" class=\"\" rel=\"noreferrer noopener\">Var man kan bo i Palma de Mallorca<\/a><\/li>\n\n\n\n<li><a class=\"\" href=\"https:\/\/zigzagonearth.com\/best-things-do-mallorca\/\" target=\"_blank\" rel=\"noreferrer noopener\">B\u00e4sta sakerna att g\u00f6ra p\u00e5 Mallorca<\/a><\/li>\n<\/ul>\n<\/div>\n<\/div>\n<\/div><\/div><\/div>\n\n<h2 class=\"wp-block-heading\" id=\"tab-con-5\"><strong>Formentor-fyren (Far de Formentor)<\/strong><\/h2>\n\n<p>I slutet av v\u00e4gen ligger den ber\u00f6mda fyren Formentor.<br\/>Den \u00f6ppnades 1863. Det var lite av ett \u00f6de att bygga det, f\u00f6r p\u00e5 den tiden fanns det inga v\u00e4gar som ledde dit.  <br\/>Tillfart kunde endast ske sj\u00f6v\u00e4gen eller via en mul\u00e5snebana.<\/p>\n\n<p>Idag \u00e4r fyren fortfarande aktiv. Den ligger 210 m (689 ft) \u00f6ver havet och \u00e4r d\u00e4rmed den h\u00f6gst bel\u00e4gna p\u00e5 Balearerna.<br\/>Tornet \u00e4r 22 meter h\u00f6gt. Och ljuset har en r\u00e4ckvidd p\u00e5 44 km.<\/p>\n\n<figure class=\"wp-block-image size-large\"><img decoding=\"async\" src=\"https:\/\/photos.smugmug.com\/Travel\/Mallorca\/Extra\/i-S4zJS6N\/2\/8e4d2514\/L\/Formentor_lighthouse_road_DP_259791146-L.jpg\" alt=\"Fyren Formentor  \"\/><figcaption class=\"wp-element-caption\"><strong>Fyren Formentor  <\/strong><\/figcaption><\/figure>\n\n<h3 class=\"wp-block-heading\"><strong>Faciliteter<\/strong><\/h3>\n\n<ul class=\"wp-block-list\">\n<li>Liten parkeringsplats<\/li>\n\n\n\n<li>Snackbar p\u00e5 sommaren<\/li>\n\n\n\n<li>N\u00e5gra trappor f\u00f6r att g\u00e5 runt den f\u00f6r alla vyer<\/li>\n<\/ul>\n\n<figure class=\"wp-block-image\"><img decoding=\"async\" src=\"https:\/\/photos.smugmug.com\/Travel\/Mallorca\/Extra\/i-HhSC4Vz\/2\/fcfbb145\/L\/Formentor_Lighthouse_DP_355730590-L.jpg\" alt=\"Far de Formentor\" title=\"Far de Formentor\"\/><\/figure>\n\n<h2 class=\"wp-block-heading\" id=\"tab-con-6\"><strong>Sidov\u00e4g till Albercutx-tornet<\/strong><\/h2>\n\n<p>En av mina favoritplatser p\u00e5 halv\u00f6n ligger utanf\u00f6r allfarv\u00e4garna<a style=\"outline: none;\" href=\"https:\/\/www.zigzagonearth.com\/secret-places-mallorca-hidden-gems\/\" target=\"_blank\" rel=\"noopener\">(se mina b\u00e4sta dolda p\u00e4rlor<\/a> p\u00e5<a style=\"outline: none;\" href=\"https:\/\/www.zigzagonearth.com\/secret-places-mallorca-hidden-gems\/\" target=\"_blank\" rel=\"noopener\">Mallorca<\/a>). De flesta k\u00f6r bara f\u00f6rbi utan att veta om det: Albercutx-tornet.<br\/>Det \u00e4r egentligen inte f\u00f6r sj\u00e4lva tornet, utan f\u00f6r utsikten!<\/p>\n\n<h3 class=\"wp-block-heading\"><strong>Sidov\u00e4g<\/strong><\/h3>\n\n<p>Fr\u00e5n Mirador Es Colomer leder en liten v\u00e4g upp\u00e5t (vinkelr\u00e4tt mot huvudv\u00e4gen).<br\/>V\u00e4gen \u00e4r lite smal men bara 2 km l\u00e5ng.<br\/>P\u00e5 toppen finns n\u00e5gra f\u00e5 parkeringsplatser (kanske 5 till 10 bilar) &#8211; s\u00e5 bes\u00f6k oss tidigt eller sent f\u00f6r att ha en chans att parkera.<br\/>Ett annat alternativ \u00e4r att stanna parkerad vid Es Colomer och titta p\u00e5 de 2 km till parkeringsplatserna. Utsikten \u00e4r fantastisk, det \u00e4r en trevlig promenad.<\/p>\n\n<figure class=\"wp-block-image\"><img decoding=\"async\" src=\"https:\/\/photos.smugmug.com\/Travel\/Mallorca\/Albercutx-Tower\/i-TZZpjz7\/3\/9b3b6ac6\/L\/Albercutx_Tower_Formentor_Mallorca-053116-L.jpg\" alt=\"Sidov&#xE4;g till Albercutx-tornet\" title=\"Sidov&#xE4;g till Albercutx-tornet\"\/><\/figure>\n\n<div style=\"margin-top:8%;margin-bottom:8%\" class=\"wp-block-genesis-blocks-gb-container box gb-block-container\"><div class=\"gb-container-inside\"><div class=\"gb-container-content\">\n<div class=\"wp-block-columns box_colonne is-layout-flex wp-container-core-columns-is-layout-9d6595d7 wp-block-columns-is-layout-flex\">\n<div class=\"wp-block-column colonne is-layout-flow wp-block-column-is-layout-flow\" style=\"flex-basis:66.6%\">\n<h5 class=\"wp-block-heading box_titre\">Beh\u00f6ver du hyra bil p\u00e5 Mallorca?<\/h5>\n\n\n\n<p class=\"box_intro\">Mina tips:<\/p>\n\n\n\n<ul class=\"box_liste wp-block-list\" style=\"font-size:16px\">\n<li>J\u00e4mf\u00f6r priser p\u00e5 min favoritplattform: <a href=\"https:\/\/www.discovercars.com\/se\/spain-balearic-islands\/mallorca?a_aid=zigzag&amp;chan=ZZ_Mallorca\" target=\"_blank\" rel=\"noreferrer noopener sponsored nofollow\">\n  <span style=\"text-decoration: underline;\">Discovercars.com<\/span>\n<\/a> &#8211; en av de b\u00e4st rankade j\u00e4mf\u00f6relsesajterna!<\/li>\n\n\n\n<li>V\u00e4lj inte en f\u00f6r stor bil, eftersom vissa v\u00e4gar \u00e4r mycket smala<\/li>\n\n\n\n<li>T\u00e4nk p\u00e5 deras full t\u00e4ckning alternativ &#8211; det f\u00f6r sinnesfrid!  <\/li>\n\n\n\n<li><span style=\"text-decoration: underline;\">Boka tidigt<\/span> f\u00f6r att ha ett stort urval av fordon!<\/li>\n<\/ul>\n\n\n\n<div class=\"wp-block-columns box_barre_boutons is-layout-flex wp-container-core-columns-is-layout-9d6595d7 wp-block-columns-is-layout-flex\">\n<div class=\"wp-block-column is-vertically-aligned-center box_col_conseil is-layout-flow wp-block-column-is-layout-flow\">\n<p class=\"box_lien\"><a href=\"https:\/\/www.zigzagonearth.com\/renting-car-mallorca-tips\/\" target=\"_blank\" rel=\"noreferrer noopener\">Se alla mina tips<\/a><\/p>\n<\/div>\n\n\n\n<div class=\"wp-block-column box_col_bouton is-layout-flow wp-block-column-is-layout-flow\">\n<div class=\"wp-block-buttons box_bouton is-content-justification-left is-layout-flex wp-container-core-buttons-is-layout-fdcfc74e wp-block-buttons-is-layout-flex\">\n<div class=\"wp-block-button box_bouton\"><a class=\"wp-block-button__link wp-element-button\" href=\"https:\/\/www.discovercars.com\/se\/spain-balearic-islands\/mallorca?a_aid=zigzag&amp;amp;chan=ZZ_Mallorca\" target=\"_blank\" rel=\"noreferrer noopener\">Se tillg\u00e4ngliga bilar  <span class=\"box_bouton_image\"><img decoding=\"async\" style=\"width: 14px; height:14px;  \" src=\"https:\/\/www.zigzagonearth.com\/wp-content\/uploads\/2023\/08\/fleche.png\" alt=\"\"\/><\/span><\/a><\/div>\n<\/div>\n<\/div>\n<\/div>\n<\/div>\n\n\n\n<div class=\"wp-block-column colonne box_cafe_img is-layout-flow wp-block-column-is-layout-flow\" style=\"flex-basis:33.33%\"><div class=\"wp-block-image\">\n<figure class=\"aligncenter size-large is-resized\"><img loading=\"lazy\" decoding=\"async\" src=\"https:\/\/www.zigzagonearth.com\/wp-content\/uploads\/2023\/08\/003world-travel-car-01-1024x1024.webp\" alt=\"\" class=\"wp-image-16227\" style=\"width:288px;height:288px\" width=\"288\" height=\"288\" srcset=\"https:\/\/www.zigzagonearth.com\/wp-content\/uploads\/2023\/08\/003world-travel-car-01-1024x1024.webp 1024w, https:\/\/www.zigzagonearth.com\/wp-content\/uploads\/2023\/08\/003world-travel-car-01-300x300.webp 300w, https:\/\/www.zigzagonearth.com\/wp-content\/uploads\/2023\/08\/003world-travel-car-01-150x150.webp 150w, https:\/\/www.zigzagonearth.com\/wp-content\/uploads\/2023\/08\/003world-travel-car-01-768x768.webp 768w, https:\/\/www.zigzagonearth.com\/wp-content\/uploads\/2023\/08\/003world-travel-car-01-1536x1536.webp 1536w, https:\/\/www.zigzagonearth.com\/wp-content\/uploads\/2023\/08\/003world-travel-car-01-2048x2048.webp 2048w, https:\/\/www.zigzagonearth.com\/wp-content\/uploads\/2023\/08\/003world-travel-car-01-100x100.webp 100w, https:\/\/www.zigzagonearth.com\/wp-content\/uploads\/2023\/08\/003world-travel-car-01-600x600.webp 600w\" sizes=\"auto, (max-width: 288px) 100vw, 288px\" \/><\/figure>\n<\/div><\/div>\n<\/div>\n<\/div><\/div><\/div>\n\n<h3 class=\"wp-block-heading\"><strong>V\u00e4g till tornet<\/strong><\/h3>\n\n<p>D\u00e4rifr\u00e5n kan du njuta av resten av &#8221;v\u00e4gen&#8221; till fots. Den g\u00e5r \u00f6sterut innan den g\u00e5r tillbaka v\u00e4sterut.<br\/>Lutningen \u00e4r j\u00e4mn och inte alltf\u00f6r brant.<br\/>Och fr\u00e5n den stigen \u00e4r utsikten \u00f6ver Pollen\u00e7abukten och sedan \u00f6ver halv\u00f6n magnifik&#8230;. N\u00e5gra av <a style=\"outline: none;\" href=\"https:\/\/www.zigzagonearth.com\/sv\/basta-utsikterna-mallorca-utsiktspunkter\/\" target=\"_blank\" rel=\"noopener\">mina favoriter p\u00e5 \u00f6n<\/a>.<\/p>\n\n<figure class=\"wp-block-image size-large\"><img decoding=\"async\" src=\"https:\/\/photos.smugmug.com\/Travel\/Mallorca\/Albercutx-Tower\/i-CPzgbzJ\/3\/2d1f1947\/L\/Albercutx_Tower_Formentor_Mallorca-053080-L.jpg\" alt=\"Panorama fr&#xE5;n v&#xE4;gen till Albercutx-tornet\"\/><figcaption class=\"wp-element-caption\"><strong>Panorama fr\u00e5n v\u00e4gen till Albercutx-tornet<\/strong><\/figcaption><\/figure>\n\n<h3 class=\"wp-block-heading\"><strong>Tornet i Albercutx<\/strong><\/h3>\n\n<p>Sedan kan du kl\u00e4ttra n\u00e5gra steg p\u00e5 klippor f\u00f6r att n\u00e5 utkikstornet, som var en del av \u00f6ns f\u00f6rsvarssystem.<br\/>Tornet reser sig 380 m (1247 ft) \u00f6ver havsytan.<br\/>Fr\u00e5n denna position har du en 360\u00b0 utsikt. Man kan fortfarande se Pollen\u00e7abukten och en del av halv\u00f6n.<br\/>Men du kan ocks\u00e5 titta v\u00e4sterut och beundra Tramuntana-bergen p\u00e5 nordv\u00e4stkusten!<\/p>\n\n<figure class=\"wp-block-image\"><img decoding=\"async\" src=\"https:\/\/photos.smugmug.com\/Travel\/Mallorca\/Albercutx-Tower\/i-QVHXZT7\/3\/408e7bf5\/L\/Albercutx_Tower_Formentor_Mallorca-0585-L.jpg\" alt=\"Albercutx-tornet\" title=\"Albercutx-tornet\"\/><\/figure>\n\n<figure class=\"wp-block-image size-large\"><img decoding=\"async\" src=\"https:\/\/photos.smugmug.com\/Travel\/Mallorca\/Albercutx-Tower\/i-zvnSdGZ\/3\/a274944e\/L\/Albercutx_Tower_Formentor_Mallorca-053088-L.jpg\" alt=\"Utsikt &#xF6;ver Tramuntanabergen\"\/><figcaption class=\"wp-element-caption\"><strong>Utsikt \u00f6ver Tramuntanabergen<\/strong><\/figcaption><\/figure>\n\n<h2 class=\"wp-block-heading\" id=\"t-1646239429461\"><strong>Formentor udde med b\u00e5t<\/strong><\/h2>\n\n<p>Ett annat s\u00e4tt att uppleva Formentors klippor \u00e4r fr\u00e5n havet.<br\/>Det finns flera alternativ med avg\u00e5ng fr\u00e5n Port d&#8217;Alcudia eller Port de Pollen\u00e7a.<\/p>\n\n<ul class=\"wp-block-list\">\n<li>Glasbottenb\u00e5tarna som tar dig till Formentor-stranden med vackra vyer l\u00e4ngs v\u00e4gen. Du kan tillbringa lite tid p\u00e5 stranden innan du seglar tillbaka.<\/li>\n\n\n\n<li>Seglingsturer p\u00e5 vackra b\u00e5tar f\u00f6r att njuta av utsikten och snorkla i vissa vikar men utan att landa vid Formentor<\/li>\n\n\n\n<li>Motorb\u00e5tsturerna &#8211; med stopp f\u00f6r snrokeling, ett bes\u00f6k p\u00e5 Formentor-stranden (och lite tid att njuta av den) men en tur hela v\u00e4gen till udden f\u00f6r att se klipporna och fyren fr\u00e5n vattnet.<\/li>\n<\/ul>\n\n<p><a href=\"https:\/\/www.getyourguide.se\/s?q=formentor&amp;searchSource=8&amp;partner_id=R3GYW4V&amp;deeplink_id=fac458c4-580e-5dc6-b0a2-c7430d2e66af&amp;cmp=ZZ_Mallorca\" target=\"_blank\" rel=\"noreferrer noopener sponsored nofollow\">Se alla alternativ f\u00f6r b\u00e5tturer<\/a> eller ta en tur med <a href=\"https:\/\/www.getyourguide.se\/mallorca-l47\/mallorca-formentor-beach-lighthouse-cruise-t288840\/?partner_id=R3GYW4V&amp;deeplink_id=3e37c6ad-e8b3-5096-b149-6aee267e44c3&amp;cmp=ZZ_Mallorca\" target=\"_blank\" rel=\"noreferrer noopener sponsored nofollow\">motorb\u00e5t hela v\u00e4gen till<\/a> udden.<\/p>\n\n<figure class=\"wp-block-image size-large\"><img decoding=\"async\" src=\"https:\/\/photos.smugmug.com\/Travel\/Mallorca\/Platja-Formentor-beach\/i-9ZRZQGT\/4\/89bf3f8e\/L\/Formentor_playa_Mallorca-126570-L.jpg\" alt=\"b&#xE5;t med glasbotten\"\/><figcaption class=\"wp-element-caption\"><strong>b\u00e5t med glasbotten<\/strong><\/figcaption><\/figure>\n\n<figure class=\"wp-block-image size-large\"><img decoding=\"async\" src=\"https:\/\/photos.smugmug.com\/Travel\/Mallorca\/9c-Formentor-boat-after-beach\/i-frDGfG4\/3\/e8ffae89\/L\/Formentor_boat_tour_Mallorca-126566-L.jpg\" alt=\"motorb&#xE5;t\"\/><figcaption class=\"wp-element-caption\"><strong>motorb\u00e5t<\/strong><\/figcaption><\/figure>\n\n<p>Och h\u00e4r \u00e4r n\u00e5gra bilder tagna fr\u00e5n motorb\u00e5ten:<\/p>\n\n<figure class=\"wp-block-image\"><img decoding=\"async\" src=\"https:\/\/photos.smugmug.com\/Travel\/Mallorca\/9c-Formentor-boat-after-beach\/i-vvsJ3Rc\/3\/18d30717\/L\/boat_Formentor_Mallorca-126654-L.jpg\" alt=\"Formentor b&#xE5;ttur 2\" title=\"Formentor b&#xE5;ttur 2\"\/><\/figure>\n\n<figure class=\"wp-block-image\"><img decoding=\"async\" src=\"https:\/\/photos.smugmug.com\/Travel\/Mallorca\/9c-Formentor-boat-after-beach\/i-84SWFNN\/3\/0316e34a\/L\/boat_Formentor_Mallorca-126698-L.jpg\" alt=\"Formentor b&#xE5;ttur 4\" title=\"Formentor b&#xE5;ttur 4\"\/><\/figure>\n\n<figure class=\"wp-block-image size-large\"><img decoding=\"async\" src=\"https:\/\/photos.smugmug.com\/Travel\/Mallorca\/9c-Formentor-boat-after-beach\/i-GhTFpnp\/3\/d95a89d1\/L\/boat_Formentor_Mallorca-126659-L.jpg\" alt=\"Formentor-fyren fr&#xE5;n havet\"\/><figcaption class=\"wp-element-caption\"><strong>Formentor-fyren fr\u00e5n havet<\/strong><\/figcaption><\/figure>\n\n<h2 class=\"wp-block-heading\" id=\"t-1648543925043\"><strong>Svar p\u00e5 dina vanliga fr\u00e5gor<\/strong><\/h2>\n\n<h3 class=\"wp-block-heading\"><strong>Kan jag k\u00f6ra till Formentor fyr?<\/strong><\/h3>\n\n<p>Det beror p\u00e5 vilken tid p\u00e5 \u00e5ret det \u00e4r.<br\/>P\u00e5 sommaren (datum \u00e4ndras varje \u00e5r, minst 15 juni till 15 september och kl 10-19) \u00e4r den andra delen av v\u00e4gen fr\u00e5n Formentor-stranden avst\u00e4ngd f\u00f6r privatbilar s\u00e5 att du inte kan k\u00f6ra hela v\u00e4gen till fyren. Resten av tiden kan du normalt k\u00f6ra, s\u00e5vida inte v\u00e4gen \u00e4r avst\u00e4ngd f\u00f6r v\u00e4garbete.<\/p>\n\n<h3 class=\"wp-block-heading\"><strong>\u00c4r v\u00e4gen till Formentors fyr sv\u00e5r?<\/strong><\/h3>\n\n<p>Denna v\u00e4g \u00e4r av medelh\u00f6g till h\u00f6g sv\u00e5righetsgrad. Det finns smala partier, branta nedfarter och kuperade partier.<br\/>Du kan dock korsa v\u00e4gen med andra bilar (inget enskilt k\u00f6rf\u00e4lt) och det \u00e4r v\u00e4l skyddat p\u00e5 sidan.<\/p>\n\n<h3 class=\"wp-block-heading\"><strong>\u00c4r v\u00e4gen till Formentor Lighthouse \u00f6ppen?<\/strong><\/h3>\n\n<p>Det beror p\u00e5 vilken tid p\u00e5 \u00e5ret det \u00e4r. Kontrollera med Mallorcas regering f\u00f6r den senaste informationen om v\u00e4gen. Tyv\u00e4rr finns det ingen officiell sida med den senaste informationen.<br\/>T\u00e4nk p\u00e5 att \u00e4ven om du befinner dig utanf\u00f6r avst\u00e4ngningsperioden kan en del av v\u00e4gen fortfarande vara avst\u00e4ngd p\u00e5 grund av v\u00e4garbeten eller andra orsaker. Det kommuniceras inte alltid<\/p>\n\n<h3 class=\"wp-block-heading\"><strong>Var spelas reklamfilmen f\u00f6r Seat Cupra in?<\/strong><\/h3>\n\n<p>I den sista delen av Seat Cupra-reklamen filmades k\u00f6rscenen n\u00e4r man k\u00f6rde iv\u00e4g fr\u00e5n Formentor-fyren.<\/p>\n\n<p><strong><strong>Vill du se mer av Mallorca?<\/strong><\/strong><\/p>\n\n<ul class=\"wp-block-list\">\n<li>40 vackraste landskapen p\u00e5 Mallorca (med bilder) &#8211; <a style=\"outline: none;\" href=\"https:\/\/www.zigzagonearth.com\/sv\/basta-landskap-mallorca-foton\/\" target=\"_blank\" rel=\"noopener\">L\u00e4s artikeln<\/a><\/li>\n\n\n\n<li>Mallorcas 7 b\u00e4sta grottor &#8211; <a style=\"outline: none;\" href=\"https:\/\/www.zigzagonearth.com\/sv\/basta-grottor-mallorca\/\" target=\"_blank\" rel=\"noopener\">l\u00e4s artikeln<\/a><\/li>\n\n\n\n<li>10 b\u00e4sta calas p\u00e5 Mallorca (vikar) &#8211; <a style=\"outline: none;\" href=\"https:\/\/www.zigzagonearth.com\/sv\/basta-calas-mallorca-vikar\/\" target=\"_blank\" rel=\"noopener\">l\u00e4s artikel<\/a><\/li>\n\n\n\n<li>12 dolda p\u00e4rlor p\u00e5 Mallorca, utanf\u00f6r allfarv\u00e4garna &#8211; <a style=\"outline: none;\" href=\"https:\/\/www.zigzagonearth.com\/secret-places-mallorca-hidden-gems\/\" target=\"_blank\" rel=\"noopener\">l\u00e4s artikeln<\/a><\/li>\n\n\n\n<li>21 vackraste vyerna p\u00e5 Mallorca &#8211; <a style=\"outline: none;\" href=\"https:\/\/www.zigzagonearth.com\/sv\/basta-utsikterna-mallorca-utsiktspunkter\/\" target=\"_blank\" rel=\"noopener\">l\u00e4s artikeln<\/a><\/li>\n\n\n\n<li>Restips f\u00f6r Mallorca &#8211; <a style=\"outline: none;\" href=\"https:\/\/www.zigzagonearth.com\/road-trip-mallorca-travel-guide\/\" target=\"_blank\" rel=\"noopener\">l\u00e4s artikeln<\/a><\/li>\n\n\n\n<li>K\u00f6rning p\u00e5 Mallorca &#8211; <a style=\"outline: none;\" href=\"https:\/\/www.zigzagonearth.com\/sv\/korning-mallorca-tips\/\" target=\"_blank\" rel=\"noopener\">l\u00e4s artikeln<\/a><\/li>\n\n\n\n<li>21 vackraste st\u00e4der och byar p\u00e5 Mallorca &#8211; <a style=\"outline: none;\" href=\"https:\/\/www.zigzagonearth.com\/sv\/basta-byar-mallorca-stader\/\" target=\"_blank\" rel=\"noopener\">l\u00e4s artikeln<\/a><\/li>\n\n\n\n<li>Saker att g\u00f6ra i Alcudia, Mallorca &#8211; <a href=\"https:\/\/www.zigzagonearth.com\/best-things-to-do-alcudia-mallorca\/\" target=\"_blank\" rel=\"noopener\">se artikel<\/a><\/li>\n<\/ul>\n\n<p><strong>Planerar du en resa till Mallorca?<\/strong><\/p>\n\n<p>Kolla in min reseguide f\u00f6r att f\u00e5 hj\u00e4lp med planeringen:<\/p>\n\n<div style=\"margin-top:8%;margin-bottom:8%\" class=\"wp-block-genesis-blocks-gb-container box_ebook gb-block-container\"><div class=\"gb-container-inside\"><div class=\"gb-container-content\">\n<h5 class=\"wp-block-heading box_titre_ebook\">Planera din dr\u00f6mresa till <strong>Mallorca<\/strong> med hj\u00e4lp av min guide (endast p\u00e5 engelska):<\/h5>\n\n\n\n<div class=\"wp-block-columns box_colonnes_ebook is-layout-flex wp-container-core-columns-is-layout-9d6595d7 wp-block-columns-is-layout-flex\">\n<div class=\"wp-block-column is-layout-flow wp-block-column-is-layout-flow\">\n<figure class=\"wp-block-image size-large img_ebook\"><a href=\"https:\/\/www.zigzagonearth.com\/photograph-mallorca-travel-guide\/\"><img decoding=\"async\" src=\"https:\/\/www.zigzagonearth.com\/wp-content\/uploads\/2021\/11\/Travel-Guide-Mallorca-ebook-cover-S2.jpg\" alt=\"eBook Reseguide Mallorca\"\/><\/a><\/figure>\n<\/div>\n\n\n\n<div class=\"wp-block-column is-layout-flow wp-block-column-is-layout-flow\">\n<ul class=\"box_liste wp-block-list\" style=\"font-size:16px\">\n<li>8 kartor f\u00f6r att enkelt planera din resv\u00e4g<\/li>\n\n\n\n<li>140+ f\u00f6rvalda platser<\/li>\n\n\n\n<li>GPS + tips f\u00f6r att f\u00e5 ut mesta m\u00f6jliga av din tid<\/li>\n\n\n\n<li>Tips f\u00f6r planering<\/li>\n\n\n\n<li>270+ originalbilder som hj\u00e4lper dig att v\u00e4lja<\/li>\n<\/ul>\n\n\n\n<div class=\"wp-block-buttons box_colonne_bouton_ebook is-content-justification-left is-layout-flex wp-container-core-buttons-is-layout-fdcfc74e wp-block-buttons-is-layout-flex\">\n<div class=\"wp-block-button box_bouton box_bouton_ebook\"><a class=\"wp-block-button__link wp-element-button\" href=\"https:\/\/www.zigzagonearth.com\/photograph-mallorca-travel-guide\/\" target=\"_blank\" rel=\"noreferrer noopener\">Uppt\u00e4ck det! (endast p\u00e5 engelska)<span class=\"box_bouton_image\"><\/span><\/a><\/div>\n<\/div>\n<\/div>\n<\/div>\n<\/div><\/div><\/div>\n\n<p class=\"has-text-align-left\"><strong>Och h\u00e5ll koll p\u00e5 din egen resa!<\/strong><\/p>\n\n<figure class=\"wp-block-image\"><a href=\"https:\/\/www.amazon.com\/dp\/B09LY2SHWZ?&amp;linkCode=ll1&amp;tag=zigzagus-20&amp;linkId=83ab24501f03e2883ec6fa1a8d9655b8&amp;language=en_US&amp;ref_=as_li_ss_tl\" target=\"_blank\" rel=\"nofollow noopener\"><img decoding=\"async\" src=\"\/\/www.zigzagonearth.com\/wp-content\/uploads\/2021\/11\/Mallorca-travel-Journal.jpg\" alt=\"Mallorca resedagbok\" title=\"Mallorca resedagbok\"\/><\/a><\/figure>\n\n<p><strong>TIDIGARE:  <\/strong><\/p>\n\n<p class=\"has-text-align-left\"><strong><a style=\"outline: none;\" href=\"https:\/\/www.zigzagonearth.com\/best-things-port-de-soller-mallorca\/\" target=\"_blank\" rel=\"noopener\">B\u00e4sta sakerna att g\u00f6ra i Port de Soller<\/a><\/strong><\/p>\n\n<p><strong>N\u00c4STA: <\/strong><\/p>\n\n<p class=\"has-text-align-left\"><strong><strong><a style=\"outline: none;\" href=\"https:\/\/www.zigzagonearth.com\/best-things-to-do-alcudia-mallorca\/\" target=\"_blank\" rel=\"noopener\">Saker att g\u00f6ra i Alcudia, Mallorca<\/a><\/strong><\/strong><\/p>\n\n<figure class=\"wp-block-image\"><a href=\"https:\/\/www.zigzagonearth.com\/mallorca-travel-guide-tips\/\" target=\"_blank\" rel=\"nofollow noopener\"><img decoding=\"async\" src=\"\/\/www.zigzagonearth.com\/wp-content\/uploads\/2021\/11\/Mallorca-Travel-Guide.jpg\" alt=\"Reseguide Mallorca\" title=\"Reseguide Mallorca\"\/><\/a><\/figure>\n\n<p class=\"has-text-align-left\"><strong>Inspirerad? Dela den p\u00e5 din favoritplattform!<\/strong><\/p>\n","protected":false},"excerpt":{"rendered":"<p>Cap de Formentor \u00e4r en av de mest imponerande platserna att bes\u00f6ka p\u00e5 Mallorca.Nedan f\u00f6ljer min kompletta guide som hj\u00e4lper dig att planera ditt bes\u00f6k med karta, tips och bilder: Varf\u00f6r bes\u00f6ka Formentorhalv\u00f6n p\u00e5 Mallorca? Vad \u00e4r Cap de Formentor? Cap de Formentor \u00e4r den nordligaste punkten p\u00e5 Mallorca.Namnet anv\u00e4nds ofta f\u00f6r att beskriva hela [&hellip;]<\/p>\n","protected":false},"author":1,"featured_media":62858,"comment_status":"closed","ping_status":"closed","sticky":false,"template":"","format":"standard","meta":{"_genesis_hide_title":false,"_genesis_hide_breadcrumbs":false,"_genesis_hide_singular_image":false,"_genesis_hide_footer_widgets":false,"_genesis_custom_body_class":"","_genesis_custom_post_class":"","_genesis_layout":"full-width-content","footnotes":""},"categories":[881],"tags":[],"class_list":{"0":"post-69738","1":"post","2":"type-post","3":"status-publish","4":"format-standard","5":"has-post-thumbnail","7":"category-mallorca-sv","8":"entry"},"yoast_head":"<!-- This site is optimized with the Yoast SEO plugin v27.2 - https:\/\/yoast.com\/product\/yoast-seo-wordpress\/ -->\n<title>Cap de Formentor (Mallorca): v\u00e4g, str\u00e4nder, fyr ...<\/title>\n<meta name=\"description\" content=\"Komplett guide f\u00f6r att bes\u00f6ka Cap de Formentor (Mallorca) - tillg\u00e5ng, parkering, str\u00e4nder, calas, v\u00e4g, udde, utsiktspunkter, fyr, b\u00e5tturer....\" \/>\n<meta name=\"robots\" content=\"index, follow, max-snippet:-1, max-image-preview:large, max-video-preview:-1\" \/>\n<link rel=\"canonical\" href=\"https:\/\/www.zigzagonearth.com\/sv\/cap-formentor-mallorca\/\" \/>\n<meta property=\"og:locale\" content=\"sv_SE\" \/>\n<meta property=\"og:type\" content=\"article\" \/>\n<meta property=\"og:title\" content=\"Cap de Formentor (Mallorca): v\u00e4g, str\u00e4nder, fyr ...\" \/>\n<meta property=\"og:description\" content=\"Komplett guide f\u00f6r att bes\u00f6ka Cap de Formentor (Mallorca) - tillg\u00e5ng, parkering, str\u00e4nder, calas, v\u00e4g, udde, utsiktspunkter, fyr, b\u00e5tturer....\" \/>\n<meta property=\"og:url\" content=\"https:\/\/www.zigzagonearth.com\/sv\/cap-formentor-mallorca\/\" \/>\n<meta property=\"og:site_name\" content=\"ZigZagonEarth\" \/>\n<meta property=\"article:publisher\" content=\"https:\/\/www.facebook.com\/zigzagonearth\" \/>\n<meta property=\"article:author\" content=\"https:\/\/www.facebook.com\/zigzagonearth\" \/>\n<meta property=\"article:published_time\" content=\"2022-03-30T08:07:32+00:00\" \/>\n<meta property=\"article:modified_time\" content=\"2023-11-03T16:55:27+00:00\" \/>\n<meta property=\"og:image\" content=\"http:\/\/www.zigzagonearth.com\/wp-content\/uploads\/2022\/03\/FB-Cap-de-Formentor-Mallorca-road-beach-lighthouse-1024x536.jpg\" \/>\n<meta name=\"author\" content=\"Claire\" \/>\n<meta name=\"twitter:card\" content=\"summary_large_image\" \/>\n<meta name=\"twitter:creator\" content=\"@ZigZagOnEarth\" \/>\n<meta name=\"twitter:site\" content=\"@ZigZagOnEarth\" \/>\n<meta name=\"twitter:label1\" content=\"Skriven av\" \/>\n\t<meta name=\"twitter:data1\" content=\"Claire\" \/>\n\t<meta name=\"twitter:label2\" content=\"Ber\u00e4knad l\u00e4stid\" \/>\n\t<meta name=\"twitter:data2\" content=\"15 minuter\" \/>\n<script type=\"application\/ld+json\" class=\"yoast-schema-graph\">{\"@context\":\"https:\/\/schema.org\",\"@graph\":[{\"@type\":\"Article\",\"@id\":\"https:\/\/www.zigzagonearth.com\/sv\/cap-formentor-mallorca\/#article\",\"isPartOf\":{\"@id\":\"https:\/\/www.zigzagonearth.com\/sv\/cap-formentor-mallorca\/\"},\"author\":{\"name\":\"Claire\",\"@id\":\"https:\/\/www.zigzagonearth.com\/sv\/#\/schema\/person\/0498142e0cb256f21659d85ef6bca599\"},\"headline\":\"Cap de Formentor (Mallorca): v\u00e4g, str\u00e4nder, fyr &#8230;\",\"datePublished\":\"2022-03-30T08:07:32+00:00\",\"dateModified\":\"2023-11-03T16:55:27+00:00\",\"mainEntityOfPage\":{\"@id\":\"https:\/\/www.zigzagonearth.com\/sv\/cap-formentor-mallorca\/\"},\"wordCount\":3105,\"image\":{\"@id\":\"https:\/\/www.zigzagonearth.com\/sv\/cap-formentor-mallorca\/#primaryimage\"},\"thumbnailUrl\":\"https:\/\/www.zigzagonearth.com\/wp-content\/uploads\/2022\/03\/Cap-de-Formentor-Mallorca-road-beach-lighthouse.jpg\",\"articleSection\":[\"Mallorca\"],\"inLanguage\":\"sv-SE\"},{\"@type\":\"WebPage\",\"@id\":\"https:\/\/www.zigzagonearth.com\/sv\/cap-formentor-mallorca\/\",\"url\":\"https:\/\/www.zigzagonearth.com\/sv\/cap-formentor-mallorca\/\",\"name\":\"Cap de Formentor (Mallorca): v\u00e4g, str\u00e4nder, fyr ...\",\"isPartOf\":{\"@id\":\"https:\/\/www.zigzagonearth.com\/sv\/#website\"},\"primaryImageOfPage\":{\"@id\":\"https:\/\/www.zigzagonearth.com\/sv\/cap-formentor-mallorca\/#primaryimage\"},\"image\":{\"@id\":\"https:\/\/www.zigzagonearth.com\/sv\/cap-formentor-mallorca\/#primaryimage\"},\"thumbnailUrl\":\"https:\/\/www.zigzagonearth.com\/wp-content\/uploads\/2022\/03\/Cap-de-Formentor-Mallorca-road-beach-lighthouse.jpg\",\"datePublished\":\"2022-03-30T08:07:32+00:00\",\"dateModified\":\"2023-11-03T16:55:27+00:00\",\"author\":{\"@id\":\"https:\/\/www.zigzagonearth.com\/sv\/#\/schema\/person\/0498142e0cb256f21659d85ef6bca599\"},\"description\":\"Komplett guide f\u00f6r att bes\u00f6ka Cap de Formentor (Mallorca) - tillg\u00e5ng, parkering, str\u00e4nder, calas, v\u00e4g, udde, utsiktspunkter, fyr, b\u00e5tturer....\",\"breadcrumb\":{\"@id\":\"https:\/\/www.zigzagonearth.com\/sv\/cap-formentor-mallorca\/#breadcrumb\"},\"inLanguage\":\"sv-SE\",\"potentialAction\":[{\"@type\":\"ReadAction\",\"target\":[\"https:\/\/www.zigzagonearth.com\/sv\/cap-formentor-mallorca\/\"]}]},{\"@type\":\"ImageObject\",\"inLanguage\":\"sv-SE\",\"@id\":\"https:\/\/www.zigzagonearth.com\/sv\/cap-formentor-mallorca\/#primaryimage\",\"url\":\"https:\/\/www.zigzagonearth.com\/wp-content\/uploads\/2022\/03\/Cap-de-Formentor-Mallorca-road-beach-lighthouse.jpg\",\"contentUrl\":\"https:\/\/www.zigzagonearth.com\/wp-content\/uploads\/2022\/03\/Cap-de-Formentor-Mallorca-road-beach-lighthouse.jpg\",\"width\":250,\"height\":250},{\"@type\":\"BreadcrumbList\",\"@id\":\"https:\/\/www.zigzagonearth.com\/sv\/cap-formentor-mallorca\/#breadcrumb\",\"itemListElement\":[{\"@type\":\"ListItem\",\"position\":1,\"name\":\"Home\",\"item\":\"https:\/\/www.zigzagonearth.com\/sv\/\"},{\"@type\":\"ListItem\",\"position\":2,\"name\":\"Cap de Formentor (Mallorca): v\u00e4g, str\u00e4nder, fyr &#8230;\"}]},{\"@type\":\"WebSite\",\"@id\":\"https:\/\/www.zigzagonearth.com\/sv\/#website\",\"url\":\"https:\/\/www.zigzagonearth.com\/sv\/\",\"name\":\"ZigZagonEarth\",\"description\":\"Plan unforgettable road trips!\",\"potentialAction\":[{\"@type\":\"SearchAction\",\"target\":{\"@type\":\"EntryPoint\",\"urlTemplate\":\"https:\/\/www.zigzagonearth.com\/sv\/?s={search_term_string}\"},\"query-input\":{\"@type\":\"PropertyValueSpecification\",\"valueRequired\":true,\"valueName\":\"search_term_string\"}}],\"inLanguage\":\"sv-SE\"},{\"@type\":\"Person\",\"@id\":\"https:\/\/www.zigzagonearth.com\/sv\/#\/schema\/person\/0498142e0cb256f21659d85ef6bca599\",\"name\":\"Claire\",\"image\":{\"@type\":\"ImageObject\",\"inLanguage\":\"sv-SE\",\"@id\":\"https:\/\/secure.gravatar.com\/avatar\/7a2d4fe6757ab43d35e1680834ada7bf24e3ceccf01b37a8d65bfb7e69ce6271?s=96&d=blank&r=g\",\"url\":\"https:\/\/secure.gravatar.com\/avatar\/7a2d4fe6757ab43d35e1680834ada7bf24e3ceccf01b37a8d65bfb7e69ce6271?s=96&d=blank&r=g\",\"contentUrl\":\"https:\/\/secure.gravatar.com\/avatar\/7a2d4fe6757ab43d35e1680834ada7bf24e3ceccf01b37a8d65bfb7e69ce6271?s=96&d=blank&r=g\",\"caption\":\"Claire\"},\"description\":\"Claire is the ultimate Travel Planning Geek - She can spend hours, weeks, months... researching for a trip. She created ZigZag On Earth to help people plan their own travels and make the most of their time.\",\"sameAs\":[\"https:\/\/www.facebook.com\/zigzagonearth\"]}]}<\/script>\n<!-- \/ Yoast SEO plugin. -->","yoast_head_json":{"title":"Cap de Formentor (Mallorca): v\u00e4g, str\u00e4nder, fyr ...","description":"Komplett guide f\u00f6r att bes\u00f6ka Cap de Formentor (Mallorca) - tillg\u00e5ng, parkering, str\u00e4nder, calas, v\u00e4g, udde, utsiktspunkter, fyr, b\u00e5tturer....","robots":{"index":"index","follow":"follow","max-snippet":"max-snippet:-1","max-image-preview":"max-image-preview:large","max-video-preview":"max-video-preview:-1"},"canonical":"https:\/\/www.zigzagonearth.com\/sv\/cap-formentor-mallorca\/","og_locale":"sv_SE","og_type":"article","og_title":"Cap de Formentor (Mallorca): v\u00e4g, str\u00e4nder, fyr ...","og_description":"Komplett guide f\u00f6r att bes\u00f6ka Cap de Formentor (Mallorca) - tillg\u00e5ng, parkering, str\u00e4nder, calas, v\u00e4g, udde, utsiktspunkter, fyr, b\u00e5tturer....","og_url":"https:\/\/www.zigzagonearth.com\/sv\/cap-formentor-mallorca\/","og_site_name":"ZigZagonEarth","article_publisher":"https:\/\/www.facebook.com\/zigzagonearth","article_author":"https:\/\/www.facebook.com\/zigzagonearth","article_published_time":"2022-03-30T08:07:32+00:00","article_modified_time":"2023-11-03T16:55:27+00:00","og_image":[{"url":"http:\/\/www.zigzagonearth.com\/wp-content\/uploads\/2022\/03\/FB-Cap-de-Formentor-Mallorca-road-beach-lighthouse-1024x536.jpg","type":"","width":"","height":""}],"author":"Claire","twitter_card":"summary_large_image","twitter_creator":"@ZigZagOnEarth","twitter_site":"@ZigZagOnEarth","twitter_misc":{"Skriven av":"Claire","Ber\u00e4knad l\u00e4stid":"15 minuter"},"schema":{"@context":"https:\/\/schema.org","@graph":[{"@type":"Article","@id":"https:\/\/www.zigzagonearth.com\/sv\/cap-formentor-mallorca\/#article","isPartOf":{"@id":"https:\/\/www.zigzagonearth.com\/sv\/cap-formentor-mallorca\/"},"author":{"name":"Claire","@id":"https:\/\/www.zigzagonearth.com\/sv\/#\/schema\/person\/0498142e0cb256f21659d85ef6bca599"},"headline":"Cap de Formentor (Mallorca): v\u00e4g, str\u00e4nder, fyr &#8230;","datePublished":"2022-03-30T08:07:32+00:00","dateModified":"2023-11-03T16:55:27+00:00","mainEntityOfPage":{"@id":"https:\/\/www.zigzagonearth.com\/sv\/cap-formentor-mallorca\/"},"wordCount":3105,"image":{"@id":"https:\/\/www.zigzagonearth.com\/sv\/cap-formentor-mallorca\/#primaryimage"},"thumbnailUrl":"https:\/\/www.zigzagonearth.com\/wp-content\/uploads\/2022\/03\/Cap-de-Formentor-Mallorca-road-beach-lighthouse.jpg","articleSection":["Mallorca"],"inLanguage":"sv-SE"},{"@type":"WebPage","@id":"https:\/\/www.zigzagonearth.com\/sv\/cap-formentor-mallorca\/","url":"https:\/\/www.zigzagonearth.com\/sv\/cap-formentor-mallorca\/","name":"Cap de Formentor (Mallorca): v\u00e4g, str\u00e4nder, fyr ...","isPartOf":{"@id":"https:\/\/www.zigzagonearth.com\/sv\/#website"},"primaryImageOfPage":{"@id":"https:\/\/www.zigzagonearth.com\/sv\/cap-formentor-mallorca\/#primaryimage"},"image":{"@id":"https:\/\/www.zigzagonearth.com\/sv\/cap-formentor-mallorca\/#primaryimage"},"thumbnailUrl":"https:\/\/www.zigzagonearth.com\/wp-content\/uploads\/2022\/03\/Cap-de-Formentor-Mallorca-road-beach-lighthouse.jpg","datePublished":"2022-03-30T08:07:32+00:00","dateModified":"2023-11-03T16:55:27+00:00","author":{"@id":"https:\/\/www.zigzagonearth.com\/sv\/#\/schema\/person\/0498142e0cb256f21659d85ef6bca599"},"description":"Komplett guide f\u00f6r att bes\u00f6ka Cap de Formentor (Mallorca) - tillg\u00e5ng, parkering, str\u00e4nder, calas, v\u00e4g, udde, utsiktspunkter, fyr, b\u00e5tturer....","breadcrumb":{"@id":"https:\/\/www.zigzagonearth.com\/sv\/cap-formentor-mallorca\/#breadcrumb"},"inLanguage":"sv-SE","potentialAction":[{"@type":"ReadAction","target":["https:\/\/www.zigzagonearth.com\/sv\/cap-formentor-mallorca\/"]}]},{"@type":"ImageObject","inLanguage":"sv-SE","@id":"https:\/\/www.zigzagonearth.com\/sv\/cap-formentor-mallorca\/#primaryimage","url":"https:\/\/www.zigzagonearth.com\/wp-content\/uploads\/2022\/03\/Cap-de-Formentor-Mallorca-road-beach-lighthouse.jpg","contentUrl":"https:\/\/www.zigzagonearth.com\/wp-content\/uploads\/2022\/03\/Cap-de-Formentor-Mallorca-road-beach-lighthouse.jpg","width":250,"height":250},{"@type":"BreadcrumbList","@id":"https:\/\/www.zigzagonearth.com\/sv\/cap-formentor-mallorca\/#breadcrumb","itemListElement":[{"@type":"ListItem","position":1,"name":"Home","item":"https:\/\/www.zigzagonearth.com\/sv\/"},{"@type":"ListItem","position":2,"name":"Cap de Formentor (Mallorca): v\u00e4g, str\u00e4nder, fyr &#8230;"}]},{"@type":"WebSite","@id":"https:\/\/www.zigzagonearth.com\/sv\/#website","url":"https:\/\/www.zigzagonearth.com\/sv\/","name":"ZigZagonEarth","description":"Plan unforgettable road trips!","potentialAction":[{"@type":"SearchAction","target":{"@type":"EntryPoint","urlTemplate":"https:\/\/www.zigzagonearth.com\/sv\/?s={search_term_string}"},"query-input":{"@type":"PropertyValueSpecification","valueRequired":true,"valueName":"search_term_string"}}],"inLanguage":"sv-SE"},{"@type":"Person","@id":"https:\/\/www.zigzagonearth.com\/sv\/#\/schema\/person\/0498142e0cb256f21659d85ef6bca599","name":"Claire","image":{"@type":"ImageObject","inLanguage":"sv-SE","@id":"https:\/\/secure.gravatar.com\/avatar\/7a2d4fe6757ab43d35e1680834ada7bf24e3ceccf01b37a8d65bfb7e69ce6271?s=96&d=blank&r=g","url":"https:\/\/secure.gravatar.com\/avatar\/7a2d4fe6757ab43d35e1680834ada7bf24e3ceccf01b37a8d65bfb7e69ce6271?s=96&d=blank&r=g","contentUrl":"https:\/\/secure.gravatar.com\/avatar\/7a2d4fe6757ab43d35e1680834ada7bf24e3ceccf01b37a8d65bfb7e69ce6271?s=96&d=blank&r=g","caption":"Claire"},"description":"Claire is the ultimate Travel Planning Geek - She can spend hours, weeks, months... researching for a trip. She created ZigZag On Earth to help people plan their own travels and make the most of their time.","sameAs":["https:\/\/www.facebook.com\/zigzagonearth"]}]}},"featured_image_src":"https:\/\/www.zigzagonearth.com\/wp-content\/uploads\/2022\/03\/Cap-de-Formentor-Mallorca-road-beach-lighthouse.jpg","featured_image_src_square":"https:\/\/www.zigzagonearth.com\/wp-content\/uploads\/2022\/03\/Cap-de-Formentor-Mallorca-road-beach-lighthouse.jpg","author_info":{"display_name":"Claire","author_link":"https:\/\/www.zigzagonearth.com\/sv\/author\/zzoe\/"},"_links":{"self":[{"href":"https:\/\/www.zigzagonearth.com\/sv\/wp-json\/wp\/v2\/posts\/69738","targetHints":{"allow":["GET"]}}],"collection":[{"href":"https:\/\/www.zigzagonearth.com\/sv\/wp-json\/wp\/v2\/posts"}],"about":[{"href":"https:\/\/www.zigzagonearth.com\/sv\/wp-json\/wp\/v2\/types\/post"}],"author":[{"embeddable":true,"href":"https:\/\/www.zigzagonearth.com\/sv\/wp-json\/wp\/v2\/users\/1"}],"replies":[{"embeddable":true,"href":"https:\/\/www.zigzagonearth.com\/sv\/wp-json\/wp\/v2\/comments?post=69738"}],"version-history":[{"count":0,"href":"https:\/\/www.zigzagonearth.com\/sv\/wp-json\/wp\/v2\/posts\/69738\/revisions"}],"wp:featuredmedia":[{"embeddable":true,"href":"https:\/\/www.zigzagonearth.com\/sv\/wp-json\/wp\/v2\/media\/62858"}],"wp:attachment":[{"href":"https:\/\/www.zigzagonearth.com\/sv\/wp-json\/wp\/v2\/media?parent=69738"}],"wp:term":[{"taxonomy":"category","embeddable":true,"href":"https:\/\/www.zigzagonearth.com\/sv\/wp-json\/wp\/v2\/categories?post=69738"},{"taxonomy":"post_tag","embeddable":true,"href":"https:\/\/www.zigzagonearth.com\/sv\/wp-json\/wp\/v2\/tags?post=69738"}],"curies":[{"name":"wp","href":"https:\/\/api.w.org\/{rel}","templated":true}]}}