{"id":69720,"date":"2022-06-18T10:11:52","date_gmt":"2022-06-18T08:11:52","guid":{"rendered":"https:\/\/www.zigzagonearth.com\/cala-pi-beltran-mallorca\/"},"modified":"2023-11-03T15:45:37","modified_gmt":"2023-11-03T14:45:37","slug":"cala-pi-beltran-mallorca","status":"publish","type":"post","link":"https:\/\/www.zigzagonearth.com\/sv\/cala-pi-beltran-mallorca\/","title":{"rendered":"Cala Pi + Cala Beltran (Mallorca): strand, vandring &#8230;"},"content":{"rendered":"\n<p><strong>Uppt\u00e4ck den vackra stranden och staden Cala Pi p\u00e5 Mallorca.<\/strong><br\/><strong>Nedan f\u00f6ljer min guide om plats, parkering, tillg\u00e5ng, saker att g\u00f6ra.<\/strong><br\/><strong>Dessutom ber\u00e4ttar jag allt om vandringen i Cala Beltran f\u00f6r att n\u00e5 en fantastisk natursk\u00f6n vik och imponerande vyer.<\/strong><\/p>\n\n<div style=\"margin-top:8%;margin-bottom:8%\" class=\"wp-block-genesis-blocks-gb-container box gb-block-container\"><div class=\"gb-container-inside\"><div class=\"gb-container-content\">\n<p class=\"box_titre_une\">Innan mina tips + foton, h\u00e4r \u00e4r <u>mina favoriter<\/u> f\u00f6r Mallorca:<\/p>\n\n\n\n<div class=\"wp-block-columns box_colonne_cc is-layout-flex wp-container-core-columns-is-layout-9d6595d7 wp-block-columns-is-layout-flex\">\n<div class=\"wp-block-column box_picto_c is-layout-flow wp-block-column-is-layout-flow\" style=\"flex-basis:5%\">\n<figure class=\"wp-block-image size-full is-resized box_picto\"><img loading=\"lazy\" decoding=\"async\" src=\"http:\/\/www.zigzagonearth.com\/wp-content\/uploads\/2023\/08\/&#x1F697;.png\" alt=\"\" class=\"wp-image-16341\" style=\"width:30px;height:31px\" width=\"30\" height=\"31\"\/><\/figure>\n<\/div>\n\n\n\n<div class=\"wp-block-column is-layout-flow wp-block-column-is-layout-flow\" style=\"flex-basis:95%\">\n<p class=\"box_lien_g\">Min favoritplattform f\u00f6r att hyra bil p\u00e5 Mallorca: <a href=\"https:\/\/www.discovercars.com\/se\/spain-balearic-islands\/mallorca?a_aid=zigzag&amp;chan=ZZ_Mallorca\" target=\"_blank\" rel=\"noreferrer noopener sponsored nofollow\">DiscoverCars<\/a><\/p>\n<\/div>\n<\/div>\n\n\n\n<div class=\"wp-block-columns box_colonne_cc is-layout-flex wp-container-core-columns-is-layout-9d6595d7 wp-block-columns-is-layout-flex\">\n<div class=\"wp-block-column box_picto_c is-layout-flow wp-block-column-is-layout-flow\" style=\"flex-basis:5%\">\n<figure class=\"wp-block-image size-full is-resized box_picto\"><img loading=\"lazy\" decoding=\"async\" src=\"http:\/\/www.zigzagonearth.com\/wp-content\/uploads\/2023\/08\/&#x1F6E5;&#xFE0F;&#xFE0F;.png\" alt=\"\" class=\"wp-image-16340\" style=\"width:30px;height:31px\" width=\"30\" height=\"31\"\/><\/figure>\n<\/div>\n\n\n\n<div class=\"wp-block-column is-layout-flow wp-block-column-is-layout-flow\" style=\"flex-basis:90%\">\n<p>Den omistliga b\u00e5tturen: <a href=\"https:\/\/www.getyourguide.se\/mallorca-l47\/mallorca-sunrise-coast-dolphins-cruise-t288850\/?partner_id=R3GYW4V&amp;cmp=ZZ_Mallorca_une\" target=\"_blank\" rel=\"noreferrer noopener sponsored nofollow\">delfinsafari fr\u00e5n Alcudia<\/a><\/p>\n<\/div>\n<\/div>\n\n\n\n<div class=\"wp-block-columns box_colonne_cc is-layout-flex wp-container-core-columns-is-layout-9d6595d7 wp-block-columns-is-layout-flex\">\n<div class=\"wp-block-column box_picto_c is-layout-flow wp-block-column-is-layout-flow\" style=\"flex-basis:5%\">\n<figure class=\"wp-block-image size-full is-resized box_picto\"><img loading=\"lazy\" decoding=\"async\" src=\"http:\/\/www.zigzagonearth.com\/wp-content\/uploads\/2023\/08\/&#x1F68C;.png\" alt=\"\" class=\"wp-image-16339\" style=\"width:30px;height:31px\" width=\"30\" height=\"31\"\/><\/figure>\n<\/div>\n\n\n\n<div class=\"wp-block-column is-layout-flow wp-block-column-is-layout-flow\" style=\"flex-basis:90%\">\n<p>Min favoritutflykt fr\u00e5n Palma: <a href=\"https:\/\/www.getyourguide.se\/mallorca-l47\/mallorca-tramuntana-tour-with-historic-railway-ride-t62634\/?partner_id=R3GYW4V&amp;cmp=ZZ_Mallorca_une\" target=\"_blank\" rel=\"noreferrer noopener sponsored nofollow\">Port de Soller och Valldemossa<\/a><\/p>\n<\/div>\n<\/div>\n\n\n\n<div class=\"wp-block-columns box_colonne_cc box_colonne_dernier_cc is-layout-flex wp-container-core-columns-is-layout-9d6595d7 wp-block-columns-is-layout-flex\">\n<div class=\"wp-block-column box_picto_x box_picto_c is-layout-flow wp-block-column-is-layout-flow\" style=\"flex-basis:5%\">\n<figure class=\"wp-block-image size-full is-resized box_picto\"><img loading=\"lazy\" decoding=\"async\" src=\"http:\/\/www.zigzagonearth.com\/wp-content\/uploads\/2023\/08\/&#x1F3E0;.png\" alt=\"\" class=\"wp-image-16338\" style=\"width:30px;height:31px\" width=\"30\" height=\"31\"\/><\/figure>\n<\/div>\n\n\n\n<div class=\"wp-block-column is-layout-flow wp-block-column-is-layout-flow\" style=\"flex-basis:95%\">\n<p>Mina favoritst\u00e4llen att bo p\u00e5:<\/p>\n\n\n\n<ul class=\"wp-block-list\">\n<li>Palma de Mallorca: <a href=\"https:\/\/www.booking.com\/searchresults.en.html?city=-395224&amp;nflt=review_score%253D90&amp;aid=1164282&amp;no_rooms=1&amp;group_adults=2&amp;label=mallorca\" target=\"_blank\" rel=\"noreferrer noopener sponsored nofollow\">se b\u00e4st rankade hotell<\/a> &#8211; t.ex. <a class=\"\" href=\"https:\/\/www.booking.com\/hotel\/es\/art-palma.en.html?aid=1164282&amp;no_rooms=1&amp;group_adults=2&amp;label=_amcid-FrQAZQblirbxlpiJxpEME\" target=\"_blank\" rel=\"noreferrer noopener\"><\/a><a href=\"https:\/\/www.booking.com\/hotel\/es\/posada-terra-santa.en.html?aid=1164282&amp;label=mallorca\" target=\"_blank\" rel=\"noreferrer noopener sponsored nofollow\">Hotel Posada Terra Santa<\/a><\/li>\n\n\n\n<li>Port d&#8217;Alcudia: <a href=\"https:\/\/www.booking.com\/searchresults.en.html?city=-381100&amp;nflt=review_score%253D90&amp;aid=1164282&amp;no_rooms=1&amp;group_adults=2&amp;label=mallorca\" target=\"_blank\" rel=\"noreferrer noopener sponsored nofollow\">se b\u00e4st rankade hotell<\/a> &#8211; t.ex. <a href=\"https:\/\/www.booking.com\/hotel\/es\/bonavida-apartments-alcudia.en-gb.html?aid=1164282&amp;label=mallorca\" target=\"_blank\" rel=\"noreferrer noopener sponsored nofollow\">Bonavida l\u00e4genheter<\/a><\/li>\n\n\n\n<li>Cala d&#8217;or: <a href=\"https:\/\/www.booking.com\/searchresults.en.html?city=900039122&amp;nflt=review_score%253D90&amp;aid=1164282&amp;no_rooms=1&amp;group_adults=2&amp;label=mallorca\" target=\"_blank\" rel=\"noreferrer noopener sponsored nofollow\">se b\u00e4st rankade hotell<\/a> &#8211; t.ex. <a href=\"https:\/\/www.booking.com\/hotel\/es\/casa-ceiba-maria.en.html?aid=1164282&amp;no_rooms=1&amp;group_adults=2&amp;label=mallorca\" target=\"_blank\" rel=\"noreferrer noopener sponsored nofollow\">Casa Ceiba Maria<\/a><\/li>\n\n\n\n<li>I en Finca i hj\u00e4rtat av \u00f6n &#8211; jag f\u00f6resl\u00e5r <a href=\"https:\/\/www.booking.com\/hotel\/es\/finca-cas-sant.en.html?aid=1164282&amp;label=mallorca\" target=\"_blank\" rel=\"noreferrer noopener sponsored nofollow\">Finca Cas Sant<\/a><\/li>\n<\/ul>\n<\/div>\n<\/div>\n<\/div><\/div><\/div>\n\n<div class=\"wp-block-columns is-layout-flex wp-container-core-columns-is-layout-9d6595d7 wp-block-columns-is-layout-flex\">\n<div class=\"wp-block-column is-layout-flow wp-block-column-is-layout-flow\"><div class=\"wp-block-image\">\n<figure class=\"aligncenter size-full is-resized\"><img decoding=\"async\" src=\"https:\/\/www.zigzagonearth.com\/wp-content\/uploads\/2023\/09\/Cala-Pi-Cala-Beltran-Mallorca-2.jpg\" alt=\"Cala Pi Cala Beltran Mallorca Pin\" class=\"wp-image-15420\" style=\"width:300px;height:undefinedpx\"\/><\/figure>\n<\/div><\/div>\n\n\n\n<div class=\"wp-block-column is-layout-flow wp-block-column-is-layout-flow\"><\/div>\n<\/div>\n\n<h2 class=\"wp-block-heading\" id=\"tab-con-10\"><strong>Varf\u00f6r bes\u00f6ka Cala Pi och vandra till Cala Beltran?<\/strong><\/h2>\n\n<h3 class=\"wp-block-heading\"><strong>\u00c4r Cala Pi v\u00e4rt ett bes\u00f6k?<\/strong><\/h3>\n\n<p>Ja, det st\u00e4mmer. Det \u00e4r ett utm\u00e4rkt st\u00e4lle att bes\u00f6ka eller bo p\u00e5 Mallorca.<br\/>Cala Pi \u00e4r en relativt lugn semesterort runt en vacker vik med strand. H\u00e4r finns ingen massturism.<br\/>Cala ligger nedanf\u00f6r staden, s\u00e5 den \u00e4r fortfarande mestadels vild med frodiga gr\u00f6na omgivningar. Den \u00e4r en av de vackraste p\u00e5 \u00f6n<a href=\"https:\/\/www.zigzagonearth.com\/sv\/basta-calas-mallorca-vikar\/\" target=\"_blank\" rel=\"noopener\">(se min lista<\/a>).<\/p>\n\n<p>Det \u00e4r ett perfekt l\u00e4ge f\u00f6r att utforska den s\u00f6dra delen av Mallorca.<\/p>\n\n<figure class=\"wp-block-image size-large\"><img decoding=\"async\" src=\"https:\/\/photos.smugmug.com\/Travel\/Mallorca\/13b-Cala-Pi\/i-SntWW9K\/3\/bed47789\/L\/Cala_Pi_Mallorca-168188-L.jpg\" alt=\"Utsikt &#xF6;ver Cala Pi fr&#xE5;n vandringen Cala Beltran\"\/><figcaption class=\"wp-element-caption\"><strong>Utsikt \u00f6ver Cala Pi fr\u00e5n vandringen Cala Beltran<\/strong><\/figcaption><\/figure>\n\n<h3 class=\"wp-block-heading\"><strong>\u00c4r Cala Beltran v\u00e4rt att vandra?<\/strong><\/h3>\n\n<p>Absolut.<br\/>Den h\u00e4r vandringen var en av mina favoritsyssels\u00e4ttningar p\u00e5 \u00f6n.<br\/>B\u00f6rjan \u00e4r brant, men den bel\u00f6nar dig med fantastiska vyer \u00f6ver Cala Pi innan du n\u00e5r den smala ormliknande Cala Beltran, borta fr\u00e5n folkmassorna.<\/p>\n\n<figure class=\"wp-block-image size-large\"><img decoding=\"async\" src=\"https:\/\/photos.smugmug.com\/Travel\/Mallorca\/Cala-Beltran\/i-7dxXRWz\/3\/30c6634e\/L\/Cala_Beltran_Mallorca-168220-L.jpg\" alt=\"Cala Beltran\"\/><figcaption class=\"wp-element-caption\"><strong>Cala Beltran<\/strong><\/figcaption><\/figure>\n\n<h3 class=\"wp-block-heading\"><strong>Om namnet<\/strong><\/h3>\n\n<p>Namnet &#8221;Pi&#8221; har den f\u00e5tt av de tallar som omger den.<\/p>\n\n<p>Fler bilder efter planeringstipsen.<\/p>\n\n<h2 class=\"wp-block-heading\" id=\"tab-con-1\"><strong>Planeringstips och karta &#8211; Cala Pi, Mallorca<\/strong><\/h2>\n\n<h3 class=\"wp-block-heading\"><strong>Var \u00e4r Cala Pi bel\u00e4get? Karta  <\/strong><\/h3>\n\n<ul class=\"wp-block-list\">\n<li>Sydost om Palma de Mallorca<\/li>\n\n\n\n<li><a href=\"https:\/\/www.zigzagonearth.com\/best-things-do-palma-mallorca\/\" target=\"_blank\" rel=\"noopener\">Palma<\/a> till Cala Pi = 40 min bilresa<\/li>\n\n\n\n<li><a href=\"https:\/\/www.zigzagonearth.com\/best-things-to-do-alcudia-mallorca\/\" target=\"_blank\" rel=\"noopener\">Alcudia<\/a> till Cala Pi = 1h10 bilresa<\/li>\n\n\n\n<li>Cala d&#8217;Or till Cala Pi = 50 min bilresa<\/li>\n\n\n\n<li>Kort bilresa fr\u00e5n Ma-6014<\/li>\n\n\n\n<li>Nedan finns en karta som hj\u00e4lper dig att orientera dig:<\/li>\n<\/ul>\n\n<figure class=\"wp-block-image size-large\"><img decoding=\"async\" src=\"https:\/\/www.zigzagonearth.com\/wp-content\/uploads\/2022\/06\/Cala-Pi-Mallorca-Map.jpg\" alt=\"Cala Pi p&#xE5; Mallorca - Karta\"\/><figcaption class=\"wp-element-caption\"><strong>Cala Pi p\u00e5 Mallorca &#8211; Karta<\/strong><\/figcaption><\/figure>\n\n<p>Alla platser som listas i den h\u00e4r artikeln ing\u00e5r i min reseguide eBook som hj\u00e4lper dig att enkelt planera din Mallorca road trip:<\/p>\n\n<div style=\"margin-top:8%;margin-bottom:8%\" class=\"wp-block-genesis-blocks-gb-container box_ebook gb-block-container\"><div class=\"gb-container-inside\"><div class=\"gb-container-content\">\n<h5 class=\"wp-block-heading box_titre_ebook\">Planera din dr\u00f6mresa till <strong>Mallorca<\/strong> med hj\u00e4lp av min guide (endast p\u00e5 engelska):<\/h5>\n\n\n\n<div class=\"wp-block-columns box_colonnes_ebook is-layout-flex wp-container-core-columns-is-layout-9d6595d7 wp-block-columns-is-layout-flex\">\n<div class=\"wp-block-column is-layout-flow wp-block-column-is-layout-flow\">\n<figure class=\"wp-block-image size-large img_ebook\"><a href=\"https:\/\/www.zigzagonearth.com\/photograph-mallorca-travel-guide\/\"><img decoding=\"async\" src=\"https:\/\/www.zigzagonearth.com\/wp-content\/uploads\/2021\/11\/Travel-Guide-Mallorca-ebook-cover-S2.jpg\" alt=\"eBook Reseguide Mallorca\"\/><\/a><\/figure>\n<\/div>\n\n\n\n<div class=\"wp-block-column is-layout-flow wp-block-column-is-layout-flow\">\n<ul class=\"box_liste wp-block-list\" style=\"font-size:16px\">\n<li>8 kartor f\u00f6r att enkelt planera din resv\u00e4g<\/li>\n\n\n\n<li>140+ f\u00f6rvalda platser<\/li>\n\n\n\n<li>GPS + tips f\u00f6r att f\u00e5 ut mesta m\u00f6jliga av din tid<\/li>\n\n\n\n<li>Tips f\u00f6r planering<\/li>\n\n\n\n<li>270+ originalbilder som hj\u00e4lper dig att v\u00e4lja<\/li>\n<\/ul>\n\n\n\n<div class=\"wp-block-buttons box_colonne_bouton_ebook is-content-justification-left is-layout-flex wp-container-core-buttons-is-layout-fdcfc74e wp-block-buttons-is-layout-flex\">\n<div class=\"wp-block-button box_bouton box_bouton_ebook\"><a class=\"wp-block-button__link wp-element-button\" href=\"https:\/\/www.zigzagonearth.com\/photograph-mallorca-travel-guide\/\" target=\"_blank\" rel=\"noreferrer noopener\">Uppt\u00e4ck det! (endast p\u00e5 engelska)<span class=\"box_bouton_image\"><\/span><\/a><\/div>\n<\/div>\n<\/div>\n<\/div>\n<\/div><\/div><\/div>\n\n<h3 class=\"wp-block-heading\"><strong>Hur man tar sig till Cala Pi<\/strong><\/h3>\n\n<ul class=\"wp-block-list\">\n<li>Det b\u00e4sta alternativet \u00e4r att k\u00f6ra dit &#8211; s\u00e4rskilt om du vill utforska mer i omr\u00e5det  <\/li>\n\n\n\n<li>Buss 505 k\u00f6r fr\u00e5n Palma de Mallorca till Cala Pi &#8211; men bara p\u00e5 sommaren &#8211; <a href=\"https:\/\/www.tib.org\/en\/web\/ctm\/autobus\/linia\/505\" target=\"_blank\" rel=\"nofollow noopener\">info<\/a><\/li>\n\n\n\n<li>Jag har inte hittat n\u00e5gon organiserad tur som bes\u00f6ker Cala Pi<\/li>\n<\/ul>\n\n<div style=\"margin-top:8%;margin-bottom:8%\" class=\"wp-block-genesis-blocks-gb-container box gb-block-container\"><div class=\"gb-container-inside\"><div class=\"gb-container-content\">\n<div class=\"wp-block-columns box_colonne is-layout-flex wp-container-core-columns-is-layout-9d6595d7 wp-block-columns-is-layout-flex\">\n<div class=\"wp-block-column colonne is-layout-flow wp-block-column-is-layout-flow\" style=\"flex-basis:66.6%\">\n<h5 class=\"wp-block-heading box_titre\">Beh\u00f6ver du hyra bil p\u00e5 Mallorca?<\/h5>\n\n\n\n<p class=\"box_intro\">Mina tips:<\/p>\n\n\n\n<ul class=\"box_liste wp-block-list\" style=\"font-size:16px\">\n<li>J\u00e4mf\u00f6r priser p\u00e5 min favoritplattform: <a href=\"https:\/\/www.discovercars.com\/se\/spain-balearic-islands\/mallorca?a_aid=zigzag&amp;chan=ZZ_Mallorca\" target=\"_blank\" rel=\"noreferrer noopener sponsored nofollow\">\n  <span style=\"text-decoration: underline;\">Discovercars.com<\/span>\n<\/a> &#8211; en av de b\u00e4st rankade j\u00e4mf\u00f6relsesajterna!<\/li>\n\n\n\n<li>V\u00e4lj inte en f\u00f6r stor bil, eftersom vissa v\u00e4gar \u00e4r mycket smala<\/li>\n\n\n\n<li>T\u00e4nk p\u00e5 deras full t\u00e4ckning alternativ &#8211; det f\u00f6r sinnesfrid!  <\/li>\n\n\n\n<li><span style=\"text-decoration: underline;\">Boka tidigt<\/span> f\u00f6r att ha ett stort urval av fordon!<\/li>\n<\/ul>\n\n\n\n<div class=\"wp-block-columns box_barre_boutons is-layout-flex wp-container-core-columns-is-layout-9d6595d7 wp-block-columns-is-layout-flex\">\n<div class=\"wp-block-column is-vertically-aligned-center box_col_conseil is-layout-flow wp-block-column-is-layout-flow\">\n<p class=\"box_lien\"><a href=\"https:\/\/www.zigzagonearth.com\/renting-car-mallorca-tips\/\" target=\"_blank\" rel=\"noreferrer noopener\">Se alla mina tips<\/a><\/p>\n<\/div>\n\n\n\n<div class=\"wp-block-column box_col_bouton is-layout-flow wp-block-column-is-layout-flow\">\n<div class=\"wp-block-buttons box_bouton is-content-justification-left is-layout-flex wp-container-core-buttons-is-layout-fdcfc74e wp-block-buttons-is-layout-flex\">\n<div class=\"wp-block-button box_bouton\"><a class=\"wp-block-button__link wp-element-button\" href=\"https:\/\/www.discovercars.com\/se\/spain-balearic-islands\/mallorca?a_aid=zigzag&amp;amp;chan=ZZ_Mallorca\" target=\"_blank\" rel=\"noreferrer noopener\">Se tillg\u00e4ngliga bilar  <span class=\"box_bouton_image\"><img decoding=\"async\" style=\"width: 14px; height:14px;  \" src=\"https:\/\/www.zigzagonearth.com\/wp-content\/uploads\/2023\/08\/fleche.png\" alt=\"\"\/><\/span><\/a><\/div>\n<\/div>\n<\/div>\n<\/div>\n<\/div>\n\n\n\n<div class=\"wp-block-column colonne box_cafe_img is-layout-flow wp-block-column-is-layout-flow\" style=\"flex-basis:33.33%\"><div class=\"wp-block-image\">\n<figure class=\"aligncenter size-large is-resized\"><img loading=\"lazy\" decoding=\"async\" src=\"https:\/\/www.zigzagonearth.com\/wp-content\/uploads\/2023\/08\/003world-travel-car-01-1024x1024.webp\" alt=\"\" class=\"wp-image-16227\" style=\"width:288px;height:288px\" width=\"288\" height=\"288\" srcset=\"https:\/\/www.zigzagonearth.com\/wp-content\/uploads\/2023\/08\/003world-travel-car-01-1024x1024.webp 1024w, https:\/\/www.zigzagonearth.com\/wp-content\/uploads\/2023\/08\/003world-travel-car-01-300x300.webp 300w, https:\/\/www.zigzagonearth.com\/wp-content\/uploads\/2023\/08\/003world-travel-car-01-150x150.webp 150w, https:\/\/www.zigzagonearth.com\/wp-content\/uploads\/2023\/08\/003world-travel-car-01-768x768.webp 768w, https:\/\/www.zigzagonearth.com\/wp-content\/uploads\/2023\/08\/003world-travel-car-01-1536x1536.webp 1536w, https:\/\/www.zigzagonearth.com\/wp-content\/uploads\/2023\/08\/003world-travel-car-01-2048x2048.webp 2048w, https:\/\/www.zigzagonearth.com\/wp-content\/uploads\/2023\/08\/003world-travel-car-01-100x100.webp 100w, https:\/\/www.zigzagonearth.com\/wp-content\/uploads\/2023\/08\/003world-travel-car-01-600x600.webp 600w\" sizes=\"auto, (max-width: 288px) 100vw, 288px\" \/><\/figure>\n<\/div><\/div>\n<\/div>\n<\/div><\/div><\/div>\n\n<h3 class=\"wp-block-heading\"><strong>Cala Pi Parkering  <\/strong><\/h3>\n\n<ul class=\"wp-block-list\">\n<li>Som p\u00e5 m\u00e5nga andra st\u00e4llen p\u00e5 Mallorca kan det vara sv\u00e5rt att parkera<\/li>\n\n\n\n<li>Det finns n\u00e5gra parkeringsplatser n\u00e4ra restaurangen p\u00e5 toppen av strandens trappor<\/li>\n\n\n\n<li>Det finns fler n\u00e4ra tornet<\/li>\n\n\n\n<li>Och det finns en parkeringsplats l\u00e4ngs huvudv\u00e4gen in till stan (men den \u00e4r kanske inte \u00f6ppen \u00e5ret runt)<\/li>\n<\/ul>\n\n<p>Det \u00e4r b\u00e4st att komma tidigt f\u00f6r att hitta en parkeringsplats.<br\/>Och parkera inte d\u00e4r det \u00e4r f\u00f6rbjudet. De \u00e4r snabba med att b\u00f6tf\u00e4lla dig.<\/p>\n\n<figure class=\"wp-block-image size-large\"><img decoding=\"async\" src=\"https:\/\/photos.smugmug.com\/Travel\/Mallorca\/13b-Cala-Pi\/i-qrCxcgp\/3\/dff2641b\/L\/Cala_Pi_Mallorca-168232-L.jpg\" alt=\"Cala Pi Parkering  \"\/><figcaption class=\"wp-element-caption\"><strong>Cala Pi Parkering  <\/strong><\/figcaption><\/figure>\n\n<h3 class=\"wp-block-heading\"><strong>Tips f\u00f6r bes\u00f6k  <\/strong><\/h3>\n\n<ul class=\"wp-block-list\">\n<li>Planera 30 min f\u00f6r att utforska Cala Pi och 1 timme f\u00f6r att vandra och \u00e5terv\u00e4nda fr\u00e5n Cala Beltran<\/li>\n\n\n\n<li>Planera in en halv till en hel dag f\u00f6r att verkligen kunna njuta av omr\u00e5det<\/li>\n\n\n\n<li>146 trappor ner f\u00f6r att n\u00e5 stranden (och sedan upp f\u00f6r att l\u00e4mna stranden&#8230;.)<\/li>\n\n\n\n<li>Restauranger p\u00e5 toppen av trappan samt n\u00e4ra tornet<\/li>\n\n\n\n<li>Inga faciliteter p\u00e5 botten, p\u00e5 stranden<\/li>\n\n\n\n<li>Det \u00e4r en livlig strand, s\u00e4rskilt p\u00e5 helgerna<\/li>\n<\/ul>\n\n<figure class=\"wp-block-image\"><img decoding=\"async\" src=\"https:\/\/photos.smugmug.com\/Travel\/Mallorca\/13b-Cala-Pi\/i-2SM424D\/3\/dbedc35e\/L\/Cala_Pi_Mallorca-1181-L.jpg\" alt=\"Restaurang i Cala Pi\" title=\"Restaurang i Cala Pi\"\/><\/figure>\n\n<h3 class=\"wp-block-heading\"><strong>Var man kan bo<\/strong><\/h3>\n\n<ul class=\"wp-block-list\">\n<li>Cala Pi kan vara ett bra st\u00e4lle att bo p\u00e5 om du vill kombinera strandtid med \u00f6utforskning<\/li>\n\n\n\n<li>T\u00e4nk bara p\u00e5 att m\u00e5nga resor kommer att vara l\u00e4ngre eftersom du \u00e4r lite mer isolerad \u00e4n andra st\u00e4der<\/li>\n\n\n\n<li><a href=\"https:\/\/www.booking.com\/searchresults.en.html?city=900039425&amp;nflt=review_score%253D90&amp;aid=1164282&amp;no_rooms=1&amp;group_adults=2&amp;label=ZZ_Mallorca\" target=\"_blank\" rel=\"noreferrer noopener sponsored nofollow\">Kolla p\u00e5 de b\u00e4st rankade boendena i Cala Pi<\/a><\/li>\n<\/ul>\n\n<div style=\"margin-top:8%;margin-bottom:8%\" class=\"wp-block-genesis-blocks-gb-container box gb-block-container\"><div class=\"gb-container-inside\"><div class=\"gb-container-content\">\n<h5 class=\"wp-block-heading box_titre_activite\">Var ska man bo p\u00e5 Mallorca?<\/h5>\n\n\n\n<div class=\"wp-block-columns box_colonne inverse is-layout-flex wp-container-core-columns-is-layout-9d6595d7 wp-block-columns-is-layout-flex\">\n<div class=\"wp-block-column colonne is-layout-flow wp-block-column-is-layout-flow\" style=\"flex-basis:75%\">\n<p class=\"box_intro\">Mina favoriter:<\/p>\n\n\n\n<ul class=\"box_liste wp-block-list\">\n<li>Val av restauranger + huvudstad: <a href=\"https:\/\/www.booking.com\/searchresults.en.html?city=-395224&amp;nflt=review_score%253D90&amp;aid=1164282&amp;no_rooms=1&amp;group_adults=2&amp;label=mallorca\" target=\"_blank\" rel=\"noreferrer noopener\">se b\u00e4st rankade alternativ i Palma<\/a><\/li>\n\n\n\n<li>Strand + praktiskt l\u00e4ge f\u00f6r att utforska: <a href=\"https:\/\/www.booking.com\/searchresults.en.html?city=-381100&amp;nflt=review_score%253D90&amp;aid=1164282&amp;no_rooms=1&amp;group_adults=2&amp;label=mallorca\" target=\"_blank\" rel=\"noreferrer noopener\">se de mest uppskattade alternativen i Port d&#8217;Alcudia<\/a><\/li>\n\n\n\n<li>Partyomr\u00e5de &#8211; <a href=\"https:\/\/www.booking.com\/searchresults.en.html?city=-380228&amp;nflt=review_score%253D90&amp;aid=1164282&amp;no_rooms=1&amp;group_adults=2&amp;label=mallorca\" target=\"_blank\" rel=\"noreferrer noopener\">se b\u00e4st rankade alternativ i S&#8217;Arenal<\/a><\/li>\n\n\n\n<li>Lugnt i bergen &#8211; <a href=\"https:\/\/www.booking.com\/searchresults.en.html?city=-406234&amp;nflt=review_score%253D90&amp;aid=1164282&amp;no_rooms=1&amp;group_adults=2&amp;label=mallorca\" target=\"_blank\" rel=\"noreferrer noopener\">se de b\u00e4st rankade alternativen i Valldemossa<\/a><\/li>\n\n\n\n<li>Lugn, charmig plats vid havet &#8211; <a href=\"https:\/\/www.booking.com\/searchresults.en.html?city=900039215&amp;nflt=review_score%253D90&amp;aid=1164282&amp;no_rooms=1&amp;group_adults=2&amp;label=mallorca\" target=\"_blank\" rel=\"noreferrer noopener\">se b\u00e4st rankade alternativ i Canyamel<\/a><\/li>\n\n\n\n<li>Tillg\u00e5ng till de b\u00e4sta calas &#8211; <a href=\"https:\/\/www.booking.com\/searchresults.en.html?city=900039122&amp;nflt=review_score%253D90&amp;aid=1164282&amp;no_rooms=1&amp;group_adults=2&amp;label=mallorca\" target=\"_blank\" rel=\"noreferrer noopener\">se b\u00e4st rankade alternativ i Cala d&#8217;or<\/a><\/li>\n\n\n\n<li>Familjer &#8211; <a href=\"https:\/\/www.booking.com\/searchresults.en.html?city=-374964&amp;nflt=review_score%253D90&amp;aid=1164282&amp;no_rooms=1&amp;group_adults=2&amp;label=mallorca\" target=\"_blank\" rel=\"noreferrer noopener\">se de b\u00e4st rankade alternativen i Cala Millor<\/a> eller i <a href=\"https:\/\/www.booking.com\/searchresults.en.html?city=900039294&amp;nflt=review_score%253D90&amp;aid=1164282&amp;no_rooms=1&amp;group_adults=2&amp;label=mallorca\" target=\"_blank\" rel=\"noreferrer noopener\">Colonia Sant Jordi<\/a><\/li>\n<\/ul>\n\n\n\n<div class=\"wp-block-buttons box_bouton box_colonne_bouton_ebook box_barre_boutons is-content-justification-left is-layout-flex wp-container-core-buttons-is-layout-fdcfc74e wp-block-buttons-is-layout-flex\">\n<div class=\"wp-block-button box_bouton\"><a class=\"wp-block-button__link wp-element-button\" href=\"https:\/\/www.zigzagonearth.com\/where-to-stay-mallorca-best-areas\/\" target=\"_blank\" rel=\"noreferrer noopener\">Se v\u00e5r artikel om var du kan bo  <span class=\"box_bouton_image\"><img decoding=\"async\" style=\"width: 14px; height:14px;  \" src=\"https:\/\/www.zigzagonearth.com\/wp-content\/uploads\/2023\/08\/fleche.png\" alt=\"\"\/><\/span><span class=\"box_bouton_image\"><\/span><\/a><\/div>\n<\/div>\n<\/div>\n\n\n\n<div class=\"wp-block-column is-vertically-aligned-top colonne box_activite_img is-layout-flow wp-block-column-is-layout-flow\" style=\"flex-basis:25%\"><div class=\"wp-block-image\">\n<figure class=\"aligncenter size-large\"><img decoding=\"async\" src=\"https:\/\/photos.smugmug.com\/Travel\/Mallorca\/Hotels\/i-dgbp8xw\/1\/7e887566\/L\/PA147529-L.jpg\" alt=\"Finca p&#xE5; Mallorca\"\/><\/figure>\n<\/div><\/div>\n<\/div>\n<\/div><\/div><\/div>\n\n<h2 class=\"wp-block-heading\" id=\"tab-con-2\"><strong>Cala Pi strand (Playa de Cala Pi)<\/strong><\/h2>\n\n<h3 class=\"wp-block-heading\"><strong>Tillg\u00e5ng till stranden Cala Pi<\/strong><\/h3>\n\n<figure class=\"wp-block-image size-large\"><img decoding=\"async\" src=\"https:\/\/photos.smugmug.com\/Travel\/Mallorca\/13b-Cala-Pi\/i-CWX2mhw\/3\/cd5715a1\/L\/Cala_Pi_Mallorca-168134-L.jpg\" alt=\"Utsikt &#xF6;ver Cala Pi fr&#xE5;n trappa\"\/><figcaption class=\"wp-element-caption\"><strong>Utsikt \u00f6ver Cala Pi fr\u00e5n trappa<\/strong><\/figcaption><\/figure>\n\n<p>Cala Pi \u00e4r en riktigt vacker strand som omges av klippor och frodig gr\u00f6n vegetation.<br\/>Men du m\u00e5ste f\u00f6rtj\u00e4na det!<br\/>F\u00f6r att komma till sandomr\u00e5det m\u00e5ste du g\u00e5 ner f\u00f6r 146 trappor (som jag r\u00e4knade).<br\/>Detta inneb\u00e4r att du m\u00e5ste g\u00e5 tillbaka upp dem i slutet av ditt bes\u00f6k!<br\/>\u00c4ven om du inte g\u00e5r ner kan du njuta av utsikten fr\u00e5n botten av den f\u00f6rsta trappan.<\/p>\n\n<figure class=\"wp-block-image size-large\"><img decoding=\"async\" src=\"https:\/\/photos.smugmug.com\/Travel\/Mallorca\/13b-Cala-Pi\/i-6PStR72\/3\/af1fecc4\/L\/Cala_Pi_Mallorca-168136-L.jpg\" alt=\"Trappa till stranden Cala Pi\"\/><figcaption class=\"wp-element-caption\"><strong>Trappa till stranden Cala Pi<\/strong><\/figcaption><\/figure>\n\n<h3 class=\"wp-block-heading\"><strong>Cala Pi strand &amp; Torrent de Cala Pi<\/strong><\/h3>\n\n<p>Vid Cala Pi t\u00e4cker den fina sanden ett stort omr\u00e5de: ca 50 m (55 yards) brett och 100 till 120 m l\u00e5ngt (109 till 131 yards).  <br\/>S\u00e5 det finns en hel del utrymme j\u00e4mf\u00f6rt med andra calas.<\/p>\n\n<p>Vattnet \u00e4r grunt, vilket g\u00f6r det till en utm\u00e4rkt strand f\u00f6r barn.<\/p>\n\n<p>H\u00e4r finns gyllene sand, turkost vatten och klippor p\u00e5 b\u00e5da sidor. Tack vare dessa klippor erbjuder den bra skydd under bl\u00e5siga dagar.  <\/p>\n\n<p>Under h\u00f6gs\u00e4song:<\/p>\n\n<ul class=\"wp-block-list\">\n<li>Strandbar<\/li>\n\n\n\n<li>Livr\u00e4ddare  <\/li>\n\n\n\n<li>Uthyrning av solstolar och parasoller<\/li>\n<\/ul>\n\n<p>Det finns inga vattensporter, men klipporna erbjuder fina snorklingsm\u00f6jligheter.<\/p>\n\n<figure class=\"wp-block-image size-large\"><img decoding=\"async\" src=\"https:\/\/photos.smugmug.com\/Travel\/Mallorca\/13b-Cala-Pi\/i-qJHLgpZ\/3\/c1907c51\/L\/Cala_Pi_Mallorca-168146-L.jpg\" alt=\"Cala Pi strand\"\/><figcaption class=\"wp-element-caption\"><strong>Cala Pi strand<\/strong><\/figcaption><\/figure>\n\n<p>Cala Pi ligger i slutet av en flod som heter Torrent Cala Pi, som \u00e4r torr.<br\/>Nedan visas en vy \u00f6ver sandomr\u00e5det mot flodb\u00e4dden.<\/p>\n\n<figure class=\"wp-block-image\"><img decoding=\"async\" src=\"https:\/\/photos.smugmug.com\/Travel\/Mallorca\/13b-Cala-Pi\/i-QJBxSjQ\/3\/03e9a991\/L\/Cala_Pi_Mallorca-168140-L.jpg\" alt=\"Torrent de Cala Pi\" title=\"Torrent de Cala Pi\"\/><\/figure>\n\n<h3 class=\"wp-block-heading\"><strong>Cala Pi fiskebyggnader<\/strong><\/h3>\n\n<figure class=\"wp-block-image\"><img decoding=\"async\" src=\"https:\/\/photos.smugmug.com\/Travel\/Mallorca\/13b-Cala-Pi\/i-FBqz4VN\/3\/b283d776\/L\/Cala_Pi_Mallorca-168151-L.jpg\" alt=\"Cala Pi fiskehus\" title=\"Cala Pi fiskehus\"\/><\/figure>\n\n<p>De enda byggnaderna nere p\u00e5 stranden \u00e4r &#8221;escars&#8221;. De \u00e4r skydd f\u00f6r fiskeb\u00e5tar.<br\/>De anv\u00e4nds inte s\u00e5 mycket l\u00e4ngre, men de ger viken ytterligare ett intressant inslag.<\/p>\n\n<h2 class=\"wp-block-heading\" id=\"tab-con-3\"><strong>Vandring till Cala Beltran &#8211; utsikt \u00f6ver Cala Pi<\/strong><\/h2>\n\n<p>N\u00e4r du \u00e4r i Cala Pi rekommenderar jag starkt vandringen till Cala Beltran.<br\/>Cala Beltran \u00e4r en av de f\u00e5 or\u00f6rda calorna p\u00e5 Mallorca. Man kan bara ta sig dit genom att vandra fr\u00e5n Cala Pi.<\/p>\n\n<h3 class=\"wp-block-heading\"><strong>Startpunkt och data f\u00f6r vandringen<\/strong><\/h3>\n\n<p>Vandringen b\u00f6rjar strax efter fiskeb\u00e5tarnas skydd.  <br\/>Leta efter skylten med bl\u00e5 taggar med 7.<\/p>\n\n<figure class=\"wp-block-image\"><img decoding=\"async\" src=\"https:\/\/photos.smugmug.com\/Travel\/Mallorca\/13b-Cala-Pi\/i-42DDtpK\/3\/59956233\/L\/Cala_Pi_Mallorca-168163-L.jpg\" alt=\"Cala Beltran vandringsskylt\" title=\"Cala Beltran vandringsskylt\"\/><\/figure>\n\n<p>B\u00f6rjan \u00e4r mycket brant och stenig. Men det varar bara i ett par minuter.<br\/>Efter det \u00e4r du p\u00e5 toppen av klipporna, s\u00e5 det \u00e4r ganska platt.<br\/>Se till att ha bra promenadskor f\u00f6r att g\u00f6ra det l\u00e4ttare.<\/p>\n\n<p>Det tog mig 20 minuter att vandra till slutet av Cala Beltran fr\u00e5n fiskeb\u00e5tarnas skydd.<\/p>\n\n<figure class=\"wp-block-image\"><img decoding=\"async\" src=\"https:\/\/photos.smugmug.com\/Travel\/Mallorca\/13b-Cala-Pi\/i-mnmv9Kc\/3\/ea481117\/L\/Cala_Pi_Mallorca-168154-L.jpg\" alt=\"Kl&#xE4;ttring i b&#xF6;rjan av vandringen i Cala Beltran\" title=\"Kl&#xE4;ttring i b&#xF6;rjan av vandringen i Cala Beltran\"\/><\/figure>\n\n<h3 class=\"wp-block-heading\"><strong>Utsikter l\u00e4ngs vandringen<\/strong><\/h3>\n\n<p>Det jag \u00e4lskar mest med den h\u00e4r vandringen \u00e4r att den aldrig \u00e4r tr\u00e5kig.<br\/>Du \u00e4r omgiven av frodig vegetation och har en fantastisk utsikt \u00f6ver Cala Pi.<br\/>F\u00e4rgerna p\u00e5 vattnet, v\u00e4xtligheten och klipporna skapar ett fantastiskt landskap!<\/p>\n\n<p>Forts\u00e4tt bara att g\u00e5 l\u00e4ngs kanten av klipporna.<br\/>Vid ett tillf\u00e4lle kan det se f\u00f6rvirrande ut, eftersom det verkar finnas en kanjon att korsa. Men nej, den g\u00e5r ner och upp utan problem. F\u00f6rs\u00f6k inte g\u00f6ra en loop.<\/p>\n\n<figure class=\"wp-block-image\"><img decoding=\"async\" src=\"https:\/\/photos.smugmug.com\/Travel\/Mallorca\/13b-Cala-Pi\/i-RG4WBZF\/3\/2d41ee4a\/L\/Cala_Pi_Mallorca-168158-L.jpg\" alt=\"Utsikt &#xF6;ver Cala Pi mot mynningen\" title=\"Utsikt &#xF6;ver Cala Pi mot mynningen\"\/><\/figure>\n\n<p>Fr\u00e5n denna sida av Cala Pi, n\u00e4r du n\u00e5r mynningen, kan du njuta av utsikten \u00f6ver det historiska tornet: Torre de Cala Pi.<\/p>\n\n<figure class=\"wp-block-image\"><img decoding=\"async\" src=\"https:\/\/photos.smugmug.com\/Travel\/Mallorca\/13b-Cala-Pi\/i-H7b3bzq\/3\/af7c760f\/L\/Cala_Pi_Mallorca-168176-L.jpg\" alt=\"Cala Pi mynning och torn\" title=\"Cala Pi mynning och torn\"\/><\/figure>\n\n<p>Och n\u00e4r du \u00e4r vid munnen, gl\u00f6m inte att titta bakom dig.  <br\/>Du kan se hur l\u00e5ngt Cal Pi-inloppet \u00e4r.<\/p>\n\n<figure class=\"wp-block-image\"><img decoding=\"async\" src=\"https:\/\/photos.smugmug.com\/Travel\/Mallorca\/13b-Cala-Pi\/i-SntWW9K\/3\/bed47789\/L\/Cala_Pi_Mallorca-168188-L.jpg\" alt=\"Inlopp Cala Pi\" title=\"Inlopp Cala Pi\"\/><\/figure>\n\n<h2 class=\"wp-block-heading\" id=\"tab-con-4\"><strong>Cala Beltran<\/strong><\/h2>\n\n<p>Efter att ha v\u00e4nt vid mynningen av Cala Pi kommer du att arbeta en mycket kort stund genom vegetationen innan du n\u00e5r Cala Beltran.<br\/>Det smala inloppet har ingen strand, men \u00e4r mycket pittoreskt med det turkosa vattnet, de vita klipporna och den frodiga gr\u00f6na vegetationen.<\/p>\n\n<figure class=\"wp-block-image\"><img decoding=\"async\" src=\"https:\/\/photos.smugmug.com\/Travel\/Mallorca\/Cala-Beltran\/i-s45cvQ7\/3\/8bd971c3\/L\/Cala_Beltran_Mallorca-168198-L.jpg\" alt=\"Cala Beltran\" title=\"Cala Beltran\"\/><\/figure>\n\n<p>Jag var hypnotiserad. F\u00e4rgen var s\u00e5 genomskinlig, inloppet s\u00e5 smalt.<br\/>Det var en vacker upplevelse, l\u00e5ngt borta fr\u00e5n de tr\u00e5nga kalaserna p\u00e5 Mallorca.<\/p>\n\n<figure class=\"wp-block-image\"><img decoding=\"async\" src=\"https:\/\/photos.smugmug.com\/Travel\/Mallorca\/Cala-Beltran\/i-3fVr5Cb\/3\/f52ea716\/L\/Cala_Beltran_Mallorca-168204-L.jpg\" alt=\"Cala Beltran vatten\" title=\"Cala Beltran vatten\"\/><\/figure>\n\n<p>Inloppet \u00e4r ungef\u00e4r 200 m l\u00e5ngt (219 yards).<br\/>Och det ser verkligen ut som en orm som slingrar sig mellan stenarna.<\/p>\n\n<figure class=\"wp-block-image\"><img decoding=\"async\" src=\"https:\/\/photos.smugmug.com\/Travel\/Mallorca\/Cala-Beltran\/i-4DvNj8L\/3\/5c2e5e73\/L\/Cala_Beltran_Mallorca-168214-L.jpg\" alt=\"Inlopp Cala Beltran\" title=\"Inlopp Cala Beltran\"\/><\/figure>\n\n<div style=\"margin-top:8%;margin-bottom:8%\" class=\"wp-block-genesis-blocks-gb-container box gb-block-container\"><div class=\"gb-container-inside\"><div class=\"gb-container-content\">\n<p><strong>Planera din resa till Mallorca:<\/strong><\/p>\n\n\n\n<div class=\"wp-block-columns box_colonne_cc is-layout-flex wp-container-core-columns-is-layout-9d6595d7 wp-block-columns-is-layout-flex\">\n<div class=\"wp-block-column box_picto_c is-layout-flow wp-block-column-is-layout-flow\" style=\"flex-basis:5%\">\n<figure class=\"wp-block-image size-full is-resized box_picto\"><img loading=\"lazy\" decoding=\"async\" src=\"http:\/\/www.zigzagonearth.com\/wp-content\/uploads\/2023\/08\/&#x1F697;.png\" alt=\"\" class=\"wp-image-16341\" style=\"width:30px;height:31px\" width=\"30\" height=\"31\"\/><\/figure>\n<\/div>\n\n\n\n<div class=\"wp-block-column is-layout-flow wp-block-column-is-layout-flow\" style=\"flex-basis:95%\">\n<ul class=\"wp-block-list\">\n<li>Mina resplaner : <a class=\"\" href=\"https:\/\/www.zigzagonearth.com\/2-3-days-mallorca-weekend\/\" target=\"_blank\" rel=\"noreferrer noopener\">3 dagar &#8211; helg<\/a>, <a class=\"\" href=\"https:\/\/www.zigzagonearth.com\/4-days-mallorca-itinerary\/\" target=\"_blank\" rel=\"noreferrer noopener\">4<\/a> dagar, <a class=\"\" href=\"https:\/\/www.zigzagonearth.com\/5-days-mallorca-itinerary\/\" target=\"_blank\" rel=\"noreferrer noopener\">5 dagar<\/a>, <a class=\"\" href=\"https:\/\/www.zigzagonearth.com\/one-week-madeira-7-day-itinerary\/\" target=\"_blank\" rel=\"noreferrer noopener\">1 vecka<\/a>, <a href=\"https:\/\/www.zigzagonearth.com\/10-days-mallorca-2-weeks-itinerary\/\" target=\"_blank\" rel=\"noreferrer noopener\">10<\/a> dagar<\/li>\n\n\n\n<li><a class=\"\" href=\"https:\/\/www.zigzagonearth.com\/renting-car-mallorca-tips\/\" target=\"_blank\" rel=\"noreferrer noopener\">36 tips f\u00f6r att hyra bil p\u00e5 Mallorca<\/a><\/li>\n\n\n\n<li><a class=\"\" href=\"https:\/\/www.zigzagonearth.com\/driving-mallorca-tips\/\" target=\"_blank\" rel=\"noreferrer noopener\">Guide till bilk\u00f6rning p\u00e5 Mallorca<\/a><\/li>\n\n\n\n<li><a class=\"\" href=\"https:\/\/www.zigzagonearth.com\/where-to-stay-mallorca-best-areas\/\" target=\"_blank\" rel=\"noreferrer noopener\">Var man kan bo p\u00e5 Mallorca<\/a><\/li>\n\n\n\n<li><a href=\"https:\/\/www.zigzagonearth.com\/where-stay-palma-mallorca-best-hotels\/\" target=\"_blank\" class=\"\" rel=\"noreferrer noopener\">Var man kan bo i Palma de Mallorca<\/a><\/li>\n\n\n\n<li><a class=\"\" href=\"https:\/\/zigzagonearth.com\/best-things-do-mallorca\/\" target=\"_blank\" rel=\"noreferrer noopener\">B\u00e4sta sakerna att g\u00f6ra p\u00e5 Mallorca<\/a><\/li>\n<\/ul>\n<\/div>\n<\/div>\n<\/div><\/div><\/div>\n\n<h2 class=\"wp-block-heading\" id=\"t-1655535528613\"><strong>Andra saker att g\u00f6ra i Cala Pi (och runtomkring)<\/strong><\/h2>\n\n<h3 class=\"wp-block-heading\" id=\"tab-con-5\"><strong>Torn &#8211; Torre de Cala Pi<\/strong><\/h3>\n\n<figure class=\"wp-block-image size-large\"><img decoding=\"async\" src=\"https:\/\/photos.smugmug.com\/Travel\/Mallorca\/13b-Cala-Pi\/i-3zF62Dt\/3\/1f53e6c4\/L\/Cala_Pi_Mallorca-168233-L.jpg\" alt=\"Torre de Cala Pi\"\/><figcaption class=\"wp-element-caption\"><strong>Torre de Cala Pi<\/strong><\/figcaption><\/figure>\n\n<p>P\u00e5 udden s\u00f6der om stranden finns ett av de historiska f\u00f6rsvarstornen.<br\/>Det \u00e4r fr\u00e5n 1663 och har restaurerats.<br\/>Du kan dock inte komma n\u00e4ra eftersom det \u00e4r privat egendom.<\/p>\n\n<h3 class=\"wp-block-heading\"><strong>Capocorp Vell<\/strong><\/h3>\n\n<figure class=\"wp-block-image\"><img decoding=\"async\" src=\"https:\/\/photos.smugmug.com\/Travel\/Mallorca\/Talaiot-Capocorp-Vel\/i-NBCcVL6\/3\/03cfdb8d\/L\/Talaiot_Capocorp_Vel_Mallorca-168276-L.jpg\" alt=\"Capocorp Vell\" title=\"Capocorp Vell\"\/><\/figure>\n\n<p>Denna f\u00f6rhistoriska by var en av de st\u00f6rsta p\u00e5 \u00f6n.<br\/>Ruinerna omfattar idag 5 talayots (2 fyrkantiga och 3 runda) samt 28 bost\u00e4der.<br\/>De \u00e4r i gott skick och man kan tydligt se husen och hur byn var organiserad.  <br\/>En av de intressanta arkeologiska platserna att bes\u00f6ka p\u00e5 Mallorca<a style=\"outline: none;\" href=\"https:\/\/www.zigzagonearth.com\/sv\/talayot-mallorca-ruiner\/\" target=\"_blank\" rel=\"noopener\">(se min lista<\/a>).<\/p>\n\n<p><strong>Hur man bes\u00f6ker<\/strong><\/p>\n\n<ul class=\"wp-block-list\">\n<li>Det \u00e4r bara 5 minuters bilresa fr\u00e5n Cala Pi, och ligger d\u00e4r den ansluter till v\u00e4g Ma-6014.<\/li>\n\n\n\n<li>Planera 30 minuter till 1 timme.<\/li>\n\n\n\n<li>3\u20ac <\/li>\n\n\n\n<li>10.00-17.00 &#8211; st\u00e4ngt p\u00e5 torsdagar<\/li>\n<\/ul>\n\n<h3 class=\"wp-block-heading\"><strong>S&#8217;Estalella promenad &#8211; fyr och torn<\/strong><\/h3>\n\n<figure class=\"wp-block-image\"><img decoding=\"async\" src=\"https:\/\/photos.smugmug.com\/Travel\/Mallorca\/Torre-de-s-Estalella\/i-W8zL3xN\/3\/0d06852a\/L\/Torre_Estalella_Mallorca-168087-L.jpg\" alt=\"S'estalella\" title=\"S'estalella\"\/><\/figure>\n\n<p>Och en annan av mina favoritvandringar p\u00e5 Mallorca ligger inte l\u00e5ngt borta.<br\/>S&#8217;Estalella \u00e4r en natursk\u00f6n vandring runt en udde med havsgrottor, klippformationer, en liten fyr och ett historiskt torn.<br\/>F\u00f6rsvarstornet \u00e4r fr\u00e5n 1577 (restaurerat 1984). Den \u00e4r cylindrisk upptill och konisk nedtill. Dess h\u00f6jd \u00e4r 9,2 m (30 ft).<br\/>Det b\u00e4sta \u00e4r blandningen av natur och byggnader.<\/p>\n\n<p><strong>Hur man bes\u00f6ker<\/strong><\/p>\n\n<ul class=\"wp-block-list\">\n<li>20 minuters bilresa fr\u00e5n Cala Pi<\/li>\n\n\n\n<li>1h30 tur och retur<\/li>\n\n\n\n<li>Fri tillg\u00e5ng<\/li>\n\n\n\n<li>Mestadels platt l\u00e4tt promenad &#8211; det sv\u00e5raste \u00e4r b\u00f6rjan, att g\u00e5 p\u00e5 sand och sedan en liten bit p\u00e5 stenar  <\/li>\n<\/ul>\n\n<h3 class=\"wp-block-heading\"><strong>Platja des Trenc<\/strong><\/h3>\n\n<figure class=\"wp-block-image\"><img decoding=\"async\" src=\"https:\/\/photos.smugmug.com\/Travel\/Mallorca\/15h-es-Trenc\/i-962BFmF\/3\/11004415\/L\/Es_trenc_Mallorca-189474-L.jpg\" alt=\"Platja des Trenc\" title=\"Platja des Trenc\"\/><\/figure>\n\n<p>Inte l\u00e5ngt d\u00e4rifr\u00e5n ligger den ber\u00f6mda stranden Trenc.<br\/>Det \u00e4r en platt l\u00e5ng strand med sanddyner och en stor parkeringsplats.<br\/>Det \u00e4r en av de mest k\u00e4nda sandstr\u00e4nderna p\u00e5 sydkusten.<br\/>Den tyckte dock inte att den var s\u00e4rskilt natursk\u00f6n j\u00e4mf\u00f6rt med de m\u00e5nga calas p\u00e5 Mallorca.  <\/p>\n\n<p><strong>Hur man bes\u00f6ker<\/strong><\/p>\n\n<ul class=\"wp-block-list\">\n<li>30 minuters bilresa fr\u00e5n Cala Pi<\/li>\n\n\n\n<li>Smal 2-v\u00e4gsv\u00e4g i 3 km<\/li>\n\n\n\n<li>Stor parkeringsplats mot avgift (4 till 7 euro per dag). Snackbar. Kan inte anv\u00e4ndas nattetid f\u00f6r att skydda vilda djur.<\/li>\n\n\n\n<li>Platja des Peregons Grans \u00e4r n\u00e4sta vik fr\u00e5n samma parkeringsplats.<\/li>\n<\/ul>\n\n<h3 class=\"wp-block-heading\"><strong>Colonia de Sant Jordi<\/strong><\/h3>\n\n<figure class=\"wp-block-image\"><img decoding=\"async\" src=\"https:\/\/photos.smugmug.com\/Travel\/Mallorca\/Colonia-de-Sant-Jordi\/i-Vphkbzc\/3\/510b9c60\/L\/beach_Colonia_de_Sant_Jordi_Mallorca-189368-L.jpg\" alt=\"Colonia de Sant Jordi\" title=\"Colonia de Sant Jordi\"\/><\/figure>\n\n<p>Bara 30 minuters bilresa bort ligger en av mina favoritkustst\u00e4der p\u00e5 s\u00f6dra Mallorca.<\/p>\n\n<p>Colonia \u00e4r en kustn\u00e4ra semesterort med en fantastisk atmosf\u00e4r.<br\/>H\u00e4r finns mycket att erbjuda med strandpromenader, str\u00e4nder, bra restauranger, enkel tillg\u00e5ng till vackra vikar&#8230;<br\/>Omr\u00e5det har varit bebott sedan brons\u00e5ldern. Salt och fiske gjorde det till en v\u00e4lm\u00e5ende by.<br\/>Trots n\u00e5gra moderna byggnader har en stor del av staden lyckats beh\u00e5lla sin charm med stenhus.<br\/>Visst nattliv, men ganska lugnt.<\/p>\n\n<p><a href=\"https:\/\/www.booking.com\/searchresults.en.html?city=900039294&amp;nflt=review_score%253D90&amp;aid=1164282&amp;no_rooms=1&amp;group_adults=2&amp;label=ZZ_Mallorca\" target=\"_blank\" rel=\"noreferrer noopener sponsored nofollow\">Se b\u00e4sta boende i Colonia de Sant Jordi<\/a><\/p>\n\n<p><strong><strong>Vill du se mer av Mallorca?<\/strong><\/strong><\/p>\n\n<ul class=\"wp-block-list\">\n<li>40 vackraste landskapen p\u00e5 Mallorca (med bilder) &#8211; <a style=\"outline: none;\" href=\"https:\/\/www.zigzagonearth.com\/sv\/basta-landskap-mallorca-foton\/\" target=\"_blank\" rel=\"noopener\">L\u00e4s artikeln<\/a><\/li>\n\n\n\n<li>Mallorcas 7 b\u00e4sta grottor &#8211; <a style=\"outline: none;\" href=\"https:\/\/www.zigzagonearth.com\/sv\/basta-grottor-mallorca\/\" target=\"_blank\" rel=\"noopener\">l\u00e4s artikeln<\/a><\/li>\n\n\n\n<li>10 b\u00e4sta calas p\u00e5 Mallorca (vikar) &#8211; <a style=\"outline: none;\" href=\"https:\/\/www.zigzagonearth.com\/sv\/basta-calas-mallorca-vikar\/\" target=\"_blank\" rel=\"noopener\">l\u00e4s artikel<\/a><\/li>\n\n\n\n<li>En vecka p\u00e5 Mallorca &#8211; 5 f\u00f6rslag p\u00e5 resv\u00e4gar &#8211; <a href=\"https:\/\/www.zigzagonearth.com\/one-week-mallorca-itinerary\/\" target=\"_blank\" rel=\"noopener\">l\u00e4s artikeln<\/a><\/li>\n\n\n\n<li>12 dolda p\u00e4rlor p\u00e5 Mallorca, utanf\u00f6r allfarv\u00e4garna &#8211; <a style=\"outline: none;\" href=\"https:\/\/www.zigzagonearth.com\/secret-places-mallorca-hidden-gems\/\" target=\"_blank\" rel=\"noopener\">l\u00e4s artikeln<\/a><\/li>\n\n\n\n<li>21 vackraste vyerna p\u00e5 Mallorca &#8211; <a style=\"outline: none;\" href=\"https:\/\/www.zigzagonearth.com\/sv\/basta-utsikterna-mallorca-utsiktspunkter\/\" target=\"_blank\" rel=\"noopener\">l\u00e4s artikeln<\/a><\/li>\n\n\n\n<li>Restips f\u00f6r Mallorca &#8211; <a style=\"outline: none;\" href=\"https:\/\/www.zigzagonearth.com\/road-trip-mallorca-travel-guide\/\" target=\"_blank\" rel=\"noopener\">l\u00e4s artikeln<\/a><\/li>\n\n\n\n<li>K\u00f6rning p\u00e5 Mallorca &#8211; <a style=\"outline: none;\" href=\"https:\/\/www.zigzagonearth.com\/driving-mallorca-tips\/\" target=\"_blank\" rel=\"noopener\">l\u00e4s artikeln<\/a><\/li>\n\n\n\n<li>21 vackraste st\u00e4der och byar p\u00e5 Mallorca &#8211; <a href=\"https:\/\/www.zigzagonearth.com\/sv\/basta-byar-mallorca-stader\/\" target=\"_blank\" rel=\"noopener\">l\u00e4s artikeln<\/a><\/li>\n\n\n\n<li>Den unika Sa Calobra &#8211; v\u00e4g, strand, tips &#8211; <a href=\"https:\/\/www.zigzagonearth.com\/sa-calobra-mallorca\/\" target=\"_blank\" rel=\"noopener\">l\u00e4s artikel<\/a><\/li>\n\n\n\n<li>Cap de Formentor (v\u00e4g, strand, fyr&#8230;) &#8211; <a href=\"https:\/\/www.zigzagonearth.com\/cap-formentor-mallorca\/\" target=\"_blank\" rel=\"noopener\">l\u00e4s artikel<\/a><\/li>\n<\/ul>\n\n<p><strong>Planerar du en resa till Mallorca?<\/strong><\/p>\n\n<p>Kolla in min reseguide f\u00f6r att f\u00e5 hj\u00e4lp med planeringen:<\/p>\n\n<div style=\"margin-top:8%;margin-bottom:8%\" class=\"wp-block-genesis-blocks-gb-container box_ebook gb-block-container\"><div class=\"gb-container-inside\"><div class=\"gb-container-content\">\n<h5 class=\"wp-block-heading box_titre_ebook\">Planera din dr\u00f6mresa till <strong>Mallorca<\/strong> med hj\u00e4lp av min guide (endast p\u00e5 engelska):<\/h5>\n\n\n\n<div class=\"wp-block-columns box_colonnes_ebook is-layout-flex wp-container-core-columns-is-layout-9d6595d7 wp-block-columns-is-layout-flex\">\n<div class=\"wp-block-column is-layout-flow wp-block-column-is-layout-flow\">\n<figure class=\"wp-block-image size-large img_ebook\"><a href=\"https:\/\/www.zigzagonearth.com\/photograph-mallorca-travel-guide\/\"><img decoding=\"async\" src=\"https:\/\/www.zigzagonearth.com\/wp-content\/uploads\/2021\/11\/Travel-Guide-Mallorca-ebook-cover-S2.jpg\" alt=\"eBook Reseguide Mallorca\"\/><\/a><\/figure>\n<\/div>\n\n\n\n<div class=\"wp-block-column is-layout-flow wp-block-column-is-layout-flow\">\n<ul class=\"box_liste wp-block-list\" style=\"font-size:16px\">\n<li>8 kartor f\u00f6r att enkelt planera din resv\u00e4g<\/li>\n\n\n\n<li>140+ f\u00f6rvalda platser<\/li>\n\n\n\n<li>GPS + tips f\u00f6r att f\u00e5 ut mesta m\u00f6jliga av din tid<\/li>\n\n\n\n<li>Tips f\u00f6r planering<\/li>\n\n\n\n<li>270+ originalbilder som hj\u00e4lper dig att v\u00e4lja<\/li>\n<\/ul>\n\n\n\n<div class=\"wp-block-buttons box_colonne_bouton_ebook is-content-justification-left is-layout-flex wp-container-core-buttons-is-layout-fdcfc74e wp-block-buttons-is-layout-flex\">\n<div class=\"wp-block-button box_bouton box_bouton_ebook\"><a class=\"wp-block-button__link wp-element-button\" href=\"https:\/\/www.zigzagonearth.com\/photograph-mallorca-travel-guide\/\" target=\"_blank\" rel=\"noreferrer noopener\">Uppt\u00e4ck det! (endast p\u00e5 engelska)<span class=\"box_bouton_image\"><\/span><\/a><\/div>\n<\/div>\n<\/div>\n<\/div>\n<\/div><\/div><\/div>\n\n<p class=\"has-text-align-left\"><strong>Och h\u00e5ll koll p\u00e5 din egen resa!<\/strong><\/p>\n\n<figure class=\"wp-block-image\"><a href=\"https:\/\/www.amazon.com\/dp\/B09LY2SHWZ?&amp;linkCode=ll1&amp;tag=zigzagus-20&amp;linkId=83ab24501f03e2883ec6fa1a8d9655b8&amp;language=en_US&amp;ref_=as_li_ss_tl\" target=\"_blank\" rel=\"nofollow noopener\"><img decoding=\"async\" src=\"\/\/www.zigzagonearth.com\/wp-content\/uploads\/2021\/11\/Mallorca-travel-Journal.jpg\" alt=\"Mallorca resedagbok\" title=\"Mallorca resedagbok\"\/><\/a><\/figure>\n\n<p><strong>TIDIGARE:  <\/strong><\/p>\n\n<p class=\"has-text-align-left\"><strong><a style=\"outline: none;\" href=\"https:\/\/www.zigzagonearth.com\/cala-portals-vells-mallorca\/\" target=\"_blank\" rel=\"noopener\">Cala de Portals Vells &#8211; str\u00e4nder och grottor<\/a><\/strong><\/p>\n\n<p><strong>N\u00c4STA: <\/strong><\/p>\n\n<p class=\"has-text-align-left\"><strong><strong><a href=\"https:\/\/www.zigzagonearth.com\/best-things-do-palma-mallorca\/\" target=\"_blank\" rel=\"noopener\">40 b\u00e4sta sakerna att g\u00f6ra i Palma de Mallorca<\/a><\/strong><\/strong><\/p>\n\n<figure class=\"wp-block-image\"><a href=\"https:\/\/www.zigzagonearth.com\/mallorca-travel-guide-tips\/\" target=\"_blank\" rel=\"nofollow noopener\"><img decoding=\"async\" src=\"\/\/www.zigzagonearth.com\/wp-content\/uploads\/2021\/11\/Mallorca-Travel-Guide.jpg\" alt=\"Reseguide Mallorca\" title=\"Reseguide Mallorca\"\/><\/a><\/figure>\n\n<p class=\"has-text-align-left\"><strong>Inspirerad? Dela den p\u00e5 din favoritplattform!<\/strong><\/p>\n","protected":false},"excerpt":{"rendered":"<p>Uppt\u00e4ck den vackra stranden och staden Cala Pi p\u00e5 Mallorca.Nedan f\u00f6ljer min guide om plats, parkering, tillg\u00e5ng, saker att g\u00f6ra.Dessutom ber\u00e4ttar jag allt om vandringen i Cala Beltran f\u00f6r att n\u00e5 en fantastisk natursk\u00f6n vik och imponerande vyer. Varf\u00f6r bes\u00f6ka Cala Pi och vandra till Cala Beltran? \u00c4r Cala Pi v\u00e4rt ett bes\u00f6k? Ja, det [&hellip;]<\/p>\n","protected":false},"author":1,"featured_media":62527,"comment_status":"closed","ping_status":"closed","sticky":false,"template":"","format":"standard","meta":{"_genesis_hide_title":false,"_genesis_hide_breadcrumbs":false,"_genesis_hide_singular_image":false,"_genesis_hide_footer_widgets":false,"_genesis_custom_body_class":"","_genesis_custom_post_class":"","_genesis_layout":"full-width-content","footnotes":""},"categories":[881],"tags":[],"class_list":{"0":"post-69720","1":"post","2":"type-post","3":"status-publish","4":"format-standard","5":"has-post-thumbnail","7":"category-mallorca-sv","8":"entry"},"yoast_head":"<!-- This site is optimized with the Yoast SEO plugin v27.2 - https:\/\/yoast.com\/product\/yoast-seo-wordpress\/ -->\n<title>Cala Pi + Cala Beltran (Mallorca): strand, vandring ...<\/title>\n<meta name=\"description\" content=\"Komplett guide f\u00f6r att bes\u00f6ka Cala Pi strand och stad och vandra till Cala Beltran (Mallorca) - tips, foton, karta...\" \/>\n<meta name=\"robots\" content=\"index, follow, max-snippet:-1, max-image-preview:large, max-video-preview:-1\" \/>\n<link rel=\"canonical\" href=\"https:\/\/www.zigzagonearth.com\/sv\/cala-pi-beltran-mallorca\/\" \/>\n<meta property=\"og:locale\" content=\"sv_SE\" \/>\n<meta property=\"og:type\" content=\"article\" \/>\n<meta property=\"og:title\" content=\"Cala Pi + Cala Beltran (Mallorca): strand, vandring ...\" \/>\n<meta property=\"og:description\" content=\"Komplett guide f\u00f6r att bes\u00f6ka Cala Pi strand och stad och vandra till Cala Beltran (Mallorca) - tips, foton, karta...\" \/>\n<meta property=\"og:url\" content=\"https:\/\/www.zigzagonearth.com\/sv\/cala-pi-beltran-mallorca\/\" \/>\n<meta property=\"og:site_name\" content=\"ZigZagonEarth\" \/>\n<meta property=\"article:publisher\" content=\"https:\/\/www.facebook.com\/zigzagonearth\" \/>\n<meta property=\"article:author\" content=\"https:\/\/www.facebook.com\/zigzagonearth\" \/>\n<meta property=\"article:published_time\" content=\"2022-06-18T08:11:52+00:00\" \/>\n<meta property=\"article:modified_time\" content=\"2023-11-03T14:45:37+00:00\" \/>\n<meta property=\"og:image\" content=\"http:\/\/www.zigzagonearth.com\/wp-content\/uploads\/2022\/02\/FB-Cala-Pi-Cala-Beltran-Mallorca.jpg\" \/>\n<meta name=\"author\" content=\"Claire\" \/>\n<meta name=\"twitter:card\" content=\"summary_large_image\" \/>\n<meta name=\"twitter:creator\" content=\"@ZigZagOnEarth\" \/>\n<meta name=\"twitter:site\" content=\"@ZigZagOnEarth\" \/>\n<meta name=\"twitter:label1\" content=\"Skriven av\" \/>\n\t<meta name=\"twitter:data1\" content=\"Claire\" \/>\n\t<meta name=\"twitter:label2\" content=\"Ber\u00e4knad l\u00e4stid\" \/>\n\t<meta name=\"twitter:data2\" content=\"9 minuter\" \/>\n<script type=\"application\/ld+json\" class=\"yoast-schema-graph\">{\"@context\":\"https:\/\/schema.org\",\"@graph\":[{\"@type\":\"Article\",\"@id\":\"https:\/\/www.zigzagonearth.com\/sv\/cala-pi-beltran-mallorca\/#article\",\"isPartOf\":{\"@id\":\"https:\/\/www.zigzagonearth.com\/sv\/cala-pi-beltran-mallorca\/\"},\"author\":{\"name\":\"Claire\",\"@id\":\"https:\/\/www.zigzagonearth.com\/sv\/#\/schema\/person\/0498142e0cb256f21659d85ef6bca599\"},\"headline\":\"Cala Pi + Cala Beltran (Mallorca): strand, vandring &#8230;\",\"datePublished\":\"2022-06-18T08:11:52+00:00\",\"dateModified\":\"2023-11-03T14:45:37+00:00\",\"mainEntityOfPage\":{\"@id\":\"https:\/\/www.zigzagonearth.com\/sv\/cala-pi-beltran-mallorca\/\"},\"wordCount\":1873,\"image\":{\"@id\":\"https:\/\/www.zigzagonearth.com\/sv\/cala-pi-beltran-mallorca\/#primaryimage\"},\"thumbnailUrl\":\"https:\/\/www.zigzagonearth.com\/wp-content\/uploads\/2022\/02\/Cala-Pi-Cala-Beltran-Mallorca.jpg\",\"articleSection\":[\"Mallorca\"],\"inLanguage\":\"sv-SE\"},{\"@type\":\"WebPage\",\"@id\":\"https:\/\/www.zigzagonearth.com\/sv\/cala-pi-beltran-mallorca\/\",\"url\":\"https:\/\/www.zigzagonearth.com\/sv\/cala-pi-beltran-mallorca\/\",\"name\":\"Cala Pi + Cala Beltran (Mallorca): strand, vandring ...\",\"isPartOf\":{\"@id\":\"https:\/\/www.zigzagonearth.com\/sv\/#website\"},\"primaryImageOfPage\":{\"@id\":\"https:\/\/www.zigzagonearth.com\/sv\/cala-pi-beltran-mallorca\/#primaryimage\"},\"image\":{\"@id\":\"https:\/\/www.zigzagonearth.com\/sv\/cala-pi-beltran-mallorca\/#primaryimage\"},\"thumbnailUrl\":\"https:\/\/www.zigzagonearth.com\/wp-content\/uploads\/2022\/02\/Cala-Pi-Cala-Beltran-Mallorca.jpg\",\"datePublished\":\"2022-06-18T08:11:52+00:00\",\"dateModified\":\"2023-11-03T14:45:37+00:00\",\"author\":{\"@id\":\"https:\/\/www.zigzagonearth.com\/sv\/#\/schema\/person\/0498142e0cb256f21659d85ef6bca599\"},\"description\":\"Komplett guide f\u00f6r att bes\u00f6ka Cala Pi strand och stad och vandra till Cala Beltran (Mallorca) - tips, foton, karta...\",\"breadcrumb\":{\"@id\":\"https:\/\/www.zigzagonearth.com\/sv\/cala-pi-beltran-mallorca\/#breadcrumb\"},\"inLanguage\":\"sv-SE\",\"potentialAction\":[{\"@type\":\"ReadAction\",\"target\":[\"https:\/\/www.zigzagonearth.com\/sv\/cala-pi-beltran-mallorca\/\"]}]},{\"@type\":\"ImageObject\",\"inLanguage\":\"sv-SE\",\"@id\":\"https:\/\/www.zigzagonearth.com\/sv\/cala-pi-beltran-mallorca\/#primaryimage\",\"url\":\"https:\/\/www.zigzagonearth.com\/wp-content\/uploads\/2022\/02\/Cala-Pi-Cala-Beltran-Mallorca.jpg\",\"contentUrl\":\"https:\/\/www.zigzagonearth.com\/wp-content\/uploads\/2022\/02\/Cala-Pi-Cala-Beltran-Mallorca.jpg\",\"width\":250,\"height\":250},{\"@type\":\"BreadcrumbList\",\"@id\":\"https:\/\/www.zigzagonearth.com\/sv\/cala-pi-beltran-mallorca\/#breadcrumb\",\"itemListElement\":[{\"@type\":\"ListItem\",\"position\":1,\"name\":\"Home\",\"item\":\"https:\/\/www.zigzagonearth.com\/sv\/\"},{\"@type\":\"ListItem\",\"position\":2,\"name\":\"Cala Pi + Cala Beltran (Mallorca): strand, vandring &#8230;\"}]},{\"@type\":\"WebSite\",\"@id\":\"https:\/\/www.zigzagonearth.com\/sv\/#website\",\"url\":\"https:\/\/www.zigzagonearth.com\/sv\/\",\"name\":\"ZigZagonEarth\",\"description\":\"Plan unforgettable road trips!\",\"potentialAction\":[{\"@type\":\"SearchAction\",\"target\":{\"@type\":\"EntryPoint\",\"urlTemplate\":\"https:\/\/www.zigzagonearth.com\/sv\/?s={search_term_string}\"},\"query-input\":{\"@type\":\"PropertyValueSpecification\",\"valueRequired\":true,\"valueName\":\"search_term_string\"}}],\"inLanguage\":\"sv-SE\"},{\"@type\":\"Person\",\"@id\":\"https:\/\/www.zigzagonearth.com\/sv\/#\/schema\/person\/0498142e0cb256f21659d85ef6bca599\",\"name\":\"Claire\",\"image\":{\"@type\":\"ImageObject\",\"inLanguage\":\"sv-SE\",\"@id\":\"https:\/\/secure.gravatar.com\/avatar\/7a2d4fe6757ab43d35e1680834ada7bf24e3ceccf01b37a8d65bfb7e69ce6271?s=96&d=blank&r=g\",\"url\":\"https:\/\/secure.gravatar.com\/avatar\/7a2d4fe6757ab43d35e1680834ada7bf24e3ceccf01b37a8d65bfb7e69ce6271?s=96&d=blank&r=g\",\"contentUrl\":\"https:\/\/secure.gravatar.com\/avatar\/7a2d4fe6757ab43d35e1680834ada7bf24e3ceccf01b37a8d65bfb7e69ce6271?s=96&d=blank&r=g\",\"caption\":\"Claire\"},\"description\":\"Claire is the ultimate Travel Planning Geek - She can spend hours, weeks, months... researching for a trip. She created ZigZag On Earth to help people plan their own travels and make the most of their time.\",\"sameAs\":[\"https:\/\/www.facebook.com\/zigzagonearth\"]}]}<\/script>\n<!-- \/ Yoast SEO plugin. -->","yoast_head_json":{"title":"Cala Pi + Cala Beltran (Mallorca): strand, vandring ...","description":"Komplett guide f\u00f6r att bes\u00f6ka Cala Pi strand och stad och vandra till Cala Beltran (Mallorca) - tips, foton, karta...","robots":{"index":"index","follow":"follow","max-snippet":"max-snippet:-1","max-image-preview":"max-image-preview:large","max-video-preview":"max-video-preview:-1"},"canonical":"https:\/\/www.zigzagonearth.com\/sv\/cala-pi-beltran-mallorca\/","og_locale":"sv_SE","og_type":"article","og_title":"Cala Pi + Cala Beltran (Mallorca): strand, vandring ...","og_description":"Komplett guide f\u00f6r att bes\u00f6ka Cala Pi strand och stad och vandra till Cala Beltran (Mallorca) - tips, foton, karta...","og_url":"https:\/\/www.zigzagonearth.com\/sv\/cala-pi-beltran-mallorca\/","og_site_name":"ZigZagonEarth","article_publisher":"https:\/\/www.facebook.com\/zigzagonearth","article_author":"https:\/\/www.facebook.com\/zigzagonearth","article_published_time":"2022-06-18T08:11:52+00:00","article_modified_time":"2023-11-03T14:45:37+00:00","og_image":[{"url":"http:\/\/www.zigzagonearth.com\/wp-content\/uploads\/2022\/02\/FB-Cala-Pi-Cala-Beltran-Mallorca.jpg","type":"","width":"","height":""}],"author":"Claire","twitter_card":"summary_large_image","twitter_creator":"@ZigZagOnEarth","twitter_site":"@ZigZagOnEarth","twitter_misc":{"Skriven av":"Claire","Ber\u00e4knad l\u00e4stid":"9 minuter"},"schema":{"@context":"https:\/\/schema.org","@graph":[{"@type":"Article","@id":"https:\/\/www.zigzagonearth.com\/sv\/cala-pi-beltran-mallorca\/#article","isPartOf":{"@id":"https:\/\/www.zigzagonearth.com\/sv\/cala-pi-beltran-mallorca\/"},"author":{"name":"Claire","@id":"https:\/\/www.zigzagonearth.com\/sv\/#\/schema\/person\/0498142e0cb256f21659d85ef6bca599"},"headline":"Cala Pi + Cala Beltran (Mallorca): strand, vandring &#8230;","datePublished":"2022-06-18T08:11:52+00:00","dateModified":"2023-11-03T14:45:37+00:00","mainEntityOfPage":{"@id":"https:\/\/www.zigzagonearth.com\/sv\/cala-pi-beltran-mallorca\/"},"wordCount":1873,"image":{"@id":"https:\/\/www.zigzagonearth.com\/sv\/cala-pi-beltran-mallorca\/#primaryimage"},"thumbnailUrl":"https:\/\/www.zigzagonearth.com\/wp-content\/uploads\/2022\/02\/Cala-Pi-Cala-Beltran-Mallorca.jpg","articleSection":["Mallorca"],"inLanguage":"sv-SE"},{"@type":"WebPage","@id":"https:\/\/www.zigzagonearth.com\/sv\/cala-pi-beltran-mallorca\/","url":"https:\/\/www.zigzagonearth.com\/sv\/cala-pi-beltran-mallorca\/","name":"Cala Pi + Cala Beltran (Mallorca): strand, vandring ...","isPartOf":{"@id":"https:\/\/www.zigzagonearth.com\/sv\/#website"},"primaryImageOfPage":{"@id":"https:\/\/www.zigzagonearth.com\/sv\/cala-pi-beltran-mallorca\/#primaryimage"},"image":{"@id":"https:\/\/www.zigzagonearth.com\/sv\/cala-pi-beltran-mallorca\/#primaryimage"},"thumbnailUrl":"https:\/\/www.zigzagonearth.com\/wp-content\/uploads\/2022\/02\/Cala-Pi-Cala-Beltran-Mallorca.jpg","datePublished":"2022-06-18T08:11:52+00:00","dateModified":"2023-11-03T14:45:37+00:00","author":{"@id":"https:\/\/www.zigzagonearth.com\/sv\/#\/schema\/person\/0498142e0cb256f21659d85ef6bca599"},"description":"Komplett guide f\u00f6r att bes\u00f6ka Cala Pi strand och stad och vandra till Cala Beltran (Mallorca) - tips, foton, karta...","breadcrumb":{"@id":"https:\/\/www.zigzagonearth.com\/sv\/cala-pi-beltran-mallorca\/#breadcrumb"},"inLanguage":"sv-SE","potentialAction":[{"@type":"ReadAction","target":["https:\/\/www.zigzagonearth.com\/sv\/cala-pi-beltran-mallorca\/"]}]},{"@type":"ImageObject","inLanguage":"sv-SE","@id":"https:\/\/www.zigzagonearth.com\/sv\/cala-pi-beltran-mallorca\/#primaryimage","url":"https:\/\/www.zigzagonearth.com\/wp-content\/uploads\/2022\/02\/Cala-Pi-Cala-Beltran-Mallorca.jpg","contentUrl":"https:\/\/www.zigzagonearth.com\/wp-content\/uploads\/2022\/02\/Cala-Pi-Cala-Beltran-Mallorca.jpg","width":250,"height":250},{"@type":"BreadcrumbList","@id":"https:\/\/www.zigzagonearth.com\/sv\/cala-pi-beltran-mallorca\/#breadcrumb","itemListElement":[{"@type":"ListItem","position":1,"name":"Home","item":"https:\/\/www.zigzagonearth.com\/sv\/"},{"@type":"ListItem","position":2,"name":"Cala Pi + Cala Beltran (Mallorca): strand, vandring &#8230;"}]},{"@type":"WebSite","@id":"https:\/\/www.zigzagonearth.com\/sv\/#website","url":"https:\/\/www.zigzagonearth.com\/sv\/","name":"ZigZagonEarth","description":"Plan unforgettable road trips!","potentialAction":[{"@type":"SearchAction","target":{"@type":"EntryPoint","urlTemplate":"https:\/\/www.zigzagonearth.com\/sv\/?s={search_term_string}"},"query-input":{"@type":"PropertyValueSpecification","valueRequired":true,"valueName":"search_term_string"}}],"inLanguage":"sv-SE"},{"@type":"Person","@id":"https:\/\/www.zigzagonearth.com\/sv\/#\/schema\/person\/0498142e0cb256f21659d85ef6bca599","name":"Claire","image":{"@type":"ImageObject","inLanguage":"sv-SE","@id":"https:\/\/secure.gravatar.com\/avatar\/7a2d4fe6757ab43d35e1680834ada7bf24e3ceccf01b37a8d65bfb7e69ce6271?s=96&d=blank&r=g","url":"https:\/\/secure.gravatar.com\/avatar\/7a2d4fe6757ab43d35e1680834ada7bf24e3ceccf01b37a8d65bfb7e69ce6271?s=96&d=blank&r=g","contentUrl":"https:\/\/secure.gravatar.com\/avatar\/7a2d4fe6757ab43d35e1680834ada7bf24e3ceccf01b37a8d65bfb7e69ce6271?s=96&d=blank&r=g","caption":"Claire"},"description":"Claire is the ultimate Travel Planning Geek - She can spend hours, weeks, months... researching for a trip. She created ZigZag On Earth to help people plan their own travels and make the most of their time.","sameAs":["https:\/\/www.facebook.com\/zigzagonearth"]}]}},"featured_image_src":"https:\/\/www.zigzagonearth.com\/wp-content\/uploads\/2022\/02\/Cala-Pi-Cala-Beltran-Mallorca.jpg","featured_image_src_square":"https:\/\/www.zigzagonearth.com\/wp-content\/uploads\/2022\/02\/Cala-Pi-Cala-Beltran-Mallorca.jpg","author_info":{"display_name":"Claire","author_link":"https:\/\/www.zigzagonearth.com\/sv\/author\/zzoe\/"},"_links":{"self":[{"href":"https:\/\/www.zigzagonearth.com\/sv\/wp-json\/wp\/v2\/posts\/69720","targetHints":{"allow":["GET"]}}],"collection":[{"href":"https:\/\/www.zigzagonearth.com\/sv\/wp-json\/wp\/v2\/posts"}],"about":[{"href":"https:\/\/www.zigzagonearth.com\/sv\/wp-json\/wp\/v2\/types\/post"}],"author":[{"embeddable":true,"href":"https:\/\/www.zigzagonearth.com\/sv\/wp-json\/wp\/v2\/users\/1"}],"replies":[{"embeddable":true,"href":"https:\/\/www.zigzagonearth.com\/sv\/wp-json\/wp\/v2\/comments?post=69720"}],"version-history":[{"count":0,"href":"https:\/\/www.zigzagonearth.com\/sv\/wp-json\/wp\/v2\/posts\/69720\/revisions"}],"wp:featuredmedia":[{"embeddable":true,"href":"https:\/\/www.zigzagonearth.com\/sv\/wp-json\/wp\/v2\/media\/62527"}],"wp:attachment":[{"href":"https:\/\/www.zigzagonearth.com\/sv\/wp-json\/wp\/v2\/media?parent=69720"}],"wp:term":[{"taxonomy":"category","embeddable":true,"href":"https:\/\/www.zigzagonearth.com\/sv\/wp-json\/wp\/v2\/categories?post=69720"},{"taxonomy":"post_tag","embeddable":true,"href":"https:\/\/www.zigzagonearth.com\/sv\/wp-json\/wp\/v2\/tags?post=69720"}],"curies":[{"name":"wp","href":"https:\/\/api.w.org\/{rel}","templated":true}]}}