{"id":69684,"date":"2021-12-08T10:38:43","date_gmt":"2021-12-08T09:38:43","guid":{"rendered":"https:\/\/www.zigzagonearth.com\/basta-calas-mallorca-vikar\/"},"modified":"2026-07-15T21:30:14","modified_gmt":"2026-07-15T19:30:14","slug":"basta-calas-mallorca-vikar","status":"publish","type":"post","link":"https:\/\/www.zigzagonearth.com\/sv\/basta-calas-mallorca-vikar\/","title":{"rendered":"10 b\u00e4sta calas p\u00e5 Mallorca (vikar)"},"content":{"rendered":"\n<p class=\"wp-block-paragraph\"><strong>Mallorca \u00e4r k\u00e4nt f\u00f6r sina vackra vikar som ligger dolda p\u00e5 kustlinjen och kallas &#8221;calas&#8221;.<\/strong><br\/><strong>Vissa \u00e4r smala och vilda, andra har vackra str\u00e4nder och faciliteter. Alla \u00e4r fantastiska med turkost vatten, vackra stenklippor och frodig vegetation. <\/strong><br\/><strong>Nedan f\u00f6ljer mitt urval av de 10 b\u00e4sta calas p\u00e5 Mallorca med karta, tips och foton.<\/strong><\/p>\n\n<div class=\"wp-block-columns is-layout-flex wp-container-core-columns-is-layout-8f761849 wp-block-columns-is-layout-flex\">\n<div class=\"wp-block-column is-layout-flow wp-block-column-is-layout-flow\"><div class=\"wp-block-image\">\n<figure class=\"aligncenter size-full is-resized\"><img decoding=\"async\" src=\"https:\/\/www.zigzagonearth.com\/wp-content\/uploads\/2023\/09\/Basta-calas-Mallorca.jpg\" alt=\"Mallorcas b&#xE4;sta badvikar Pin\" class=\"wp-image-15142\" style=\"width:300px;height:undefinedpx\"\/><\/figure>\n<\/div><\/div>\n\n\n\n<div class=\"wp-block-column is-layout-flow wp-block-column-is-layout-flow\"><\/div>\n<\/div>\n\n<h2 class=\"wp-block-heading\"><strong>Karta \u00f6ver 10 b\u00e4sta calas p\u00e5 Mallorca<\/strong><\/h2>\n\n<p class=\"wp-block-paragraph\">Nedan finns en karta som hj\u00e4lper dig att hitta de 10 vikarna som n\u00e4mns i den h\u00e4r artikeln:<\/p>\n\n<figure class=\"wp-block-image size-large\"><img decoding=\"async\" src=\"https:\/\/www.zigzagonearth.com\/wp-content\/uploads\/2021\/12\/most-beautiful-Calas-Mallorca-Map.jpg\" alt=\"Mallorcas vackraste calas - Karta\"\/><figcaption class=\"wp-element-caption\"><strong>Mallorcas vackraste calas &#8211; Karta<\/strong><\/figcaption><\/figure>\n\n<p class=\"wp-block-paragraph\">  <\/p>\n\n<h2 id=\"tab-con-2\" class=\"wp-block-heading\"><strong>1 \u2013 Calo des Moro \u2013 den vackraste viken p\u00e5 Mallorca<\/strong><\/h2>\n\n<figure class=\"wp-block-image size-large\"><img decoding=\"async\" src=\"https:\/\/photos.smugmug.com\/Travel\/Mallorca\/Calo-del-Moro-S-Almonia\/i-sNzBSv2\/2\/a4db59bc\/L\/Calo_Del_Moro_Mallorca-189283-L.jpg\" alt=\"Calo del Moro\"\/><figcaption class=\"wp-element-caption\"><strong>Calo del Moro<\/strong><\/figcaption><\/figure>\n\n<h3 class=\"wp-block-heading\"><strong>Varf\u00f6r jag \u00e4lskar det<\/strong><\/h3>\n\n<p class=\"wp-block-paragraph\">Calo des Moro \u00e4r en fantastisk p\u00e4rla som \u00e4r v\u00e4l v\u00e4rd besv\u00e4ret att ta sig dit.<br\/>Den r\u00e4knas ofta som en av Mallorcas vackraste str\u00e4nder. Stranden \u00e4r egentligen v\u00e4ldigt liten, men viken \u00e4r helt f\u00f6rtrollande.<br\/>Det b\u00e4sta \u00e4r att man kan se den fr\u00e5n m\u00e5nga olika vinklar n\u00e4r man vandrar l\u00e4ngs stigen runt viken och g\u00e5r ner till vattenkanten.<br\/>Jag \u00e4lskar: <\/p>\n\n<ul class=\"wp-block-list\">\n<li>F\u00e4rgen p\u00e5 vattnet<\/li>\n\n\n\n<li>Den lilla udden p\u00e5 havssidan<\/li>\n\n\n\n<li>Den perfekta storleken p\u00e5 viken, inte f\u00f6r bred, inte f\u00f6r smal,<\/li>\n\n\n\n<li>M\u00f6jlighet till snorkling l\u00e4ngs klipporna<\/li>\n\n\n\n<li>&#8230;<\/li>\n<\/ul>\n\n<p class=\"wp-block-paragraph\">Titta bara p\u00e5 bilderna ovan och nedan. Jag tror inte att n\u00e5gra fler ord \u00e4r n\u00f6dv\u00e4ndiga&#8230; Ett m\u00e5ste \u00e4ven med bara <a href=\"https:\/\/www.zigzagonearth.com\/sv\/en-vecka-mallorca-resplan\/\" target=\"_blank\" rel=\"noopener\">en vecka p\u00e5 Mallorca<\/a>.  <br\/><a style=\"outline: none;\" href=\"https:\/\/www.zigzagonearth.com\/sv\/calo-des-moro-mallorca-strand\/\" target=\"_blank\" rel=\"noopener\">L\u00e4s mer i min dedikerade artikel.<\/a><\/p>\n\n<figure class=\"wp-block-image\"><img decoding=\"async\" src=\"https:\/\/photos.smugmug.com\/Travel\/Mallorca\/Calo-del-Moro-S-Almonia\/i-RG7nVVX\/2\/a7533b65\/L\/Calo_Del_Moro_Mallorca-189253-L.jpg\" alt=\"Calo des Moro strand\" title=\"Calo des Moro strand\"\/><\/figure>\n\n<h3 class=\"wp-block-heading\"><strong>Praktisk information<\/strong><\/h3>\n\n<ul class=\"wp-block-list\">\n<li><strong>Med en strand?<\/strong><br\/>Ja, en liten sandstrand<\/li>\n\n\n\n<li><strong>Plats \/ Hur man tar sig dit \u2013<\/strong><br\/>Syd\u00f6stra kusten<br\/>N\u00e4ra byn Cala Llombards <br\/>Palma de Mallorca till Calo des Moro = 50 minuters bilresa<br\/>Alcudia till Calo des Moro = 1 timme och 20 minuters bilresa<\/li>\n\n\n\n<li><strong>Praktiska tips \u2013<\/strong><br\/>Det finns en stor, v\u00e4l skyltad parkeringsplats. F\u00f6rs\u00f6k inte k\u00f6ra n\u00e4rmare med bil, det finns inga andra parkeringsplatser.<br\/>Fr\u00e5n parkeringsplatsen \u00e4r det en 5\u201310 minuters promenad p\u00e5 plan mark genom ett bostadsomr\u00e5de.<br\/>Du kommer till tv\u00e5 vandringsleder: den f\u00f6rsta g\u00e5r direkt till Calo del Moro. Det \u00e4r en 10 minuters vandring i naturen som kr\u00e4ver bra vandringsskor.<br\/>Den andra leder nerf\u00f6r trappor till Cala S\u2019Almonia och andra vikar, och fr\u00e5n denna vik \u00e4r det en 5 minuters promenad till Calo del Moro (p\u00e5 v\u00e4nster sida).<br\/>Det h\u00e4r \u00e4r en mycket popul\u00e4r plats, och stranden \u00e4r v\u00e4ldigt liten: D\u00e4rf\u00f6r finns det under sommaren n\u00e5gon som reglerar tilltr\u00e4det till stranden. Och \u00e4ven under l\u00e5gs\u00e4song b\u00f6r du komma tidigt om du vill ha en plats att sl\u00e5 dig ner p\u00e5.   <\/li>\n\n\n\n<li><strong>Faciliteter \u2013<\/strong><br\/>Det finns absolut inga faciliteter vid stranden<\/li>\n\n\n\n<li><a href=\"https:\/\/www.booking.com\/searchresults.en.html?city=900059380&amp;nflt=review_score%253D90&amp;aid=1164282&amp;no_rooms=1&amp;group_adults=2&amp;label=ZZ_Mallorca\" target=\"_blank\" rel=\"noreferrer noopener sponsored nofollow\">Se de b\u00e4sta erbjudandena p\u00e5 boende i Cala Llombards<\/a><\/li>\n<\/ul>\n\n<div class=\"wp-block-genesis-blocks-gb-container gb-block-container\" style=\"background-color:#ecd6da;padding-left:3%;padding-right:3%;padding-bottom:3%;padding-top:3%;margin-top:8%;margin-bottom:8%\"><div class=\"gb-container-inside\"><div class=\"gb-container-content\">\n<div class=\"wp-block-columns box_colonne is-layout-flex wp-container-core-columns-is-layout-8f761849 wp-block-columns-is-layout-flex\">\n<div class=\"wp-block-column colonne is-layout-flow wp-block-column-is-layout-flow\" style=\"flex-basis:66.6%\">\n<h5 class=\"wp-block-heading box_titre\"><strong>Beh\u00f6ver du hyra bil p\u00e5 Mallorca?<\/strong><\/h5>\n\n\n\n<p class=\"box_intro wp-block-paragraph\">Mina tips:<\/p>\n\n\n\n<ul style=\"font-size:16px\" class=\"wp-block-list box_liste\">\n<li>J\u00e4mf\u00f6r priser p\u00e5 min favoritplattform: <a href=\"https:\/\/www.discovercars.com\/se\/spain-balearic-islands\/mallorca?a_aid=zigzag&amp;chan=ZZ_Mallorca\" target=\"_blank\" rel=\"noreferrer noopener sponsored nofollow\">\n  <span style=\"text-decoration: underline;\">Discovercars.com<\/span>\n<\/a> &#8211; en av de b\u00e4st rankade j\u00e4mf\u00f6relsesajterna!<\/li>\n\n\n\n<li>V\u00e4lj inte en f\u00f6r stor bil, eftersom vissa v\u00e4gar \u00e4r mycket smala<\/li>\n\n\n\n<li>T\u00e4nk p\u00e5 deras full t\u00e4ckning alternativ &#8211; det f\u00f6r sinnesfrid!  <\/li>\n\n\n\n<li><span style=\"text-decoration: underline;\">Boka tidigt<\/span> f\u00f6r att ha ett stort urval av fordon!<\/li>\n<\/ul>\n\n\n\n<div class=\"wp-block-columns box_barre_boutons is-layout-flex wp-container-core-columns-is-layout-8f761849 wp-block-columns-is-layout-flex\">\n<div class=\"wp-block-column is-vertically-aligned-center box_col_conseil is-layout-flow wp-block-column-is-layout-flow\">\n<p class=\"box_lien wp-block-paragraph\"><a href=\"https:\/\/www.zigzagonearth.com\/sv\/hur-hyr-bil-mallorca-tips\/\" target=\"_blank\" rel=\"noreferrer noopener\">Se alla mina tips<\/a><\/p>\n<\/div>\n\n\n\n<div class=\"wp-block-column box_col_bouton is-layout-flow wp-block-column-is-layout-flow\">\n<div class=\"wp-block-buttons box_bouton is-content-justification-left is-layout-flex wp-container-core-buttons-is-layout-63375db1 wp-block-buttons-is-layout-flex\">\n<div class=\"wp-block-button box_bouton\"><a class=\"wp-block-button__link wp-element-button\" href=\"https:\/\/www.discovercars.com\/se\/spain-balearic-islands\/mallorca?a_aid=zigzag&amp;chan=ZZ_Mallorca\" target=\"_blank\" rel=\"noreferrer noopener\">Se tillg\u00e4ngliga bilar  <span class=\"box_bouton_image\"><img decoding=\"async\" style=\"width: 14px; height:14px;  \" src=\"https:\/\/www.zigzagonearth.com\/wp-content\/uploads\/2023\/08\/fleche.png\" alt=\"\"\/><\/span><\/a><\/div>\n<\/div>\n<\/div>\n<\/div>\n<\/div>\n\n\n\n<div class=\"wp-block-column colonne box_cafe_img is-layout-flow wp-block-column-is-layout-flow\" style=\"flex-basis:33.33%\">\n<figure class=\"wp-block-image size-large is-resized\"><img loading=\"lazy\" decoding=\"async\" width=\"1024\" height=\"1024\" src=\"https:\/\/www.zigzagonearth.com\/wp-content\/uploads\/2023\/08\/003world-travel-car-01-1024x1024.webp\" alt=\"\" class=\"wp-image-16227\" style=\"object-fit:cover;width:220px;height:220px\" srcset=\"https:\/\/www.zigzagonearth.com\/wp-content\/uploads\/2023\/08\/003world-travel-car-01-1024x1024.webp 1024w, https:\/\/www.zigzagonearth.com\/wp-content\/uploads\/2023\/08\/003world-travel-car-01-300x300.webp 300w, https:\/\/www.zigzagonearth.com\/wp-content\/uploads\/2023\/08\/003world-travel-car-01-150x150.webp 150w, https:\/\/www.zigzagonearth.com\/wp-content\/uploads\/2023\/08\/003world-travel-car-01-768x768.webp 768w, https:\/\/www.zigzagonearth.com\/wp-content\/uploads\/2023\/08\/003world-travel-car-01-1536x1536.webp 1536w, https:\/\/www.zigzagonearth.com\/wp-content\/uploads\/2023\/08\/003world-travel-car-01-2048x2048.webp 2048w, https:\/\/www.zigzagonearth.com\/wp-content\/uploads\/2023\/08\/003world-travel-car-01-100x100.webp 100w, https:\/\/www.zigzagonearth.com\/wp-content\/uploads\/2023\/08\/003world-travel-car-01-600x600.webp 600w\" sizes=\"auto, (max-width: 1024px) 100vw, 1024px\" \/><\/figure>\n<\/div>\n<\/div>\n<\/div><\/div><\/div>\n\n<h2 id=\"tab-con-3\" class=\"wp-block-heading\"><strong>2 \u2013 Cala Beltran \u2013 den b\u00e4sta calan p\u00e5 Mallorca<\/strong><\/h2>\n\n<figure class=\"wp-block-image\"><img decoding=\"async\" src=\"https:\/\/photos.smugmug.com\/Travel\/Mallorca\/Cala-Beltran\/i-DrFqnvM\/2\/3fcc7215\/L\/Cala_Beltran_Mallorca-168217-L.jpg\" alt=\"Cala Beltran\" title=\"Cala Beltran\"\/><\/figure>\n\n<h3 class=\"wp-block-heading\"><strong>Varf\u00f6r jag \u00e4lskar det<\/strong><\/h3>\n\n<p class=\"wp-block-paragraph\">Cala Beltran \u00e4r den b\u00e4sta or\u00f6rda viken p\u00e5 Mallorca, en av <a href=\"https:\/\/www.zigzagonearth.com\/sv\/mallorca-gomda-parlor-hemliga-platser\/\" target=\"_blank\" rel=\"noopener\">\u00f6ns dolda p\u00e4rlor<\/a>.<br\/>Man \u00e5ker inte hit f\u00f6r att ligga p\u00e5 stranden. <br\/>Vattenv\u00e4gen \u00e4r l\u00e5ng, smal och slingrande. Den ser ut som en vattenorm i landskapet.<br\/>F\u00e4rgerna \u00e4r vackra, med turkosbl\u00e5tt vatten, klippor i nyanser fr\u00e5n vitt till orange och livfulla gr\u00f6na tr\u00e4d.<br\/>Dessutom erbjuder vandringen fr\u00e5n Cala Pi till Cala Beltran fantastiska utsikter \u00f6ver b\u00e5de vikarnas mynningar och sj\u00e4lva vikarna. <\/p>\n\n<figure class=\"wp-block-image\"><img decoding=\"async\" src=\"https:\/\/photos.smugmug.com\/Travel\/Mallorca\/Cala-Beltran\/i-s45cvQ7\/2\/243314e7\/L\/Cala_Beltran_Mallorca-168198-L.jpg\" alt=\"Cala Beltran 2\" title=\"Cala Beltran 2\"\/><\/figure>\n\n<h3 class=\"wp-block-heading\"><strong>Praktisk information<\/strong><\/h3>\n\n<ul class=\"wp-block-list\">\n<li><strong><strong>Med en strand?<\/strong><\/strong><br\/>Ingen strand<\/li>\n\n\n\n<li><strong>Plats \/ Hur man tar sig dit \u2013<\/strong><br\/>Sydkusten n\u00e4ra Cala Pi (vandring fr\u00e5n Cala Pi)<br\/>Palma de Mallorca till Cala Pi = 40 minuters bilresa<br\/>Alcudia till Cala Pi = 1 timme och 20 minuters bilresa<\/li>\n\n\n\n<li><strong>Praktiska tips \u2013<\/strong><br\/>20 minuters vandring fr\u00e5n Cala Pi till Cala Beltran.<br\/>Vandringen b\u00f6rjar bakom fiskarstugorna.<br\/>De f\u00f6rsta 5 minuterna g\u00e5r det uppf\u00f6r \u00f6ver stora stenar, men sedan blir stigen l\u00e4ttare n\u00e4r man v\u00e4l kommit upp p\u00e5 klippkanten<a href=\"https:\/\/www.zigzagonearth.com\/sv\/cala-pi-beltran-mallorca\/\" target=\"_blank\" rel=\"noopener\">.<br\/>L\u00e4s mer<\/a><\/li>\n\n\n\n<li><strong>Faciliteter \u2013<\/strong><br\/>Inga faciliteter<\/li>\n\n\n\n<li><a href=\"https:\/\/www.booking.com\/searchresults.en.html?city=900039425&amp;nflt=review_score%253D90&amp;aid=1164282&amp;no_rooms=1&amp;group_adults=2&amp;label=ZZ_Mallorca\" target=\"_blank\" rel=\"noreferrer noopener sponsored nofollow\">Se de b\u00e4sta erbjudandena p\u00e5 boende i Cala Pi<\/a><\/li>\n<\/ul>\n\n<h2 id=\"tab-con-4\" class=\"wp-block-heading\"><strong>3 \u2013 Cala Pi \u2013 perfekt f\u00f6r bad<\/strong><\/h2>\n\n<figure class=\"wp-block-image\"><img decoding=\"async\" src=\"https:\/\/photos.smugmug.com\/Travel\/Mallorca\/13b-Cala-Pi\/i-5c4TMcg\/2\/4139d5aa\/L\/Cala_Pi_Mallorca-168145-L.jpg\" alt=\"Cala Pi strand\" title=\"Cala Pi strand\"\/><\/figure>\n\n<h3 class=\"wp-block-heading\"><strong>Varf\u00f6r jag \u00e4lskar det<\/strong><\/h3>\n\n<p class=\"wp-block-paragraph\">Cala Pi \u00e4r en av de vackraste vikarna p\u00e5 \u00f6n. <br\/>Den \u00e4r l\u00e5ng och smal, med h\u00f6ga klippor. Det \u00e4r ett omr\u00e5de med turistboenden, men tack vare klippornas h\u00f6jd k\u00e4nner man sig inte omgiven av byggnader.<br\/>De omgivande klipporna \u00e4r t\u00e4ckta av frodig vegetation best\u00e5ende av tallar och enar.<br\/>Och det \u00e4r utg\u00e5ngspunkten f\u00f6r en fantastisk kort vandring till Cala Beltran (se f\u00f6reg\u00e5ende cala). En fantastisk \u201dtv\u00e5-i-ett\u201d-upplevelse.<br\/>Fr\u00e5n vandringsleden kan man blicka tillbaka och beundra Cala Pi uppifr\u00e5n, som p\u00e5 bilden nedan.<br\/>Denna vik ligger vid slutet av Torrent de Cala Pi. Detta \u00e4r en av de f\u00e5 vikarna d\u00e4r man tydligt ser den stig som floden har skurit ut.   <br\/><a href=\"https:\/\/www.zigzagonearth.com\/sv\/cala-pi-beltran-mallorca\/\" target=\"_blank\" rel=\"noopener\">Se fler foton<\/a><\/p>\n\n<figure class=\"wp-block-image\"><img decoding=\"async\" src=\"https:\/\/photos.smugmug.com\/Travel\/Mallorca\/13b-Cala-Pi\/i-smKpCBz\/2\/b04764db\/L\/Cala_Pi_Mallorca-168226-L.jpg\" alt=\"Cala Pi utsikt\" title=\"Cala Pi utsikt\"\/><\/figure>\n\n<h3 class=\"wp-block-heading\"><strong>Praktisk information<\/strong><\/h3>\n\n<ul class=\"wp-block-list\">\n<li><strong><strong>Med en strand?<\/strong><\/strong><br\/>Ja, sandstrand<\/li>\n\n\n\n<li><strong>Plats \/ Hur man tar sig dit \u2013<\/strong><br\/>Sydkusten<br\/>Byn Cala Pi<br\/>Palma de Mallorca till Cala Pi = 40 minuters bilresa<br\/>Alcudia till Cala Pi = 1 timme och 20 minuters bilresa<\/li>\n\n\n\n<li><strong>Praktiska tips \u2013<\/strong><br\/>146 trappsteg ner till stranden fr\u00e5n byn (som ligger h\u00f6gst upp p\u00e5 klipporna)<\/li>\n\n\n\n<li><strong>Faciliteter \u2013<\/strong><br\/>Restauranger h\u00f6gst upp i trappan<br\/>Precis som p\u00e5 de flesta vackra str\u00e4nder blir det v\u00e4ldigt fullt under dagen.<\/li>\n\n\n\n<li><a href=\"https:\/\/www.booking.com\/searchresults.en.html?city=900039425&amp;nflt=review_score%253D90&amp;aid=1164282&amp;no_rooms=1&amp;group_adults=2&amp;label=ZZ_Mallorca\" target=\"_blank\" rel=\"noreferrer noopener sponsored nofollow\">Se de b\u00e4sta erbjudandena p\u00e5 boende i Cala Pi<\/a><\/li>\n<\/ul>\n\n<div class=\"wp-block-genesis-blocks-gb-container gb-block-container\" style=\"background-color:#ecd6da;padding-left:3%;padding-right:3%;padding-bottom:3%;padding-top:3%;margin-top:8%;margin-bottom:8%\"><div class=\"gb-container-inside\"><div class=\"gb-container-content\">\n<h5 class=\"wp-block-heading box_titre_activite\">Var ska man bo p\u00e5 Mallorca?<\/h5>\n\n\n\n<div class=\"wp-block-columns box_colonne inverse is-layout-flex wp-container-core-columns-is-layout-8f761849 wp-block-columns-is-layout-flex\">\n<div class=\"wp-block-column colonne is-layout-flow wp-block-column-is-layout-flow\" style=\"flex-basis:75%\">\n<p class=\"box_intro wp-block-paragraph\">Mina favoriter:<\/p>\n\n\n\n<ul class=\"wp-block-list box_liste\">\n<li>Val av restauranger + huvudstad: <a href=\"https:\/\/www.booking.com\/searchresults.en.html?city=-395224&amp;nflt=review_score%253D90&amp;aid=1164282&amp;no_rooms=1&amp;group_adults=2&amp;label=mallorca\" target=\"_blank\" rel=\"noreferrer noopener\">se b\u00e4st rankade alternativ i Palma<\/a><\/li>\n\n\n\n<li>Strand + praktiskt l\u00e4ge f\u00f6r att utforska: <a href=\"https:\/\/www.booking.com\/searchresults.en.html?city=-381100&amp;nflt=review_score%253D90&amp;aid=1164282&amp;no_rooms=1&amp;group_adults=2&amp;label=mallorca\" target=\"_blank\" rel=\"noreferrer noopener\">se de mest uppskattade alternativen i Port d&#8217;Alcudia<\/a><\/li>\n\n\n\n<li>Partyomr\u00e5de &#8211; <a href=\"https:\/\/www.booking.com\/searchresults.en.html?city=-380228&amp;nflt=review_score%253D90&amp;aid=1164282&amp;no_rooms=1&amp;group_adults=2&amp;label=mallorca\" target=\"_blank\" rel=\"noreferrer noopener\">se b\u00e4st rankade alternativ i S&#8217;Arenal<\/a><\/li>\n\n\n\n<li>Lugnt i bergen &#8211; <a href=\"https:\/\/www.booking.com\/searchresults.en.html?city=-406234&amp;nflt=review_score%253D90&amp;aid=1164282&amp;no_rooms=1&amp;group_adults=2&amp;label=mallorca\" target=\"_blank\" rel=\"noreferrer noopener\">se de b\u00e4st rankade alternativen i Valldemossa<\/a><\/li>\n\n\n\n<li>Lugn, charmig plats vid havet &#8211; <a href=\"https:\/\/www.booking.com\/searchresults.en.html?city=900039215&amp;nflt=review_score%253D90&amp;aid=1164282&amp;no_rooms=1&amp;group_adults=2&amp;label=mallorca\" target=\"_blank\" rel=\"noreferrer noopener\">se b\u00e4st rankade alternativ i Canyamel<\/a><\/li>\n\n\n\n<li>Tillg\u00e5ng till de b\u00e4sta calas &#8211; <a href=\"https:\/\/www.booking.com\/searchresults.en.html?city=900039122&amp;nflt=review_score%253D90&amp;aid=1164282&amp;no_rooms=1&amp;group_adults=2&amp;label=mallorca\" target=\"_blank\" rel=\"noreferrer noopener\">se b\u00e4st rankade alternativ i Cala d&#8217;or<\/a><\/li>\n\n\n\n<li>Familjer &#8211; <a href=\"https:\/\/www.booking.com\/searchresults.en.html?city=-374964&amp;nflt=review_score%253D90&amp;aid=1164282&amp;no_rooms=1&amp;group_adults=2&amp;label=mallorca\" target=\"_blank\" rel=\"noreferrer noopener\">se de b\u00e4st rankade alternativen i Cala Millor<\/a> eller i <a href=\"https:\/\/www.booking.com\/searchresults.en.html?city=900039294&amp;nflt=review_score%253D90&amp;aid=1164282&amp;no_rooms=1&amp;group_adults=2&amp;label=mallorca\" target=\"_blank\" rel=\"noreferrer noopener\">Colonia Sant Jordi<\/a><\/li>\n<\/ul>\n\n\n\n<div class=\"wp-block-buttons box_bouton box_colonne_bouton_ebook box_barre_boutons is-content-justification-left is-layout-flex wp-container-core-buttons-is-layout-63375db1 wp-block-buttons-is-layout-flex\">\n<div class=\"wp-block-button box_bouton\"><a class=\"wp-block-button__link wp-element-button\" href=\"https:\/\/www.zigzagonearth.com\/sv\/var-ska-bo-mallorca-basta-omraden\/\" target=\"_blank\" rel=\"noreferrer noopener\">Se v\u00e5r artikel om var du kan bo  <span class=\"box_bouton_image\"><img decoding=\"async\" style=\"width: 14px; height:14px;  \" src=\"https:\/\/www.zigzagonearth.com\/wp-content\/uploads\/2023\/08\/fleche.png\" alt=\"\"\/><\/span><span class=\"box_bouton_image\"><\/span><\/a><\/div>\n<\/div>\n<\/div>\n\n\n\n<div class=\"wp-block-column is-vertically-aligned-top colonne box_activite_img is-layout-flow wp-block-column-is-layout-flow\" style=\"flex-basis:25%\">\n<figure class=\"wp-block-image size-large\"><img decoding=\"async\" src=\"https:\/\/photos.smugmug.com\/Travel\/Mallorca\/Hotels\/i-dgbp8xw\/1\/7e887566\/L\/PA147529-L.jpg\" alt=\"Finca p&#xE5; Mallorca\"\/><\/figure>\n<\/div>\n<\/div>\n<\/div><\/div><\/div>\n\n<h2 id=\"tab-con-5\" class=\"wp-block-heading\"><strong>4 \u2013 Cala d&#8217;Egos \u2013 en undang\u00f6md vik p\u00e5 Mallorca<\/strong><\/h2>\n\n<figure class=\"wp-block-image\"><img decoding=\"async\" src=\"https:\/\/photos.smugmug.com\/Travel\/Mallorca\/7i-Sant-Elm-Cala-Egos\/i-sndRWKt\/3\/2e5f2866\/L\/cala_Egos_Mallorca-105693-L.jpg\" alt=\"Vandring i Cala d'Egos\" title=\"Vandring i Cala d'Egos\"\/><\/figure>\n\n<h3 class=\"wp-block-heading\"><strong>Varf\u00f6r jag \u00e4lskar det<\/strong><\/h3>\n\n<p class=\"wp-block-paragraph\">Egos \u00e4r en avskild vik l\u00e4ngst ner vid klipporna l\u00e4ngs sydv\u00e4stkusten.<br\/>Det kr\u00e4ver en hel del anstr\u00e4ngning att ta sig dit och tillbaka. Men den anses vara en av \u00f6ns vackraste str\u00e4nder med sm\u00e5sten och turkosbl\u00e5tt vatten.<br\/>Och om du inte vill vandra ner kan du vandra en kort bit f\u00f6r att beundra den uppifr\u00e5n. <\/p>\n\n<figure class=\"wp-block-image\"><img decoding=\"async\" src=\"https:\/\/photos.smugmug.com\/Travel\/Mallorca\/7i-Sant-Elm-Cala-Egos\/i-WPdwb5n\/3\/9979e41d\/L\/cala_Egos_Mallorca-105691-L.jpg\" alt=\"Cala d'Egos strand\" title=\"Cala d'Egos strand\"\/><\/figure>\n\n<h3 class=\"wp-block-heading\"><strong>Praktisk information<\/strong><\/h3>\n\n<ul class=\"wp-block-list\">\n<li><strong><strong>Med en strand?<\/strong><\/strong><br\/>Ja<\/li>\n\n\n\n<li><strong>Plats \/ Hur man tar sig dit \u2013<\/strong><br\/>V\u00e4ster om Port d\u2019Andratx (\u00e4ven k\u00e4nt som Puerto de Andratx)<br\/>GPS-koordinater f\u00f6r vandringens startpunkt finns i min e-bok.<br\/>Fr\u00e5n Palma de Mallorca till startpunkten f\u00f6r vandringsleden till Cala d&#8217;Egos = 40 minuters bilresa<br\/>Fr\u00e5n Alcudia till startpunkten f\u00f6r vandringsleden till Cala d&#8217;Egos = 1 timme och 10 minuters bilresa<\/li>\n\n\n\n<li><strong>Praktiska tips \u2013<\/strong><br\/>Brant nedstigning p\u00e5 en stenig stig.<br\/>Inga tydliga v\u00e4gvisningar \u2013 anv\u00e4nd en av vandringsapparna online f\u00f6r att hitta r\u00e4tt (t.ex. Alltrails)<br\/>Inga skyltar som visar v\u00e4gen \u2013 M\u00f6jlig \u00e5tkomst fr\u00e5n stigar till v\u00e4nster och h\u00f6ger \u2013 hela rundan \u00e4r 5 km<br\/>Om du bara vill njuta av utsikten, b\u00f6rja vandringen och h\u00e5ll dig till v\u00e4nster. G\u00e5 i 10 till 15 minuter. <\/li>\n\n\n\n<li><strong>Faciliteter \u2013<\/strong><br\/>Inga<\/li>\n\n\n\n<li><a href=\"https:\/\/www.booking.com\/searchresults.en.html?city=-397845&amp;nflt=review_score%253D90&amp;aid=1164282&amp;no_rooms=1&amp;group_adults=2&amp;label=ZZ_Mallorca\" target=\"_blank\" rel=\"noreferrer noopener sponsored nofollow\">Se de b\u00e4sta erbjudandena p\u00e5 boende i Port d&#8217;Andratx<\/a> <\/li>\n\n\n\n<li><\/li>\n<\/ul>\n\n<h2 id=\"tab-con-6\" class=\"wp-block-heading\"><strong>5 \u2013 Cala Mondrago \u2013 en vik i naturparken<\/strong><\/h2>\n\n<figure class=\"wp-block-image\"><img decoding=\"async\" src=\"https:\/\/photos.smugmug.com\/Travel\/Mallorca\/12b-Mondrago-Natural-Park\/i-dh5Z4ts\/2\/06dfdfda\/L\/Cala_Mondrago_Nature_Park_Mallorca-157755-L.jpg\" alt=\"Cala Mondrago strand\" title=\"Cala Mondrago strand\"\/><\/figure>\n\n<h3 class=\"wp-block-heading\"><strong>Varf\u00f6r jag \u00e4lskar det<\/strong><\/h3>\n\n<p class=\"wp-block-paragraph\">Naturparken Mondrago \u00e4r k\u00e4nd f\u00f6r sina vita sandstr\u00e4nder, sitt turkosa vatten och sin skyddade natur.<br\/>Flera vandringsleder g\u00f6r det m\u00f6jligt f\u00f6r bes\u00f6karna att uppt\u00e4cka b\u00e5de l\u00e5nga och sm\u00e5 str\u00e4nder, samtidigt som de kan beundra utsikten \u00f6ver klipporna.<br\/>Platsen \u00e4r popul\u00e4r men k\u00e4nns \u00e4nd\u00e5 som en frisk fl\u00e4kt, omgiven enbart av natur.<br\/>Huvudstranden \u00e4r Cala de Mondrago. Denna strand \u00e4r n\u00e5got bredare \u00e4n de flesta andra som n\u00e4mns i denna artikel.<br\/>Vattnet \u00e4r kristallklart, och det finns m\u00e5nga vinklar fr\u00e5n vilka man kan beundra det. <br\/><a href=\"https:\/\/www.zigzagonearth.com\/sv\/naturparken-mondrago-mallorca\/\" target=\"_blank\" rel=\"noopener\">Se mer<\/a><\/p>\n\n<figure class=\"wp-block-image\"><img decoding=\"async\" src=\"https:\/\/photos.smugmug.com\/Travel\/Mallorca\/12b-Mondrago-Natural-Park\/i-sHGjL4F\/2\/58b0f9dd\/L\/hike_Mondrago_Nature_Park_Mallorca-157769-L.jpg\" alt=\"Cala Mondrago strand 2\" title=\"Cala Mondrago strand 2\"\/><\/figure>\n\n<h3 class=\"wp-block-heading\"><strong>Praktisk information<\/strong><\/h3>\n\n<ul class=\"wp-block-list\">\n<li><strong><strong>Med en strand?<\/strong><\/strong><br\/>Ja, sandstrand<\/li>\n\n\n\n<li><strong>L\u00e4ge \/ Hur man tar sig dit \u2013<\/strong><br\/>\u00d6stkusten<br\/>N\u00e4ra den popul\u00e4ra semesterorten Cala d&#8217;Or. Fr\u00e5n Palma de Mallorca till Mondrago naturpark = 55 minuters bilresa<br\/>Fr\u00e5n Alcudia till Mondrago naturpark = 1 timme och 20 minuters bilresa<\/li>\n\n\n\n<li><strong>Praktiska tips \u2013<\/strong><br\/>Det finns tv\u00e5 st\u00f6rre parkeringsplatser p\u00e5 vardera sidan av parken.<br\/>D\u00e4rifr\u00e5n \u00e4r det en kort promenad till str\u00e4nderna (mindre \u00e4n 10 minuter).<br\/>Jag rekommenderar vandringsled nr 2 runt en av uddarna.<\/li>\n\n\n\n<li><strong>Faciliteter \u2013<\/strong><br\/>Toaletter, restauranger.<\/li>\n\n\n\n<li><a href=\"https:\/\/www.booking.com\/searchresults.en.html?city=900039122&amp;nflt=review_score%253D90&amp;aid=1164282&amp;no_rooms=1&amp;group_adults=2&amp;label=ZZ_Mallorca\" target=\"_blank\" rel=\"noreferrer noopener sponsored nofollow\">Se de b\u00e4sta erbjudandena p\u00e5 boende i Cala d&#8217;Or<\/a><\/li>\n<\/ul>\n\n<div class=\"wp-block-genesis-blocks-gb-container gb-block-container\" style=\"background-color:#ecd6da;padding-left:3%;padding-right:3%;padding-bottom:3%;padding-top:3%;margin-top:8%;margin-bottom:8%\"><div class=\"gb-container-inside\"><div class=\"gb-container-content\">\n<h5 class=\"wp-block-heading box_titre_ebook\"><strong>Planera din dr\u00f6mresa till Mallorca med hj\u00e4lp av min guide!<\/strong><\/h5>\n\n\n\n<div class=\"wp-block-columns is-layout-flex wp-container-core-columns-is-layout-8f761849 wp-block-columns-is-layout-flex\">\n<div class=\"wp-block-column is-vertically-aligned-center is-layout-flow wp-block-column-is-layout-flow\"><div class=\"wp-block-image\">\n<figure class=\"aligncenter size-large\"><a href=\"https:\/\/www.zigzagonearth.com\/photograph-mallorca-travel-guide\/\"><img decoding=\"async\" src=\"https:\/\/www.zigzagonearth.com\/wp-content\/uploads\/2021\/11\/Travel-Guide-Mallorca-ebook-cover-S2.jpg\" alt=\"eBook Reseguide Mallorca\"\/><\/a><\/figure>\n<\/div><\/div>\n\n\n\n<div class=\"wp-block-column is-layout-flow wp-block-column-is-layout-flow\">\n<ul style=\"font-size:16px\" class=\"wp-block-list box_liste\">\n<li>8 kartor f\u00f6r att enkelt planera din resv\u00e4g<\/li>\n\n\n\n<li>140+ f\u00f6rvalda platser<\/li>\n\n\n\n<li>GPS + tips f\u00f6r att f\u00e5 ut mesta m\u00f6jliga av din tid<\/li>\n\n\n\n<li>Tips f\u00f6r planering<\/li>\n\n\n\n<li>270+ originalbilder som hj\u00e4lper dig att v\u00e4lja<\/li>\n<\/ul>\n\n\n\n<div class=\"wp-block-buttons box_colonne_bouton_ebook is-content-justification-center is-layout-flex wp-container-core-buttons-is-layout-fe48e5de wp-block-buttons-is-layout-flex\">\n<div class=\"wp-block-button box_bouton box_bouton_ebook\"><a class=\"wp-block-button__link wp-element-button\" href=\"https:\/\/www.zigzagonearth.com\/photograph-mallorca-travel-guide\/\" target=\"_blank\" rel=\"noreferrer noopener\">Uppt\u00e4ck det! (endast p\u00e5 engelska)<span class=\"box_bouton_image\"><\/span><\/a><\/div>\n<\/div>\n<\/div>\n<\/div>\n<\/div><\/div><\/div>\n\n<h2 id=\"tab-con-7\" class=\"wp-block-heading\"><strong>6 \u2013 Cala Sa Nau \u2013 en undang\u00f6md vik<\/strong><\/h2>\n\n<figure class=\"wp-block-image\"><img decoding=\"async\" src=\"https:\/\/photos.smugmug.com\/Travel\/Mallorca\/12g-Cala-Sa-Nau\/i-VB76Jd7\/2\/4e24a1b7\/L\/Cala_Sa_Nau_Mallorca-157963-L.jpg\" alt=\"Cala Sa Nau strand\" title=\"Cala Sa Nau strand\"\/><\/figure>\n\n<h3 class=\"wp-block-heading\"><strong>Varf\u00f6r jag \u00e4lskar det<\/strong><\/h3>\n\n<p class=\"wp-block-paragraph\">\u00c4nnu en l\u00e5ng och vacker vik.<br\/>Klipporna h\u00e4r \u00e4r v\u00e4ldigt orangef\u00e4rgade, vilket st\u00e5r i kontrast till vattnets f\u00e4rg.<br\/>Det \u00e4r 3 km l\u00e4ngs en mycket smal v\u00e4g f\u00f6r att ta sig dit, men sedan kan man ha kul p\u00e5 klipporna.<\/p>\n\n<figure class=\"wp-block-image\"><img decoding=\"async\" src=\"https:\/\/photos.smugmug.com\/Travel\/Mallorca\/12g-Cala-Sa-Nau\/i-VdbJcM2\/2\/26325e1f\/L\/Cala_Sa_Nau_Mallorca-157950-L.jpg\" alt=\"Cala Sa Nau klippor\" title=\"Cala Sa Nau klippor\"\/><\/figure>\n\n<h3 class=\"wp-block-heading\"><strong>Praktisk information<\/strong><\/h3>\n\n<ul class=\"wp-block-list\">\n<li><strong><strong>Med en strand?<\/strong><\/strong><br\/>Ja<\/li>\n\n\n\n<li><strong>Plats \/ Hur man tar sig dit \u2013<\/strong><br\/>\u00d6stkusten<br\/>Strax norr om Cala d&#8217;Or<br\/>Palma de Mallorca till Cala Sa Nau = 1 timmes bilresa<br\/>Alcudia till Cala Sa Nau = 1 timme och 10 minuters bilresa<\/li>\n\n\n\n<li><strong>Praktiska tips \u2013<\/strong><br\/>Begr\u00e4nsat antal parkeringsplatser och popul\u00e4r plats.<br\/>66 trappsteg ner till stranden<\/li>\n\n\n\n<li><strong>Faciliteter \u2013<\/strong><br\/>Toaletter, caf\u00e9, solstolar<\/li>\n\n\n\n<li><a href=\"https:\/\/www.booking.com\/searchresults.en.html?city=900039122&amp;nflt=review_score%253D90&amp;aid=1164282&amp;no_rooms=1&amp;group_adults=2&amp;label=ZZ_Mallorca\" target=\"_blank\" rel=\"noreferrer noopener sponsored nofollow\">Se de b\u00e4sta erbjudandena p\u00e5 boende i Cala d&#8217;Or<\/a><\/li>\n<\/ul>\n\n<h2 id=\"tab-con-8\" class=\"wp-block-heading\"><strong>7 \u2013 Cala Llombards \u2013 l\u00e4ttillg\u00e4ngligt och bra serviceutbud<\/strong><\/h2>\n\n<figure class=\"wp-block-image\"><img decoding=\"async\" src=\"https:\/\/photos.smugmug.com\/Travel\/Mallorca\/Cala-Llombards\/i-35949hZ\/2\/531d9656\/L\/Cala_Llombards_Mallorca-189342-L.jpg\" alt=\"Cala Llombards strand\" title=\"Cala Llombards strand\"\/><\/figure>\n\n<h3 class=\"wp-block-heading\"><strong>Varf\u00f6r jag \u00e4lskar det<\/strong><\/h3>\n\n<p class=\"wp-block-paragraph\">Till skillnad fr\u00e5n m\u00e5nga av de vikar som n\u00e4mns ovan \u00e4r den h\u00e4r v\u00e4ldigt l\u00e4tt att ta sig till \u2013 det \u00e4r bara en kort, platt promenad fr\u00e5n parkeringen.<br\/>Det syns inte s\u00e5 m\u00e5nga byggnader, vilket g\u00f6r upplevelsen \u00e4nnu trevligare.<br\/>Klipporna \u00e4r fantastiska med sina skarpa kanter och dolda grottor.<br\/>Dessutom kan man promenera l\u00e4ngs vattnet f\u00f6r att njuta av olika vyer.<\/p>\n\n<figure class=\"wp-block-image\"><img decoding=\"async\" src=\"https:\/\/photos.smugmug.com\/Travel\/Mallorca\/Cala-Llombards\/i-nFPTzhj\/2\/02cf2647\/L\/Cala_Llombards_Mallorca-189350-L.jpg\" alt=\"Cala Llombards klippor\" title=\"Cala Llombards klippor\"\/><\/figure>\n\n<h3 class=\"wp-block-heading\"><strong>Praktisk information<\/strong><\/h3>\n\n<ul class=\"wp-block-list\">\n<li><strong><strong>Med en strand?<\/strong><\/strong><br\/>Ja, sandstrand<\/li>\n\n\n\n<li><strong>Plats \/ Hur man tar sig dit \u2013<\/strong><br\/>Syd\u00f6stra kusten<br\/>N\u00e4ra byn Cala Llombards<br\/>Palma de Mallorca till Calo del Moro = 50 minuters bilresa<br\/>Alcudia till Calo del Moro = 1 timme och 20 minuters bilresa<\/li>\n\n\n\n<li><strong>Praktiska tips \u2013<\/strong><br\/>Enkel \u00e5tkomst fr\u00e5n parkeringen.<br\/>V\u00e4nder mot \u00f6ster.<br\/>Vackert och l\u00e4ttillg\u00e4ngligt inneb\u00e4r att det blir tr\u00e5ngt. Bes\u00f6k d\u00e4rf\u00f6r platsen tidigt. <\/li>\n\n\n\n<li><strong>Faciliteter \u2013<\/strong><br\/>Toaletter, duschar, restaurang<\/li>\n\n\n\n<li><a href=\"https:\/\/www.booking.com\/searchresults.en.html?city=900059380&amp;nflt=review_score%253D90&amp;aid=1164282&amp;no_rooms=1&amp;group_adults=2&amp;label=ZZ_Mallorca\" target=\"_blank\" rel=\"noreferrer noopener sponsored nofollow\">Se de b\u00e4sta erbjudandena p\u00e5 boende i Cala Llombards<\/a><\/li>\n<\/ul>\n\n<div class=\"wp-block-genesis-blocks-gb-container gb-block-container\" style=\"background-color:#f7dfdf;padding-left:1%;padding-right:1%;padding-bottom:1%;padding-top:1%\"><div class=\"gb-container-inside\"><div class=\"gb-container-content\">\n<div class=\"wp-block-columns is-layout-flex wp-container-core-columns-is-layout-8f761849 wp-block-columns-is-layout-flex\">\n<div class=\"wp-block-column is-vertically-aligned-center is-layout-flow wp-block-column-is-layout-flow\" style=\"flex-basis:33.33%\"><div class=\"wp-block-image\">\n<figure class=\"aligncenter size-thumbnail\"><img loading=\"lazy\" decoding=\"async\" width=\"150\" height=\"150\" src=\"https:\/\/www.zigzagonearth.com\/wp-content\/uploads\/2026\/03\/ZigZag-activities-150x150.png\" alt=\"ZigZag-aktiviteter\" class=\"wp-image-72250\" srcset=\"https:\/\/www.zigzagonearth.com\/wp-content\/uploads\/2026\/03\/ZigZag-activities-150x150.png 150w, https:\/\/www.zigzagonearth.com\/wp-content\/uploads\/2026\/03\/ZigZag-activities-300x300.png 300w, https:\/\/www.zigzagonearth.com\/wp-content\/uploads\/2026\/03\/ZigZag-activities-100x100.png 100w, https:\/\/www.zigzagonearth.com\/wp-content\/uploads\/2026\/03\/ZigZag-activities.png 400w\" sizes=\"auto, (max-width: 150px) 100vw, 150px\" \/><\/figure>\n<\/div><\/div>\n\n\n\n<div class=\"wp-block-column is-vertically-aligned-center is-layout-flow wp-block-column-is-layout-flow\" style=\"flex-basis:66.66%\">\n<p class=\"wp-block-paragraph\"><strong>Mina favoritaktiviteter p\u00e5 Mallorca<\/strong>:<\/p>\n\n\n\n<p class=\"wp-block-paragraph\"><\/p>\n\n\n\n<ul class=\"wp-block-list\">\n<li>Snorklingstur (kajak eller b\u00e5t) \u200b<br\/> \u2013 <a href=\"https:\/\/www.getyourguide.com\/majorque-l47?adults=1&amp;searchSource=7&amp;interestFilters=tc-57&amp;partner_id=R3GYW4V&amp;cmp=ZZOE\" target=\"_blank\" rel=\"noreferrer noopener sponsored nofollow\">se alternativ<\/a><\/li>\n\n\n\n<li>Matlagningskurser<br\/> \u2013 <a href=\"https:\/\/www.getyourguide.com\/majorque-l47\/cours-de-cuisine-tc107\/?partner_id=R3GYW4V&amp;cmp=ZZOE\" target=\"_blank\" rel=\"noreferrer noopener sponsored nofollow\">se olika alternativ<\/a><\/li>\n\n\n\n<li>Ving\u00e5rdar och provsmakningar<br\/> \u2013 <a href=\"https:\/\/www.getyourguide.com\/majorque-l47?adults=1&amp;searchSource=7&amp;interestFilters=tc-104&amp;partner_id=R3GYW4V&amp;cmp=ZZOE\" target=\"_blank\" rel=\"noreferrer noopener sponsored nofollow\">se olika alternativ<\/a><\/li>\n\n\n\n<li>Vandring till Torrent de Pareis och Sa Calobra<br\/> \u2013 <a href=\"https:\/\/www.getyourguide.com\/majorque-l47\/majorque-randonnee-au-coeur-de-la-tramuntana-torrente-de-pareis-t1055162\/?partner_id=R3GYW4V&amp;cmp=ZZOE\" target=\"_blank\" rel=\"noreferrer noopener sponsored nofollow\">se olika alternativ<\/a><\/li>\n<\/ul>\n<\/div>\n<\/div>\n<\/div><\/div><\/div>\n\n<h2 id=\"t-1638546656262\" class=\"wp-block-heading\"><strong>8 \u2013 Cala Figuera \u2013 fiskeby<\/strong><\/h2>\n\n<figure class=\"wp-block-image\"><img decoding=\"async\" src=\"https:\/\/photos.smugmug.com\/Travel\/Mallorca\/Cala-Figuera\/i-qMxXzrR\/3\/d7dc8736\/L\/Cala_Figuera_Mallorca-189168-L.jpg\" alt=\"Cala Figera\" title=\"Cala Figera\"\/><\/figure>\n\n<h3 class=\"wp-block-heading\"><strong>Varf\u00f6r jag \u00e4lskar det<\/strong><\/h3>\n\n<p class=\"wp-block-paragraph\">Cala Figuera \u00e4r en helt annan upplevelse.<br\/>\u00c4ven h\u00e4r leder en smal vattenv\u00e4g in mot land, men h\u00e4r finns en liten fiskeby som har bevarat sin charm.<br\/>Man kan njuta av platsen vid vattenbrynet och uppt\u00e4cka de traditionella husen med gr\u00f6na inslag och b\u00e5thusen.<br\/>Och man kan njuta av den fr\u00e5n toppen av klipporna med fascinerande utsikt \u00f6ver turkosbl\u00e5tt vatten och naturens skulpturala verk.<br\/>Obs: ska inte f\u00f6rv\u00e4xlas med Cala Figuera i Formentor, en annan vacker vik som n\u00e5s via en brant vandring.<\/p>\n\n<figure class=\"wp-block-image\"><img decoding=\"async\" src=\"https:\/\/photos.smugmug.com\/Travel\/Mallorca\/Cala-Figuera\/i-kCjmM6g\/3\/fa2b31c5\/L\/Cala_Figuera_Mallorca-1283-L.jpg\" alt=\"Cala Figera b&#xE5;tar\" title=\"Cala Figera b&#xE5;tar\"\/><\/figure>\n\n<h3 class=\"wp-block-heading\"><strong>Praktisk information<\/strong><\/h3>\n\n<ul class=\"wp-block-list\">\n<li><strong><strong>Med en strand?<\/strong><\/strong><br\/>Nej<\/li>\n\n\n\n<li><strong>Plats \/ Hur man tar sig dit \u2013<\/strong><br\/>Syd\u00f6stra kusten<br\/>S\u00f6der om Cala d&#8217;Or<br\/>Palma de Mallorca till Cala Figuera = 1 timmes bilresa<br\/>Alcudia till Cala Figuera = 1 timme och 20 minuters bilresa<\/li>\n\n\n\n<li><strong>Praktiska tips \u2013<\/strong><br\/>Det \u00e4r enklare att parkera uppe vid toppen (GPS-koordinater finns i e-boken) och g\u00e5 ner till fiskehamnen (brant och smal v\u00e4g)<\/li>\n\n\n\n<li><strong>Faciliteter \u2013<\/strong><br\/>Restauranger i byn<\/li>\n\n\n\n<li><a href=\"https:\/\/www.booking.com\/searchresults.en.html?city=-374953&amp;nflt=review_score%253D90&amp;aid=1164282&amp;no_rooms=1&amp;group_adults=2&amp;label=ZZ_Mallorca\" target=\"_blank\" rel=\"noreferrer noopener sponsored nofollow\">Se de b\u00e4sta erbjudandena p\u00e5 boende i Cala Figuera<\/a><\/li>\n<\/ul>\n\n<h2 id=\"t-1638546656263\" class=\"wp-block-heading\"><strong>9 \u2013 Cala Mesquida \u2013 en av Mallorcas b\u00e4sta str\u00e4nder<\/strong><\/h2>\n\n<figure class=\"wp-block-image\"><img decoding=\"async\" src=\"https:\/\/photos.smugmug.com\/Travel\/Mallorca\/Cala-Mesquida\/i-2qLcWcf\/3\/f2400cec\/L\/Cala_Mesquida_Mallorca-116124-L.jpg\" alt=\"Cala Mesquida\" title=\"Cala Mesquida\"\/><\/figure>\n\n<h3 class=\"wp-block-heading\"><strong>Varf\u00f6r jag \u00e4lskar det<\/strong><\/h3>\n\n<p class=\"wp-block-paragraph\">Cala Mesquida \u00e4r den mest k\u00e4nda stranden i omr\u00e5det kring Arta\/Capdepera och en av de b\u00e4sta p\u00e5 \u00f6n.<br\/>Det \u00e4r en l\u00e5ng sandstrand (350 m) med sanddyner i bakgrunden.<br\/>Den kallas f\u00f6r en cala, men f\u00f6r mig \u00e4r den mer en strand \u00e4n en vik, eftersom den \u00e4r ganska \u00f6ppen.<br\/>Och till skillnad fr\u00e5n m\u00e5nga andra calas kan det bl\u00e5sa kraftigt h\u00e4r och skapa v\u00e5gor som sl\u00e5r in mot stranden.<br\/>En hel semesterort har vuxit fram runt stranden, men det st\u00f6r inte n\u00e4r man v\u00e4l \u00e4r p\u00e5 stranden, l\u00e4ngst ner vid klipporna.<\/p>\n\n<figure class=\"wp-block-image\"><img decoding=\"async\" src=\"https:\/\/photos.smugmug.com\/Travel\/Mallorca\/Cala-Mesquida\/i-VV94BCx\/3\/2a3c09d9\/L\/Cala_Mesquida_Mallorca-116130-L.jpg\" alt=\"Cala Mesquida strand\" title=\"Cala Mesquida strand\"\/><\/figure>\n\n<h3 class=\"wp-block-heading\"><strong>Praktisk information<\/strong><\/h3>\n\n<ul class=\"wp-block-list\">\n<li><strong><strong>Med en strand?<\/strong><\/strong><br\/>Ja, stor och l\u00e5ng sandstrand<\/li>\n\n\n\n<li><strong>Plats \/ Hur man tar sig dit \u2013<\/strong><br\/>Nord\u00f6stra kusten<br\/>Inte l\u00e5ngt fr\u00e5n <a href=\"https:\/\/www.zigzagonearth.com\/sv\/mallorca-capdepera-slott-sevardheter\/\" type=\"post\" id=\"15440\" target=\"_blank\" rel=\"noreferrer noopener\">Capdepera<\/a><br\/>Palma de Mallorca till Cala Mesquida = 1 timme och 10 minuters bilresa<br\/>Alcudia till Cala Mesquida = 55 minuters bilresa<\/li>\n\n\n\n<li><strong>Praktiska tips \u2013<\/strong><br\/>Tilltr\u00e4de via en vandringsstig och trappor ner till stranden<br\/>Mycket popul\u00e4rt, m\u00e5nga parkeringsplatser men fullbelagda p\u00e5 eftermiddagen, \u00e4ven under l\u00e5gs\u00e4song.<\/li>\n\n\n\n<li><strong>Faciliteter \u2013<\/strong><br\/>Toaletter, restaurang<\/li>\n\n\n\n<li><a href=\"https:\/\/www.booking.com\/searchresults.en.html?city=900051212&amp;nflt=review_score%253D90&amp;aid=1164282&amp;no_rooms=1&amp;group_adults=2&amp;label=ZZ_Mallorca\" target=\"_blank\" rel=\"noreferrer noopener sponsored nofollow\">Se de b\u00e4sta erbjudandena p\u00e5 boende i Cala Mesquida<\/a><\/li>\n<\/ul>\n\n<h2 id=\"t-1638546656264\" class=\"wp-block-heading\"><strong>10 \u2013 Cala Tuent \u2013 vik och berg<\/strong><\/h2>\n\n<figure class=\"wp-block-image\"><img decoding=\"async\" src=\"https:\/\/photos.smugmug.com\/Travel\/Mallorca\/Cala-Tuent\/i-B85NBmq\/3\/550ca514\/L\/Cala_Tuent_Mallorca-084610-L.jpg\" alt=\"Cala Tuent med bergen\" title=\"Cala Tuent med bergen\"\/><\/figure>\n\n<h3 class=\"wp-block-heading\"><strong>Varf\u00f6r jag \u00e4lskar det<\/strong><\/h3>\n\n<p class=\"wp-block-paragraph\">P\u00e5 \u00f6ns norra och v\u00e4stra del finns det inte s\u00e5 m\u00e5nga tillg\u00e4ngliga vikar p\u00e5 grund av Tramuntana-bergen.<br\/>De flesta bes\u00f6ker den fantastiska platsen Sa Calobra (se information l\u00e4ngre ner) men tar sig inte tid att g\u00f6ra den korta avstickaren till Cala Tuent.<br\/>Jag tycker att det \u00e4r v\u00e4rt resan.<br\/>H\u00e4r skyddas den lilla viken av mycket h\u00f6ga berg, vilket skapar ett helt annat landskap \u00e4n det p\u00e5 syd\u00f6stra kusten.<\/p>\n\n<figure class=\"wp-block-image\"><img decoding=\"async\" src=\"https:\/\/photos.smugmug.com\/Travel\/Mallorca\/Cala-Tuent\/i-RR5Jf76\/3\/70575aba\/L\/Cala_Tuent_Mallorca-084604-L.jpg\" alt=\"Cala Tuent strand\" title=\"Cala Tuent strand\"\/><\/figure>\n\n<h3 class=\"wp-block-heading\"><strong>Praktisk information<\/strong><\/h3>\n\n<ul class=\"wp-block-list\">\n<li><strong><strong>Med en strand?<\/strong><\/strong><br\/>Ja<\/li>\n\n\n\n<li><strong>Plats \/ Hur man tar sig dit \u2013<\/strong><br\/>V\u00e4stkusten<br\/>10 minuters bilresa fr\u00e5n Sa Calobra<br\/>Palma de Mallorca till Cala Tuent = 1 timme och 30 minuters bilresa<br\/>Alcudia till Cala Tuent = 1 timme och 30 minuters bilresa<\/li>\n\n\n\n<li><strong>Praktiska tips \u2013<\/strong><br\/>Enkel \u00e5tkomst fr\u00e5n parkeringen (men parkeringen \u00e4r liten)<\/li>\n\n\n\n<li><strong>Faciliteter \u2013<\/strong><br\/>Restaurang ovanf\u00f6r stranden med fantastisk utsikt<\/li>\n<\/ul>\n\n<div style=\"margin-top:8%;margin-bottom:8%\" class=\"wp-block-genesis-blocks-gb-container box gb-block-container\"><div class=\"gb-container-inside\"><div class=\"gb-container-content\">\n<p class=\"wp-block-paragraph\"><strong>Planera din resa till Mallorca:<\/strong><\/p>\n\n\n\n<div class=\"wp-block-columns box_colonne_cc is-layout-flex wp-container-core-columns-is-layout-8f761849 wp-block-columns-is-layout-flex\">\n<div class=\"wp-block-column box_picto_c is-layout-flow wp-block-column-is-layout-flow\" style=\"flex-basis:5%\">\n<figure class=\"wp-block-image size-full is-resized box_picto\"><img loading=\"lazy\" decoding=\"async\" src=\"http:\/\/www.zigzagonearth.com\/wp-content\/uploads\/2023\/08\/&#x1F697;.png\" alt=\"\" class=\"wp-image-16341\" style=\"width:30px;height:31px\" width=\"30\" height=\"31\"\/><\/figure>\n<\/div>\n\n\n\n<div class=\"wp-block-column is-layout-flow wp-block-column-is-layout-flow\" style=\"flex-basis:95%\">\n<ul class=\"wp-block-list\">\n<li>Mina resplaner : <a class=\"\" href=\"https:\/\/www.zigzagonearth.com\/2-3-days-mallorca-weekend\/\" target=\"_blank\" rel=\"noreferrer noopener\">3 dagar &#8211; helg<\/a>, <a class=\"\" href=\"https:\/\/www.zigzagonearth.com\/4-days-mallorca-itinerary\/\" target=\"_blank\" rel=\"noreferrer noopener\">4<\/a> dagar, <a class=\"\" href=\"https:\/\/www.zigzagonearth.com\/5-days-mallorca-itinerary\/\" target=\"_blank\" rel=\"noreferrer noopener\">5 dagar<\/a>, <a class=\"\" href=\"https:\/\/www.zigzagonearth.com\/one-week-madeira-7-day-itinerary\/\" target=\"_blank\" rel=\"noreferrer noopener\">1 vecka<\/a>, <a href=\"https:\/\/www.zigzagonearth.com\/10-days-mallorca-2-weeks-itinerary\/\" target=\"_blank\" rel=\"noreferrer noopener\">10<\/a> dagar<\/li>\n\n\n\n<li><a class=\"\" href=\"https:\/\/www.zigzagonearth.com\/renting-car-mallorca-tips\/\" target=\"_blank\" rel=\"noreferrer noopener\">36 tips f\u00f6r att hyra bil p\u00e5 Mallorca<\/a><\/li>\n\n\n\n<li><a class=\"\" href=\"https:\/\/www.zigzagonearth.com\/driving-mallorca-tips\/\" target=\"_blank\" rel=\"noreferrer noopener\">Guide till bilk\u00f6rning p\u00e5 Mallorca<\/a><\/li>\n\n\n\n<li><a class=\"\" href=\"https:\/\/www.zigzagonearth.com\/where-to-stay-mallorca-best-areas\/\" target=\"_blank\" rel=\"noreferrer noopener\">Var man kan bo p\u00e5 Mallorca<\/a><\/li>\n\n\n\n<li><a href=\"https:\/\/www.zigzagonearth.com\/where-stay-palma-mallorca-best-hotels\/\" target=\"_blank\" class=\"\" rel=\"noreferrer noopener\">Var man kan bo i Palma de Mallorca<\/a><\/li>\n\n\n\n<li><a class=\"\" href=\"https:\/\/zigzagonearth.com\/best-things-do-mallorca\/\" target=\"_blank\" rel=\"noreferrer noopener\">B\u00e4sta sakerna att g\u00f6ra p\u00e5 Mallorca<\/a><\/li>\n<\/ul>\n<\/div>\n<\/div>\n<\/div><\/div><\/div>\n\n<h2 id=\"tab-con-10\" class=\"wp-block-heading\"><strong>B\u00e4sta calas p\u00e5 Mallorca &#8211; Karta &amp; FAQ<\/strong><\/h2>\n\n<h3 class=\"wp-block-heading\"><strong>Vilken del av Mallorca har de b\u00e4sta calas?<\/strong><\/h3>\n\n<p class=\"wp-block-paragraph\">Som du kan se p\u00e5 kartan ovan ligger m\u00e5nga av de vackraste calorna l\u00e4ngs Mallorcas syd\u00f6stra kust.<br\/>Om du vill byta strand varje dag \u00e4r detta det b\u00e4sta alternativet.<br\/>Cala d&#8217;Or \u00e4r en stor semesterort som ligger centralt i f\u00f6rh\u00e5llande till m\u00e5nga av de vackraste vikarna.<br\/><a href=\"https:\/\/www.booking.com\/searchresults.en.html?city=900039122&amp;nflt=review_score%253D90&amp;aid=1164282&amp;no_rooms=1&amp;group_adults=2&amp;label=ZZ_Mallorca\" target=\"_blank\" rel=\"noreferrer noopener sponsored nofollow\">Se de h\u00f6gst rankade boendena i Cala d&#8217;Or<\/a><\/p>\n\n<h3 class=\"wp-block-heading\"><strong>Fallet Sa Calobra<\/strong><\/h3>\n\n<p class=\"wp-block-paragraph\">Du kanske blir f\u00f6rv\u00e5nad \u00f6ver att Sa Calobra inte finns med p\u00e5 topp 10-listan ovan.  <br\/>Det beror p\u00e5 att jag inte t\u00e4nker p\u00e5 det som en cala. Det \u00e4r en s\u00e5 unik plats att den f\u00f6rtj\u00e4nar en egen lista d\u00e4r den f\u00e5r st\u00e5 f\u00f6r sig sj\u00e4lv.   <br\/>Ja, jag \u00e4lskar det s\u00e5 mycket&#8230;<\/p>\n\n<p class=\"wp-block-paragraph\"><a href=\"https:\/\/www.zigzagonearth.com\/sv\/sa-calobra-mallorca\/\" target=\"_blank\" rel=\"noopener\">Se min artikel<\/a><\/p>\n\n<figure class=\"wp-block-image size-large\"><img decoding=\"async\" src=\"https:\/\/photos.smugmug.com\/Travel\/Mallorca\/Sa-Calobra\/i-cN8Mw4S\/1\/7f82461c\/L\/beach_Sa_Calobra_Mallorca-0783-L.jpg\" alt=\"Sa Calobra\"\/><figcaption class=\"wp-element-caption\"><strong>Sa Calobra<\/strong><\/figcaption><\/figure>\n\n<h3 class=\"wp-block-heading\"><strong>Andra k\u00e4nda calas<\/strong><\/h3>\n\n<p class=\"wp-block-paragraph\">Vissa kanske blir f\u00f6rv\u00e5nade \u00f6ver att inte se n\u00e5gra k\u00e4nda namn p\u00e5 den h\u00e4r listan.<br\/>F\u00f6r det f\u00f6rsta \u00e4r detta min personliga \u00e5sikt.<br\/>F\u00f6r det andra \u00e4r jag inte s\u00e4rskilt f\u00f6rtjust i bullriga st\u00e4llen som \u00e4r omgivna av hotell.<br\/>F\u00f6r det tredje f\u00e5r listan bara inneh\u00e5lla 10&#8230; det \u00e4r inte s\u00e5 l\u00e4tt att v\u00e4lja.<\/p>\n\n<p class=\"wp-block-paragraph\">Men bara f\u00f6r att h\u00e5lla dig informerad, andra calas som ofta n\u00e4mns \u00e4r:<\/p>\n\n<ul class=\"wp-block-list\">\n<li>Cala Esmeralda &#8211; omgiven av hotell<\/li>\n\n\n\n<li>Cala Deia &#8211; k\u00e4nd f\u00f6r sin koppling till den historiska byn Deia<\/li>\n\n\n\n<li>Cala Murta <a href=\"https:\/\/www.zigzagonearth.com\/sv\/cap-formentor-mallorca\/\" target=\"_blank\" rel=\"noopener\">(Formentor<\/a>) &#8211; promenad fr\u00e5n Formentor-v\u00e4gen<\/li>\n\n\n\n<li>Cala Figuera <a href=\"https:\/\/www.zigzagonearth.com\/sv\/cap-formentor-mallorca\/\" target=\"_blank\" rel=\"noopener\">(Formentor<\/a>) &#8211; brant vandring ner fr\u00e5n Formentor-v\u00e4gen<\/li>\n<\/ul>\n\n<figure class=\"wp-block-image size-large\"><img decoding=\"async\" src=\"https:\/\/photos.smugmug.com\/Travel\/Mallorca\/Cala-Esmeralda-Cala-d-Or\/i-H43j8Fp\/3\/3f282052\/L\/Cala_esmeralda_Mallorca-157905-L.jpg\" alt=\"Cala Esmeralda\"\/><figcaption class=\"wp-element-caption\"><strong>Cala Esmeralda<\/strong><\/figcaption><\/figure>\n\n<h3 class=\"wp-block-heading\"><strong>B\u00e4sta badplatserna n\u00e4ra Palma de Mallorca?<\/strong><\/h3>\n\n<p class=\"wp-block-paragraph\">Syd\u00f6st om Palma str\u00e4cker sig en l\u00e5ng sandstrand.<br\/>De vikar som ligger n\u00e4rmast Palma de Mallorca finns v\u00e4ster om staden:<\/p>\n\n<ul class=\"wp-block-list\">\n<li>Cala Major<\/li>\n\n\n\n<li>Cala Xinxell<\/li>\n\n\n\n<li>&#8230;<\/li>\n<\/ul>\n\n<p class=\"wp-block-paragraph\">Men bland de vackraste finns Cala Beltran, Cala Pi och Cala d&#8217;Egos som ligger p\u00e5 kortast m\u00f6jliga bilavst\u00e5nd fr\u00e5n huvudstaden.<\/p>\n\n<h3 class=\"wp-block-heading\"><strong>Mindre tr\u00e5nga vikar p\u00e5 Mallorca?<\/strong><\/h3>\n\n<p class=\"wp-block-paragraph\">Mallorca \u00e4r ett mycket popul\u00e4rt resm\u00e5l.<br\/>D\u00e4rf\u00f6r \u00e4r m\u00e5nga av str\u00e4nderna fullpackade.<\/p>\n\n<p class=\"wp-block-paragraph\">F\u00f6r att hitta mindre tr\u00e5nga vikar p\u00e5 Mallorca m\u00e5ste du :<\/p>\n\n<ul class=\"wp-block-list\">\n<li>bes\u00f6k tidigt<\/li>\n\n\n\n<li>vandra f\u00f6r att n\u00e5 dolda vikar<\/li>\n\n\n\n<li>eller bes\u00f6ka p\u00e5 vintern&#8230;<\/li>\n<\/ul>\n\n<p class=\"wp-block-paragraph\">Men var medveten om att du inte kommer att vara ensam i de vikar som kr\u00e4ver vandring.<\/p>\n\n<p class=\"wp-block-paragraph\"><strong><strong>Vill du se mer av Mallorca?<\/strong><\/strong><\/p>\n\n<ul class=\"wp-block-list\">\n<li>40 vackraste landskapen p\u00e5 Mallorca (med bilder) &#8211; <a style=\"outline: none;\" href=\"https:\/\/www.zigzagonearth.com\/sv\/basta-landskap-mallorca-foton\/\" target=\"_blank\" rel=\"noopener\">L\u00e4s artikeln<\/a><\/li>\n\n\n\n<li>En vecka p\u00e5 Mallorca &#8211; 5 f\u00f6rslag p\u00e5 resv\u00e4gar &#8211; <a href=\"https:\/\/www.zigzagonearth.com\/sv\/en-vecka-mallorca-resplan\/\" target=\"_blank\" rel=\"noopener\">l\u00e4s artikeln<\/a><\/li>\n\n\n\n<li>Mallorcas 7 b\u00e4sta grottor &#8211; <a style=\"outline: none;\" href=\"https:\/\/www.zigzagonearth.com\/sv\/basta-grottor-mallorca\/\" target=\"_blank\" rel=\"noopener\">l\u00e4s artikeln<\/a><\/li>\n\n\n\n<li>12 dolda p\u00e4rlor p\u00e5 Mallorca, utanf\u00f6r allfarv\u00e4garna &#8211; <a style=\"outline: none;\" href=\"https:\/\/www.zigzagonearth.com\/sv\/mallorca-gomda-parlor-hemliga-platser\/\" target=\"_blank\" rel=\"noopener\">l\u00e4s artikeln<\/a><\/li>\n\n\n\n<li>21 vackraste vyerna p\u00e5 Mallorca &#8211; <a style=\"outline: none;\" href=\"https:\/\/www.zigzagonearth.com\/sv\/basta-utsikterna-mallorca-utsiktspunkter\/\" target=\"_blank\" rel=\"noopener\">l\u00e4s artikeln<\/a><\/li>\n\n\n\n<li>Restips f\u00f6r Mallorca &#8211; <a href=\"https:\/\/www.zigzagonearth.com\/sv\/mallorca-road-trip-reseguide\/\" target=\"_blank\" rel=\"noopener\">l\u00e4s artikeln<\/a><\/li>\n\n\n\n<li>K\u00f6rning p\u00e5 Mallorca &#8211; <a style=\"outline: none;\" href=\"https:\/\/www.zigzagonearth.com\/sv\/korning-mallorca-tips\/\" target=\"_blank\" rel=\"noopener\">l\u00e4s artikeln<\/a><\/li>\n\n\n\n<li>21 vackraste st\u00e4der och byar p\u00e5 Mallorca &#8211; <a href=\"https:\/\/www.zigzagonearth.com\/sv\/basta-byar-mallorca-stader\/\" target=\"_blank\" rel=\"noopener\">l\u00e4s artikeln<\/a><\/li>\n\n\n\n<li>21 b\u00e4sta str\u00e4nderna p\u00e5 Mallorca &#8211; <a href=\"https:\/\/www.zigzagonearth.com\/sv\/basta-stranderna-mallorca\/\" target=\"_blank\" rel=\"noopener\">l\u00e4s artikeln<\/a><\/li>\n<\/ul>\n\n<p class=\"wp-block-paragraph\"><strong>Planerar du en resa till Mallorca?<\/strong><\/p>\n\n<p class=\"wp-block-paragraph\">Kolla in min reseguide f\u00f6r att f\u00e5 hj\u00e4lp med planeringen:<\/p>\n\n<div class=\"wp-block-genesis-blocks-gb-container gb-block-container\" style=\"background-color:#ecd6da;padding-left:3%;padding-right:3%;padding-bottom:3%;padding-top:3%;margin-top:8%;margin-bottom:8%\"><div class=\"gb-container-inside\"><div class=\"gb-container-content\">\n<h5 class=\"wp-block-heading box_titre_ebook\"><strong>Planera din dr\u00f6mresa till Mallorca med hj\u00e4lp av min guide!<\/strong><\/h5>\n\n\n\n<div class=\"wp-block-columns is-layout-flex wp-container-core-columns-is-layout-8f761849 wp-block-columns-is-layout-flex\">\n<div class=\"wp-block-column is-vertically-aligned-center is-layout-flow wp-block-column-is-layout-flow\"><div class=\"wp-block-image\">\n<figure class=\"aligncenter size-large\"><a href=\"https:\/\/www.zigzagonearth.com\/photograph-mallorca-travel-guide\/\"><img decoding=\"async\" src=\"https:\/\/www.zigzagonearth.com\/wp-content\/uploads\/2021\/11\/Travel-Guide-Mallorca-ebook-cover-S2.jpg\" alt=\"eBook Reseguide Mallorca\"\/><\/a><\/figure>\n<\/div><\/div>\n\n\n\n<div class=\"wp-block-column is-layout-flow wp-block-column-is-layout-flow\">\n<ul style=\"font-size:16px\" class=\"wp-block-list box_liste\">\n<li>8 kartor f\u00f6r att enkelt planera din resv\u00e4g<\/li>\n\n\n\n<li>140+ f\u00f6rvalda platser<\/li>\n\n\n\n<li>GPS + tips f\u00f6r att f\u00e5 ut mesta m\u00f6jliga av din tid<\/li>\n\n\n\n<li>Tips f\u00f6r planering<\/li>\n\n\n\n<li>270+ originalbilder som hj\u00e4lper dig att v\u00e4lja<\/li>\n<\/ul>\n\n\n\n<div class=\"wp-block-buttons box_colonne_bouton_ebook is-content-justification-center is-layout-flex wp-container-core-buttons-is-layout-fe48e5de wp-block-buttons-is-layout-flex\">\n<div class=\"wp-block-button box_bouton box_bouton_ebook\"><a class=\"wp-block-button__link wp-element-button\" href=\"https:\/\/www.zigzagonearth.com\/photograph-mallorca-travel-guide\/\" target=\"_blank\" rel=\"noreferrer noopener\">Uppt\u00e4ck det! (endast p\u00e5 engelska)<span class=\"box_bouton_image\"><\/span><\/a><\/div>\n<\/div>\n<\/div>\n<\/div>\n<\/div><\/div><\/div>\n\n<p class=\"has-text-align-left wp-block-paragraph\"><strong>Och h\u00e5ll koll p\u00e5 din egen resa!<\/strong><\/p>\n\n<figure class=\"wp-block-image\"><a href=\"https:\/\/www.amazon.com\/dp\/B09LY2SHWZ?&amp;linkCode=ll1&amp;tag=zigzagus-20&amp;linkId=83ab24501f03e2883ec6fa1a8d9655b8&amp;language=en_US&amp;ref_=as_li_ss_tl\" target=\"_blank\" rel=\"nofollow noopener\"><img decoding=\"async\" src=\"\/\/www.zigzagonearth.com\/wp-content\/uploads\/2021\/11\/Mallorca-travel-Journal.jpg\" alt=\"Mallorca resedagbok\" title=\"Mallorca resedagbok\"\/><\/a><\/figure>\n\n<p class=\"wp-block-paragraph\"><strong>TIDIGARE:  <\/strong><\/p>\n\n<p class=\"has-text-align-left wp-block-paragraph\"><strong><a href=\"https:\/\/www.zigzagonearth.com\/sv\/mallorca-gomda-parlor-hemliga-platser\/\" target=\"_blank\" rel=\"noopener\">12 Mallorca dolda p\u00e4rlor, utanf\u00f6r allfarv\u00e4garna<\/a><\/strong><\/p>\n\n<p class=\"wp-block-paragraph\"><strong>N\u00c4STA: <\/strong><\/p>\n\n<p class=\"has-text-align-left wp-block-paragraph\"><strong><strong><a href=\"https:\/\/www.zigzagonearth.com\/sv\/basta-stranderna-mallorca\/\" target=\"_blank\" rel=\"noopener\">B\u00e4sta str\u00e4nderna p\u00e5 Mallorca<\/a><\/strong><\/strong><\/p>\n\n<figure class=\"wp-block-image\"><a href=\"https:\/\/www.zigzagonearth.com\/sv\/mallorca-reseguide-tips\/\" target=\"_blank\" rel=\"nofollow noopener\"><img decoding=\"async\" src=\"\/\/www.zigzagonearth.com\/wp-content\/uploads\/2021\/11\/Mallorca-Travel-Guide.jpg\" alt=\"Reseguide Mallorca\" title=\"Reseguide Mallorca\"\/><\/a><\/figure>\n\n<p class=\"has-text-align-left wp-block-paragraph\"><strong>Inspirerad? Dela den p\u00e5 din favoritplattform! <\/strong><\/p>\n","protected":false},"excerpt":{"rendered":"<p>Mallorca \u00e4r k\u00e4nt f\u00f6r sina vackra vikar som ligger dolda p\u00e5 kustlinjen och kallas &#8221;calas&#8221;.Vissa \u00e4r smala och vilda, andra har vackra str\u00e4nder och faciliteter. Alla \u00e4r fantastiska med turkost vatten, vackra stenklippor och frodig vegetation. Nedan f\u00f6ljer mitt urval av de 10 b\u00e4sta calas p\u00e5 Mallorca med karta, tips och foton. Karta \u00f6ver 10 [&hellip;]<\/p>\n","protected":false},"author":1,"featured_media":60333,"comment_status":"closed","ping_status":"closed","sticky":false,"template":"","format":"standard","meta":{"_genesis_hide_title":false,"_genesis_hide_breadcrumbs":false,"_genesis_hide_singular_image":false,"_genesis_hide_footer_widgets":false,"_genesis_custom_body_class":"","_genesis_custom_post_class":"","_genesis_layout":"","footnotes":"","tve_updated_post":"","tve_custom_css":"","tve_user_custom_css":"","tve_globals":{},"tcb2_ready":0,"tcb_editor_enabled":0,"tve_landing_page":"","_tve_header":"","_tve_footer":""},"categories":[881],"tags":[],"class_list":["post-69684","post","type-post","status-publish","format-standard","has-post-thumbnail","category-mallorca-sv","entry"],"yoast_head":"<!-- This site is optimized with the Yoast SEO plugin v28.3 - https:\/\/yoast.com\/product\/yoast-seo-wordpress\/ -->\n<title>10 b\u00e4sta calas p\u00e5 Mallorca (vikar)<\/title>\n<meta name=\"description\" content=\"Uppt\u00e4ck Mallorcas vackraste calas - vikar med och utan str\u00e4nder - l\u00e4tta att ta sig till eller som kr\u00e4ver vandring\" \/>\n<meta name=\"robots\" content=\"index, follow, max-snippet:-1, max-image-preview:large, max-video-preview:-1\" \/>\n<link rel=\"canonical\" href=\"https:\/\/www.zigzagonearth.com\/sv\/basta-calas-mallorca-vikar\/\" \/>\n<meta property=\"og:locale\" content=\"sv_SE\" \/>\n<meta property=\"og:type\" content=\"article\" \/>\n<meta property=\"og:title\" content=\"10 b\u00e4sta calas p\u00e5 Mallorca (vikar)\" \/>\n<meta property=\"og:description\" content=\"Uppt\u00e4ck Mallorcas vackraste calas - vikar med och utan str\u00e4nder - l\u00e4tta att ta sig till eller som kr\u00e4ver vandring\" \/>\n<meta property=\"og:url\" content=\"https:\/\/www.zigzagonearth.com\/sv\/basta-calas-mallorca-vikar\/\" \/>\n<meta property=\"og:site_name\" content=\"ZigZagonEarth\" \/>\n<meta property=\"article:publisher\" content=\"https:\/\/www.facebook.com\/zigzagonearth\" \/>\n<meta property=\"article:author\" content=\"https:\/\/www.facebook.com\/zigzagonearth\" \/>\n<meta property=\"article:published_time\" content=\"2021-12-08T09:38:43+00:00\" \/>\n<meta property=\"article:modified_time\" content=\"2026-07-15T19:30:14+00:00\" \/>\n<meta property=\"og:image\" content=\"http:\/\/www.zigzagonearth.com\/wp-content\/uploads\/2021\/12\/FB-best-calas-in-Mallorca-coves.jpg\" \/>\n<meta name=\"author\" content=\"Claire\" \/>\n<meta name=\"twitter:card\" content=\"summary_large_image\" \/>\n<meta name=\"twitter:creator\" content=\"@ZigZagOnEarth\" \/>\n<meta name=\"twitter:site\" content=\"@ZigZagOnEarth\" \/>\n<meta name=\"twitter:label1\" content=\"Skriven av\" \/>\n\t<meta name=\"twitter:data1\" content=\"Claire\" \/>\n\t<meta name=\"twitter:label2\" content=\"Ber\u00e4knad l\u00e4stid\" \/>\n\t<meta name=\"twitter:data2\" content=\"13 minuter\" \/>\n<script type=\"application\/ld+json\" class=\"yoast-schema-graph\">{\"@context\":\"https:\\\/\\\/schema.org\",\"@graph\":[{\"@type\":\"Article\",\"@id\":\"https:\\\/\\\/www.zigzagonearth.com\\\/sv\\\/basta-calas-mallorca-vikar\\\/#article\",\"isPartOf\":{\"@id\":\"https:\\\/\\\/www.zigzagonearth.com\\\/sv\\\/basta-calas-mallorca-vikar\\\/\"},\"author\":{\"name\":\"Claire\",\"@id\":\"https:\\\/\\\/www.zigzagonearth.com\\\/sv\\\/#\\\/schema\\\/person\\\/0498142e0cb256f21659d85ef6bca599\"},\"headline\":\"10 b\u00e4sta calas p\u00e5 Mallorca (vikar)\",\"datePublished\":\"2021-12-08T09:38:43+00:00\",\"dateModified\":\"2026-07-15T19:30:14+00:00\",\"mainEntityOfPage\":{\"@id\":\"https:\\\/\\\/www.zigzagonearth.com\\\/sv\\\/basta-calas-mallorca-vikar\\\/\"},\"wordCount\":2668,\"image\":{\"@id\":\"https:\\\/\\\/www.zigzagonearth.com\\\/sv\\\/basta-calas-mallorca-vikar\\\/#primaryimage\"},\"thumbnailUrl\":\"https:\\\/\\\/www.zigzagonearth.com\\\/wp-content\\\/uploads\\\/2021\\\/12\\\/best-calas-in-Mallorca-coves.jpg\",\"articleSection\":[\"Mallorca\"],\"inLanguage\":\"sv-SE\"},{\"@type\":\"WebPage\",\"@id\":\"https:\\\/\\\/www.zigzagonearth.com\\\/sv\\\/basta-calas-mallorca-vikar\\\/\",\"url\":\"https:\\\/\\\/www.zigzagonearth.com\\\/sv\\\/basta-calas-mallorca-vikar\\\/\",\"name\":\"10 b\u00e4sta calas p\u00e5 Mallorca (vikar)\",\"isPartOf\":{\"@id\":\"https:\\\/\\\/www.zigzagonearth.com\\\/sv\\\/#website\"},\"primaryImageOfPage\":{\"@id\":\"https:\\\/\\\/www.zigzagonearth.com\\\/sv\\\/basta-calas-mallorca-vikar\\\/#primaryimage\"},\"image\":{\"@id\":\"https:\\\/\\\/www.zigzagonearth.com\\\/sv\\\/basta-calas-mallorca-vikar\\\/#primaryimage\"},\"thumbnailUrl\":\"https:\\\/\\\/www.zigzagonearth.com\\\/wp-content\\\/uploads\\\/2021\\\/12\\\/best-calas-in-Mallorca-coves.jpg\",\"datePublished\":\"2021-12-08T09:38:43+00:00\",\"dateModified\":\"2026-07-15T19:30:14+00:00\",\"author\":{\"@id\":\"https:\\\/\\\/www.zigzagonearth.com\\\/sv\\\/#\\\/schema\\\/person\\\/0498142e0cb256f21659d85ef6bca599\"},\"description\":\"Uppt\u00e4ck Mallorcas vackraste calas - vikar med och utan str\u00e4nder - l\u00e4tta att ta sig till eller som kr\u00e4ver vandring\",\"breadcrumb\":{\"@id\":\"https:\\\/\\\/www.zigzagonearth.com\\\/sv\\\/basta-calas-mallorca-vikar\\\/#breadcrumb\"},\"inLanguage\":\"sv-SE\",\"potentialAction\":[{\"@type\":\"ReadAction\",\"target\":[\"https:\\\/\\\/www.zigzagonearth.com\\\/sv\\\/basta-calas-mallorca-vikar\\\/\"]}]},{\"@type\":\"ImageObject\",\"inLanguage\":\"sv-SE\",\"@id\":\"https:\\\/\\\/www.zigzagonearth.com\\\/sv\\\/basta-calas-mallorca-vikar\\\/#primaryimage\",\"url\":\"https:\\\/\\\/www.zigzagonearth.com\\\/wp-content\\\/uploads\\\/2021\\\/12\\\/best-calas-in-Mallorca-coves.jpg\",\"contentUrl\":\"https:\\\/\\\/www.zigzagonearth.com\\\/wp-content\\\/uploads\\\/2021\\\/12\\\/best-calas-in-Mallorca-coves.jpg\",\"width\":250,\"height\":250},{\"@type\":\"BreadcrumbList\",\"@id\":\"https:\\\/\\\/www.zigzagonearth.com\\\/sv\\\/basta-calas-mallorca-vikar\\\/#breadcrumb\",\"itemListElement\":[{\"@type\":\"ListItem\",\"position\":1,\"name\":\"Home\",\"item\":\"https:\\\/\\\/www.zigzagonearth.com\\\/sv\\\/\"},{\"@type\":\"ListItem\",\"position\":2,\"name\":\"10 b\u00e4sta calas p\u00e5 Mallorca (vikar)\"}]},{\"@type\":\"WebSite\",\"@id\":\"https:\\\/\\\/www.zigzagonearth.com\\\/sv\\\/#website\",\"url\":\"https:\\\/\\\/www.zigzagonearth.com\\\/sv\\\/\",\"name\":\"ZigZagonEarth\",\"description\":\"Plan unforgettable road trips!\",\"potentialAction\":[{\"@type\":\"SearchAction\",\"target\":{\"@type\":\"EntryPoint\",\"urlTemplate\":\"https:\\\/\\\/www.zigzagonearth.com\\\/sv\\\/?s={search_term_string}\"},\"query-input\":{\"@type\":\"PropertyValueSpecification\",\"valueRequired\":true,\"valueName\":\"search_term_string\"}}],\"inLanguage\":\"sv-SE\"},{\"@type\":\"Person\",\"@id\":\"https:\\\/\\\/www.zigzagonearth.com\\\/sv\\\/#\\\/schema\\\/person\\\/0498142e0cb256f21659d85ef6bca599\",\"name\":\"Claire\",\"image\":{\"@type\":\"ImageObject\",\"inLanguage\":\"sv-SE\",\"@id\":\"https:\\\/\\\/secure.gravatar.com\\\/avatar\\\/7a2d4fe6757ab43d35e1680834ada7bf24e3ceccf01b37a8d65bfb7e69ce6271?s=96&d=blank&r=g\",\"url\":\"https:\\\/\\\/secure.gravatar.com\\\/avatar\\\/7a2d4fe6757ab43d35e1680834ada7bf24e3ceccf01b37a8d65bfb7e69ce6271?s=96&d=blank&r=g\",\"contentUrl\":\"https:\\\/\\\/secure.gravatar.com\\\/avatar\\\/7a2d4fe6757ab43d35e1680834ada7bf24e3ceccf01b37a8d65bfb7e69ce6271?s=96&d=blank&r=g\",\"caption\":\"Claire\"},\"description\":\"Claire is the ultimate Travel Planning Geek - She can spend hours, weeks, months... researching for a trip. She created ZigZag On Earth to help people plan their own travels and make the most of their time.\",\"sameAs\":[\"https:\\\/\\\/www.facebook.com\\\/zigzagonearth\"]}]}<\/script>\n<!-- \/ Yoast SEO plugin. -->","yoast_head_json":{"title":"10 b\u00e4sta calas p\u00e5 Mallorca (vikar)","description":"Uppt\u00e4ck Mallorcas vackraste calas - vikar med och utan str\u00e4nder - l\u00e4tta att ta sig till eller som kr\u00e4ver vandring","robots":{"index":"index","follow":"follow","max-snippet":"max-snippet:-1","max-image-preview":"max-image-preview:large","max-video-preview":"max-video-preview:-1"},"canonical":"https:\/\/www.zigzagonearth.com\/sv\/basta-calas-mallorca-vikar\/","og_locale":"sv_SE","og_type":"article","og_title":"10 b\u00e4sta calas p\u00e5 Mallorca (vikar)","og_description":"Uppt\u00e4ck Mallorcas vackraste calas - vikar med och utan str\u00e4nder - l\u00e4tta att ta sig till eller som kr\u00e4ver vandring","og_url":"https:\/\/www.zigzagonearth.com\/sv\/basta-calas-mallorca-vikar\/","og_site_name":"ZigZagonEarth","article_publisher":"https:\/\/www.facebook.com\/zigzagonearth","article_author":"https:\/\/www.facebook.com\/zigzagonearth","article_published_time":"2021-12-08T09:38:43+00:00","article_modified_time":"2026-07-15T19:30:14+00:00","og_image":[{"url":"http:\/\/www.zigzagonearth.com\/wp-content\/uploads\/2021\/12\/FB-best-calas-in-Mallorca-coves.jpg","type":"","width":"","height":""}],"author":"Claire","twitter_card":"summary_large_image","twitter_creator":"@ZigZagOnEarth","twitter_site":"@ZigZagOnEarth","twitter_misc":{"Skriven av":"Claire","Ber\u00e4knad l\u00e4stid":"13 minuter"},"schema":{"@context":"https:\/\/schema.org","@graph":[{"@type":"Article","@id":"https:\/\/www.zigzagonearth.com\/sv\/basta-calas-mallorca-vikar\/#article","isPartOf":{"@id":"https:\/\/www.zigzagonearth.com\/sv\/basta-calas-mallorca-vikar\/"},"author":{"name":"Claire","@id":"https:\/\/www.zigzagonearth.com\/sv\/#\/schema\/person\/0498142e0cb256f21659d85ef6bca599"},"headline":"10 b\u00e4sta calas p\u00e5 Mallorca (vikar)","datePublished":"2021-12-08T09:38:43+00:00","dateModified":"2026-07-15T19:30:14+00:00","mainEntityOfPage":{"@id":"https:\/\/www.zigzagonearth.com\/sv\/basta-calas-mallorca-vikar\/"},"wordCount":2668,"image":{"@id":"https:\/\/www.zigzagonearth.com\/sv\/basta-calas-mallorca-vikar\/#primaryimage"},"thumbnailUrl":"https:\/\/www.zigzagonearth.com\/wp-content\/uploads\/2021\/12\/best-calas-in-Mallorca-coves.jpg","articleSection":["Mallorca"],"inLanguage":"sv-SE"},{"@type":"WebPage","@id":"https:\/\/www.zigzagonearth.com\/sv\/basta-calas-mallorca-vikar\/","url":"https:\/\/www.zigzagonearth.com\/sv\/basta-calas-mallorca-vikar\/","name":"10 b\u00e4sta calas p\u00e5 Mallorca (vikar)","isPartOf":{"@id":"https:\/\/www.zigzagonearth.com\/sv\/#website"},"primaryImageOfPage":{"@id":"https:\/\/www.zigzagonearth.com\/sv\/basta-calas-mallorca-vikar\/#primaryimage"},"image":{"@id":"https:\/\/www.zigzagonearth.com\/sv\/basta-calas-mallorca-vikar\/#primaryimage"},"thumbnailUrl":"https:\/\/www.zigzagonearth.com\/wp-content\/uploads\/2021\/12\/best-calas-in-Mallorca-coves.jpg","datePublished":"2021-12-08T09:38:43+00:00","dateModified":"2026-07-15T19:30:14+00:00","author":{"@id":"https:\/\/www.zigzagonearth.com\/sv\/#\/schema\/person\/0498142e0cb256f21659d85ef6bca599"},"description":"Uppt\u00e4ck Mallorcas vackraste calas - vikar med och utan str\u00e4nder - l\u00e4tta att ta sig till eller som kr\u00e4ver vandring","breadcrumb":{"@id":"https:\/\/www.zigzagonearth.com\/sv\/basta-calas-mallorca-vikar\/#breadcrumb"},"inLanguage":"sv-SE","potentialAction":[{"@type":"ReadAction","target":["https:\/\/www.zigzagonearth.com\/sv\/basta-calas-mallorca-vikar\/"]}]},{"@type":"ImageObject","inLanguage":"sv-SE","@id":"https:\/\/www.zigzagonearth.com\/sv\/basta-calas-mallorca-vikar\/#primaryimage","url":"https:\/\/www.zigzagonearth.com\/wp-content\/uploads\/2021\/12\/best-calas-in-Mallorca-coves.jpg","contentUrl":"https:\/\/www.zigzagonearth.com\/wp-content\/uploads\/2021\/12\/best-calas-in-Mallorca-coves.jpg","width":250,"height":250},{"@type":"BreadcrumbList","@id":"https:\/\/www.zigzagonearth.com\/sv\/basta-calas-mallorca-vikar\/#breadcrumb","itemListElement":[{"@type":"ListItem","position":1,"name":"Home","item":"https:\/\/www.zigzagonearth.com\/sv\/"},{"@type":"ListItem","position":2,"name":"10 b\u00e4sta calas p\u00e5 Mallorca (vikar)"}]},{"@type":"WebSite","@id":"https:\/\/www.zigzagonearth.com\/sv\/#website","url":"https:\/\/www.zigzagonearth.com\/sv\/","name":"ZigZagonEarth","description":"Plan unforgettable road trips!","potentialAction":[{"@type":"SearchAction","target":{"@type":"EntryPoint","urlTemplate":"https:\/\/www.zigzagonearth.com\/sv\/?s={search_term_string}"},"query-input":{"@type":"PropertyValueSpecification","valueRequired":true,"valueName":"search_term_string"}}],"inLanguage":"sv-SE"},{"@type":"Person","@id":"https:\/\/www.zigzagonearth.com\/sv\/#\/schema\/person\/0498142e0cb256f21659d85ef6bca599","name":"Claire","image":{"@type":"ImageObject","inLanguage":"sv-SE","@id":"https:\/\/secure.gravatar.com\/avatar\/7a2d4fe6757ab43d35e1680834ada7bf24e3ceccf01b37a8d65bfb7e69ce6271?s=96&d=blank&r=g","url":"https:\/\/secure.gravatar.com\/avatar\/7a2d4fe6757ab43d35e1680834ada7bf24e3ceccf01b37a8d65bfb7e69ce6271?s=96&d=blank&r=g","contentUrl":"https:\/\/secure.gravatar.com\/avatar\/7a2d4fe6757ab43d35e1680834ada7bf24e3ceccf01b37a8d65bfb7e69ce6271?s=96&d=blank&r=g","caption":"Claire"},"description":"Claire is the ultimate Travel Planning Geek - She can spend hours, weeks, months... researching for a trip. She created ZigZag On Earth to help people plan their own travels and make the most of their time.","sameAs":["https:\/\/www.facebook.com\/zigzagonearth"]}]}},"featured_image_src":"https:\/\/www.zigzagonearth.com\/wp-content\/uploads\/2021\/12\/best-calas-in-Mallorca-coves.jpg","featured_image_src_square":"https:\/\/www.zigzagonearth.com\/wp-content\/uploads\/2021\/12\/best-calas-in-Mallorca-coves.jpg","author_info":{"display_name":"Claire","author_link":"https:\/\/www.zigzagonearth.com\/sv\/author\/zzoe\/"},"_links":{"self":[{"href":"https:\/\/www.zigzagonearth.com\/sv\/wp-json\/wp\/v2\/posts\/69684","targetHints":{"allow":["GET"]}}],"collection":[{"href":"https:\/\/www.zigzagonearth.com\/sv\/wp-json\/wp\/v2\/posts"}],"about":[{"href":"https:\/\/www.zigzagonearth.com\/sv\/wp-json\/wp\/v2\/types\/post"}],"author":[{"embeddable":true,"href":"https:\/\/www.zigzagonearth.com\/sv\/wp-json\/wp\/v2\/users\/1"}],"replies":[{"embeddable":true,"href":"https:\/\/www.zigzagonearth.com\/sv\/wp-json\/wp\/v2\/comments?post=69684"}],"version-history":[{"count":2,"href":"https:\/\/www.zigzagonearth.com\/sv\/wp-json\/wp\/v2\/posts\/69684\/revisions"}],"predecessor-version":[{"id":74642,"href":"https:\/\/www.zigzagonearth.com\/sv\/wp-json\/wp\/v2\/posts\/69684\/revisions\/74642"}],"wp:featuredmedia":[{"embeddable":true,"href":"https:\/\/www.zigzagonearth.com\/sv\/wp-json\/wp\/v2\/media\/60333"}],"wp:attachment":[{"href":"https:\/\/www.zigzagonearth.com\/sv\/wp-json\/wp\/v2\/media?parent=69684"}],"wp:term":[{"taxonomy":"category","embeddable":true,"href":"https:\/\/www.zigzagonearth.com\/sv\/wp-json\/wp\/v2\/categories?post=69684"},{"taxonomy":"post_tag","embeddable":true,"href":"https:\/\/www.zigzagonearth.com\/sv\/wp-json\/wp\/v2\/tags?post=69684"}],"curies":[{"name":"wp","href":"https:\/\/api.w.org\/{rel}","templated":true}]}}