{"id":69679,"date":"2022-02-26T12:02:19","date_gmt":"2022-02-26T11:02:19","guid":{"rendered":"https:\/\/www.zigzagonearth.com\/basta-stranderna-mallorca\/"},"modified":"2023-11-02T16:56:34","modified_gmt":"2023-11-02T15:56:34","slug":"basta-stranderna-mallorca","status":"publish","type":"post","link":"https:\/\/www.zigzagonearth.com\/sv\/basta-stranderna-mallorca\/","title":{"rendered":"21 b\u00e4sta str\u00e4nderna p\u00e5 Mallorca (tips, foton, karta)"},"content":{"rendered":"\n<p><strong>Letar du efter de vackraste str\u00e4nderna p\u00e5 Mallorca att njuta av under din semester?<\/strong><br\/><strong>Det finns ett brett utbud med sm\u00e5 vikar eller l\u00e5nga sandstr\u00e4ckor.<\/strong><br\/><strong>Nedan f\u00f6ljer mitt urval av de 21 b\u00e4sta str\u00e4nderna p\u00e5 \u00f6n med karta, bilder och tips.<\/strong><\/p>\n\n<p><strong>Innan alla mina tips + bilder, l\u00e5t mig dela med mig av mitt b\u00e4sta tips f\u00f6r att planera din Mallorca-resa:<\/strong><\/p>\n\n<div style=\"margin-top:8%;margin-bottom:8%\" class=\"wp-block-genesis-blocks-gb-container box gb-block-container\"><div class=\"gb-container-inside\"><div class=\"gb-container-content\">\n<p class=\"box_titre_une\">Innan mina tips + foton, h\u00e4r \u00e4r <u>mina favoriter<\/u> f\u00f6r Mallorca:<\/p>\n\n\n\n<div class=\"wp-block-columns box_colonne_cc is-layout-flex wp-container-core-columns-is-layout-9d6595d7 wp-block-columns-is-layout-flex\">\n<div class=\"wp-block-column box_picto_c is-layout-flow wp-block-column-is-layout-flow\" style=\"flex-basis:5%\">\n<figure class=\"wp-block-image size-full is-resized box_picto\"><img loading=\"lazy\" decoding=\"async\" src=\"http:\/\/www.zigzagonearth.com\/wp-content\/uploads\/2023\/08\/&#x1F697;.png\" alt=\"\" class=\"wp-image-16341\" style=\"width:30px;height:31px\" width=\"30\" height=\"31\"\/><\/figure>\n<\/div>\n\n\n\n<div class=\"wp-block-column is-layout-flow wp-block-column-is-layout-flow\" style=\"flex-basis:95%\">\n<p class=\"box_lien_g\">Min favoritplattform f\u00f6r att hyra bil p\u00e5 Mallorca: <a href=\"https:\/\/www.discovercars.com\/se\/spain-balearic-islands\/mallorca?a_aid=zigzag&amp;chan=ZZ_Mallorca\" target=\"_blank\" rel=\"noreferrer noopener sponsored nofollow\">DiscoverCars<\/a><\/p>\n<\/div>\n<\/div>\n\n\n\n<div class=\"wp-block-columns box_colonne_cc is-layout-flex wp-container-core-columns-is-layout-9d6595d7 wp-block-columns-is-layout-flex\">\n<div class=\"wp-block-column box_picto_c is-layout-flow wp-block-column-is-layout-flow\" style=\"flex-basis:5%\">\n<figure class=\"wp-block-image size-full is-resized box_picto\"><img loading=\"lazy\" decoding=\"async\" src=\"http:\/\/www.zigzagonearth.com\/wp-content\/uploads\/2023\/08\/&#x1F6E5;&#xFE0F;&#xFE0F;.png\" alt=\"\" class=\"wp-image-16340\" style=\"width:30px;height:31px\" width=\"30\" height=\"31\"\/><\/figure>\n<\/div>\n\n\n\n<div class=\"wp-block-column is-layout-flow wp-block-column-is-layout-flow\" style=\"flex-basis:90%\">\n<p>Den omistliga b\u00e5tturen: <a href=\"https:\/\/www.getyourguide.se\/mallorca-l47\/mallorca-sunrise-coast-dolphins-cruise-t288850\/?partner_id=R3GYW4V&amp;cmp=ZZ_Mallorca_une\" target=\"_blank\" rel=\"noreferrer noopener sponsored nofollow\">delfinsafari fr\u00e5n Alcudia<\/a><\/p>\n<\/div>\n<\/div>\n\n\n\n<div class=\"wp-block-columns box_colonne_cc is-layout-flex wp-container-core-columns-is-layout-9d6595d7 wp-block-columns-is-layout-flex\">\n<div class=\"wp-block-column box_picto_c is-layout-flow wp-block-column-is-layout-flow\" style=\"flex-basis:5%\">\n<figure class=\"wp-block-image size-full is-resized box_picto\"><img loading=\"lazy\" decoding=\"async\" src=\"http:\/\/www.zigzagonearth.com\/wp-content\/uploads\/2023\/08\/&#x1F68C;.png\" alt=\"\" class=\"wp-image-16339\" style=\"width:30px;height:31px\" width=\"30\" height=\"31\"\/><\/figure>\n<\/div>\n\n\n\n<div class=\"wp-block-column is-layout-flow wp-block-column-is-layout-flow\" style=\"flex-basis:90%\">\n<p>Min favoritutflykt fr\u00e5n Palma: <a href=\"https:\/\/www.getyourguide.se\/mallorca-l47\/mallorca-tramuntana-tour-with-historic-railway-ride-t62634\/?partner_id=R3GYW4V&amp;cmp=ZZ_Mallorca_une\" target=\"_blank\" rel=\"noreferrer noopener sponsored nofollow\">Port de Soller och Valldemossa<\/a><\/p>\n<\/div>\n<\/div>\n\n\n\n<div class=\"wp-block-columns box_colonne_cc box_colonne_dernier_cc is-layout-flex wp-container-core-columns-is-layout-9d6595d7 wp-block-columns-is-layout-flex\">\n<div class=\"wp-block-column box_picto_x box_picto_c is-layout-flow wp-block-column-is-layout-flow\" style=\"flex-basis:5%\">\n<figure class=\"wp-block-image size-full is-resized box_picto\"><img loading=\"lazy\" decoding=\"async\" src=\"http:\/\/www.zigzagonearth.com\/wp-content\/uploads\/2023\/08\/&#x1F3E0;.png\" alt=\"\" class=\"wp-image-16338\" style=\"width:30px;height:31px\" width=\"30\" height=\"31\"\/><\/figure>\n<\/div>\n\n\n\n<div class=\"wp-block-column is-layout-flow wp-block-column-is-layout-flow\" style=\"flex-basis:95%\">\n<p>Mina favoritst\u00e4llen att bo p\u00e5:<\/p>\n\n\n\n<ul class=\"wp-block-list\">\n<li>Palma de Mallorca: <a href=\"https:\/\/www.booking.com\/searchresults.en.html?city=-395224&amp;nflt=review_score%253D90&amp;aid=1164282&amp;no_rooms=1&amp;group_adults=2&amp;label=mallorca\" target=\"_blank\" rel=\"noreferrer noopener sponsored nofollow\">se b\u00e4st rankade hotell<\/a> &#8211; t.ex. <a class=\"\" href=\"https:\/\/www.booking.com\/hotel\/es\/art-palma.en.html?aid=1164282&amp;no_rooms=1&amp;group_adults=2&amp;label=_amcid-FrQAZQblirbxlpiJxpEME\" target=\"_blank\" rel=\"noreferrer noopener\"><\/a><a href=\"https:\/\/www.booking.com\/hotel\/es\/posada-terra-santa.en.html?aid=1164282&amp;label=mallorca\" target=\"_blank\" rel=\"noreferrer noopener sponsored nofollow\">Hotel Posada Terra Santa<\/a><\/li>\n\n\n\n<li>Port d&#8217;Alcudia: <a href=\"https:\/\/www.booking.com\/searchresults.en.html?city=-381100&amp;nflt=review_score%253D90&amp;aid=1164282&amp;no_rooms=1&amp;group_adults=2&amp;label=mallorca\" target=\"_blank\" rel=\"noreferrer noopener sponsored nofollow\">se b\u00e4st rankade hotell<\/a> &#8211; t.ex. <a href=\"https:\/\/www.booking.com\/hotel\/es\/bonavida-apartments-alcudia.en-gb.html?aid=1164282&amp;label=mallorca\" target=\"_blank\" rel=\"noreferrer noopener sponsored nofollow\">Bonavida l\u00e4genheter<\/a><\/li>\n\n\n\n<li>Cala d&#8217;or: <a href=\"https:\/\/www.booking.com\/searchresults.en.html?city=900039122&amp;nflt=review_score%253D90&amp;aid=1164282&amp;no_rooms=1&amp;group_adults=2&amp;label=mallorca\" target=\"_blank\" rel=\"noreferrer noopener sponsored nofollow\">se b\u00e4st rankade hotell<\/a> &#8211; t.ex. <a href=\"https:\/\/www.booking.com\/hotel\/es\/casa-ceiba-maria.en.html?aid=1164282&amp;no_rooms=1&amp;group_adults=2&amp;label=mallorca\" target=\"_blank\" rel=\"noreferrer noopener sponsored nofollow\">Casa Ceiba Maria<\/a><\/li>\n\n\n\n<li>I en Finca i hj\u00e4rtat av \u00f6n &#8211; jag f\u00f6resl\u00e5r <a href=\"https:\/\/www.booking.com\/hotel\/es\/finca-cas-sant.en.html?aid=1164282&amp;label=mallorca\" target=\"_blank\" rel=\"noreferrer noopener sponsored nofollow\">Finca Cas Sant<\/a><\/li>\n<\/ul>\n<\/div>\n<\/div>\n<\/div><\/div><\/div>\n\n<div class=\"wp-block-columns is-layout-flex wp-container-core-columns-is-layout-9d6595d7 wp-block-columns-is-layout-flex\">\n<div class=\"wp-block-column is-layout-flow wp-block-column-is-layout-flow\"><div class=\"wp-block-image\">\n<figure class=\"aligncenter size-full is-resized\"><img decoding=\"async\" src=\"https:\/\/www.zigzagonearth.com\/wp-content\/uploads\/2023\/09\/basta-stranderna-Mallorca.jpg\" alt=\"Mallorcas b&#xE4;sta str&#xE4;nder Pin\" class=\"wp-image-15145\" style=\"width:300px;height:undefinedpx\"\/><\/figure>\n<\/div><\/div>\n\n\n\n<div class=\"wp-block-column is-layout-flow wp-block-column-is-layout-flow\"><\/div>\n<\/div>\n\n<h2 class=\"wp-block-heading\" id=\"tab-con-10\"><strong>#1 &#8211; Sa Calobra strand &#8211; den mest natursk\u00f6na stranden p\u00e5 Mallorca<\/strong><\/h2>\n\n<figure class=\"wp-block-image size-large\"><img decoding=\"async\" src=\"https:\/\/photos.smugmug.com\/Travel\/Mallorca\/Sa-Calobra\/i-cN8Mw4S\/1\/7f82461c\/L\/beach_Sa_Calobra_Mallorca-0783-L.jpg\" alt=\"Sa Calobra strand\"\/><figcaption class=\"wp-element-caption\"><strong>Sa Calobra strand<\/strong><\/figcaption><\/figure>\n\n<h3 class=\"wp-block-heading\"><strong>Varf\u00f6r det \u00e4r v\u00e4rt att bes\u00f6ka&#8230;<\/strong><\/h3>\n\n<p>Sa Calobra \u00e4r den mest unika stranden p\u00e5 Mallorca, en av de mest natursk\u00f6na.<br\/>Ingen rolig vit sandstrand men en imponerande dal med mynningen av Torrent de Pareis.<br\/>En kort, underbar promenad l\u00e4ngs klipporna och genom tunnlar leder dig till denna dolda strand med sm\u00e5sten.<br\/>Dessutom \u00e4r bilf\u00e4rden nedf\u00f6r Tramuntana-bergen en av de b\u00e4sta p\u00e5 \u00f6n.<br\/><a href=\"https:\/\/www.zigzagonearth.com\/sa-calobra-mallorca\/\" target=\"_blank\" rel=\"noopener\">Se fler bilder<\/a>.<\/p>\n\n<figure class=\"wp-block-image\"><img decoding=\"async\" src=\"https:\/\/photos.smugmug.com\/Travel\/Mallorca\/Sa-Calobra\/i-xQKXWth\/3\/ddcaa2dd\/L\/Beach_Sa_Calobra_Mallorca-0771-L.jpg\" alt=\"Stranden Sa Calobra\" title=\"Stranden Sa Calobra\"\/><\/figure>\n\n<h3 class=\"wp-block-heading\"><strong>Tips f\u00f6r bes\u00f6k<\/strong><\/h3>\n\n<ul class=\"wp-block-list\">\n<li><strong>Typ och storlek<\/strong><br\/>Stenstrand<br\/>Inte s\u00e4rskilt stor<\/li>\n\n\n\n<li><strong>Plats &#8211; hur man tar sig dit  <\/strong><br\/>Kan bes\u00f6kas med bil eller b\u00e5t<br\/>Palma de Mallorca till Sa Calobra = 1h30 bilresa (65km)<br\/>Port de Soller till Sa Calobra = 1h bilresa (39km)<br\/>Alcudia till Sa Calobra = 1h20 bilresa (54km)<\/li>\n\n\n\n<li><strong>Tillg\u00e5ng och praktiska tips &#8211;  <\/strong><br\/>V\u00e4g med h\u00e5rn\u00e5lskurvor.<br\/>10 min platt g\u00e5ng med 2 tunnlar<\/li>\n\n\n\n<li><strong>Faciliteter  <\/strong><br\/>Inga faciliteter precis vid stranden<br\/>Inga livr\u00e4ddare<br\/>Ingen uthyrning av utrustning<br\/>Duschar och restauranger i Port de Sa Calobra<\/li>\n<\/ul>\n\n<h2 class=\"wp-block-heading\" id=\"tab-con-2\"><strong>#2 &#8211; <\/strong><strong>Calo des Moro &#8211; b\u00e4sta cala p\u00e5 Mallorca<\/strong><\/h2>\n\n<figure class=\"wp-block-image size-large\"><img decoding=\"async\" src=\"https:\/\/photos.smugmug.com\/Travel\/Mallorca\/Calo-del-Moro-S-Almonia\/i-sNzBSv2\/2\/a4db59bc\/L\/Calo_Del_Moro_Mallorca-189283-L.jpg\" alt=\"Calo des Moro\"\/><figcaption class=\"wp-element-caption\"><strong>Calo des Moro<\/strong><\/figcaption><\/figure>\n\n<h3 class=\"wp-block-heading\"><strong>Varf\u00f6r det \u00e4r v\u00e4rt att bes\u00f6ka&#8230;<\/strong><\/h3>\n\n<p>Calo des Moro \u00e4r en fantastisk p\u00e4rla. Det \u00e4r definitivt v\u00e4rt besv\u00e4ret att ta sig dit, \u00e4ven om man bara har <a style=\"outline: none;\" href=\"https:\/\/www.zigzagonearth.com\/one-week-mallorca-itinerary\/\" target=\"_blank\" rel=\"noopener\">en vecka p\u00e5 Mallorca<\/a>.<br\/>Stranden \u00e4r faktiskt mycket liten, men viken \u00e4r fascinerande och det \u00e4r d\u00e4rf\u00f6r den ofta listas som en av de vackraste str\u00e4nderna p\u00e5 Mallorca.  <br\/>Den unika milj\u00f6n erbjuder turkost vatten och snorklingsm\u00f6jligheter l\u00e4ngs klipporna.<br\/>Dessutom g\u00f6r den lilla udden att den inte \u00e4r f\u00f6r bred och inte f\u00f6r smal.<br\/>Titta bara p\u00e5 bilderna ovan och nedan.  <br\/><a style=\"outline: none;\" href=\"https:\/\/www.zigzagonearth.com\/calo-des-moro-mallorca-beach\/\" target=\"_blank\" rel=\"noopener\">L\u00e4s mer<\/a><\/p>\n\n<figure class=\"wp-block-image\"><img decoding=\"async\" src=\"https:\/\/photos.smugmug.com\/Travel\/Mallorca\/Calo-del-Moro-S-Almonia\/i-LQzcF4c\/3\/d6fb8007\/L\/Calo_Del_Moro_Mallorca-189263-L.jpg\" alt=\"Calo des Muro strand\" title=\"Calo des Muro strand\"\/><\/figure>\n\n<h3 class=\"wp-block-heading\"><strong>Tips f\u00f6r bes\u00f6k<\/strong><\/h3>\n\n<ul class=\"wp-block-list\">\n<li><strong>Typ och storlek<\/strong><br\/>Stranden \u00e4r mycket, mycket liten, men den \u00e4r ocks\u00e5 mycket popul\u00e4r.<br\/>S\u00e5 trots att stranden var fantastisk, kunde upplevelsen inte vara rolig.<br\/>Jag rekommenderar att du bes\u00f6ker oss tidigt p\u00e5 morgonen f\u00f6r b\u00e4sta upplevelse.<br\/>Fin sand.<\/li>\n\n\n\n<li><strong>Plats &#8211; hur man tar sig dit  <\/strong><br\/>Mallorcas syd\u00f6stra kust<br\/>N\u00e4ra byn Cala Llombards<br\/>Palma de Mallorca till Calo des Moro = 50 min bilresa<br\/>Alcudia till Calo des Moro = 1h20 bilresa<\/li>\n\n\n\n<li><strong>Tillg\u00e5ng och praktiska tips &#8211;  <\/strong><br\/>Det finns en stor parkeringsplats som \u00e4r v\u00e4l markerad. F\u00f6rs\u00f6k inte att ta dig n\u00e4rmare med bil, det finns inga andra parkeringsplatser.<br\/>Fr\u00e5n parkeringen \u00e4r det 5 till 10 minuters promenad i ett bostadsomr\u00e5de.<br\/>Och sedan kommer du till 2 vandringsleder: den f\u00f6rsta g\u00e5r direkt till Calo del Moro. Det \u00e4r en 10 minuters vandring i naturen som kr\u00e4ver bra promenadskor.<br\/>Den andra har trappor ner till Cala S&#8217;Almonia, en annan vik och fr\u00e5n denna vik finns det en 5 minuters promenadv\u00e4g till Calo del Moro (v\u00e4nster sida).<br\/>Observera att det p\u00e5 sommaren finns n\u00e5gon som reglerar tilltr\u00e4det till stranden.  <\/li>\n\n\n\n<li><strong>Faciliteter &#8211; <\/strong>Det finns absolut inga faciliteter p\u00e5 stranden. Ingen livr\u00e4ddare.<br\/>Dessutom kan du inte utforska omr\u00e5det eftersom det \u00e4r privat egendom.<br\/>Ta med dig allt du beh\u00f6ver och ta med dig allt tillbaka!<br\/><a href=\"https:\/\/www.booking.com\/searchresults.en.html?city=900059380&amp;nflt=review_score%253D90&amp;aid=1164282&amp;no_rooms=1&amp;group_adults=2&amp;label=ZZ_Mallorca\" target=\"_blank\" rel=\"noreferrer noopener sponsored nofollow\">Se de b\u00e4sta erbjudandena p\u00e5 boende i Cala Llombards<\/a><\/li>\n<\/ul>\n\n<div style=\"margin-top:8%;margin-bottom:8%\" class=\"wp-block-genesis-blocks-gb-container box gb-block-container\"><div class=\"gb-container-inside\"><div class=\"gb-container-content\">\n<div class=\"wp-block-columns box_colonne is-layout-flex wp-container-core-columns-is-layout-9d6595d7 wp-block-columns-is-layout-flex\">\n<div class=\"wp-block-column colonne is-layout-flow wp-block-column-is-layout-flow\" style=\"flex-basis:66.6%\">\n<h5 class=\"wp-block-heading box_titre\">Beh\u00f6ver du hyra bil p\u00e5 Mallorca?<\/h5>\n\n\n\n<p class=\"box_intro\">Mina tips:<\/p>\n\n\n\n<ul class=\"box_liste wp-block-list\" style=\"font-size:16px\">\n<li>J\u00e4mf\u00f6r priser p\u00e5 min favoritplattform: <a href=\"https:\/\/www.discovercars.com\/se\/spain-balearic-islands\/mallorca?a_aid=zigzag&amp;chan=ZZ_Mallorca\" target=\"_blank\" rel=\"noreferrer noopener sponsored nofollow\">\n  <span style=\"text-decoration: underline;\">Discovercars.com<\/span>\n<\/a> &#8211; en av de b\u00e4st rankade j\u00e4mf\u00f6relsesajterna!<\/li>\n\n\n\n<li>V\u00e4lj inte en f\u00f6r stor bil, eftersom vissa v\u00e4gar \u00e4r mycket smala<\/li>\n\n\n\n<li>T\u00e4nk p\u00e5 deras full t\u00e4ckning alternativ &#8211; det f\u00f6r sinnesfrid!  <\/li>\n\n\n\n<li><span style=\"text-decoration: underline;\">Boka tidigt<\/span> f\u00f6r att ha ett stort urval av fordon!<\/li>\n<\/ul>\n\n\n\n<div class=\"wp-block-columns box_barre_boutons is-layout-flex wp-container-core-columns-is-layout-9d6595d7 wp-block-columns-is-layout-flex\">\n<div class=\"wp-block-column is-vertically-aligned-center box_col_conseil is-layout-flow wp-block-column-is-layout-flow\">\n<p class=\"box_lien\"><a href=\"https:\/\/www.zigzagonearth.com\/renting-car-mallorca-tips\/\" target=\"_blank\" rel=\"noreferrer noopener\">Se alla mina tips<\/a><\/p>\n<\/div>\n\n\n\n<div class=\"wp-block-column box_col_bouton is-layout-flow wp-block-column-is-layout-flow\">\n<div class=\"wp-block-buttons box_bouton is-content-justification-left is-layout-flex wp-container-core-buttons-is-layout-fdcfc74e wp-block-buttons-is-layout-flex\">\n<div class=\"wp-block-button box_bouton\"><a class=\"wp-block-button__link wp-element-button\" href=\"https:\/\/www.discovercars.com\/se\/spain-balearic-islands\/mallorca?a_aid=zigzag&amp;amp;chan=ZZ_Mallorca\" target=\"_blank\" rel=\"noreferrer noopener\">Se tillg\u00e4ngliga bilar  <span class=\"box_bouton_image\"><img decoding=\"async\" style=\"width: 14px; height:14px;  \" src=\"https:\/\/www.zigzagonearth.com\/wp-content\/uploads\/2023\/08\/fleche.png\" alt=\"\"\/><\/span><\/a><\/div>\n<\/div>\n<\/div>\n<\/div>\n<\/div>\n\n\n\n<div class=\"wp-block-column colonne box_cafe_img is-layout-flow wp-block-column-is-layout-flow\" style=\"flex-basis:33.33%\"><div class=\"wp-block-image\">\n<figure class=\"aligncenter size-large is-resized\"><img loading=\"lazy\" decoding=\"async\" src=\"https:\/\/www.zigzagonearth.com\/wp-content\/uploads\/2023\/08\/003world-travel-car-01-1024x1024.webp\" alt=\"\" class=\"wp-image-16227\" style=\"width:288px;height:288px\" width=\"288\" height=\"288\" srcset=\"https:\/\/www.zigzagonearth.com\/wp-content\/uploads\/2023\/08\/003world-travel-car-01-1024x1024.webp 1024w, https:\/\/www.zigzagonearth.com\/wp-content\/uploads\/2023\/08\/003world-travel-car-01-300x300.webp 300w, https:\/\/www.zigzagonearth.com\/wp-content\/uploads\/2023\/08\/003world-travel-car-01-150x150.webp 150w, https:\/\/www.zigzagonearth.com\/wp-content\/uploads\/2023\/08\/003world-travel-car-01-768x768.webp 768w, https:\/\/www.zigzagonearth.com\/wp-content\/uploads\/2023\/08\/003world-travel-car-01-1536x1536.webp 1536w, https:\/\/www.zigzagonearth.com\/wp-content\/uploads\/2023\/08\/003world-travel-car-01-2048x2048.webp 2048w, https:\/\/www.zigzagonearth.com\/wp-content\/uploads\/2023\/08\/003world-travel-car-01-100x100.webp 100w, https:\/\/www.zigzagonearth.com\/wp-content\/uploads\/2023\/08\/003world-travel-car-01-600x600.webp 600w\" sizes=\"auto, (max-width: 288px) 100vw, 288px\" \/><\/figure>\n<\/div><\/div>\n<\/div>\n<\/div><\/div><\/div>\n\n<h2 class=\"wp-block-heading\" id=\"tab-con-3\"><strong>#3 &#8211; <\/strong><strong>Platja de Formentor &#8211; b\u00e4sta stranden p\u00e5 Mallorca<\/strong><\/h2>\n\n<figure class=\"wp-block-image size-large\"><img decoding=\"async\" src=\"https:\/\/photos.smugmug.com\/Travel\/Mallorca\/Platja-Formentor-beach\/i-Nx2sjd8\/4\/aad4bce9\/L\/Formentor_playa_Mallorca-126574-L.jpg\" alt=\"Platja de Formentor\"\/><figcaption class=\"wp-element-caption\"><strong>Platja de Formentor<\/strong><\/figcaption><\/figure>\n\n<h3 class=\"wp-block-heading\"><strong>Varf\u00f6r det \u00e4r v\u00e4rt att bes\u00f6ka&#8230;<\/strong><\/h3>\n\n<p>De flesta publikationer v\u00e4ljer Platja de Formentor som den vackraste stranden p\u00e5 Mallorca.<br\/>Jag h\u00e5ller med om att det \u00e4r ganska vackert samtidigt som det har alla faciliteter.<br\/>S\u00e5 som paket \u00e4r det f\u00f6rmodligen det b\u00e4sta. Men jag tror inte att det \u00e4r den mest natursk\u00f6na.<br\/>Formentors strand \u00e4r l\u00e5ng och sandig med grunt turkost vatten.<br\/>Fr\u00e5n den halvcirkelformade bukten har man vacker utsikt \u00f6ver bergen som \u00e4r t\u00e4ckta av pinjetr\u00e4d.<br\/><a href=\"https:\/\/www.zigzagonearth.com\/cap-formentor-mallorca\/\" target=\"_blank\" rel=\"noopener\">L\u00e4s mer om halv\u00f6n Formentor<\/a><\/p>\n\n<figure class=\"wp-block-image\"><img decoding=\"async\" src=\"https:\/\/photos.smugmug.com\/Travel\/Mallorca\/Platja-Formentor-beach\/i-vN3T3zv\/3\/daa3a872\/L\/Platja_Formentor_beach_Mallorca-053028-L.jpg\" alt=\"Formentor strand\" title=\"Formentor strand\"\/><\/figure>\n\n<h3 class=\"wp-block-heading\"><strong>Tips f\u00f6r bes\u00f6k<\/strong><\/h3>\n\n<ul class=\"wp-block-list\">\n<li><strong>Storlek och typ<\/strong><br\/>L\u00e5ng sandstrand<br\/>Inte s\u00e4rskilt bred<\/li>\n\n\n\n<li><strong>Plats &#8211; hur man tar sig dit  <\/strong><br\/>Nord\u00f6stra Mallorca<br\/>P\u00e5 halv\u00f6n Formentor<br\/>Palma de Mallorca till Formentor strand = 1h05 min bilresa<br\/>Alcudia till Formentor-stranden = 25 min bilresa<\/li>\n\n\n\n<li><strong>Tillg\u00e5ng och praktiska tips &#8211;  <\/strong><br\/>Att k\u00f6ra till stranden \u00e4r inte alltf\u00f6r sv\u00e5rt.<br\/>Det finns flera parkeringsplatser med olika priser<br\/>Du kan ocks\u00e5 n\u00e5 den med b\u00e5t fr\u00e5n Port de Alcudia eller Port de Pollen\u00e7a &#8211; <a href=\"https:\/\/www.getyourguide.se\/s?q=Formentor+beach&amp;searchSource=8&amp;partner_id=R3GYW4V&amp;deeplink_id=6f1385ef-b731-543c-8c5b-0b808c187c66&amp;cmp=ZZ_Mallorca\" target=\"_blank\" rel=\"noreferrer noopener sponsored nofollow\">se alternativ<\/a><\/li>\n\n\n\n<li><strong>Faciliteter  <\/strong><br\/>Restauranger, duschar, toaletter<br\/>Solstolar, utrustning f\u00f6r vattensport<br\/><a href=\"https:\/\/www.booking.com\/searchresults.en.html?city=-381050&amp;nflt=review_score%253D90%253Breview_score%253D80&amp;aid=1164282&amp;no_rooms=1&amp;group_adults=2&amp;label=ZZ_Mallorca\" target=\"_blank\" rel=\"noreferrer noopener sponsored nofollow\">Se de b\u00e4st rankade boendena i Port de Pollen\u00e7a<\/a>, den n\u00e4rmaste staden till Formentor.<\/li>\n<\/ul>\n\n<h2 class=\"wp-block-heading\" id=\"tab-con-4\"><strong>#4 &#8211; Cala Pi  <\/strong><\/h2>\n\n<figure class=\"wp-block-image size-large\"><img decoding=\"async\" src=\"https:\/\/photos.smugmug.com\/Travel\/Mallorca\/13b-Cala-Pi\/i-5c4TMcg\/2\/4139d5aa\/L\/Cala_Pi_Mallorca-168145-L.jpg\" alt=\"Cala Pi strand\"\/><figcaption class=\"wp-element-caption\"><strong>Cala Pi strand<\/strong><\/figcaption><\/figure>\n\n<h3 class=\"wp-block-heading\"><strong>Varf\u00f6r det \u00e4r v\u00e4rt att bes\u00f6ka&#8230;<\/strong><\/h3>\n\n<p>Cala Pi \u00e4r en av de vackraste vikarna p\u00e5 \u00f6n.<br\/>Den \u00e4r l\u00e5ng och smal, med h\u00f6ga klippor, och d\u00e4rf\u00f6r mycket natursk\u00f6n.<br\/>De omgivande klipporna \u00e4r t\u00e4ckta av frodig vegetation av tallar och enar.<br\/>Och det \u00e4r utg\u00e5ngspunkten f\u00f6r en fin kort vandring till Cala Beltran. En fantastisk 2 f\u00f6r en-upplevelse.<br\/>Fr\u00e5n vandringsleden kan man se tillbaka och beundra Cala Pi fr\u00e5n ovan, som p\u00e5 bilden nedan.<\/p>\n\n<figure class=\"wp-block-image\"><img decoding=\"async\" src=\"https:\/\/photos.smugmug.com\/Travel\/Mallorca\/13b-Cala-Pi\/i-smKpCBz\/2\/b04764db\/L\/Cala_Pi_Mallorca-168226-L.jpg\" alt=\"Cala Pi - utsikt fr&#xE5;n klipporna\" title=\"Cala Pi - utsikt fr&#xE5;n klipporna\"\/><\/figure>\n\n<h3 class=\"wp-block-heading\"><strong>Tips f\u00f6r bes\u00f6k<\/strong><\/h3>\n\n<ul class=\"wp-block-list\">\n<li><strong>Storlek och typ<\/strong><br\/>Sandstrand<br\/>Inte j\u00e4ttestor, men bra storlek eftersom den \u00e4r ganska djup (50m x 150m)<\/li>\n\n\n\n<li><strong>Plats &#8211; hur man tar sig dit  <\/strong><br\/>Mallorcas sydkust, i byn Cala Pi<br\/>Palma de Mallorca till Cala Pi = 40 min bilresa<br\/>Alcudia till Cala Pi = 1h20 bilresa<br\/>Begr\u00e4nsat antal parkeringsplatser<\/li>\n\n\n\n<li><strong>Tillg\u00e5ng och praktiska tips &#8211;  <\/strong><br\/>146 trappsteg ner till stranden fr\u00e5n byn (som ligger h\u00f6gst upp p\u00e5 klipporna)<\/li>\n\n\n\n<li><strong>Faciliteter  <\/strong><br\/>Restauranger p\u00e5 toppen av trappan<br\/>Liten stapel l\u00e4ngst ned i Summer.<br\/>Livr\u00e4ddare p\u00e5 sommaren.<br\/>Uthyrning av solarium p\u00e5 sommaren.<br\/>Som de flesta vackra str\u00e4nder blir det mycket folk h\u00e4r under dagen.<br\/><a href=\"https:\/\/www.booking.com\/searchresults.en.html?city=900039425&amp;nflt=review_score%253D90&amp;aid=1164282&amp;no_rooms=1&amp;group_adults=2&amp;label=ZZ_Mallorca\" target=\"_blank\" rel=\"noreferrer noopener sponsored nofollow\">Se de b\u00e4sta erbjudandena p\u00e5 boende i Cala Pi<\/a><\/li>\n<\/ul>\n\n<p>Alla mina favoritstr\u00e4nder och favoritplatser finns med (med GPS-koordinater, kartor och tips) i min reseguide-e-bok som hj\u00e4lper dig att <a style=\"outline: none;\" href=\"https:\/\/www.zigzagonearth.com\/road-trip-mallorca-travel-guide\/\" target=\"_blank\" rel=\"noopener\">enkelt planera din bilresa till Mallorca<\/a>:<\/p>\n\n<div style=\"margin-top:8%;margin-bottom:8%\" class=\"wp-block-genesis-blocks-gb-container box_ebook gb-block-container\"><div class=\"gb-container-inside\"><div class=\"gb-container-content\">\n<h5 class=\"wp-block-heading box_titre_ebook\">Planera din dr\u00f6mresa till <strong>Mallorca<\/strong> med hj\u00e4lp av min guide (endast p\u00e5 engelska):<\/h5>\n\n\n\n<div class=\"wp-block-columns box_colonnes_ebook is-layout-flex wp-container-core-columns-is-layout-9d6595d7 wp-block-columns-is-layout-flex\">\n<div class=\"wp-block-column is-layout-flow wp-block-column-is-layout-flow\">\n<figure class=\"wp-block-image size-large img_ebook\"><a href=\"https:\/\/www.zigzagonearth.com\/photograph-mallorca-travel-guide\/\"><img decoding=\"async\" src=\"https:\/\/www.zigzagonearth.com\/wp-content\/uploads\/2021\/11\/Travel-Guide-Mallorca-ebook-cover-S2.jpg\" alt=\"eBook Reseguide Mallorca\"\/><\/a><\/figure>\n<\/div>\n\n\n\n<div class=\"wp-block-column is-layout-flow wp-block-column-is-layout-flow\">\n<ul class=\"box_liste wp-block-list\" style=\"font-size:16px\">\n<li>8 kartor f\u00f6r att enkelt planera din resv\u00e4g<\/li>\n\n\n\n<li>140+ f\u00f6rvalda platser<\/li>\n\n\n\n<li>GPS + tips f\u00f6r att f\u00e5 ut mesta m\u00f6jliga av din tid<\/li>\n\n\n\n<li>Tips f\u00f6r planering<\/li>\n\n\n\n<li>270+ originalbilder som hj\u00e4lper dig att v\u00e4lja<\/li>\n<\/ul>\n\n\n\n<div class=\"wp-block-buttons box_colonne_bouton_ebook is-content-justification-left is-layout-flex wp-container-core-buttons-is-layout-fdcfc74e wp-block-buttons-is-layout-flex\">\n<div class=\"wp-block-button box_bouton box_bouton_ebook\"><a class=\"wp-block-button__link wp-element-button\" href=\"https:\/\/www.zigzagonearth.com\/photograph-mallorca-travel-guide\/\" target=\"_blank\" rel=\"noreferrer noopener\">Uppt\u00e4ck det! (endast p\u00e5 engelska)<span class=\"box_bouton_image\"><\/span><\/a><\/div>\n<\/div>\n<\/div>\n<\/div>\n<\/div><\/div><\/div>\n\n<h2 class=\"wp-block-heading\" id=\"tab-con-5\"><strong>#5 + 6 &#8211; Cala Mondrago &amp; Cala S&#8217;Amarador<\/strong><\/h2>\n\n<figure class=\"wp-block-image size-large\"><img decoding=\"async\" src=\"https:\/\/photos.smugmug.com\/Travel\/Mallorca\/12b-Mondrago-Natural-Park\/i-dh5Z4ts\/2\/06dfdfda\/L\/Cala_Mondrago_Nature_Park_Mallorca-157755-L.jpg\" alt=\"Cala Mondrago strand\"\/><figcaption class=\"wp-element-caption\"><strong>Cala Mondrago strand<\/strong><\/figcaption><\/figure>\n\n<h3 class=\"wp-block-heading\"><strong>Varf\u00f6r det \u00e4r v\u00e4rt att bes\u00f6ka&#8230;<\/strong><\/h3>\n\n<p>Naturparken Mondrago \u00e4r k\u00e4nd f\u00f6r sina vita sandstr\u00e4nder, sitt turkosa vatten och sin skyddade natur.<br\/>Flera vandringsleder g\u00f6r det m\u00f6jligt f\u00f6r bes\u00f6karna att hitta l\u00e5nga och sm\u00e5 str\u00e4nder, medan de beundrar utsikten \u00f6ver klipporna.<br\/>Det \u00e4r popul\u00e4rt men jag tycker att det fortfarande \u00e4r en frisk fl\u00e4kt eftersom det bara \u00e4r omgivet av natur.<br\/>Den st\u00f6rsta stranden \u00e4r Cala de Mondrago. Denna \u00e4r lite bredare \u00e4n de flesta i denna artikel.<br\/>Den andra stora stranden \u00e4r Cala s&#8217;Amarador.<br\/>Vattnet \u00e4r kristallklart.<br\/><a href=\"https:\/\/www.zigzagonearth.com\/mondrago-natural-park-mallorca\/\" target=\"_blank\" rel=\"noopener\">Se mer<\/a><\/p>\n\n<figure class=\"wp-block-image size-large\"><img decoding=\"async\" src=\"https:\/\/photos.smugmug.com\/Travel\/Mallorca\/12b-Mondrago-Natural-Park\/i-ZcZcnMg\/3\/52f7508e\/L\/sAmarador_Mondrago_Nature_Park_Mallorca-157740-L.jpg\" alt=\"Cala S'Amarador strand\"\/><figcaption class=\"wp-element-caption\"><strong>Cala S&#8217;Amarador strand<\/strong><\/figcaption><\/figure>\n\n<h3 class=\"wp-block-heading\"><strong>Tips f\u00f6r bes\u00f6k<\/strong><\/h3>\n\n<ul class=\"wp-block-list\">\n<li><strong>Storlek och typ<\/strong><br\/>B\u00e5da har fin sand<br\/>B\u00e5da har bra storlek p\u00e5 stranden<\/li>\n\n\n\n<li><strong>Plats &#8211; hur man tar sig dit  <\/strong><br\/>Mallorcas \u00f6stkust<br\/>N\u00e4ra den popul\u00e4ra semesterorten Cala d&#8217;Or<br\/>Palma de Mallorca till Mondrago naturpark = 55 min bilresa<br\/>Alcudia till Mondrago naturpark = 1h20 bilresa<\/li>\n\n\n\n<li><strong>Tillg\u00e5ng och praktiska tips &#8211;  <\/strong><br\/>L\u00e4tt att k\u00f6ra<br\/>Det finns 2 stora parkeringsplatser p\u00e5 vardera sidan av parken.<br\/>D\u00e4rifr\u00e5n \u00e4r det en l\u00e4tt promenad till str\u00e4nderna (under 10 minuter) med l\u00e4tt lutning.<\/li>\n\n\n\n<li><strong>Faciliteter  <\/strong><br\/>Toaletter, restauranger.<br\/>Livr\u00e4ddare och solstolar under s\u00e4song<br\/><a href=\"https:\/\/www.booking.com\/searchresults.en.html?city=900039122&amp;nflt=review_score%253D90&amp;aid=1164282&amp;no_rooms=1&amp;group_adults=2&amp;label=ZZ_Mallorca\" target=\"_blank\" rel=\"noreferrer noopener sponsored nofollow\">Se de b\u00e4sta erbjudandena p\u00e5 boende i Cala d&#8217;Or<\/a><\/li>\n<\/ul>\n\n<h2 class=\"wp-block-heading\" id=\"tab-con-6\"><strong>#7 &#8211; Cala Mesquida<\/strong><\/h2>\n\n<figure class=\"wp-block-image size-large\"><img decoding=\"async\" src=\"https:\/\/photos.smugmug.com\/Travel\/Mallorca\/Cala-Mesquida\/i-2qLcWcf\/3\/f2400cec\/L\/Cala_Mesquida_Mallorca-116124-L.jpg\" alt=\"Cala Mesquida strand\"\/><figcaption class=\"wp-element-caption\"><strong>Cala Mesquida strand<\/strong><\/figcaption><\/figure>\n\n<h3 class=\"wp-block-heading\"><strong>Varf\u00f6r det \u00e4r v\u00e4rt att bes\u00f6ka&#8230;<\/strong><\/h3>\n\n<p>Cala Mesquida \u00e4r den mest k\u00e4nda stranden i omr\u00e5det kring Arta och Capedepera.<br\/>Det \u00e4r en l\u00e5ng str\u00e4cka med fin sand (350 m) och sanddyner p\u00e5 baksidan.<br\/>Det \u00e4r en helt annan upplevelse \u00e4n de andra calorna p\u00e5 \u00f6n.  <br\/>H\u00e4r kan vinden vara stark och skapa p\u00e5landsv\u00e5gor.<br\/>En semesterort har vuxit fram runt den, men st\u00f6r dig inte n\u00e4r du v\u00e4l \u00e4r p\u00e5 stranden, l\u00e4ngst ner p\u00e5 klipporna.<\/p>\n\n<figure class=\"wp-block-image\"><img decoding=\"async\" src=\"https:\/\/photos.smugmug.com\/Travel\/Mallorca\/Cala-Mesquida\/i-VV94BCx\/3\/2a3c09d9\/L\/Cala_Mesquida_Mallorca-116130-L.jpg\" alt=\"Cala Mesquida strand\" title=\"Cala Mesquida strand\"\/><\/figure>\n\n<h3 class=\"wp-block-heading\"><strong>Tips f\u00f6r bes\u00f6k<\/strong><\/h3>\n\n<ul class=\"wp-block-list\">\n<li><strong>Storlek<\/strong><br\/>Stor och l\u00e5ng<br\/>Sandstrand<br\/>V\u00e5gor<\/li>\n\n\n\n<li><strong>Plats &#8211; hur man tar sig dit  <\/strong><br\/>Nord\u00f6stra kusten av Mallorca<br\/>Inte l\u00e5ngt fr\u00e5n Capdepera<br\/>Palma de Mallorca till Cala Mesquida = 1h10 bilresa<br\/>Alcudia till Cala Mesquida = 55 min bilresa<\/li>\n\n\n\n<li><strong>Tillg\u00e5ng och praktiska tips &#8211;  <\/strong><br\/>L\u00e4tt att k\u00f6ra<br\/>Mycket popul\u00e4rt, det finns m\u00e5nga parkeringsplatser men de blir fulla p\u00e5 eftermiddagen, \u00e4ven under l\u00e5gs\u00e4song. Bes\u00f6k oss d\u00e4rf\u00f6r tidigt.<br\/>Tillg\u00e5ng via en promenadv\u00e4g och trappor ner till stranden<\/li>\n\n\n\n<li><strong>Faciliteter  <\/strong><br\/>Toaletter, restaurang<br\/>Uthyrning av solstolar<br\/>Livr\u00e4ddare<br\/><a href=\"https:\/\/www.booking.com\/searchresults.en.html?city=900051212&amp;nflt=review_score%253D90&amp;aid=1164282&amp;no_rooms=1&amp;group_adults=2&amp;label=ZZ_Mallorca\" target=\"_blank\" rel=\"noreferrer noopener sponsored nofollow\">Se de b\u00e4sta erbjudandena p\u00e5 boende i Cala Mesquida<\/a><\/li>\n<\/ul>\n\n<div style=\"margin-top:8%;margin-bottom:8%\" class=\"wp-block-genesis-blocks-gb-container box gb-block-container\"><div class=\"gb-container-inside\"><div class=\"gb-container-content\">\n<h5 class=\"wp-block-heading box_titre_activite\">Var ska man bo p\u00e5 Mallorca?<\/h5>\n\n\n\n<div class=\"wp-block-columns box_colonne inverse is-layout-flex wp-container-core-columns-is-layout-9d6595d7 wp-block-columns-is-layout-flex\">\n<div class=\"wp-block-column colonne is-layout-flow wp-block-column-is-layout-flow\" style=\"flex-basis:75%\">\n<p class=\"box_intro\">Mina favoriter:<\/p>\n\n\n\n<ul class=\"box_liste wp-block-list\">\n<li>Val av restauranger + huvudstad: <a href=\"https:\/\/www.booking.com\/searchresults.en.html?city=-395224&amp;nflt=review_score%253D90&amp;aid=1164282&amp;no_rooms=1&amp;group_adults=2&amp;label=mallorca\" target=\"_blank\" rel=\"noreferrer noopener\">se b\u00e4st rankade alternativ i Palma<\/a><\/li>\n\n\n\n<li>Strand + praktiskt l\u00e4ge f\u00f6r att utforska: <a href=\"https:\/\/www.booking.com\/searchresults.en.html?city=-381100&amp;nflt=review_score%253D90&amp;aid=1164282&amp;no_rooms=1&amp;group_adults=2&amp;label=mallorca\" target=\"_blank\" rel=\"noreferrer noopener\">se de mest uppskattade alternativen i Port d&#8217;Alcudia<\/a><\/li>\n\n\n\n<li>Partyomr\u00e5de &#8211; <a href=\"https:\/\/www.booking.com\/searchresults.en.html?city=-380228&amp;nflt=review_score%253D90&amp;aid=1164282&amp;no_rooms=1&amp;group_adults=2&amp;label=mallorca\" target=\"_blank\" rel=\"noreferrer noopener\">se b\u00e4st rankade alternativ i S&#8217;Arenal<\/a><\/li>\n\n\n\n<li>Lugnt i bergen &#8211; <a href=\"https:\/\/www.booking.com\/searchresults.en.html?city=-406234&amp;nflt=review_score%253D90&amp;aid=1164282&amp;no_rooms=1&amp;group_adults=2&amp;label=mallorca\" target=\"_blank\" rel=\"noreferrer noopener\">se de b\u00e4st rankade alternativen i Valldemossa<\/a><\/li>\n\n\n\n<li>Lugn, charmig plats vid havet &#8211; <a href=\"https:\/\/www.booking.com\/searchresults.en.html?city=900039215&amp;nflt=review_score%253D90&amp;aid=1164282&amp;no_rooms=1&amp;group_adults=2&amp;label=mallorca\" target=\"_blank\" rel=\"noreferrer noopener\">se b\u00e4st rankade alternativ i Canyamel<\/a><\/li>\n\n\n\n<li>Tillg\u00e5ng till de b\u00e4sta calas &#8211; <a href=\"https:\/\/www.booking.com\/searchresults.en.html?city=900039122&amp;nflt=review_score%253D90&amp;aid=1164282&amp;no_rooms=1&amp;group_adults=2&amp;label=mallorca\" target=\"_blank\" rel=\"noreferrer noopener\">se b\u00e4st rankade alternativ i Cala d&#8217;or<\/a><\/li>\n\n\n\n<li>Familjer &#8211; <a href=\"https:\/\/www.booking.com\/searchresults.en.html?city=-374964&amp;nflt=review_score%253D90&amp;aid=1164282&amp;no_rooms=1&amp;group_adults=2&amp;label=mallorca\" target=\"_blank\" rel=\"noreferrer noopener\">se de b\u00e4st rankade alternativen i Cala Millor<\/a> eller i <a href=\"https:\/\/www.booking.com\/searchresults.en.html?city=900039294&amp;nflt=review_score%253D90&amp;aid=1164282&amp;no_rooms=1&amp;group_adults=2&amp;label=mallorca\" target=\"_blank\" rel=\"noreferrer noopener\">Colonia Sant Jordi<\/a><\/li>\n<\/ul>\n\n\n\n<div class=\"wp-block-buttons box_bouton box_colonne_bouton_ebook box_barre_boutons is-content-justification-left is-layout-flex wp-container-core-buttons-is-layout-fdcfc74e wp-block-buttons-is-layout-flex\">\n<div class=\"wp-block-button box_bouton\"><a class=\"wp-block-button__link wp-element-button\" href=\"https:\/\/www.zigzagonearth.com\/where-to-stay-mallorca-best-areas\/\" target=\"_blank\" rel=\"noreferrer noopener\">Se v\u00e5r artikel om var du kan bo  <span class=\"box_bouton_image\"><img decoding=\"async\" style=\"width: 14px; height:14px;  \" src=\"https:\/\/www.zigzagonearth.com\/wp-content\/uploads\/2023\/08\/fleche.png\" alt=\"\"\/><\/span><span class=\"box_bouton_image\"><\/span><\/a><\/div>\n<\/div>\n<\/div>\n\n\n\n<div class=\"wp-block-column is-vertically-aligned-top colonne box_activite_img is-layout-flow wp-block-column-is-layout-flow\" style=\"flex-basis:25%\"><div class=\"wp-block-image\">\n<figure class=\"aligncenter size-large\"><img decoding=\"async\" src=\"https:\/\/photos.smugmug.com\/Travel\/Mallorca\/Hotels\/i-dgbp8xw\/1\/7e887566\/L\/PA147529-L.jpg\" alt=\"Finca p&#xE5; Mallorca\"\/><\/figure>\n<\/div><\/div>\n<\/div>\n<\/div><\/div><\/div>\n\n<h2 class=\"wp-block-heading\" id=\"tab-con-7\"><strong>#8 &#8211; Canyamel-stranden<\/strong><\/h2>\n\n<figure class=\"wp-block-image size-large\"><img decoding=\"async\" src=\"https:\/\/photos.smugmug.com\/Travel\/Mallorca\/Canyamel\/i-CCFBZmK\/3\/2729b27d\/L\/Canyamel_Mallorca-147248-L.jpg\" alt=\"Canyamel strand\"\/><figcaption class=\"wp-element-caption\"><strong><strong>Canyamel<\/strong> strand<\/strong><\/figcaption><\/figure>\n\n<h3 class=\"wp-block-heading\"><strong>Varf\u00f6r det \u00e4r v\u00e4rt att bes\u00f6ka&#8230;<\/strong><\/h3>\n\n<p>Canyamel \u00e4r mindre k\u00e4nd \u00e4n andra str\u00e4nder, men \u00e4r en av mina favoriter.<br\/>Bel\u00e4get i en lugnare region, n\u00e4ra de magnifika Arta-grottorna, finns det en l\u00e5gm\u00e4ld resort l\u00e4ngs den 300 meter l\u00e5nga sandstranden.<br\/>Omr\u00e5det omges av kullar med frodig vegetation.<br\/>Bakom den finns ocks\u00e5 en skyddad lagunv\u00e5tmark d\u00e4r du kan promenera.<\/p>\n\n<figure class=\"wp-block-image\"><img decoding=\"async\" src=\"https:\/\/photos.smugmug.com\/Travel\/Mallorca\/Canyamel\/i-MnmvBV6\/3\/309d2612\/L\/Canyamel_Mallorca-147420-L.jpg\" alt=\"Canyamel strand\" title=\"Canyamel strand\"\/><\/figure>\n\n<h3 class=\"wp-block-heading\"><strong>Tips f\u00f6r bes\u00f6k<\/strong><\/h3>\n\n<ul class=\"wp-block-list\">\n<li><strong>Storlek<\/strong><br\/>Stor strand<br\/>Fin sand<\/li>\n\n\n\n<li><strong>Plats &#8211; hur man tar sig dit  <\/strong><br\/>Mallorcas syd\u00f6stra kust<br\/>S\u00f6der om Capdepera<br\/>Palma de Mallorca till Canyamel = 1h05 min bilresa<br\/>Alcudia till Canyamel = 50 min bilresa<br\/>L\u00e4tt att k\u00f6ra<\/li>\n\n\n\n<li><strong>Tillg\u00e5ng och praktiska tips &#8211;  <\/strong><br\/>Enkel tillg\u00e5ng till stranden med en sluttning eller n\u00e5gra trappor<\/li>\n\n\n\n<li><strong>Faciliteter  <\/strong><br\/>Restauranger<br\/>Uthyrning av solstolar och vattensportutrustning<br\/><a href=\"https:\/\/www.booking.com\/searchresults.en.html?city=900039215&amp;nflt=review_score%253D90%253Breview_score%253D80&amp;aid=1164282&amp;no_rooms=1&amp;group_adults=2&amp;label=ZZ_Mallorca\" target=\"_blank\" rel=\"noreferrer noopener sponsored nofollow\">Se de b\u00e4sta erbjudandena p\u00e5 boende i Canyamel<\/a><\/li>\n<\/ul>\n\n<h2 class=\"wp-block-heading\" id=\"t-1645811371980\"><strong>#9 &#8211; Port d&#8217;Alcudia \/ Playa del Muro<\/strong><\/h2>\n\n<figure class=\"wp-block-image size-large\"><img decoding=\"async\" src=\"https:\/\/photos.smugmug.com\/Travel\/Mallorca\/Port-de-Alcudia\/i-qcdVXvf\/3\/71fda90b\/L\/Alcudia_beach_Mallorca-126765-L.jpg\" alt=\"Port d'Alcudia \/ Playa del Muro\"\/><figcaption class=\"wp-element-caption\"><strong>Port d&#8217;Alcudia \/ Playa del Muro<\/strong><\/figcaption><\/figure>\n\n<h3 class=\"wp-block-heading\"><strong>Varf\u00f6r det \u00e4r v\u00e4rt att bes\u00f6ka&#8230;<\/strong><\/h3>\n\n<p>Alcudia Bay \u00e4r ett stort omr\u00e5de med en l\u00e5ng sandstrand l\u00e4ngs hela: 3 km l\u00e5ng!<br\/>Den \u00e4r uppdelad i 3 huvudsakliga &#8221;st\u00e4der&#8221;:<\/p>\n\n<ul class=\"wp-block-list\">\n<li>Port d&#8217;Alcudia (v\u00e4stra sidan) &#8211; mer stad \u00e4n semesterort, med den vackra \u00e4nden av lagunen och hamnen<\/li>\n\n\n\n<li>Platja de Muro (mitten) &#8211; m\u00e5nga boende f\u00f6tter p\u00e5 stranden<\/li>\n\n\n\n<li>Can Picafort (\u00f6st) &#8211; stort utbud av boenden och restauranger<\/li>\n<\/ul>\n\n<p>Du kan g\u00e5 l\u00e4ngs stranden under en l\u00e5ng tid med vackra vyer och en lagun i ena \u00e4nden.<br\/>Och det \u00e4r en utm\u00e4rkt plats att koppla av och njuta av vattenaktiviteter.  <br\/>En ber\u00f6md plats f\u00f6r att se soluppg\u00e5ngen.<br\/><a href=\"https:\/\/www.zigzagonearth.com\/best-things-to-do-alcudia-mallorca\/\" target=\"_blank\" rel=\"noopener\">L\u00e4s mer om Alcudia.<\/a><\/p>\n\n<figure class=\"wp-block-image\"><img decoding=\"async\" src=\"https:\/\/photos.smugmug.com\/Travel\/Mallorca\/Port-de-Alcudia\/i-9qxLHwW\/3\/c173271b\/L\/Alcudia_beach_Mallorca-126771-L.jpg\" alt=\"Lagunen i Port d'Alcudia\" title=\"Lagunen i Port d'Alcudia\"\/><\/figure>\n\n<h3 class=\"wp-block-heading\"><strong>Tips f\u00f6r bes\u00f6k<\/strong><\/h3>\n\n<ul class=\"wp-block-list\">\n<li><strong>Storlek och typ<\/strong><br\/>Mycket l\u00e5ng med fin sand<br\/>Den \u00e4r bredare vid Port d&#8217;Alcudia och smalare vid Moro.<\/li>\n\n\n\n<li><strong>Plats &#8211; hur man tar sig dit  <\/strong><br\/>Mallorcas nord\u00f6stra kust<br\/>Palma de Mallorca till Port d&#8217;Alcudia = 45 min bilresa<br\/>Alcudia till Port d&#8217;Alcudia = 10 min bilresa<br\/>L\u00e4tt att k\u00f6ra<\/li>\n\n\n\n<li><strong>Tillg\u00e5ng och praktiska tips &#8211;  <\/strong><br\/>Platt omr\u00e5de runt stranden.<br\/>Enkel \u00e5tkomst<\/li>\n\n\n\n<li><strong>Faciliteter  <\/strong><br\/>Restaurang direkt p\u00e5 stranden i Port d&#8217;Alcudia, eller p\u00e5 f\u00f6rsta gatan i andra omr\u00e5den.<br\/>Vissa sektioner har livr\u00e4ddare<br\/>Vissa sektioner har uthyrning av solstolar<br\/>M\u00e5nga vattensporter m\u00f6jliga<br\/><a href=\"https:\/\/www.booking.com\/searchresults.en.html?city=-381100&amp;nflt=review_score%253D90&amp;aid=1164282&amp;no_rooms=1&amp;group_adults=2&amp;label=ZZ_Mallorca\" target=\"_blank\" rel=\"noreferrer noopener sponsored nofollow\">Se de b\u00e4sta erbjudandena p\u00e5 boende i Port d&#8217;Alcudia<\/a><\/li>\n<\/ul>\n\n<h2 class=\"wp-block-heading\" id=\"tab-con-8\"><strong>#10 &#8211; Cala Llombards &#8211; bra strand f\u00f6r familjer p\u00e5 Mallorca<\/strong><\/h2>\n\n<figure class=\"wp-block-image size-large\"><img decoding=\"async\" src=\"https:\/\/photos.smugmug.com\/Travel\/Mallorca\/Cala-Llombards\/i-35949hZ\/2\/531d9656\/L\/Cala_Llombards_Mallorca-189342-L.jpg\" alt=\"Cala Llombards strand\"\/><figcaption class=\"wp-element-caption\"><strong>Cala Llombards strand<\/strong><\/figcaption><\/figure>\n\n<h3 class=\"wp-block-heading\"><strong>Varf\u00f6r det \u00e4r v\u00e4rt att bes\u00f6ka&#8230;<\/strong><\/h3>\n\n<p>En vacker vik med kristallklart vatten&#8230; Dessutom \u00e4r det inte s\u00e5 m\u00e5nga byggnader som syns, vilket g\u00f6r upplevelsen \u00e4nnu trevligare.<br\/>Klipporna \u00e4r fantastiska med skarpa sk\u00e4rningar och dolda grottor.<br\/>Dessutom kan du g\u00e5 p\u00e5 sidan av vattnet f\u00f6r att njuta av olika perspektiv.<\/p>\n\n<figure class=\"wp-block-image\"><img decoding=\"async\" src=\"https:\/\/photos.smugmug.com\/Travel\/Mallorca\/Cala-Llombards\/i-nFPTzhj\/2\/02cf2647\/L\/Cala_Llombards_Mallorca-189350-L.jpg\" alt=\"Cala Llombards klippor\" title=\"Cala Llombards klippor\"\/><\/figure>\n\n<h3 class=\"wp-block-heading\"><strong>Tips f\u00f6r bes\u00f6k<\/strong><\/h3>\n\n<ul class=\"wp-block-list\">\n<li><strong>Storlek och typ<\/strong><br\/>Inte l\u00e5ng men bred.<br\/>Fin sand.<br\/>Perfekt f\u00f6r snorkling<\/li>\n\n\n\n<li><strong>Plats &#8211; hur man tar sig dit  <\/strong><br\/>Mallorcas syd\u00f6stra kust<br\/>N\u00e4ra byn Cala Llombards<br\/>Palma de Mallorca till Calo del Moro = 50 min bilresa<br\/>Alcudia till Calo del Moro = 1h20 bilresa<\/li>\n\n\n\n<li><strong>Tillg\u00e5ng och praktiska tips &#8211;  <\/strong><br\/>Enkel \u00e5tkomst fr\u00e5n parkeringen.<br\/>V\u00e4nd mot \u00f6ster.<br\/>Vackert och l\u00e4ttillg\u00e4ngligt inneb\u00e4r tr\u00e5ngt. Bes\u00f6k oss d\u00e4rf\u00f6r i god tid.<\/li>\n\n\n\n<li><strong>Faciliteter  <\/strong><br\/>Toaletter, duschar, restauranger<br\/><a href=\"https:\/\/www.booking.com\/searchresults.en.html?city=900059380&amp;nflt=review_score%253D90&amp;aid=1164282&amp;no_rooms=1&amp;group_adults=2&amp;label=ZZ_Mallorca\" target=\"_blank\" rel=\"noreferrer noopener sponsored nofollow\">Se de b\u00e4sta erbjudandena p\u00e5 boende i Cala Llombards<\/a><\/li>\n<\/ul>\n\n<h2 class=\"wp-block-heading\" id=\"t-1645811371981\"><strong>#11 &#8211; Cala Agulla<\/strong><\/h2>\n\n<figure class=\"wp-block-image\"><img decoding=\"async\" src=\"https:\/\/photos.smugmug.com\/Travel\/Mallorca\/Cala-Agulla-Cala-Molto\/i-fcvhS2D\/3\/439f02de\/L\/Cala_Agulla_Mallorca-116245-L.jpg\" alt=\"Cala Agulla med tr&#xE4;d\" title=\"Cala Agulla med tr&#xE4;d\"\/><\/figure>\n\n<h3 class=\"wp-block-heading\"><strong>Varf\u00f6r det \u00e4r v\u00e4rt att bes\u00f6ka&#8230;<\/strong><\/h3>\n\n<p>Cala Agulla \u00e4r en annan k\u00e4nd strand. Den ligger n\u00e4ra Capdepera och listas ofta som en av de b\u00e4sta.<br\/>Personligen tyckte jag inte om den.<br\/>Men f\u00f6r dem som \u00e4r ute efter en dag p\u00e5 stranden kan jag f\u00f6rst\u00e5 attraktionerna p\u00e5 grund av den fina sanden och det faktum att det finns mer utrymme \u00e4n m\u00e5nga andra str\u00e4nder.<br\/>Vad jag d\u00e4remot nj\u00f6t av var tallarna bakom!<\/p>\n\n<figure class=\"wp-block-image size-large\"><img decoding=\"async\" src=\"https:\/\/photos.smugmug.com\/Travel\/Mallorca\/Cala-Agulla-Cala-Molto\/i-4JMcgm8\/3\/3f294d73\/L\/Cala_Agulla_Mallorca-116214-L.jpg\" alt=\"Cala Agulla strand\"\/><figcaption class=\"wp-element-caption\"><strong>Cala Agulla strand<\/strong><\/figcaption><\/figure>\n\n<h3 class=\"wp-block-heading\"><strong>Tips f\u00f6r bes\u00f6k<\/strong><\/h3>\n\n<ul class=\"wp-block-list\">\n<li><strong>Storlek och typ<\/strong><br\/>L\u00e5ng och bred<br\/>Fin sand<\/li>\n\n\n\n<li><strong>Plats &#8211; hur man tar sig dit  <\/strong><br\/>Mallorcas nord\u00f6stra kust<br\/>N\u00e4ra staden Capdepera<br\/>Palma de Mallorca till Cala Agulla = 1h10 min bilresa<br\/>Alcudia till Cala Agulla = 50 min bilresa<\/li>\n\n\n\n<li><strong>Tillg\u00e5ng och praktiska tips &#8211;  <\/strong><br\/>L\u00e4ttk\u00f6rd (men smal v\u00e4g p\u00e5 den sista str\u00e4ckan)<br\/>Mycket stor parkeringsplats mot en daglig avgift.<\/li>\n\n\n\n<li><strong>Faciliteter  <\/strong><br\/>Toaletter<br\/>Sm\u00e5 restauranger<br\/>Uthyrning av solstolar<br\/>Livr\u00e4ddare p\u00e5 sommaren<br\/><a href=\"https:\/\/www.booking.com\/searchresults.en.html?city=-375921&amp;nflt=review_score%253D90%253Breview_score%253D80&amp;aid=1164282&amp;no_rooms=1&amp;group_adults=2&amp;label=ZZ_Mallorca\" target=\"_blank\" rel=\"noreferrer noopener sponsored nofollow\">Se de b\u00e4sta erbjudandena p\u00e5 boende runt Capdepera<\/a><\/li>\n<\/ul>\n\n<div style=\"margin-top:8%;margin-bottom:8%\" class=\"wp-block-genesis-blocks-gb-container box gb-block-container\"><div class=\"gb-container-inside\"><div class=\"gb-container-content\">\n<p><strong>Planera din resa till Mallorca:<\/strong><\/p>\n\n\n\n<div class=\"wp-block-columns box_colonne_cc is-layout-flex wp-container-core-columns-is-layout-9d6595d7 wp-block-columns-is-layout-flex\">\n<div class=\"wp-block-column box_picto_c is-layout-flow wp-block-column-is-layout-flow\" style=\"flex-basis:5%\">\n<figure class=\"wp-block-image size-full is-resized box_picto\"><img loading=\"lazy\" decoding=\"async\" src=\"http:\/\/www.zigzagonearth.com\/wp-content\/uploads\/2023\/08\/&#x1F697;.png\" alt=\"\" class=\"wp-image-16341\" style=\"width:30px;height:31px\" width=\"30\" height=\"31\"\/><\/figure>\n<\/div>\n\n\n\n<div class=\"wp-block-column is-layout-flow wp-block-column-is-layout-flow\" style=\"flex-basis:95%\">\n<ul class=\"wp-block-list\">\n<li>Mina resplaner : <a class=\"\" href=\"https:\/\/www.zigzagonearth.com\/2-3-days-mallorca-weekend\/\" target=\"_blank\" rel=\"noreferrer noopener\">3 dagar &#8211; helg<\/a>, <a class=\"\" href=\"https:\/\/www.zigzagonearth.com\/4-days-mallorca-itinerary\/\" target=\"_blank\" rel=\"noreferrer noopener\">4<\/a> dagar, <a class=\"\" href=\"https:\/\/www.zigzagonearth.com\/5-days-mallorca-itinerary\/\" target=\"_blank\" rel=\"noreferrer noopener\">5 dagar<\/a>, <a class=\"\" href=\"https:\/\/www.zigzagonearth.com\/one-week-madeira-7-day-itinerary\/\" target=\"_blank\" rel=\"noreferrer noopener\">1 vecka<\/a>, <a href=\"https:\/\/www.zigzagonearth.com\/10-days-mallorca-2-weeks-itinerary\/\" target=\"_blank\" rel=\"noreferrer noopener\">10<\/a> dagar<\/li>\n\n\n\n<li><a class=\"\" href=\"https:\/\/www.zigzagonearth.com\/renting-car-mallorca-tips\/\" target=\"_blank\" rel=\"noreferrer noopener\">36 tips f\u00f6r att hyra bil p\u00e5 Mallorca<\/a><\/li>\n\n\n\n<li><a class=\"\" href=\"https:\/\/www.zigzagonearth.com\/driving-mallorca-tips\/\" target=\"_blank\" rel=\"noreferrer noopener\">Guide till bilk\u00f6rning p\u00e5 Mallorca<\/a><\/li>\n\n\n\n<li><a class=\"\" href=\"https:\/\/www.zigzagonearth.com\/where-to-stay-mallorca-best-areas\/\" target=\"_blank\" rel=\"noreferrer noopener\">Var man kan bo p\u00e5 Mallorca<\/a><\/li>\n\n\n\n<li><a href=\"https:\/\/www.zigzagonearth.com\/where-stay-palma-mallorca-best-hotels\/\" target=\"_blank\" class=\"\" rel=\"noreferrer noopener\">Var man kan bo i Palma de Mallorca<\/a><\/li>\n\n\n\n<li><a class=\"\" href=\"https:\/\/zigzagonearth.com\/best-things-do-mallorca\/\" target=\"_blank\" rel=\"noreferrer noopener\">B\u00e4sta sakerna att g\u00f6ra p\u00e5 Mallorca<\/a><\/li>\n<\/ul>\n<\/div>\n<\/div>\n<\/div><\/div><\/div>\n\n<h2 class=\"wp-block-heading\" id=\"t-1645811371982\"><strong>#12 &#8211; Platja de Port Pollen\u00e7a<\/strong><\/h2>\n\n<figure class=\"wp-block-image size-large\"><img decoding=\"async\" src=\"https:\/\/photos.smugmug.com\/Travel\/Mallorca\/Puerto-Pollenca\/i-J3XKkzX\/3\/203eef19\/L\/Puerto_Pollenca_Mallorca-053137-L.jpg\" alt=\"Port Pollen&#xE7;a strand\"\/><figcaption class=\"wp-element-caption\"><strong>Port Pollen\u00e7a strand<\/strong><\/figcaption><\/figure>\n\n<h3 class=\"wp-block-heading\"><strong>Varf\u00f6r det \u00e4r v\u00e4rt att bes\u00f6ka&#8230;<\/strong><\/h3>\n\n<p>Port de Pollenca \u00e4r den sista byn f\u00f6re Cape Formentor.<br\/>De l\u00e5nga sandstr\u00e4nderna erbjuder en fantastisk utsikt \u00f6ver Pollencabukten med turkost vatten och de sista bergen i Tramuntana.<br\/>Lokalbefolkningen kallar den &#8221;Eu Moll&#8221; och den har en pir i mitten d\u00e4r man kan koppla av omgiven av vatten.<br\/>Omr\u00e5det s\u00f6der om marinan \u00e4r mycket lugnt, ett utm\u00e4rkt st\u00e4lle att koppla av och njuta av vattnet.<\/p>\n\n<figure class=\"wp-block-image\"><img decoding=\"async\" src=\"https:\/\/photos.smugmug.com\/Travel\/Mallorca\/Puerto-Pollenca\/i-5KCBWSW\/3\/be62b09f\/L\/Puerto_Pollenca_Mallorca-0592-L.jpg\" alt=\"Platja de Port Pollensa med pir\" title=\"Platja de Port Pollensa med pir\"\/><\/figure>\n\n<h3 class=\"wp-block-heading\"><strong>Tips f\u00f6r bes\u00f6k<\/strong><\/h3>\n\n<ul class=\"wp-block-list\">\n<li><strong>Storlek och typ<\/strong><br\/>Fin sand<br\/>L\u00e5ng men inte bred<\/li>\n\n\n\n<li><strong>Plats &#8211; hur man tar sig dit  <\/strong><br\/>L\u00e4tt att k\u00f6ra &#8211; nord\u00f6stra spetsen av Mallorca<br\/>Palma de Mallorca till Port de Pollen\u00e7a = 50 min bilresa<br\/>Alcudia till Port de Pollen\u00e7a = 15 min bilresa<\/li>\n\n\n\n<li><strong>Tillg\u00e5ng och praktiska tips &#8211;<\/strong><br\/>Platt omr\u00e5de runt stranden<br\/>Mycket l\u00e4tt att komma \u00e5t<\/li>\n\n\n\n<li><strong>Faciliteter  <\/strong><br\/>Sektioner med badvakter och uthyrning av solstolar<br\/>F\u00e5 restauranger l\u00e4ngs stranden<br\/><a href=\"https:\/\/www.booking.com\/searchresults.en.html?city=-381050&amp;nflt=review_score%253D90%253Breview_score%253D80&amp;aid=1164282&amp;no_rooms=1&amp;group_adults=2&amp;label=ZZ_Mallorca\" target=\"_blank\" rel=\"noreferrer noopener sponsored nofollow\">Se de b\u00e4sta erbjudandena p\u00e5 boende i Port de Pollen\u00e7a<\/a><\/li>\n<\/ul>\n\n<h2 class=\"wp-block-heading\" id=\"t-1645811371983\"><strong>#13 &#8211; Str\u00e4nder i Colonia Sant Jordi<\/strong><\/h2>\n\n<figure class=\"wp-block-image size-large\"><img decoding=\"async\" src=\"https:\/\/photos.smugmug.com\/Travel\/Mallorca\/Colonia-de-Sant-Jordi\/i-bRFCF97\/3\/5e7ba89d\/L\/beach_Colonia_de_Sant_Jordi_Mallorca-189411-L.jpg\" alt=\"Colonia Sant Jordi strand\"\/><figcaption class=\"wp-element-caption\"><strong>Colonia Sant Jordi strand<\/strong><\/figcaption><\/figure>\n\n<h3 class=\"wp-block-heading\"><strong>Varf\u00f6r det \u00e4r v\u00e4rt att bes\u00f6ka&#8230;<\/strong><\/h3>\n\n<p>Colonia de Sant Jordi \u00e4r en av de \u00e4ldsta saltpannorna i v\u00e4rlden (4:e \u00e5rhundradet f\u00f6re Kristus) och \u00e4r nu en familj\u00e4r strandstad.<br\/>Fr\u00e5n staden kan du enkelt promenera l\u00e4ngs strandpromenaden med de m\u00e5nga sandstr\u00e4nderna.<br\/>H\u00e4r finns ocks\u00e5 vackra klippformationer och utsikt \u00f6ver en liten holme Illot de Na Guardis d\u00e4r en arkeologisk utgr\u00e4vning visar att den anv\u00e4ndes i slutet av 500-talet f.Kr.<br\/>Omr\u00e5det k\u00e4nns fridfullt enligt min erfarenhet.  <\/p>\n\n<figure class=\"wp-block-image\"><img decoding=\"async\" src=\"https:\/\/photos.smugmug.com\/Travel\/Mallorca\/Colonia-de-Sant-Jordi\/i-TrtCpkt\/3\/6e9450f4\/L\/beach_Colonia_de_Sant_Jordi_Mallorca-189385-L.jpg\" alt=\"Str&#xE4;nder i Colonia Sant Jordi 2\" title=\"Str&#xE4;nder i Colonia Sant Jordi 2\"\/><\/figure>\n\n<h3 class=\"wp-block-heading\"><strong>Tips f\u00f6r bes\u00f6k<\/strong><\/h3>\n\n<ul class=\"wp-block-list\">\n<li><strong>Storlek och typ<\/strong><br\/>Sandstr\u00e4nder<br\/>Serie av str\u00e4nder i bra storlek<\/li>\n\n\n\n<li><strong>Plats &#8211; hur man tar sig dit  <\/strong><br\/>Enkel \u00e5tkomst fr\u00e5n staden Colonia San Jordi<br\/>Palma de Mallorca till Colonia San Jordi = 45 min bilresa<br\/>Alcudia till Colonia San Jordi = 1h15 min bilresa<\/li>\n\n\n\n<li><strong>Tillg\u00e5ng och praktiska tips &#8211;  <\/strong><br\/>Enkel bilresa och enkel tillg\u00e5ng till str\u00e4nderna (platt promenad)<\/li>\n\n\n\n<li><strong>Faciliteter  <\/strong><br\/>Restauranger i staden och snacks p\u00e5 vissa str\u00e4nder<br\/>Uthyrning av solstolar<br\/>Livr\u00e4ddare i vissa sektioner<br\/><a href=\"https:\/\/www.booking.com\/searchresults.en.html?city=900039294&amp;nflt=review_score%253D90%253Breview_score%253D80&amp;aid=1164282&amp;no_rooms=1&amp;group_adults=2&amp;label=ZZ_Mallorca\" target=\"_blank\" rel=\"noreferrer noopener sponsored nofollow\">Se de b\u00e4sta erbjudandena p\u00e5 boende i Colonia Sant Jordi<\/a><\/li>\n<\/ul>\n\n<h2 class=\"wp-block-heading\" id=\"t-1645811371984\"><strong>#14 &#8211; Cala Sa Nau<\/strong><\/h2>\n\n<figure class=\"wp-block-image\"><img decoding=\"async\" src=\"https:\/\/photos.smugmug.com\/Travel\/Mallorca\/12g-Cala-Sa-Nau\/i-VB76Jd7\/2\/4e24a1b7\/L\/Cala_Sa_Nau_Mallorca-157963-L.jpg\" alt=\"Cala Sa Nau strand\" title=\"Cala Sa Nau strand\"\/><\/figure>\n\n<h3 class=\"wp-block-heading\"><strong>Varf\u00f6r det \u00e4r v\u00e4rt att bes\u00f6ka&#8230;<\/strong><\/h3>\n\n<p>En annan l\u00e5ng och vacker vik med en liten strand i slutet.<br\/>Klipporna h\u00e4r \u00e4r mycket orangea och kontrasterar mot vattnets f\u00e4rg.<br\/>Dessutom kan du ha kul p\u00e5 klipporna.<\/p>\n\n<figure class=\"wp-block-image\"><img decoding=\"async\" src=\"https:\/\/photos.smugmug.com\/Travel\/Mallorca\/12g-Cala-Sa-Nau\/i-VdbJcM2\/2\/26325e1f\/L\/Cala_Sa_Nau_Mallorca-157950-L.jpg\" alt=\"Cala Sa Nau klippor\" title=\"Cala Sa Nau klippor\"\/><\/figure>\n\n<h3 class=\"wp-block-heading\"><strong>Tips f\u00f6r bes\u00f6k<\/strong><\/h3>\n\n<ul class=\"wp-block-list\">\n<li><strong>Storlek och typ<\/strong><br\/>Sandstrand men mycket liten<\/li>\n\n\n\n<li><strong>Plats &#8211; hur man tar sig dit  <\/strong><br\/>Mallorcas \u00f6stkust<br\/>Strax norr om Cala d&#8217;Or<br\/>Palma de Mallorca till Cala Sa Nau = 1 timmes bilresa<br\/>Alcudia till Cala Sa Nau = 1h10 bilresa<\/li>\n\n\n\n<li><strong>Tillg\u00e5ng och praktiska tips &#8211;  <\/strong><br\/>De sista 3 km g\u00e5r p\u00e5 en smal v\u00e4g.<br\/>Begr\u00e4nsat antal parkeringsplatser och popul\u00e4r plats. 66 steg f\u00f6r att n\u00e5 stranden fr\u00e5n parkeringen.<\/li>\n\n\n\n<li><strong>Faciliteter  <\/strong><br\/>Toaletter, caf\u00e9<br\/>Uthyrning av solstolar<br\/>Livr\u00e4ddare <br\/><a href=\"https:\/\/www.booking.com\/searchresults.en.html?city=900039122&amp;nflt=review_score%253D90&amp;aid=1164282&amp;no_rooms=1&amp;group_adults=2&amp;label=ZZ_Mallorca\" target=\"_blank\" rel=\"noreferrer noopener sponsored nofollow\">Se de b\u00e4sta erbjudandena p\u00e5 boende i Cala d&#8217;Or<\/a><\/li>\n<\/ul>\n\n<h2 class=\"wp-block-heading\" id=\"t-1645811371985\"><strong>#15 &#8211; Platja de Sant Joan &#8211; Natursk\u00f6n strand p\u00e5 Mallorca<\/strong><\/h2>\n\n<figure class=\"wp-block-image\"><img decoding=\"async\" src=\"https:\/\/photos.smugmug.com\/Travel\/Mallorca\/Sant-Joan-beach\/i-bCvbjmM\/3\/ba0a90c3\/L\/sant_Joan_Mallorca-095041-L.jpg\" alt=\"Platja de Sant Joan\" title=\"Platja de Sant Joan\"\/><\/figure>\n\n<h3 class=\"wp-block-heading\"><strong>Varf\u00f6r det \u00e4r v\u00e4rt att bes\u00f6ka&#8230;<\/strong><\/h3>\n\n<p>Platja de Sant Joan \u00e4r en mindre k\u00e4nd strand i omr\u00e5det Alcudia.<br\/>Men det \u00e4r en av mina favoriter eftersom jag tycker att det \u00e4r v\u00e4ldigt natursk\u00f6nt med kullarna i Pollen\u00e7a-bukten.<\/p>\n\n<figure class=\"wp-block-image\"><img decoding=\"async\" src=\"https:\/\/photos.smugmug.com\/Travel\/Mallorca\/Sant-Joan-beach\/i-6v8F75d\/3\/9c878419\/L\/sant_Joan_Mallorca-095038-L.jpg\" alt=\"Platja de Sant Joan 2\" title=\"Platja de Sant Joan 2\"\/><\/figure>\n\n<h3 class=\"wp-block-heading\"><strong>Tips f\u00f6r bes\u00f6k<\/strong><\/h3>\n\n<ul class=\"wp-block-list\">\n<li><strong>Storlek<\/strong><br\/>Liten sandstrand<\/li>\n\n\n\n<li><strong>Plats &#8211; hur man tar sig dit  <\/strong><br\/>Mallorcas nord\u00f6stra kust<br\/>Inte l\u00e5ngt fr\u00e5n staden Alcudia<br\/>Palma de Mallorca till Platja de Sant Joan = 50 min bilresa<br\/>Alcudia till Platja de Sant Joan = 10 min bilresa<\/li>\n\n\n\n<li><strong>Tillg\u00e5ng och praktiska tips &#8211;  <\/strong><br\/>L\u00e4tt att k\u00f6ra<br\/>Parkering l\u00e4ngs v\u00e4gen &#8211; mycket begr\u00e4nsad.<\/li>\n\n\n\n<li><strong>Faciliteter &#8211; <\/strong>Livr\u00e4ddare p\u00e5 sommaren<br\/><a href=\"https:\/\/www.booking.com\/searchresults.en.html?city=-369919&amp;nflt=review_score%253D90%253Breview_score%253D80&amp;aid=1164282&amp;no_rooms=1&amp;group_adults=2&amp;label=ZZ_Mallorca\" target=\"_blank\" rel=\"noreferrer noopener sponsored nofollow\">Se de b\u00e4sta erbjudandena p\u00e5 boende i Alcudia<\/a><\/li>\n<\/ul>\n\n<h2 class=\"wp-block-heading\" id=\"t-1645811371987\"><strong>#16 till 21 &#8211; andra str\u00e4nder p\u00e5 Mallorca som \u00e4r v\u00e4rda att \u00f6verv\u00e4ga<\/strong><\/h2>\n\n<h3 class=\"wp-block-heading\"><strong>#16 &#8211; Playa de Camp Mar &#8211; p\u00e5 grund av den roliga \u00f6n<\/strong><\/h3>\n\n<figure class=\"wp-block-image\"><img decoding=\"async\" src=\"https:\/\/photos.smugmug.com\/Travel\/Mallorca\/Camp-de-Mar\/i-cRhLz5s\/3\/a128f1ef\/L\/Camp_de_Mar_Mallorca-105735-L.jpg\" alt=\"Playa de Camp Mar\" title=\"Playa de Camp Mar\"\/><\/figure>\n\n<p>Playa de Camp de Mar ligger i en semesterort och \u00e4r unik p\u00e5 grund av sin g\u00e5ngbro som leder till &#8221;La Illeta&#8221;, en restaurang som ligger p\u00e5 en liten holme.<br\/>Alla faciliteter.<br\/>V\u00e4ster om Palma de Mallorca.<br\/><a href=\"https:\/\/www.booking.com\/searchresults.en.html?city=900039424&amp;nflt=review_score%253D90%253Breview_score%253D80&amp;aid=1164282&amp;no_rooms=1&amp;group_adults=2&amp;label=ZZ_Mallorca\" target=\"_blank\" rel=\"noreferrer noopener sponsored nofollow\">Se b\u00e4st rankade boenden i Camp de Mar<\/a><\/p>\n\n<h3 class=\"wp-block-heading\"><strong>#17 &#8211; <\/strong><strong>Es Trenc<\/strong><\/h3>\n\n<figure class=\"wp-block-image size-large\"><img decoding=\"async\" src=\"https:\/\/photos.smugmug.com\/Travel\/Mallorca\/15h-es-Trenc\/i-WzkHCsH\/3\/e32c2f51\/L\/Es_trenc_Mallorca-189475-L.jpg\" alt=\"Es Trenc\"\/><figcaption class=\"wp-element-caption\"><strong>Es Trenc<\/strong><\/figcaption><\/figure>\n\n<p>En av de mest k\u00e4nda sandstr\u00e4nderna p\u00e5 sydkusten. Platt l\u00e5ng strand med sanddyner och alger.<br\/>Eftersom det \u00e4r s\u00e5 platt \u00e4r det inte s\u00e4rskilt natursk\u00f6nt. D\u00e4rf\u00f6r kommer det att tilltala de flesta som letar efter en plats att ligga p\u00e5 sanden<br\/>Smal 2-v\u00e4gsv\u00e4g i 3 km<br\/>Stor parkeringsplats mot avgift (4 till 7 euro per dag). Snackbar. Kan inte anv\u00e4ndas nattetid f\u00f6r att skydda vilda djur. S\u00f6der om Palma de Mallorca.<\/p>\n\n<h3 class=\"wp-block-heading\"><strong>#18 &#8211; Platja de Santanyi<\/strong><\/h3>\n\n<figure class=\"wp-block-image size-large\"><img decoding=\"async\" src=\"https:\/\/photos.smugmug.com\/Travel\/Mallorca\/15a-Platja-de-Santanyi\/i-8FpzRvB\/3\/071279f4\/L\/Cala_Santanyi_Mallorca-189075-L.jpg\" alt=\"Platja de Santanyi\"\/><figcaption class=\"wp-element-caption\"><strong>Platja de Santanyi<\/strong><\/figcaption><\/figure>\n\n<p>Popul\u00e4r och l\u00e4ttillg\u00e4nglig sandstrand. Dock med byggnader runt omkring.<br\/>Alla faciliteter.<br\/>Syd\u00f6stra kusten<br\/><a href=\"https:\/\/www.booking.com\/searchresults.en.html?city=900054674&amp;nflt=review_score%253D90%253Breview_score%253D80&amp;aid=1164282&amp;no_rooms=1&amp;group_adults=2&amp;label=ZZ_Mallorca\" target=\"_blank\" rel=\"noreferrer noopener sponsored nofollow\">Se b\u00e4sta boende i Cala Santanyi<\/a><\/p>\n\n<h3 class=\"wp-block-heading\"><strong>#19 &#8211; Cala Gat<\/strong><\/h3>\n\n<figure class=\"wp-block-image size-large\"><img decoding=\"async\" src=\"https:\/\/photos.smugmug.com\/Travel\/Mallorca\/Cala-Gat\/i-rHd8459\/3\/62fa838f\/L\/Cala_Gat_Mallorca-116199-L.jpg\" alt=\"Cala Gat strand\"\/><figcaption class=\"wp-element-caption\"><strong>Cala Gat strand<\/strong><\/figcaption><\/figure>\n\n<p>Liten, charmig vik med sandstrand och bra snorkling.<br\/>Begr\u00e4nsad parkering. V\u00e4nd mot s\u00f6der.<br\/>N\u00e4ra Capdepera<br\/><a href=\"https:\/\/www.booking.com\/searchresults.en.html?city=-375921&amp;nflt=review_score%253D90%253Breview_score%253D80&amp;aid=1164282&amp;no_rooms=1&amp;group_adults=2&amp;label=ZZ_Mallorca\" target=\"_blank\" rel=\"noreferrer noopener sponsored nofollow\">Se b\u00e4sta boende i Capdepera<\/a><\/p>\n\n<h3 class=\"wp-block-heading\"><strong>#20 &#8211; S&#8217;Arenal<\/strong><\/h3>\n\n<figure class=\"wp-block-image size-large\"><img decoding=\"async\" src=\"https:\/\/photos.smugmug.com\/Travel\/Mallorca\/16a-S-Arenal-beach\/i-NNkqsFP\/1\/c1f9805a\/L\/Sarenal_Beach_Palma-199599-L.jpg\" alt=\"S'Arenal strand\"\/><figcaption class=\"wp-element-caption\"><strong>S&#8217;Arenal strand<\/strong><\/figcaption><\/figure>\n\n<p>El Arenal \u00e4r den perfekta platsen f\u00f6r dem som letar efter en l\u00e5ng sandstrand blandat med ett aktivt nattliv.<br\/>Den 6 km l\u00e5nga stranden avslutas med ett stort urval av boenden och ett stort antal barer och klubbar.<br\/>\u00c4ven kallad S&#8217;Arenal eller bara Arenal.<br\/><a href=\"https:\/\/www.booking.com\/searchresults.en.html?city=-380228&amp;nflt=review_score%253D90&amp;aid=1164282&amp;no_rooms=1&amp;group_adults=2&amp;label=ZZ_Mallorca\" target=\"_blank\" rel=\"noreferrer noopener sponsored nofollow\">Se de b\u00e4sta erbjudandena p\u00e5 boende i El Arenal<\/a><\/p>\n\n<h3 class=\"wp-block-heading\"><strong>#21 &#8211; Cala Millor strand<\/strong><\/h3>\n\n<figure class=\"wp-block-image size-large\"><img decoding=\"async\" src=\"https:\/\/photos.smugmug.com\/Travel\/Mallorca\/Castell-de-la-Punta-de-n-Amer\/i-6WHW4p5\/3\/f7ebaafc\/L\/Cala_Millor_Mallorca-137234-L.jpg\" alt=\"Cala Millor\"\/><figcaption class=\"wp-element-caption\"><strong>Cala Millor<\/strong><\/figcaption><\/figure>\n\n<p>Cala Millor \u00e4r en semesterort med allt du och din familj kan \u00f6nska er.<br\/>Massor av boenden vid havet, massor av roliga aktiviteter, shopping, restauranger&#8230;<br\/>Det \u00e4r en av de b\u00e4sta platserna att bo med familjer eftersom vuxna och barn i alla \u00e5ldrar kommer att hitta n\u00e5got att g\u00f6ra.<br\/><a href=\"https:\/\/www.booking.com\/searchresults.en.html?city=-374964&amp;nflt=review_score%253D90&amp;aid=1164282&amp;no_rooms=1&amp;group_adults=2&amp;label=ZZ_Mallorca\" target=\"_blank\" rel=\"noreferrer noopener sponsored nofollow\">Se b\u00e4sta boende i Cala Millor<\/a><\/p>\n\n<h2 class=\"wp-block-heading\" id=\"t-1645811371988\"><strong>Karta \u00f6ver de b\u00e4sta str\u00e4nderna p\u00e5 Mallorca och FAQ<\/strong><\/h2>\n\n<h3 class=\"wp-block-heading\"><strong>B\u00e4sta str\u00e4nderna p\u00e5 Mallorca Karta<\/strong><\/h3>\n\n<p>Nedan finns en karta som hj\u00e4lper dig att hitta de 10 b\u00e4sta av de str\u00e4nder som jag listat i den h\u00e4r artikeln.<br\/>Det \u00e4r alltid sv\u00e5rt att v\u00e4lja, eftersom det beror p\u00e5 vad alla letar efter.<br\/>Observera att p\u00e5 spanska heter det Playa och p\u00e5 katalanska heter det Platja. Du kommer att se b\u00e5da orden skrivna p\u00e5 \u00f6n.<\/p>\n\n<figure class=\"wp-block-image size-large\"><img decoding=\"async\" src=\"https:\/\/www.zigzagonearth.com\/wp-content\/uploads\/2022\/02\/Best-beaches-Mallorca-Map.jpg\" alt=\"B&#xE4;sta str&#xE4;nderna p&#xE5; Mallorca - Karta\"\/><figcaption class=\"wp-element-caption\"><strong>B\u00e4sta str\u00e4nderna p\u00e5 Mallorca &#8211; Karta<\/strong><\/figcaption><\/figure>\n\n<p>Alla mina favoritplatser finns med (med GPS-koordinater, kartor och tips) i min reseguide-e-bok som hj\u00e4lper dig att <a href=\"https:\/\/www.zigzagonearth.com\/road-trip-mallorca-travel-guide\/\" target=\"_blank\" rel=\"noopener\">enkelt planera din bilresa till Mallorca<\/a>:<\/p>\n\n<div style=\"margin-top:8%;margin-bottom:8%\" class=\"wp-block-genesis-blocks-gb-container box_ebook gb-block-container\"><div class=\"gb-container-inside\"><div class=\"gb-container-content\">\n<h5 class=\"wp-block-heading box_titre_ebook\">Planera din dr\u00f6mresa till <strong>Mallorca<\/strong> med hj\u00e4lp av min guide (endast p\u00e5 engelska):<\/h5>\n\n\n\n<div class=\"wp-block-columns box_colonnes_ebook is-layout-flex wp-container-core-columns-is-layout-9d6595d7 wp-block-columns-is-layout-flex\">\n<div class=\"wp-block-column is-layout-flow wp-block-column-is-layout-flow\">\n<figure class=\"wp-block-image size-large img_ebook\"><a href=\"https:\/\/www.zigzagonearth.com\/photograph-mallorca-travel-guide\/\"><img decoding=\"async\" src=\"https:\/\/www.zigzagonearth.com\/wp-content\/uploads\/2021\/11\/Travel-Guide-Mallorca-ebook-cover-S2.jpg\" alt=\"eBook Reseguide Mallorca\"\/><\/a><\/figure>\n<\/div>\n\n\n\n<div class=\"wp-block-column is-layout-flow wp-block-column-is-layout-flow\">\n<ul class=\"box_liste wp-block-list\" style=\"font-size:16px\">\n<li>8 kartor f\u00f6r att enkelt planera din resv\u00e4g<\/li>\n\n\n\n<li>140+ f\u00f6rvalda platser<\/li>\n\n\n\n<li>GPS + tips f\u00f6r att f\u00e5 ut mesta m\u00f6jliga av din tid<\/li>\n\n\n\n<li>Tips f\u00f6r planering<\/li>\n\n\n\n<li>270+ originalbilder som hj\u00e4lper dig att v\u00e4lja<\/li>\n<\/ul>\n\n\n\n<div class=\"wp-block-buttons box_colonne_bouton_ebook is-content-justification-left is-layout-flex wp-container-core-buttons-is-layout-fdcfc74e wp-block-buttons-is-layout-flex\">\n<div class=\"wp-block-button box_bouton box_bouton_ebook\"><a class=\"wp-block-button__link wp-element-button\" href=\"https:\/\/www.zigzagonearth.com\/photograph-mallorca-travel-guide\/\" target=\"_blank\" rel=\"noreferrer noopener\">Uppt\u00e4ck det! (endast p\u00e5 engelska)<span class=\"box_bouton_image\"><\/span><\/a><\/div>\n<\/div>\n<\/div>\n<\/div>\n<\/div><\/div><\/div>\n\n<h3 class=\"wp-block-heading\"><strong>Vilken del av Mallorca har de b\u00e4sta str\u00e4nderna?<\/strong><\/h3>\n\n<p>Det finns vackra str\u00e4nder \u00f6verallt p\u00e5 Mallorca:<\/p>\n\n<ul class=\"wp-block-list\">\n<li>F\u00f6r de vackraste calorna med sm\u00e5 str\u00e4nder i slutet, v\u00e4lj \u00f6stkusten, s\u00e4rskilt runt Cala d&#8217;Or<\/li>\n\n\n\n<li>F\u00f6r l\u00e5nga sandstr\u00e4nder med vacker utsikt, v\u00e4lj norra kusten med Alcudia och Pollen\u00e7a Bay<\/li>\n\n\n\n<li>F\u00f6r l\u00e5nga sandstr\u00e4nder med party\/nattliv, v\u00e4lj sydkusten runt Palma de Mallorca<\/li>\n<\/ul>\n\n<p>L\u00e4s mer i <a style=\"outline: none;\" href=\"https:\/\/www.zigzagonearth.com\/which-side-mallorca-best\/\" target=\"_blank\" rel=\"noopener\">min artikel: Vilken sida av Mallorca \u00e4r b\u00e4st?<\/a><\/p>\n\n<figure class=\"wp-block-image size-large\"><img decoding=\"async\" src=\"https:\/\/www.zigzagonearth.com\/wp-content\/uploads\/2021\/12\/Best-side-of-Mallorca-Map.jpg\" alt=\"Vilken sida av Mallorca &#xE4;r b&#xE4;st?\"\/><figcaption class=\"wp-element-caption\"><strong>Vilken sida av Mallorca \u00e4r b\u00e4st?<\/strong><\/figcaption><\/figure>\n\n<h3 class=\"wp-block-heading\"><strong>\u00c4r vattnet klart p\u00e5 Mallorca?<\/strong><\/h3>\n\n<p>Det finns inget att oroa sig f\u00f6r n\u00e4r man badar p\u00e5 Mallorca.  <br\/>Medelhavsvattnet h\u00e4r \u00e4r utm\u00e4rkt och kristallklart p\u00e5 de flesta str\u00e4nder.<\/p>\n\n<figure class=\"wp-block-image size-large\"><img decoding=\"async\" src=\"https:\/\/photos.smugmug.com\/Travel\/Mallorca\/Platja-Formentor-beach\/i-qGg2n98\/3\/e452c3bb\/L\/Platja_Formentor_beach_Mallorca-053023-L.jpg\" alt=\"Kristallklart vatten p&#xE5; Mallorca\"\/><figcaption class=\"wp-element-caption\"><strong>Kristallklart vatten p\u00e5 Mallorca<\/strong><\/figcaption><\/figure>\n\n<h3 class=\"wp-block-heading\"><strong>En veckas strandresa p\u00e5 Mallorca<\/strong><\/h3>\n\n<p>Kolla in 5 resef\u00f6rslag f\u00f6r 1 vecka p\u00e5 Mallorca, inklusive ett som fokuserar p\u00e5 de b\u00e4sta str\u00e4nderna &#8211; <a style=\"outline: none;\" href=\"https:\/\/www.zigzagonearth.com\/one-week-mallorca-itinerary\/\" target=\"_blank\" rel=\"noopener\">l\u00e4s artikeln<\/a><\/p>\n\n<h3 class=\"wp-block-heading\"><strong>B\u00e4sta calas p\u00e5 Mallorca?<\/strong><\/h3>\n\n<p>Det intressanta med Mallorca n\u00e4r det g\u00e4ller str\u00e4nder \u00e4r, enligt min mening, m\u00e4ngden av natursk\u00f6na smala vikar som kallas calas.<br\/>Jag har listat n\u00e5gra av mina favoriter i den h\u00e4r artikeln: Calo des Moro, Cala Pi, Cala Mondrago&#8230;<br\/>Du kan hitta alla mina favoritkalas p\u00e5 Mallorca <a style=\"outline: none;\" href=\"https:\/\/www.zigzagonearth.com\/best-calas-mallorca-coves\/\" target=\"_blank\" rel=\"noopener\">i denna andra artikel<\/a>.<\/p>\n\n<h3 class=\"wp-block-heading\"><strong>B\u00e4sta str\u00e4nderna f\u00f6r familjer p\u00e5 Mallorca?<\/strong><\/h3>\n\n<p>Om du reser med barn \u00e4r n\u00e5gra av de mest familjev\u00e4nliga str\u00e4nderna:<\/p>\n\n<ul class=\"wp-block-list\">\n<li>Port d&#8217;Alcudia<\/li>\n\n\n\n<li>Str\u00e4nderna i Colonia Sant Jordi<\/li>\n\n\n\n<li>Cala Llombards<\/li>\n<\/ul>\n\n<h3 class=\"wp-block-heading\"><strong>B\u00e4sta str\u00e4nderna n\u00e4ra Palma de Mallorca?<\/strong><\/h3>\n\n<p>Om du bor i Palma de Mallorca kan du snabbt ta dig till str\u00e4nderna runt omkring:<\/p>\n\n<ul class=\"wp-block-list\">\n<li>Platja de Can Pere Antoni ligger mitt i staden<\/li>\n\n\n\n<li>S&#8217;Arenal \u00e4r en l\u00e5ng sandstrand s\u00f6der om Palma<\/li>\n\n\n\n<li>Platja de Cala Major \u00e4r en liten vik v\u00e4ster om Palma<\/li>\n<\/ul>\n\n<figure class=\"wp-block-image\"><img decoding=\"async\" src=\"https:\/\/photos.smugmug.com\/Travel\/Mallorca\/16a-S-Arenal-beach\/i-NNkqsFP\/1\/c1f9805a\/L\/Sarenal_Beach_Palma-199599-L.jpg\" alt=\"S'Arenal strand Palma de Mallorca\" title=\"S'Arenal strand Palma de Mallorca\"\/><\/figure>\n\n<h3 class=\"wp-block-heading\"><strong>B\u00e4sta stranden f\u00f6r solnedg\u00e5ng?  <\/strong><\/h3>\n\n<p>Om du vill njuta av en vacker soluppg\u00e5ng \u00e4r n\u00e5gra av de b\u00e4sta str\u00e4nderna:<\/p>\n\n<ul class=\"wp-block-list\">\n<li>S&#8217;Arenal beroende p\u00e5 s\u00e4song<\/li>\n\n\n\n<li>Colonia Sant Jordi beroende p\u00e5 s\u00e4song<\/li>\n\n\n\n<li>Vandring Cala Pi &amp; Cala Betran<\/li>\n\n\n\n<li>Sant Elm str\u00e4nder<\/li>\n<\/ul>\n\n<h3 class=\"wp-block-heading\"><strong>B\u00e4sta stranden f\u00f6r soluppg\u00e5ng?<\/strong><\/h3>\n\n<p>Om du vill njuta av en vacker soluppg\u00e5ng \u00e4r n\u00e5gra av de b\u00e4sta str\u00e4nderna:<\/p>\n\n<ul class=\"wp-block-list\">\n<li>Port d&#8217;Alcudia \/ Playa del Muro med de m\u00e5nga tr\u00e4vallarna<\/li>\n\n\n\n<li>Port de Pollen\u00e7a<\/li>\n\n\n\n<li>Cala Agulla<\/li>\n\n\n\n<li>Canyamel-stranden beroende p\u00e5 s\u00e4song<\/li>\n<\/ul>\n\n<figure class=\"wp-block-image size-large\"><img decoding=\"async\" src=\"https:\/\/photos.smugmug.com\/Travel\/Mallorca\/Sunrise-Sunset\/i-XnL2pSr\/1\/89e68d0d\/L\/Sunrise_Mallorca-084192-L.jpg\" alt=\"Soluppg&#xE5;ng vid Playa del Muro\"\/><figcaption class=\"wp-element-caption\"><strong>Soluppg\u00e5ng vid Playa del Muro<\/strong><\/figcaption><\/figure>\n\n<h3 class=\"wp-block-heading\"><strong>B\u00e4sta g\u00f6mda\/avskilda str\u00e4nder p\u00e5 Mallorca?<\/strong><\/h3>\n\n<p>L\u00e5t oss vara \u00e4rliga, Mallorca \u00e4r en mycket turistt\u00e4t \u00f6. Det finns inga str\u00e4nder d\u00e4r du kan vara ensam.<br\/>Men n\u00e4r det kr\u00e4vs vandring kan upplevelsen vara tystare. S\u00e5 de b\u00e4sta avskilda str\u00e4nderna p\u00e5 Mallorca \u00e4r:<\/p>\n\n<ul class=\"wp-block-list\">\n<li>Cala d&#8217;Egos<\/li>\n\n\n\n<li>Cala Torta<\/li>\n\n\n\n<li>Cala Figuera (Formentor)<\/li>\n<\/ul>\n\n<h3 class=\"wp-block-heading\"><strong>B\u00e4sta str\u00e4nderna f\u00f6r snorkling p\u00e5 Mallorca?<\/strong><\/h3>\n\n<p>Med klart vatten och m\u00e5nga klippor \u00e4r Mallorca ett utm\u00e4rkt resm\u00e5l f\u00f6r snorkling.<br\/>N\u00e5gra av de b\u00e4sta str\u00e4nderna f\u00f6r snorkling \u00e4r:<\/p>\n\n<ul class=\"wp-block-list\">\n<li>Calo des Moro<\/li>\n\n\n\n<li>Cala Santanyi<\/li>\n\n\n\n<li>Cala Agulla<\/li>\n\n\n\n<li>Sa Calobra<\/li>\n\n\n\n<li>Cala Pi<\/li>\n<\/ul>\n\n<h3 class=\"wp-block-heading\"><strong>B\u00e4sta str\u00e4nderna p\u00e5 \u00f6stkusten <\/strong><strong>p\u00e5 Mallorca?<\/strong><\/h3>\n\n<p>P\u00e5 Mallorcas \u00f6stkust \u00e4r de b\u00e4sta str\u00e4nderna bland annat:<\/p>\n\n<ul class=\"wp-block-list\">\n<li>Calo des Moro<\/li>\n\n\n\n<li>Naturparken Mondragor<\/li>\n\n\n\n<li>Cala Llombards<\/li>\n<\/ul>\n\n<h3 class=\"wp-block-heading\"><strong>B\u00e4sta str\u00e4nderna p\u00e5 Mallorcas nordkust <\/strong><strong>p\u00e5 Mallorca?<\/strong><\/h3>\n\n<p>P\u00e5 Mallorcas nordkust \u00e4r de b\u00e4sta str\u00e4nderna bland annat:<\/p>\n\n<ul class=\"wp-block-list\">\n<li>Platja de Formentor<\/li>\n\n\n\n<li>Port d&#8217;Alcudia<\/li>\n\n\n\n<li>Cala Mesquida<\/li>\n<\/ul>\n\n<h3 class=\"wp-block-heading\"><strong>B\u00e4sta str\u00e4nderna p\u00e5 v\u00e4stkusten <\/strong><strong>p\u00e5 Mallorca?<\/strong><\/h3>\n\n<p>Mallorcas v\u00e4stkust best\u00e5r till st\u00f6rsta delen av berg. Det finns inte m\u00e5nga str\u00e4nder.<br\/>N\u00e5gra av de mest natursk\u00f6na \u00e4r:<\/p>\n\n<ul class=\"wp-block-list\">\n<li>Sa Calobra<\/li>\n\n\n\n<li>Cala Tuent<\/li>\n<\/ul>\n\n<h3 class=\"wp-block-heading\"><strong>B\u00e4sta str\u00e4nderna p\u00e5 Mallorcas sydkust?<\/strong><\/h3>\n\n<p>P\u00e5 Mallorcas sydkust \u00e4r de b\u00e4sta str\u00e4nderna bland annat:<\/p>\n\n<ul class=\"wp-block-list\">\n<li>Cala Pi<\/li>\n\n\n\n<li>Colonia Sant Jordi str\u00e4nder<\/li>\n<\/ul>\n\n<div style=\"margin-top:8%;margin-bottom:8%\" class=\"wp-block-genesis-blocks-gb-container box gb-block-container\"><div class=\"gb-container-inside\"><div class=\"gb-container-content\">\n<div class=\"wp-block-columns box_colonne is-layout-flex wp-container-core-columns-is-layout-9d6595d7 wp-block-columns-is-layout-flex\">\n<div class=\"wp-block-column colonne is-layout-flow wp-block-column-is-layout-flow\" style=\"flex-basis:66.6%\">\n<h5 class=\"wp-block-heading box_titre\">Beh\u00f6ver du hyra bil p\u00e5 Mallorca?<\/h5>\n\n\n\n<p class=\"box_intro\">Mina tips:<\/p>\n\n\n\n<ul class=\"box_liste wp-block-list\" style=\"font-size:16px\">\n<li>J\u00e4mf\u00f6r priser p\u00e5 min favoritplattform: <a href=\"https:\/\/www.discovercars.com\/se\/spain-balearic-islands\/mallorca?a_aid=zigzag&amp;chan=ZZ_Mallorca\" target=\"_blank\" rel=\"noreferrer noopener sponsored nofollow\">\n  <span style=\"text-decoration: underline;\">Discovercars.com<\/span>\n<\/a> &#8211; en av de b\u00e4st rankade j\u00e4mf\u00f6relsesajterna!<\/li>\n\n\n\n<li>V\u00e4lj inte en f\u00f6r stor bil, eftersom vissa v\u00e4gar \u00e4r mycket smala<\/li>\n\n\n\n<li>T\u00e4nk p\u00e5 deras full t\u00e4ckning alternativ &#8211; det f\u00f6r sinnesfrid!  <\/li>\n\n\n\n<li><span style=\"text-decoration: underline;\">Boka tidigt<\/span> f\u00f6r att ha ett stort urval av fordon!<\/li>\n<\/ul>\n\n\n\n<div class=\"wp-block-columns box_barre_boutons is-layout-flex wp-container-core-columns-is-layout-9d6595d7 wp-block-columns-is-layout-flex\">\n<div class=\"wp-block-column is-vertically-aligned-center box_col_conseil is-layout-flow wp-block-column-is-layout-flow\">\n<p class=\"box_lien\"><a href=\"https:\/\/www.zigzagonearth.com\/renting-car-mallorca-tips\/\" target=\"_blank\" rel=\"noreferrer noopener\">Se alla mina tips<\/a><\/p>\n<\/div>\n\n\n\n<div class=\"wp-block-column box_col_bouton is-layout-flow wp-block-column-is-layout-flow\">\n<div class=\"wp-block-buttons box_bouton is-content-justification-left is-layout-flex wp-container-core-buttons-is-layout-fdcfc74e wp-block-buttons-is-layout-flex\">\n<div class=\"wp-block-button box_bouton\"><a class=\"wp-block-button__link wp-element-button\" href=\"https:\/\/www.discovercars.com\/se\/spain-balearic-islands\/mallorca?a_aid=zigzag&amp;amp;chan=ZZ_Mallorca\" target=\"_blank\" rel=\"noreferrer noopener\">Se tillg\u00e4ngliga bilar  <span class=\"box_bouton_image\"><img decoding=\"async\" style=\"width: 14px; height:14px;  \" src=\"https:\/\/www.zigzagonearth.com\/wp-content\/uploads\/2023\/08\/fleche.png\" alt=\"\"\/><\/span><\/a><\/div>\n<\/div>\n<\/div>\n<\/div>\n<\/div>\n\n\n\n<div class=\"wp-block-column colonne box_cafe_img is-layout-flow wp-block-column-is-layout-flow\" style=\"flex-basis:33.33%\"><div class=\"wp-block-image\">\n<figure class=\"aligncenter size-large is-resized\"><img loading=\"lazy\" decoding=\"async\" src=\"https:\/\/www.zigzagonearth.com\/wp-content\/uploads\/2023\/08\/003world-travel-car-01-1024x1024.webp\" alt=\"\" class=\"wp-image-16227\" style=\"width:288px;height:288px\" width=\"288\" height=\"288\" srcset=\"https:\/\/www.zigzagonearth.com\/wp-content\/uploads\/2023\/08\/003world-travel-car-01-1024x1024.webp 1024w, https:\/\/www.zigzagonearth.com\/wp-content\/uploads\/2023\/08\/003world-travel-car-01-300x300.webp 300w, https:\/\/www.zigzagonearth.com\/wp-content\/uploads\/2023\/08\/003world-travel-car-01-150x150.webp 150w, https:\/\/www.zigzagonearth.com\/wp-content\/uploads\/2023\/08\/003world-travel-car-01-768x768.webp 768w, https:\/\/www.zigzagonearth.com\/wp-content\/uploads\/2023\/08\/003world-travel-car-01-1536x1536.webp 1536w, https:\/\/www.zigzagonearth.com\/wp-content\/uploads\/2023\/08\/003world-travel-car-01-2048x2048.webp 2048w, https:\/\/www.zigzagonearth.com\/wp-content\/uploads\/2023\/08\/003world-travel-car-01-100x100.webp 100w, https:\/\/www.zigzagonearth.com\/wp-content\/uploads\/2023\/08\/003world-travel-car-01-600x600.webp 600w\" sizes=\"auto, (max-width: 288px) 100vw, 288px\" \/><\/figure>\n<\/div><\/div>\n<\/div>\n<\/div><\/div><\/div>\n\n<p><strong><strong>Vill du se mer av Mallorca?<\/strong><\/strong><\/p>\n\n<ul class=\"wp-block-list\">\n<li>40 vackraste landskapen p\u00e5 Mallorca (med bilder) &#8211; <a style=\"outline: none;\" href=\"https:\/\/www.zigzagonearth.com\/sv\/basta-landskap-mallorca-foton\/\" target=\"_blank\" rel=\"noopener\">L\u00e4s artikeln<\/a><\/li>\n\n\n\n<li>Mallorcas 7 b\u00e4sta grottor &#8211; <a style=\"outline: none;\" href=\"https:\/\/www.zigzagonearth.com\/best-caves-mallorca\/\" target=\"_blank\" rel=\"noopener\">l\u00e4s artikeln<\/a><\/li>\n\n\n\n<li>10 b\u00e4sta calas p\u00e5 Mallorca (vikar) &#8211; <a style=\"outline: none;\" href=\"https:\/\/www.zigzagonearth.com\/best-calas-mallorca-coves\/\" target=\"_blank\" rel=\"noopener\">l\u00e4s artikel<\/a><\/li>\n\n\n\n<li>12 dolda p\u00e4rlor p\u00e5 Mallorca, utanf\u00f6r allfarv\u00e4garna &#8211; <a style=\"outline: none;\" href=\"https:\/\/www.zigzagonearth.com\/secret-places-mallorca-hidden-gems\/\" target=\"_blank\" rel=\"noopener\">l\u00e4s artikeln<\/a><\/li>\n\n\n\n<li>21 vackraste vyerna p\u00e5 Mallorca &#8211; <a style=\"outline: none;\" href=\"https:\/\/www.zigzagonearth.com\/best-views-mallorca-viewpoints\/\" target=\"_blank\" rel=\"noopener\">l\u00e4s artikeln<\/a><\/li>\n\n\n\n<li>Restips f\u00f6r Mallorca &#8211; <a style=\"outline: none;\" href=\"https:\/\/www.zigzagonearth.com\/road-trip-mallorca-travel-guide\/\" target=\"_blank\" rel=\"noopener\">l\u00e4s artikeln<\/a><\/li>\n\n\n\n<li>K\u00f6rning p\u00e5 Mallorca &#8211; <a style=\"outline: none;\" href=\"https:\/\/www.zigzagonearth.com\/driving-mallorca-tips\/\" target=\"_blank\" rel=\"noopener\">l\u00e4s artikeln<\/a><\/li>\n\n\n\n<li>21 vackraste st\u00e4der och byar p\u00e5 Mallorca &#8211; <a style=\"outline: none;\" href=\"https:\/\/www.zigzagonearth.com\/best-villages-mallorca-towns\/\" target=\"_blank\" rel=\"noopener\">l\u00e4s artikeln<\/a><\/li>\n<\/ul>\n\n<p><strong>Planerar du en resa till Mallorca?<\/strong><\/p>\n\n<p>Kolla in min reseguide f\u00f6r att f\u00e5 hj\u00e4lp med planeringen:<\/p>\n\n<div style=\"margin-top:8%;margin-bottom:8%\" class=\"wp-block-genesis-blocks-gb-container box_ebook gb-block-container\"><div class=\"gb-container-inside\"><div class=\"gb-container-content\">\n<h5 class=\"wp-block-heading box_titre_ebook\">Planera din dr\u00f6mresa till <strong>Mallorca<\/strong> med hj\u00e4lp av min guide (endast p\u00e5 engelska):<\/h5>\n\n\n\n<div class=\"wp-block-columns box_colonnes_ebook is-layout-flex wp-container-core-columns-is-layout-9d6595d7 wp-block-columns-is-layout-flex\">\n<div class=\"wp-block-column is-layout-flow wp-block-column-is-layout-flow\">\n<figure class=\"wp-block-image size-large img_ebook\"><a href=\"https:\/\/www.zigzagonearth.com\/photograph-mallorca-travel-guide\/\"><img decoding=\"async\" src=\"https:\/\/www.zigzagonearth.com\/wp-content\/uploads\/2021\/11\/Travel-Guide-Mallorca-ebook-cover-S2.jpg\" alt=\"eBook Reseguide Mallorca\"\/><\/a><\/figure>\n<\/div>\n\n\n\n<div class=\"wp-block-column is-layout-flow wp-block-column-is-layout-flow\">\n<ul class=\"box_liste wp-block-list\" style=\"font-size:16px\">\n<li>8 kartor f\u00f6r att enkelt planera din resv\u00e4g<\/li>\n\n\n\n<li>140+ f\u00f6rvalda platser<\/li>\n\n\n\n<li>GPS + tips f\u00f6r att f\u00e5 ut mesta m\u00f6jliga av din tid<\/li>\n\n\n\n<li>Tips f\u00f6r planering<\/li>\n\n\n\n<li>270+ originalbilder som hj\u00e4lper dig att v\u00e4lja<\/li>\n<\/ul>\n\n\n\n<div class=\"wp-block-buttons box_colonne_bouton_ebook is-content-justification-left is-layout-flex wp-container-core-buttons-is-layout-fdcfc74e wp-block-buttons-is-layout-flex\">\n<div class=\"wp-block-button box_bouton box_bouton_ebook\"><a class=\"wp-block-button__link wp-element-button\" href=\"https:\/\/www.zigzagonearth.com\/photograph-mallorca-travel-guide\/\" target=\"_blank\" rel=\"noreferrer noopener\">Uppt\u00e4ck det! (endast p\u00e5 engelska)<span class=\"box_bouton_image\"><\/span><\/a><\/div>\n<\/div>\n<\/div>\n<\/div>\n<\/div><\/div><\/div>\n\n<p class=\"has-text-align-left\"><strong>Och h\u00e5ll koll p\u00e5 din egen resa!<\/strong><\/p>\n\n<figure class=\"wp-block-image\"><a href=\"https:\/\/www.amazon.com\/dp\/B09LY2SHWZ?&amp;linkCode=ll1&amp;tag=zigzagus-20&amp;linkId=83ab24501f03e2883ec6fa1a8d9655b8&amp;language=en_US&amp;ref_=as_li_ss_tl\" target=\"_blank\" rel=\"nofollow noopener\"><img decoding=\"async\" src=\"\/\/www.zigzagonearth.com\/wp-content\/uploads\/2021\/11\/Mallorca-travel-Journal.jpg\" alt=\"Mallorca resedagbok\" title=\"Mallorca resedagbok\"\/><\/a><\/figure>\n\n<p><strong>TIDIGARE:  <\/strong><\/p>\n\n<p class=\"has-text-align-left\"><strong><a style=\"outline: none;\" href=\"https:\/\/www.zigzagonearth.com\/best-calas-mallorca-coves\/\" target=\"_blank\" rel=\"noopener\">10 b\u00e4sta Calas p\u00e5 Mallorca<\/a><\/strong><\/p>\n\n<p><strong>N\u00c4STA: <\/strong><\/p>\n\n<p class=\"has-text-align-left\"><strong><strong><a href=\"https:\/\/www.zigzagonearth.com\/best-views-mallorca-viewpoints\/\" target=\"_blank\" rel=\"noopener\">21 vackraste vyerna p\u00e5 Mallorca<\/a><\/strong><\/strong><\/p>\n\n<figure class=\"wp-block-image\"><a href=\"https:\/\/www.zigzagonearth.com\/mallorca-travel-guide-tips\/\" target=\"_blank\" rel=\"nofollow noopener\"><img decoding=\"async\" src=\"\/\/www.zigzagonearth.com\/wp-content\/uploads\/2021\/11\/Mallorca-Travel-Guide.jpg\" alt=\"Reseguide Mallorca\" title=\"Reseguide Mallorca\"\/><\/a><\/figure>\n\n<p class=\"has-text-align-left\"><strong>Inspirerad? Dela den p\u00e5 din favoritplattform!<\/strong><\/p>\n","protected":false},"excerpt":{"rendered":"<p>Letar du efter de vackraste str\u00e4nderna p\u00e5 Mallorca att njuta av under din semester?Det finns ett brett utbud med sm\u00e5 vikar eller l\u00e5nga sandstr\u00e4ckor.Nedan f\u00f6ljer mitt urval av de 21 b\u00e4sta str\u00e4nderna p\u00e5 \u00f6n med karta, bilder och tips. Innan alla mina tips + bilder, l\u00e5t mig dela med mig av mitt b\u00e4sta tips f\u00f6r [&hellip;]<\/p>\n","protected":false},"author":1,"featured_media":0,"comment_status":"closed","ping_status":"closed","sticky":false,"template":"","format":"standard","meta":{"_genesis_hide_title":false,"_genesis_hide_breadcrumbs":false,"_genesis_hide_singular_image":false,"_genesis_hide_footer_widgets":false,"_genesis_custom_body_class":"","_genesis_custom_post_class":"","_genesis_layout":"full-width-content","footnotes":""},"categories":[881],"tags":[],"class_list":{"0":"post-69679","1":"post","2":"type-post","3":"status-publish","4":"format-standard","6":"category-mallorca-sv","7":"entry"},"yoast_head":"<!-- This site is optimized with the Yoast SEO plugin v27.2 - https:\/\/yoast.com\/product\/yoast-seo-wordpress\/ -->\n<title>21 b\u00e4sta str\u00e4nderna p\u00e5 Mallorca (tips, foton, karta)<\/title>\n<meta name=\"description\" content=\"Uppt\u00e4ck de b\u00e4sta str\u00e4nderna p\u00e5 Mallorca - med tips, kartor, foton - avskilda, n\u00e4ra Palma, f\u00f6r familjer, g\u00f6mda str\u00e4nder, b\u00e4st f\u00f6r snorkling...\" \/>\n<meta name=\"robots\" content=\"index, follow, max-snippet:-1, max-image-preview:large, max-video-preview:-1\" \/>\n<link rel=\"canonical\" href=\"https:\/\/www.zigzagonearth.com\/sv\/basta-stranderna-mallorca\/\" \/>\n<meta property=\"og:locale\" content=\"sv_SE\" \/>\n<meta property=\"og:type\" content=\"article\" \/>\n<meta property=\"og:title\" content=\"21 b\u00e4sta str\u00e4nderna p\u00e5 Mallorca (tips, foton, karta)\" \/>\n<meta property=\"og:description\" content=\"Uppt\u00e4ck de b\u00e4sta str\u00e4nderna p\u00e5 Mallorca - med tips, kartor, foton - avskilda, n\u00e4ra Palma, f\u00f6r familjer, g\u00f6mda str\u00e4nder, b\u00e4st f\u00f6r snorkling...\" \/>\n<meta property=\"og:url\" content=\"https:\/\/www.zigzagonearth.com\/sv\/basta-stranderna-mallorca\/\" \/>\n<meta property=\"og:site_name\" content=\"ZigZagonEarth\" \/>\n<meta property=\"article:publisher\" content=\"https:\/\/www.facebook.com\/zigzagonearth\" \/>\n<meta property=\"article:author\" content=\"https:\/\/www.facebook.com\/zigzagonearth\" \/>\n<meta property=\"article:published_time\" content=\"2022-02-26T11:02:19+00:00\" \/>\n<meta property=\"article:modified_time\" content=\"2023-11-02T15:56:34+00:00\" \/>\n<meta property=\"og:image\" content=\"http:\/\/www.zigzagonearth.com\/wp-content\/uploads\/2021\/12\/FB-best-beaches-in-Mallorca-coves.jpg\" \/>\n<meta name=\"author\" content=\"Claire\" \/>\n<meta name=\"twitter:card\" content=\"summary_large_image\" \/>\n<meta name=\"twitter:creator\" content=\"@ZigZagOnEarth\" \/>\n<meta name=\"twitter:site\" content=\"@ZigZagOnEarth\" \/>\n<meta name=\"twitter:label1\" content=\"Skriven av\" \/>\n\t<meta name=\"twitter:data1\" content=\"Claire\" \/>\n\t<meta name=\"twitter:label2\" content=\"Ber\u00e4knad l\u00e4stid\" \/>\n\t<meta name=\"twitter:data2\" content=\"20 minuter\" \/>\n<script type=\"application\/ld+json\" class=\"yoast-schema-graph\">{\"@context\":\"https:\/\/schema.org\",\"@graph\":[{\"@type\":\"Article\",\"@id\":\"https:\/\/www.zigzagonearth.com\/sv\/basta-stranderna-mallorca\/#article\",\"isPartOf\":{\"@id\":\"https:\/\/www.zigzagonearth.com\/sv\/basta-stranderna-mallorca\/\"},\"author\":{\"name\":\"Claire\",\"@id\":\"https:\/\/www.zigzagonearth.com\/sv\/#\/schema\/person\/0498142e0cb256f21659d85ef6bca599\"},\"headline\":\"21 b\u00e4sta str\u00e4nderna p\u00e5 Mallorca (tips, foton, karta)\",\"datePublished\":\"2022-02-26T11:02:19+00:00\",\"dateModified\":\"2023-11-02T15:56:34+00:00\",\"mainEntityOfPage\":{\"@id\":\"https:\/\/www.zigzagonearth.com\/sv\/basta-stranderna-mallorca\/\"},\"wordCount\":4078,\"image\":{\"@id\":\"https:\/\/www.zigzagonearth.com\/sv\/basta-stranderna-mallorca\/#primaryimage\"},\"thumbnailUrl\":\"https:\/\/www.zigzagonearth.com\/wp-content\/uploads\/2023\/09\/basta-stranderna-Mallorca.jpg\",\"articleSection\":[\"Mallorca\"],\"inLanguage\":\"sv-SE\"},{\"@type\":\"WebPage\",\"@id\":\"https:\/\/www.zigzagonearth.com\/sv\/basta-stranderna-mallorca\/\",\"url\":\"https:\/\/www.zigzagonearth.com\/sv\/basta-stranderna-mallorca\/\",\"name\":\"21 b\u00e4sta str\u00e4nderna p\u00e5 Mallorca (tips, foton, karta)\",\"isPartOf\":{\"@id\":\"https:\/\/www.zigzagonearth.com\/sv\/#website\"},\"primaryImageOfPage\":{\"@id\":\"https:\/\/www.zigzagonearth.com\/sv\/basta-stranderna-mallorca\/#primaryimage\"},\"image\":{\"@id\":\"https:\/\/www.zigzagonearth.com\/sv\/basta-stranderna-mallorca\/#primaryimage\"},\"thumbnailUrl\":\"https:\/\/www.zigzagonearth.com\/wp-content\/uploads\/2023\/09\/basta-stranderna-Mallorca.jpg\",\"datePublished\":\"2022-02-26T11:02:19+00:00\",\"dateModified\":\"2023-11-02T15:56:34+00:00\",\"author\":{\"@id\":\"https:\/\/www.zigzagonearth.com\/sv\/#\/schema\/person\/0498142e0cb256f21659d85ef6bca599\"},\"description\":\"Uppt\u00e4ck de b\u00e4sta str\u00e4nderna p\u00e5 Mallorca - med tips, kartor, foton - avskilda, n\u00e4ra Palma, f\u00f6r familjer, g\u00f6mda str\u00e4nder, b\u00e4st f\u00f6r snorkling...\",\"breadcrumb\":{\"@id\":\"https:\/\/www.zigzagonearth.com\/sv\/basta-stranderna-mallorca\/#breadcrumb\"},\"inLanguage\":\"sv-SE\",\"potentialAction\":[{\"@type\":\"ReadAction\",\"target\":[\"https:\/\/www.zigzagonearth.com\/sv\/basta-stranderna-mallorca\/\"]}]},{\"@type\":\"ImageObject\",\"inLanguage\":\"sv-SE\",\"@id\":\"https:\/\/www.zigzagonearth.com\/sv\/basta-stranderna-mallorca\/#primaryimage\",\"url\":\"https:\/\/www.zigzagonearth.com\/wp-content\/uploads\/2023\/09\/basta-stranderna-Mallorca.jpg\",\"contentUrl\":\"https:\/\/www.zigzagonearth.com\/wp-content\/uploads\/2023\/09\/basta-stranderna-Mallorca.jpg\"},{\"@type\":\"BreadcrumbList\",\"@id\":\"https:\/\/www.zigzagonearth.com\/sv\/basta-stranderna-mallorca\/#breadcrumb\",\"itemListElement\":[{\"@type\":\"ListItem\",\"position\":1,\"name\":\"Home\",\"item\":\"https:\/\/www.zigzagonearth.com\/sv\/\"},{\"@type\":\"ListItem\",\"position\":2,\"name\":\"21 b\u00e4sta str\u00e4nderna p\u00e5 Mallorca (tips, foton, karta)\"}]},{\"@type\":\"WebSite\",\"@id\":\"https:\/\/www.zigzagonearth.com\/sv\/#website\",\"url\":\"https:\/\/www.zigzagonearth.com\/sv\/\",\"name\":\"ZigZagonEarth\",\"description\":\"Plan unforgettable road trips!\",\"potentialAction\":[{\"@type\":\"SearchAction\",\"target\":{\"@type\":\"EntryPoint\",\"urlTemplate\":\"https:\/\/www.zigzagonearth.com\/sv\/?s={search_term_string}\"},\"query-input\":{\"@type\":\"PropertyValueSpecification\",\"valueRequired\":true,\"valueName\":\"search_term_string\"}}],\"inLanguage\":\"sv-SE\"},{\"@type\":\"Person\",\"@id\":\"https:\/\/www.zigzagonearth.com\/sv\/#\/schema\/person\/0498142e0cb256f21659d85ef6bca599\",\"name\":\"Claire\",\"image\":{\"@type\":\"ImageObject\",\"inLanguage\":\"sv-SE\",\"@id\":\"https:\/\/secure.gravatar.com\/avatar\/7a2d4fe6757ab43d35e1680834ada7bf24e3ceccf01b37a8d65bfb7e69ce6271?s=96&d=blank&r=g\",\"url\":\"https:\/\/secure.gravatar.com\/avatar\/7a2d4fe6757ab43d35e1680834ada7bf24e3ceccf01b37a8d65bfb7e69ce6271?s=96&d=blank&r=g\",\"contentUrl\":\"https:\/\/secure.gravatar.com\/avatar\/7a2d4fe6757ab43d35e1680834ada7bf24e3ceccf01b37a8d65bfb7e69ce6271?s=96&d=blank&r=g\",\"caption\":\"Claire\"},\"description\":\"Claire is the ultimate Travel Planning Geek - She can spend hours, weeks, months... researching for a trip. She created ZigZag On Earth to help people plan their own travels and make the most of their time.\",\"sameAs\":[\"https:\/\/www.facebook.com\/zigzagonearth\"]}]}<\/script>\n<!-- \/ Yoast SEO plugin. -->","yoast_head_json":{"title":"21 b\u00e4sta str\u00e4nderna p\u00e5 Mallorca (tips, foton, karta)","description":"Uppt\u00e4ck de b\u00e4sta str\u00e4nderna p\u00e5 Mallorca - med tips, kartor, foton - avskilda, n\u00e4ra Palma, f\u00f6r familjer, g\u00f6mda str\u00e4nder, b\u00e4st f\u00f6r snorkling...","robots":{"index":"index","follow":"follow","max-snippet":"max-snippet:-1","max-image-preview":"max-image-preview:large","max-video-preview":"max-video-preview:-1"},"canonical":"https:\/\/www.zigzagonearth.com\/sv\/basta-stranderna-mallorca\/","og_locale":"sv_SE","og_type":"article","og_title":"21 b\u00e4sta str\u00e4nderna p\u00e5 Mallorca (tips, foton, karta)","og_description":"Uppt\u00e4ck de b\u00e4sta str\u00e4nderna p\u00e5 Mallorca - med tips, kartor, foton - avskilda, n\u00e4ra Palma, f\u00f6r familjer, g\u00f6mda str\u00e4nder, b\u00e4st f\u00f6r snorkling...","og_url":"https:\/\/www.zigzagonearth.com\/sv\/basta-stranderna-mallorca\/","og_site_name":"ZigZagonEarth","article_publisher":"https:\/\/www.facebook.com\/zigzagonearth","article_author":"https:\/\/www.facebook.com\/zigzagonearth","article_published_time":"2022-02-26T11:02:19+00:00","article_modified_time":"2023-11-02T15:56:34+00:00","og_image":[{"url":"http:\/\/www.zigzagonearth.com\/wp-content\/uploads\/2021\/12\/FB-best-beaches-in-Mallorca-coves.jpg","type":"","width":"","height":""}],"author":"Claire","twitter_card":"summary_large_image","twitter_creator":"@ZigZagOnEarth","twitter_site":"@ZigZagOnEarth","twitter_misc":{"Skriven av":"Claire","Ber\u00e4knad l\u00e4stid":"20 minuter"},"schema":{"@context":"https:\/\/schema.org","@graph":[{"@type":"Article","@id":"https:\/\/www.zigzagonearth.com\/sv\/basta-stranderna-mallorca\/#article","isPartOf":{"@id":"https:\/\/www.zigzagonearth.com\/sv\/basta-stranderna-mallorca\/"},"author":{"name":"Claire","@id":"https:\/\/www.zigzagonearth.com\/sv\/#\/schema\/person\/0498142e0cb256f21659d85ef6bca599"},"headline":"21 b\u00e4sta str\u00e4nderna p\u00e5 Mallorca (tips, foton, karta)","datePublished":"2022-02-26T11:02:19+00:00","dateModified":"2023-11-02T15:56:34+00:00","mainEntityOfPage":{"@id":"https:\/\/www.zigzagonearth.com\/sv\/basta-stranderna-mallorca\/"},"wordCount":4078,"image":{"@id":"https:\/\/www.zigzagonearth.com\/sv\/basta-stranderna-mallorca\/#primaryimage"},"thumbnailUrl":"https:\/\/www.zigzagonearth.com\/wp-content\/uploads\/2023\/09\/basta-stranderna-Mallorca.jpg","articleSection":["Mallorca"],"inLanguage":"sv-SE"},{"@type":"WebPage","@id":"https:\/\/www.zigzagonearth.com\/sv\/basta-stranderna-mallorca\/","url":"https:\/\/www.zigzagonearth.com\/sv\/basta-stranderna-mallorca\/","name":"21 b\u00e4sta str\u00e4nderna p\u00e5 Mallorca (tips, foton, karta)","isPartOf":{"@id":"https:\/\/www.zigzagonearth.com\/sv\/#website"},"primaryImageOfPage":{"@id":"https:\/\/www.zigzagonearth.com\/sv\/basta-stranderna-mallorca\/#primaryimage"},"image":{"@id":"https:\/\/www.zigzagonearth.com\/sv\/basta-stranderna-mallorca\/#primaryimage"},"thumbnailUrl":"https:\/\/www.zigzagonearth.com\/wp-content\/uploads\/2023\/09\/basta-stranderna-Mallorca.jpg","datePublished":"2022-02-26T11:02:19+00:00","dateModified":"2023-11-02T15:56:34+00:00","author":{"@id":"https:\/\/www.zigzagonearth.com\/sv\/#\/schema\/person\/0498142e0cb256f21659d85ef6bca599"},"description":"Uppt\u00e4ck de b\u00e4sta str\u00e4nderna p\u00e5 Mallorca - med tips, kartor, foton - avskilda, n\u00e4ra Palma, f\u00f6r familjer, g\u00f6mda str\u00e4nder, b\u00e4st f\u00f6r snorkling...","breadcrumb":{"@id":"https:\/\/www.zigzagonearth.com\/sv\/basta-stranderna-mallorca\/#breadcrumb"},"inLanguage":"sv-SE","potentialAction":[{"@type":"ReadAction","target":["https:\/\/www.zigzagonearth.com\/sv\/basta-stranderna-mallorca\/"]}]},{"@type":"ImageObject","inLanguage":"sv-SE","@id":"https:\/\/www.zigzagonearth.com\/sv\/basta-stranderna-mallorca\/#primaryimage","url":"https:\/\/www.zigzagonearth.com\/wp-content\/uploads\/2023\/09\/basta-stranderna-Mallorca.jpg","contentUrl":"https:\/\/www.zigzagonearth.com\/wp-content\/uploads\/2023\/09\/basta-stranderna-Mallorca.jpg"},{"@type":"BreadcrumbList","@id":"https:\/\/www.zigzagonearth.com\/sv\/basta-stranderna-mallorca\/#breadcrumb","itemListElement":[{"@type":"ListItem","position":1,"name":"Home","item":"https:\/\/www.zigzagonearth.com\/sv\/"},{"@type":"ListItem","position":2,"name":"21 b\u00e4sta str\u00e4nderna p\u00e5 Mallorca (tips, foton, karta)"}]},{"@type":"WebSite","@id":"https:\/\/www.zigzagonearth.com\/sv\/#website","url":"https:\/\/www.zigzagonearth.com\/sv\/","name":"ZigZagonEarth","description":"Plan unforgettable road trips!","potentialAction":[{"@type":"SearchAction","target":{"@type":"EntryPoint","urlTemplate":"https:\/\/www.zigzagonearth.com\/sv\/?s={search_term_string}"},"query-input":{"@type":"PropertyValueSpecification","valueRequired":true,"valueName":"search_term_string"}}],"inLanguage":"sv-SE"},{"@type":"Person","@id":"https:\/\/www.zigzagonearth.com\/sv\/#\/schema\/person\/0498142e0cb256f21659d85ef6bca599","name":"Claire","image":{"@type":"ImageObject","inLanguage":"sv-SE","@id":"https:\/\/secure.gravatar.com\/avatar\/7a2d4fe6757ab43d35e1680834ada7bf24e3ceccf01b37a8d65bfb7e69ce6271?s=96&d=blank&r=g","url":"https:\/\/secure.gravatar.com\/avatar\/7a2d4fe6757ab43d35e1680834ada7bf24e3ceccf01b37a8d65bfb7e69ce6271?s=96&d=blank&r=g","contentUrl":"https:\/\/secure.gravatar.com\/avatar\/7a2d4fe6757ab43d35e1680834ada7bf24e3ceccf01b37a8d65bfb7e69ce6271?s=96&d=blank&r=g","caption":"Claire"},"description":"Claire is the ultimate Travel Planning Geek - She can spend hours, weeks, months... researching for a trip. She created ZigZag On Earth to help people plan their own travels and make the most of their time.","sameAs":["https:\/\/www.facebook.com\/zigzagonearth"]}]}},"featured_image_src":null,"featured_image_src_square":null,"author_info":{"display_name":"Claire","author_link":"https:\/\/www.zigzagonearth.com\/sv\/author\/zzoe\/"},"_links":{"self":[{"href":"https:\/\/www.zigzagonearth.com\/sv\/wp-json\/wp\/v2\/posts\/69679","targetHints":{"allow":["GET"]}}],"collection":[{"href":"https:\/\/www.zigzagonearth.com\/sv\/wp-json\/wp\/v2\/posts"}],"about":[{"href":"https:\/\/www.zigzagonearth.com\/sv\/wp-json\/wp\/v2\/types\/post"}],"author":[{"embeddable":true,"href":"https:\/\/www.zigzagonearth.com\/sv\/wp-json\/wp\/v2\/users\/1"}],"replies":[{"embeddable":true,"href":"https:\/\/www.zigzagonearth.com\/sv\/wp-json\/wp\/v2\/comments?post=69679"}],"version-history":[{"count":0,"href":"https:\/\/www.zigzagonearth.com\/sv\/wp-json\/wp\/v2\/posts\/69679\/revisions"}],"wp:attachment":[{"href":"https:\/\/www.zigzagonearth.com\/sv\/wp-json\/wp\/v2\/media?parent=69679"}],"wp:term":[{"taxonomy":"category","embeddable":true,"href":"https:\/\/www.zigzagonearth.com\/sv\/wp-json\/wp\/v2\/categories?post=69679"},{"taxonomy":"post_tag","embeddable":true,"href":"https:\/\/www.zigzagonearth.com\/sv\/wp-json\/wp\/v2\/tags?post=69679"}],"curies":[{"name":"wp","href":"https:\/\/api.w.org\/{rel}","templated":true}]}}