{"id":69059,"date":"2021-08-16T10:36:23","date_gmt":"2021-08-16T08:36:23","guid":{"rendered":"https:\/\/www.zigzagonearth.com\/madeira-restips-guide\/"},"modified":"2023-10-26T14:01:09","modified_gmt":"2023-10-26T12:01:09","slug":"madeira-restips-guide","status":"publish","type":"post","link":"https:\/\/www.zigzagonearth.com\/sv\/madeira-restips-guide\/","title":{"rendered":"42 restips f\u00f6r Madeira (g\u00f6r det b\u00e4sta av din resa!)"},"content":{"rendered":"\n<p><strong>Planerar du en resa till Madeira? Vilket underbart val av resm\u00e5l!<\/strong><br\/><strong>Nedan f\u00f6ljer mina b\u00e4sta restips f\u00f6r Madeira f\u00f6r att f\u00e5 ut det mesta av din tid:<\/strong><\/p>\n\n<ul class=\"wp-block-list\">\n<li><strong>Tips f\u00f6r att planera din resa<\/strong><\/li>\n\n\n\n<li><strong>Tips f\u00f6r att ta dig runt p\u00e5 Madeira<\/strong><\/li>\n\n\n\n<li><strong>Tips p\u00e5 boende och var du kan bo<\/strong><\/li>\n\n\n\n<li><strong>Tips p\u00e5 de b\u00e4sta sev\u00e4rdheter och rekommendationer f\u00f6r att uppleva dem<\/strong><\/li>\n\n\n\n<li><strong>&#8230;.<\/strong><\/li>\n<\/ul>\n\n<p><strong>Allt du beh\u00f6ver f\u00f6r att planera din resa runt \u00f6n Madeira! Din kompletta guide.<\/strong><\/p>\n\n<div style=\"margin-top:8%;margin-bottom:8%\" class=\"wp-block-genesis-blocks-gb-container box gb-block-container\"><div class=\"gb-container-inside\"><div class=\"gb-container-content\">\n<p class=\"box_titre_une\">Innan mina tips + foton, h\u00e4r \u00e4r <u>mina favoriter<\/u> f\u00f6r Madeira:<\/p>\n\n\n\n<div class=\"wp-block-columns box_colonne_cc is-layout-flex wp-container-core-columns-is-layout-9d6595d7 wp-block-columns-is-layout-flex\">\n<div class=\"wp-block-column box_picto_c is-layout-flow wp-block-column-is-layout-flow\" style=\"flex-basis:5%\">\n<figure class=\"wp-block-image size-full is-resized box_picto\"><img loading=\"lazy\" decoding=\"async\" src=\"http:\/\/www.zigzagonearth.com\/wp-content\/uploads\/2023\/08\/&#x1F697;.png\" alt=\"\" class=\"wp-image-16341\" style=\"width:30px;height:31px\" width=\"30\" height=\"31\"\/><\/figure>\n<\/div>\n\n\n\n<div class=\"wp-block-column is-layout-flow wp-block-column-is-layout-flow\" style=\"flex-basis:95%\">\n<p class=\"box_lien_g\">Min favoritplattform f\u00f6r att hyra en bil p\u00e5 Madeira: <a href=\"https:\/\/www.discovercars.com\/se\/portugal\/madeira?a_aid=zigzag&amp;chan=ZZ_Madeira\" target=\"_blank\" rel=\"noreferrer noopener sponsored nofollow\">DiscoverCars<\/a><\/p>\n<\/div>\n<\/div>\n\n\n\n<div class=\"wp-block-columns box_colonne_cc is-layout-flex wp-container-core-columns-is-layout-9d6595d7 wp-block-columns-is-layout-flex\">\n<div class=\"wp-block-column box_picto_c is-layout-flow wp-block-column-is-layout-flow\" style=\"flex-basis:5%\">\n<figure class=\"wp-block-image size-full is-resized box_picto\"><img loading=\"lazy\" decoding=\"async\" src=\"http:\/\/www.zigzagonearth.com\/wp-content\/uploads\/2023\/08\/&#x1F6E5;&#xFE0F;&#xFE0F;.png\" alt=\"\" class=\"wp-image-16340\" style=\"width:30px;height:31px\" width=\"30\" height=\"31\"\/><\/figure>\n<\/div>\n\n\n\n<div class=\"wp-block-column is-layout-flow wp-block-column-is-layout-flow\" style=\"flex-basis:90%\">\n<p>En b\u00e5ttur som inte f\u00e5r missas: <a href=\"https:\/\/www.getyourguide.se\/s\/?q=Funchal+catamaran+dolphin&amp;searchSource=7&amp;partner_id=R3GYW4V&amp;cmp=ZZ_madeira\" target=\"_blank\" rel=\"noreferrer noopener sponsored nofollow\">Katamarantur f\u00f6r att titta p\u00e5 valar<\/a><\/p>\n<\/div>\n<\/div>\n\n\n\n<div class=\"wp-block-columns box_colonne_cc is-layout-flex wp-container-core-columns-is-layout-9d6595d7 wp-block-columns-is-layout-flex\">\n<div class=\"wp-block-column box_picto_c is-layout-flow wp-block-column-is-layout-flow\" style=\"flex-basis:5%\">\n<figure class=\"wp-block-image size-full is-resized box_picto\"><img loading=\"lazy\" decoding=\"async\" src=\"http:\/\/www.zigzagonearth.com\/wp-content\/uploads\/2023\/08\/&#x1F68C;.png\" alt=\"\" class=\"wp-image-16339\" style=\"width:30px;height:31px\" width=\"30\" height=\"31\"\/><\/figure>\n<\/div>\n\n\n\n<div class=\"wp-block-column is-layout-flow wp-block-column-is-layout-flow\" style=\"flex-basis:90%\">\n<p>Min favoritutflykt fr\u00e5n Funchal: <a href=\"https:\/\/www.getyourguide.se\/funchal-l1026\/funchal-full-day-4x4-eastern-tour-t129045\/?partner_id=R3GYW4V&amp;cmp=ZZ_madeira\" target=\"_blank\" rel=\"noreferrer noopener sponsored nofollow\">4&#215;4-tur p\u00e5 \u00f6stra Madeira<\/a><\/p>\n<\/div>\n<\/div>\n\n\n\n<div class=\"wp-block-columns box_colonne_cc box_colonne_dernier_cc is-layout-flex wp-container-core-columns-is-layout-9d6595d7 wp-block-columns-is-layout-flex\">\n<div class=\"wp-block-column box_picto_x box_picto_c is-layout-flow wp-block-column-is-layout-flow\" style=\"flex-basis:5%\">\n<figure class=\"wp-block-image size-full is-resized box_picto\"><img loading=\"lazy\" decoding=\"async\" src=\"http:\/\/www.zigzagonearth.com\/wp-content\/uploads\/2023\/08\/&#x1F3E0;.png\" alt=\"\" class=\"wp-image-16338\" style=\"width:30px;height:31px\" width=\"30\" height=\"31\"\/><\/figure>\n<\/div>\n\n\n\n<div class=\"wp-block-column is-layout-flow wp-block-column-is-layout-flow\" style=\"flex-basis:95%\">\n<p>MMina favoritst\u00e4llen att bo p\u00e5 i Funchal: <a href=\"https:\/\/www.booking.com\/hotel\/pt\/les-suites-at-the-cliff-bay.html?aid=1164282&amp;label=madeira\" target=\"_blank\" rel=\"noreferrer noopener sponsored nofollow\">Les Suites at the Cliff Bay<\/a> (lyx) &#8211; <a href=\"https:\/\/www.booking.com\/hotel\/pt\/se-boutique.html?aid=1164282&amp;label=madeira\" target=\"_blank\" rel=\"noreferrer noopener sponsored nofollow\">S\u00e9 Boutique Hotel<\/a> (4 stj\u00e4rnor) &#8211; <a href=\"https:\/\/www.booking.com\/hotel\/pt\/the-marketplace-apartments.html?aid=1164282&amp;label=madeira\" target=\"_blank\" rel=\"noreferrer noopener sponsored nofollow\">Market Place by Storytellers<\/a> (l\u00e4genheter)<\/p>\n\n\n\n<p>Mina favoritst\u00e4llen att bo utanf\u00f6r Funchal: <a href=\"https:\/\/www.booking.com\/hotel\/pt\/saccharum.html?aid=1164282&amp;no_rooms=1&amp;group_adults=2&amp;label=madeira\" target=\"_blank\" rel=\"noreferrer noopener sponsored nofollow\">Saccharum Resort<\/a> n\u00e4ra en strand (Lyx) &#8211; <a href=\"https:\/\/www.booking.com\/hotel\/pt\/estalagem-da-ponta-do-sol.html?aid=1164282&amp;label=madeira\" target=\"_blank\" rel=\"noreferrer noopener sponsored nofollow\">Estalagem da Ponta do Sol<\/a> (4 stj\u00e4rnor) &#8211; <a href=\"https:\/\/www.booking.com\/hotel\/pt\/estalagem-engenho-velho.html?aid=1164282&amp;label=madeira\" target=\"_blank\" rel=\"noreferrer noopener sponsored nofollow\">Engho Velho Hotel<\/a> (mellanklass)<\/p>\n<\/div>\n<\/div>\n<\/div><\/div><\/div>\n\n<div class=\"wp-block-columns is-layout-flex wp-container-core-columns-is-layout-9d6595d7 wp-block-columns-is-layout-flex\">\n<div class=\"wp-block-column is-layout-flow wp-block-column-is-layout-flow\"><div class=\"wp-block-image\">\n<figure class=\"aligncenter size-large is-resized\"><img decoding=\"async\" src=\"https:\/\/www.zigzagonearth.com\/wp-content\/uploads\/2023\/09\/Restips-Madeira.jpg\" alt=\"Guide Madeira Restips Pin\" style=\"width:300px\" width=\"300\"\/><\/figure>\n<\/div><\/div>\n\n\n\n<div class=\"wp-block-column is-layout-flow wp-block-column-is-layout-flow\"><\/div>\n<\/div>\n\n<h2 class=\"wp-block-heading\" id=\"tab-con-10\"><strong>5 restips f\u00f6r Madeira som hj\u00e4lper dig att planera \/ resv\u00e4g<\/strong><\/h2>\n\n<h3 class=\"wp-block-heading\"><strong>#1 &#8211; V\u00e4lj den b\u00e4sta tiden att bes\u00f6ka Madeira f\u00f6r dig<\/strong><\/h3>\n\n<p>Madeira \u00e4r ett resm\u00e5l med behagliga temperaturer \u00e5ret runt.  <br\/>Du kan njuta av dess charm under alla \u00e5rstider&#8230; men om det finns saker du f\u00f6redrar \u00e4r vissa \u00e5rstider b\u00e4ttre \u00e4n andra. Det beror p\u00e5 vad du letar efter:  <\/p>\n\n<ul class=\"wp-block-list\">\n<li><strong>Massor av m\u00e4nniskor &#8211;<\/strong><br\/>Eftersom Madeira inte har s\u00e5 m\u00e5nga sandstr\u00e4nder \u00e4r det inte lika tr\u00e5ngt som p\u00e5 andra \u00f6ar i Mikronesien &#8211; men det finns fler turister under sommaren och under skolloven i Europa, samt under julen<\/li>\n\n\n\n<li><strong>V\u00e4der  <\/strong><br\/>Temperaturerna \u00e4r behagliga och \u00f6verlag stabila under hela \u00e5ret. Vintern kommer att ha l\u00e4gre temperatur (s\u00e4rskilt p\u00e5 natten) men inte s\u00e5 l\u00e5g. Och vintern kommer att bli regnigare, men inte s\u00e5 mycket! Juni \u00e4r den torraste m\u00e5naden &#8211; men mars till september \u00e4r torrperiod.<\/li>\n\n\n\n<li><strong>Vattenfall  <\/strong><br\/>Eftersom vintern \u00e4r lite regnigare \u00e4r det den b\u00e4sta \u00e5rstiden f\u00f6r att njuta av vattenfallet. P\u00e5 sommaren kan vissa av dem torka upp, och du kan bli besviken efter att ha vandrat&#8230;<\/li>\n\n\n\n<li><strong>Blommor i tr\u00e4dg\u00e5rdarna  <\/strong><br\/>Madeira \u00e4r k\u00e4nt f\u00f6r sina blommor och tr\u00e4dg\u00e5rdar. Den b\u00e4sta tiden \u00e4r v\u00e5ren (i mars, april och maj). Men om du har allergier b\u00f6r du undvika dessa m\u00e5nader&#8230;<\/li>\n\n\n\n<li><strong>Valar och delfiner  <\/strong><br\/>Madeira erbjuder b\u00e5tturer p\u00e5 den s\u00f6dra kusten f\u00f6r att hitta valar och delfiner. Vi kan se dem \u00e5ret runt, men de st\u00f6rsta populationerna finns mellan maj och september.<\/li>\n<\/ul>\n\n<p>L\u00e4s mer p\u00e5 <a style=\"outline: none;\" href=\"https:\/\/www.zigzagonearth.com\/best-time-to-visit-madeira\/\" target=\"_blank\" rel=\"noopener\">\n  <span style=\"text-decoration: underline;\">min artikel om b\u00e4sta tiden att resa till Madeira<\/span>\n<\/a>.<br\/>Eller l\u00e4s <a href=\"https:\/\/www.zigzagonearth.com\/madeira-winter-sun-christmas\/\" target=\"_blank\" rel=\"noopener\">min artikel om Madeira p\u00e5 vintern<\/a>.<\/p>\n\n<figure class=\"wp-block-image size-large\"><img decoding=\"async\" src=\"https:\/\/photos.smugmug.com\/Travel\/Madeira\/11ac-Pico-Areiro-sunrise\/i-5tQLLTC\/1\/4d8a2d1c\/L\/Pico_areiro_Pico_ruivo_hike_Madeira-7224777-L.jpg\" alt=\"Soluppg&#xE5;ng vid Pico do Arieiro\"\/><figcaption class=\"wp-element-caption\"><strong>Soluppg\u00e5ng vid Pico do Arieiro<\/strong><\/figcaption><\/figure>\n\n<h3 class=\"wp-block-heading\"><strong>#2 &#8211; Planera minst 10 dagar &#8211; Hur l\u00e4nge ska man planera att bes\u00f6ka Madeira<\/strong><\/h3>\n\n<p>Bes\u00f6k oss inte under en l\u00e5nghelg. \u00d6n ligger l\u00e5ngt fr\u00e5n Europa och landningar kan f\u00f6rsenas p\u00e5 grund av vind.<\/p>\n\n<p>\u00d6n \u00e4r inte s\u00e5 stor. Fr\u00e5n Funchal kan du n\u00e5 n\u00e4stan alla destinationer inom 1 timme, tack vare de m\u00e5nga tunnlarna.<br\/>Minimum f\u00f6r att bes\u00f6ka Madeira \u00e4r en vecka, men jag tycker verkligen att 10 dagar \u00e4r en b\u00e4ttre tidsram. Med bara en vecka skulle du beh\u00f6va skynda p\u00e5 din upplevelse eller g\u00f6ra vissa val av platser att se.  <\/p>\n\n<p>Jag tror att den b\u00e4sta l\u00e4ngden f\u00f6r din Madeira-resa \u00e4r mellan 10 dagar och 2 veckor (och mer om du vill utforska \u00f6n Porto Santo ocks\u00e5).<\/p>\n\n<p>Nedan finns en karta med de viktigaste k\u00f6rtiderna f\u00f6r att ge dig perspektiv:<\/p>\n\n<figure class=\"wp-block-image size-large\"><img decoding=\"async\" src=\"https:\/\/www.zigzagonearth.com\/wp-content\/uploads\/2021\/08\/Map-Madeira-driving-times.jpg\" alt=\"K&#xF6;rtider f&#xF6;r Madeira - karta\"\/><figcaption class=\"wp-element-caption\"><strong>K\u00f6rtider f\u00f6r Madeira &#8211; karta<\/strong><\/figcaption><\/figure>\n\n<h3 class=\"wp-block-heading\"><strong>#3 &#8211; Planera inte in en guidad tur p\u00e5 din f\u00f6rsta dag<\/strong><\/h3>\n\n<p>Madeira har en av de mest \u00f6k\u00e4nda landningsbanorna i Europa.<br\/>Det \u00e4r inte alltf\u00f6r farligt, men det blir bl\u00e5sigt och inflygningen \u00e4r speciell. Piloter m\u00e5ste ha en s\u00e4rskild utbildning f\u00f6r att f\u00e5 landa h\u00e4r.<br\/>Ibland \u00e4r det f\u00f6r mycket vind f\u00f6r att landa s\u00e4kert. I s\u00e5 fall kan det h\u00e4nda att flygplanen inte kan lyfta eller att de m\u00e5ste landa p\u00e5 en annan \u00f6 eller i Portugal.<br\/>I s\u00e5 fall m\u00e5ste du ta ett senare flyg.<\/p>\n\n<p>D\u00e4rf\u00f6r b\u00f6r du inte boka en rundtur den f\u00f6rsta dagen, om din ankomst skulle bli f\u00f6rsenad.<\/p>\n\n<figure class=\"wp-block-image size-large\"><img decoding=\"async\" src=\"https:\/\/photos.smugmug.com\/Travel\/Madeira\/Airport-flight\/i-TwFdFmp\/0\/a2180296\/L\/flight_Madeira-0087-L.jpg\" alt=\"&#xD6;n Madeira fr&#xE5;n flygplanet\"\/><figcaption class=\"wp-element-caption\"><strong>\u00d6n Madeira fr\u00e5n flygplanet<\/strong><\/figcaption><\/figure>\n\n<h3 class=\"wp-block-heading\"><strong>#4 &#8211; F\u00f6rv\u00e4nta dig inte dr\u00f6mlika sandstr\u00e4nder  <\/strong><\/h3>\n\n<p>\u00c5k inte till Madeira f\u00f6r att tillbringa dagarna p\u00e5 stranden. Detta \u00e4r inte r\u00e4tt destination f\u00f6r det.<br\/>De flesta str\u00e4nderna p\u00e5 \u00f6n \u00e4r stenstr\u00e4nder. Det finns mycket lite sand.<br\/>Om du inte f\u00f6rv\u00e4ntar dig det, kommer du inte att bli besviken.<br\/>\u00d6n \u00e4r magnifik och det finns mycket att g\u00f6ra. Bara inte det.<\/p>\n\n<figure class=\"wp-block-image\"><img decoding=\"async\" src=\"https:\/\/photos.smugmug.com\/Travel\/Madeira\/6e-Praia-Formosa\/i-8jvGMwD\/1\/1e827371\/L\/Praia_Formosa_Madeira-7173118-L.jpg\" alt=\"Praia Formosa\" title=\"Praia Formosa\"\/><\/figure>\n\n<h3 class=\"wp-block-heading\"><strong>#5 &#8211; Planera in viss flexibilitet f\u00f6r att anpassa dig till v\u00e4dret<\/strong><\/h3>\n\n<p>Madeira \u00e4r en \u00f6 mitt i Atlanten med h\u00f6ga berg. D\u00e4rf\u00f6r stoppar den molnen.<br\/>Om du \u00e4r ute efter solen under din resa till Madeira rekommenderar jag att du planerar lite flexibelt, s\u00e5 att du kan kolla v\u00e4dret och webbkamerorna och v\u00e4lja ett mindre molnigt omr\u00e5de p\u00e5 \u00f6n f\u00f6r en halvdag.<\/p>\n\n<p>I min planering hade jag samlat platserna med en halv dag s\u00e5 att jag kunde best\u00e4mma mig f\u00f6r vart jag skulle \u00e5ka h\u00e4rn\u00e4st.<br\/>Kolla in mina kartor i min e-bok f\u00f6r att hj\u00e4lpa dig att gruppera de b\u00e4sta platserna:<\/p>\n\n<div style=\"margin-top:8%;margin-bottom:8%\" class=\"wp-block-genesis-blocks-gb-container box_ebook gb-block-container\"><div class=\"gb-container-inside\"><div class=\"gb-container-content\">\n<h5 class=\"wp-block-heading box_titre_ebook\">Planera din <u>dr\u00f6mresa<\/u> till <strong>Madeira<\/strong> med hj\u00e4lp av min guide (endast p\u00e5 engelska)<\/h5>\n\n\n\n<div class=\"wp-block-columns box_colonnes_ebook is-layout-flex wp-container-core-columns-is-layout-9d6595d7 wp-block-columns-is-layout-flex\">\n<div class=\"wp-block-column is-layout-flow wp-block-column-is-layout-flow\">\n<figure class=\"wp-block-image size-large img_ebook\"><a href=\"https:\/\/www.zigzagonearth.com\/photograph-madeira-travel-guide\/\"><img decoding=\"async\" src=\"https:\/\/www.zigzagonearth.com\/wp-content\/uploads\/2021\/08\/small-Madeira-ebook-cover.jpg\" alt=\"eBook Reseguide Mallorca\"\/><\/a><\/figure>\n<\/div>\n\n\n\n<div class=\"wp-block-column is-layout-flow wp-block-column-is-layout-flow\">\n<ul class=\"box_liste wp-block-list\" style=\"font-size:16px\">\n<li>7 kartor f\u00f6r att enkelt planera din resv\u00e4g<\/li>\n\n\n\n<li>120+ f\u00f6rvalda platser<\/li>\n\n\n\n<li>GPS-koordinater direkt till parkeringsplatserna<\/li>\n\n\n\n<li>Tips f\u00f6r att f\u00e5 ut det mesta av din tid<\/li>\n\n\n\n<li>260+ originalbilder som hj\u00e4lper dig att v\u00e4lja<\/li>\n<\/ul>\n\n\n\n<div class=\"wp-block-buttons box_colonne_bouton_ebook is-content-justification-left is-layout-flex wp-container-core-buttons-is-layout-fdcfc74e wp-block-buttons-is-layout-flex\">\n<div class=\"wp-block-button box_bouton box_bouton_ebook\"><a class=\"wp-block-button__link wp-element-button\" href=\"https:\/\/www.zigzagonearth.com\/photograph-madeira-travel-guide\/\" target=\"_blank\" rel=\"noreferrer noopener\">Uppt\u00e4ck det! (endast p\u00e5 engelska)<span class=\"box_bouton_image\"><\/span><\/a><\/div>\n<\/div>\n<\/div>\n<\/div>\n<\/div><\/div><\/div>\n\n<h2 class=\"wp-block-heading\" id=\"t-1628848658901\"><strong>5 tips f\u00f6r att resa runt p\u00e5 Madeira<\/strong><\/h2>\n\n<h3 class=\"wp-block-heading\"><strong>#6 &#8211; Har ingen bil om du bor i Funchal<\/strong><\/h3>\n\n<p>Om du planerar att stanna i Funchal ska du inte hyra bil. Parkering \u00e4r inte l\u00e4tt, s\u00e5vida inte ditt hotell eller boende har en parkeringsplats f\u00f6r dig.<br\/>Du kan hyra en bil f\u00f6r att utforska \u00f6n och l\u00e4mna tillbaka den innan du avslutar din resa i Funchal.<\/p>\n\n<h3 class=\"wp-block-heading\"><strong>#7 &#8211; Hyr en bil f\u00f6r att se dolda p\u00e4rlor och hemliga platser<\/strong><\/h3>\n\n<p>Det \u00e4r m\u00f6jligt att utforska vissa omr\u00e5den utan bil: Det finns <a href=\"https:\/\/www.zigzagonearth.com\/best-madeira-tours\/\" target=\"_blank\" rel=\"noopener\">guidade turer<\/a>, &#8221;safaris&#8221; och taxiturer som kan ta dig till de mest k\u00e4nda platserna.<br\/>Men Madeira \u00e4r s\u00e5 mycket mer \u00e4n s\u00e5! Det finns s\u00e5 m\u00e5nga utsiktsplatser, fantastiska v\u00e4gar och <a style=\"outline: none;\" href=\"https:\/\/www.zigzagonearth.com\/secret-places-madeira-hidden-gems\/\" target=\"_blank\" rel=\"noopener\">dolda p\u00e4rlor<\/a> att uppt\u00e4cka&#8230; Jag tror verkligen att <a href=\"https:\/\/www.discovercars.com\/se\/portugal\/madeira?a_aid=zigzag&amp;chan=ZZOE&amp;data2=Madeira\" target=\"_blank\" rel=\"noreferrer noopener sponsored nofollow\">hyra en bil<\/a> \u00e4r det b\u00e4sta s\u00e4ttet att uppt\u00e4cka \u00f6n.<\/p>\n\n<figure class=\"wp-block-image size-large\"><img decoding=\"async\" src=\"https:\/\/photos.smugmug.com\/Travel\/Madeira\/13f-Miradouro-do-Cortado\/i-zmLm4pM\/1\/1ea35ac1\/L\/Miradouro_do_Cortado_Madeira-7241328-L.jpg\" alt=\"Miradouro do Cortado\"\/><figcaption class=\"wp-element-caption\"><strong>Miradouro do Cortado<\/strong><\/figcaption><\/figure>\n\n<h3 class=\"wp-block-heading\"><strong>#8 &#8211; Hyr en bil med tillr\u00e4ckligt med str\u00f6m<\/strong><\/h3>\n\n<p>Observera dock att om du hyr en bil b\u00f6r du inte v\u00e4lja den minsta och billigaste.<br\/>Du beh\u00f6ver n\u00e5got med tillr\u00e4ckligt med kraft f\u00f6r att inte beh\u00f6va oroa dig. Det finns mycket, mycket, mycket branta v\u00e4gar p\u00e5 den h\u00e4r \u00f6n!  <br\/>En Peugeot 208, till exempel, \u00e4r ett bra alternativ.<\/p>\n\n<p>F\u00e5 fler tips i <a href=\"https:\/\/www.zigzagonearth.com\/renting-car-madeira-tips\/\" target=\"_blank\" rel=\"noopener\">min artikel om att hyra bil p\u00e5 Madeira<\/a>.<\/p>\n\n<figure class=\"wp-block-image\"><img decoding=\"async\" src=\"https:\/\/photos.smugmug.com\/Travel\/Madeira\/Driving\/i-cpGRCdt\/1\/10386f21\/L\/driving_Madeira-7130792-L.jpg\" alt=\"K&#xF6;r upp p&#xE5; Madeira\" title=\"K&#xF6;r upp p&#xE5; Madeira\"\/><\/figure>\n\n<h3 class=\"wp-block-heading\"><strong>#9 &#8211; J\u00e4mf\u00f6r priser<\/strong><\/h3>\n\n<p>Jag har sett stora variationer i priserna p\u00e5 hyrbilar p\u00e5 \u00f6n.<br\/>Jag ville boka med MadeiraRent eftersom de har ett gott rykte. Men varje g\u00e5ng hittade jag mycket b\u00e4ttre priser f\u00f6r deras bilar p\u00e5 <a href=\"https:\/\/www.discovercars.com\/se\/portugal\/madeira?a_aid=zigzag&amp;chan=ZZOE&amp;data2=Madeira\" target=\"_blank\" rel=\"noreferrer noopener sponsored nofollow\">Discovercars.com<\/a> j\u00e4mf\u00f6rt med deras direkta webbplats! Inte s\u00e4ker p\u00e5 varf\u00f6r&#8230;<br\/>Hur som helst, <span style=\"text-decoration: underline;\">\n  <a href=\"https:\/\/www.discovercars.com\/se\/portugal\/madeira?a_aid=zigzag&amp;chan=ZZOE&amp;data2=Madeira\" target=\"_blank\" rel=\"noreferrer noopener sponsored nofollow\">Discovercars.com<\/a>\n<\/span> \u00e4r en av de b\u00e4sta j\u00e4mf\u00f6relsesajterna med kundbetyg &#8211; du kan v\u00e4lja bil och uthyrningsf\u00f6retag. Dessutom erbjuder de ett alternativ med full t\u00e4ckning &#8211; jag tar alltid det f\u00f6r sinnesroens skull!  <\/p>\n\n<p><a href=\"https:\/\/www.discovercars.com\/se\/portugal\/madeira?a_aid=zigzag&amp;chan=ZZOE&amp;data2=Madeira\" target=\"_blank\" rel=\"noreferrer noopener sponsored nofollow\">Boka tidigt<\/a> f\u00f6r att ha ett stort urval av fordon!<\/p>\n\n<h3 class=\"wp-block-heading\"><strong>#10 &#8211; Var inte r\u00e4dd f\u00f6r att k\u00f6ra bil p\u00e5 Madeira<\/strong><\/h3>\n\n<p>Jag \u00e4r fortfarande f\u00f6rbryllad \u00f6ver m\u00e5nga av kommentarerna p\u00e5 n\u00e4tet om att det inte \u00e4r l\u00e4tt att k\u00f6ra bil p\u00e5 Madeira.<br\/>Men kom ih\u00e5g att alla de m\u00e4nniskor som tyckte att det var \u00f6verlag l\u00e4tt, som jag, inte kommer att ta sig tid att skriva att de inte hade n\u00e5gra problem.<\/p>\n\n<figure class=\"wp-block-image\"><img decoding=\"async\" src=\"https:\/\/photos.smugmug.com\/Travel\/Madeira\/Driving\/i-RDkDwXV\/1\/4d996956\/L\/driving_Madeira-7130825-L.jpg\" alt=\"Att k&#xF6;ra bil p&#xE5; Madeira - sv&#xE5;rt?\" title=\"Att k&#xF6;ra bil p&#xE5; Madeira - sv&#xE5;rt?\"\/><\/figure>\n\n<p>Ja, f\u00f6r amerikaner kommer v\u00e4garna att k\u00e4nnas smala.<br\/>Ja, v\u00e4garna \u00e4r ibland branta.<br\/>Ja, v\u00e4garna slingrar sig runt bergen.<br\/>Ja, det finns massor av tunnlar&#8230;<\/p>\n\n<p>Det \u00e4r dock<\/p>\n\n<ol class=\"wp-block-list\">\n<li>Det \u00e4r inte mycket trafik &#8211; s\u00e5 du kan ta god tid p\u00e5 dig p\u00e5 bergsv\u00e4garna<\/li>\n\n\n\n<li>De har byggt murar eller skydd vid sidan av v\u00e4gen n\u00e4stan \u00f6verallt.  <\/li>\n<\/ol>\n\n<p>L\u00e5t mig ber\u00e4tta f\u00f6r dig: Jag gillar inte slingriga v\u00e4gar med tomhet p\u00e5 ena sidan, men h\u00e4r har jag aldrig k\u00e4nt mig i fara eftersom jag visste att det alltid fanns ett skydd som sa till mig att jag var f\u00f6r n\u00e4ra.<br\/>Jag gillade faktiskt verkligen att k\u00f6ra bil p\u00e5 Madeira.<\/p>\n\n<p>Huvudfr\u00e5gan \u00e4r parkering. Och i takt med att \u00f6n blir alltmer popul\u00e4r kommer det inte att bli b\u00e4ttre&#8230;<\/p>\n\n<p><a href=\"https:\/\/www.zigzagonearth.com\/driving-madeira-car-rental-tips\/\" target=\"_blank\" rel=\"noopener\">Kolla in min kompletta artikel om att hyra en bil och k\u00f6ra p\u00e5 Madeira (med video)<\/a>.<\/p>\n\n<h2 class=\"wp-block-heading\" id=\"t-1628848658902\"><strong>5 tips om boende p\u00e5 Madeira<\/strong><\/h2>\n\n<h3 class=\"wp-block-heading\"><strong>#11 &#8211; Ett eller flera boenden?<\/strong><\/h3>\n\n<p>Som jag skrev tidigare ligger de flesta resm\u00e5l runt \u00f6n mindre \u00e4n 1 timme fr\u00e5n Funchal.<br\/>\u00d6n \u00e4r inte s\u00e5 stor, och tack vare tunnlarna slipper du l\u00e5nga v\u00e4gar upp och ner f\u00f6r berg.<br\/>Jag rekommenderar dock att du bokar minst 2 olika boenden f\u00f6r att njuta av olika aspekter av Madeira och f\u00f6r att minska restiden (s\u00e4rskilt om du vill se soluppg\u00e5ngarna).<\/p>\n\n<p>Jag tror att det b\u00e4sta alternativet \u00e4r:<\/p>\n\n<ul class=\"wp-block-list\">\n<li>halva resan med boende p\u00e5 \u00f6stra sidan<\/li>\n\n\n\n<li>och halva resan med boende p\u00e5 v\u00e4stra sidan<\/li>\n<\/ul>\n\n<p>Men du kan ocks\u00e5 njuta av en roadtrip eller stanna p\u00e5 bara en plats. Det beror p\u00e5 vad du \u00e4r ute efter under din semester.<\/p>\n\n<figure class=\"wp-block-image size-large\"><img decoding=\"async\" src=\"https:\/\/photos.smugmug.com\/Travel\/Madeira\/Accommodation\/i-MgLqSpZ\/1\/44abaaf6\/L\/Porto_da_Cruz_hotel_Madeira-9631-L.jpg\" alt=\"Fr&#xE5;n mitt hotell i Porto da Cruz\"\/><figcaption class=\"wp-element-caption\"><strong>Fr\u00e5n mitt hotell i Porto da Cruz<\/strong><\/figcaption><\/figure>\n\n<h3 class=\"wp-block-heading\"><strong>#12 &#8211; Ska man stanna i Funchal?<\/strong><\/h3>\n\n<p>Om du tycker om att prova olika restauranger \u00e4r Funchal den b\u00e4sta platsen f\u00f6r dig.<br\/>Om du inte vill hyra bil \u00e4r Funchal den b\u00e4sta platsen f\u00f6r dig.<br\/>Om du vill bes\u00f6ka m\u00e5nga museer \u00e4r Funchal den b\u00e4sta platsen f\u00f6r dig.<br\/>Om du letar efter lyxiga resorter \u00e4r omr\u00e5det Funchal \/ Lido det b\u00e4sta st\u00e4llet f\u00f6r dig.<\/p>\n\n<p>Annars \u00e4r Funchal kanske inte det b\u00e4sta valet eftersom:<\/p>\n\n<ul class=\"wp-block-list\">\n<li>Det \u00e4r sv\u00e5rt att parkera,  <\/li>\n\n\n\n<li>det \u00e4r mer tr\u00e5ngt,<\/li>\n\n\n\n<li>Det inneb\u00e4r att man m\u00e5ste k\u00f6ra genom staden f\u00f6r att komma n\u00e5gon annanstans p\u00e5 \u00f6n.<\/li>\n<\/ul>\n\n<p><a style=\"outline: none;\" href=\"https:\/\/www.zigzagonearth.com\/where-stay-funchal-best-hotels\/\" target=\"_blank\" rel=\"noopener\">Se min artikel om var du kan bo i Funchal<\/a>.<\/p>\n\n<figure class=\"wp-block-image size-large\"><img decoding=\"async\" src=\"https:\/\/photos.smugmug.com\/Travel\/Madeira\/6j-Funchal\/i-VKFt7qG\/1\/16e9fce3\/L\/funchal_Madeira-7173186-L.jpg\" alt=\"Vackra gator i Funchal\"\/><figcaption class=\"wp-element-caption\"><strong>Vackra gator i Funchal<\/strong><\/figcaption><\/figure>\n\n<h3 class=\"wp-block-heading\"><strong>#13 &#8211; B\u00e4sta platserna att bo p\u00e5 Madeira<\/strong><\/h3>\n\n<p>Det finns inga absolut b\u00e4sta st\u00e4llen att bo p\u00e5 Madeira. Det beror p\u00e5 vad du letar efter.<br\/>Nedan f\u00f6ljer n\u00e5gra av mina rekommendationer:<\/p>\n\n<ul class=\"wp-block-list\">\n<li>F\u00f6r ett stort urval av restauranger och om du inte hyr en bil &#8211; <a href=\"https:\/\/www.booking.com\/searchresults.en.html?city=-2166199&amp;nflt=review_score%253D90&amp;aid=1164282&amp;no_rooms=1&amp;group_adults=2&amp;label=ZZ_Madeira\" target=\"_blank\" rel=\"noreferrer noopener sponsored nofollow\">Kolla in de b\u00e4st rankade boendena i Funchal<\/a><\/li>\n\n\n\n<li>F\u00f6r lyxiga resorter, <a href=\"https:\/\/www.booking.com\/searchresults.en.html?city=-2166199&amp;nflt=class%253D4%253Bclass%253D5%253Breview_score%253D90&amp;aid=1164282&amp;no_rooms=1&amp;group_adults=2&amp;label=ZZ_Madeira\" target=\"_blank\" rel=\"noreferrer noopener sponsored nofollow\">kolla in Lido-omr\u00e5det i Funchal<\/a><\/li>\n\n\n\n<li>F\u00f6r en bra blandning med sandstrand, restauranger och enkel tillg\u00e5ng till Madeira East &#8211; <a href=\"https:\/\/www.booking.com\/searchresults.en.html?city=-2168376&amp;nflt=review_score%253D90&amp;aid=1164282&amp;no_rooms=1&amp;group_adults=2&amp;label=ZZ_Madeira\" target=\"_blank\" rel=\"noreferrer noopener sponsored nofollow\">Kolla in de b\u00e4st rankade boendena i Machico<\/a><\/li>\n\n\n\n<li>F\u00f6r en lugn by i vacker natur och ljudet av v\u00e5gor f\u00f6r att somna &#8211; <a href=\"https:\/\/www.booking.com\/searchresults.en.html?city=-2173116&amp;nflt=review_score%253D90%253Breview_score%253D80&amp;aid=1164282&amp;no_rooms=1&amp;group_adults=2&amp;label=ZZ_Madeira\" target=\"_blank\" rel=\"noreferrer noopener sponsored nofollow\">Kolla in de b\u00e4st rankade boendena i Porto da Cruz<\/a><\/li>\n\n\n\n<li>F\u00f6r ett praktiskt l\u00e4ge f\u00f6r att utforska hela \u00f6n med bil &#8211; <a href=\"https:\/\/www.booking.com\/searchresults.en.html?city=-2158482&amp;nflt=review_score%253D90%253Breview_score%253D80&amp;aid=1164282&amp;no_rooms=1&amp;group_adults=2&amp;label=ZZ_Madeira\" target=\"_blank\" rel=\"noreferrer noopener sponsored nofollow\">Kolla in de b\u00e4st rankade boendena i Arco da Calheta<\/a><\/li>\n\n\n\n<li>F\u00f6r att njuta av de naturliga poolerna &#8211; <a href=\"https:\/\/www.booking.com\/searchresults.en.html?city=-2173164&amp;nflt=review_score%253D90%253Breview_score%253D80&amp;aid=1164282&amp;no_rooms=1&amp;group_adults=2&amp;label=ZZ_Madeira\" target=\"_blank\" rel=\"noreferrer noopener sponsored nofollow\">Kolla in de mest prisv\u00e4rda boendena i Porto Moniz<\/a><\/li>\n<\/ul>\n\n<p>Fler tips i <a style=\"outline: none;\" href=\"https:\/\/www.zigzagonearth.com\/where-to-stay-madeira-best-areas\/\" target=\"_blank\" rel=\"noopener\">min artikel om var man kan bo p\u00e5 Madeira<\/a> <\/p>\n\n<h3 class=\"wp-block-heading\"><strong>#14 &#8211; V\u00e4lj boende med pool<\/strong><\/h3>\n\n<p>Som jag skrev tidigare \u00e4r str\u00e4nderna p\u00e5 Madeira inte dr\u00f6mmiga str\u00e4nder med sand.  <br\/>Men det kan bli varmt p\u00e5 eftermiddagen. Det \u00e4r sk\u00f6nt att ta en simtur efter en dag med utflykter l\u00e4ngs kusten och i bergen.<br\/>Det \u00e4r s\u00e4rskilt trevligt om du vandrar eftersom det f\u00e5r dina muskler att slappna av.<\/p>\n\n<figure class=\"wp-block-image\"><img decoding=\"async\" src=\"https:\/\/photos.smugmug.com\/Travel\/Madeira\/Accommodation\/i-TtZHSRZ\/1\/7f80cf7d\/L\/Arco_da_Calheta_hotel_Madeira-8896-L.jpg\" alt=\"Hotellets swimmingpool\" title=\"Hotellets swimmingpool\"\/><\/figure>\n\n<h3 class=\"wp-block-heading\"><strong>#15 &#8211; Kontrollera alltid parkeringssituationen<\/strong><\/h3>\n\n<p>Detta g\u00e4ller fr\u00e4mst om du bor p\u00e5 sydkusten, p\u00e5 popul\u00e4ra platser.  <br\/>Det kan vara sv\u00e5rt att parkera i Funchal, Ribeira Brava, Ponta do Sol, Camara dos Lobos. Se d\u00e4rf\u00f6r till att kontrollera vad hotellet skriver om parkering.<\/p>\n\n<h2 class=\"wp-block-heading\" id=\"t-1628848658904\"><strong>5 tips f\u00f6r att uppleva Madeira och f\u00e5 ut det mesta av din tid<\/strong><\/h2>\n\n<h3 class=\"wp-block-heading\"><strong>#16 &#8211; Vakna tidigt f\u00f6r att se soluppg\u00e5ngar<\/strong><\/h3>\n\n<p>Jag vet att det \u00e4r ett m\u00e5ste f\u00f6r vissa att sova l\u00e4nge p\u00e5 semestern.<br\/>Men soluppg\u00e5ngarna \u00f6ver molnen \u00e4r helt fenomenala. En verkligt fantastisk upplevelse.<br\/>Du b\u00f6r anstr\u00e4nga dig \u00e5tminstone en g\u00e5ng. Pico do Arieiro \u00e4r den enklaste platsen att njuta av det, eftersom du inte beh\u00f6ver vandra.<\/p>\n\n<figure class=\"wp-block-image\"><img decoding=\"async\" src=\"https:\/\/photos.smugmug.com\/Travel\/Madeira\/11a-Pico-Areiro\/i-257jx3J\/1\/b143eeb4\/XL\/Pico_areiro_Pico_ruivo_hike_Madeira-9469-XL.jpg\" alt=\"Soluppg&#xE5;ng pico do Arieiro\" title=\"Soluppg&#xE5;ng pico do Arieiro\"\/><\/figure>\n\n<figure class=\"wp-block-image\"><img decoding=\"async\" src=\"https:\/\/photos.smugmug.com\/Travel\/Madeira\/12a-Pico-Ruivo-hike\/i-jvr3V6s\/1\/ebc0adfe\/L\/P7235574-L.jpg\" alt=\"Pico Ruivo vandring soluppg&#xE5;ng\" title=\"Pico Ruivo vandring soluppg&#xE5;ng\"\/><\/figure>\n\n<h3 class=\"wp-block-heading\"><strong>#17 &#8211; Skaffa den billiga Madeiraweather-appen<\/strong><\/h3>\n\n<p>Jag rekommenderar dock att du kontrollerar att topparna kommer att vara ovanf\u00f6r molnen innan du best\u00e4mmer dig f\u00f6r att g\u00e5 upp tidigt p\u00e5 morgonen.<br\/>F\u00f6r det finns det en billig app som heter Madeiraweather. I motsats till andra appar inkluderar den Pico do Arieiro och Pico Ruivo s\u00e5 att du kan kontrollera prognosen f\u00f6r n\u00e4sta morgon.<br\/>Naturligtvis \u00e4r det en prognos och kan inte vara 100% s\u00e4ker. Men det \u00e4r bra v\u00e4gledning. Jag anv\u00e4nde den mycket.<\/p>\n\n<h3 class=\"wp-block-heading\"><strong>#18 &#8211; \u00c4r Madeira s\u00e4kert? Var uppm\u00e4rksam p\u00e5 bedr\u00e4gerier<\/strong><\/h3>\n\n<p>P\u00e5 det hela taget \u00e4r Madeira ett s\u00e4kert resm\u00e5l.<br\/>Det finns en l\u00e5g brottslighet, inte mycket fickst\u00f6lder och f\u00e5 bedr\u00e4gerier.<br\/>Med detta sagt b\u00f6r du alltid vara f\u00f6rsiktig, precis som \u00f6verallt annars.<br\/>N\u00e4r det g\u00e4ller bedr\u00e4gerier finns det en ber\u00f6md s\u00e5dan: p\u00e5 Mercado dos Lavradores. Vissa fruktf\u00f6rs\u00e4ljare tenderar att ta f\u00f6r mycket betalt av turisterna. Det har varit mycket br\u00e5k om det nyligen, s\u00e5 kanske kommer det att f\u00f6r\u00e4ndras.<br\/>I annat fall ska du alltid be taxichauff\u00f6ren att anv\u00e4nda taxametern.<\/p>\n\n<figure class=\"wp-block-image size-large\"><img decoding=\"async\" src=\"https:\/\/photos.smugmug.com\/Travel\/Madeira\/6j-Funchal\/i-ZvsvwTG\/1\/3b0b6f0e\/L\/Market_Funchal_Madeira-7194326-L.jpg\" alt=\" Mercado dos Lavradores\"\/><figcaption class=\"wp-element-caption\"><strong> Mercado dos Lavradores<\/strong><\/figcaption><\/figure>\n\n<h3 class=\"wp-block-heading\"><strong>#19 &#8211; Vandra tidigt eller sent<\/strong><\/h3>\n\n<p>Det finns m\u00e5nga underbara vandringsleder att njuta av p\u00e5 \u00f6n.<br\/>Men de flesta av dem finns l\u00e4ngs levadas, som \u00e4r bevattningssystem. Stigarna \u00e4r inte breda och vandringarna \u00e4r inte slingor.<br\/>Jag rekommenderar att vandra tidigt eller sent, inte bara f\u00f6r v\u00e4dret, utan f\u00f6r att undvika de flesta andra turister.<br\/>Jag gjorde tv\u00e5 vandringar d\u00e4r jag var f\u00f6rst p\u00e5 leden p\u00e5 morgonen och kunde njuta av lugnet och tystnaden.<br\/>Och jag var tvungen att korsa v\u00e4gen med andra vandrare bara p\u00e5 min v\u00e4g tillbaka.<br\/><a href=\"https:\/\/www.zigzagonearth.com\/best-hikes-in-madeira-levada-walks\/\" target=\"_blank\" rel=\"noopener\">Se min artikel med de b\u00e4sta vandringarna p\u00e5 Madeira och vandringstips<\/a>.<\/p>\n\n<figure class=\"wp-block-image size-large\"><img decoding=\"async\" src=\"https:\/\/photos.smugmug.com\/Travel\/Madeira\/13a-Levada-Caldeirao-Verde-waterfall\/i-GQDZ6vv\/1\/50d0ab05\/L\/Levada_Caldeirao_verde_hike_Madeira-7240669-L.jpg\" alt=\"Levada promenad\"\/><figcaption class=\"wp-element-caption\"><strong>Levada promenad<\/strong><\/figcaption><\/figure>\n\n<h3 class=\"wp-block-heading\"><strong>#20 &#8211; B\u00e4r kontanter<\/strong><\/h3>\n\n<p>Kreditkort accepteras p\u00e5 m\u00e5nga st\u00e4llen p\u00e5 \u00f6n.<br\/>Det finns dock ett f\u00e5tal fall d\u00e4r du beh\u00f6ver mynt:  <\/p>\n\n<ul class=\"wp-block-list\">\n<li>att betala f\u00f6r parkering vid parkeringsautomaterna l\u00e4ngs sydkusten (Ponta do Sol, Ribeira Brava, Camara dos Lobos&#8230;)<\/li>\n\n\n\n<li>f\u00f6r att betala f\u00f6r n\u00e5gra av linbanorna<\/li>\n\n\n\n<li>f\u00f6r n\u00e5gra restauranger utanf\u00f6r allfarv\u00e4garna<\/li>\n<\/ul>\n\n<h2 class=\"wp-block-heading\" id=\"t-1628848658905\"><strong>18 sev\u00e4rdheter i Madeira Tips &#8211; det f\u00e5r du inte missa<\/strong><\/h2>\n\n<h3 class=\"wp-block-heading\"><strong>#21 &#8211; \u00c5k minst en linbana<\/strong><\/h3>\n\n<p>Madeira har imponerande klippor. Det finns m\u00e5nga utsiktsplatser d\u00e4r man kan beundra dem fr\u00e5n toppen.<br\/>Men p\u00e5 vissa st\u00e4llen kan du ocks\u00e5 ta linbanor ner till vattenniv\u00e5n f\u00f6r att njuta av en promenad p\u00e5 botten av dessa j\u00e4ttar.<br\/>Mina 2 favoritlinbanor \u00e4r:<\/p>\n\n<ul class=\"wp-block-list\">\n<li>Rocha do Navio, i Santana &#8211; b\u00e4sta utsikten och vattenfallen<\/li>\n\n\n\n<li>Teleferico das Achadas da Cruz n\u00e4ra Porto Moniz &#8211; den brantaste i Europa enligt deras skylt (den \u00e4r ganska imponerande)<\/li>\n<\/ul>\n\n<p>L\u00e4s mer i <a style=\"outline: none;\" href=\"https:\/\/www.zigzagonearth.com\/best-cable-car-madeira-teleferico\/\" target=\"_blank\" rel=\"noopener\">min artikel om linbanorna p\u00e5 Madeira<\/a>.<\/p>\n\n<figure class=\"wp-block-image\"><img decoding=\"async\" src=\"https:\/\/photos.smugmug.com\/Travel\/Madeira\/3k-Teleferico-das-Achadas-da-Cruz\/i-LSNs5Jc\/1\/7ec28791\/L\/Teleferico_das_Achadas_da_Cruz_Madeira-7141500-L.jpg\" alt=\"Linbana Achadas da Cruz\" title=\"Linbana Achadas da Cruz\"\/><\/figure>\n\n<h3 class=\"wp-block-heading\"><strong>#22 &#8211; G\u00f6r minst en levadavandring<\/strong><\/h3>\n\n<p>Som jag skrev tidigare \u00e4r Levadas traditionella bevattningssystem som tar vattnet fr\u00e5n toppen av bergen till odlingarna.<br\/>Vandringslederna g\u00f6r att du kan f\u00f6lja dem, och dessa vandringar kallas Levada Walks.<br\/>N\u00e5gra av de mest k\u00e4nda \u00e4r:<\/p>\n\n<ul class=\"wp-block-list\">\n<li><a href=\"https:\/\/www.zigzagonearth.com\/levada-25-fontes-hike-madeira\/\" target=\"_blank\" rel=\"noopener\">25 Fontes<\/a> fr\u00e5n Raba\u00e7al &#8211; den leder till en pool med en gr\u00e5tande v\u00e4gg full av sm\u00e5 vattenfall<\/li>\n\n\n\n<li>Caldeirao Verde &#8211; den leder till ett h\u00f6gt vattenfall<\/li>\n<\/ul>\n\n<p>N\u00e4r du promenerar kommer du att njuta av det frodiga landskapet som omger dem. Och titta ner i vattnet, f\u00f6r ibland kan du se en fisk. Jag sk\u00e4mtar inte, jag har foton som bevisar det!<\/p>\n\n<p><a style=\"outline: none;\" href=\"https:\/\/www.zigzagonearth.com\/best-hikes-in-madeira-levada-walks\/\" target=\"_blank\" rel=\"noopener\">Se min artikel om de b\u00e4sta vandringarna och levadavandringarna<\/a>.<\/p>\n\n<figure class=\"wp-block-image\"><img decoding=\"async\" src=\"https:\/\/photos.smugmug.com\/Travel\/Madeira\/5a-25-fontes-levada-hike\/i-WpJLghC\/1\/63d3a194\/L\/Rabacal_25_Fontes_walk_waterfall_Madeira-7162255-L.jpg\" alt=\"25 fontes levada promenad\" title=\"25 fontes levada promenad\"\/><\/figure>\n\n<h3 class=\"wp-block-heading\"><strong>#23 &#8211; Simma minst en g\u00e5ng i naturliga pooler<\/strong><\/h3>\n\n<p>Madeira kanske inte har n\u00e5gra underbara str\u00e4nder, men man kan \u00e4nd\u00e5 njuta av unika badupplevelser.<br\/>I vissa omr\u00e5den har lavastenarna skapat naturliga bass\u00e4nger som fylls av havsvatten vid h\u00f6gvatten.<br\/>Mina naturliga favoritpooler \u00e4r:<\/p>\n\n<ul class=\"wp-block-list\">\n<li>Porto Moniz (de fria, inte de modifierade)<\/li>\n\n\n\n<li>Seixal<\/li>\n<\/ul>\n\n<p>En s\u00e5dan underbar upplevelse att beundra klipporna och utsikten \u00f6ver de frodiga bergen i bakgrunden.<\/p>\n\n<p>L\u00e4s mer i <a style=\"outline: none;\" href=\"https:\/\/www.zigzagonearth.com\/madeira-natural-pools-volcanic\/\" target=\"_blank\" rel=\"noopener\">min artikel om de b\u00e4sta naturliga poolerna p\u00e5 Madeira<\/a>.<\/p>\n\n<figure class=\"wp-block-image\"><img decoding=\"async\" src=\"https:\/\/photos.smugmug.com\/Travel\/Madeira\/3m-Porto-Moniz-natural-pools\/i-8W8NWC6\/1\/a7330629\/L\/natural_pools_Porto_Moniz_Madeira-7141609-L.jpg\" alt=\"Porto Moniz Naturliga pooler\" title=\"Porto Moniz Naturliga pooler\"\/><\/figure>\n\n<h3 class=\"wp-block-heading\"><strong>#24 &#8211; Beundra den norra kusten<\/strong><\/h3>\n\n<p>M\u00e5nga turister bes\u00f6ker bara de ber\u00f6mda platserna p\u00e5 sydkusten.<br\/>Men enligt min mening \u00e4r den norra kusten mycket vackrare. Det \u00e4r vildare. H\u00e4r finns n\u00e5gra av de b\u00e4sta utsiktsplatserna p\u00e5 \u00f6n.<br\/>Det \u00e4r till exempel h\u00e4r du kan uppt\u00e4cka den imponerande klippformationen Penha de Aguia (som n\u00e5r 590 m &#8211; 1935 fot)<\/p>\n\n<figure class=\"wp-block-image\"><img decoding=\"async\" src=\"https:\/\/photos.smugmug.com\/Travel\/Madeira\/11h-Miradouro-da-Portela\/i-fdbfkcc\/1\/e3b4307a\/L\/Miradouro_da_Portela_Madeira-7225505-L.jpg\" alt=\"Miradouro da Portela\" title=\"Miradouro da Portela\"\/><\/figure>\n\n<h3 class=\"wp-block-heading\"><strong>#25 &#8211; G\u00e5 upp till Madeirabergen<\/strong><\/h3>\n\n<p>Madeira handlar inte bara om kusten och klipporna.<br\/>I mitten finns spetsiga toppar som \u00e4r magnifika. Fr\u00e5n vissa stigar kan du se havet p\u00e5 b\u00e5da sidor!<br\/>I vissa omr\u00e5den kr\u00e4vs det vandring. Men tack vare observatoriet \u00e4r det mycket enkelt att k\u00f6ra upp till <a href=\"https:\/\/www.zigzagonearth.com\/pico-do-arieiro-madeira\/\" target=\"_blank\" rel=\"noopener\">Pico do Arieiro<\/a> och njuta av utsikten.<br\/>D\u00e4rifr\u00e5n kan du bara njuta av utsiktspunkten eller vandra s\u00e5 mycket du vill p\u00e5 den ber\u00f6mda leden: Pico do Arieiro till Pico Ruivo.<\/p>\n\n<figure class=\"wp-block-image\"><img decoding=\"async\" src=\"https:\/\/photos.smugmug.com\/Travel\/Madeira\/11a-Pico-Areiro\/i-F3qzpwS\/1\/1ed530f2\/L\/Pico_areiro_Pico_ruivo_hike_Madeira-7224857-L.jpg\" alt=\"Madeirabergen\" title=\"Madeirabergen\"\/><\/figure>\n\n<h3 class=\"wp-block-heading\"><strong>#26 &#8211; Bli fascinerad av den vulkaniska historien<\/strong><\/h3>\n\n<p>\u00d6n Madeira ligger p\u00e5 toppen av en massiv sk\u00f6ldvulkan. Den skapades f\u00f6r cirka 7 miljoner \u00e5r sedan.<br\/>Den senaste vulkaniska perioden intr\u00e4ffade f\u00f6r 6000 till 7000 \u00e5r sedan.<br\/>En av de b\u00e4sta platserna f\u00f6r att uppleva den vulkaniska historien \u00e4r Ponta de Sao Louren\u00e7o.<br\/>Detta \u00e4r Madeiras draksvans: ett kargt landskap med h\u00f6ga klippor.<br\/>Det finns en vandringsled f\u00f6r att utforska den och du kan g\u00e5 s\u00e5 mycket eller s\u00e5 lite som du vill. Jag rekommenderar att man g\u00e5r \u00e5tminstone den f\u00f6rsta delen, eftersom den \u00e4r fascinerande.<\/p>\n\n<figure class=\"wp-block-image size-large\"><img decoding=\"async\" src=\"https:\/\/photos.smugmug.com\/Travel\/Madeira\/2a-Ponta-sao-Louranco-hike\/i-fDzr3JW\/1\/37c69d7f\/L\/Ponta_de_Sao_Louranco_Madeira-7130334-L.jpg\" alt=\"Vandring Ponta de Sao Louran&#xE7;o\"\/><figcaption class=\"wp-element-caption\"><strong>Vandring Ponta de Sao Louran\u00e7o<\/strong><\/figcaption><\/figure>\n\n<h3 class=\"wp-block-heading\"><strong>#27 &#8211; Uppskatta de h\u00f6ga klipporna Cabo Girao eller alternativ<\/strong><\/h3>\n\n<p>En av de mest k\u00e4nda sev\u00e4rdheterna p\u00e5 \u00f6n \u00e4r Cabo Girao. Udden, som reser sig 589 m (1932 ft) \u00f6ver havsytan, \u00e4r den h\u00f6gsta i Europa.<br\/>Lokalbefolkningen har byggt en skywalk med glas f\u00f6r att b\u00e4ttre kunna uppskatta h\u00f6jden.<br\/>F\u00f6r att vara \u00e4rlig var jag inte ett stort fan av skywalken. Men jag tog linbanan ner (3 km fr\u00e5n promenaden) och jag nj\u00f6t verkligen av klipporna fr\u00e5n botten eftersom du kan se m\u00e5nga vulkaniska funktioner.<br\/>Ett annat alternativ \u00e4r att ta en av katamaranturerna f\u00f6r att se delfiner n\u00e4r de tar dig till botten av klipporna (se l\u00e4ngre ner).<br\/><a href=\"https:\/\/www.zigzagonearth.com\/cabo-girao-cliffs-madeira-skywalk\/\" target=\"_blank\" rel=\"noopener\">L\u00e4s mer i min artikel om Cabo Girao<\/a>.<\/p>\n\n<figure class=\"wp-block-image\"><img decoding=\"async\" src=\"https:\/\/photos.smugmug.com\/Travel\/Madeira\/Gb-Cabo-Girao\/i-ZVFjHnq\/1\/b3fe2149\/L\/Cabo_Girao_platform_Madeira-7172988-L.jpg\" alt=\"Cabo Girao skywalk\" title=\"Cabo Girao skywalk\"\/><\/figure>\n\n<h3 class=\"wp-block-heading\"><strong>#28 &#8211; Hitta hemliga platser<\/strong><\/h3>\n\n<p>Om du <a href=\"https:\/\/www.discovercars.com\/se\/?a_aid=zigzag&amp;chan=ZZOE&amp;data2=madeira-travel-tips-guide_amcid-zgqUQqemQssJJzirbYqrs\" target=\"_blank\" rel=\"noreferrer noopener sponsored nofollow\">hyr en bil<\/a> kan du uppt\u00e4cka n\u00e5gra dolda p\u00e4rlor runt om p\u00e5 \u00f6n.<br\/>P\u00e5 vissa av dem kan du vara ensam, bara tr\u00e4ffa lokalbefolkningen eller korsa v\u00e4gen med bara n\u00e5gra f\u00e5 likasinnade resen\u00e4rer.<br\/>N\u00e5gra av mina favoriter inkluderar:<\/p>\n\n<ul class=\"wp-block-list\">\n<li>Calhau da Lapa<\/li>\n\n\n\n<li>Achadas da Cruz<\/li>\n\n\n\n<li>Bananv\u00e4g i Madalena do Mar<\/li>\n<\/ul>\n\n<p><a style=\"outline: none;\" href=\"https:\/\/www.zigzagonearth.com\/secret-places-madeira-hidden-gems\/\" target=\"_blank\" rel=\"noopener\">Kolla in Madeiras &#8221;hemliga&#8221; favoritplatser<\/a>.<\/p>\n\n<figure class=\"wp-block-image\"><img decoding=\"async\" src=\"https:\/\/photos.smugmug.com\/Travel\/Madeira\/6a-Calhau-da-Lapa\/i-btMQGbW\/1\/1dd6c129\/L\/Calhau_da_Lapa_beach_Madeira-9042-L.jpg\" alt=\"Calhau da Lapa\" title=\"Calhau da Lapa\"\/><\/figure>\n\n<p>Hitta alla mina favoritplatser att se p\u00e5 Madeira i min guide som hj\u00e4lper dig att planera en fantastisk resa:<\/p>\n\n<div style=\"margin-top:8%;margin-bottom:8%\" class=\"wp-block-genesis-blocks-gb-container box_ebook gb-block-container\"><div class=\"gb-container-inside\"><div class=\"gb-container-content\">\n<h5 class=\"wp-block-heading box_titre_ebook\">Planera din <u>dr\u00f6mresa<\/u> till <strong>Madeira<\/strong> med hj\u00e4lp av min guide (endast p\u00e5 engelska)<\/h5>\n\n\n\n<div class=\"wp-block-columns box_colonnes_ebook is-layout-flex wp-container-core-columns-is-layout-9d6595d7 wp-block-columns-is-layout-flex\">\n<div class=\"wp-block-column is-layout-flow wp-block-column-is-layout-flow\">\n<figure class=\"wp-block-image size-large img_ebook\"><a href=\"https:\/\/www.zigzagonearth.com\/photograph-madeira-travel-guide\/\"><img decoding=\"async\" src=\"https:\/\/www.zigzagonearth.com\/wp-content\/uploads\/2021\/08\/small-Madeira-ebook-cover.jpg\" alt=\"eBook Reseguide Mallorca\"\/><\/a><\/figure>\n<\/div>\n\n\n\n<div class=\"wp-block-column is-layout-flow wp-block-column-is-layout-flow\">\n<ul class=\"box_liste wp-block-list\" style=\"font-size:16px\">\n<li>7 kartor f\u00f6r att enkelt planera din resv\u00e4g<\/li>\n\n\n\n<li>120+ f\u00f6rvalda platser<\/li>\n\n\n\n<li>GPS-koordinater direkt till parkeringsplatserna<\/li>\n\n\n\n<li>Tips f\u00f6r att f\u00e5 ut det mesta av din tid<\/li>\n\n\n\n<li>260+ originalbilder som hj\u00e4lper dig att v\u00e4lja<\/li>\n<\/ul>\n\n\n\n<div class=\"wp-block-buttons box_colonne_bouton_ebook is-content-justification-left is-layout-flex wp-container-core-buttons-is-layout-fdcfc74e wp-block-buttons-is-layout-flex\">\n<div class=\"wp-block-button box_bouton box_bouton_ebook\"><a class=\"wp-block-button__link wp-element-button\" href=\"https:\/\/www.zigzagonearth.com\/photograph-madeira-travel-guide\/\" target=\"_blank\" rel=\"noreferrer noopener\">Uppt\u00e4ck det! (endast p\u00e5 engelska)<span class=\"box_bouton_image\"><\/span><\/a><\/div>\n<\/div>\n<\/div>\n<\/div>\n<\/div><\/div><\/div>\n\n<h3 class=\"wp-block-heading\"><strong>#29 &#8211; Boka en b\u00e5ttur med val- och delfinsafari fr\u00e5n Funchal<\/strong><\/h3>\n\n<p>Madeira \u00e4r ocks\u00e5 k\u00e4nt f\u00f6r sitt best\u00e5nd av <a style=\"outline: none;\" href=\"https:\/\/www.zigzagonearth.com\/dolphin-whale-watching-madeira\/\" target=\"_blank\" rel=\"noopener\">valar och delfiner som omger \u00f6n<\/a>.<br\/>De kan ses \u00e5ret runt, men den b\u00e4sta tiden \u00e4r maj till september.<br\/>M\u00e5nga f\u00f6retag erbjuder ocks\u00e5 b\u00e5tturer fr\u00e5n Funchal:<\/p>\n\n<ul class=\"wp-block-list\">\n<li>p\u00e5 motorb\u00e5tar,<\/li>\n\n\n\n<li>p\u00e5 en piratb\u00e5t,<\/li>\n\n\n\n<li>p\u00e5 sm\u00e5 katamaraner,<\/li>\n\n\n\n<li>p\u00e5 st\u00f6rre katamaraner<\/li>\n<\/ul>\n\n<p><a href=\"https:\/\/www.getyourguide.se\/s\/?q=Funchal+dolphins&amp;searchSource=2&amp;partner_id=R3GYW4V&amp;deeplink_id=b2b35d4e-9a90-532f-86de-f2b4f02ccbe4&amp;cmp=ZZ_Madeira\" target=\"_blank\" rel=\"noreferrer noopener sponsored nofollow\">Kolla in n\u00e5gra alternativ f\u00f6r b\u00e5tturer<\/a>.<\/p>\n\n<p>Jag gillade den lilla katamaranen eftersom det var mindre folk d\u00e4r och vi badade ocks\u00e5 l\u00e4ngst ner p\u00e5 de imponerande klipporna i Cabo Girao.<br\/>Detta \u00e4r en av de <a style=\"outline: none;\" href=\"https:\/\/www.zigzagonearth.com\/madeira-boat-tours-trip\/\" target=\"_blank\" rel=\"noopener\">b\u00e4sta b\u00e5tturerna p\u00e5 Madeira<\/a>.<\/p>\n\n<figure class=\"wp-block-image\"><img decoding=\"async\" src=\"https:\/\/photos.smugmug.com\/Travel\/Madeira\/9c-Dolphins\/i-whpFzdc\/1\/2fa5ccf1\/L\/dolphin_cruise_boat_Tour_Madeira-7204502-L.jpg\" alt=\"Delfinb&#xE5;tstur Madeira\" title=\"Delfinb&#xE5;tstur Madeira\"\/><\/figure>\n\n<h3 class=\"wp-block-heading\"><strong>#30 &#8211; Bes\u00f6k minst en tr\u00e4dg\u00e5rd<\/strong><\/h3>\n\n<p>Madeira \u00e4r en frodig \u00f6. Den vulkaniska marken \u00e4r b\u00f6rdig.<br\/>Och s\u00e4rskilt runt Funchal har vackra tr\u00e4dg\u00e5rdar anlagts.<\/p>\n\n<p>Enligt min mening \u00e4r den b\u00e4sta utan tvekan Monte Palaces tropiska tr\u00e4dg\u00e5rd. D\u00e4r kan man tillbringa en hel dag.<br\/>Det finns ett museum, kakelarbeten, vattendrag, broar, dammar&#8230; Det \u00e4r en fest f\u00f6r \u00f6gonen och f\u00f6r kameran.<br\/>T\u00e4nk bara p\u00e5 att tr\u00e4dg\u00e5rden ligger p\u00e5 en kulle, s\u00e5 promenaden g\u00e5r b\u00e5de upp och ner. Men du kan betala extra f\u00f6r golfbilar f\u00f6r att ta dig till vissa platser.<\/p>\n\n<figure class=\"wp-block-image size-large\"><img decoding=\"async\" src=\"https:\/\/photos.smugmug.com\/Travel\/Madeira\/7c-Monte-Palace-Tropical-Garden\/i-nxrWJRZ\/1\/19123a9b\/L\/Monte_Palace_Tropical_garden_Madeira-7194061-L.jpg\" alt=\"Monte Palace tropiska tr&#xE4;dg&#xE5;rd\"\/><figcaption class=\"wp-element-caption\"><strong>Monte Palace tropiska tr\u00e4dg\u00e5rd<\/strong><\/figcaption><\/figure>\n\n<h3 class=\"wp-block-heading\"><strong>#31 &#8211; Madeiras str\u00e4nder &#8211; V\u00e4lj den som passar dig<\/strong><\/h3>\n\n<p>Jag tycker att de naturliga poolerna \u00e4r en b\u00e4ttre upplevelse, men om du vill tillbringa lite tid p\u00e5 stranden finns det n\u00e5gra att v\u00e4lja mellan:<\/p>\n\n<ul class=\"wp-block-list\">\n<li>Importerad gyllene sand &#8211; Machico eller Calheta<\/li>\n\n\n\n<li>Naturlig svart sand &#8211; Seixal eller Prainha<\/li>\n\n\n\n<li>Sm\u00e5sten &#8211; Praia Formosa, Ponta do Sol&#8230;<\/li>\n<\/ul>\n\n<p>L\u00e4s mer i <a style=\"outline: none;\" href=\"https:\/\/www.zigzagonearth.com\/best-beaches-madeira\/\" target=\"_blank\" rel=\"noopener\">min artikel om de b\u00e4sta str\u00e4nderna p\u00e5 Madeira<\/a>.<\/p>\n\n<figure class=\"wp-block-image size-large\"><img decoding=\"async\" src=\"https:\/\/photos.smugmug.com\/Travel\/Madeira\/12h-Machico\/i-B7Pk9Rx\/1\/23308198\/L\/beach_Machico_Madeira-7230283-L.jpghttps:\/\/photos.smugmug.com\/Travel\/Madeira\/12h-Machico\/i-B7Pk9Rx\/1\/23308198\/L\/beach_Machico_Madeira-7230283-L.jpg\" alt=\"Machico strand\"\/><figcaption class=\"wp-element-caption\"><strong>Machico strand<\/strong><\/figcaption><\/figure>\n\n<h3 class=\"wp-block-heading\"><strong>#32 &#8211; Njut av maten och dryckerna<\/strong><\/h3>\n\n<p>De som \u00e4lskar gastronomi kommer inte att bli besvikna.<br\/>N\u00e5gra av h\u00f6jdpunkterna i Madeiras k\u00f6k \u00e4r<\/p>\n\n<ul class=\"wp-block-list\">\n<li>Estepada &#8211; grillspett tillagade p\u00e5 lagertr\u00e4<\/li>\n\n\n\n<li>Balo fo Caco &#8211; typiskt lokalt br\u00f6d<\/li>\n\n\n\n<li>Fisk och skaldjur &#8211; du \u00e4r mitt i havet&#8230; det finns mycket fisk och skaldjur att prova &#8211; prova de ber\u00f6mda lapas<\/li>\n\n\n\n<li>Espada eller svart skida fisk med banan<\/li>\n\n\n\n<li>Tropiska frukter<\/li>\n\n\n\n<li>Pastel de nata &#8211; traditionell portugisisk dessert.<\/li>\n<\/ul>\n\n<figure class=\"wp-block-image size-large\"><img decoding=\"async\" src=\"https:\/\/photos.smugmug.com\/Travel\/Madeira\/Food\/i-HxDwWgk\/1\/6a403cc9\/L\/pasteis_de_nata_food_Madeira-9306-L.jpg\" alt=\"Pastell av nata\"\/><figcaption class=\"wp-element-caption\"><strong>Pastell av nata<\/strong><\/figcaption><\/figure>\n\n<h3 class=\"wp-block-heading\"><strong>#33 &#8211; Prova lokala drycker<\/strong><\/h3>\n\n<p>Madeira \u00e4r ocks\u00e5 k\u00e4nt f\u00f6r 2 typer av drycker:<\/p>\n\n<ul class=\"wp-block-list\">\n<li>Madeiravin &#8211; en unik produktion med h\u00f6gre alkoholhalt<\/li>\n\n\n\n<li>Poncha &#8211; traditionell alkoholhaltig dryck fr\u00e5n sockerr\u00f6rsrom<\/li>\n<\/ul>\n\n<h3 class=\"wp-block-heading\"><strong>#34 &#8211; K\u00e4nn verkligheten av Desertas \u00f6ar turn\u00e9<\/strong><\/h3>\n\n<p>Bredvid Madeira\u00f6arna finns 3 mindre \u00f6ar som kallas Desertas\u00f6arna. Du kan se dem n\u00e4r du n\u00e4rmar dig med flyg eller n\u00e4r du k\u00f6r p\u00e5 \u00f6stkusten.<br\/>Det \u00e4r ett naturreservat som \u00e4r k\u00e4nt f\u00f6r sina s\u00e4llsynta s\u00e4lar och j\u00e4ttelika tarantellor.<\/p>\n\n<p>Det finns utflykter p\u00e5 v\u00e4g dit, men l\u00e5t mig dela med mig av verkligheten.<br\/>De marknadsf\u00f6r fr\u00e4mst det faktum att det \u00e4r ett naturreservat. Men p\u00e5 denna dagsutflykt tillbringar du 6 timmar med att segla p\u00e5 katamaran (3 timmar i varje riktning) med vind som g\u00f6r dig kall och v\u00e5gor som kraschar mot dig d\u00e5 och d\u00e5.  <br\/>V\u00e4l d\u00e4r kommer du inte att se n\u00e5gra s\u00e4lar eftersom de lever p\u00e5 en annan del av \u00f6n d\u00e4r b\u00e5tar inte \u00e4r till\u00e5tna och allt du kommer att g\u00f6ra \u00e4r att g\u00e5 en 10 minuters promenad f\u00f6r att titta p\u00e5 br\u00e4dor och l\u00e4ra dig lite mer om \u00f6arna.<br\/>De vulkaniska klipporna \u00e4r vackra, men jag tycker inte att det \u00e4r v\u00e4rt 6 timmar p\u00e5 en b\u00e5t, om du inte \u00e4lskar den delen ocks\u00e5.<\/p>\n\n<figure class=\"wp-block-image size-large\"><img decoding=\"async\" src=\"https:\/\/photos.smugmug.com\/Travel\/Madeira\/10-Desertas-islands\/i-3tT3hV7\/1\/a8d7345c\/L\/IMG_9436-L.jpg\" alt=\"&#xD6;arna i Desertas\"\/><figcaption class=\"wp-element-caption\"><strong>\u00d6arna i Desertas<\/strong><\/figcaption><\/figure>\n\n<h3 class=\"wp-block-heading\"><strong>#35 &#8211; Samla in synpunkter<\/strong><\/h3>\n\n<p>Det jag kanske \u00e4lskar mest med Madeira \u00e4r att lokalbefolkningen har satt upp utsiktsplatser n\u00e4stan \u00f6verallt.  <br\/>Det \u00e4r helt fantastiskt att k\u00f6ra p\u00e5 en v\u00e4g med magnifika vyer och hitta en plats att parkera p\u00e5 och ta sig tid att njuta av det. Det \u00e4r det inte i alla l\u00e4nder.<br\/>Dessa utsiktsplatser kallas Miradouros.<br\/>Nedan f\u00f6ljer ett fantastiskt exempel. Det \u00e4r Miradouro do Paradeo. Det har utsikt \u00f6ver den imponerande Nunnornas dal (Curral das Freiras).<br\/><a href=\"https:\/\/www.zigzagonearth.com\/best-viewpoints-madeira-views\/\" target=\"_blank\" rel=\"noopener\">Se mitt urval av de 21 b\u00e4sta utsiktsplatserna p\u00e5 Madeira<\/a>.<\/p>\n\n<figure class=\"wp-block-image\"><img decoding=\"async\" src=\"https:\/\/photos.smugmug.com\/Travel\/Madeira\/11e-Miradouro-do-Paradeo\/i-ZmQ5pDW\/1\/dd3090a3\/L\/Miradouro_do_Paradeo_Madeira-7225335-L.jpg\" alt=\"Miradouro do Paradeo\" title=\"Miradouro do Paradeo\"\/><\/figure>\n\n<h3 class=\"wp-block-heading\"><strong>#36 &#8211; V\u00e4lj dina museer<\/strong><\/h3>\n\n<p>I Funchal finns det museer f\u00f6r alla smaker.<br\/>Den mest k\u00e4nda \u00e4r f\u00f6rmodligen CR7 som \u00e4r till\u00e4gnad Cristiano Ronaldo. Och precis utanf\u00f6r hittar du statyn av den ber\u00f6mda fotbollsspelaren.<br\/>Men du kan ocks\u00e5 hitta sm\u00e5 men intressanta museer i n\u00e4rheten:<\/p>\n\n<ul class=\"wp-block-list\">\n<li>Madeiras historia<\/li>\n\n\n\n<li>Helig konst<\/li>\n\n\n\n<li>Fotografi<\/li>\n\n\n\n<li>Vinproduktion och historia<\/li>\n\n\n\n<li>Optiska illusioner<\/li>\n\n\n\n<li>Dekorativ konst<\/li>\n\n\n\n<li>Konstn\u00e4rer<\/li>\n<\/ul>\n\n<p>Och utanf\u00f6r Funchal hittar du museer om valar (i Cani\u00e7al), geologi (i Sao Vicente), sockerr\u00f6rsfabriker&#8230;<\/p>\n\n<figure class=\"wp-block-image\"><img decoding=\"async\" src=\"https:\/\/photos.smugmug.com\/Travel\/Madeira\/9e-Funchal-museums\/i-5FcX45d\/1\/5e845f70\/L\/Funchal_CR7_Museum_Madeira-9359-L.jpg\" alt=\"CR7 museum\" title=\"CR7 museum\"\/><\/figure>\n\n<h3 class=\"wp-block-heading\"><strong>#37 &#8211; G\u00f6r n\u00e5got unikt<\/strong><\/h3>\n\n<p>Om du letar efter det mest Madeiranska du kan g\u00f6ra p\u00e5 \u00f6n \u00e4r det f\u00f6rmodligen att \u00e5ka k\u00e4lke.<br\/>Det \u00e4r en sp\u00e4nnande traditionell \u00e5ktur: nedf\u00e4rden fr\u00e5n Monte till Livramento i en korgsl\u00e4de som leds av 2 m\u00e4n.<br\/>Transportsystemet har anor fr\u00e5n b\u00f6rjan av 1800-talet.<\/p>\n\n<figure class=\"wp-block-image\"><img decoding=\"async\" src=\"https:\/\/photos.smugmug.com\/Travel\/Madeira\/8f-Funchal-Basket-ride\/i-jtWMcMX\/1\/1275bcbc\/L\/funchal_sled_ride_Madeira-7194109-L.jpg\" alt=\"Sl&#xE4;df&#xE4;rd p&#xE5; Madeira\" title=\"Sl&#xE4;df&#xE4;rd p&#xE5; Madeira\"\/><\/figure>\n\n<h3 class=\"wp-block-heading\"><strong>#38 &#8211; Om du stannar l\u00e4ngre \u00e4n 10 dagar, \u00f6verv\u00e4g Porto Santo<\/strong><\/h3>\n\n<p>Som jag skrev tidigare tror jag att du beh\u00f6ver minst 10 dagar f\u00f6r att se hela \u00f6n Madeira fr\u00e5n berg till lavastenar och str\u00e4nder.<br\/>Men om du har l\u00e4ngre tid p\u00e5 dig, varf\u00f6r inte \u00f6verv\u00e4ga att \u00e5ka till Porto Santo, den andra bebodda \u00f6n i sk\u00e4rg\u00e5rden.<br\/>Den \u00e4r liten (11 km (6,8mi) l\u00e5ng och 6 km (3,7mi) bred) och kan l\u00e4tt utforskas.<br\/>2 alternativ:<\/p>\n\n<ul class=\"wp-block-list\">\n<li>Du kan g\u00f6ra en dagsutflykt med f\u00e4rjan till Porto Santo p\u00e5 morgonen och tillbaka p\u00e5 kv\u00e4llen (2h30 i varje riktning) &#8211; f\u00f6retag erbjuder bussturer till de viktigaste sev\u00e4rdheterna under dagen &#8211; <a href=\"https:\/\/www.viator.com\/sv-SE\/tours\/Funchal\/One-day-in-Porto-Santo\/d22388-23651P20?pid=P00074304&amp;mcid=42383&amp;medium=link&amp;medium_version=selector&amp;campaign=ZZOE\" target=\"_blank\" rel=\"noreferrer noopener nofollow\">kolla in ett komplett alternativ f\u00f6r dagsutflykt fr\u00e5n Funchal<\/a><\/li>\n\n\n\n<li>Du kan planera 3 dagar f\u00f6r att koppla av, utforska och njuta av sandstranden<\/li>\n<\/ul>\n\n<p>Porto Santos h\u00f6jdpunkter inkluderar:<\/p>\n\n<ul class=\"wp-block-list\">\n<li>en 9 km (5,6 mil) l\u00e5ng sandstrand<\/li>\n\n\n\n<li>Formationer av j\u00e4ttelika orgelpipor<\/li>\n\n\n\n<li>en mini\u00f6ken med sanddyner<\/li>\n\n\n\n<li>Fantastiska utsiktsplatser<\/li>\n\n\n\n<li>&#8230;<\/li>\n<\/ul>\n\n<p>Observera att jag ocks\u00e5 har listat de b\u00e4sta sev\u00e4rdheter i <a href=\"https:\/\/www.zigzagonearth.com\/photograph-madeira-travel-guide\/\" target=\"_blank\" rel=\"noopener\">min e-bok om Madeira<\/a>.<\/p>\n\n<figure class=\"wp-block-image\"><img decoding=\"async\" src=\"https:\/\/photos.smugmug.com\/Travel\/Madeira\/7h-Miradouro-das-Flores\/i-VtNd3Tf\/1\/6cad9899\/L\/Miradouro_das_Flores_Porto_Santo-7183653-L.jpg\" alt=\"Porto Santo\" title=\"Porto Santo\"\/><\/figure>\n\n<p>F\u00f6r fler id\u00e9er, g\u00e5 till <a href=\"https:\/\/www.zigzagonearth.com\/best-things-do-madeira\/\" target=\"_blank\" rel=\"noopener\">min artikel om de b\u00e4sta sakerna att g\u00f6ra p\u00e5 Madeira<\/a> och mina resv\u00e4gsartiklar: <a href=\"https:\/\/www.zigzagonearth.com\/3-days-madeira-weekend-itinerary\/\" target=\"_blank\" rel=\"noopener\">3 dagar<\/a>, <a href=\"https:\/\/www.zigzagonearth.com\/4-days-madeira-itinerary\/\" target=\"_blank\" rel=\"noopener\">4<\/a> dagar, <a href=\"https:\/\/www.zigzagonearth.com\/5-days-madeira-itinerary\/\" target=\"_blank\" rel=\"noopener\">5 dagar<\/a>, <a href=\"https:\/\/www.zigzagonearth.com\/one-week-madeira-7-day-itinerary\/\" target=\"_blank\" rel=\"noopener\">1 vecka<\/a>, <a style=\"outline: none;\" href=\"https:\/\/www.zigzagonearth.com\/10-day-madeira-itinerary\/\" target=\"_blank\" rel=\"noopener\">10<\/a> dagar<\/p>\n\n<h2 class=\"wp-block-heading\" id=\"tab-con-2\"><strong>Reseguide Madeira &#8211; f\u00f6rbered och packa f\u00f6r en resa till Madeira<\/strong><\/h2>\n\n<h3 class=\"wp-block-heading\"><strong>#39 &#8211; Vad man ska packa till Madeira (f\u00f6rutom vandring)<\/strong><\/h3>\n\n<p id=\"t-1628848658903\">Listan \u00f6ver saker att packa \u00e4r ganska typisk, men kom ih\u00e5g att \u00f6n inte \u00e4r tropisk. Det finns en variation i v\u00e4der.<\/p>\n\n<p>Dessutom kan du en timme senare vara p\u00e5 stranden vid 25\u00b0C (77\u00b0F) och 1 timme senare p\u00e5 toppen av bergen p\u00e5 1800 m \u00f6ver havet, d\u00e4r temperaturen sjunker&#8230;<br\/>Det b\u00e4sta alternativet \u00e4r att ta med lager p\u00e5 lager.<\/p>\n\n<p>Du kan anv\u00e4nda <a style=\"outline: none;\" href=\"https:\/\/www.zigzagonearth.com\/travel-checklists-must-have-travel-accessories\/\" target=\"_blank\" rel=\"noopener\">mina \u00f6vergripande checklistor f\u00f6r resor som inkluderar packlistor<\/a>.<\/p>\n\n<p>Gl\u00f6m bara inte bort det:<\/p>\n\n<ul class=\"wp-block-list\">\n<li>Baddr\u00e4kt f\u00f6r att njuta av de otroliga naturliga poolerna<\/li>\n\n\n\n<li>Solskyddsmedel &#8211; det \u00e4r l\u00e4tt att br\u00e4nna sig d\u00e4r!<\/li>\n\n\n\n<li>Solglas\u00f6gon<\/li>\n\n\n\n<li>Kikare f\u00f6r att se alla fantastiska toppar och b\u00e4ttre se valar och delfiner &#8211; l\u00e4s <a style=\"outline: none;\" href=\"https:\/\/www.zigzagonearth.com\/best-compact-binoculars-for-travel-safari\/\" target=\"_blank\" rel=\"noopener\">min artikel f\u00f6r att hj\u00e4lpa dig att v\u00e4lja kikare<\/a><\/li>\n\n\n\n<li>Adapter om du inte anv\u00e4nder 2 runda 220V-kontakter<\/li>\n\n\n\n<li>&#8230;<\/li>\n<\/ul>\n\n<figure class=\"wp-block-image\"><a href=\"https:\/\/www.amazon.com\/Celestron-71402-TrailSeeker-10x32-Binoculars\/dp\/B00B73JN8Y?imprToken=.TJir9QrvWEmMi1Lpw0bKA&amp;slotNum=0&amp;s=sporting-goods&amp;ie=UTF8&amp;qid=1512050023&amp;sr=1-2&amp;keywords=Celestron+Trailseeker+10x32&amp;linkCode=li3&amp;tag=zigzagus-20&amp;linkId=f03d966848709a7818f07daf4dcafb27&amp;language=en_US&amp;ref_=as_li_ss_il\" target=\"_blank\" rel=\"noopener\"><img decoding=\"async\" src=\"\/\/ws-na.amazon-adsystem.com\/widgets\/q?_encoding=UTF8&amp;ASIN=B00B73JN8Y&amp;Format=_SL250_&amp;ID=AsinImage&amp;MarketPlace=US&amp;ServiceVersion=20070822&amp;WS=1&amp;tag=zigzagus-20&amp;language=en_US\" alt=\"\"\/><\/a><\/figure>\n\n<p class=\"has-text-align-center\">Kikare f\u00f6r att beundra alla detaljer i landskapet<a href=\"https:\/\/www.zigzagonearth.com\/best-compact-binoculars-for-travel-safari\/\" target=\"_blank\" rel=\"noreferrer noopener\">(se min guide<\/a>)<\/p>\n\n<figure class=\"wp-block-image\"><a href=\"https:\/\/www.amazon.com\/Universal-International-Converter-Worldwide-ATECH\/dp\/B0713M7SY3\/ref=as_li_ss_il?&amp;imprToken=99f6V-dI1.A7tQerL6WiAw&amp;slotNum=9&amp;&amp;imprToken=CeHymaNQIA1NJ17yzAMNGQ&amp;slotNum=11&amp;ie=UTF8&amp;qid=1510131235&amp;sr=8-1-spons&amp;keywords=international+adapter&amp;psc=1&amp;linkCode=li2&amp;tag=zigzagus-20&amp;linkId=f3f6abfa080da8825296ddbae9ccb43f\" target=\"_blank\" rel=\"noopener\"><img decoding=\"async\" src=\"\/\/ws-na.amazon-adsystem.com\/widgets\/q?_encoding=UTF8&amp;ASIN=B0713M7SY3&amp;Format=_SL160_&amp;ID=AsinImage&amp;MarketPlace=US&amp;ServiceVersion=20070822&amp;WS=1&amp;tag=zigzagus-20\" alt=\"\"\/><\/a><\/figure>\n\n<p class=\"has-text-align-center\">Adapter f\u00f6r laddning av all din utrustning<\/p>\n\n<h3 class=\"wp-block-heading\"><strong>#40 &#8211; Packa f\u00f6r promenader \/ vandring<\/strong><\/h3>\n\n<p>Mina rekommendationer \u00e4r:<\/p>\n\n<ul class=\"wp-block-list\">\n<li>en dagsryggs\u00e4ck &#8211; mina favoriter \u00e4r <a style=\"outline: none;\" href=\"https:\/\/www.amazon.com\/s?k=osprey+tempest+daypack&amp;linkCode=ll2&amp;tag=zigzagus-20&amp;linkId=f3b115dacb87a5072d4cb288625e8027&amp;language=en_US&amp;ref_=as_li_ss_tl\" target=\"_blank\" rel=\"nofollow noopener\" data-tcb-href=\"https:\/\/www.amazon.com\/s?k=osprey+tempest+daypack&amp;linkCode=ll2&amp;tag=zigzagus-20&amp;linkId=f3b115dacb87a5072d4cb288625e8027&amp;language=en_US&amp;ref_=as_li_ss_tl\">Osprey<\/a> med sin bra luftning i ryggen (jag har en Tempest 20L och min bror har Talon)<\/li>\n\n\n\n<li>l\u00e4tta vandringsskor (g\u00e5 inte p\u00e5 levadapromenaderna med flip-flops !!!! eftersom de kan vara hala)<\/li>\n\n\n\n<li>Vattenflaska\/vattenp\u00e5se<\/li>\n\n\n\n<li>Kl\u00e4der f\u00f6r uppv\u00e4rmning<\/li>\n\n\n\n<li>Kl\u00e4der f\u00f6r vind, t.ex. softshelljacka &#8211; <a style=\"outline: none;\" href=\"https:\/\/www.amazon.com\/s?k=softshell+jacket&amp;linkCode=ll2&amp;tag=zigzagus-20&amp;linkId=88de5f92108a92439091761dc6645f55&amp;language=en_US&amp;ref_=as_li_ss_tl\" target=\"_blank\" rel=\"nofollow noopener\" data-tcb-href=\"https:\/\/www.amazon.com\/s?k=softshell+jacket&amp;linkCode=ll2&amp;tag=zigzagus-20&amp;linkId=88de5f92108a92439091761dc6645f55&amp;language=en_US&amp;ref_=as_li_ss_tl\">se n\u00e5gra alternativ<\/a><\/li>\n\n\n\n<li>Kl\u00e4der f\u00f6r regn (eller i kombination med vindskydd)<\/li>\n\n\n\n<li><strong>\n  <span style=\"text-decoration: underline;\">En pannlampa<\/span>\n<\/strong> &#8211; P\u00e5 vissa vandringar m\u00e5ste du g\u00e5 genom m\u00f6rka tunnlar. telefonlampor kan inte vara tillr\u00e4ckliga. En bra pannlampa g\u00f6r \u00f6verfarten bekv\u00e4mare &#8211; <a style=\"outline: none;\" href=\"https:\/\/www.amazon.com\/s?k=headlamp&amp;crid=3EZ795Y8IJSM9&amp;sprefix=headla%2Caps%2C255&amp;linkCode=ll2&amp;tag=zigzagus-20&amp;linkId=5eeac122b0b73800a6ff626e47ca4a3e&amp;language=en_US&amp;ref_=as_li_ss_tl\" target=\"_blank\" rel=\"nofollow noopener\" data-tcb-href=\"https:\/\/www.amazon.com\/s?k=headlamp&amp;crid=3EZ795Y8IJSM9&amp;sprefix=headla%2Caps%2C255&amp;linkCode=ll2&amp;tag=zigzagus-20&amp;linkId=5eeac122b0b73800a6ff626e47ca4a3e&amp;language=en_US&amp;ref_=as_li_ss_tl\">se n\u00e5gra alternativ<\/a>.<\/li>\n\n\n\n<li>V\u00e4rmefilt &#8211; jag reser aldrig utan en. I h\u00e4ndelse av olycka \u00e4r det viktigt att h\u00e5lla sig varm.<\/li>\n\n\n\n<li>Och eftersom jag vandrar ensam tar jag ocks\u00e5 med mig en <a style=\"outline: none;\" href=\"https:\/\/www.amazon.com\/Garmin-Lightweight-Handheld-Satellite-Communicator\/dp\/B07CR7PL54?dchild=1&amp;keywords=Garmin+inreach+mini&amp;qid=1629101223&amp;sr=8-3&amp;linkCode=ll1&amp;tag=zigzagus-20&amp;linkId=a765835077ffc304afd34ec57ee633d7&amp;language=en_US&amp;ref_=as_li_ss_tl\" target=\"_blank\" rel=\"nofollow noopener\" data-tcb-href=\"https:\/\/www.amazon.com\/Garmin-Lightweight-Handheld-Satellite-Communicator\/dp\/B07CR7PL54?dchild=1&amp;keywords=Garmin+inreach+mini&amp;qid=1629101223&amp;sr=8-3&amp;linkCode=ll1&amp;tag=zigzagus-20&amp;linkId=a765835077ffc304afd34ec57ee633d7&amp;language=en_US&amp;ref_=as_li_ss_tl\">Garmin inReach Mini<\/a> f\u00f6r extra s\u00e4kerhet &#8211; jag tar det l\u00e4gsta m\u00e5nadsabonnemanget i en m\u00e5nad, bara f\u00f6r att kunna anv\u00e4nda n\u00f6dtj\u00e4nstknappen.<\/li>\n<\/ul>\n\n<figure class=\"wp-block-image\"><a href=\"https:\/\/www.amazon.com\/Osprey-Tempest-Womens-Backpack-X-Small\/dp\/B08LNZRM1F?dchild=1&amp;keywords=osprey%2Btempest%2Bdaypack&amp;qid=1629100978&amp;sr=8-1&amp;th=1&amp;linkCode=li3&amp;tag=zigzagus-20&amp;linkId=948ece539887c3e6e4541429220a9d0b&amp;language=en_US&amp;ref_=as_li_ss_il\" target=\"_blank\" rel=\"noopener\"><img decoding=\"async\" src=\"\/\/ws-na.amazon-adsystem.com\/widgets\/q?_encoding=UTF8&amp;ASIN=B08LNZRM1F&amp;Format=_SL250_&amp;ID=AsinImage&amp;MarketPlace=US&amp;ServiceVersion=20070822&amp;WS=1&amp;tag=zigzagus-20&amp;language=en_US\" alt=\"\"\/><\/a><\/figure>\n\n<p class=\"has-text-align-center\"><a style=\"outline: none;\" href=\"https:\/\/www.amazon.com\/s?k=osprey+tempest+daypack&amp;linkCode=ll2&amp;tag=zigzagus-20&amp;linkId=f3b115dacb87a5072d4cb288625e8027&amp;language=en_US&amp;ref_=as_li_ss_tl\" target=\"_blank\" rel=\"nofollow noopener\" data-tcb-href=\"https:\/\/www.amazon.com\/s?k=osprey+tempest+daypack&amp;linkCode=ll2&amp;tag=zigzagus-20&amp;linkId=f3b115dacb87a5072d4cb288625e8027&amp;language=en_US&amp;ref_=as_li_ss_tl\">Se alla Osprey ryggs\u00e4ckar alternativ<\/a><\/p>\n\n<figure class=\"wp-block-image\"><a href=\"https:\/\/www.amazon.com\/Emergency-Thermal-Blankets-Signature-Blanket\/dp\/B01LZN0KGB\/ref=as_li_ss_il?&amp;imprToken=1KGXi.t9nvjnW.aQdKcJ7w&amp;slotNum=22&amp;&amp;imprToken=llxp0-Nu6dS00i-kfUZMqA&amp;slotNum=24&amp;s=sporting-goods&amp;ie=UTF8&amp;qid=1510742453&amp;sr=1-1-spons&amp;keywords=survival+blanket&amp;psc=1&amp;linkCode=li2&amp;tag=zigzagus-20&amp;linkId=245b212e989ef6cf2c3a5d14c9d35daa\" target=\"_blank\" rel=\"noopener\"><img decoding=\"async\" src=\"\/\/ws-na.amazon-adsystem.com\/widgets\/q?_encoding=UTF8&amp;ASIN=B01LZN0KGB&amp;Format=_SL160_&amp;ID=AsinImage&amp;MarketPlace=US&amp;ServiceVersion=20070822&amp;WS=1&amp;tag=zigzagus-20\" alt=\"\"\/><\/a><\/figure>\n\n<p class=\"has-text-align-center\">Termisk filt. De tar inte mycket plats och det \u00e4r s\u00e4krare att ha en med sig p\u00e5 vandring, f\u00f6r s\u00e4kerhets skull.<br\/><a data-tcb-href=\"https:\/\/www.amazon.com\/s?k=emergency+thermal+blankets&amp;linkCode=ll2&amp;tag=iceskatingpassion-20&amp;linkId=0989da64270a253d8a5153fb23fef185&amp;language=en_US&amp;ref_=as_li_ss_tl\" href=\"https:\/\/www.amazon.com\/s?k=emergency+thermal+blankets&amp;linkCode=ll2&amp;tag=iceskatingpassion-20&amp;linkId=0989da64270a253d8a5153fb23fef185&amp;language=en_US&amp;ref_=as_li_ss_tl\" target=\"_blank\" rel=\"nofollow noopener\">Se n\u00f6dfiltar<\/a><\/p>\n\n<figure class=\"wp-block-image\"><a href=\"https:\/\/www.amazon.com\/Garmin-Lightweight-Handheld-Satellite-Communicator\/dp\/B07CR7PL54?dchild=1&amp;keywords=Garmin+inreach+mini&amp;qid=1629101223&amp;sr=8-3&amp;linkCode=li3&amp;tag=zigzagus-20&amp;linkId=76ec9deb68d12e59d4ff8d836dcd13dd&amp;language=en_US&amp;ref_=as_li_ss_il\" target=\"_blank\" rel=\"noopener\"><img decoding=\"async\" src=\"\/\/ws-na.amazon-adsystem.com\/widgets\/q?_encoding=UTF8&amp;ASIN=B07CR7PL54&amp;Format=_SL250_&amp;ID=AsinImage&amp;MarketPlace=US&amp;ServiceVersion=20070822&amp;WS=1&amp;tag=zigzagus-20&amp;language=en_US\" alt=\"\"\/><\/a><\/figure>\n\n<p class=\"has-text-align-center\"><a style=\"outline: none;\" href=\"https:\/\/www.amazon.com\/Garmin-Lightweight-Handheld-Satellite-Communicator\/dp\/B07CR7PL54?dchild=1&amp;keywords=Garmin+inreach+mini&amp;qid=1629101223&amp;sr=8-3&amp;linkCode=ll1&amp;tag=zigzagus-20&amp;linkId=a765835077ffc304afd34ec57ee633d7&amp;language=en_US&amp;ref_=as_li_ss_tl\" target=\"_blank\" rel=\"nofollow noopener\" data-tcb-href=\"https:\/\/www.amazon.com\/Garmin-Lightweight-Handheld-Satellite-Communicator\/dp\/B07CR7PL54?dchild=1&amp;keywords=Garmin+inreach+mini&amp;qid=1629101223&amp;sr=8-3&amp;linkCode=ll1&amp;tag=zigzagus-20&amp;linkId=a765835077ffc304afd34ec57ee633d7&amp;language=en_US&amp;ref_=as_li_ss_tl\">L\u00e4s mer om Garmin inReach Mini<\/a><\/p>\n\n<h3 class=\"wp-block-heading\"><strong>#41 &#8211; Ta med r\u00e4tt kamerautrustning f\u00f6r Madeira<\/strong><\/h3>\n\n<p>Inget speciellt f\u00f6r en resa till Madeira.<br\/>Du b\u00f6r t\u00e4nka p\u00e5 vattenskydd om du \u00e5ker p\u00e5 en b\u00e5ttur med delfinsk\u00e5dning, eller p\u00e5 vissa vandringar d\u00e4r vattenfall faller ner p\u00e5 leden.<br\/>Sj\u00e4lv har jag precis k\u00f6pt en kamera som \u00e4r helt f\u00f6rseglad, vilket \u00e4r en stor l\u00e4ttnad. Och jag anv\u00e4nder ett objektiv med stort omf\u00e5ng f\u00f6r att ta landskapsbilder och \u00e4ven zooma in p\u00e5 djur eller detaljer.<br\/>Det har jag:<\/p>\n\n<ul class=\"wp-block-list\">\n<li>Olympus EM1 MarkIII<\/li>\n\n\n\n<li>12-100 IS objektiv<\/li>\n\n\n\n<li>Extra batterier<\/li>\n\n\n\n<li>En kamerakl\u00e4mma f\u00f6r att avlasta min nacke och b\u00e4ra kameran p\u00e5 remmen p\u00e5 min ryggs\u00e4ck &#8211; jag \u00e4lskar s\u00e5\u00e5\u00e5\u00e5\u00e5\u00e5 mycket!!!!! Den fungerar med alla kameror.<\/li>\n<\/ul>\n\n<figure class=\"wp-block-image\"><a href=\"https:\/\/www.amazon.com\/Olympus-OM-D-Mark-Black-Camera\/dp\/B083Y413ST?dchild=1&amp;keywords=olympus%2Bem1%2Bmark%2Biii&amp;qid=1629101734&amp;sr=8-1-spons&amp;spLa=ZW5jcnlwdGVkUXVhbGlmaWVyPUEyNUs0VkE3UklPMFFQJmVuY3J5cHRlZElkPUEwMzg4OTkwMjVYQjcwUjFMWEhRWSZlbmNyeXB0ZWRBZElkPUEwMTQyMzk5WERYTzdPTVpNOFRHJndpZGdldE5hbWU9c3BfYXRmJmFjdGlvbj1jbGlja1JlZGlyZWN0JmRvTm90TG9nQ2xpY2s9dHJ1ZQ&amp;th=1&amp;linkCode=li3&amp;tag=zigzagus-20&amp;linkId=bb591f68dc1bd9bc95729d6813af6837&amp;language=en_US&amp;ref_=as_li_ss_il\" target=\"_blank\" rel=\"noopener\"><img decoding=\"async\" src=\"\/\/ws-na.amazon-adsystem.com\/widgets\/q?_encoding=UTF8&amp;ASIN=B083Y413ST&amp;Format=_SL250_&amp;ID=AsinImage&amp;MarketPlace=US&amp;ServiceVersion=20070822&amp;WS=1&amp;tag=zigzagus-20&amp;language=en_US\" alt=\"\"\/><\/a><\/figure>\n\n<p class=\"has-text-align-center\"><a style=\"outline: none;\" href=\"https:\/\/www.amazon.com\/Olympus-OM-D-Mark-Black-Camera\/dp\/B083Y413ST?dchild=1&amp;keywords=olympus%2Bem1%2Bmark%2Biii&amp;qid=1629101734&amp;sr=8-1-spons&amp;spLa=ZW5jcnlwdGVkUXVhbGlmaWVyPUEyNUs0VkE3UklPMFFQJmVuY3J5cHRlZElkPUEwMzg4OTkwMjVYQjcwUjFMWEhRWSZlbmNyeXB0ZWRBZElkPUEwMTQyMzk5WERYTzdPTVpNOFRHJndpZGdldE5hbWU9c3BfYXRmJmFjdGlvbj1jbGlja1JlZGlyZWN0JmRvTm90TG9nQ2xpY2s9dHJ1ZQ&amp;th=1&amp;linkCode=ll1&amp;tag=zigzagus-20&amp;linkId=c7814f240ca245390ba319393220e45a&amp;language=en_US&amp;ref_=as_li_ss_tl\" target=\"_blank\" rel=\"nofollow noopener\" data-tcb-href=\"https:\/\/www.amazon.com\/Olympus-OM-D-Mark-Black-Camera\/dp\/B083Y413ST?dchild=1&amp;keywords=olympus%2Bem1%2Bmark%2Biii&amp;qid=1629101734&amp;sr=8-1-spons&amp;spLa=ZW5jcnlwdGVkUXVhbGlmaWVyPUEyNUs0VkE3UklPMFFQJmVuY3J5cHRlZElkPUEwMzg4OTkwMjVYQjcwUjFMWEhRWSZlbmNyeXB0ZWRBZElkPUEwMTQyMzk5WERYTzdPTVpNOFRHJndpZGdldE5hbWU9c3BfYXRmJmFjdGlvbj1jbGlja1JlZGlyZWN0JmRvTm90TG9nQ2xpY2s9dHJ1ZQ&amp;th=1&amp;linkCode=ll1&amp;tag=zigzagus-20&amp;linkId=c7814f240ca245390ba319393220e45a&amp;language=en_US&amp;ref_=as_li_ss_tl\">Olympus EM1 Mark III med 12-100-objektiv<\/a><\/p>\n\n<figure class=\"wp-block-image\"><a href=\"https:\/\/www.amazon.com\/Peak-Design-Capture-Camera-Black\/dp\/B07818LB9D?crid=5GWXGIA34BQY&amp;dchild=1&amp;keywords=peak+design+capture+clip&amp;qid=1629101825&amp;sprefix=peak+design+captre%2Caps%2C238&amp;sr=8-2&amp;linkCode=li3&amp;tag=zigzagus-20&amp;linkId=08dd0539453450b8827f69021f841624&amp;language=en_US&amp;ref_=as_li_ss_il\" target=\"_blank\" rel=\"noopener\"><img decoding=\"async\" src=\"\/\/ws-na.amazon-adsystem.com\/widgets\/q?_encoding=UTF8&amp;ASIN=B07818LB9D&amp;Format=_SL250_&amp;ID=AsinImage&amp;MarketPlace=US&amp;ServiceVersion=20070822&amp;WS=1&amp;tag=zigzagus-20&amp;language=en_US\" alt=\"\"\/><\/a><\/figure>\n\n<p class=\"has-text-align-center\"><a style=\"outline: none;\" href=\"https:\/\/www.amazon.com\/Peak-Design-Capture-Camera-Black\/dp\/B07818LB9D?crid=5GWXGIA34BQY&amp;dchild=1&amp;keywords=peak+design+capture+clip&amp;qid=1629101825&amp;sprefix=peak+design+captre%2Caps%2C238&amp;sr=8-2&amp;linkCode=ll1&amp;tag=zigzagus-20&amp;linkId=af042098381724110ac6bac7562fee3f&amp;language=en_US&amp;ref_=as_li_ss_tl\" target=\"_blank\" rel=\"nofollow noopener\" data-tcb-href=\"https:\/\/www.amazon.com\/Peak-Design-Capture-Camera-Black\/dp\/B07818LB9D?crid=5GWXGIA34BQY&amp;dchild=1&amp;keywords=peak+design+capture+clip&amp;qid=1629101825&amp;sprefix=peak+design+captre%2Caps%2C238&amp;sr=8-2&amp;linkCode=ll1&amp;tag=zigzagus-20&amp;linkId=af042098381724110ac6bac7562fee3f&amp;language=en_US&amp;ref_=as_li_ss_tl\">Peak design Capture Clip<\/a><\/p>\n\n<h3 class=\"wp-block-heading\"><strong>#42 &#8211; L\u00e4r dig n\u00e5gra ord p\u00e5 portugisiska<\/strong><\/h3>\n\n<p>Lokalbefolkningen uppskattar alltid n\u00e4r m\u00e4nniskor f\u00f6rs\u00f6ker tala n\u00e5gra ord p\u00e5 deras spr\u00e5k:<\/p>\n\n<ul class=\"wp-block-list\">\n<li>Hej &#8211; Ol\u00e0<\/li>\n\n\n\n<li>Urs\u00e4kta mig &#8211; Desculpe!<\/li>\n\n\n\n<li>V\u00e4lkommen &#8211; Ben Vinda<\/li>\n\n\n\n<li>Jag \u00e4r ledsen &#8211; Sinto Muito<\/li>\n\n\n\n<li>V\u00e4nligen &#8211; Por Favor<\/li>\n\n\n\n<li>Tack &#8211; Obrigado (man) eller Obrigada (kvinna)<\/li>\n<\/ul>\n\n<p><strong><strong>Vill du se fler av Madeiras b\u00e4sta erbjudanden?<\/strong><\/strong><\/p>\n\n<ul class=\"wp-block-list\">\n<li>Var man kan bo p\u00e5 Madeira &#8211; b\u00e4sta omr\u00e5dena &#8211; <a style=\"outline: none;\" href=\"https:\/\/www.zigzagonearth.com\/where-to-stay-madeira-best-areas\/\" target=\"_blank\" rel=\"noopener\">l\u00e4s artikel<\/a><\/li>\n\n\n\n<li>De b\u00e4sta landskapen p\u00e5 Madeira i 40 bilder &#8211; <a style=\"outline: none;\" href=\"https:\/\/www.zigzagonearth.com\/best-landscapes-madeira-photos\/\" target=\"_blank\" rel=\"noopener\">l\u00e4s artikeln<\/a><\/li>\n\n\n\n<li>De 7 kablarna p\u00e5 Madeira och deras fantastiska vyer &#8211; <a style=\"outline: none;\" href=\"https:\/\/www.zigzagonearth.com\/best-cable-car-madeira-teleferico\/\" target=\"_blank\" rel=\"noopener\">l\u00e4s artikeln<\/a><\/li>\n\n\n\n<li>De 7 b\u00e4sta vandringarna och levadavandringarna p\u00e5 Madeira &#8211; <a style=\"outline: none;\" href=\"https:\/\/www.zigzagonearth.com\/best-hikes-in-madeira-levada-walks\/\" target=\"_blank\" rel=\"noopener\">l\u00e4s artikeln<\/a><\/li>\n\n\n\n<li>Allt du beh\u00f6ver veta f\u00f6r att hyra bil och k\u00f6ra p\u00e5 Madeira &#8211; <a style=\"outline: none;\" href=\"https:\/\/www.zigzagonearth.com\/driving-madeira-car-rental-tips\/\" target=\"_blank\" rel=\"noopener\">l\u00e4s artikeln<\/a><\/li>\n\n\n\n<li>De 18 b\u00e4sta str\u00e4nderna p\u00e5 Madeira &#8211; <a href=\"https:\/\/www.zigzagonearth.com\/best-beaches-madeira\/\" target=\"_blank\" rel=\"noopener\">l\u00e4s artikeln<\/a><\/li>\n<\/ul>\n\n<p><strong>Planerar du en resa till Madeira?<\/strong><\/p>\n\n<p>Kolla in min reseguide f\u00f6r att f\u00e5 hj\u00e4lp med planeringen:<\/p>\n\n<div style=\"margin-top:8%;margin-bottom:8%\" class=\"wp-block-genesis-blocks-gb-container box_ebook gb-block-container\"><div class=\"gb-container-inside\"><div class=\"gb-container-content\">\n<h5 class=\"wp-block-heading box_titre_ebook\">Planera din <u>dr\u00f6mresa<\/u> till <strong>Madeira<\/strong> med hj\u00e4lp av min guide (endast p\u00e5 engelska)<\/h5>\n\n\n\n<div class=\"wp-block-columns box_colonnes_ebook is-layout-flex wp-container-core-columns-is-layout-9d6595d7 wp-block-columns-is-layout-flex\">\n<div class=\"wp-block-column is-layout-flow wp-block-column-is-layout-flow\">\n<figure class=\"wp-block-image size-large img_ebook\"><a href=\"https:\/\/www.zigzagonearth.com\/photograph-madeira-travel-guide\/\"><img decoding=\"async\" src=\"https:\/\/www.zigzagonearth.com\/wp-content\/uploads\/2021\/08\/small-Madeira-ebook-cover.jpg\" alt=\"eBook Reseguide Mallorca\"\/><\/a><\/figure>\n<\/div>\n\n\n\n<div class=\"wp-block-column is-layout-flow wp-block-column-is-layout-flow\">\n<ul class=\"box_liste wp-block-list\" style=\"font-size:16px\">\n<li>7 kartor f\u00f6r att enkelt planera din resv\u00e4g<\/li>\n\n\n\n<li>120+ f\u00f6rvalda platser<\/li>\n\n\n\n<li>GPS-koordinater direkt till parkeringsplatserna<\/li>\n\n\n\n<li>Tips f\u00f6r att f\u00e5 ut det mesta av din tid<\/li>\n\n\n\n<li>260+ originalbilder som hj\u00e4lper dig att v\u00e4lja<\/li>\n<\/ul>\n\n\n\n<div class=\"wp-block-buttons box_colonne_bouton_ebook is-content-justification-left is-layout-flex wp-container-core-buttons-is-layout-fdcfc74e wp-block-buttons-is-layout-flex\">\n<div class=\"wp-block-button box_bouton box_bouton_ebook\"><a class=\"wp-block-button__link wp-element-button\" href=\"https:\/\/www.zigzagonearth.com\/photograph-madeira-travel-guide\/\" target=\"_blank\" rel=\"noreferrer noopener\">Uppt\u00e4ck det! (endast p\u00e5 engelska)<span class=\"box_bouton_image\"><\/span><\/a><\/div>\n<\/div>\n<\/div>\n<\/div>\n<\/div><\/div><\/div>\n\n<p class=\"has-text-align-left\"><strong>Och h\u00e5ll koll p\u00e5 din egen resa!<\/strong><\/p>\n\n<figure class=\"wp-block-image\"><a href=\"https:\/\/www.amazon.com\/dp\/B09LWJVR7V?&amp;linkCode=ll1&amp;tag=zigzagus-20&amp;linkId=68c8b70c27e0fbe67205f404e3f1805a&amp;language=en_US&amp;ref_=as_li_ss_tl\" target=\"_blank\" rel=\"nofollow noopener\"><img decoding=\"async\" src=\"\/\/www.zigzagonearth.com\/wp-content\/uploads\/2021\/11\/Madeira-travel-Journal.jpg\" alt=\"Resedagbok Madeira\" title=\"Resedagbok Madeira\"\/><\/a><\/figure>\n\n<p>Vill du se mer av MADEIRA?<\/p>\n\n<p><strong>TIDIGARE:  <\/strong><\/p>\n\n<p class=\"has-text-align-left\"><strong><a href=\"https:\/\/www.zigzagonearth.com\/madeira-boat-tours-trip\/\" target=\"_blank\" rel=\"noopener\">7 b\u00e4sta b\u00e5tturer och resor p\u00e5 Madeira<\/a><\/strong><\/p>\n\n<p><strong>N\u00c4STA: <\/strong><\/p>\n\n<p class=\"has-text-align-left\"><strong><strong><a href=\"https:\/\/www.zigzagonearth.com\/renting-car-madeira-tips\/\" target=\"_blank\" rel=\"noopener\">Hyr en bil p\u00e5 Madeira &#8211; 36 tips<\/a><\/strong><\/strong><\/p>\n\n<figure class=\"wp-block-image\"><a href=\"https:\/\/www.zigzagonearth.com\/madeira-travel-guide\/\" target=\"_blank\" rel=\"noopener\"><img decoding=\"async\" src=\"\/\/www.zigzagonearth.com\/wp-content\/uploads\/2021\/08\/Madeira-Travel-Guide.jpg\" alt=\"Reseguide f&#xF6;r Madeira\" title=\"Reseguide f&#xF6;r Madeira\"\/><\/a><\/figure>\n\n<p class=\"has-text-align-left\"><strong>Inspirerad? Dela den p\u00e5 din favoritplattform!<\/strong><\/p>\n","protected":false},"excerpt":{"rendered":"<p>Planerar du en resa till Madeira? Vilket underbart val av resm\u00e5l!Nedan f\u00f6ljer mina b\u00e4sta restips f\u00f6r Madeira f\u00f6r att f\u00e5 ut det mesta av din tid: Allt du beh\u00f6ver f\u00f6r att planera din resa runt \u00f6n Madeira! Din kompletta guide. 5 restips f\u00f6r Madeira som hj\u00e4lper dig att planera \/ resv\u00e4g #1 &#8211; V\u00e4lj den [&hellip;]<\/p>\n","protected":false},"author":1,"featured_media":57527,"comment_status":"closed","ping_status":"closed","sticky":false,"template":"","format":"standard","meta":{"_genesis_hide_title":false,"_genesis_hide_breadcrumbs":false,"_genesis_hide_singular_image":false,"_genesis_hide_footer_widgets":false,"_genesis_custom_body_class":"","_genesis_custom_post_class":"","_genesis_layout":"full-width-content","footnotes":""},"categories":[530],"tags":[],"class_list":{"0":"post-69059","1":"post","2":"type-post","3":"status-publish","4":"format-standard","5":"has-post-thumbnail","7":"category-madeira-sv","8":"entry"},"yoast_head":"<!-- This site is optimized with the Yoast SEO plugin v27.2 - https:\/\/yoast.com\/product\/yoast-seo-wordpress\/ -->\n<title>42 restips f\u00f6r Madeira (f\u00f6r en of\u00f6rgl\u00f6mlig resa!)<\/title>\n<meta name=\"description\" content=\"42 Madeira restips f\u00f6r att planera din resa - en komplett guide f\u00f6r att g\u00f6ra det b\u00e4sta av din tid - planering, vistelse, k\u00f6rning, sev\u00e4rdheter...\" \/>\n<meta name=\"robots\" content=\"index, follow, max-snippet:-1, max-image-preview:large, max-video-preview:-1\" \/>\n<link rel=\"canonical\" href=\"https:\/\/www.zigzagonearth.com\/sv\/madeira-restips-guide\/\" \/>\n<meta property=\"og:locale\" content=\"sv_SE\" \/>\n<meta property=\"og:type\" content=\"article\" \/>\n<meta property=\"og:title\" content=\"42 restips f\u00f6r Madeira (f\u00f6r en of\u00f6rgl\u00f6mlig resa!)\" \/>\n<meta property=\"og:description\" content=\"42 Madeira restips f\u00f6r att planera din resa - en komplett guide f\u00f6r att g\u00f6ra det b\u00e4sta av din tid - planering, vistelse, k\u00f6rning, sev\u00e4rdheter...\" \/>\n<meta property=\"og:url\" content=\"https:\/\/www.zigzagonearth.com\/sv\/madeira-restips-guide\/\" \/>\n<meta property=\"og:site_name\" content=\"ZigZagonEarth\" \/>\n<meta property=\"article:publisher\" content=\"https:\/\/www.facebook.com\/zigzagonearth\" \/>\n<meta property=\"article:author\" content=\"https:\/\/www.facebook.com\/zigzagonearth\" \/>\n<meta property=\"article:published_time\" content=\"2021-08-16T08:36:23+00:00\" \/>\n<meta property=\"article:modified_time\" content=\"2023-10-26T12:01:09+00:00\" \/>\n<meta property=\"og:image\" content=\"http:\/\/www.zigzagonearth.com\/wp-content\/uploads\/2021\/08\/FB-Guide-Madeira-Travel-Tips.jpg\" \/>\n<meta name=\"author\" content=\"Claire\" \/>\n<meta name=\"twitter:card\" content=\"summary_large_image\" \/>\n<meta name=\"twitter:creator\" content=\"@ZigZagOnEarth\" \/>\n<meta name=\"twitter:site\" content=\"@ZigZagOnEarth\" \/>\n<meta name=\"twitter:label1\" content=\"Skriven av\" \/>\n\t<meta name=\"twitter:data1\" content=\"Claire\" \/>\n\t<meta name=\"twitter:label2\" content=\"Ber\u00e4knad l\u00e4stid\" \/>\n\t<meta name=\"twitter:data2\" content=\"25 minuter\" \/>\n<script type=\"application\/ld+json\" class=\"yoast-schema-graph\">{\"@context\":\"https:\/\/schema.org\",\"@graph\":[{\"@type\":\"Article\",\"@id\":\"https:\/\/www.zigzagonearth.com\/sv\/madeira-restips-guide\/#article\",\"isPartOf\":{\"@id\":\"https:\/\/www.zigzagonearth.com\/sv\/madeira-restips-guide\/\"},\"author\":{\"name\":\"Claire\",\"@id\":\"https:\/\/www.zigzagonearth.com\/sv\/#\/schema\/person\/0498142e0cb256f21659d85ef6bca599\"},\"headline\":\"42 restips f\u00f6r Madeira (g\u00f6r det b\u00e4sta av din resa!)\",\"datePublished\":\"2021-08-16T08:36:23+00:00\",\"dateModified\":\"2023-10-26T12:01:09+00:00\",\"mainEntityOfPage\":{\"@id\":\"https:\/\/www.zigzagonearth.com\/sv\/madeira-restips-guide\/\"},\"wordCount\":5067,\"image\":{\"@id\":\"https:\/\/www.zigzagonearth.com\/sv\/madeira-restips-guide\/#primaryimage\"},\"thumbnailUrl\":\"https:\/\/www.zigzagonearth.com\/wp-content\/uploads\/2021\/08\/Guide-Madeira-Travel-Tips.jpg\",\"articleSection\":[\"Madeira\"],\"inLanguage\":\"sv-SE\"},{\"@type\":\"WebPage\",\"@id\":\"https:\/\/www.zigzagonearth.com\/sv\/madeira-restips-guide\/\",\"url\":\"https:\/\/www.zigzagonearth.com\/sv\/madeira-restips-guide\/\",\"name\":\"42 restips f\u00f6r Madeira (f\u00f6r en of\u00f6rgl\u00f6mlig resa!)\",\"isPartOf\":{\"@id\":\"https:\/\/www.zigzagonearth.com\/sv\/#website\"},\"primaryImageOfPage\":{\"@id\":\"https:\/\/www.zigzagonearth.com\/sv\/madeira-restips-guide\/#primaryimage\"},\"image\":{\"@id\":\"https:\/\/www.zigzagonearth.com\/sv\/madeira-restips-guide\/#primaryimage\"},\"thumbnailUrl\":\"https:\/\/www.zigzagonearth.com\/wp-content\/uploads\/2021\/08\/Guide-Madeira-Travel-Tips.jpg\",\"datePublished\":\"2021-08-16T08:36:23+00:00\",\"dateModified\":\"2023-10-26T12:01:09+00:00\",\"author\":{\"@id\":\"https:\/\/www.zigzagonearth.com\/sv\/#\/schema\/person\/0498142e0cb256f21659d85ef6bca599\"},\"description\":\"42 Madeira restips f\u00f6r att planera din resa - en komplett guide f\u00f6r att g\u00f6ra det b\u00e4sta av din tid - planering, vistelse, k\u00f6rning, sev\u00e4rdheter...\",\"breadcrumb\":{\"@id\":\"https:\/\/www.zigzagonearth.com\/sv\/madeira-restips-guide\/#breadcrumb\"},\"inLanguage\":\"sv-SE\",\"potentialAction\":[{\"@type\":\"ReadAction\",\"target\":[\"https:\/\/www.zigzagonearth.com\/sv\/madeira-restips-guide\/\"]}]},{\"@type\":\"ImageObject\",\"inLanguage\":\"sv-SE\",\"@id\":\"https:\/\/www.zigzagonearth.com\/sv\/madeira-restips-guide\/#primaryimage\",\"url\":\"https:\/\/www.zigzagonearth.com\/wp-content\/uploads\/2021\/08\/Guide-Madeira-Travel-Tips.jpg\",\"contentUrl\":\"https:\/\/www.zigzagonearth.com\/wp-content\/uploads\/2021\/08\/Guide-Madeira-Travel-Tips.jpg\",\"width\":250,\"height\":250},{\"@type\":\"BreadcrumbList\",\"@id\":\"https:\/\/www.zigzagonearth.com\/sv\/madeira-restips-guide\/#breadcrumb\",\"itemListElement\":[{\"@type\":\"ListItem\",\"position\":1,\"name\":\"Home\",\"item\":\"https:\/\/www.zigzagonearth.com\/sv\/\"},{\"@type\":\"ListItem\",\"position\":2,\"name\":\"42 restips f\u00f6r Madeira (g\u00f6r det b\u00e4sta av din resa!)\"}]},{\"@type\":\"WebSite\",\"@id\":\"https:\/\/www.zigzagonearth.com\/sv\/#website\",\"url\":\"https:\/\/www.zigzagonearth.com\/sv\/\",\"name\":\"ZigZagonEarth\",\"description\":\"Plan unforgettable road trips!\",\"potentialAction\":[{\"@type\":\"SearchAction\",\"target\":{\"@type\":\"EntryPoint\",\"urlTemplate\":\"https:\/\/www.zigzagonearth.com\/sv\/?s={search_term_string}\"},\"query-input\":{\"@type\":\"PropertyValueSpecification\",\"valueRequired\":true,\"valueName\":\"search_term_string\"}}],\"inLanguage\":\"sv-SE\"},{\"@type\":\"Person\",\"@id\":\"https:\/\/www.zigzagonearth.com\/sv\/#\/schema\/person\/0498142e0cb256f21659d85ef6bca599\",\"name\":\"Claire\",\"image\":{\"@type\":\"ImageObject\",\"inLanguage\":\"sv-SE\",\"@id\":\"https:\/\/secure.gravatar.com\/avatar\/7a2d4fe6757ab43d35e1680834ada7bf24e3ceccf01b37a8d65bfb7e69ce6271?s=96&d=blank&r=g\",\"url\":\"https:\/\/secure.gravatar.com\/avatar\/7a2d4fe6757ab43d35e1680834ada7bf24e3ceccf01b37a8d65bfb7e69ce6271?s=96&d=blank&r=g\",\"contentUrl\":\"https:\/\/secure.gravatar.com\/avatar\/7a2d4fe6757ab43d35e1680834ada7bf24e3ceccf01b37a8d65bfb7e69ce6271?s=96&d=blank&r=g\",\"caption\":\"Claire\"},\"description\":\"Claire is the ultimate Travel Planning Geek - She can spend hours, weeks, months... researching for a trip. She created ZigZag On Earth to help people plan their own travels and make the most of their time.\",\"sameAs\":[\"https:\/\/www.facebook.com\/zigzagonearth\"]}]}<\/script>\n<!-- \/ Yoast SEO plugin. -->","yoast_head_json":{"title":"42 restips f\u00f6r Madeira (f\u00f6r en of\u00f6rgl\u00f6mlig resa!)","description":"42 Madeira restips f\u00f6r att planera din resa - en komplett guide f\u00f6r att g\u00f6ra det b\u00e4sta av din tid - planering, vistelse, k\u00f6rning, sev\u00e4rdheter...","robots":{"index":"index","follow":"follow","max-snippet":"max-snippet:-1","max-image-preview":"max-image-preview:large","max-video-preview":"max-video-preview:-1"},"canonical":"https:\/\/www.zigzagonearth.com\/sv\/madeira-restips-guide\/","og_locale":"sv_SE","og_type":"article","og_title":"42 restips f\u00f6r Madeira (f\u00f6r en of\u00f6rgl\u00f6mlig resa!)","og_description":"42 Madeira restips f\u00f6r att planera din resa - en komplett guide f\u00f6r att g\u00f6ra det b\u00e4sta av din tid - planering, vistelse, k\u00f6rning, sev\u00e4rdheter...","og_url":"https:\/\/www.zigzagonearth.com\/sv\/madeira-restips-guide\/","og_site_name":"ZigZagonEarth","article_publisher":"https:\/\/www.facebook.com\/zigzagonearth","article_author":"https:\/\/www.facebook.com\/zigzagonearth","article_published_time":"2021-08-16T08:36:23+00:00","article_modified_time":"2023-10-26T12:01:09+00:00","og_image":[{"url":"http:\/\/www.zigzagonearth.com\/wp-content\/uploads\/2021\/08\/FB-Guide-Madeira-Travel-Tips.jpg","type":"","width":"","height":""}],"author":"Claire","twitter_card":"summary_large_image","twitter_creator":"@ZigZagOnEarth","twitter_site":"@ZigZagOnEarth","twitter_misc":{"Skriven av":"Claire","Ber\u00e4knad l\u00e4stid":"25 minuter"},"schema":{"@context":"https:\/\/schema.org","@graph":[{"@type":"Article","@id":"https:\/\/www.zigzagonearth.com\/sv\/madeira-restips-guide\/#article","isPartOf":{"@id":"https:\/\/www.zigzagonearth.com\/sv\/madeira-restips-guide\/"},"author":{"name":"Claire","@id":"https:\/\/www.zigzagonearth.com\/sv\/#\/schema\/person\/0498142e0cb256f21659d85ef6bca599"},"headline":"42 restips f\u00f6r Madeira (g\u00f6r det b\u00e4sta av din resa!)","datePublished":"2021-08-16T08:36:23+00:00","dateModified":"2023-10-26T12:01:09+00:00","mainEntityOfPage":{"@id":"https:\/\/www.zigzagonearth.com\/sv\/madeira-restips-guide\/"},"wordCount":5067,"image":{"@id":"https:\/\/www.zigzagonearth.com\/sv\/madeira-restips-guide\/#primaryimage"},"thumbnailUrl":"https:\/\/www.zigzagonearth.com\/wp-content\/uploads\/2021\/08\/Guide-Madeira-Travel-Tips.jpg","articleSection":["Madeira"],"inLanguage":"sv-SE"},{"@type":"WebPage","@id":"https:\/\/www.zigzagonearth.com\/sv\/madeira-restips-guide\/","url":"https:\/\/www.zigzagonearth.com\/sv\/madeira-restips-guide\/","name":"42 restips f\u00f6r Madeira (f\u00f6r en of\u00f6rgl\u00f6mlig resa!)","isPartOf":{"@id":"https:\/\/www.zigzagonearth.com\/sv\/#website"},"primaryImageOfPage":{"@id":"https:\/\/www.zigzagonearth.com\/sv\/madeira-restips-guide\/#primaryimage"},"image":{"@id":"https:\/\/www.zigzagonearth.com\/sv\/madeira-restips-guide\/#primaryimage"},"thumbnailUrl":"https:\/\/www.zigzagonearth.com\/wp-content\/uploads\/2021\/08\/Guide-Madeira-Travel-Tips.jpg","datePublished":"2021-08-16T08:36:23+00:00","dateModified":"2023-10-26T12:01:09+00:00","author":{"@id":"https:\/\/www.zigzagonearth.com\/sv\/#\/schema\/person\/0498142e0cb256f21659d85ef6bca599"},"description":"42 Madeira restips f\u00f6r att planera din resa - en komplett guide f\u00f6r att g\u00f6ra det b\u00e4sta av din tid - planering, vistelse, k\u00f6rning, sev\u00e4rdheter...","breadcrumb":{"@id":"https:\/\/www.zigzagonearth.com\/sv\/madeira-restips-guide\/#breadcrumb"},"inLanguage":"sv-SE","potentialAction":[{"@type":"ReadAction","target":["https:\/\/www.zigzagonearth.com\/sv\/madeira-restips-guide\/"]}]},{"@type":"ImageObject","inLanguage":"sv-SE","@id":"https:\/\/www.zigzagonearth.com\/sv\/madeira-restips-guide\/#primaryimage","url":"https:\/\/www.zigzagonearth.com\/wp-content\/uploads\/2021\/08\/Guide-Madeira-Travel-Tips.jpg","contentUrl":"https:\/\/www.zigzagonearth.com\/wp-content\/uploads\/2021\/08\/Guide-Madeira-Travel-Tips.jpg","width":250,"height":250},{"@type":"BreadcrumbList","@id":"https:\/\/www.zigzagonearth.com\/sv\/madeira-restips-guide\/#breadcrumb","itemListElement":[{"@type":"ListItem","position":1,"name":"Home","item":"https:\/\/www.zigzagonearth.com\/sv\/"},{"@type":"ListItem","position":2,"name":"42 restips f\u00f6r Madeira (g\u00f6r det b\u00e4sta av din resa!)"}]},{"@type":"WebSite","@id":"https:\/\/www.zigzagonearth.com\/sv\/#website","url":"https:\/\/www.zigzagonearth.com\/sv\/","name":"ZigZagonEarth","description":"Plan unforgettable road trips!","potentialAction":[{"@type":"SearchAction","target":{"@type":"EntryPoint","urlTemplate":"https:\/\/www.zigzagonearth.com\/sv\/?s={search_term_string}"},"query-input":{"@type":"PropertyValueSpecification","valueRequired":true,"valueName":"search_term_string"}}],"inLanguage":"sv-SE"},{"@type":"Person","@id":"https:\/\/www.zigzagonearth.com\/sv\/#\/schema\/person\/0498142e0cb256f21659d85ef6bca599","name":"Claire","image":{"@type":"ImageObject","inLanguage":"sv-SE","@id":"https:\/\/secure.gravatar.com\/avatar\/7a2d4fe6757ab43d35e1680834ada7bf24e3ceccf01b37a8d65bfb7e69ce6271?s=96&d=blank&r=g","url":"https:\/\/secure.gravatar.com\/avatar\/7a2d4fe6757ab43d35e1680834ada7bf24e3ceccf01b37a8d65bfb7e69ce6271?s=96&d=blank&r=g","contentUrl":"https:\/\/secure.gravatar.com\/avatar\/7a2d4fe6757ab43d35e1680834ada7bf24e3ceccf01b37a8d65bfb7e69ce6271?s=96&d=blank&r=g","caption":"Claire"},"description":"Claire is the ultimate Travel Planning Geek - She can spend hours, weeks, months... researching for a trip. She created ZigZag On Earth to help people plan their own travels and make the most of their time.","sameAs":["https:\/\/www.facebook.com\/zigzagonearth"]}]}},"featured_image_src":"https:\/\/www.zigzagonearth.com\/wp-content\/uploads\/2021\/08\/Guide-Madeira-Travel-Tips.jpg","featured_image_src_square":"https:\/\/www.zigzagonearth.com\/wp-content\/uploads\/2021\/08\/Guide-Madeira-Travel-Tips.jpg","author_info":{"display_name":"Claire","author_link":"https:\/\/www.zigzagonearth.com\/sv\/author\/zzoe\/"},"_links":{"self":[{"href":"https:\/\/www.zigzagonearth.com\/sv\/wp-json\/wp\/v2\/posts\/69059","targetHints":{"allow":["GET"]}}],"collection":[{"href":"https:\/\/www.zigzagonearth.com\/sv\/wp-json\/wp\/v2\/posts"}],"about":[{"href":"https:\/\/www.zigzagonearth.com\/sv\/wp-json\/wp\/v2\/types\/post"}],"author":[{"embeddable":true,"href":"https:\/\/www.zigzagonearth.com\/sv\/wp-json\/wp\/v2\/users\/1"}],"replies":[{"embeddable":true,"href":"https:\/\/www.zigzagonearth.com\/sv\/wp-json\/wp\/v2\/comments?post=69059"}],"version-history":[{"count":0,"href":"https:\/\/www.zigzagonearth.com\/sv\/wp-json\/wp\/v2\/posts\/69059\/revisions"}],"wp:featuredmedia":[{"embeddable":true,"href":"https:\/\/www.zigzagonearth.com\/sv\/wp-json\/wp\/v2\/media\/57527"}],"wp:attachment":[{"href":"https:\/\/www.zigzagonearth.com\/sv\/wp-json\/wp\/v2\/media?parent=69059"}],"wp:term":[{"taxonomy":"category","embeddable":true,"href":"https:\/\/www.zigzagonearth.com\/sv\/wp-json\/wp\/v2\/categories?post=69059"},{"taxonomy":"post_tag","embeddable":true,"href":"https:\/\/www.zigzagonearth.com\/sv\/wp-json\/wp\/v2\/tags?post=69059"}],"curies":[{"name":"wp","href":"https:\/\/api.w.org\/{rel}","templated":true}]}}