{"id":68268,"date":"2021-08-27T11:57:54","date_gmt":"2021-08-27T09:57:54","guid":{"rendered":"https:\/\/www.zigzagonearth.com\/basta-stranderna-madeira\/"},"modified":"2023-11-01T11:25:16","modified_gmt":"2023-11-01T10:25:16","slug":"basta-stranderna-madeira","status":"publish","type":"post","link":"https:\/\/www.zigzagonearth.com\/sv\/basta-stranderna-madeira\/","title":{"rendered":"18 b\u00e4sta str\u00e4nderna p\u00e5 Madeira (sand, bad, landskap&#8230;)"},"content":{"rendered":"\n<p><strong>Du funderar p\u00e5 var du ska ta en simtur p\u00e5 Madeira Island?<\/strong><br\/><strong>Uppt\u00e4ck nedan de b\u00e4sta str\u00e4nderna p\u00e5 Madeira inklusive:<\/strong><\/p>\n\n<ul class=\"wp-block-list\">\n<li><strong>De f\u00e5 sandstr\u00e4nderna  <\/strong><\/li>\n\n\n\n<li><strong>De b\u00e4sta stenstr\u00e4nderna f\u00f6r simning och solbad<\/strong><\/li>\n\n\n\n<li><strong>De vackraste str\u00e4nderna f\u00f6r fotografering<\/strong><\/li>\n\n\n\n<li><strong>De b\u00e4sta str\u00e4nderna f\u00f6r en aktiv semester: snorkla, dyk, surfa&#8230;<\/strong><\/li>\n<\/ul>\n\n<p><strong>Med praktiska tips och kartor som hj\u00e4lper dig att v\u00e4lja det b\u00e4sta alternativet f\u00f6r dig.<\/strong><\/p>\n\n<div style=\"margin-top:8%;margin-bottom:8%\" class=\"wp-block-genesis-blocks-gb-container box gb-block-container\"><div class=\"gb-container-inside\"><div class=\"gb-container-content\">\n<p class=\"box_titre_une\">Innan mina tips + foton, h\u00e4r \u00e4r <u>mina favoriter<\/u> f\u00f6r Madeira:<\/p>\n\n\n\n<div class=\"wp-block-columns box_colonne_cc is-layout-flex wp-container-core-columns-is-layout-9d6595d7 wp-block-columns-is-layout-flex\">\n<div class=\"wp-block-column box_picto_c is-layout-flow wp-block-column-is-layout-flow\" style=\"flex-basis:5%\">\n<figure class=\"wp-block-image size-full is-resized box_picto\"><img loading=\"lazy\" decoding=\"async\" src=\"http:\/\/www.zigzagonearth.com\/wp-content\/uploads\/2023\/08\/&#x1F697;.png\" alt=\"\" class=\"wp-image-16341\" style=\"width:30px;height:31px\" width=\"30\" height=\"31\"\/><\/figure>\n<\/div>\n\n\n\n<div class=\"wp-block-column is-layout-flow wp-block-column-is-layout-flow\" style=\"flex-basis:95%\">\n<p class=\"box_lien_g\">Min favoritplattform f\u00f6r att hyra en bil p\u00e5 Madeira: <a href=\"https:\/\/www.discovercars.com\/se\/portugal\/madeira?a_aid=zigzag&amp;chan=ZZ_Madeira\" target=\"_blank\" rel=\"noreferrer noopener sponsored nofollow\">DiscoverCars<\/a><\/p>\n<\/div>\n<\/div>\n\n\n\n<div class=\"wp-block-columns box_colonne_cc is-layout-flex wp-container-core-columns-is-layout-9d6595d7 wp-block-columns-is-layout-flex\">\n<div class=\"wp-block-column box_picto_c is-layout-flow wp-block-column-is-layout-flow\" style=\"flex-basis:5%\">\n<figure class=\"wp-block-image size-full is-resized box_picto\"><img loading=\"lazy\" decoding=\"async\" src=\"http:\/\/www.zigzagonearth.com\/wp-content\/uploads\/2023\/08\/&#x1F6E5;&#xFE0F;&#xFE0F;.png\" alt=\"\" class=\"wp-image-16340\" style=\"width:30px;height:31px\" width=\"30\" height=\"31\"\/><\/figure>\n<\/div>\n\n\n\n<div class=\"wp-block-column is-layout-flow wp-block-column-is-layout-flow\" style=\"flex-basis:90%\">\n<p>En b\u00e5ttur som inte f\u00e5r missas: <a href=\"https:\/\/www.getyourguide.se\/s\/?q=Funchal+catamaran+dolphin&amp;searchSource=7&amp;partner_id=R3GYW4V&amp;cmp=ZZ_madeira\" target=\"_blank\" rel=\"noreferrer noopener sponsored nofollow\">Katamarantur f\u00f6r att titta p\u00e5 valar<\/a><\/p>\n<\/div>\n<\/div>\n\n\n\n<div class=\"wp-block-columns box_colonne_cc is-layout-flex wp-container-core-columns-is-layout-9d6595d7 wp-block-columns-is-layout-flex\">\n<div class=\"wp-block-column box_picto_c is-layout-flow wp-block-column-is-layout-flow\" style=\"flex-basis:5%\">\n<figure class=\"wp-block-image size-full is-resized box_picto\"><img loading=\"lazy\" decoding=\"async\" src=\"http:\/\/www.zigzagonearth.com\/wp-content\/uploads\/2023\/08\/&#x1F68C;.png\" alt=\"\" class=\"wp-image-16339\" style=\"width:30px;height:31px\" width=\"30\" height=\"31\"\/><\/figure>\n<\/div>\n\n\n\n<div class=\"wp-block-column is-layout-flow wp-block-column-is-layout-flow\" style=\"flex-basis:90%\">\n<p>Min favoritutflykt fr\u00e5n Funchal: <a href=\"https:\/\/www.getyourguide.se\/funchal-l1026\/funchal-full-day-4x4-eastern-tour-t129045\/?partner_id=R3GYW4V&amp;cmp=ZZ_madeira\" target=\"_blank\" rel=\"noreferrer noopener sponsored nofollow\">4&#215;4-tur p\u00e5 \u00f6stra Madeira<\/a><\/p>\n<\/div>\n<\/div>\n\n\n\n<div class=\"wp-block-columns box_colonne_cc box_colonne_dernier_cc is-layout-flex wp-container-core-columns-is-layout-9d6595d7 wp-block-columns-is-layout-flex\">\n<div class=\"wp-block-column box_picto_x box_picto_c is-layout-flow wp-block-column-is-layout-flow\" style=\"flex-basis:5%\">\n<figure class=\"wp-block-image size-full is-resized box_picto\"><img loading=\"lazy\" decoding=\"async\" src=\"http:\/\/www.zigzagonearth.com\/wp-content\/uploads\/2023\/08\/&#x1F3E0;.png\" alt=\"\" class=\"wp-image-16338\" style=\"width:30px;height:31px\" width=\"30\" height=\"31\"\/><\/figure>\n<\/div>\n\n\n\n<div class=\"wp-block-column is-layout-flow wp-block-column-is-layout-flow\" style=\"flex-basis:95%\">\n<p>MMina favoritst\u00e4llen att bo p\u00e5 i Funchal: <a href=\"https:\/\/www.booking.com\/hotel\/pt\/les-suites-at-the-cliff-bay.html?aid=1164282&amp;label=madeira\" target=\"_blank\" rel=\"noreferrer noopener sponsored nofollow\">Les Suites at the Cliff Bay<\/a> (lyx) &#8211; <a href=\"https:\/\/www.booking.com\/hotel\/pt\/se-boutique.html?aid=1164282&amp;label=madeira\" target=\"_blank\" rel=\"noreferrer noopener sponsored nofollow\">S\u00e9 Boutique Hotel<\/a> (4 stj\u00e4rnor) &#8211; <a href=\"https:\/\/www.booking.com\/hotel\/pt\/the-marketplace-apartments.html?aid=1164282&amp;label=madeira\" target=\"_blank\" rel=\"noreferrer noopener sponsored nofollow\">Market Place by Storytellers<\/a> (l\u00e4genheter)<\/p>\n\n\n\n<p>Mina favoritst\u00e4llen att bo utanf\u00f6r Funchal: <a href=\"https:\/\/www.booking.com\/hotel\/pt\/saccharum.html?aid=1164282&amp;no_rooms=1&amp;group_adults=2&amp;label=madeira\" target=\"_blank\" rel=\"noreferrer noopener sponsored nofollow\">Saccharum Resort<\/a> n\u00e4ra en strand (Lyx) &#8211; <a href=\"https:\/\/www.booking.com\/hotel\/pt\/estalagem-da-ponta-do-sol.html?aid=1164282&amp;label=madeira\" target=\"_blank\" rel=\"noreferrer noopener sponsored nofollow\">Estalagem da Ponta do Sol<\/a> (4 stj\u00e4rnor) &#8211; <a href=\"https:\/\/www.booking.com\/hotel\/pt\/estalagem-engenho-velho.html?aid=1164282&amp;label=madeira\" target=\"_blank\" rel=\"noreferrer noopener sponsored nofollow\">Engho Velho Hotel<\/a> (mellanklass)<\/p>\n<\/div>\n<\/div>\n<\/div><\/div><\/div>\n\n<div class=\"wp-block-columns is-layout-flex wp-container-core-columns-is-layout-9d6595d7 wp-block-columns-is-layout-flex\">\n<div class=\"wp-block-column is-layout-flow wp-block-column-is-layout-flow\"><div class=\"wp-block-image\">\n<figure class=\"aligncenter size-full is-resized\"><img decoding=\"async\" src=\"https:\/\/www.zigzagonearth.com\/wp-content\/uploads\/2023\/09\/basta-strander-Madeira.jpg\" alt=\"B&#xE4;sta str&#xE4;nderna p&#xE5; Madeira simning Pin\" class=\"wp-image-14901\" style=\"width:300px;height:undefinedpx\"\/><\/figure>\n<\/div><\/div>\n\n\n\n<div class=\"wp-block-column is-layout-flow wp-block-column-is-layout-flow\"><\/div>\n<\/div>\n\n<h2 class=\"wp-block-heading\" id=\"tab-con-10\"><strong>Om str\u00e4nderna p\u00e5 \u00f6n Madeira<\/strong><\/h2>\n\n<h3 class=\"wp-block-heading\"><strong>Urval av de b\u00e4sta str\u00e4nderna p\u00e5 Madeira<\/strong><\/h3>\n\n<p>Nedan i den h\u00e4r artikeln beskriver jag mer detaljerat alla de b\u00e4sta str\u00e4nderna p\u00e5 \u00f6n, med bilder. Men om du vill ha korta svar:<\/p>\n\n<p><strong>De 3 b\u00e4sta sandstr\u00e4nderna p\u00e5 Madeira<\/strong><\/p>\n\n<ul class=\"wp-block-list\">\n<li>Seixal svart sandstrand<\/li>\n\n\n\n<li>Machico strand<\/li>\n\n\n\n<li>Calheta Beach<\/li>\n<\/ul>\n\n<p><strong>Topp 3 str\u00e4nder p\u00e5 Madeira f\u00f6r simning och solbad:<\/strong><\/p>\n\n<ul class=\"wp-block-list\">\n<li>Praia Formosa<\/li>\n\n\n\n<li>Ponta do Sol Beach<\/li>\n\n\n\n<li>Faial Beach<\/li>\n<\/ul>\n\n<p><strong>Topp 3 str\u00e4nder p\u00e5 Madeira f\u00f6r fotografering (natursk\u00f6na)<\/strong><\/p>\n\n<ul class=\"wp-block-list\">\n<li>Calhau da Lapa<\/li>\n\n\n\n<li>Sao Jorge strand och ruiner<\/li>\n\n\n\n<li>Praia de Ilheus da Ribeira da Janela<\/li>\n<\/ul>\n\n<figure class=\"wp-block-image size-large\"><img decoding=\"async\" src=\"https:\/\/www.zigzagonearth.com\/wp-content\/uploads\/2021\/08\/best-Madeira-beaches.jpg\" alt=\"M&#xE5;nga olika str&#xE4;nder p&#xE5; Madeira\"\/><figcaption class=\"wp-element-caption\"><strong>M\u00e5nga olika str\u00e4nder p\u00e5 Madeira<\/strong><\/figcaption><\/figure>\n\n<h3 class=\"wp-block-heading\"><strong>De b\u00e4sta str\u00e4nderna p\u00e5 Madeira &#8211; Karta<\/strong><\/h3>\n\n<p>Nedan finns en karta som hj\u00e4lper dig att orientera dig och hitta mitt urval av de b\u00e4sta str\u00e4nderna:  <\/p>\n\n<figure class=\"wp-block-image size-large\"><img decoding=\"async\" src=\"https:\/\/www.zigzagonearth.com\/wp-content\/uploads\/2021\/08\/best-beaches-madeira-island-map.jpg\" alt=\"B&#xE4;sta str&#xE4;nderna p&#xE5; Madeira - Karta\"\/><figcaption class=\"wp-element-caption\"><strong>B\u00e4sta str\u00e4nderna p\u00e5 Madeira &#8211; Karta<\/strong><\/figcaption><\/figure>\n\n<p>Alla mina favoritplatser finns med i min e-bok med reseguider som hj\u00e4lper dig att <a href=\"https:\/\/www.zigzagonearth.com\/sv\/madeira-restips-guide\/\" target=\"_blank\" rel=\"noopener\">enkelt planera din resa till Madeira<\/a>:<\/p>\n\n<div style=\"margin-top:8%;margin-bottom:8%\" class=\"wp-block-genesis-blocks-gb-container box_ebook gb-block-container\"><div class=\"gb-container-inside\"><div class=\"gb-container-content\">\n<h5 class=\"wp-block-heading box_titre_ebook\">Planera din <u>dr\u00f6mresa<\/u> till <strong>Madeira<\/strong> med hj\u00e4lp av min guide (endast p\u00e5 engelska)<\/h5>\n\n\n\n<div class=\"wp-block-columns box_colonnes_ebook is-layout-flex wp-container-core-columns-is-layout-9d6595d7 wp-block-columns-is-layout-flex\">\n<div class=\"wp-block-column is-layout-flow wp-block-column-is-layout-flow\">\n<figure class=\"wp-block-image size-large img_ebook\"><a href=\"https:\/\/www.zigzagonearth.com\/photograph-madeira-travel-guide\/\"><img decoding=\"async\" src=\"https:\/\/www.zigzagonearth.com\/wp-content\/uploads\/2021\/08\/small-Madeira-ebook-cover.jpg\" alt=\"eBook Reseguide Mallorca\"\/><\/a><\/figure>\n<\/div>\n\n\n\n<div class=\"wp-block-column is-layout-flow wp-block-column-is-layout-flow\">\n<ul class=\"box_liste wp-block-list\" style=\"font-size:16px\">\n<li>7 kartor f\u00f6r att enkelt planera din resv\u00e4g<\/li>\n\n\n\n<li>120+ f\u00f6rvalda platser<\/li>\n\n\n\n<li>GPS-koordinater direkt till parkeringsplatserna<\/li>\n\n\n\n<li>Tips f\u00f6r att f\u00e5 ut det mesta av din tid<\/li>\n\n\n\n<li>260+ originalbilder som hj\u00e4lper dig att v\u00e4lja<\/li>\n<\/ul>\n\n\n\n<div class=\"wp-block-buttons box_colonne_bouton_ebook is-content-justification-left is-layout-flex wp-container-core-buttons-is-layout-fdcfc74e wp-block-buttons-is-layout-flex\">\n<div class=\"wp-block-button box_bouton box_bouton_ebook\"><a class=\"wp-block-button__link wp-element-button\" href=\"https:\/\/www.zigzagonearth.com\/photograph-madeira-travel-guide\/\" target=\"_blank\" rel=\"noreferrer noopener\">Uppt\u00e4ck det! (endast p\u00e5 engelska)<span class=\"box_bouton_image\"><\/span><\/a><\/div>\n<\/div>\n<\/div>\n<\/div>\n<\/div><\/div><\/div>\n\n<h3 class=\"wp-block-heading\"><strong>Str\u00e4nderna p\u00e5 Madeira &#8211; en verklighetskoll<\/strong><\/h3>\n\n<p>Eftersom det \u00e4r en &#8221;exotisk&#8221; \u00f6 hoppas m\u00e5nga p\u00e5 att hitta en dr\u00f6mlik strand.<br\/>Madeira \u00e4r en underbar \u00f6, men h\u00e4r finns inga magnifika sandstr\u00e4nder.<br\/>Du kommer att hitta:<\/p>\n\n<ul class=\"wp-block-list\">\n<li>mestadels klapperstensstr\u00e4nder med mindre eller st\u00f6rre stenar<\/li>\n\n\n\n<li>ett par str\u00e4nder med naturlig svart sand (\u00f6n \u00e4r av vulkaniskt ursprung)<\/li>\n\n\n\n<li>ett par str\u00e4nder med importerad gyllene sand<\/li>\n<\/ul>\n\n<figure class=\"wp-block-image size-large\"><img decoding=\"async\" src=\"https:\/\/photos.smugmug.com\/Travel\/Madeira\/12b-Ponta-do-Garajau\/i-Jtx4p6g\/1\/ec2ff4bf\/L\/Ponta_do_Garajau_Madeira-7230155-L.jpg\" alt=\"Sm&#xE5;sten p&#xE5; Madeiras str&#xE4;nder\"\/><figcaption class=\"wp-element-caption\"><strong>Sm\u00e5sten p\u00e5 Madeiras str\u00e4nder<\/strong><\/figcaption><\/figure>\n\n<h3 class=\"wp-block-heading\"><strong>Den alternativa stranden Porto Santo<\/strong><\/h3>\n\n<p>Om du letar efter en l\u00e5ng, sandig dr\u00f6mstrand ska du veta att en annan \u00f6 i sk\u00e4rg\u00e5rden erbjuder en s\u00e5dan.<br\/>P\u00e5 \u00f6n Porto Santo finns en 9 km l\u00e5ng gyllene sandstrand med turkost vatten.<br\/>Porto Santo \u00e4r mycket mindre \u00e4n Madeira. Madeira \u00e4r ocks\u00e5 av vulkaniskt ursprung, men har inte samma frodiga vegetation som Madeira eftersom bergen \u00e4r mindre.<\/p>\n\n<p>F\u00f6r att komma till Porto Santo kan du ta f\u00e4rjan. Det tar 2h30 att resa mellan \u00f6arna.<br\/>Du kan g\u00f6ra en dagsutflykt till Porto Santo eller stanna flera dagar.<\/p>\n\n<p>Du kan boka en dagsutflykt som inkluderar ett bes\u00f6k vid de viktigaste sev\u00e4rdheterna och tid p\u00e5 stranden &#8211; <a href=\"https:\/\/www.viator.com\/sv-SE\/tours\/Funchal\/One-day-in-Porto-Santo\/d22388-23651P20?pid=P00074304&amp;mcid=42383&amp;medium=link&amp;medium_version=selector&amp;campaign=ZZOE\" target=\"_blank\" rel=\"noreferrer noopener sponsored nofollow\">kolla in ett komplett alternativ f\u00f6r dagsutflykter fr\u00e5n Funchal<\/a><\/p>\n\n<figure class=\"wp-block-image size-large\"><img decoding=\"async\" src=\"https:\/\/photos.smugmug.com\/Travel\/Madeira\/7f-Porto-Santo-Beach\/i-JxDXbmN\/1\/56c13966\/L\/beach_Praia_Porto_Santo-7183840-L.jpg\" alt=\"Porto Santo Strand\"\/><figcaption class=\"wp-element-caption\"><strong>Porto Santo Strand<\/strong><\/figcaption><\/figure>\n\n<h2 class=\"wp-block-heading\" id=\"t-1628861061134\"><strong>4 B\u00e4sta sandstr\u00e4nderna p\u00e5 Madeira<\/strong><\/h2>\n\n<p>L\u00e5t oss b\u00f6rja med sandstr\u00e4nderna.<br\/>Det finns f\u00e5 p\u00e5 \u00f6n. Naturlig sand \u00e4r svart. F\u00f6r de f\u00e5 str\u00e4nder med gyllene sand, vet att det \u00e4r importerat.<\/p>\n\n<h3 class=\"wp-block-heading\"><strong>#1 &#8211; Seixal svart sandstrand (naturlig sand)<\/strong><\/h3>\n\n<figure class=\"wp-block-image\"><img decoding=\"async\" src=\"https:\/\/photos.smugmug.com\/Travel\/Madeira\/3c-Seixal-beach\/i-mxtr48X\/1\/ff57cabc\/L\/Seixal_beach_black_sand_Madeira-7141181-L.jpg\" alt=\"Seixal svart sandstrand\" title=\"Seixal svart sandstrand\"\/><\/figure>\n\n<ul class=\"wp-block-list\">\n<li><strong>Om Praia do Porto do Seixal &#8211; f\u00f6r alla<\/strong><br\/>Enligt min mening \u00e4r detta helt klart den vackraste stranden p\u00e5 \u00f6n.<br\/>Det \u00e4r vad jag f\u00f6rest\u00e4ller mig n\u00e4r jag t\u00e4nker p\u00e5 en gammal vulkan\u00f6: sl\u00e4t svart sand med branta klippor med frodig vegetation.<br\/>Det finns till och med ett litet vattenfall p\u00e5 stranden!<br\/>En mycket imponerande strand som har allt: sand, landskap, fint vatten&#8230;<br\/>I samma by kan du dessutom hitta fantastiska naturliga pooler med en lavab\u00e5ge.<br\/><a href=\"https:\/\/www.zigzagonearth.com\/sv\/seixal-strand-pools-madeira\/\" target=\"_blank\" rel=\"noopener\">L\u00e4s mer<\/a><\/li>\n\n\n\n<li><strong>Plats \/ Hur man tar sig dit  <\/strong><br\/>Norra kusten, i byn Seixal<br\/>15 minuters bilresa \u00f6ster om Porto Moniz.<br\/>45 minuters bilresa fr\u00e5n Funchal<br\/>Du m\u00e5ste <a href=\"https:\/\/www.discovercars.com\/se\/portugal\/madeira?a_aid=zigzag&amp;chan=ZZOE&amp;data2=Madeira\" target=\"_blank\" rel=\"noreferrer noopener sponsored nofollow\">hyra<\/a> en<a href=\"https:\/\/www.discovercars.com\/se\/portugal\/madeira?a_aid=zigzag&amp;chan=ZZOE&amp;data2=Madeira\" target=\"_blank\" rel=\"noreferrer noopener nofollow\"> bil<\/a> f\u00f6r att n\u00e5 den<\/li>\n\n\n\n<li><strong>Praktiska tips  <\/strong><br\/>Enkel \u00e5tkomst, parkeringsplatser p\u00e5 v\u00e4gen ner till stranden.  <br\/>Vid den lilla hamnen.<br\/>Inga livr\u00e4ddare.<\/li>\n\n\n\n<li><strong>Faciliteter  <\/strong><br\/>Toaletter, duschar, restauranger<\/li>\n\n\n\n<li><a href=\"https:\/\/www.booking.com\/searchresults.en.html?city=-2176361&amp;nflt=review_score%253D90&amp;aid=1164282&amp;no_rooms=1&amp;group_adults=2&amp;label=ZZ_Madeira\" target=\"_blank\" rel=\"noreferrer noopener sponsored nofollow\">Se boendealternativen i Seixal<\/a><\/li>\n<\/ul>\n\n<h3 class=\"wp-block-heading\"><strong>#2 &#8211; Machico sandstrand<\/strong><\/h3>\n\n<figure class=\"wp-block-image\"><img decoding=\"async\" src=\"https:\/\/photos.smugmug.com\/Travel\/Madeira\/12h-Machico\/i-B7Pk9Rx\/1\/23308198\/L\/beach_Machico_Madeira-7230283-L.jpg\" alt=\"Machico strand\" title=\"Machico strand\"\/><\/figure>\n\n<ul class=\"wp-block-list\">\n<li><strong>Om Praia de Machico &#8211; f\u00f6r alla<\/strong><br\/>I den historiska staden Machico hittar du den st\u00f6rsta sandstranden.<br\/>Den halvm\u00e5neformade stranden best\u00e5r av importerad sand fr\u00e5n Marocko. Med paraplyet av palmblad kan man n\u00e4stan s\u00e4ga att det ser ut som en exotisk strand.<br\/>En stenmur skapar ett skyddat omr\u00e5de f\u00f6r simning.<\/li>\n\n\n\n<li><strong>Plats \/ Hur man tar sig dit  <\/strong><br\/>Madeiras \u00f6stkust, staden Machico<br\/>Mycket l\u00e4tt att n\u00e5, bara av den snabba v\u00e4gen.<br\/>30 minuters bilresa fr\u00e5n Funchal<br\/>Med bil eller med buss.<\/li>\n\n\n\n<li><strong>Praktiska tips  <\/strong><br\/>Parkeringsplats i n\u00e4rheten men fylls snabbt. Mot en avgift.<br\/>Livr\u00e4ddare<\/li>\n\n\n\n<li><strong>Faciliteter  <\/strong><br\/>Aktiviteter som volleyboll, trampb\u00e5tar<br\/>Restauranger p\u00e5 strandpromenaden i n\u00e4rheten<br\/>Toaletter med dusch<\/li>\n\n\n\n<li><a href=\"https:\/\/www.booking.com\/searchresults.en.html?city=-2168376&amp;nflt=review_score%253D90&amp;aid=1164282&amp;no_rooms=1&amp;group_adults=2&amp;label=ZZ_Madeira\">Se de b\u00e4sta erbjudandena p\u00e5 boende i Machico<\/a><\/li>\n<\/ul>\n\n<h3 class=\"wp-block-heading\"><strong>#3 &#8211; Prainha sandstrand<\/strong><strong> (naturlig sand)<\/strong><\/h3>\n\n<figure class=\"wp-block-image\"><img decoding=\"async\" src=\"https:\/\/photos.smugmug.com\/Travel\/Madeira\/2d-Prainha\/i-4Mwj4Dg\/1\/ab6d4ea0\/L\/Prainha_Beach_Madeira-7130597-L.jpg\" alt=\"Prainha\" title=\"Prainha\"\/><\/figure>\n\n<ul class=\"wp-block-list\">\n<li><strong>Om Praia do Cani\u00e7al \/ Praia da Prainha &#8211; p\u00e5 engelska<\/strong><br\/>G\u00f6md vid foten av klipporna p\u00e5 v\u00e4gen till den ber\u00f6mda halv\u00f6n Ponta de Sao Louren\u00e7o, \u00e4r detta den andra stranden med naturlig svart sand.<br\/>H\u00e4r kan du njuta av Madeiras vulkaniska natur. H\u00e4r finns ingen gr\u00f6nska, de f\u00e4rgglada klipporna \u00e4r exponerade.<\/li>\n\n\n\n<li><strong>Plats \/ Hur man tar sig dit  <\/strong><br\/>Ostkusten, 5 minuters bilresa fr\u00e5n byn Cani\u00e7al<br\/>Tillfart med bil<\/li>\n\n\n\n<li><strong>Praktiska tips  <\/strong><br\/>Parkeringsplats vid toppen av klipporna.<br\/>Sedan m\u00e5ste du g\u00e5 ner f\u00f6r att l\u00e4sa stranden via en stig.<\/li>\n\n\n\n<li><strong>Faciliteter<\/strong><br\/>Toaletter, duschar, strandbar, restaurang<\/li>\n\n\n\n<li><a href=\"https:\/\/www.booking.com\/searchresults.en.html?city=-2161193&amp;nflt=review_score%253D90&amp;aid=1164282&amp;no_rooms=1&amp;group_adults=2&amp;label=ZZ_Madeira\">Kolla in de b\u00e4st rankade boendena i Cani\u00e7al<\/a><\/li>\n<\/ul>\n\n<h3 class=\"wp-block-heading\"><strong>#4 &#8211; Praia da Calheta<\/strong><\/h3>\n\n<figure class=\"wp-block-image\"><img decoding=\"async\" src=\"https:\/\/photos.smugmug.com\/Travel\/Madeira\/4k-Praia-da-Calhera\/i-48czfnV\/1\/079d6c98\/L\/Praia_da_Calheta_Madeira-7152138-L.jpg\" alt=\"Praia da Calheta\" title=\"Praia da Calheta\"\/><\/figure>\n\n<ul class=\"wp-block-list\">\n<li><strong>Om Praia da Calheta &#8211; p\u00e5 engelska<\/strong><br\/>Detta \u00e4r f\u00f6rmodligen den mest k\u00e4nda stranden p\u00e5 Madeira.<br\/>Det \u00e4r en konstgjord lagun med strandvallar och sandstr\u00e4nder i b\u00e5da \u00e4ndarna av det ovala omr\u00e5det.<br\/>Sanden importerades fr\u00e5n Marocko och Portugal.<\/li>\n\n\n\n<li><strong>Plats \/ Hur man tar sig dit  <\/strong><br\/>V\u00e4ster om sydkusten<br\/>40 minuters bilresa fr\u00e5n Funchal<\/li>\n\n\n\n<li><strong>Praktiska tips  <\/strong><br\/>L\u00e4ngst ner p\u00e5 klipporna ligger staden ovanf\u00f6r.<br\/>Parkeringsplats l\u00e4ngs stranden &#8211; blir full under dagen &#8211; parkering mot avgift (ta med mynt)<\/li>\n\n\n\n<li><strong>Faciliteter<\/strong><br\/>Vattensporter, restauranger, toaletter, duschar&#8230;<\/li>\n\n\n\n<li>Det finns ett lyxhotell precis vid stranden &#8211; Saccharum Resort &amp; Spa -. <strong>\n  <a href=\"https:\/\/www.booking.com\/hotel\/pt\/saccharum.en.html?aid=1164282&amp;no_rooms=1&amp;group_adults=2&amp;label=ZZ_Madeira\">Kolla in bilder och tillg\u00e4nglighet<\/a>\n<\/strong><br\/><strong>eller <a href=\"https:\/\/www.booking.com\/searchresults.en.html?city=-2160860&amp;nflt=review_score%253D90%253Breview_score%253D80&amp;aid=1164282&amp;no_rooms=1&amp;group_adults=2&amp;label=ZZ_Madeira\" target=\"_blank\" rel=\"noreferrer noopener sponsored nofollow\">Kolla p\u00e5 de b\u00e4st rankade boendena i Calheta<\/a><\/strong><\/li>\n<\/ul>\n\n<div style=\"margin-top:8%;margin-bottom:8%\" class=\"wp-block-genesis-blocks-gb-container box gb-block-container\"><div class=\"gb-container-inside\"><div class=\"gb-container-content\">\n<div class=\"wp-block-columns box_colonne is-layout-flex wp-container-core-columns-is-layout-9d6595d7 wp-block-columns-is-layout-flex\">\n<div class=\"wp-block-column colonne is-layout-flow wp-block-column-is-layout-flow\" style=\"flex-basis:66.6%\">\n<h5 class=\"wp-block-heading box_titre\"><strong>Beh\u00f6ver du hyra bil p\u00e5 Madeira?<\/strong><\/h5>\n\n\n\n<p class=\"box_intro\">Mina tips:<\/p>\n\n\n\n<ul class=\"box_liste wp-block-list\" style=\"font-size:16px\">\n<li>J\u00e4mf\u00f6r priser p\u00e5 min favoritplattform: <a href=\"https:\/\/www.discovercars.com\/se\/portugal\/madeira?a_aid=zigzag&amp;chan=ZZOE&amp;data2=madeira\" target=\"_blank\" rel=\"noreferrer noopener sponsored nofollow\">\n  <span style=\"text-decoration: underline;\">Discovercars.com<\/span>\n<\/a> &#8211; en av de b\u00e4st rankade j\u00e4mf\u00f6relsesajterna!<\/li>\n\n\n\n<li>V\u00e4lj en bil med tillr\u00e4ckligt med kraft f\u00f6r bergsv\u00e4garna<\/li>\n\n\n\n<li>Och v\u00e4lj en bil som inte \u00e4r f\u00f6r stor, f\u00f6r att l\u00e4tt kunna man\u00f6vrera<\/li>\n\n\n\n<li>T\u00e4nk p\u00e5 deras full t\u00e4ckning alternativ &#8211; det f\u00f6r sinnesfrid!  <\/li>\n\n\n\n<li><span style=\"text-decoration: underline;\">Boka tidigt<\/span> f\u00f6r att ha ett stort urval av fordon!<\/li>\n<\/ul>\n\n\n\n<div class=\"wp-block-columns box_barre_boutons is-layout-flex wp-container-core-columns-is-layout-9d6595d7 wp-block-columns-is-layout-flex\">\n<div class=\"wp-block-column is-vertically-aligned-center box_col_conseil is-layout-flow wp-block-column-is-layout-flow\">\n<p class=\"box_lien\"><a href=\"https:\/\/www.zigzagonearth.com\/renting-car-madeira-tips\/\" target=\"_blank\" rel=\"noreferrer noopener\">Se alla mina tips<\/a><\/p>\n<\/div>\n\n\n\n<div class=\"wp-block-column box_col_bouton is-layout-flow wp-block-column-is-layout-flow\">\n<div class=\"wp-block-buttons box_bouton is-content-justification-left is-layout-flex wp-container-core-buttons-is-layout-fdcfc74e wp-block-buttons-is-layout-flex\">\n<div class=\"wp-block-button box_bouton\"><a class=\"wp-block-button__link wp-element-button\" href=\"https:\/\/www.discovercars.com\/se\/portugal\/madeira?a_aid=zigzag&amp;amp;chan=ZZOE&amp;amp;data2=madeira\" target=\"_blank\" rel=\"noreferrer noopener\">Se tillg\u00e4ngliga bilar  <span class=\"box_bouton_image\"><img decoding=\"async\" style=\"width: 14px; height:14px;  \" src=\"https:\/\/www.zigzagonearth.com\/wp-content\/uploads\/2023\/08\/fleche.png\" alt=\"\"\/><\/span><\/a><\/div>\n<\/div>\n<\/div>\n<\/div>\n<\/div>\n\n\n\n<div class=\"wp-block-column colonne box_cafe_img is-layout-flow wp-block-column-is-layout-flow\" style=\"flex-basis:33.33%\"><div class=\"wp-block-image\">\n<figure class=\"aligncenter size-large is-resized\"><img loading=\"lazy\" decoding=\"async\" src=\"https:\/\/www.zigzagonearth.com\/wp-content\/uploads\/2023\/08\/003world-travel-car-01-1024x1024.webp\" alt=\"\" class=\"wp-image-16227\" width=\"288\" height=\"288\" srcset=\"https:\/\/www.zigzagonearth.com\/wp-content\/uploads\/2023\/08\/003world-travel-car-01-1024x1024.webp 1024w, https:\/\/www.zigzagonearth.com\/wp-content\/uploads\/2023\/08\/003world-travel-car-01-300x300.webp 300w, https:\/\/www.zigzagonearth.com\/wp-content\/uploads\/2023\/08\/003world-travel-car-01-150x150.webp 150w, https:\/\/www.zigzagonearth.com\/wp-content\/uploads\/2023\/08\/003world-travel-car-01-768x768.webp 768w, https:\/\/www.zigzagonearth.com\/wp-content\/uploads\/2023\/08\/003world-travel-car-01-1536x1536.webp 1536w, https:\/\/www.zigzagonearth.com\/wp-content\/uploads\/2023\/08\/003world-travel-car-01-2048x2048.webp 2048w, https:\/\/www.zigzagonearth.com\/wp-content\/uploads\/2023\/08\/003world-travel-car-01-100x100.webp 100w, https:\/\/www.zigzagonearth.com\/wp-content\/uploads\/2023\/08\/003world-travel-car-01-600x600.webp 600w\" sizes=\"auto, (max-width: 288px) 100vw, 288px\" \/><\/figure>\n<\/div><\/div>\n<\/div>\n<\/div><\/div><\/div>\n\n<h2 class=\"wp-block-heading\" id=\"t-1628861061136\"><strong>7 b\u00e4sta str\u00e4nderna p\u00e5 Madeira f\u00f6r sol och bad (klappersten)<\/strong><\/h2>\n\n<p>De flesta str\u00e4nderna p\u00e5 Madeira \u00e4r t\u00e4ckta av sm\u00e5sten i olika storlekar.  <br\/>Vissa \u00e4r bra f\u00f6r simning och solbad. Andra har f\u00f6r stora stenar, det kan till och med vara sv\u00e5rt att g\u00e5 p\u00e5 stranden.<br\/>Nedan f\u00f6ljer n\u00e5gra av de b\u00e4sta alternativen f\u00f6r att njuta av solen.<\/p>\n\n<h3 class=\"wp-block-heading\"><strong>#5 &#8211; Praia Formosa<\/strong><\/h3>\n\n<figure class=\"wp-block-image\"><img decoding=\"async\" src=\"https:\/\/photos.smugmug.com\/Travel\/Madeira\/6e-Praia-Formosa\/i-8jvGMwD\/1\/1e827371\/L\/Praia_Formosa_Madeira-7173118-L.jpg\" alt=\"Praia Formosa\" title=\"Praia Formosa\"\/><\/figure>\n\n<ul class=\"wp-block-list\">\n<li><strong>Om Praia Formosa &#8211; f\u00f6r alla<\/strong><br\/>F\u00f6rmodligen den mest k\u00e4nda klapperstensstranden p\u00e5 \u00f6n, eftersom den ligger n\u00e4ra Funchal och Lido-omr\u00e5det d\u00e4r de flesta hotellen ligger.<br\/>Detta \u00e4r en l\u00e5ng klapperstensstrand med lite sand vid l\u00e5gvatten.<\/li>\n\n\n\n<li><strong>Plats \/ Hur man tar sig dit  <\/strong><br\/>P\u00e5 Madeiras sydkust, v\u00e4ster om Funchal<br\/>10 minuters bilresa fr\u00e5n gamla stan<\/li>\n\n\n\n<li><strong>Praktiska tips  <\/strong><br\/>Enkel parkering<br\/>Livr\u00e4ddare<\/li>\n\n\n\n<li><strong>Faciliteter<\/strong><br\/>Strandbarer, restauranger, toaletter.<\/li>\n\n\n\n<li><a href=\"https:\/\/www.booking.com\/searchresults.en.html?city=-2166199&amp;nflt=review_score%253D90&amp;aid=1164282&amp;no_rooms=1&amp;group_adults=2&amp;label=ZZ_Madeira\" target=\"_blank\" rel=\"noreferrer noopener sponsored nofollow\">Kolla in de b\u00e4st rankade boendena i Funchal<\/a> &#8211; klicka p\u00e5 kartan och titta \u00e5t v\u00e4ster<\/li>\n<\/ul>\n\n<h3 class=\"wp-block-heading\"><strong>#6 &#8211; Ponta do Sol-stranden<\/strong><\/h3>\n\n<figure class=\"wp-block-image\"><img decoding=\"async\" src=\"https:\/\/photos.smugmug.com\/Travel\/Madeira\/5f-Ponta-do-Sol\/i-JMdFM6b\/1\/8644c30d\/L\/Ponta_do_Sol_Madeira-7162713-L.jpg\" alt=\"Ponta do sol strand\" title=\"Ponta do sol strand\"\/><\/figure>\n\n<ul class=\"wp-block-list\">\n<li><strong>Om stranden Ponta do Sol &#8211;<\/strong><br\/>Ponta do Sol \u00e4r k\u00e4nd p\u00e5 \u00f6n f\u00f6r att vara den stad som f\u00e5r mest sol.<br\/>Om du letar efter en plats att sola p\u00e5 \u00e4r stranden d\u00e4rf\u00f6r ett klart f\u00f6rstahandsalternativ.<br\/>Dessutom \u00e4r strandpromenaden fantastisk med f\u00e4rgglada byggnader och en gammal bro ut i havet.<br\/>Fler bilder i <a href=\"https:\/\/www.zigzagonearth.com\/sv\/ponta-do-sol-madeira\/\" target=\"_blank\" rel=\"noopener\">min artikel om Ponta do Sol<\/a><\/li>\n\n\n\n<li><strong>Plats \/ Hur man tar sig dit  <\/strong><br\/>Sydkusten, v\u00e4ster om Ribeira Brava<br\/>30 minuters bilresa v\u00e4ster om Funchal<\/li>\n\n\n\n<li><strong>Praktiska tips  <\/strong><br\/>Livr\u00e4ddare<br\/>Det \u00e4r sv\u00e5rt att parkera i Ponta do Sol &#8211; och det kostar (ta med mynt)<\/li>\n\n\n\n<li><strong>Faciliteter<\/strong><br\/>Restaurang, duschar<\/li>\n\n\n\n<li><a href=\"https:\/\/www.booking.com\/searchresults.en.html?city=-2172839&amp;nflt=review_score%253D90%253Breview_score%253D80&amp;aid=1164282&amp;no_rooms=1&amp;group_adults=2&amp;label=ZZ_Madeira\" target=\"_blank\" rel=\"noreferrer noopener sponsored nofollow\">Se de b\u00e4sta erbjudandena p\u00e5 boende i Ponta do Sol<\/a><\/li>\n<\/ul>\n\n<h3 class=\"wp-block-heading\"><strong>#7 &#8211; Faial Beach<\/strong><\/h3>\n\n<figure class=\"wp-block-image\"><img decoding=\"async\" src=\"https:\/\/photos.smugmug.com\/Travel\/Madeira\/13h-Faial\/i-CGdgTN9\/1\/fe3c3010\/L\/Faial_beach_Madeira-0040-L.jpg\" alt=\"Faial Beach\" title=\"Faial Beach\"\/><\/figure>\n\n<ul class=\"wp-block-list\">\n<li><strong>Om Faial beach &#8211; strand<\/strong><br\/>Mindre k\u00e4nd strand p\u00e5 Madeiras nordkust.<br\/>H\u00e4r finns ett fint skyddat omr\u00e5de d\u00e4r man kan simma och magnifika vyer \u00f6ver klipporna.<\/li>\n\n\n\n<li><strong>Plats \/ Hur man tar sig dit  <\/strong><br\/>Staden Faial, norra kusten, inte l\u00e5ngt fr\u00e5n den ber\u00f6mda Santana.<br\/>35 minuters bilresa fr\u00e5n Funchal<\/li>\n\n\n\n<li><strong>Praktiska tips  <\/strong><br\/>Stor parkeringsplats<br\/>Enkel och kostnadsfri \u00e5tkomst<br\/>Kan ha livr\u00e4ddare<\/li>\n\n\n\n<li><strong>Faciliteter<\/strong><br\/>Toaletter, restaurang<\/li>\n\n\n\n<li><a href=\"https:\/\/www.booking.com\/searchresults.en.html?city=-2164965&amp;nflt=review_score%253D90&amp;aid=1164282&amp;no_rooms=1&amp;group_adults=2&amp;label=ZZ_Madeira\" target=\"_blank\" rel=\"noreferrer noopener sponsored nofollow\">Se boende i Faial<\/a><\/li>\n<\/ul>\n\n<h3 class=\"wp-block-heading\"><strong>#8 &#8211; Camara de Lobos-stranden<\/strong><\/h3>\n\n<figure class=\"wp-block-image\"><img decoding=\"async\" src=\"https:\/\/photos.smugmug.com\/Travel\/Madeira\/6c-Camara-dos-Lobos\/i-HspmmSD\/1\/c6fc5a62\/L\/camara_dos_Lobos_Madeira-7173027-L.jpg\" alt=\"Camara de Lobos Beach\" title=\"Camara de Lobos Beach\"\/><\/figure>\n\n<ul class=\"wp-block-list\">\n<li><strong>About Praia de Vigaro in Camara de Lobos &#8211;<\/strong><br\/>Camara de Lobos \u00e4r k\u00e4nt f\u00f6r sin lilla hamn med f\u00e4rgglada b\u00e5tar.<br\/>Staden har en pittoresk gammal stadsk\u00e4rna med m\u00e5nga restauranger.<br\/>Men h\u00e4r finns ocks\u00e5 en l\u00e5ng klapperstensstrand som skyddas av h\u00f6ga klippor.<br\/>L\u00e4s mer om staden <a href=\"https:\/\/www.zigzagonearth.com\/sv\/camara-de-lobos-madeira\/\" target=\"_blank\" rel=\"noopener\">i min artikel om Camara de Lobos<\/a>.<\/li>\n\n\n\n<li><strong>Plats \/ Hur man tar sig dit  <\/strong><br\/>Sydkusten strax v\u00e4ster om Funchal &#8211; 15 minuters bilresa<br\/>Du kan \u00e5ka bil eller ta hop-on hop-off-bussen fr\u00e5n Funchal<a href=\"https:\/\/www.getyourguide.se\/s?q=madeira+hop-on&amp;searchSource=8&amp;partner_id=R3GYW4V&amp;deeplink_id=233267d7-4013-5333-9806-2ac8c6dfeecd&amp;cmp=ZZ_Madeira\" target=\"_blank\" rel=\"noreferrer noopener sponsored nofollow\">(k\u00f6p biljetter<\/a>)<\/li>\n\n\n\n<li><strong>Praktiska tips  <\/strong><br\/>Flera parkeringsplatser i staden &#8211; mot avgift (ta med mynt)<\/li>\n\n\n\n<li><strong>Faciliteter<\/strong><br\/>Strandbar<br\/>Inga faciliteter, inga livr\u00e4ddare<\/li>\n\n\n\n<li><a href=\"https:\/\/www.booking.com\/searchresults.en.html?city=-2160921&amp;nflt=review_score%253D90%253Breview_score%253D80&amp;aid=1164282&amp;no_rooms=1&amp;group_adults=2&amp;label=ZZ_Madeira\" target=\"_blank\" rel=\"noreferrer noopener sponsored nofollow\">Se de b\u00e4sta erbjudandena p\u00e5 boende i Camara de Lobos<\/a><\/li>\n<\/ul>\n\n<h3 class=\"wp-block-heading\"><strong>#9 &#8211; Praia dos Reis Magos<\/strong><\/h3>\n\n<figure class=\"wp-block-image\"><img decoding=\"async\" src=\"https:\/\/photos.smugmug.com\/Travel\/Madeira\/12c-Praia-dos-Reis-Magos\/i-k8wPwXg\/1\/f0a15229\/L\/Praia_dos_Reis_Magos_Madeira-7230197-L.jpg\" alt=\"Praia dos Reis Magos\" title=\"Praia dos Reis Magos\"\/><\/figure>\n\n<ul class=\"wp-block-list\">\n<li><strong>Om Praia dos Reis Magos &#8211; (Praia dos Reis Magos)<\/strong><br\/>Liten strand med en m\u00e4ngd olika alternativ:  <br\/>Stenstrand, tillg\u00e5ng till havet med vulkaniska klippor, b\u00e5tar&#8230; och ett rektangul\u00e4rt poolliknande omr\u00e5de med trappuppg\u00e5ng och skydd med murar och stenar.<\/li>\n\n\n\n<li><strong>Plats \/ Hur man tar sig dit  <\/strong><br\/>Cani\u00e7o, \u00f6stkusten<br\/>15 minuters bilresa fr\u00e5n Funchal<\/li>\n\n\n\n<li><strong>Praktiska tips  <\/strong><br\/>Stor parkeringsplats. Lutning \/ trappor f\u00f6r att komma till stranden<br\/>Fri tillg\u00e5ng<br\/>Bra l\u00e4ge f\u00f6r dykning.<\/li>\n\n\n\n<li><strong>Faciliteter<\/strong><br\/>Bar, toaletter<\/li>\n\n\n\n<li><a href=\"https:\/\/www.booking.com\/searchresults.en.html?city=-2161203&amp;nflt=review_score%253D90&amp;aid=1164282&amp;no_rooms=1&amp;group_adults=2&amp;label=ZZ_Madeira\" target=\"_blank\" rel=\"noreferrer noopener sponsored nofollow\">Se de b\u00e4sta erbjudandena p\u00e5 boende i Cani\u00e7o<\/a><\/li>\n<\/ul>\n\n<h3 class=\"wp-block-heading\"><strong>#10 &#8211; Cani\u00e7al &#8211; Praia da Ribeira de Natal<\/strong><\/h3>\n\n<figure class=\"wp-block-image\"><img decoding=\"async\" src=\"https:\/\/photos.smugmug.com\/Travel\/Madeira\/12i-Canical\/i-ggbXN7t\/1\/e3100d56\/L\/Canical_Madeira-9812-L.jpg\" alt=\"Stranden Canical\" title=\"Stranden Canical\"\/><\/figure>\n\n<ul class=\"wp-block-list\">\n<li><strong>Om Praia Ribeira de Natal &#8211;<\/strong><br\/>T\u00e4nk p\u00e5 att den strand som kallas Cani\u00e7al Beach ligger utanf\u00f6r staden. Det \u00e4r Prainha beach vi s\u00e5g i sandavsnittet.<br\/>I den lilla staden Cani\u00e7al finns en l\u00e5ng klapperstensstrand. Du kan se den till h\u00f6ger i bilden.<br\/>H\u00e4r \u00e4r vattnet fantastiskt och omr\u00e5det lugnt.<br\/>Dessutom finns det ett valmuseum i staden som \u00e4r ett utm\u00e4rkt bes\u00f6ksm\u00e5l.<\/li>\n\n\n\n<li><strong>Plats \/ Hur man tar sig dit<\/strong><br\/>Norr om \u00f6stkusten, s\u00f6der om staden Cani\u00e7al<br\/>35 minuters bilresa fr\u00e5n Funchal<\/li>\n\n\n\n<li><strong>Praktiska tips  <\/strong><br\/>Enkel \u00e5tkomst &#8211; lugnt omr\u00e5de<\/li>\n\n\n\n<li><strong>Faciliteter<\/strong><br\/>En bar vid South end<\/li>\n\n\n\n<li><a href=\"https:\/\/www.booking.com\/searchresults.en.html?city=-2161193&amp;nflt=review_score%253D90&amp;aid=1164282&amp;no_rooms=1&amp;group_adults=2&amp;label=ZZ_Madeira\" target=\"_blank\" rel=\"noreferrer noopener sponsored nofollow\">Kolla in de b\u00e4st rankade boendena i Cani\u00e7al<\/a><\/li>\n<\/ul>\n\n<h3 class=\"wp-block-heading\"><strong>#11 &#8211; Gamla stan Funchal strand &#8211; Praia do Almirante Reis<\/strong><\/h3>\n\n<figure class=\"wp-block-image size-large\"><img decoding=\"async\" src=\"https:\/\/photos.smugmug.com\/Travel\/Madeira\/6j-Funchal\/i-LsNKBkb\/1\/b458339b\/L\/beach_Funchal_Madeira-9130-L.jpg\" alt=\"Gamla stan Funchal strand - Praia do Almirante Reis\"\/><figcaption class=\"wp-element-caption\"><strong>Gamla stan Funchal strand &#8211; Praia do Almirante Reis<\/strong><\/figcaption><\/figure>\n\n<ul class=\"wp-block-list\">\n<li><strong>Om Praia do Almirante Reis &#8211; f\u00f6r alla<\/strong><br\/>Detta \u00e4r egentligen inte en av de b\u00e4sta str\u00e4nderna p\u00e5 Madeira, men m\u00e5nga undrar om det finns en strand i Funchal.<br\/>S\u00e5 jag t\u00e4nkte att det skulle vara bra att ta med denna stenstrand h\u00e4r. Det ligger n\u00e4ra den gamla stadsdelen i Funchal, n\u00e4ra Monte Cable Car nedre station.<\/li>\n\n\n\n<li><strong>Plats \/ Hur man tar sig dit  <\/strong><br\/>I Funchal<\/li>\n\n\n\n<li><strong>Praktiska tips  <\/strong><br\/>Alla faciliteter i staden<\/li>\n<\/ul>\n\n<h2 class=\"wp-block-heading\" id=\"t-1628861061135\"><strong>Madeiras 4 b\u00e4sta str\u00e4nder f\u00f6r fotografering<\/strong><\/h2>\n\n<p>Verkligheten \u00e4r den att man inte kommer till Madeira f\u00f6r att ligga p\u00e5 stranden, utan f\u00f6r att uppt\u00e4cka <a href=\"https:\/\/www.zigzagonearth.com\/sv\/basta-landskap-madeira-foton\/\" target=\"_blank\" rel=\"noopener\">otroliga landskap<\/a>: h\u00f6ga klippor, berg, frodiga dalar vulkaniska inslag&#8230;<br\/>Nedan f\u00f6ljer d\u00e4rf\u00f6r n\u00e5gra av de vackraste str\u00e4nderna p\u00e5 Madeira, sett till landskapet.<\/p>\n\n<h3 class=\"wp-block-heading\"><strong>#12 &#8211; Calhau da Lapa<\/strong><\/h3>\n\n<figure class=\"wp-block-image\"><img decoding=\"async\" src=\"https:\/\/photos.smugmug.com\/Travel\/Madeira\/6a-Calhau-da-Lapa\/i-btMQGbW\/1\/1dd6c129\/L\/Calhau_da_Lapa_beach_Madeira-9042-L.jpg\" alt=\"Calhau da Lapa\" title=\"Calhau da Lapa\"\/><\/figure>\n\n<ul class=\"wp-block-list\">\n<li><strong>Om Calhau da Lapa &#8211; p\u00e5 engelska<\/strong><br\/>Det \u00e4r en av Madeiras dolda p\u00e4rlor<a style=\"outline: none;\" href=\"https:\/\/www.zigzagonearth.com\/sv\/secret-places-madeira-hidden-gems-2\/\" target=\"_blank\" rel=\"noopener\">(se min lista<\/a>).  <br\/>Denna lilla vik \u00e4r endast tillg\u00e4nglig via en promenad med 700 trappsteg eller med b\u00e5t. Detta \u00e4r en ganska unik plats p\u00e5 Madeira.  <br\/>Vandringen ned\u00e5t tar dig till ett vattenfall och sedan till stranden vid foten av de vulkaniska klipporna.<br\/>Det speciella \u00e4r fiskarnas grotthus inne bland de f\u00e4rgglada klipporna.<\/li>\n\n\n\n<li><strong>Plats \/ Hur man tar sig dit  <\/strong><br\/>Sydkusten<br\/>20 minuters bilresa v\u00e4ster om Funchal<\/li>\n\n\n\n<li><strong>Praktiska tips  <\/strong><br\/>Sv\u00e5rtillg\u00e4nglig<br\/>Strandbar<br\/>Det anses vara en strand med det klaraste vattnet.<\/li>\n\n\n\n<li><a href=\"https:\/\/www.zigzagonearth.com\/sv\/calhau-da-lapa-madeira\/\" target=\"_blank\" rel=\"noopener\">L\u00e4s mer<\/a><\/li>\n<\/ul>\n\n<h3 class=\"wp-block-heading\"><strong>#13 &#8211; Sao Jorge strand och ruiner<\/strong><\/h3>\n\n<figure class=\"wp-block-image\"><img decoding=\"async\" src=\"https:\/\/photos.smugmug.com\/Travel\/Madeira\/2e-Ruinas-Sao-George\/i-dn4nFwm\/1\/c85cbdea\/L\/ruinas_de_Sao_George_Madeira-7130639-L.jpg\" alt=\"Ruinerna av Sao George\" title=\"Ruinerna av Sao George\"\/><\/figure>\n\n<ul class=\"wp-block-list\">\n<li><strong>Om Sao Jorge Beach &#8211; Strand<\/strong><br\/>Jag \u00e5kte till Sao Jorge, mest f\u00f6r att fotografera b\u00e5gen i ruinerna.<br\/>Men det jag uppt\u00e4ckte var verkligen v\u00e4rt en omv\u00e4g, inte bara ruinerna.<br\/>Stranden ligger i slutet av en gr\u00f6nskande dal med h\u00f6ga klippor p\u00e5 b\u00e5da sidor. Den \u00e4r mycket fotogenisk.<\/li>\n\n\n\n<li><strong>Plats \/ Hur man tar sig dit  <\/strong><br\/>Norra kusten, v\u00e4ster om Santana<br\/>Funchal till Sao Jorge = 50 min bilresa<br\/>Endast tillg\u00e4ngligt om du har en <a href=\"https:\/\/www.discovercars.com\/se\/portugal\/madeira?a_aid=zigzag&amp;chan=ZZOE&amp;data2=Madeira\" target=\"_blank\" rel=\"noreferrer noopener sponsored nofollow\">hyrbil<\/a>.<\/li>\n\n\n\n<li><strong>Praktiska tips  <\/strong><br\/>Enkel \u00e5tkomst, l\u00e4tt att parkera<br\/>Strandbar, omkl\u00e4dningsrum, toaletter<\/li>\n<\/ul>\n\n<h3 class=\"wp-block-heading\"><strong>#14 &#8211; Praia de Ilheus da Ribeira da Janela<\/strong><\/h3>\n\n<figure class=\"wp-block-image\"><img decoding=\"async\" src=\"https:\/\/photos.smugmug.com\/Travel\/Madeira\/Praia-Ilheus-da-Ribeira-da-Janela\/i-gHStsLD\/1\/cd395ac9\/L\/Praia_Iheus_Ribeira_Janela_Madeira-7141401-L.jpg\" alt=\"Praia de Ilheus da Ribeira da Janela\" title=\"Praia da Iheus da Ribeira da Janela\"\/><\/figure>\n\n<ul class=\"wp-block-list\">\n<li><strong>Om Ribeira da Janela &#8211; p\u00e5 svenska<\/strong><br\/>Detta \u00e4r en av de str\u00e4nder som har riktigt stora stenar. S\u00e5 det \u00e4r inte l\u00e4tt att g\u00e5 p\u00e5 stranden.<br\/>Men du b\u00f6r f\u00f6rs\u00f6ka beundra v\u00e5gorna som sl\u00e5r mot havstorn.<br\/>Och om du inte vill g\u00e5 p\u00e5 stranden kan du ta en trappa upp till en tunnel i klipporna f\u00f6r att komma till en utsiktsplats.<br\/>L\u00e4s mer i <a href=\"https:\/\/www.zigzagonearth.com\/sv\/ilheus-ribeira-da-janela-madeira\/\" target=\"_blank\" rel=\"noopener\">min artikel om Ribeira da Janela<\/a>.<\/li>\n\n\n\n<li><strong>Plats \/ Hur man tar sig dit  <\/strong><br\/>Norra kusten, 5 min \u00f6ster om Porto Moniz<br\/>1 timmes bilresa fr\u00e5n Funchal<\/li>\n\n\n\n<li><strong>Praktiska tips  <\/strong><br\/>Toaletter, stor parkeringsplats<br\/><a href=\"https:\/\/www.booking.com\/searchresults.en.html?city=-2173164&amp;nflt=review_score%253D90%253Breview_score%253D80&amp;aid=1164282&amp;no_rooms=1&amp;group_adults=2&amp;label=ZZ_Madeira\" target=\"_blank\" rel=\"noreferrer noopener sponsored nofollow\">Se de b\u00e4sta erbjudandena p\u00e5 boende i Porto Moniz<\/a><\/li>\n<\/ul>\n\n<h3 class=\"wp-block-heading\"><strong>#15 &#8211; Porto da Cruz strand<\/strong><\/h3>\n\n<figure class=\"wp-block-image\"><img decoding=\"async\" src=\"https:\/\/photos.smugmug.com\/Travel\/Madeira\/1-Porto-da-Cruz\/i-mCDpH9f\/1\/4a880389\/L\/Porto_da_Cruz_Madeira-8400-L.jpg\" alt=\"Porto da Cruz strand\" title=\"Porto da Cruz strand\"\/><\/figure>\n\n<ul class=\"wp-block-list\">\n<li><strong>Om Porto da Cruz -Jag<\/strong>\u00e4lskar Porto da Cruz. Det \u00e4r en lugn by p\u00e5 nordkusten, d\u00e4r man hittar en blandning av turister och lokalbefolkning. Det finns 2 klapperstensstr\u00e4nder. En vid foten av det imponerande berget Penha de Aguia. Och en p\u00e5 andra sidan staden med utsikt hela v\u00e4gen till Ponta de Sao Louren\u00e7o (Madeiras svans).<\/li>\n\n\n\n<li><strong>Plats \/ Hur man kommer dit &#8211; <\/strong>Porto da Cruz, nord\u00f6stra kusten35 min bilresa fr\u00e5n Funchal<\/li>\n\n\n\n<li><strong>Praktiska tips &#8211; <\/strong>Restauranger p\u00e5 b\u00e5da str\u00e4nderna, toaletter p\u00e5 West beach.<\/li>\n\n\n\n<li><a href=\"https:\/\/www.booking.com\/searchresults.en.html?city=-2173116&amp;nflt=review_score%253D90%253Breview_score%253D80&amp;aid=1164282&amp;no_rooms=1&amp;group_adults=2&amp;label=ZZ_Madeira\" target=\"_blank\" rel=\"noreferrer noopener sponsored nofollow\">Se boende i Porto da Cruz<\/a><\/li>\n<\/ul>\n\n<div style=\"margin-top:8%;margin-bottom:8%\" class=\"wp-block-genesis-blocks-gb-container box gb-block-container\"><div class=\"gb-container-inside\"><div class=\"gb-container-content\">\n<h5 class=\"wp-block-heading box_titre_activite\">Var ska man bo p\u00e5 Madeira?<\/h5>\n\n\n\n<div class=\"wp-block-columns box_colonne inverse is-layout-flex wp-container-core-columns-is-layout-9d6595d7 wp-block-columns-is-layout-flex\">\n<div class=\"wp-block-column colonne is-layout-flow wp-block-column-is-layout-flow\" style=\"flex-basis:75%\">\n<p class=\"box_intro\">Mina favoriter:<\/p>\n\n\n\n<ul class=\"box_liste wp-block-list\">\n<li>F\u00f6r ett urval av restauranger och om du inte hyr en bil: <a href=\"https:\/\/www.booking.com\/searchresults.en.html?city=-2166199&amp;nflt=review_score%253D90&amp;aid=1164282&amp;no_rooms=1&amp;group_adults=2&amp;label=madeira\" target=\"_blank\" rel=\"noreferrer noopener sponsored nofollow\">se b\u00e4st rankade alternativ i Funchal<\/a><\/li>\n\n\n\n<li>Lyxiga semesterorter: <a href=\"https:\/\/www.booking.com\/searchresults.en.html?city=-2166199&amp;nflt=class%253D4%253Bclass%253D5%253Breview_score%253D90&amp;aid=1164282&amp;no_rooms=1&amp;group_adults=2&amp;label=madeira\" target=\"_blank\" rel=\"noreferrer noopener sponsored nofollow\">kolla in Lido-omr\u00e5det i Funchal<\/a><\/li>\n\n\n\n<li>F\u00f6r en sandstrand: <a href=\"https:\/\/www.booking.com\/searchresults.en.html?city=-2168376&amp;nflt=review_score%253D90&amp;aid=1164282&amp;no_rooms=1&amp;group_adults=2&amp;label=madeira\" target=\"_blank\" rel=\"noreferrer noopener sponsored nofollow\">se b\u00e4st rankade alternativ i Machico<\/a><\/li>\n\n\n\n<li>F\u00f6r en lugn by i vacker natur: <a href=\"https:\/\/www.booking.com\/searchresults.en.html?city=-2173116&amp;nflt=review_score%253D90%253Breview_score%253D80&amp;aid=1164282&amp;no_rooms=1&amp;group_adults=2&amp;label=madeira\" target=\"_blank\" rel=\"noreferrer noopener sponsored nofollow\">se de b\u00e4st rankade alternativen i Porto da Cruz<\/a><\/li>\n\n\n\n<li>F\u00f6r praktiskt l\u00e4ge att utforska: <a href=\"https:\/\/www.booking.com\/searchresults.en.html?city=-2174445&amp;nflt=review_score%253D90%253Breview_score%253D80&amp;aid=1164282&amp;no_rooms=1&amp;group_adults=2&amp;label=madeira\" target=\"_blank\" rel=\"noreferrer noopener sponsored nofollow\">se b\u00e4st rankade alternativ i Ribeira Brava<\/a><\/li>\n\n\n\n<li>F\u00f6r att njuta av de naturliga poolerna: <a href=\"https:\/\/www.booking.com\/searchresults.en.html?city=-2173164&amp;nflt=review_score%253D90%253Breview_score%253D80&amp;aid=1164282&amp;no_rooms=1&amp;group_adults=2&amp;label=madeira\" target=\"_blank\" rel=\"noreferrer noopener sponsored nofollow\">se b\u00e4st rankade alternativen i Porto Moniz<\/a><\/li>\n<\/ul>\n\n\n\n<div class=\"wp-block-buttons box_bouton box_colonne_bouton_ebook box_barre_boutons is-content-justification-left is-layout-flex wp-container-core-buttons-is-layout-fdcfc74e wp-block-buttons-is-layout-flex\">\n<div class=\"wp-block-button box_bouton\"><a class=\"wp-block-button__link wp-element-button\" href=\"https:\/\/www.zigzagonearth.com\/where-to-stay-madeira-best-areas\/\" target=\"_blank\" rel=\"noreferrer noopener\">Se v\u00e5r artikel om var du kan bo  <span class=\"box_bouton_image\"><img decoding=\"async\" style=\"width: 14px; height:14px;  \" src=\"https:\/\/www.zigzagonearth.com\/wp-content\/uploads\/2023\/08\/fleche.png\" alt=\"\"\/><\/span><span class=\"box_bouton_image\"><\/span><\/a><\/div>\n<\/div>\n<\/div>\n\n\n\n<div class=\"wp-block-column is-vertically-aligned-top colonne box_activite_img is-layout-flow wp-block-column-is-layout-flow\" style=\"flex-basis:25%\"><div class=\"wp-block-image\">\n<figure class=\"aligncenter size-large\"><img decoding=\"async\" src=\"https:\/\/photos.smugmug.com\/Travel\/Madeira\/Accommodation\/i-TtZHSRZ\/1\/7f80cf7d\/L\/Arco_da_Calheta_hotel_Madeira-8896-L.jpg\" alt=\"Pool p&#xE5; Engenho Velho Hotel\"\/><\/figure>\n<\/div><\/div>\n<\/div>\n<\/div><\/div><\/div>\n\n<h2 class=\"wp-block-heading\" id=\"tab-con-3\"><strong>4 str\u00e4nder p\u00e5 Madeira f\u00f6r dykning, snorkling eller surfing<\/strong><\/h2>\n\n<p>Letar du efter en mer aktiv strandupplevelse p\u00e5 Madeira?  <br\/>Kolla in de andra alternativen f\u00f6r att snorkla, dyka eller surfa!<\/p>\n\n<h3 class=\"wp-block-heading\"><strong>#16 &#8211; Garajau-stranden<\/strong><\/h3>\n\n<figure class=\"wp-block-image\"><img decoding=\"async\" src=\"https:\/\/photos.smugmug.com\/Travel\/Madeira\/12b-Ponta-do-Garajau\/i-RBBQKj3\/1\/e0ebed87\/L\/Ponta_do_Garajau_Madeira-7230147-L.jpg\" alt=\"Ponta da Garajau\" title=\"Ponta da Garajau\"\/><\/figure>\n\n<ul class=\"wp-block-list\">\n<li><strong>Om Garajau Beach &#8211; strand<\/strong><br\/>\u00c4ven om du inte snorklar \u00e4r Garajau redan en mycket trevlig strand med vackra klippor och en linbana f\u00f6r att n\u00e5 den.<br\/>Denna strand ligger mitt i det marina reservatet &#8221;Reserva natural Parcial do Garajau&#8221;. Det inr\u00e4ttades 1986 och var det f\u00f6rsta exklusiva marina reservatet i Portugal. Stranden ligger mellan Lazarettos kaj och Ponta da Oliveira. Det klara vattnet erbjuder en sikt p\u00e5 60 fot \u00e5ret runt.  <br\/>Se <a style=\"outline: none;\" href=\"https:\/\/www.zigzagonearth.com\/sv\/ponta-garajau-madeira-strand-linbana\/\" target=\"_blank\" rel=\"noopener\">artikel om Ponta do Garajau<\/a>.<\/li>\n\n\n\n<li><strong>Plats \/ Hur man tar sig dit  <\/strong> <br\/>Syd\u00f6stra kusten, n\u00e4ra staden Cani\u00e7o och n\u00e4ra Kristusstatyn i Ponta do Garajau<br\/>10 min \u00f6ster om Funchal<\/li>\n\n\n\n<li><strong>Praktiska tips  <\/strong><br\/>Livr\u00e4ddare<br\/>Stor parkeringsplats<\/li>\n\n\n\n<li><strong>Faciliteter<\/strong><br\/>Toaletter och restaurang h\u00f6gst upp och l\u00e4ngst ner<\/li>\n\n\n\n<li><a href=\"https:\/\/www.booking.com\/searchresults.en.html?city=-2161203&amp;nflt=review_score%253D90&amp;aid=1164282&amp;no_rooms=1&amp;group_adults=2&amp;label=ZZ_Madeira\" target=\"_blank\" rel=\"noreferrer noopener sponsored nofollow\">Kolla in de b\u00e4st rankade boendena i Cani\u00e7o<\/a><\/li>\n<\/ul>\n\n<h3 class=\"wp-block-heading\"><strong>#9 bis &#8211; Praia dos Reis Magos &#8211; stenig del<\/strong><\/h3>\n\n<figure class=\"wp-block-image\"><img decoding=\"async\" src=\"https:\/\/photos.smugmug.com\/Travel\/Madeira\/12c-Praia-dos-Reis-Magos\/i-hnS8Fv7\/1\/d3773af7\/L\/Praia_dos_Reis_Magos_Madeira-7230207-L.jpg\" alt=\"Praia dos Reis Magos - stenig del\" title=\"Praia dos Reis Magos - stenig del\"\/><\/figure>\n\n<ul class=\"wp-block-list\">\n<li><strong>Om Praia dos Reis Magos &#8211; (Praia dos Reis Magos)<\/strong><br\/>Vi har redan sett den stranden tidigare i Pebble Beach. T\u00e4nk bara p\u00e5 att den ocks\u00e5 har tillg\u00e5ng till vulkaniska klippor i ena \u00e4nden och mycket klart vatten.<br\/>D\u00e4rf\u00f6r \u00e4r det en utm\u00e4rkt plats att snorkla p\u00e5.<\/li>\n\n\n\n<li><strong>Plats \/ Hur man tar sig dit  <\/strong><br\/>Cani\u00e7o, \u00f6stkusten<br\/>15 minuters bilresa fr\u00e5n Funchal<\/li>\n\n\n\n<li><strong>Praktiska tips<\/strong><br\/>Stor parkeringsplats. Lutning \/ trappor f\u00f6r att komma till stranden<br\/>Fri tillg\u00e5ng<\/li>\n\n\n\n<li><strong>Faciliteter<\/strong><br\/>Bar, toaletter<\/li>\n\n\n\n<li><a href=\"https:\/\/www.booking.com\/searchresults.en.html?city=-2161203&amp;nflt=review_score%253D90&amp;aid=1164282&amp;no_rooms=1&amp;group_adults=2&amp;label=ZZ_Madeira\" target=\"_blank\" rel=\"noreferrer noopener sponsored nofollow\">Kolla in de b\u00e4st rankade boendena i Cani\u00e7o<\/a><\/li>\n<\/ul>\n\n<h3 class=\"wp-block-heading\"><strong>#17 &#8211; Jardim do Mar Beach &#8211; surf<\/strong><\/h3>\n\n<figure class=\"wp-block-image\"><img decoding=\"async\" src=\"https:\/\/photos.smugmug.com\/Travel\/Madeira\/4j-Jardim-do-Mar\/i-cBnK7Sh\/1\/adfd8701\/L\/Jardim_do_Mar_Madeira-7152120-L.jpg\" alt=\"Jardim do Mar\" title=\"Jardim do Mar\"\/><\/figure>\n\n<ul class=\"wp-block-list\">\n<li><strong>Om Jardim do Mar strand &#8211;<\/strong><br\/>P\u00e5 den sydv\u00e4stra sidan av Madeira hittar du de b\u00e4sta brytningarna f\u00f6r surfing (NE-vindar).<br\/>Jardim to do Mar \u00e4r den mest k\u00e4nda surfplatsen p\u00e5 \u00f6n, men endast f\u00f6r medelgoda och avancerade surfare.<\/li>\n\n\n\n<li><strong>Plats \/ Hur man tar sig dit  <\/strong><br\/>Sydkusten<br\/>1 timmes bilresa fr\u00e5n Funchal<\/li>\n\n\n\n<li><strong>Praktiska tips  <\/strong><br\/>Enkel \u00e5tkomst &#8211; inte en strand f\u00f6r att sola<\/li>\n\n\n\n<li><a href=\"https:\/\/www.booking.com\/searchresults.en.html?city=-2167236&amp;nflt=review_score%253D90%253Breview_score%253D80&amp;aid=1164282&amp;no_rooms=1&amp;group_adults=2&amp;label=ZZ_Madeira\" target=\"_blank\" rel=\"noreferrer noopener sponsored nofollow\">Se de b\u00e4sta erbjudandena p\u00e5 boende i Jardim do Mar<\/a><\/li>\n<\/ul>\n\n<h3 class=\"wp-block-heading\"><strong>#18 &#8211; Paul do Mar Beach<\/strong><\/h3>\n\n<figure class=\"wp-block-image\"><img decoding=\"async\" src=\"https:\/\/photos.smugmug.com\/Travel\/Madeira\/4i-Miradouro-do-Paul-do-Mar\/i-w9g8X5X\/1\/ce82bde4\/L\/Paul_do_Mar_Madeira-7152043-L.jpg\" alt=\"Paul do Mar\" title=\"Paul do Mar\"\/><\/figure>\n\n<ul class=\"wp-block-list\">\n<li><strong>Ang\u00e5ende Paul do Mar &#8211;<\/strong><br\/>Paul do Mar ligger \u00e4nnu l\u00e4ngre \u00f6sterut och \u00e4r en lugn by vid foten av klipporna.<br\/>Den \u00e4r ocks\u00e5 k\u00e4nd f\u00f6r sina v\u00e5gor. N\u00e4r N \/ NW \/ W mark sv\u00e4ller kommer det att finnas surf i intervallet 6 till 15 fot.<\/li>\n\n\n\n<li><strong>Plats \/ Hur man tar sig dit  <\/strong><br\/>Sydkusten<br\/>1 timmes bilresa fr\u00e5n Funchal<\/li>\n\n\n\n<li><strong>Praktiska tips  <\/strong><br\/>Lugn by, n\u00e5gra restauranger<\/li>\n<\/ul>\n\n<h3 class=\"wp-block-heading\"><strong>Seixal strand<\/strong><\/h3>\n\n<p>F\u00f6r nyb\u00f6rjare \u00e4r det bra att veta att Seixal Beach (#1) har en surfklubb.<\/p>\n\n<div style=\"margin-top:8%;margin-bottom:8%\" class=\"wp-block-genesis-blocks-gb-container box gb-block-container\"><div class=\"gb-container-inside\"><div class=\"gb-container-content\">\n<p><strong>Planera din resa till Mallorca:<\/strong><\/p>\n\n\n\n<div class=\"wp-block-columns box_colonne_cc is-layout-flex wp-container-core-columns-is-layout-9d6595d7 wp-block-columns-is-layout-flex\">\n<div class=\"wp-block-column box_picto_c is-layout-flow wp-block-column-is-layout-flow\" style=\"flex-basis:5%\">\n<figure class=\"wp-block-image size-full is-resized box_picto\"><img loading=\"lazy\" decoding=\"async\" src=\"http:\/\/www.zigzagonearth.com\/wp-content\/uploads\/2023\/08\/&#x1F697;.png\" alt=\"\" class=\"wp-image-16341\" style=\"width:30px;height:31px\" width=\"30\" height=\"31\"\/><\/figure>\n<\/div>\n\n\n\n<div class=\"wp-block-column is-layout-flow wp-block-column-is-layout-flow\" style=\"flex-basis:95%\">\n<ul class=\"wp-block-list\">\n<li>Mina resplaner : <a class=\"\" href=\"https:\/\/www.zigzagonearth.com\/2-3-days-mallorca-weekend\/\" target=\"_blank\" rel=\"noreferrer noopener\">3 dagar &#8211; helg<\/a>, <a class=\"\" href=\"https:\/\/www.zigzagonearth.com\/4-days-mallorca-itinerary\/\" target=\"_blank\" rel=\"noreferrer noopener\">4<\/a> dagar, <a class=\"\" href=\"https:\/\/www.zigzagonearth.com\/5-days-mallorca-itinerary\/\" target=\"_blank\" rel=\"noreferrer noopener\">5 dagar<\/a>, <a class=\"\" href=\"https:\/\/www.zigzagonearth.com\/one-week-madeira-7-day-itinerary\/\" target=\"_blank\" rel=\"noreferrer noopener\">1 vecka<\/a>, <a href=\"https:\/\/www.zigzagonearth.com\/10-days-mallorca-2-weeks-itinerary\/\" target=\"_blank\" rel=\"noreferrer noopener\">10<\/a> dagar<\/li>\n\n\n\n<li><a class=\"\" href=\"https:\/\/www.zigzagonearth.com\/renting-car-mallorca-tips\/\" target=\"_blank\" rel=\"noreferrer noopener\">36 tips f\u00f6r att hyra bil p\u00e5 Mallorca<\/a><\/li>\n\n\n\n<li><a class=\"\" href=\"https:\/\/www.zigzagonearth.com\/driving-mallorca-tips\/\" target=\"_blank\" rel=\"noreferrer noopener\">Guide till bilk\u00f6rning p\u00e5 Mallorca<\/a><\/li>\n\n\n\n<li><a class=\"\" href=\"https:\/\/www.zigzagonearth.com\/where-to-stay-mallorca-best-areas\/\" target=\"_blank\" rel=\"noreferrer noopener\">Var man kan bo p\u00e5 Mallorca<\/a><\/li>\n\n\n\n<li><a href=\"https:\/\/www.zigzagonearth.com\/where-stay-palma-mallorca-best-hotels\/\" target=\"_blank\" class=\"\" rel=\"noreferrer noopener\">Var man kan bo i Palma de Mallorca<\/a><\/li>\n\n\n\n<li><a class=\"\" href=\"https:\/\/zigzagonearth.com\/best-things-do-mallorca\/\" target=\"_blank\" rel=\"noreferrer noopener\">B\u00e4sta sakerna att g\u00f6ra p\u00e5 Mallorca<\/a><\/li>\n<\/ul>\n<\/div>\n<\/div>\n<\/div><\/div><\/div>\n\n<h2 class=\"wp-block-heading\" id=\"tab-con-4\"><strong>Andra st\u00e4llen att simma p\u00e5 &#8211; naturliga pooler och b\u00e5tturer<\/strong><\/h2>\n\n<p>Men str\u00e4nderna \u00e4r inte de enda m\u00f6jligheterna att simma p\u00e5 Madeira.<br\/>H\u00e4r \u00e4r ett par andra alternativ.<\/p>\n\n<h3 class=\"wp-block-heading\"><strong>Madeiras naturliga pooler &#8211; Porto Moniz och mer<\/strong><\/h3>\n\n<figure class=\"wp-block-image\"><img decoding=\"async\" src=\"https:\/\/photos.smugmug.com\/Travel\/Madeira\/3m-Porto-Moniz-natural-pools\/i-mvmz73J\/1\/6d5c49f2\/L\/natural_pools_Porto_Moniz_Madeira-7141616-L.jpg\" alt=\"Porto Moniz Naturpool\" title=\"Porto Moniz Naturpool\"\/><\/figure>\n\n<p>Som jag skrev tidigare \u00e4r Madeira inte k\u00e4nt f\u00f6r sina str\u00e4nder.<br\/>Omr\u00e5det \u00e4r dock k\u00e4nt f\u00f6r sina naturliga pooler, s\u00e4rskilt de i Porto Moniz.<br\/>H\u00e4r har lavan skapat omr\u00e5den som fylls av havsvatten. Detta \u00e4r en s\u00e5dan fantastisk erfarenhet att ha.<br\/>Det kan du njuta av i:<\/p>\n\n<ul class=\"wp-block-list\">\n<li>Porto Moniz (2 upps\u00e4ttningar naturliga pooler) &#8211; Norra kusten<\/li>\n\n\n\n<li>Seixal med lavab\u00e5gen &#8211; Nordkusten<\/li>\n\n\n\n<li>Doca Do Cavacas &#8211; Sydkusten<\/li>\n<\/ul>\n\n<p>L\u00e4s mer i <a href=\"https:\/\/www.zigzagonearth.com\/sv\/madeira-natural-pools-volcanic-2\/\" target=\"_blank\" rel=\"noopener\">min artikel om de naturliga poolerna p\u00e5 Madeira<\/a>.<\/p>\n\n<h3 class=\"wp-block-heading\"><strong>B\u00e5tutflykter<\/strong><\/h3>\n\n<figure class=\"wp-block-image\"><img decoding=\"async\" src=\"https:\/\/photos.smugmug.com\/Travel\/Madeira\/9d-Cabo-Girao-Boat\/i-C8b9Z7F\/1\/8072c665\/L\/catamaran_cabo_Girao_boat_Tour_Madeira-3738-L.jpg\" alt=\"Cabo Girao simning b&#xE5;ttur\" title=\"Cabo Girao simning b&#xE5;ttur\"\/><\/figure>\n\n<p>Ett annat s\u00e4tt att uppleva att simma i Madeiras vatten \u00e4r p\u00e5 en b\u00e5ttur<a href=\"https:\/\/www.zigzagonearth.com\/sv\/madeira-batturer-resor\/\" target=\"_blank\" rel=\"noopener\">(se min lista \u00f6ver de b\u00e4sta b\u00e5tturerna<\/a> p\u00e5 Madeira). Vissa av dem inkluderar tid f\u00f6r att ta en simtur.<br\/>Till exempel<\/p>\n\n<ul class=\"wp-block-list\">\n<li>P\u00e5 en delfinsk\u00e5dningstur med katamaran stannar du ocks\u00e5 till under Cabo Girao-klipporna f\u00f6r att simma  <\/li>\n\n\n\n<li>P\u00e5 en delfinsk\u00e5dningstur d\u00e4r du kan simma med delfiner (begr\u00e4nsat antal platser)<\/li>\n<\/ul>\n\n<p><a href=\"https:\/\/www.getyourguide.se\/s\/?q=Funchal+dolphins&amp;searchSource=2&amp;partner_id=R3GYW4V&amp;deeplink_id=b2b35d4e-9a90-532f-86de-f2b4f02ccbe4&amp;cmp=ZZ_Madeira\" target=\"_blank\" rel=\"noreferrer noopener sponsored nofollow\">Se alternativen f\u00f6r b\u00e5tturer och kontrollera om simning ing\u00e5r<\/a><\/p>\n\n<h2 class=\"wp-block-heading\" id=\"t-1630047600270\"><strong>Vanliga fr\u00e5gor om str\u00e4nder p\u00e5 Madeira<\/strong><\/h2>\n\n<h3 class=\"wp-block-heading\"><strong>Finns det n\u00e5gra sandstr\u00e4nder p\u00e5 Madeira?<\/strong><\/h3>\n\n<p>Ja, det finns ett par med naturlig svart sand och ett par med importerad gyllene sand.<br\/>De flesta str\u00e4nder \u00e4r dock stenstr\u00e4nder.<\/p>\n\n<h3 class=\"wp-block-heading\"><strong>Finns det n\u00e5gra bra str\u00e4nder p\u00e5 Madeira?<\/strong><\/h3>\n\n<p>Det beror p\u00e5 vad som \u00e4r en bra strand f\u00f6r dig.<br\/>Det finns str\u00e4nder med klart vatten, str\u00e4nder med fantastisk natur, str\u00e4nder med sand, str\u00e4nder med v\u00e5gor f\u00f6r surfing.<br\/>Men om du dr\u00f6mmer om en l\u00e5ng sandstrand med palmer \u00e4r Madeira inte r\u00e4tt resm\u00e5l f\u00f6r dig.<\/p>\n\n<h3 class=\"wp-block-heading\"><strong>Har Funchal en sandstrand? Finns det str\u00e4nder i Funchal?<\/strong><\/h3>\n\n<p>Nej. Det finns ingen sandstrand i Funchal.  <br\/>Det finns en liten klapperstensstrand n\u00e4ra gamla stan i Funchal, och andra sm\u00e5 str\u00e4nder runt Lido-omr\u00e5det.<br\/>Du hittar en st\u00f6rre klapperstensstrand 10 minuters bilresa fr\u00e5n det gamla centrumet: Praia Formosa.<\/p>\n\n<p><strong><strong>Vill du se fler av Madeiras b\u00e4sta erbjudanden?<\/strong><\/strong><\/p>\n\n<ul class=\"wp-block-list\">\n<li>42 restips f\u00f6r Madeira f\u00f6r att planera en of\u00f6rgl\u00f6mlig resa &#8211; <a style=\"outline: none;\" href=\"https:\/\/www.zigzagonearth.com\/sv\/madeira-restips-guide\/\" target=\"_blank\" rel=\"noopener\">l\u00e4s artikeln<\/a><\/li>\n\n\n\n<li>Var man kan bo p\u00e5 Madeira &#8211; b\u00e4sta omr\u00e5dena &#8211; <a style=\"outline: none;\" href=\"https:\/\/www.zigzagonearth.com\/sv\/var-ska-man-bo-madeira-basta-omrdena\/\" target=\"_blank\" rel=\"noopener\">l\u00e4s artikel<\/a><\/li>\n\n\n\n<li>De 35 b\u00e4sta sakerna att g\u00f6ra p\u00e5 Madeira &#8211; <a href=\"https:\/\/www.zigzagonearth.com\/sv\/sevardheter-madeira\/\" target=\"_blank\" rel=\"noopener\">l\u00e4s artikeln<\/a><\/li>\n\n\n\n<li>B\u00e4sta tiden att bes\u00f6ka Madeira &#8211; <a href=\"https:\/\/www.zigzagonearth.com\/sv\/basta-tiden-besoka-madeira\/\" target=\"_blank\" rel=\"noopener\">l\u00e4s artikeln<\/a><\/li>\n\n\n\n<li>De b\u00e4sta landskapen p\u00e5 Madeira i 40 bilder &#8211; <a style=\"outline: none;\" href=\"https:\/\/www.zigzagonearth.com\/sv\/basta-landskap-madeira-foton\/\" target=\"_blank\" rel=\"noopener\">l\u00e4s artikeln<\/a><\/li>\n\n\n\n<li>De 7 kablarna p\u00e5 Madeira och deras fantastiska vyer &#8211; <a style=\"outline: none;\" href=\"https:\/\/www.zigzagonearth.com\/sv\/basta-linbanorna-madeira-teleferico\/\" target=\"_blank\" rel=\"noopener\">l\u00e4s artikeln<\/a><\/li>\n\n\n\n<li>Tips f\u00f6r att hyra en bil och k\u00f6ra runt p\u00e5 Madeira &#8211; <a style=\"outline: none;\" href=\"https:\/\/www.zigzagonearth.com\/sv\/madeira-reseguide\/\" target=\"_blank\" rel=\"noopener\">l\u00e4s artikel<\/a><\/li>\n\n\n\n<li>12 dolda p\u00e4rlor p\u00e5 Madeira &#8211; <a style=\"outline: none;\" href=\"https:\/\/www.zigzagonearth.com\/sv\/secret-places-madeira-hidden-gems-2\/\" target=\"_blank\" rel=\"noopener\">l\u00e4s artikeln<\/a><\/li>\n\n\n\n<li>B\u00e4sta sakerna att g\u00f6ra i Funchal &#8211; <a style=\"outline: none;\" href=\"https:\/\/www.zigzagonearth.com\/sv\/sevardheter-funchal-madeira\/\" target=\"_blank\" rel=\"noopener\">l\u00e4s artikeln<\/a><\/li>\n<\/ul>\n\n<p><strong>Planerar du en resa till Madeira?<\/strong><\/p>\n\n<p>Kolla in min reseguide f\u00f6r att f\u00e5 hj\u00e4lp med planeringen:<\/p>\n\n<div style=\"margin-top:8%;margin-bottom:8%\" class=\"wp-block-genesis-blocks-gb-container box_ebook gb-block-container\"><div class=\"gb-container-inside\"><div class=\"gb-container-content\">\n<h5 class=\"wp-block-heading box_titre_ebook\">Planera din <u>dr\u00f6mresa<\/u> till <strong>Madeira<\/strong> med hj\u00e4lp av min guide (endast p\u00e5 engelska)<\/h5>\n\n\n\n<div class=\"wp-block-columns box_colonnes_ebook is-layout-flex wp-container-core-columns-is-layout-9d6595d7 wp-block-columns-is-layout-flex\">\n<div class=\"wp-block-column is-layout-flow wp-block-column-is-layout-flow\">\n<figure class=\"wp-block-image size-large img_ebook\"><a href=\"https:\/\/www.zigzagonearth.com\/photograph-madeira-travel-guide\/\"><img decoding=\"async\" src=\"https:\/\/www.zigzagonearth.com\/wp-content\/uploads\/2021\/08\/small-Madeira-ebook-cover.jpg\" alt=\"eBook Reseguide Mallorca\"\/><\/a><\/figure>\n<\/div>\n\n\n\n<div class=\"wp-block-column is-layout-flow wp-block-column-is-layout-flow\">\n<ul class=\"box_liste wp-block-list\" style=\"font-size:16px\">\n<li>7 kartor f\u00f6r att enkelt planera din resv\u00e4g<\/li>\n\n\n\n<li>120+ f\u00f6rvalda platser<\/li>\n\n\n\n<li>GPS-koordinater direkt till parkeringsplatserna<\/li>\n\n\n\n<li>Tips f\u00f6r att f\u00e5 ut det mesta av din tid<\/li>\n\n\n\n<li>260+ originalbilder som hj\u00e4lper dig att v\u00e4lja<\/li>\n<\/ul>\n\n\n\n<div class=\"wp-block-buttons box_colonne_bouton_ebook is-content-justification-left is-layout-flex wp-container-core-buttons-is-layout-fdcfc74e wp-block-buttons-is-layout-flex\">\n<div class=\"wp-block-button box_bouton box_bouton_ebook\"><a class=\"wp-block-button__link wp-element-button\" href=\"https:\/\/www.zigzagonearth.com\/photograph-madeira-travel-guide\/\" target=\"_blank\" rel=\"noreferrer noopener\">Uppt\u00e4ck det! (endast p\u00e5 engelska)<span class=\"box_bouton_image\"><\/span><\/a><\/div>\n<\/div>\n<\/div>\n<\/div>\n<\/div><\/div><\/div>\n\n<p class=\"has-text-align-left\"><strong>Och h\u00e5ll koll p\u00e5 din egen resa!<\/strong><\/p>\n\n<figure class=\"wp-block-image\"><a href=\"https:\/\/www.amazon.com\/dp\/B09LWJVR7V?&amp;linkCode=ll1&amp;tag=zigzagus-20&amp;linkId=68c8b70c27e0fbe67205f404e3f1805a&amp;language=en_US&amp;ref_=as_li_ss_tl\" target=\"_blank\" rel=\"nofollow noopener\"><img decoding=\"async\" src=\"\/\/www.zigzagonearth.com\/wp-content\/uploads\/2021\/11\/Madeira-travel-Journal.jpg\" alt=\"Resedagbok Madeira\" title=\"Resedagbok Madeira\"\/><\/a><\/figure>\n\n<p>Vill du se mer av MADEIRA?<\/p>\n\n<p><strong>TIDIGARE:  <\/strong><\/p>\n\n<p class=\"has-text-align-left\"><strong><a style=\"outline: none;\" href=\"https:\/\/www.zigzagonearth.com\/sv\/madeira-natural-pools-volcanic-2\/\" target=\"_blank\" rel=\"noopener\">4 naturliga pooler p\u00e5 Madeira (och 6 alternativ vid kusten)<\/a><\/strong><\/p>\n\n<p><strong>NEXT:  <\/strong><\/p>\n\n<p class=\"has-text-align-left\"><strong><strong><a style=\"outline: none;\" href=\"https:\/\/www.zigzagonearth.com\/sv\/madeira-batturer-resor\/\" target=\"_blank\" rel=\"noopener\">7 b\u00e4sta b\u00e5tturer och resor p\u00e5 Madeira<\/a><\/strong><\/strong><\/p>\n\n<figure class=\"wp-block-image\"><a href=\"https:\/\/www.zigzagonearth.com\/sv\/madeira-reseguide\/\" target=\"_blank\" rel=\"noopener\"><img decoding=\"async\" src=\"\/\/www.zigzagonearth.com\/wp-content\/uploads\/2021\/08\/Madeira-Travel-Guide.jpg\" alt=\"Reseguide f&#xF6;r Madeira\" title=\"Reseguide f&#xF6;r Madeira\"\/><\/a><\/figure>\n\n<p class=\"has-text-align-left\"><strong>Inspirerad? Dela den p\u00e5 din favoritplattform!<\/strong><\/p>\n","protected":false},"excerpt":{"rendered":"<p>Du funderar p\u00e5 var du ska ta en simtur p\u00e5 Madeira Island?Uppt\u00e4ck nedan de b\u00e4sta str\u00e4nderna p\u00e5 Madeira inklusive: Med praktiska tips och kartor som hj\u00e4lper dig att v\u00e4lja det b\u00e4sta alternativet f\u00f6r dig. Om str\u00e4nderna p\u00e5 \u00f6n Madeira Urval av de b\u00e4sta str\u00e4nderna p\u00e5 Madeira Nedan i den h\u00e4r artikeln beskriver jag mer detaljerat [&hellip;]<\/p>\n","protected":false},"author":1,"featured_media":58124,"comment_status":"closed","ping_status":"closed","sticky":false,"template":"","format":"standard","meta":{"_genesis_hide_title":false,"_genesis_hide_breadcrumbs":false,"_genesis_hide_singular_image":false,"_genesis_hide_footer_widgets":false,"_genesis_custom_body_class":"","_genesis_custom_post_class":"","_genesis_layout":"full-width-content","footnotes":""},"categories":[530],"tags":[],"class_list":{"0":"post-68268","1":"post","2":"type-post","3":"status-publish","4":"format-standard","5":"has-post-thumbnail","7":"category-madeira-sv","8":"entry"},"yoast_head":"<!-- This site is optimized with the Yoast SEO plugin v27.2 - https:\/\/yoast.com\/product\/yoast-seo-wordpress\/ -->\n<title>18 b\u00e4sta str\u00e4nderna p\u00e5 Madeira (sand, bad, landskap...)<\/title>\n<meta name=\"description\" content=\"Uppt\u00e4ck de b\u00e4sta str\u00e4nderna p\u00e5 Madeira (Portugal) - de b\u00e4sta sandstr\u00e4nderna, de b\u00e4sta st\u00e4llena att simma p\u00e5, de vackraste f\u00f6r fotografering...\" \/>\n<meta name=\"robots\" content=\"index, follow, max-snippet:-1, max-image-preview:large, max-video-preview:-1\" \/>\n<link rel=\"canonical\" href=\"https:\/\/www.zigzagonearth.com\/sv\/basta-stranderna-madeira\/\" \/>\n<meta property=\"og:locale\" content=\"sv_SE\" \/>\n<meta property=\"og:type\" content=\"article\" \/>\n<meta property=\"og:title\" content=\"18 b\u00e4sta str\u00e4nderna p\u00e5 Madeira (sand, bad, landskap...)\" \/>\n<meta property=\"og:description\" content=\"Uppt\u00e4ck de b\u00e4sta str\u00e4nderna p\u00e5 Madeira (Portugal) - de b\u00e4sta sandstr\u00e4nderna, de b\u00e4sta st\u00e4llena att simma p\u00e5, de vackraste f\u00f6r fotografering...\" \/>\n<meta property=\"og:url\" content=\"https:\/\/www.zigzagonearth.com\/sv\/basta-stranderna-madeira\/\" \/>\n<meta property=\"og:site_name\" content=\"ZigZagonEarth\" \/>\n<meta property=\"article:publisher\" content=\"https:\/\/www.facebook.com\/zigzagonearth\" \/>\n<meta property=\"article:author\" content=\"https:\/\/www.facebook.com\/zigzagonearth\" \/>\n<meta property=\"article:published_time\" content=\"2021-08-27T09:57:54+00:00\" \/>\n<meta property=\"article:modified_time\" content=\"2023-11-01T10:25:16+00:00\" \/>\n<meta property=\"og:image\" content=\"http:\/\/www.zigzagonearth.com\/wp-content\/uploads\/2021\/08\/FB-Best-beaches-in-Madeira-swimming.jpg\" \/>\n<meta name=\"author\" content=\"Claire\" \/>\n<meta name=\"twitter:card\" content=\"summary_large_image\" \/>\n<meta name=\"twitter:creator\" content=\"@ZigZagOnEarth\" \/>\n<meta name=\"twitter:site\" content=\"@ZigZagOnEarth\" \/>\n<meta name=\"twitter:label1\" content=\"Skriven av\" \/>\n\t<meta name=\"twitter:data1\" content=\"Claire\" \/>\n\t<meta name=\"twitter:label2\" content=\"Ber\u00e4knad l\u00e4stid\" \/>\n\t<meta name=\"twitter:data2\" content=\"16 minuter\" \/>\n<script type=\"application\/ld+json\" class=\"yoast-schema-graph\">{\"@context\":\"https:\/\/schema.org\",\"@graph\":[{\"@type\":\"Article\",\"@id\":\"https:\/\/www.zigzagonearth.com\/sv\/basta-stranderna-madeira\/#article\",\"isPartOf\":{\"@id\":\"https:\/\/www.zigzagonearth.com\/sv\/basta-stranderna-madeira\/\"},\"author\":{\"name\":\"Claire\",\"@id\":\"https:\/\/www.zigzagonearth.com\/sv\/#\/schema\/person\/0498142e0cb256f21659d85ef6bca599\"},\"headline\":\"18 b\u00e4sta str\u00e4nderna p\u00e5 Madeira (sand, bad, landskap&#8230;)\",\"datePublished\":\"2021-08-27T09:57:54+00:00\",\"dateModified\":\"2023-11-01T10:25:16+00:00\",\"mainEntityOfPage\":{\"@id\":\"https:\/\/www.zigzagonearth.com\/sv\/basta-stranderna-madeira\/\"},\"wordCount\":3295,\"image\":{\"@id\":\"https:\/\/www.zigzagonearth.com\/sv\/basta-stranderna-madeira\/#primaryimage\"},\"thumbnailUrl\":\"https:\/\/www.zigzagonearth.com\/wp-content\/uploads\/2021\/08\/Best-beaches-in-Madeira-swimming.jpg\",\"articleSection\":[\"Madeira\"],\"inLanguage\":\"sv-SE\"},{\"@type\":\"WebPage\",\"@id\":\"https:\/\/www.zigzagonearth.com\/sv\/basta-stranderna-madeira\/\",\"url\":\"https:\/\/www.zigzagonearth.com\/sv\/basta-stranderna-madeira\/\",\"name\":\"18 b\u00e4sta str\u00e4nderna p\u00e5 Madeira (sand, bad, landskap...)\",\"isPartOf\":{\"@id\":\"https:\/\/www.zigzagonearth.com\/sv\/#website\"},\"primaryImageOfPage\":{\"@id\":\"https:\/\/www.zigzagonearth.com\/sv\/basta-stranderna-madeira\/#primaryimage\"},\"image\":{\"@id\":\"https:\/\/www.zigzagonearth.com\/sv\/basta-stranderna-madeira\/#primaryimage\"},\"thumbnailUrl\":\"https:\/\/www.zigzagonearth.com\/wp-content\/uploads\/2021\/08\/Best-beaches-in-Madeira-swimming.jpg\",\"datePublished\":\"2021-08-27T09:57:54+00:00\",\"dateModified\":\"2023-11-01T10:25:16+00:00\",\"author\":{\"@id\":\"https:\/\/www.zigzagonearth.com\/sv\/#\/schema\/person\/0498142e0cb256f21659d85ef6bca599\"},\"description\":\"Uppt\u00e4ck de b\u00e4sta str\u00e4nderna p\u00e5 Madeira (Portugal) - de b\u00e4sta sandstr\u00e4nderna, de b\u00e4sta st\u00e4llena att simma p\u00e5, de vackraste f\u00f6r fotografering...\",\"breadcrumb\":{\"@id\":\"https:\/\/www.zigzagonearth.com\/sv\/basta-stranderna-madeira\/#breadcrumb\"},\"inLanguage\":\"sv-SE\",\"potentialAction\":[{\"@type\":\"ReadAction\",\"target\":[\"https:\/\/www.zigzagonearth.com\/sv\/basta-stranderna-madeira\/\"]}]},{\"@type\":\"ImageObject\",\"inLanguage\":\"sv-SE\",\"@id\":\"https:\/\/www.zigzagonearth.com\/sv\/basta-stranderna-madeira\/#primaryimage\",\"url\":\"https:\/\/www.zigzagonearth.com\/wp-content\/uploads\/2021\/08\/Best-beaches-in-Madeira-swimming.jpg\",\"contentUrl\":\"https:\/\/www.zigzagonearth.com\/wp-content\/uploads\/2021\/08\/Best-beaches-in-Madeira-swimming.jpg\",\"width\":250,\"height\":250},{\"@type\":\"BreadcrumbList\",\"@id\":\"https:\/\/www.zigzagonearth.com\/sv\/basta-stranderna-madeira\/#breadcrumb\",\"itemListElement\":[{\"@type\":\"ListItem\",\"position\":1,\"name\":\"Home\",\"item\":\"https:\/\/www.zigzagonearth.com\/sv\/\"},{\"@type\":\"ListItem\",\"position\":2,\"name\":\"18 b\u00e4sta str\u00e4nderna p\u00e5 Madeira (sand, bad, landskap&#8230;)\"}]},{\"@type\":\"WebSite\",\"@id\":\"https:\/\/www.zigzagonearth.com\/sv\/#website\",\"url\":\"https:\/\/www.zigzagonearth.com\/sv\/\",\"name\":\"ZigZagonEarth\",\"description\":\"Plan unforgettable road trips!\",\"potentialAction\":[{\"@type\":\"SearchAction\",\"target\":{\"@type\":\"EntryPoint\",\"urlTemplate\":\"https:\/\/www.zigzagonearth.com\/sv\/?s={search_term_string}\"},\"query-input\":{\"@type\":\"PropertyValueSpecification\",\"valueRequired\":true,\"valueName\":\"search_term_string\"}}],\"inLanguage\":\"sv-SE\"},{\"@type\":\"Person\",\"@id\":\"https:\/\/www.zigzagonearth.com\/sv\/#\/schema\/person\/0498142e0cb256f21659d85ef6bca599\",\"name\":\"Claire\",\"image\":{\"@type\":\"ImageObject\",\"inLanguage\":\"sv-SE\",\"@id\":\"https:\/\/secure.gravatar.com\/avatar\/7a2d4fe6757ab43d35e1680834ada7bf24e3ceccf01b37a8d65bfb7e69ce6271?s=96&d=blank&r=g\",\"url\":\"https:\/\/secure.gravatar.com\/avatar\/7a2d4fe6757ab43d35e1680834ada7bf24e3ceccf01b37a8d65bfb7e69ce6271?s=96&d=blank&r=g\",\"contentUrl\":\"https:\/\/secure.gravatar.com\/avatar\/7a2d4fe6757ab43d35e1680834ada7bf24e3ceccf01b37a8d65bfb7e69ce6271?s=96&d=blank&r=g\",\"caption\":\"Claire\"},\"description\":\"Claire is the ultimate Travel Planning Geek - She can spend hours, weeks, months... researching for a trip. She created ZigZag On Earth to help people plan their own travels and make the most of their time.\",\"sameAs\":[\"https:\/\/www.facebook.com\/zigzagonearth\"]}]}<\/script>\n<!-- \/ Yoast SEO plugin. -->","yoast_head_json":{"title":"18 b\u00e4sta str\u00e4nderna p\u00e5 Madeira (sand, bad, landskap...)","description":"Uppt\u00e4ck de b\u00e4sta str\u00e4nderna p\u00e5 Madeira (Portugal) - de b\u00e4sta sandstr\u00e4nderna, de b\u00e4sta st\u00e4llena att simma p\u00e5, de vackraste f\u00f6r fotografering...","robots":{"index":"index","follow":"follow","max-snippet":"max-snippet:-1","max-image-preview":"max-image-preview:large","max-video-preview":"max-video-preview:-1"},"canonical":"https:\/\/www.zigzagonearth.com\/sv\/basta-stranderna-madeira\/","og_locale":"sv_SE","og_type":"article","og_title":"18 b\u00e4sta str\u00e4nderna p\u00e5 Madeira (sand, bad, landskap...)","og_description":"Uppt\u00e4ck de b\u00e4sta str\u00e4nderna p\u00e5 Madeira (Portugal) - de b\u00e4sta sandstr\u00e4nderna, de b\u00e4sta st\u00e4llena att simma p\u00e5, de vackraste f\u00f6r fotografering...","og_url":"https:\/\/www.zigzagonearth.com\/sv\/basta-stranderna-madeira\/","og_site_name":"ZigZagonEarth","article_publisher":"https:\/\/www.facebook.com\/zigzagonearth","article_author":"https:\/\/www.facebook.com\/zigzagonearth","article_published_time":"2021-08-27T09:57:54+00:00","article_modified_time":"2023-11-01T10:25:16+00:00","og_image":[{"url":"http:\/\/www.zigzagonearth.com\/wp-content\/uploads\/2021\/08\/FB-Best-beaches-in-Madeira-swimming.jpg","type":"","width":"","height":""}],"author":"Claire","twitter_card":"summary_large_image","twitter_creator":"@ZigZagOnEarth","twitter_site":"@ZigZagOnEarth","twitter_misc":{"Skriven av":"Claire","Ber\u00e4knad l\u00e4stid":"16 minuter"},"schema":{"@context":"https:\/\/schema.org","@graph":[{"@type":"Article","@id":"https:\/\/www.zigzagonearth.com\/sv\/basta-stranderna-madeira\/#article","isPartOf":{"@id":"https:\/\/www.zigzagonearth.com\/sv\/basta-stranderna-madeira\/"},"author":{"name":"Claire","@id":"https:\/\/www.zigzagonearth.com\/sv\/#\/schema\/person\/0498142e0cb256f21659d85ef6bca599"},"headline":"18 b\u00e4sta str\u00e4nderna p\u00e5 Madeira (sand, bad, landskap&#8230;)","datePublished":"2021-08-27T09:57:54+00:00","dateModified":"2023-11-01T10:25:16+00:00","mainEntityOfPage":{"@id":"https:\/\/www.zigzagonearth.com\/sv\/basta-stranderna-madeira\/"},"wordCount":3295,"image":{"@id":"https:\/\/www.zigzagonearth.com\/sv\/basta-stranderna-madeira\/#primaryimage"},"thumbnailUrl":"https:\/\/www.zigzagonearth.com\/wp-content\/uploads\/2021\/08\/Best-beaches-in-Madeira-swimming.jpg","articleSection":["Madeira"],"inLanguage":"sv-SE"},{"@type":"WebPage","@id":"https:\/\/www.zigzagonearth.com\/sv\/basta-stranderna-madeira\/","url":"https:\/\/www.zigzagonearth.com\/sv\/basta-stranderna-madeira\/","name":"18 b\u00e4sta str\u00e4nderna p\u00e5 Madeira (sand, bad, landskap...)","isPartOf":{"@id":"https:\/\/www.zigzagonearth.com\/sv\/#website"},"primaryImageOfPage":{"@id":"https:\/\/www.zigzagonearth.com\/sv\/basta-stranderna-madeira\/#primaryimage"},"image":{"@id":"https:\/\/www.zigzagonearth.com\/sv\/basta-stranderna-madeira\/#primaryimage"},"thumbnailUrl":"https:\/\/www.zigzagonearth.com\/wp-content\/uploads\/2021\/08\/Best-beaches-in-Madeira-swimming.jpg","datePublished":"2021-08-27T09:57:54+00:00","dateModified":"2023-11-01T10:25:16+00:00","author":{"@id":"https:\/\/www.zigzagonearth.com\/sv\/#\/schema\/person\/0498142e0cb256f21659d85ef6bca599"},"description":"Uppt\u00e4ck de b\u00e4sta str\u00e4nderna p\u00e5 Madeira (Portugal) - de b\u00e4sta sandstr\u00e4nderna, de b\u00e4sta st\u00e4llena att simma p\u00e5, de vackraste f\u00f6r fotografering...","breadcrumb":{"@id":"https:\/\/www.zigzagonearth.com\/sv\/basta-stranderna-madeira\/#breadcrumb"},"inLanguage":"sv-SE","potentialAction":[{"@type":"ReadAction","target":["https:\/\/www.zigzagonearth.com\/sv\/basta-stranderna-madeira\/"]}]},{"@type":"ImageObject","inLanguage":"sv-SE","@id":"https:\/\/www.zigzagonearth.com\/sv\/basta-stranderna-madeira\/#primaryimage","url":"https:\/\/www.zigzagonearth.com\/wp-content\/uploads\/2021\/08\/Best-beaches-in-Madeira-swimming.jpg","contentUrl":"https:\/\/www.zigzagonearth.com\/wp-content\/uploads\/2021\/08\/Best-beaches-in-Madeira-swimming.jpg","width":250,"height":250},{"@type":"BreadcrumbList","@id":"https:\/\/www.zigzagonearth.com\/sv\/basta-stranderna-madeira\/#breadcrumb","itemListElement":[{"@type":"ListItem","position":1,"name":"Home","item":"https:\/\/www.zigzagonearth.com\/sv\/"},{"@type":"ListItem","position":2,"name":"18 b\u00e4sta str\u00e4nderna p\u00e5 Madeira (sand, bad, landskap&#8230;)"}]},{"@type":"WebSite","@id":"https:\/\/www.zigzagonearth.com\/sv\/#website","url":"https:\/\/www.zigzagonearth.com\/sv\/","name":"ZigZagonEarth","description":"Plan unforgettable road trips!","potentialAction":[{"@type":"SearchAction","target":{"@type":"EntryPoint","urlTemplate":"https:\/\/www.zigzagonearth.com\/sv\/?s={search_term_string}"},"query-input":{"@type":"PropertyValueSpecification","valueRequired":true,"valueName":"search_term_string"}}],"inLanguage":"sv-SE"},{"@type":"Person","@id":"https:\/\/www.zigzagonearth.com\/sv\/#\/schema\/person\/0498142e0cb256f21659d85ef6bca599","name":"Claire","image":{"@type":"ImageObject","inLanguage":"sv-SE","@id":"https:\/\/secure.gravatar.com\/avatar\/7a2d4fe6757ab43d35e1680834ada7bf24e3ceccf01b37a8d65bfb7e69ce6271?s=96&d=blank&r=g","url":"https:\/\/secure.gravatar.com\/avatar\/7a2d4fe6757ab43d35e1680834ada7bf24e3ceccf01b37a8d65bfb7e69ce6271?s=96&d=blank&r=g","contentUrl":"https:\/\/secure.gravatar.com\/avatar\/7a2d4fe6757ab43d35e1680834ada7bf24e3ceccf01b37a8d65bfb7e69ce6271?s=96&d=blank&r=g","caption":"Claire"},"description":"Claire is the ultimate Travel Planning Geek - She can spend hours, weeks, months... researching for a trip. She created ZigZag On Earth to help people plan their own travels and make the most of their time.","sameAs":["https:\/\/www.facebook.com\/zigzagonearth"]}]}},"featured_image_src":"https:\/\/www.zigzagonearth.com\/wp-content\/uploads\/2021\/08\/Best-beaches-in-Madeira-swimming.jpg","featured_image_src_square":"https:\/\/www.zigzagonearth.com\/wp-content\/uploads\/2021\/08\/Best-beaches-in-Madeira-swimming.jpg","author_info":{"display_name":"Claire","author_link":"https:\/\/www.zigzagonearth.com\/sv\/author\/zzoe\/"},"_links":{"self":[{"href":"https:\/\/www.zigzagonearth.com\/sv\/wp-json\/wp\/v2\/posts\/68268","targetHints":{"allow":["GET"]}}],"collection":[{"href":"https:\/\/www.zigzagonearth.com\/sv\/wp-json\/wp\/v2\/posts"}],"about":[{"href":"https:\/\/www.zigzagonearth.com\/sv\/wp-json\/wp\/v2\/types\/post"}],"author":[{"embeddable":true,"href":"https:\/\/www.zigzagonearth.com\/sv\/wp-json\/wp\/v2\/users\/1"}],"replies":[{"embeddable":true,"href":"https:\/\/www.zigzagonearth.com\/sv\/wp-json\/wp\/v2\/comments?post=68268"}],"version-history":[{"count":0,"href":"https:\/\/www.zigzagonearth.com\/sv\/wp-json\/wp\/v2\/posts\/68268\/revisions"}],"wp:featuredmedia":[{"embeddable":true,"href":"https:\/\/www.zigzagonearth.com\/sv\/wp-json\/wp\/v2\/media\/58124"}],"wp:attachment":[{"href":"https:\/\/www.zigzagonearth.com\/sv\/wp-json\/wp\/v2\/media?parent=68268"}],"wp:term":[{"taxonomy":"category","embeddable":true,"href":"https:\/\/www.zigzagonearth.com\/sv\/wp-json\/wp\/v2\/categories?post=68268"},{"taxonomy":"post_tag","embeddable":true,"href":"https:\/\/www.zigzagonearth.com\/sv\/wp-json\/wp\/v2\/tags?post=68268"}],"curies":[{"name":"wp","href":"https:\/\/api.w.org\/{rel}","templated":true}]}}