{"id":72163,"date":"2026-01-19T09:53:48","date_gmt":"2026-01-19T08:53:48","guid":{"rendered":"https:\/\/www.zigzagonearth.com\/viajar-maiorca-2026-novo\/"},"modified":"2026-01-19T10:10:49","modified_gmt":"2026-01-19T09:10:49","slug":"viajar-maiorca-2026-novo","status":"publish","type":"post","link":"https:\/\/www.zigzagonearth.com\/pt-pt\/viajar-maiorca-2026-novo\/","title":{"rendered":"Viajar por Maiorca em 2026: o que h\u00e1 de novo?"},"content":{"rendered":"\n<p>Est\u00e1 a pensar ou a planear uma viagem a Maiorca em 2026? Reuni um resumo de tudo o que est\u00e1 a mudar e tudo o que precisa de saber sobre este ano: acessos, aberturas, encerramentos, turismo em geral, novos hot\u00e9is e muito mais. <\/p>\n\n<p>Eis tudo o que vai mudar para a sua viagem a Maiorca em 2026.<\/p>\n\n<figure class=\"wp-block-image size-full\"><img decoding=\"async\" src=\"https:\/\/www.zigzagonearth.com\/wp-content\/uploads\/2026\/01\/Viajar-pela-Mallorca-2026-novo.jpg\" alt=\"Travel Mallorca 2026 o que h&#xE1; de novo\" class=\"wp-image-72146\" title=\"voyager majorque 2026 nouveau\"\/><\/figure>\n\n<p class=\"has-text-align-right\" style=\"font-size:16px\">\/\/ Nesta p\u00e1gina, n\u00e3o h\u00e1 conte\u00fado patrocinado. Apenas alguns links de afiliados.<br\/>\/\/ Se os utilizar, receberei uma comiss\u00e3o sem qualquer custo adicional para si<a href=\"https:\/\/www.zigzagonearth.com\/pt-pt\/termos-de-privacidade-utilizacao-divulgacao\/\" target=\"_blank\" rel=\"noreferrer noopener\">(leia mais<\/a>). <\/p>\n\n<h2 class=\"wp-block-heading\">O que precisa de saber sobre Maiorca em 2026<\/h2>\n\n<p>Em 2026, <a href=\"https:\/\/www.zigzagonearth.com\/pt-pt\/o-que-fazer-maiorca-visitar\/\" target=\"_blank\" rel=\"noreferrer noopener\">Maiorca<\/a> j\u00e1 n\u00e3o \u00e9 o mesmo destino que era em 2019 ou mesmo em 2022. A ilha est\u00e1 claramente a evoluir para um modelo mais sustent\u00e1vel, ao mesmo tempo que continua a melhorar os seus hot\u00e9is. <\/p>\n\n<p>Se s\u00f3 quer saber o essencial, eis o que mudou realmente para a sua viagem:<\/p>\n\n<ul class=\"wp-block-list\">\n<li>Novos hot\u00e9is e resorts de luxo foram abertos ou est\u00e3o planeados para 2025-2026.<\/li>\n\n\n\n<li>Maiorca est\u00e1 a esfor\u00e7ar-se muito mais para se posicionar como um destino sustent\u00e1vel: Observat\u00f3rio do Turismo Sustent\u00e1vel, taxa tur\u00edstica reinvestida em projectos concretos, iniciativa Mallorca Pledge lan\u00e7ada em 2025.<\/li>\n\n\n\n<li>O tr\u00e1fego a\u00e9reo para as Ilhas Baleares atinge n\u00edveis recorde no in\u00edcio de 2026, com mais voos e lugares dispon\u00edveis.<\/li>\n\n\n\n<li>A quest\u00e3o das alforrecas est\u00e1 a tornar-se uma preocupa\u00e7\u00e3o real para a nata\u00e7\u00e3o, com o aumento da frequ\u00eancia<\/li>\n\n\n\n<li>Os transportes colectivos interurbanos (TIB) s\u00e3o mais bem estruturados e mais importantes<\/li>\n\n\n\n<li>N\u00e3o h\u00e1 grandes altera\u00e7\u00f5es ou encerramentos de atrac\u00e7\u00f5es<\/li>\n\n\n\n<li>Acesso ao Cabo Formentor em 2026: As restri\u00e7\u00f5es de acesso aplicam-se de 15 de maio a 15 de outubro. Durante este per\u00edodo, note que n\u00e3o pode utilizar a totalidade da estrada. <\/li>\n<\/ul>\n\n<figure class=\"wp-block-image\"><img decoding=\"async\" src=\"https:\/\/photos.smugmug.com\/Travel\/Mallorca\/Sa-Calobra\/i-cN8Mw4S\/1\/7f82461c\/L\/beach_Sa_Calobra_Mallorca-0783-L.jpg\" alt=\"Sa Calobra\" title=\"Sa Calobra\"\/><\/figure>\n\n<div style=\"margin-top:8%;margin-bottom:8%\" class=\"wp-block-genesis-blocks-gb-container box gb-block-container\"><div class=\"gb-container-inside\"><div class=\"gb-container-content\">\n<p class=\"box_titre_une\">Antes das minhas dicas + fotografias, eis os <u>meus favoritos<\/u> para Maiorca:<\/p>\n\n\n\n<div class=\"wp-block-columns box_colonne_cc is-layout-flex wp-container-core-columns-is-layout-9d6595d7 wp-block-columns-is-layout-flex\">\n<div class=\"wp-block-column box_picto_c is-layout-flow wp-block-column-is-layout-flow\" style=\"flex-basis:5%\">\n<figure class=\"wp-block-image size-full is-resized box_picto\"><img loading=\"lazy\" decoding=\"async\" src=\"http:\/\/www.zigzagonearth.com\/wp-content\/uploads\/2023\/08\/&#x1F697;.png\" alt=\"\" class=\"wp-image-16341\" style=\"width:30px;height:31px\" width=\"30\" height=\"31\"\/><\/figure>\n<\/div>\n\n\n\n<div class=\"wp-block-column is-layout-flow wp-block-column-is-layout-flow\" style=\"flex-basis:95%\">\n<p class=\"box_lien_g\">A minha plataforma preferida para alugar um carro em Maiorca: <a href=\"https:\/\/www.discovercars.com\/pt\/spain-balearic-islands\/mallorca?a_aid=zigzag&amp;chan=ZZ_Mallorca\" target=\"_blank\" rel=\"noreferrer noopener sponsored nofollow\">DiscoverCars<\/a><\/p>\n<\/div>\n<\/div>\n\n\n\n<div class=\"wp-block-columns box_colonne_cc is-layout-flex wp-container-core-columns-is-layout-9d6595d7 wp-block-columns-is-layout-flex\">\n<div class=\"wp-block-column box_picto_c is-layout-flow wp-block-column-is-layout-flow\" style=\"flex-basis:5%\">\n<figure class=\"wp-block-image size-full is-resized box_picto\"><img loading=\"lazy\" decoding=\"async\" src=\"http:\/\/www.zigzagonearth.com\/wp-content\/uploads\/2023\/08\/&#x1F6E5;&#xFE0F;&#xFE0F;.png\" alt=\"\" class=\"wp-image-16340\" style=\"width:30px;height:31px\" width=\"30\" height=\"31\"\/><\/figure>\n<\/div>\n\n\n\n<div class=\"wp-block-column is-layout-flow wp-block-column-is-layout-flow\" style=\"flex-basis:90%\">\n<p>O passeio de barco imperd\u00edvel: <a href=\"https:\/\/www.getyourguide.pt\/mallorca-l47\/mallorca-sunrise-coast-dolphins-cruise-t288850\/?partner_id=R3GYW4V&amp;cmp=ZZ_Mallorca_une\" target=\"_blank\" rel=\"noreferrer noopener sponsored nofollow\">observa\u00e7\u00e3o de golfinhos a partir de Alcudia<\/a><\/p>\n<\/div>\n<\/div>\n\n\n\n<div class=\"wp-block-columns box_colonne_cc is-layout-flex wp-container-core-columns-is-layout-9d6595d7 wp-block-columns-is-layout-flex\">\n<div class=\"wp-block-column box_picto_c is-layout-flow wp-block-column-is-layout-flow\" style=\"flex-basis:5%\">\n<figure class=\"wp-block-image size-full is-resized box_picto\"><img loading=\"lazy\" decoding=\"async\" src=\"http:\/\/www.zigzagonearth.com\/wp-content\/uploads\/2023\/08\/&#x1F68C;.png\" alt=\"\" class=\"wp-image-16339\" style=\"width:30px;height:31px\" width=\"30\" height=\"31\"\/><\/figure>\n<\/div>\n\n\n\n<div class=\"wp-block-column is-layout-flow wp-block-column-is-layout-flow\" style=\"flex-basis:90%\">\n<p>A minha excurs\u00e3o preferida a partir de Palma: <a href=\"https:\/\/www.getyourguide.pt\/mallorca-l47\/mallorca-tramuntana-tour-with-historic-railway-ride-t62634\/?partner_id=R3GYW4V&amp;cmp=ZZ_Mallorca_une\" target=\"_blank\" rel=\"noreferrer noopener sponsored nofollow\">Porto de Soller e Valldemossa<\/a><\/p>\n<\/div>\n<\/div>\n\n\n\n<div class=\"wp-block-columns box_colonne_cc box_colonne_dernier_cc is-layout-flex wp-container-core-columns-is-layout-9d6595d7 wp-block-columns-is-layout-flex\">\n<div class=\"wp-block-column box_picto_x box_picto_c is-layout-flow wp-block-column-is-layout-flow\" style=\"flex-basis:5%\">\n<figure class=\"wp-block-image size-full is-resized box_picto\"><img loading=\"lazy\" decoding=\"async\" src=\"http:\/\/www.zigzagonearth.com\/wp-content\/uploads\/2023\/08\/&#x1F3E0;.png\" alt=\"\" class=\"wp-image-16338\" style=\"width:30px;height:31px\" width=\"30\" height=\"31\"\/><\/figure>\n<\/div>\n\n\n\n<div class=\"wp-block-column is-layout-flow wp-block-column-is-layout-flow\" style=\"flex-basis:95%\">\n<p>Os meus s\u00edtios preferidos para ficar:<\/p>\n\n\n\n<ul class=\"wp-block-list\">\n<li>Palma de Maiorca: <a href=\"https:\/\/www.booking.com\/searchresults.en.html?city=-395224&amp;nflt=review_score%253D90&amp;aid=1164282&amp;no_rooms=1&amp;group_adults=2&amp;label=mallorca\" target=\"_blank\" rel=\"noreferrer noopener sponsored nofollow\">veja os hot\u00e9is com melhor classifica\u00e7\u00e3o<\/a> &#8211; por exemplo, <a class=\"\" href=\"https:\/\/www.booking.com\/hotel\/es\/art-palma.en.html?aid=1164282&amp;no_rooms=1&amp;group_adults=2&amp;label=_amcid-FrQAZQblirbxlpiJxpEME\" target=\"_blank\" rel=\"noreferrer noopener\"><\/a><a href=\"https:\/\/www.booking.com\/hotel\/es\/posada-terra-santa.en.html?aid=1164282&amp;label=mallorca\" target=\"_blank\" rel=\"noreferrer noopener sponsored nofollow\">Hotel Posada Terra Santa<\/a><\/li>\n\n\n\n<li>Port d&#8217;Alcudia: <a href=\"https:\/\/www.booking.com\/searchresults.en.html?city=-381100&amp;nflt=review_score%253D90&amp;aid=1164282&amp;no_rooms=1&amp;group_adults=2&amp;label=mallorca\" target=\"_blank\" rel=\"noreferrer noopener sponsored nofollow\">veja os hot\u00e9is com melhor classifica\u00e7\u00e3o<\/a> &#8211; por exemplo, <a href=\"https:\/\/www.booking.com\/hotel\/es\/bonavida-apartments-alcudia.en-gb.html?aid=1164282&amp;label=mallorca\" target=\"_blank\" rel=\"noreferrer noopener sponsored nofollow\">apartamentos Bonavida<\/a><\/li>\n\n\n\n<li>Cala d&#8217;or: <a href=\"https:\/\/www.booking.com\/searchresults.en.html?city=900039122&amp;nflt=review_score%253D90&amp;aid=1164282&amp;no_rooms=1&amp;group_adults=2&amp;label=mallorca\" target=\"_blank\" rel=\"noreferrer noopener sponsored nofollow\">veja os hot\u00e9is com melhor classifica\u00e7\u00e3o<\/a> &#8211; por exemplo, <a href=\"https:\/\/www.booking.com\/hotel\/es\/casa-ceiba-maria.en.html?aid=1164282&amp;no_rooms=1&amp;group_adults=2&amp;label=mallorca\" target=\"_blank\" rel=\"noreferrer noopener sponsored nofollow\">Casa Ceiba Maria<\/a><\/li>\n\n\n\n<li>Numa Finca no cora\u00e7\u00e3o da ilha &#8211; sugiro a <a href=\"https:\/\/www.booking.com\/hotel\/es\/finca-cas-sant.en.html?aid=1164282&amp;label=mallorca\" target=\"_blank\" rel=\"noreferrer noopener sponsored nofollow\">Finca Cas Sant<\/a><\/li>\n<\/ul>\n<\/div>\n<\/div>\n<\/div><\/div><\/div>\n\n<h2 class=\"wp-block-heading\" id=\"t-1768389654495\">Atrac\u00e7\u00f5es: Novas adi\u00e7\u00f5es, reaberturas, encerramentos e renova\u00e7\u00f5es<\/h2>\n\n<h3 class=\"wp-block-heading\">Renova\u00e7\u00e3o importante<\/h3>\n\n<p>Um cl\u00e1ssico imperd\u00edvel! O <strong>comboio de S\u00f3ller<\/strong> existe desde 1912 e oferece-lhe uma experi\u00eancia nost\u00e1lgica entre Palma e S\u00f3ller atrav\u00e9s dos laranjais. \u00c9 muito mais do que um simples transporte: \u00e9 uma paragem encantadora na sua viagem a Maiorca. O servi\u00e7o foi suspenso em novembro de 2025 para obras de beneficia\u00e7\u00e3o. Mas retomar\u00e1 o servi\u00e7o a 1 de fevereiro. Estar\u00e1, portanto, operacional durante a \u00e9poca tur\u00edstica     <\/p>\n\n<h3 class=\"wp-block-heading\">Encerramentos\/reaberturas<\/h3>\n\n<p>Todas as atrac\u00e7\u00f5es da ilha est\u00e3o abertas de acordo com os seus meses e hor\u00e1rios habituais.<\/p>\n\n<p>N\u00e3o h\u00e1 grandes altera\u00e7\u00f5es.<\/p>\n\n<p>Para obter muitas ideias, consulte os meus artigos:<\/p>\n\n<p><a href=\"https:\/\/www.zigzagonearth.com\/pt-pt\/o-que-fazer-maiorca-visitar\/\" target=\"_blank\" rel=\"noreferrer noopener\">O que fazer em Maiorca: 35 ideias<\/a><br\/><a href=\"https:\/\/www.zigzagonearth.com\/pt-pt\/melhores-grutas-maiorca\/\" target=\"_blank\" rel=\"noreferrer noopener\">As 7 grutas mais bonitas de Maiorca<\/a><br\/><a href=\"https:\/\/www.zigzagonearth.com\/pt-pt\/talayot-maiorca-ruinas\/\" target=\"_blank\" rel=\"noreferrer noopener\">15 talayots e outros s\u00edtios arqueol\u00f3gicos em Maiorca<\/a><br\/><a href=\"https:\/\/www.zigzagonearth.com\/pt-pt\/melhores-aldeias-maiorca-cidades\/\" target=\"_blank\" rel=\"noreferrer noopener\">As 21 aldeias e vilas mais bonitas de Maiorca<\/a><\/p>\n\n<figure class=\"wp-block-image\"><img decoding=\"async\" src=\"https:\/\/photos.smugmug.com\/Travel\/Mallorca\/Port-de-Soller\/i-fb9xPk9\/3\/595dd19b\/L\/Port_de_Soller_Mallorca-074051-L.jpg\" alt=\"Comboio Soller\" title=\"Comboio de Soller\"\/><\/figure>\n\n<h3 class=\"wp-block-heading\">Restri\u00e7\u00f5es no Cap Formentor<\/h3>\n\n<p>As datas das restri\u00e7\u00f5es de acesso ao <a href=\"https:\/\/zigzagvoyages.fr\/cap-formentor-majorque\/\" target=\"_blank\" rel=\"noreferrer noopener nofollow\">Cap Formentor<\/a> foram publicadas.<br\/>A estrada estar\u00e1 fechada de 15 de maio a 15 de outubro.<br\/>Durante este per\u00edodo, entre as 10h00 e as 22h00, n\u00e3o poder\u00e1 continuar de carro no \u00faltimo tro\u00e7o da estrada MA 2210.<\/p>\n\n<p>No Mirador de ES COLOMER, encontrar\u00e1 um amplo parque de estacionamento e o acesso ao Faro de Formentor \u00e9 poss\u00edvel a p\u00e9, de bicicleta ou de transportes p\u00fablicos.<br\/>Fora deste hor\u00e1rio, pode chegar de carro.<\/p>\n\n<figure class=\"wp-block-image\"><img decoding=\"async\" src=\"https:\/\/photos.smugmug.com\/Travel\/Mallorca\/Es-Colomer\/i-4XGHhfz\/1\/750682e2\/L\/Mirador_Colomer_Formentor_Mallorca-052889-L.jpg\" alt=\"Formentor\" title=\"Formentor\"\/><\/figure>\n\n<div style=\"margin-top:8%;margin-bottom:8%\" class=\"wp-block-genesis-blocks-gb-container box gb-block-container\"><div class=\"gb-container-inside\"><div class=\"gb-container-content\">\n<h5 class=\"wp-block-heading box_titre_activite\">Onde ficar em Maiorca?<\/h5>\n\n\n\n<div class=\"wp-block-columns box_colonne inverse is-layout-flex wp-container-core-columns-is-layout-9d6595d7 wp-block-columns-is-layout-flex\">\n<div class=\"wp-block-column colonne is-layout-flow wp-block-column-is-layout-flow\" style=\"flex-basis:75%\">\n<p class=\"box_intro\">Os meus favoritos:<\/p>\n\n\n\n<ul class=\"box_liste wp-block-list\">\n<li>Escolha de restaurantes + cidade principal: <a href=\"https:\/\/www.booking.com\/searchresults.en.html?city=-395224&amp;nflt=review_score%253D90&amp;aid=1164282&amp;no_rooms=1&amp;group_adults=2&amp;label=mallorca\" target=\"_blank\" rel=\"noreferrer noopener\">veja as op\u00e7\u00f5es mais bem avaliadas em Palma<\/a><\/li>\n\n\n\n<li>Praia + localiza\u00e7\u00e3o pr\u00e1tica para explorar: <a href=\"https:\/\/www.booking.com\/searchresults.en.html?city=-381100&amp;nflt=review_score%253D90&amp;aid=1164282&amp;no_rooms=1&amp;group_adults=2&amp;label=mallorca\" target=\"_blank\" rel=\"noreferrer noopener\">veja as op\u00e7\u00f5es mais bem avaliadas em Port d&#8217;Alcudia<\/a><\/li>\n\n\n\n<li>\u00c1rea de festas &#8211; <a href=\"https:\/\/www.booking.com\/searchresults.en.html?city=-380228&amp;nflt=review_score%253D90&amp;aid=1164282&amp;no_rooms=1&amp;group_adults=2&amp;label=mallorca\" target=\"_blank\" rel=\"noreferrer noopener\">veja as op\u00e7\u00f5es mais bem avaliadas em S&#8217;Arenal<\/a><\/li>\n\n\n\n<li>Tranquilidade nas montanhas &#8211; <a href=\"https:\/\/www.booking.com\/searchresults.en.html?city=-406234&amp;nflt=review_score%253D90&amp;aid=1164282&amp;no_rooms=1&amp;group_adults=2&amp;label=mallorca\" target=\"_blank\" rel=\"noreferrer noopener\">veja as op\u00e7\u00f5es mais bem avaliadas em Valldemossa<\/a><\/li>\n\n\n\n<li>Local tranquilo e encantador \u00e0 beira-mar &#8211; <a href=\"https:\/\/www.booking.com\/searchresults.en.html?city=900039215&amp;nflt=review_score%253D90&amp;aid=1164282&amp;no_rooms=1&amp;group_adults=2&amp;label=mallorca\" target=\"_blank\" rel=\"noreferrer noopener\">veja as op\u00e7\u00f5es mais bem avaliadas em Canyamel<\/a><\/li>\n\n\n\n<li>Acesso \u00e0s melhores calas &#8211; <a href=\"https:\/\/www.booking.com\/searchresults.en.html?city=900039122&amp;nflt=review_score%253D90&amp;aid=1164282&amp;no_rooms=1&amp;group_adults=2&amp;label=mallorca\" target=\"_blank\" rel=\"noreferrer noopener\">consulte as op\u00e7\u00f5es mais bem classificadas em Cala d&#8217;or<\/a><\/li>\n\n\n\n<li>Fam\u00edlias &#8211; <a href=\"https:\/\/www.booking.com\/searchresults.en.html?city=-374964&amp;nflt=review_score%253D90&amp;aid=1164282&amp;no_rooms=1&amp;group_adults=2&amp;label=mallorca\" target=\"_blank\" rel=\"noreferrer noopener\">veja as op\u00e7\u00f5es mais bem cotadas em Cala Millor<\/a> ou em <a href=\"https:\/\/www.booking.com\/searchresults.en.html?city=900039294&amp;nflt=review_score%253D90&amp;aid=1164282&amp;no_rooms=1&amp;group_adults=2&amp;label=mallorca\" target=\"_blank\" rel=\"noreferrer noopener\">Colonia Sant Jordi<\/a><\/li>\n<\/ul>\n\n\n\n<div class=\"wp-block-buttons box_bouton box_colonne_bouton_ebook box_barre_boutons is-content-justification-left is-layout-flex wp-container-core-buttons-is-layout-fdcfc74e wp-block-buttons-is-layout-flex\">\n<div class=\"wp-block-button box_bouton\"><a class=\"wp-block-button__link wp-element-button\" href=\"https:\/\/www.zigzagonearth.com\/where-to-stay-mallorca-best-areas\/\" target=\"_blank\" rel=\"noreferrer noopener\">Veja o nosso artigo sobre onde ficar  <span class=\"box_bouton_image\"><img decoding=\"async\" style=\"width: 14px; height:14px;  \" src=\"https:\/\/www.zigzagonearth.com\/wp-content\/uploads\/2023\/08\/fleche.png\" alt=\"\"\/><\/span><span class=\"box_bouton_image\"><\/span><\/a><\/div>\n<\/div>\n<\/div>\n\n\n\n<div class=\"wp-block-column is-vertically-aligned-top colonne box_activite_img is-layout-flow wp-block-column-is-layout-flow\" style=\"flex-basis:25%\"><div class=\"wp-block-image\">\n<figure class=\"aligncenter size-large\"><img decoding=\"async\" src=\"https:\/\/photos.smugmug.com\/Travel\/Mallorca\/Hotels\/i-dgbp8xw\/1\/7e887566\/L\/PA147529-L.jpg\" alt=\"Quinta em Maiorca\"\/><\/figure>\n<\/div><\/div>\n<\/div>\n<\/div><\/div><\/div>\n\n<h2 class=\"wp-block-heading\" id=\"t-1768389654503\">Praias, enseadas e ambiente marinho<\/h2>\n\n<p>Esta \u00e9 provavelmente a mudan\u00e7a mais vis\u00edvel na sua experi\u00eancia de praia.<\/p>\n\n<p>Em 2024-2025, o litoral espanhol registou um aumento acentuado de avistamentos de medusas, nomeadamente da chamada medusa &#8220;ovo frito&#8221; (Cotylorhiza tuberculata) e da medusa portuguesa, com um aumento das consultas m\u00e9dicas por picadas.<\/p>\n\n<p>Esta tend\u00eancia, ligada ao aumento da temperatura do mar, \u00e0 sobrepesca e \u00e0s altera\u00e7\u00f5es do ecossistema, n\u00e3o se inverteu em 2026. Pelo contr\u00e1rio, as autoridades est\u00e3o a comunicar mais sobre o assunto e algumas praias t\u00eam sinaliza\u00e7\u00e3o espec\u00edfica. <\/p>\n\n<p>Para si, em 2026, a novidade \u00e9 que j\u00e1 n\u00e3o basta olhar para a cor da bandeira: Recomendo que adquira o h\u00e1bito de consultar ferramentas como a MedusApp, que lista os avistamentos de medusas em tempo real, antes de escolher a sua praia para o dia.<\/p>\n\n<p>Veja o nosso artigo sobre <a href=\"https:\/\/www.zigzagonearth.com\/pt-pt\/melhores-praias-maiorca\/\" target=\"_blank\" rel=\"noreferrer noopener\">as praias mais bonitas de Maiorca<\/a>.<\/p>\n\n<figure class=\"wp-block-image\"><img decoding=\"async\" src=\"https:\/\/photos.smugmug.com\/Travel\/Mallorca\/Calo-del-Moro-S-Almonia\/i-sNzBSv2\/2\/a4db59bc\/L\/Calo_Del_Moro_Mallorca-189283-L.jpg\" alt=\" Calo des Moro \" title=\" Calo des Moro \"\/><\/figure>\n\n<h2 class=\"wp-block-heading\" id=\"t-1768389654501\">Viajar para Maiorca em 2026<\/h2>\n\n<p>O aeroporto Son Sant Joan sempre foi enorme, mas o que vai mudar em 2026 \u00e9 o n\u00edvel de tr\u00e1fego.<\/p>\n\n<p>Logo no in\u00edcio de 2026, o operador aeroportu\u00e1rio espanhol bateu um recorde com mais de 10 900 voos comerciais num \u00fanico fim de semana em toda a sua rede, um desempenho que reflecte o aumento das liga\u00e7\u00f5es a hubs como Maiorca.<\/p>\n\n<p>Para si, em termos concretos, isto significa mais frequ\u00eancias, mais lugares e uma maior press\u00e3o nas faixas hor\u00e1rias &#8220;interessantes&#8221; (fins-de-semana, f\u00e9rias escolares), o que significa que ter\u00e1 de reservar os seus bilhetes ainda mais cedo do que antes.<\/p>\n\n<p><strong>Est\u00e1 na altura de reservar!<\/strong><\/p>\n\n<p><a href=\"https:\/\/skyscanner.pxf.io\/dONaXy\" target=\"_blank\" rel=\"noreferrer noopener sponsored nofollow\"><strong>Compare tudo: companhias a\u00e9reas, pre\u00e7os, hor\u00e1rios e disponibilidade.<\/strong><\/a><\/p>\n\n<figure class=\"wp-block-image\"><img decoding=\"async\" src=\"https:\/\/photos.smugmug.com\/Travel\/Mallorca\/16b-Mallorca-Airport\/i-VBXC7Vp\/0\/226412d4\/L\/Mallorca_Airport-1332-L.jpg\" alt=\"Avi&#xE3;o sobre Mallorca\" title=\"Avia&#xE7;&#xE3;o ao servi&#xE7;o de MAJORQUE\"\/><\/figure>\n\n<h2 class=\"wp-block-heading\" id=\"t-1768389654502\">Getting around Mallorca<\/h2>\n\n<h3 class=\"wp-block-heading\">Autocarro<\/h3>\n\n<p>Em termos de transportes locais, vejo uma melhoria real em compara\u00e7\u00e3o com os tempos pr\u00e9-COVID: a rede <strong>TIB<\/strong> foi reestruturada e promovida, com centros interurbanos, rotas mais f\u00e1ceis de utilizar e uma comunica\u00e7\u00e3o mais clara, incluindo para os visitantes que n\u00e3o falam espanhol.<\/p>\n\n<p>Em 2026, ser\u00e1 muito mais realista imaginar uma viagem em que se combinam autocarros interurbanos, algumas viagens em ve\u00edculos de aluguer privados\/t\u00e1xi e, eventualmente, um pouco de caminhada, quando h\u00e1 alguns anos o autom\u00f3vel parecia quase indispens\u00e1vel.<\/p>\n\n<h3 class=\"wp-block-heading\">Alugar um carro e conduzir em Maiorca<\/h3>\n\n<p>N\u00e3o foram identificadas altera\u00e7\u00f5es significativas em 2026 no que respeita \u00e0s estradas ou \u00e0s regras de tr\u00e2nsito. As infra-estruturas rodovi\u00e1rias permanecem est\u00e1veis, embora o aumento do tr\u00e1fego relacionado com o turismo crie congestionamentos durante a hora de ponta, especialmente quando se sai do Funchal para fazer caminhadas. <\/p>\n\n<p>Continuo a achar que vale mesmo a pena alugar um carro para explorar toda a ilha!<\/p>\n\n<p>Consulte o meu artigo sobre a <a href=\"https:\/\/www.zigzagonearth.com\/pt-pt\/conduzir-maiorca-conselhos\/\" target=\"_blank\" rel=\"noreferrer noopener\">condu\u00e7\u00e3o em Maiorca<\/a>.<br\/>E actualizei o meu artigo sobre o <a href=\"https:\/\/www.zigzagonearth.com\/pt-pt\/como-alugar-carro-maiorca-dicas\/\" target=\"_blank\" rel=\"noreferrer noopener\">aluguer de um carro em Maiorca em 2026<\/a>, com as minhas recomenda\u00e7\u00f5es de ag\u00eancias.<\/p>\n\n<h3 class=\"wp-block-heading\">Uber e Bolt<\/h3>\n\n<p>Estes servi\u00e7os est\u00e3o a funcionar em Maiorca desde janeiro de 2025, cobrindo Palma e a costa sul, incluindo o aeroporto. Aprecio muito a comodidade de poder reservar diretamente atrav\u00e9s da aplica\u00e7\u00e3o para viagens pontuais em <\/p>\n\n<figure class=\"wp-block-image\"><img decoding=\"async\" src=\"https:\/\/photos.smugmug.com\/Travel\/Mallorca\/5f-Embalse-Cuber-Gorg-Blau\/i-jmGTx5z\/1\/2a8fa0d0\/L\/Gorg_Blau_Mallorca-084718-L.jpg\" alt=\"o meu carro de aluguer em Mallorca\" title=\"a sua viatura de aluguer em Majorque\"\/><\/figure>\n\n<div style=\"margin-top:8%;margin-bottom:8%\" class=\"wp-block-genesis-blocks-gb-container box gb-block-container\"><div class=\"gb-container-inside\"><div class=\"gb-container-content\">\n<div class=\"wp-block-columns box_colonne is-layout-flex wp-container-core-columns-is-layout-9d6595d7 wp-block-columns-is-layout-flex\">\n<div class=\"wp-block-column colonne is-layout-flow wp-block-column-is-layout-flow\" style=\"flex-basis:66.6%\">\n<h5 class=\"wp-block-heading box_titre\">Precisa de alugar um carro em Mallorca?<\/h5>\n\n\n\n<p class=\"box_intro\">As minhas dicas:<\/p>\n\n\n\n<ul class=\"box_liste wp-block-list\" style=\"font-size:16px\">\n<li>Compare os pre\u00e7os na minha plataforma favorita: <a href=\"https:\/\/www.discovercars.com\/pt\/spain-balearic-islands\/mallorca?a_aid=zigzag&amp;chan=ZZ_Mallorca\" target=\"_blank\" rel=\"noreferrer noopener sponsored nofollow\">\n  <span style=\"text-decoration: underline;\">Discovercars.com<\/span>\n<\/a> &#8211; um dos s\u00edtios de compara\u00e7\u00e3o mais bem classificados!<\/li>\n\n\n\n<li>N\u00e3o escolha um carro demasiado grande, pois algumas estradas s\u00e3o muito estreitas<\/li>\n\n\n\n<li>Considere a sua op\u00e7\u00e3o de cobertura total &#8211; para sua tranquilidade!  <\/li>\n\n\n\n<li><span style=\"text-decoration: underline;\">Reserve com anteced\u00eancia<\/span> para ter uma grande escolha de ve\u00edculos!<\/li>\n<\/ul>\n\n\n\n<div class=\"wp-block-columns box_barre_boutons is-layout-flex wp-container-core-columns-is-layout-9d6595d7 wp-block-columns-is-layout-flex\">\n<div class=\"wp-block-column is-vertically-aligned-center box_col_conseil is-layout-flow wp-block-column-is-layout-flow\">\n<p class=\"box_lien\"><a href=\"https:\/\/www.zigzagonearth.com\/renting-car-mallorca-tips\/\" target=\"_blank\" rel=\"noreferrer noopener\">Veja todas as minhas dicas<\/a><\/p>\n<\/div>\n\n\n\n<div class=\"wp-block-column box_col_bouton is-layout-flow wp-block-column-is-layout-flow\">\n<div class=\"wp-block-buttons box_bouton is-content-justification-left is-layout-flex wp-container-core-buttons-is-layout-fdcfc74e wp-block-buttons-is-layout-flex\">\n<div class=\"wp-block-button box_bouton\"><a class=\"wp-block-button__link wp-element-button\" href=\"https:\/\/www.discovercars.com\/pt\/spain-balearic-islands\/mallorca?a_aid=zigzag&amp;amp;chan=ZZ_Mallorca\" target=\"_blank\" rel=\"noreferrer noopener\">Veja os carros dispon\u00edveis  <span class=\"box_bouton_image\"><img decoding=\"async\" style=\"width: 14px; height:14px;  \" src=\"https:\/\/www.zigzagonearth.com\/wp-content\/uploads\/2023\/08\/fleche.png\" alt=\"\"\/><\/span><\/a><\/div>\n<\/div>\n<\/div>\n<\/div>\n<\/div>\n\n\n\n<div class=\"wp-block-column colonne box_cafe_img is-layout-flow wp-block-column-is-layout-flow\" style=\"flex-basis:33.33%\"><div class=\"wp-block-image\">\n<figure class=\"aligncenter size-large is-resized\"><img loading=\"lazy\" decoding=\"async\" src=\"https:\/\/www.zigzagonearth.com\/wp-content\/uploads\/2023\/08\/003world-travel-car-01-1024x1024.webp\" alt=\"\" class=\"wp-image-16227\" style=\"width:288px;height:288px\" width=\"288\" height=\"288\" srcset=\"https:\/\/www.zigzagonearth.com\/wp-content\/uploads\/2023\/08\/003world-travel-car-01-1024x1024.webp 1024w, https:\/\/www.zigzagonearth.com\/wp-content\/uploads\/2023\/08\/003world-travel-car-01-300x300.webp 300w, https:\/\/www.zigzagonearth.com\/wp-content\/uploads\/2023\/08\/003world-travel-car-01-150x150.webp 150w, https:\/\/www.zigzagonearth.com\/wp-content\/uploads\/2023\/08\/003world-travel-car-01-768x768.webp 768w, https:\/\/www.zigzagonearth.com\/wp-content\/uploads\/2023\/08\/003world-travel-car-01-1536x1536.webp 1536w, https:\/\/www.zigzagonearth.com\/wp-content\/uploads\/2023\/08\/003world-travel-car-01-2048x2048.webp 2048w, https:\/\/www.zigzagonearth.com\/wp-content\/uploads\/2023\/08\/003world-travel-car-01-100x100.webp 100w, https:\/\/www.zigzagonearth.com\/wp-content\/uploads\/2023\/08\/003world-travel-car-01-600x600.webp 600w\" sizes=\"auto, (max-width: 288px) 100vw, 288px\" \/><\/figure>\n<\/div><\/div>\n<\/div>\n<\/div><\/div><\/div>\n\n<h2 class=\"wp-block-heading\" id=\"t-1768389654497\">Novos hot\u00e9is e reposicionamento da oferta<\/h2>\n\n<p>Esta \u00e9 provavelmente a mudan\u00e7a mais vis\u00edvel se, como eu, acompanhar de perto o sector hoteleiro.<\/p>\n\n<p>Em 2025, a Ilunion refor\u00e7ou a sua presen\u00e7a em Maiorca com a abertura de um grande hotel em Palmanova (Calvi\u00e0): cerca de 256 quartos em 16.000 m\u00b2, com v\u00e1rias piscinas, um spa, restaurantes e, sobretudo, certifica\u00e7\u00f5es de sustentabilidade como BREEAM e Biosphere, que j\u00e1 n\u00e3o s\u00e3o apenas um truque de marketing, mas uma norma que est\u00e1 a ser promovida.  <a href=\"https:\/\/www.booking.com\/hotel\/es\/torrenova.html?aid=1164282\" target=\"_blank\" rel=\"noreferrer noopener sponsored nofollow\">Ver fotografias e disponibilidade<\/a><\/p>\n\n<p>O Four Seasons Formentor reabriu as suas portas em 2025 &#8211; <a href=\"https:\/\/www.booking.com\/hotel\/es\/four-seasons-resort-mallorca-at-formentor.html?aid=1164282\" target=\"_blank\" rel=\"noreferrer noopener sponsored nofollow\">Ver fotos e disponibilidade<\/a><\/p>\n\n<p>O novo boutique hotel Cas Catal\u00e0 em Sineu abriu as suas portas com grande charme &#8211; <a href=\"https:\/\/www.booking.com\/hotel\/es\/cas-catala-sineu.html?aid=1164282\" target=\"_blank\" rel=\"noreferrer noopener sponsored nofollow\">Ver fotos e disponibilidade<\/a><\/p>\n\n<p>Para 2026, est\u00e3o confirmados v\u00e1rios projectos de topo de gama na ilha: hot\u00e9is boutique de luxo e resorts apoiados por marcas internacionais (incluindo um resort sob a marca Destination by Hyatt em Maiorca), o que demonstra claramente uma tend\u00eancia de luxo e um interesse renovado na ilha por parte de grandes grupos.<\/p>\n\n<p>Simultaneamente, grandes operadores, como a RIU Hotels &amp; Resorts, comprometeram-se a atingir um objetivo de 100% de eletricidade renov\u00e1vel produzida localmente para os seus estabelecimentos nas Ilhas Baleares durante o per\u00edodo 2025-2027, com base no parque tecnol\u00f3gico de Maiorca.<\/p>\n\n<p>Para mais ideias, consulte os meus artigos:<\/p>\n\n<p><a href=\"https:\/\/www.zigzagonearth.com\/pt-pt\/onde-ficar-mallorca-melhores-areas\/\" target=\"_blank\" rel=\"noreferrer noopener\">Onde ir em Maiorca (e onde ficar)?<\/a><br\/><a href=\"https:\/\/www.zigzagonearth.com\/pt-pt\/onde-ficar-palma-mallorca-melhores-hoteis\/\" target=\"_blank\" rel=\"noreferrer noopener\">Onde ficar em Palma de Mallorca: bairros e hot\u00e9is<\/a><\/p>\n\n<figure class=\"wp-block-image\"><img decoding=\"async\" src=\"https:\/\/photos.smugmug.com\/Travel\/Mallorca\/Colonia-de-Sant-Jordi\/i-skSpFm3\/3\/af44067b\/L\/Colonia_de_Sant_Jordi_Mallorca-189362-L.jpg\" alt=\"Col&#xF3;nia Sant Jordi \" title=\"Col&#xF3;nia Sant Jordi \"\/><\/figure>\n\n<h2 class=\"wp-block-heading\" id=\"t-1768389654504\">Situa\u00e7\u00e3o do turismo em Maiorca em 2026<\/h2>\n\n<h3 class=\"wp-block-heading\">N\u00fameros de visitantes<\/h3>\n\n<p>Em 2024, Maiorca acolheu 13,4 milh\u00f5es de turistas.<\/p>\n\n<p>Em 2025, o turismo em Maiorca regista um ligeiro aumento, mas este parece estar mais relacionado com a &#8220;visita a amigos e familiares&#8221;.<\/p>\n\n<h3 class=\"wp-block-heading\">Turismo sustent\u00e1vel<\/h3>\n\n<p>Nos \u00faltimos anos, Maiorca fez uma clara mudan\u00e7a para o turismo sustent\u00e1vel.<\/p>\n\n<p>O Observat\u00f3rio do Turismo Sustent\u00e1vel monitoriza o impacto do turismo e informa as pol\u00edticas p\u00fablicas, com mais de 100 milh\u00f5es de euros provenientes da taxa tur\u00edstica j\u00e1 investidos em projectos de recupera\u00e7\u00e3o de trilhos e de prote\u00e7\u00e3o de zonas naturais e do patrim\u00f3nio, cujos efeitos s\u00e3o hoje vis\u00edveis no terreno.<\/p>\n\n<p>Em 2026, ver\u00e1 mais sinais explicativos, \u00e1reas restritas, mensagens sobre \u00e1gua, res\u00edduos e respeito pelos trilhos marcados do que teria visto numa visita antes de 2020.<\/p>\n\n<p>Em 2025, as autoridades lan\u00e7aram o Mallorca Pledge, um pacto moral proposto aos visitantes: viaje como se estivesse em casa, limitando o seu impacto, apoiando as empresas locais e respeitando as regras ambientais.<a class=\"\" href=\"https:\/\/www.reis.no\/fr\/2025\/07\/mallorca-barekraftig-reisemaal-mallorca-pledge\/\" target=\"_blank\" rel=\"noreferrer noopener\"><\/a><\/p>\n\n<figure class=\"wp-block-image\"><img decoding=\"async\" src=\"https:\/\/photos.smugmug.com\/Travel\/Mallorca\/Albercutx-Tower\/i-CPzgbzJ\/1\/0a6bc2a2\/L\/Albercutx_Tower_Formentor_Mallorca-053080-L.jpg\" alt=\"Cabo Formentor\" title=\"Cap Formentor\"\/><\/figure>\n\n<h2 class=\"wp-block-heading\" id=\"t-1768389654500\">Eventos em 2026:  <\/h2>\n\n<p>Todos os anos h\u00e1 eventos importantes, mas certos acontecimentos em 2026 podem influenciar claramente a sua escolha de datas para a sua estadia.<\/p>\n\n<p>12-14 de junho &#8211; O <strong>Festival Mallorca Live<\/strong> regressa em 2026 como um dos principais destaques musicais da ilha, com uma programa\u00e7\u00e3o electro e pop orientada para um p\u00fablico internacional e cabe\u00e7as de cartaz amplamente divulgados.<\/p>\n\n<p>Caso contr\u00e1rio, tem:<br\/>&#8211; Festa de Sant Sebastia em janeiro<br\/>&#8211; Carnaval de Sa Rua em fevereiro, com o desfile de Carnaval de S&#8217;Arenal a 14 de fevereiro.<br\/>&#8211; O dia 1 de mar\u00e7o \u00e9 o Dia das Ilhas Baleares<\/p>\n\n<hr class=\"wp-block-separator has-alpha-channel-opacity\"\/>\n\n<div style=\"margin-top:8%;margin-bottom:8%\" class=\"wp-block-genesis-blocks-gb-container box gb-block-container\"><div class=\"gb-container-inside\"><div class=\"gb-container-content\">\n<p><strong>Planeie a sua viagem a Maiorca:<\/strong><\/p>\n\n\n\n<div class=\"wp-block-columns box_colonne_cc is-layout-flex wp-container-core-columns-is-layout-9d6595d7 wp-block-columns-is-layout-flex\">\n<div class=\"wp-block-column box_picto_c is-layout-flow wp-block-column-is-layout-flow\" style=\"flex-basis:5%\">\n<figure class=\"wp-block-image size-full is-resized box_picto\"><img loading=\"lazy\" decoding=\"async\" src=\"http:\/\/www.zigzagonearth.com\/wp-content\/uploads\/2023\/08\/&#x1F697;.png\" alt=\"\" class=\"wp-image-16341\" style=\"width:30px;height:31px\" width=\"30\" height=\"31\"\/><\/figure>\n<\/div>\n\n\n\n<div class=\"wp-block-column is-layout-flow wp-block-column-is-layout-flow\" style=\"flex-basis:95%\">\n<ul class=\"wp-block-list\">\n<li>Os meus itiner\u00e1rios: <a class=\"\" href=\"https:\/\/www.zigzagonearth.com\/2-3-days-mallorca-weekend\/\" target=\"_blank\" rel=\"noreferrer noopener\">3 dias &#8211; fim de semana<\/a>, <a class=\"\" href=\"https:\/\/www.zigzagonearth.com\/4-days-mallorca-itinerary\/\" target=\"_blank\" rel=\"noreferrer noopener\">4 dias<\/a>, <a class=\"\" href=\"https:\/\/www.zigzagonearth.com\/5-days-mallorca-itinerary\/\" target=\"_blank\" rel=\"noreferrer noopener\">5 dias<\/a>, <a class=\"\" href=\"https:\/\/www.zigzagonearth.com\/one-week-madeira-7-day-itinerary\/\" target=\"_blank\" rel=\"noreferrer noopener\">1 semana<\/a>, <a href=\"https:\/\/www.zigzagonearth.com\/10-days-mallorca-2-weeks-itinerary\/\" target=\"_blank\" rel=\"noreferrer noopener\">10 dias<\/a><\/li>\n\n\n\n<li><a class=\"\" href=\"https:\/\/www.zigzagonearth.com\/renting-car-mallorca-tips\/\" target=\"_blank\" rel=\"noreferrer noopener\">36 conselhos para alugar um carro em Maiorca<\/a><\/li>\n\n\n\n<li><a class=\"\" href=\"https:\/\/www.zigzagonearth.com\/driving-mallorca-tips\/\" target=\"_blank\" rel=\"noreferrer noopener\">Guia para conduzir em Maiorca<\/a><\/li>\n\n\n\n<li><a class=\"\" href=\"https:\/\/www.zigzagonearth.com\/where-to-stay-mallorca-best-areas\/\" target=\"_blank\" rel=\"noreferrer noopener\">Onde ficar em Mallorca<\/a><\/li>\n\n\n\n<li><a href=\"https:\/\/www.zigzagonearth.com\/where-stay-palma-mallorca-best-hotels\/\" target=\"_blank\" class=\"\" rel=\"noreferrer noopener\">Onde ficar em Palma de Maiorca<\/a><\/li>\n\n\n\n<li><a class=\"\" href=\"https:\/\/zigzagonearth.com\/best-things-do-mallorca\/\" target=\"_blank\" rel=\"noreferrer noopener\">As melhores coisas para fazer em Mallorca<\/a><\/li>\n<\/ul>\n<\/div>\n<\/div>\n<\/div><\/div><\/div>\n\n<div style=\"margin-top:8%;margin-bottom:8%\" class=\"wp-block-genesis-blocks-gb-container box_ebook gb-block-container\"><div class=\"gb-container-inside\"><div class=\"gb-container-content\">\n<h5 class=\"wp-block-heading box_titre_ebook\">Planeie a sua viagem de sonho em <strong>Maiorca<\/strong> gra\u00e7as ao meu guia (apenas em ingl\u00eas)<\/h5>\n\n\n\n<div class=\"wp-block-columns box_colonnes_ebook is-layout-flex wp-container-core-columns-is-layout-9d6595d7 wp-block-columns-is-layout-flex\">\n<div class=\"wp-block-column is-layout-flow wp-block-column-is-layout-flow\">\n<figure class=\"wp-block-image size-large img_ebook\"><a href=\"https:\/\/www.zigzagonearth.com\/photograph-mallorca-travel-guide\/\"><img decoding=\"async\" src=\"https:\/\/www.zigzagonearth.com\/wp-content\/uploads\/2021\/11\/Travel-Guide-Mallorca-ebook-cover-S2.jpg\" alt=\"Guia de Viagem eBook Mallorca\"\/><\/a><\/figure>\n<\/div>\n\n\n\n<div class=\"wp-block-column is-layout-flow wp-block-column-is-layout-flow\">\n<ul class=\"box_liste wp-block-list\" style=\"font-size:16px\">\n<li>8 mapas para planear facilmente o seu itiner\u00e1rio<\/li>\n\n\n\n<li>Mais de 140 locais pr\u00e9-seleccionados<\/li>\n\n\n\n<li>GPS + dicas para aproveitar o seu tempo ao m\u00e1ximo<\/li>\n\n\n\n<li>Dicas de planeamento<\/li>\n\n\n\n<li>Mais de 270 fotografias originais para o ajudar a escolher<\/li>\n<\/ul>\n\n\n\n<div class=\"wp-block-buttons box_colonne_bouton_ebook is-content-justification-left is-layout-flex wp-container-core-buttons-is-layout-fdcfc74e wp-block-buttons-is-layout-flex\">\n<div class=\"wp-block-button box_bouton box_bouton_ebook\"><a class=\"wp-block-button__link wp-element-button\" href=\"https:\/\/www.zigzagonearth.com\/photograph-mallorca-travel-guide\/\" target=\"_blank\" rel=\"noreferrer noopener\">Descubra-o! (s\u00f3 em ingl\u00eas)<span class=\"box_bouton_image\"><\/span><\/a><\/div>\n<\/div>\n<\/div>\n<\/div>\n<\/div><\/div><\/div>\n","protected":false},"excerpt":{"rendered":"<p>Est\u00e1 a pensar ou a planear uma viagem a Maiorca em 2026? Reuni um resumo de tudo o que est\u00e1 a mudar e tudo o que precisa de saber sobre este ano: acessos, aberturas, encerramentos, turismo em geral, novos hot\u00e9is e muito mais. Eis tudo o que vai mudar para a sua viagem a Maiorca [&hellip;]<\/p>\n","protected":false},"author":1,"featured_media":72150,"comment_status":"closed","ping_status":"closed","sticky":false,"template":"","format":"standard","meta":{"_genesis_hide_title":false,"_genesis_hide_breadcrumbs":false,"_genesis_hide_singular_image":false,"_genesis_hide_footer_widgets":false,"_genesis_custom_body_class":"","_genesis_custom_post_class":"","_genesis_layout":"full-width-content","footnotes":""},"categories":[880],"tags":[],"class_list":{"0":"post-72163","1":"post","2":"type-post","3":"status-publish","4":"format-standard","5":"has-post-thumbnail","7":"category-maiorca-pt-pt","8":"entry"},"yoast_head":"<!-- This site is optimized with the Yoast SEO plugin v27.2 - https:\/\/yoast.com\/product\/yoast-seo-wordpress\/ -->\n<title>Viajar por Maiorca em 2026: o que h\u00e1 de novo?<\/title>\n<meta name=\"description\" content=\"Tudo o que precisa de saber para viajar para Maiorca em 2026: novidades, aberturas, encerramentos, altera\u00e7\u00f5es das condi\u00e7\u00f5es, etc.\" \/>\n<meta name=\"robots\" content=\"index, follow, max-snippet:-1, max-image-preview:large, max-video-preview:-1\" \/>\n<link rel=\"canonical\" href=\"https:\/\/www.zigzagonearth.com\/pt-pt\/viajar-maiorca-2026-novo\/\" \/>\n<meta property=\"og:locale\" content=\"pt_PT\" \/>\n<meta property=\"og:type\" content=\"article\" \/>\n<meta property=\"og:title\" content=\"Viajar por Maiorca em 2026: o que h\u00e1 de novo?\" \/>\n<meta property=\"og:description\" content=\"Tudo o que precisa de saber para viajar para Maiorca em 2026: novidades, aberturas, encerramentos, altera\u00e7\u00f5es das condi\u00e7\u00f5es, etc.\" \/>\n<meta property=\"og:url\" content=\"https:\/\/www.zigzagonearth.com\/pt-pt\/viajar-maiorca-2026-novo\/\" \/>\n<meta property=\"og:site_name\" content=\"ZigZagonEarth\" \/>\n<meta property=\"article:publisher\" content=\"https:\/\/www.facebook.com\/zigzagonearth\" \/>\n<meta property=\"article:author\" content=\"https:\/\/www.facebook.com\/zigzagonearth\" \/>\n<meta property=\"article:published_time\" content=\"2026-01-19T08:53:48+00:00\" \/>\n<meta property=\"article:modified_time\" content=\"2026-01-19T09:10:49+00:00\" \/>\n<meta property=\"og:image\" content=\"https:\/\/www.zigzagonearth.com\/wp-content\/uploads\/2026\/01\/Viajar-pela-Mallorca-2026-novo.jpg\" \/>\n\t<meta property=\"og:image:width\" content=\"800\" \/>\n\t<meta property=\"og:image:height\" content=\"600\" \/>\n\t<meta property=\"og:image:type\" content=\"image\/jpeg\" \/>\n<meta name=\"author\" content=\"Claire\" \/>\n<meta name=\"twitter:card\" content=\"summary_large_image\" \/>\n<meta name=\"twitter:creator\" content=\"@ZigZagOnEarth\" \/>\n<meta name=\"twitter:site\" content=\"@ZigZagOnEarth\" \/>\n<meta name=\"twitter:label1\" content=\"Escrito por\" \/>\n\t<meta name=\"twitter:data1\" content=\"Claire\" \/>\n\t<meta name=\"twitter:label2\" content=\"Tempo estimado de leitura\" \/>\n\t<meta name=\"twitter:data2\" content=\"8 minutos\" \/>\n<script type=\"application\/ld+json\" class=\"yoast-schema-graph\">{\"@context\":\"https:\/\/schema.org\",\"@graph\":[{\"@type\":\"Article\",\"@id\":\"https:\/\/www.zigzagonearth.com\/pt-pt\/viajar-maiorca-2026-novo\/#article\",\"isPartOf\":{\"@id\":\"https:\/\/www.zigzagonearth.com\/pt-pt\/viajar-maiorca-2026-novo\/\"},\"author\":{\"name\":\"Claire\",\"@id\":\"https:\/\/www.zigzagonearth.com\/pt-pt\/#\/schema\/person\/0498142e0cb256f21659d85ef6bca599\"},\"headline\":\"Viajar por Maiorca em 2026: o que h\u00e1 de novo?\",\"datePublished\":\"2026-01-19T08:53:48+00:00\",\"dateModified\":\"2026-01-19T09:10:49+00:00\",\"mainEntityOfPage\":{\"@id\":\"https:\/\/www.zigzagonearth.com\/pt-pt\/viajar-maiorca-2026-novo\/\"},\"wordCount\":1549,\"image\":{\"@id\":\"https:\/\/www.zigzagonearth.com\/pt-pt\/viajar-maiorca-2026-novo\/#primaryimage\"},\"thumbnailUrl\":\"https:\/\/www.zigzagonearth.com\/wp-content\/uploads\/2026\/01\/Viajar-pela-Mallorca-2026-novo.jpg\",\"articleSection\":[\"Maiorca\"],\"inLanguage\":\"pt-PT\"},{\"@type\":\"WebPage\",\"@id\":\"https:\/\/www.zigzagonearth.com\/pt-pt\/viajar-maiorca-2026-novo\/\",\"url\":\"https:\/\/www.zigzagonearth.com\/pt-pt\/viajar-maiorca-2026-novo\/\",\"name\":\"Viajar por Maiorca em 2026: o que h\u00e1 de novo?\",\"isPartOf\":{\"@id\":\"https:\/\/www.zigzagonearth.com\/pt-pt\/#website\"},\"primaryImageOfPage\":{\"@id\":\"https:\/\/www.zigzagonearth.com\/pt-pt\/viajar-maiorca-2026-novo\/#primaryimage\"},\"image\":{\"@id\":\"https:\/\/www.zigzagonearth.com\/pt-pt\/viajar-maiorca-2026-novo\/#primaryimage\"},\"thumbnailUrl\":\"https:\/\/www.zigzagonearth.com\/wp-content\/uploads\/2026\/01\/Viajar-pela-Mallorca-2026-novo.jpg\",\"datePublished\":\"2026-01-19T08:53:48+00:00\",\"dateModified\":\"2026-01-19T09:10:49+00:00\",\"author\":{\"@id\":\"https:\/\/www.zigzagonearth.com\/pt-pt\/#\/schema\/person\/0498142e0cb256f21659d85ef6bca599\"},\"description\":\"Tudo o que precisa de saber para viajar para Maiorca em 2026: novidades, aberturas, encerramentos, altera\u00e7\u00f5es das condi\u00e7\u00f5es, etc.\",\"breadcrumb\":{\"@id\":\"https:\/\/www.zigzagonearth.com\/pt-pt\/viajar-maiorca-2026-novo\/#breadcrumb\"},\"inLanguage\":\"pt-PT\",\"potentialAction\":[{\"@type\":\"ReadAction\",\"target\":[\"https:\/\/www.zigzagonearth.com\/pt-pt\/viajar-maiorca-2026-novo\/\"]}]},{\"@type\":\"ImageObject\",\"inLanguage\":\"pt-PT\",\"@id\":\"https:\/\/www.zigzagonearth.com\/pt-pt\/viajar-maiorca-2026-novo\/#primaryimage\",\"url\":\"https:\/\/www.zigzagonearth.com\/wp-content\/uploads\/2026\/01\/Viajar-pela-Mallorca-2026-novo.jpg\",\"contentUrl\":\"https:\/\/www.zigzagonearth.com\/wp-content\/uploads\/2026\/01\/Viajar-pela-Mallorca-2026-novo.jpg\",\"width\":800,\"height\":600,\"caption\":\"Viajar pela Mallorca 2026 novo\"},{\"@type\":\"BreadcrumbList\",\"@id\":\"https:\/\/www.zigzagonearth.com\/pt-pt\/viajar-maiorca-2026-novo\/#breadcrumb\",\"itemListElement\":[{\"@type\":\"ListItem\",\"position\":1,\"name\":\"Home\",\"item\":\"https:\/\/www.zigzagonearth.com\/pt-pt\/\"},{\"@type\":\"ListItem\",\"position\":2,\"name\":\"Viajar por Maiorca em 2026: o que h\u00e1 de novo?\"}]},{\"@type\":\"WebSite\",\"@id\":\"https:\/\/www.zigzagonearth.com\/pt-pt\/#website\",\"url\":\"https:\/\/www.zigzagonearth.com\/pt-pt\/\",\"name\":\"ZigZagonEarth\",\"description\":\"Plan unforgettable road trips!\",\"potentialAction\":[{\"@type\":\"SearchAction\",\"target\":{\"@type\":\"EntryPoint\",\"urlTemplate\":\"https:\/\/www.zigzagonearth.com\/pt-pt\/?s={search_term_string}\"},\"query-input\":{\"@type\":\"PropertyValueSpecification\",\"valueRequired\":true,\"valueName\":\"search_term_string\"}}],\"inLanguage\":\"pt-PT\"},{\"@type\":\"Person\",\"@id\":\"https:\/\/www.zigzagonearth.com\/pt-pt\/#\/schema\/person\/0498142e0cb256f21659d85ef6bca599\",\"name\":\"Claire\",\"image\":{\"@type\":\"ImageObject\",\"inLanguage\":\"pt-PT\",\"@id\":\"https:\/\/secure.gravatar.com\/avatar\/7a2d4fe6757ab43d35e1680834ada7bf24e3ceccf01b37a8d65bfb7e69ce6271?s=96&d=blank&r=g\",\"url\":\"https:\/\/secure.gravatar.com\/avatar\/7a2d4fe6757ab43d35e1680834ada7bf24e3ceccf01b37a8d65bfb7e69ce6271?s=96&d=blank&r=g\",\"contentUrl\":\"https:\/\/secure.gravatar.com\/avatar\/7a2d4fe6757ab43d35e1680834ada7bf24e3ceccf01b37a8d65bfb7e69ce6271?s=96&d=blank&r=g\",\"caption\":\"Claire\"},\"description\":\"Claire is the ultimate Travel Planning Geek - She can spend hours, weeks, months... researching for a trip. She created ZigZag On Earth to help people plan their own travels and make the most of their time.\",\"sameAs\":[\"https:\/\/www.facebook.com\/zigzagonearth\"]}]}<\/script>\n<!-- \/ Yoast SEO plugin. -->","yoast_head_json":{"title":"Viajar por Maiorca em 2026: o que h\u00e1 de novo?","description":"Tudo o que precisa de saber para viajar para Maiorca em 2026: novidades, aberturas, encerramentos, altera\u00e7\u00f5es das condi\u00e7\u00f5es, etc.","robots":{"index":"index","follow":"follow","max-snippet":"max-snippet:-1","max-image-preview":"max-image-preview:large","max-video-preview":"max-video-preview:-1"},"canonical":"https:\/\/www.zigzagonearth.com\/pt-pt\/viajar-maiorca-2026-novo\/","og_locale":"pt_PT","og_type":"article","og_title":"Viajar por Maiorca em 2026: o que h\u00e1 de novo?","og_description":"Tudo o que precisa de saber para viajar para Maiorca em 2026: novidades, aberturas, encerramentos, altera\u00e7\u00f5es das condi\u00e7\u00f5es, etc.","og_url":"https:\/\/www.zigzagonearth.com\/pt-pt\/viajar-maiorca-2026-novo\/","og_site_name":"ZigZagonEarth","article_publisher":"https:\/\/www.facebook.com\/zigzagonearth","article_author":"https:\/\/www.facebook.com\/zigzagonearth","article_published_time":"2026-01-19T08:53:48+00:00","article_modified_time":"2026-01-19T09:10:49+00:00","og_image":[{"width":800,"height":600,"url":"https:\/\/www.zigzagonearth.com\/wp-content\/uploads\/2026\/01\/Viajar-pela-Mallorca-2026-novo.jpg","type":"image\/jpeg"}],"author":"Claire","twitter_card":"summary_large_image","twitter_creator":"@ZigZagOnEarth","twitter_site":"@ZigZagOnEarth","twitter_misc":{"Escrito por":"Claire","Tempo estimado de leitura":"8 minutos"},"schema":{"@context":"https:\/\/schema.org","@graph":[{"@type":"Article","@id":"https:\/\/www.zigzagonearth.com\/pt-pt\/viajar-maiorca-2026-novo\/#article","isPartOf":{"@id":"https:\/\/www.zigzagonearth.com\/pt-pt\/viajar-maiorca-2026-novo\/"},"author":{"name":"Claire","@id":"https:\/\/www.zigzagonearth.com\/pt-pt\/#\/schema\/person\/0498142e0cb256f21659d85ef6bca599"},"headline":"Viajar por Maiorca em 2026: o que h\u00e1 de novo?","datePublished":"2026-01-19T08:53:48+00:00","dateModified":"2026-01-19T09:10:49+00:00","mainEntityOfPage":{"@id":"https:\/\/www.zigzagonearth.com\/pt-pt\/viajar-maiorca-2026-novo\/"},"wordCount":1549,"image":{"@id":"https:\/\/www.zigzagonearth.com\/pt-pt\/viajar-maiorca-2026-novo\/#primaryimage"},"thumbnailUrl":"https:\/\/www.zigzagonearth.com\/wp-content\/uploads\/2026\/01\/Viajar-pela-Mallorca-2026-novo.jpg","articleSection":["Maiorca"],"inLanguage":"pt-PT"},{"@type":"WebPage","@id":"https:\/\/www.zigzagonearth.com\/pt-pt\/viajar-maiorca-2026-novo\/","url":"https:\/\/www.zigzagonearth.com\/pt-pt\/viajar-maiorca-2026-novo\/","name":"Viajar por Maiorca em 2026: o que h\u00e1 de novo?","isPartOf":{"@id":"https:\/\/www.zigzagonearth.com\/pt-pt\/#website"},"primaryImageOfPage":{"@id":"https:\/\/www.zigzagonearth.com\/pt-pt\/viajar-maiorca-2026-novo\/#primaryimage"},"image":{"@id":"https:\/\/www.zigzagonearth.com\/pt-pt\/viajar-maiorca-2026-novo\/#primaryimage"},"thumbnailUrl":"https:\/\/www.zigzagonearth.com\/wp-content\/uploads\/2026\/01\/Viajar-pela-Mallorca-2026-novo.jpg","datePublished":"2026-01-19T08:53:48+00:00","dateModified":"2026-01-19T09:10:49+00:00","author":{"@id":"https:\/\/www.zigzagonearth.com\/pt-pt\/#\/schema\/person\/0498142e0cb256f21659d85ef6bca599"},"description":"Tudo o que precisa de saber para viajar para Maiorca em 2026: novidades, aberturas, encerramentos, altera\u00e7\u00f5es das condi\u00e7\u00f5es, etc.","breadcrumb":{"@id":"https:\/\/www.zigzagonearth.com\/pt-pt\/viajar-maiorca-2026-novo\/#breadcrumb"},"inLanguage":"pt-PT","potentialAction":[{"@type":"ReadAction","target":["https:\/\/www.zigzagonearth.com\/pt-pt\/viajar-maiorca-2026-novo\/"]}]},{"@type":"ImageObject","inLanguage":"pt-PT","@id":"https:\/\/www.zigzagonearth.com\/pt-pt\/viajar-maiorca-2026-novo\/#primaryimage","url":"https:\/\/www.zigzagonearth.com\/wp-content\/uploads\/2026\/01\/Viajar-pela-Mallorca-2026-novo.jpg","contentUrl":"https:\/\/www.zigzagonearth.com\/wp-content\/uploads\/2026\/01\/Viajar-pela-Mallorca-2026-novo.jpg","width":800,"height":600,"caption":"Viajar pela Mallorca 2026 novo"},{"@type":"BreadcrumbList","@id":"https:\/\/www.zigzagonearth.com\/pt-pt\/viajar-maiorca-2026-novo\/#breadcrumb","itemListElement":[{"@type":"ListItem","position":1,"name":"Home","item":"https:\/\/www.zigzagonearth.com\/pt-pt\/"},{"@type":"ListItem","position":2,"name":"Viajar por Maiorca em 2026: o que h\u00e1 de novo?"}]},{"@type":"WebSite","@id":"https:\/\/www.zigzagonearth.com\/pt-pt\/#website","url":"https:\/\/www.zigzagonearth.com\/pt-pt\/","name":"ZigZagonEarth","description":"Plan unforgettable road trips!","potentialAction":[{"@type":"SearchAction","target":{"@type":"EntryPoint","urlTemplate":"https:\/\/www.zigzagonearth.com\/pt-pt\/?s={search_term_string}"},"query-input":{"@type":"PropertyValueSpecification","valueRequired":true,"valueName":"search_term_string"}}],"inLanguage":"pt-PT"},{"@type":"Person","@id":"https:\/\/www.zigzagonearth.com\/pt-pt\/#\/schema\/person\/0498142e0cb256f21659d85ef6bca599","name":"Claire","image":{"@type":"ImageObject","inLanguage":"pt-PT","@id":"https:\/\/secure.gravatar.com\/avatar\/7a2d4fe6757ab43d35e1680834ada7bf24e3ceccf01b37a8d65bfb7e69ce6271?s=96&d=blank&r=g","url":"https:\/\/secure.gravatar.com\/avatar\/7a2d4fe6757ab43d35e1680834ada7bf24e3ceccf01b37a8d65bfb7e69ce6271?s=96&d=blank&r=g","contentUrl":"https:\/\/secure.gravatar.com\/avatar\/7a2d4fe6757ab43d35e1680834ada7bf24e3ceccf01b37a8d65bfb7e69ce6271?s=96&d=blank&r=g","caption":"Claire"},"description":"Claire is the ultimate Travel Planning Geek - She can spend hours, weeks, months... researching for a trip. She created ZigZag On Earth to help people plan their own travels and make the most of their time.","sameAs":["https:\/\/www.facebook.com\/zigzagonearth"]}]}},"featured_image_src":"https:\/\/www.zigzagonearth.com\/wp-content\/uploads\/2026\/01\/Viajar-pela-Mallorca-2026-novo-600x400.jpg","featured_image_src_square":"https:\/\/www.zigzagonearth.com\/wp-content\/uploads\/2026\/01\/Viajar-pela-Mallorca-2026-novo-600x600.jpg","author_info":{"display_name":"Claire","author_link":"https:\/\/www.zigzagonearth.com\/pt-pt\/author\/zzoe\/"},"_links":{"self":[{"href":"https:\/\/www.zigzagonearth.com\/pt-pt\/wp-json\/wp\/v2\/posts\/72163","targetHints":{"allow":["GET"]}}],"collection":[{"href":"https:\/\/www.zigzagonearth.com\/pt-pt\/wp-json\/wp\/v2\/posts"}],"about":[{"href":"https:\/\/www.zigzagonearth.com\/pt-pt\/wp-json\/wp\/v2\/types\/post"}],"author":[{"embeddable":true,"href":"https:\/\/www.zigzagonearth.com\/pt-pt\/wp-json\/wp\/v2\/users\/1"}],"replies":[{"embeddable":true,"href":"https:\/\/www.zigzagonearth.com\/pt-pt\/wp-json\/wp\/v2\/comments?post=72163"}],"version-history":[{"count":0,"href":"https:\/\/www.zigzagonearth.com\/pt-pt\/wp-json\/wp\/v2\/posts\/72163\/revisions"}],"wp:featuredmedia":[{"embeddable":true,"href":"https:\/\/www.zigzagonearth.com\/pt-pt\/wp-json\/wp\/v2\/media\/72150"}],"wp:attachment":[{"href":"https:\/\/www.zigzagonearth.com\/pt-pt\/wp-json\/wp\/v2\/media?parent=72163"}],"wp:term":[{"taxonomy":"category","embeddable":true,"href":"https:\/\/www.zigzagonearth.com\/pt-pt\/wp-json\/wp\/v2\/categories?post=72163"},{"taxonomy":"post_tag","embeddable":true,"href":"https:\/\/www.zigzagonearth.com\/pt-pt\/wp-json\/wp\/v2\/tags?post=72163"}],"curies":[{"name":"wp","href":"https:\/\/api.w.org\/{rel}","templated":true}]}}