{"id":68239,"date":"2021-09-17T11:47:10","date_gmt":"2021-09-17T09:47:10","guid":{"rendered":"https:\/\/www.zigzagonearth.com\/achadas-da-cruz-teleferico-madeira\/"},"modified":"2023-11-01T11:22:13","modified_gmt":"2023-11-01T10:22:13","slug":"achadas-da-cruz-teleferico-madeira","status":"publish","type":"post","link":"https:\/\/www.zigzagonearth.com\/pt-pt\/achadas-da-cruz-teleferico-madeira\/","title":{"rendered":"Telef\u00e9rico das Achadas da Cruz (Madeira) &#8211; Dicas + Fotos"},"content":{"rendered":"\n<p class=\"has-text-align-left\"><strong>Descubra o telef\u00e9rico das Achadas da Cruz na Madeira:<\/strong><\/p>\n\n<ul class=\"wp-block-list\">\n<li><strong>Um passeio impressionante, um dos mais \u00edngremes da Europa<\/strong><\/li>\n\n\n\n<li><strong>Uma bela faj\u00e3 (terreno agr\u00edcola) no fundo das fal\u00e9sias<\/strong><\/li>\n\n\n\n<li><strong>e vistas magn\u00edficas sobre as fal\u00e9sias  <\/strong><\/li>\n<\/ul>\n\n<p class=\"has-text-align-left\"><strong>Abaixo est\u00e1 o meu guia para o ajudar a planear a sua visita com dicas, fotografias e mapa.<\/strong><\/p>\n\n<div style=\"margin-top:8%;margin-bottom:8%\" class=\"wp-block-genesis-blocks-gb-container box gb-block-container\"><div class=\"gb-container-inside\"><div class=\"gb-container-content\">\n<p class=\"box_titre_une\">Antes das minhas dicas + fotos, aqui est\u00e3o <u>os meus favoritos<\/u> para a Madeira:<\/p>\n\n\n\n<div class=\"wp-block-columns box_colonne_cc is-layout-flex wp-container-core-columns-is-layout-9d6595d7 wp-block-columns-is-layout-flex\">\n<div class=\"wp-block-column box_picto_c is-layout-flow wp-block-column-is-layout-flow\" style=\"flex-basis:5%\">\n<figure class=\"wp-block-image size-full is-resized box_picto\"><img loading=\"lazy\" decoding=\"async\" src=\"http:\/\/www.zigzagonearth.com\/wp-content\/uploads\/2023\/08\/&#x1F697;.png\" alt=\"\" class=\"wp-image-16341\" style=\"width:30px;height:31px\" width=\"30\" height=\"31\"\/><\/figure>\n<\/div>\n\n\n\n<div class=\"wp-block-column is-layout-flow wp-block-column-is-layout-flow\" style=\"flex-basis:95%\">\n<p class=\"box_lien_g\">A minha plataforma preferida para alugar um carro na Madeira: <a href=\"https:\/\/www.discovercars.com\/pt\/portugal\/madeira?a_aid=zigzag&amp;chan=ZZ_Madeira\" target=\"_blank\" rel=\"noreferrer noopener sponsored nofollow\">DiscoverCars<\/a><\/p>\n<\/div>\n<\/div>\n\n\n\n<div class=\"wp-block-columns box_colonne_cc is-layout-flex wp-container-core-columns-is-layout-9d6595d7 wp-block-columns-is-layout-flex\">\n<div class=\"wp-block-column box_picto_c is-layout-flow wp-block-column-is-layout-flow\" style=\"flex-basis:5%\">\n<figure class=\"wp-block-image size-full is-resized box_picto\"><img loading=\"lazy\" decoding=\"async\" src=\"http:\/\/www.zigzagonearth.com\/wp-content\/uploads\/2023\/08\/&#x1F6E5;&#xFE0F;&#xFE0F;.png\" alt=\"\" class=\"wp-image-16340\" style=\"width:30px;height:31px\" width=\"30\" height=\"31\"\/><\/figure>\n<\/div>\n\n\n\n<div class=\"wp-block-column is-layout-flow wp-block-column-is-layout-flow\" style=\"flex-basis:90%\">\n<p>O passeio de barco imperd\u00edvel: <a href=\"https:\/\/www.getyourguide.pt\/s\/?q=Funchal+catamaran+dolphin&amp;searchSource=7&amp;partner_id=R3GYW4V&amp;cmp=ZZ_madeira\" target=\"_blank\" rel=\"noreferrer noopener sponsored nofollow\">Passeio de catamar\u00e3 para observa\u00e7\u00e3o de baleias<\/a><\/p>\n<\/div>\n<\/div>\n\n\n\n<div class=\"wp-block-columns box_colonne_cc is-layout-flex wp-container-core-columns-is-layout-9d6595d7 wp-block-columns-is-layout-flex\">\n<div class=\"wp-block-column box_picto_c is-layout-flow wp-block-column-is-layout-flow\" style=\"flex-basis:5%\">\n<figure class=\"wp-block-image size-full is-resized box_picto\"><img loading=\"lazy\" decoding=\"async\" src=\"http:\/\/www.zigzagonearth.com\/wp-content\/uploads\/2023\/08\/&#x1F68C;.png\" alt=\"\" class=\"wp-image-16339\" style=\"width:30px;height:31px\" width=\"30\" height=\"31\"\/><\/figure>\n<\/div>\n\n\n\n<div class=\"wp-block-column is-layout-flow wp-block-column-is-layout-flow\" style=\"flex-basis:90%\">\n<p>A minha excurs\u00e3o preferida a partir do Funchal: <a href=\"https:\/\/www.getyourguide.pt\/funchal-l1026\/funchal-full-day-4x4-eastern-tour-t129045\/?partner_id=R3GYW4V&amp;cmp=ZZ_madeira\" target=\"_blank\" rel=\"noreferrer noopener sponsored nofollow\">Passeio de 4&#215;4 pelo leste da Madeira<\/a><\/p>\n<\/div>\n<\/div>\n\n\n\n<div class=\"wp-block-columns box_colonne_cc box_colonne_dernier_cc is-layout-flex wp-container-core-columns-is-layout-9d6595d7 wp-block-columns-is-layout-flex\">\n<div class=\"wp-block-column box_picto_x box_picto_c is-layout-flow wp-block-column-is-layout-flow\" style=\"flex-basis:5%\">\n<figure class=\"wp-block-image size-full is-resized box_picto\"><img loading=\"lazy\" decoding=\"async\" src=\"http:\/\/www.zigzagonearth.com\/wp-content\/uploads\/2023\/08\/&#x1F3E0;.png\" alt=\"\" class=\"wp-image-16338\" style=\"width:30px;height:31px\" width=\"30\" height=\"31\"\/><\/figure>\n<\/div>\n\n\n\n<div class=\"wp-block-column is-layout-flow wp-block-column-is-layout-flow\" style=\"flex-basis:95%\">\n<p>Os meus s\u00edtios preferidos para ficar no Funchal: <a href=\"https:\/\/www.booking.com\/hotel\/pt\/les-suites-at-the-cliff-bay.html?aid=1164282&amp;label=madeira\" target=\"_blank\" rel=\"noreferrer noopener sponsored nofollow\">Les Suites at the Cliff Bay<\/a> (luxo) &#8211; <a href=\"https:\/\/www.booking.com\/hotel\/pt\/se-boutique.html?aid=1164282&amp;label=madeira\" target=\"_blank\" rel=\"noreferrer noopener sponsored nofollow\">S\u00e9 Boutique Hotel<\/a> (4 estrelas) &#8211; <a href=\"https:\/\/www.booking.com\/hotel\/pt\/the-marketplace-apartments.html?aid=1164282&amp;label=madeira\" target=\"_blank\" rel=\"noreferrer noopener sponsored nofollow\">Market Place by Storytellers<\/a> (apartamentos)<\/p>\n\n\n\n<p>Os meus s\u00edtios preferidos para ficar fora do Funchal: <a href=\"https:\/\/www.booking.com\/hotel\/pt\/saccharum.html?aid=1164282&amp;no_rooms=1&amp;group_adults=2&amp;label=madeira\" target=\"_blank\" rel=\"noreferrer noopener sponsored nofollow\">Saccharum Resort<\/a> perto de uma praia (luxo) &#8211; <a href=\"https:\/\/www.booking.com\/hotel\/pt\/estalagem-da-ponta-do-sol.html?aid=1164282&amp;label=madeira\" target=\"_blank\" rel=\"noreferrer noopener sponsored nofollow\">Estalagem da Ponta do Sol<\/a> (4 estrelas) &#8211; <a href=\"https:\/\/www.booking.com\/hotel\/pt\/estalagem-engenho-velho.html?aid=1164282&amp;label=madeira\" target=\"_blank\" rel=\"noreferrer noopener sponsored nofollow\">Engho Velho Hotel<\/a> (m\u00e9dio)<\/p>\n<\/div>\n<\/div>\n<\/div><\/div><\/div>\n\n<div class=\"wp-block-columns is-layout-flex wp-container-core-columns-is-layout-9d6595d7 wp-block-columns-is-layout-flex\">\n<div class=\"wp-block-column is-layout-flow wp-block-column-is-layout-flow\"><div class=\"wp-block-image\">\n<figure class=\"aligncenter size-full is-resized\"><img decoding=\"async\" src=\"https:\/\/www.zigzagonearth.com\/wp-content\/uploads\/2023\/09\/Teleferico-das-Achadas-da-Cruz-Madeira.jpg\" alt=\"Telef&#xE9;rico das Achadas da Cruz Madeira Pin\" class=\"wp-image-14947\" style=\"width:300px;height:undefinedpx\"\/><\/figure>\n<\/div><\/div>\n\n\n\n<div class=\"wp-block-column is-layout-flow wp-block-column-is-layout-flow\"><\/div>\n<\/div>\n\n<h2 class=\"wp-block-heading\" id=\"tab-con-10\"><strong>Porqu\u00ea visitar o telef\u00e9rico das Achadas da Cruz perto do Porto Moniz?<\/strong><\/h2>\n\n<p>Andar pelo menos num dos <a style=\"outline: none;\" href=\"https:\/\/www.zigzagonearth.com\/pt-pt\/melhores-telefericos-madeira\/\" target=\"_blank\" rel=\"noopener\">telef\u00e9ricos da Madeira<\/a> \u00e9 uma das <a style=\"outline: none;\" href=\"https:\/\/www.zigzagonearth.com\/pt-pt\/o-que-fazer-madeira\/\" target=\"_blank\" rel=\"noopener\">melhores coisas para fazer na ilha<\/a>.<br\/>E penso que o telef\u00e9rico de Achadas \u00e9 um dos dois melhores.<\/p>\n\n<ul class=\"wp-block-list\">\n<li>Est\u00e1 longe do caminho tur\u00edstico comum &#8211; ainda \u00e9 uma das <a style=\"outline: none;\" href=\"https:\/\/www.zigzagonearth.com\/pt-pt\/secret-places-madeira-hidden-gems-2\/\" target=\"_blank\" rel=\"noopener\">j\u00f3ias escondidas<\/a>, mas est\u00e1 a ser promovida pelo Porto Moniz&#8230;<\/li>\n\n\n\n<li>\u00c9 incrivelmente \u00edngreme<\/li>\n\n\n\n<li>\u00c9 onde se encontram as costas Norte e Oeste da Madeira<\/li>\n\n\n\n<li>Existe um agrad\u00e1vel percurso pedestre ao longo da \u00e1gua com vista para as fal\u00e9sias<\/li>\n\n\n\n<li>Existe uma praia rochosa<\/li>\n<\/ul>\n\n<figure class=\"wp-block-image\"><img decoding=\"async\" src=\"https:\/\/photos.smugmug.com\/Travel\/Madeira\/3k-Teleferico-das-Achadas-da-Cruz\/i-mjgJ59j\/1\/b846a358\/L\/Teleferico_das_Achadas_da_Cruz_Madeira-7141497-L.jpg\" alt=\"visite o telef&#xE9;rico das Achadas da Cruz\" title=\"visite o telef&#xE9;rico das Achadas da Cruz\"\/><\/figure>\n\n<p>\u00c9 um lugar bonito, mas uma das principais raz\u00f5es para apanhar este telef\u00e9rico \u00e9 a emo\u00e7\u00e3o e o susto: \u00e9 realmente muito \u00edngreme!<br\/>Tenho de admitir que tive de me esfor\u00e7ar para o aceitar. Nunca tinha visto uma descida de telef\u00e9rico t\u00e3o impressionante.<\/p>\n\n<p>Note que algumas pessoas escreveram que a aldeia \u00e9 a faj\u00e3 no fundo das fal\u00e9sias, mas \u00e9 no topo, mais perto da estrada principal. As cabanas nos jardins s\u00e3o apenas para a \u00e9poca das colheitas e para serem utilizadas como telheiro.<\/p>\n\n<p>Mais fotografias ap\u00f3s as dicas de planeamento.<\/p>\n\n<h2 class=\"wp-block-heading\" id=\"tab-con-1\"><strong>Dicas de planeamento &#8211; Teleferico das <\/strong><strong>Achadas da Cruz, Madeira<\/strong><\/h2>\n\n<h3 class=\"wp-block-heading\"><strong>Como chegar \u00e0s Achadas da Cruz<\/strong><\/h3>\n\n<ul class=\"wp-block-list\">\n<li>Sem transportes p\u00fablicos, ter\u00e1 de alugar um carro &#8211; pode comparar pre\u00e7os em <a href=\"https:\/\/www.discovercars.com\/pt\/portugal\/madeira?a_aid=zigzag&amp;chan=ZZOE&amp;data2=Madeira\" target=\"_blank\" rel=\"noreferrer noopener sponsored nofollow\">Discovercars.com<\/a><\/li>\n\n\n\n<li>Ponta noroeste da Madeira, n\u00e3o muito longe do Porto Moniz<\/li>\n\n\n\n<li>Estradas de acesso mais pequenas, mas nada de dif\u00edcil &#8211; bem indicadas<\/li>\n\n\n\n<li>Porto Moniz para o telef\u00e9rico das Achadas da Cruz = 20min de carro<\/li>\n\n\n\n<li><a href=\"https:\/\/www.zigzagonearth.com\/pt-pt\/o-que-fazer-funchal-madeira\/\" target=\"_blank\" rel=\"noopener\">Funchal<\/a> para o telef\u00e9rico das Achadas da Cruz = 1h15 de viagem<\/li>\n\n\n\n<li>Abaixo est\u00e1 um mapa para o localizar e orientar-se:<\/li>\n<\/ul>\n\n<figure class=\"wp-block-image size-large\"><img decoding=\"async\" src=\"https:\/\/www.zigzagonearth.com\/wp-content\/uploads\/2021\/09\/Map-Achadas-da-Cruz-Cable-car-Madeira-Location-2.jpg\" alt=\"Mapa Telef&#xE9;rico das Achadas da Cruz Madeira - Localiza&#xE7;&#xE3;o\"\/><figcaption class=\"wp-element-caption\"><strong>Mapa Telef\u00e9rico das Achadas da Cruz Madeira &#8211; Localiza\u00e7\u00e3o<\/strong><\/figcaption><\/figure>\n\n<p>Este destaque (com coordenadas GPS e dicas pr\u00e1ticas) est\u00e1 inclu\u00eddo no meu eBook Guia de Viagem que o ajuda a <a href=\"https:\/\/www.zigzagonearth.com\/pt-pt\/madeira-viagem-dicas-guia\/\" target=\"_blank\" rel=\"noopener\">planear facilmente a sua viagem \u00e0 Madeira<\/a>:<\/p>\n\n<div style=\"margin-top:8%;margin-bottom:8%\" class=\"wp-block-genesis-blocks-gb-container box_ebook gb-block-container\"><div class=\"gb-container-inside\"><div class=\"gb-container-content\">\n<h5 class=\"wp-block-heading box_titre_ebook\">Planeie a sua <u>viagem de sonho<\/u> na <strong>Madeira<\/strong> gra\u00e7as ao meu guia (s\u00f3 em ingl\u00eas):<\/h5>\n\n\n\n<div class=\"wp-block-columns box_colonnes_ebook is-layout-flex wp-container-core-columns-is-layout-9d6595d7 wp-block-columns-is-layout-flex\">\n<div class=\"wp-block-column is-layout-flow wp-block-column-is-layout-flow\">\n<figure class=\"wp-block-image size-large img_ebook\"><a href=\"https:\/\/www.zigzagonearth.com\/photograph-madeira-travel-guide\/\"><img decoding=\"async\" src=\"https:\/\/www.zigzagonearth.com\/wp-content\/uploads\/2021\/08\/small-Madeira-ebook-cover.jpg\" alt=\"Guia de Viagem eBook Mallorca\"\/><\/a><\/figure>\n<\/div>\n\n\n\n<div class=\"wp-block-column is-layout-flow wp-block-column-is-layout-flow\">\n<ul class=\"box_liste wp-block-list\" style=\"font-size:16px\">\n<li>7 mapas para planear facilmente o seu itiner\u00e1rio<\/li>\n\n\n\n<li>Mais de 120 locais pr\u00e9-seleccionados<\/li>\n\n\n\n<li>Coordenadas GPS directas para os parques de estacionamento<\/li>\n\n\n\n<li>Dicas para aproveitar melhor o seu tempo<\/li>\n\n\n\n<li>Mais de 260 fotografias originais para o ajudar a escolher<\/li>\n<\/ul>\n\n\n\n<div class=\"wp-block-buttons box_colonne_bouton_ebook is-content-justification-left is-layout-flex wp-container-core-buttons-is-layout-fdcfc74e wp-block-buttons-is-layout-flex\">\n<div class=\"wp-block-button box_bouton box_bouton_ebook\"><a class=\"wp-block-button__link wp-element-button\" href=\"https:\/\/www.zigzagonearth.com\/photograph-madeira-travel-guide\/\" target=\"_blank\" rel=\"noreferrer noopener\">Descubra-o! (s\u00f3 em ingl\u00eas)<span class=\"box_bouton_image\"><\/span><\/a><\/div>\n<\/div>\n<\/div>\n<\/div>\n<\/div><\/div><\/div>\n\n<h3 class=\"wp-block-heading\"><strong>Dicas de visita  <\/strong><\/h3>\n\n<ul class=\"wp-block-list\">\n<li>Pre\u00e7o: 3 euros ida e volta<\/li>\n\n\n\n<li><b>Hor\u00e1rio de funcionamento:<\/b><strong><b> <\/b><\/strong>Segunda-feira &#8211; Domingo: 8h \u00e0s 11h30 &#8211; 12h30 \u00e0s 19h \/ os hor\u00e1rios podem ser alterados devido a manuten\u00e7\u00e3o ou outros. N\u00e3o o posso garantir.<\/li>\n\n\n\n<li>Casas de banho em cima e em baixo<\/li>\n\n\n\n<li>Snack-bar no topo<\/li>\n\n\n\n<li>O tempo de viagem \u00e9 de 5 minutos<\/li>\n\n\n\n<li>Caminho pedestre bem conservado no fundo<\/li>\n\n\n\n<li>Planeie 20 min a 1h para explorar a faj\u00e3 e a costa<\/li>\n\n\n\n<li>Acesso alternativo atrav\u00e9s de caminhadas &#8211; veja mais abaixo neste artigo<\/li>\n<\/ul>\n\n<div style=\"margin-top:8%;margin-bottom:8%\" class=\"wp-block-genesis-blocks-gb-container box gb-block-container\"><div class=\"gb-container-inside\"><div class=\"gb-container-content\">\n<div class=\"wp-block-columns box_colonne is-layout-flex wp-container-core-columns-is-layout-9d6595d7 wp-block-columns-is-layout-flex\">\n<div class=\"wp-block-column colonne is-layout-flow wp-block-column-is-layout-flow\" style=\"flex-basis:66.6%\">\n<h5 class=\"wp-block-heading box_titre\"><strong>Precisa de alugar um carro na Madeira?<\/strong><\/h5>\n\n\n\n<p class=\"box_intro\">As minhas dicas:<\/p>\n\n\n\n<ul class=\"box_liste wp-block-list\" style=\"font-size:16px\">\n<li>Compare os pre\u00e7os na minha plataforma favorita: <a href=\"https:\/\/www.discovercars.com\/pt\/portugal\/madeira?a_aid=zigzag&amp;chan=ZZOE&amp;data2=madeira\" target=\"_blank\" rel=\"noreferrer noopener sponsored nofollow\">\n  <span style=\"text-decoration: underline;\">Discovercars.com<\/span>\n<\/a> &#8211; um dos s\u00edtios de compara\u00e7\u00e3o mais bem classificados!<\/li>\n\n\n\n<li>Escolha um autom\u00f3vel com pot\u00eancia suficiente para as estradas de montanha<\/li>\n\n\n\n<li>E escolha um carro n\u00e3o muito grande, para poder manobrar facilmente<\/li>\n\n\n\n<li>Considere a sua op\u00e7\u00e3o de cobertura total &#8211; para sua tranquilidade!  <\/li>\n\n\n\n<li><span style=\"text-decoration: underline;\">Reserve com anteced\u00eancia<\/span> para ter uma grande escolha de ve\u00edculos!<\/li>\n<\/ul>\n\n\n\n<div class=\"wp-block-columns box_barre_boutons is-layout-flex wp-container-core-columns-is-layout-9d6595d7 wp-block-columns-is-layout-flex\">\n<div class=\"wp-block-column is-vertically-aligned-center box_col_conseil is-layout-flow wp-block-column-is-layout-flow\">\n<p class=\"box_lien\"><a href=\"https:\/\/www.zigzagonearth.com\/renting-car-madeira-tips\/\" target=\"_blank\" rel=\"noreferrer noopener\">Veja todas as minhas dicas<\/a><\/p>\n<\/div>\n\n\n\n<div class=\"wp-block-column box_col_bouton is-layout-flow wp-block-column-is-layout-flow\">\n<div class=\"wp-block-buttons box_bouton is-content-justification-left is-layout-flex wp-container-core-buttons-is-layout-fdcfc74e wp-block-buttons-is-layout-flex\">\n<div class=\"wp-block-button box_bouton\"><a class=\"wp-block-button__link wp-element-button\" href=\"https:\/\/www.discovercars.com\/pt\/portugal\/madeira?a_aid=zigzag&amp;amp;chan=ZZOE&amp;amp;data2=madeira\" target=\"_blank\" rel=\"noreferrer noopener\">Veja os carros dispon\u00edveis  <span class=\"box_bouton_image\"><img decoding=\"async\" style=\"width: 14px; height:14px;  \" src=\"https:\/\/www.zigzagonearth.com\/wp-content\/uploads\/2023\/08\/fleche.png\" alt=\"\"\/><\/span><\/a><\/div>\n<\/div>\n<\/div>\n<\/div>\n<\/div>\n\n\n\n<div class=\"wp-block-column colonne box_cafe_img is-layout-flow wp-block-column-is-layout-flow\" style=\"flex-basis:33.33%\"><div class=\"wp-block-image\">\n<figure class=\"aligncenter size-large is-resized\"><img loading=\"lazy\" decoding=\"async\" src=\"https:\/\/www.zigzagonearth.com\/wp-content\/uploads\/2023\/08\/003world-travel-car-01-1024x1024.webp\" alt=\"\" class=\"wp-image-16227\" width=\"288\" height=\"288\" srcset=\"https:\/\/www.zigzagonearth.com\/wp-content\/uploads\/2023\/08\/003world-travel-car-01-1024x1024.webp 1024w, https:\/\/www.zigzagonearth.com\/wp-content\/uploads\/2023\/08\/003world-travel-car-01-300x300.webp 300w, https:\/\/www.zigzagonearth.com\/wp-content\/uploads\/2023\/08\/003world-travel-car-01-150x150.webp 150w, https:\/\/www.zigzagonearth.com\/wp-content\/uploads\/2023\/08\/003world-travel-car-01-768x768.webp 768w, https:\/\/www.zigzagonearth.com\/wp-content\/uploads\/2023\/08\/003world-travel-car-01-1536x1536.webp 1536w, https:\/\/www.zigzagonearth.com\/wp-content\/uploads\/2023\/08\/003world-travel-car-01-2048x2048.webp 2048w, https:\/\/www.zigzagonearth.com\/wp-content\/uploads\/2023\/08\/003world-travel-car-01-100x100.webp 100w, https:\/\/www.zigzagonearth.com\/wp-content\/uploads\/2023\/08\/003world-travel-car-01-600x600.webp 600w\" sizes=\"auto, (max-width: 288px) 100vw, 288px\" \/><\/figure>\n<\/div><\/div>\n<\/div>\n<\/div><\/div><\/div>\n\n<h3 class=\"wp-block-heading\"><strong>Onde ficar na zona<\/strong><\/h3>\n\n<p>O melhor \u00e9 ficar no vizinho Porto Moniz para desfrutar das piscinas naturais no final do dia:<\/p>\n\n<ul class=\"wp-block-list\">\n<li><strong>HOTEL 4 ESTRELAS &#8211;<\/strong> Aqua Natura Madeira, junto a algumas das piscinas naturais &#8211; <strong>\n  <strong>\n    <a href=\"https:\/\/www.booking.com\/hotel\/pt\/aqua-natura-madeira.en.html?aid=1164282&amp;no_rooms=1&amp;group_adults=2&amp;label=ZZ_Madeira\" target=\"_blank\" rel=\"noreferrer noopener sponsored nofollow\">Veja as fotos e a disponibilidade<\/a>\n  <\/strong>\n<\/strong><\/li>\n\n\n\n<li><strong>LARGE VILLA &#8211;<\/strong> Villa Porto Moniz, perto da marginal &#8211; <strong>\n  <strong>\n    <a href=\"https:\/\/www.booking.com\/hotel\/pt\/porto-moniz-villa-porto-moniz.en.html?aid=1164282&amp;no_rooms=1&amp;group_adults=2&amp;label=ZZ_Madeira\" target=\"_blank\" rel=\"noreferrer noopener sponsored nofollow\">Veja as fotos e a disponibilidade<\/a>\n  <\/strong>\n<\/strong><\/li>\n\n\n\n<li><strong>CASA DE ALUGUER &#8211;<\/strong> Ref\u00fagio do Ilh\u00e9u, em terreno superior &#8211; <strong>\n  <strong>\n    <a href=\"https:\/\/www.booking.com\/hotel\/pt\/refugio-do-ilheu.en.html?aid=1164282&amp;no_rooms=1&amp;group_adults=2&amp;label=ZZ_Madeira\" target=\"_blank\" rel=\"noreferrer noopener sponsored nofollow\">Veja as fotos e a disponibilidade<\/a>\n  <\/strong>\n<\/strong><\/li>\n\n\n\n<li><strong>\n  <strong>APARTAMENTO &#8211; <\/strong>\n<\/strong>Apartamento Vista Mar, com grande terra\u00e7o &#8211; <a href=\"https:\/\/www.booking.com\/hotel\/pt\/sea-view-apartment-porto-moniz.en.html?aid=1164282&amp;no_rooms=1&amp;group_adults=2&amp;label=ZZ_Madeira\" target=\"_blank\" rel=\"noreferrer noopener sponsored nofollow\">Veja as fotos e a disponibilidade<\/a><\/li>\n\n\n\n<li>ou <a href=\"https:\/\/www.booking.com\/searchresults.en.html?city=-2173164&amp;nflt=review_score%253D90%253Breview_score%253D80&amp;aid=1164282&amp;no_rooms=1&amp;group_adults=2&amp;label=ZZ_Madeira\" target=\"_blank\" rel=\"noreferrer noopener sponsored nofollow\">Veja as acomoda\u00e7\u00f5es mais bem avaliadas em Porto Moniz<\/a><\/li>\n<\/ul>\n\n<p>Mais dicas no <a style=\"outline: none;\" href=\"https:\/\/www.zigzagonearth.com\/pt-pt\/onde-ficar-madeira-melhores-zonas\/\" target=\"_blank\" rel=\"noopener\">meu artigo sobre onde ficar na Madeira<\/a><\/p>\n\n<h2 class=\"wp-block-heading\" id=\"tab-con-2\"><strong>Estrada de acesso e parque de estacionamento<\/strong><\/h2>\n\n<p>O Teleferico de Achadas da Cruz est\u00e1 bem sinalizado com placas de sinaliza\u00e7\u00e3o.<\/p>\n\n<figure class=\"wp-block-image\"><img decoding=\"async\" src=\"https:\/\/photos.smugmug.com\/Travel\/Madeira\/3k-Teleferico-das-Achadas-da-Cruz\/i-2v4mcPZ\/1\/918ec274\/L\/Teleferico_das_Achadas_da_Cruz_Madeira-7141465-L.jpg\" alt=\"Telef&#xE9;rico Achadas da Cruz - sinal de tr&#xE2;nsito\" title=\"Telef&#xE9;rico Achadas da Cruz - sinal de tr&#xE2;nsito\"\/><\/figure>\n\n<p>A partir do Porto Moniz, tem de percorrer uma estrada sinuosa de montanha para chegar \u00e0s fal\u00e9sias. \u00c9 amplo e n\u00e3o \u00e9 dif\u00edcil. No caminho, pode parar no Miradouro da Santinha para ver as vistas do Porto Moniz.<\/p>\n\n<p>A estrada de acesso ao telef\u00e9rico a partir da ER101 chama-se &#8220;caminho do teleferico&#8221;. \u00c9 um pouco estreito e \u00edngreme, mas quase n\u00e3o h\u00e1 tr\u00e2nsito, pelo que n\u00e3o \u00e9 realmente dif\u00edcil.<br\/>Existem alguns buracos. Leve o tempo que precisar.  <\/p>\n\n<figure class=\"wp-block-image\"><img decoding=\"async\" src=\"https:\/\/photos.smugmug.com\/Travel\/Madeira\/3k-Teleferico-das-Achadas-da-Cruz\/i-GBQRhZR\/1\/61667ae9\/L\/Teleferico_das_Achadas_da_Cruz_Madeira-7141468-L.jpg\" alt=\"Telef&#xE9;rico Achadas da Cruz - estrada de acesso\" title=\"Telef&#xE9;rico Achadas da Cruz - estrada de acesso\"\/><\/figure>\n\n<figure class=\"wp-block-image\"><img decoding=\"async\" src=\"https:\/\/photos.smugmug.com\/Travel\/Madeira\/3k-Teleferico-das-Achadas-da-Cruz\/i-ZjQvZdB\/1\/3501fc11\/L\/Teleferico_das_Achadas_da_Cruz_Madeira-7141471-L.jpg\" alt=\"Telef&#xE9;rico Achadas da Cruz - estrada de acesso 2\" title=\"Telef&#xE9;rico Achadas da Cruz - estrada de acesso 2\"\/><\/figure>\n\n<p>Al\u00e9m disso, na parte inferior, h\u00e1 um parque de estacionamento de boas dimens\u00f5es (o que pode ser raro nestas atrac\u00e7\u00f5es) com espa\u00e7o para manobrar.<\/p>\n\n<figure class=\"wp-block-image size-large\"><img decoding=\"async\" src=\"https:\/\/photos.smugmug.com\/Travel\/Madeira\/3k-Teleferico-das-Achadas-da-Cruz\/i-tRmhdKM\/1\/700dea8a\/L\/Teleferico_das_Achadas_da_Cruz_Madeira-7141473-L.jpg\" alt=\"Telef&#xE9;rico das Achadas da Cruz - parque de estacionamento\"\/><figcaption class=\"wp-element-caption\"><strong>Telef\u00e9rico das Achadas da Cruz &#8211; parque de estacionamento<\/strong><\/figcaption><\/figure>\n\n<div style=\"margin-top:8%;margin-bottom:8%\" class=\"wp-block-genesis-blocks-gb-container box gb-block-container\"><div class=\"gb-container-inside\"><div class=\"gb-container-content\">\n<div class=\"wp-block-columns box_colonne is-layout-flex wp-container-core-columns-is-layout-9d6595d7 wp-block-columns-is-layout-flex\">\n<div class=\"wp-block-column colonne is-layout-flow wp-block-column-is-layout-flow\" style=\"flex-basis:66.6%\">\n<h5 class=\"wp-block-heading box_titre\"><strong>Precisa de alugar um carro na Madeira?<\/strong><\/h5>\n\n\n\n<p class=\"box_intro\">As minhas dicas:<\/p>\n\n\n\n<ul class=\"box_liste wp-block-list\" style=\"font-size:16px\">\n<li>Compare os pre\u00e7os na minha plataforma favorita: <a href=\"https:\/\/www.discovercars.com\/pt\/portugal\/madeira?a_aid=zigzag&amp;chan=ZZOE&amp;data2=madeira\" target=\"_blank\" rel=\"noreferrer noopener sponsored nofollow\">\n  <span style=\"text-decoration: underline;\">Discovercars.com<\/span>\n<\/a> &#8211; um dos s\u00edtios de compara\u00e7\u00e3o mais bem classificados!<\/li>\n\n\n\n<li>Escolha um autom\u00f3vel com pot\u00eancia suficiente para as estradas de montanha<\/li>\n\n\n\n<li>E escolha um carro n\u00e3o muito grande, para poder manobrar facilmente<\/li>\n\n\n\n<li>Considere a sua op\u00e7\u00e3o de cobertura total &#8211; para sua tranquilidade!  <\/li>\n\n\n\n<li><span style=\"text-decoration: underline;\">Reserve com anteced\u00eancia<\/span> para ter uma grande escolha de ve\u00edculos!<\/li>\n<\/ul>\n\n\n\n<div class=\"wp-block-columns box_barre_boutons is-layout-flex wp-container-core-columns-is-layout-9d6595d7 wp-block-columns-is-layout-flex\">\n<div class=\"wp-block-column is-vertically-aligned-center box_col_conseil is-layout-flow wp-block-column-is-layout-flow\">\n<p class=\"box_lien\"><a href=\"https:\/\/www.zigzagonearth.com\/renting-car-madeira-tips\/\" target=\"_blank\" rel=\"noreferrer noopener\">Veja todas as minhas dicas<\/a><\/p>\n<\/div>\n\n\n\n<div class=\"wp-block-column box_col_bouton is-layout-flow wp-block-column-is-layout-flow\">\n<div class=\"wp-block-buttons box_bouton is-content-justification-left is-layout-flex wp-container-core-buttons-is-layout-fdcfc74e wp-block-buttons-is-layout-flex\">\n<div class=\"wp-block-button box_bouton\"><a class=\"wp-block-button__link wp-element-button\" href=\"https:\/\/www.discovercars.com\/pt\/portugal\/madeira?a_aid=zigzag&amp;amp;chan=ZZOE&amp;amp;data2=madeira\" target=\"_blank\" rel=\"noreferrer noopener\">Veja os carros dispon\u00edveis  <span class=\"box_bouton_image\"><img decoding=\"async\" style=\"width: 14px; height:14px;  \" src=\"https:\/\/www.zigzagonearth.com\/wp-content\/uploads\/2023\/08\/fleche.png\" alt=\"\"\/><\/span><\/a><\/div>\n<\/div>\n<\/div>\n<\/div>\n<\/div>\n\n\n\n<div class=\"wp-block-column colonne box_cafe_img is-layout-flow wp-block-column-is-layout-flow\" style=\"flex-basis:33.33%\"><div class=\"wp-block-image\">\n<figure class=\"aligncenter size-large is-resized\"><img loading=\"lazy\" decoding=\"async\" src=\"https:\/\/www.zigzagonearth.com\/wp-content\/uploads\/2023\/08\/003world-travel-car-01-1024x1024.webp\" alt=\"\" class=\"wp-image-16227\" width=\"288\" height=\"288\" srcset=\"https:\/\/www.zigzagonearth.com\/wp-content\/uploads\/2023\/08\/003world-travel-car-01-1024x1024.webp 1024w, https:\/\/www.zigzagonearth.com\/wp-content\/uploads\/2023\/08\/003world-travel-car-01-300x300.webp 300w, https:\/\/www.zigzagonearth.com\/wp-content\/uploads\/2023\/08\/003world-travel-car-01-150x150.webp 150w, https:\/\/www.zigzagonearth.com\/wp-content\/uploads\/2023\/08\/003world-travel-car-01-768x768.webp 768w, https:\/\/www.zigzagonearth.com\/wp-content\/uploads\/2023\/08\/003world-travel-car-01-1536x1536.webp 1536w, https:\/\/www.zigzagonearth.com\/wp-content\/uploads\/2023\/08\/003world-travel-car-01-2048x2048.webp 2048w, https:\/\/www.zigzagonearth.com\/wp-content\/uploads\/2023\/08\/003world-travel-car-01-100x100.webp 100w, https:\/\/www.zigzagonearth.com\/wp-content\/uploads\/2023\/08\/003world-travel-car-01-600x600.webp 600w\" sizes=\"auto, (max-width: 288px) 100vw, 288px\" \/><\/figure>\n<\/div><\/div>\n<\/div>\n<\/div><\/div><\/div>\n\n<h2 class=\"wp-block-heading\" id=\"tab-con-3\"><strong>Miradouro e Restaurante Achadas da Cruz<\/strong><\/h2>\n\n<p>Uma vez no parque de estacionamento, tem acesso direto \u00e0 esta\u00e7\u00e3o superior do telef\u00e9rico.<\/p>\n\n<h3 class=\"wp-block-heading\"><strong>Miradouro das Achadas da Cruz<\/strong><\/h3>\n\n<p>Antes de entrar num dos carros, n\u00e3o deixe de ver as vistas do Miradouro.<br\/>\u00c9 impressionante ver o pequeno peda\u00e7o de terra no fundo das altas fal\u00e9sias. As suas alturas rondam os 450 m.<\/p>\n\n<p>N\u00e3o \u00e9 a vis\u00e3o mais aberta. Ter\u00e1 os melhores durante a viagem. Mas \u00e9 bastante impressionante, d\u00ea uma olhadela:<\/p>\n\n<figure class=\"wp-block-image size-large\"><img decoding=\"async\" src=\"https:\/\/photos.smugmug.com\/Travel\/Madeira\/3k-Teleferico-das-Achadas-da-Cruz\/i-Z4mPpZm\/1\/405d2a1e\/L\/Teleferico_das_Achadas_da_Cruz_Madeira-7141481-L.jpg\" alt=\"Miradouro das Achadas da Cruz\"\/><figcaption class=\"wp-element-caption\"><strong>Miradouro das Achadas da Cruz<\/strong><\/figcaption><\/figure>\n\n<p>Tamb\u00e9m pode ver o topo dos cabos e como eles caem no vazio.<br\/>Isto ajud\u00e1-lo-\u00e1 a decidir se pode ou n\u00e3o andar no telef\u00e9rico!<\/p>\n\n<figure class=\"wp-block-image\"><img decoding=\"async\" src=\"https:\/\/photos.smugmug.com\/Travel\/Madeira\/3k-Teleferico-das-Achadas-da-Cruz\/i-Z2TX8pH\/1\/7d4180fb\/L\/Teleferico_das_Achadas_da_Cruz_Madeira-7141482-L.jpg\" alt=\"Teleferico Achadas da Cruz cabos do telef&#xE9;rico\" title=\"Teleferico Achadas da Cruz cabos do telef&#xE9;rico\"\/><\/figure>\n\n<figure class=\"wp-block-image\"><img decoding=\"async\" src=\"https:\/\/photos.smugmug.com\/Travel\/Madeira\/3k-Teleferico-das-Achadas-da-Cruz\/i-6Ln6PwC\/1\/890e1b73\/L\/Teleferico_das_Achadas_da_Cruz_Madeira-7141480-L.jpg\" alt=\"uma viagem &#xED;ngreme de telef&#xE9;rico\" title=\"uma viagem &#xED;ngreme de telef&#xE9;rico\"\/><\/figure>\n\n<h3 class=\"wp-block-heading\"><strong>O telef\u00e9rico mais \u00edngreme da Europa?<\/strong><\/h3>\n\n<p>Afirma ser o telef\u00e9rico mais \u00edngreme da Europa, com uma inclina\u00e7\u00e3o de 98% no in\u00edcio.<br\/>Este \u00e9 o seu sinal:<\/p>\n\n<figure class=\"wp-block-image\"><img decoding=\"async\" src=\"https:\/\/photos.smugmug.com\/Travel\/Madeira\/3k-Teleferico-das-Achadas-da-Cruz\/i-9HsHBVp\/1\/983af456\/L\/Teleferico_das_Achadas_da_Cruz_Madeira-7141570-L.jpg\" alt=\"O telef&#xE9;rico mais &#xED;ngreme da Europa\" title=\"O telef&#xE9;rico mais &#xED;ngreme da Europa\"\/><\/figure>\n\n<h3 class=\"wp-block-heading\"><strong>Restaurante Calhau Snack Bar<\/strong><\/h3>\n\n<p>Perto da esta\u00e7\u00e3o superior encontra-se o snack-bar Calhau.<br\/>Servem comida, bebidas, gelados e \u00e1lcool.<br\/>Se quiser comer alguma coisa, saiba que n\u00e3o h\u00e1 nada no fundo das fal\u00e9sias.<\/p>\n\n<figure class=\"wp-block-image\"><img decoding=\"async\" src=\"https:\/\/photos.smugmug.com\/Travel\/Madeira\/3k-Teleferico-das-Achadas-da-Cruz\/i-MRvqMLG\/1\/df2d8472\/L\/Teleferico_das_Achadas_da_Cruz_Madeira-7141476-L.jpg\" alt=\"Lanchonete Calhau\" title=\"Lanchonete Calhau\"\/><\/figure>\n\n<p>Existe uma agrad\u00e1vel \u00e1rea de estar ao ar livre com belas vistas.<br\/>A comida \u00e9 simples mas \u00f3ptima.<\/p>\n\n<figure class=\"wp-block-image\"><img decoding=\"async\" src=\"https:\/\/photos.smugmug.com\/Travel\/Madeira\/3k-Teleferico-das-Achadas-da-Cruz\/i-H66rB6D\/1\/2d31a85b\/L\/Teleferico_das_Achadas_da_Cruz_Madeira-7141478-L.jpg\" alt=\"Telef&#xE9;rico Achadas da Cruz restaurante 2\" title=\"Telef&#xE9;rico Achadas da Cruz restaurante 2\"\/><\/figure>\n\n<h2 class=\"wp-block-heading\" id=\"tab-con-4\"><strong>Andar no telef\u00e9rico do Porto Moniz<\/strong><\/h2>\n\n<p>Tal como todos os telef\u00e9ricos da Madeira, o Achadas foi constru\u00eddo para ajudar os agricultores locais a chegar \u00e0s suas terras e a trazer de volta os produtos colhidos.<br\/>Mas atualmente \u00e9 utilizado sobretudo por turistas.<\/p>\n\n<p>Os telef\u00e9ricos s\u00e3o mais discretos do que outros na ilha. Podem levar 4 pessoas.<br\/>Existem 2 carros: um sobe e outro desce.<br\/>\u00c9 explorado pelo munic\u00edpio do Porto Moniz, da\u00ed o nome Telef\u00e9rico do Porto Moniz por vezes utilizado para o referir.<\/p>\n\n<figure class=\"wp-block-image\"><img decoding=\"async\" src=\"https:\/\/photos.smugmug.com\/Travel\/Madeira\/3k-Teleferico-das-Achadas-da-Cruz\/i-gnGZdpJ\/1\/e5047462\/L\/Teleferico_das_Achadas_da_Cruz_Madeira-7141486-L.jpg\" alt=\"Cabina do telef&#xE9;rico Achadas da Cruz\" title=\"Cabina do telef&#xE9;rico Achadas da Cruz\"\/><\/figure>\n\n<p>Esta \u00e9 a vista da cabina quando come\u00e7a a viagem. Os cabos desaparecem por baixo de si.<br\/>Isto \u00e9 muito impressionante. E uma experi\u00eancia bastante invulgar na Madeira. N\u00e3o o vai esquecer&#8230;<br\/>A viagem dura menos de 5 minutos.<\/p>\n\n<figure class=\"wp-block-image\"><img decoding=\"async\" src=\"https:\/\/photos.smugmug.com\/Travel\/Madeira\/3k-Teleferico-das-Achadas-da-Cruz\/i-Bgnkx83\/1\/5f290273\/L\/Teleferico_das_Achadas_da_Cruz_Madeira-7141491-L.jpg\" alt=\"Teleferico Achadas da Cruz viagem de telef&#xE9;rico 1\" title=\"Teleferico Achadas da Cruz viagem de telef&#xE9;rico 1\"\/><\/figure>\n\n<p>No entanto, n\u00e3o \u00e9 t\u00e3o assustador como eu pensava.<br\/>O facto de um carro subir quando o outro desce torna-o menos saltitante do que o telef\u00e9rico a que estou habituado.<br\/>No entanto, pode ser pior quando est\u00e1 muito vento!<\/p>\n\n<figure class=\"wp-block-image\"><img decoding=\"async\" src=\"https:\/\/photos.smugmug.com\/Travel\/Madeira\/3k-Teleferico-das-Achadas-da-Cruz\/i-mjgJ59j\/1\/b846a358\/L\/Teleferico_das_Achadas_da_Cruz_Madeira-7141497-L.jpg\" alt=\"Telef&#xE9;rico de Achadas da Cruz 2\" title=\"Telef&#xE9;rico de Achadas da Cruz 2\"\/><\/figure>\n\n<p>A partir do carro, pode desfrutar de vistas agrad\u00e1veis sobre as fal\u00e9sias em ambas as direc\u00e7\u00f5es.<\/p>\n\n<figure class=\"wp-block-image\"><img decoding=\"async\" src=\"https:\/\/photos.smugmug.com\/Travel\/Madeira\/3k-Teleferico-das-Achadas-da-Cruz\/i-RKh98W7\/1\/3230a558\/L\/Teleferico_das_Achadas_da_Cruz_Madeira-8735-L.jpg\" alt=\"Telef&#xE9;rico Achadas da Cruz - viagem de telef&#xE9;rico 3\" title=\"Telef&#xE9;rico Achadas da Cruz - viagem de telef&#xE9;rico 3\"\/><\/figure>\n\n<p>Uma vez na esta\u00e7\u00e3o inferior, a viagem n\u00e3o parece t\u00e3o assustadora&#8230; LOL.<br\/>Saia e desfrute dos percursos pedestres.<\/p>\n\n<p>Quando estiver pronto para regressar, volte \u00e0 esta\u00e7\u00e3o e empurre a parte de baixo para que a pessoa que est\u00e1 em cima saiba que est\u00e1 pronto para voltar a subir.<\/p>\n\n<figure class=\"wp-block-image size-large\"><img decoding=\"async\" src=\"https:\/\/photos.smugmug.com\/Travel\/Madeira\/3k-Teleferico-das-Achadas-da-Cruz\/i-x8DcSdq\/1\/e5a139e5\/L\/Teleferico_das_Achadas_da_Cruz_Madeira-7141521-L.jpg\" alt=\"Teleferico Achadas da Cruz - esta&#xE7;&#xE3;o de fundo\"\/><figcaption class=\"wp-element-caption\"><strong>Teleferico Achadas da Cruz &#8211; esta\u00e7\u00e3o de fundo<\/strong><\/figcaption><\/figure>\n\n<h2 class=\"wp-block-heading\" id=\"tab-con-5\"><strong>Faja das Achadas da Cruz \/ Faja da Quebrada Nova<\/strong><\/h2>\n\n<p>Ao fundo est\u00e1 a ba\u00eda: Calhau das Achadas.<br\/>Os terrenos agr\u00edcolas s\u00e3o designados por Faja das Achadas da Cruz e tamb\u00e9m por Faja da Quebrada Nova.<br\/>Chegar\u00e1 ao extremo norte da costa.<br\/>A norte, h\u00e1 uma ba\u00eda com seixos e rochas.<\/p>\n\n<figure class=\"wp-block-image\"><img decoding=\"async\" src=\"https:\/\/photos.smugmug.com\/Travel\/Madeira\/3k-Teleferico-das-Achadas-da-Cruz\/i-FqGK2xb\/1\/9ae3a3cc\/L\/Teleferico_das_Achadas_da_Cruz_Madeira-7141509-L.jpg\" alt=\"Passeio mar&#xED;timo do Calhau das Achadas\" title=\"Passeio mar&#xED;timo do Calhau das Achadas\"\/><\/figure>\n\n<p>E, a sul, h\u00e1 um caminho de tijolo em dire\u00e7\u00e3o \u00e0s quintas.  <br\/>Algumas terras ainda s\u00e3o cultivadas pelos habitantes locais, com vinhas e produtos hort\u00edcolas para consumo local.<br\/>No entanto, muitas das hortas \/ quintas parecem abandonadas.<\/p>\n\n<figure class=\"wp-block-image\"><img decoding=\"async\" src=\"https:\/\/photos.smugmug.com\/Travel\/Madeira\/3k-Teleferico-das-Achadas-da-Cruz\/i-7C6jWLq\/1\/47ac581f\/L\/Teleferico_das_Achadas_da_Cruz_Madeira-7141528-L.jpg\" alt=\"Calhau das Achadas passeio mar&#xED;timo 2\" title=\"Calhau das Achadas passeio mar&#xED;timo 2\"\/><\/figure>\n\n<p>Leva-o at\u00e9 \u00e0 zona da praia e oferece-lhe uma vista deslumbrante sobre as altas fal\u00e9sias.<\/p>\n\n<figure class=\"wp-block-image\"><img decoding=\"async\" src=\"https:\/\/photos.smugmug.com\/Travel\/Madeira\/3k-Teleferico-das-Achadas-da-Cruz\/i-6QngG2b\/1\/3ee1ef88\/L\/Teleferico_das_Achadas_da_Cruz_Madeira-7141532-L.jpg\" alt=\"Caminhada Calhau das Achadas da Cruz\" title=\"Caminhada Calhau das Achadas da Cruz\"\/><\/figure>\n\n<p>Pode explorar um pouco algumas parcelas agr\u00edcolas abandonadas. Mas lembre-se de que estas s\u00e3o propriedades privadas, por isso, respeite-as.<br\/>As casas de pedra eram realmente encantadoras no meio dos terra\u00e7os:<\/p>\n\n<figure class=\"wp-block-image\"><img decoding=\"async\" src=\"https:\/\/photos.smugmug.com\/Travel\/Madeira\/3k-Teleferico-das-Achadas-da-Cruz\/i-qCTsxcD\/1\/5e4528c9\/L\/Teleferico_das_Achadas_da_Cruz_Madeira-7141534-L.jpg\" alt=\"Faja das Achadas da Cruz \/ Faja da Quebrada Nova\" title=\"Faja das Achadas da Cruz \/ Faja da Quebrada Nova\"\/><\/figure>\n\n<p>Uma vez no final, regressa pelo mesmo caminho at\u00e9 \u00e0 esta\u00e7\u00e3o de telef\u00e9rico ou ao fundo do percurso pedestre.<\/p>\n\n<figure class=\"wp-block-image\"><img decoding=\"async\" src=\"https:\/\/photos.smugmug.com\/Travel\/Madeira\/3k-Teleferico-das-Achadas-da-Cruz\/i-pNjfZQ2\/1\/2a01ac54\/L\/Teleferico_das_Achadas_da_Cruz_Madeira-7141553-L.jpg\" alt=\"Calhau das Achadas da Cruz passeio 2\" title=\"Calhau das Achadas da Cruz passeio 2\"\/><\/figure>\n\n<div style=\"margin-top:8%;margin-bottom:8%\" class=\"wp-block-genesis-blocks-gb-container box gb-block-container\"><div class=\"gb-container-inside\"><div class=\"gb-container-content\">\n<p><strong>Planeie a sua viagem a Maiorca:<\/strong><\/p>\n\n\n\n<div class=\"wp-block-columns box_colonne_cc is-layout-flex wp-container-core-columns-is-layout-9d6595d7 wp-block-columns-is-layout-flex\">\n<div class=\"wp-block-column box_picto_c is-layout-flow wp-block-column-is-layout-flow\" style=\"flex-basis:5%\">\n<figure class=\"wp-block-image size-full is-resized box_picto\"><img loading=\"lazy\" decoding=\"async\" src=\"http:\/\/www.zigzagonearth.com\/wp-content\/uploads\/2023\/08\/&#x1F697;.png\" alt=\"\" class=\"wp-image-16341\" style=\"width:30px;height:31px\" width=\"30\" height=\"31\"\/><\/figure>\n<\/div>\n\n\n\n<div class=\"wp-block-column is-layout-flow wp-block-column-is-layout-flow\" style=\"flex-basis:95%\">\n<ul class=\"wp-block-list\">\n<li>Os meus itiner\u00e1rios: <a class=\"\" href=\"https:\/\/www.zigzagonearth.com\/2-3-days-mallorca-weekend\/\" target=\"_blank\" rel=\"noreferrer noopener\">3 dias &#8211; fim de semana<\/a>, <a class=\"\" href=\"https:\/\/www.zigzagonearth.com\/4-days-mallorca-itinerary\/\" target=\"_blank\" rel=\"noreferrer noopener\">4 dias<\/a>, <a class=\"\" href=\"https:\/\/www.zigzagonearth.com\/5-days-mallorca-itinerary\/\" target=\"_blank\" rel=\"noreferrer noopener\">5 dias<\/a>, <a class=\"\" href=\"https:\/\/www.zigzagonearth.com\/one-week-madeira-7-day-itinerary\/\" target=\"_blank\" rel=\"noreferrer noopener\">1 semana<\/a>, <a href=\"https:\/\/www.zigzagonearth.com\/10-days-mallorca-2-weeks-itinerary\/\" target=\"_blank\" rel=\"noreferrer noopener\">10 dias<\/a><\/li>\n\n\n\n<li><a class=\"\" href=\"https:\/\/www.zigzagonearth.com\/renting-car-mallorca-tips\/\" target=\"_blank\" rel=\"noreferrer noopener\">36 conselhos para alugar um carro em Maiorca<\/a><\/li>\n\n\n\n<li><a class=\"\" href=\"https:\/\/www.zigzagonearth.com\/driving-mallorca-tips\/\" target=\"_blank\" rel=\"noreferrer noopener\">Guia para conduzir em Maiorca<\/a><\/li>\n\n\n\n<li><a class=\"\" href=\"https:\/\/www.zigzagonearth.com\/where-to-stay-mallorca-best-areas\/\" target=\"_blank\" rel=\"noreferrer noopener\">Onde ficar em Mallorca<\/a><\/li>\n\n\n\n<li><a href=\"https:\/\/www.zigzagonearth.com\/where-stay-palma-mallorca-best-hotels\/\" target=\"_blank\" class=\"\" rel=\"noreferrer noopener\">Onde ficar em Palma de Maiorca<\/a><\/li>\n\n\n\n<li><a class=\"\" href=\"https:\/\/zigzagonearth.com\/best-things-do-mallorca\/\" target=\"_blank\" rel=\"noreferrer noopener\">As melhores coisas para fazer em Mallorca<\/a><\/li>\n<\/ul>\n<\/div>\n<\/div>\n<\/div><\/div><\/div>\n\n<h2 class=\"wp-block-heading\" id=\"tab-con-6\"><strong>Praia das Achadas da Cruz<\/strong><\/h2>\n\n<p>Existe uma pequena praia em Achadas da Cruz.<br\/>\u00c9 uma praia de calhau, com rochas bastante grandes, por isso traga sapatos de \u00e1gua se tenciona nadar.<br\/>Aparentemente, este \u00e9 tamb\u00e9m um \u00f3timo local para a pr\u00e1tica de surf quando as condi\u00e7\u00f5es s\u00e3o boas.<\/p>\n\n<figure class=\"wp-block-image size-large\"><img decoding=\"async\" src=\"https:\/\/photos.smugmug.com\/Travel\/Madeira\/3k-Teleferico-das-Achadas-da-Cruz\/i-jzCHvMC\/1\/c8efe476\/L\/Teleferico_das_Achadas_da_Cruz_Madeira-8743-L.jpg\" alt=\"Praia das Achadas da Cruz\"\/><figcaption class=\"wp-element-caption\"><strong>Praia das Achadas da Cruz<\/strong><\/figcaption><\/figure>\n\n<h2 class=\"wp-block-heading\" id=\"tab-con-8\"><strong>Caminhada Vereda do Calhau em Achadas da Cruz<\/strong><\/h2>\n\n<p>Se n\u00e3o quiser apanhar o telef\u00e9rico, ou se quiser apenas subir ou descer, pode tamb\u00e9m aceder gratuitamente \u00e0 ba\u00eda atrav\u00e9s do percurso pedestre Verada do Calhau.<br\/>N\u00e3o fui eu que o fiz, mas o sinal mostra-o:<\/p>\n\n<ul class=\"wp-block-list\">\n<li>Dist\u00e2ncia = 4,5 km (2,8 milhas) s\u00f3 ida<\/li>\n\n\n\n<li>Tempo = 2 horas de ida<\/li>\n\n\n\n<li>Declive acentuado com escadas em algumas sec\u00e7\u00f5es (450 m de altitude)<\/li>\n\n\n\n<li>Algumas sec\u00e7\u00f5es com caminho exposto, mas nada muito estreito<\/li>\n<\/ul>\n\n<p>No entanto, li o relat\u00f3rio de algu\u00e9m que o fez e disse que eram apenas 2 km.<\/p>\n\n<figure class=\"wp-block-image\"><img decoding=\"async\" src=\"https:\/\/photos.smugmug.com\/Travel\/Madeira\/3k-Teleferico-das-Achadas-da-Cruz\/i-3nnqZKM\/1\/3bfa0383\/L\/Teleferico_das_Achadas_da_Cruz_Madeira-7141477-L.jpg\" alt=\"Caminhada Vereda do Calhau em Achadas da Cruz\" title=\"Caminhada Vereda do Calhau em Achadas da Cruz\"\/><\/figure>\n\n<p>Se decidir subir, o trilho n\u00e3o est\u00e1 indicado.<\/p>\n\n<p>Siga o caminho de terra batida para norte a partir da esta\u00e7\u00e3o inferior durante cerca de 500 m.<br\/>No interior de uma fenda na fal\u00e9sia, encontra um poste de madeira que indica o in\u00edcio das escadas.<\/p>\n\n<h2 class=\"wp-block-heading\" id=\"t-1631864620065\"><strong>Outros miradouros na zona &#8211; Verada da Ladeira<\/strong><\/h2>\n\n<p>Entre o Porto Moniz e o telef\u00e9rico, pode tamb\u00e9m fazer um desvio r\u00e1pido para apreciar 2 miradouros:<br\/>Miradouro da Ponta da Ladeira e Miradouro da Pombais. Encontram-se no percurso pedestre da Verada da Ladeira.<\/p>\n\n<h3 class=\"wp-block-heading\"><strong>Miradouro da Ponta da Ladeira<\/strong><\/h3>\n\n<p>Para ter a melhor vista aqui, des\u00e7a alguns metros no trilho pedestre.<br\/>Daqui, avista-se ao longe a Faj\u00e3 das Achadas da Cruz.<\/p>\n\n<figure class=\"wp-block-image\"><img decoding=\"async\" src=\"https:\/\/photos.smugmug.com\/Travel\/Madeira\/3i-Miradouro-da-Ponta-da-Ladeira\/i-V7b8LQc\/1\/c4d64f31\/L\/Miradouro_da_Ponta_da_Ladeira_Madeira-8722-L.jpg\" alt=\"Miradouro da Ponta da Ladeira\" title=\"Miradouro da Ponta da Ladeira\"\/><\/figure>\n\n<h3 class=\"wp-block-heading\"><strong>Miradouro da Pombais<\/strong><\/h3>\n\n<p>Este outro ponto de vista est\u00e1 muito pr\u00f3ximo do primeiro.<br\/>As vistas n\u00e3o s\u00e3o t\u00e3o boas, mas pode ver de perto uma levada, o sistema de irriga\u00e7\u00e3o tradicional.<\/p>\n\n<figure class=\"wp-block-image\"><img decoding=\"async\" src=\"https:\/\/photos.smugmug.com\/Travel\/Madeira\/3j-Miradouro-dos-Pombais\/i-x8CHCsp\/1\/4ae7d807\/L\/Miradouro_das_Pombais_Madeira-7141458-L.jpg\" alt=\"Miradouro da Pombais\" title=\"Miradouro da Pombais\"\/><\/figure>\n\n<p><strong><strong>Quer ver mais das melhores ofertas da Madeira?<\/strong><\/strong><\/p>\n\n<ul class=\"wp-block-list\">\n<li>42 dicas da Madeira para planear uma viagem inesquec\u00edvel &#8211; <a style=\"outline: none;\" href=\"https:\/\/www.zigzagonearth.com\/pt-pt\/madeira-viagem-dicas-guia\/\" target=\"_blank\" rel=\"noopener\">ler artigo<\/a><\/li>\n\n\n\n<li>Onde ficar na Madeira &#8211; melhores zonas &#8211; <a style=\"outline: none;\" href=\"https:\/\/www.zigzagonearth.com\/pt-pt\/onde-ficar-madeira-melhores-zonas\/\" target=\"_blank\" rel=\"noopener\">ler artigo<\/a><\/li>\n\n\n\n<li>As melhores paisagens da Madeira em 40 imagens &#8211; <a style=\"outline: none;\" href=\"https:\/\/www.zigzagonearth.com\/pt-pt\/melhores-paisagens-madeira-fotos\/\" target=\"_blank\" rel=\"noopener\">ler artigo<\/a><\/li>\n\n\n\n<li>10 melhores caminhadas e levadas na Madeira &#8211; <a style=\"outline: none;\" href=\"https:\/\/www.zigzagonearth.com\/pt-pt\/melhores-caminhadas-madeira-levada\/\" target=\"_blank\" rel=\"noopener\">ver artigo<\/a><\/li>\n\n\n\n<li>Dicas para alugar um carro e passear pela Madeira &#8211; <a style=\"outline: none;\" href=\"https:\/\/www.zigzagonearth.com\/pt-pt\/madeira-guia-viagem\/\" target=\"_blank\" rel=\"noopener\">leia o artigo<\/a><\/li>\n\n\n\n<li>12 j\u00f3ias escondidas da Madeira &#8211; <a style=\"outline: none;\" href=\"https:\/\/www.zigzagonearth.com\/pt-pt\/secret-places-madeira-hidden-gems-2\/\" target=\"_blank\" rel=\"noopener\">leia o artigo<\/a><\/li>\n\n\n\n<li>4 Piscinas Naturais da Madeira (e 6 alternativas costeiras) &#8211; <a style=\"outline: none;\" href=\"https:\/\/www.zigzagonearth.com\/pt-pt\/madeira-natural-pools-volcanic-2\/\" target=\"_blank\" rel=\"noopener\">ler artigo<\/a><\/li>\n\n\n\n<li>18 melhores praias da Madeira &#8211; <a style=\"outline: none;\" href=\"https:\/\/www.zigzagonearth.com\/pt-pt\/melhores-praias-madeira\/\" target=\"_blank\" rel=\"noopener\">ler artigo<\/a><\/li>\n\n\n\n<li>7 melhores passeios e viagens de barco na Madeira &#8211; <a style=\"outline: none;\" href=\"https:\/\/www.zigzagonearth.com\/pt-pt\/madeira-passeios-barco-viagens\/\" target=\"_blank\" rel=\"noopener\">leia o artigo<\/a><\/li>\n<\/ul>\n\n<p><strong>Est\u00e1 a planear uma viagem \u00e0 Madeira?<\/strong><\/p>\n\n<p>Consulte o meu guia de viagem para o ajudar a planear:<\/p>\n\n<div style=\"margin-top:8%;margin-bottom:8%\" class=\"wp-block-genesis-blocks-gb-container box_ebook gb-block-container\"><div class=\"gb-container-inside\"><div class=\"gb-container-content\">\n<h5 class=\"wp-block-heading box_titre_ebook\">Planeie a sua <u>viagem de sonho<\/u> na <strong>Madeira<\/strong> gra\u00e7as ao meu guia (s\u00f3 em ingl\u00eas):<\/h5>\n\n\n\n<div class=\"wp-block-columns box_colonnes_ebook is-layout-flex wp-container-core-columns-is-layout-9d6595d7 wp-block-columns-is-layout-flex\">\n<div class=\"wp-block-column is-layout-flow wp-block-column-is-layout-flow\">\n<figure class=\"wp-block-image size-large img_ebook\"><a href=\"https:\/\/www.zigzagonearth.com\/photograph-madeira-travel-guide\/\"><img decoding=\"async\" src=\"https:\/\/www.zigzagonearth.com\/wp-content\/uploads\/2021\/08\/small-Madeira-ebook-cover.jpg\" alt=\"Guia de Viagem eBook Mallorca\"\/><\/a><\/figure>\n<\/div>\n\n\n\n<div class=\"wp-block-column is-layout-flow wp-block-column-is-layout-flow\">\n<ul class=\"box_liste wp-block-list\" style=\"font-size:16px\">\n<li>7 mapas para planear facilmente o seu itiner\u00e1rio<\/li>\n\n\n\n<li>Mais de 120 locais pr\u00e9-seleccionados<\/li>\n\n\n\n<li>Coordenadas GPS directas para os parques de estacionamento<\/li>\n\n\n\n<li>Dicas para aproveitar melhor o seu tempo<\/li>\n\n\n\n<li>Mais de 260 fotografias originais para o ajudar a escolher<\/li>\n<\/ul>\n\n\n\n<div class=\"wp-block-buttons box_colonne_bouton_ebook is-content-justification-left is-layout-flex wp-container-core-buttons-is-layout-fdcfc74e wp-block-buttons-is-layout-flex\">\n<div class=\"wp-block-button box_bouton box_bouton_ebook\"><a class=\"wp-block-button__link wp-element-button\" href=\"https:\/\/www.zigzagonearth.com\/photograph-madeira-travel-guide\/\" target=\"_blank\" rel=\"noreferrer noopener\">Descubra-o! (s\u00f3 em ingl\u00eas)<span class=\"box_bouton_image\"><\/span><\/a><\/div>\n<\/div>\n<\/div>\n<\/div>\n<\/div><\/div><\/div>\n\n<p class=\"has-text-align-left\"><strong>E acompanhe a sua pr\u00f3pria viagem!<\/strong><\/p>\n\n<figure class=\"wp-block-image\"><a href=\"https:\/\/www.amazon.com\/dp\/B09LWJVR7V?&amp;linkCode=ll1&amp;tag=zigzagus-20&amp;linkId=68c8b70c27e0fbe67205f404e3f1805a&amp;language=en_US&amp;ref_=as_li_ss_tl\" target=\"_blank\" rel=\"nofollow noopener\"><img decoding=\"async\" src=\"\/\/www.zigzagonearth.com\/wp-content\/uploads\/2021\/11\/Madeira-travel-Journal.jpg\" alt=\"Di&#xE1;rio de viagem da Madeira\" title=\"Di&#xE1;rio de viagem da Madeira\"\/><\/a><\/figure>\n\n<p>Quer ver mais da MADEIRA?<\/p>\n\n<p><strong>ANTERIOR:  <\/strong><\/p>\n\n<p class=\"has-text-align-left\"><strong><a href=\"https:\/\/www.zigzagonearth.com\/pt-pt\/porto-moniz-madeira\/\" target=\"_blank\" rel=\"noopener\">Coisas para fazer em Porto Moniz, Madeira<\/a><\/strong><\/p>\n\n<p><strong>SEGUINTE:  <\/strong><\/p>\n\n<p class=\"has-text-align-left\"><strong><strong><a href=\"https:\/\/www.zigzagonearth.com\/pt-pt\/ilheus-ribeira-da-janela-madeira\/\" target=\"_blank\" rel=\"noopener\">Ilh\u00e9us da Ribeira da Janela<\/a><\/strong><\/strong><\/p>\n\n<figure class=\"wp-block-image\"><a href=\"https:\/\/www.zigzagonearth.com\/pt-pt\/madeira-guia-viagem\/\" target=\"_blank\" rel=\"noopener\"><img decoding=\"async\" src=\"\/\/www.zigzagonearth.com\/wp-content\/uploads\/2021\/08\/Madeira-Travel-Guide.jpg\" alt=\"Guia de viagem da Madeira\" title=\"Guia de viagem da Madeira\"\/><\/a><\/figure>\n\n<p class=\"has-text-align-left\"><strong>Est\u00e1 inspirado? Partilhe-o na sua plataforma favorita!<\/strong><\/p>\n","protected":false},"excerpt":{"rendered":"<p>Descubra o telef\u00e9rico das Achadas da Cruz na Madeira: Abaixo est\u00e1 o meu guia para o ajudar a planear a sua visita com dicas, fotografias e mapa. Porqu\u00ea visitar o telef\u00e9rico das Achadas da Cruz perto do Porto Moniz? Andar pelo menos num dos telef\u00e9ricos da Madeira \u00e9 uma das melhores coisas para fazer na [&hellip;]<\/p>\n","protected":false},"author":1,"featured_media":58547,"comment_status":"closed","ping_status":"closed","sticky":false,"template":"","format":"standard","meta":{"_genesis_hide_title":false,"_genesis_hide_breadcrumbs":false,"_genesis_hide_singular_image":false,"_genesis_hide_footer_widgets":false,"_genesis_custom_body_class":"","_genesis_custom_post_class":"","_genesis_layout":"full-width-content","footnotes":""},"categories":[529],"tags":[],"class_list":{"0":"post-68239","1":"post","2":"type-post","3":"status-publish","4":"format-standard","5":"has-post-thumbnail","7":"category-madeira-pt-pt","8":"entry"},"yoast_head":"<!-- This site is optimized with the Yoast SEO plugin v27.2 - https:\/\/yoast.com\/product\/yoast-seo-wordpress\/ -->\n<title>Telef\u00e9rico das Achadas da Cruz (Madeira) - Dicas + Fotos<\/title>\n<meta name=\"description\" content=\"Planeie a sua visita ao telef\u00e9rico das Achadas da Cruz (na Madeira) - Dicas + Fotos: acesso, parque de estacionamento, inclina\u00e7\u00e3o acentuada, passeio na praia, fal\u00e9sias...\" \/>\n<meta name=\"robots\" content=\"index, follow, max-snippet:-1, max-image-preview:large, max-video-preview:-1\" \/>\n<link rel=\"canonical\" href=\"https:\/\/www.zigzagonearth.com\/pt-pt\/achadas-da-cruz-teleferico-madeira\/\" \/>\n<meta property=\"og:locale\" content=\"pt_PT\" \/>\n<meta property=\"og:type\" content=\"article\" \/>\n<meta property=\"og:title\" content=\"Telef\u00e9rico das Achadas da Cruz (Madeira) - Dicas + Fotos\" \/>\n<meta property=\"og:description\" content=\"Planeie a sua visita ao telef\u00e9rico das Achadas da Cruz (na Madeira) - Dicas + Fotos: acesso, parque de estacionamento, inclina\u00e7\u00e3o acentuada, passeio na praia, fal\u00e9sias...\" \/>\n<meta property=\"og:url\" content=\"https:\/\/www.zigzagonearth.com\/pt-pt\/achadas-da-cruz-teleferico-madeira\/\" \/>\n<meta property=\"og:site_name\" content=\"ZigZagonEarth\" \/>\n<meta property=\"article:publisher\" content=\"https:\/\/www.facebook.com\/zigzagonearth\" \/>\n<meta property=\"article:author\" content=\"https:\/\/www.facebook.com\/zigzagonearth\" \/>\n<meta property=\"article:published_time\" content=\"2021-09-17T09:47:10+00:00\" \/>\n<meta property=\"article:modified_time\" content=\"2023-11-01T10:22:13+00:00\" \/>\n<meta property=\"og:image\" content=\"http:\/\/www.zigzagonearth.com\/wp-content\/uploads\/2021\/09\/FB-Teleferico-das-Achadas-da-Cruz-cable-car-Madeira.jpg\" \/>\n<meta name=\"author\" content=\"Claire\" \/>\n<meta name=\"twitter:card\" content=\"summary_large_image\" \/>\n<meta name=\"twitter:creator\" content=\"@ZigZagOnEarth\" \/>\n<meta name=\"twitter:site\" content=\"@ZigZagOnEarth\" \/>\n<meta name=\"twitter:label1\" content=\"Escrito por\" \/>\n\t<meta name=\"twitter:data1\" content=\"Claire\" \/>\n\t<meta name=\"twitter:label2\" content=\"Tempo estimado de leitura\" \/>\n\t<meta name=\"twitter:data2\" content=\"9 minutos\" \/>\n<script type=\"application\/ld+json\" class=\"yoast-schema-graph\">{\"@context\":\"https:\/\/schema.org\",\"@graph\":[{\"@type\":\"Article\",\"@id\":\"https:\/\/www.zigzagonearth.com\/pt-pt\/achadas-da-cruz-teleferico-madeira\/#article\",\"isPartOf\":{\"@id\":\"https:\/\/www.zigzagonearth.com\/pt-pt\/achadas-da-cruz-teleferico-madeira\/\"},\"author\":{\"name\":\"Claire\",\"@id\":\"https:\/\/www.zigzagonearth.com\/pt-pt\/#\/schema\/person\/0498142e0cb256f21659d85ef6bca599\"},\"headline\":\"Telef\u00e9rico das Achadas da Cruz (Madeira) &#8211; Dicas + Fotos\",\"datePublished\":\"2021-09-17T09:47:10+00:00\",\"dateModified\":\"2023-11-01T10:22:13+00:00\",\"mainEntityOfPage\":{\"@id\":\"https:\/\/www.zigzagonearth.com\/pt-pt\/achadas-da-cruz-teleferico-madeira\/\"},\"wordCount\":1785,\"image\":{\"@id\":\"https:\/\/www.zigzagonearth.com\/pt-pt\/achadas-da-cruz-teleferico-madeira\/#primaryimage\"},\"thumbnailUrl\":\"https:\/\/www.zigzagonearth.com\/wp-content\/uploads\/2021\/09\/Teleferico-das-Achadas-da-Cruz-cable-car-Madeira.jpg\",\"articleSection\":[\"Madeira\"],\"inLanguage\":\"pt-PT\"},{\"@type\":\"WebPage\",\"@id\":\"https:\/\/www.zigzagonearth.com\/pt-pt\/achadas-da-cruz-teleferico-madeira\/\",\"url\":\"https:\/\/www.zigzagonearth.com\/pt-pt\/achadas-da-cruz-teleferico-madeira\/\",\"name\":\"Telef\u00e9rico das Achadas da Cruz (Madeira) - Dicas + Fotos\",\"isPartOf\":{\"@id\":\"https:\/\/www.zigzagonearth.com\/pt-pt\/#website\"},\"primaryImageOfPage\":{\"@id\":\"https:\/\/www.zigzagonearth.com\/pt-pt\/achadas-da-cruz-teleferico-madeira\/#primaryimage\"},\"image\":{\"@id\":\"https:\/\/www.zigzagonearth.com\/pt-pt\/achadas-da-cruz-teleferico-madeira\/#primaryimage\"},\"thumbnailUrl\":\"https:\/\/www.zigzagonearth.com\/wp-content\/uploads\/2021\/09\/Teleferico-das-Achadas-da-Cruz-cable-car-Madeira.jpg\",\"datePublished\":\"2021-09-17T09:47:10+00:00\",\"dateModified\":\"2023-11-01T10:22:13+00:00\",\"author\":{\"@id\":\"https:\/\/www.zigzagonearth.com\/pt-pt\/#\/schema\/person\/0498142e0cb256f21659d85ef6bca599\"},\"description\":\"Planeie a sua visita ao telef\u00e9rico das Achadas da Cruz (na Madeira) - Dicas + Fotos: acesso, parque de estacionamento, inclina\u00e7\u00e3o acentuada, passeio na praia, fal\u00e9sias...\",\"breadcrumb\":{\"@id\":\"https:\/\/www.zigzagonearth.com\/pt-pt\/achadas-da-cruz-teleferico-madeira\/#breadcrumb\"},\"inLanguage\":\"pt-PT\",\"potentialAction\":[{\"@type\":\"ReadAction\",\"target\":[\"https:\/\/www.zigzagonearth.com\/pt-pt\/achadas-da-cruz-teleferico-madeira\/\"]}]},{\"@type\":\"ImageObject\",\"inLanguage\":\"pt-PT\",\"@id\":\"https:\/\/www.zigzagonearth.com\/pt-pt\/achadas-da-cruz-teleferico-madeira\/#primaryimage\",\"url\":\"https:\/\/www.zigzagonearth.com\/wp-content\/uploads\/2021\/09\/Teleferico-das-Achadas-da-Cruz-cable-car-Madeira.jpg\",\"contentUrl\":\"https:\/\/www.zigzagonearth.com\/wp-content\/uploads\/2021\/09\/Teleferico-das-Achadas-da-Cruz-cable-car-Madeira.jpg\",\"width\":250,\"height\":250},{\"@type\":\"BreadcrumbList\",\"@id\":\"https:\/\/www.zigzagonearth.com\/pt-pt\/achadas-da-cruz-teleferico-madeira\/#breadcrumb\",\"itemListElement\":[{\"@type\":\"ListItem\",\"position\":1,\"name\":\"Home\",\"item\":\"https:\/\/www.zigzagonearth.com\/pt-pt\/\"},{\"@type\":\"ListItem\",\"position\":2,\"name\":\"Telef\u00e9rico das Achadas da Cruz (Madeira) &#8211; Dicas + Fotos\"}]},{\"@type\":\"WebSite\",\"@id\":\"https:\/\/www.zigzagonearth.com\/pt-pt\/#website\",\"url\":\"https:\/\/www.zigzagonearth.com\/pt-pt\/\",\"name\":\"ZigZagonEarth\",\"description\":\"Plan unforgettable road trips!\",\"potentialAction\":[{\"@type\":\"SearchAction\",\"target\":{\"@type\":\"EntryPoint\",\"urlTemplate\":\"https:\/\/www.zigzagonearth.com\/pt-pt\/?s={search_term_string}\"},\"query-input\":{\"@type\":\"PropertyValueSpecification\",\"valueRequired\":true,\"valueName\":\"search_term_string\"}}],\"inLanguage\":\"pt-PT\"},{\"@type\":\"Person\",\"@id\":\"https:\/\/www.zigzagonearth.com\/pt-pt\/#\/schema\/person\/0498142e0cb256f21659d85ef6bca599\",\"name\":\"Claire\",\"image\":{\"@type\":\"ImageObject\",\"inLanguage\":\"pt-PT\",\"@id\":\"https:\/\/secure.gravatar.com\/avatar\/7a2d4fe6757ab43d35e1680834ada7bf24e3ceccf01b37a8d65bfb7e69ce6271?s=96&d=blank&r=g\",\"url\":\"https:\/\/secure.gravatar.com\/avatar\/7a2d4fe6757ab43d35e1680834ada7bf24e3ceccf01b37a8d65bfb7e69ce6271?s=96&d=blank&r=g\",\"contentUrl\":\"https:\/\/secure.gravatar.com\/avatar\/7a2d4fe6757ab43d35e1680834ada7bf24e3ceccf01b37a8d65bfb7e69ce6271?s=96&d=blank&r=g\",\"caption\":\"Claire\"},\"description\":\"Claire is the ultimate Travel Planning Geek - She can spend hours, weeks, months... researching for a trip. She created ZigZag On Earth to help people plan their own travels and make the most of their time.\",\"sameAs\":[\"https:\/\/www.facebook.com\/zigzagonearth\"]}]}<\/script>\n<!-- \/ Yoast SEO plugin. -->","yoast_head_json":{"title":"Telef\u00e9rico das Achadas da Cruz (Madeira) - Dicas + Fotos","description":"Planeie a sua visita ao telef\u00e9rico das Achadas da Cruz (na Madeira) - Dicas + Fotos: acesso, parque de estacionamento, inclina\u00e7\u00e3o acentuada, passeio na praia, fal\u00e9sias...","robots":{"index":"index","follow":"follow","max-snippet":"max-snippet:-1","max-image-preview":"max-image-preview:large","max-video-preview":"max-video-preview:-1"},"canonical":"https:\/\/www.zigzagonearth.com\/pt-pt\/achadas-da-cruz-teleferico-madeira\/","og_locale":"pt_PT","og_type":"article","og_title":"Telef\u00e9rico das Achadas da Cruz (Madeira) - Dicas + Fotos","og_description":"Planeie a sua visita ao telef\u00e9rico das Achadas da Cruz (na Madeira) - Dicas + Fotos: acesso, parque de estacionamento, inclina\u00e7\u00e3o acentuada, passeio na praia, fal\u00e9sias...","og_url":"https:\/\/www.zigzagonearth.com\/pt-pt\/achadas-da-cruz-teleferico-madeira\/","og_site_name":"ZigZagonEarth","article_publisher":"https:\/\/www.facebook.com\/zigzagonearth","article_author":"https:\/\/www.facebook.com\/zigzagonearth","article_published_time":"2021-09-17T09:47:10+00:00","article_modified_time":"2023-11-01T10:22:13+00:00","og_image":[{"url":"http:\/\/www.zigzagonearth.com\/wp-content\/uploads\/2021\/09\/FB-Teleferico-das-Achadas-da-Cruz-cable-car-Madeira.jpg","type":"","width":"","height":""}],"author":"Claire","twitter_card":"summary_large_image","twitter_creator":"@ZigZagOnEarth","twitter_site":"@ZigZagOnEarth","twitter_misc":{"Escrito por":"Claire","Tempo estimado de leitura":"9 minutos"},"schema":{"@context":"https:\/\/schema.org","@graph":[{"@type":"Article","@id":"https:\/\/www.zigzagonearth.com\/pt-pt\/achadas-da-cruz-teleferico-madeira\/#article","isPartOf":{"@id":"https:\/\/www.zigzagonearth.com\/pt-pt\/achadas-da-cruz-teleferico-madeira\/"},"author":{"name":"Claire","@id":"https:\/\/www.zigzagonearth.com\/pt-pt\/#\/schema\/person\/0498142e0cb256f21659d85ef6bca599"},"headline":"Telef\u00e9rico das Achadas da Cruz (Madeira) &#8211; Dicas + Fotos","datePublished":"2021-09-17T09:47:10+00:00","dateModified":"2023-11-01T10:22:13+00:00","mainEntityOfPage":{"@id":"https:\/\/www.zigzagonearth.com\/pt-pt\/achadas-da-cruz-teleferico-madeira\/"},"wordCount":1785,"image":{"@id":"https:\/\/www.zigzagonearth.com\/pt-pt\/achadas-da-cruz-teleferico-madeira\/#primaryimage"},"thumbnailUrl":"https:\/\/www.zigzagonearth.com\/wp-content\/uploads\/2021\/09\/Teleferico-das-Achadas-da-Cruz-cable-car-Madeira.jpg","articleSection":["Madeira"],"inLanguage":"pt-PT"},{"@type":"WebPage","@id":"https:\/\/www.zigzagonearth.com\/pt-pt\/achadas-da-cruz-teleferico-madeira\/","url":"https:\/\/www.zigzagonearth.com\/pt-pt\/achadas-da-cruz-teleferico-madeira\/","name":"Telef\u00e9rico das Achadas da Cruz (Madeira) - Dicas + Fotos","isPartOf":{"@id":"https:\/\/www.zigzagonearth.com\/pt-pt\/#website"},"primaryImageOfPage":{"@id":"https:\/\/www.zigzagonearth.com\/pt-pt\/achadas-da-cruz-teleferico-madeira\/#primaryimage"},"image":{"@id":"https:\/\/www.zigzagonearth.com\/pt-pt\/achadas-da-cruz-teleferico-madeira\/#primaryimage"},"thumbnailUrl":"https:\/\/www.zigzagonearth.com\/wp-content\/uploads\/2021\/09\/Teleferico-das-Achadas-da-Cruz-cable-car-Madeira.jpg","datePublished":"2021-09-17T09:47:10+00:00","dateModified":"2023-11-01T10:22:13+00:00","author":{"@id":"https:\/\/www.zigzagonearth.com\/pt-pt\/#\/schema\/person\/0498142e0cb256f21659d85ef6bca599"},"description":"Planeie a sua visita ao telef\u00e9rico das Achadas da Cruz (na Madeira) - Dicas + Fotos: acesso, parque de estacionamento, inclina\u00e7\u00e3o acentuada, passeio na praia, fal\u00e9sias...","breadcrumb":{"@id":"https:\/\/www.zigzagonearth.com\/pt-pt\/achadas-da-cruz-teleferico-madeira\/#breadcrumb"},"inLanguage":"pt-PT","potentialAction":[{"@type":"ReadAction","target":["https:\/\/www.zigzagonearth.com\/pt-pt\/achadas-da-cruz-teleferico-madeira\/"]}]},{"@type":"ImageObject","inLanguage":"pt-PT","@id":"https:\/\/www.zigzagonearth.com\/pt-pt\/achadas-da-cruz-teleferico-madeira\/#primaryimage","url":"https:\/\/www.zigzagonearth.com\/wp-content\/uploads\/2021\/09\/Teleferico-das-Achadas-da-Cruz-cable-car-Madeira.jpg","contentUrl":"https:\/\/www.zigzagonearth.com\/wp-content\/uploads\/2021\/09\/Teleferico-das-Achadas-da-Cruz-cable-car-Madeira.jpg","width":250,"height":250},{"@type":"BreadcrumbList","@id":"https:\/\/www.zigzagonearth.com\/pt-pt\/achadas-da-cruz-teleferico-madeira\/#breadcrumb","itemListElement":[{"@type":"ListItem","position":1,"name":"Home","item":"https:\/\/www.zigzagonearth.com\/pt-pt\/"},{"@type":"ListItem","position":2,"name":"Telef\u00e9rico das Achadas da Cruz (Madeira) &#8211; Dicas + Fotos"}]},{"@type":"WebSite","@id":"https:\/\/www.zigzagonearth.com\/pt-pt\/#website","url":"https:\/\/www.zigzagonearth.com\/pt-pt\/","name":"ZigZagonEarth","description":"Plan unforgettable road trips!","potentialAction":[{"@type":"SearchAction","target":{"@type":"EntryPoint","urlTemplate":"https:\/\/www.zigzagonearth.com\/pt-pt\/?s={search_term_string}"},"query-input":{"@type":"PropertyValueSpecification","valueRequired":true,"valueName":"search_term_string"}}],"inLanguage":"pt-PT"},{"@type":"Person","@id":"https:\/\/www.zigzagonearth.com\/pt-pt\/#\/schema\/person\/0498142e0cb256f21659d85ef6bca599","name":"Claire","image":{"@type":"ImageObject","inLanguage":"pt-PT","@id":"https:\/\/secure.gravatar.com\/avatar\/7a2d4fe6757ab43d35e1680834ada7bf24e3ceccf01b37a8d65bfb7e69ce6271?s=96&d=blank&r=g","url":"https:\/\/secure.gravatar.com\/avatar\/7a2d4fe6757ab43d35e1680834ada7bf24e3ceccf01b37a8d65bfb7e69ce6271?s=96&d=blank&r=g","contentUrl":"https:\/\/secure.gravatar.com\/avatar\/7a2d4fe6757ab43d35e1680834ada7bf24e3ceccf01b37a8d65bfb7e69ce6271?s=96&d=blank&r=g","caption":"Claire"},"description":"Claire is the ultimate Travel Planning Geek - She can spend hours, weeks, months... researching for a trip. She created ZigZag On Earth to help people plan their own travels and make the most of their time.","sameAs":["https:\/\/www.facebook.com\/zigzagonearth"]}]}},"featured_image_src":"https:\/\/www.zigzagonearth.com\/wp-content\/uploads\/2021\/09\/Teleferico-das-Achadas-da-Cruz-cable-car-Madeira.jpg","featured_image_src_square":"https:\/\/www.zigzagonearth.com\/wp-content\/uploads\/2021\/09\/Teleferico-das-Achadas-da-Cruz-cable-car-Madeira.jpg","author_info":{"display_name":"Claire","author_link":"https:\/\/www.zigzagonearth.com\/pt-pt\/author\/zzoe\/"},"_links":{"self":[{"href":"https:\/\/www.zigzagonearth.com\/pt-pt\/wp-json\/wp\/v2\/posts\/68239","targetHints":{"allow":["GET"]}}],"collection":[{"href":"https:\/\/www.zigzagonearth.com\/pt-pt\/wp-json\/wp\/v2\/posts"}],"about":[{"href":"https:\/\/www.zigzagonearth.com\/pt-pt\/wp-json\/wp\/v2\/types\/post"}],"author":[{"embeddable":true,"href":"https:\/\/www.zigzagonearth.com\/pt-pt\/wp-json\/wp\/v2\/users\/1"}],"replies":[{"embeddable":true,"href":"https:\/\/www.zigzagonearth.com\/pt-pt\/wp-json\/wp\/v2\/comments?post=68239"}],"version-history":[{"count":0,"href":"https:\/\/www.zigzagonearth.com\/pt-pt\/wp-json\/wp\/v2\/posts\/68239\/revisions"}],"wp:featuredmedia":[{"embeddable":true,"href":"https:\/\/www.zigzagonearth.com\/pt-pt\/wp-json\/wp\/v2\/media\/58547"}],"wp:attachment":[{"href":"https:\/\/www.zigzagonearth.com\/pt-pt\/wp-json\/wp\/v2\/media?parent=68239"}],"wp:term":[{"taxonomy":"category","embeddable":true,"href":"https:\/\/www.zigzagonearth.com\/pt-pt\/wp-json\/wp\/v2\/categories?post=68239"},{"taxonomy":"post_tag","embeddable":true,"href":"https:\/\/www.zigzagonearth.com\/pt-pt\/wp-json\/wp\/v2\/tags?post=68239"}],"curies":[{"name":"wp","href":"https:\/\/api.w.org\/{rel}","templated":true}]}}