{"id":68234,"date":"2021-09-20T11:37:48","date_gmt":"2021-09-20T09:37:48","guid":{"rendered":"https:\/\/www.zigzagonearth.com\/ilheus-ribeira-da-janela-madeira\/"},"modified":"2026-07-15T21:07:55","modified_gmt":"2026-07-15T19:07:55","slug":"ilheus-ribeira-da-janela-madeira","status":"publish","type":"post","link":"https:\/\/www.zigzagonearth.com\/pt-pt\/ilheus-ribeira-da-janela-madeira\/","title":{"rendered":"Ribeira da Janela (Madeira) &#8211; Dicas de visita + fotos"},"content":{"rendered":"\n<p class=\"wp-block-paragraph\"><strong>Saia dos circuitos tur\u00edsticos habituais e fa\u00e7a uma paragem para ver as forma\u00e7\u00f5es rochosas no Ilh\u00e9u da Ribeira da Janela.<\/strong><br\/><strong>Segue-se o meu guia para planear a sua visita, incluindo:<\/strong><\/p>\n\n<ul class=\"wp-block-list\">\n<li><strong>Acesso, localiza\u00e7\u00e3o e mapa<\/strong><\/li>\n\n\n\n<li><strong>A aldeia e a igreja<\/strong><\/li>\n\n\n\n<li><strong>A praia, as fal\u00e9sias vulc\u00e2nicas, o miradouro e os rochedos<\/strong><\/li>\n\n\n\n<li><strong>As caminhadas &#8211; Verada e Levada da Ribeira da Janela<\/strong><\/li>\n<\/ul>\n\n<div class=\"wp-block-columns is-layout-flex wp-container-core-columns-is-layout-8f761849 wp-block-columns-is-layout-flex\">\n<div class=\"wp-block-column is-layout-flow wp-block-column-is-layout-flow\"><div class=\"wp-block-image\">\n<figure class=\"aligncenter size-full is-resized\"><img decoding=\"async\" src=\"https:\/\/www.zigzagonearth.com\/wp-content\/uploads\/2023\/09\/Ribeira-da-Janela-Madeira-3.jpg\" alt=\"Praia Ilheus da Ribeira da Janela Madeira Pin\" class=\"wp-image-14956\" style=\"width:300px;height:undefinedpx\"\/><\/figure>\n<\/div><\/div>\n\n\n\n<div class=\"wp-block-column is-layout-flow wp-block-column-is-layout-flow\"><\/div>\n<\/div>\n\n<h2 id=\"tab-con-10\" class=\"wp-block-heading\"><strong>Porqu\u00ea visitar a Ribeira da Janela na Madeira?<\/strong><\/h2>\n\n<p class=\"wp-block-paragraph\">Enquanto as pessoas se dirigem em massa a <a href=\"https:\/\/www.zigzagonearth.com\/pt-pt\/porto-moniz-madeira\/\" target=\"_blank\" rel=\"noopener\">Porto Moniz<\/a> e \u00e0s suas famosas piscinas naturais, a Ribeira da Janela \u00e9 frequentemente ignorada.<br\/>No entanto, tem sido um dos meus locais preferidos na ilha devido a:<\/p>\n\n<ul class=\"wp-block-list\">\n<li>As pilhas de marinhas situadas a poucos metros da costa,<\/li>\n\n\n\n<li>As ondas a baterem nas forma\u00e7\u00f5es rochosas,<\/li>\n\n\n\n<li>As fal\u00e9sias vulc\u00e2nicas e as suas estruturas bas\u00e1lticas,<\/li>\n\n\n\n<li>A escadaria para entrar num t\u00fanel nas fal\u00e9sias.<\/li>\n\n\n\n<li>Essas forma\u00e7\u00f5es rochosas s\u00e3o muito fotog\u00e9nicas!<\/li>\n<\/ul>\n\n<figure class=\"wp-block-image\"><img decoding=\"async\" src=\"https:\/\/photos.smugmug.com\/Travel\/Madeira\/Praia-Ilheus-da-Ribeira-da-Janela\/i-42DgSqp\/1\/300de185\/L\/Praia_Iheus_Ribeira_Janela_Madeira-7141400-L.jpg\" alt=\"visite a Ribeira da Janela na Madeira\" title=\"visite a Ribeira da Janela na Madeira\"\/><\/figure>\n\n<h3 class=\"wp-block-heading\"><strong>Sobre o nome Ribeira da Janela<\/strong><\/h3>\n\n<p class=\"wp-block-paragraph\">A maior das chamin\u00e9s do mar tem uma pequena janela cortada no seu interior. Da\u00ed o nome Ribeira da Janela, que significa &#8220;ribeira ou rio da janela&#8221;. <br\/>Mais fotografias ap\u00f3s as dicas de planeamento.<\/p>\n\n<h2 id=\"tab-con-1\" class=\"wp-block-heading\"><strong>Dicas de planeamento &#8211; Ribeira da Janela, Madeira<\/strong><\/h2>\n\n<h3 class=\"wp-block-heading\"><strong>Como chegar \u00e0 Ribeira da Janela<\/strong><\/h3>\n\n<ul class=\"wp-block-list\">\n<li>Situado no Oeste da Costa Norte<\/li>\n\n\n\n<li>Apenas a 5 minutos de carro a leste do Porto Moniz<\/li>\n\n\n\n<li><a href=\"https:\/\/www.zigzagonearth.com\/pt-pt\/o-que-fazer-funchal-madeira\/\" target=\"_blank\" rel=\"noopener\">Funchal<\/a> para Ribeira da Janela = 1h de carro<\/li>\n\n\n\n<li>Se n\u00e3o houver transportes p\u00fablicos f\u00e1ceis, deve alugar um carro<a style=\"outline: none;\" href=\"https:\/\/www.zigzagonearth.com\/pt-pt\/conduzir-madeira-aluguer-automoveis-dicas\/\" target=\"_blank\" rel=\"noopener\">(ver as minhas dicas<\/a>)<\/li>\n\n\n\n<li>Abaixo est\u00e1 um mapa para o localizar e orientar-se:<\/li>\n<\/ul>\n\n<figure class=\"wp-block-image size-large\"><img decoding=\"async\" src=\"https:\/\/www.zigzagonearth.com\/wp-content\/uploads\/2021\/09\/Map-Ribeira-da-Janela-Madeira-location.jpg\" alt=\"Mapa de localiza&#xE7;&#xE3;o da Ribeira da Janela Madeira\"\/><figcaption class=\"wp-element-caption\"><strong>Mapa de localiza\u00e7\u00e3o da Ribeira da Janela Madeira<\/strong><\/figcaption><\/figure>\n\n<p class=\"wp-block-paragraph\">Este destaque (com coordenadas GPS e dicas pr\u00e1ticas) est\u00e1 inclu\u00eddo no meu eBook Guia de Viagem que o ajuda a <a style=\"outline: none;\" href=\"https:\/\/www.zigzagonearth.com\/pt-pt\/madeira-viagem-dicas-guia\/\" target=\"_blank\" rel=\"noopener\">planear facilmente a sua viagem \u00e0 Madeira<\/a>:<\/p>\n\n<div class=\"wp-block-genesis-blocks-gb-container gb-block-container\" style=\"background-color:#ecd6da;padding-left:3%;padding-right:3%;padding-bottom:3%;padding-top:3%;margin-top:8%;margin-bottom:8%\"><div class=\"gb-container-inside\"><div class=\"gb-container-content\">\n<h5 class=\"wp-block-heading box_titre_ebook\">Planeie a sua <u>viagem de sonho<\/u> na <strong>Madeira<\/strong> gra\u00e7as ao meu guia (s\u00f3 em ingl\u00eas):<\/h5>\n\n\n\n<div class=\"wp-block-columns is-layout-flex wp-container-core-columns-is-layout-8f761849 wp-block-columns-is-layout-flex\">\n<div class=\"wp-block-column is-layout-flow wp-block-column-is-layout-flow\">\n<figure class=\"wp-block-image size-large\"><a href=\"https:\/\/www.zigzagonearth.com\/photograph-madeira-travel-guide\/\"><img decoding=\"async\" src=\"https:\/\/www.zigzagonearth.com\/wp-content\/uploads\/2021\/08\/small-Madeira-ebook-cover.jpg\" alt=\"Guia de Viagem eBook Mallorca\"\/><\/a><\/figure>\n<\/div>\n\n\n\n<div class=\"wp-block-column is-layout-flow wp-block-column-is-layout-flow\">\n<ul style=\"font-size:16px\" class=\"wp-block-list box_liste\">\n<li>7 mapas para planear facilmente o seu itiner\u00e1rio<\/li>\n\n\n\n<li>Mais de 120 locais pr\u00e9-seleccionados<\/li>\n\n\n\n<li>Coordenadas GPS directas para os parques de estacionamento<\/li>\n\n\n\n<li>Dicas para aproveitar melhor o seu tempo<\/li>\n\n\n\n<li>Mais de 260 fotografias originais para o ajudar a escolher<\/li>\n<\/ul>\n\n\n\n<div class=\"wp-block-buttons box_colonne_bouton_ebook is-content-justification-center is-layout-flex wp-container-core-buttons-is-layout-fe48e5de wp-block-buttons-is-layout-flex\">\n<div class=\"wp-block-button box_bouton box_bouton_ebook\"><a class=\"wp-block-button__link wp-element-button\" href=\"https:\/\/www.zigzagonearth.com\/photograph-madeira-travel-guide\/\" target=\"_blank\" rel=\"noreferrer noopener\">Descubra-o! (s\u00f3 em ingl\u00eas)<span class=\"box_bouton_image\"><\/span><\/a><\/div>\n<\/div>\n<\/div>\n<\/div>\n<\/div><\/div><\/div>\n\n<h3 class=\"wp-block-heading\"><strong>Dicas de visita  <\/strong><\/h3>\n\n<ul class=\"wp-block-list\">\n<li>Estrada em curva mas f\u00e1cil de conduzir, suficientemente larga com prote\u00e7\u00e3o<\/li>\n\n\n\n<li>Parque de estacionamento amplo<\/li>\n\n\n\n<li>Sanitas <\/li>\n\n\n\n<li>N\u00e3o \u00e9 f\u00e1cil caminhar na praia (grandes rochas), mas pode subir as escadas at\u00e9 ao miradouro<\/li>\n\n\n\n<li>Bar n\u00e3o muito longe da praia<\/li>\n\n\n\n<li>Excelente local para o nascer do sol<\/li>\n<\/ul>\n\n<figure class=\"wp-block-image size-large\"><img decoding=\"async\" src=\"https:\/\/photos.smugmug.com\/Travel\/Madeira\/Praia-Ilheus-da-Ribeira-da-Janela\/i-RVFdWM8\/1\/7ac19c0c\/L\/Praia_Iheus_Ribeira_Janela_Madeira-7141368-L.jpg\" alt=\"Parque de estacionamento da Ribeira da Janela\"\/><figcaption class=\"wp-element-caption\"><strong>Parque de estacionamento da Ribeira da Janela<\/strong><\/figcaption><\/figure>\n\n<div class=\"wp-block-genesis-blocks-gb-container gb-block-container\" style=\"background-color:#ecd6da;padding-left:3%;padding-right:3%;padding-bottom:3%;padding-top:3%;margin-top:8%;margin-bottom:8%\"><div class=\"gb-container-inside\"><div class=\"gb-container-content\">\n<div class=\"wp-block-columns box_colonne is-layout-flex wp-container-core-columns-is-layout-8f761849 wp-block-columns-is-layout-flex\">\n<div class=\"wp-block-column colonne is-layout-flow wp-block-column-is-layout-flow\" style=\"flex-basis:66.6%\">\n<h5 class=\"wp-block-heading box_titre\"><strong>Precisa de alugar um carro na Madeira?<\/strong><\/h5>\n\n\n\n<p class=\"box_intro wp-block-paragraph\">As minhas dicas:<\/p>\n\n\n\n<ul style=\"font-size:16px\" class=\"wp-block-list box_liste\">\n<li>Compare os pre\u00e7os na minha plataforma favorita: <a href=\"https:\/\/www.discovercars.com\/pt\/portugal\/madeira?a_aid=zigzag&amp;chan=ZZOE&amp;data2=madeira\" target=\"_blank\" rel=\"noreferrer noopener sponsored nofollow\">\n  <span style=\"text-decoration: underline;\">Discovercars.com<\/span>\n<\/a> &#8211; um dos s\u00edtios de compara\u00e7\u00e3o mais bem classificados!<\/li>\n\n\n\n<li>Escolha um autom\u00f3vel com pot\u00eancia suficiente para as estradas de montanha<\/li>\n\n\n\n<li>E escolha um carro n\u00e3o muito grande, para poder manobrar facilmente<\/li>\n\n\n\n<li>Considere a sua op\u00e7\u00e3o de cobertura total &#8211; para sua tranquilidade!  <\/li>\n\n\n\n<li><span style=\"text-decoration: underline;\">Reserve com anteced\u00eancia<\/span> para ter uma grande escolha de ve\u00edculos!<\/li>\n<\/ul>\n\n\n\n<div class=\"wp-block-columns box_barre_boutons is-layout-flex wp-container-core-columns-is-layout-8f761849 wp-block-columns-is-layout-flex\">\n<div class=\"wp-block-column is-vertically-aligned-center box_col_conseil is-layout-flow wp-block-column-is-layout-flow\">\n<p class=\"box_lien wp-block-paragraph\"><a href=\"https:\/\/www.zigzagonearth.com\/pt-pt\/alugar-carro-madeira-dicas\/\" target=\"_blank\" rel=\"noreferrer noopener\">Veja todas as minhas dicas<\/a><\/p>\n<\/div>\n\n\n\n<div class=\"wp-block-column box_col_bouton is-layout-flow wp-block-column-is-layout-flow\">\n<div class=\"wp-block-buttons box_bouton is-content-justification-left is-layout-flex wp-container-core-buttons-is-layout-63375db1 wp-block-buttons-is-layout-flex\">\n<div class=\"wp-block-button box_bouton\"><a class=\"wp-block-button__link wp-element-button\" href=\"https:\/\/www.discovercars.com\/portugal\/madeira?a_aid=zigzag&amp;chan=ZZOE&amp;data2=madeira\" target=\"_blank\" rel=\"noreferrer noopener\">Veja os carros dispon\u00edveis  <span class=\"box_bouton_image\"><img decoding=\"async\" style=\"width: 14px; height:14px;  \" src=\"https:\/\/www.zigzagonearth.com\/wp-content\/uploads\/2023\/08\/fleche.png\" alt=\"\"\/><\/span><\/a><\/div>\n<\/div>\n<\/div>\n<\/div>\n<\/div>\n\n\n\n<div class=\"wp-block-column colonne box_cafe_img is-layout-flow wp-block-column-is-layout-flow\" style=\"flex-basis:33.33%\"><div class=\"wp-block-image\">\n<figure class=\"aligncenter size-large is-resized\"><img loading=\"lazy\" decoding=\"async\" width=\"1024\" height=\"1024\" src=\"https:\/\/www.zigzagonearth.com\/wp-content\/uploads\/2023\/08\/003world-travel-car-01-1024x1024.webp\" alt=\"\" class=\"wp-image-16227\" style=\"width:288px;height:288px\" srcset=\"https:\/\/www.zigzagonearth.com\/wp-content\/uploads\/2023\/08\/003world-travel-car-01-1024x1024.webp 1024w, https:\/\/www.zigzagonearth.com\/wp-content\/uploads\/2023\/08\/003world-travel-car-01-300x300.webp 300w, https:\/\/www.zigzagonearth.com\/wp-content\/uploads\/2023\/08\/003world-travel-car-01-150x150.webp 150w, https:\/\/www.zigzagonearth.com\/wp-content\/uploads\/2023\/08\/003world-travel-car-01-768x768.webp 768w, https:\/\/www.zigzagonearth.com\/wp-content\/uploads\/2023\/08\/003world-travel-car-01-1536x1536.webp 1536w, https:\/\/www.zigzagonearth.com\/wp-content\/uploads\/2023\/08\/003world-travel-car-01-2048x2048.webp 2048w, https:\/\/www.zigzagonearth.com\/wp-content\/uploads\/2023\/08\/003world-travel-car-01-100x100.webp 100w, https:\/\/www.zigzagonearth.com\/wp-content\/uploads\/2023\/08\/003world-travel-car-01-600x600.webp 600w\" sizes=\"auto, (max-width: 1024px) 100vw, 1024px\" \/><\/figure>\n<\/div><\/div>\n<\/div>\n<\/div><\/div><\/div>\n\n<h3 class=\"wp-block-heading\"><strong>Onde ficar nas proximidades<\/strong><\/h3>\n\n<p class=\"wp-block-paragraph\">A Ribeira da Janela \u00e9 muito pequena. A principal zona de alojamento fica apenas a 5min de dist\u00e2ncia: Porto Moniz <\/p>\n\n<ul class=\"wp-block-list\">\n<li><strong>HOTEL 4 ESTRELAS &#8211;<\/strong> Aqua Natura Madeira, junto a algumas das piscinas naturais &#8211; <strong>\n  <strong>\n    <a href=\"https:\/\/www.booking.com\/hotel\/pt\/aqua-natura-madeira.en.html?aid=1164282&amp;no_rooms=1&amp;group_adults=2&amp;label=ZZ_Madeira\" target=\"_blank\" rel=\"noreferrer noopener sponsored nofollow\">Veja as fotos e a disponibilidade<\/a>\n  <\/strong>\n<\/strong><\/li>\n\n\n\n<li><strong>LARGE VILLA &#8211;<\/strong> Villa Porto Moniz, perto da marginal &#8211; <strong>\n  <strong>\n    <a href=\"https:\/\/www.booking.com\/hotel\/pt\/porto-moniz-villa-porto-moniz.en.html?aid=1164282&amp;no_rooms=1&amp;group_adults=2&amp;label=ZZ_Madeira\" target=\"_blank\" rel=\"noreferrer noopener sponsored nofollow\">Veja as fotos e a disponibilidade<\/a>\n  <\/strong>\n<\/strong><\/li>\n\n\n\n<li><strong>CASA DE ALUGUER &#8211;<\/strong> Ref\u00fagio do Ilh\u00e9u, em terreno superior &#8211; <strong>\n  <strong>\n    <a href=\"https:\/\/www.booking.com\/hotel\/pt\/refugio-do-ilheu.en.html?aid=1164282&amp;no_rooms=1&amp;group_adults=2&amp;label=ZZ_Madeira\" target=\"_blank\" rel=\"noreferrer noopener sponsored nofollow\">Veja as fotos e a disponibilidade<\/a>\n  <\/strong>\n<\/strong><\/li>\n\n\n\n<li><strong>\n  <strong>APARTAMENTO &#8211; <\/strong>\n<\/strong>Apartamento Vista Mar, com grande terra\u00e7o &#8211; <a href=\"https:\/\/www.booking.com\/hotel\/pt\/sea-view-apartment-porto-moniz.en.html?aid=1164282&amp;no_rooms=1&amp;group_adults=2&amp;label=ZZ_Madeira\" target=\"_blank\" rel=\"noreferrer noopener sponsored nofollow\">Veja as fotos e a disponibilidade<\/a><\/li>\n\n\n\n<li>ou <a href=\"https:\/\/www.booking.com\/searchresults.en.html?city=-2173164&amp;nflt=review_score%253D90%253Breview_score%253D80&amp;aid=1164282&amp;no_rooms=1&amp;group_adults=2&amp;label=ZZ_Madeira\" target=\"_blank\" rel=\"noreferrer noopener sponsored nofollow\">Veja as acomoda\u00e7\u00f5es mais bem avaliadas em Porto Moniz<\/a><\/li>\n\n\n\n<li>Mais dicas no <a style=\"outline: none;\" href=\"https:\/\/www.zigzagonearth.com\/pt-pt\/onde-ficar-madeira-melhores-zonas\/\" target=\"_blank\" rel=\"noopener\">meu artigo sobre onde ficar na Madeira<\/a><\/li>\n<\/ul>\n\n<h2 id=\"tab-con-2\" class=\"wp-block-heading\"><strong>Aldeia da Ribeira da Janela &#8211; igreja e central el\u00e9ctrica<\/strong><\/h2>\n\n<p class=\"wp-block-paragraph\">Ribeira \u00e9 uma pequena freguesia com menos de 300 habitantes.<br\/>As casas situam-se, na sua maioria, nas encostas do vale.<br\/>O vale \u00e9 atravessado pela ravina da Ribeira da Janela. \u00c9 uma das mais longas da Madeira. <\/p>\n\n<figure class=\"wp-block-image size-large\"><img decoding=\"async\" src=\"https:\/\/photos.smugmug.com\/Travel\/Madeira\/Praia-Ilheus-da-Ribeira-da-Janela\/i-Z6qPNkK\/1\/db3cb3c8\/L\/Praia_Iheus_Ribeira_Janela_Madeira-7141351-L.jpg\" alt=\"Igreja Matriz da Ribeira da Janela  \"\/><figcaption class=\"wp-element-caption\"><strong>Igreja Matriz da Ribeira da Janela  <\/strong><\/figcaption><\/figure>\n\n<p class=\"wp-block-paragraph\">Pode facilmente fazer uma paragem junto \u00e0 Igreja Matriz da Ribeira da Janela e na pra\u00e7a circundante.<br\/>Uma zona tranquila. \u00c9 poss\u00edvel observar a planta\u00e7\u00e3o em socalcos. O solo \u00e9 bastante f\u00e9rtil.<br\/>\u00c0 medida que continua a descer de carro em dire\u00e7\u00e3o \u00e0 praia, j\u00e1 consegue ver o topo do farol marinho mais alto a surgir.  <\/p>\n\n<figure class=\"wp-block-image size-large\"><img decoding=\"async\" src=\"https:\/\/photos.smugmug.com\/Travel\/Madeira\/Praia-Ilheus-da-Ribeira-da-Janela\/i-jvfWH56\/1\/41823927\/L\/Praia_Iheus_Ribeira_Janela_Madeira-7141361-L.jpg\" alt=\"Estrada de acesso &#xE0; Ribeira da Janela\"\/><figcaption class=\"wp-element-caption\"><strong>Estrada de acesso \u00e0 Ribeira da Janela<\/strong><\/figcaption><\/figure>\n\n<p class=\"wp-block-paragraph\">E, uma vez no fundo, ir\u00e1 reparar num edif\u00edcio em frente ao parque de estacionamento.<br\/>Trata-se de uma central el\u00e9trica que entrou em funcionamento em 1965.<br\/>Na Madeira, existem apenas duas ao n\u00edvel do mar; as restantes situam-se a altitudes mais elevadas.<br\/>A instala\u00e7\u00e3o \u00e9 totalmente autom\u00e1tica e operada \u00e0 dist\u00e2ncia. Utiliza a for\u00e7a da corrente de \u00e1gua para gerar eletricidade. <\/p>\n\n<figure class=\"wp-block-image size-large\"><img decoding=\"async\" src=\"https:\/\/photos.smugmug.com\/Travel\/Madeira\/Praia-Ilheus-da-Ribeira-da-Janela\/i-sJFbNpM\/1\/808b8503\/L\/Praia_Iheus_Ribeira_Janela_Madeira-7141399-L.jpg\" alt=\"Central el&#xE9;ctrica de RIbeira da Janela\"\/><figcaption class=\"wp-element-caption\"><strong>Central el\u00e9ctrica de RIbeira da Janela<\/strong><\/figcaption><\/figure>\n\n<div class=\"wp-block-genesis-blocks-gb-container gb-block-container\" style=\"background-color:#f7dfdf\"><div class=\"gb-container-inside\"><div class=\"gb-container-content\">\n<div class=\"wp-block-columns is-layout-flex wp-container-core-columns-is-layout-8f761849 wp-block-columns-is-layout-flex\">\n<div class=\"wp-block-column is-vertically-aligned-center is-layout-flow wp-block-column-is-layout-flow\" style=\"flex-basis:33.33%\"><div class=\"wp-block-image\">\n<figure class=\"aligncenter size-thumbnail\"><img loading=\"lazy\" decoding=\"async\" width=\"150\" height=\"150\" src=\"https:\/\/www.zigzagonearth.com\/wp-content\/uploads\/2026\/03\/ZigZag-activities-150x150.png\" alt=\"Atividades ZigZag\" class=\"wp-image-72250\" srcset=\"https:\/\/www.zigzagonearth.com\/wp-content\/uploads\/2026\/03\/ZigZag-activities-150x150.png 150w, https:\/\/www.zigzagonearth.com\/wp-content\/uploads\/2026\/03\/ZigZag-activities-300x300.png 300w, https:\/\/www.zigzagonearth.com\/wp-content\/uploads\/2026\/03\/ZigZag-activities-100x100.png 100w, https:\/\/www.zigzagonearth.com\/wp-content\/uploads\/2026\/03\/ZigZag-activities.png 400w\" sizes=\"auto, (max-width: 150px) 100vw, 150px\" \/><\/figure>\n<\/div><\/div>\n\n\n\n<div class=\"wp-block-column is-vertically-aligned-center is-layout-flow wp-block-column-is-layout-flow\" style=\"flex-basis:66.66%\">\n<p class=\"wp-block-paragraph\"><strong>As minhas atividades preferidas na Madeira<\/strong>:<\/p>\n\n\n\n<ul class=\"wp-block-list\">\n<li>Passeio de barco para ver as fal\u00e9sias e os golfinhos &#8211; <a href=\"https:\/\/www.getyourguide.com\/madere-l67\/observation-de-cetaces-tc49\/?partner_id=R3GYW4V&amp;cmp=ZZOE\" target=\"_blank\" rel=\"noreferrer noopener sponsored nofollow\"><strong>ver op\u00e7\u00f5es<\/strong><\/a><\/li>\n\n\n\n<li>Experi\u00eancia gastron\u00f3mica: degusta\u00e7\u00f5es, aulas de culin\u00e1ria\u2026 &#8211; <a href=\"https:\/\/www.getyourguide.com\/madere-l67\/visites-gastronomiques-locales-tc532\/?partner_id=R3GYW4V&amp;cmp=ZZOE\" target=\"_blank\" rel=\"noreferrer noopener sponsored nofollow\"><strong>ver op\u00e7\u00f5es<\/strong><\/a><\/li>\n\n\n\n<li>Canyoning &#8211; <strong><a href=\"https:\/\/www.getyourguide.com\/madere-l67\/canyoning-tc65\/?partner_id=R3GYW4V&amp;cmp=ZZOE\" target=\"_blank\" rel=\"noreferrer noopener sponsored nofollow\">ver op\u00e7\u00f5es<\/a><\/strong><\/li>\n<\/ul>\n<\/div>\n<\/div>\n<\/div><\/div><\/div>\n\n<h2 id=\"tab-con-3\" class=\"wp-block-heading\"><strong>Escada para o miradouro<\/strong><\/h2>\n\n<p class=\"wp-block-paragraph\">Uma vez fora do seu carro, tem 2 op\u00e7\u00f5es:<\/p>\n\n<ul class=\"wp-block-list\">\n<li>Passeio \u00e0 volta das fal\u00e9sias at\u00e9 \u00e0 praia<\/li>\n\n\n\n<li>ou subir as escadas para as fal\u00e9sias<\/li>\n<\/ul>\n\n<p class=\"wp-block-paragraph\">Penso que a segunda op\u00e7\u00e3o \u00e9 a melhor forma de desfrutar da descoberta da regi\u00e3o.<br\/>Veja como parece intrigante:<\/p>\n\n<figure class=\"wp-block-image\"><img decoding=\"async\" src=\"https:\/\/photos.smugmug.com\/Travel\/Madeira\/Praia-Ilheus-da-Ribeira-da-Janela\/i-hxKJZSt\/1\/fa502415\/L\/Praia_Iheus_Ribeira_Janela_Madeira-7141367-L.jpg\" alt=\"Escadaria na fal&#xE9;sia para o Miradouro Ilh&#xE9;us da Ribeira da Janela  \" title=\"Escadaria na fal&#xE9;sia para o Miradouro Ilh&#xE9;us da Ribeira da Janela  \"\/><\/figure>\n\n<p class=\"wp-block-paragraph\">Mas n\u00e3o perca a estrutura fascinante das fal\u00e9sias com colunas de basalto que foram pressionadas e torcidas.<\/p>\n\n<figure class=\"wp-block-image\"><img decoding=\"async\" src=\"https:\/\/photos.smugmug.com\/Travel\/Madeira\/Praia-Ilheus-da-Ribeira-da-Janela\/i-hSjGF9G\/1\/ade67c5e\/L\/Praia_Iheus_Ribeira_Janela_Madeira-7141369-L.jpg\" alt=\"Fal&#xE9;sias do Miradouro Ilh&#xE9;us da Ribeira da Janela  \" title=\"Fal&#xE9;sias do Miradouro Ilh&#xE9;us da Ribeira da Janela  \"\/><\/figure>\n\n<p class=\"wp-block-paragraph\">\u00c9 uma escada f\u00e1cil e pequena, que conduz ao interior das fal\u00e9sias escuras. \u00c9 muito divertido imaginar o que vai encontrar do outro lado (mesmo que saiba o que vai encontrar, porque fez a sua pesquisa LOL). <\/p>\n\n<figure class=\"wp-block-image\"><img decoding=\"async\" src=\"https:\/\/photos.smugmug.com\/Travel\/Madeira\/Praia-Ilheus-da-Ribeira-da-Janela\/i-twht6jK\/1\/3b682786\/L\/Praia_Iheus_Ribeira_Janela_Madeira-7141372-L.jpg\" alt=\"Escadaria na fal&#xE9;sia\" title=\"Escadaria na fal&#xE9;sia\"\/><\/figure>\n\n<p class=\"wp-block-paragraph\">Foi escavado um pequeno t\u00fanel para aceder a um miradouro.<br\/>Os madeirenses adoram mesmo t\u00faneis! Est\u00e3o por todo o lado. <\/p>\n\n<figure class=\"wp-block-image size-large\"><img decoding=\"async\" src=\"https:\/\/photos.smugmug.com\/Travel\/Madeira\/Praia-Ilheus-da-Ribeira-da-Janela\/i-PqdR8Vv\/1\/a711e85b\/L\/Praia_Iheus_Ribeira_Janela_Madeira-7141376-L.jpg\" alt=\"Miradouro Ilh&#xE9;us da Ribeira da Janela\"\/><figcaption class=\"wp-element-caption\"><strong>Miradouro Ilh\u00e9us da Ribeira da Janela<\/strong><\/figcaption><\/figure>\n\n<p class=\"wp-block-paragraph\">\u00c9 curioso como a perspetiva nos leva a engano.<br\/>Deste ponto de vista, parecem ser apenas duas ilhotas, quando na realidade s\u00e3o tr\u00eas.<br\/>Gostei imenso de descobrir a fal\u00e9sia e o t\u00fanel. No entanto, esta n\u00e3o \u00e9 a melhor vista para as forma\u00e7\u00f5es rochosas no mar.<br\/>Se os seus tornozelos forem suficientemente fortes, recomendo que des\u00e7a at\u00e9 \u00e0 praia e as observe a partir da foz do rio. <\/p>\n\n<figure class=\"wp-block-image size-large\"><img decoding=\"async\" src=\"https:\/\/photos.smugmug.com\/Travel\/Madeira\/Praia-Ilheus-da-Ribeira-da-Janela\/i-8PbXKs9\/1\/bdd08ea7\/L\/Praia_Iheus_Ribeira_Janela_Madeira-7141378-L.jpg\" alt=\"Miradouro da Ribeira da Janela\"\/><figcaption class=\"wp-element-caption\"><strong>Miradouro da Ribeira da Janela<\/strong><\/figcaption><\/figure>\n\n<div class=\"wp-block-genesis-blocks-gb-container gb-block-container\" style=\"background-color:#ecd6da;padding-left:3%;padding-right:3%;padding-bottom:3%;padding-top:3%;margin-top:8%;margin-bottom:8%\"><div class=\"gb-container-inside\"><div class=\"gb-container-content\">\n<h5 class=\"wp-block-heading box_titre_activite\">Onde ficar na Madeira?<\/h5>\n\n\n\n<div class=\"wp-block-columns box_colonne inverse is-layout-flex wp-container-core-columns-is-layout-8f761849 wp-block-columns-is-layout-flex\">\n<div class=\"wp-block-column colonne is-layout-flow wp-block-column-is-layout-flow\" style=\"flex-basis:75%\">\n<p class=\"box_intro wp-block-paragraph\">Os meus favoritos:<\/p>\n\n\n\n<ul class=\"wp-block-list box_liste\">\n<li>Para uma escolha de restaurantes e se n\u00e3o alugar um carro: <a href=\"https:\/\/www.booking.com\/searchresults.en.html?city=-2166199&amp;nflt=review_score%253D90&amp;aid=1164282&amp;no_rooms=1&amp;group_adults=2&amp;label=madeira\" target=\"_blank\" rel=\"noreferrer noopener sponsored nofollow\">veja as op\u00e7\u00f5es mais bem avaliadas no Funchal<\/a><\/li>\n\n\n\n<li>Resorts de luxo: <a href=\"https:\/\/www.booking.com\/searchresults.en.html?city=-2166199&amp;nflt=class%253D4%253Bclass%253D5%253Breview_score%253D90&amp;aid=1164282&amp;no_rooms=1&amp;group_adults=2&amp;label=madeira\" target=\"_blank\" rel=\"noreferrer noopener sponsored nofollow\">conhe\u00e7a a zona do Lido no Funchal<\/a><\/li>\n\n\n\n<li>Para uma praia de areia: <a href=\"https:\/\/www.booking.com\/searchresults.en.html?city=-2168376&amp;nflt=review_score%253D90&amp;aid=1164282&amp;no_rooms=1&amp;group_adults=2&amp;label=madeira\" target=\"_blank\" rel=\"noreferrer noopener sponsored nofollow\">veja as op\u00e7\u00f5es mais bem cotadas em Machico<\/a><\/li>\n\n\n\n<li>Para uma aldeia tranquila com belas paisagens: <a href=\"https:\/\/www.booking.com\/searchresults.en.html?city=-2173116&amp;nflt=review_score%253D90%253Breview_score%253D80&amp;aid=1164282&amp;no_rooms=1&amp;group_adults=2&amp;label=madeira\" target=\"_blank\" rel=\"noreferrer noopener sponsored nofollow\">veja as op\u00e7\u00f5es mais bem classificadas em Porto da Cruz<\/a><\/li>\n\n\n\n<li>Para uma localiza\u00e7\u00e3o pr\u00e1tica para explorar: <a href=\"https:\/\/www.booking.com\/searchresults.en.html?city=-2174445&amp;nflt=review_score%253D90%253Breview_score%253D80&amp;aid=1164282&amp;no_rooms=1&amp;group_adults=2&amp;label=madeira\" target=\"_blank\" rel=\"noreferrer noopener sponsored nofollow\">veja as op\u00e7\u00f5es mais bem cotadas na Ribeira Brava<\/a><\/li>\n\n\n\n<li>Para desfrutar das piscinas naturais: <a href=\"https:\/\/www.booking.com\/searchresults.en.html?city=-2173164&amp;nflt=review_score%253D90%253Breview_score%253D80&amp;aid=1164282&amp;no_rooms=1&amp;group_adults=2&amp;label=madeira\" target=\"_blank\" rel=\"noreferrer noopener sponsored nofollow\">veja as op\u00e7\u00f5es mais bem cotadas em Porto Moniz<\/a><\/li>\n<\/ul>\n\n\n\n<div class=\"wp-block-buttons box_bouton box_colonne_bouton_ebook box_barre_boutons is-content-justification-left is-layout-flex wp-container-core-buttons-is-layout-63375db1 wp-block-buttons-is-layout-flex\">\n<div class=\"wp-block-button box_bouton\"><a class=\"wp-block-button__link wp-element-button\" href=\"https:\/\/www.zigzagonearth.com\/pt-pt\/onde-ficar-madeira-melhores-zonas\/\" target=\"_blank\" rel=\"noreferrer noopener\">Veja o nosso artigo sobre onde ficar  <span class=\"box_bouton_image\"><img decoding=\"async\" style=\"width: 14px; height:14px;  \" src=\"https:\/\/www.zigzagonearth.com\/wp-content\/uploads\/2023\/08\/fleche.png\" alt=\"\"\/><\/span><span class=\"box_bouton_image\"><\/span><\/a><\/div>\n<\/div>\n<\/div>\n\n\n\n<div class=\"wp-block-column is-vertically-aligned-top colonne box_activite_img is-layout-flow wp-block-column-is-layout-flow\" style=\"flex-basis:25%\"><div class=\"wp-block-image\">\n<figure class=\"aligncenter size-large\"><img decoding=\"async\" src=\"https:\/\/photos.smugmug.com\/Travel\/Madeira\/Accommodation\/i-TtZHSRZ\/1\/7f80cf7d\/L\/Arco_da_Calheta_hotel_Madeira-8896-L.jpg\" alt=\"Piscina do Hotel Engenho Velho\"\/><\/figure>\n<\/div><\/div>\n<\/div>\n<\/div><\/div><\/div>\n\n<h2 id=\"tab-con-4\" class=\"wp-block-heading\"><strong>Praia Ilheus da Ribeira da Janela &#8211; praia e ilh\u00e9us<\/strong><\/h2>\n\n<p class=\"wp-block-paragraph\">Os ilh\u00e9us situam-se a cerca de 200 m da costa da Madeira (650 p\u00e9s), perto da foz do rio Ribeira da Janela.<br\/>S\u00e3o constitu\u00eddos por rochas vulc\u00e2nicas. Na verdade, existem 3 ilh\u00e9us.   <\/p>\n\n<ul class=\"wp-block-list\">\n<li>Ilheu Zinho, o mais pequeno,<\/li>\n\n\n\n<li>Ilh\u00e9u da Rama, o de tamanho m\u00e9dio,<\/li>\n\n\n\n<li>e o Ilh\u00e9u Alto (ou Ilh\u00e9u Comprido) o maior.<\/li>\n<\/ul>\n\n<figure class=\"wp-block-image\"><img decoding=\"async\" src=\"https:\/\/photos.smugmug.com\/Travel\/Madeira\/Praia-Ilheus-da-Ribeira-da-Janela\/i-6cXJ8r9\/1\/287db0e0\/L\/Praia_Iheus_Ribeira_Janela_Madeira-7141395-L.jpg\" alt=\"Praia Ilh&#xE9;us da Ribeira da Janela - pilhas de mar\" title=\"Praia Ilh&#xE9;us da Ribeira da Janela - pilhas de mar\"\/><\/figure>\n\n<p class=\"wp-block-paragraph\">O maior deles \u00e9 o mais famoso. Tem 40 m de altura (131 p\u00e9s), o equivalente a um edif\u00edcio de 13 andares.<br\/>No topo deste grande rochedo, existe um pequeno orif\u00edcio, denominado \u00abJanela\u00bb. Foi isto que deu o nome \u00e0 aldeia, ao rio e ao vale.<br\/>Na verdade, \u00e9 dif\u00edcil avistar o orif\u00edcio a partir da praia. No entanto, na imagem abaixo, \u00e9 poss\u00edvel observ\u00e1-lo. Trata-se da vista a partir do porto de Porto Moniz.    <\/p>\n\n<figure class=\"wp-block-image size-large\"><img decoding=\"async\" src=\"https:\/\/photos.smugmug.com\/Travel\/Madeira\/3l-Porto-Moniz\/i-LtQFDdb\/1\/9a78102e\/L\/harbor_Porto_Moniz_Madeira-7141667-L.jpg\" alt=\"Ilh&#xE9;us da Ribeira da Janela a partir de Porto Moniz\"\/><figcaption class=\"wp-element-caption\"><strong>Ilh\u00e9us da Ribeira da Janela a partir de Porto Moniz<\/strong><\/figcaption><\/figure>\n\n<h3 class=\"wp-block-heading\"><strong>Praia Ilh\u00e9us da Ribeira da Janela<\/strong><\/h3>\n\n<p class=\"wp-block-paragraph\">A praia \u00e9 composta por seixos e rochas.<br\/>N\u00e3o \u00e9 f\u00e1cil caminhar por ela.<br\/>Na mar\u00e9 baixa, algumas rochas ficam cobertas de algas, o que pode criar um primeiro plano colorido para as suas fotografias.<\/p>\n\n<figure class=\"wp-block-image size-large\"><img decoding=\"async\" src=\"https:\/\/photos.smugmug.com\/Travel\/Madeira\/Praia-Ilheus-da-Ribeira-da-Janela\/i-4M4pXDD\/1\/91833028\/L\/Praia_Iheus_Ribeira_Janela_Madeira-8711-L.jpg\" alt=\"Praia Ilheus da Ribeira da Janela - praia\"\/><figcaption class=\"wp-element-caption\"><strong>Praia Ilheus da Ribeira da Janela &#8211; praia<\/strong><\/figcaption><\/figure>\n\n<p class=\"wp-block-paragraph\">Em baixo, a foz do rio, que termina no oceano:<\/p>\n\n<figure class=\"wp-block-image\"><img decoding=\"async\" src=\"https:\/\/photos.smugmug.com\/Travel\/Madeira\/Praia-Ilheus-da-Ribeira-da-Janela\/i-DkJFfPV\/1\/108fab8b\/L\/Praia_Iheus_Ribeira_Janela_Madeira-7141394-L.jpg\" alt=\"Praia Ilh&#xE9;us da Ribeira da Janela 2\" title=\"Praia Ilh&#xE9;us da Ribeira da Janela 2\"\/><\/figure>\n\n<div class=\"wp-block-genesis-blocks-gb-container gb-block-container\" style=\"background-color:#ecd6da;padding-left:3%;padding-right:3%;padding-bottom:3%;padding-top:3%;margin-top:8%;margin-bottom:8%\"><div class=\"gb-container-inside\"><div class=\"gb-container-content\">\n<h5 class=\"wp-block-heading box_titre_ebook\">Planeie a sua <u>viagem de sonho<\/u> na <strong>Madeira<\/strong> gra\u00e7as ao meu guia (s\u00f3 em ingl\u00eas):<\/h5>\n\n\n\n<div class=\"wp-block-columns is-layout-flex wp-container-core-columns-is-layout-8f761849 wp-block-columns-is-layout-flex\">\n<div class=\"wp-block-column is-layout-flow wp-block-column-is-layout-flow\">\n<figure class=\"wp-block-image size-large\"><a href=\"https:\/\/www.zigzagonearth.com\/photograph-madeira-travel-guide\/\"><img decoding=\"async\" src=\"https:\/\/www.zigzagonearth.com\/wp-content\/uploads\/2021\/08\/small-Madeira-ebook-cover.jpg\" alt=\"Guia de Viagem eBook Mallorca\"\/><\/a><\/figure>\n<\/div>\n\n\n\n<div class=\"wp-block-column is-layout-flow wp-block-column-is-layout-flow\">\n<ul style=\"font-size:16px\" class=\"wp-block-list box_liste\">\n<li>7 mapas para planear facilmente o seu itiner\u00e1rio<\/li>\n\n\n\n<li>Mais de 120 locais pr\u00e9-seleccionados<\/li>\n\n\n\n<li>Coordenadas GPS directas para os parques de estacionamento<\/li>\n\n\n\n<li>Dicas para aproveitar melhor o seu tempo<\/li>\n\n\n\n<li>Mais de 260 fotografias originais para o ajudar a escolher<\/li>\n<\/ul>\n\n\n\n<div class=\"wp-block-buttons box_colonne_bouton_ebook is-content-justification-center is-layout-flex wp-container-core-buttons-is-layout-fe48e5de wp-block-buttons-is-layout-flex\">\n<div class=\"wp-block-button box_bouton box_bouton_ebook\"><a class=\"wp-block-button__link wp-element-button\" href=\"https:\/\/www.zigzagonearth.com\/photograph-madeira-travel-guide\/\" target=\"_blank\" rel=\"noreferrer noopener\">Descubra-o! (s\u00f3 em ingl\u00eas)<span class=\"box_bouton_image\"><\/span><\/a><\/div>\n<\/div>\n<\/div>\n<\/div>\n<\/div><\/div><\/div>\n\n<h2 id=\"tab-con-5\" class=\"wp-block-heading\"><strong>Estrada antiga e vista para o vale<\/strong><\/h2>\n\n<p class=\"wp-block-paragraph\">Para ter outra perspetiva das rochas, pode caminhar ou conduzir ao longo do tro\u00e7o da antiga estrada que contorna as fal\u00e9sias ocidentais, a caminho de Porto Moniz.<br\/>No entanto, tenha em aten\u00e7\u00e3o que n\u00e3o h\u00e1 muito espa\u00e7o para parar se for de carro.<\/p>\n\n<p class=\"wp-block-paragraph\">Est\u00e1 um pouco mais alto e v\u00ea claramente os 3 ilh\u00e9us. A partir daqui, pode ver uma pequena sec\u00e7\u00e3o da Janela no maior deles. <\/p>\n\n<figure class=\"wp-block-image\"><img decoding=\"async\" src=\"https:\/\/photos.smugmug.com\/Travel\/Madeira\/Praia-Ilheus-da-Ribeira-da-Janela\/i-pXJRbtT\/1\/85c7ec3f\/L\/Praia_Iheus_Ribeira_Janela_Madeira-7141420-L.jpg\" alt=\"Estrada antiga da Ribeira da Janela\" title=\"Estrada antiga da Ribeira da Janela\"\/><\/figure>\n\n<p class=\"wp-block-paragraph\">Al\u00e9m disso, tem tamb\u00e9m belas vistas do vale com as suas planta\u00e7\u00f5es em todo o lado poss\u00edvel nas encostas das montanhas.<\/p>\n\n<figure class=\"wp-block-image size-large\"><img decoding=\"async\" src=\"https:\/\/photos.smugmug.com\/Travel\/Madeira\/Praia-Ilheus-da-Ribeira-da-Janela\/i-zc7HmtL\/1\/43b55953\/L\/Praia_Iheus_Ribeira_Janela_Madeira-7141421-L.jpg\" alt=\"Vale da Ribeira da Janela\"\/><figcaption class=\"wp-element-caption\"><strong>Vale da Ribeira da Janela<\/strong><\/figcaption><\/figure>\n\n<figure class=\"wp-block-image\"><img decoding=\"async\" src=\"https:\/\/photos.smugmug.com\/Travel\/Madeira\/Praia-Ilheus-da-Ribeira-da-Janela\/i-bwgKhzN\/1\/69da7e9e\/L\/Praia_Iheus_Ribeira_Janela_Madeira-8715-L.jpg\" alt=\"Estrada velha Ribeira da Janela miradouro panorama\" title=\"Estrada velha Ribeira da Janela miradouro panorama\"\/><\/figure>\n\n<p class=\"wp-block-paragraph\">A estrada antiga leva-o de volta \u00e0 estrada circular principal \u00e0 volta da ilha e aos t\u00faneis em dire\u00e7\u00e3o a Porto Moniz.<\/p>\n\n<figure class=\"wp-block-image\"><img decoding=\"async\" src=\"https:\/\/photos.smugmug.com\/Travel\/Madeira\/Praia-Ilheus-da-Ribeira-da-Janela\/i-fpqLGhN\/1\/1707b990\/L\/Praia_Iheus_Ribeira_Janela_Madeira-7141422-L.jpg\" alt=\"Ver porto moniz\" title=\"Ver porto moniz\"\/><\/figure>\n\n<div class=\"wp-block-genesis-blocks-gb-container box gb-block-container\" style=\"margin-top:8%;margin-bottom:8%\"><div class=\"gb-container-inside\"><div class=\"gb-container-content\">\n<p class=\"wp-block-paragraph\"><strong>Planeie a sua viagem \u00e0 Madeira:<\/strong><\/p>\n\n\n\n<div class=\"wp-block-columns box_colonne_cc is-layout-flex wp-container-core-columns-is-layout-8f761849 wp-block-columns-is-layout-flex\">\n<div class=\"wp-block-column box_picto_c is-layout-flow wp-block-column-is-layout-flow\" style=\"flex-basis:5%\">\n<figure class=\"wp-block-image size-full is-resized box_picto\"><img decoding=\"async\" src=\"http:\/\/www.zigzagonearth.com\/wp-content\/uploads\/2023\/08\/&#x1F697;.png\" alt=\"\" class=\"wp-image-16341\" style=\"width:30px;height:31px\"\/><\/figure>\n<\/div>\n\n\n\n<div class=\"wp-block-column is-layout-flow wp-block-column-is-layout-flow\" style=\"flex-basis:95%\">\n<ul class=\"wp-block-list\">\n<li>Os meus itiner\u00e1rios: <a href=\"https:\/\/www.zigzagonearth.com\/pt-pt\/3-dias-madeira-fim-de-semana-itinerario\/\" target=\"_blank\" rel=\"noreferrer noopener\">3 dias &#8211; fim de semana<\/a>, <a href=\"https:\/\/www.zigzagonearth.com\/pt-pt\/4-dias-madeira-itinerario\/\" target=\"_blank\" rel=\"noreferrer noopener\">4 dias<\/a>, <a href=\"https:\/\/www.zigzagonearth.com\/pt-pt\/5-dias-madeira-itinerario\/\" target=\"_blank\" rel=\"noreferrer noopener\">5 dias<\/a>, <a href=\"https:\/\/www.zigzagonearth.com\/pt-pt\/uma-semana-madeira-7-dias-itinerario\/\" target=\"_blank\" rel=\"noreferrer noopener\" class=\"\">1 semana<\/a>, <a href=\"https:\/\/www.zigzagonearth.com\/pt-pt\/10-dias-madeira-itinerario\/\" target=\"_blank\" rel=\"noreferrer noopener\">10 dias <\/a><\/li>\n\n\n\n<li><a href=\"https:\/\/www.zigzagonearth.com\/pt-pt\/alugar-carro-madeira-dicas\/\" target=\"_blank\" rel=\"noreferrer noopener\">As minhas dicas para alugar um carro na Madeira<\/a><\/li>\n\n\n\n<li><a href=\"https:\/\/www.zigzagonearth.com\/pt-pt\/conduzir-madeira-aluguer-automoveis-dicas\/\" target=\"_blank\" rel=\"noreferrer noopener\">Guia para conduzir na Madeira<\/a><\/li>\n\n\n\n<li><a href=\"https:\/\/www.zigzagonearth.com\/pt-pt\/onde-ficar-madeira-melhores-zonas\/\" target=\"_blank\" rel=\"noreferrer noopener\">Onde ficar na Madeira<\/a><\/li>\n\n\n\n<li><a href=\"https:\/\/www.zigzagonearth.com\/pt-pt\/onde-ficar-funchal-melhores-hoteis\/\" target=\"_blank\" rel=\"noreferrer noopener\">Onde ficar no Funchal<\/a><\/li>\n\n\n\n<li><a href=\"https:\/\/www.zigzagonearth.com\/pt-pt\/o-que-fazer-madeira\/\" target=\"_blank\" rel=\"noreferrer noopener\">As melhores coisas para fazer na Madeira<\/a><\/li>\n<\/ul>\n<\/div>\n<\/div>\n<\/div><\/div><\/div>\n\n<h2 id=\"tab-con-6\" class=\"wp-block-heading\"><strong>Percursos pedestres &#8211; Verada \/ Levada da Ribeira da Janela<\/strong><\/h2>\n\n<p class=\"wp-block-paragraph\">V\u00e1rios trilhos para caminhadas partem da zona. N\u00e3o os misture! Os 2 principais s\u00e3o:  <\/p>\n\n<ul class=\"wp-block-list\">\n<li>A mais famosa \u00e9 a Levada da Ribeira da Janela. A oeste do rio e da praia. <\/li>\n\n\n\n<li>A outra \u00e9 a Verada, a leste do rio e da praia.<\/li>\n<\/ul>\n\n<h3 class=\"wp-block-heading\"><strong>Levada da Ribeira da Janela<\/strong><\/h3>\n\n<p class=\"wp-block-paragraph\">Parte de Lalmaceiros, perto de um pequeno restaurante (poucos lugares de estacionamento).<br\/>A caminhada segue uma levada, um sistema de irriga\u00e7\u00e3o tradicional.  <br\/>Tem 13 km de comprimento. E tem de percorrer o mesmo caminho de volta, pelo que pode andar o quanto quiser e voltar para tr\u00e1s. <\/p>\n\n<p class=\"wp-block-paragraph\">Este percurso tem muitos t\u00faneis. Come\u00e7am a surgir ap\u00f3s 3 a 4 quil\u00f3metros. \u00c9 essencial levar uma lanterna. E tenha cuidado com a cabe\u00e7a.<br\/>No entanto, este percurso est\u00e1 muito menos bem conservado do que todos <a style=\"outline: none;\" href=\"https:\/\/www.zigzagonearth.com\/pt-pt\/melhores-caminhadas-madeira-levada\/\" target=\"_blank\" rel=\"noopener\">os percursos mais famosos da ilha<\/a>. Por isso, tenha muito cuidado e preste aten\u00e7\u00e3o por onde anda. Numa determinada parte, existem buracos no caminho.     <\/p>\n\n<figure class=\"wp-block-image size-large\"><img decoding=\"async\" src=\"https:\/\/www.zigzagonearth.com\/wp-content\/uploads\/2021\/09\/Tunnel-Verada-LEvada-da-Ribeira-da-Janela.jpg\" alt=\"T&#xFA;nel ao longo da Levada da Ribeira da Janela\"\/><figcaption class=\"wp-element-caption\"><strong>T\u00fanel ao longo da Levada da Ribeira da Janela<\/strong><\/figcaption><\/figure>\n\n<h3 class=\"wp-block-heading\"><strong>Verada da Ribeira da Janela<\/strong><\/h3>\n\n<p class=\"wp-block-paragraph\">Para um passeio mais curto, pode fazer o percurso de 1h30 da Verada da Ribeira da Janela.<br\/>Situa-se entre a aldeia de Ribeira da Janela e uma zona florestal. <br\/>Segue um antigo caminho que era utilizado pelos habitantes locais para ir buscar lenha e tamb\u00e9m para se ligarem a outras partes da ilha, especialmente \u00e0 Ponta do Sol, na costa sul.<\/p>\n\n<h2 id=\"tab-con-7\" class=\"wp-block-heading\"><strong>Miradouro da Eira da Achada<\/strong><\/h2>\n\n<p class=\"wp-block-paragraph\">Se n\u00e3o se importar de conduzir mais um pouco, pode subir acima da praia da Ribeira da Janela para chegar a um miradouro virado para leste.<br\/>Trata-se do Miradouro da Eira da Achada.<br\/>H\u00e1 bastante espa\u00e7o de estacionamento para parar.<\/p>\n\n<figure class=\"wp-block-image\"><img decoding=\"async\" src=\"https:\/\/photos.smugmug.com\/Travel\/Madeira\/3f-Miradouro-da-Eira-da-Achada\/i-Q6JV8GC\/1\/0a1607b9\/L\/Miradouro_da_Eira_da_Achada_Madeira-7141350-L.jpg\" alt=\"Miradouro da Eira da Achada\" title=\"Miradouro da Eira da Achada\"\/><\/figure>\n\n<p class=\"wp-block-paragraph\">O miradouro bem conservado oferece belas vistas da costa norte da Madeira em dire\u00e7\u00e3o ao leste.<\/p>\n\n<figure class=\"wp-block-image\"><img decoding=\"async\" src=\"https:\/\/photos.smugmug.com\/Travel\/Madeira\/3f-Miradouro-da-Eira-da-Achada\/i-f3rWgVg\/1\/5b174fae\/L\/Miradouro_da_Eira_da_Achada_Madeira-7141346-L.jpg\" alt=\"Miradouro da Eira da Achada 2\" title=\"Miradouro da Eira da Achada 2\"\/><\/figure>\n\n<h2 id=\"tab-con-8\" class=\"wp-block-heading\"><strong>Coisas para fazer nas proximidades<\/strong><\/h2>\n\n<p class=\"wp-block-paragraph\">Pode facilmente combinar uma visita \u00e0 Ribeira da Janela com outras maravilhas naturais da regi\u00e3o:<\/p>\n\n<ul class=\"wp-block-list\">\n<li>A vila de Porto Moniz e as suas piscinas naturais com \u00e1guas \u00e0 volta de rochas l\u00e1vicas &#8211; <a style=\"outline: none;\" href=\"https:\/\/www.zigzagonearth.com\/pt-pt\/porto-moniz-madeira\/\" target=\"_blank\" rel=\"noopener\">leia o meu artigo<\/a><\/li>\n\n\n\n<li>A praia do Seixal &#8211; uma das raras praias de areia natural da ilha da Madeira, com areia preta, uma cascata e fal\u00e9sias exuberantes<\/li>\n\n\n\n<li>A piscina natural do Seixal com o impressionante arco feito de rocha l\u00e1vica &#8211; <a href=\"https:\/\/www.zigzagonearth.com\/pt-pt\/seixal-praias-piscinas-madeira\/\" target=\"_blank\" rel=\"noopener\">ler o artigo<\/a><\/li>\n\n\n\n<li>E mais para o interior, pode tamb\u00e9m descobrir o encanto da antiga Floresta do Fanal.<\/li>\n<\/ul>\n\n<figure class=\"wp-block-image\"><img decoding=\"async\" src=\"https:\/\/photos.smugmug.com\/Travel\/Madeira\/3m-Porto-Moniz-natural-pools\/i-8mNwWPF\/1\/29613651\/L\/natural_pools_Porto_Moniz_Madeira-7141615-L.jpg\" alt=\"Porto MOniz Piscinas naturais\" title=\"Porto MOniz Piscinas naturais\"\/><\/figure>\n\n<figure class=\"wp-block-image\"><img decoding=\"async\" src=\"https:\/\/photos.smugmug.com\/Travel\/Madeira\/3c-Seixal-beach\/i-Zf3DT5T\/1\/039d5760\/L\/Seixal_beach_black_sand_Madeira-7141185-L.jpg\" alt=\"Praia de areia preta do Seixal\" title=\"Praia de areia preta do Seixal\"\/><\/figure>\n\n<figure class=\"wp-block-image\"><img decoding=\"async\" src=\"https:\/\/photos.smugmug.com\/Travel\/Madeira\/3a-Seixal-pools\/i-5BqN2wn\/1\/82817980\/L\/Seixal_natural_pools_Madeira-8643-L.jpg\" alt=\"Piscinas naturais do Seixal\" title=\"Piscinas naturais do Seixal\"\/><\/figure>\n\n<p class=\"wp-block-paragraph\"><strong><strong>Quer ver mais das melhores ofertas da Madeira?<\/strong><\/strong><\/p>\n\n<ul class=\"wp-block-list\">\n<li>42 dicas de viagem na Madeira para planear uma viagem inesquec\u00edvel &#8211; <a style=\"outline: none;\" href=\"https:\/\/www.zigzagonearth.com\/pt-pt\/madeira-viagem-dicas-guia\/\" target=\"_blank\" rel=\"noopener\">leia o artigo<\/a><\/li>\n\n\n\n<li>Onde ficar na Madeira &#8211; melhores zonas &#8211; <a style=\"outline: none;\" href=\"https:\/\/www.zigzagonearth.com\/pt-pt\/onde-ficar-madeira-melhores-zonas\/\" target=\"_blank\" rel=\"noopener\">ler artigo<\/a><\/li>\n\n\n\n<li>35 melhores coisas para fazer na Madeira &#8211; <a style=\"outline: none;\" href=\"https:\/\/www.zigzagonearth.com\/pt-pt\/o-que-fazer-madeira\/\" target=\"_blank\" rel=\"noopener\">leia o artigo<\/a><\/li>\n\n\n\n<li>As melhores paisagens da Madeira em 40 imagens &#8211; <a style=\"outline: none;\" href=\"https:\/\/www.zigzagonearth.com\/pt-pt\/melhores-paisagens-madeira-fotos\/\" target=\"_blank\" rel=\"noopener\">ler artigo<\/a><\/li>\n\n\n\n<li>Os 7 telef\u00e9ricos da Madeira e as suas fant\u00e1sticas vistas &#8211; <a style=\"outline: none;\" href=\"https:\/\/www.zigzagonearth.com\/pt-pt\/melhores-telefericos-madeira\/\" target=\"_blank\" rel=\"noopener\">leia o artigo<\/a><\/li>\n\n\n\n<li>12 j\u00f3ias escondidas da Madeira &#8211; <a style=\"outline: none;\" href=\"https:\/\/www.zigzagonearth.com\/pt-pt\/secret-places-madeira-hidden-gems-2\/\" target=\"_blank\" rel=\"noopener\">leia o artigo<\/a><\/li>\n\n\n\n<li>4 Piscinas Naturais da Madeira (e 6 alternativas costeiras) &#8211; <a style=\"outline: none;\" href=\"https:\/\/www.zigzagonearth.com\/pt-pt\/madeira-natural-pools-volcanic-2\/\" target=\"_blank\" rel=\"noopener\">ler artigo<\/a><\/li>\n\n\n\n<li>18 melhores praias da Madeira &#8211; <a style=\"outline: none;\" href=\"https:\/\/www.zigzagonearth.com\/pt-pt\/melhores-praias-madeira\/\" target=\"_blank\" rel=\"noopener\">ler artigo<\/a><\/li>\n<\/ul>\n\n<p class=\"wp-block-paragraph\"><strong>Est\u00e1 a planear uma viagem \u00e0 Madeira?<\/strong><\/p>\n\n<p class=\"wp-block-paragraph\">Consulte o meu guia de viagem para o ajudar a planear:<\/p>\n\n<div class=\"wp-block-genesis-blocks-gb-container gb-block-container\" style=\"background-color:#ecd6da;padding-left:3%;padding-right:3%;padding-bottom:3%;padding-top:3%;margin-top:8%;margin-bottom:8%\"><div class=\"gb-container-inside\"><div class=\"gb-container-content\">\n<h5 class=\"wp-block-heading box_titre_ebook\">Planeie a sua <u>viagem de sonho<\/u> na <strong>Madeira<\/strong> gra\u00e7as ao meu guia (s\u00f3 em ingl\u00eas):<\/h5>\n\n\n\n<div class=\"wp-block-columns is-layout-flex wp-container-core-columns-is-layout-8f761849 wp-block-columns-is-layout-flex\">\n<div class=\"wp-block-column is-layout-flow wp-block-column-is-layout-flow\">\n<figure class=\"wp-block-image size-large\"><a href=\"https:\/\/www.zigzagonearth.com\/photograph-madeira-travel-guide\/\"><img decoding=\"async\" src=\"https:\/\/www.zigzagonearth.com\/wp-content\/uploads\/2021\/08\/small-Madeira-ebook-cover.jpg\" alt=\"Guia de Viagem eBook Mallorca\"\/><\/a><\/figure>\n<\/div>\n\n\n\n<div class=\"wp-block-column is-layout-flow wp-block-column-is-layout-flow\">\n<ul style=\"font-size:16px\" class=\"wp-block-list box_liste\">\n<li>7 mapas para planear facilmente o seu itiner\u00e1rio<\/li>\n\n\n\n<li>Mais de 120 locais pr\u00e9-seleccionados<\/li>\n\n\n\n<li>Coordenadas GPS directas para os parques de estacionamento<\/li>\n\n\n\n<li>Dicas para aproveitar melhor o seu tempo<\/li>\n\n\n\n<li>Mais de 260 fotografias originais para o ajudar a escolher<\/li>\n<\/ul>\n\n\n\n<div class=\"wp-block-buttons box_colonne_bouton_ebook is-content-justification-center is-layout-flex wp-container-core-buttons-is-layout-fe48e5de wp-block-buttons-is-layout-flex\">\n<div class=\"wp-block-button box_bouton box_bouton_ebook\"><a class=\"wp-block-button__link wp-element-button\" href=\"https:\/\/www.zigzagonearth.com\/photograph-madeira-travel-guide\/\" target=\"_blank\" rel=\"noreferrer noopener\">Descubra-o! (s\u00f3 em ingl\u00eas)<span class=\"box_bouton_image\"><\/span><\/a><\/div>\n<\/div>\n<\/div>\n<\/div>\n<\/div><\/div><\/div>\n\n<p class=\"has-text-align-left wp-block-paragraph\"><strong>E acompanhe a sua pr\u00f3pria viagem!<\/strong><\/p>\n\n<figure class=\"wp-block-image\"><a href=\"https:\/\/www.amazon.com\/dp\/B09LWJVR7V?&amp;linkCode=ll1&amp;tag=zigzagus-20&amp;linkId=68c8b70c27e0fbe67205f404e3f1805a&amp;language=en_US&amp;ref_=as_li_ss_tl\" target=\"_blank\" rel=\"nofollow noopener\"><img decoding=\"async\" src=\"\/\/www.zigzagonearth.com\/wp-content\/uploads\/2021\/11\/Madeira-travel-Journal.jpg\" alt=\"Di&#xE1;rio de viagem da Madeira\" title=\"Di&#xE1;rio de viagem da Madeira\"\/><\/a><\/figure>\n\n<p class=\"wp-block-paragraph\">Quer ver mais da MADEIRA?<\/p>\n\n<p class=\"wp-block-paragraph\"><strong>ANTERIOR:  <\/strong><\/p>\n\n<p class=\"has-text-align-left wp-block-paragraph\"><a style=\"outline: none;\" href=\"https:\/\/www.zigzagonearth.com\/pt-pt\/achadas-da-cruz-teleferico-madeira\/\" target=\"_blank\" rel=\"noopener\"><strong>O impressionante telef\u00e9rico de Achadas da Cruz<\/strong><\/a><\/p>\n\n<p class=\"wp-block-paragraph\"><strong>SEGUINTE:  <\/strong><\/p>\n\n<p class=\"has-text-align-left wp-block-paragraph\"><strong><strong><a href=\"https:\/\/www.zigzagonearth.com\/pt-pt\/ponta-do-sol-madeira\/\" target=\"_blank\" rel=\"noopener\">Ponta do Sol (Praia, cidade, ponte&#8230;)<\/a><\/strong><\/strong><\/p>\n\n<figure class=\"wp-block-image\"><a href=\"https:\/\/www.zigzagonearth.com\/pt-pt\/madeira-guia-viagem\/\" target=\"_blank\" rel=\"noopener\"><img decoding=\"async\" src=\"\/\/www.zigzagonearth.com\/wp-content\/uploads\/2021\/08\/Madeira-Travel-Guide.jpg\" alt=\"Guia de viagem da Madeira\" title=\"Guia de viagem da Madeira\"\/><\/a><\/figure>\n\n<p class=\"has-text-align-left wp-block-paragraph\"><strong>Est\u00e1 inspirado? Partilhe-o na sua plataforma favorita! <\/strong><\/p>\n","protected":false},"excerpt":{"rendered":"<p>Saia dos circuitos tur\u00edsticos habituais e fa\u00e7a uma paragem para ver as forma\u00e7\u00f5es rochosas no Ilh\u00e9u da Ribeira da Janela.Segue-se o meu guia para planear a sua visita, incluindo: Porqu\u00ea visitar a Ribeira da Janela na Madeira? Enquanto as pessoas se dirigem em massa a Porto Moniz e \u00e0s suas famosas piscinas naturais, a Ribeira [&hellip;]<\/p>\n","protected":false},"author":1,"featured_media":58675,"comment_status":"closed","ping_status":"closed","sticky":false,"template":"","format":"standard","meta":{"_genesis_hide_title":false,"_genesis_hide_breadcrumbs":false,"_genesis_hide_singular_image":false,"_genesis_hide_footer_widgets":false,"_genesis_custom_body_class":"","_genesis_custom_post_class":"","_genesis_layout":"","footnotes":"","tve_updated_post":"","tve_custom_css":"","tve_user_custom_css":"","tve_globals":{},"tcb2_ready":0,"tcb_editor_enabled":0,"tve_landing_page":"","_tve_header":"","_tve_footer":""},"categories":[529],"tags":[],"class_list":["post-68234","post","type-post","status-publish","format-standard","has-post-thumbnail","category-madeira-pt-pt","entry"],"yoast_head":"<!-- This site is optimized with the Yoast SEO plugin v28.3 - https:\/\/yoast.com\/product\/yoast-seo-wordpress\/ -->\n<title>Ribeira da Janela (Madeira) - Dicas de visita + fotos<\/title>\n<meta name=\"description\" content=\"Guia de visita ao Ilh\u00e9u Ribeira da Janela (na Madeira) - aldeia, vale, praia, miradouro, levada da Ribeira da Janela, passeio da verada...\" \/>\n<meta name=\"robots\" content=\"index, follow, max-snippet:-1, max-image-preview:large, max-video-preview:-1\" \/>\n<link rel=\"canonical\" href=\"https:\/\/www.zigzagonearth.com\/pt-pt\/ilheus-ribeira-da-janela-madeira\/\" \/>\n<meta property=\"og:locale\" content=\"pt_PT\" \/>\n<meta property=\"og:type\" content=\"article\" \/>\n<meta property=\"og:title\" content=\"Ribeira da Janela (Madeira) - Dicas de visita + fotos\" \/>\n<meta property=\"og:description\" content=\"Guia de visita ao Ilh\u00e9u Ribeira da Janela (na Madeira) - aldeia, vale, praia, miradouro, levada da Ribeira da Janela, passeio da verada...\" \/>\n<meta property=\"og:url\" content=\"https:\/\/www.zigzagonearth.com\/pt-pt\/ilheus-ribeira-da-janela-madeira\/\" \/>\n<meta property=\"og:site_name\" content=\"ZigZagonEarth\" \/>\n<meta property=\"article:publisher\" content=\"https:\/\/www.facebook.com\/zigzagonearth\" \/>\n<meta property=\"article:author\" content=\"https:\/\/www.facebook.com\/zigzagonearth\" \/>\n<meta property=\"article:published_time\" content=\"2021-09-20T09:37:48+00:00\" \/>\n<meta property=\"article:modified_time\" content=\"2026-07-15T19:07:55+00:00\" \/>\n<meta property=\"og:image\" content=\"http:\/\/www.zigzagonearth.com\/wp-content\/uploads\/2021\/09\/FB-Praia-Ilheus-da-Ribeira-da-Janela-Madeira.jpg\" \/>\n<meta name=\"author\" content=\"Claire\" \/>\n<meta name=\"twitter:card\" content=\"summary_large_image\" \/>\n<meta name=\"twitter:creator\" content=\"@ZigZagOnEarth\" \/>\n<meta name=\"twitter:site\" content=\"@ZigZagOnEarth\" \/>\n<meta name=\"twitter:label1\" content=\"Escrito por\" \/>\n\t<meta name=\"twitter:data1\" content=\"Claire\" \/>\n\t<meta name=\"twitter:label2\" content=\"Tempo estimado de leitura\" \/>\n\t<meta name=\"twitter:data2\" content=\"9 minutos\" \/>\n<script type=\"application\/ld+json\" class=\"yoast-schema-graph\">{\"@context\":\"https:\\\/\\\/schema.org\",\"@graph\":[{\"@type\":\"Article\",\"@id\":\"https:\\\/\\\/www.zigzagonearth.com\\\/pt-pt\\\/ilheus-ribeira-da-janela-madeira\\\/#article\",\"isPartOf\":{\"@id\":\"https:\\\/\\\/www.zigzagonearth.com\\\/pt-pt\\\/ilheus-ribeira-da-janela-madeira\\\/\"},\"author\":{\"name\":\"Claire\",\"@id\":\"https:\\\/\\\/www.zigzagonearth.com\\\/pt-pt\\\/#\\\/schema\\\/person\\\/0498142e0cb256f21659d85ef6bca599\"},\"headline\":\"Ribeira da Janela (Madeira) &#8211; Dicas de visita + fotos\",\"datePublished\":\"2021-09-20T09:37:48+00:00\",\"dateModified\":\"2026-07-15T19:07:55+00:00\",\"mainEntityOfPage\":{\"@id\":\"https:\\\/\\\/www.zigzagonearth.com\\\/pt-pt\\\/ilheus-ribeira-da-janela-madeira\\\/\"},\"wordCount\":1781,\"image\":{\"@id\":\"https:\\\/\\\/www.zigzagonearth.com\\\/pt-pt\\\/ilheus-ribeira-da-janela-madeira\\\/#primaryimage\"},\"thumbnailUrl\":\"https:\\\/\\\/www.zigzagonearth.com\\\/wp-content\\\/uploads\\\/2021\\\/09\\\/Praia-Ilheus-da-Ribeira-da-Janela-Madeira.jpg\",\"articleSection\":[\"Madeira\"],\"inLanguage\":\"pt-PT\"},{\"@type\":\"WebPage\",\"@id\":\"https:\\\/\\\/www.zigzagonearth.com\\\/pt-pt\\\/ilheus-ribeira-da-janela-madeira\\\/\",\"url\":\"https:\\\/\\\/www.zigzagonearth.com\\\/pt-pt\\\/ilheus-ribeira-da-janela-madeira\\\/\",\"name\":\"Ribeira da Janela (Madeira) - Dicas de visita + fotos\",\"isPartOf\":{\"@id\":\"https:\\\/\\\/www.zigzagonearth.com\\\/pt-pt\\\/#website\"},\"primaryImageOfPage\":{\"@id\":\"https:\\\/\\\/www.zigzagonearth.com\\\/pt-pt\\\/ilheus-ribeira-da-janela-madeira\\\/#primaryimage\"},\"image\":{\"@id\":\"https:\\\/\\\/www.zigzagonearth.com\\\/pt-pt\\\/ilheus-ribeira-da-janela-madeira\\\/#primaryimage\"},\"thumbnailUrl\":\"https:\\\/\\\/www.zigzagonearth.com\\\/wp-content\\\/uploads\\\/2021\\\/09\\\/Praia-Ilheus-da-Ribeira-da-Janela-Madeira.jpg\",\"datePublished\":\"2021-09-20T09:37:48+00:00\",\"dateModified\":\"2026-07-15T19:07:55+00:00\",\"author\":{\"@id\":\"https:\\\/\\\/www.zigzagonearth.com\\\/pt-pt\\\/#\\\/schema\\\/person\\\/0498142e0cb256f21659d85ef6bca599\"},\"description\":\"Guia de visita ao Ilh\u00e9u Ribeira da Janela (na Madeira) - aldeia, vale, praia, miradouro, levada da Ribeira da Janela, passeio da verada...\",\"breadcrumb\":{\"@id\":\"https:\\\/\\\/www.zigzagonearth.com\\\/pt-pt\\\/ilheus-ribeira-da-janela-madeira\\\/#breadcrumb\"},\"inLanguage\":\"pt-PT\",\"potentialAction\":[{\"@type\":\"ReadAction\",\"target\":[\"https:\\\/\\\/www.zigzagonearth.com\\\/pt-pt\\\/ilheus-ribeira-da-janela-madeira\\\/\"]}]},{\"@type\":\"ImageObject\",\"inLanguage\":\"pt-PT\",\"@id\":\"https:\\\/\\\/www.zigzagonearth.com\\\/pt-pt\\\/ilheus-ribeira-da-janela-madeira\\\/#primaryimage\",\"url\":\"https:\\\/\\\/www.zigzagonearth.com\\\/wp-content\\\/uploads\\\/2021\\\/09\\\/Praia-Ilheus-da-Ribeira-da-Janela-Madeira.jpg\",\"contentUrl\":\"https:\\\/\\\/www.zigzagonearth.com\\\/wp-content\\\/uploads\\\/2021\\\/09\\\/Praia-Ilheus-da-Ribeira-da-Janela-Madeira.jpg\",\"width\":250,\"height\":250},{\"@type\":\"BreadcrumbList\",\"@id\":\"https:\\\/\\\/www.zigzagonearth.com\\\/pt-pt\\\/ilheus-ribeira-da-janela-madeira\\\/#breadcrumb\",\"itemListElement\":[{\"@type\":\"ListItem\",\"position\":1,\"name\":\"Home\",\"item\":\"https:\\\/\\\/www.zigzagonearth.com\\\/pt-pt\\\/\"},{\"@type\":\"ListItem\",\"position\":2,\"name\":\"Ribeira da Janela (Madeira) &#8211; Dicas de visita + fotos\"}]},{\"@type\":\"WebSite\",\"@id\":\"https:\\\/\\\/www.zigzagonearth.com\\\/pt-pt\\\/#website\",\"url\":\"https:\\\/\\\/www.zigzagonearth.com\\\/pt-pt\\\/\",\"name\":\"ZigZagonEarth\",\"description\":\"Plan unforgettable road trips!\",\"potentialAction\":[{\"@type\":\"SearchAction\",\"target\":{\"@type\":\"EntryPoint\",\"urlTemplate\":\"https:\\\/\\\/www.zigzagonearth.com\\\/pt-pt\\\/?s={search_term_string}\"},\"query-input\":{\"@type\":\"PropertyValueSpecification\",\"valueRequired\":true,\"valueName\":\"search_term_string\"}}],\"inLanguage\":\"pt-PT\"},{\"@type\":\"Person\",\"@id\":\"https:\\\/\\\/www.zigzagonearth.com\\\/pt-pt\\\/#\\\/schema\\\/person\\\/0498142e0cb256f21659d85ef6bca599\",\"name\":\"Claire\",\"image\":{\"@type\":\"ImageObject\",\"inLanguage\":\"pt-PT\",\"@id\":\"https:\\\/\\\/secure.gravatar.com\\\/avatar\\\/7a2d4fe6757ab43d35e1680834ada7bf24e3ceccf01b37a8d65bfb7e69ce6271?s=96&d=blank&r=g\",\"url\":\"https:\\\/\\\/secure.gravatar.com\\\/avatar\\\/7a2d4fe6757ab43d35e1680834ada7bf24e3ceccf01b37a8d65bfb7e69ce6271?s=96&d=blank&r=g\",\"contentUrl\":\"https:\\\/\\\/secure.gravatar.com\\\/avatar\\\/7a2d4fe6757ab43d35e1680834ada7bf24e3ceccf01b37a8d65bfb7e69ce6271?s=96&d=blank&r=g\",\"caption\":\"Claire\"},\"description\":\"Claire is the ultimate Travel Planning Geek - She can spend hours, weeks, months... researching for a trip. She created ZigZag On Earth to help people plan their own travels and make the most of their time.\",\"sameAs\":[\"https:\\\/\\\/www.facebook.com\\\/zigzagonearth\"]}]}<\/script>\n<!-- \/ Yoast SEO plugin. -->","yoast_head_json":{"title":"Ribeira da Janela (Madeira) - Dicas de visita + fotos","description":"Guia de visita ao Ilh\u00e9u Ribeira da Janela (na Madeira) - aldeia, vale, praia, miradouro, levada da Ribeira da Janela, passeio da verada...","robots":{"index":"index","follow":"follow","max-snippet":"max-snippet:-1","max-image-preview":"max-image-preview:large","max-video-preview":"max-video-preview:-1"},"canonical":"https:\/\/www.zigzagonearth.com\/pt-pt\/ilheus-ribeira-da-janela-madeira\/","og_locale":"pt_PT","og_type":"article","og_title":"Ribeira da Janela (Madeira) - Dicas de visita + fotos","og_description":"Guia de visita ao Ilh\u00e9u Ribeira da Janela (na Madeira) - aldeia, vale, praia, miradouro, levada da Ribeira da Janela, passeio da verada...","og_url":"https:\/\/www.zigzagonearth.com\/pt-pt\/ilheus-ribeira-da-janela-madeira\/","og_site_name":"ZigZagonEarth","article_publisher":"https:\/\/www.facebook.com\/zigzagonearth","article_author":"https:\/\/www.facebook.com\/zigzagonearth","article_published_time":"2021-09-20T09:37:48+00:00","article_modified_time":"2026-07-15T19:07:55+00:00","og_image":[{"url":"http:\/\/www.zigzagonearth.com\/wp-content\/uploads\/2021\/09\/FB-Praia-Ilheus-da-Ribeira-da-Janela-Madeira.jpg","type":"","width":"","height":""}],"author":"Claire","twitter_card":"summary_large_image","twitter_creator":"@ZigZagOnEarth","twitter_site":"@ZigZagOnEarth","twitter_misc":{"Escrito por":"Claire","Tempo estimado de leitura":"9 minutos"},"schema":{"@context":"https:\/\/schema.org","@graph":[{"@type":"Article","@id":"https:\/\/www.zigzagonearth.com\/pt-pt\/ilheus-ribeira-da-janela-madeira\/#article","isPartOf":{"@id":"https:\/\/www.zigzagonearth.com\/pt-pt\/ilheus-ribeira-da-janela-madeira\/"},"author":{"name":"Claire","@id":"https:\/\/www.zigzagonearth.com\/pt-pt\/#\/schema\/person\/0498142e0cb256f21659d85ef6bca599"},"headline":"Ribeira da Janela (Madeira) &#8211; Dicas de visita + fotos","datePublished":"2021-09-20T09:37:48+00:00","dateModified":"2026-07-15T19:07:55+00:00","mainEntityOfPage":{"@id":"https:\/\/www.zigzagonearth.com\/pt-pt\/ilheus-ribeira-da-janela-madeira\/"},"wordCount":1781,"image":{"@id":"https:\/\/www.zigzagonearth.com\/pt-pt\/ilheus-ribeira-da-janela-madeira\/#primaryimage"},"thumbnailUrl":"https:\/\/www.zigzagonearth.com\/wp-content\/uploads\/2021\/09\/Praia-Ilheus-da-Ribeira-da-Janela-Madeira.jpg","articleSection":["Madeira"],"inLanguage":"pt-PT"},{"@type":"WebPage","@id":"https:\/\/www.zigzagonearth.com\/pt-pt\/ilheus-ribeira-da-janela-madeira\/","url":"https:\/\/www.zigzagonearth.com\/pt-pt\/ilheus-ribeira-da-janela-madeira\/","name":"Ribeira da Janela (Madeira) - Dicas de visita + fotos","isPartOf":{"@id":"https:\/\/www.zigzagonearth.com\/pt-pt\/#website"},"primaryImageOfPage":{"@id":"https:\/\/www.zigzagonearth.com\/pt-pt\/ilheus-ribeira-da-janela-madeira\/#primaryimage"},"image":{"@id":"https:\/\/www.zigzagonearth.com\/pt-pt\/ilheus-ribeira-da-janela-madeira\/#primaryimage"},"thumbnailUrl":"https:\/\/www.zigzagonearth.com\/wp-content\/uploads\/2021\/09\/Praia-Ilheus-da-Ribeira-da-Janela-Madeira.jpg","datePublished":"2021-09-20T09:37:48+00:00","dateModified":"2026-07-15T19:07:55+00:00","author":{"@id":"https:\/\/www.zigzagonearth.com\/pt-pt\/#\/schema\/person\/0498142e0cb256f21659d85ef6bca599"},"description":"Guia de visita ao Ilh\u00e9u Ribeira da Janela (na Madeira) - aldeia, vale, praia, miradouro, levada da Ribeira da Janela, passeio da verada...","breadcrumb":{"@id":"https:\/\/www.zigzagonearth.com\/pt-pt\/ilheus-ribeira-da-janela-madeira\/#breadcrumb"},"inLanguage":"pt-PT","potentialAction":[{"@type":"ReadAction","target":["https:\/\/www.zigzagonearth.com\/pt-pt\/ilheus-ribeira-da-janela-madeira\/"]}]},{"@type":"ImageObject","inLanguage":"pt-PT","@id":"https:\/\/www.zigzagonearth.com\/pt-pt\/ilheus-ribeira-da-janela-madeira\/#primaryimage","url":"https:\/\/www.zigzagonearth.com\/wp-content\/uploads\/2021\/09\/Praia-Ilheus-da-Ribeira-da-Janela-Madeira.jpg","contentUrl":"https:\/\/www.zigzagonearth.com\/wp-content\/uploads\/2021\/09\/Praia-Ilheus-da-Ribeira-da-Janela-Madeira.jpg","width":250,"height":250},{"@type":"BreadcrumbList","@id":"https:\/\/www.zigzagonearth.com\/pt-pt\/ilheus-ribeira-da-janela-madeira\/#breadcrumb","itemListElement":[{"@type":"ListItem","position":1,"name":"Home","item":"https:\/\/www.zigzagonearth.com\/pt-pt\/"},{"@type":"ListItem","position":2,"name":"Ribeira da Janela (Madeira) &#8211; Dicas de visita + fotos"}]},{"@type":"WebSite","@id":"https:\/\/www.zigzagonearth.com\/pt-pt\/#website","url":"https:\/\/www.zigzagonearth.com\/pt-pt\/","name":"ZigZagonEarth","description":"Plan unforgettable road trips!","potentialAction":[{"@type":"SearchAction","target":{"@type":"EntryPoint","urlTemplate":"https:\/\/www.zigzagonearth.com\/pt-pt\/?s={search_term_string}"},"query-input":{"@type":"PropertyValueSpecification","valueRequired":true,"valueName":"search_term_string"}}],"inLanguage":"pt-PT"},{"@type":"Person","@id":"https:\/\/www.zigzagonearth.com\/pt-pt\/#\/schema\/person\/0498142e0cb256f21659d85ef6bca599","name":"Claire","image":{"@type":"ImageObject","inLanguage":"pt-PT","@id":"https:\/\/secure.gravatar.com\/avatar\/7a2d4fe6757ab43d35e1680834ada7bf24e3ceccf01b37a8d65bfb7e69ce6271?s=96&d=blank&r=g","url":"https:\/\/secure.gravatar.com\/avatar\/7a2d4fe6757ab43d35e1680834ada7bf24e3ceccf01b37a8d65bfb7e69ce6271?s=96&d=blank&r=g","contentUrl":"https:\/\/secure.gravatar.com\/avatar\/7a2d4fe6757ab43d35e1680834ada7bf24e3ceccf01b37a8d65bfb7e69ce6271?s=96&d=blank&r=g","caption":"Claire"},"description":"Claire is the ultimate Travel Planning Geek - She can spend hours, weeks, months... researching for a trip. She created ZigZag On Earth to help people plan their own travels and make the most of their time.","sameAs":["https:\/\/www.facebook.com\/zigzagonearth"]}]}},"featured_image_src":"https:\/\/www.zigzagonearth.com\/wp-content\/uploads\/2021\/09\/Praia-Ilheus-da-Ribeira-da-Janela-Madeira.jpg","featured_image_src_square":"https:\/\/www.zigzagonearth.com\/wp-content\/uploads\/2021\/09\/Praia-Ilheus-da-Ribeira-da-Janela-Madeira.jpg","author_info":{"display_name":"Claire","author_link":"https:\/\/www.zigzagonearth.com\/pt-pt\/author\/zzoe\/"},"_links":{"self":[{"href":"https:\/\/www.zigzagonearth.com\/pt-pt\/wp-json\/wp\/v2\/posts\/68234","targetHints":{"allow":["GET"]}}],"collection":[{"href":"https:\/\/www.zigzagonearth.com\/pt-pt\/wp-json\/wp\/v2\/posts"}],"about":[{"href":"https:\/\/www.zigzagonearth.com\/pt-pt\/wp-json\/wp\/v2\/types\/post"}],"author":[{"embeddable":true,"href":"https:\/\/www.zigzagonearth.com\/pt-pt\/wp-json\/wp\/v2\/users\/1"}],"replies":[{"embeddable":true,"href":"https:\/\/www.zigzagonearth.com\/pt-pt\/wp-json\/wp\/v2\/comments?post=68234"}],"version-history":[{"count":2,"href":"https:\/\/www.zigzagonearth.com\/pt-pt\/wp-json\/wp\/v2\/posts\/68234\/revisions"}],"predecessor-version":[{"id":74615,"href":"https:\/\/www.zigzagonearth.com\/pt-pt\/wp-json\/wp\/v2\/posts\/68234\/revisions\/74615"}],"wp:featuredmedia":[{"embeddable":true,"href":"https:\/\/www.zigzagonearth.com\/pt-pt\/wp-json\/wp\/v2\/media\/58675"}],"wp:attachment":[{"href":"https:\/\/www.zigzagonearth.com\/pt-pt\/wp-json\/wp\/v2\/media?parent=68234"}],"wp:term":[{"taxonomy":"category","embeddable":true,"href":"https:\/\/www.zigzagonearth.com\/pt-pt\/wp-json\/wp\/v2\/categories?post=68234"},{"taxonomy":"post_tag","embeddable":true,"href":"https:\/\/www.zigzagonearth.com\/pt-pt\/wp-json\/wp\/v2\/tags?post=68234"}],"curies":[{"name":"wp","href":"https:\/\/api.w.org\/{rel}","templated":true}]}}