{"id":72099,"date":"2025-12-19T14:49:11","date_gmt":"2025-12-19T13:49:11","guid":{"rendered":"https:\/\/www.zigzagonearth.com\/bellver-kasteel-palma-mallorca\/"},"modified":"2025-12-19T14:53:38","modified_gmt":"2025-12-19T13:53:38","slug":"bellver-kasteel-palma-mallorca","status":"publish","type":"post","link":"https:\/\/www.zigzagonearth.com\/nl\/bellver-kasteel-palma-mallorca\/","title":{"rendered":"Bezoek Kasteel Bellver (Palma de Mallorca)"},"content":{"rendered":"\n<p>Castell de Bellver, gelegen op een heuvel boven de hoofdstad van Mallorca, is een van de meest iconische monumenten van Palma de Mallorca. Dit unieke ronde gotische fort biedt een fascinerend inzicht in de middeleeuwse geschiedenis van de Balearen en een spectaculair uitzicht over de baai van Palma. <\/p>\n\n<p>Hier is mijn praktische gids voor het plannen van uw bezoek.<\/p>\n\n<figure class=\"wp-block-image size-full\"><img loading=\"lazy\" decoding=\"async\" width=\"800\" height=\"600\" src=\"https:\/\/www.zigzagonearth.com\/wp-content\/uploads\/2025\/12\/Castell-de-Bellver-Palma-de-Mallorca.jpg\" alt=\"Castell de Bellver Palma de Mallorca\" class=\"wp-image-72081\" title=\"Castell de Bellver Palma de Mallorca\" srcset=\"https:\/\/www.zigzagonearth.com\/wp-content\/uploads\/2025\/12\/Castell-de-Bellver-Palma-de-Mallorca.jpg 800w, https:\/\/www.zigzagonearth.com\/wp-content\/uploads\/2025\/12\/Castell-de-Bellver-Palma-de-Mallorca-300x225.jpg 300w, https:\/\/www.zigzagonearth.com\/wp-content\/uploads\/2025\/12\/Castell-de-Bellver-Palma-de-Mallorca-768x576.jpg 768w\" sizes=\"auto, (max-width: 800px) 100vw, 800px\" \/><\/figure>\n\n<p class=\"has-text-align-right\" style=\"font-size:16px\">\/\/ Op deze pagina geen gesponsorde inhoud. Alleen een paar affiliate links.<br\/>\/\/ Als u ze gebruikt, krijg ik een commissie zonder extra kosten voor u<a href=\"https:\/\/www.zigzagonearth.com\/nl\/privacy-voorwaarden-gebruik-openbaarmaking\/\" target=\"_blank\" rel=\"noreferrer noopener\">(lees meer<\/a>). <\/p>\n\n<h2 class=\"wp-block-heading\" id=\"t-1766151152547\">Waarom ik het aanbeveel!<\/h2>\n\n<p>Castell de Bellver valt op door zijn uitzonderlijke architectuur. Het is een van de weinige ronde kastelen in Europa, een architectonisch hoogstandje uit de 14e eeuw dat op het eerste gezicht altijd indruk maakt. <\/p>\n\n<p>Ik was vooral onder de indruk van de binnenplaats met zijn arcades op twee niveaus. De afwisseling tussen de lichte steen en de schaduwen die de gotische bogen cre\u00ebren, zorgt voor een werkelijk prachtig lichtspel, vooral aan het eind van de middag. <\/p>\n\n<p>Het is een van de <a href=\"https:\/\/www.zigzagonearth.com\/nl\/bezienswaardigheden-palma-mallorca\/\" target=\"_blank\" rel=\"noreferrer noopener\">plekken in Palma die u gezien moet hebben<\/a>.<\/p>\n\n<figure class=\"wp-block-image\"><img decoding=\"async\" src=\"https:\/\/photos.smugmug.com\/Travel\/Mallorca\/Palma-Castell-de-Bellver\/i-jP44jr6\/3\/L7Ss2tfQ87V7gwbLwtd47WZD4X6wz7sHfPQBmV6W5\/L\/Castell_Bellver_Palma_Mallorca-178639-L.jpg\" alt=\"het kasteel\" title=\"kasteel\"\/><\/figure>\n\n<p>Maar afgezien van de architectuur is het het 360-graden panoramische uitzicht vanaf de vestingmuren dat een bezoek de moeite waard maakt. U kunt de hele baai van Palma zien, de kathedraal, de haven en op een heldere dag kunt u zelfs de bergen van de Serra de Tramuntana in de verte zien. Het is ongetwijfeld een van de mooiste uitzichten van Palma.  <\/p>\n\n<p>De site herbergt ook een historisch museum dat de evolutie van de stad vanaf de Talayotische periode tot heden laat zien. De collecties zijn goed gepresenteerd en bieden een beter begrip van de historische context van Mallorca. <\/p>\n\n<h2 class=\"wp-block-heading\" id=\"t-1766151152548\">Tips voor de planning: Castell de Bellver<\/h2>\n\n<h3 class=\"wp-block-heading\"><strong>Toegang<\/strong><\/h3>\n\n<ul class=\"wp-block-list\">\n<li>Het kasteel ligt ongeveer 3 km ten westen van het centrum van Palma, op de heuvel van Puig de sa Mesquida.<\/li>\n\n\n\n<li>Met de auto: parkeren bij de ingang (zeer beperkt aantal plaatsen in het hoogseizoen)<\/li>\n\n\n\n<li>Met de bus: lijn 50 vanaf Plaza Espa\u00f1a of Pla\u00e7a de la Reina (halte Pla\u00e7a Gomila, daarna 15 minuten lopen bergopwaarts)<\/li>\n\n\n\n<li>Met de taxi: ongeveer \u20ac10-12 vanaf het centrum van Palma<\/li>\n\n\n\n<li>Te voet vanaf het centrum: reken op 45 minuten voor een vrij steile klim<\/li>\n<\/ul>\n\n<figure class=\"wp-block-image\"><img decoding=\"async\" src=\"https:\/\/photos.smugmug.com\/Travel\/Mallorca\/Palma-Castell-de-Bellver\/i-tHSk4zW\/3\/NbBwNtS8sXJhkWWJMftm5mH7mCx9KdZdNb9zsdfZ4\/L\/Castell_Bellver_Palma_Mallorca-178513-L.jpg\" alt=\"Parkeerplaats\" title=\"parkeren\"\/><\/figure>\n\n<div style=\"margin-top:8%;margin-bottom:8%\" class=\"wp-block-genesis-blocks-gb-container box gb-block-container\"><div class=\"gb-container-inside\"><div class=\"gb-container-content\">\n<div class=\"wp-block-columns box_colonne is-layout-flex wp-container-core-columns-is-layout-9d6595d7 wp-block-columns-is-layout-flex\">\n<div class=\"wp-block-column colonne is-layout-flow wp-block-column-is-layout-flow\" style=\"flex-basis:66.6%\">\n<h5 class=\"wp-block-heading box_titre\">Wilt u een auto huren in Mallorca?<\/h5>\n\n\n\n<p class=\"box_intro\">Mijn tips:<\/p>\n\n\n\n<ul class=\"box_liste wp-block-list\" style=\"font-size:16px\">\n<li>Vergelijk prijzen op mijn favoriete platform: <a href=\"https:\/\/www.discovercars.com\/nl\/spain-balearic-islands\/mallorca?a_aid=zigzag&amp;chan=ZZ_Mallorca\" target=\"_blank\" rel=\"noreferrer noopener sponsored nofollow\">\n  <span style=\"text-decoration: underline;\">Discovercars.com<\/span>\n<\/a> &#8211; een van de best beoordeelde vergelijkingssites!<\/li>\n\n\n\n<li>Kies geen te grote auto, want sommige wegen zijn erg smal<\/li>\n\n\n\n<li>Overweeg hun volledige dekkingsoptie &#8211; voor uw gemoedsrust!  <\/li>\n\n\n\n<li><span style=\"text-decoration: underline;\">Boek vroeg<\/span> om een ruime keuze aan voertuigen te hebben!<\/li>\n<\/ul>\n\n\n\n<div class=\"wp-block-columns box_barre_boutons is-layout-flex wp-container-core-columns-is-layout-9d6595d7 wp-block-columns-is-layout-flex\">\n<div class=\"wp-block-column is-vertically-aligned-center box_col_conseil is-layout-flow wp-block-column-is-layout-flow\">\n<p class=\"box_lien\"><a href=\"https:\/\/www.zigzagonearth.com\/renting-car-mallorca-tips\/\" target=\"_blank\" rel=\"noreferrer noopener\">Bekijk al mijn tips<\/a><\/p>\n<\/div>\n\n\n\n<div class=\"wp-block-column box_col_bouton is-layout-flow wp-block-column-is-layout-flow\">\n<div class=\"wp-block-buttons box_bouton is-content-justification-left is-layout-flex wp-container-core-buttons-is-layout-fdcfc74e wp-block-buttons-is-layout-flex\">\n<div class=\"wp-block-button box_bouton\"><a class=\"wp-block-button__link wp-element-button\" href=\"https:\/\/www.discovercars.com\/nl\/spain-balearic-islands\/mallorca?a_aid=zigzag&amp;amp;chan=ZZ_Mallorca\" target=\"_blank\" rel=\"noreferrer noopener\">Beschikbare auto&#8217;s bekijken  <span class=\"box_bouton_image\"><img decoding=\"async\" style=\"width: 14px; height:14px;  \" src=\"https:\/\/www.zigzagonearth.com\/wp-content\/uploads\/2023\/08\/fleche.png\" alt=\"\"\/><\/span><\/a><\/div>\n<\/div>\n<\/div>\n<\/div>\n<\/div>\n\n\n\n<div class=\"wp-block-column colonne box_cafe_img is-layout-flow wp-block-column-is-layout-flow\" style=\"flex-basis:33.33%\"><div class=\"wp-block-image\">\n<figure class=\"aligncenter size-large is-resized\"><img loading=\"lazy\" decoding=\"async\" src=\"https:\/\/www.zigzagonearth.com\/wp-content\/uploads\/2023\/08\/003world-travel-car-01-1024x1024.webp\" alt=\"\" class=\"wp-image-16227\" style=\"width:288px;height:288px\" width=\"288\" height=\"288\" srcset=\"https:\/\/www.zigzagonearth.com\/wp-content\/uploads\/2023\/08\/003world-travel-car-01-1024x1024.webp 1024w, https:\/\/www.zigzagonearth.com\/wp-content\/uploads\/2023\/08\/003world-travel-car-01-300x300.webp 300w, https:\/\/www.zigzagonearth.com\/wp-content\/uploads\/2023\/08\/003world-travel-car-01-150x150.webp 150w, https:\/\/www.zigzagonearth.com\/wp-content\/uploads\/2023\/08\/003world-travel-car-01-768x768.webp 768w, https:\/\/www.zigzagonearth.com\/wp-content\/uploads\/2023\/08\/003world-travel-car-01-1536x1536.webp 1536w, https:\/\/www.zigzagonearth.com\/wp-content\/uploads\/2023\/08\/003world-travel-car-01-2048x2048.webp 2048w, https:\/\/www.zigzagonearth.com\/wp-content\/uploads\/2023\/08\/003world-travel-car-01-100x100.webp 100w, https:\/\/www.zigzagonearth.com\/wp-content\/uploads\/2023\/08\/003world-travel-car-01-600x600.webp 600w\" sizes=\"auto, (max-width: 288px) 100vw, 288px\" \/><\/figure>\n<\/div><\/div>\n<\/div>\n<\/div><\/div><\/div>\n\n<h3 class=\"wp-block-heading\"><strong>Openingstijden<\/strong> en prijzen<\/h3>\n\n<ul class=\"wp-block-list\">\n<li>Van 1 april tot 30 september: Dinsdag tot zaterdag van 10 tot 19 uur, zondag van 10 tot 15 uur.<\/li>\n\n\n\n<li>Van 1 oktober tot 31 maart: dinsdag tot zaterdag van 10 tot 18 uur, zondag van 10 tot 15 uur.<\/li>\n\n\n\n<li>Het hele jaar door op maandag gesloten<\/li>\n\n\n\n<li>Gesloten op 1 januari, 1 mei en 25 december<\/li>\n\n\n\n<li>Volle prijs: \u20ac4<\/li>\n\n\n\n<li><a href=\"https:\/\/castelldebellver.palma.es\/\">Bekijk het laatste nieuws<\/a><\/li>\n<\/ul>\n\n<figure class=\"wp-block-image\"><img decoding=\"async\" src=\"https:\/\/photos.smugmug.com\/Travel\/Mallorca\/Palma-Castell-de-Bellver\/i-dST8L5z\/3\/LwcDs963NtrswtttSFksjhLwV5f2NsgFjVx5HCCNJ\/L\/Castell_Bellver_Palma_Mallorca-178524-L.jpg\" alt=\"ingang\" title=\"voorgerecht\"\/><\/figure>\n\n<h3 class=\"wp-block-heading\"><strong>Bezoek<\/strong><\/h3>\n\n<ul class=\"wp-block-list\">\n<li>Aanbevolen duur: 1,5 tot 2 uur om ten volle van de site en het uitzicht te genieten<\/li>\n\n\n\n<li>Audiogids beschikbaar in verschillende talen (inbegrepen in de toegangsprijs)<\/li>\n\n\n\n<li>Draag comfortabele schoenen: trappen en ongelijke kasseien<\/li>\n\n\n\n<li>Neem water mee, vooral in de zomer: weinig schaduw en blootstelling aan de zon<\/li>\n\n\n\n<li>De site is gedeeltelijk toegankelijk voor mensen met beperkte mobiliteit (alleen begane grond)<\/li>\n\n\n\n<li><strong>Beste tijd om te bezoeken<\/strong>: Om de drukte te vermijden: vroeg in de ochtend tijdens het hoogseizoen<\/li>\n<\/ul>\n\n<figure class=\"wp-block-image\"><img decoding=\"async\" src=\"https:\/\/photos.smugmug.com\/Travel\/Mallorca\/Palma-Castell-de-Bellver\/i-jQL6JQf\/3\/KHvX9fGMRHJ2sR39tFTcVxgzBs8TnHCnrmmKvgqjd\/L\/Castell_Bellver_Palma_Mallorca-178529-L.jpg\" alt=\"kaart\" title=\"plan\"\/><\/figure>\n\n<div style=\"margin-top:8%;margin-bottom:8%\" class=\"wp-block-genesis-blocks-gb-container box gb-block-container\"><div class=\"gb-container-inside\"><div class=\"gb-container-content\">\n<h5 class=\"wp-block-heading box_titre_activite\">Waar overnachten in Mallorca?<\/h5>\n\n\n\n<div class=\"wp-block-columns box_colonne inverse is-layout-flex wp-container-core-columns-is-layout-9d6595d7 wp-block-columns-is-layout-flex\">\n<div class=\"wp-block-column colonne is-layout-flow wp-block-column-is-layout-flow\" style=\"flex-basis:75%\">\n<p class=\"box_intro\">Mijn favorieten:<\/p>\n\n\n\n<ul class=\"box_liste wp-block-list\">\n<li>Keuze aan restaurants + hoofdplaats: <a href=\"https:\/\/www.booking.com\/searchresults.en.html?city=-395224&amp;nflt=review_score%253D90&amp;aid=1164282&amp;no_rooms=1&amp;group_adults=2&amp;label=mallorca\" target=\"_blank\" rel=\"noreferrer noopener\">bekijk de best beoordeelde opties in Palma<\/a><\/li>\n\n\n\n<li>Strand + praktische locatie om te verkennen: <a href=\"https:\/\/www.booking.com\/searchresults.en.html?city=-381100&amp;nflt=review_score%253D90&amp;aid=1164282&amp;no_rooms=1&amp;group_adults=2&amp;label=mallorca\" target=\"_blank\" rel=\"noreferrer noopener\">bekijk de best beoordeelde opties in Port d&#8217;Alcudia<\/a><\/li>\n\n\n\n<li>Feestgebied &#8211; <a href=\"https:\/\/www.booking.com\/searchresults.en.html?city=-380228&amp;nflt=review_score%253D90&amp;aid=1164282&amp;no_rooms=1&amp;group_adults=2&amp;label=mallorca\" target=\"_blank\" rel=\"noreferrer noopener\">bekijk de best beoordeelde opties in S&#8217;Arenal<\/a><\/li>\n\n\n\n<li>Rustig in de bergen &#8211; <a href=\"https:\/\/www.booking.com\/searchresults.en.html?city=-406234&amp;nflt=review_score%253D90&amp;aid=1164282&amp;no_rooms=1&amp;group_adults=2&amp;label=mallorca\" target=\"_blank\" rel=\"noreferrer noopener\">bekijk de best beoordeelde opties in Valldemossa<\/a><\/li>\n\n\n\n<li>Rustige, charmante plek aan zee &#8211; <a href=\"https:\/\/www.booking.com\/searchresults.en.html?city=900039215&amp;nflt=review_score%253D90&amp;aid=1164282&amp;no_rooms=1&amp;group_adults=2&amp;label=mallorca\" target=\"_blank\" rel=\"noreferrer noopener\">bekijk de best beoordeelde opties in Canyamel<\/a><\/li>\n\n\n\n<li>Toegang tot de beste Cala&#8217;s &#8211; <a href=\"https:\/\/www.booking.com\/searchresults.en.html?city=900039122&amp;nflt=review_score%253D90&amp;aid=1164282&amp;no_rooms=1&amp;group_adults=2&amp;label=mallorca\" target=\"_blank\" rel=\"noreferrer noopener\">bekijk de best beoordeelde opties in Cala d&#8217;or<\/a><\/li>\n\n\n\n<li>Gezinnen &#8211; <a href=\"https:\/\/www.booking.com\/searchresults.en.html?city=-374964&amp;nflt=review_score%253D90&amp;aid=1164282&amp;no_rooms=1&amp;group_adults=2&amp;label=mallorca\" target=\"_blank\" rel=\"noreferrer noopener\">bekijk de best beoordeelde opties in Cala Millor<\/a> of in <a href=\"https:\/\/www.booking.com\/searchresults.en.html?city=900039294&amp;nflt=review_score%253D90&amp;aid=1164282&amp;no_rooms=1&amp;group_adults=2&amp;label=mallorca\" target=\"_blank\" rel=\"noreferrer noopener\">Colonia Sant Jordi<\/a><\/li>\n<\/ul>\n\n\n\n<div class=\"wp-block-buttons box_bouton box_colonne_bouton_ebook box_barre_boutons is-content-justification-left is-layout-flex wp-container-core-buttons-is-layout-fdcfc74e wp-block-buttons-is-layout-flex\">\n<div class=\"wp-block-button box_bouton\"><a class=\"wp-block-button__link wp-element-button\" href=\"https:\/\/www.zigzagonearth.com\/where-to-stay-mallorca-best-areas\/\" target=\"_blank\" rel=\"noreferrer noopener\">Bekijk ons artikel over waar te overnachten  <span class=\"box_bouton_image\"><img decoding=\"async\" style=\"width: 14px; height:14px;  \" src=\"https:\/\/www.zigzagonearth.com\/wp-content\/uploads\/2023\/08\/fleche.png\" alt=\"\"\/><\/span><span class=\"box_bouton_image\"><\/span><\/a><\/div>\n<\/div>\n<\/div>\n\n\n\n<div class=\"wp-block-column is-vertically-aligned-top colonne box_activite_img is-layout-flow wp-block-column-is-layout-flow\" style=\"flex-basis:25%\"><div class=\"wp-block-image\">\n<figure class=\"aligncenter size-large\"><img decoding=\"async\" src=\"https:\/\/photos.smugmug.com\/Travel\/Mallorca\/Hotels\/i-dgbp8xw\/1\/7e887566\/L\/PA147529-L.jpg\" alt=\"Finca op Mallorca\"\/><\/figure>\n<\/div><\/div>\n<\/div>\n<\/div><\/div><\/div>\n\n<h2 class=\"wp-block-heading\" id=\"t-1766151152549\">Wat is er te zien op Bellver Castle?<\/h2>\n\n<h3 class=\"wp-block-heading\">Het kasteel van buitenaf gezien<\/h3>\n\n<p>Neem van buiten de tijd om de sobere stijl van het kasteel met zijn verschillende vestingmuren te bewonderen.<\/p>\n\n<figure class=\"wp-block-image\"><img decoding=\"async\" src=\"https:\/\/photos.smugmug.com\/Travel\/Mallorca\/Palma-Castell-de-Bellver\/i-j4FmZNR\/3\/LjVB3tB86KrD96ZD8SpGgMVxKdBkhFfw4tC5dLfgr\/L\/Castell_Bellver_Palma_Mallorca-178647-L.jpg\" alt=\"Het kasteel van buitenaf gezien\" title=\"Het kasteel gezien vanaf de buitenkant\"\/><\/figure>\n\n<h3 class=\"wp-block-heading\">De ronde binnenplaats<\/h3>\n\n<p>Het hart van het kasteel bestaat uit een elegante centrale binnenplaats omringd door arcades op twee niveaus. De benedenverdieping heeft Romaanse halfronde bogen, terwijl de bovenverdieping gotische spitsbogen heeft. Deze opeenstapeling van stijlen cre\u00ebert een opmerkelijke architectonische harmonie.  <\/p>\n\n<figure class=\"wp-block-image\"><img decoding=\"async\" src=\"https:\/\/photos.smugmug.com\/Travel\/Mallorca\/Palma-Castell-de-Bellver\/i-RmqzZKp\/3\/NZ2HWqdtPRFKVxJtdNZzH6Q4m6SmVP4xSSGVQ4mJ2\/L\/Castell_Bellver_Palma_Mallorca-178556-L.jpg\" alt=\"De ronde binnenplaats\" title=\"Visiter le Castell de Bellver (Palma de Mallorca) Par Claire Robinson | decembre 15, 2025 | cet article contient des liens affili&#xE9;s (d&#xE9;tails) Perch&#xE9; sur une colline dominante la capitale majorquine, le Castell de Bellver repr&#xE9;sente l'un des monuments les plus embl&#xE9;matiques de Palma de Majorque. Deze gotische vesting met een unieke plattegrond biedt een fascinerende kijk op de geschiedenis van de Bal&#xE9;ares en biedt een spectaculair uitzicht op de baai van Palma. Hier vindt u een praktische gids om uw bezoek te plannen. Castell de Bellver Palma de Mallorca \/\/ Op deze pagina, pas de pub, pas de inhoud gesponsord. Slechts enkele links. \/\/Si vous les utilisez, je re&#xE7;ois une commission sans co&#xFB;t suppl&#xE9;mentaire pour vous (plus savoir) Contenus masquer Pourquoi je le recommande! Praktische tips Wat te doen in het kasteel van Bellver? Combineer met andere bezoeken Un peu d'histoire Pourquoi je le recommande! Het kasteel van Bellver onderscheidt zich door zijn uitzonderlijke architectuur. Het is een van de zeldzame kastelen in Europa, een architectonische trots uit de 14e eeuw die al bij de eerste aanblik indruk maakt. J'ai &#xE9;t&#xE9; particuli&#xE8;rement s&#xE9;duite par la cour int&#xE9;rieure avec ses arcades sur deux niveaux. L'alternance entre la pierre claire et l'ombre cr&#xE9;&#xE9;e par les arcs gothiques compose un jeu de lumi&#xE8;re absolument magnifique, surtout en fin d'apr&#xE8;s-midi. C'est un des lieux incontournables de Palma. tour du chateau Mais au-del&#xE0; de l'architecture, c'est le vue panoramique &#xE0; 360 d&#xE9;gr&#xE9;s depuis les remparts qui justifie la visite. U ziet de hele baai van Palma, de kathedraal, de haven, en in een heldere tijd ziet u ook de Serra de Tramuntana aan de overkant. Het is zonder twijfel een van de mooiste uitzichtpunten over Palma. De site heeft ook een historisch museum dat de evolutie van de stad vanaf het Talayotisch tijdperk tot nu laat zien. De collecties zijn goed vertegenwoordigd en maken het mogelijk om de historische context van Majorque beter te begrijpen. Praktische informatie Toegang Het kasteel ligt op ongeveer 3 km ten westen van het centrum van Palma, op de bergrug van de Puig de sa Mesquida En voiture : parking beschikbaar vlakbij de ingang (plaatsen zeer beperkt in het hoogseizoen) En bus : lijn 50 depuis la Plaza Espa&#xF1;a ou la Pla&#xE7;a de la Reina (arr&#xEA;t Pla&#xE7;a Gomila, puis 15 minutes de marche en mont&#xE9;e) En taxi : environ 10-12&#x20AC; depuis le centre de Palma &#xC0; pied depuis le centre : comptez 45 minutes avec une mont&#xE9;e assez raide Parking Horaires et Tarifs Du 1er avril au 30 septembre : du mardi au samedi de 10h &#xE0; 19h, dimanche de 10h &#xE0; 15h Du 1er octobre au 31 mars : du mardi au samedi de 10h &#xE0; 18h, dimanche de 10h &#xE0; 15h Ferm&#xE9; le lundi toute l'ann&#xE9;e Ferm&#xE9; les 1er janvier, 1er mai et 25 d&#xE9;cembre Plein tarif : 4&#x20AC; Voir les derni&#xE8;res infos entr&#xE9;e Visite Dur&#xE9;e recommand&#xE9;e : 1u30 &#xE0; 2u00 pour profiter pleinement du site et des vues Audioguide disponible en plusieurs langues (inclus dans le prix d'entr&#xE9;e) Pr&#xE9;voir de bonnes chaussures : escaliers et pav&#xE9;s irr&#xE9;guliers Apportez de l'eau, surtout en &#xE9;t&#xE9; : peu d'ombre et exposition au soleil Le site est partiellement accessible aux personnes &#xE0; mobilit&#xE9; r&#xE9;duite (rez-de-chauss&#xE9;e uniquement) Meilleur moment: Pour &#xE9;viter la foule: t&#xF4;t le matin en haute saison plan Que voir au ch&#xE2;teau de Bellver? Le ch&#xE2;teau vu de l'ext&#xE9;rieur Depuis l'ext&#xE9;rieur, prenez le temps d'admirer le style aust&#xE8;re de ch&#xE2;teau avec des diff&#xE9;rents remparts.                    ch&#xE2;teau vu de l'ext&#xE9;rieur La cour circulaire\"\/><\/figure>\n\n<h3 class=\"wp-block-heading\">Het historisch museum van de stad<\/h3>\n\n<p>Het museum is gehuisvest in de kamers van het kasteel en schetst de evolutie van Palma door de verschillende tijdperken heen. Het bevat archeologische overblijfselen uit de Talayotische, Romeinse en Arabische periode, maar ook beeldhouwwerken, keramiek en alledaagse voorwerpen. De moderne museografie maakt het bezoek toegankelijk en interessant.  <\/p>\n\n<figure class=\"wp-block-image\"><img decoding=\"async\" src=\"https:\/\/photos.smugmug.com\/Travel\/Mallorca\/Palma-Castell-de-Bellver\/i-FCwDGk2\/3\/MpNpK4TP4mrqJT8rtbN4Lnz5zJbPKkwXpZBzCQpR3\/L\/Castell_Bellver_Palma_Mallorca-178569-L.jpg\" alt=\"Mus&#xE9;e\" title=\"Mus&#xE9;e\"\/><\/figure>\n\n<h3 class=\"wp-block-heading\">De wallen, terrassen en uitzichten<\/h3>\n\n<p>Klim de stadsmuren op om van het uitzonderlijke panoramische uitzicht te genieten. Elke richting biedt een ander schouwspel: de kathedraal en het historische centrum in het zuidoosten, de bergen van de Serra de Tramuntana in het noorden en de haven en baai in het zuiden. Het is de perfecte plek om foto&#8217;s te maken.  <\/p>\n\n<p>Het is echt een van mijn dierbaarste herinneringen aan Mallorca.<\/p>\n\n<p>Tussen het unieke gebouw en het uitzicht!!!<\/p>\n\n<figure class=\"wp-block-image\"><img decoding=\"async\" src=\"https:\/\/photos.smugmug.com\/Travel\/Mallorca\/Palma-Castell-de-Bellver\/i-4JfgPkb\/3\/NS25vKQ43cC4M5QRNMd9ZZHVcZHx6MRLj8d9FCH8G\/L\/Castell_Bellver_Palma_Mallorca-1221-L.jpg\" alt=\"weergaven\" title=\"uitzicht op binnenplaats en bergen\"\/><\/figure>\n\n<figure class=\"wp-block-image\"><img decoding=\"async\" src=\"https:\/\/photos.smugmug.com\/Travel\/Mallorca\/Palma-Castell-de-Bellver\/i-zqn995t\/3\/KvTXPKVcwVCHhVNdRBZ829C4BpVgDcqKgFQQk6Td7\/L\/Castell_Bellver_Palma_Mallorca-178594-L.jpg\" alt=\"Uitzicht over de stad\" title=\"Verkeer\"\/><\/figure>\n\n<h3 class=\"wp-block-heading\">De hommagetoren<\/h3>\n\n<p>Deze onafhankelijke toren, verbonden met het kasteel door een stenen brug, diende als donjon.<\/p>\n\n<p>Het biedt een ander perspectief op het hele kasteel en zorgt voor een beter begrip van het verdedigingssysteem.<\/p>\n\n<figure class=\"wp-block-image\"><img decoding=\"async\" src=\"https:\/\/photos.smugmug.com\/Travel\/Mallorca\/Palma-Castell-de-Bellver\/i-BZM5t5X\/3\/LFCF285h5rR2s5KLWDHDSwNBWCMBqtXRzZkbZ7pGd\/L\/Castell_Bellver_Palma_Mallorca-178591-L.jpg\" alt=\"De hommagetoren\" title=\"tour\"\/><\/figure>\n\n<h3 class=\"wp-block-heading\">Bellver Bos<\/h3>\n\n<p>Het kasteel wordt omringd door een aangenaam dennenbos waar de lokale bevolking komt om te wandelen en joggen. Als u tijd hebt, is een wandeling door dit bos voor of na een bezoek aan het kasteel erg aangenaam, vooral in de zomer wanneer u kunt genieten van de koele schaduw. <\/p>\n\n<figure class=\"wp-block-image\"><img decoding=\"async\" src=\"https:\/\/photos.smugmug.com\/Travel\/Mallorca\/Palma-Castell-de-Bellver\/i-TmVnK92\/3\/MW3NrGNCX59pQSDtMFDcwz9dTntDZhkzhSCGbnMks\/L\/Castell_Bellver_Palma_Mallorca-178508-L.jpg\" alt=\"Bellver Bos\" title=\"Bos\"\/><\/figure>\n\n<div style=\"margin-top:8%;margin-bottom:8%\" class=\"wp-block-genesis-blocks-gb-container box_cafe gb-block-container\"><div class=\"gb-container-inside\"><div class=\"gb-container-content\">\n<h5 class=\"wp-block-heading box_titre_cafe\">Ik drink geen koffie  <img loading=\"lazy\" decoding=\"async\" width=\"24\" height=\"24\" class=\"wp-image-66497\" style=\"width: 24px;\" src=\"http:\/\/www.zigzagonearth.com\/wp-content\/uploads\/2023\/08\/cafe.png\" alt=\"\" srcset=\"https:\/\/www.zigzagonearth.com\/wp-content\/uploads\/2023\/08\/cafe.png 160w, https:\/\/www.zigzagonearth.com\/wp-content\/uploads\/2023\/08\/cafe-150x150.png 150w, https:\/\/www.zigzagonearth.com\/wp-content\/uploads\/2023\/08\/cafe-100x100.png 100w\" sizes=\"auto, (max-width: 24px) 100vw, 24px\" \/><\/h5>\n\n\n\n<div class=\"wp-block-columns box_colonne is-layout-flex wp-container-core-columns-is-layout-9d6595d7 wp-block-columns-is-layout-flex\">\n<div class=\"wp-block-column colonne is-layout-flow wp-block-column-is-layout-flow\" style=\"flex-basis:80%\">\n<p>Maar ik hou ook van andere dranken en zoetigheden!<br>Vindt u de gratis inhoud op mijn blog leuk? Al mijn tips en praktische informatie, zonder opdringerige reclame&#8230;<\/p>\n<\/div>\n\n\n\n<div class=\"wp-block-column colonne box_cafe_img is-layout-flow wp-block-column-is-layout-flow\" style=\"flex-basis:20%\"><div class=\"wp-block-image\">\n<figure class=\"aligncenter size-full is-resized\"><img decoding=\"async\" src=\"https:\/\/www.zigzagonearth.com\/wp-content\/uploads\/2023\/08\/claire.png\" alt=\"\" class=\"wp-image-66503\" style=\"width:80px\" width=\"80\" srcset=\"https:\/\/www.zigzagonearth.com\/wp-content\/uploads\/2023\/08\/claire.png 130w, https:\/\/www.zigzagonearth.com\/wp-content\/uploads\/2023\/08\/claire-100x100.png 100w\" sizes=\"(max-width: 130px) 100vw, 130px\" \/><\/figure>\n<\/div><\/div>\n<\/div>\n\n\n\n<div class=\"wp-block-buttons box_bouton box_cafe_bouton is-content-justification-center is-layout-flex wp-container-core-buttons-is-layout-16018d1d wp-block-buttons-is-layout-flex\">\n<div class=\"wp-block-button box_bouton\"><a class=\"wp-block-button__link wp-element-button\" href=\"https:\/\/www.buymeacoffee.com\/regionlovers\" target=\"_blank\" rel=\"noreferrer noopener\">Claire, ik betaal je een koffie!<span class=\"box_bouton_image\"><\/span><\/a><\/div>\n<\/div>\n<\/div><\/div><\/div>\n\n<h2 class=\"wp-block-heading\" id=\"t-1766151152550\">Combineer met andere bezoeken<\/h2>\n\n<p>Castell de Bellver kan gemakkelijk worden opgenomen in een dagje Palma verkennen. Hier volgen enkele suggesties:<\/p>\n\n<p>Begin &#8217;s ochtends met het kasteel als het nog koel is, ga dan naar het historische centrum om de kathedraal van Palma (La Seu), het koninklijk paleis Almudaina en een wandeling door de smalle straatjes van de oude wijk te bezoeken.<\/p>\n\n<h2 class=\"wp-block-heading\" id=\"t-1766151152551\">Een beetje geschiedenis<\/h2>\n\n<p>Het kasteel werd tussen 1300 en 1311 gebouwd in opdracht van koning James II van Mallorca. De naam &#8220;Bellver&#8221; betekent &#8220;mooi uitzicht&#8221; in het Catalaans, wat veel zegt over de strategische ligging. <\/p>\n\n<p>Het kasteel werd in eerste instantie ontworpen als koninklijke residentie, maar diende al snel als gevangenis, een functie die het behield tot halverwege de 20e eeuw. Onder de beroemde gevangenen bevonden zich politieke tegenstanders tijdens de Spaanse Onafhankelijkheidsoorlog. <\/p>\n\n<p>De cirkelvormige architectuur was revolutionair voor die tijd. De vier torens die op de kardinale punten uitkijken, dragen bij aan de perfecte symmetrie van het complex. De donjon, die los staat van het hoofdgebouw en verbonden is met een brug, versterkt het defensieve aspect van het kasteel.  <\/p>\n\n<p>Tegenwoordig is het kasteel eigendom van de gemeente Palma en worden er in de zomer regelmatig concerten gegeven op de binnenplaats, waardoor deze historische plek verandert in een levendige culturele ruimte.<\/p>\n\n<hr class=\"wp-block-separator has-alpha-channel-opacity\"\/>\n\n<p><strong>Wilt u meer informatie over Majorque?<\/strong><\/p>\n\n<ul class=\"wp-block-list\">\n<li>40 mooiste bestemmingen in Majorque (foto&#8217;s van landschappen) &#8211; <a class=\"\" href=\"https:\/\/zigzagvoyages.fr\/plus-beaux-paysages-majorque-photos\/\" target=\"_blank\" rel=\"noreferrer noopener\">bekijk dit artikel<\/a><\/li>\n\n\n\n<li>7 mooiste grotten van Majorque &#8211; <a href=\"https:\/\/zigzagvoyages.fr\/grottes-majorque\/\" target=\"_blank\" rel=\"noreferrer noopener\">artikel lezen<\/a><\/li>\n\n\n\n<li>10 plus belles criques de Majorque &#8211; <a href=\"https:\/\/zigzagvoyages.fr\/plus-belles-criques-majorque-calas\/\" target=\"_blank\" rel=\"noreferrer noopener\">artikel lezen<\/a><\/li>\n\n\n\n<li>12 munten geheimen van Majorque, hors des sentiers battus &#8211; <a class=\"\" href=\"https:\/\/zigzagvoyages.fr\/majorque-hors-sentiers-battus\/\" target=\"_blank\" rel=\"noreferrer noopener\">artikel lezen<\/a><\/li>\n\n\n\n<li>21 mooiste uitzichtpunten van Majorque &#8211; <a class=\"\" href=\"https:\/\/zigzagvoyages.fr\/plus-beaux-points-vue-majorque\/\" target=\"_blank\" rel=\"noreferrer noopener\">artikel lezen<\/a><\/li>\n\n\n\n<li>Tips voor een reis naar Majorque &#8211; <a class=\"\" href=\"https:\/\/zigzagvoyages.fr\/road-trip-majorque-voyage-conseils\/\" target=\"_blank\" rel=\"noreferrer noopener\">artikel lezen<\/a><\/li>\n\n\n\n<li>21 mooiste en mooiste dorpen in Majorque &#8211; <a class=\"\" href=\"https:\/\/zigzagvoyages.fr\/plus-beaux-villages-majorque-villes\/\" target=\"_blank\" rel=\"noreferrer noopener\">artikel lezen<\/a><\/li>\n\n\n\n<li>Sa Calobra &#8211; route, strand, tips &#8211; <a class=\"\" href=\"https:\/\/zigzagvoyages.fr\/sa-calobra-majorque\/\" target=\"_blank\" rel=\"noreferrer noopener\">artikel lezen<\/a><\/li>\n\n\n\n<li>Cap de Formentor &#8211; route, stranden, strand&#8230; &#8211; <a href=\"https:\/\/zigzagvoyages.fr\/cap-formentor-majorque\/\" target=\"_blank\" rel=\"noreferrer noopener\">artikel lezen<\/a><\/li>\n<\/ul>\n\n<p><strong>Wilt u een reis naar Majorque maken?<\/strong><\/p>\n\n<p>Koop deze reisgids om het plannen te vereenvoudigen:<\/p>\n","protected":false},"excerpt":{"rendered":"<p>Castell de Bellver, gelegen op een heuvel boven de hoofdstad van Mallorca, is een van de meest iconische monumenten van Palma de Mallorca. Dit unieke ronde gotische fort biedt een fascinerend inzicht in de middeleeuwse geschiedenis van de Balearen en een spectaculair uitzicht over de baai van Palma. Hier is mijn praktische gids voor het [&hellip;]<\/p>\n","protected":false},"author":1,"featured_media":72083,"comment_status":"closed","ping_status":"closed","sticky":false,"template":"","format":"standard","meta":{"_genesis_hide_title":false,"_genesis_hide_breadcrumbs":false,"_genesis_hide_singular_image":false,"_genesis_hide_footer_widgets":false,"_genesis_custom_body_class":"","_genesis_custom_post_class":"","_genesis_layout":"full-width-content","footnotes":""},"categories":[878],"tags":[],"class_list":{"0":"post-72099","1":"post","2":"type-post","3":"status-publish","4":"format-standard","5":"has-post-thumbnail","7":"category-mallorca-nl","8":"entry"},"yoast_head":"<!-- This site is optimized with the Yoast SEO plugin v27.2 - https:\/\/yoast.com\/product\/yoast-seo-wordpress\/ -->\n<title>Bezoek Kasteel Bellver (Palma de Mallorca)<\/title>\n<meta name=\"description\" content=\"Al onze tips voor een bezoek aan het kasteel van Bellver (Castell de Bellver): toegang, timing, wat te zien, moeilijkheden... met veel foto&#039;s!\" \/>\n<meta name=\"robots\" content=\"index, follow, max-snippet:-1, max-image-preview:large, max-video-preview:-1\" \/>\n<link rel=\"canonical\" href=\"https:\/\/www.zigzagonearth.com\/nl\/bellver-kasteel-palma-mallorca\/\" \/>\n<meta property=\"og:locale\" content=\"nl_NL\" \/>\n<meta property=\"og:type\" content=\"article\" \/>\n<meta property=\"og:title\" content=\"Bezoek Kasteel Bellver (Palma de Mallorca)\" \/>\n<meta property=\"og:description\" content=\"Al onze tips voor een bezoek aan het kasteel van Bellver (Castell de Bellver): toegang, timing, wat te zien, moeilijkheden... met veel foto&#039;s!\" \/>\n<meta property=\"og:url\" content=\"https:\/\/www.zigzagonearth.com\/nl\/bellver-kasteel-palma-mallorca\/\" \/>\n<meta property=\"og:site_name\" content=\"ZigZagonEarth\" \/>\n<meta property=\"article:publisher\" content=\"https:\/\/www.facebook.com\/zigzagonearth\" \/>\n<meta property=\"article:author\" content=\"https:\/\/www.facebook.com\/zigzagonearth\" \/>\n<meta property=\"article:published_time\" content=\"2025-12-19T13:49:11+00:00\" \/>\n<meta property=\"article:modified_time\" content=\"2025-12-19T13:53:38+00:00\" \/>\n<meta property=\"og:image\" content=\"https:\/\/www.zigzagonearth.com\/wp-content\/uploads\/2025\/12\/Castell-de-Bellver-Palma-de-Mallorca.jpg\" \/>\n\t<meta property=\"og:image:width\" content=\"800\" \/>\n\t<meta property=\"og:image:height\" content=\"600\" \/>\n\t<meta property=\"og:image:type\" content=\"image\/jpeg\" \/>\n<meta name=\"author\" content=\"Claire\" \/>\n<meta name=\"twitter:card\" content=\"summary_large_image\" \/>\n<meta name=\"twitter:creator\" content=\"@ZigZagOnEarth\" \/>\n<meta name=\"twitter:site\" content=\"@ZigZagOnEarth\" \/>\n<meta name=\"twitter:label1\" content=\"Geschreven door\" \/>\n\t<meta name=\"twitter:data1\" content=\"Claire\" \/>\n\t<meta name=\"twitter:label2\" content=\"Geschatte leestijd\" \/>\n\t<meta name=\"twitter:data2\" content=\"5 minuten\" \/>\n<script type=\"application\/ld+json\" class=\"yoast-schema-graph\">{\"@context\":\"https:\/\/schema.org\",\"@graph\":[{\"@type\":\"Article\",\"@id\":\"https:\/\/www.zigzagonearth.com\/nl\/bellver-kasteel-palma-mallorca\/#article\",\"isPartOf\":{\"@id\":\"https:\/\/www.zigzagonearth.com\/nl\/bellver-kasteel-palma-mallorca\/\"},\"author\":{\"name\":\"Claire\",\"@id\":\"https:\/\/www.zigzagonearth.com\/nl\/#\/schema\/person\/0498142e0cb256f21659d85ef6bca599\"},\"headline\":\"Bezoek Kasteel Bellver (Palma de Mallorca)\",\"datePublished\":\"2025-12-19T13:49:11+00:00\",\"dateModified\":\"2025-12-19T13:53:38+00:00\",\"mainEntityOfPage\":{\"@id\":\"https:\/\/www.zigzagonearth.com\/nl\/bellver-kasteel-palma-mallorca\/\"},\"wordCount\":1074,\"image\":{\"@id\":\"https:\/\/www.zigzagonearth.com\/nl\/bellver-kasteel-palma-mallorca\/#primaryimage\"},\"thumbnailUrl\":\"https:\/\/www.zigzagonearth.com\/wp-content\/uploads\/2025\/12\/Castell-de-Bellver-Palma-de-Mallorca.jpg\",\"articleSection\":[\"Mallorca\"],\"inLanguage\":\"nl-NL\"},{\"@type\":\"WebPage\",\"@id\":\"https:\/\/www.zigzagonearth.com\/nl\/bellver-kasteel-palma-mallorca\/\",\"url\":\"https:\/\/www.zigzagonearth.com\/nl\/bellver-kasteel-palma-mallorca\/\",\"name\":\"Bezoek Kasteel Bellver (Palma de Mallorca)\",\"isPartOf\":{\"@id\":\"https:\/\/www.zigzagonearth.com\/nl\/#website\"},\"primaryImageOfPage\":{\"@id\":\"https:\/\/www.zigzagonearth.com\/nl\/bellver-kasteel-palma-mallorca\/#primaryimage\"},\"image\":{\"@id\":\"https:\/\/www.zigzagonearth.com\/nl\/bellver-kasteel-palma-mallorca\/#primaryimage\"},\"thumbnailUrl\":\"https:\/\/www.zigzagonearth.com\/wp-content\/uploads\/2025\/12\/Castell-de-Bellver-Palma-de-Mallorca.jpg\",\"datePublished\":\"2025-12-19T13:49:11+00:00\",\"dateModified\":\"2025-12-19T13:53:38+00:00\",\"author\":{\"@id\":\"https:\/\/www.zigzagonearth.com\/nl\/#\/schema\/person\/0498142e0cb256f21659d85ef6bca599\"},\"description\":\"Al onze tips voor een bezoek aan het kasteel van Bellver (Castell de Bellver): toegang, timing, wat te zien, moeilijkheden... met veel foto's!\",\"breadcrumb\":{\"@id\":\"https:\/\/www.zigzagonearth.com\/nl\/bellver-kasteel-palma-mallorca\/#breadcrumb\"},\"inLanguage\":\"nl-NL\",\"potentialAction\":[{\"@type\":\"ReadAction\",\"target\":[\"https:\/\/www.zigzagonearth.com\/nl\/bellver-kasteel-palma-mallorca\/\"]}]},{\"@type\":\"ImageObject\",\"inLanguage\":\"nl-NL\",\"@id\":\"https:\/\/www.zigzagonearth.com\/nl\/bellver-kasteel-palma-mallorca\/#primaryimage\",\"url\":\"https:\/\/www.zigzagonearth.com\/wp-content\/uploads\/2025\/12\/Castell-de-Bellver-Palma-de-Mallorca.jpg\",\"contentUrl\":\"https:\/\/www.zigzagonearth.com\/wp-content\/uploads\/2025\/12\/Castell-de-Bellver-Palma-de-Mallorca.jpg\",\"width\":800,\"height\":600,\"caption\":\"Castell de Bellver Palma de Mallorca\"},{\"@type\":\"BreadcrumbList\",\"@id\":\"https:\/\/www.zigzagonearth.com\/nl\/bellver-kasteel-palma-mallorca\/#breadcrumb\",\"itemListElement\":[{\"@type\":\"ListItem\",\"position\":1,\"name\":\"Home\",\"item\":\"https:\/\/www.zigzagonearth.com\/nl\/\"},{\"@type\":\"ListItem\",\"position\":2,\"name\":\"Bezoek Kasteel Bellver (Palma de Mallorca)\"}]},{\"@type\":\"WebSite\",\"@id\":\"https:\/\/www.zigzagonearth.com\/nl\/#website\",\"url\":\"https:\/\/www.zigzagonearth.com\/nl\/\",\"name\":\"ZigZagonEarth\",\"description\":\"Plan unforgettable road trips!\",\"potentialAction\":[{\"@type\":\"SearchAction\",\"target\":{\"@type\":\"EntryPoint\",\"urlTemplate\":\"https:\/\/www.zigzagonearth.com\/nl\/?s={search_term_string}\"},\"query-input\":{\"@type\":\"PropertyValueSpecification\",\"valueRequired\":true,\"valueName\":\"search_term_string\"}}],\"inLanguage\":\"nl-NL\"},{\"@type\":\"Person\",\"@id\":\"https:\/\/www.zigzagonearth.com\/nl\/#\/schema\/person\/0498142e0cb256f21659d85ef6bca599\",\"name\":\"Claire\",\"image\":{\"@type\":\"ImageObject\",\"inLanguage\":\"nl-NL\",\"@id\":\"https:\/\/secure.gravatar.com\/avatar\/7a2d4fe6757ab43d35e1680834ada7bf24e3ceccf01b37a8d65bfb7e69ce6271?s=96&d=blank&r=g\",\"url\":\"https:\/\/secure.gravatar.com\/avatar\/7a2d4fe6757ab43d35e1680834ada7bf24e3ceccf01b37a8d65bfb7e69ce6271?s=96&d=blank&r=g\",\"contentUrl\":\"https:\/\/secure.gravatar.com\/avatar\/7a2d4fe6757ab43d35e1680834ada7bf24e3ceccf01b37a8d65bfb7e69ce6271?s=96&d=blank&r=g\",\"caption\":\"Claire\"},\"description\":\"Claire is the ultimate Travel Planning Geek - She can spend hours, weeks, months... researching for a trip. She created ZigZag On Earth to help people plan their own travels and make the most of their time.\",\"sameAs\":[\"https:\/\/www.facebook.com\/zigzagonearth\"]}]}<\/script>\n<!-- \/ Yoast SEO plugin. -->","yoast_head_json":{"title":"Bezoek Kasteel Bellver (Palma de Mallorca)","description":"Al onze tips voor een bezoek aan het kasteel van Bellver (Castell de Bellver): toegang, timing, wat te zien, moeilijkheden... met veel foto's!","robots":{"index":"index","follow":"follow","max-snippet":"max-snippet:-1","max-image-preview":"max-image-preview:large","max-video-preview":"max-video-preview:-1"},"canonical":"https:\/\/www.zigzagonearth.com\/nl\/bellver-kasteel-palma-mallorca\/","og_locale":"nl_NL","og_type":"article","og_title":"Bezoek Kasteel Bellver (Palma de Mallorca)","og_description":"Al onze tips voor een bezoek aan het kasteel van Bellver (Castell de Bellver): toegang, timing, wat te zien, moeilijkheden... met veel foto's!","og_url":"https:\/\/www.zigzagonearth.com\/nl\/bellver-kasteel-palma-mallorca\/","og_site_name":"ZigZagonEarth","article_publisher":"https:\/\/www.facebook.com\/zigzagonearth","article_author":"https:\/\/www.facebook.com\/zigzagonearth","article_published_time":"2025-12-19T13:49:11+00:00","article_modified_time":"2025-12-19T13:53:38+00:00","og_image":[{"width":800,"height":600,"url":"https:\/\/www.zigzagonearth.com\/wp-content\/uploads\/2025\/12\/Castell-de-Bellver-Palma-de-Mallorca.jpg","type":"image\/jpeg"}],"author":"Claire","twitter_card":"summary_large_image","twitter_creator":"@ZigZagOnEarth","twitter_site":"@ZigZagOnEarth","twitter_misc":{"Geschreven door":"Claire","Geschatte leestijd":"5 minuten"},"schema":{"@context":"https:\/\/schema.org","@graph":[{"@type":"Article","@id":"https:\/\/www.zigzagonearth.com\/nl\/bellver-kasteel-palma-mallorca\/#article","isPartOf":{"@id":"https:\/\/www.zigzagonearth.com\/nl\/bellver-kasteel-palma-mallorca\/"},"author":{"name":"Claire","@id":"https:\/\/www.zigzagonearth.com\/nl\/#\/schema\/person\/0498142e0cb256f21659d85ef6bca599"},"headline":"Bezoek Kasteel Bellver (Palma de Mallorca)","datePublished":"2025-12-19T13:49:11+00:00","dateModified":"2025-12-19T13:53:38+00:00","mainEntityOfPage":{"@id":"https:\/\/www.zigzagonearth.com\/nl\/bellver-kasteel-palma-mallorca\/"},"wordCount":1074,"image":{"@id":"https:\/\/www.zigzagonearth.com\/nl\/bellver-kasteel-palma-mallorca\/#primaryimage"},"thumbnailUrl":"https:\/\/www.zigzagonearth.com\/wp-content\/uploads\/2025\/12\/Castell-de-Bellver-Palma-de-Mallorca.jpg","articleSection":["Mallorca"],"inLanguage":"nl-NL"},{"@type":"WebPage","@id":"https:\/\/www.zigzagonearth.com\/nl\/bellver-kasteel-palma-mallorca\/","url":"https:\/\/www.zigzagonearth.com\/nl\/bellver-kasteel-palma-mallorca\/","name":"Bezoek Kasteel Bellver (Palma de Mallorca)","isPartOf":{"@id":"https:\/\/www.zigzagonearth.com\/nl\/#website"},"primaryImageOfPage":{"@id":"https:\/\/www.zigzagonearth.com\/nl\/bellver-kasteel-palma-mallorca\/#primaryimage"},"image":{"@id":"https:\/\/www.zigzagonearth.com\/nl\/bellver-kasteel-palma-mallorca\/#primaryimage"},"thumbnailUrl":"https:\/\/www.zigzagonearth.com\/wp-content\/uploads\/2025\/12\/Castell-de-Bellver-Palma-de-Mallorca.jpg","datePublished":"2025-12-19T13:49:11+00:00","dateModified":"2025-12-19T13:53:38+00:00","author":{"@id":"https:\/\/www.zigzagonearth.com\/nl\/#\/schema\/person\/0498142e0cb256f21659d85ef6bca599"},"description":"Al onze tips voor een bezoek aan het kasteel van Bellver (Castell de Bellver): toegang, timing, wat te zien, moeilijkheden... met veel foto's!","breadcrumb":{"@id":"https:\/\/www.zigzagonearth.com\/nl\/bellver-kasteel-palma-mallorca\/#breadcrumb"},"inLanguage":"nl-NL","potentialAction":[{"@type":"ReadAction","target":["https:\/\/www.zigzagonearth.com\/nl\/bellver-kasteel-palma-mallorca\/"]}]},{"@type":"ImageObject","inLanguage":"nl-NL","@id":"https:\/\/www.zigzagonearth.com\/nl\/bellver-kasteel-palma-mallorca\/#primaryimage","url":"https:\/\/www.zigzagonearth.com\/wp-content\/uploads\/2025\/12\/Castell-de-Bellver-Palma-de-Mallorca.jpg","contentUrl":"https:\/\/www.zigzagonearth.com\/wp-content\/uploads\/2025\/12\/Castell-de-Bellver-Palma-de-Mallorca.jpg","width":800,"height":600,"caption":"Castell de Bellver Palma de Mallorca"},{"@type":"BreadcrumbList","@id":"https:\/\/www.zigzagonearth.com\/nl\/bellver-kasteel-palma-mallorca\/#breadcrumb","itemListElement":[{"@type":"ListItem","position":1,"name":"Home","item":"https:\/\/www.zigzagonearth.com\/nl\/"},{"@type":"ListItem","position":2,"name":"Bezoek Kasteel Bellver (Palma de Mallorca)"}]},{"@type":"WebSite","@id":"https:\/\/www.zigzagonearth.com\/nl\/#website","url":"https:\/\/www.zigzagonearth.com\/nl\/","name":"ZigZagonEarth","description":"Plan unforgettable road trips!","potentialAction":[{"@type":"SearchAction","target":{"@type":"EntryPoint","urlTemplate":"https:\/\/www.zigzagonearth.com\/nl\/?s={search_term_string}"},"query-input":{"@type":"PropertyValueSpecification","valueRequired":true,"valueName":"search_term_string"}}],"inLanguage":"nl-NL"},{"@type":"Person","@id":"https:\/\/www.zigzagonearth.com\/nl\/#\/schema\/person\/0498142e0cb256f21659d85ef6bca599","name":"Claire","image":{"@type":"ImageObject","inLanguage":"nl-NL","@id":"https:\/\/secure.gravatar.com\/avatar\/7a2d4fe6757ab43d35e1680834ada7bf24e3ceccf01b37a8d65bfb7e69ce6271?s=96&d=blank&r=g","url":"https:\/\/secure.gravatar.com\/avatar\/7a2d4fe6757ab43d35e1680834ada7bf24e3ceccf01b37a8d65bfb7e69ce6271?s=96&d=blank&r=g","contentUrl":"https:\/\/secure.gravatar.com\/avatar\/7a2d4fe6757ab43d35e1680834ada7bf24e3ceccf01b37a8d65bfb7e69ce6271?s=96&d=blank&r=g","caption":"Claire"},"description":"Claire is the ultimate Travel Planning Geek - She can spend hours, weeks, months... researching for a trip. She created ZigZag On Earth to help people plan their own travels and make the most of their time.","sameAs":["https:\/\/www.facebook.com\/zigzagonearth"]}]}},"featured_image_src":"https:\/\/www.zigzagonearth.com\/wp-content\/uploads\/2025\/12\/Castell-de-Bellver-Palma-de-Mallorca-600x400.jpg","featured_image_src_square":"https:\/\/www.zigzagonearth.com\/wp-content\/uploads\/2025\/12\/Castell-de-Bellver-Palma-de-Mallorca-600x600.jpg","author_info":{"display_name":"Claire","author_link":"https:\/\/www.zigzagonearth.com\/nl\/author\/zzoe\/"},"_links":{"self":[{"href":"https:\/\/www.zigzagonearth.com\/nl\/wp-json\/wp\/v2\/posts\/72099","targetHints":{"allow":["GET"]}}],"collection":[{"href":"https:\/\/www.zigzagonearth.com\/nl\/wp-json\/wp\/v2\/posts"}],"about":[{"href":"https:\/\/www.zigzagonearth.com\/nl\/wp-json\/wp\/v2\/types\/post"}],"author":[{"embeddable":true,"href":"https:\/\/www.zigzagonearth.com\/nl\/wp-json\/wp\/v2\/users\/1"}],"replies":[{"embeddable":true,"href":"https:\/\/www.zigzagonearth.com\/nl\/wp-json\/wp\/v2\/comments?post=72099"}],"version-history":[{"count":0,"href":"https:\/\/www.zigzagonearth.com\/nl\/wp-json\/wp\/v2\/posts\/72099\/revisions"}],"wp:featuredmedia":[{"embeddable":true,"href":"https:\/\/www.zigzagonearth.com\/nl\/wp-json\/wp\/v2\/media\/72083"}],"wp:attachment":[{"href":"https:\/\/www.zigzagonearth.com\/nl\/wp-json\/wp\/v2\/media?parent=72099"}],"wp:term":[{"taxonomy":"category","embeddable":true,"href":"https:\/\/www.zigzagonearth.com\/nl\/wp-json\/wp\/v2\/categories?post=72099"},{"taxonomy":"post_tag","embeddable":true,"href":"https:\/\/www.zigzagonearth.com\/nl\/wp-json\/wp\/v2\/tags?post=72099"}],"curies":[{"name":"wp","href":"https:\/\/api.w.org\/{rel}","templated":true}]}}