{"id":72157,"date":"2026-01-19T09:53:48","date_gmt":"2026-01-19T08:53:48","guid":{"rendered":"https:\/\/www.zigzagonearth.com\/rejser-mallorca-2026-nyt\/"},"modified":"2026-01-19T10:06:23","modified_gmt":"2026-01-19T09:06:23","slug":"rejser-mallorca-2026-nyt","status":"publish","type":"post","link":"https:\/\/www.zigzagonearth.com\/da\/rejser-mallorca-2026-nyt\/","title":{"rendered":"Rejser rundt p\u00e5 Mallorca i 2026: Hvad er nyt?"},"content":{"rendered":"\n<p>Overvejer du eller planl\u00e6gger du en rejse til Mallorca i 2026? Jeg har samlet en oversigt over alt, hvad der \u00e6ndrer sig, og alt, hvad du skal vide om dette \u00e5r: adgang, \u00e5bninger, lukninger, turisme generelt, nye hoteller og meget mere. <\/p>\n\n<p>Her er alt, hvad der \u00e6ndrer sig p\u00e5 din rejse til Mallorca i 2026.<\/p>\n\n<figure class=\"wp-block-image size-full\"><img decoding=\"async\" src=\"https:\/\/www.zigzagonearth.com\/wp-content\/uploads\/2026\/01\/Rejs-til-Mallorca-2026-nyt.jpg\" alt=\"Rejser Mallorca 2026 hvad nyt\" class=\"wp-image-72146\" title=\"voyager majorque 2026 nouveau\"\/><\/figure>\n\n<p class=\"has-text-align-right\" style=\"font-size:16px\">\/\/ P\u00e5 denne side er der intet sponsoreret indhold. Bare nogle f\u00e5 affiliate-links.<br\/>\/\/ Hvis du bruger dem, f\u00e5r jeg en kommission uden ekstra omkostninger for dig<a href=\"https:\/\/www.zigzagonearth.com\/da\/privatliv-brugsvilkar-offentligoorelse\/\" target=\"_blank\" rel=\"noreferrer noopener\">(l\u00e6s mere)<\/a>. <\/p>\n\n<h2 class=\"wp-block-heading\">Hvad du skal vide om Mallorca i 2026<\/h2>\n\n<p>I 2026 er <a href=\"https:\/\/www.zigzagonearth.com\/da\/bedste-sevaerdigheder-mallorca\/\" target=\"_blank\" rel=\"noreferrer noopener\">Mallorca<\/a> ikke l\u00e6ngere helt den samme destination, som den var i 2019 eller endda 2022. \u00d8en bev\u00e6ger sig helt klart i retning af en mere b\u00e6redygtig model, samtidig med at den forts\u00e6tter med at opgradere sine hoteller. <\/p>\n\n<p>Hvis du kun vil vide det vigtigste, kan du se her, hvad der virkelig har \u00e6ndret sig for din rejse:<\/p>\n\n<ul class=\"wp-block-list\">\n<li>Nye luksushoteller og resorts er \u00e5bnet eller er planlagt til 2025-2026.<\/li>\n\n\n\n<li>Mallorca presser meget h\u00e5rdere p\u00e5 for at positionere sig som en b\u00e6redygtig destination: Observatorium for b\u00e6redygtig turisme, turistskat, der geninvesteres i konkrete projekter, Mallorca Pledge-initiativet, der lanceres i 2025.<\/li>\n\n\n\n<li>Flytrafikken til De Baleariske \u00d8er n\u00e5r rekordniveauer i begyndelsen af 2026 med flere tilg\u00e6ngelige fly og s\u00e6der.<\/li>\n\n\n\n<li>Sp\u00f8rgsm\u00e5let om gopler er ved at blive en reel bekymring for sv\u00f8mning, med hyppigere<\/li>\n\n\n\n<li>Offentlig transport mellem byer (TIB) er bedre struktureret og mere fremtr\u00e6dende<\/li>\n\n\n\n<li>Ingen st\u00f8rre \u00e6ndringer eller lukninger af attraktioner<\/li>\n\n\n\n<li>Adgang til Cap Formentor i 2026: Adgangsbegr\u00e6nsninger g\u00e6lder fra 15. maj til 15. oktober. I denne periode skal du v\u00e6re opm\u00e6rksom p\u00e5, at du ikke kan bruge hele vejen. <\/li>\n<\/ul>\n\n<figure class=\"wp-block-image\"><img decoding=\"async\" src=\"https:\/\/photos.smugmug.com\/Travel\/Mallorca\/Sa-Calobra\/i-cN8Mw4S\/1\/7f82461c\/L\/beach_Sa_Calobra_Mallorca-0783-L.jpg\" alt=\"Sa Calobra\" title=\"Sa Calobra\"\/><\/figure>\n\n<div style=\"margin-top:8%;margin-bottom:8%\" class=\"wp-block-genesis-blocks-gb-container box gb-block-container\"><div class=\"gb-container-inside\"><div class=\"gb-container-content\">\n<p class=\"box_titre_une\">F\u00f8r mine tips + fotos, her er <u>mine favoritter<\/u> til Mallorca:<\/p>\n\n\n\n<div class=\"wp-block-columns box_colonne_cc is-layout-flex wp-container-core-columns-is-layout-9d6595d7 wp-block-columns-is-layout-flex\">\n<div class=\"wp-block-column box_picto_c is-layout-flow wp-block-column-is-layout-flow\" style=\"flex-basis:5%\">\n<figure class=\"wp-block-image size-full is-resized box_picto\"><img loading=\"lazy\" decoding=\"async\" src=\"http:\/\/www.zigzagonearth.com\/wp-content\/uploads\/2023\/08\/&#x1F697;.png\" alt=\"\" class=\"wp-image-16341\" style=\"width:30px;height:31px\" width=\"30\" height=\"31\"\/><\/figure>\n<\/div>\n\n\n\n<div class=\"wp-block-column is-layout-flow wp-block-column-is-layout-flow\" style=\"flex-basis:95%\">\n<p class=\"box_lien_g\">Min foretrukne platform til at leje en bil p\u00e5 Mallorca: <a href=\"https:\/\/www.discovercars.com\/dk\/spain-balearic-islands\/mallorca?a_aid=zigzag&amp;chan=ZZ_Mallorca\" target=\"_blank\" rel=\"noreferrer noopener sponsored nofollow\">DiscoverCars<\/a><\/p>\n<\/div>\n<\/div>\n\n\n\n<div class=\"wp-block-columns box_colonne_cc is-layout-flex wp-container-core-columns-is-layout-9d6595d7 wp-block-columns-is-layout-flex\">\n<div class=\"wp-block-column box_picto_c is-layout-flow wp-block-column-is-layout-flow\" style=\"flex-basis:5%\">\n<figure class=\"wp-block-image size-full is-resized box_picto\"><img loading=\"lazy\" decoding=\"async\" src=\"http:\/\/www.zigzagonearth.com\/wp-content\/uploads\/2023\/08\/&#x1F6E5;&#xFE0F;&#xFE0F;.png\" alt=\"\" class=\"wp-image-16340\" style=\"width:30px;height:31px\" width=\"30\" height=\"31\"\/><\/figure>\n<\/div>\n\n\n\n<div class=\"wp-block-column is-layout-flow wp-block-column-is-layout-flow\" style=\"flex-basis:90%\">\n<p>En b\u00e5dtur, du ikke m\u00e5 g\u00e5 glip af: <a href=\"https:\/\/www.getyourguide.dk\/mallorca-l47\/mallorca-sunrise-coast-dolphins-cruise-t288850\/?partner_id=R3GYW4V&amp;cmp=ZZ_Mallorca_une\" target=\"_blank\" rel=\"noreferrer noopener sponsored nofollow\">delfinsafari fra Alcudia<\/a><\/p>\n<\/div>\n<\/div>\n\n\n\n<div class=\"wp-block-columns box_colonne_cc is-layout-flex wp-container-core-columns-is-layout-9d6595d7 wp-block-columns-is-layout-flex\">\n<div class=\"wp-block-column box_picto_c is-layout-flow wp-block-column-is-layout-flow\" style=\"flex-basis:5%\">\n<figure class=\"wp-block-image size-full is-resized box_picto\"><img loading=\"lazy\" decoding=\"async\" src=\"http:\/\/www.zigzagonearth.com\/wp-content\/uploads\/2023\/08\/&#x1F68C;.png\" alt=\"\" class=\"wp-image-16339\" style=\"width:30px;height:31px\" width=\"30\" height=\"31\"\/><\/figure>\n<\/div>\n\n\n\n<div class=\"wp-block-column is-layout-flow wp-block-column-is-layout-flow\" style=\"flex-basis:90%\">\n<p>Min yndlingsudflugt fra Palma: <a href=\"https:\/\/www.getyourguide.dk\/mallorca-l47\/mallorca-tramuntana-tour-with-historic-railway-ride-t62634\/?partner_id=R3GYW4V&amp;cmp=ZZ_Mallorca_une\" target=\"_blank\" rel=\"noreferrer noopener sponsored nofollow\">Port de Soller og Valldemossa<\/a><\/p>\n<\/div>\n<\/div>\n\n\n\n<div class=\"wp-block-columns box_colonne_cc box_colonne_dernier_cc is-layout-flex wp-container-core-columns-is-layout-9d6595d7 wp-block-columns-is-layout-flex\">\n<div class=\"wp-block-column box_picto_x box_picto_c is-layout-flow wp-block-column-is-layout-flow\" style=\"flex-basis:5%\">\n<figure class=\"wp-block-image size-full is-resized box_picto\"><img loading=\"lazy\" decoding=\"async\" src=\"http:\/\/www.zigzagonearth.com\/wp-content\/uploads\/2023\/08\/&#x1F3E0;.png\" alt=\"\" class=\"wp-image-16338\" style=\"width:30px;height:31px\" width=\"30\" height=\"31\"\/><\/figure>\n<\/div>\n\n\n\n<div class=\"wp-block-column is-layout-flow wp-block-column-is-layout-flow\" style=\"flex-basis:95%\">\n<p>Mine yndlingssteder at bo:<\/p>\n\n\n\n<ul class=\"wp-block-list\">\n<li>Palma de Mallorca: <a href=\"https:\/\/www.booking.com\/searchresults.en.html?city=-395224&amp;nflt=review_score%253D90&amp;aid=1164282&amp;no_rooms=1&amp;group_adults=2&amp;label=mallorca\" target=\"_blank\" rel=\"noreferrer noopener sponsored nofollow\">se de bedst bed\u00f8mte hoteller<\/a> &#8211; f.eks. <a class=\"\" href=\"https:\/\/www.booking.com\/hotel\/es\/art-palma.en.html?aid=1164282&amp;no_rooms=1&amp;group_adults=2&amp;label=_amcid-FrQAZQblirbxlpiJxpEME\" target=\"_blank\" rel=\"noreferrer noopener\"><\/a><a href=\"https:\/\/www.booking.com\/hotel\/es\/posada-terra-santa.en.html?aid=1164282&amp;label=mallorca\" target=\"_blank\" rel=\"noreferrer noopener sponsored nofollow\">Hotel Posada Terra Santa<\/a><\/li>\n\n\n\n<li>Port d&#8217;Alcudia: <a href=\"https:\/\/www.booking.com\/searchresults.en.html?city=-381100&amp;nflt=review_score%253D90&amp;aid=1164282&amp;no_rooms=1&amp;group_adults=2&amp;label=mallorca\" target=\"_blank\" rel=\"noreferrer noopener sponsored nofollow\">se de bedst bed\u00f8mte hoteller<\/a> &#8211; f.eks. <a href=\"https:\/\/www.booking.com\/hotel\/es\/bonavida-apartments-alcudia.en-gb.html?aid=1164282&amp;label=mallorca\" target=\"_blank\" rel=\"noreferrer noopener sponsored nofollow\">Bonavida apartments<\/a><\/li>\n\n\n\n<li>Cala d&#8217;or: <a href=\"https:\/\/www.booking.com\/searchresults.en.html?city=900039122&amp;nflt=review_score%253D90&amp;aid=1164282&amp;no_rooms=1&amp;group_adults=2&amp;label=mallorca\" target=\"_blank\" rel=\"noreferrer noopener sponsored nofollow\">se de bedst bed\u00f8mte hoteller<\/a> &#8211; f.eks. <a href=\"https:\/\/www.booking.com\/hotel\/es\/casa-ceiba-maria.en.html?aid=1164282&amp;no_rooms=1&amp;group_adults=2&amp;label=mallorca\" target=\"_blank\" rel=\"noreferrer noopener sponsored nofollow\">Casa Ceiba Maria<\/a><\/li>\n\n\n\n<li>I en Finca i hjertet af \u00f8en &#8211; jeg foresl\u00e5r <a href=\"https:\/\/www.booking.com\/hotel\/es\/finca-cas-sant.en.html?aid=1164282&amp;label=mallorca\" target=\"_blank\" rel=\"noreferrer noopener sponsored nofollow\">Finca Cas Sant<\/a><\/li>\n<\/ul>\n<\/div>\n<\/div>\n<\/div><\/div><\/div>\n\n<h2 class=\"wp-block-heading\" id=\"t-1768389654495\">Sev\u00e6rdigheder: Nye tilf\u00f8jelser, gen\u00e5bninger, lukninger og renoveringer<\/h2>\n\n<h3 class=\"wp-block-heading\">St\u00f8rre renovering<\/h3>\n\n<p>En klassiker, du ikke m\u00e5 g\u00e5 glip af! <strong>S\u00f3ller-toget<\/strong> har k\u00f8rt siden 1912 og byder p\u00e5 en nostalgisk oplevelse mellem Palma og S\u00f3ller gennem appelsinlundene. Det er meget mere end bare transport: det er et dejligt stop p\u00e5 din Mallorcarejse. Den blev indstillet i november 2025 p\u00e5 grund af forbedringer. Men den genoptager driften den 1. februar. Den vil derfor v\u00e6re i drift i turists\u00e6sonen     <\/p>\n\n<h3 class=\"wp-block-heading\">Lukninger\/\u00e5bninger<\/h3>\n\n<p>Alle \u00f8ens attraktioner er \u00e5bne i henhold til deres s\u00e6dvanlige m\u00e5neder og \u00e5bningstider.<\/p>\n\n<p>Ingen st\u00f8rre \u00e6ndringer.<\/p>\n\n<p>Du kan f\u00e5 masser af ideer i mine artikler:<\/p>\n\n<p><a href=\"https:\/\/www.zigzagonearth.com\/da\/bedste-sevaerdigheder-mallorca\/\" target=\"_blank\" rel=\"noreferrer noopener\">Ting at lave p\u00e5 Mallorca: 35 ideer<\/a><br\/><a href=\"https:\/\/www.zigzagonearth.com\/da\/bedste-grotter-mallorca\/\" target=\"_blank\" rel=\"noreferrer noopener\">De 7 smukkeste grotter p\u00e5 Mallorca<\/a><br\/><a href=\"https:\/\/www.zigzagonearth.com\/da\/talayot-mallorca-ruiner\/\" target=\"_blank\" rel=\"noreferrer noopener\">15 talayots og andre ark\u00e6ologiske steder p\u00e5 Mallorca<\/a><br\/><a href=\"https:\/\/www.zigzagonearth.com\/da\/bedste-landsbyer-mallorca-byer\/\" target=\"_blank\" rel=\"noreferrer noopener\">De 21 smukkeste landsbyer og byer p\u00e5 Mallorca<\/a><\/p>\n\n<figure class=\"wp-block-image\"><img decoding=\"async\" src=\"https:\/\/photos.smugmug.com\/Travel\/Mallorca\/Port-de-Soller\/i-fb9xPk9\/3\/595dd19b\/L\/Port_de_Soller_Mallorca-074051-L.jpg\" alt=\"Tog Soller\" title=\"Train de Soller\"\/><\/figure>\n\n<h3 class=\"wp-block-heading\">Begr\u00e6nsninger p\u00e5 Cap Formentor<\/h3>\n\n<p>Datoerne for adgangsbegr\u00e6nsningerne til <a href=\"https:\/\/zigzagvoyages.fr\/cap-formentor-majorque\/\" target=\"_blank\" rel=\"noreferrer noopener nofollow\">Cap Formentor<\/a> er blevet offentliggjort.<br\/>Vejen vil v\u00e6re lukket fra 15. maj til 15. oktober.<br\/>I denne periode, mellem kl. 10 og 22, vil det ikke v\u00e6re muligt at forts\u00e6tte i bil p\u00e5 den sidste del af MA 2210-vejen.<\/p>\n\n<p>Ved Mirador de ES COLOMER er der en stor parkeringsplads, og det er muligt at komme til Faro de Formentor til fods, p\u00e5 cykel eller med offentlig transport.<br\/>Uden for dette tidsrum kan man komme dertil i bil.<\/p>\n\n<figure class=\"wp-block-image\"><img decoding=\"async\" src=\"https:\/\/photos.smugmug.com\/Travel\/Mallorca\/Es-Colomer\/i-4XGHhfz\/1\/750682e2\/L\/Mirador_Colomer_Formentor_Mallorca-052889-L.jpg\" alt=\"Formentor\" title=\"Formentor\"\/><\/figure>\n\n<div style=\"margin-top:8%;margin-bottom:8%\" class=\"wp-block-genesis-blocks-gb-container box gb-block-container\"><div class=\"gb-container-inside\"><div class=\"gb-container-content\">\n<h5 class=\"wp-block-heading box_titre_activite\">Hvor skal man bo p\u00e5 Mallorca?<\/h5>\n\n\n\n<div class=\"wp-block-columns box_colonne inverse is-layout-flex wp-container-core-columns-is-layout-9d6595d7 wp-block-columns-is-layout-flex\">\n<div class=\"wp-block-column colonne is-layout-flow wp-block-column-is-layout-flow\" style=\"flex-basis:75%\">\n<p class=\"box_intro\">Mine favoritter:<\/p>\n\n\n\n<ul class=\"box_liste wp-block-list\">\n<li>Valg af restauranter + hovedbyen: <a href=\"https:\/\/www.booking.com\/searchresults.en.html?city=-395224&amp;nflt=review_score%253D90&amp;aid=1164282&amp;no_rooms=1&amp;group_adults=2&amp;label=mallorca\" target=\"_blank\" rel=\"noreferrer noopener\">se de bedst bed\u00f8mte muligheder i Palma<\/a><\/li>\n\n\n\n<li>Strand + praktisk beliggenhed til at udforske: <a href=\"https:\/\/www.booking.com\/searchresults.en.html?city=-381100&amp;nflt=review_score%253D90&amp;aid=1164282&amp;no_rooms=1&amp;group_adults=2&amp;label=mallorca\" target=\"_blank\" rel=\"noreferrer noopener\">se de bedst bed\u00f8mte muligheder i Port d&#8217;Alcudia<\/a><\/li>\n\n\n\n<li>Festomr\u00e5de &#8211; <a href=\"https:\/\/www.booking.com\/searchresults.en.html?city=-380228&amp;nflt=review_score%253D90&amp;aid=1164282&amp;no_rooms=1&amp;group_adults=2&amp;label=mallorca\" target=\"_blank\" rel=\"noreferrer noopener\">se de bedst bed\u00f8mte muligheder i S&#8217;Arenal<\/a><\/li>\n\n\n\n<li>Roligt i bjergene &#8211; <a href=\"https:\/\/www.booking.com\/searchresults.en.html?city=-406234&amp;nflt=review_score%253D90&amp;aid=1164282&amp;no_rooms=1&amp;group_adults=2&amp;label=mallorca\" target=\"_blank\" rel=\"noreferrer noopener\">se de bedst bed\u00f8mte muligheder i Valldemossa<\/a><\/li>\n\n\n\n<li>Roligt, charmerende sted ved havet &#8211; <a href=\"https:\/\/www.booking.com\/searchresults.en.html?city=900039215&amp;nflt=review_score%253D90&amp;aid=1164282&amp;no_rooms=1&amp;group_adults=2&amp;label=mallorca\" target=\"_blank\" rel=\"noreferrer noopener\">se de bedst bed\u00f8mte muligheder i Canyamel<\/a><\/li>\n\n\n\n<li>Adgang til de bedste calaer &#8211; <a href=\"https:\/\/www.booking.com\/searchresults.en.html?city=900039122&amp;nflt=review_score%253D90&amp;aid=1164282&amp;no_rooms=1&amp;group_adults=2&amp;label=mallorca\" target=\"_blank\" rel=\"noreferrer noopener\">se de bedst bed\u00f8mte muligheder i Cala d&#8217;or<\/a><\/li>\n\n\n\n<li>Familier &#8211; <a href=\"https:\/\/www.booking.com\/searchresults.en.html?city=-374964&amp;nflt=review_score%253D90&amp;aid=1164282&amp;no_rooms=1&amp;group_adults=2&amp;label=mallorca\" target=\"_blank\" rel=\"noreferrer noopener\">se de bedst bed\u00f8mte muligheder i Cala Millor<\/a> eller i <a href=\"https:\/\/www.booking.com\/searchresults.en.html?city=900039294&amp;nflt=review_score%253D90&amp;aid=1164282&amp;no_rooms=1&amp;group_adults=2&amp;label=mallorca\" target=\"_blank\" rel=\"noreferrer noopener\">Colonia Sant Jordi<\/a><\/li>\n<\/ul>\n\n\n\n<div class=\"wp-block-buttons box_bouton box_colonne_bouton_ebook box_barre_boutons is-content-justification-left is-layout-flex wp-container-core-buttons-is-layout-fdcfc74e wp-block-buttons-is-layout-flex\">\n<div class=\"wp-block-button box_bouton\"><a class=\"wp-block-button__link wp-element-button\" href=\"https:\/\/www.zigzagonearth.com\/where-to-stay-mallorca-best-areas\/\" target=\"_blank\" rel=\"noreferrer noopener\">Se vores artikel om, hvor du kan bo  <span class=\"box_bouton_image\"><img decoding=\"async\" style=\"width: 14px; height:14px;  \" src=\"https:\/\/www.zigzagonearth.com\/wp-content\/uploads\/2023\/08\/fleche.png\" alt=\"\"\/><\/span><span class=\"box_bouton_image\"><\/span><\/a><\/div>\n<\/div>\n<\/div>\n\n\n\n<div class=\"wp-block-column is-vertically-aligned-top colonne box_activite_img is-layout-flow wp-block-column-is-layout-flow\" style=\"flex-basis:25%\"><div class=\"wp-block-image\">\n<figure class=\"aligncenter size-large\"><img decoding=\"async\" src=\"https:\/\/photos.smugmug.com\/Travel\/Mallorca\/Hotels\/i-dgbp8xw\/1\/7e887566\/L\/PA147529-L.jpg\" alt=\"Finca p&#xE5; Mallorca\"\/><\/figure>\n<\/div><\/div>\n<\/div>\n<\/div><\/div><\/div>\n\n<h2 class=\"wp-block-heading\" id=\"t-1768389654503\">Strande, bugter og havmilj\u00f8<\/h2>\n\n<p>Dette er nok den mest m\u00e6rkbare \u00e6ndring af din strandoplevelse.<\/p>\n\n<p>I 2024-2025 oplevede den spanske kystlinje en markant stigning i antallet af gopleobservationer, is\u00e6r den s\u00e5kaldte &#8220;spejl\u00e6gsgople&#8221; (Cotylorhiza tuberculata) og den portugisiske krigsmand, med en stigning i antallet af l\u00e6gebes\u00f8g for stik.<\/p>\n\n<p>Denne tendens, som h\u00e6nger sammen med stigende havtemperaturer, overfiskeri og \u00e6ndringer i \u00f8kosystemet, var ikke vendt i 2026. Tv\u00e6rtimod kommunikerer myndighederne mere om emnet, og nogle strande har s\u00e6rlige skilte. <\/p>\n\n<p>For dig i 2026 er det nye, at det ikke l\u00e6ngere er nok at se p\u00e5 farven p\u00e5 flaget: Jeg anbefaler, at du g\u00f8r det til en vane at tjekke v\u00e6rkt\u00f8jer som MedusApp, der viser gopleobservationer i realtid, f\u00f8r du v\u00e6lger din strand for dagen.<\/p>\n\n<p>Se vores artikel om <a href=\"https:\/\/www.zigzagonearth.com\/da\/bedste-strande-mallorca\/\" target=\"_blank\" rel=\"noreferrer noopener\">de smukkeste strande p\u00e5 Mallorca.<\/a><\/p>\n\n<figure class=\"wp-block-image\"><img decoding=\"async\" src=\"https:\/\/photos.smugmug.com\/Travel\/Mallorca\/Calo-del-Moro-S-Almonia\/i-sNzBSv2\/2\/a4db59bc\/L\/Calo_Del_Moro_Mallorca-189283-L.jpg\" alt=\" Calo des Moro \" title=\" Calo des Moro \"\/><\/figure>\n\n<h2 class=\"wp-block-heading\" id=\"t-1768389654501\">Rejser til Mallorca i 2026<\/h2>\n\n<p>Son Sant Joan lufthavn har altid v\u00e6ret stor, men det, der vil \u00e6ndre sig i 2026, er trafikniveauet.<\/p>\n\n<p>I begyndelsen af 2026 slog den spanske lufthavnsoperat\u00f8r rekord med mere end 10.900 kommercielle flyvninger p\u00e5 en enkelt weekend p\u00e5 tv\u00e6rs af sit netv\u00e6rk, en pr\u00e6station, der afspejler stigningen i forbindelser til knudepunkter som Mallorca.<\/p>\n\n<p>For dig betyder det helt konkret flere afgange, flere s\u00e6der og \u00f8get pres p\u00e5 &#8220;interessante&#8221; tidspunkter (weekender, skoleferier), hvilket betyder, at du skal bestille dine billetter endnu tidligere end f\u00f8r.<\/p>\n\n<p><strong>Det er tid til at booke!<\/strong><\/p>\n\n<p><a href=\"https:\/\/skyscanner.pxf.io\/dONaXy\" target=\"_blank\" rel=\"noreferrer noopener sponsored nofollow\"><strong>Sammenlign alt: flyselskaber, priser, tidsplaner og tilg\u00e6ngelighed.<\/strong><\/a><\/p>\n\n<figure class=\"wp-block-image\"><img decoding=\"async\" src=\"https:\/\/photos.smugmug.com\/Travel\/Mallorca\/16b-Mallorca-Airport\/i-VBXC7Vp\/0\/226412d4\/L\/Mallorca_Airport-1332-L.jpg\" alt=\"Flyvemaskine over Mallorca\" title=\"Avion au desus de MAJORQUE\"\/><\/figure>\n\n<h2 class=\"wp-block-heading\" id=\"t-1768389654502\">At komme rundt p\u00e5 Mallorca<\/h2>\n\n<h3 class=\"wp-block-heading\">Bus<\/h3>\n\n<p>Med hensyn til lokal transport ser jeg en reel forbedring i forhold til tiden f\u00f8r COVID: <strong>TIB-netv\u00e6rket<\/strong> er blevet omstruktureret og promoveret med interurbane knudepunkter, mere brugervenlige ruter og klarere kommunikation, ogs\u00e5 for bes\u00f8gende, der ikke taler spansk.<\/p>\n\n<p>I 2026 vil det v\u00e6re meget mere realistisk at forestille sig en rejse, hvor man kombinerer intercitybusser, et par private udlejningsbiler\/taxature og muligvis en smule gang, hvor en bil virkede n\u00e6sten uundv\u00e6rlig for nogle f\u00e5 \u00e5r siden.<\/p>\n\n<h3 class=\"wp-block-heading\">Leje af bil og k\u00f8rsel p\u00e5 Mallorca<\/h3>\n\n<p>Der er ikke identificeret nogen st\u00f8rre \u00e6ndringer i 2026 med hensyn til veje eller trafikregler. Vejinfrastrukturen forbliver stabil, selvom \u00f8get turismerelateret trafik skaber overbelastning i myldretiden, is\u00e6r n\u00e5r man forlader Funchal for at tage p\u00e5 vandreture. <\/p>\n\n<p>Jeg synes stadig, det er v\u00e6rd at leje en bil for at udforske hele \u00f8en!<\/p>\n\n<p>Se min artikel om at <a href=\"https:\/\/www.zigzagonearth.com\/da\/koersel-mallorca-tips\/\" target=\"_blank\" rel=\"noreferrer noopener\">k\u00f8re<\/a> <a href=\"https:\/\/www.zigzagonearth.com\/da\/sadan-lejer-bil-mallorca-tips\/\" target=\"_blank\" rel=\"noreferrer noopener\">bil p\u00e5 Mallorca.<br\/>Og jeg har opdateret min artikel om at leje en bil p\u00e5 Mallorca i 2026<\/a> med mine anbefalinger fra bureauerne.<\/p>\n\n<h3 class=\"wp-block-heading\">Uber og Bolt<\/h3>\n\n<p>Disse tjenester har v\u00e6ret i drift p\u00e5 Mallorca siden januar 2025 og d\u00e6kker Palma og sydkysten, inklusive lufthavnen. Jeg s\u00e6tter stor pris p\u00e5 bekvemmeligheden ved at kunne booke direkte via appen til engangsrejser i <\/p>\n\n<figure class=\"wp-block-image\"><img decoding=\"async\" src=\"https:\/\/photos.smugmug.com\/Travel\/Mallorca\/5f-Embalse-Cuber-Gorg-Blau\/i-jmGTx5z\/1\/2a8fa0d0\/L\/Gorg_Blau_Mallorca-084718-L.jpg\" alt=\"min udlejningsbil p&#xE5; Mallorca\" title=\"ma voiture de location &#xE0; Majorque\"\/><\/figure>\n\n<div style=\"margin-top:8%;margin-bottom:8%\" class=\"wp-block-genesis-blocks-gb-container box gb-block-container\"><div class=\"gb-container-inside\"><div class=\"gb-container-content\">\n<div class=\"wp-block-columns box_colonne is-layout-flex wp-container-core-columns-is-layout-9d6595d7 wp-block-columns-is-layout-flex\">\n<div class=\"wp-block-column colonne is-layout-flow wp-block-column-is-layout-flow\" style=\"flex-basis:66.6%\">\n<h5 class=\"wp-block-heading box_titre\">Har du brug for at leje en bil p\u00e5 Mallorca?<\/h5>\n\n\n\n<p class=\"box_intro\">Mine tips:<\/p>\n\n\n\n<ul class=\"box_liste wp-block-list\" style=\"font-size:16px\">\n<li>Sammenlign priser p\u00e5 min yndlingsplatform: <a href=\"https:\/\/www.discovercars.com\/dk\/spain-balearic-islands\/mallorca?a_aid=zigzag&amp;chan=ZZ_Mallorca\" target=\"_blank\" rel=\"noreferrer noopener sponsored nofollow\">\n  <span style=\"text-decoration: underline;\">Discovercars.com<\/span>\n<\/a> &#8211; en af de bedst bed\u00f8mte sammenligningssider!<\/li>\n\n\n\n<li>V\u00e6lg ikke en for stor bil, da nogle veje er meget smalle.<\/li>\n\n\n\n<li>Overvej deres mulighed for fuld d\u00e6kning &#8211; det giver ro i sindet!  <\/li>\n\n\n\n<li><span style=\"text-decoration: underline;\">Book tidligt<\/span> for at have et stort udvalg af k\u00f8ret\u00f8jer!<\/li>\n<\/ul>\n\n\n\n<div class=\"wp-block-columns box_barre_boutons is-layout-flex wp-container-core-columns-is-layout-9d6595d7 wp-block-columns-is-layout-flex\">\n<div class=\"wp-block-column is-vertically-aligned-center box_col_conseil is-layout-flow wp-block-column-is-layout-flow\">\n<p class=\"box_lien\"><a href=\"https:\/\/www.zigzagonearth.com\/renting-car-mallorca-tips\/\" target=\"_blank\" rel=\"noreferrer noopener\">Se alle mine tips<\/a><\/p>\n<\/div>\n\n\n\n<div class=\"wp-block-column box_col_bouton is-layout-flow wp-block-column-is-layout-flow\">\n<div class=\"wp-block-buttons box_bouton is-content-justification-left is-layout-flex wp-container-core-buttons-is-layout-fdcfc74e wp-block-buttons-is-layout-flex\">\n<div class=\"wp-block-button box_bouton\"><a class=\"wp-block-button__link wp-element-button\" href=\"https:\/\/www.discovercars.com\/dk\/spain-balearic-islands\/mallorca?a_aid=zigzag&amp;amp;chan=ZZ_Mallorca\" target=\"_blank\" rel=\"noreferrer noopener\">Se ledige biler  <span class=\"box_bouton_image\"><img decoding=\"async\" style=\"width: 14px; height:14px;  \" src=\"https:\/\/www.zigzagonearth.com\/wp-content\/uploads\/2023\/08\/fleche.png\" alt=\"\"\/><\/span><\/a><\/div>\n<\/div>\n<\/div>\n<\/div>\n<\/div>\n\n\n\n<div class=\"wp-block-column colonne box_cafe_img is-layout-flow wp-block-column-is-layout-flow\" style=\"flex-basis:33.33%\"><div class=\"wp-block-image\">\n<figure class=\"aligncenter size-large is-resized\"><img loading=\"lazy\" decoding=\"async\" src=\"https:\/\/www.zigzagonearth.com\/wp-content\/uploads\/2023\/08\/003world-travel-car-01-1024x1024.webp\" alt=\"\" class=\"wp-image-16227\" style=\"width:288px;height:288px\" width=\"288\" height=\"288\" srcset=\"https:\/\/www.zigzagonearth.com\/wp-content\/uploads\/2023\/08\/003world-travel-car-01-1024x1024.webp 1024w, https:\/\/www.zigzagonearth.com\/wp-content\/uploads\/2023\/08\/003world-travel-car-01-300x300.webp 300w, https:\/\/www.zigzagonearth.com\/wp-content\/uploads\/2023\/08\/003world-travel-car-01-150x150.webp 150w, https:\/\/www.zigzagonearth.com\/wp-content\/uploads\/2023\/08\/003world-travel-car-01-768x768.webp 768w, https:\/\/www.zigzagonearth.com\/wp-content\/uploads\/2023\/08\/003world-travel-car-01-1536x1536.webp 1536w, https:\/\/www.zigzagonearth.com\/wp-content\/uploads\/2023\/08\/003world-travel-car-01-2048x2048.webp 2048w, https:\/\/www.zigzagonearth.com\/wp-content\/uploads\/2023\/08\/003world-travel-car-01-100x100.webp 100w, https:\/\/www.zigzagonearth.com\/wp-content\/uploads\/2023\/08\/003world-travel-car-01-600x600.webp 600w\" sizes=\"auto, (max-width: 288px) 100vw, 288px\" \/><\/figure>\n<\/div><\/div>\n<\/div>\n<\/div><\/div><\/div>\n\n<h2 class=\"wp-block-heading\" id=\"t-1768389654497\">Nye hoteller og repositionering af udbuddet<\/h2>\n\n<p>Det er nok den mest synlige \u00e6ndring, hvis man som jeg f\u00f8lger hotelbranchen t\u00e6t.<\/p>\n\n<p>I 2025 styrkede Ilunion sin tilstedev\u00e6relse p\u00e5 Mallorca med \u00e5bningen af et stort hotel i Palmanova (Calvi\u00e0): ca. 256 v\u00e6relser p\u00e5 16.000 m\u00b2, med flere swimmingpools, spa, restauranter og frem for alt b\u00e6redygtighedscertificeringer som BREEAM og Biosphere, som ikke l\u00e6ngere bare er et markedsf\u00f8ringstrick, men en standard, der fremmes.  <a href=\"https:\/\/www.booking.com\/hotel\/es\/torrenova.html?aid=1164282\" target=\"_blank\" rel=\"noreferrer noopener sponsored nofollow\">Se billeder og tilg\u00e6ngelighed<\/a><\/p>\n\n<p>Four Seasons Formentor gen\u00e5bnede d\u00f8rene i 2025 &#8211; <a href=\"https:\/\/www.booking.com\/hotel\/es\/four-seasons-resort-mallorca-at-formentor.html?aid=1164282\" target=\"_blank\" rel=\"noreferrer noopener sponsored nofollow\">Se fotos og tilg\u00e6ngelighed<\/a><\/p>\n\n<p>Det nye boutique-hotel Cas Catal\u00e0 i Sineu slog d\u00f8rene op med stor charme &#8211; <a href=\"https:\/\/www.booking.com\/hotel\/es\/cas-catala-sineu.html?aid=1164282\" target=\"_blank\" rel=\"noreferrer noopener sponsored nofollow\">Se billeder og tilg\u00e6ngelighed<\/a><\/p>\n\n<p>For 2026 er der bekr\u00e6ftet flere high-end projekter p\u00e5 \u00f8en: luksus boutique-hoteller og resorts, der st\u00f8ttes af internationale brands (herunder et resort under Destination by Hyatt-brandet p\u00e5 Mallorca), hvilket tydeligt viser en upmarket trend og fornyet interesse for \u00f8en fra store koncerner.<\/p>\n\n<p>Samtidig har store akt\u00f8rer som RIU Hotels &amp; Resorts forpligtet sig til et m\u00e5l om 100 % lokalt produceret vedvarende elektricitet til deres etablissementer p\u00e5 de baleariske \u00f8er i perioden 2025-2027 ved at tr\u00e6kke p\u00e5 Mallorcas teknologipark.<\/p>\n\n<p>Du kan f\u00e5 flere ideer i mine artikler:<\/p>\n\n<p><a href=\"https:\/\/www.zigzagonearth.com\/da\/hvor-skal-bo-mallorca-bedste-omrader\/\" target=\"_blank\" rel=\"noreferrer noopener\">Hvor skal man tage hen p\u00e5 Mallorca (og hvor skal man bo)?<\/a><br\/><a href=\"https:\/\/www.zigzagonearth.com\/da\/hvor-skal-bo-mallorca-bedste-hoteller\/\" target=\"_blank\" rel=\"noreferrer noopener\">Hvor skal man bo i Palma de Mallorca: kvarterer og hoteller<\/a><\/p>\n\n<figure class=\"wp-block-image\"><img decoding=\"async\" src=\"https:\/\/photos.smugmug.com\/Travel\/Mallorca\/Colonia-de-Sant-Jordi\/i-skSpFm3\/3\/af44067b\/L\/Colonia_de_Sant_Jordi_Mallorca-189362-L.jpg\" alt=\"Colonia Sant Jordi \" title=\"Colonia Sant Jordi \"\/><\/figure>\n\n<h2 class=\"wp-block-heading\" id=\"t-1768389654504\">Turismens tilstand p\u00e5 Mallorca i 2026<\/h2>\n\n<h3 class=\"wp-block-heading\">Antal bes\u00f8gende<\/h3>\n\n<p>I 2024 b\u00f8d Mallorca 13,4 millioner turister velkommen.<\/p>\n\n<p>I 2025 er turismen p\u00e5 Mallorca steget en smule, men det ser ud til at v\u00e6re mere relateret til &#8220;bes\u00f8g hos venner og familie&#8221;.<\/p>\n\n<h3 class=\"wp-block-heading\">B\u00e6redygtig turisme<\/h3>\n\n<p>I de senere \u00e5r har Mallorca foretaget et klart skift i retning af b\u00e6redygtig turisme.<\/p>\n\n<p>Observatoriet for b\u00e6redygtig turisme overv\u00e5ger turismens indvirkning og informerer om den offentlige politik, og mere end 100 millioner euro fra turistskatten er allerede investeret i projekter, der skal genoprette stier og beskytte naturomr\u00e5der og kulturarv, og virkningerne er synlige p\u00e5 jorden i dag.<\/p>\n\n<p>I 2026 vil du se flere forklarende skilte, omr\u00e5der med restriktioner, beskeder om vand, affald og respekt for afm\u00e6rkede stier, end du ville have set under et bes\u00f8g f\u00f8r 2020.<\/p>\n\n<p>I 2025 lancerede myndighederne Mallorca Pledge, en moralsk pagt til bes\u00f8gende: Rejs som om du var hjemme, begr\u00e6ns din p\u00e5virkning, st\u00f8t lokale virksomheder og overhold milj\u00f8reglerne.<a class=\"\" href=\"https:\/\/www.reis.no\/fr\/2025\/07\/mallorca-barekraftig-reisemaal-mallorca-pledge\/\" target=\"_blank\" rel=\"noreferrer noopener\"><\/a><\/p>\n\n<figure class=\"wp-block-image\"><img decoding=\"async\" src=\"https:\/\/photos.smugmug.com\/Travel\/Mallorca\/Albercutx-Tower\/i-CPzgbzJ\/1\/0a6bc2a2\/L\/Albercutx_Tower_Formentor_Mallorca-053080-L.jpg\" alt=\"Kap Formentor\" title=\"Cap Formentor\"\/><\/figure>\n\n<h2 class=\"wp-block-heading\" id=\"t-1768389654500\">Begivenheder i 2026:  <\/h2>\n\n<p>Der er store begivenheder hvert \u00e5r, men visse begivenheder i 2026 kan helt klart p\u00e5virke dit valg af datoer for dit ophold.<\/p>\n\n<p>12.-14. juni &#8211; <strong>Mallorca Live Festival<\/strong> vender tilbage i 2026 som et af \u00f8ens store musikalske h\u00f8jdepunkter med et elektro- og popprogram, der henvender sig til et internationalt publikum, og med meget omtalte hovednavne.<\/p>\n\n<p>Ellers har du:<br\/>&#8211; Sant Sebastia Festival i januar<br\/>&#8211; Sa Rua Carnival i februar med S&#8217;Arenal Carnival Parade den 14. februar.<br\/>&#8211; Den 1. marts er Balearernes Dag.<\/p>\n\n<hr class=\"wp-block-separator has-alpha-channel-opacity\"\/>\n\n<div style=\"margin-top:8%;margin-bottom:8%\" class=\"wp-block-genesis-blocks-gb-container box gb-block-container\"><div class=\"gb-container-inside\"><div class=\"gb-container-content\">\n<p><strong>Planl\u00e6g din rejse til Mallorca:<\/strong><\/p>\n\n\n\n<div class=\"wp-block-columns box_colonne_cc is-layout-flex wp-container-core-columns-is-layout-9d6595d7 wp-block-columns-is-layout-flex\">\n<div class=\"wp-block-column box_picto_c is-layout-flow wp-block-column-is-layout-flow\" style=\"flex-basis:5%\">\n<figure class=\"wp-block-image size-full is-resized box_picto\"><img loading=\"lazy\" decoding=\"async\" src=\"http:\/\/www.zigzagonearth.com\/wp-content\/uploads\/2023\/08\/&#x1F697;.png\" alt=\"\" class=\"wp-image-16341\" style=\"width:30px;height:31px\" width=\"30\" height=\"31\"\/><\/figure>\n<\/div>\n\n\n\n<div class=\"wp-block-column is-layout-flow wp-block-column-is-layout-flow\" style=\"flex-basis:95%\">\n<ul class=\"wp-block-list\">\n<li>Mine rejseplaner: <a class=\"\" href=\"https:\/\/www.zigzagonearth.com\/2-3-days-mallorca-weekend\/\" target=\"_blank\" rel=\"noreferrer noopener\">3 dage &#8211; weekend<\/a>, <a class=\"\" href=\"https:\/\/www.zigzagonearth.com\/4-days-mallorca-itinerary\/\" target=\"_blank\" rel=\"noreferrer noopener\">4<\/a> dage, <a class=\"\" href=\"https:\/\/www.zigzagonearth.com\/5-days-mallorca-itinerary\/\" target=\"_blank\" rel=\"noreferrer noopener\">5<\/a> dage, <a class=\"\" href=\"https:\/\/www.zigzagonearth.com\/one-week-madeira-7-day-itinerary\/\" target=\"_blank\" rel=\"noreferrer noopener\">1 uge<\/a>, <a href=\"https:\/\/www.zigzagonearth.com\/10-days-mallorca-2-weeks-itinerary\/\" target=\"_blank\" rel=\"noreferrer noopener\">10<\/a> dage<\/li>\n\n\n\n<li><a class=\"\" href=\"https:\/\/www.zigzagonearth.com\/renting-car-mallorca-tips\/\" target=\"_blank\" rel=\"noreferrer noopener\">36 tips til at leje en bil p\u00e5 Mallorca<\/a><\/li>\n\n\n\n<li><a class=\"\" href=\"https:\/\/www.zigzagonearth.com\/driving-mallorca-tips\/\" target=\"_blank\" rel=\"noreferrer noopener\">Guide til bilk\u00f8rsel p\u00e5 Mallorca<\/a><\/li>\n\n\n\n<li><a class=\"\" href=\"https:\/\/www.zigzagonearth.com\/where-to-stay-mallorca-best-areas\/\" target=\"_blank\" rel=\"noreferrer noopener\">Hvor kan man bo p\u00e5 Mallorca?<\/a><\/li>\n\n\n\n<li><a href=\"https:\/\/www.zigzagonearth.com\/where-stay-palma-mallorca-best-hotels\/\" target=\"_blank\" class=\"\" rel=\"noreferrer noopener\">Hvor skal jeg bo i Palma de Mallorca?<\/a><\/li>\n\n\n\n<li><a class=\"\" href=\"https:\/\/zigzagonearth.com\/best-things-do-mallorca\/\" target=\"_blank\" rel=\"noreferrer noopener\">De bedste ting at lave p\u00e5 Mallorca<\/a><\/li>\n<\/ul>\n<\/div>\n<\/div>\n<\/div><\/div><\/div>\n\n<div style=\"margin-top:8%;margin-bottom:8%\" class=\"wp-block-genesis-blocks-gb-container box_ebook gb-block-container\"><div class=\"gb-container-inside\"><div class=\"gb-container-content\">\n<h5 class=\"wp-block-heading box_titre_ebook\">Planl\u00e6g din dr\u00f8mmerejse til <strong>Mallorca<\/strong> takket v\u00e6re min guide (kun p\u00e5 engelsk):<\/h5>\n\n\n\n<div class=\"wp-block-columns box_colonnes_ebook is-layout-flex wp-container-core-columns-is-layout-9d6595d7 wp-block-columns-is-layout-flex\">\n<div class=\"wp-block-column is-layout-flow wp-block-column-is-layout-flow\">\n<figure class=\"wp-block-image size-large img_ebook\"><a href=\"https:\/\/www.zigzagonearth.com\/photograph-mallorca-travel-guide\/\"><img decoding=\"async\" src=\"https:\/\/www.zigzagonearth.com\/wp-content\/uploads\/2021\/11\/Travel-Guide-Mallorca-ebook-cover-S2.jpg\" alt=\"eBook Rejseguide Mallorca\"\/><\/a><\/figure>\n<\/div>\n\n\n\n<div class=\"wp-block-column is-layout-flow wp-block-column-is-layout-flow\">\n<ul class=\"box_liste wp-block-list\" style=\"font-size:16px\">\n<li>8 kort, s\u00e5 du nemt kan planl\u00e6gge din rejse<\/li>\n\n\n\n<li>140+ forudvalgte steder<\/li>\n\n\n\n<li>GPS + tips til at f\u00e5 mest muligt ud af din tid<\/li>\n\n\n\n<li>Tips til planl\u00e6gning<\/li>\n\n\n\n<li>270+ originale fotos, der hj\u00e6lper dig med at v\u00e6lge<\/li>\n<\/ul>\n\n\n\n<div class=\"wp-block-buttons box_colonne_bouton_ebook is-content-justification-left is-layout-flex wp-container-core-buttons-is-layout-fdcfc74e wp-block-buttons-is-layout-flex\">\n<div class=\"wp-block-button box_bouton box_bouton_ebook\"><a class=\"wp-block-button__link wp-element-button\" href=\"https:\/\/www.zigzagonearth.com\/photograph-mallorca-travel-guide\/\" target=\"_blank\" rel=\"noreferrer noopener\">Opdag det! (kun p\u00e5 engelsk)<span class=\"box_bouton_image\"><\/span><\/a><\/div>\n<\/div>\n<\/div>\n<\/div>\n<\/div><\/div><\/div>\n","protected":false},"excerpt":{"rendered":"<p>Overvejer du eller planl\u00e6gger du en rejse til Mallorca i 2026? Jeg har samlet en oversigt over alt, hvad der \u00e6ndrer sig, og alt, hvad du skal vide om dette \u00e5r: adgang, \u00e5bninger, lukninger, turisme generelt, nye hoteller og meget mere. Her er alt, hvad der \u00e6ndrer sig p\u00e5 din rejse til Mallorca i 2026. [&hellip;]<\/p>\n","protected":false},"author":1,"featured_media":72147,"comment_status":"closed","ping_status":"closed","sticky":false,"template":"","format":"standard","meta":{"_genesis_hide_title":false,"_genesis_hide_breadcrumbs":false,"_genesis_hide_singular_image":false,"_genesis_hide_footer_widgets":false,"_genesis_custom_body_class":"","_genesis_custom_post_class":"","_genesis_layout":"full-width-content","footnotes":""},"categories":[870],"tags":[],"class_list":{"0":"post-72157","1":"post","2":"type-post","3":"status-publish","4":"format-standard","5":"has-post-thumbnail","7":"category-mallorca-da","8":"entry"},"yoast_head":"<!-- This site is optimized with the Yoast SEO plugin v27.2 - https:\/\/yoast.com\/product\/yoast-seo-wordpress\/ -->\n<title>Rejser rundt p\u00e5 Mallorca i 2026: Hvad er nyt?<\/title>\n<meta name=\"description\" content=\"Alt, hvad du skal vide for at rejse til Mallorca i 2026: nye tiltag, \u00e5bninger, lukninger, \u00e6ndrede forhold osv.\" \/>\n<meta name=\"robots\" content=\"index, follow, max-snippet:-1, max-image-preview:large, max-video-preview:-1\" \/>\n<link rel=\"canonical\" href=\"https:\/\/www.zigzagonearth.com\/da\/rejser-mallorca-2026-nyt\/\" \/>\n<meta property=\"og:locale\" content=\"da_DK\" \/>\n<meta property=\"og:type\" content=\"article\" \/>\n<meta property=\"og:title\" content=\"Rejser rundt p\u00e5 Mallorca i 2026: Hvad er nyt?\" \/>\n<meta property=\"og:description\" content=\"Alt, hvad du skal vide for at rejse til Mallorca i 2026: nye tiltag, \u00e5bninger, lukninger, \u00e6ndrede forhold osv.\" \/>\n<meta property=\"og:url\" content=\"https:\/\/www.zigzagonearth.com\/da\/rejser-mallorca-2026-nyt\/\" \/>\n<meta property=\"og:site_name\" content=\"ZigZagonEarth\" \/>\n<meta property=\"article:publisher\" content=\"https:\/\/www.facebook.com\/zigzagonearth\" \/>\n<meta property=\"article:author\" content=\"https:\/\/www.facebook.com\/zigzagonearth\" \/>\n<meta property=\"article:published_time\" content=\"2026-01-19T08:53:48+00:00\" \/>\n<meta property=\"article:modified_time\" content=\"2026-01-19T09:06:23+00:00\" \/>\n<meta property=\"og:image\" content=\"https:\/\/www.zigzagonearth.com\/wp-content\/uploads\/2026\/01\/Rejs-til-Mallorca-2026-nyt.jpg\" \/>\n\t<meta property=\"og:image:width\" content=\"800\" \/>\n\t<meta property=\"og:image:height\" content=\"600\" \/>\n\t<meta property=\"og:image:type\" content=\"image\/jpeg\" \/>\n<meta name=\"author\" content=\"Claire\" \/>\n<meta name=\"twitter:card\" content=\"summary_large_image\" \/>\n<meta name=\"twitter:creator\" content=\"@ZigZagOnEarth\" \/>\n<meta name=\"twitter:site\" content=\"@ZigZagOnEarth\" \/>\n<meta name=\"twitter:label1\" content=\"Skrevet af\" \/>\n\t<meta name=\"twitter:data1\" content=\"Claire\" \/>\n\t<meta name=\"twitter:label2\" content=\"Estimeret l\u00e6setid\" \/>\n\t<meta name=\"twitter:data2\" content=\"7 minutter\" \/>\n<script type=\"application\/ld+json\" class=\"yoast-schema-graph\">{\"@context\":\"https:\/\/schema.org\",\"@graph\":[{\"@type\":\"Article\",\"@id\":\"https:\/\/www.zigzagonearth.com\/da\/rejser-mallorca-2026-nyt\/#article\",\"isPartOf\":{\"@id\":\"https:\/\/www.zigzagonearth.com\/da\/rejser-mallorca-2026-nyt\/\"},\"author\":{\"name\":\"Claire\",\"@id\":\"https:\/\/www.zigzagonearth.com\/da\/#\/schema\/person\/0498142e0cb256f21659d85ef6bca599\"},\"headline\":\"Rejser rundt p\u00e5 Mallorca i 2026: Hvad er nyt?\",\"datePublished\":\"2026-01-19T08:53:48+00:00\",\"dateModified\":\"2026-01-19T09:06:23+00:00\",\"mainEntityOfPage\":{\"@id\":\"https:\/\/www.zigzagonearth.com\/da\/rejser-mallorca-2026-nyt\/\"},\"wordCount\":1420,\"image\":{\"@id\":\"https:\/\/www.zigzagonearth.com\/da\/rejser-mallorca-2026-nyt\/#primaryimage\"},\"thumbnailUrl\":\"https:\/\/www.zigzagonearth.com\/wp-content\/uploads\/2026\/01\/Rejs-til-Mallorca-2026-nyt.jpg\",\"articleSection\":[\"Mallorca\"],\"inLanguage\":\"da-DK\"},{\"@type\":\"WebPage\",\"@id\":\"https:\/\/www.zigzagonearth.com\/da\/rejser-mallorca-2026-nyt\/\",\"url\":\"https:\/\/www.zigzagonearth.com\/da\/rejser-mallorca-2026-nyt\/\",\"name\":\"Rejser rundt p\u00e5 Mallorca i 2026: Hvad er nyt?\",\"isPartOf\":{\"@id\":\"https:\/\/www.zigzagonearth.com\/da\/#website\"},\"primaryImageOfPage\":{\"@id\":\"https:\/\/www.zigzagonearth.com\/da\/rejser-mallorca-2026-nyt\/#primaryimage\"},\"image\":{\"@id\":\"https:\/\/www.zigzagonearth.com\/da\/rejser-mallorca-2026-nyt\/#primaryimage\"},\"thumbnailUrl\":\"https:\/\/www.zigzagonearth.com\/wp-content\/uploads\/2026\/01\/Rejs-til-Mallorca-2026-nyt.jpg\",\"datePublished\":\"2026-01-19T08:53:48+00:00\",\"dateModified\":\"2026-01-19T09:06:23+00:00\",\"author\":{\"@id\":\"https:\/\/www.zigzagonearth.com\/da\/#\/schema\/person\/0498142e0cb256f21659d85ef6bca599\"},\"description\":\"Alt, hvad du skal vide for at rejse til Mallorca i 2026: nye tiltag, \u00e5bninger, lukninger, \u00e6ndrede forhold osv.\",\"breadcrumb\":{\"@id\":\"https:\/\/www.zigzagonearth.com\/da\/rejser-mallorca-2026-nyt\/#breadcrumb\"},\"inLanguage\":\"da-DK\",\"potentialAction\":[{\"@type\":\"ReadAction\",\"target\":[\"https:\/\/www.zigzagonearth.com\/da\/rejser-mallorca-2026-nyt\/\"]}]},{\"@type\":\"ImageObject\",\"inLanguage\":\"da-DK\",\"@id\":\"https:\/\/www.zigzagonearth.com\/da\/rejser-mallorca-2026-nyt\/#primaryimage\",\"url\":\"https:\/\/www.zigzagonearth.com\/wp-content\/uploads\/2026\/01\/Rejs-til-Mallorca-2026-nyt.jpg\",\"contentUrl\":\"https:\/\/www.zigzagonearth.com\/wp-content\/uploads\/2026\/01\/Rejs-til-Mallorca-2026-nyt.jpg\",\"width\":800,\"height\":600,\"caption\":\"Rejs til Mallorca 2026 nyt\"},{\"@type\":\"BreadcrumbList\",\"@id\":\"https:\/\/www.zigzagonearth.com\/da\/rejser-mallorca-2026-nyt\/#breadcrumb\",\"itemListElement\":[{\"@type\":\"ListItem\",\"position\":1,\"name\":\"Home\",\"item\":\"https:\/\/www.zigzagonearth.com\/da\/\"},{\"@type\":\"ListItem\",\"position\":2,\"name\":\"Rejser rundt p\u00e5 Mallorca i 2026: Hvad er nyt?\"}]},{\"@type\":\"WebSite\",\"@id\":\"https:\/\/www.zigzagonearth.com\/da\/#website\",\"url\":\"https:\/\/www.zigzagonearth.com\/da\/\",\"name\":\"ZigZagonEarth\",\"description\":\"Plan unforgettable road trips!\",\"potentialAction\":[{\"@type\":\"SearchAction\",\"target\":{\"@type\":\"EntryPoint\",\"urlTemplate\":\"https:\/\/www.zigzagonearth.com\/da\/?s={search_term_string}\"},\"query-input\":{\"@type\":\"PropertyValueSpecification\",\"valueRequired\":true,\"valueName\":\"search_term_string\"}}],\"inLanguage\":\"da-DK\"},{\"@type\":\"Person\",\"@id\":\"https:\/\/www.zigzagonearth.com\/da\/#\/schema\/person\/0498142e0cb256f21659d85ef6bca599\",\"name\":\"Claire\",\"image\":{\"@type\":\"ImageObject\",\"inLanguage\":\"da-DK\",\"@id\":\"https:\/\/secure.gravatar.com\/avatar\/7a2d4fe6757ab43d35e1680834ada7bf24e3ceccf01b37a8d65bfb7e69ce6271?s=96&d=blank&r=g\",\"url\":\"https:\/\/secure.gravatar.com\/avatar\/7a2d4fe6757ab43d35e1680834ada7bf24e3ceccf01b37a8d65bfb7e69ce6271?s=96&d=blank&r=g\",\"contentUrl\":\"https:\/\/secure.gravatar.com\/avatar\/7a2d4fe6757ab43d35e1680834ada7bf24e3ceccf01b37a8d65bfb7e69ce6271?s=96&d=blank&r=g\",\"caption\":\"Claire\"},\"description\":\"Claire is the ultimate Travel Planning Geek - She can spend hours, weeks, months... researching for a trip. She created ZigZag On Earth to help people plan their own travels and make the most of their time.\",\"sameAs\":[\"https:\/\/www.facebook.com\/zigzagonearth\"]}]}<\/script>\n<!-- \/ Yoast SEO plugin. -->","yoast_head_json":{"title":"Rejser rundt p\u00e5 Mallorca i 2026: Hvad er nyt?","description":"Alt, hvad du skal vide for at rejse til Mallorca i 2026: nye tiltag, \u00e5bninger, lukninger, \u00e6ndrede forhold osv.","robots":{"index":"index","follow":"follow","max-snippet":"max-snippet:-1","max-image-preview":"max-image-preview:large","max-video-preview":"max-video-preview:-1"},"canonical":"https:\/\/www.zigzagonearth.com\/da\/rejser-mallorca-2026-nyt\/","og_locale":"da_DK","og_type":"article","og_title":"Rejser rundt p\u00e5 Mallorca i 2026: Hvad er nyt?","og_description":"Alt, hvad du skal vide for at rejse til Mallorca i 2026: nye tiltag, \u00e5bninger, lukninger, \u00e6ndrede forhold osv.","og_url":"https:\/\/www.zigzagonearth.com\/da\/rejser-mallorca-2026-nyt\/","og_site_name":"ZigZagonEarth","article_publisher":"https:\/\/www.facebook.com\/zigzagonearth","article_author":"https:\/\/www.facebook.com\/zigzagonearth","article_published_time":"2026-01-19T08:53:48+00:00","article_modified_time":"2026-01-19T09:06:23+00:00","og_image":[{"width":800,"height":600,"url":"https:\/\/www.zigzagonearth.com\/wp-content\/uploads\/2026\/01\/Rejs-til-Mallorca-2026-nyt.jpg","type":"image\/jpeg"}],"author":"Claire","twitter_card":"summary_large_image","twitter_creator":"@ZigZagOnEarth","twitter_site":"@ZigZagOnEarth","twitter_misc":{"Skrevet af":"Claire","Estimeret l\u00e6setid":"7 minutter"},"schema":{"@context":"https:\/\/schema.org","@graph":[{"@type":"Article","@id":"https:\/\/www.zigzagonearth.com\/da\/rejser-mallorca-2026-nyt\/#article","isPartOf":{"@id":"https:\/\/www.zigzagonearth.com\/da\/rejser-mallorca-2026-nyt\/"},"author":{"name":"Claire","@id":"https:\/\/www.zigzagonearth.com\/da\/#\/schema\/person\/0498142e0cb256f21659d85ef6bca599"},"headline":"Rejser rundt p\u00e5 Mallorca i 2026: Hvad er nyt?","datePublished":"2026-01-19T08:53:48+00:00","dateModified":"2026-01-19T09:06:23+00:00","mainEntityOfPage":{"@id":"https:\/\/www.zigzagonearth.com\/da\/rejser-mallorca-2026-nyt\/"},"wordCount":1420,"image":{"@id":"https:\/\/www.zigzagonearth.com\/da\/rejser-mallorca-2026-nyt\/#primaryimage"},"thumbnailUrl":"https:\/\/www.zigzagonearth.com\/wp-content\/uploads\/2026\/01\/Rejs-til-Mallorca-2026-nyt.jpg","articleSection":["Mallorca"],"inLanguage":"da-DK"},{"@type":"WebPage","@id":"https:\/\/www.zigzagonearth.com\/da\/rejser-mallorca-2026-nyt\/","url":"https:\/\/www.zigzagonearth.com\/da\/rejser-mallorca-2026-nyt\/","name":"Rejser rundt p\u00e5 Mallorca i 2026: Hvad er nyt?","isPartOf":{"@id":"https:\/\/www.zigzagonearth.com\/da\/#website"},"primaryImageOfPage":{"@id":"https:\/\/www.zigzagonearth.com\/da\/rejser-mallorca-2026-nyt\/#primaryimage"},"image":{"@id":"https:\/\/www.zigzagonearth.com\/da\/rejser-mallorca-2026-nyt\/#primaryimage"},"thumbnailUrl":"https:\/\/www.zigzagonearth.com\/wp-content\/uploads\/2026\/01\/Rejs-til-Mallorca-2026-nyt.jpg","datePublished":"2026-01-19T08:53:48+00:00","dateModified":"2026-01-19T09:06:23+00:00","author":{"@id":"https:\/\/www.zigzagonearth.com\/da\/#\/schema\/person\/0498142e0cb256f21659d85ef6bca599"},"description":"Alt, hvad du skal vide for at rejse til Mallorca i 2026: nye tiltag, \u00e5bninger, lukninger, \u00e6ndrede forhold osv.","breadcrumb":{"@id":"https:\/\/www.zigzagonearth.com\/da\/rejser-mallorca-2026-nyt\/#breadcrumb"},"inLanguage":"da-DK","potentialAction":[{"@type":"ReadAction","target":["https:\/\/www.zigzagonearth.com\/da\/rejser-mallorca-2026-nyt\/"]}]},{"@type":"ImageObject","inLanguage":"da-DK","@id":"https:\/\/www.zigzagonearth.com\/da\/rejser-mallorca-2026-nyt\/#primaryimage","url":"https:\/\/www.zigzagonearth.com\/wp-content\/uploads\/2026\/01\/Rejs-til-Mallorca-2026-nyt.jpg","contentUrl":"https:\/\/www.zigzagonearth.com\/wp-content\/uploads\/2026\/01\/Rejs-til-Mallorca-2026-nyt.jpg","width":800,"height":600,"caption":"Rejs til Mallorca 2026 nyt"},{"@type":"BreadcrumbList","@id":"https:\/\/www.zigzagonearth.com\/da\/rejser-mallorca-2026-nyt\/#breadcrumb","itemListElement":[{"@type":"ListItem","position":1,"name":"Home","item":"https:\/\/www.zigzagonearth.com\/da\/"},{"@type":"ListItem","position":2,"name":"Rejser rundt p\u00e5 Mallorca i 2026: Hvad er nyt?"}]},{"@type":"WebSite","@id":"https:\/\/www.zigzagonearth.com\/da\/#website","url":"https:\/\/www.zigzagonearth.com\/da\/","name":"ZigZagonEarth","description":"Plan unforgettable road trips!","potentialAction":[{"@type":"SearchAction","target":{"@type":"EntryPoint","urlTemplate":"https:\/\/www.zigzagonearth.com\/da\/?s={search_term_string}"},"query-input":{"@type":"PropertyValueSpecification","valueRequired":true,"valueName":"search_term_string"}}],"inLanguage":"da-DK"},{"@type":"Person","@id":"https:\/\/www.zigzagonearth.com\/da\/#\/schema\/person\/0498142e0cb256f21659d85ef6bca599","name":"Claire","image":{"@type":"ImageObject","inLanguage":"da-DK","@id":"https:\/\/secure.gravatar.com\/avatar\/7a2d4fe6757ab43d35e1680834ada7bf24e3ceccf01b37a8d65bfb7e69ce6271?s=96&d=blank&r=g","url":"https:\/\/secure.gravatar.com\/avatar\/7a2d4fe6757ab43d35e1680834ada7bf24e3ceccf01b37a8d65bfb7e69ce6271?s=96&d=blank&r=g","contentUrl":"https:\/\/secure.gravatar.com\/avatar\/7a2d4fe6757ab43d35e1680834ada7bf24e3ceccf01b37a8d65bfb7e69ce6271?s=96&d=blank&r=g","caption":"Claire"},"description":"Claire is the ultimate Travel Planning Geek - She can spend hours, weeks, months... researching for a trip. She created ZigZag On Earth to help people plan their own travels and make the most of their time.","sameAs":["https:\/\/www.facebook.com\/zigzagonearth"]}]}},"featured_image_src":"https:\/\/www.zigzagonearth.com\/wp-content\/uploads\/2026\/01\/Rejs-til-Mallorca-2026-nyt-600x400.jpg","featured_image_src_square":"https:\/\/www.zigzagonearth.com\/wp-content\/uploads\/2026\/01\/Rejs-til-Mallorca-2026-nyt-600x600.jpg","author_info":{"display_name":"Claire","author_link":"https:\/\/www.zigzagonearth.com\/da\/author\/zzoe\/"},"_links":{"self":[{"href":"https:\/\/www.zigzagonearth.com\/da\/wp-json\/wp\/v2\/posts\/72157","targetHints":{"allow":["GET"]}}],"collection":[{"href":"https:\/\/www.zigzagonearth.com\/da\/wp-json\/wp\/v2\/posts"}],"about":[{"href":"https:\/\/www.zigzagonearth.com\/da\/wp-json\/wp\/v2\/types\/post"}],"author":[{"embeddable":true,"href":"https:\/\/www.zigzagonearth.com\/da\/wp-json\/wp\/v2\/users\/1"}],"replies":[{"embeddable":true,"href":"https:\/\/www.zigzagonearth.com\/da\/wp-json\/wp\/v2\/comments?post=72157"}],"version-history":[{"count":0,"href":"https:\/\/www.zigzagonearth.com\/da\/wp-json\/wp\/v2\/posts\/72157\/revisions"}],"wp:featuredmedia":[{"embeddable":true,"href":"https:\/\/www.zigzagonearth.com\/da\/wp-json\/wp\/v2\/media\/72147"}],"wp:attachment":[{"href":"https:\/\/www.zigzagonearth.com\/da\/wp-json\/wp\/v2\/media?parent=72157"}],"wp:term":[{"taxonomy":"category","embeddable":true,"href":"https:\/\/www.zigzagonearth.com\/da\/wp-json\/wp\/v2\/categories?post=72157"},{"taxonomy":"post_tag","embeddable":true,"href":"https:\/\/www.zigzagonearth.com\/da\/wp-json\/wp\/v2\/tags?post=72157"}],"curies":[{"name":"wp","href":"https:\/\/api.w.org\/{rel}","templated":true}]}}