{"id":68236,"date":"2021-09-17T11:47:10","date_gmt":"2021-09-17T09:47:10","guid":{"rendered":"https:\/\/www.zigzagonearth.com\/achadas-da-cruz-svaevebane-madeira\/"},"modified":"2023-11-01T11:22:03","modified_gmt":"2023-11-01T10:22:03","slug":"achadas-da-cruz-svaevebane-madeira","status":"publish","type":"post","link":"https:\/\/www.zigzagonearth.com\/da\/achadas-da-cruz-svaevebane-madeira\/","title":{"rendered":"Achadas da Cruz sv\u00e6vebane (Madeira) &#8211; Tips + fotos"},"content":{"rendered":"\n<p class=\"has-text-align-left\"><strong>Oplev sv\u00e6vebanen Achadas da Cruz p\u00e5 Madeira:<\/strong><\/p>\n\n<ul class=\"wp-block-list\">\n<li><strong>En imponerende tur, en af de stejleste i Europa<\/strong><\/li>\n\n\n\n<li><strong>En smuk faja (landbrugsjord) ved foden af klipperne<\/strong><\/li>\n\n\n\n<li><strong>og en storsl\u00e5et udsigt over klipperne  <\/strong><\/li>\n<\/ul>\n\n<p class=\"has-text-align-left\"><strong>Nedenfor er min guide, der hj\u00e6lper dig med at planl\u00e6gge dit bes\u00f8g med tips, fotos og kort.<\/strong><\/p>\n\n<div style=\"margin-top:8%;margin-bottom:8%\" class=\"wp-block-genesis-blocks-gb-container box gb-block-container\"><div class=\"gb-container-inside\"><div class=\"gb-container-content\">\n<p class=\"box_titre_une\">F\u00f8r mine tips + fotos er her <u>mine favoritter<\/u> til Madeira:<\/p>\n\n\n\n<div class=\"wp-block-columns box_colonne_cc is-layout-flex wp-container-core-columns-is-layout-9d6595d7 wp-block-columns-is-layout-flex\">\n<div class=\"wp-block-column box_picto_c is-layout-flow wp-block-column-is-layout-flow\" style=\"flex-basis:5%\">\n<figure class=\"wp-block-image size-full is-resized box_picto\"><img loading=\"lazy\" decoding=\"async\" src=\"http:\/\/www.zigzagonearth.com\/wp-content\/uploads\/2023\/08\/&#x1F697;.png\" alt=\"\" class=\"wp-image-16341\" style=\"width:30px;height:31px\" width=\"30\" height=\"31\"\/><\/figure>\n<\/div>\n\n\n\n<div class=\"wp-block-column is-layout-flow wp-block-column-is-layout-flow\" style=\"flex-basis:95%\">\n<p class=\"box_lien_g\">Min foretrukne platform til at leje en bil p\u00e5 Madeira: <a href=\"https:\/\/www.discovercars.com\/portugal\/madeira?a_aid=zigzag&amp;chan=ZZ_Madeira\" target=\"_blank\" rel=\"noreferrer noopener sponsored nofollow\">DiscoverCars<\/a><\/p>\n<\/div>\n<\/div>\n\n\n\n<div class=\"wp-block-columns box_colonne_cc is-layout-flex wp-container-core-columns-is-layout-9d6595d7 wp-block-columns-is-layout-flex\">\n<div class=\"wp-block-column box_picto_c is-layout-flow wp-block-column-is-layout-flow\" style=\"flex-basis:5%\">\n<figure class=\"wp-block-image size-full is-resized box_picto\"><img loading=\"lazy\" decoding=\"async\" src=\"http:\/\/www.zigzagonearth.com\/wp-content\/uploads\/2023\/08\/&#x1F6E5;&#xFE0F;&#xFE0F;.png\" alt=\"\" class=\"wp-image-16340\" style=\"width:30px;height:31px\" width=\"30\" height=\"31\"\/><\/figure>\n<\/div>\n\n\n\n<div class=\"wp-block-column is-layout-flow wp-block-column-is-layout-flow\" style=\"flex-basis:90%\">\n<p>Den uundg\u00e5elige b\u00e5dtur: <a href=\"https:\/\/www.getyourguide.dk\/s\/?q=Funchal+catamaran+dolphin&amp;searchSource=7&amp;partner_id=R3GYW4V&amp;cmp=ZZ_madeira\" target=\"_blank\" rel=\"noreferrer noopener sponsored nofollow\">Katamaran-tur for at se hvaler<\/a><\/p>\n<\/div>\n<\/div>\n\n\n\n<div class=\"wp-block-columns box_colonne_cc is-layout-flex wp-container-core-columns-is-layout-9d6595d7 wp-block-columns-is-layout-flex\">\n<div class=\"wp-block-column box_picto_c is-layout-flow wp-block-column-is-layout-flow\" style=\"flex-basis:5%\">\n<figure class=\"wp-block-image size-full is-resized box_picto\"><img loading=\"lazy\" decoding=\"async\" src=\"http:\/\/www.zigzagonearth.com\/wp-content\/uploads\/2023\/08\/&#x1F68C;.png\" alt=\"\" class=\"wp-image-16339\" style=\"width:30px;height:31px\" width=\"30\" height=\"31\"\/><\/figure>\n<\/div>\n\n\n\n<div class=\"wp-block-column is-layout-flow wp-block-column-is-layout-flow\" style=\"flex-basis:90%\">\n<p>Min yndlingsudflugt fra Funchal: <a href=\"https:\/\/www.getyourguide.dk\/funchal-l1026\/funchal-full-day-4x4-eastern-tour-t129045\/?partner_id=R3GYW4V&amp;cmp=ZZ_madeira\" target=\"_blank\" rel=\"noreferrer noopener sponsored nofollow\">4&#215;4-tur p\u00e5 det \u00f8stlige Madeira<\/a><\/p>\n<\/div>\n<\/div>\n\n\n\n<div class=\"wp-block-columns box_colonne_cc box_colonne_dernier_cc is-layout-flex wp-container-core-columns-is-layout-9d6595d7 wp-block-columns-is-layout-flex\">\n<div class=\"wp-block-column box_picto_x box_picto_c is-layout-flow wp-block-column-is-layout-flow\" style=\"flex-basis:5%\">\n<figure class=\"wp-block-image size-full is-resized box_picto\"><img loading=\"lazy\" decoding=\"async\" src=\"http:\/\/www.zigzagonearth.com\/wp-content\/uploads\/2023\/08\/&#x1F3E0;.png\" alt=\"\" class=\"wp-image-16338\" style=\"width:30px;height:31px\" width=\"30\" height=\"31\"\/><\/figure>\n<\/div>\n\n\n\n<div class=\"wp-block-column is-layout-flow wp-block-column-is-layout-flow\" style=\"flex-basis:95%\">\n<p>MMine foretrukne steder at bo i Funchal: <a href=\"https:\/\/www.booking.com\/hotel\/pt\/les-suites-at-the-cliff-bay.html?aid=1164282&amp;label=madeira\" target=\"_blank\" rel=\"noreferrer noopener sponsored nofollow\">Les Suites at the Cliff Bay<\/a> (luksus) &#8211; <a href=\"https:\/\/www.booking.com\/hotel\/pt\/se-boutique.html?aid=1164282&amp;label=madeira\" target=\"_blank\" rel=\"noreferrer noopener sponsored nofollow\">S\u00e9 Boutique Hotel<\/a> (4 stjerner) &#8211; <a href=\"https:\/\/www.booking.com\/hotel\/pt\/the-marketplace-apartments.html?aid=1164282&amp;label=madeira\" target=\"_blank\" rel=\"noreferrer noopener sponsored nofollow\">Market Place by Storytellers<\/a> (lejligheder)<\/p>\n\n\n\n<p>Mine foretrukne steder at bo uden for Funchal: <a href=\"https:\/\/www.booking.com\/hotel\/pt\/saccharum.html?aid=1164282&amp;no_rooms=1&amp;group_adults=2&amp;label=madeira\" target=\"_blank\" rel=\"noreferrer noopener sponsored nofollow\">Saccharum Resort<\/a> n\u00e6r en strand (luksus) &#8211; <a href=\"https:\/\/www.booking.com\/hotel\/pt\/estalagem-da-ponta-do-sol.html?aid=1164282&amp;label=madeira\" target=\"_blank\" rel=\"noreferrer noopener sponsored nofollow\">Estalagem da Ponta do Sol<\/a> (4 stjerner) &#8211; <a href=\"https:\/\/www.booking.com\/hotel\/pt\/estalagem-engenho-velho.html?aid=1164282&amp;label=madeira\" target=\"_blank\" rel=\"noreferrer noopener sponsored nofollow\">Engho Velho Hotel<\/a> (mellemklasse)<\/p>\n<\/div>\n<\/div>\n<\/div><\/div><\/div>\n\n<div class=\"wp-block-columns is-layout-flex wp-container-core-columns-is-layout-9d6595d7 wp-block-columns-is-layout-flex\">\n<div class=\"wp-block-column is-layout-flow wp-block-column-is-layout-flow\"><div class=\"wp-block-image\">\n<figure class=\"aligncenter size-full is-resized\"><img decoding=\"async\" src=\"https:\/\/www.zigzagonearth.com\/wp-content\/uploads\/2023\/09\/Achadas-da-Cruz-svaevebane-Madeira.jpg\" alt=\"Teleferico das Achadas da Cruz sv&#xE6;vebane Madeira Pin\" class=\"wp-image-14947\" style=\"width:300px;height:undefinedpx\"\/><\/figure>\n<\/div><\/div>\n\n\n\n<div class=\"wp-block-column is-layout-flow wp-block-column-is-layout-flow\"><\/div>\n<\/div>\n\n<h2 class=\"wp-block-heading\" id=\"tab-con-10\"><strong>Hvorfor bes\u00f8ge sv\u00e6vebanen Achadas da Cruz n\u00e6r Porto Moniz?<\/strong><\/h2>\n\n<p>At k\u00f8re med mindst \u00e9n af <a style=\"outline: none;\" href=\"https:\/\/www.zigzagonearth.com\/da\/bedste-svaevebaner-madeira-teleferico\/\" target=\"_blank\" rel=\"noopener\">Madeiras sv\u00e6vebaner<\/a> er en af de <a style=\"outline: none;\" href=\"https:\/\/www.zigzagonearth.com\/da\/sevaerdigheder-madeira\/\" target=\"_blank\" rel=\"noopener\">bedste ting, man kan lave p\u00e5 \u00f8en<\/a>.<br\/>Og jeg synes, at Achadas sv\u00e6vebanen er en af de to bedste.<\/p>\n\n<ul class=\"wp-block-list\">\n<li>Det er v\u00e6k fra den almindelige turistvej &#8211; stadig en af de <a style=\"outline: none;\" href=\"https:\/\/www.zigzagonearth.com\/da\/secret-places-madeira-hidden-gems-2\/\" target=\"_blank\" rel=\"noopener\">skjulte perler<\/a>, men bliver promoveret af Porto Moniz&#8230;<\/li>\n\n\n\n<li>Det er utroligt stejlt<\/li>\n\n\n\n<li>Det er her, Madeiras nord- og vestkyst m\u00f8des.<\/li>\n\n\n\n<li>Der er en fin vandresti langs vandet med udsigt til klipperne.<\/li>\n\n\n\n<li>Der er en stenet strand<\/li>\n<\/ul>\n\n<figure class=\"wp-block-image\"><img decoding=\"async\" src=\"https:\/\/photos.smugmug.com\/Travel\/Madeira\/3k-Teleferico-das-Achadas-da-Cruz\/i-mjgJ59j\/1\/b846a358\/L\/Teleferico_das_Achadas_da_Cruz_Madeira-7141497-L.jpg\" alt=\"Bes&#xF8;g sv&#xE6;vebanen Achadas da Cruz\" title=\"Bes&#xF8;g sv&#xE6;vebanen Achadas da Cruz\"\/><\/figure>\n\n<p>Det er et smukt sted, men en af hoved\u00e5rsagerne til at tage denne sv\u00e6vebane er sp\u00e6ndingen og forskr\u00e6kkelsen: det er virkelig, virkelig stejlt!<br\/>Jeg m\u00e5 indr\u00f8mme, at jeg m\u00e5tte sparke mig selv for at tage den. Jeg havde aldrig oplevet et s\u00e5 imponerende fald med en sv\u00e6vebane.<\/p>\n\n<p>Bem\u00e6rk, at nogle har skrevet, at landsbyen er fajaen i bunden af klipperne, men den ligger p\u00e5 toppen, t\u00e6ttere p\u00e5 hovedvejen. Hytterne i haverne er kun til h\u00f8sttid og skal bruges som skur.<\/p>\n\n<p>Flere billeder efter planl\u00e6gningstipsene.<\/p>\n\n<h2 class=\"wp-block-heading\" id=\"tab-con-1\"><strong>Tips til planl\u00e6gning &#8211; Teleferico das <\/strong><strong>Achadas da Cruz, Madeira<\/strong><\/h2>\n\n<h3 class=\"wp-block-heading\"><strong>S\u00e5dan kommer du til Achadas da Cruz<\/strong><\/h3>\n\n<ul class=\"wp-block-list\">\n<li>Ingen offentlig transport, du er n\u00f8dt til at leje en bil &#8211; du kan sammenligne priser p\u00e5 <a href=\"https:\/\/www.discovercars.com\/dk\/portugal\/madeira?a_aid=zigzag&amp;chan=ZZOE&amp;data2=Madeira\" target=\"_blank\" rel=\"noreferrer noopener sponsored nofollow\">Discovercars.com<\/a><\/li>\n\n\n\n<li>Nordvestspidsen af Madeira, ikke langt fra Porto Moniz<\/li>\n\n\n\n<li>Mindre veje at komme til, men ikke noget besv\u00e6rligt &#8211; godt markeret<\/li>\n\n\n\n<li>Porto Moniz til Achadas da Cruz sv\u00e6vebane = 20 minutters k\u00f8rsel<\/li>\n\n\n\n<li><a href=\"https:\/\/www.zigzagonearth.com\/da\/bedste-sevaerdigheder-funchal-madeira\/\" target=\"_blank\" rel=\"noopener\">Funchal<\/a> til Achadas da Cruz sv\u00e6vebane = 1t15 k\u00f8rsel<\/li>\n\n\n\n<li>Nedenfor er et kort, s\u00e5 du kan finde det og orientere dig:<\/li>\n<\/ul>\n\n<figure class=\"wp-block-image size-large\"><img decoding=\"async\" src=\"https:\/\/www.zigzagonearth.com\/wp-content\/uploads\/2021\/09\/Map-Achadas-da-Cruz-Cable-car-Madeira-Location-2.jpg\" alt=\"Kort Achadas da Cruz Sv&#xE6;vebane Madeira - Beliggenhed\"\/><figcaption class=\"wp-element-caption\"><strong>Kort Achadas da Cruz Sv\u00e6vebane Madeira &#8211; Beliggenhed<\/strong><\/figcaption><\/figure>\n\n<p>Dette h\u00f8jdepunkt (med GPS-koordinater og praktiske tips) er inkluderet i min rejseguide-e-bog, der hj\u00e6lper dig med <a href=\"https:\/\/www.zigzagonearth.com\/da\/madeira-rejse-tips\/\" target=\"_blank\" rel=\"noopener\">nemt at planl\u00e6gge din Madeira-rejse<\/a>:<\/p>\n\n<div style=\"margin-top:8%;margin-bottom:8%\" class=\"wp-block-genesis-blocks-gb-container box_ebook gb-block-container\"><div class=\"gb-container-inside\"><div class=\"gb-container-content\">\n<h5 class=\"wp-block-heading box_titre_ebook\">Planl\u00e6g din <u>dr\u00f8mmerejse<\/u> til <strong>Madeira<\/strong> takket v\u00e6re min guide (kun p\u00e5 engelsk):<\/h5>\n\n\n\n<div class=\"wp-block-columns box_colonnes_ebook is-layout-flex wp-container-core-columns-is-layout-9d6595d7 wp-block-columns-is-layout-flex\">\n<div class=\"wp-block-column is-layout-flow wp-block-column-is-layout-flow\">\n<figure class=\"wp-block-image size-large img_ebook\"><a href=\"https:\/\/www.zigzagonearth.com\/photograph-madeira-travel-guide\/\"><img decoding=\"async\" src=\"https:\/\/www.zigzagonearth.com\/wp-content\/uploads\/2021\/08\/small-Madeira-ebook-cover.jpg\" alt=\"eBook Rejseguide Mallorca\"\/><\/a><\/figure>\n<\/div>\n\n\n\n<div class=\"wp-block-column is-layout-flow wp-block-column-is-layout-flow\">\n<ul class=\"box_liste wp-block-list\" style=\"font-size:16px\">\n<li>7 kort, s\u00e5 du nemt kan planl\u00e6gge din rejse<\/li>\n\n\n\n<li>120+ forudvalgte steder<\/li>\n\n\n\n<li>GPS-koordinater direkte til parkeringspladserne<\/li>\n\n\n\n<li>Tips til at f\u00e5 mest muligt ud af din tid<\/li>\n\n\n\n<li>260+ originale fotos, der hj\u00e6lper dig med at v\u00e6lge<\/li>\n<\/ul>\n\n\n\n<div class=\"wp-block-buttons box_colonne_bouton_ebook is-content-justification-left is-layout-flex wp-container-core-buttons-is-layout-fdcfc74e wp-block-buttons-is-layout-flex\">\n<div class=\"wp-block-button box_bouton box_bouton_ebook\"><a class=\"wp-block-button__link wp-element-button\" href=\"https:\/\/www.zigzagonearth.com\/photograph-madeira-travel-guide\/\" target=\"_blank\" rel=\"noreferrer noopener\">Opdag det! (kun p\u00e5 engelsk)<span class=\"box_bouton_image\"><\/span><\/a><\/div>\n<\/div>\n<\/div>\n<\/div>\n<\/div><\/div><\/div>\n\n<h3 class=\"wp-block-heading\"><strong>Bes\u00f8gstips  <\/strong><\/h3>\n\n<ul class=\"wp-block-list\">\n<li>Pris: 3 euro for en returbillet<\/li>\n\n\n\n<li><b>\u00c5bningstider:<\/b><strong><b> <\/b><\/strong>Mandag &#8211; s\u00f8ndag: kl. 8.00-11.30-12.30-19.00 \/ timerne kan \u00e6ndre sig p\u00e5 grund af vedligeholdelse eller andet. Jeg kan ikke garantere dem.<\/li>\n\n\n\n<li>Toiletter i top og bund<\/li>\n\n\n\n<li>Snackbar i toppen<\/li>\n\n\n\n<li>Rejsetiden er 5 minutter<\/li>\n\n\n\n<li>Velholdt vandresti i bunden<\/li>\n\n\n\n<li>Planl\u00e6g 20 min til 1 time til at udforske fajaen og kysten<\/li>\n\n\n\n<li>Alternativ adgang via vandring &#8211; se l\u00e6ngere nede i denne artikel<\/li>\n<\/ul>\n\n<div style=\"margin-top:8%;margin-bottom:8%\" class=\"wp-block-genesis-blocks-gb-container box gb-block-container\"><div class=\"gb-container-inside\"><div class=\"gb-container-content\">\n<div class=\"wp-block-columns box_colonne is-layout-flex wp-container-core-columns-is-layout-9d6595d7 wp-block-columns-is-layout-flex\">\n<div class=\"wp-block-column colonne is-layout-flow wp-block-column-is-layout-flow\" style=\"flex-basis:66.6%\">\n<h5 class=\"wp-block-heading box_titre\"><strong>Har du brug for at leje en bil p\u00e5 Madeira?<\/strong><\/h5>\n\n\n\n<p class=\"box_intro\">Mine tips:<\/p>\n\n\n\n<ul class=\"box_liste wp-block-list\" style=\"font-size:16px\">\n<li>Sammenlign priser p\u00e5 min yndlingsplatform: <a href=\"https:\/\/www.discovercars.com\/dk\/portugal\/madeira?a_aid=zigzag&amp;chan=ZZOE&amp;data2=madeira\" target=\"_blank\" rel=\"noreferrer noopener sponsored nofollow\">\n  <span style=\"text-decoration: underline;\">Discovercars.com<\/span>\n<\/a> &#8211; en af de bedst bed\u00f8mte sammenligningssider!<\/li>\n\n\n\n<li>V\u00e6lg en bil med kr\u00e6fter nok til bjergvejene<\/li>\n\n\n\n<li>Og v\u00e6lg en bil, der ikke er for stor, s\u00e5 den er nem at man\u00f8vrere.<\/li>\n\n\n\n<li>Overvej deres mulighed for fuld d\u00e6kning &#8211; det giver ro i sindet!  <\/li>\n\n\n\n<li><span style=\"text-decoration: underline;\">Book tidligt<\/span> for at have et stort udvalg af k\u00f8ret\u00f8jer!<\/li>\n<\/ul>\n\n\n\n<div class=\"wp-block-columns box_barre_boutons is-layout-flex wp-container-core-columns-is-layout-9d6595d7 wp-block-columns-is-layout-flex\">\n<div class=\"wp-block-column is-vertically-aligned-center box_col_conseil is-layout-flow wp-block-column-is-layout-flow\">\n<p class=\"box_lien\"><a href=\"https:\/\/www.zigzagonearth.com\/renting-car-madeira-tips\/\" target=\"_blank\" rel=\"noreferrer noopener\">Se alle mine tips<\/a><\/p>\n<\/div>\n\n\n\n<div class=\"wp-block-column box_col_bouton is-layout-flow wp-block-column-is-layout-flow\">\n<div class=\"wp-block-buttons box_bouton is-content-justification-left is-layout-flex wp-container-core-buttons-is-layout-fdcfc74e wp-block-buttons-is-layout-flex\">\n<div class=\"wp-block-button box_bouton\"><a class=\"wp-block-button__link wp-element-button\" href=\"https:\/\/www.discovercars.com\/dk\/portugal\/madeira?a_aid=zigzag&amp;amp;chan=ZZOE&amp;amp;data2=madeira\" target=\"_blank\" rel=\"noreferrer noopener\">Se ledige biler  <span class=\"box_bouton_image\"><img decoding=\"async\" style=\"width: 14px; height:14px;  \" src=\"https:\/\/www.zigzagonearth.com\/wp-content\/uploads\/2023\/08\/fleche.png\" alt=\"\"\/><\/span><\/a><\/div>\n<\/div>\n<\/div>\n<\/div>\n<\/div>\n\n\n\n<div class=\"wp-block-column colonne box_cafe_img is-layout-flow wp-block-column-is-layout-flow\" style=\"flex-basis:33.33%\"><div class=\"wp-block-image\">\n<figure class=\"aligncenter size-large is-resized\"><img loading=\"lazy\" decoding=\"async\" src=\"https:\/\/www.zigzagonearth.com\/wp-content\/uploads\/2023\/08\/003world-travel-car-01-1024x1024.webp\" alt=\"\" class=\"wp-image-16227\" width=\"288\" height=\"288\" srcset=\"https:\/\/www.zigzagonearth.com\/wp-content\/uploads\/2023\/08\/003world-travel-car-01-1024x1024.webp 1024w, https:\/\/www.zigzagonearth.com\/wp-content\/uploads\/2023\/08\/003world-travel-car-01-300x300.webp 300w, https:\/\/www.zigzagonearth.com\/wp-content\/uploads\/2023\/08\/003world-travel-car-01-150x150.webp 150w, https:\/\/www.zigzagonearth.com\/wp-content\/uploads\/2023\/08\/003world-travel-car-01-768x768.webp 768w, https:\/\/www.zigzagonearth.com\/wp-content\/uploads\/2023\/08\/003world-travel-car-01-1536x1536.webp 1536w, https:\/\/www.zigzagonearth.com\/wp-content\/uploads\/2023\/08\/003world-travel-car-01-2048x2048.webp 2048w, https:\/\/www.zigzagonearth.com\/wp-content\/uploads\/2023\/08\/003world-travel-car-01-100x100.webp 100w, https:\/\/www.zigzagonearth.com\/wp-content\/uploads\/2023\/08\/003world-travel-car-01-600x600.webp 600w\" sizes=\"auto, (max-width: 288px) 100vw, 288px\" \/><\/figure>\n<\/div><\/div>\n<\/div>\n<\/div><\/div><\/div>\n\n<h3 class=\"wp-block-heading\"><strong>Hvor kan man bo i omr\u00e5det?<\/strong><\/h3>\n\n<p>Det er bedst at bo i det n\u00e6rliggende Porto Moniz for at nyde de naturlige pools sidst p\u00e5 dagen:<\/p>\n\n<ul class=\"wp-block-list\">\n<li><strong>4 STAR HOTEL &#8211;<\/strong> Aqua Natura Madeira, lige ved nogle af de naturlige pools &#8211; <strong>\n  <strong>\n    <a href=\"https:\/\/www.booking.com\/hotel\/pt\/aqua-natura-madeira.en.html?aid=1164282&amp;no_rooms=1&amp;group_adults=2&amp;label=ZZ_Madeira\" target=\"_blank\" rel=\"noreferrer noopener sponsored nofollow\">Se billeder og tilg\u00e6ngelighed<\/a>\n  <\/strong>\n<\/strong><\/li>\n\n\n\n<li><strong>LARGE VILLA &#8211;<\/strong> Porto Moniz Villa, t\u00e6t p\u00e5 havnefronten &#8211; <strong>\n  <strong>\n    <a href=\"https:\/\/www.booking.com\/hotel\/pt\/porto-moniz-villa-porto-moniz.en.html?aid=1164282&amp;no_rooms=1&amp;group_adults=2&amp;label=ZZ_Madeira\" target=\"_blank\" rel=\"noreferrer noopener sponsored nofollow\">Se billeder og tilg\u00e6ngelighed<\/a>\n  <\/strong>\n<\/strong><\/li>\n\n\n\n<li><strong>HUS TIL UDLEJNING &#8211;<\/strong> Ref\u00fagio do Ilh\u00e9u, p\u00e5 en h\u00f8jere grund &#8211; <strong>\n  <strong>\n    <a href=\"https:\/\/www.booking.com\/hotel\/pt\/refugio-do-ilheu.en.html?aid=1164282&amp;no_rooms=1&amp;group_adults=2&amp;label=ZZ_Madeira\" target=\"_blank\" rel=\"noreferrer noopener sponsored nofollow\">Tjek billeder og tilg\u00e6ngelighed<\/a>\n  <\/strong>\n<\/strong><\/li>\n\n\n\n<li><strong>\n  <strong>LEJLIGHED &#8211; <\/strong>\n<\/strong>Sea View Apartment, med stor terrasse &#8211; <a href=\"https:\/\/www.booking.com\/hotel\/pt\/sea-view-apartment-porto-moniz.en.html?aid=1164282&amp;no_rooms=1&amp;group_adults=2&amp;label=ZZ_Madeira\" target=\"_blank\" rel=\"noreferrer noopener sponsored nofollow\">Tjek billeder og tilg\u00e6ngelighed<\/a><\/li>\n\n\n\n<li>eller <a href=\"https:\/\/www.booking.com\/searchresults.en.html?city=-2173164&amp;nflt=review_score%253D90%253Breview_score%253D80&amp;aid=1164282&amp;no_rooms=1&amp;group_adults=2&amp;label=ZZ_Madeira\" target=\"_blank\" rel=\"noreferrer noopener sponsored nofollow\">Se de bedst bed\u00f8mte overnatningssteder i Porto Moniz<\/a><\/li>\n<\/ul>\n\n<p>Flere tips i <a style=\"outline: none;\" href=\"https:\/\/www.zigzagonearth.com\/da\/hvor-skal-man-bo-madeira-bedste-omrader\/\" target=\"_blank\" rel=\"noopener\">min artikel om, hvor man kan bo p\u00e5 Madeira<\/a><\/p>\n\n<h2 class=\"wp-block-heading\" id=\"tab-con-2\"><strong>Adgangsvej og parkeringsplads<\/strong><\/h2>\n\n<p>Teleferico de Achadas da Cruz er godt markeret med vejskilte.<\/p>\n\n<figure class=\"wp-block-image\"><img decoding=\"async\" src=\"https:\/\/photos.smugmug.com\/Travel\/Madeira\/3k-Teleferico-das-Achadas-da-Cruz\/i-2v4mcPZ\/1\/918ec274\/L\/Teleferico_das_Achadas_da_Cruz_Madeira-7141465-L.jpg\" alt=\"Teleferico Achadas da Cruz sv&#xE6;vebane - vejskilt\" title=\"Teleferico Achadas da Cruz sv&#xE6;vebane - vejskilt\"\/><\/figure>\n\n<p>Fra Porto Moniz er der f\u00f8rst en snoet bjergvej for at komme op p\u00e5 klipperne. Den er bred og ikke sv\u00e6r. P\u00e5 vejen kan du stoppe ved Miradouro da Santinha og nyde udsigten over Porto Moniz.<\/p>\n\n<p>Adgangsvejen til sv\u00e6vebanen fra ER101 hedder &#8220;caminho do teleferico&#8221;. Den er lidt smal og stejl, men der er n\u00e6sten ingen trafik, s\u00e5 det er virkelig ikke sv\u00e6rt.<br\/>Der er et par huller. Bare tag dig god tid.  <\/p>\n\n<figure class=\"wp-block-image\"><img decoding=\"async\" src=\"https:\/\/photos.smugmug.com\/Travel\/Madeira\/3k-Teleferico-das-Achadas-da-Cruz\/i-GBQRhZR\/1\/61667ae9\/L\/Teleferico_das_Achadas_da_Cruz_Madeira-7141468-L.jpg\" alt=\"Teleferico Achadas da Cruz sv&#xE6;vebane - adgangsvej\" title=\"Teleferico Achadas da Cruz sv&#xE6;vebane - adgangsvej\"\/><\/figure>\n\n<figure class=\"wp-block-image\"><img decoding=\"async\" src=\"https:\/\/photos.smugmug.com\/Travel\/Madeira\/3k-Teleferico-das-Achadas-da-Cruz\/i-ZjQvZdB\/1\/3501fc11\/L\/Teleferico_das_Achadas_da_Cruz_Madeira-7141471-L.jpg\" alt=\"Teleferico Achadas da Cruz sv&#xE6;vebane - adgangsvej 2\" title=\"Teleferico Achadas da Cruz sv&#xE6;vebane - adgangsvej 2\"\/><\/figure>\n\n<p>Og i bunden er der en stor parkeringsplads (hvilket kan v\u00e6re sj\u00e6ldent for disse attraktioner) med plads til at man\u00f8vrere.<\/p>\n\n<figure class=\"wp-block-image size-large\"><img decoding=\"async\" src=\"https:\/\/photos.smugmug.com\/Travel\/Madeira\/3k-Teleferico-das-Achadas-da-Cruz\/i-tRmhdKM\/1\/700dea8a\/L\/Teleferico_das_Achadas_da_Cruz_Madeira-7141473-L.jpg\" alt=\"Achadas da Cruz sv&#xE6;vebane - parkeringsplads\"\/><figcaption class=\"wp-element-caption\"><strong>Achadas da Cruz sv\u00e6vebane &#8211; parkeringsplads<\/strong><\/figcaption><\/figure>\n\n<div style=\"margin-top:8%;margin-bottom:8%\" class=\"wp-block-genesis-blocks-gb-container box gb-block-container\"><div class=\"gb-container-inside\"><div class=\"gb-container-content\">\n<div class=\"wp-block-columns box_colonne is-layout-flex wp-container-core-columns-is-layout-9d6595d7 wp-block-columns-is-layout-flex\">\n<div class=\"wp-block-column colonne is-layout-flow wp-block-column-is-layout-flow\" style=\"flex-basis:66.6%\">\n<h5 class=\"wp-block-heading box_titre\"><strong>Har du brug for at leje en bil p\u00e5 Madeira?<\/strong><\/h5>\n\n\n\n<p class=\"box_intro\">Mine tips:<\/p>\n\n\n\n<ul class=\"box_liste wp-block-list\" style=\"font-size:16px\">\n<li>Sammenlign priser p\u00e5 min yndlingsplatform: <a href=\"https:\/\/www.discovercars.com\/dk\/portugal\/madeira?a_aid=zigzag&amp;chan=ZZOE&amp;data2=madeira\" target=\"_blank\" rel=\"noreferrer noopener sponsored nofollow\">\n  <span style=\"text-decoration: underline;\">Discovercars.com<\/span>\n<\/a> &#8211; en af de bedst bed\u00f8mte sammenligningssider!<\/li>\n\n\n\n<li>V\u00e6lg en bil med kr\u00e6fter nok til bjergvejene<\/li>\n\n\n\n<li>Og v\u00e6lg en bil, der ikke er for stor, s\u00e5 den er nem at man\u00f8vrere.<\/li>\n\n\n\n<li>Overvej deres mulighed for fuld d\u00e6kning &#8211; det giver ro i sindet!  <\/li>\n\n\n\n<li><span style=\"text-decoration: underline;\">Book tidligt<\/span> for at have et stort udvalg af k\u00f8ret\u00f8jer!<\/li>\n<\/ul>\n\n\n\n<div class=\"wp-block-columns box_barre_boutons is-layout-flex wp-container-core-columns-is-layout-9d6595d7 wp-block-columns-is-layout-flex\">\n<div class=\"wp-block-column is-vertically-aligned-center box_col_conseil is-layout-flow wp-block-column-is-layout-flow\">\n<p class=\"box_lien\"><a href=\"https:\/\/www.zigzagonearth.com\/renting-car-madeira-tips\/\" target=\"_blank\" rel=\"noreferrer noopener\">Se alle mine tips<\/a><\/p>\n<\/div>\n\n\n\n<div class=\"wp-block-column box_col_bouton is-layout-flow wp-block-column-is-layout-flow\">\n<div class=\"wp-block-buttons box_bouton is-content-justification-left is-layout-flex wp-container-core-buttons-is-layout-fdcfc74e wp-block-buttons-is-layout-flex\">\n<div class=\"wp-block-button box_bouton\"><a class=\"wp-block-button__link wp-element-button\" href=\"https:\/\/www.discovercars.com\/dk\/portugal\/madeira?a_aid=zigzag&amp;amp;chan=ZZOE&amp;amp;data2=madeira\" target=\"_blank\" rel=\"noreferrer noopener\">Se ledige biler  <span class=\"box_bouton_image\"><img decoding=\"async\" style=\"width: 14px; height:14px;  \" src=\"https:\/\/www.zigzagonearth.com\/wp-content\/uploads\/2023\/08\/fleche.png\" alt=\"\"\/><\/span><\/a><\/div>\n<\/div>\n<\/div>\n<\/div>\n<\/div>\n\n\n\n<div class=\"wp-block-column colonne box_cafe_img is-layout-flow wp-block-column-is-layout-flow\" style=\"flex-basis:33.33%\"><div class=\"wp-block-image\">\n<figure class=\"aligncenter size-large is-resized\"><img loading=\"lazy\" decoding=\"async\" src=\"https:\/\/www.zigzagonearth.com\/wp-content\/uploads\/2023\/08\/003world-travel-car-01-1024x1024.webp\" alt=\"\" class=\"wp-image-16227\" width=\"288\" height=\"288\" srcset=\"https:\/\/www.zigzagonearth.com\/wp-content\/uploads\/2023\/08\/003world-travel-car-01-1024x1024.webp 1024w, https:\/\/www.zigzagonearth.com\/wp-content\/uploads\/2023\/08\/003world-travel-car-01-300x300.webp 300w, https:\/\/www.zigzagonearth.com\/wp-content\/uploads\/2023\/08\/003world-travel-car-01-150x150.webp 150w, https:\/\/www.zigzagonearth.com\/wp-content\/uploads\/2023\/08\/003world-travel-car-01-768x768.webp 768w, https:\/\/www.zigzagonearth.com\/wp-content\/uploads\/2023\/08\/003world-travel-car-01-1536x1536.webp 1536w, https:\/\/www.zigzagonearth.com\/wp-content\/uploads\/2023\/08\/003world-travel-car-01-2048x2048.webp 2048w, https:\/\/www.zigzagonearth.com\/wp-content\/uploads\/2023\/08\/003world-travel-car-01-100x100.webp 100w, https:\/\/www.zigzagonearth.com\/wp-content\/uploads\/2023\/08\/003world-travel-car-01-600x600.webp 600w\" sizes=\"auto, (max-width: 288px) 100vw, 288px\" \/><\/figure>\n<\/div><\/div>\n<\/div>\n<\/div><\/div><\/div>\n\n<h2 class=\"wp-block-heading\" id=\"tab-con-3\"><strong>Achadas da Cruz udsigtspunkt og restaurant<\/strong><\/h2>\n\n<p>N\u00e5r du er p\u00e5 parkeringspladsen, har du direkte adgang til sv\u00e6vebanens \u00f8verste station.<\/p>\n\n<h3 class=\"wp-block-heading\"><strong>Achadas da Cruz Udsigtspunkt<\/strong><\/h3>\n\n<p>F\u00f8r du hopper ind i en af bilerne, skal du s\u00f8rge for at tjekke udsigten fra Miradouro.<br\/>Det er ret imponerende at se det lille stykke land i bunden af de h\u00f8je klipper. Deres h\u00f8jde er omkring 450 m (1476 fod).<\/p>\n\n<p>Det er ikke det mest \u00e5bne syn. Du vil f\u00e5 bedre under turen. Men det er ret imponerende, se selv:<\/p>\n\n<figure class=\"wp-block-image size-large\"><img decoding=\"async\" src=\"https:\/\/photos.smugmug.com\/Travel\/Madeira\/3k-Teleferico-das-Achadas-da-Cruz\/i-Z4mPpZm\/1\/405d2a1e\/L\/Teleferico_das_Achadas_da_Cruz_Madeira-7141481-L.jpg\" alt=\"Achadas da Cruz Udsigtspunkt\"\/><figcaption class=\"wp-element-caption\"><strong>Achadas da Cruz Udsigtspunkt<\/strong><\/figcaption><\/figure>\n\n<p>Man kan ogs\u00e5 se toppen af kablerne, og hvordan de falder ned i tomheden.<br\/>Det vil hj\u00e6lpe dig med at beslutte, om du er i stand til at k\u00f8re med sv\u00e6vebanen eller ej!<\/p>\n\n<figure class=\"wp-block-image\"><img decoding=\"async\" src=\"https:\/\/photos.smugmug.com\/Travel\/Madeira\/3k-Teleferico-das-Achadas-da-Cruz\/i-Z2TX8pH\/1\/7d4180fb\/L\/Teleferico_das_Achadas_da_Cruz_Madeira-7141482-L.jpg\" alt=\"Teleferico Achadas da Cruz sv&#xE6;vebane kabler\" title=\"Teleferico Achadas da Cruz sv&#xE6;vebane kabler\"\/><\/figure>\n\n<figure class=\"wp-block-image\"><img decoding=\"async\" src=\"https:\/\/photos.smugmug.com\/Travel\/Madeira\/3k-Teleferico-das-Achadas-da-Cruz\/i-6Ln6PwC\/1\/890e1b73\/L\/Teleferico_das_Achadas_da_Cruz_Madeira-7141480-L.jpg\" alt=\"en stejl tur med sv&#xE6;vebanen\" title=\"en stejl tur med sv&#xE6;vebanen\"\/><\/figure>\n\n<h3 class=\"wp-block-heading\"><strong>Den stejleste sv\u00e6vebane i Europa?<\/strong><\/h3>\n\n<p>Den h\u00e6vder at v\u00e6re den stejleste sv\u00e6vebane i Europa med en h\u00e6ldning p\u00e5 98% i begyndelsen.<br\/>Dette er deres tegn:<\/p>\n\n<figure class=\"wp-block-image\"><img decoding=\"async\" src=\"https:\/\/photos.smugmug.com\/Travel\/Madeira\/3k-Teleferico-das-Achadas-da-Cruz\/i-9HsHBVp\/1\/983af456\/L\/Teleferico_das_Achadas_da_Cruz_Madeira-7141570-L.jpg\" alt=\"Den stejleste sv&#xE6;vebane i Europa\" title=\"Den stejleste sv&#xE6;vebane i Europa\"\/><\/figure>\n\n<h3 class=\"wp-block-heading\"><strong>Calhau Snack Bar Restaurant<\/strong><\/h3>\n\n<p>N\u00e6r den \u00f8verste station ligger Calhau Snack Bar.<br\/>De serverer mad, drikkevarer, is og alkohol.<br\/>Hvis du vil spise noget, skal du vide, at der ikke er noget i bunden af klipperne.<\/p>\n\n<figure class=\"wp-block-image\"><img decoding=\"async\" src=\"https:\/\/photos.smugmug.com\/Travel\/Madeira\/3k-Teleferico-das-Achadas-da-Cruz\/i-MRvqMLG\/1\/df2d8472\/L\/Teleferico_das_Achadas_da_Cruz_Madeira-7141476-L.jpg\" alt=\"Calhau Snack Bar\" title=\"Calhau Snack Bar\"\/><\/figure>\n\n<p>Der er et dejligt udend\u00f8rs opholdsomr\u00e5de med smuk udsigt.<br\/>Maden er enkel, men god.<\/p>\n\n<figure class=\"wp-block-image\"><img decoding=\"async\" src=\"https:\/\/photos.smugmug.com\/Travel\/Madeira\/3k-Teleferico-das-Achadas-da-Cruz\/i-H66rB6D\/1\/2d31a85b\/L\/Teleferico_das_Achadas_da_Cruz_Madeira-7141478-L.jpg\" alt=\"Teleferico Achadas da Cruz sv&#xE6;vebane restaurant 2\" title=\"Teleferico Achadas da Cruz sv&#xE6;vebane restaurant 2\"\/><\/figure>\n\n<div style=\"margin-top:8%;margin-bottom:8%\" class=\"wp-block-genesis-blocks-gb-container box_cafe gb-block-container\"><div class=\"gb-container-inside\"><div class=\"gb-container-content\">\n<h5 class=\"wp-block-heading box_titre_cafe\">Jeg drikker ikke kaffe  <img loading=\"lazy\" decoding=\"async\" width=\"24\" height=\"24\" class=\"wp-image-66497\" style=\"width: 24px;\" src=\"http:\/\/www.zigzagonearth.com\/wp-content\/uploads\/2023\/08\/cafe.png\" alt=\"\" srcset=\"https:\/\/www.zigzagonearth.com\/wp-content\/uploads\/2023\/08\/cafe.png 160w, https:\/\/www.zigzagonearth.com\/wp-content\/uploads\/2023\/08\/cafe-150x150.png 150w, https:\/\/www.zigzagonearth.com\/wp-content\/uploads\/2023\/08\/cafe-100x100.png 100w\" sizes=\"auto, (max-width: 24px) 100vw, 24px\" \/><\/h5>\n\n\n\n<div class=\"wp-block-columns box_colonne is-layout-flex wp-container-core-columns-is-layout-9d6595d7 wp-block-columns-is-layout-flex\">\n<div class=\"wp-block-column colonne is-layout-flow wp-block-column-is-layout-flow\" style=\"flex-basis:80%\">\n<p>Men jeg kan ogs\u00e5 godt lide andre drikkevarer og s\u00f8de sager!<br>Kan du lide det gratis indhold, du finder p\u00e5 min blog? Alle mine tips og praktiske oplysninger uden p\u00e5tr\u00e6ngende reklamer&#8230;<\/p>\n<\/div>\n\n\n\n<div class=\"wp-block-column colonne box_cafe_img is-layout-flow wp-block-column-is-layout-flow\" style=\"flex-basis:20%\"><div class=\"wp-block-image\">\n<figure class=\"aligncenter size-full is-resized\"><img decoding=\"async\" src=\"https:\/\/www.zigzagonearth.com\/wp-content\/uploads\/2023\/08\/claire.png\" alt=\"\" class=\"wp-image-66503\" style=\"width:80px\" width=\"80\" srcset=\"https:\/\/www.zigzagonearth.com\/wp-content\/uploads\/2023\/08\/claire.png 130w, https:\/\/www.zigzagonearth.com\/wp-content\/uploads\/2023\/08\/claire-100x100.png 100w\" sizes=\"(max-width: 130px) 100vw, 130px\" \/><\/figure>\n<\/div><\/div>\n<\/div>\n\n\n\n<div class=\"wp-block-buttons box_bouton box_cafe_bouton is-content-justification-center is-layout-flex wp-container-core-buttons-is-layout-16018d1d wp-block-buttons-is-layout-flex\">\n<div class=\"wp-block-button box_bouton\"><a class=\"wp-block-button__link wp-element-button\" href=\"https:\/\/www.buymeacoffee.com\/regionlovers\" target=\"_blank\" rel=\"noreferrer noopener\">Claire, jeg betaler dig en kop kaffe!<span class=\"box_bouton_image\"><\/span><\/a><\/div>\n<\/div>\n<\/div><\/div><\/div>\n\n<h2 class=\"wp-block-heading\" id=\"tab-con-4\"><strong>K\u00f8rsel med sv\u00e6vebanen Porto Moniz<\/strong><\/h2>\n\n<p>Som alle sv\u00e6vebanerne p\u00e5 Madeira blev Achadas bygget for at hj\u00e6lpe de lokale landm\u00e6nd med at komme til deres jord og bringe deres h\u00f8stede produkter tilbage.<br\/>Men den bruges nu mest af turister.<\/p>\n\n<p>Sv\u00e6vebanerne er mere diskrete end andre p\u00e5 \u00f8en. Der er plads til 4 personer.<br\/>Der er to biler: en k\u00f8rer op, og en k\u00f8rer ned.<br\/>Den drives af Porto Moniz kommune, og derfor bruges navnet Porto Moniz Cable Car nogle gange om den.<\/p>\n\n<figure class=\"wp-block-image\"><img decoding=\"async\" src=\"https:\/\/photos.smugmug.com\/Travel\/Madeira\/3k-Teleferico-das-Achadas-da-Cruz\/i-gnGZdpJ\/1\/e5047462\/L\/Teleferico_das_Achadas_da_Cruz_Madeira-7141486-L.jpg\" alt=\"Kabine til sv&#xE6;vebanen Teleferico Achadas da Cruz\" title=\"Kabine til sv&#xE6;vebanen Teleferico Achadas da Cruz\"\/><\/figure>\n\n<p>Dette er udsigten fra kabinen, n\u00e5r du starter turen. Kablerne forsvinder bare under dig.<br\/>Det er meget imponerende. Og en ganske us\u00e6dvanlig oplevelse at f\u00e5 p\u00e5 Madeira. Du vil aldrig glemme det&#8230;<br\/>Turen tager under 5 minutter.<\/p>\n\n<figure class=\"wp-block-image\"><img decoding=\"async\" src=\"https:\/\/photos.smugmug.com\/Travel\/Madeira\/3k-Teleferico-das-Achadas-da-Cruz\/i-Bgnkx83\/1\/5f290273\/L\/Teleferico_das_Achadas_da_Cruz_Madeira-7141491-L.jpg\" alt=\"Teleferico Achadas da Cruz sv&#xE6;vebane tur 1\" title=\"Teleferico Achadas da Cruz sv&#xE6;vebane tur 1\"\/><\/figure>\n\n<p>Men det er ikke s\u00e5 skr\u00e6mmende, som jeg troede, det ville v\u00e6re.<br\/>Det faktum, at den ene vogn k\u00f8rer op, n\u00e5r den anden k\u00f8rer ned, g\u00f8r den mindre hoppende end den sv\u00e6vebane, jeg er vant til.<br\/>Men det kan v\u00e6re v\u00e6rre, n\u00e5r det bl\u00e6ser meget!<\/p>\n\n<figure class=\"wp-block-image\"><img decoding=\"async\" src=\"https:\/\/photos.smugmug.com\/Travel\/Madeira\/3k-Teleferico-das-Achadas-da-Cruz\/i-mjgJ59j\/1\/b846a358\/L\/Teleferico_das_Achadas_da_Cruz_Madeira-7141497-L.jpg\" alt=\"Teleferico Achadas da Cruz sv&#xE6;vebane tur 2\" title=\"Teleferico Achadas da Cruz sv&#xE6;vebane tur 2\"\/><\/figure>\n\n<p>Fra bilen kan man nyde en flot udsigt over klipperne i begge retninger.<\/p>\n\n<figure class=\"wp-block-image\"><img decoding=\"async\" src=\"https:\/\/photos.smugmug.com\/Travel\/Madeira\/3k-Teleferico-das-Achadas-da-Cruz\/i-RKh98W7\/1\/3230a558\/L\/Teleferico_das_Achadas_da_Cruz_Madeira-8735-L.jpg\" alt=\"Teleferico Achadas da Cruz sv&#xE6;vebane tur 3\" title=\"Teleferico Achadas da Cruz sv&#xE6;vebane tur 3\"\/><\/figure>\n\n<p>Ved den nederste station ser forlystelsen ikke s\u00e5 skr\u00e6mmende ud&#8230; LOL.<br\/>Du g\u00e5r ud og nyder vandrestierne.<\/p>\n\n<p>N\u00e5r du er klar til at vende tilbage, kommer du tilbage til stationen og trykker p\u00e5 bunden for at g\u00f8re personen i toppen opm\u00e6rksom p\u00e5, at du er klar til at k\u00f8re op igen.<\/p>\n\n<figure class=\"wp-block-image size-large\"><img decoding=\"async\" src=\"https:\/\/photos.smugmug.com\/Travel\/Madeira\/3k-Teleferico-das-Achadas-da-Cruz\/i-x8DcSdq\/1\/e5a139e5\/L\/Teleferico_das_Achadas_da_Cruz_Madeira-7141521-L.jpg\" alt=\"Teleferico Achadas da Cruz - bundstation\"\/><figcaption class=\"wp-element-caption\"><strong>Teleferico Achadas da Cruz &#8211; bundstation<\/strong><\/figcaption><\/figure>\n\n<h2 class=\"wp-block-heading\" id=\"tab-con-5\"><strong>Faja das Achadas da Cruz \/ Faja da Quebrada Nova<\/strong><\/h2>\n\n<p>I bunden ligger bugten: Calhau das Achadas.<br\/>Landbrugsjorden hedder Faja das Achadas da Cruz og kaldes ogs\u00e5 Faja da Quebrada Nova.<br\/>Du ankommer til den nordlige ende af kysten.<br\/>Mod nord er der en bugt med sm\u00e5sten og klipper.<\/p>\n\n<figure class=\"wp-block-image\"><img decoding=\"async\" src=\"https:\/\/photos.smugmug.com\/Travel\/Madeira\/3k-Teleferico-das-Achadas-da-Cruz\/i-FqGK2xb\/1\/9ae3a3cc\/L\/Teleferico_das_Achadas_da_Cruz_Madeira-7141509-L.jpg\" alt=\"Calhau das Achadas promenade\" title=\"Calhau das Achadas promenade\"\/><\/figure>\n\n<p>Og mod syd er der en murstenssti mod g\u00e5rdene.  <br\/>Nogle f\u00e5 marker dyrkes stadig af lokale, med vinmarker og gartneriprodukter til lokalt forbrug.<br\/>Men mange af haverne\/g\u00e5rdene ser forladte ud.<\/p>\n\n<figure class=\"wp-block-image\"><img decoding=\"async\" src=\"https:\/\/photos.smugmug.com\/Travel\/Madeira\/3k-Teleferico-das-Achadas-da-Cruz\/i-7C6jWLq\/1\/47ac581f\/L\/Teleferico_das_Achadas_da_Cruz_Madeira-7141528-L.jpg\" alt=\"Calhau das Achadas promenade 2\" title=\"Calhau das Achadas promenade 2\"\/><\/figure>\n\n<p>Den f\u00f8rer til strandomr\u00e5det og giver en fantastisk udsigt over de h\u00f8je klipper.<\/p>\n\n<figure class=\"wp-block-image\"><img decoding=\"async\" src=\"https:\/\/photos.smugmug.com\/Travel\/Madeira\/3k-Teleferico-das-Achadas-da-Cruz\/i-6QngG2b\/1\/3ee1ef88\/L\/Teleferico_das_Achadas_da_Cruz_Madeira-7141532-L.jpg\" alt=\"Calhau das Achadas da Cruz g&#xE5;tur\" title=\"Calhau das Achadas da Cruz g&#xE5;tur\"\/><\/figure>\n\n<p>Du kan udforske lidt omkring nogle forladte g\u00e5rde. Men husk, at det er privat ejendom, s\u00e5 vis venligst respekt.<br\/>Stenhusene var virkelig charmerende midt p\u00e5 terrasserne:<\/p>\n\n<figure class=\"wp-block-image\"><img decoding=\"async\" src=\"https:\/\/photos.smugmug.com\/Travel\/Madeira\/3k-Teleferico-das-Achadas-da-Cruz\/i-qCTsxcD\/1\/5e4528c9\/L\/Teleferico_das_Achadas_da_Cruz_Madeira-7141534-L.jpg\" alt=\"Faja das Achadas da Cruz \/ Faja da Quebrada Nova\" title=\"Faja das Achadas da Cruz \/ Faja da Quebrada Nova\"\/><\/figure>\n\n<p>N\u00e5r du er n\u00e5et til enden, g\u00e5r du tilbage ad samme sti til kabelstationen eller til bunden af vandrestien.<\/p>\n\n<figure class=\"wp-block-image\"><img decoding=\"async\" src=\"https:\/\/photos.smugmug.com\/Travel\/Madeira\/3k-Teleferico-das-Achadas-da-Cruz\/i-pNjfZQ2\/1\/2a01ac54\/L\/Teleferico_das_Achadas_da_Cruz_Madeira-7141553-L.jpg\" alt=\"Calhau das Achadas da Cruz tur 2\" title=\"Calhau das Achadas da Cruz tur 2\"\/><\/figure>\n\n<div style=\"margin-top:8%;margin-bottom:8%\" class=\"wp-block-genesis-blocks-gb-container box gb-block-container\"><div class=\"gb-container-inside\"><div class=\"gb-container-content\">\n<p><strong>Planl\u00e6g din rejse til Mallorca:<\/strong><\/p>\n\n\n\n<div class=\"wp-block-columns box_colonne_cc is-layout-flex wp-container-core-columns-is-layout-9d6595d7 wp-block-columns-is-layout-flex\">\n<div class=\"wp-block-column box_picto_c is-layout-flow wp-block-column-is-layout-flow\" style=\"flex-basis:5%\">\n<figure class=\"wp-block-image size-full is-resized box_picto\"><img loading=\"lazy\" decoding=\"async\" src=\"http:\/\/www.zigzagonearth.com\/wp-content\/uploads\/2023\/08\/&#x1F697;.png\" alt=\"\" class=\"wp-image-16341\" style=\"width:30px;height:31px\" width=\"30\" height=\"31\"\/><\/figure>\n<\/div>\n\n\n\n<div class=\"wp-block-column is-layout-flow wp-block-column-is-layout-flow\" style=\"flex-basis:95%\">\n<ul class=\"wp-block-list\">\n<li>Mine rejseplaner: <a class=\"\" href=\"https:\/\/www.zigzagonearth.com\/2-3-days-mallorca-weekend\/\" target=\"_blank\" rel=\"noreferrer noopener\">3 dage &#8211; weekend<\/a>, <a class=\"\" href=\"https:\/\/www.zigzagonearth.com\/4-days-mallorca-itinerary\/\" target=\"_blank\" rel=\"noreferrer noopener\">4<\/a> dage, <a class=\"\" href=\"https:\/\/www.zigzagonearth.com\/5-days-mallorca-itinerary\/\" target=\"_blank\" rel=\"noreferrer noopener\">5<\/a> dage, <a class=\"\" href=\"https:\/\/www.zigzagonearth.com\/one-week-madeira-7-day-itinerary\/\" target=\"_blank\" rel=\"noreferrer noopener\">1 uge<\/a>, <a href=\"https:\/\/www.zigzagonearth.com\/10-days-mallorca-2-weeks-itinerary\/\" target=\"_blank\" rel=\"noreferrer noopener\">10<\/a> dage<\/li>\n\n\n\n<li><a class=\"\" href=\"https:\/\/www.zigzagonearth.com\/renting-car-mallorca-tips\/\" target=\"_blank\" rel=\"noreferrer noopener\">36 tips til at leje en bil p\u00e5 Mallorca<\/a><\/li>\n\n\n\n<li><a class=\"\" href=\"https:\/\/www.zigzagonearth.com\/driving-mallorca-tips\/\" target=\"_blank\" rel=\"noreferrer noopener\">Guide til bilk\u00f8rsel p\u00e5 Mallorca<\/a><\/li>\n\n\n\n<li><a class=\"\" href=\"https:\/\/www.zigzagonearth.com\/where-to-stay-mallorca-best-areas\/\" target=\"_blank\" rel=\"noreferrer noopener\">Hvor kan man bo p\u00e5 Mallorca?<\/a><\/li>\n\n\n\n<li><a href=\"https:\/\/www.zigzagonearth.com\/where-stay-palma-mallorca-best-hotels\/\" target=\"_blank\" class=\"\" rel=\"noreferrer noopener\">Hvor skal jeg bo i Palma de Mallorca?<\/a><\/li>\n\n\n\n<li><a class=\"\" href=\"https:\/\/zigzagonearth.com\/best-things-do-mallorca\/\" target=\"_blank\" rel=\"noreferrer noopener\">De bedste ting at lave p\u00e5 Mallorca<\/a><\/li>\n<\/ul>\n<\/div>\n<\/div>\n<\/div><\/div><\/div>\n\n<h2 class=\"wp-block-heading\" id=\"tab-con-6\"><strong>Achadas da Cruz-stranden<\/strong><\/h2>\n\n<p>Der er en lille strand ved Achadas da Cruz.<br\/>Det er en stenstrand med ret store klipper, s\u00e5 tag vandsko med, hvis du vil bade.<br\/>Tilsyneladende er det ogs\u00e5 et godt sted at surfe, n\u00e5r forholdene er gode.<\/p>\n\n<figure class=\"wp-block-image size-large\"><img decoding=\"async\" src=\"https:\/\/photos.smugmug.com\/Travel\/Madeira\/3k-Teleferico-das-Achadas-da-Cruz\/i-jzCHvMC\/1\/c8efe476\/L\/Teleferico_das_Achadas_da_Cruz_Madeira-8743-L.jpg\" alt=\"Achadas da Cruz-stranden\"\/><figcaption class=\"wp-element-caption\"><strong>Achadas da Cruz-stranden<\/strong><\/figcaption><\/figure>\n\n<h2 class=\"wp-block-heading\" id=\"tab-con-8\"><strong>Vereda do Calhau Vandretur i Achadas da Cruz<\/strong><\/h2>\n\n<p>Hvis du slet ikke vil tage sv\u00e6vebanen, eller bare vil k\u00f8re op eller ned med den, kan du ogs\u00e5 f\u00e5 gratis adgang til bugten via vandrestien Verada do Calhau.<br\/>Jeg gjorde det ikke, men skiltet viser det:<\/p>\n\n<ul class=\"wp-block-list\">\n<li>Distance = 4,5 km (2,8 mi) \u00e9n vej<\/li>\n\n\n\n<li>Tid = 2 timer \u00e9n vej<\/li>\n\n\n\n<li>Stejl stigning med trapper i nogle sektioner (450 m h\u00f8jde)<\/li>\n\n\n\n<li>Nogle sektioner med udsat sti, men intet meget smalt<\/li>\n<\/ul>\n\n<p>Men jeg l\u00e6ste en rapport fra en, der havde gjort det, og der stod, at det kun var 2 km.<\/p>\n\n<figure class=\"wp-block-image\"><img decoding=\"async\" src=\"https:\/\/photos.smugmug.com\/Travel\/Madeira\/3k-Teleferico-das-Achadas-da-Cruz\/i-3nnqZKM\/1\/3bfa0383\/L\/Teleferico_das_Achadas_da_Cruz_Madeira-7141477-L.jpg\" alt=\"Vereda do Calhau Vandretur i Achadas da Cruz\" title=\"Vereda do Calhau Vandretur i Achadas da Cruz\"\/><\/figure>\n\n<p>Hvis du beslutter dig for at klatre op, er stien ikke angivet.<\/p>\n\n<p>F\u00f8lg grusstien mod nord fra den nederste station i ca. 500 m.<br\/>Inde i et hul i klipperne er der en tr\u00e6p\u00e6l, der angiver starten p\u00e5 trappen.<\/p>\n\n<h2 class=\"wp-block-heading\" id=\"t-1631864620065\"><strong>Andre udsigtspunkter i omr\u00e5det &#8211; Verada da Ladeira<\/strong><\/h2>\n\n<p>Mellem Porto Moniz og sv\u00e6vebanen kan du ogs\u00e5 tage en hurtig omvej for at nyde to udsigtspunkter:<br\/>Miradouro da Ponta da Ladeira og Miradouro da Pombais. De er p\u00e5 vandrestien Verada da Ladeira.<\/p>\n\n<h3 class=\"wp-block-heading\"><strong>Miradouro da Ponta da Ladeira<\/strong><\/h3>\n\n<p>For at f\u00e5 den bedste udsigt her skal du bare g\u00e5 et par meter ned ad vandrestien.<br\/>Herfra kan man se Faja das Achadas da Cruz i det fjerne.<\/p>\n\n<figure class=\"wp-block-image\"><img decoding=\"async\" src=\"https:\/\/photos.smugmug.com\/Travel\/Madeira\/3i-Miradouro-da-Ponta-da-Ladeira\/i-V7b8LQc\/1\/c4d64f31\/L\/Miradouro_da_Ponta_da_Ladeira_Madeira-8722-L.jpg\" alt=\"Miradouro da Ponta da Ladeira\" title=\"Miradouro da Ponta da Ladeira\"\/><\/figure>\n\n<h3 class=\"wp-block-heading\"><strong>Miradouro da Pombais<\/strong><\/h3>\n\n<p>Dette andet udsigtspunkt ligger meget t\u00e6t p\u00e5 det f\u00f8rste.<br\/>Udsigten er ikke s\u00e5 god, men man kan se en levada, det traditionelle vandingssystem, helt t\u00e6t p\u00e5.<\/p>\n\n<figure class=\"wp-block-image\"><img decoding=\"async\" src=\"https:\/\/photos.smugmug.com\/Travel\/Madeira\/3j-Miradouro-dos-Pombais\/i-x8CHCsp\/1\/4ae7d807\/L\/Miradouro_das_Pombais_Madeira-7141458-L.jpg\" alt=\"Miradouro da Pombais\" title=\"Miradouro da Pombais\"\/><\/figure>\n\n<p><strong><strong>Vil du se flere af de bedste tilbud p\u00e5 Madeira?<\/strong><\/strong><\/p>\n\n<ul class=\"wp-block-list\">\n<li>42 Madeira-tips til at planl\u00e6gge en uforglemmelig rejse &#8211; <a style=\"outline: none;\" href=\"https:\/\/www.zigzagonearth.com\/da\/madeira-rejse-tips\/\" target=\"_blank\" rel=\"noopener\">l\u00e6s artikel<\/a><\/li>\n\n\n\n<li>Hvor skal man bo p\u00e5 Madeira &#8211; de bedste omr\u00e5der &#8211; <a style=\"outline: none;\" href=\"https:\/\/www.zigzagonearth.com\/da\/hvor-skal-man-bo-madeira-bedste-omrader\/\" target=\"_blank\" rel=\"noopener\">l\u00e6s artikel<\/a><\/li>\n\n\n\n<li>De bedste landskaber p\u00e5 Madeira i 40 billeder &#8211; <a style=\"outline: none;\" href=\"https:\/\/www.zigzagonearth.com\/da\/bedste-landskaber-madeira-fotos\/\" target=\"_blank\" rel=\"noopener\">l\u00e6s artikel<\/a><\/li>\n\n\n\n<li>De 10 bedste vandreture og levada-vandringer p\u00e5 Madeira &#8211; <a style=\"outline: none;\" href=\"https:\/\/www.zigzagonearth.com\/da\/bedste-vandreture-madeira-levada-vandringer\/\" target=\"_blank\" rel=\"noopener\">n\u00e5 artiklen<\/a><\/li>\n\n\n\n<li>Tips til at leje en bil og k\u00f8re rundt p\u00e5 Madeira &#8211; <a style=\"outline: none;\" href=\"https:\/\/www.zigzagonearth.com\/da\/madeira-rejseguide\/\" target=\"_blank\" rel=\"noopener\">l\u00e6s artikel<\/a><\/li>\n\n\n\n<li>12 skjulte perler p\u00e5 Madeira &#8211; <a style=\"outline: none;\" href=\"https:\/\/www.zigzagonearth.com\/da\/secret-places-madeira-hidden-gems-2\/\" target=\"_blank\" rel=\"noopener\">l\u00e6s artiklen<\/a><\/li>\n\n\n\n<li>4 naturlige pools p\u00e5 Madeira (og 6 kystn\u00e6re alternativer) &#8211; <a style=\"outline: none;\" href=\"https:\/\/www.zigzagonearth.com\/da\/madeira-natural-pools-volcanic-2\/\" target=\"_blank\" rel=\"noopener\">l\u00e6s artikel<\/a><\/li>\n\n\n\n<li>De 18 bedste strande p\u00e5 Madeira &#8211; <a style=\"outline: none;\" href=\"https:\/\/www.zigzagonearth.com\/da\/bedste-strande-madeira\/\" target=\"_blank\" rel=\"noopener\">l\u00e6s artiklen<\/a><\/li>\n\n\n\n<li>De 7 bedste b\u00e5dture og ture p\u00e5 Madeira &#8211; <a style=\"outline: none;\" href=\"https:\/\/www.zigzagonearth.com\/da\/madeira-badture-tur\/\" target=\"_blank\" rel=\"noopener\">l\u00e6s artiklen<\/a><\/li>\n<\/ul>\n\n<p><strong>Planl\u00e6gger du en rejse til Madeira?<\/strong><\/p>\n\n<p>Se min rejseguide, der hj\u00e6lper dig med at planl\u00e6gge:<\/p>\n\n<div style=\"margin-top:8%;margin-bottom:8%\" class=\"wp-block-genesis-blocks-gb-container box_ebook gb-block-container\"><div class=\"gb-container-inside\"><div class=\"gb-container-content\">\n<h5 class=\"wp-block-heading box_titre_ebook\">Planl\u00e6g din <u>dr\u00f8mmerejse<\/u> til <strong>Madeira<\/strong> takket v\u00e6re min guide (kun p\u00e5 engelsk):<\/h5>\n\n\n\n<div class=\"wp-block-columns box_colonnes_ebook is-layout-flex wp-container-core-columns-is-layout-9d6595d7 wp-block-columns-is-layout-flex\">\n<div class=\"wp-block-column is-layout-flow wp-block-column-is-layout-flow\">\n<figure class=\"wp-block-image size-large img_ebook\"><a href=\"https:\/\/www.zigzagonearth.com\/photograph-madeira-travel-guide\/\"><img decoding=\"async\" src=\"https:\/\/www.zigzagonearth.com\/wp-content\/uploads\/2021\/08\/small-Madeira-ebook-cover.jpg\" alt=\"eBook Rejseguide Mallorca\"\/><\/a><\/figure>\n<\/div>\n\n\n\n<div class=\"wp-block-column is-layout-flow wp-block-column-is-layout-flow\">\n<ul class=\"box_liste wp-block-list\" style=\"font-size:16px\">\n<li>7 kort, s\u00e5 du nemt kan planl\u00e6gge din rejse<\/li>\n\n\n\n<li>120+ forudvalgte steder<\/li>\n\n\n\n<li>GPS-koordinater direkte til parkeringspladserne<\/li>\n\n\n\n<li>Tips til at f\u00e5 mest muligt ud af din tid<\/li>\n\n\n\n<li>260+ originale fotos, der hj\u00e6lper dig med at v\u00e6lge<\/li>\n<\/ul>\n\n\n\n<div class=\"wp-block-buttons box_colonne_bouton_ebook is-content-justification-left is-layout-flex wp-container-core-buttons-is-layout-fdcfc74e wp-block-buttons-is-layout-flex\">\n<div class=\"wp-block-button box_bouton box_bouton_ebook\"><a class=\"wp-block-button__link wp-element-button\" href=\"https:\/\/www.zigzagonearth.com\/photograph-madeira-travel-guide\/\" target=\"_blank\" rel=\"noreferrer noopener\">Opdag det! (kun p\u00e5 engelsk)<span class=\"box_bouton_image\"><\/span><\/a><\/div>\n<\/div>\n<\/div>\n<\/div>\n<\/div><\/div><\/div>\n\n<p class=\"has-text-align-left\"><strong>Og hold styr p\u00e5 din egen rejse!<\/strong><\/p>\n\n<figure class=\"wp-block-image\"><a href=\"https:\/\/www.amazon.com\/dp\/B09LWJVR7V?&amp;linkCode=ll1&amp;tag=zigzagus-20&amp;linkId=68c8b70c27e0fbe67205f404e3f1805a&amp;language=en_US&amp;ref_=as_li_ss_tl\" target=\"_blank\" rel=\"nofollow noopener\"><img decoding=\"async\" src=\"\/\/www.zigzagonearth.com\/wp-content\/uploads\/2021\/11\/Madeira-travel-Journal.jpg\" alt=\"Madeira rejsejournal\" title=\"Madeira rejsejournal\"\/><\/a><\/figure>\n\n<p>Vil du se mere af MADEIRA?<\/p>\n\n<p><strong>FORLEDEN:  <\/strong><\/p>\n\n<p class=\"has-text-align-left\"><strong><a href=\"https:\/\/www.zigzagonearth.com\/da\/porto-moniz-madeira\/\" target=\"_blank\" rel=\"noopener\">Ting at lave i Porto Moniz, Madeira<\/a><\/strong><\/p>\n\n<p><strong>N\u00c6STE:  <\/strong><\/p>\n\n<p class=\"has-text-align-left\"><strong><strong><a href=\"https:\/\/www.zigzagonearth.com\/da\/ilheus-ribeira-da-janela-madeira\/\" target=\"_blank\" rel=\"noopener\">Ilheus da Ribeira da Janela<\/a><\/strong><\/strong><\/p>\n\n<figure class=\"wp-block-image\"><a href=\"https:\/\/www.zigzagonearth.com\/da\/madeira-rejseguide\/\" target=\"_blank\" rel=\"noopener\"><img decoding=\"async\" src=\"\/\/www.zigzagonearth.com\/wp-content\/uploads\/2021\/08\/Madeira-Travel-Guide.jpg\" alt=\"Madeira Rejseguide\" title=\"Madeira Rejseguide\"\/><\/a><\/figure>\n\n<p class=\"has-text-align-left\"><strong>Inspireret? Del den p\u00e5 din yndlingsplatform!<\/strong><\/p>\n","protected":false},"excerpt":{"rendered":"<p>Oplev sv\u00e6vebanen Achadas da Cruz p\u00e5 Madeira: Nedenfor er min guide, der hj\u00e6lper dig med at planl\u00e6gge dit bes\u00f8g med tips, fotos og kort. Hvorfor bes\u00f8ge sv\u00e6vebanen Achadas da Cruz n\u00e6r Porto Moniz? At k\u00f8re med mindst \u00e9n af Madeiras sv\u00e6vebaner er en af de bedste ting, man kan lave p\u00e5 \u00f8en.Og jeg synes, at [&hellip;]<\/p>\n","protected":false},"author":1,"featured_media":58538,"comment_status":"closed","ping_status":"closed","sticky":false,"template":"","format":"standard","meta":{"_genesis_hide_title":false,"_genesis_hide_breadcrumbs":false,"_genesis_hide_singular_image":false,"_genesis_hide_footer_widgets":false,"_genesis_custom_body_class":"","_genesis_custom_post_class":"","_genesis_layout":"full-width-content","footnotes":""},"categories":[527],"tags":[],"class_list":{"0":"post-68236","1":"post","2":"type-post","3":"status-publish","4":"format-standard","5":"has-post-thumbnail","7":"category-madeira-da","8":"entry"},"yoast_head":"<!-- This site is optimized with the Yoast SEO plugin v27.2 - https:\/\/yoast.com\/product\/yoast-seo-wordpress\/ -->\n<title>Achadas da Cruz sv\u00e6vebane (Madeira) - Tips + fotos<\/title>\n<meta name=\"description\" content=\"Planl\u00e6g dit bes\u00f8g til sv\u00e6vebanen Achadas da Cruz (p\u00e5 Madeira) - Tips + fotos: adgang, parkeringsplads, stejl stigning, strandtur, klipper...\" \/>\n<meta name=\"robots\" content=\"index, follow, max-snippet:-1, max-image-preview:large, max-video-preview:-1\" \/>\n<link rel=\"canonical\" href=\"https:\/\/www.zigzagonearth.com\/da\/achadas-da-cruz-svaevebane-madeira\/\" \/>\n<meta property=\"og:locale\" content=\"da_DK\" \/>\n<meta property=\"og:type\" content=\"article\" \/>\n<meta property=\"og:title\" content=\"Achadas da Cruz sv\u00e6vebane (Madeira) - Tips + fotos\" \/>\n<meta property=\"og:description\" content=\"Planl\u00e6g dit bes\u00f8g til sv\u00e6vebanen Achadas da Cruz (p\u00e5 Madeira) - Tips + fotos: adgang, parkeringsplads, stejl stigning, strandtur, klipper...\" \/>\n<meta property=\"og:url\" content=\"https:\/\/www.zigzagonearth.com\/da\/achadas-da-cruz-svaevebane-madeira\/\" \/>\n<meta property=\"og:site_name\" content=\"ZigZagonEarth\" \/>\n<meta property=\"article:publisher\" content=\"https:\/\/www.facebook.com\/zigzagonearth\" \/>\n<meta property=\"article:author\" content=\"https:\/\/www.facebook.com\/zigzagonearth\" \/>\n<meta property=\"article:published_time\" content=\"2021-09-17T09:47:10+00:00\" \/>\n<meta property=\"article:modified_time\" content=\"2023-11-01T10:22:03+00:00\" \/>\n<meta property=\"og:image\" content=\"http:\/\/www.zigzagonearth.com\/wp-content\/uploads\/2021\/09\/FB-Teleferico-das-Achadas-da-Cruz-cable-car-Madeira.jpg\" \/>\n<meta name=\"author\" content=\"Claire\" \/>\n<meta name=\"twitter:card\" content=\"summary_large_image\" \/>\n<meta name=\"twitter:creator\" content=\"@ZigZagOnEarth\" \/>\n<meta name=\"twitter:site\" content=\"@ZigZagOnEarth\" \/>\n<meta name=\"twitter:label1\" content=\"Skrevet af\" \/>\n\t<meta name=\"twitter:data1\" content=\"Claire\" \/>\n\t<meta name=\"twitter:label2\" content=\"Estimeret l\u00e6setid\" \/>\n\t<meta name=\"twitter:data2\" content=\"9 minutter\" \/>\n<script type=\"application\/ld+json\" class=\"yoast-schema-graph\">{\"@context\":\"https:\/\/schema.org\",\"@graph\":[{\"@type\":\"Article\",\"@id\":\"https:\/\/www.zigzagonearth.com\/da\/achadas-da-cruz-svaevebane-madeira\/#article\",\"isPartOf\":{\"@id\":\"https:\/\/www.zigzagonearth.com\/da\/achadas-da-cruz-svaevebane-madeira\/\"},\"author\":{\"name\":\"Claire\",\"@id\":\"https:\/\/www.zigzagonearth.com\/da\/#\/schema\/person\/0498142e0cb256f21659d85ef6bca599\"},\"headline\":\"Achadas da Cruz sv\u00e6vebane (Madeira) &#8211; Tips + fotos\",\"datePublished\":\"2021-09-17T09:47:10+00:00\",\"dateModified\":\"2023-11-01T10:22:03+00:00\",\"mainEntityOfPage\":{\"@id\":\"https:\/\/www.zigzagonearth.com\/da\/achadas-da-cruz-svaevebane-madeira\/\"},\"wordCount\":1759,\"image\":{\"@id\":\"https:\/\/www.zigzagonearth.com\/da\/achadas-da-cruz-svaevebane-madeira\/#primaryimage\"},\"thumbnailUrl\":\"https:\/\/www.zigzagonearth.com\/wp-content\/uploads\/2021\/09\/Teleferico-das-Achadas-da-Cruz-cable-car-Madeira.jpg\",\"articleSection\":[\"Madeira\"],\"inLanguage\":\"da-DK\"},{\"@type\":\"WebPage\",\"@id\":\"https:\/\/www.zigzagonearth.com\/da\/achadas-da-cruz-svaevebane-madeira\/\",\"url\":\"https:\/\/www.zigzagonearth.com\/da\/achadas-da-cruz-svaevebane-madeira\/\",\"name\":\"Achadas da Cruz sv\u00e6vebane (Madeira) - Tips + fotos\",\"isPartOf\":{\"@id\":\"https:\/\/www.zigzagonearth.com\/da\/#website\"},\"primaryImageOfPage\":{\"@id\":\"https:\/\/www.zigzagonearth.com\/da\/achadas-da-cruz-svaevebane-madeira\/#primaryimage\"},\"image\":{\"@id\":\"https:\/\/www.zigzagonearth.com\/da\/achadas-da-cruz-svaevebane-madeira\/#primaryimage\"},\"thumbnailUrl\":\"https:\/\/www.zigzagonearth.com\/wp-content\/uploads\/2021\/09\/Teleferico-das-Achadas-da-Cruz-cable-car-Madeira.jpg\",\"datePublished\":\"2021-09-17T09:47:10+00:00\",\"dateModified\":\"2023-11-01T10:22:03+00:00\",\"author\":{\"@id\":\"https:\/\/www.zigzagonearth.com\/da\/#\/schema\/person\/0498142e0cb256f21659d85ef6bca599\"},\"description\":\"Planl\u00e6g dit bes\u00f8g til sv\u00e6vebanen Achadas da Cruz (p\u00e5 Madeira) - Tips + fotos: adgang, parkeringsplads, stejl stigning, strandtur, klipper...\",\"breadcrumb\":{\"@id\":\"https:\/\/www.zigzagonearth.com\/da\/achadas-da-cruz-svaevebane-madeira\/#breadcrumb\"},\"inLanguage\":\"da-DK\",\"potentialAction\":[{\"@type\":\"ReadAction\",\"target\":[\"https:\/\/www.zigzagonearth.com\/da\/achadas-da-cruz-svaevebane-madeira\/\"]}]},{\"@type\":\"ImageObject\",\"inLanguage\":\"da-DK\",\"@id\":\"https:\/\/www.zigzagonearth.com\/da\/achadas-da-cruz-svaevebane-madeira\/#primaryimage\",\"url\":\"https:\/\/www.zigzagonearth.com\/wp-content\/uploads\/2021\/09\/Teleferico-das-Achadas-da-Cruz-cable-car-Madeira.jpg\",\"contentUrl\":\"https:\/\/www.zigzagonearth.com\/wp-content\/uploads\/2021\/09\/Teleferico-das-Achadas-da-Cruz-cable-car-Madeira.jpg\",\"width\":250,\"height\":250},{\"@type\":\"BreadcrumbList\",\"@id\":\"https:\/\/www.zigzagonearth.com\/da\/achadas-da-cruz-svaevebane-madeira\/#breadcrumb\",\"itemListElement\":[{\"@type\":\"ListItem\",\"position\":1,\"name\":\"Home\",\"item\":\"https:\/\/www.zigzagonearth.com\/da\/\"},{\"@type\":\"ListItem\",\"position\":2,\"name\":\"Achadas da Cruz sv\u00e6vebane (Madeira) &#8211; Tips + fotos\"}]},{\"@type\":\"WebSite\",\"@id\":\"https:\/\/www.zigzagonearth.com\/da\/#website\",\"url\":\"https:\/\/www.zigzagonearth.com\/da\/\",\"name\":\"ZigZagonEarth\",\"description\":\"Plan unforgettable road trips!\",\"potentialAction\":[{\"@type\":\"SearchAction\",\"target\":{\"@type\":\"EntryPoint\",\"urlTemplate\":\"https:\/\/www.zigzagonearth.com\/da\/?s={search_term_string}\"},\"query-input\":{\"@type\":\"PropertyValueSpecification\",\"valueRequired\":true,\"valueName\":\"search_term_string\"}}],\"inLanguage\":\"da-DK\"},{\"@type\":\"Person\",\"@id\":\"https:\/\/www.zigzagonearth.com\/da\/#\/schema\/person\/0498142e0cb256f21659d85ef6bca599\",\"name\":\"Claire\",\"image\":{\"@type\":\"ImageObject\",\"inLanguage\":\"da-DK\",\"@id\":\"https:\/\/secure.gravatar.com\/avatar\/7a2d4fe6757ab43d35e1680834ada7bf24e3ceccf01b37a8d65bfb7e69ce6271?s=96&d=blank&r=g\",\"url\":\"https:\/\/secure.gravatar.com\/avatar\/7a2d4fe6757ab43d35e1680834ada7bf24e3ceccf01b37a8d65bfb7e69ce6271?s=96&d=blank&r=g\",\"contentUrl\":\"https:\/\/secure.gravatar.com\/avatar\/7a2d4fe6757ab43d35e1680834ada7bf24e3ceccf01b37a8d65bfb7e69ce6271?s=96&d=blank&r=g\",\"caption\":\"Claire\"},\"description\":\"Claire is the ultimate Travel Planning Geek - She can spend hours, weeks, months... researching for a trip. She created ZigZag On Earth to help people plan their own travels and make the most of their time.\",\"sameAs\":[\"https:\/\/www.facebook.com\/zigzagonearth\"]}]}<\/script>\n<!-- \/ Yoast SEO plugin. -->","yoast_head_json":{"title":"Achadas da Cruz sv\u00e6vebane (Madeira) - Tips + fotos","description":"Planl\u00e6g dit bes\u00f8g til sv\u00e6vebanen Achadas da Cruz (p\u00e5 Madeira) - Tips + fotos: adgang, parkeringsplads, stejl stigning, strandtur, klipper...","robots":{"index":"index","follow":"follow","max-snippet":"max-snippet:-1","max-image-preview":"max-image-preview:large","max-video-preview":"max-video-preview:-1"},"canonical":"https:\/\/www.zigzagonearth.com\/da\/achadas-da-cruz-svaevebane-madeira\/","og_locale":"da_DK","og_type":"article","og_title":"Achadas da Cruz sv\u00e6vebane (Madeira) - Tips + fotos","og_description":"Planl\u00e6g dit bes\u00f8g til sv\u00e6vebanen Achadas da Cruz (p\u00e5 Madeira) - Tips + fotos: adgang, parkeringsplads, stejl stigning, strandtur, klipper...","og_url":"https:\/\/www.zigzagonearth.com\/da\/achadas-da-cruz-svaevebane-madeira\/","og_site_name":"ZigZagonEarth","article_publisher":"https:\/\/www.facebook.com\/zigzagonearth","article_author":"https:\/\/www.facebook.com\/zigzagonearth","article_published_time":"2021-09-17T09:47:10+00:00","article_modified_time":"2023-11-01T10:22:03+00:00","og_image":[{"url":"http:\/\/www.zigzagonearth.com\/wp-content\/uploads\/2021\/09\/FB-Teleferico-das-Achadas-da-Cruz-cable-car-Madeira.jpg","type":"","width":"","height":""}],"author":"Claire","twitter_card":"summary_large_image","twitter_creator":"@ZigZagOnEarth","twitter_site":"@ZigZagOnEarth","twitter_misc":{"Skrevet af":"Claire","Estimeret l\u00e6setid":"9 minutter"},"schema":{"@context":"https:\/\/schema.org","@graph":[{"@type":"Article","@id":"https:\/\/www.zigzagonearth.com\/da\/achadas-da-cruz-svaevebane-madeira\/#article","isPartOf":{"@id":"https:\/\/www.zigzagonearth.com\/da\/achadas-da-cruz-svaevebane-madeira\/"},"author":{"name":"Claire","@id":"https:\/\/www.zigzagonearth.com\/da\/#\/schema\/person\/0498142e0cb256f21659d85ef6bca599"},"headline":"Achadas da Cruz sv\u00e6vebane (Madeira) &#8211; Tips + fotos","datePublished":"2021-09-17T09:47:10+00:00","dateModified":"2023-11-01T10:22:03+00:00","mainEntityOfPage":{"@id":"https:\/\/www.zigzagonearth.com\/da\/achadas-da-cruz-svaevebane-madeira\/"},"wordCount":1759,"image":{"@id":"https:\/\/www.zigzagonearth.com\/da\/achadas-da-cruz-svaevebane-madeira\/#primaryimage"},"thumbnailUrl":"https:\/\/www.zigzagonearth.com\/wp-content\/uploads\/2021\/09\/Teleferico-das-Achadas-da-Cruz-cable-car-Madeira.jpg","articleSection":["Madeira"],"inLanguage":"da-DK"},{"@type":"WebPage","@id":"https:\/\/www.zigzagonearth.com\/da\/achadas-da-cruz-svaevebane-madeira\/","url":"https:\/\/www.zigzagonearth.com\/da\/achadas-da-cruz-svaevebane-madeira\/","name":"Achadas da Cruz sv\u00e6vebane (Madeira) - Tips + fotos","isPartOf":{"@id":"https:\/\/www.zigzagonearth.com\/da\/#website"},"primaryImageOfPage":{"@id":"https:\/\/www.zigzagonearth.com\/da\/achadas-da-cruz-svaevebane-madeira\/#primaryimage"},"image":{"@id":"https:\/\/www.zigzagonearth.com\/da\/achadas-da-cruz-svaevebane-madeira\/#primaryimage"},"thumbnailUrl":"https:\/\/www.zigzagonearth.com\/wp-content\/uploads\/2021\/09\/Teleferico-das-Achadas-da-Cruz-cable-car-Madeira.jpg","datePublished":"2021-09-17T09:47:10+00:00","dateModified":"2023-11-01T10:22:03+00:00","author":{"@id":"https:\/\/www.zigzagonearth.com\/da\/#\/schema\/person\/0498142e0cb256f21659d85ef6bca599"},"description":"Planl\u00e6g dit bes\u00f8g til sv\u00e6vebanen Achadas da Cruz (p\u00e5 Madeira) - Tips + fotos: adgang, parkeringsplads, stejl stigning, strandtur, klipper...","breadcrumb":{"@id":"https:\/\/www.zigzagonearth.com\/da\/achadas-da-cruz-svaevebane-madeira\/#breadcrumb"},"inLanguage":"da-DK","potentialAction":[{"@type":"ReadAction","target":["https:\/\/www.zigzagonearth.com\/da\/achadas-da-cruz-svaevebane-madeira\/"]}]},{"@type":"ImageObject","inLanguage":"da-DK","@id":"https:\/\/www.zigzagonearth.com\/da\/achadas-da-cruz-svaevebane-madeira\/#primaryimage","url":"https:\/\/www.zigzagonearth.com\/wp-content\/uploads\/2021\/09\/Teleferico-das-Achadas-da-Cruz-cable-car-Madeira.jpg","contentUrl":"https:\/\/www.zigzagonearth.com\/wp-content\/uploads\/2021\/09\/Teleferico-das-Achadas-da-Cruz-cable-car-Madeira.jpg","width":250,"height":250},{"@type":"BreadcrumbList","@id":"https:\/\/www.zigzagonearth.com\/da\/achadas-da-cruz-svaevebane-madeira\/#breadcrumb","itemListElement":[{"@type":"ListItem","position":1,"name":"Home","item":"https:\/\/www.zigzagonearth.com\/da\/"},{"@type":"ListItem","position":2,"name":"Achadas da Cruz sv\u00e6vebane (Madeira) &#8211; Tips + fotos"}]},{"@type":"WebSite","@id":"https:\/\/www.zigzagonearth.com\/da\/#website","url":"https:\/\/www.zigzagonearth.com\/da\/","name":"ZigZagonEarth","description":"Plan unforgettable road trips!","potentialAction":[{"@type":"SearchAction","target":{"@type":"EntryPoint","urlTemplate":"https:\/\/www.zigzagonearth.com\/da\/?s={search_term_string}"},"query-input":{"@type":"PropertyValueSpecification","valueRequired":true,"valueName":"search_term_string"}}],"inLanguage":"da-DK"},{"@type":"Person","@id":"https:\/\/www.zigzagonearth.com\/da\/#\/schema\/person\/0498142e0cb256f21659d85ef6bca599","name":"Claire","image":{"@type":"ImageObject","inLanguage":"da-DK","@id":"https:\/\/secure.gravatar.com\/avatar\/7a2d4fe6757ab43d35e1680834ada7bf24e3ceccf01b37a8d65bfb7e69ce6271?s=96&d=blank&r=g","url":"https:\/\/secure.gravatar.com\/avatar\/7a2d4fe6757ab43d35e1680834ada7bf24e3ceccf01b37a8d65bfb7e69ce6271?s=96&d=blank&r=g","contentUrl":"https:\/\/secure.gravatar.com\/avatar\/7a2d4fe6757ab43d35e1680834ada7bf24e3ceccf01b37a8d65bfb7e69ce6271?s=96&d=blank&r=g","caption":"Claire"},"description":"Claire is the ultimate Travel Planning Geek - She can spend hours, weeks, months... researching for a trip. She created ZigZag On Earth to help people plan their own travels and make the most of their time.","sameAs":["https:\/\/www.facebook.com\/zigzagonearth"]}]}},"featured_image_src":"https:\/\/www.zigzagonearth.com\/wp-content\/uploads\/2021\/09\/Teleferico-das-Achadas-da-Cruz-cable-car-Madeira.jpg","featured_image_src_square":"https:\/\/www.zigzagonearth.com\/wp-content\/uploads\/2021\/09\/Teleferico-das-Achadas-da-Cruz-cable-car-Madeira.jpg","author_info":{"display_name":"Claire","author_link":"https:\/\/www.zigzagonearth.com\/da\/author\/zzoe\/"},"_links":{"self":[{"href":"https:\/\/www.zigzagonearth.com\/da\/wp-json\/wp\/v2\/posts\/68236","targetHints":{"allow":["GET"]}}],"collection":[{"href":"https:\/\/www.zigzagonearth.com\/da\/wp-json\/wp\/v2\/posts"}],"about":[{"href":"https:\/\/www.zigzagonearth.com\/da\/wp-json\/wp\/v2\/types\/post"}],"author":[{"embeddable":true,"href":"https:\/\/www.zigzagonearth.com\/da\/wp-json\/wp\/v2\/users\/1"}],"replies":[{"embeddable":true,"href":"https:\/\/www.zigzagonearth.com\/da\/wp-json\/wp\/v2\/comments?post=68236"}],"version-history":[{"count":0,"href":"https:\/\/www.zigzagonearth.com\/da\/wp-json\/wp\/v2\/posts\/68236\/revisions"}],"wp:featuredmedia":[{"embeddable":true,"href":"https:\/\/www.zigzagonearth.com\/da\/wp-json\/wp\/v2\/media\/58538"}],"wp:attachment":[{"href":"https:\/\/www.zigzagonearth.com\/da\/wp-json\/wp\/v2\/media?parent=68236"}],"wp:term":[{"taxonomy":"category","embeddable":true,"href":"https:\/\/www.zigzagonearth.com\/da\/wp-json\/wp\/v2\/categories?post=68236"},{"taxonomy":"post_tag","embeddable":true,"href":"https:\/\/www.zigzagonearth.com\/da\/wp-json\/wp\/v2\/tags?post=68236"}],"curies":[{"name":"wp","href":"https:\/\/api.w.org\/{rel}","templated":true}]}}